{"id":3540,"date":"2021-05-12T09:32:21","date_gmt":"2021-05-12T12:32:21","guid":{"rendered":"http:\/\/10.101.10.197\/www\/?p=3540"},"modified":"2021-06-08T12:36:04","modified_gmt":"2021-06-08T15:36:04","slug":"entregaron-los-premios-mauricio-lopez-y-polo-godoy-rojo","status":"publish","type":"post","link":"https:\/\/www.fcejs.unsl.edu.ar\/index.php\/entregaron-los-premios-mauricio-lopez-y-polo-godoy-rojo\/","title":{"rendered":"Entregaron los Premios Mauricio L\u00f3pez y Polo Godoy Rojo"},"content":{"rendered":"<p>En el marco de los 48 a\u00f1os de creaci\u00f3n de la Universidad Nacional de San Luis (UNSL), se realiz\u00f3 la segunda etapa de los actos conmemorativos. Fueron reconocidos con los galardones Jos\u00e9 Luis Rosas, Gustavo Romero Borri, los Intercolegiales Culturales y los bomberos de la Provincia.<\/p>\n<p>En el acto presidido por el rector de la UNSL, C.P.N V\u00edctor Mori\u00f1igo y acompa\u00f1ado por Decanas\/os y Vicedecanas\/os, se realiz\u00f3 la octava entrega del Premio Polo Godoy Rojo 2020, en la categor\u00eda de cine y\/o artes visuales al director de Cine y Televisi\u00f3n Jos\u00e9 Luis Rosas, con menci\u00f3n especial al Subprograma Intercolegiales Culturales.<\/p>\n<p>La jefa del Programa Cultura, Dra. Silvia Rapisarda agradeci\u00f3 en nombre del Gobierno provincial el reconocimiento: \u00abNos llena de emoci\u00f3n que se haga al Programa de Intercolegiales por el aporte que hace a la provincia de San Luis\u00bb, dijo emocionada. Explic\u00f3 adem\u00e1s que se trata de una pol\u00edtica del Gobierno de la provincia que tiende a rescatar el patrimonio material e inmaterial que se encuentra en la memoria colectiva de cada uno de los pueblos y localidades de San Luis.<\/p>\n<p>Remarc\u00f3 la tarea de visibilizar y rescatar lo que hace a la identidad cultural, plasmada en un propuesta a los\/as ni\u00f1os\/as y j\u00f3venes de los ciclos primario y secundario e incorporando el nivel inicial y a las instituciones de gesti\u00f3n cultural independiente, para que a trav\u00e9s de la investigaci\u00f3n, el conocimiento de la historia y de la cultura, bajo un tem\u00e1tica libre y a trav\u00e9s del arte, pueda volcarse en una producci\u00f3n art\u00edstica integral.<\/p>\n<p>\u00abLos intercolegiales es investigaci\u00f3n, historia, cultura, identidad, rescate patrimonial, memoria y puntanidad\u00bb, concluy\u00f3 Rapisarda y volvi\u00f3 a agradecer a la UNSL por tener un espacio que alberga el alma de todos\/as los\/as puntanos\/as.<\/p>\n<p>Por su parte, el ganador del premio, manifest\u00f3 su alegr\u00eda y emoci\u00f3n ante el reconocimiento y quiso compartir su galard\u00f3n con cada uno\/a de los\/as trabajadores\/as del audiovisual de la Provincia. \u00abNo me alcanzan las palabras para agradecerles. No se hacen una idea de lo que significa para m\u00ed. Este premio en este momento para m\u00ed es muy valioso\u00bb, dijo Rosas.<\/p>\n<p>La novena entrega del Polo Godoy Rojo 2021 fue para el escritor Gustavo Romero Borri, en la categor\u00eda letras. \u00abDesde los 15 a\u00f1os que empec\u00e9 a escribir, le he dedicado las mejores horas de mi tiempo a la literatura, sobre todo a la poes\u00eda\u00bb, coment\u00f3 Borri y continu\u00f3 su historia record\u00e1ndose de peque\u00f1o y descubriendo las palabras de la poes\u00eda.<\/p>\n<p>\u00abLa poes\u00eda es la alegr\u00eda del lenguaje cuando el lenguaje se aleja de su funci\u00f3n utilitaria, es otro idioma, otra manera de ver la realidad\u00bb, manifest\u00f3 y se despidi\u00f3 con Tierra pisada, un texto po\u00e9tico donde narra los momentos de su itinerario, un hilado de textos sacados de distintos hilos propios, hilvanados y tejidos para en este momento compartir con los\/as presentes y televidentes su poes\u00eda.<\/p>\n<div class=\"gmedia_gallery phantom_module is_bot\" id=\"GmediaGallery_20\" data-gmid=\"20\" data-module=\"phantom\"><style type='text\/css' class='gmedia_module_style_import'>@import url('https:\/\/www.fcejs.unsl.edu.ar\/wp-content\/plugins\/grand-media\/module\/phantom\/css\/style.css') all;<\/style>    <div class=\"gmPhantom_Container noLightbox\" >\r\n                <div class=\"gmPhantom_thumbsWrapper gmPhantom_ThumbScale gmPhantom_LabelHover\">\r\n                        <div class=\"gmPhantom_ThumbContainer gmPhantom_ThumbLoader\" data-id=\"143\" data-post_id=\"3547\" data-ratio=\"1.5\" data-type=\"image\" data-ext=\"jpg\" data-views=\"0\" data-likes=\"0\" data-cc=\"0\" data-post_link=\"https:\/\/www.fcejs.unsl.edu.ar\/index.php\/gmedia\/210511-premio-polo-godoy-rojo-2020-jos_-luis-rosas-y-2021-gustavo-romero-borri-menci_n-subprograma-de-intercolegiales-culturales-56-9-jpg\/\">\r\n                <a href=\"https:\/\/www.fcejs.unsl.edu.ar\/wp-content\/grand-media\/image\/210511-Premio-Polo-Godoy-Rojo-2020-Jos_-Luis-Rosas-y-2021-Gustavo-Romero-Borri-Menci_n-Subprograma-de-Intercolegiales-Culturales-56-9.jpg\" class=\"gmPhantom_Thumb\"><img decoding=\"async\" src=\"https:\/\/www.fcejs.unsl.edu.ar\/wp-content\/grand-media\/image\/thumb\/210511-Premio-Polo-Godoy-Rojo-2020-Jos_-Luis-Rosas-y-2021-Gustavo-Romero-Borri-Menci_n-Subprograma-de-Intercolegiales-Culturales-56-9.jpg\" data-src=\"https:\/\/www.fcejs.unsl.edu.ar\/wp-content\/grand-media\/image\/210511-Premio-Polo-Godoy-Rojo-2020-Jos_-Luis-Rosas-y-2021-Gustavo-Romero-Borri-Menci_n-Subprograma-de-Intercolegiales-Culturales-56-9.jpg\" alt=\"210511-Premio-Polo-Godoy-Rojo-2020-Jos\u00e9-Luis-Rosas-y-2021-Gustavo-Romero-Borri-Menci\u00f3n-Subprograma-de-Intercolegiales-Culturales-56-9\"\/><\/a>\r\n                                    <div class=\"gmPhantom_ThumbLabel\"><span class=\"gmPhantom_ThumbLabel_title\">210511-Premio-Polo-Godoy-Rojo-2020-Jos\u00e9-Luis-Rosas-y-2021-Gustavo-Romero-Borri-Menci\u00f3n-Subprograma-de-Intercolegiales-Culturales-56-9<\/span><\/div>\r\n                                    <div style=\"display:none;\" class=\"gmPhantom_Details\">\r\n                                            <div class=\"gmPhantom_description\">\r\n                            <div class=\"gmPhantom_title\">210511-Premio-Polo-Godoy-Rojo-2020-Jos\u00e9-Luis-Rosas-y-2021-Gustavo-Romero-Borri-Menci\u00f3n-Subprograma-de-Intercolegiales-Culturales-56-9<\/div>\r\n                            <div class=\"gmPhantom_text\"><\/div>\r\n                        <\/div>\r\n                                                            <div class=\"gmPhantom_terms\">\r\n                                                    <div class=\"gmPhantom_other_terms\">\r\n                                <table class=\"gmPhantom_other_terms_table\">\r\n                                                                            <tr class=\"gmPhantom_term_row_album\">\r\n                                            <td class=\"gmPhantom_term_key\">Album<\/td>\r\n                                            <td class=\"gmPhantom_term_value\"><a href=\"\/index.php\/wp-json\/wp\/v2\/posts\/3540?gm20[album__in]=20\" class=\"gmPhantom_alb\">Premios Rojos - Lopez 2021<\/a><\/td>\r\n                                        <\/tr>\r\n                                                                    <\/table>\r\n                            <\/div>\r\n                                                <\/div>\r\n                <\/div>\r\n                <\/div>            <div class=\"gmPhantom_ThumbContainer gmPhantom_ThumbLoader\" data-id=\"142\" data-post_id=\"3545\" data-ratio=\"1.5\" data-type=\"image\" data-ext=\"jpg\" data-views=\"0\" data-likes=\"0\" data-cc=\"0\" data-post_link=\"https:\/\/www.fcejs.unsl.edu.ar\/index.php\/gmedia\/210511-premio-polo-godoy-rojo-2020-jos_-luis-rosas-y-2021-gustavo-romero-borri-menci_n-subprograma-de-intercolegiales-culturales-47-7-jpg\/\">\r\n                <a href=\"https:\/\/www.fcejs.unsl.edu.ar\/wp-content\/grand-media\/image\/210511-Premio-Polo-Godoy-Rojo-2020-Jos_-Luis-Rosas-y-2021-Gustavo-Romero-Borri-Menci_n-Subprograma-de-Intercolegiales-Culturales-47-7.jpg\" class=\"gmPhantom_Thumb\"><img decoding=\"async\" src=\"https:\/\/www.fcejs.unsl.edu.ar\/wp-content\/grand-media\/image\/thumb\/210511-Premio-Polo-Godoy-Rojo-2020-Jos_-Luis-Rosas-y-2021-Gustavo-Romero-Borri-Menci_n-Subprograma-de-Intercolegiales-Culturales-47-7.jpg\" data-src=\"https:\/\/www.fcejs.unsl.edu.ar\/wp-content\/grand-media\/image\/210511-Premio-Polo-Godoy-Rojo-2020-Jos_-Luis-Rosas-y-2021-Gustavo-Romero-Borri-Menci_n-Subprograma-de-Intercolegiales-Culturales-47-7.jpg\" alt=\"210511-Premio-Polo-Godoy-Rojo-2020-Jos\u00e9-Luis-Rosas-y-2021-Gustavo-Romero-Borri-Menci\u00f3n-Subprograma-de-Intercolegiales-Culturales-47-7\"\/><\/a>\r\n                                    <div class=\"gmPhantom_ThumbLabel\"><span class=\"gmPhantom_ThumbLabel_title\">210511-Premio-Polo-Godoy-Rojo-2020-Jos\u00e9-Luis-Rosas-y-2021-Gustavo-Romero-Borri-Menci\u00f3n-Subprograma-de-Intercolegiales-Culturales-47-7<\/span><\/div>\r\n                                    <div style=\"display:none;\" class=\"gmPhantom_Details\">\r\n                                            <div class=\"gmPhantom_description\">\r\n                            <div class=\"gmPhantom_title\">210511-Premio-Polo-Godoy-Rojo-2020-Jos\u00e9-Luis-Rosas-y-2021-Gustavo-Romero-Borri-Menci\u00f3n-Subprograma-de-Intercolegiales-Culturales-47-7<\/div>\r\n                            <div class=\"gmPhantom_text\"><\/div>\r\n                        <\/div>\r\n                                                            <div class=\"gmPhantom_terms\">\r\n                                                    <div class=\"gmPhantom_other_terms\">\r\n                                <table class=\"gmPhantom_other_terms_table\">\r\n                                                                            <tr class=\"gmPhantom_term_row_album\">\r\n                                            <td class=\"gmPhantom_term_key\">Album<\/td>\r\n                                            <td class=\"gmPhantom_term_value\"><a href=\"\/index.php\/wp-json\/wp\/v2\/posts\/3540?gm20[album__in]=20\" class=\"gmPhantom_alb\">Premios Rojos - Lopez 2021<\/a><\/td>\r\n                                        <\/tr>\r\n                                                                    <\/table>\r\n                            <\/div>\r\n                                                <\/div>\r\n                <\/div>\r\n                <\/div>            <div class=\"gmPhantom_ThumbContainer gmPhantom_ThumbLoader\" data-id=\"141\" data-post_id=\"3544\" data-ratio=\"1.5\" data-type=\"image\" data-ext=\"jpg\" data-views=\"0\" data-likes=\"0\" data-cc=\"0\" data-post_link=\"https:\/\/www.fcejs.unsl.edu.ar\/index.php\/gmedia\/210511-entrega-de-premio-mauricio-l_pez-asociaci_n-de-bomberos-voluntarios-subcomandante-carlos-horacio-balduz-22-8-jpg\/\">\r\n                <a href=\"https:\/\/www.fcejs.unsl.edu.ar\/wp-content\/grand-media\/image\/210511-Entrega-de-Premio-Mauricio-L_pez-Asociaci_n-de-Bomberos-Voluntarios-Subcomandante-Carlos-Horacio-Balduz-22-8.jpg\" class=\"gmPhantom_Thumb\"><img decoding=\"async\" src=\"https:\/\/www.fcejs.unsl.edu.ar\/wp-content\/grand-media\/image\/thumb\/210511-Entrega-de-Premio-Mauricio-L_pez-Asociaci_n-de-Bomberos-Voluntarios-Subcomandante-Carlos-Horacio-Balduz-22-8.jpg\" data-src=\"https:\/\/www.fcejs.unsl.edu.ar\/wp-content\/grand-media\/image\/210511-Entrega-de-Premio-Mauricio-L_pez-Asociaci_n-de-Bomberos-Voluntarios-Subcomandante-Carlos-Horacio-Balduz-22-8.jpg\" alt=\"210511-Entrega-de-Premio-Mauricio-L\u00f3pez-Asociaci\u00f3n-de-Bomberos-Voluntarios-Subcomandante-Carlos-Horacio-Balduz-22-8\"\/><\/a>\r\n                                    <div class=\"gmPhantom_ThumbLabel\"><span class=\"gmPhantom_ThumbLabel_title\">210511-Entrega-de-Premio-Mauricio-L\u00f3pez-Asociaci\u00f3n-de-Bomberos-Voluntarios-Subcomandante-Carlos-Horacio-Balduz-22-8<\/span><\/div>\r\n                                    <div style=\"display:none;\" class=\"gmPhantom_Details\">\r\n                                            <div class=\"gmPhantom_description\">\r\n                            <div class=\"gmPhantom_title\">210511-Entrega-de-Premio-Mauricio-L\u00f3pez-Asociaci\u00f3n-de-Bomberos-Voluntarios-Subcomandante-Carlos-Horacio-Balduz-22-8<\/div>\r\n                            <div class=\"gmPhantom_text\"><\/div>\r\n                        <\/div>\r\n                                                            <div class=\"gmPhantom_terms\">\r\n                                                    <div class=\"gmPhantom_other_terms\">\r\n                                <table class=\"gmPhantom_other_terms_table\">\r\n                                                                            <tr class=\"gmPhantom_term_row_album\">\r\n                                            <td class=\"gmPhantom_term_key\">Album<\/td>\r\n                                            <td class=\"gmPhantom_term_value\"><a href=\"\/index.php\/wp-json\/wp\/v2\/posts\/3540?gm20[album__in]=20\" class=\"gmPhantom_alb\">Premios Rojos - Lopez 2021<\/a><\/td>\r\n                                        <\/tr>\r\n                                                                    <\/table>\r\n                            <\/div>\r\n                                                <\/div>\r\n                <\/div>\r\n                <\/div>            <div class=\"gmPhantom_ThumbContainer gmPhantom_ThumbLoader\" data-id=\"140\" data-post_id=\"3543\" data-ratio=\"1.5\" data-type=\"image\" data-ext=\"jpg\" data-views=\"0\" data-likes=\"0\" data-cc=\"0\" data-post_link=\"https:\/\/www.fcejs.unsl.edu.ar\/index.php\/gmedia\/s210511-entrega-de-premio-mauricio-l_pez-asociaci_n-de-bomberos-voluntarios-subcomandante-carlos-horacio-balduz-46-15-jpg\/\">\r\n                <a href=\"https:\/\/www.fcejs.unsl.edu.ar\/wp-content\/grand-media\/image\/s210511-Entrega-de-Premio-Mauricio-L_pez-Asociaci_n-de-Bomberos-Voluntarios-Subcomandante-Carlos-Horacio-Balduz-46-15.jpg\" class=\"gmPhantom_Thumb\"><img decoding=\"async\" src=\"https:\/\/www.fcejs.unsl.edu.ar\/wp-content\/grand-media\/image\/thumb\/s210511-Entrega-de-Premio-Mauricio-L_pez-Asociaci_n-de-Bomberos-Voluntarios-Subcomandante-Carlos-Horacio-Balduz-46-15.jpg\" data-src=\"https:\/\/www.fcejs.unsl.edu.ar\/wp-content\/grand-media\/image\/s210511-Entrega-de-Premio-Mauricio-L_pez-Asociaci_n-de-Bomberos-Voluntarios-Subcomandante-Carlos-Horacio-Balduz-46-15.jpg\" alt=\"S210511-Entrega-de-Premio-Mauricio-L\u00f3pez-Asociaci\u00f3n-de-Bomberos-Voluntarios-Subcomandante-Carlos-Horacio-Balduz-46-15\"\/><\/a>\r\n                                    <div class=\"gmPhantom_ThumbLabel\"><span class=\"gmPhantom_ThumbLabel_title\">S210511-Entrega-de-Premio-Mauricio-L\u00f3pez-Asociaci\u00f3n-de-Bomberos-Voluntarios-Subcomandante-Carlos-Horacio-Balduz-46-15<\/span><\/div>\r\n                                    <div style=\"display:none;\" class=\"gmPhantom_Details\">\r\n                                            <div class=\"gmPhantom_description\">\r\n                            <div class=\"gmPhantom_title\">S210511-Entrega-de-Premio-Mauricio-L\u00f3pez-Asociaci\u00f3n-de-Bomberos-Voluntarios-Subcomandante-Carlos-Horacio-Balduz-46-15<\/div>\r\n                            <div class=\"gmPhantom_text\"><\/div>\r\n                        <\/div>\r\n                                                            <div class=\"gmPhantom_terms\">\r\n                                                    <div class=\"gmPhantom_other_terms\">\r\n                                <table class=\"gmPhantom_other_terms_table\">\r\n                                                                            <tr class=\"gmPhantom_term_row_album\">\r\n                                            <td class=\"gmPhantom_term_key\">Album<\/td>\r\n                                            <td class=\"gmPhantom_term_value\"><a href=\"\/index.php\/wp-json\/wp\/v2\/posts\/3540?gm20[album__in]=20\" class=\"gmPhantom_alb\">Premios Rojos - Lopez 2021<\/a><\/td>\r\n                                        <\/tr>\r\n                                                                    <\/table>\r\n                            <\/div>\r\n                                                <\/div>\r\n                <\/div>\r\n                <\/div>            <div class=\"gmPhantom_ThumbContainer gmPhantom_ThumbLoader\" data-id=\"139\" data-post_id=\"3542\" data-ratio=\"1.5\" data-type=\"image\" data-ext=\"jpg\" data-views=\"0\" data-likes=\"0\" data-cc=\"0\" data-post_link=\"https:\/\/www.fcejs.unsl.edu.ar\/index.php\/gmedia\/210511-premio-polo-godoy-rojo-2020-jos_-luis-rosas-y-2021-gustavo-romero-borri-menci_n-subprograma-de-intercolegiales-culturales-70-11-jpg\/\">\r\n                <a href=\"https:\/\/www.fcejs.unsl.edu.ar\/wp-content\/grand-media\/image\/210511-Premio-Polo-Godoy-Rojo-2020-Jos_-Luis-Rosas-y-2021-Gustavo-Romero-Borri-Menci_n-Subprograma-de-Intercolegiales-Culturales-70-11.jpg\" class=\"gmPhantom_Thumb\"><img decoding=\"async\" src=\"https:\/\/www.fcejs.unsl.edu.ar\/wp-content\/grand-media\/image\/thumb\/210511-Premio-Polo-Godoy-Rojo-2020-Jos_-Luis-Rosas-y-2021-Gustavo-Romero-Borri-Menci_n-Subprograma-de-Intercolegiales-Culturales-70-11.jpg\" data-src=\"https:\/\/www.fcejs.unsl.edu.ar\/wp-content\/grand-media\/image\/210511-Premio-Polo-Godoy-Rojo-2020-Jos_-Luis-Rosas-y-2021-Gustavo-Romero-Borri-Menci_n-Subprograma-de-Intercolegiales-Culturales-70-11.jpg\" alt=\"210511-Premio-Polo-Godoy-Rojo-2020-Jos\u00e9-Luis-Rosas-y-2021-Gustavo-Romero-Borri-Menci\u00f3n-Subprograma-de-Intercolegiales-Culturales-70-11\"\/><\/a>\r\n                                    <div class=\"gmPhantom_ThumbLabel\"><span class=\"gmPhantom_ThumbLabel_title\">210511-Premio-Polo-Godoy-Rojo-2020-Jos\u00e9-Luis-Rosas-y-2021-Gustavo-Romero-Borri-Menci\u00f3n-Subprograma-de-Intercolegiales-Culturales-70-11<\/span><\/div>\r\n                                    <div style=\"display:none;\" class=\"gmPhantom_Details\">\r\n                                            <div class=\"gmPhantom_description\">\r\n                            <div class=\"gmPhantom_title\">210511-Premio-Polo-Godoy-Rojo-2020-Jos\u00e9-Luis-Rosas-y-2021-Gustavo-Romero-Borri-Menci\u00f3n-Subprograma-de-Intercolegiales-Culturales-70-11<\/div>\r\n                            <div class=\"gmPhantom_text\"><\/div>\r\n                        <\/div>\r\n                                                            <div class=\"gmPhantom_terms\">\r\n                                                    <div class=\"gmPhantom_other_terms\">\r\n                                <table class=\"gmPhantom_other_terms_table\">\r\n                                                                            <tr class=\"gmPhantom_term_row_album\">\r\n                                            <td class=\"gmPhantom_term_key\">Album<\/td>\r\n                                            <td class=\"gmPhantom_term_value\"><a href=\"\/index.php\/wp-json\/wp\/v2\/posts\/3540?gm20[album__in]=20\" class=\"gmPhantom_alb\">Premios Rojos - Lopez 2021<\/a><\/td>\r\n                                        <\/tr>\r\n                                                                    <\/table>\r\n                            <\/div>\r\n                                                <\/div>\r\n                <\/div>\r\n                <\/div>        <\/div>\r\n    <\/div>\r\n<\/div>\n<p>En esta acto tambi\u00e9n se realiz\u00f3 la entrega del Premio Rector Mauricio Am\u00edlcar L\u00f3pez, que si bien cada a\u00f1o se realiza en el mes de diciembre al conmemorarse el D\u00eda de los Derechos Humanos, en el 2020 no se pudo desarrollar debido al contexto de pandemia, es por ello que se aprob\u00f3 su realizaci\u00f3n en el 48 aniversario de la UNSL.<\/p>\n<p>Esta distinci\u00f3n fue otorgada a la Asociaci\u00f3n de Bomberos Voluntarios, Subcomandante Carlos Horacio Balduz, y a trav\u00e9s de ellos a todos los Bomberos Voluntarios de la provincia de San Luis. El comandante Juan Jos\u00e9 Ram\u00edrez fue el encargado de recibir el galard\u00f3n.<\/p>\n<p>\u00abEs muy importante este reconocimiento para todo el sistema de voluntariado de la Provincia al tenerse en cuenta todo lo que realizamos todos los d\u00edas a\u00f1o tras a\u00f1o\u00bb, expres\u00f3 el Comandante y agreg\u00f3: \u00abHemos pasado un a\u00f1o muy dif\u00edcil en el 2020 con la pandemia, nos jugamos al todo en los incendios y siniestros, cuid\u00e1ndonos para no llevar el virus a nuestras casas y familias, y as\u00ed mismo seguimos firmes para poder asistir a la comunidad de la provincia de San Luis en todo lo que fuera necesario\u00bb, manifest\u00f3 Ram\u00edrez.<\/p>\n<p>Para culminar, expres\u00f3 una palabras el Rector de la UNSL. Destac\u00f3 que este acto se trata de una nueva versi\u00f3n adaptada a la realidad que vivimos y que permite recuperar el tiempo perdido, dejando que en la historia de los premios de la Universidad, el virus no gane.<\/p>\n<p>Sobre los premiados dijo: \u00abUstedes no trabajan por un premio, trabajan para un legado, para trascender con su obra\u00bb, y agradeci\u00f3 al jurado por su visi\u00f3n tan actual de los Derechos Humanos, al seleccionar a los bomberos como merecedores del galard\u00f3n de Mauricio L\u00f3pez. Cerr\u00f3 diciendo: \u00abLa Universidad hoy los distingue, gracias por lo llevado a cabo con trabajo, dedicaci\u00f3n, amor y sobre todo con mucha pasi\u00f3n\u00bb.<\/p>\n<p>&nbsp;<\/p>\n","protected":false},"excerpt":{"rendered":"<p>En el marco de los 48 a\u00f1os de creaci\u00f3n de la Universidad Nacional de San Luis (UNSL), se realiz\u00f3 la segunda etapa de los actos&hellip;<\/p>\n","protected":false},"author":9,"featured_media":3546,"comment_status":"closed","ping_status":"closed","sticky":false,"template":"","format":"standard","meta":{"om_disable_all_campaigns":false,"_monsterinsights_skip_tracking":false,"_monsterinsights_sitenote_active":false,"_monsterinsights_sitenote_note":"","_monsterinsights_sitenote_category":0,"footnotes":""},"categories":[21],"tags":[],"class_list":["post-3540","post","type-post","status-publish","format-standard","has-post-thumbnail","hentry","category-archivadas"],"yoast_head":"<!-- This site is optimized with the Yoast SEO plugin v27.5 - https:\/\/yoast.com\/product\/yoast-seo-wordpress\/ -->\n<title>Entregaron los Premios Mauricio L\u00f3pez y Polo Godoy Rojo - Facultad de Ciencias Econ\u00f3micas, Jur\u00ed\u00addicas y Sociales<\/title>\n<meta name=\"robots\" content=\"index, follow, max-snippet:-1, max-image-preview:large, max-video-preview:-1\" \/>\n<link rel=\"canonical\" href=\"https:\/\/www.fcejs.unsl.edu.ar\/index.php\/entregaron-los-premios-mauricio-lopez-y-polo-godoy-rojo\/\" \/>\n<meta property=\"og:locale\" content=\"es_ES\" \/>\n<meta property=\"og:type\" content=\"article\" \/>\n<meta property=\"og:title\" content=\"Entregaron los Premios Mauricio L\u00f3pez y Polo Godoy Rojo - Facultad de Ciencias Econ\u00f3micas, Jur\u00ed\u00addicas y Sociales\" \/>\n<meta property=\"og:description\" content=\"En el marco de los 48 a\u00f1os de creaci\u00f3n de la Universidad Nacional de San Luis (UNSL), se realiz\u00f3 la segunda etapa de los actos&hellip;\" \/>\n<meta property=\"og:url\" content=\"https:\/\/www.fcejs.unsl.edu.ar\/index.php\/entregaron-los-premios-mauricio-lopez-y-polo-godoy-rojo\/\" \/>\n<meta property=\"og:site_name\" content=\"Facultad de Ciencias Econ\u00f3micas, Jur\u00ed\u00addicas y Sociales\" \/>\n<meta property=\"article:publisher\" content=\"https:\/\/www.facebook.com\/FCEJS.UNSL\/\" \/>\n<meta property=\"article:published_time\" content=\"2021-05-12T12:32:21+00:00\" \/>\n<meta property=\"article:modified_time\" content=\"2021-06-08T15:36:04+00:00\" \/>\n<meta property=\"og:image\" content=\"https:\/\/www.fcejs.unsl.edu.ar\/wp-content\/uploads\/2021\/05\/210511-Premio-Polo-Godoy-Rojo-2020-Jose-Luis-Rosas-y-2021-Gustavo-Romero-Borri-Mencion-Subprograma-de-Intercolegiales-Culturales-14-3-1000x600-1.jpg\" \/>\n\t<meta property=\"og:image:width\" content=\"1000\" \/>\n\t<meta property=\"og:image:height\" content=\"600\" \/>\n\t<meta property=\"og:image:type\" content=\"image\/jpeg\" \/>\n<meta name=\"author\" content=\"DATI\" \/>\n<meta name=\"twitter:card\" content=\"summary_large_image\" \/>\n<meta name=\"twitter:creator\" content=\"@FCEJSUNSL\" \/>\n<meta name=\"twitter:site\" content=\"@FCEJSUNSL\" \/>\n<meta name=\"twitter:label1\" content=\"Escrito por\" \/>\n\t<meta name=\"twitter:data1\" content=\"DATI\" \/>\n\t<meta name=\"twitter:label2\" content=\"Tiempo de lectura\" \/>\n\t<meta name=\"twitter:data2\" content=\"4 minutos\" \/>\n<script type=\"application\/ld+json\" class=\"yoast-schema-graph\">{\"@context\":\"https:\\\/\\\/schema.org\",\"@graph\":[{\"@type\":\"Article\",\"@id\":\"https:\\\/\\\/www.fcejs.unsl.edu.ar\\\/index.php\\\/entregaron-los-premios-mauricio-lopez-y-polo-godoy-rojo\\\/#article\",\"isPartOf\":{\"@id\":\"https:\\\/\\\/www.fcejs.unsl.edu.ar\\\/index.php\\\/entregaron-los-premios-mauricio-lopez-y-polo-godoy-rojo\\\/\"},\"author\":{\"name\":\"DATI\",\"@id\":\"https:\\\/\\\/www.fcejs.unsl.edu.ar\\\/#\\\/schema\\\/person\\\/352ee6ed90c3f394c7cb5945f8956d34\"},\"headline\":\"Entregaron los Premios Mauricio L\u00f3pez y Polo Godoy Rojo\",\"datePublished\":\"2021-05-12T12:32:21+00:00\",\"dateModified\":\"2021-06-08T15:36:04+00:00\",\"mainEntityOfPage\":{\"@id\":\"https:\\\/\\\/www.fcejs.unsl.edu.ar\\\/index.php\\\/entregaron-los-premios-mauricio-lopez-y-polo-godoy-rojo\\\/\"},\"wordCount\":861,\"publisher\":{\"@id\":\"https:\\\/\\\/www.fcejs.unsl.edu.ar\\\/#organization\"},\"image\":{\"@id\":\"https:\\\/\\\/www.fcejs.unsl.edu.ar\\\/index.php\\\/entregaron-los-premios-mauricio-lopez-y-polo-godoy-rojo\\\/#primaryimage\"},\"thumbnailUrl\":\"https:\\\/\\\/www.fcejs.unsl.edu.ar\\\/wp-content\\\/uploads\\\/2021\\\/05\\\/210511-Premio-Polo-Godoy-Rojo-2020-Jose-Luis-Rosas-y-2021-Gustavo-Romero-Borri-Mencion-Subprograma-de-Intercolegiales-Culturales-14-3-1000x600-1.jpg\",\"articleSection\":[\"Archivadas\"],\"inLanguage\":\"es-AR\"},{\"@type\":\"WebPage\",\"@id\":\"https:\\\/\\\/www.fcejs.unsl.edu.ar\\\/index.php\\\/entregaron-los-premios-mauricio-lopez-y-polo-godoy-rojo\\\/\",\"url\":\"https:\\\/\\\/www.fcejs.unsl.edu.ar\\\/index.php\\\/entregaron-los-premios-mauricio-lopez-y-polo-godoy-rojo\\\/\",\"name\":\"Entregaron los Premios Mauricio L\u00f3pez y Polo Godoy Rojo - Facultad de Ciencias Econ\u00f3micas, Jur\u00ed\u00addicas y Sociales\",\"isPartOf\":{\"@id\":\"https:\\\/\\\/www.fcejs.unsl.edu.ar\\\/#website\"},\"primaryImageOfPage\":{\"@id\":\"https:\\\/\\\/www.fcejs.unsl.edu.ar\\\/index.php\\\/entregaron-los-premios-mauricio-lopez-y-polo-godoy-rojo\\\/#primaryimage\"},\"image\":{\"@id\":\"https:\\\/\\\/www.fcejs.unsl.edu.ar\\\/index.php\\\/entregaron-los-premios-mauricio-lopez-y-polo-godoy-rojo\\\/#primaryimage\"},\"thumbnailUrl\":\"https:\\\/\\\/www.fcejs.unsl.edu.ar\\\/wp-content\\\/uploads\\\/2021\\\/05\\\/210511-Premio-Polo-Godoy-Rojo-2020-Jose-Luis-Rosas-y-2021-Gustavo-Romero-Borri-Mencion-Subprograma-de-Intercolegiales-Culturales-14-3-1000x600-1.jpg\",\"datePublished\":\"2021-05-12T12:32:21+00:00\",\"dateModified\":\"2021-06-08T15:36:04+00:00\",\"breadcrumb\":{\"@id\":\"https:\\\/\\\/www.fcejs.unsl.edu.ar\\\/index.php\\\/entregaron-los-premios-mauricio-lopez-y-polo-godoy-rojo\\\/#breadcrumb\"},\"inLanguage\":\"es-AR\",\"potentialAction\":[{\"@type\":\"ReadAction\",\"target\":[\"https:\\\/\\\/www.fcejs.unsl.edu.ar\\\/index.php\\\/entregaron-los-premios-mauricio-lopez-y-polo-godoy-rojo\\\/\"]}]},{\"@type\":\"ImageObject\",\"inLanguage\":\"es-AR\",\"@id\":\"https:\\\/\\\/www.fcejs.unsl.edu.ar\\\/index.php\\\/entregaron-los-premios-mauricio-lopez-y-polo-godoy-rojo\\\/#primaryimage\",\"url\":\"https:\\\/\\\/www.fcejs.unsl.edu.ar\\\/wp-content\\\/uploads\\\/2021\\\/05\\\/210511-Premio-Polo-Godoy-Rojo-2020-Jose-Luis-Rosas-y-2021-Gustavo-Romero-Borri-Mencion-Subprograma-de-Intercolegiales-Culturales-14-3-1000x600-1.jpg\",\"contentUrl\":\"https:\\\/\\\/www.fcejs.unsl.edu.ar\\\/wp-content\\\/uploads\\\/2021\\\/05\\\/210511-Premio-Polo-Godoy-Rojo-2020-Jose-Luis-Rosas-y-2021-Gustavo-Romero-Borri-Mencion-Subprograma-de-Intercolegiales-Culturales-14-3-1000x600-1.jpg\",\"width\":1000,\"height\":600},{\"@type\":\"BreadcrumbList\",\"@id\":\"https:\\\/\\\/www.fcejs.unsl.edu.ar\\\/index.php\\\/entregaron-los-premios-mauricio-lopez-y-polo-godoy-rojo\\\/#breadcrumb\",\"itemListElement\":[{\"@type\":\"ListItem\",\"position\":1,\"name\":\"Inicio\",\"item\":\"https:\\\/\\\/www.fcejs.unsl.edu.ar\\\/\"},{\"@type\":\"ListItem\",\"position\":2,\"name\":\"Entregaron los Premios Mauricio L\u00f3pez y Polo Godoy Rojo\"}]},{\"@type\":\"WebSite\",\"@id\":\"https:\\\/\\\/www.fcejs.unsl.edu.ar\\\/#website\",\"url\":\"https:\\\/\\\/www.fcejs.unsl.edu.ar\\\/\",\"name\":\"Facultad de Ciencias Econ\u00f3micas, Jur\u00ed\u00addicas y Sociales\",\"description\":\"\",\"publisher\":{\"@id\":\"https:\\\/\\\/www.fcejs.unsl.edu.ar\\\/#organization\"},\"potentialAction\":[{\"@type\":\"SearchAction\",\"target\":{\"@type\":\"EntryPoint\",\"urlTemplate\":\"https:\\\/\\\/www.fcejs.unsl.edu.ar\\\/?s={search_term_string}\"},\"query-input\":{\"@type\":\"PropertyValueSpecification\",\"valueRequired\":true,\"valueName\":\"search_term_string\"}}],\"inLanguage\":\"es-AR\"},{\"@type\":\"Organization\",\"@id\":\"https:\\\/\\\/www.fcejs.unsl.edu.ar\\\/#organization\",\"name\":\"Facultad de Ciencias Econ\u00f3micas, Jur\u00eddicas y Sociales\",\"url\":\"https:\\\/\\\/www.fcejs.unsl.edu.ar\\\/\",\"logo\":{\"@type\":\"ImageObject\",\"inLanguage\":\"es-AR\",\"@id\":\"https:\\\/\\\/www.fcejs.unsl.edu.ar\\\/#\\\/schema\\\/logo\\\/image\\\/\",\"url\":\"https:\\\/\\\/www.fcejs.unsl.edu.ar\\\/wp-content\\\/uploads\\\/2021\\\/03\\\/logo-1.jpg\",\"contentUrl\":\"https:\\\/\\\/www.fcejs.unsl.edu.ar\\\/wp-content\\\/uploads\\\/2021\\\/03\\\/logo-1.jpg\",\"width\":471,\"height\":146,\"caption\":\"Facultad de Ciencias Econ\u00f3micas, Jur\u00eddicas y Sociales\"},\"image\":{\"@id\":\"https:\\\/\\\/www.fcejs.unsl.edu.ar\\\/#\\\/schema\\\/logo\\\/image\\\/\"},\"sameAs\":[\"https:\\\/\\\/www.facebook.com\\\/FCEJS.UNSL\\\/\",\"https:\\\/\\\/x.com\\\/FCEJSUNSL\",\"https:\\\/\\\/www.instagram.com\\\/fcejs.unsl\\\/\",\"https:\\\/\\\/www.youtube.com\\\/channel\\\/UCH-Ut6EaN_X5ogjIQMPe46g\\\/\"]},{\"@type\":\"Person\",\"@id\":\"https:\\\/\\\/www.fcejs.unsl.edu.ar\\\/#\\\/schema\\\/person\\\/352ee6ed90c3f394c7cb5945f8956d34\",\"name\":\"DATI\"}]}<\/script>\n<!-- \/ Yoast SEO plugin. -->","yoast_head_json":{"title":"Entregaron los Premios Mauricio L\u00f3pez y Polo Godoy Rojo - Facultad de Ciencias Econ\u00f3micas, Jur\u00ed\u00addicas y Sociales","robots":{"index":"index","follow":"follow","max-snippet":"max-snippet:-1","max-image-preview":"max-image-preview:large","max-video-preview":"max-video-preview:-1"},"canonical":"https:\/\/www.fcejs.unsl.edu.ar\/index.php\/entregaron-los-premios-mauricio-lopez-y-polo-godoy-rojo\/","og_locale":"es_ES","og_type":"article","og_title":"Entregaron los Premios Mauricio L\u00f3pez y Polo Godoy Rojo - Facultad de Ciencias Econ\u00f3micas, Jur\u00ed\u00addicas y Sociales","og_description":"En el marco de los 48 a\u00f1os de creaci\u00f3n de la Universidad Nacional de San Luis (UNSL), se realiz\u00f3 la segunda etapa de los actos&hellip;","og_url":"https:\/\/www.fcejs.unsl.edu.ar\/index.php\/entregaron-los-premios-mauricio-lopez-y-polo-godoy-rojo\/","og_site_name":"Facultad de Ciencias Econ\u00f3micas, Jur\u00ed\u00addicas y Sociales","article_publisher":"https:\/\/www.facebook.com\/FCEJS.UNSL\/","article_published_time":"2021-05-12T12:32:21+00:00","article_modified_time":"2021-06-08T15:36:04+00:00","og_image":[{"width":1000,"height":600,"url":"https:\/\/www.fcejs.unsl.edu.ar\/wp-content\/uploads\/2021\/05\/210511-Premio-Polo-Godoy-Rojo-2020-Jose-Luis-Rosas-y-2021-Gustavo-Romero-Borri-Mencion-Subprograma-de-Intercolegiales-Culturales-14-3-1000x600-1.jpg","type":"image\/jpeg"}],"author":"DATI","twitter_card":"summary_large_image","twitter_creator":"@FCEJSUNSL","twitter_site":"@FCEJSUNSL","twitter_misc":{"Escrito por":"DATI","Tiempo de lectura":"4 minutos"},"schema":{"@context":"https:\/\/schema.org","@graph":[{"@type":"Article","@id":"https:\/\/www.fcejs.unsl.edu.ar\/index.php\/entregaron-los-premios-mauricio-lopez-y-polo-godoy-rojo\/#article","isPartOf":{"@id":"https:\/\/www.fcejs.unsl.edu.ar\/index.php\/entregaron-los-premios-mauricio-lopez-y-polo-godoy-rojo\/"},"author":{"name":"DATI","@id":"https:\/\/www.fcejs.unsl.edu.ar\/#\/schema\/person\/352ee6ed90c3f394c7cb5945f8956d34"},"headline":"Entregaron los Premios Mauricio L\u00f3pez y Polo Godoy Rojo","datePublished":"2021-05-12T12:32:21+00:00","dateModified":"2021-06-08T15:36:04+00:00","mainEntityOfPage":{"@id":"https:\/\/www.fcejs.unsl.edu.ar\/index.php\/entregaron-los-premios-mauricio-lopez-y-polo-godoy-rojo\/"},"wordCount":861,"publisher":{"@id":"https:\/\/www.fcejs.unsl.edu.ar\/#organization"},"image":{"@id":"https:\/\/www.fcejs.unsl.edu.ar\/index.php\/entregaron-los-premios-mauricio-lopez-y-polo-godoy-rojo\/#primaryimage"},"thumbnailUrl":"https:\/\/www.fcejs.unsl.edu.ar\/wp-content\/uploads\/2021\/05\/210511-Premio-Polo-Godoy-Rojo-2020-Jose-Luis-Rosas-y-2021-Gustavo-Romero-Borri-Mencion-Subprograma-de-Intercolegiales-Culturales-14-3-1000x600-1.jpg","articleSection":["Archivadas"],"inLanguage":"es-AR"},{"@type":"WebPage","@id":"https:\/\/www.fcejs.unsl.edu.ar\/index.php\/entregaron-los-premios-mauricio-lopez-y-polo-godoy-rojo\/","url":"https:\/\/www.fcejs.unsl.edu.ar\/index.php\/entregaron-los-premios-mauricio-lopez-y-polo-godoy-rojo\/","name":"Entregaron los Premios Mauricio L\u00f3pez y Polo Godoy Rojo - Facultad de Ciencias Econ\u00f3micas, Jur\u00ed\u00addicas y Sociales","isPartOf":{"@id":"https:\/\/www.fcejs.unsl.edu.ar\/#website"},"primaryImageOfPage":{"@id":"https:\/\/www.fcejs.unsl.edu.ar\/index.php\/entregaron-los-premios-mauricio-lopez-y-polo-godoy-rojo\/#primaryimage"},"image":{"@id":"https:\/\/www.fcejs.unsl.edu.ar\/index.php\/entregaron-los-premios-mauricio-lopez-y-polo-godoy-rojo\/#primaryimage"},"thumbnailUrl":"https:\/\/www.fcejs.unsl.edu.ar\/wp-content\/uploads\/2021\/05\/210511-Premio-Polo-Godoy-Rojo-2020-Jose-Luis-Rosas-y-2021-Gustavo-Romero-Borri-Mencion-Subprograma-de-Intercolegiales-Culturales-14-3-1000x600-1.jpg","datePublished":"2021-05-12T12:32:21+00:00","dateModified":"2021-06-08T15:36:04+00:00","breadcrumb":{"@id":"https:\/\/www.fcejs.unsl.edu.ar\/index.php\/entregaron-los-premios-mauricio-lopez-y-polo-godoy-rojo\/#breadcrumb"},"inLanguage":"es-AR","potentialAction":[{"@type":"ReadAction","target":["https:\/\/www.fcejs.unsl.edu.ar\/index.php\/entregaron-los-premios-mauricio-lopez-y-polo-godoy-rojo\/"]}]},{"@type":"ImageObject","inLanguage":"es-AR","@id":"https:\/\/www.fcejs.unsl.edu.ar\/index.php\/entregaron-los-premios-mauricio-lopez-y-polo-godoy-rojo\/#primaryimage","url":"https:\/\/www.fcejs.unsl.edu.ar\/wp-content\/uploads\/2021\/05\/210511-Premio-Polo-Godoy-Rojo-2020-Jose-Luis-Rosas-y-2021-Gustavo-Romero-Borri-Mencion-Subprograma-de-Intercolegiales-Culturales-14-3-1000x600-1.jpg","contentUrl":"https:\/\/www.fcejs.unsl.edu.ar\/wp-content\/uploads\/2021\/05\/210511-Premio-Polo-Godoy-Rojo-2020-Jose-Luis-Rosas-y-2021-Gustavo-Romero-Borri-Mencion-Subprograma-de-Intercolegiales-Culturales-14-3-1000x600-1.jpg","width":1000,"height":600},{"@type":"BreadcrumbList","@id":"https:\/\/www.fcejs.unsl.edu.ar\/index.php\/entregaron-los-premios-mauricio-lopez-y-polo-godoy-rojo\/#breadcrumb","itemListElement":[{"@type":"ListItem","position":1,"name":"Inicio","item":"https:\/\/www.fcejs.unsl.edu.ar\/"},{"@type":"ListItem","position":2,"name":"Entregaron los Premios Mauricio L\u00f3pez y Polo Godoy Rojo"}]},{"@type":"WebSite","@id":"https:\/\/www.fcejs.unsl.edu.ar\/#website","url":"https:\/\/www.fcejs.unsl.edu.ar\/","name":"Facultad de Ciencias Econ\u00f3micas, Jur\u00ed\u00addicas y Sociales","description":"","publisher":{"@id":"https:\/\/www.fcejs.unsl.edu.ar\/#organization"},"potentialAction":[{"@type":"SearchAction","target":{"@type":"EntryPoint","urlTemplate":"https:\/\/www.fcejs.unsl.edu.ar\/?s={search_term_string}"},"query-input":{"@type":"PropertyValueSpecification","valueRequired":true,"valueName":"search_term_string"}}],"inLanguage":"es-AR"},{"@type":"Organization","@id":"https:\/\/www.fcejs.unsl.edu.ar\/#organization","name":"Facultad de Ciencias Econ\u00f3micas, Jur\u00eddicas y Sociales","url":"https:\/\/www.fcejs.unsl.edu.ar\/","logo":{"@type":"ImageObject","inLanguage":"es-AR","@id":"https:\/\/www.fcejs.unsl.edu.ar\/#\/schema\/logo\/image\/","url":"https:\/\/www.fcejs.unsl.edu.ar\/wp-content\/uploads\/2021\/03\/logo-1.jpg","contentUrl":"https:\/\/www.fcejs.unsl.edu.ar\/wp-content\/uploads\/2021\/03\/logo-1.jpg","width":471,"height":146,"caption":"Facultad de Ciencias Econ\u00f3micas, Jur\u00eddicas y Sociales"},"image":{"@id":"https:\/\/www.fcejs.unsl.edu.ar\/#\/schema\/logo\/image\/"},"sameAs":["https:\/\/www.facebook.com\/FCEJS.UNSL\/","https:\/\/x.com\/FCEJSUNSL","https:\/\/www.instagram.com\/fcejs.unsl\/","https:\/\/www.youtube.com\/channel\/UCH-Ut6EaN_X5ogjIQMPe46g\/"]},{"@type":"Person","@id":"https:\/\/www.fcejs.unsl.edu.ar\/#\/schema\/person\/352ee6ed90c3f394c7cb5945f8956d34","name":"DATI"}]}},"jetpack_featured_media_url":"https:\/\/www.fcejs.unsl.edu.ar\/wp-content\/uploads\/2021\/05\/210511-Premio-Polo-Godoy-Rojo-2020-Jose-Luis-Rosas-y-2021-Gustavo-Romero-Borri-Mencion-Subprograma-de-Intercolegiales-Culturales-14-3-1000x600-1.jpg","_links":{"self":[{"href":"https:\/\/www.fcejs.unsl.edu.ar\/index.php\/wp-json\/wp\/v2\/posts\/3540","targetHints":{"allow":["GET"]}}],"collection":[{"href":"https:\/\/www.fcejs.unsl.edu.ar\/index.php\/wp-json\/wp\/v2\/posts"}],"about":[{"href":"https:\/\/www.fcejs.unsl.edu.ar\/index.php\/wp-json\/wp\/v2\/types\/post"}],"author":[{"embeddable":true,"href":"https:\/\/www.fcejs.unsl.edu.ar\/index.php\/wp-json\/wp\/v2\/users\/9"}],"replies":[{"embeddable":true,"href":"https:\/\/www.fcejs.unsl.edu.ar\/index.php\/wp-json\/wp\/v2\/comments?post=3540"}],"version-history":[{"count":1,"href":"https:\/\/www.fcejs.unsl.edu.ar\/index.php\/wp-json\/wp\/v2\/posts\/3540\/revisions"}],"predecessor-version":[{"id":3548,"href":"https:\/\/www.fcejs.unsl.edu.ar\/index.php\/wp-json\/wp\/v2\/posts\/3540\/revisions\/3548"}],"wp:featuredmedia":[{"embeddable":true,"href":"https:\/\/www.fcejs.unsl.edu.ar\/index.php\/wp-json\/wp\/v2\/media\/3546"}],"wp:attachment":[{"href":"https:\/\/www.fcejs.unsl.edu.ar\/index.php\/wp-json\/wp\/v2\/media?parent=3540"}],"wp:term":[{"taxonomy":"category","embeddable":true,"href":"https:\/\/www.fcejs.unsl.edu.ar\/index.php\/wp-json\/wp\/v2\/categories?post=3540"},{"taxonomy":"post_tag","embeddable":true,"href":"https:\/\/www.fcejs.unsl.edu.ar\/index.php\/wp-json\/wp\/v2\/tags?post=3540"}],"curies":[{"name":"wp","href":"https:\/\/api.w.org\/{rel}","templated":true}]}}