{"id":3524,"date":"2021-05-11T09:40:06","date_gmt":"2021-05-11T12:40:06","guid":{"rendered":"http:\/\/10.101.10.197\/www\/?p=3524"},"modified":"2021-06-08T12:36:41","modified_gmt":"2021-06-08T15:36:41","slug":"se-realizo-la-primera-parte-del-acto-por-un-nuevo-aniversario-de-la-unsl","status":"publish","type":"post","link":"https:\/\/www.fcejs.unsl.edu.ar\/index.php\/se-realizo-la-primera-parte-del-acto-por-un-nuevo-aniversario-de-la-unsl\/","title":{"rendered":"Se realiz\u00f3 la primera parte del acto por un nuevo aniversario de la UNSL"},"content":{"rendered":"<p>En la ma\u00f1ana del lunes 10 de mayo de 2021, en el Auditorio Mauricio L\u00f3pez, con una presencia reducida de personas, y a trav\u00e9s de la virtualidad, se llev\u00f3 la primera parte del evento que conmemora los 48 a\u00f1os de la Universidad Nacional de San Luis (UNSL). El martes 11 continuar\u00e1 la segunda parte con la entrega de los premios Mauricio L\u00f3pez y Polo Godoy Rojo.<\/p>\n<p>Luego de la proyecci\u00f3n de un video institucional, el acto comenz\u00f3 con el saludo virtual de Rectores\/as de otras Universidades del pa\u00eds: Lic. Fabi\u00e1n Calder\u00f3n de la Universidad Nacional de La Rioja, Dr. Carlos Manuel De Marziani de la Universidad Nacional de la Patagonia San Juan Bosco, Dr. Marcelo Aba vicerrector de la Universidad Nacional del Centro, Dr. Ernesto Villanueva de la Universidad Nacional Arturo Jauretche, Dr. Alejandro Villar de la Universidad Nacional de Quilmes, y Mgtr. Agustina Rodr\u00edguez Sa\u00e1 de la Universidad Nacional de los Comechingones. A estas salutaciones se sumaron la de distintas instituciones y autoridades que fueron le\u00eddas en el Auditorio.<\/p>\n<p>El inicio formal se dio con la conformaci\u00f3n de la mesa acad\u00e9mica, presidida por el rector de la UNSL, C.P.N. V\u00edctor Mori\u00f1igo e integrada por la decana de la Facultad de Qu\u00edmica, Bioqu\u00edmica y Farmacia (FQByF), Dra. Mercedes Campderr\u00f3s, la decana de la Facultad de Ciencias F\u00edsico, Matem\u00e1ticas y Naturales (FCFMyN), Dra. Marcela Printista, la vicedecana de la Facultad de Ciencias Humanas (FCH), Esp. M\u00f3nica Mart\u00edn, el decano de la Facultad de Ingenier\u00eda y Ciencias Agropecuarias (FICA), Ing. Sergio Ribotta, el decano de la Facultad de Ciencias Econ\u00f3micas, Jur\u00eddicas y Sociales (FCEJS), Mgtr. Marcelo Casabene, la decana de la Facultad de Ciencias de la Salud (FCS), Esp. Ana Mar\u00eda Garraza, la decana de la Facultad de Psicolog\u00eda (FaPsi), Esp. Claudia Brusasca, y la decana normalizadora de la Facultad de Turismo y Urbanismo (FTU), Dra. Liliana Mentasty.<\/p>\n<p><img fetchpriority=\"high\" decoding=\"async\" class=\"aligncenter size-full wp-image-3525\" src=\"https:\/\/www.fcejs.unsl.edu.ar\/wp-content\/uploads\/2021\/05\/210510-Acto-48-aniversario-UNSL-25-5.jpg\" alt=\"\" width=\"1000\" height=\"667\" srcset=\"https:\/\/www.fcejs.unsl.edu.ar\/wp-content\/uploads\/2021\/05\/210510-Acto-48-aniversario-UNSL-25-5.jpg 1000w, https:\/\/www.fcejs.unsl.edu.ar\/wp-content\/uploads\/2021\/05\/210510-Acto-48-aniversario-UNSL-25-5-300x200.jpg 300w, https:\/\/www.fcejs.unsl.edu.ar\/wp-content\/uploads\/2021\/05\/210510-Acto-48-aniversario-UNSL-25-5-768x512.jpg 768w\" sizes=\"(max-width: 1000px) 100vw, 1000px\" \/><\/p>\n<p>Continu\u00f3 con una de las tradiciones m\u00e1s emotivas y entra\u00f1ables que se festejan en la UNSL y que permite a los\/as que integran la comunidad universitaria, celebrar con orgullo el camino recorrido en el quehacer universitario. Se reconoci\u00f3 al personal docente y nodocente de la Instituci\u00f3n que han cumplido 25 y 35 a\u00f1os de antig\u00fcedad y a quienes se han acogido a los beneficios de la jubilaci\u00f3n.<\/p>\n<p>De manera simb\u00f3lica y en representaci\u00f3n del resto de sus compa\u00f1eros\/as, recibieron el diploma Roxana Lobos (por los 25 a\u00f1os), Fernando Mari\u00f1o (por los 35 a\u00f1os) y Hugo Saitua (por jubilaci\u00f3n). Mientras se dispon\u00edan a recibir el reconocimiento, se transmit\u00eda un video con la entrega de diplomas a domicilio, y listado de nombres de todos\/as los\/as beneficiarios\/as.<\/p>\n<p>La Dra. Ana Ramona Domeniconi, docente Investigadora de la FCH, fue la encargada de dirigirse a los presentes, oyentes y televidentes. En su discurso destac\u00f3 su orgullo de pertenencia a la UNSL. Adem\u00e1s se refiri\u00f3 a la pandemia y a la educaci\u00f3n humanista que dio identidad a la creaci\u00f3n de la universidad. Tambi\u00e9n referenci\u00f3 a los que ya no est\u00e1n por motivo de la pandemia y al centenario del nacimiento de Paulo Freire, quien ha invitando a militar y pensar a favor de los que menos tienen.<\/p>\n<p>Otro de los momentos destacados del acto fue el reconocimiento por los 30 a\u00f1os de Radio Universidad, inaugurada un 10 de mayo de 1991 como el primer medio de comunicaci\u00f3n de la UNSL. Se proyect\u00f3 un video donde se rescataron los testimonios sobre la historia de la Radio. Participaron Jorge Silva como integrante de la comisi\u00f3n de puesta en marcha de Radio Universidad, Mar\u00eda In\u00e9s Cuello, ex directora e integrante de la comisi\u00f3n, Walter Meli\u00e1n, integrante de la comisi\u00f3n, Rosa Soria Boussy, locutora, Ana Beatriz Fern\u00e1ndez, periodista, Susana Pereyra, oyente y Siry Getar, oyente.<\/p>\n<p>A continuaci\u00f3n, el Dr. Claudio Lobo, secretario de Comunicaci\u00f3n Institucional procedi\u00f3 a reconocer a la Mgtr. Mar\u00eda In\u00e9s Cuello, quien estuvo al frente de la emisora universitaria.\u00a0<em>\u00abEstoy muy emocionada por el reconocimiento por mi trayectoria radiof\u00f3nica, la cual no hubiera sido posible sin el acompa\u00f1amiento de todos\/as los\/as que fueron mis compa\u00f1eros\/as\u00bb<\/em>, dijo Cuello.<\/p>\n<p>Como parte del acto se sum\u00f3 la proyecci\u00f3n del adelanto de\u00a0<em>Memoria Habitada<\/em>\u00a0y\u00a0<em>En Retrospectiva<\/em>, dos (2) producciones de UNSL TV. La primera, en cinco (5) cap\u00edtulos, pone de relieve el di\u00e1logo entre la historia y la memoria en el marco de una historia reciente de la UNSL en el per\u00edodo 1973-1983, y recupera el legado prefundacional de la etapa previa a su creaci\u00f3n a trav\u00e9s de los diferentes testimonios que tejen la trama del proyecto de universidad del primer rector Mauricio Am\u00edlcar L\u00f3pez, secuestrado y desaparecido en 1977 durante la \u00faltima dictadura c\u00edvico militar argentina.<\/p>\n<p><em>En Retrospectiva<\/em>\u00a0es una producci\u00f3n audiovisual en la que ex Rectores\/as de esta casa recuerdan y recuperan sus principales pol\u00edticas de gesti\u00f3n, los objetivos que pudieron concretar y los sue\u00f1os que los\/as impulsaron a construir una universidad amplia, inclusiva y democr\u00e1tica. Con entrevistas en primera persona, este ciclo rememora diferentes momentos hist\u00f3ricos que constituyen parte de nuestra historia reciente.<\/p>\n<p><img decoding=\"async\" class=\"aligncenter size-full wp-image-3526\" src=\"https:\/\/www.fcejs.unsl.edu.ar\/wp-content\/uploads\/2021\/05\/210510-Acto-48-aniversario-UNSL-114-16.jpg\" alt=\"\" width=\"1000\" height=\"667\" srcset=\"https:\/\/www.fcejs.unsl.edu.ar\/wp-content\/uploads\/2021\/05\/210510-Acto-48-aniversario-UNSL-114-16.jpg 1000w, https:\/\/www.fcejs.unsl.edu.ar\/wp-content\/uploads\/2021\/05\/210510-Acto-48-aniversario-UNSL-114-16-300x200.jpg 300w, https:\/\/www.fcejs.unsl.edu.ar\/wp-content\/uploads\/2021\/05\/210510-Acto-48-aniversario-UNSL-114-16-768x512.jpg 768w\" sizes=\"(max-width: 1000px) 100vw, 1000px\" \/><\/p>\n<p>Una de las partes m\u00e1s emotiva y trascendentales del acto fue el reconocimiento a las autoridades que estuvieron frente a la Instituci\u00f3n en el per\u00edodo de la democracia. Como agradecimiento a quienes han llevado el destino de la Universidad Nacional de San Luis, se reconoci\u00f3 a Alberto Puchm\u00fcller por los per\u00edodos 1986-1992, 1992-1995 y 1998-2001, con la entrega a su hija Andrea Puchm\u00fcller, a Nilda Esther Picco por el per\u00edodo 1995-1998, a Germ\u00e1n Arias por los per\u00edodos 2001-2004 y 2004-2007, a Jos\u00e9 Luis Riccardo por los per\u00edodos 2007-2010 y 2010-2013 y, a F\u00e9lix Nieto Quintas por los per\u00edodos 2013-2016 y 2016-2019.<\/p>\n<p>En este marco, la UNSL inaugur\u00f3 la Galer\u00eda de Rectores\/as, un espacio de reconocimiento para los\/as hombres y mujeres que dirigieron los destinos de las instituci\u00f3n a trav\u00e9s del voto democr\u00e1tico de docentes, nodocentes, estudiantes y graduados. A trav\u00e9s de la exposici\u00f3n de cuadros fotogr\u00e1ficos, esto permitir\u00e1 a futuras generaciones visibilizar, reconocer y dar a conocer la identidad institucional.<\/p>\n<p>En relaci\u00f3n al acto, el Rector remarc\u00f3 la realizaci\u00f3n de un emocionante homenaje a la UNSL, y destac\u00f3, en relaci\u00f3n a la pandemia, que la Universidad sigue en movimiento y est\u00e1 de pie. Continu\u00f3 con un breve recorrido hist\u00f3rico institucional.<\/p>\n<figure class=\"wp-block-image\"><\/figure>\n<p><em>\u00abEsta Instituci\u00f3n nos ense\u00f1\u00f3 a defender los valores de justicia, paz, solidaridad, libertad y respeto mutuo al que piensa distinto, con la responsabilidad de promover el arte, la ciencia, la cultura y el ambiente, e investigar aplicando el conocimiento con el compromiso social y profesional que se merece nuestro entorno, siempre cuidando la delicada humanidad de las personas\u00bb<\/em>, dijo en su discurso y culmin\u00f3:\u00a0<em>\u00abEs este sue\u00f1o hecho realidad que se llama Universidad Nacional de San Luis el cual queremos, amamos y cuidamos entre todos\/as, hace 48 a\u00f1os\u00bb<\/em>.<\/p>\n<p>Para culminar esta primera parte, se realiz\u00f3 un descubrimiento de placa en los jardines de Radio Universidad, por conmemorarse sus 30 a\u00f1os de creaci\u00f3n.\u00a0<em>\u00abAgradezco a Puchm\u00fcller quien dio el puntapi\u00e9 inicial y a los\/as Rectores\/as que pasaron por la UNSL porque siempre se mantuvo una l\u00ednea de independencia y apoyo a la radio\u00bb<\/em>, expres\u00f3 el director de la emisora, Adolfo Gil.<\/p>\n<p>Por su parte, Claudio Lobo remarc\u00f3 que la creaci\u00f3n de la Secretar\u00eda de Comunicaci\u00f3n Institucional posibilit\u00f3 pensar en pol\u00edticas de comunicaci\u00f3n y entender que la Universidad es lo que comunica.\u00a0<em>\u00abEs un desaf\u00edo de la radio sostener la memoria, la comunicaci\u00f3n ciudadana y la pluralidad de voces\u00bb<\/em>, finaliz\u00f3 el funcionario.<\/p>\n<p>Para revivir la primera parte del acto, ingres\u00e1\u00a0<a href=\"https:\/\/www.youtube.com\/watch?v=NytTRhgs6Bk\">aqu\u00ed<\/a>.<\/p>\n<p>Para ver el \u00e1lbum completo de fotos, ingres\u00e1\u00a0<a href=\"https:\/\/bit.ly\/3tAMrca\">aqu\u00ed<\/a>.<\/p>\n<p><strong>Invitaci\u00f3n<\/strong><\/p>\n<p>En la ma\u00f1ana del martes 11 de mayo se realizar\u00e1 la segunda parte del acto a las 11:00 horas. En esta oportunidad, el Rector har\u00e1 entrega de los Premios <em>Rector Mauricio Am\u00edlcar L\u00f3pez<\/em>\u00a0y\u00a0<em>Polo Godoy Rojo<\/em>.<\/p>\n<p>Pod\u00e9s seguir la transmisi\u00f3n en vivo ingresando\u00a0<a href=\"https:\/\/www.youtube.com\/watch?v=W1aQ2Wx2UDY\">aqu\u00ed<\/a>.<\/p>\n","protected":false},"excerpt":{"rendered":"<p>En la ma\u00f1ana del lunes 10 de mayo de 2021, en el Auditorio Mauricio L\u00f3pez, con una presencia reducida de personas, y a trav\u00e9s de&hellip;<\/p>\n","protected":false},"author":9,"featured_media":3527,"comment_status":"closed","ping_status":"closed","sticky":false,"template":"","format":"standard","meta":{"om_disable_all_campaigns":false,"_monsterinsights_skip_tracking":false,"_monsterinsights_sitenote_active":false,"_monsterinsights_sitenote_note":"","_monsterinsights_sitenote_category":0,"footnotes":""},"categories":[21],"tags":[],"class_list":["post-3524","post","type-post","status-publish","format-standard","has-post-thumbnail","hentry","category-archivadas"],"yoast_head":"<!-- This site is optimized with the Yoast SEO plugin v27.5 - https:\/\/yoast.com\/product\/yoast-seo-wordpress\/ -->\n<title>Se realiz\u00f3 la primera parte del acto por un nuevo aniversario de la UNSL - Facultad de Ciencias Econ\u00f3micas, Jur\u00ed\u00addicas y Sociales<\/title>\n<meta name=\"robots\" content=\"index, follow, max-snippet:-1, max-image-preview:large, max-video-preview:-1\" \/>\n<link rel=\"canonical\" href=\"https:\/\/www.fcejs.unsl.edu.ar\/index.php\/se-realizo-la-primera-parte-del-acto-por-un-nuevo-aniversario-de-la-unsl\/\" \/>\n<meta property=\"og:locale\" content=\"es_ES\" \/>\n<meta property=\"og:type\" content=\"article\" \/>\n<meta property=\"og:title\" content=\"Se realiz\u00f3 la primera parte del acto por un nuevo aniversario de la UNSL - Facultad de Ciencias Econ\u00f3micas, Jur\u00ed\u00addicas y Sociales\" \/>\n<meta property=\"og:description\" content=\"En la ma\u00f1ana del lunes 10 de mayo de 2021, en el Auditorio Mauricio L\u00f3pez, con una presencia reducida de personas, y a trav\u00e9s de&hellip;\" \/>\n<meta property=\"og:url\" content=\"https:\/\/www.fcejs.unsl.edu.ar\/index.php\/se-realizo-la-primera-parte-del-acto-por-un-nuevo-aniversario-de-la-unsl\/\" \/>\n<meta property=\"og:site_name\" content=\"Facultad de Ciencias Econ\u00f3micas, Jur\u00ed\u00addicas y Sociales\" \/>\n<meta property=\"article:publisher\" content=\"https:\/\/www.facebook.com\/FCEJS.UNSL\/\" \/>\n<meta property=\"article:published_time\" content=\"2021-05-11T12:40:06+00:00\" \/>\n<meta property=\"article:modified_time\" content=\"2021-06-08T15:36:41+00:00\" \/>\n<meta property=\"og:image\" content=\"https:\/\/www.fcejs.unsl.edu.ar\/wp-content\/uploads\/2021\/05\/210510-Acto-48-aniversario-UNSL-12-3-1000x600-1.jpg\" \/>\n\t<meta property=\"og:image:width\" content=\"1000\" \/>\n\t<meta property=\"og:image:height\" content=\"600\" \/>\n\t<meta property=\"og:image:type\" content=\"image\/jpeg\" \/>\n<meta name=\"author\" content=\"DATI\" \/>\n<meta name=\"twitter:card\" content=\"summary_large_image\" \/>\n<meta name=\"twitter:creator\" content=\"@FCEJSUNSL\" \/>\n<meta name=\"twitter:site\" content=\"@FCEJSUNSL\" \/>\n<meta name=\"twitter:label1\" content=\"Escrito por\" \/>\n\t<meta name=\"twitter:data1\" content=\"DATI\" \/>\n\t<meta name=\"twitter:label2\" content=\"Tiempo de lectura\" \/>\n\t<meta name=\"twitter:data2\" content=\"7 minutos\" \/>\n<script type=\"application\/ld+json\" class=\"yoast-schema-graph\">{\"@context\":\"https:\\\/\\\/schema.org\",\"@graph\":[{\"@type\":\"Article\",\"@id\":\"https:\\\/\\\/www.fcejs.unsl.edu.ar\\\/index.php\\\/se-realizo-la-primera-parte-del-acto-por-un-nuevo-aniversario-de-la-unsl\\\/#article\",\"isPartOf\":{\"@id\":\"https:\\\/\\\/www.fcejs.unsl.edu.ar\\\/index.php\\\/se-realizo-la-primera-parte-del-acto-por-un-nuevo-aniversario-de-la-unsl\\\/\"},\"author\":{\"name\":\"DATI\",\"@id\":\"https:\\\/\\\/www.fcejs.unsl.edu.ar\\\/#\\\/schema\\\/person\\\/352ee6ed90c3f394c7cb5945f8956d34\"},\"headline\":\"Se realiz\u00f3 la primera parte del acto por un nuevo aniversario de la UNSL\",\"datePublished\":\"2021-05-11T12:40:06+00:00\",\"dateModified\":\"2021-06-08T15:36:41+00:00\",\"mainEntityOfPage\":{\"@id\":\"https:\\\/\\\/www.fcejs.unsl.edu.ar\\\/index.php\\\/se-realizo-la-primera-parte-del-acto-por-un-nuevo-aniversario-de-la-unsl\\\/\"},\"wordCount\":1421,\"publisher\":{\"@id\":\"https:\\\/\\\/www.fcejs.unsl.edu.ar\\\/#organization\"},\"image\":{\"@id\":\"https:\\\/\\\/www.fcejs.unsl.edu.ar\\\/index.php\\\/se-realizo-la-primera-parte-del-acto-por-un-nuevo-aniversario-de-la-unsl\\\/#primaryimage\"},\"thumbnailUrl\":\"https:\\\/\\\/www.fcejs.unsl.edu.ar\\\/wp-content\\\/uploads\\\/2021\\\/05\\\/210510-Acto-48-aniversario-UNSL-12-3-1000x600-1.jpg\",\"articleSection\":[\"Archivadas\"],\"inLanguage\":\"es-AR\"},{\"@type\":\"WebPage\",\"@id\":\"https:\\\/\\\/www.fcejs.unsl.edu.ar\\\/index.php\\\/se-realizo-la-primera-parte-del-acto-por-un-nuevo-aniversario-de-la-unsl\\\/\",\"url\":\"https:\\\/\\\/www.fcejs.unsl.edu.ar\\\/index.php\\\/se-realizo-la-primera-parte-del-acto-por-un-nuevo-aniversario-de-la-unsl\\\/\",\"name\":\"Se realiz\u00f3 la primera parte del acto por un nuevo aniversario de la UNSL - Facultad de Ciencias Econ\u00f3micas, Jur\u00ed\u00addicas y Sociales\",\"isPartOf\":{\"@id\":\"https:\\\/\\\/www.fcejs.unsl.edu.ar\\\/#website\"},\"primaryImageOfPage\":{\"@id\":\"https:\\\/\\\/www.fcejs.unsl.edu.ar\\\/index.php\\\/se-realizo-la-primera-parte-del-acto-por-un-nuevo-aniversario-de-la-unsl\\\/#primaryimage\"},\"image\":{\"@id\":\"https:\\\/\\\/www.fcejs.unsl.edu.ar\\\/index.php\\\/se-realizo-la-primera-parte-del-acto-por-un-nuevo-aniversario-de-la-unsl\\\/#primaryimage\"},\"thumbnailUrl\":\"https:\\\/\\\/www.fcejs.unsl.edu.ar\\\/wp-content\\\/uploads\\\/2021\\\/05\\\/210510-Acto-48-aniversario-UNSL-12-3-1000x600-1.jpg\",\"datePublished\":\"2021-05-11T12:40:06+00:00\",\"dateModified\":\"2021-06-08T15:36:41+00:00\",\"breadcrumb\":{\"@id\":\"https:\\\/\\\/www.fcejs.unsl.edu.ar\\\/index.php\\\/se-realizo-la-primera-parte-del-acto-por-un-nuevo-aniversario-de-la-unsl\\\/#breadcrumb\"},\"inLanguage\":\"es-AR\",\"potentialAction\":[{\"@type\":\"ReadAction\",\"target\":[\"https:\\\/\\\/www.fcejs.unsl.edu.ar\\\/index.php\\\/se-realizo-la-primera-parte-del-acto-por-un-nuevo-aniversario-de-la-unsl\\\/\"]}]},{\"@type\":\"ImageObject\",\"inLanguage\":\"es-AR\",\"@id\":\"https:\\\/\\\/www.fcejs.unsl.edu.ar\\\/index.php\\\/se-realizo-la-primera-parte-del-acto-por-un-nuevo-aniversario-de-la-unsl\\\/#primaryimage\",\"url\":\"https:\\\/\\\/www.fcejs.unsl.edu.ar\\\/wp-content\\\/uploads\\\/2021\\\/05\\\/210510-Acto-48-aniversario-UNSL-12-3-1000x600-1.jpg\",\"contentUrl\":\"https:\\\/\\\/www.fcejs.unsl.edu.ar\\\/wp-content\\\/uploads\\\/2021\\\/05\\\/210510-Acto-48-aniversario-UNSL-12-3-1000x600-1.jpg\",\"width\":1000,\"height\":600},{\"@type\":\"BreadcrumbList\",\"@id\":\"https:\\\/\\\/www.fcejs.unsl.edu.ar\\\/index.php\\\/se-realizo-la-primera-parte-del-acto-por-un-nuevo-aniversario-de-la-unsl\\\/#breadcrumb\",\"itemListElement\":[{\"@type\":\"ListItem\",\"position\":1,\"name\":\"Inicio\",\"item\":\"https:\\\/\\\/www.fcejs.unsl.edu.ar\\\/\"},{\"@type\":\"ListItem\",\"position\":2,\"name\":\"Se realiz\u00f3 la primera parte del acto por un nuevo aniversario de la UNSL\"}]},{\"@type\":\"WebSite\",\"@id\":\"https:\\\/\\\/www.fcejs.unsl.edu.ar\\\/#website\",\"url\":\"https:\\\/\\\/www.fcejs.unsl.edu.ar\\\/\",\"name\":\"Facultad de Ciencias Econ\u00f3micas, Jur\u00ed\u00addicas y Sociales\",\"description\":\"\",\"publisher\":{\"@id\":\"https:\\\/\\\/www.fcejs.unsl.edu.ar\\\/#organization\"},\"potentialAction\":[{\"@type\":\"SearchAction\",\"target\":{\"@type\":\"EntryPoint\",\"urlTemplate\":\"https:\\\/\\\/www.fcejs.unsl.edu.ar\\\/?s={search_term_string}\"},\"query-input\":{\"@type\":\"PropertyValueSpecification\",\"valueRequired\":true,\"valueName\":\"search_term_string\"}}],\"inLanguage\":\"es-AR\"},{\"@type\":\"Organization\",\"@id\":\"https:\\\/\\\/www.fcejs.unsl.edu.ar\\\/#organization\",\"name\":\"Facultad de Ciencias Econ\u00f3micas, Jur\u00eddicas y Sociales\",\"url\":\"https:\\\/\\\/www.fcejs.unsl.edu.ar\\\/\",\"logo\":{\"@type\":\"ImageObject\",\"inLanguage\":\"es-AR\",\"@id\":\"https:\\\/\\\/www.fcejs.unsl.edu.ar\\\/#\\\/schema\\\/logo\\\/image\\\/\",\"url\":\"https:\\\/\\\/www.fcejs.unsl.edu.ar\\\/wp-content\\\/uploads\\\/2021\\\/03\\\/logo-1.jpg\",\"contentUrl\":\"https:\\\/\\\/www.fcejs.unsl.edu.ar\\\/wp-content\\\/uploads\\\/2021\\\/03\\\/logo-1.jpg\",\"width\":471,\"height\":146,\"caption\":\"Facultad de Ciencias Econ\u00f3micas, Jur\u00eddicas y Sociales\"},\"image\":{\"@id\":\"https:\\\/\\\/www.fcejs.unsl.edu.ar\\\/#\\\/schema\\\/logo\\\/image\\\/\"},\"sameAs\":[\"https:\\\/\\\/www.facebook.com\\\/FCEJS.UNSL\\\/\",\"https:\\\/\\\/x.com\\\/FCEJSUNSL\",\"https:\\\/\\\/www.instagram.com\\\/fcejs.unsl\\\/\",\"https:\\\/\\\/www.youtube.com\\\/channel\\\/UCH-Ut6EaN_X5ogjIQMPe46g\\\/\"]},{\"@type\":\"Person\",\"@id\":\"https:\\\/\\\/www.fcejs.unsl.edu.ar\\\/#\\\/schema\\\/person\\\/352ee6ed90c3f394c7cb5945f8956d34\",\"name\":\"DATI\"}]}<\/script>\n<!-- \/ Yoast SEO plugin. -->","yoast_head_json":{"title":"Se realiz\u00f3 la primera parte del acto por un nuevo aniversario de la UNSL - Facultad de Ciencias Econ\u00f3micas, Jur\u00ed\u00addicas y Sociales","robots":{"index":"index","follow":"follow","max-snippet":"max-snippet:-1","max-image-preview":"max-image-preview:large","max-video-preview":"max-video-preview:-1"},"canonical":"https:\/\/www.fcejs.unsl.edu.ar\/index.php\/se-realizo-la-primera-parte-del-acto-por-un-nuevo-aniversario-de-la-unsl\/","og_locale":"es_ES","og_type":"article","og_title":"Se realiz\u00f3 la primera parte del acto por un nuevo aniversario de la UNSL - Facultad de Ciencias Econ\u00f3micas, Jur\u00ed\u00addicas y Sociales","og_description":"En la ma\u00f1ana del lunes 10 de mayo de 2021, en el Auditorio Mauricio L\u00f3pez, con una presencia reducida de personas, y a trav\u00e9s de&hellip;","og_url":"https:\/\/www.fcejs.unsl.edu.ar\/index.php\/se-realizo-la-primera-parte-del-acto-por-un-nuevo-aniversario-de-la-unsl\/","og_site_name":"Facultad de Ciencias Econ\u00f3micas, Jur\u00ed\u00addicas y Sociales","article_publisher":"https:\/\/www.facebook.com\/FCEJS.UNSL\/","article_published_time":"2021-05-11T12:40:06+00:00","article_modified_time":"2021-06-08T15:36:41+00:00","og_image":[{"width":1000,"height":600,"url":"https:\/\/www.fcejs.unsl.edu.ar\/wp-content\/uploads\/2021\/05\/210510-Acto-48-aniversario-UNSL-12-3-1000x600-1.jpg","type":"image\/jpeg"}],"author":"DATI","twitter_card":"summary_large_image","twitter_creator":"@FCEJSUNSL","twitter_site":"@FCEJSUNSL","twitter_misc":{"Escrito por":"DATI","Tiempo de lectura":"7 minutos"},"schema":{"@context":"https:\/\/schema.org","@graph":[{"@type":"Article","@id":"https:\/\/www.fcejs.unsl.edu.ar\/index.php\/se-realizo-la-primera-parte-del-acto-por-un-nuevo-aniversario-de-la-unsl\/#article","isPartOf":{"@id":"https:\/\/www.fcejs.unsl.edu.ar\/index.php\/se-realizo-la-primera-parte-del-acto-por-un-nuevo-aniversario-de-la-unsl\/"},"author":{"name":"DATI","@id":"https:\/\/www.fcejs.unsl.edu.ar\/#\/schema\/person\/352ee6ed90c3f394c7cb5945f8956d34"},"headline":"Se realiz\u00f3 la primera parte del acto por un nuevo aniversario de la UNSL","datePublished":"2021-05-11T12:40:06+00:00","dateModified":"2021-06-08T15:36:41+00:00","mainEntityOfPage":{"@id":"https:\/\/www.fcejs.unsl.edu.ar\/index.php\/se-realizo-la-primera-parte-del-acto-por-un-nuevo-aniversario-de-la-unsl\/"},"wordCount":1421,"publisher":{"@id":"https:\/\/www.fcejs.unsl.edu.ar\/#organization"},"image":{"@id":"https:\/\/www.fcejs.unsl.edu.ar\/index.php\/se-realizo-la-primera-parte-del-acto-por-un-nuevo-aniversario-de-la-unsl\/#primaryimage"},"thumbnailUrl":"https:\/\/www.fcejs.unsl.edu.ar\/wp-content\/uploads\/2021\/05\/210510-Acto-48-aniversario-UNSL-12-3-1000x600-1.jpg","articleSection":["Archivadas"],"inLanguage":"es-AR"},{"@type":"WebPage","@id":"https:\/\/www.fcejs.unsl.edu.ar\/index.php\/se-realizo-la-primera-parte-del-acto-por-un-nuevo-aniversario-de-la-unsl\/","url":"https:\/\/www.fcejs.unsl.edu.ar\/index.php\/se-realizo-la-primera-parte-del-acto-por-un-nuevo-aniversario-de-la-unsl\/","name":"Se realiz\u00f3 la primera parte del acto por un nuevo aniversario de la UNSL - Facultad de Ciencias Econ\u00f3micas, Jur\u00ed\u00addicas y Sociales","isPartOf":{"@id":"https:\/\/www.fcejs.unsl.edu.ar\/#website"},"primaryImageOfPage":{"@id":"https:\/\/www.fcejs.unsl.edu.ar\/index.php\/se-realizo-la-primera-parte-del-acto-por-un-nuevo-aniversario-de-la-unsl\/#primaryimage"},"image":{"@id":"https:\/\/www.fcejs.unsl.edu.ar\/index.php\/se-realizo-la-primera-parte-del-acto-por-un-nuevo-aniversario-de-la-unsl\/#primaryimage"},"thumbnailUrl":"https:\/\/www.fcejs.unsl.edu.ar\/wp-content\/uploads\/2021\/05\/210510-Acto-48-aniversario-UNSL-12-3-1000x600-1.jpg","datePublished":"2021-05-11T12:40:06+00:00","dateModified":"2021-06-08T15:36:41+00:00","breadcrumb":{"@id":"https:\/\/www.fcejs.unsl.edu.ar\/index.php\/se-realizo-la-primera-parte-del-acto-por-un-nuevo-aniversario-de-la-unsl\/#breadcrumb"},"inLanguage":"es-AR","potentialAction":[{"@type":"ReadAction","target":["https:\/\/www.fcejs.unsl.edu.ar\/index.php\/se-realizo-la-primera-parte-del-acto-por-un-nuevo-aniversario-de-la-unsl\/"]}]},{"@type":"ImageObject","inLanguage":"es-AR","@id":"https:\/\/www.fcejs.unsl.edu.ar\/index.php\/se-realizo-la-primera-parte-del-acto-por-un-nuevo-aniversario-de-la-unsl\/#primaryimage","url":"https:\/\/www.fcejs.unsl.edu.ar\/wp-content\/uploads\/2021\/05\/210510-Acto-48-aniversario-UNSL-12-3-1000x600-1.jpg","contentUrl":"https:\/\/www.fcejs.unsl.edu.ar\/wp-content\/uploads\/2021\/05\/210510-Acto-48-aniversario-UNSL-12-3-1000x600-1.jpg","width":1000,"height":600},{"@type":"BreadcrumbList","@id":"https:\/\/www.fcejs.unsl.edu.ar\/index.php\/se-realizo-la-primera-parte-del-acto-por-un-nuevo-aniversario-de-la-unsl\/#breadcrumb","itemListElement":[{"@type":"ListItem","position":1,"name":"Inicio","item":"https:\/\/www.fcejs.unsl.edu.ar\/"},{"@type":"ListItem","position":2,"name":"Se realiz\u00f3 la primera parte del acto por un nuevo aniversario de la UNSL"}]},{"@type":"WebSite","@id":"https:\/\/www.fcejs.unsl.edu.ar\/#website","url":"https:\/\/www.fcejs.unsl.edu.ar\/","name":"Facultad de Ciencias Econ\u00f3micas, Jur\u00ed\u00addicas y Sociales","description":"","publisher":{"@id":"https:\/\/www.fcejs.unsl.edu.ar\/#organization"},"potentialAction":[{"@type":"SearchAction","target":{"@type":"EntryPoint","urlTemplate":"https:\/\/www.fcejs.unsl.edu.ar\/?s={search_term_string}"},"query-input":{"@type":"PropertyValueSpecification","valueRequired":true,"valueName":"search_term_string"}}],"inLanguage":"es-AR"},{"@type":"Organization","@id":"https:\/\/www.fcejs.unsl.edu.ar\/#organization","name":"Facultad de Ciencias Econ\u00f3micas, Jur\u00eddicas y Sociales","url":"https:\/\/www.fcejs.unsl.edu.ar\/","logo":{"@type":"ImageObject","inLanguage":"es-AR","@id":"https:\/\/www.fcejs.unsl.edu.ar\/#\/schema\/logo\/image\/","url":"https:\/\/www.fcejs.unsl.edu.ar\/wp-content\/uploads\/2021\/03\/logo-1.jpg","contentUrl":"https:\/\/www.fcejs.unsl.edu.ar\/wp-content\/uploads\/2021\/03\/logo-1.jpg","width":471,"height":146,"caption":"Facultad de Ciencias Econ\u00f3micas, Jur\u00eddicas y Sociales"},"image":{"@id":"https:\/\/www.fcejs.unsl.edu.ar\/#\/schema\/logo\/image\/"},"sameAs":["https:\/\/www.facebook.com\/FCEJS.UNSL\/","https:\/\/x.com\/FCEJSUNSL","https:\/\/www.instagram.com\/fcejs.unsl\/","https:\/\/www.youtube.com\/channel\/UCH-Ut6EaN_X5ogjIQMPe46g\/"]},{"@type":"Person","@id":"https:\/\/www.fcejs.unsl.edu.ar\/#\/schema\/person\/352ee6ed90c3f394c7cb5945f8956d34","name":"DATI"}]}},"jetpack_featured_media_url":"https:\/\/www.fcejs.unsl.edu.ar\/wp-content\/uploads\/2021\/05\/210510-Acto-48-aniversario-UNSL-12-3-1000x600-1.jpg","_links":{"self":[{"href":"https:\/\/www.fcejs.unsl.edu.ar\/index.php\/wp-json\/wp\/v2\/posts\/3524","targetHints":{"allow":["GET"]}}],"collection":[{"href":"https:\/\/www.fcejs.unsl.edu.ar\/index.php\/wp-json\/wp\/v2\/posts"}],"about":[{"href":"https:\/\/www.fcejs.unsl.edu.ar\/index.php\/wp-json\/wp\/v2\/types\/post"}],"author":[{"embeddable":true,"href":"https:\/\/www.fcejs.unsl.edu.ar\/index.php\/wp-json\/wp\/v2\/users\/9"}],"replies":[{"embeddable":true,"href":"https:\/\/www.fcejs.unsl.edu.ar\/index.php\/wp-json\/wp\/v2\/comments?post=3524"}],"version-history":[{"count":2,"href":"https:\/\/www.fcejs.unsl.edu.ar\/index.php\/wp-json\/wp\/v2\/posts\/3524\/revisions"}],"predecessor-version":[{"id":3531,"href":"https:\/\/www.fcejs.unsl.edu.ar\/index.php\/wp-json\/wp\/v2\/posts\/3524\/revisions\/3531"}],"wp:featuredmedia":[{"embeddable":true,"href":"https:\/\/www.fcejs.unsl.edu.ar\/index.php\/wp-json\/wp\/v2\/media\/3527"}],"wp:attachment":[{"href":"https:\/\/www.fcejs.unsl.edu.ar\/index.php\/wp-json\/wp\/v2\/media?parent=3524"}],"wp:term":[{"taxonomy":"category","embeddable":true,"href":"https:\/\/www.fcejs.unsl.edu.ar\/index.php\/wp-json\/wp\/v2\/categories?post=3524"},{"taxonomy":"post_tag","embeddable":true,"href":"https:\/\/www.fcejs.unsl.edu.ar\/index.php\/wp-json\/wp\/v2\/tags?post=3524"}],"curies":[{"name":"wp","href":"https:\/\/api.w.org\/{rel}","templated":true}]}}