{"id":3480,"date":"2021-05-07T10:55:31","date_gmt":"2021-05-07T13:55:31","guid":{"rendered":"http:\/\/10.101.10.197\/www\/?p=3480"},"modified":"2021-05-11T07:43:36","modified_gmt":"2021-05-11T10:43:36","slug":"48-aniversario-de-la-universidad-nacional-de-san-luis","status":"publish","type":"post","link":"https:\/\/www.fcejs.unsl.edu.ar\/index.php\/48-aniversario-de-la-universidad-nacional-de-san-luis\/","title":{"rendered":"48\u00b0 aniversario de la Universidad Nacional de San Luis"},"content":{"rendered":"<p>El pr\u00f3ximo 10 de mayo de 2021, la Universidad Nacional de San Luis cumplir\u00e1 48 a\u00f1os desde su creaci\u00f3n. La Facultad de Ciencias Econ\u00f3micas, Jur\u00eddicas y Sociales saluda a la UNSL y a toda su comunidad por este nuevo aniversario.<\/p>\n<p>La instituci\u00f3n fue fundada en el a\u00f1o 1973 y cuenta con un legado hist\u00f3rico de trascendencia nacional, cuyo punto de emergencia se remonta al a\u00f1o 1939 con la creaci\u00f3n de la Universidad Nacional de Cuyo y con la incorporaci\u00f3n de la Escuela Normal Juan Pascual Pringles a su dependencia. La Universidad Nacional de San Luis fue creada ante la necesidad de contar con estudios superiores en la Provincia, tomando como referencia la fuerte tradici\u00f3n normalista de la ciudad. Su creaci\u00f3n se inscribe en una estrategia global tendiente a la desarticulaci\u00f3n de las grandes universidades. Tal decisi\u00f3n dio apertura a una nueva etapa en la vida universitaria e implic\u00f3 que la antigua Universidad Nacional de Cuyo fuese dividida en tres (3) centros: Mendoza, San Juan y San Luis. Pero a pesar de esta divisi\u00f3n las universidades firman un Convenio de Hermandad dado por su origen hist\u00f3rico com\u00fan y acuerdan los tres Rectores constituir una \u201cComisi\u00f3n Regional Interuniversitaria\u201d.<\/p>\n<p><img fetchpriority=\"high\" decoding=\"async\" class=\"aligncenter size-large wp-image-3231\" src=\"https:\/\/www.fcejs.unsl.edu.ar\/wp-content\/uploads\/2021\/04\/campus-aereo-home-mio-02-1024x579.jpg\" alt=\"\" width=\"843\" height=\"477\" srcset=\"https:\/\/www.fcejs.unsl.edu.ar\/wp-content\/uploads\/2021\/04\/campus-aereo-home-mio-02-1024x579.jpg 1024w, https:\/\/www.fcejs.unsl.edu.ar\/wp-content\/uploads\/2021\/04\/campus-aereo-home-mio-02-300x170.jpg 300w, https:\/\/www.fcejs.unsl.edu.ar\/wp-content\/uploads\/2021\/04\/campus-aereo-home-mio-02-768x434.jpg 768w, https:\/\/www.fcejs.unsl.edu.ar\/wp-content\/uploads\/2021\/04\/campus-aereo-home-mio-02.jpg 1353w\" sizes=\"(max-width: 843px) 100vw, 843px\" \/><\/p>\n<p>Para la construcci\u00f3n de un verdadero proyecto de Universidad, el Prof. Mauricio L\u00f3pez, primer rector de la Instituci\u00f3n, llev\u00f3 adelante una amplia convocatoria abierta a toda la comunidad universitaria y que cont\u00f3 principalmente con una fuerte participaci\u00f3n estudiantil. Para el acontecimiento de la creaci\u00f3n de la UNSL fueron necesarias unas condiciones de posibilidad hist\u00f3rica como las que comenzaron a gestarse desde mediados de los a\u00f1os 70 cuando todav\u00eda se depend\u00eda acad\u00e9mica y administrativamente de la UNCuyo.<\/p>\n<p>En julio de 1973 Mauricio L\u00f3pez sostuvo que al crearse la Universidad Nacional de San Luis, la provincia recibi\u00f3 la consigna respuesta al esfuerzo de sus propios hijos y a\u00f1adi\u00f3 que al hacerse cargo de esta Instituci\u00f3n se convirti\u00f3 autom\u00e1ticamente en instrumento para hacer efectiva aquella respuesta. \u201cNo participar es automarginarse, no querer ser parte de la realidad argentina, no asumir su propia responsabilidad en la reconstrucci\u00f3n nacional\u201d dijo.<\/p>\n<p>A 48 a\u00f1os de su creaci\u00f3n (1973-2021) la Universidad contin\u00faa marcando su camino siendo parte de un proceso de crecimiento y un motor del desarrollo nacional..<\/p>\n","protected":false},"excerpt":{"rendered":"<p>El pr\u00f3ximo 10 de mayo de 2021, la Universidad Nacional de San Luis cumplir\u00e1 48 a\u00f1os desde su creaci\u00f3n. La Facultad de Ciencias Econ\u00f3micas, Jur\u00eddicas&hellip;<\/p>\n","protected":false},"author":9,"featured_media":3482,"comment_status":"closed","ping_status":"closed","sticky":false,"template":"","format":"standard","meta":{"om_disable_all_campaigns":false,"_monsterinsights_skip_tracking":false,"_monsterinsights_sitenote_active":false,"_monsterinsights_sitenote_note":"","_monsterinsights_sitenote_category":0,"footnotes":""},"categories":[21],"tags":[],"class_list":["post-3480","post","type-post","status-publish","format-standard","has-post-thumbnail","hentry","category-archivadas"],"yoast_head":"<!-- This site is optimized with the Yoast SEO plugin v27.5 - https:\/\/yoast.com\/product\/yoast-seo-wordpress\/ -->\n<title>48\u00b0 aniversario de la Universidad Nacional de San Luis - Facultad de Ciencias Econ\u00f3micas, Jur\u00ed\u00addicas y Sociales<\/title>\n<meta name=\"robots\" content=\"index, follow, max-snippet:-1, max-image-preview:large, max-video-preview:-1\" \/>\n<link rel=\"canonical\" href=\"https:\/\/www.fcejs.unsl.edu.ar\/index.php\/48-aniversario-de-la-universidad-nacional-de-san-luis\/\" \/>\n<meta property=\"og:locale\" content=\"es_ES\" \/>\n<meta property=\"og:type\" content=\"article\" \/>\n<meta property=\"og:title\" content=\"48\u00b0 aniversario de la Universidad Nacional de San Luis - Facultad de Ciencias Econ\u00f3micas, Jur\u00ed\u00addicas y Sociales\" \/>\n<meta property=\"og:description\" content=\"El pr\u00f3ximo 10 de mayo de 2021, la Universidad Nacional de San Luis cumplir\u00e1 48 a\u00f1os desde su creaci\u00f3n. La Facultad de Ciencias Econ\u00f3micas, Jur\u00eddicas&hellip;\" \/>\n<meta property=\"og:url\" content=\"https:\/\/www.fcejs.unsl.edu.ar\/index.php\/48-aniversario-de-la-universidad-nacional-de-san-luis\/\" \/>\n<meta property=\"og:site_name\" content=\"Facultad de Ciencias Econ\u00f3micas, Jur\u00ed\u00addicas y Sociales\" \/>\n<meta property=\"article:publisher\" content=\"https:\/\/www.facebook.com\/FCEJS.UNSL\/\" \/>\n<meta property=\"article:published_time\" content=\"2021-05-07T13:55:31+00:00\" \/>\n<meta property=\"article:modified_time\" content=\"2021-05-11T10:43:36+00:00\" \/>\n<meta property=\"og:image\" content=\"https:\/\/www.fcejs.unsl.edu.ar\/wp-content\/uploads\/2021\/05\/rectorado.jpg\" \/>\n\t<meta property=\"og:image:width\" content=\"1061\" \/>\n\t<meta property=\"og:image:height\" content=\"600\" \/>\n\t<meta property=\"og:image:type\" content=\"image\/jpeg\" \/>\n<meta name=\"author\" content=\"DATI\" \/>\n<meta name=\"twitter:card\" content=\"summary_large_image\" \/>\n<meta name=\"twitter:creator\" content=\"@FCEJSUNSL\" \/>\n<meta name=\"twitter:site\" content=\"@FCEJSUNSL\" \/>\n<meta name=\"twitter:label1\" content=\"Escrito por\" \/>\n\t<meta name=\"twitter:data1\" content=\"DATI\" \/>\n\t<meta name=\"twitter:label2\" content=\"Tiempo de lectura\" \/>\n\t<meta name=\"twitter:data2\" content=\"2 minutos\" \/>\n<script type=\"application\/ld+json\" class=\"yoast-schema-graph\">{\"@context\":\"https:\\\/\\\/schema.org\",\"@graph\":[{\"@type\":\"Article\",\"@id\":\"https:\\\/\\\/www.fcejs.unsl.edu.ar\\\/index.php\\\/48-aniversario-de-la-universidad-nacional-de-san-luis\\\/#article\",\"isPartOf\":{\"@id\":\"https:\\\/\\\/www.fcejs.unsl.edu.ar\\\/index.php\\\/48-aniversario-de-la-universidad-nacional-de-san-luis\\\/\"},\"author\":{\"name\":\"DATI\",\"@id\":\"https:\\\/\\\/www.fcejs.unsl.edu.ar\\\/#\\\/schema\\\/person\\\/352ee6ed90c3f394c7cb5945f8956d34\"},\"headline\":\"48\u00b0 aniversario de la Universidad Nacional de San Luis\",\"datePublished\":\"2021-05-07T13:55:31+00:00\",\"dateModified\":\"2021-05-11T10:43:36+00:00\",\"mainEntityOfPage\":{\"@id\":\"https:\\\/\\\/www.fcejs.unsl.edu.ar\\\/index.php\\\/48-aniversario-de-la-universidad-nacional-de-san-luis\\\/\"},\"wordCount\":403,\"publisher\":{\"@id\":\"https:\\\/\\\/www.fcejs.unsl.edu.ar\\\/#organization\"},\"image\":{\"@id\":\"https:\\\/\\\/www.fcejs.unsl.edu.ar\\\/index.php\\\/48-aniversario-de-la-universidad-nacional-de-san-luis\\\/#primaryimage\"},\"thumbnailUrl\":\"https:\\\/\\\/www.fcejs.unsl.edu.ar\\\/wp-content\\\/uploads\\\/2021\\\/05\\\/rectorado.jpg\",\"articleSection\":[\"Archivadas\"],\"inLanguage\":\"es-AR\"},{\"@type\":\"WebPage\",\"@id\":\"https:\\\/\\\/www.fcejs.unsl.edu.ar\\\/index.php\\\/48-aniversario-de-la-universidad-nacional-de-san-luis\\\/\",\"url\":\"https:\\\/\\\/www.fcejs.unsl.edu.ar\\\/index.php\\\/48-aniversario-de-la-universidad-nacional-de-san-luis\\\/\",\"name\":\"48\u00b0 aniversario de la Universidad Nacional de San Luis - Facultad de Ciencias Econ\u00f3micas, Jur\u00ed\u00addicas y Sociales\",\"isPartOf\":{\"@id\":\"https:\\\/\\\/www.fcejs.unsl.edu.ar\\\/#website\"},\"primaryImageOfPage\":{\"@id\":\"https:\\\/\\\/www.fcejs.unsl.edu.ar\\\/index.php\\\/48-aniversario-de-la-universidad-nacional-de-san-luis\\\/#primaryimage\"},\"image\":{\"@id\":\"https:\\\/\\\/www.fcejs.unsl.edu.ar\\\/index.php\\\/48-aniversario-de-la-universidad-nacional-de-san-luis\\\/#primaryimage\"},\"thumbnailUrl\":\"https:\\\/\\\/www.fcejs.unsl.edu.ar\\\/wp-content\\\/uploads\\\/2021\\\/05\\\/rectorado.jpg\",\"datePublished\":\"2021-05-07T13:55:31+00:00\",\"dateModified\":\"2021-05-11T10:43:36+00:00\",\"breadcrumb\":{\"@id\":\"https:\\\/\\\/www.fcejs.unsl.edu.ar\\\/index.php\\\/48-aniversario-de-la-universidad-nacional-de-san-luis\\\/#breadcrumb\"},\"inLanguage\":\"es-AR\",\"potentialAction\":[{\"@type\":\"ReadAction\",\"target\":[\"https:\\\/\\\/www.fcejs.unsl.edu.ar\\\/index.php\\\/48-aniversario-de-la-universidad-nacional-de-san-luis\\\/\"]}]},{\"@type\":\"ImageObject\",\"inLanguage\":\"es-AR\",\"@id\":\"https:\\\/\\\/www.fcejs.unsl.edu.ar\\\/index.php\\\/48-aniversario-de-la-universidad-nacional-de-san-luis\\\/#primaryimage\",\"url\":\"https:\\\/\\\/www.fcejs.unsl.edu.ar\\\/wp-content\\\/uploads\\\/2021\\\/05\\\/rectorado.jpg\",\"contentUrl\":\"https:\\\/\\\/www.fcejs.unsl.edu.ar\\\/wp-content\\\/uploads\\\/2021\\\/05\\\/rectorado.jpg\",\"width\":1061,\"height\":600},{\"@type\":\"BreadcrumbList\",\"@id\":\"https:\\\/\\\/www.fcejs.unsl.edu.ar\\\/index.php\\\/48-aniversario-de-la-universidad-nacional-de-san-luis\\\/#breadcrumb\",\"itemListElement\":[{\"@type\":\"ListItem\",\"position\":1,\"name\":\"Inicio\",\"item\":\"https:\\\/\\\/www.fcejs.unsl.edu.ar\\\/\"},{\"@type\":\"ListItem\",\"position\":2,\"name\":\"48\u00b0 aniversario de la Universidad Nacional de San Luis\"}]},{\"@type\":\"WebSite\",\"@id\":\"https:\\\/\\\/www.fcejs.unsl.edu.ar\\\/#website\",\"url\":\"https:\\\/\\\/www.fcejs.unsl.edu.ar\\\/\",\"name\":\"Facultad de Ciencias Econ\u00f3micas, Jur\u00ed\u00addicas y Sociales\",\"description\":\"\",\"publisher\":{\"@id\":\"https:\\\/\\\/www.fcejs.unsl.edu.ar\\\/#organization\"},\"potentialAction\":[{\"@type\":\"SearchAction\",\"target\":{\"@type\":\"EntryPoint\",\"urlTemplate\":\"https:\\\/\\\/www.fcejs.unsl.edu.ar\\\/?s={search_term_string}\"},\"query-input\":{\"@type\":\"PropertyValueSpecification\",\"valueRequired\":true,\"valueName\":\"search_term_string\"}}],\"inLanguage\":\"es-AR\"},{\"@type\":\"Organization\",\"@id\":\"https:\\\/\\\/www.fcejs.unsl.edu.ar\\\/#organization\",\"name\":\"Facultad de Ciencias Econ\u00f3micas, Jur\u00eddicas y Sociales\",\"url\":\"https:\\\/\\\/www.fcejs.unsl.edu.ar\\\/\",\"logo\":{\"@type\":\"ImageObject\",\"inLanguage\":\"es-AR\",\"@id\":\"https:\\\/\\\/www.fcejs.unsl.edu.ar\\\/#\\\/schema\\\/logo\\\/image\\\/\",\"url\":\"https:\\\/\\\/www.fcejs.unsl.edu.ar\\\/wp-content\\\/uploads\\\/2021\\\/03\\\/logo-1.jpg\",\"contentUrl\":\"https:\\\/\\\/www.fcejs.unsl.edu.ar\\\/wp-content\\\/uploads\\\/2021\\\/03\\\/logo-1.jpg\",\"width\":471,\"height\":146,\"caption\":\"Facultad de Ciencias Econ\u00f3micas, Jur\u00eddicas y Sociales\"},\"image\":{\"@id\":\"https:\\\/\\\/www.fcejs.unsl.edu.ar\\\/#\\\/schema\\\/logo\\\/image\\\/\"},\"sameAs\":[\"https:\\\/\\\/www.facebook.com\\\/FCEJS.UNSL\\\/\",\"https:\\\/\\\/x.com\\\/FCEJSUNSL\",\"https:\\\/\\\/www.instagram.com\\\/fcejs.unsl\\\/\",\"https:\\\/\\\/www.youtube.com\\\/channel\\\/UCH-Ut6EaN_X5ogjIQMPe46g\\\/\"]},{\"@type\":\"Person\",\"@id\":\"https:\\\/\\\/www.fcejs.unsl.edu.ar\\\/#\\\/schema\\\/person\\\/352ee6ed90c3f394c7cb5945f8956d34\",\"name\":\"DATI\"}]}<\/script>\n<!-- \/ Yoast SEO plugin. -->","yoast_head_json":{"title":"48\u00b0 aniversario de la Universidad Nacional de San Luis - Facultad de Ciencias Econ\u00f3micas, Jur\u00ed\u00addicas y Sociales","robots":{"index":"index","follow":"follow","max-snippet":"max-snippet:-1","max-image-preview":"max-image-preview:large","max-video-preview":"max-video-preview:-1"},"canonical":"https:\/\/www.fcejs.unsl.edu.ar\/index.php\/48-aniversario-de-la-universidad-nacional-de-san-luis\/","og_locale":"es_ES","og_type":"article","og_title":"48\u00b0 aniversario de la Universidad Nacional de San Luis - Facultad de Ciencias Econ\u00f3micas, Jur\u00ed\u00addicas y Sociales","og_description":"El pr\u00f3ximo 10 de mayo de 2021, la Universidad Nacional de San Luis cumplir\u00e1 48 a\u00f1os desde su creaci\u00f3n. La Facultad de Ciencias Econ\u00f3micas, Jur\u00eddicas&hellip;","og_url":"https:\/\/www.fcejs.unsl.edu.ar\/index.php\/48-aniversario-de-la-universidad-nacional-de-san-luis\/","og_site_name":"Facultad de Ciencias Econ\u00f3micas, Jur\u00ed\u00addicas y Sociales","article_publisher":"https:\/\/www.facebook.com\/FCEJS.UNSL\/","article_published_time":"2021-05-07T13:55:31+00:00","article_modified_time":"2021-05-11T10:43:36+00:00","og_image":[{"width":1061,"height":600,"url":"https:\/\/www.fcejs.unsl.edu.ar\/wp-content\/uploads\/2021\/05\/rectorado.jpg","type":"image\/jpeg"}],"author":"DATI","twitter_card":"summary_large_image","twitter_creator":"@FCEJSUNSL","twitter_site":"@FCEJSUNSL","twitter_misc":{"Escrito por":"DATI","Tiempo de lectura":"2 minutos"},"schema":{"@context":"https:\/\/schema.org","@graph":[{"@type":"Article","@id":"https:\/\/www.fcejs.unsl.edu.ar\/index.php\/48-aniversario-de-la-universidad-nacional-de-san-luis\/#article","isPartOf":{"@id":"https:\/\/www.fcejs.unsl.edu.ar\/index.php\/48-aniversario-de-la-universidad-nacional-de-san-luis\/"},"author":{"name":"DATI","@id":"https:\/\/www.fcejs.unsl.edu.ar\/#\/schema\/person\/352ee6ed90c3f394c7cb5945f8956d34"},"headline":"48\u00b0 aniversario de la Universidad Nacional de San Luis","datePublished":"2021-05-07T13:55:31+00:00","dateModified":"2021-05-11T10:43:36+00:00","mainEntityOfPage":{"@id":"https:\/\/www.fcejs.unsl.edu.ar\/index.php\/48-aniversario-de-la-universidad-nacional-de-san-luis\/"},"wordCount":403,"publisher":{"@id":"https:\/\/www.fcejs.unsl.edu.ar\/#organization"},"image":{"@id":"https:\/\/www.fcejs.unsl.edu.ar\/index.php\/48-aniversario-de-la-universidad-nacional-de-san-luis\/#primaryimage"},"thumbnailUrl":"https:\/\/www.fcejs.unsl.edu.ar\/wp-content\/uploads\/2021\/05\/rectorado.jpg","articleSection":["Archivadas"],"inLanguage":"es-AR"},{"@type":"WebPage","@id":"https:\/\/www.fcejs.unsl.edu.ar\/index.php\/48-aniversario-de-la-universidad-nacional-de-san-luis\/","url":"https:\/\/www.fcejs.unsl.edu.ar\/index.php\/48-aniversario-de-la-universidad-nacional-de-san-luis\/","name":"48\u00b0 aniversario de la Universidad Nacional de San Luis - Facultad de Ciencias Econ\u00f3micas, Jur\u00ed\u00addicas y Sociales","isPartOf":{"@id":"https:\/\/www.fcejs.unsl.edu.ar\/#website"},"primaryImageOfPage":{"@id":"https:\/\/www.fcejs.unsl.edu.ar\/index.php\/48-aniversario-de-la-universidad-nacional-de-san-luis\/#primaryimage"},"image":{"@id":"https:\/\/www.fcejs.unsl.edu.ar\/index.php\/48-aniversario-de-la-universidad-nacional-de-san-luis\/#primaryimage"},"thumbnailUrl":"https:\/\/www.fcejs.unsl.edu.ar\/wp-content\/uploads\/2021\/05\/rectorado.jpg","datePublished":"2021-05-07T13:55:31+00:00","dateModified":"2021-05-11T10:43:36+00:00","breadcrumb":{"@id":"https:\/\/www.fcejs.unsl.edu.ar\/index.php\/48-aniversario-de-la-universidad-nacional-de-san-luis\/#breadcrumb"},"inLanguage":"es-AR","potentialAction":[{"@type":"ReadAction","target":["https:\/\/www.fcejs.unsl.edu.ar\/index.php\/48-aniversario-de-la-universidad-nacional-de-san-luis\/"]}]},{"@type":"ImageObject","inLanguage":"es-AR","@id":"https:\/\/www.fcejs.unsl.edu.ar\/index.php\/48-aniversario-de-la-universidad-nacional-de-san-luis\/#primaryimage","url":"https:\/\/www.fcejs.unsl.edu.ar\/wp-content\/uploads\/2021\/05\/rectorado.jpg","contentUrl":"https:\/\/www.fcejs.unsl.edu.ar\/wp-content\/uploads\/2021\/05\/rectorado.jpg","width":1061,"height":600},{"@type":"BreadcrumbList","@id":"https:\/\/www.fcejs.unsl.edu.ar\/index.php\/48-aniversario-de-la-universidad-nacional-de-san-luis\/#breadcrumb","itemListElement":[{"@type":"ListItem","position":1,"name":"Inicio","item":"https:\/\/www.fcejs.unsl.edu.ar\/"},{"@type":"ListItem","position":2,"name":"48\u00b0 aniversario de la Universidad Nacional de San Luis"}]},{"@type":"WebSite","@id":"https:\/\/www.fcejs.unsl.edu.ar\/#website","url":"https:\/\/www.fcejs.unsl.edu.ar\/","name":"Facultad de Ciencias Econ\u00f3micas, Jur\u00ed\u00addicas y Sociales","description":"","publisher":{"@id":"https:\/\/www.fcejs.unsl.edu.ar\/#organization"},"potentialAction":[{"@type":"SearchAction","target":{"@type":"EntryPoint","urlTemplate":"https:\/\/www.fcejs.unsl.edu.ar\/?s={search_term_string}"},"query-input":{"@type":"PropertyValueSpecification","valueRequired":true,"valueName":"search_term_string"}}],"inLanguage":"es-AR"},{"@type":"Organization","@id":"https:\/\/www.fcejs.unsl.edu.ar\/#organization","name":"Facultad de Ciencias Econ\u00f3micas, Jur\u00eddicas y Sociales","url":"https:\/\/www.fcejs.unsl.edu.ar\/","logo":{"@type":"ImageObject","inLanguage":"es-AR","@id":"https:\/\/www.fcejs.unsl.edu.ar\/#\/schema\/logo\/image\/","url":"https:\/\/www.fcejs.unsl.edu.ar\/wp-content\/uploads\/2021\/03\/logo-1.jpg","contentUrl":"https:\/\/www.fcejs.unsl.edu.ar\/wp-content\/uploads\/2021\/03\/logo-1.jpg","width":471,"height":146,"caption":"Facultad de Ciencias Econ\u00f3micas, Jur\u00eddicas y Sociales"},"image":{"@id":"https:\/\/www.fcejs.unsl.edu.ar\/#\/schema\/logo\/image\/"},"sameAs":["https:\/\/www.facebook.com\/FCEJS.UNSL\/","https:\/\/x.com\/FCEJSUNSL","https:\/\/www.instagram.com\/fcejs.unsl\/","https:\/\/www.youtube.com\/channel\/UCH-Ut6EaN_X5ogjIQMPe46g\/"]},{"@type":"Person","@id":"https:\/\/www.fcejs.unsl.edu.ar\/#\/schema\/person\/352ee6ed90c3f394c7cb5945f8956d34","name":"DATI"}]}},"jetpack_featured_media_url":"https:\/\/www.fcejs.unsl.edu.ar\/wp-content\/uploads\/2021\/05\/rectorado.jpg","_links":{"self":[{"href":"https:\/\/www.fcejs.unsl.edu.ar\/index.php\/wp-json\/wp\/v2\/posts\/3480","targetHints":{"allow":["GET"]}}],"collection":[{"href":"https:\/\/www.fcejs.unsl.edu.ar\/index.php\/wp-json\/wp\/v2\/posts"}],"about":[{"href":"https:\/\/www.fcejs.unsl.edu.ar\/index.php\/wp-json\/wp\/v2\/types\/post"}],"author":[{"embeddable":true,"href":"https:\/\/www.fcejs.unsl.edu.ar\/index.php\/wp-json\/wp\/v2\/users\/9"}],"replies":[{"embeddable":true,"href":"https:\/\/www.fcejs.unsl.edu.ar\/index.php\/wp-json\/wp\/v2\/comments?post=3480"}],"version-history":[{"count":4,"href":"https:\/\/www.fcejs.unsl.edu.ar\/index.php\/wp-json\/wp\/v2\/posts\/3480\/revisions"}],"predecessor-version":[{"id":3491,"href":"https:\/\/www.fcejs.unsl.edu.ar\/index.php\/wp-json\/wp\/v2\/posts\/3480\/revisions\/3491"}],"wp:featuredmedia":[{"embeddable":true,"href":"https:\/\/www.fcejs.unsl.edu.ar\/index.php\/wp-json\/wp\/v2\/media\/3482"}],"wp:attachment":[{"href":"https:\/\/www.fcejs.unsl.edu.ar\/index.php\/wp-json\/wp\/v2\/media?parent=3480"}],"wp:term":[{"taxonomy":"category","embeddable":true,"href":"https:\/\/www.fcejs.unsl.edu.ar\/index.php\/wp-json\/wp\/v2\/categories?post=3480"},{"taxonomy":"post_tag","embeddable":true,"href":"https:\/\/www.fcejs.unsl.edu.ar\/index.php\/wp-json\/wp\/v2\/tags?post=3480"}],"curies":[{"name":"wp","href":"https:\/\/api.w.org\/{rel}","templated":true}]}}