{"id":3430,"date":"2021-05-05T12:37:12","date_gmt":"2021-05-05T15:37:12","guid":{"rendered":"http:\/\/10.101.10.197\/www\/?p=3430"},"modified":"2021-05-11T07:43:54","modified_gmt":"2021-05-11T10:43:54","slug":"con-dos-actos-la-unsl-celebrara-su-48o-aniversario","status":"publish","type":"post","link":"https:\/\/www.fcejs.unsl.edu.ar\/index.php\/con-dos-actos-la-unsl-celebrara-su-48o-aniversario\/","title":{"rendered":"Con dos actos la UNSL celebrar\u00e1 su 48\u00ba aniversario"},"content":{"rendered":"<p>De manera virtual, en dos (2) etapas y con presencialidad reducida se realizar\u00e1 el evento por el 48\u00ba aniversario de la Universidad Nacional de San Luis (UNSL). La comunidad universitaria y general podr\u00e1 seguir los eventos desde el <a href=\"https:\/\/www.youtube.com\/channel\/UCZZWwoQL1ZpRU-8hdsrUpew\">Canal de Youtube de UNSL TV.<\/a><\/p>\n<p>El lunes 10 de mayo a las 10:00 de la ma\u00f1ana y desde el Auditorio Mauricio L\u00f3pez tendr\u00e1 lugar la primera parte del acto. En esta oportunidad, luego de la apertura y la conformaci\u00f3n de la mesa acad\u00e9mica, se har\u00e1 entrega del reconocimiento del personal con 25 y 35 a\u00f1os de trayectoria y a los\/as jubilados\/as de la Instituci\u00f3n. Para ello solo estar\u00e1n presentes tres (3) representantes de dichos grupos, quienes recibir\u00e1n las distinciones y una cuarta persona que hablar\u00e1 en nombre de todos\/as.<\/p>\n<p>En el acto tambi\u00e9n se realizar\u00e1 un reconocimiento por los 30 a\u00f1os de Radio Universidad. Por ello, se proyectar\u00e1 un video sobre la historia de la emisora y se le har\u00e1 un reconocimiento a Mar\u00eda In\u00e9s Cuello por su trayectoria en la radiofon\u00eda.<\/p>\n<p>Luego, se realizar\u00e1 un reconocimiento a los Rectores de la UNSL de la democracia. En ese momento del acto, se har\u00e1 una distinci\u00f3n al primer rector Mauricio L\u00f3pez y se proyectar\u00e1 el adelanto del documental\u00a0<em>Memoria habitada<\/em>\u00a0de UNSL Tv. Posteriormente recibir\u00e1n un reconocimiento los\/as ex rectores\/as Esther Picco, Chango Arias, Jos\u00e9 Riccardo, F\u00e9lix Nieto Quintas y Andrea Puchm\u00fcller, en nombre de su padre, Alberto Puchm\u00fcller.<\/p>\n<p>En un momento posterior del acto del lunes, se dar\u00e1 a conocer en sociedad el trailer de\u00a0<em>En retrospectiva<\/em>, documental del canal universitario con entrevistas a los Rectores de la democracia. Luego, se realizar\u00e1 la inauguraci\u00f3n del \u00abMural de los Rectores\u00bb, en el hall del segundo piso de Rectorado.<\/p>\n<p>El evento culminar\u00e1 con las palabras del rector C.P.N V\u00edctor Mori\u00f1igo. Luego, una comitiva reducida de autoridades visitar\u00e1 Radio Universidad para descubrir una placa conmemorativa por los 30 a\u00f1os de la emisora.<\/p>\n<p>El d\u00eda martes se realizar\u00e1 la segunda parte del acto a las 11:00 de la ma\u00f1ana. En esta oportunidad, el Rector har\u00e1 entrega de los Premios\u00a0<em>Rector Mauricio Am\u00edlcar L\u00f3pez<\/em>\u00a0y\u00a0<em>Polo Godoy Rojo<\/em>.<\/p>\n<p>En ambos actos participar\u00e1n de manera presencial solamente autoridades de la UNSL (Rector, Decanas y Decanos) y algunas de las personas distinguidas, quienes cumplir\u00e1n un estricto protocolo de distancia y utilizaci\u00f3n obligatoria de tapabocas. El resto de la comunidad podr\u00e1 seguir los eventos desde la virtualidad.<\/p>\n<p>Segu\u00ed en vivo los actos por los 48 a\u00f1os de la UNSL desde los siguientes enlaces:<br \/>\n<strong><a href=\"https:\/\/www.youtube.com\/watch?v=NytTRhgs6Bk\">Acto aniversario lunes 10 de mayo<\/a><\/strong><br \/>\n<strong><a href=\"https:\/\/www.youtube.com\/watch?v=W1aQ2Wx2UDY&amp;feature=youtu.be\">Acto aniversario martes 11 de mayo<\/a><\/strong><\/p>\n","protected":false},"excerpt":{"rendered":"<p>De manera virtual, en dos (2) etapas y con presencialidad reducida se realizar\u00e1 el evento por el 48\u00ba aniversario de la Universidad Nacional de San&hellip;<\/p>\n","protected":false},"author":9,"featured_media":3436,"comment_status":"closed","ping_status":"closed","sticky":false,"template":"","format":"standard","meta":{"om_disable_all_campaigns":false,"_monsterinsights_skip_tracking":false,"_monsterinsights_sitenote_active":false,"_monsterinsights_sitenote_note":"","_monsterinsights_sitenote_category":0,"footnotes":""},"categories":[21],"tags":[],"class_list":["post-3430","post","type-post","status-publish","format-standard","has-post-thumbnail","hentry","category-archivadas"],"yoast_head":"<!-- This site is optimized with the Yoast SEO plugin v27.5 - https:\/\/yoast.com\/product\/yoast-seo-wordpress\/ -->\n<title>Con dos actos la UNSL celebrar\u00e1 su 48\u00ba aniversario - Facultad de Ciencias Econ\u00f3micas, Jur\u00ed\u00addicas y Sociales<\/title>\n<meta name=\"robots\" content=\"index, follow, max-snippet:-1, max-image-preview:large, max-video-preview:-1\" \/>\n<link rel=\"canonical\" href=\"https:\/\/www.fcejs.unsl.edu.ar\/index.php\/con-dos-actos-la-unsl-celebrara-su-48o-aniversario\/\" \/>\n<meta property=\"og:locale\" content=\"es_ES\" \/>\n<meta property=\"og:type\" content=\"article\" \/>\n<meta property=\"og:title\" content=\"Con dos actos la UNSL celebrar\u00e1 su 48\u00ba aniversario - Facultad de Ciencias Econ\u00f3micas, Jur\u00ed\u00addicas y Sociales\" \/>\n<meta property=\"og:description\" content=\"De manera virtual, en dos (2) etapas y con presencialidad reducida se realizar\u00e1 el evento por el 48\u00ba aniversario de la Universidad Nacional de San&hellip;\" \/>\n<meta property=\"og:url\" content=\"https:\/\/www.fcejs.unsl.edu.ar\/index.php\/con-dos-actos-la-unsl-celebrara-su-48o-aniversario\/\" \/>\n<meta property=\"og:site_name\" content=\"Facultad de Ciencias Econ\u00f3micas, Jur\u00ed\u00addicas y Sociales\" \/>\n<meta property=\"article:publisher\" content=\"https:\/\/www.facebook.com\/FCEJS.UNSL\/\" \/>\n<meta property=\"article:published_time\" content=\"2021-05-05T15:37:12+00:00\" \/>\n<meta property=\"article:modified_time\" content=\"2021-05-11T10:43:54+00:00\" \/>\n<meta property=\"og:image\" content=\"https:\/\/www.fcejs.unsl.edu.ar\/wp-content\/uploads\/2021\/05\/acto-aniversario.jpg\" \/>\n\t<meta property=\"og:image:width\" content=\"1061\" \/>\n\t<meta property=\"og:image:height\" content=\"600\" \/>\n\t<meta property=\"og:image:type\" content=\"image\/jpeg\" \/>\n<meta name=\"author\" content=\"DATI\" \/>\n<meta name=\"twitter:card\" content=\"summary_large_image\" \/>\n<meta name=\"twitter:creator\" content=\"@FCEJSUNSL\" \/>\n<meta name=\"twitter:site\" content=\"@FCEJSUNSL\" \/>\n<meta name=\"twitter:label1\" content=\"Escrito por\" \/>\n\t<meta name=\"twitter:data1\" content=\"DATI\" \/>\n\t<meta name=\"twitter:label2\" content=\"Tiempo de lectura\" \/>\n\t<meta name=\"twitter:data2\" content=\"2 minutos\" \/>\n<script type=\"application\/ld+json\" class=\"yoast-schema-graph\">{\"@context\":\"https:\\\/\\\/schema.org\",\"@graph\":[{\"@type\":\"Article\",\"@id\":\"https:\\\/\\\/www.fcejs.unsl.edu.ar\\\/index.php\\\/con-dos-actos-la-unsl-celebrara-su-48o-aniversario\\\/#article\",\"isPartOf\":{\"@id\":\"https:\\\/\\\/www.fcejs.unsl.edu.ar\\\/index.php\\\/con-dos-actos-la-unsl-celebrara-su-48o-aniversario\\\/\"},\"author\":{\"name\":\"DATI\",\"@id\":\"https:\\\/\\\/www.fcejs.unsl.edu.ar\\\/#\\\/schema\\\/person\\\/352ee6ed90c3f394c7cb5945f8956d34\"},\"headline\":\"Con dos actos la UNSL celebrar\u00e1 su 48\u00ba aniversario\",\"datePublished\":\"2021-05-05T15:37:12+00:00\",\"dateModified\":\"2021-05-11T10:43:54+00:00\",\"mainEntityOfPage\":{\"@id\":\"https:\\\/\\\/www.fcejs.unsl.edu.ar\\\/index.php\\\/con-dos-actos-la-unsl-celebrara-su-48o-aniversario\\\/\"},\"wordCount\":459,\"publisher\":{\"@id\":\"https:\\\/\\\/www.fcejs.unsl.edu.ar\\\/#organization\"},\"image\":{\"@id\":\"https:\\\/\\\/www.fcejs.unsl.edu.ar\\\/index.php\\\/con-dos-actos-la-unsl-celebrara-su-48o-aniversario\\\/#primaryimage\"},\"thumbnailUrl\":\"https:\\\/\\\/www.fcejs.unsl.edu.ar\\\/wp-content\\\/uploads\\\/2021\\\/05\\\/acto-aniversario.jpg\",\"articleSection\":[\"Archivadas\"],\"inLanguage\":\"es-AR\"},{\"@type\":\"WebPage\",\"@id\":\"https:\\\/\\\/www.fcejs.unsl.edu.ar\\\/index.php\\\/con-dos-actos-la-unsl-celebrara-su-48o-aniversario\\\/\",\"url\":\"https:\\\/\\\/www.fcejs.unsl.edu.ar\\\/index.php\\\/con-dos-actos-la-unsl-celebrara-su-48o-aniversario\\\/\",\"name\":\"Con dos actos la UNSL celebrar\u00e1 su 48\u00ba aniversario - Facultad de Ciencias Econ\u00f3micas, Jur\u00ed\u00addicas y Sociales\",\"isPartOf\":{\"@id\":\"https:\\\/\\\/www.fcejs.unsl.edu.ar\\\/#website\"},\"primaryImageOfPage\":{\"@id\":\"https:\\\/\\\/www.fcejs.unsl.edu.ar\\\/index.php\\\/con-dos-actos-la-unsl-celebrara-su-48o-aniversario\\\/#primaryimage\"},\"image\":{\"@id\":\"https:\\\/\\\/www.fcejs.unsl.edu.ar\\\/index.php\\\/con-dos-actos-la-unsl-celebrara-su-48o-aniversario\\\/#primaryimage\"},\"thumbnailUrl\":\"https:\\\/\\\/www.fcejs.unsl.edu.ar\\\/wp-content\\\/uploads\\\/2021\\\/05\\\/acto-aniversario.jpg\",\"datePublished\":\"2021-05-05T15:37:12+00:00\",\"dateModified\":\"2021-05-11T10:43:54+00:00\",\"breadcrumb\":{\"@id\":\"https:\\\/\\\/www.fcejs.unsl.edu.ar\\\/index.php\\\/con-dos-actos-la-unsl-celebrara-su-48o-aniversario\\\/#breadcrumb\"},\"inLanguage\":\"es-AR\",\"potentialAction\":[{\"@type\":\"ReadAction\",\"target\":[\"https:\\\/\\\/www.fcejs.unsl.edu.ar\\\/index.php\\\/con-dos-actos-la-unsl-celebrara-su-48o-aniversario\\\/\"]}]},{\"@type\":\"ImageObject\",\"inLanguage\":\"es-AR\",\"@id\":\"https:\\\/\\\/www.fcejs.unsl.edu.ar\\\/index.php\\\/con-dos-actos-la-unsl-celebrara-su-48o-aniversario\\\/#primaryimage\",\"url\":\"https:\\\/\\\/www.fcejs.unsl.edu.ar\\\/wp-content\\\/uploads\\\/2021\\\/05\\\/acto-aniversario.jpg\",\"contentUrl\":\"https:\\\/\\\/www.fcejs.unsl.edu.ar\\\/wp-content\\\/uploads\\\/2021\\\/05\\\/acto-aniversario.jpg\",\"width\":1061,\"height\":600},{\"@type\":\"BreadcrumbList\",\"@id\":\"https:\\\/\\\/www.fcejs.unsl.edu.ar\\\/index.php\\\/con-dos-actos-la-unsl-celebrara-su-48o-aniversario\\\/#breadcrumb\",\"itemListElement\":[{\"@type\":\"ListItem\",\"position\":1,\"name\":\"Inicio\",\"item\":\"https:\\\/\\\/www.fcejs.unsl.edu.ar\\\/\"},{\"@type\":\"ListItem\",\"position\":2,\"name\":\"Con dos actos la UNSL celebrar\u00e1 su 48\u00ba aniversario\"}]},{\"@type\":\"WebSite\",\"@id\":\"https:\\\/\\\/www.fcejs.unsl.edu.ar\\\/#website\",\"url\":\"https:\\\/\\\/www.fcejs.unsl.edu.ar\\\/\",\"name\":\"Facultad de Ciencias Econ\u00f3micas, Jur\u00ed\u00addicas y Sociales\",\"description\":\"\",\"publisher\":{\"@id\":\"https:\\\/\\\/www.fcejs.unsl.edu.ar\\\/#organization\"},\"potentialAction\":[{\"@type\":\"SearchAction\",\"target\":{\"@type\":\"EntryPoint\",\"urlTemplate\":\"https:\\\/\\\/www.fcejs.unsl.edu.ar\\\/?s={search_term_string}\"},\"query-input\":{\"@type\":\"PropertyValueSpecification\",\"valueRequired\":true,\"valueName\":\"search_term_string\"}}],\"inLanguage\":\"es-AR\"},{\"@type\":\"Organization\",\"@id\":\"https:\\\/\\\/www.fcejs.unsl.edu.ar\\\/#organization\",\"name\":\"Facultad de Ciencias Econ\u00f3micas, Jur\u00eddicas y Sociales\",\"url\":\"https:\\\/\\\/www.fcejs.unsl.edu.ar\\\/\",\"logo\":{\"@type\":\"ImageObject\",\"inLanguage\":\"es-AR\",\"@id\":\"https:\\\/\\\/www.fcejs.unsl.edu.ar\\\/#\\\/schema\\\/logo\\\/image\\\/\",\"url\":\"https:\\\/\\\/www.fcejs.unsl.edu.ar\\\/wp-content\\\/uploads\\\/2021\\\/03\\\/logo-1.jpg\",\"contentUrl\":\"https:\\\/\\\/www.fcejs.unsl.edu.ar\\\/wp-content\\\/uploads\\\/2021\\\/03\\\/logo-1.jpg\",\"width\":471,\"height\":146,\"caption\":\"Facultad de Ciencias Econ\u00f3micas, Jur\u00eddicas y Sociales\"},\"image\":{\"@id\":\"https:\\\/\\\/www.fcejs.unsl.edu.ar\\\/#\\\/schema\\\/logo\\\/image\\\/\"},\"sameAs\":[\"https:\\\/\\\/www.facebook.com\\\/FCEJS.UNSL\\\/\",\"https:\\\/\\\/x.com\\\/FCEJSUNSL\",\"https:\\\/\\\/www.instagram.com\\\/fcejs.unsl\\\/\",\"https:\\\/\\\/www.youtube.com\\\/channel\\\/UCH-Ut6EaN_X5ogjIQMPe46g\\\/\"]},{\"@type\":\"Person\",\"@id\":\"https:\\\/\\\/www.fcejs.unsl.edu.ar\\\/#\\\/schema\\\/person\\\/352ee6ed90c3f394c7cb5945f8956d34\",\"name\":\"DATI\"}]}<\/script>\n<!-- \/ Yoast SEO plugin. -->","yoast_head_json":{"title":"Con dos actos la UNSL celebrar\u00e1 su 48\u00ba aniversario - Facultad de Ciencias Econ\u00f3micas, Jur\u00ed\u00addicas y Sociales","robots":{"index":"index","follow":"follow","max-snippet":"max-snippet:-1","max-image-preview":"max-image-preview:large","max-video-preview":"max-video-preview:-1"},"canonical":"https:\/\/www.fcejs.unsl.edu.ar\/index.php\/con-dos-actos-la-unsl-celebrara-su-48o-aniversario\/","og_locale":"es_ES","og_type":"article","og_title":"Con dos actos la UNSL celebrar\u00e1 su 48\u00ba aniversario - Facultad de Ciencias Econ\u00f3micas, Jur\u00ed\u00addicas y Sociales","og_description":"De manera virtual, en dos (2) etapas y con presencialidad reducida se realizar\u00e1 el evento por el 48\u00ba aniversario de la Universidad Nacional de San&hellip;","og_url":"https:\/\/www.fcejs.unsl.edu.ar\/index.php\/con-dos-actos-la-unsl-celebrara-su-48o-aniversario\/","og_site_name":"Facultad de Ciencias Econ\u00f3micas, Jur\u00ed\u00addicas y Sociales","article_publisher":"https:\/\/www.facebook.com\/FCEJS.UNSL\/","article_published_time":"2021-05-05T15:37:12+00:00","article_modified_time":"2021-05-11T10:43:54+00:00","og_image":[{"width":1061,"height":600,"url":"https:\/\/www.fcejs.unsl.edu.ar\/wp-content\/uploads\/2021\/05\/acto-aniversario.jpg","type":"image\/jpeg"}],"author":"DATI","twitter_card":"summary_large_image","twitter_creator":"@FCEJSUNSL","twitter_site":"@FCEJSUNSL","twitter_misc":{"Escrito por":"DATI","Tiempo de lectura":"2 minutos"},"schema":{"@context":"https:\/\/schema.org","@graph":[{"@type":"Article","@id":"https:\/\/www.fcejs.unsl.edu.ar\/index.php\/con-dos-actos-la-unsl-celebrara-su-48o-aniversario\/#article","isPartOf":{"@id":"https:\/\/www.fcejs.unsl.edu.ar\/index.php\/con-dos-actos-la-unsl-celebrara-su-48o-aniversario\/"},"author":{"name":"DATI","@id":"https:\/\/www.fcejs.unsl.edu.ar\/#\/schema\/person\/352ee6ed90c3f394c7cb5945f8956d34"},"headline":"Con dos actos la UNSL celebrar\u00e1 su 48\u00ba aniversario","datePublished":"2021-05-05T15:37:12+00:00","dateModified":"2021-05-11T10:43:54+00:00","mainEntityOfPage":{"@id":"https:\/\/www.fcejs.unsl.edu.ar\/index.php\/con-dos-actos-la-unsl-celebrara-su-48o-aniversario\/"},"wordCount":459,"publisher":{"@id":"https:\/\/www.fcejs.unsl.edu.ar\/#organization"},"image":{"@id":"https:\/\/www.fcejs.unsl.edu.ar\/index.php\/con-dos-actos-la-unsl-celebrara-su-48o-aniversario\/#primaryimage"},"thumbnailUrl":"https:\/\/www.fcejs.unsl.edu.ar\/wp-content\/uploads\/2021\/05\/acto-aniversario.jpg","articleSection":["Archivadas"],"inLanguage":"es-AR"},{"@type":"WebPage","@id":"https:\/\/www.fcejs.unsl.edu.ar\/index.php\/con-dos-actos-la-unsl-celebrara-su-48o-aniversario\/","url":"https:\/\/www.fcejs.unsl.edu.ar\/index.php\/con-dos-actos-la-unsl-celebrara-su-48o-aniversario\/","name":"Con dos actos la UNSL celebrar\u00e1 su 48\u00ba aniversario - Facultad de Ciencias Econ\u00f3micas, Jur\u00ed\u00addicas y Sociales","isPartOf":{"@id":"https:\/\/www.fcejs.unsl.edu.ar\/#website"},"primaryImageOfPage":{"@id":"https:\/\/www.fcejs.unsl.edu.ar\/index.php\/con-dos-actos-la-unsl-celebrara-su-48o-aniversario\/#primaryimage"},"image":{"@id":"https:\/\/www.fcejs.unsl.edu.ar\/index.php\/con-dos-actos-la-unsl-celebrara-su-48o-aniversario\/#primaryimage"},"thumbnailUrl":"https:\/\/www.fcejs.unsl.edu.ar\/wp-content\/uploads\/2021\/05\/acto-aniversario.jpg","datePublished":"2021-05-05T15:37:12+00:00","dateModified":"2021-05-11T10:43:54+00:00","breadcrumb":{"@id":"https:\/\/www.fcejs.unsl.edu.ar\/index.php\/con-dos-actos-la-unsl-celebrara-su-48o-aniversario\/#breadcrumb"},"inLanguage":"es-AR","potentialAction":[{"@type":"ReadAction","target":["https:\/\/www.fcejs.unsl.edu.ar\/index.php\/con-dos-actos-la-unsl-celebrara-su-48o-aniversario\/"]}]},{"@type":"ImageObject","inLanguage":"es-AR","@id":"https:\/\/www.fcejs.unsl.edu.ar\/index.php\/con-dos-actos-la-unsl-celebrara-su-48o-aniversario\/#primaryimage","url":"https:\/\/www.fcejs.unsl.edu.ar\/wp-content\/uploads\/2021\/05\/acto-aniversario.jpg","contentUrl":"https:\/\/www.fcejs.unsl.edu.ar\/wp-content\/uploads\/2021\/05\/acto-aniversario.jpg","width":1061,"height":600},{"@type":"BreadcrumbList","@id":"https:\/\/www.fcejs.unsl.edu.ar\/index.php\/con-dos-actos-la-unsl-celebrara-su-48o-aniversario\/#breadcrumb","itemListElement":[{"@type":"ListItem","position":1,"name":"Inicio","item":"https:\/\/www.fcejs.unsl.edu.ar\/"},{"@type":"ListItem","position":2,"name":"Con dos actos la UNSL celebrar\u00e1 su 48\u00ba aniversario"}]},{"@type":"WebSite","@id":"https:\/\/www.fcejs.unsl.edu.ar\/#website","url":"https:\/\/www.fcejs.unsl.edu.ar\/","name":"Facultad de Ciencias Econ\u00f3micas, Jur\u00ed\u00addicas y Sociales","description":"","publisher":{"@id":"https:\/\/www.fcejs.unsl.edu.ar\/#organization"},"potentialAction":[{"@type":"SearchAction","target":{"@type":"EntryPoint","urlTemplate":"https:\/\/www.fcejs.unsl.edu.ar\/?s={search_term_string}"},"query-input":{"@type":"PropertyValueSpecification","valueRequired":true,"valueName":"search_term_string"}}],"inLanguage":"es-AR"},{"@type":"Organization","@id":"https:\/\/www.fcejs.unsl.edu.ar\/#organization","name":"Facultad de Ciencias Econ\u00f3micas, Jur\u00eddicas y Sociales","url":"https:\/\/www.fcejs.unsl.edu.ar\/","logo":{"@type":"ImageObject","inLanguage":"es-AR","@id":"https:\/\/www.fcejs.unsl.edu.ar\/#\/schema\/logo\/image\/","url":"https:\/\/www.fcejs.unsl.edu.ar\/wp-content\/uploads\/2021\/03\/logo-1.jpg","contentUrl":"https:\/\/www.fcejs.unsl.edu.ar\/wp-content\/uploads\/2021\/03\/logo-1.jpg","width":471,"height":146,"caption":"Facultad de Ciencias Econ\u00f3micas, Jur\u00eddicas y Sociales"},"image":{"@id":"https:\/\/www.fcejs.unsl.edu.ar\/#\/schema\/logo\/image\/"},"sameAs":["https:\/\/www.facebook.com\/FCEJS.UNSL\/","https:\/\/x.com\/FCEJSUNSL","https:\/\/www.instagram.com\/fcejs.unsl\/","https:\/\/www.youtube.com\/channel\/UCH-Ut6EaN_X5ogjIQMPe46g\/"]},{"@type":"Person","@id":"https:\/\/www.fcejs.unsl.edu.ar\/#\/schema\/person\/352ee6ed90c3f394c7cb5945f8956d34","name":"DATI"}]}},"jetpack_featured_media_url":"https:\/\/www.fcejs.unsl.edu.ar\/wp-content\/uploads\/2021\/05\/acto-aniversario.jpg","_links":{"self":[{"href":"https:\/\/www.fcejs.unsl.edu.ar\/index.php\/wp-json\/wp\/v2\/posts\/3430","targetHints":{"allow":["GET"]}}],"collection":[{"href":"https:\/\/www.fcejs.unsl.edu.ar\/index.php\/wp-json\/wp\/v2\/posts"}],"about":[{"href":"https:\/\/www.fcejs.unsl.edu.ar\/index.php\/wp-json\/wp\/v2\/types\/post"}],"author":[{"embeddable":true,"href":"https:\/\/www.fcejs.unsl.edu.ar\/index.php\/wp-json\/wp\/v2\/users\/9"}],"replies":[{"embeddable":true,"href":"https:\/\/www.fcejs.unsl.edu.ar\/index.php\/wp-json\/wp\/v2\/comments?post=3430"}],"version-history":[{"count":2,"href":"https:\/\/www.fcejs.unsl.edu.ar\/index.php\/wp-json\/wp\/v2\/posts\/3430\/revisions"}],"predecessor-version":[{"id":3450,"href":"https:\/\/www.fcejs.unsl.edu.ar\/index.php\/wp-json\/wp\/v2\/posts\/3430\/revisions\/3450"}],"wp:featuredmedia":[{"embeddable":true,"href":"https:\/\/www.fcejs.unsl.edu.ar\/index.php\/wp-json\/wp\/v2\/media\/3436"}],"wp:attachment":[{"href":"https:\/\/www.fcejs.unsl.edu.ar\/index.php\/wp-json\/wp\/v2\/media?parent=3430"}],"wp:term":[{"taxonomy":"category","embeddable":true,"href":"https:\/\/www.fcejs.unsl.edu.ar\/index.php\/wp-json\/wp\/v2\/categories?post=3430"},{"taxonomy":"post_tag","embeddable":true,"href":"https:\/\/www.fcejs.unsl.edu.ar\/index.php\/wp-json\/wp\/v2\/tags?post=3430"}],"curies":[{"name":"wp","href":"https:\/\/api.w.org\/{rel}","templated":true}]}}