{"id":3426,"date":"2021-05-04T23:29:05","date_gmt":"2021-05-05T02:29:05","guid":{"rendered":"http:\/\/10.101.10.197\/www\/?p=3426"},"modified":"2021-06-08T12:38:28","modified_gmt":"2021-06-08T15:38:28","slug":"abrio-la-convocatoria-proyectos-federales-de-innovacion-2021","status":"publish","type":"post","link":"https:\/\/www.fcejs.unsl.edu.ar\/index.php\/abrio-la-convocatoria-proyectos-federales-de-innovacion-2021\/","title":{"rendered":"Abri\u00f3 la convocatoria \u201cProyectos Federales de Innovaci\u00f3n 2021\u201d"},"content":{"rendered":"<p>Ya se encuentra abierta la convocatoria \u201cProyectos Federales de Innovaci\u00f3n 2021\u201d (PFI 2021) para la presentaci\u00f3n de proyectos de generaci\u00f3n y transferencia del conocimiento cient\u00edfico-tecnol\u00f3gico para la soluci\u00f3n a problemas sociales, productivos y ambientales espec\u00edficos.\u00a0<strong>El Ministerio de Ciencia, Tecnolog\u00eda e Innovaci\u00f3n (MINCyT) destinar\u00e1 un monto total de 480 millones de pesos para la adjudicaci\u00f3n de aportes no reembolsables (ANR). Cada jurisdicci\u00f3n podr\u00e1 solicitar un financiamiento de hasta 20 millones de pesos. <\/strong><\/p>\n<p><strong>Hasta el 17 de junio del corriente a\u00f1o hay tiempo para presentar los proyectos<\/strong>, de manera digital, por las Unidades de Vinculaci\u00f3n Tecnol\u00f3gica (UVT) habilitadas de cada provincia.<\/p>\n<p>Desde la Subsecretar\u00eda de Federalizaci\u00f3n de la Ciencia, Tecnolog\u00eda e Innovaci\u00f3n en colaboraci\u00f3n con el Consejo Federal de Ciencia y Tecnolog\u00eda (COFECyT), se busca federalizar la ciencia y la tecnolog\u00eda, acortar asimetr\u00edas en el acceso al conocimiento y promover una cultura innovadora territorial e inclusiva. En este sentido, las autoridades provinciales en el \u00e1rea gubernamental de Ciencia y Tecnolog\u00eda, acreditadas ante el Consejo, evaluar\u00e1n y jerarquizar\u00e1n los proyectos de acuerdo a las \u00e1reas que cada una considere prioritarias de acuerdo a las agendas socio-productivas y ambientales.<\/p>\n<p><strong>Qui\u00e9nes pueden ser beneficiarios.<\/strong>\u00a0Pueden participar los organismos y empresas p\u00fablicas, los municipios, las universidades, las instituciones del sistema cient\u00edfico y tecnol\u00f3gico, las organizaciones no gubernamentales, las empresas privadas, las c\u00e1maras, las federaciones y confederaciones empresarias, las cooperativas, los actores sociales con personer\u00eda jur\u00eddica, y, en general, todas las personas jur\u00eddicas constituidas como tales al momento de la presentaci\u00f3n del proyecto, que est\u00e9n radicadas y debidamente inscriptas en el territorio nacional (quedan excluidas las personas humanas).<\/p>\n<p><strong>Financiaci\u00f3n.<\/strong>\u00a0Cabe destacar que el ANR no podr\u00e1 exceder el 80% del costo total del proyecto. El resto deber\u00e1 ser aportado por sus beneficiarios y\/o por terceros, como aportes de contraparte. Cuando los beneficiarios fueran empresas privadas u otras entidades con fines de lucro se exigir\u00e1 una contrapartida dineraria no inferior al 30% del costo total del proyecto.<\/p>\n<p><strong>C\u00f3mo presentar los proyectos.<\/strong>\u00a0Deber\u00e1n ser presentados en modalidad digital por Unidades de Vinculaci\u00f3n Tecnol\u00f3gica (UVT) debidamente habilitadas, conforme lo normado por la Ley Nacional N\u00b0 23.877, ante la autoridad de Ciencia y Tecnolog\u00eda de la provincia donde ser\u00e1n ejecutados. El \u201cRepresentante Jurisdiccional\u201d recibir\u00e1 todos los proyectos desde la fecha de apertura de la convocatoria hasta la fecha de cierre. Dentro de los cinco d\u00edas posteriores al cierre de la convocatoria las autoridades remitir\u00e1n a la Subsecretar\u00eda de Federalizaci\u00f3n de la Ciencia, Tecnolog\u00eda e Innovaci\u00f3n (SSFCTI) el \u201cActa de pertinencia y orden de m\u00e9rito Jurisdiccional\u201d de todos los proyectos presentados con su correspondiente orden de priorizaci\u00f3n, y dentro de los cinco d\u00edas posteriores a la presentaci\u00f3n del Acta, la UVT administradora deber\u00e1 ingresar los proyectos priorizados y sus anexos por medio de la plataforma de tr\u00e1mites a distancia<\/p>\n<p>Para mayor informaci\u00f3n ingresar en los siguientes enlace:<\/p>\n<p><a href=\"https:\/\/www.argentina.gob.ar\/ciencia\/cofecyt\/convocatorias\/PFI2021\">COFECYT (versi\u00f3n completa)<\/a><\/p>\n<p><a href=\"https:\/\/www.argentina.gob.ar\/ciencia\/financiamiento\/convocatorias-mincyt\/PFI2021\">Financiamiento MinCyT<\/a>:<\/p>\n<p><a href=\"https:\/\/tramitesadistancia.gob.ar\/tramitesadistancia\/inicio-publico\"> TAD\u00a0<\/a><\/p>\n<p>Por consultas escribir a\u00a0<a href=\"mailto:convocatoriapfi2021@mincyt.gob.ar\">convocatoriapfi2021@mincyt.gob.ar<\/a><\/p>\n<p>&nbsp;<\/p>\n","protected":false},"excerpt":{"rendered":"<p>Ya se encuentra abierta la convocatoria \u201cProyectos Federales de Innovaci\u00f3n 2021\u201d (PFI 2021) para la presentaci\u00f3n de proyectos de generaci\u00f3n y transferencia del conocimiento cient\u00edfico-tecnol\u00f3gico&hellip;<\/p>\n","protected":false},"author":9,"featured_media":3451,"comment_status":"closed","ping_status":"closed","sticky":false,"template":"","format":"standard","meta":{"om_disable_all_campaigns":false,"_monsterinsights_skip_tracking":false,"_monsterinsights_sitenote_active":false,"_monsterinsights_sitenote_note":"","_monsterinsights_sitenote_category":0,"footnotes":""},"categories":[21],"tags":[],"class_list":["post-3426","post","type-post","status-publish","format-standard","has-post-thumbnail","hentry","category-archivadas"],"yoast_head":"<!-- This site is optimized with the Yoast SEO plugin v27.5 - https:\/\/yoast.com\/product\/yoast-seo-wordpress\/ -->\n<title>Abri\u00f3 la convocatoria \u201cProyectos Federales de Innovaci\u00f3n 2021\u201d - Facultad de Ciencias Econ\u00f3micas, Jur\u00ed\u00addicas y Sociales<\/title>\n<meta name=\"robots\" content=\"index, follow, max-snippet:-1, max-image-preview:large, max-video-preview:-1\" \/>\n<link rel=\"canonical\" href=\"https:\/\/www.fcejs.unsl.edu.ar\/index.php\/abrio-la-convocatoria-proyectos-federales-de-innovacion-2021\/\" \/>\n<meta property=\"og:locale\" content=\"es_ES\" \/>\n<meta property=\"og:type\" content=\"article\" \/>\n<meta property=\"og:title\" content=\"Abri\u00f3 la convocatoria \u201cProyectos Federales de Innovaci\u00f3n 2021\u201d - Facultad de Ciencias Econ\u00f3micas, Jur\u00ed\u00addicas y Sociales\" \/>\n<meta property=\"og:description\" content=\"Ya se encuentra abierta la convocatoria \u201cProyectos Federales de Innovaci\u00f3n 2021\u201d (PFI 2021) para la presentaci\u00f3n de proyectos de generaci\u00f3n y transferencia del conocimiento cient\u00edfico-tecnol\u00f3gico&hellip;\" \/>\n<meta property=\"og:url\" content=\"https:\/\/www.fcejs.unsl.edu.ar\/index.php\/abrio-la-convocatoria-proyectos-federales-de-innovacion-2021\/\" \/>\n<meta property=\"og:site_name\" content=\"Facultad de Ciencias Econ\u00f3micas, Jur\u00ed\u00addicas y Sociales\" \/>\n<meta property=\"article:publisher\" content=\"https:\/\/www.facebook.com\/FCEJS.UNSL\/\" \/>\n<meta property=\"article:published_time\" content=\"2021-05-05T02:29:05+00:00\" \/>\n<meta property=\"article:modified_time\" content=\"2021-06-08T15:38:28+00:00\" \/>\n<meta property=\"og:image\" content=\"https:\/\/www.fcejs.unsl.edu.ar\/wp-content\/uploads\/2021\/05\/CyT-NACION.jpg\" \/>\n\t<meta property=\"og:image:width\" content=\"1061\" \/>\n\t<meta property=\"og:image:height\" content=\"600\" \/>\n\t<meta property=\"og:image:type\" content=\"image\/jpeg\" \/>\n<meta name=\"author\" content=\"DATI\" \/>\n<meta name=\"twitter:card\" content=\"summary_large_image\" \/>\n<meta name=\"twitter:creator\" content=\"@FCEJSUNSL\" \/>\n<meta name=\"twitter:site\" content=\"@FCEJSUNSL\" \/>\n<meta name=\"twitter:label1\" content=\"Escrito por\" \/>\n\t<meta name=\"twitter:data1\" content=\"DATI\" \/>\n\t<meta name=\"twitter:label2\" content=\"Tiempo de lectura\" \/>\n\t<meta name=\"twitter:data2\" content=\"3 minutos\" \/>\n<script type=\"application\/ld+json\" class=\"yoast-schema-graph\">{\"@context\":\"https:\\\/\\\/schema.org\",\"@graph\":[{\"@type\":\"Article\",\"@id\":\"https:\\\/\\\/www.fcejs.unsl.edu.ar\\\/index.php\\\/abrio-la-convocatoria-proyectos-federales-de-innovacion-2021\\\/#article\",\"isPartOf\":{\"@id\":\"https:\\\/\\\/www.fcejs.unsl.edu.ar\\\/index.php\\\/abrio-la-convocatoria-proyectos-federales-de-innovacion-2021\\\/\"},\"author\":{\"name\":\"DATI\",\"@id\":\"https:\\\/\\\/www.fcejs.unsl.edu.ar\\\/#\\\/schema\\\/person\\\/352ee6ed90c3f394c7cb5945f8956d34\"},\"headline\":\"Abri\u00f3 la convocatoria \u201cProyectos Federales de Innovaci\u00f3n 2021\u201d\",\"datePublished\":\"2021-05-05T02:29:05+00:00\",\"dateModified\":\"2021-06-08T15:38:28+00:00\",\"mainEntityOfPage\":{\"@id\":\"https:\\\/\\\/www.fcejs.unsl.edu.ar\\\/index.php\\\/abrio-la-convocatoria-proyectos-federales-de-innovacion-2021\\\/\"},\"wordCount\":537,\"publisher\":{\"@id\":\"https:\\\/\\\/www.fcejs.unsl.edu.ar\\\/#organization\"},\"image\":{\"@id\":\"https:\\\/\\\/www.fcejs.unsl.edu.ar\\\/index.php\\\/abrio-la-convocatoria-proyectos-federales-de-innovacion-2021\\\/#primaryimage\"},\"thumbnailUrl\":\"https:\\\/\\\/www.fcejs.unsl.edu.ar\\\/wp-content\\\/uploads\\\/2021\\\/05\\\/CyT-NACION.jpg\",\"articleSection\":[\"Archivadas\"],\"inLanguage\":\"es-AR\"},{\"@type\":\"WebPage\",\"@id\":\"https:\\\/\\\/www.fcejs.unsl.edu.ar\\\/index.php\\\/abrio-la-convocatoria-proyectos-federales-de-innovacion-2021\\\/\",\"url\":\"https:\\\/\\\/www.fcejs.unsl.edu.ar\\\/index.php\\\/abrio-la-convocatoria-proyectos-federales-de-innovacion-2021\\\/\",\"name\":\"Abri\u00f3 la convocatoria \u201cProyectos Federales de Innovaci\u00f3n 2021\u201d - Facultad de Ciencias Econ\u00f3micas, Jur\u00ed\u00addicas y Sociales\",\"isPartOf\":{\"@id\":\"https:\\\/\\\/www.fcejs.unsl.edu.ar\\\/#website\"},\"primaryImageOfPage\":{\"@id\":\"https:\\\/\\\/www.fcejs.unsl.edu.ar\\\/index.php\\\/abrio-la-convocatoria-proyectos-federales-de-innovacion-2021\\\/#primaryimage\"},\"image\":{\"@id\":\"https:\\\/\\\/www.fcejs.unsl.edu.ar\\\/index.php\\\/abrio-la-convocatoria-proyectos-federales-de-innovacion-2021\\\/#primaryimage\"},\"thumbnailUrl\":\"https:\\\/\\\/www.fcejs.unsl.edu.ar\\\/wp-content\\\/uploads\\\/2021\\\/05\\\/CyT-NACION.jpg\",\"datePublished\":\"2021-05-05T02:29:05+00:00\",\"dateModified\":\"2021-06-08T15:38:28+00:00\",\"breadcrumb\":{\"@id\":\"https:\\\/\\\/www.fcejs.unsl.edu.ar\\\/index.php\\\/abrio-la-convocatoria-proyectos-federales-de-innovacion-2021\\\/#breadcrumb\"},\"inLanguage\":\"es-AR\",\"potentialAction\":[{\"@type\":\"ReadAction\",\"target\":[\"https:\\\/\\\/www.fcejs.unsl.edu.ar\\\/index.php\\\/abrio-la-convocatoria-proyectos-federales-de-innovacion-2021\\\/\"]}]},{\"@type\":\"ImageObject\",\"inLanguage\":\"es-AR\",\"@id\":\"https:\\\/\\\/www.fcejs.unsl.edu.ar\\\/index.php\\\/abrio-la-convocatoria-proyectos-federales-de-innovacion-2021\\\/#primaryimage\",\"url\":\"https:\\\/\\\/www.fcejs.unsl.edu.ar\\\/wp-content\\\/uploads\\\/2021\\\/05\\\/CyT-NACION.jpg\",\"contentUrl\":\"https:\\\/\\\/www.fcejs.unsl.edu.ar\\\/wp-content\\\/uploads\\\/2021\\\/05\\\/CyT-NACION.jpg\",\"width\":1061,\"height\":600},{\"@type\":\"BreadcrumbList\",\"@id\":\"https:\\\/\\\/www.fcejs.unsl.edu.ar\\\/index.php\\\/abrio-la-convocatoria-proyectos-federales-de-innovacion-2021\\\/#breadcrumb\",\"itemListElement\":[{\"@type\":\"ListItem\",\"position\":1,\"name\":\"Inicio\",\"item\":\"https:\\\/\\\/www.fcejs.unsl.edu.ar\\\/\"},{\"@type\":\"ListItem\",\"position\":2,\"name\":\"Abri\u00f3 la convocatoria \u201cProyectos Federales de Innovaci\u00f3n 2021\u201d\"}]},{\"@type\":\"WebSite\",\"@id\":\"https:\\\/\\\/www.fcejs.unsl.edu.ar\\\/#website\",\"url\":\"https:\\\/\\\/www.fcejs.unsl.edu.ar\\\/\",\"name\":\"Facultad de Ciencias Econ\u00f3micas, Jur\u00ed\u00addicas y Sociales\",\"description\":\"\",\"publisher\":{\"@id\":\"https:\\\/\\\/www.fcejs.unsl.edu.ar\\\/#organization\"},\"potentialAction\":[{\"@type\":\"SearchAction\",\"target\":{\"@type\":\"EntryPoint\",\"urlTemplate\":\"https:\\\/\\\/www.fcejs.unsl.edu.ar\\\/?s={search_term_string}\"},\"query-input\":{\"@type\":\"PropertyValueSpecification\",\"valueRequired\":true,\"valueName\":\"search_term_string\"}}],\"inLanguage\":\"es-AR\"},{\"@type\":\"Organization\",\"@id\":\"https:\\\/\\\/www.fcejs.unsl.edu.ar\\\/#organization\",\"name\":\"Facultad de Ciencias Econ\u00f3micas, Jur\u00eddicas y Sociales\",\"url\":\"https:\\\/\\\/www.fcejs.unsl.edu.ar\\\/\",\"logo\":{\"@type\":\"ImageObject\",\"inLanguage\":\"es-AR\",\"@id\":\"https:\\\/\\\/www.fcejs.unsl.edu.ar\\\/#\\\/schema\\\/logo\\\/image\\\/\",\"url\":\"https:\\\/\\\/www.fcejs.unsl.edu.ar\\\/wp-content\\\/uploads\\\/2021\\\/03\\\/logo-1.jpg\",\"contentUrl\":\"https:\\\/\\\/www.fcejs.unsl.edu.ar\\\/wp-content\\\/uploads\\\/2021\\\/03\\\/logo-1.jpg\",\"width\":471,\"height\":146,\"caption\":\"Facultad de Ciencias Econ\u00f3micas, Jur\u00eddicas y Sociales\"},\"image\":{\"@id\":\"https:\\\/\\\/www.fcejs.unsl.edu.ar\\\/#\\\/schema\\\/logo\\\/image\\\/\"},\"sameAs\":[\"https:\\\/\\\/www.facebook.com\\\/FCEJS.UNSL\\\/\",\"https:\\\/\\\/x.com\\\/FCEJSUNSL\",\"https:\\\/\\\/www.instagram.com\\\/fcejs.unsl\\\/\",\"https:\\\/\\\/www.youtube.com\\\/channel\\\/UCH-Ut6EaN_X5ogjIQMPe46g\\\/\"]},{\"@type\":\"Person\",\"@id\":\"https:\\\/\\\/www.fcejs.unsl.edu.ar\\\/#\\\/schema\\\/person\\\/352ee6ed90c3f394c7cb5945f8956d34\",\"name\":\"DATI\"}]}<\/script>\n<!-- \/ Yoast SEO plugin. -->","yoast_head_json":{"title":"Abri\u00f3 la convocatoria \u201cProyectos Federales de Innovaci\u00f3n 2021\u201d - Facultad de Ciencias Econ\u00f3micas, Jur\u00ed\u00addicas y Sociales","robots":{"index":"index","follow":"follow","max-snippet":"max-snippet:-1","max-image-preview":"max-image-preview:large","max-video-preview":"max-video-preview:-1"},"canonical":"https:\/\/www.fcejs.unsl.edu.ar\/index.php\/abrio-la-convocatoria-proyectos-federales-de-innovacion-2021\/","og_locale":"es_ES","og_type":"article","og_title":"Abri\u00f3 la convocatoria \u201cProyectos Federales de Innovaci\u00f3n 2021\u201d - Facultad de Ciencias Econ\u00f3micas, Jur\u00ed\u00addicas y Sociales","og_description":"Ya se encuentra abierta la convocatoria \u201cProyectos Federales de Innovaci\u00f3n 2021\u201d (PFI 2021) para la presentaci\u00f3n de proyectos de generaci\u00f3n y transferencia del conocimiento cient\u00edfico-tecnol\u00f3gico&hellip;","og_url":"https:\/\/www.fcejs.unsl.edu.ar\/index.php\/abrio-la-convocatoria-proyectos-federales-de-innovacion-2021\/","og_site_name":"Facultad de Ciencias Econ\u00f3micas, Jur\u00ed\u00addicas y Sociales","article_publisher":"https:\/\/www.facebook.com\/FCEJS.UNSL\/","article_published_time":"2021-05-05T02:29:05+00:00","article_modified_time":"2021-06-08T15:38:28+00:00","og_image":[{"width":1061,"height":600,"url":"https:\/\/www.fcejs.unsl.edu.ar\/wp-content\/uploads\/2021\/05\/CyT-NACION.jpg","type":"image\/jpeg"}],"author":"DATI","twitter_card":"summary_large_image","twitter_creator":"@FCEJSUNSL","twitter_site":"@FCEJSUNSL","twitter_misc":{"Escrito por":"DATI","Tiempo de lectura":"3 minutos"},"schema":{"@context":"https:\/\/schema.org","@graph":[{"@type":"Article","@id":"https:\/\/www.fcejs.unsl.edu.ar\/index.php\/abrio-la-convocatoria-proyectos-federales-de-innovacion-2021\/#article","isPartOf":{"@id":"https:\/\/www.fcejs.unsl.edu.ar\/index.php\/abrio-la-convocatoria-proyectos-federales-de-innovacion-2021\/"},"author":{"name":"DATI","@id":"https:\/\/www.fcejs.unsl.edu.ar\/#\/schema\/person\/352ee6ed90c3f394c7cb5945f8956d34"},"headline":"Abri\u00f3 la convocatoria \u201cProyectos Federales de Innovaci\u00f3n 2021\u201d","datePublished":"2021-05-05T02:29:05+00:00","dateModified":"2021-06-08T15:38:28+00:00","mainEntityOfPage":{"@id":"https:\/\/www.fcejs.unsl.edu.ar\/index.php\/abrio-la-convocatoria-proyectos-federales-de-innovacion-2021\/"},"wordCount":537,"publisher":{"@id":"https:\/\/www.fcejs.unsl.edu.ar\/#organization"},"image":{"@id":"https:\/\/www.fcejs.unsl.edu.ar\/index.php\/abrio-la-convocatoria-proyectos-federales-de-innovacion-2021\/#primaryimage"},"thumbnailUrl":"https:\/\/www.fcejs.unsl.edu.ar\/wp-content\/uploads\/2021\/05\/CyT-NACION.jpg","articleSection":["Archivadas"],"inLanguage":"es-AR"},{"@type":"WebPage","@id":"https:\/\/www.fcejs.unsl.edu.ar\/index.php\/abrio-la-convocatoria-proyectos-federales-de-innovacion-2021\/","url":"https:\/\/www.fcejs.unsl.edu.ar\/index.php\/abrio-la-convocatoria-proyectos-federales-de-innovacion-2021\/","name":"Abri\u00f3 la convocatoria \u201cProyectos Federales de Innovaci\u00f3n 2021\u201d - Facultad de Ciencias Econ\u00f3micas, Jur\u00ed\u00addicas y Sociales","isPartOf":{"@id":"https:\/\/www.fcejs.unsl.edu.ar\/#website"},"primaryImageOfPage":{"@id":"https:\/\/www.fcejs.unsl.edu.ar\/index.php\/abrio-la-convocatoria-proyectos-federales-de-innovacion-2021\/#primaryimage"},"image":{"@id":"https:\/\/www.fcejs.unsl.edu.ar\/index.php\/abrio-la-convocatoria-proyectos-federales-de-innovacion-2021\/#primaryimage"},"thumbnailUrl":"https:\/\/www.fcejs.unsl.edu.ar\/wp-content\/uploads\/2021\/05\/CyT-NACION.jpg","datePublished":"2021-05-05T02:29:05+00:00","dateModified":"2021-06-08T15:38:28+00:00","breadcrumb":{"@id":"https:\/\/www.fcejs.unsl.edu.ar\/index.php\/abrio-la-convocatoria-proyectos-federales-de-innovacion-2021\/#breadcrumb"},"inLanguage":"es-AR","potentialAction":[{"@type":"ReadAction","target":["https:\/\/www.fcejs.unsl.edu.ar\/index.php\/abrio-la-convocatoria-proyectos-federales-de-innovacion-2021\/"]}]},{"@type":"ImageObject","inLanguage":"es-AR","@id":"https:\/\/www.fcejs.unsl.edu.ar\/index.php\/abrio-la-convocatoria-proyectos-federales-de-innovacion-2021\/#primaryimage","url":"https:\/\/www.fcejs.unsl.edu.ar\/wp-content\/uploads\/2021\/05\/CyT-NACION.jpg","contentUrl":"https:\/\/www.fcejs.unsl.edu.ar\/wp-content\/uploads\/2021\/05\/CyT-NACION.jpg","width":1061,"height":600},{"@type":"BreadcrumbList","@id":"https:\/\/www.fcejs.unsl.edu.ar\/index.php\/abrio-la-convocatoria-proyectos-federales-de-innovacion-2021\/#breadcrumb","itemListElement":[{"@type":"ListItem","position":1,"name":"Inicio","item":"https:\/\/www.fcejs.unsl.edu.ar\/"},{"@type":"ListItem","position":2,"name":"Abri\u00f3 la convocatoria \u201cProyectos Federales de Innovaci\u00f3n 2021\u201d"}]},{"@type":"WebSite","@id":"https:\/\/www.fcejs.unsl.edu.ar\/#website","url":"https:\/\/www.fcejs.unsl.edu.ar\/","name":"Facultad de Ciencias Econ\u00f3micas, Jur\u00ed\u00addicas y Sociales","description":"","publisher":{"@id":"https:\/\/www.fcejs.unsl.edu.ar\/#organization"},"potentialAction":[{"@type":"SearchAction","target":{"@type":"EntryPoint","urlTemplate":"https:\/\/www.fcejs.unsl.edu.ar\/?s={search_term_string}"},"query-input":{"@type":"PropertyValueSpecification","valueRequired":true,"valueName":"search_term_string"}}],"inLanguage":"es-AR"},{"@type":"Organization","@id":"https:\/\/www.fcejs.unsl.edu.ar\/#organization","name":"Facultad de Ciencias Econ\u00f3micas, Jur\u00eddicas y Sociales","url":"https:\/\/www.fcejs.unsl.edu.ar\/","logo":{"@type":"ImageObject","inLanguage":"es-AR","@id":"https:\/\/www.fcejs.unsl.edu.ar\/#\/schema\/logo\/image\/","url":"https:\/\/www.fcejs.unsl.edu.ar\/wp-content\/uploads\/2021\/03\/logo-1.jpg","contentUrl":"https:\/\/www.fcejs.unsl.edu.ar\/wp-content\/uploads\/2021\/03\/logo-1.jpg","width":471,"height":146,"caption":"Facultad de Ciencias Econ\u00f3micas, Jur\u00eddicas y Sociales"},"image":{"@id":"https:\/\/www.fcejs.unsl.edu.ar\/#\/schema\/logo\/image\/"},"sameAs":["https:\/\/www.facebook.com\/FCEJS.UNSL\/","https:\/\/x.com\/FCEJSUNSL","https:\/\/www.instagram.com\/fcejs.unsl\/","https:\/\/www.youtube.com\/channel\/UCH-Ut6EaN_X5ogjIQMPe46g\/"]},{"@type":"Person","@id":"https:\/\/www.fcejs.unsl.edu.ar\/#\/schema\/person\/352ee6ed90c3f394c7cb5945f8956d34","name":"DATI"}]}},"jetpack_featured_media_url":"https:\/\/www.fcejs.unsl.edu.ar\/wp-content\/uploads\/2021\/05\/CyT-NACION.jpg","_links":{"self":[{"href":"https:\/\/www.fcejs.unsl.edu.ar\/index.php\/wp-json\/wp\/v2\/posts\/3426","targetHints":{"allow":["GET"]}}],"collection":[{"href":"https:\/\/www.fcejs.unsl.edu.ar\/index.php\/wp-json\/wp\/v2\/posts"}],"about":[{"href":"https:\/\/www.fcejs.unsl.edu.ar\/index.php\/wp-json\/wp\/v2\/types\/post"}],"author":[{"embeddable":true,"href":"https:\/\/www.fcejs.unsl.edu.ar\/index.php\/wp-json\/wp\/v2\/users\/9"}],"replies":[{"embeddable":true,"href":"https:\/\/www.fcejs.unsl.edu.ar\/index.php\/wp-json\/wp\/v2\/comments?post=3426"}],"version-history":[{"count":1,"href":"https:\/\/www.fcejs.unsl.edu.ar\/index.php\/wp-json\/wp\/v2\/posts\/3426\/revisions"}],"predecessor-version":[{"id":3452,"href":"https:\/\/www.fcejs.unsl.edu.ar\/index.php\/wp-json\/wp\/v2\/posts\/3426\/revisions\/3452"}],"wp:featuredmedia":[{"embeddable":true,"href":"https:\/\/www.fcejs.unsl.edu.ar\/index.php\/wp-json\/wp\/v2\/media\/3451"}],"wp:attachment":[{"href":"https:\/\/www.fcejs.unsl.edu.ar\/index.php\/wp-json\/wp\/v2\/media?parent=3426"}],"wp:term":[{"taxonomy":"category","embeddable":true,"href":"https:\/\/www.fcejs.unsl.edu.ar\/index.php\/wp-json\/wp\/v2\/categories?post=3426"},{"taxonomy":"post_tag","embeddable":true,"href":"https:\/\/www.fcejs.unsl.edu.ar\/index.php\/wp-json\/wp\/v2\/tags?post=3426"}],"curies":[{"name":"wp","href":"https:\/\/api.w.org\/{rel}","templated":true}]}}