{"id":3416,"date":"2021-05-05T11:04:06","date_gmt":"2021-05-05T14:04:06","guid":{"rendered":"http:\/\/10.101.10.197\/www\/?p=3416"},"modified":"2021-06-02T12:12:08","modified_gmt":"2021-06-02T15:12:08","slug":"premios-mauricio-lopez-polo-godoy-rojo","status":"publish","type":"post","link":"https:\/\/www.fcejs.unsl.edu.ar\/index.php\/premios-mauricio-lopez-polo-godoy-rojo\/","title":{"rendered":"Ganadores de los Premios &#8220;Mauricio L\u00f3pez&#8221; y &#8220;Polo Godoy Rojo&#8221;"},"content":{"rendered":"<p>El pr\u00f3ximo martes 11 de mayo a las 11:00 horas, se realizar\u00e1 la entrega del galard\u00f3n a la defensa y promoci\u00f3n de los Derechos Humanos (2020) inspirado en el primer Rector de la Universidad Nacional de San Luis (UNSL), y a las categor\u00edas cine y artes audiovisuales (2020) y letras (2021) del Premio Polo Godoy Rojo. El evento podr\u00e1 seguirse en vivo a trav\u00e9s del <strong><a href=\"https:\/\/youtu.be\/W1aQ2Wx2UDY\">canal de YouTube de UNSL TV.<\/a><\/strong><\/p>\n<p>Los ganadores son:<\/p>\n<p><strong>Premio Rector Mauricio Am\u00edlcar L\u00f3pez 2020:<br \/>\n<\/strong><strong>A la Asociaci\u00f3n de Bomberos Voluntarios, Subcomandante Carlos Horacio Balduz, y a trav\u00e9s de ellos a todos los Bomberos Voluntarios de la provincia de San Luis.<\/strong><\/p>\n<p>La candidatura al cuerpo de bomberos fue realizada por su incansable labor durante los incendios que azotaron a la Provincia durante la pandemia.<\/p>\n<p>El destacamento Falucho de Bomberos Voluntarios de la ciudad de San Luis naci\u00f3 el 26 de noviembre de 1988. Es uno de los m\u00e1s antiguos de la Provincia y una gran escuela formadora de centenares de brigadistas, voluntarios\/as y auxiliares.<\/p>\n<p>Durante el a\u00f1o 2020 la Provincia fue atacada por m\u00faltiples incendios forestales, que atentaron contra la flora y la fauna de la regi\u00f3n y pusieron en peligro los hogares de familias puntanas.<\/p>\n<p>La tarea incansable de hombres, mujeres y adolescentes se volvi\u00f3 a\u00fan m\u00e1s compleja por el contexto de pandemia, por la necesidad de extremar los cuidados f\u00edsicos. Sin embargo, pese a todas las dificultades, los\/as bomberos\/as voluntarios\/as pudieron abordar con \u00e9xito todos los focos de incendios, que fueron en muchos casos devastadores para la comunidad.<\/p>\n<p>Es por su labor, su esp\u00edritu de solidaridad, valor y entrega al servicio de la comunidad que se postul\u00f3 a la Asociaci\u00f3n de Bomberos Voluntarios de la ciudad de San Luis, Subcomandante Carlos Horacio Baluz, en representaci\u00f3n de todos los bomberos voluntarios de la Provincia.<\/p>\n<p><strong>Premio Polo Godoy Rojo 2020<\/strong>\u00a0(prorrogado al 2021)<br \/>\n<strong>Categor\u00eda cine y artes audiovisuales: Jos\u00e9 Luis Rosas<\/strong><\/p>\n<p>Naci\u00f3 en San Luis, pero migr\u00f3 a Buenos Aires para estudiar Imagen y Sonido en la Universidad de Buenos Aires (UBA). Al volver a San Luis se inici\u00f3 en tareas laborales tanto en la ense\u00f1anza como en la participaci\u00f3n de producciones audiovisuales. En ambos roles cosech\u00f3 premios.<\/p>\n<p>Es uno de los fundadores de la Asociaci\u00f3n Cinematogr\u00e1fica de San Luis, ONG que se ha dedicado a defender el trabajo y promover la profesionalizaci\u00f3n de sus integrantes.<\/p>\n<p>Entre sus trabajos realizados, se destaca su participaci\u00f3n para dirigir el mediometraje \u00abEl C\u00e1ntaro\u00bb (2016), que recibi\u00f3 el premio para su realizaci\u00f3n de San Luis Cine. Luego de su estreno, fue premiado nacional e internacionalmente.<\/p>\n<p>Ha participado como asistente de direcci\u00f3n de distintos largometrajes. Adem\u00e1s se ha desempe\u00f1ado como asistente de c\u00e1mara, foquista, director de casting, continuista, asistente de video, realizador de making off. En m\u00e1s de 50 realizaciones ha participado como guionista.<\/p>\n<p><strong>Menci\u00f3n especial<\/strong><br \/>\n<strong>Subprograma de Intercolegiales Culturales<\/strong><\/p>\n<p>Es una pol\u00edtica del Gobierno de San Luis, que surgi\u00f3 en el marco del Plan Maestro de las Culturas 2013-2023. Los mismos promueven el cuidado del patrimonio cultural material e inmaterial y la creatividad. Se basan en la Puntanidad como fuente nutriente e inspiradora y la inteligencia humana como creadora de obras art\u00edstico culturales.<\/p>\n<p>En esta pol\u00edtica se desarrolla la presentaci\u00f3n de producciones art\u00edsticas integrales que son gestadas en su totalidad por docentes y alumnos\/as, de escuelas de toda la Provincia, de nivel inicial, primario y secundario, de todas las modalidades.<\/p>\n<p><strong>Premio Polo Godoy 2021<\/strong><br \/>\n<strong>Categor\u00eda letras: Gustavo Romero Borri<\/strong><\/p>\n<p>Borri es un escritor y guionista reconocido por la difusi\u00f3n de la cultura de San Luis. Ha sido creador de numerosos libros de poes\u00edas y del mapa documental de la poes\u00eda Puntana \u00abEl viaje del Poema\u00bb, obra que consta de dos (2) tomos, de 450 p\u00e1ginas cada uno (1) con un total de 95 poetas.<\/p>\n<p>Ha participado como guionista en la pel\u00edcula \u00abIluminados por el fuego\u00bb. Es un estudiosos de las obras de Antonio Esteban Ag\u00fcero y ha realizado la compliaci\u00f3n de ocho (8) tomos de la obra del escritor Jes\u00fas Liberato Tobares.<\/p>\n<p><strong><em><a href=\"http:\/\/www.noticias.unsl.edu.ar\/wp-content\/uploads\/2021\/04\/Resoluci%C3%B3n-N%C2%B0498-2021.pdf\">Resoluci\u00f3n Premio Rector Mauricio Am\u00edlcar L\u00f3pez<\/a><\/em><\/strong><br \/>\n<strong><em><a href=\"http:\/\/www.noticias.unsl.edu.ar\/wp-content\/uploads\/2021\/04\/Resoluci%C3%B3n-N%C2%B0499-2021.pdf\">Resoluci\u00f3n Premio Polo Godoy Rojo categor\u00eda Cine y artes audiovisuales<\/a><\/em><\/strong><br \/>\n<strong><em><a href=\"http:\/\/www.noticias.unsl.edu.ar\/wp-content\/uploads\/2021\/04\/Resoluci%C3%B3n-N%C2%B0497-2021.pdf\">Resoluci\u00f3n Premio Polo Godoy Rojo categor\u00eda Letras<\/a><\/em><\/strong><\/p>\n<p>Segu\u00ed el evento en vivo:<\/p>\n<p><iframe title=\"Entrega de Premios Mauricio L\u00f3pez y Polo Godoy Rojo\" width=\"843\" height=\"474\" src=\"https:\/\/www.youtube.com\/embed\/W1aQ2Wx2UDY?feature=oembed\" frameborder=\"0\" allow=\"accelerometer; autoplay; clipboard-write; encrypted-media; gyroscope; picture-in-picture\" allowfullscreen><\/iframe><\/p>\n","protected":false},"excerpt":{"rendered":"<p>El pr\u00f3ximo martes 11 de mayo a las 11:00 horas, se realizar\u00e1 la entrega del galard\u00f3n a la defensa y promoci\u00f3n de los Derechos Humanos&hellip;<\/p>\n","protected":false},"author":9,"featured_media":3417,"comment_status":"closed","ping_status":"closed","sticky":false,"template":"","format":"standard","meta":{"om_disable_all_campaigns":false,"_monsterinsights_skip_tracking":false,"_monsterinsights_sitenote_active":false,"_monsterinsights_sitenote_note":"","_monsterinsights_sitenote_category":0,"footnotes":""},"categories":[21],"tags":[],"class_list":["post-3416","post","type-post","status-publish","format-standard","has-post-thumbnail","hentry","category-archivadas"],"yoast_head":"<!-- This site is optimized with the Yoast SEO plugin v27.5 - https:\/\/yoast.com\/product\/yoast-seo-wordpress\/ -->\n<title>Ganadores de los Premios &quot;Mauricio L\u00f3pez&quot; y &quot;Polo Godoy Rojo&quot; - Facultad de Ciencias Econ\u00f3micas, Jur\u00ed\u00addicas y Sociales<\/title>\n<meta name=\"robots\" content=\"index, follow, max-snippet:-1, max-image-preview:large, max-video-preview:-1\" \/>\n<link rel=\"canonical\" href=\"https:\/\/www.fcejs.unsl.edu.ar\/index.php\/premios-mauricio-lopez-polo-godoy-rojo\/\" \/>\n<meta property=\"og:locale\" content=\"es_ES\" \/>\n<meta property=\"og:type\" content=\"article\" \/>\n<meta property=\"og:title\" content=\"Ganadores de los Premios &quot;Mauricio L\u00f3pez&quot; y &quot;Polo Godoy Rojo&quot; - Facultad de Ciencias Econ\u00f3micas, Jur\u00ed\u00addicas y Sociales\" \/>\n<meta property=\"og:description\" content=\"El pr\u00f3ximo martes 11 de mayo a las 11:00 horas, se realizar\u00e1 la entrega del galard\u00f3n a la defensa y promoci\u00f3n de los Derechos Humanos&hellip;\" \/>\n<meta property=\"og:url\" content=\"https:\/\/www.fcejs.unsl.edu.ar\/index.php\/premios-mauricio-lopez-polo-godoy-rojo\/\" \/>\n<meta property=\"og:site_name\" content=\"Facultad de Ciencias Econ\u00f3micas, Jur\u00ed\u00addicas y Sociales\" \/>\n<meta property=\"article:publisher\" content=\"https:\/\/www.facebook.com\/FCEJS.UNSL\/\" \/>\n<meta property=\"article:published_time\" content=\"2021-05-05T14:04:06+00:00\" \/>\n<meta property=\"article:modified_time\" content=\"2021-06-02T15:12:08+00:00\" \/>\n<meta property=\"og:image\" content=\"https:\/\/www.fcejs.unsl.edu.ar\/wp-content\/uploads\/2021\/05\/PREMIOS.jpg\" \/>\n\t<meta property=\"og:image:width\" content=\"1061\" \/>\n\t<meta property=\"og:image:height\" content=\"600\" \/>\n\t<meta property=\"og:image:type\" content=\"image\/jpeg\" \/>\n<meta name=\"author\" content=\"DATI\" \/>\n<meta name=\"twitter:card\" content=\"summary_large_image\" \/>\n<meta name=\"twitter:creator\" content=\"@FCEJSUNSL\" \/>\n<meta name=\"twitter:site\" content=\"@FCEJSUNSL\" \/>\n<meta name=\"twitter:label1\" content=\"Escrito por\" \/>\n\t<meta name=\"twitter:data1\" content=\"DATI\" \/>\n\t<meta name=\"twitter:label2\" content=\"Tiempo de lectura\" \/>\n\t<meta name=\"twitter:data2\" content=\"4 minutos\" \/>\n<script type=\"application\/ld+json\" class=\"yoast-schema-graph\">{\"@context\":\"https:\\\/\\\/schema.org\",\"@graph\":[{\"@type\":\"Article\",\"@id\":\"https:\\\/\\\/www.fcejs.unsl.edu.ar\\\/index.php\\\/premios-mauricio-lopez-polo-godoy-rojo\\\/#article\",\"isPartOf\":{\"@id\":\"https:\\\/\\\/www.fcejs.unsl.edu.ar\\\/index.php\\\/premios-mauricio-lopez-polo-godoy-rojo\\\/\"},\"author\":{\"name\":\"DATI\",\"@id\":\"https:\\\/\\\/www.fcejs.unsl.edu.ar\\\/#\\\/schema\\\/person\\\/352ee6ed90c3f394c7cb5945f8956d34\"},\"headline\":\"Ganadores de los Premios &#8220;Mauricio L\u00f3pez&#8221; y &#8220;Polo Godoy Rojo&#8221;\",\"datePublished\":\"2021-05-05T14:04:06+00:00\",\"dateModified\":\"2021-06-02T15:12:08+00:00\",\"mainEntityOfPage\":{\"@id\":\"https:\\\/\\\/www.fcejs.unsl.edu.ar\\\/index.php\\\/premios-mauricio-lopez-polo-godoy-rojo\\\/\"},\"wordCount\":752,\"publisher\":{\"@id\":\"https:\\\/\\\/www.fcejs.unsl.edu.ar\\\/#organization\"},\"image\":{\"@id\":\"https:\\\/\\\/www.fcejs.unsl.edu.ar\\\/index.php\\\/premios-mauricio-lopez-polo-godoy-rojo\\\/#primaryimage\"},\"thumbnailUrl\":\"https:\\\/\\\/www.fcejs.unsl.edu.ar\\\/wp-content\\\/uploads\\\/2021\\\/05\\\/PREMIOS.jpg\",\"articleSection\":[\"Archivadas\"],\"inLanguage\":\"es-AR\"},{\"@type\":\"WebPage\",\"@id\":\"https:\\\/\\\/www.fcejs.unsl.edu.ar\\\/index.php\\\/premios-mauricio-lopez-polo-godoy-rojo\\\/\",\"url\":\"https:\\\/\\\/www.fcejs.unsl.edu.ar\\\/index.php\\\/premios-mauricio-lopez-polo-godoy-rojo\\\/\",\"name\":\"Ganadores de los Premios \\\"Mauricio L\u00f3pez\\\" y \\\"Polo Godoy Rojo\\\" - Facultad de Ciencias Econ\u00f3micas, Jur\u00ed\u00addicas y Sociales\",\"isPartOf\":{\"@id\":\"https:\\\/\\\/www.fcejs.unsl.edu.ar\\\/#website\"},\"primaryImageOfPage\":{\"@id\":\"https:\\\/\\\/www.fcejs.unsl.edu.ar\\\/index.php\\\/premios-mauricio-lopez-polo-godoy-rojo\\\/#primaryimage\"},\"image\":{\"@id\":\"https:\\\/\\\/www.fcejs.unsl.edu.ar\\\/index.php\\\/premios-mauricio-lopez-polo-godoy-rojo\\\/#primaryimage\"},\"thumbnailUrl\":\"https:\\\/\\\/www.fcejs.unsl.edu.ar\\\/wp-content\\\/uploads\\\/2021\\\/05\\\/PREMIOS.jpg\",\"datePublished\":\"2021-05-05T14:04:06+00:00\",\"dateModified\":\"2021-06-02T15:12:08+00:00\",\"breadcrumb\":{\"@id\":\"https:\\\/\\\/www.fcejs.unsl.edu.ar\\\/index.php\\\/premios-mauricio-lopez-polo-godoy-rojo\\\/#breadcrumb\"},\"inLanguage\":\"es-AR\",\"potentialAction\":[{\"@type\":\"ReadAction\",\"target\":[\"https:\\\/\\\/www.fcejs.unsl.edu.ar\\\/index.php\\\/premios-mauricio-lopez-polo-godoy-rojo\\\/\"]}]},{\"@type\":\"ImageObject\",\"inLanguage\":\"es-AR\",\"@id\":\"https:\\\/\\\/www.fcejs.unsl.edu.ar\\\/index.php\\\/premios-mauricio-lopez-polo-godoy-rojo\\\/#primaryimage\",\"url\":\"https:\\\/\\\/www.fcejs.unsl.edu.ar\\\/wp-content\\\/uploads\\\/2021\\\/05\\\/PREMIOS.jpg\",\"contentUrl\":\"https:\\\/\\\/www.fcejs.unsl.edu.ar\\\/wp-content\\\/uploads\\\/2021\\\/05\\\/PREMIOS.jpg\",\"width\":1061,\"height\":600},{\"@type\":\"BreadcrumbList\",\"@id\":\"https:\\\/\\\/www.fcejs.unsl.edu.ar\\\/index.php\\\/premios-mauricio-lopez-polo-godoy-rojo\\\/#breadcrumb\",\"itemListElement\":[{\"@type\":\"ListItem\",\"position\":1,\"name\":\"Inicio\",\"item\":\"https:\\\/\\\/www.fcejs.unsl.edu.ar\\\/\"},{\"@type\":\"ListItem\",\"position\":2,\"name\":\"Ganadores de los Premios &#8220;Mauricio L\u00f3pez&#8221; y &#8220;Polo Godoy Rojo&#8221;\"}]},{\"@type\":\"WebSite\",\"@id\":\"https:\\\/\\\/www.fcejs.unsl.edu.ar\\\/#website\",\"url\":\"https:\\\/\\\/www.fcejs.unsl.edu.ar\\\/\",\"name\":\"Facultad de Ciencias Econ\u00f3micas, Jur\u00ed\u00addicas y Sociales\",\"description\":\"\",\"publisher\":{\"@id\":\"https:\\\/\\\/www.fcejs.unsl.edu.ar\\\/#organization\"},\"potentialAction\":[{\"@type\":\"SearchAction\",\"target\":{\"@type\":\"EntryPoint\",\"urlTemplate\":\"https:\\\/\\\/www.fcejs.unsl.edu.ar\\\/?s={search_term_string}\"},\"query-input\":{\"@type\":\"PropertyValueSpecification\",\"valueRequired\":true,\"valueName\":\"search_term_string\"}}],\"inLanguage\":\"es-AR\"},{\"@type\":\"Organization\",\"@id\":\"https:\\\/\\\/www.fcejs.unsl.edu.ar\\\/#organization\",\"name\":\"Facultad de Ciencias Econ\u00f3micas, Jur\u00eddicas y Sociales\",\"url\":\"https:\\\/\\\/www.fcejs.unsl.edu.ar\\\/\",\"logo\":{\"@type\":\"ImageObject\",\"inLanguage\":\"es-AR\",\"@id\":\"https:\\\/\\\/www.fcejs.unsl.edu.ar\\\/#\\\/schema\\\/logo\\\/image\\\/\",\"url\":\"https:\\\/\\\/www.fcejs.unsl.edu.ar\\\/wp-content\\\/uploads\\\/2021\\\/03\\\/logo-1.jpg\",\"contentUrl\":\"https:\\\/\\\/www.fcejs.unsl.edu.ar\\\/wp-content\\\/uploads\\\/2021\\\/03\\\/logo-1.jpg\",\"width\":471,\"height\":146,\"caption\":\"Facultad de Ciencias Econ\u00f3micas, Jur\u00eddicas y Sociales\"},\"image\":{\"@id\":\"https:\\\/\\\/www.fcejs.unsl.edu.ar\\\/#\\\/schema\\\/logo\\\/image\\\/\"},\"sameAs\":[\"https:\\\/\\\/www.facebook.com\\\/FCEJS.UNSL\\\/\",\"https:\\\/\\\/x.com\\\/FCEJSUNSL\",\"https:\\\/\\\/www.instagram.com\\\/fcejs.unsl\\\/\",\"https:\\\/\\\/www.youtube.com\\\/channel\\\/UCH-Ut6EaN_X5ogjIQMPe46g\\\/\"]},{\"@type\":\"Person\",\"@id\":\"https:\\\/\\\/www.fcejs.unsl.edu.ar\\\/#\\\/schema\\\/person\\\/352ee6ed90c3f394c7cb5945f8956d34\",\"name\":\"DATI\"}]}<\/script>\n<!-- \/ Yoast SEO plugin. -->","yoast_head_json":{"title":"Ganadores de los Premios \"Mauricio L\u00f3pez\" y \"Polo Godoy Rojo\" - Facultad de Ciencias Econ\u00f3micas, Jur\u00ed\u00addicas y Sociales","robots":{"index":"index","follow":"follow","max-snippet":"max-snippet:-1","max-image-preview":"max-image-preview:large","max-video-preview":"max-video-preview:-1"},"canonical":"https:\/\/www.fcejs.unsl.edu.ar\/index.php\/premios-mauricio-lopez-polo-godoy-rojo\/","og_locale":"es_ES","og_type":"article","og_title":"Ganadores de los Premios \"Mauricio L\u00f3pez\" y \"Polo Godoy Rojo\" - Facultad de Ciencias Econ\u00f3micas, Jur\u00ed\u00addicas y Sociales","og_description":"El pr\u00f3ximo martes 11 de mayo a las 11:00 horas, se realizar\u00e1 la entrega del galard\u00f3n a la defensa y promoci\u00f3n de los Derechos Humanos&hellip;","og_url":"https:\/\/www.fcejs.unsl.edu.ar\/index.php\/premios-mauricio-lopez-polo-godoy-rojo\/","og_site_name":"Facultad de Ciencias Econ\u00f3micas, Jur\u00ed\u00addicas y Sociales","article_publisher":"https:\/\/www.facebook.com\/FCEJS.UNSL\/","article_published_time":"2021-05-05T14:04:06+00:00","article_modified_time":"2021-06-02T15:12:08+00:00","og_image":[{"width":1061,"height":600,"url":"https:\/\/www.fcejs.unsl.edu.ar\/wp-content\/uploads\/2021\/05\/PREMIOS.jpg","type":"image\/jpeg"}],"author":"DATI","twitter_card":"summary_large_image","twitter_creator":"@FCEJSUNSL","twitter_site":"@FCEJSUNSL","twitter_misc":{"Escrito por":"DATI","Tiempo de lectura":"4 minutos"},"schema":{"@context":"https:\/\/schema.org","@graph":[{"@type":"Article","@id":"https:\/\/www.fcejs.unsl.edu.ar\/index.php\/premios-mauricio-lopez-polo-godoy-rojo\/#article","isPartOf":{"@id":"https:\/\/www.fcejs.unsl.edu.ar\/index.php\/premios-mauricio-lopez-polo-godoy-rojo\/"},"author":{"name":"DATI","@id":"https:\/\/www.fcejs.unsl.edu.ar\/#\/schema\/person\/352ee6ed90c3f394c7cb5945f8956d34"},"headline":"Ganadores de los Premios &#8220;Mauricio L\u00f3pez&#8221; y &#8220;Polo Godoy Rojo&#8221;","datePublished":"2021-05-05T14:04:06+00:00","dateModified":"2021-06-02T15:12:08+00:00","mainEntityOfPage":{"@id":"https:\/\/www.fcejs.unsl.edu.ar\/index.php\/premios-mauricio-lopez-polo-godoy-rojo\/"},"wordCount":752,"publisher":{"@id":"https:\/\/www.fcejs.unsl.edu.ar\/#organization"},"image":{"@id":"https:\/\/www.fcejs.unsl.edu.ar\/index.php\/premios-mauricio-lopez-polo-godoy-rojo\/#primaryimage"},"thumbnailUrl":"https:\/\/www.fcejs.unsl.edu.ar\/wp-content\/uploads\/2021\/05\/PREMIOS.jpg","articleSection":["Archivadas"],"inLanguage":"es-AR"},{"@type":"WebPage","@id":"https:\/\/www.fcejs.unsl.edu.ar\/index.php\/premios-mauricio-lopez-polo-godoy-rojo\/","url":"https:\/\/www.fcejs.unsl.edu.ar\/index.php\/premios-mauricio-lopez-polo-godoy-rojo\/","name":"Ganadores de los Premios \"Mauricio L\u00f3pez\" y \"Polo Godoy Rojo\" - Facultad de Ciencias Econ\u00f3micas, Jur\u00ed\u00addicas y Sociales","isPartOf":{"@id":"https:\/\/www.fcejs.unsl.edu.ar\/#website"},"primaryImageOfPage":{"@id":"https:\/\/www.fcejs.unsl.edu.ar\/index.php\/premios-mauricio-lopez-polo-godoy-rojo\/#primaryimage"},"image":{"@id":"https:\/\/www.fcejs.unsl.edu.ar\/index.php\/premios-mauricio-lopez-polo-godoy-rojo\/#primaryimage"},"thumbnailUrl":"https:\/\/www.fcejs.unsl.edu.ar\/wp-content\/uploads\/2021\/05\/PREMIOS.jpg","datePublished":"2021-05-05T14:04:06+00:00","dateModified":"2021-06-02T15:12:08+00:00","breadcrumb":{"@id":"https:\/\/www.fcejs.unsl.edu.ar\/index.php\/premios-mauricio-lopez-polo-godoy-rojo\/#breadcrumb"},"inLanguage":"es-AR","potentialAction":[{"@type":"ReadAction","target":["https:\/\/www.fcejs.unsl.edu.ar\/index.php\/premios-mauricio-lopez-polo-godoy-rojo\/"]}]},{"@type":"ImageObject","inLanguage":"es-AR","@id":"https:\/\/www.fcejs.unsl.edu.ar\/index.php\/premios-mauricio-lopez-polo-godoy-rojo\/#primaryimage","url":"https:\/\/www.fcejs.unsl.edu.ar\/wp-content\/uploads\/2021\/05\/PREMIOS.jpg","contentUrl":"https:\/\/www.fcejs.unsl.edu.ar\/wp-content\/uploads\/2021\/05\/PREMIOS.jpg","width":1061,"height":600},{"@type":"BreadcrumbList","@id":"https:\/\/www.fcejs.unsl.edu.ar\/index.php\/premios-mauricio-lopez-polo-godoy-rojo\/#breadcrumb","itemListElement":[{"@type":"ListItem","position":1,"name":"Inicio","item":"https:\/\/www.fcejs.unsl.edu.ar\/"},{"@type":"ListItem","position":2,"name":"Ganadores de los Premios &#8220;Mauricio L\u00f3pez&#8221; y &#8220;Polo Godoy Rojo&#8221;"}]},{"@type":"WebSite","@id":"https:\/\/www.fcejs.unsl.edu.ar\/#website","url":"https:\/\/www.fcejs.unsl.edu.ar\/","name":"Facultad de Ciencias Econ\u00f3micas, Jur\u00ed\u00addicas y Sociales","description":"","publisher":{"@id":"https:\/\/www.fcejs.unsl.edu.ar\/#organization"},"potentialAction":[{"@type":"SearchAction","target":{"@type":"EntryPoint","urlTemplate":"https:\/\/www.fcejs.unsl.edu.ar\/?s={search_term_string}"},"query-input":{"@type":"PropertyValueSpecification","valueRequired":true,"valueName":"search_term_string"}}],"inLanguage":"es-AR"},{"@type":"Organization","@id":"https:\/\/www.fcejs.unsl.edu.ar\/#organization","name":"Facultad de Ciencias Econ\u00f3micas, Jur\u00eddicas y Sociales","url":"https:\/\/www.fcejs.unsl.edu.ar\/","logo":{"@type":"ImageObject","inLanguage":"es-AR","@id":"https:\/\/www.fcejs.unsl.edu.ar\/#\/schema\/logo\/image\/","url":"https:\/\/www.fcejs.unsl.edu.ar\/wp-content\/uploads\/2021\/03\/logo-1.jpg","contentUrl":"https:\/\/www.fcejs.unsl.edu.ar\/wp-content\/uploads\/2021\/03\/logo-1.jpg","width":471,"height":146,"caption":"Facultad de Ciencias Econ\u00f3micas, Jur\u00eddicas y Sociales"},"image":{"@id":"https:\/\/www.fcejs.unsl.edu.ar\/#\/schema\/logo\/image\/"},"sameAs":["https:\/\/www.facebook.com\/FCEJS.UNSL\/","https:\/\/x.com\/FCEJSUNSL","https:\/\/www.instagram.com\/fcejs.unsl\/","https:\/\/www.youtube.com\/channel\/UCH-Ut6EaN_X5ogjIQMPe46g\/"]},{"@type":"Person","@id":"https:\/\/www.fcejs.unsl.edu.ar\/#\/schema\/person\/352ee6ed90c3f394c7cb5945f8956d34","name":"DATI"}]}},"jetpack_featured_media_url":"https:\/\/www.fcejs.unsl.edu.ar\/wp-content\/uploads\/2021\/05\/PREMIOS.jpg","_links":{"self":[{"href":"https:\/\/www.fcejs.unsl.edu.ar\/index.php\/wp-json\/wp\/v2\/posts\/3416","targetHints":{"allow":["GET"]}}],"collection":[{"href":"https:\/\/www.fcejs.unsl.edu.ar\/index.php\/wp-json\/wp\/v2\/posts"}],"about":[{"href":"https:\/\/www.fcejs.unsl.edu.ar\/index.php\/wp-json\/wp\/v2\/types\/post"}],"author":[{"embeddable":true,"href":"https:\/\/www.fcejs.unsl.edu.ar\/index.php\/wp-json\/wp\/v2\/users\/9"}],"replies":[{"embeddable":true,"href":"https:\/\/www.fcejs.unsl.edu.ar\/index.php\/wp-json\/wp\/v2\/comments?post=3416"}],"version-history":[{"count":2,"href":"https:\/\/www.fcejs.unsl.edu.ar\/index.php\/wp-json\/wp\/v2\/posts\/3416\/revisions"}],"predecessor-version":[{"id":3822,"href":"https:\/\/www.fcejs.unsl.edu.ar\/index.php\/wp-json\/wp\/v2\/posts\/3416\/revisions\/3822"}],"wp:featuredmedia":[{"embeddable":true,"href":"https:\/\/www.fcejs.unsl.edu.ar\/index.php\/wp-json\/wp\/v2\/media\/3417"}],"wp:attachment":[{"href":"https:\/\/www.fcejs.unsl.edu.ar\/index.php\/wp-json\/wp\/v2\/media?parent=3416"}],"wp:term":[{"taxonomy":"category","embeddable":true,"href":"https:\/\/www.fcejs.unsl.edu.ar\/index.php\/wp-json\/wp\/v2\/categories?post=3416"},{"taxonomy":"post_tag","embeddable":true,"href":"https:\/\/www.fcejs.unsl.edu.ar\/index.php\/wp-json\/wp\/v2\/tags?post=3416"}],"curies":[{"name":"wp","href":"https:\/\/api.w.org\/{rel}","templated":true}]}}