{"id":3410,"date":"2021-05-05T09:56:10","date_gmt":"2021-05-05T12:56:10","guid":{"rendered":"http:\/\/10.101.10.197\/www\/?p=3410"},"modified":"2021-06-08T12:38:06","modified_gmt":"2021-06-08T15:38:06","slug":"prorroga-del-plazo-de-inscripcion-para-las-becas-progresar","status":"publish","type":"post","link":"https:\/\/www.fcejs.unsl.edu.ar\/index.php\/prorroga-del-plazo-de-inscripcion-para-las-becas-progresar\/","title":{"rendered":"Pr\u00f3rroga del plazo de inscripci\u00f3n para las Becas Progresar"},"content":{"rendered":"<p>El Ministerio de Educaci\u00f3n de la Naci\u00f3n anuncia la pr\u00f3rroga del plazo de inscripci\u00f3n a las Becas Progresar para sus l\u00edneas\u00a0<em>Finalizaci\u00f3n de la Educaci\u00f3n Obligatoria<\/em>,\u00a0<em>Fomento de la Educaci\u00f3n Superior<\/em>\u00a0y\u00a0<em>Fomento de la Educaci\u00f3n Superior en Enfermer\u00eda<\/em>, hasta el 21 de mayo del 2021.<\/p>\n<p>Esta nueva pr\u00f3rroga surge de la necesidad de continuar brind\u00e1ndole oportunidades a los sectores m\u00e1s vulnerables de la poblaci\u00f3n. La inscripci\u00f3n se puede realizar desde la\u00a0<a href=\"https:\/\/www.argentina.gob.ar\/educacion\/progresar\">web del Ministerio de Educaci\u00f3n de la Naci\u00f3n<\/a>\u00a0y de\u00a0<a href=\"https:\/\/www.anses.gob.ar\/progresar\">Anses<\/a>, o a trav\u00e9s de la APP Progresar +.<\/p>\n<p><strong>Requisitos Progresar nivel obligatorio<\/strong><\/p>\n<ul>\n<li>Ser argentina\/o nativa\/o, naturalizada\/o, o extranjera\/o, con residencia legal de dos (2) a\u00f1os en el pa\u00eds y contar con DNI.<\/li>\n<li>Ser alumna\/o regular de una instituci\u00f3n educativa.<\/li>\n<li>Tener entre 18 y 24 a\u00f1os cumplidos.<\/li>\n<li>Se extiende hasta 35 a\u00f1os de edad a las personas con hijas\/os menores de 18 a\u00f1os pertenecientes a hogares monoparentales.<\/li>\n<li>Sin l\u00edmite de edad para personas trans, de pueblos ind\u00edgenas, con discapacidad o refugiadas.<\/li>\n<li>Los ingresos de la\/el joven y los de su grupo familiar no deber\u00e1n ser superiores a tres (3) Salarios M\u00ednimos, Vitales y M\u00f3viles (SMVM).<\/li>\n<\/ul>\n<p><strong>Requisitos Progresar nivel superior<\/strong><\/p>\n<ul>\n<li>Ser argentina\/o nativa\/o, naturalizada\/o, o extranjera\/o, con residencia legal de cinco (5) a\u00f1os en el pa\u00eds y contar con DNI.<\/li>\n<li>Ser alumna\/o regular de una instituci\u00f3n educativa.<\/li>\n<li>Tener entre 18 y 24 a\u00f1os de edad cumplidos.<\/li>\n<li>Estudiantes avanzadas\/os en la carrera, hasta 30 a\u00f1os cumplidos.<\/li>\n<li>Estudiantes de enfermer\u00eda sin l\u00edmite de edad.<\/li>\n<li>Se extiende hasta 35 a\u00f1os de edad a las personas con hijas\/os a cargo menores de 18 a\u00f1os pertenecientes a hogares monoparentales.<\/li>\n<li>Sin l\u00edmite de edad para personas trans, de pueblos ind\u00edgenas, con discapacidad o refugiadas.<\/li>\n<li>Los ingresos de la\/el joven y los de su grupo familiar no deber\u00e1n ser superiores a tres (3) Salarios M\u00ednimos, Vitales y M\u00f3viles (SMVM).<\/li>\n<\/ul>\n<p>El presupuesto 2021 para las becas Progresar asciende a m\u00e1s de $27.000 millones, aumentando la inversi\u00f3n del Estado nacional en un 163.7 por ciento en el acompa\u00f1amiento de las\/os alumnas\/os para que puedan darle continuidad a su trayectoria educativa. Para este a\u00f1o habr\u00e1 incrementos desde el 40% hasta m\u00e1s del 160% en los montos, adem\u00e1s, contempla el pago de 12 cuotas al a\u00f1o.<\/p>\n<p>Asimismo, los recursos se ver\u00e1n ampliados con el ingreso por la recaudaci\u00f3n del Aporte solidario y extraordinario para morigerar los efectos de la pandemia.<\/p>\n<p>En el a\u00f1o 2015 la adjudicaci\u00f3n de las Becas Progresar alcanz\u00f3 a 904.950 personas, ese n\u00famero disminuy\u00f3 a 581.547 en el 2018, pero este a\u00f1o se proyecta aumentar la cantidad de becas llegando a las 800.000.<\/p>\n<p>De esta manera, el Ministerio de Educaci\u00f3n de la Naci\u00f3n busca fortalecer el ingreso, la permanencia y el egreso de las\/os estudiantes, promover la finalizaci\u00f3n de la educaci\u00f3n obligatoria y fomentar la educaci\u00f3n superior y cursos de formaci\u00f3n profesional.<\/p>\n<p>El Programa de Respaldo a Estudiantes Argentinos se cre\u00f3 en 2014 con el fin de generar oportunidades de inclusi\u00f3n social a los\/as j\u00f3venes en situaci\u00f3n de vulnerabilidad, a trav\u00e9s de acciones integradas que permitan su capacitaci\u00f3n e inserci\u00f3n laboral.<\/p>\n<p>Las cuotas mensuales de las becas son los siguientes:<\/p>\n<p><strong>Educaci\u00f3n Obligatoria<\/strong><br \/>\n$3.600<\/p>\n<p><strong>Formaci\u00f3n Profesional<\/strong><br \/>\n$3.600<\/p>\n<p><strong>Terciario<\/strong><br \/>\nEstudiantes de 1\u00ba y 2\u00ba a\u00f1o $3.600<br \/>\nEstudiantes de 3\u00ba y 4\u00ba a\u00f1o $3.800<\/p>\n<p><strong>Carreras universitarias<\/strong><br \/>\nEstudiantes de 1\u00ba y 2\u00ba a\u00f1o $3.600<br \/>\nEstudiantes de 3\u00ba y 4\u00ba a\u00f1o $3.800<br \/>\nEstudiantes de 5\u00ba a\u00f1o $4.600<\/p>\n<p><strong>Carreras terciarias \u2013 Ex Estrat\u00e9gicas (no aplica a nuevos ingresantes)<\/strong><br \/>\nEstudiantes de 2\u00ba a\u00f1o $3.920<br \/>\nEstudiantes de 3\u00ba y 4\u00ba a\u00f1o $5.110<\/p>\n<p><strong>Carreras universitarias \u2013 Ex Estrat\u00e9gicas (no aplica a nuevos ingresantes)<\/strong><br \/>\nEstudiantes de 2\u00ba a\u00f1o $4.340<br \/>\nEstudiantes de 3\u00ba a\u00f1o $5.740<br \/>\nEstudiantes de 4\u00ba a\u00f1o $7.490<br \/>\nEstudiantes de 5\u00ba a\u00f1o $9.660<\/p>\n<p><strong>Enfermer\u00eda Terciario<\/strong><br \/>\nEstudiantes de 1\u00ba a\u00f1o $5.000<br \/>\nEstudiantes de 2\u00ba a\u00f1o $6.000<br \/>\nEstudiantes de 3\u00ba a\u00f1o $7.000<br \/>\nEstudiantes de 4\u00ba a\u00f1o $8.000<\/p>\n<p><strong>Enfermer\u00eda Universitario<\/strong><br \/>\nEstudiantes de 1\u00ba a\u00f1o $5.000<br \/>\nEstudiantes de 2\u00ba a\u00f1o $6.000<br \/>\nEstudiantes de 3\u00ba a\u00f1o $7.000<br \/>\nEstudiantes de 4\u00ba a\u00f1o $8.000<br \/>\nEstudiantes de 5\u00ba a\u00f1o $9.700<\/p>\n<p>&nbsp;<\/p>\n","protected":false},"excerpt":{"rendered":"<p>El Ministerio de Educaci\u00f3n de la Naci\u00f3n anuncia la pr\u00f3rroga del plazo de inscripci\u00f3n a las Becas Progresar para sus l\u00edneas\u00a0Finalizaci\u00f3n de la Educaci\u00f3n Obligatoria,\u00a0Fomento&hellip;<\/p>\n","protected":false},"author":9,"featured_media":3411,"comment_status":"closed","ping_status":"closed","sticky":false,"template":"","format":"standard","meta":{"om_disable_all_campaigns":false,"_monsterinsights_skip_tracking":false,"_monsterinsights_sitenote_active":false,"_monsterinsights_sitenote_note":"","_monsterinsights_sitenote_category":0,"footnotes":""},"categories":[21],"tags":[],"class_list":["post-3410","post","type-post","status-publish","format-standard","has-post-thumbnail","hentry","category-archivadas"],"yoast_head":"<!-- This site is optimized with the Yoast SEO plugin v27.5 - https:\/\/yoast.com\/product\/yoast-seo-wordpress\/ -->\n<title>Pr\u00f3rroga del plazo de inscripci\u00f3n para las Becas Progresar - Facultad de Ciencias Econ\u00f3micas, Jur\u00ed\u00addicas y Sociales<\/title>\n<meta name=\"robots\" content=\"index, follow, max-snippet:-1, max-image-preview:large, max-video-preview:-1\" \/>\n<link rel=\"canonical\" href=\"https:\/\/www.fcejs.unsl.edu.ar\/index.php\/prorroga-del-plazo-de-inscripcion-para-las-becas-progresar\/\" \/>\n<meta property=\"og:locale\" content=\"es_ES\" \/>\n<meta property=\"og:type\" content=\"article\" \/>\n<meta property=\"og:title\" content=\"Pr\u00f3rroga del plazo de inscripci\u00f3n para las Becas Progresar - Facultad de Ciencias Econ\u00f3micas, Jur\u00ed\u00addicas y Sociales\" \/>\n<meta property=\"og:description\" content=\"El Ministerio de Educaci\u00f3n de la Naci\u00f3n anuncia la pr\u00f3rroga del plazo de inscripci\u00f3n a las Becas Progresar para sus l\u00edneas\u00a0Finalizaci\u00f3n de la Educaci\u00f3n Obligatoria,\u00a0Fomento&hellip;\" \/>\n<meta property=\"og:url\" content=\"https:\/\/www.fcejs.unsl.edu.ar\/index.php\/prorroga-del-plazo-de-inscripcion-para-las-becas-progresar\/\" \/>\n<meta property=\"og:site_name\" content=\"Facultad de Ciencias Econ\u00f3micas, Jur\u00ed\u00addicas y Sociales\" \/>\n<meta property=\"article:publisher\" content=\"https:\/\/www.facebook.com\/FCEJS.UNSL\/\" \/>\n<meta property=\"article:published_time\" content=\"2021-05-05T12:56:10+00:00\" \/>\n<meta property=\"article:modified_time\" content=\"2021-06-08T15:38:06+00:00\" \/>\n<meta property=\"og:image\" content=\"https:\/\/www.fcejs.unsl.edu.ar\/wp-content\/uploads\/2021\/05\/1.jpeg\" \/>\n\t<meta property=\"og:image:width\" content=\"1000\" \/>\n\t<meta property=\"og:image:height\" content=\"562\" \/>\n\t<meta property=\"og:image:type\" content=\"image\/jpeg\" \/>\n<meta name=\"author\" content=\"DATI\" \/>\n<meta name=\"twitter:card\" content=\"summary_large_image\" \/>\n<meta name=\"twitter:creator\" content=\"@FCEJSUNSL\" \/>\n<meta name=\"twitter:site\" content=\"@FCEJSUNSL\" \/>\n<meta name=\"twitter:label1\" content=\"Escrito por\" \/>\n\t<meta name=\"twitter:data1\" content=\"DATI\" \/>\n\t<meta name=\"twitter:label2\" content=\"Tiempo de lectura\" \/>\n\t<meta name=\"twitter:data2\" content=\"3 minutos\" \/>\n<script type=\"application\/ld+json\" class=\"yoast-schema-graph\">{\"@context\":\"https:\\\/\\\/schema.org\",\"@graph\":[{\"@type\":\"Article\",\"@id\":\"https:\\\/\\\/www.fcejs.unsl.edu.ar\\\/index.php\\\/prorroga-del-plazo-de-inscripcion-para-las-becas-progresar\\\/#article\",\"isPartOf\":{\"@id\":\"https:\\\/\\\/www.fcejs.unsl.edu.ar\\\/index.php\\\/prorroga-del-plazo-de-inscripcion-para-las-becas-progresar\\\/\"},\"author\":{\"name\":\"DATI\",\"@id\":\"https:\\\/\\\/www.fcejs.unsl.edu.ar\\\/#\\\/schema\\\/person\\\/352ee6ed90c3f394c7cb5945f8956d34\"},\"headline\":\"Pr\u00f3rroga del plazo de inscripci\u00f3n para las Becas Progresar\",\"datePublished\":\"2021-05-05T12:56:10+00:00\",\"dateModified\":\"2021-06-08T15:38:06+00:00\",\"mainEntityOfPage\":{\"@id\":\"https:\\\/\\\/www.fcejs.unsl.edu.ar\\\/index.php\\\/prorroga-del-plazo-de-inscripcion-para-las-becas-progresar\\\/\"},\"wordCount\":704,\"publisher\":{\"@id\":\"https:\\\/\\\/www.fcejs.unsl.edu.ar\\\/#organization\"},\"image\":{\"@id\":\"https:\\\/\\\/www.fcejs.unsl.edu.ar\\\/index.php\\\/prorroga-del-plazo-de-inscripcion-para-las-becas-progresar\\\/#primaryimage\"},\"thumbnailUrl\":\"https:\\\/\\\/www.fcejs.unsl.edu.ar\\\/wp-content\\\/uploads\\\/2021\\\/05\\\/1.jpeg\",\"articleSection\":[\"Archivadas\"],\"inLanguage\":\"es-AR\"},{\"@type\":\"WebPage\",\"@id\":\"https:\\\/\\\/www.fcejs.unsl.edu.ar\\\/index.php\\\/prorroga-del-plazo-de-inscripcion-para-las-becas-progresar\\\/\",\"url\":\"https:\\\/\\\/www.fcejs.unsl.edu.ar\\\/index.php\\\/prorroga-del-plazo-de-inscripcion-para-las-becas-progresar\\\/\",\"name\":\"Pr\u00f3rroga del plazo de inscripci\u00f3n para las Becas Progresar - Facultad de Ciencias Econ\u00f3micas, Jur\u00ed\u00addicas y Sociales\",\"isPartOf\":{\"@id\":\"https:\\\/\\\/www.fcejs.unsl.edu.ar\\\/#website\"},\"primaryImageOfPage\":{\"@id\":\"https:\\\/\\\/www.fcejs.unsl.edu.ar\\\/index.php\\\/prorroga-del-plazo-de-inscripcion-para-las-becas-progresar\\\/#primaryimage\"},\"image\":{\"@id\":\"https:\\\/\\\/www.fcejs.unsl.edu.ar\\\/index.php\\\/prorroga-del-plazo-de-inscripcion-para-las-becas-progresar\\\/#primaryimage\"},\"thumbnailUrl\":\"https:\\\/\\\/www.fcejs.unsl.edu.ar\\\/wp-content\\\/uploads\\\/2021\\\/05\\\/1.jpeg\",\"datePublished\":\"2021-05-05T12:56:10+00:00\",\"dateModified\":\"2021-06-08T15:38:06+00:00\",\"breadcrumb\":{\"@id\":\"https:\\\/\\\/www.fcejs.unsl.edu.ar\\\/index.php\\\/prorroga-del-plazo-de-inscripcion-para-las-becas-progresar\\\/#breadcrumb\"},\"inLanguage\":\"es-AR\",\"potentialAction\":[{\"@type\":\"ReadAction\",\"target\":[\"https:\\\/\\\/www.fcejs.unsl.edu.ar\\\/index.php\\\/prorroga-del-plazo-de-inscripcion-para-las-becas-progresar\\\/\"]}]},{\"@type\":\"ImageObject\",\"inLanguage\":\"es-AR\",\"@id\":\"https:\\\/\\\/www.fcejs.unsl.edu.ar\\\/index.php\\\/prorroga-del-plazo-de-inscripcion-para-las-becas-progresar\\\/#primaryimage\",\"url\":\"https:\\\/\\\/www.fcejs.unsl.edu.ar\\\/wp-content\\\/uploads\\\/2021\\\/05\\\/1.jpeg\",\"contentUrl\":\"https:\\\/\\\/www.fcejs.unsl.edu.ar\\\/wp-content\\\/uploads\\\/2021\\\/05\\\/1.jpeg\",\"width\":1000,\"height\":562},{\"@type\":\"BreadcrumbList\",\"@id\":\"https:\\\/\\\/www.fcejs.unsl.edu.ar\\\/index.php\\\/prorroga-del-plazo-de-inscripcion-para-las-becas-progresar\\\/#breadcrumb\",\"itemListElement\":[{\"@type\":\"ListItem\",\"position\":1,\"name\":\"Inicio\",\"item\":\"https:\\\/\\\/www.fcejs.unsl.edu.ar\\\/\"},{\"@type\":\"ListItem\",\"position\":2,\"name\":\"Pr\u00f3rroga del plazo de inscripci\u00f3n para las Becas Progresar\"}]},{\"@type\":\"WebSite\",\"@id\":\"https:\\\/\\\/www.fcejs.unsl.edu.ar\\\/#website\",\"url\":\"https:\\\/\\\/www.fcejs.unsl.edu.ar\\\/\",\"name\":\"Facultad de Ciencias Econ\u00f3micas, Jur\u00ed\u00addicas y Sociales\",\"description\":\"\",\"publisher\":{\"@id\":\"https:\\\/\\\/www.fcejs.unsl.edu.ar\\\/#organization\"},\"potentialAction\":[{\"@type\":\"SearchAction\",\"target\":{\"@type\":\"EntryPoint\",\"urlTemplate\":\"https:\\\/\\\/www.fcejs.unsl.edu.ar\\\/?s={search_term_string}\"},\"query-input\":{\"@type\":\"PropertyValueSpecification\",\"valueRequired\":true,\"valueName\":\"search_term_string\"}}],\"inLanguage\":\"es-AR\"},{\"@type\":\"Organization\",\"@id\":\"https:\\\/\\\/www.fcejs.unsl.edu.ar\\\/#organization\",\"name\":\"Facultad de Ciencias Econ\u00f3micas, Jur\u00eddicas y Sociales\",\"url\":\"https:\\\/\\\/www.fcejs.unsl.edu.ar\\\/\",\"logo\":{\"@type\":\"ImageObject\",\"inLanguage\":\"es-AR\",\"@id\":\"https:\\\/\\\/www.fcejs.unsl.edu.ar\\\/#\\\/schema\\\/logo\\\/image\\\/\",\"url\":\"https:\\\/\\\/www.fcejs.unsl.edu.ar\\\/wp-content\\\/uploads\\\/2021\\\/03\\\/logo-1.jpg\",\"contentUrl\":\"https:\\\/\\\/www.fcejs.unsl.edu.ar\\\/wp-content\\\/uploads\\\/2021\\\/03\\\/logo-1.jpg\",\"width\":471,\"height\":146,\"caption\":\"Facultad de Ciencias Econ\u00f3micas, Jur\u00eddicas y Sociales\"},\"image\":{\"@id\":\"https:\\\/\\\/www.fcejs.unsl.edu.ar\\\/#\\\/schema\\\/logo\\\/image\\\/\"},\"sameAs\":[\"https:\\\/\\\/www.facebook.com\\\/FCEJS.UNSL\\\/\",\"https:\\\/\\\/x.com\\\/FCEJSUNSL\",\"https:\\\/\\\/www.instagram.com\\\/fcejs.unsl\\\/\",\"https:\\\/\\\/www.youtube.com\\\/channel\\\/UCH-Ut6EaN_X5ogjIQMPe46g\\\/\"]},{\"@type\":\"Person\",\"@id\":\"https:\\\/\\\/www.fcejs.unsl.edu.ar\\\/#\\\/schema\\\/person\\\/352ee6ed90c3f394c7cb5945f8956d34\",\"name\":\"DATI\"}]}<\/script>\n<!-- \/ Yoast SEO plugin. -->","yoast_head_json":{"title":"Pr\u00f3rroga del plazo de inscripci\u00f3n para las Becas Progresar - Facultad de Ciencias Econ\u00f3micas, Jur\u00ed\u00addicas y Sociales","robots":{"index":"index","follow":"follow","max-snippet":"max-snippet:-1","max-image-preview":"max-image-preview:large","max-video-preview":"max-video-preview:-1"},"canonical":"https:\/\/www.fcejs.unsl.edu.ar\/index.php\/prorroga-del-plazo-de-inscripcion-para-las-becas-progresar\/","og_locale":"es_ES","og_type":"article","og_title":"Pr\u00f3rroga del plazo de inscripci\u00f3n para las Becas Progresar - Facultad de Ciencias Econ\u00f3micas, Jur\u00ed\u00addicas y Sociales","og_description":"El Ministerio de Educaci\u00f3n de la Naci\u00f3n anuncia la pr\u00f3rroga del plazo de inscripci\u00f3n a las Becas Progresar para sus l\u00edneas\u00a0Finalizaci\u00f3n de la Educaci\u00f3n Obligatoria,\u00a0Fomento&hellip;","og_url":"https:\/\/www.fcejs.unsl.edu.ar\/index.php\/prorroga-del-plazo-de-inscripcion-para-las-becas-progresar\/","og_site_name":"Facultad de Ciencias Econ\u00f3micas, Jur\u00ed\u00addicas y Sociales","article_publisher":"https:\/\/www.facebook.com\/FCEJS.UNSL\/","article_published_time":"2021-05-05T12:56:10+00:00","article_modified_time":"2021-06-08T15:38:06+00:00","og_image":[{"width":1000,"height":562,"url":"https:\/\/www.fcejs.unsl.edu.ar\/wp-content\/uploads\/2021\/05\/1.jpeg","type":"image\/jpeg"}],"author":"DATI","twitter_card":"summary_large_image","twitter_creator":"@FCEJSUNSL","twitter_site":"@FCEJSUNSL","twitter_misc":{"Escrito por":"DATI","Tiempo de lectura":"3 minutos"},"schema":{"@context":"https:\/\/schema.org","@graph":[{"@type":"Article","@id":"https:\/\/www.fcejs.unsl.edu.ar\/index.php\/prorroga-del-plazo-de-inscripcion-para-las-becas-progresar\/#article","isPartOf":{"@id":"https:\/\/www.fcejs.unsl.edu.ar\/index.php\/prorroga-del-plazo-de-inscripcion-para-las-becas-progresar\/"},"author":{"name":"DATI","@id":"https:\/\/www.fcejs.unsl.edu.ar\/#\/schema\/person\/352ee6ed90c3f394c7cb5945f8956d34"},"headline":"Pr\u00f3rroga del plazo de inscripci\u00f3n para las Becas Progresar","datePublished":"2021-05-05T12:56:10+00:00","dateModified":"2021-06-08T15:38:06+00:00","mainEntityOfPage":{"@id":"https:\/\/www.fcejs.unsl.edu.ar\/index.php\/prorroga-del-plazo-de-inscripcion-para-las-becas-progresar\/"},"wordCount":704,"publisher":{"@id":"https:\/\/www.fcejs.unsl.edu.ar\/#organization"},"image":{"@id":"https:\/\/www.fcejs.unsl.edu.ar\/index.php\/prorroga-del-plazo-de-inscripcion-para-las-becas-progresar\/#primaryimage"},"thumbnailUrl":"https:\/\/www.fcejs.unsl.edu.ar\/wp-content\/uploads\/2021\/05\/1.jpeg","articleSection":["Archivadas"],"inLanguage":"es-AR"},{"@type":"WebPage","@id":"https:\/\/www.fcejs.unsl.edu.ar\/index.php\/prorroga-del-plazo-de-inscripcion-para-las-becas-progresar\/","url":"https:\/\/www.fcejs.unsl.edu.ar\/index.php\/prorroga-del-plazo-de-inscripcion-para-las-becas-progresar\/","name":"Pr\u00f3rroga del plazo de inscripci\u00f3n para las Becas Progresar - Facultad de Ciencias Econ\u00f3micas, Jur\u00ed\u00addicas y Sociales","isPartOf":{"@id":"https:\/\/www.fcejs.unsl.edu.ar\/#website"},"primaryImageOfPage":{"@id":"https:\/\/www.fcejs.unsl.edu.ar\/index.php\/prorroga-del-plazo-de-inscripcion-para-las-becas-progresar\/#primaryimage"},"image":{"@id":"https:\/\/www.fcejs.unsl.edu.ar\/index.php\/prorroga-del-plazo-de-inscripcion-para-las-becas-progresar\/#primaryimage"},"thumbnailUrl":"https:\/\/www.fcejs.unsl.edu.ar\/wp-content\/uploads\/2021\/05\/1.jpeg","datePublished":"2021-05-05T12:56:10+00:00","dateModified":"2021-06-08T15:38:06+00:00","breadcrumb":{"@id":"https:\/\/www.fcejs.unsl.edu.ar\/index.php\/prorroga-del-plazo-de-inscripcion-para-las-becas-progresar\/#breadcrumb"},"inLanguage":"es-AR","potentialAction":[{"@type":"ReadAction","target":["https:\/\/www.fcejs.unsl.edu.ar\/index.php\/prorroga-del-plazo-de-inscripcion-para-las-becas-progresar\/"]}]},{"@type":"ImageObject","inLanguage":"es-AR","@id":"https:\/\/www.fcejs.unsl.edu.ar\/index.php\/prorroga-del-plazo-de-inscripcion-para-las-becas-progresar\/#primaryimage","url":"https:\/\/www.fcejs.unsl.edu.ar\/wp-content\/uploads\/2021\/05\/1.jpeg","contentUrl":"https:\/\/www.fcejs.unsl.edu.ar\/wp-content\/uploads\/2021\/05\/1.jpeg","width":1000,"height":562},{"@type":"BreadcrumbList","@id":"https:\/\/www.fcejs.unsl.edu.ar\/index.php\/prorroga-del-plazo-de-inscripcion-para-las-becas-progresar\/#breadcrumb","itemListElement":[{"@type":"ListItem","position":1,"name":"Inicio","item":"https:\/\/www.fcejs.unsl.edu.ar\/"},{"@type":"ListItem","position":2,"name":"Pr\u00f3rroga del plazo de inscripci\u00f3n para las Becas Progresar"}]},{"@type":"WebSite","@id":"https:\/\/www.fcejs.unsl.edu.ar\/#website","url":"https:\/\/www.fcejs.unsl.edu.ar\/","name":"Facultad de Ciencias Econ\u00f3micas, Jur\u00ed\u00addicas y Sociales","description":"","publisher":{"@id":"https:\/\/www.fcejs.unsl.edu.ar\/#organization"},"potentialAction":[{"@type":"SearchAction","target":{"@type":"EntryPoint","urlTemplate":"https:\/\/www.fcejs.unsl.edu.ar\/?s={search_term_string}"},"query-input":{"@type":"PropertyValueSpecification","valueRequired":true,"valueName":"search_term_string"}}],"inLanguage":"es-AR"},{"@type":"Organization","@id":"https:\/\/www.fcejs.unsl.edu.ar\/#organization","name":"Facultad de Ciencias Econ\u00f3micas, Jur\u00eddicas y Sociales","url":"https:\/\/www.fcejs.unsl.edu.ar\/","logo":{"@type":"ImageObject","inLanguage":"es-AR","@id":"https:\/\/www.fcejs.unsl.edu.ar\/#\/schema\/logo\/image\/","url":"https:\/\/www.fcejs.unsl.edu.ar\/wp-content\/uploads\/2021\/03\/logo-1.jpg","contentUrl":"https:\/\/www.fcejs.unsl.edu.ar\/wp-content\/uploads\/2021\/03\/logo-1.jpg","width":471,"height":146,"caption":"Facultad de Ciencias Econ\u00f3micas, Jur\u00eddicas y Sociales"},"image":{"@id":"https:\/\/www.fcejs.unsl.edu.ar\/#\/schema\/logo\/image\/"},"sameAs":["https:\/\/www.facebook.com\/FCEJS.UNSL\/","https:\/\/x.com\/FCEJSUNSL","https:\/\/www.instagram.com\/fcejs.unsl\/","https:\/\/www.youtube.com\/channel\/UCH-Ut6EaN_X5ogjIQMPe46g\/"]},{"@type":"Person","@id":"https:\/\/www.fcejs.unsl.edu.ar\/#\/schema\/person\/352ee6ed90c3f394c7cb5945f8956d34","name":"DATI"}]}},"jetpack_featured_media_url":"https:\/\/www.fcejs.unsl.edu.ar\/wp-content\/uploads\/2021\/05\/1.jpeg","_links":{"self":[{"href":"https:\/\/www.fcejs.unsl.edu.ar\/index.php\/wp-json\/wp\/v2\/posts\/3410","targetHints":{"allow":["GET"]}}],"collection":[{"href":"https:\/\/www.fcejs.unsl.edu.ar\/index.php\/wp-json\/wp\/v2\/posts"}],"about":[{"href":"https:\/\/www.fcejs.unsl.edu.ar\/index.php\/wp-json\/wp\/v2\/types\/post"}],"author":[{"embeddable":true,"href":"https:\/\/www.fcejs.unsl.edu.ar\/index.php\/wp-json\/wp\/v2\/users\/9"}],"replies":[{"embeddable":true,"href":"https:\/\/www.fcejs.unsl.edu.ar\/index.php\/wp-json\/wp\/v2\/comments?post=3410"}],"version-history":[{"count":1,"href":"https:\/\/www.fcejs.unsl.edu.ar\/index.php\/wp-json\/wp\/v2\/posts\/3410\/revisions"}],"predecessor-version":[{"id":3412,"href":"https:\/\/www.fcejs.unsl.edu.ar\/index.php\/wp-json\/wp\/v2\/posts\/3410\/revisions\/3412"}],"wp:featuredmedia":[{"embeddable":true,"href":"https:\/\/www.fcejs.unsl.edu.ar\/index.php\/wp-json\/wp\/v2\/media\/3411"}],"wp:attachment":[{"href":"https:\/\/www.fcejs.unsl.edu.ar\/index.php\/wp-json\/wp\/v2\/media?parent=3410"}],"wp:term":[{"taxonomy":"category","embeddable":true,"href":"https:\/\/www.fcejs.unsl.edu.ar\/index.php\/wp-json\/wp\/v2\/categories?post=3410"},{"taxonomy":"post_tag","embeddable":true,"href":"https:\/\/www.fcejs.unsl.edu.ar\/index.php\/wp-json\/wp\/v2\/tags?post=3410"}],"curies":[{"name":"wp","href":"https:\/\/api.w.org\/{rel}","templated":true}]}}