{"id":3083,"date":"2021-04-15T12:29:52","date_gmt":"2021-04-15T15:29:52","guid":{"rendered":"http:\/\/10.101.10.197\/www\/?p=3083"},"modified":"2021-08-23T10:51:14","modified_gmt":"2021-08-23T13:51:14","slug":"proyecto-seleccionado-procer","status":"publish","type":"post","link":"https:\/\/www.fcejs.unsl.edu.ar\/index.php\/proyecto-seleccionado-procer\/","title":{"rendered":"Proyecto de la UNSL seleccionado en el Programa de Competitividad de Econom\u00edas Regionales"},"content":{"rendered":"<p>El Programa de Competitividad de Econom\u00edas Regionales (PROCER) del Ministerio de Desarrollo Productivo de la Naci\u00f3n tiene como objetivo potenciar la competitividad y promover la capacidad exportadora de las MiPyMEs y cadenas de valor a trav\u00e9s de aportes no reembolsables (ANR) para financiar capacitaciones, equipamientos y asistencia t\u00e9cnica.<\/p>\n<p>El proyecto seleccionado denominado\u00a0<em>Mejora de la competitividad y desarrollo sostenible de MiPyMEs, articulada con la econom\u00eda del conocimiento como soporte de la econom\u00eda regional<\/em>, fue elaborado y presentado por el Mgtr. H\u00e9ctor Flores, vicerrector de la Universidad Nacional de San Luis (UNSL), el Dr. Mart\u00edn Fern\u00e1ndez Baldo, coordinador de Vinculaci\u00f3n Tecnol\u00f3gica y Social, y el Mgtr. Jorge D\u00edaz, director de la Escuela de Econom\u00eda, Negocios y Transferencia de Tecnolog\u00eda, ganando la asignaci\u00f3n mayoritaria de PROCER de $5.000.000.<\/p>\n<p>El Centro Universitario de Asistencia a las PyMEs de la UNSL, estar\u00e1 en el edificio de la Escuela de Econom\u00eda, Negocios y Transferencia Tecnol\u00f3gica de la UNSL, ubicado en Pescadores 314 de la ciudad de Villa Mercedes, San Luis. Este espacio destinado al CUP cuenta con un aula para 120 personas con posibilidad de ser dividida en dos (2) aulas iguales, recepci\u00f3n, Oficina de Propiedad Intelectual, oficina administrativa y sala de reuniones para 15 personas.<\/p>\n<p><em>Mejora de la competitividad y desarrollo sostenible de MiPyMEs, articulada con la econom\u00eda del conocimiento como soporte de la econom\u00eda regional<\/em>, trabajar\u00e1 en todas las actividades y cadenas de valor, de forma integral , con toda la econom\u00eda regional coordinando las actividades comunes a todos los sectores productivos: agropecuarios, industriales, mineros, de manera intersectorial en las que se determinen estrategias tales como la relaci\u00f3n AGRO con agregado de valor local, industria y con turismo.<\/p>\n<p>Para la identificaci\u00f3n y formulaci\u00f3n de proyectos a fortalecer, se visualiz\u00f3 la informaci\u00f3n disponible, seg\u00fan el censo 2018 en la provincia de San Luis, en el que se lee que los establecimientos que industrializan (agregan valor en su propio establecimiento) son en t\u00e9rminos relativos escasos, aunque estos pueden ser mayor cantidad si se indica en productores que trabajan en la informalidad.<\/p>\n<p>El Plan de implementaci\u00f3n del Proyecto propone intervenir estrat\u00e9gicamente agregando valor a la producci\u00f3n que representa la econom\u00eda regional mediante acciones del sector cient\u00edfico-tecnol\u00f3gico, el Gobierno de la provincia de San Luis y los productores, con los que se busca asociativamente potenciar el desarrollo sostenible provincial a trav\u00e9s del dise\u00f1o, formulaci\u00f3n, ejecuci\u00f3n y monitoreo de planes, programas y proyectos ligados a las actividades productivas y de transformaci\u00f3n en los sectores productivos e industrial, la promoci\u00f3n de la inversi\u00f3n y la competitividad de las empresas locales, el arraigo rural, la generaci\u00f3n de nuevas y mejores fuentes de trabajo y el incremento de la producci\u00f3n sustentable, preservando los recursos naturales, en beneficio de las econom\u00eda provincial y de la comunidad.<\/p>\n<p>Fuente: Vicerrectorado<\/p>\n","protected":false},"excerpt":{"rendered":"<p>El Programa de Competitividad de Econom\u00edas Regionales (PROCER) del Ministerio de Desarrollo Productivo de la Naci\u00f3n tiene como objetivo potenciar la competitividad y promover la&hellip;<\/p>\n","protected":false},"author":9,"featured_media":3088,"comment_status":"closed","ping_status":"closed","sticky":false,"template":"","format":"standard","meta":{"om_disable_all_campaigns":false,"_monsterinsights_skip_tracking":false,"_monsterinsights_sitenote_active":false,"_monsterinsights_sitenote_note":"","_monsterinsights_sitenote_category":0,"footnotes":""},"categories":[21],"tags":[],"class_list":["post-3083","post","type-post","status-publish","format-standard","has-post-thumbnail","hentry","category-archivadas"],"yoast_head":"<!-- This site is optimized with the Yoast SEO plugin v27.4 - https:\/\/yoast.com\/product\/yoast-seo-wordpress\/ -->\n<title>Proyecto de la UNSL seleccionado en el Programa de Competitividad de Econom\u00edas Regionales - Facultad de Ciencias Econ\u00f3micas, Jur\u00ed\u00addicas y Sociales<\/title>\n<meta name=\"robots\" content=\"index, follow, max-snippet:-1, max-image-preview:large, max-video-preview:-1\" \/>\n<link rel=\"canonical\" href=\"https:\/\/www.fcejs.unsl.edu.ar\/index.php\/proyecto-seleccionado-procer\/\" \/>\n<meta property=\"og:locale\" content=\"es_ES\" \/>\n<meta property=\"og:type\" content=\"article\" \/>\n<meta property=\"og:title\" content=\"Proyecto de la UNSL seleccionado en el Programa de Competitividad de Econom\u00edas Regionales - Facultad de Ciencias Econ\u00f3micas, Jur\u00ed\u00addicas y Sociales\" \/>\n<meta property=\"og:description\" content=\"El Programa de Competitividad de Econom\u00edas Regionales (PROCER) del Ministerio de Desarrollo Productivo de la Naci\u00f3n tiene como objetivo potenciar la competitividad y promover la&hellip;\" \/>\n<meta property=\"og:url\" content=\"https:\/\/www.fcejs.unsl.edu.ar\/index.php\/proyecto-seleccionado-procer\/\" \/>\n<meta property=\"og:site_name\" content=\"Facultad de Ciencias Econ\u00f3micas, Jur\u00ed\u00addicas y Sociales\" \/>\n<meta property=\"article:publisher\" content=\"https:\/\/www.facebook.com\/FCEJS.UNSL\/\" \/>\n<meta property=\"article:published_time\" content=\"2021-04-15T15:29:52+00:00\" \/>\n<meta property=\"article:modified_time\" content=\"2021-08-23T13:51:14+00:00\" \/>\n<meta property=\"og:image\" content=\"https:\/\/www.fcejs.unsl.edu.ar\/wp-content\/uploads\/2021\/04\/procer-03.jpg\" \/>\n\t<meta property=\"og:image:width\" content=\"1066\" \/>\n\t<meta property=\"og:image:height\" content=\"603\" \/>\n\t<meta property=\"og:image:type\" content=\"image\/jpeg\" \/>\n<meta name=\"author\" content=\"DATI\" \/>\n<meta name=\"twitter:card\" content=\"summary_large_image\" \/>\n<meta name=\"twitter:creator\" content=\"@FCEJSUNSL\" \/>\n<meta name=\"twitter:site\" content=\"@FCEJSUNSL\" \/>\n<meta name=\"twitter:label1\" content=\"Escrito por\" \/>\n\t<meta name=\"twitter:data1\" content=\"DATI\" \/>\n\t<meta name=\"twitter:label2\" content=\"Tiempo de lectura\" \/>\n\t<meta name=\"twitter:data2\" content=\"2 minutos\" \/>\n<script type=\"application\/ld+json\" class=\"yoast-schema-graph\">{\"@context\":\"https:\\\/\\\/schema.org\",\"@graph\":[{\"@type\":\"Article\",\"@id\":\"https:\\\/\\\/www.fcejs.unsl.edu.ar\\\/index.php\\\/proyecto-seleccionado-procer\\\/#article\",\"isPartOf\":{\"@id\":\"https:\\\/\\\/www.fcejs.unsl.edu.ar\\\/index.php\\\/proyecto-seleccionado-procer\\\/\"},\"author\":{\"name\":\"DATI\",\"@id\":\"https:\\\/\\\/www.fcejs.unsl.edu.ar\\\/#\\\/schema\\\/person\\\/352ee6ed90c3f394c7cb5945f8956d34\"},\"headline\":\"Proyecto de la UNSL seleccionado en el Programa de Competitividad de Econom\u00edas Regionales\",\"datePublished\":\"2021-04-15T15:29:52+00:00\",\"dateModified\":\"2021-08-23T13:51:14+00:00\",\"mainEntityOfPage\":{\"@id\":\"https:\\\/\\\/www.fcejs.unsl.edu.ar\\\/index.php\\\/proyecto-seleccionado-procer\\\/\"},\"wordCount\":506,\"publisher\":{\"@id\":\"https:\\\/\\\/www.fcejs.unsl.edu.ar\\\/#organization\"},\"image\":{\"@id\":\"https:\\\/\\\/www.fcejs.unsl.edu.ar\\\/index.php\\\/proyecto-seleccionado-procer\\\/#primaryimage\"},\"thumbnailUrl\":\"https:\\\/\\\/www.fcejs.unsl.edu.ar\\\/wp-content\\\/uploads\\\/2021\\\/04\\\/procer-03.jpg\",\"articleSection\":[\"Archivadas\"],\"inLanguage\":\"es-AR\"},{\"@type\":\"WebPage\",\"@id\":\"https:\\\/\\\/www.fcejs.unsl.edu.ar\\\/index.php\\\/proyecto-seleccionado-procer\\\/\",\"url\":\"https:\\\/\\\/www.fcejs.unsl.edu.ar\\\/index.php\\\/proyecto-seleccionado-procer\\\/\",\"name\":\"Proyecto de la UNSL seleccionado en el Programa de Competitividad de Econom\u00edas Regionales - Facultad de Ciencias Econ\u00f3micas, Jur\u00ed\u00addicas y Sociales\",\"isPartOf\":{\"@id\":\"https:\\\/\\\/www.fcejs.unsl.edu.ar\\\/#website\"},\"primaryImageOfPage\":{\"@id\":\"https:\\\/\\\/www.fcejs.unsl.edu.ar\\\/index.php\\\/proyecto-seleccionado-procer\\\/#primaryimage\"},\"image\":{\"@id\":\"https:\\\/\\\/www.fcejs.unsl.edu.ar\\\/index.php\\\/proyecto-seleccionado-procer\\\/#primaryimage\"},\"thumbnailUrl\":\"https:\\\/\\\/www.fcejs.unsl.edu.ar\\\/wp-content\\\/uploads\\\/2021\\\/04\\\/procer-03.jpg\",\"datePublished\":\"2021-04-15T15:29:52+00:00\",\"dateModified\":\"2021-08-23T13:51:14+00:00\",\"breadcrumb\":{\"@id\":\"https:\\\/\\\/www.fcejs.unsl.edu.ar\\\/index.php\\\/proyecto-seleccionado-procer\\\/#breadcrumb\"},\"inLanguage\":\"es-AR\",\"potentialAction\":[{\"@type\":\"ReadAction\",\"target\":[\"https:\\\/\\\/www.fcejs.unsl.edu.ar\\\/index.php\\\/proyecto-seleccionado-procer\\\/\"]}]},{\"@type\":\"ImageObject\",\"inLanguage\":\"es-AR\",\"@id\":\"https:\\\/\\\/www.fcejs.unsl.edu.ar\\\/index.php\\\/proyecto-seleccionado-procer\\\/#primaryimage\",\"url\":\"https:\\\/\\\/www.fcejs.unsl.edu.ar\\\/wp-content\\\/uploads\\\/2021\\\/04\\\/procer-03.jpg\",\"contentUrl\":\"https:\\\/\\\/www.fcejs.unsl.edu.ar\\\/wp-content\\\/uploads\\\/2021\\\/04\\\/procer-03.jpg\",\"width\":1066,\"height\":603},{\"@type\":\"BreadcrumbList\",\"@id\":\"https:\\\/\\\/www.fcejs.unsl.edu.ar\\\/index.php\\\/proyecto-seleccionado-procer\\\/#breadcrumb\",\"itemListElement\":[{\"@type\":\"ListItem\",\"position\":1,\"name\":\"Inicio\",\"item\":\"https:\\\/\\\/www.fcejs.unsl.edu.ar\\\/\"},{\"@type\":\"ListItem\",\"position\":2,\"name\":\"Proyecto de la UNSL seleccionado en el Programa de Competitividad de Econom\u00edas Regionales\"}]},{\"@type\":\"WebSite\",\"@id\":\"https:\\\/\\\/www.fcejs.unsl.edu.ar\\\/#website\",\"url\":\"https:\\\/\\\/www.fcejs.unsl.edu.ar\\\/\",\"name\":\"Facultad de Ciencias Econ\u00f3micas, Jur\u00ed\u00addicas y Sociales\",\"description\":\"\",\"publisher\":{\"@id\":\"https:\\\/\\\/www.fcejs.unsl.edu.ar\\\/#organization\"},\"potentialAction\":[{\"@type\":\"SearchAction\",\"target\":{\"@type\":\"EntryPoint\",\"urlTemplate\":\"https:\\\/\\\/www.fcejs.unsl.edu.ar\\\/?s={search_term_string}\"},\"query-input\":{\"@type\":\"PropertyValueSpecification\",\"valueRequired\":true,\"valueName\":\"search_term_string\"}}],\"inLanguage\":\"es-AR\"},{\"@type\":\"Organization\",\"@id\":\"https:\\\/\\\/www.fcejs.unsl.edu.ar\\\/#organization\",\"name\":\"Facultad de Ciencias Econ\u00f3micas, Jur\u00eddicas y Sociales\",\"url\":\"https:\\\/\\\/www.fcejs.unsl.edu.ar\\\/\",\"logo\":{\"@type\":\"ImageObject\",\"inLanguage\":\"es-AR\",\"@id\":\"https:\\\/\\\/www.fcejs.unsl.edu.ar\\\/#\\\/schema\\\/logo\\\/image\\\/\",\"url\":\"https:\\\/\\\/www.fcejs.unsl.edu.ar\\\/wp-content\\\/uploads\\\/2021\\\/03\\\/logo-1.jpg\",\"contentUrl\":\"https:\\\/\\\/www.fcejs.unsl.edu.ar\\\/wp-content\\\/uploads\\\/2021\\\/03\\\/logo-1.jpg\",\"width\":471,\"height\":146,\"caption\":\"Facultad de Ciencias Econ\u00f3micas, Jur\u00eddicas y Sociales\"},\"image\":{\"@id\":\"https:\\\/\\\/www.fcejs.unsl.edu.ar\\\/#\\\/schema\\\/logo\\\/image\\\/\"},\"sameAs\":[\"https:\\\/\\\/www.facebook.com\\\/FCEJS.UNSL\\\/\",\"https:\\\/\\\/x.com\\\/FCEJSUNSL\",\"https:\\\/\\\/www.instagram.com\\\/fcejs.unsl\\\/\",\"https:\\\/\\\/www.youtube.com\\\/channel\\\/UCH-Ut6EaN_X5ogjIQMPe46g\\\/\"]},{\"@type\":\"Person\",\"@id\":\"https:\\\/\\\/www.fcejs.unsl.edu.ar\\\/#\\\/schema\\\/person\\\/352ee6ed90c3f394c7cb5945f8956d34\",\"name\":\"DATI\"}]}<\/script>\n<!-- \/ Yoast SEO plugin. -->","yoast_head_json":{"title":"Proyecto de la UNSL seleccionado en el Programa de Competitividad de Econom\u00edas Regionales - Facultad de Ciencias Econ\u00f3micas, Jur\u00ed\u00addicas y Sociales","robots":{"index":"index","follow":"follow","max-snippet":"max-snippet:-1","max-image-preview":"max-image-preview:large","max-video-preview":"max-video-preview:-1"},"canonical":"https:\/\/www.fcejs.unsl.edu.ar\/index.php\/proyecto-seleccionado-procer\/","og_locale":"es_ES","og_type":"article","og_title":"Proyecto de la UNSL seleccionado en el Programa de Competitividad de Econom\u00edas Regionales - Facultad de Ciencias Econ\u00f3micas, Jur\u00ed\u00addicas y Sociales","og_description":"El Programa de Competitividad de Econom\u00edas Regionales (PROCER) del Ministerio de Desarrollo Productivo de la Naci\u00f3n tiene como objetivo potenciar la competitividad y promover la&hellip;","og_url":"https:\/\/www.fcejs.unsl.edu.ar\/index.php\/proyecto-seleccionado-procer\/","og_site_name":"Facultad de Ciencias Econ\u00f3micas, Jur\u00ed\u00addicas y Sociales","article_publisher":"https:\/\/www.facebook.com\/FCEJS.UNSL\/","article_published_time":"2021-04-15T15:29:52+00:00","article_modified_time":"2021-08-23T13:51:14+00:00","og_image":[{"width":1066,"height":603,"url":"https:\/\/www.fcejs.unsl.edu.ar\/wp-content\/uploads\/2021\/04\/procer-03.jpg","type":"image\/jpeg"}],"author":"DATI","twitter_card":"summary_large_image","twitter_creator":"@FCEJSUNSL","twitter_site":"@FCEJSUNSL","twitter_misc":{"Escrito por":"DATI","Tiempo de lectura":"2 minutos"},"schema":{"@context":"https:\/\/schema.org","@graph":[{"@type":"Article","@id":"https:\/\/www.fcejs.unsl.edu.ar\/index.php\/proyecto-seleccionado-procer\/#article","isPartOf":{"@id":"https:\/\/www.fcejs.unsl.edu.ar\/index.php\/proyecto-seleccionado-procer\/"},"author":{"name":"DATI","@id":"https:\/\/www.fcejs.unsl.edu.ar\/#\/schema\/person\/352ee6ed90c3f394c7cb5945f8956d34"},"headline":"Proyecto de la UNSL seleccionado en el Programa de Competitividad de Econom\u00edas Regionales","datePublished":"2021-04-15T15:29:52+00:00","dateModified":"2021-08-23T13:51:14+00:00","mainEntityOfPage":{"@id":"https:\/\/www.fcejs.unsl.edu.ar\/index.php\/proyecto-seleccionado-procer\/"},"wordCount":506,"publisher":{"@id":"https:\/\/www.fcejs.unsl.edu.ar\/#organization"},"image":{"@id":"https:\/\/www.fcejs.unsl.edu.ar\/index.php\/proyecto-seleccionado-procer\/#primaryimage"},"thumbnailUrl":"https:\/\/www.fcejs.unsl.edu.ar\/wp-content\/uploads\/2021\/04\/procer-03.jpg","articleSection":["Archivadas"],"inLanguage":"es-AR"},{"@type":"WebPage","@id":"https:\/\/www.fcejs.unsl.edu.ar\/index.php\/proyecto-seleccionado-procer\/","url":"https:\/\/www.fcejs.unsl.edu.ar\/index.php\/proyecto-seleccionado-procer\/","name":"Proyecto de la UNSL seleccionado en el Programa de Competitividad de Econom\u00edas Regionales - Facultad de Ciencias Econ\u00f3micas, Jur\u00ed\u00addicas y Sociales","isPartOf":{"@id":"https:\/\/www.fcejs.unsl.edu.ar\/#website"},"primaryImageOfPage":{"@id":"https:\/\/www.fcejs.unsl.edu.ar\/index.php\/proyecto-seleccionado-procer\/#primaryimage"},"image":{"@id":"https:\/\/www.fcejs.unsl.edu.ar\/index.php\/proyecto-seleccionado-procer\/#primaryimage"},"thumbnailUrl":"https:\/\/www.fcejs.unsl.edu.ar\/wp-content\/uploads\/2021\/04\/procer-03.jpg","datePublished":"2021-04-15T15:29:52+00:00","dateModified":"2021-08-23T13:51:14+00:00","breadcrumb":{"@id":"https:\/\/www.fcejs.unsl.edu.ar\/index.php\/proyecto-seleccionado-procer\/#breadcrumb"},"inLanguage":"es-AR","potentialAction":[{"@type":"ReadAction","target":["https:\/\/www.fcejs.unsl.edu.ar\/index.php\/proyecto-seleccionado-procer\/"]}]},{"@type":"ImageObject","inLanguage":"es-AR","@id":"https:\/\/www.fcejs.unsl.edu.ar\/index.php\/proyecto-seleccionado-procer\/#primaryimage","url":"https:\/\/www.fcejs.unsl.edu.ar\/wp-content\/uploads\/2021\/04\/procer-03.jpg","contentUrl":"https:\/\/www.fcejs.unsl.edu.ar\/wp-content\/uploads\/2021\/04\/procer-03.jpg","width":1066,"height":603},{"@type":"BreadcrumbList","@id":"https:\/\/www.fcejs.unsl.edu.ar\/index.php\/proyecto-seleccionado-procer\/#breadcrumb","itemListElement":[{"@type":"ListItem","position":1,"name":"Inicio","item":"https:\/\/www.fcejs.unsl.edu.ar\/"},{"@type":"ListItem","position":2,"name":"Proyecto de la UNSL seleccionado en el Programa de Competitividad de Econom\u00edas Regionales"}]},{"@type":"WebSite","@id":"https:\/\/www.fcejs.unsl.edu.ar\/#website","url":"https:\/\/www.fcejs.unsl.edu.ar\/","name":"Facultad de Ciencias Econ\u00f3micas, Jur\u00ed\u00addicas y Sociales","description":"","publisher":{"@id":"https:\/\/www.fcejs.unsl.edu.ar\/#organization"},"potentialAction":[{"@type":"SearchAction","target":{"@type":"EntryPoint","urlTemplate":"https:\/\/www.fcejs.unsl.edu.ar\/?s={search_term_string}"},"query-input":{"@type":"PropertyValueSpecification","valueRequired":true,"valueName":"search_term_string"}}],"inLanguage":"es-AR"},{"@type":"Organization","@id":"https:\/\/www.fcejs.unsl.edu.ar\/#organization","name":"Facultad de Ciencias Econ\u00f3micas, Jur\u00eddicas y Sociales","url":"https:\/\/www.fcejs.unsl.edu.ar\/","logo":{"@type":"ImageObject","inLanguage":"es-AR","@id":"https:\/\/www.fcejs.unsl.edu.ar\/#\/schema\/logo\/image\/","url":"https:\/\/www.fcejs.unsl.edu.ar\/wp-content\/uploads\/2021\/03\/logo-1.jpg","contentUrl":"https:\/\/www.fcejs.unsl.edu.ar\/wp-content\/uploads\/2021\/03\/logo-1.jpg","width":471,"height":146,"caption":"Facultad de Ciencias Econ\u00f3micas, Jur\u00eddicas y Sociales"},"image":{"@id":"https:\/\/www.fcejs.unsl.edu.ar\/#\/schema\/logo\/image\/"},"sameAs":["https:\/\/www.facebook.com\/FCEJS.UNSL\/","https:\/\/x.com\/FCEJSUNSL","https:\/\/www.instagram.com\/fcejs.unsl\/","https:\/\/www.youtube.com\/channel\/UCH-Ut6EaN_X5ogjIQMPe46g\/"]},{"@type":"Person","@id":"https:\/\/www.fcejs.unsl.edu.ar\/#\/schema\/person\/352ee6ed90c3f394c7cb5945f8956d34","name":"DATI"}]}},"jetpack_featured_media_url":"https:\/\/www.fcejs.unsl.edu.ar\/wp-content\/uploads\/2021\/04\/procer-03.jpg","_links":{"self":[{"href":"https:\/\/www.fcejs.unsl.edu.ar\/index.php\/wp-json\/wp\/v2\/posts\/3083","targetHints":{"allow":["GET"]}}],"collection":[{"href":"https:\/\/www.fcejs.unsl.edu.ar\/index.php\/wp-json\/wp\/v2\/posts"}],"about":[{"href":"https:\/\/www.fcejs.unsl.edu.ar\/index.php\/wp-json\/wp\/v2\/types\/post"}],"author":[{"embeddable":true,"href":"https:\/\/www.fcejs.unsl.edu.ar\/index.php\/wp-json\/wp\/v2\/users\/9"}],"replies":[{"embeddable":true,"href":"https:\/\/www.fcejs.unsl.edu.ar\/index.php\/wp-json\/wp\/v2\/comments?post=3083"}],"version-history":[{"count":2,"href":"https:\/\/www.fcejs.unsl.edu.ar\/index.php\/wp-json\/wp\/v2\/posts\/3083\/revisions"}],"predecessor-version":[{"id":3086,"href":"https:\/\/www.fcejs.unsl.edu.ar\/index.php\/wp-json\/wp\/v2\/posts\/3083\/revisions\/3086"}],"wp:featuredmedia":[{"embeddable":true,"href":"https:\/\/www.fcejs.unsl.edu.ar\/index.php\/wp-json\/wp\/v2\/media\/3088"}],"wp:attachment":[{"href":"https:\/\/www.fcejs.unsl.edu.ar\/index.php\/wp-json\/wp\/v2\/media?parent=3083"}],"wp:term":[{"taxonomy":"category","embeddable":true,"href":"https:\/\/www.fcejs.unsl.edu.ar\/index.php\/wp-json\/wp\/v2\/categories?post=3083"},{"taxonomy":"post_tag","embeddable":true,"href":"https:\/\/www.fcejs.unsl.edu.ar\/index.php\/wp-json\/wp\/v2\/tags?post=3083"}],"curies":[{"name":"wp","href":"https:\/\/api.w.org\/{rel}","templated":true}]}}