{"id":3038,"date":"2021-04-12T21:07:58","date_gmt":"2021-04-13T00:07:58","guid":{"rendered":"http:\/\/10.101.10.197\/www\/?p=3038"},"modified":"2021-04-22T09:28:50","modified_gmt":"2021-04-22T12:28:50","slug":"invitacion-v-jornadas-nacionales-de-economia-sl-2021-facpce","status":"publish","type":"post","link":"https:\/\/www.fcejs.unsl.edu.ar\/index.php\/invitacion-v-jornadas-nacionales-de-economia-sl-2021-facpce\/","title":{"rendered":"Invitaci\u00f3n: V Jornadas Nacionales de Econom\u00eda SL 2021 &#8211; FACPCE"},"content":{"rendered":"<p>Este encuentro ha sido organizado por el Consejo Profesional de Ciencias Econ\u00f3micas San Luis (CPCESL) y la Federaci\u00f3n Argentina de Consejos Profesionales de Ciencias Econ\u00f3micas (FACPCE) procurando dar un espacio a la pluralidad de voces que nos permitan &#8220;Repensar la Econom\u00eda&#8221;. Tendr\u00e1 lugar los d\u00edas 22 y 23 de abril de 2021 y ser\u00e1 100% virtual.<\/p>\n<p>Su presentaci\u00f3n ha sido estructurada en dos d\u00edas y bajo cuatro bloques tem\u00e1ticos: Econom\u00eda Social y Solidaria; Econom\u00eda Ambiental y Ecol\u00f3gica; Econom\u00eda, Econom\u00eda Internacional, Finanzas e Innovaci\u00f3n en Econom\u00eda; y Desarrollo Regional. Contando con la participaci\u00f3n de destacados especialistas locales, regionales, nacionales y de reconocimiento internacional.<\/p>\n<p>Est\u00e1 destinado a docentes, estudiantes y dem\u00e1s miembros de la comunidad acad\u00e9mica, como as\u00ed tambi\u00e9n a profesionales afines y p\u00fablico en general.<\/p>\n<p><strong>PROGRAMA JORNADAS<\/strong><\/p>\n<p>DIA 1 (22 de Abril)<\/p>\n<p>ESPACIO OBSERVATORIOS ECONOMICOS DE LOS CPCE y CENECO<br \/>\n14:30 h: Espacio de trabajo de los Observatorios de los CPCE Y CENECO<\/p>\n<p>INICIO DE LAS JORNADAS &#8211; Palabras de Bienvenida de las Autoridades.<br \/>\n15:30 h: Palabras de Bienvenida del Presidente del Consejo Sede.<br \/>\n15:35 h: Palabras del Presidente de FACPCE.<br \/>\n15:45 h: Palabras del Vicepresidente de FACPCE.<br \/>\n15:50 h: Palabras del Secretario de FACPCE.<br \/>\n15:55 h: Palabras del Presidente Comit\u00e9 Ejecutivo.<\/p>\n<p>Bloque I \u2013 Econom\u00eda Social y Solidaria 16:00 a 18:15<\/p>\n<p>16:00. Inicio de las Disertaciones del Bloque I.<br \/>\n17:20. Preguntas a cargo del moderador local.<br \/>\n17:30 h: Cierre del Bloque I a cargo de expositor destacado.<br \/>\n18:00 h: Preguntas y Cierre definitivo del Bloque I.<br \/>\n18:15: Breack de 20 minutos.<\/p>\n<p>Bloque II \u2013 Econom\u00eda Ambiental y Ecol\u00f3gica 18:35 a 21:00<\/p>\n<p>18:35 h: Inicio de las Disertaciones del Bloque II.<br \/>\n19:55 h: Preguntas a cargo del moderador local.<br \/>\n20:05 h: Cierre del Bloque II a cargo de expositor destacado.<br \/>\n20:35 h: Preguntas y Cierre definitivo del Bloque II.<br \/>\n20:45 h: Cierre de la primera jornada.<br \/>\nDIA 2 (23 de Abril)<\/p>\n<p>Bloque III \u2013 Econom\u00eda, Econom\u00eda Internacional, Finanzas e Innovaci\u00f3n en Econom\u00eda \u2013 15:00 \u2013 18:20<\/p>\n<p>15:00 h: Inicio de Bloque internacional.<br \/>\n16:00 h Disertaciones Bloque III.<br \/>\n17:20 h: Preguntas a cargo del moderador.<br \/>\n17:30 h: Cierre del Bloque I a cargo de expositor destacado.<br \/>\n18:00 h: Preguntas y Cierre definitivo del Bloque III.<br \/>\n18:15 h: Breack de 20 minutos.<\/p>\n<p>Bloque IV \u2013 Desarrollo Regional \u2013 18:35 a 21:20<br \/>\n18:35 h: Inicio de las Disertaciones del Bloque IV.<br \/>\n20:05 h: Cierre del Bloque IV a cargo de expositor destacado.<br \/>\n20:35 h: Preguntas y Cierre definitivo del Bloque IV.<br \/>\n20:45 h: Reflexi\u00f3n Final a cargo del Dr. Domingo Massa.<\/p>\n<p>CIERRE DE LAS JORNADAS &#8211; Palabras de Cierre de las Autoridades.<br \/>\n21:00 h: Palabras de Cierre del Presidente del Consejo Sede.<br \/>\n21:05 h: Palabras del Presidente de FACPCE.<br \/>\n21:10 h: Palabras del Vicepresidente de FACPCE.<br \/>\n21:15 h: Palabras del Presidente Comit\u00e9 Ejecutivo.<br \/>\n21:20 h: Cierre de las Jornadas.<\/p>\n<p><a href=\"https:\/\/docs.google.com\/forms\/d\/e\/1FAIpQLScuwDS3AxqqJFOwE8u464PDSFqyqdLRXOWCsQp_9PfFc1ETtA\/viewform\"><strong>Formulario de inscripci\u00f3n<\/strong><\/a><\/p>\n<p>M\u00e1s informaci\u00f3n en <a href=\"http:\/\/vjornadaseconomiasl.org.ar\/\"><strong>Sitio web<\/strong><\/a><\/p>\n","protected":false},"excerpt":{"rendered":"<p>Este encuentro ha sido organizado por el Consejo Profesional de Ciencias Econ\u00f3micas San Luis (CPCESL) y la Federaci\u00f3n Argentina de Consejos Profesionales de Ciencias Econ\u00f3micas&hellip;<\/p>\n","protected":false},"author":9,"featured_media":3045,"comment_status":"closed","ping_status":"closed","sticky":false,"template":"","format":"standard","meta":{"om_disable_all_campaigns":false,"_monsterinsights_skip_tracking":false,"_monsterinsights_sitenote_active":false,"_monsterinsights_sitenote_note":"","_monsterinsights_sitenote_category":0,"footnotes":""},"categories":[21],"tags":[],"class_list":["post-3038","post","type-post","status-publish","format-standard","has-post-thumbnail","hentry","category-archivadas"],"yoast_head":"<!-- This site is optimized with the Yoast SEO plugin v27.4 - https:\/\/yoast.com\/product\/yoast-seo-wordpress\/ -->\n<title>Invitaci\u00f3n: V Jornadas Nacionales de Econom\u00eda SL 2021 - FACPCE - Facultad de Ciencias Econ\u00f3micas, Jur\u00ed\u00addicas y Sociales<\/title>\n<meta name=\"robots\" content=\"index, follow, max-snippet:-1, max-image-preview:large, max-video-preview:-1\" \/>\n<link rel=\"canonical\" href=\"https:\/\/www.fcejs.unsl.edu.ar\/index.php\/invitacion-v-jornadas-nacionales-de-economia-sl-2021-facpce\/\" \/>\n<meta property=\"og:locale\" content=\"es_ES\" \/>\n<meta property=\"og:type\" content=\"article\" \/>\n<meta property=\"og:title\" content=\"Invitaci\u00f3n: V Jornadas Nacionales de Econom\u00eda SL 2021 - FACPCE - Facultad de Ciencias Econ\u00f3micas, Jur\u00ed\u00addicas y Sociales\" \/>\n<meta property=\"og:description\" content=\"Este encuentro ha sido organizado por el Consejo Profesional de Ciencias Econ\u00f3micas San Luis (CPCESL) y la Federaci\u00f3n Argentina de Consejos Profesionales de Ciencias Econ\u00f3micas&hellip;\" \/>\n<meta property=\"og:url\" content=\"https:\/\/www.fcejs.unsl.edu.ar\/index.php\/invitacion-v-jornadas-nacionales-de-economia-sl-2021-facpce\/\" \/>\n<meta property=\"og:site_name\" content=\"Facultad de Ciencias Econ\u00f3micas, Jur\u00ed\u00addicas y Sociales\" \/>\n<meta property=\"article:publisher\" content=\"https:\/\/www.facebook.com\/FCEJS.UNSL\/\" \/>\n<meta property=\"article:published_time\" content=\"2021-04-13T00:07:58+00:00\" \/>\n<meta property=\"article:modified_time\" content=\"2021-04-22T12:28:50+00:00\" \/>\n<meta property=\"og:image\" content=\"https:\/\/www.fcejs.unsl.edu.ar\/wp-content\/uploads\/2021\/04\/economia-jornada.jpg\" \/>\n\t<meta property=\"og:image:width\" content=\"1020\" \/>\n\t<meta property=\"og:image:height\" content=\"600\" \/>\n\t<meta property=\"og:image:type\" content=\"image\/jpeg\" \/>\n<meta name=\"author\" content=\"DATI\" \/>\n<meta name=\"twitter:card\" content=\"summary_large_image\" \/>\n<meta name=\"twitter:creator\" content=\"@FCEJSUNSL\" \/>\n<meta name=\"twitter:site\" content=\"@FCEJSUNSL\" \/>\n<meta name=\"twitter:label1\" content=\"Escrito por\" \/>\n\t<meta name=\"twitter:data1\" content=\"DATI\" \/>\n\t<meta name=\"twitter:label2\" content=\"Tiempo de lectura\" \/>\n\t<meta name=\"twitter:data2\" content=\"3 minutos\" \/>\n<script type=\"application\/ld+json\" class=\"yoast-schema-graph\">{\"@context\":\"https:\\\/\\\/schema.org\",\"@graph\":[{\"@type\":\"Article\",\"@id\":\"https:\\\/\\\/www.fcejs.unsl.edu.ar\\\/index.php\\\/invitacion-v-jornadas-nacionales-de-economia-sl-2021-facpce\\\/#article\",\"isPartOf\":{\"@id\":\"https:\\\/\\\/www.fcejs.unsl.edu.ar\\\/index.php\\\/invitacion-v-jornadas-nacionales-de-economia-sl-2021-facpce\\\/\"},\"author\":{\"name\":\"DATI\",\"@id\":\"https:\\\/\\\/www.fcejs.unsl.edu.ar\\\/#\\\/schema\\\/person\\\/352ee6ed90c3f394c7cb5945f8956d34\"},\"headline\":\"Invitaci\u00f3n: V Jornadas Nacionales de Econom\u00eda SL 2021 &#8211; FACPCE\",\"datePublished\":\"2021-04-13T00:07:58+00:00\",\"dateModified\":\"2021-04-22T12:28:50+00:00\",\"mainEntityOfPage\":{\"@id\":\"https:\\\/\\\/www.fcejs.unsl.edu.ar\\\/index.php\\\/invitacion-v-jornadas-nacionales-de-economia-sl-2021-facpce\\\/\"},\"wordCount\":459,\"publisher\":{\"@id\":\"https:\\\/\\\/www.fcejs.unsl.edu.ar\\\/#organization\"},\"image\":{\"@id\":\"https:\\\/\\\/www.fcejs.unsl.edu.ar\\\/index.php\\\/invitacion-v-jornadas-nacionales-de-economia-sl-2021-facpce\\\/#primaryimage\"},\"thumbnailUrl\":\"https:\\\/\\\/www.fcejs.unsl.edu.ar\\\/wp-content\\\/uploads\\\/2021\\\/04\\\/economia-jornada.jpg\",\"articleSection\":[\"Archivadas\"],\"inLanguage\":\"es-AR\"},{\"@type\":\"WebPage\",\"@id\":\"https:\\\/\\\/www.fcejs.unsl.edu.ar\\\/index.php\\\/invitacion-v-jornadas-nacionales-de-economia-sl-2021-facpce\\\/\",\"url\":\"https:\\\/\\\/www.fcejs.unsl.edu.ar\\\/index.php\\\/invitacion-v-jornadas-nacionales-de-economia-sl-2021-facpce\\\/\",\"name\":\"Invitaci\u00f3n: V Jornadas Nacionales de Econom\u00eda SL 2021 - FACPCE - Facultad de Ciencias Econ\u00f3micas, Jur\u00ed\u00addicas y Sociales\",\"isPartOf\":{\"@id\":\"https:\\\/\\\/www.fcejs.unsl.edu.ar\\\/#website\"},\"primaryImageOfPage\":{\"@id\":\"https:\\\/\\\/www.fcejs.unsl.edu.ar\\\/index.php\\\/invitacion-v-jornadas-nacionales-de-economia-sl-2021-facpce\\\/#primaryimage\"},\"image\":{\"@id\":\"https:\\\/\\\/www.fcejs.unsl.edu.ar\\\/index.php\\\/invitacion-v-jornadas-nacionales-de-economia-sl-2021-facpce\\\/#primaryimage\"},\"thumbnailUrl\":\"https:\\\/\\\/www.fcejs.unsl.edu.ar\\\/wp-content\\\/uploads\\\/2021\\\/04\\\/economia-jornada.jpg\",\"datePublished\":\"2021-04-13T00:07:58+00:00\",\"dateModified\":\"2021-04-22T12:28:50+00:00\",\"breadcrumb\":{\"@id\":\"https:\\\/\\\/www.fcejs.unsl.edu.ar\\\/index.php\\\/invitacion-v-jornadas-nacionales-de-economia-sl-2021-facpce\\\/#breadcrumb\"},\"inLanguage\":\"es-AR\",\"potentialAction\":[{\"@type\":\"ReadAction\",\"target\":[\"https:\\\/\\\/www.fcejs.unsl.edu.ar\\\/index.php\\\/invitacion-v-jornadas-nacionales-de-economia-sl-2021-facpce\\\/\"]}]},{\"@type\":\"ImageObject\",\"inLanguage\":\"es-AR\",\"@id\":\"https:\\\/\\\/www.fcejs.unsl.edu.ar\\\/index.php\\\/invitacion-v-jornadas-nacionales-de-economia-sl-2021-facpce\\\/#primaryimage\",\"url\":\"https:\\\/\\\/www.fcejs.unsl.edu.ar\\\/wp-content\\\/uploads\\\/2021\\\/04\\\/economia-jornada.jpg\",\"contentUrl\":\"https:\\\/\\\/www.fcejs.unsl.edu.ar\\\/wp-content\\\/uploads\\\/2021\\\/04\\\/economia-jornada.jpg\",\"width\":1020,\"height\":600},{\"@type\":\"BreadcrumbList\",\"@id\":\"https:\\\/\\\/www.fcejs.unsl.edu.ar\\\/index.php\\\/invitacion-v-jornadas-nacionales-de-economia-sl-2021-facpce\\\/#breadcrumb\",\"itemListElement\":[{\"@type\":\"ListItem\",\"position\":1,\"name\":\"Inicio\",\"item\":\"https:\\\/\\\/www.fcejs.unsl.edu.ar\\\/\"},{\"@type\":\"ListItem\",\"position\":2,\"name\":\"Invitaci\u00f3n: V Jornadas Nacionales de Econom\u00eda SL 2021 &#8211; FACPCE\"}]},{\"@type\":\"WebSite\",\"@id\":\"https:\\\/\\\/www.fcejs.unsl.edu.ar\\\/#website\",\"url\":\"https:\\\/\\\/www.fcejs.unsl.edu.ar\\\/\",\"name\":\"Facultad de Ciencias Econ\u00f3micas, Jur\u00ed\u00addicas y Sociales\",\"description\":\"\",\"publisher\":{\"@id\":\"https:\\\/\\\/www.fcejs.unsl.edu.ar\\\/#organization\"},\"potentialAction\":[{\"@type\":\"SearchAction\",\"target\":{\"@type\":\"EntryPoint\",\"urlTemplate\":\"https:\\\/\\\/www.fcejs.unsl.edu.ar\\\/?s={search_term_string}\"},\"query-input\":{\"@type\":\"PropertyValueSpecification\",\"valueRequired\":true,\"valueName\":\"search_term_string\"}}],\"inLanguage\":\"es-AR\"},{\"@type\":\"Organization\",\"@id\":\"https:\\\/\\\/www.fcejs.unsl.edu.ar\\\/#organization\",\"name\":\"Facultad de Ciencias Econ\u00f3micas, Jur\u00eddicas y Sociales\",\"url\":\"https:\\\/\\\/www.fcejs.unsl.edu.ar\\\/\",\"logo\":{\"@type\":\"ImageObject\",\"inLanguage\":\"es-AR\",\"@id\":\"https:\\\/\\\/www.fcejs.unsl.edu.ar\\\/#\\\/schema\\\/logo\\\/image\\\/\",\"url\":\"https:\\\/\\\/www.fcejs.unsl.edu.ar\\\/wp-content\\\/uploads\\\/2021\\\/03\\\/logo-1.jpg\",\"contentUrl\":\"https:\\\/\\\/www.fcejs.unsl.edu.ar\\\/wp-content\\\/uploads\\\/2021\\\/03\\\/logo-1.jpg\",\"width\":471,\"height\":146,\"caption\":\"Facultad de Ciencias Econ\u00f3micas, Jur\u00eddicas y Sociales\"},\"image\":{\"@id\":\"https:\\\/\\\/www.fcejs.unsl.edu.ar\\\/#\\\/schema\\\/logo\\\/image\\\/\"},\"sameAs\":[\"https:\\\/\\\/www.facebook.com\\\/FCEJS.UNSL\\\/\",\"https:\\\/\\\/x.com\\\/FCEJSUNSL\",\"https:\\\/\\\/www.instagram.com\\\/fcejs.unsl\\\/\",\"https:\\\/\\\/www.youtube.com\\\/channel\\\/UCH-Ut6EaN_X5ogjIQMPe46g\\\/\"]},{\"@type\":\"Person\",\"@id\":\"https:\\\/\\\/www.fcejs.unsl.edu.ar\\\/#\\\/schema\\\/person\\\/352ee6ed90c3f394c7cb5945f8956d34\",\"name\":\"DATI\"}]}<\/script>\n<!-- \/ Yoast SEO plugin. -->","yoast_head_json":{"title":"Invitaci\u00f3n: V Jornadas Nacionales de Econom\u00eda SL 2021 - FACPCE - Facultad de Ciencias Econ\u00f3micas, Jur\u00ed\u00addicas y Sociales","robots":{"index":"index","follow":"follow","max-snippet":"max-snippet:-1","max-image-preview":"max-image-preview:large","max-video-preview":"max-video-preview:-1"},"canonical":"https:\/\/www.fcejs.unsl.edu.ar\/index.php\/invitacion-v-jornadas-nacionales-de-economia-sl-2021-facpce\/","og_locale":"es_ES","og_type":"article","og_title":"Invitaci\u00f3n: V Jornadas Nacionales de Econom\u00eda SL 2021 - FACPCE - Facultad de Ciencias Econ\u00f3micas, Jur\u00ed\u00addicas y Sociales","og_description":"Este encuentro ha sido organizado por el Consejo Profesional de Ciencias Econ\u00f3micas San Luis (CPCESL) y la Federaci\u00f3n Argentina de Consejos Profesionales de Ciencias Econ\u00f3micas&hellip;","og_url":"https:\/\/www.fcejs.unsl.edu.ar\/index.php\/invitacion-v-jornadas-nacionales-de-economia-sl-2021-facpce\/","og_site_name":"Facultad de Ciencias Econ\u00f3micas, Jur\u00ed\u00addicas y Sociales","article_publisher":"https:\/\/www.facebook.com\/FCEJS.UNSL\/","article_published_time":"2021-04-13T00:07:58+00:00","article_modified_time":"2021-04-22T12:28:50+00:00","og_image":[{"width":1020,"height":600,"url":"https:\/\/www.fcejs.unsl.edu.ar\/wp-content\/uploads\/2021\/04\/economia-jornada.jpg","type":"image\/jpeg"}],"author":"DATI","twitter_card":"summary_large_image","twitter_creator":"@FCEJSUNSL","twitter_site":"@FCEJSUNSL","twitter_misc":{"Escrito por":"DATI","Tiempo de lectura":"3 minutos"},"schema":{"@context":"https:\/\/schema.org","@graph":[{"@type":"Article","@id":"https:\/\/www.fcejs.unsl.edu.ar\/index.php\/invitacion-v-jornadas-nacionales-de-economia-sl-2021-facpce\/#article","isPartOf":{"@id":"https:\/\/www.fcejs.unsl.edu.ar\/index.php\/invitacion-v-jornadas-nacionales-de-economia-sl-2021-facpce\/"},"author":{"name":"DATI","@id":"https:\/\/www.fcejs.unsl.edu.ar\/#\/schema\/person\/352ee6ed90c3f394c7cb5945f8956d34"},"headline":"Invitaci\u00f3n: V Jornadas Nacionales de Econom\u00eda SL 2021 &#8211; FACPCE","datePublished":"2021-04-13T00:07:58+00:00","dateModified":"2021-04-22T12:28:50+00:00","mainEntityOfPage":{"@id":"https:\/\/www.fcejs.unsl.edu.ar\/index.php\/invitacion-v-jornadas-nacionales-de-economia-sl-2021-facpce\/"},"wordCount":459,"publisher":{"@id":"https:\/\/www.fcejs.unsl.edu.ar\/#organization"},"image":{"@id":"https:\/\/www.fcejs.unsl.edu.ar\/index.php\/invitacion-v-jornadas-nacionales-de-economia-sl-2021-facpce\/#primaryimage"},"thumbnailUrl":"https:\/\/www.fcejs.unsl.edu.ar\/wp-content\/uploads\/2021\/04\/economia-jornada.jpg","articleSection":["Archivadas"],"inLanguage":"es-AR"},{"@type":"WebPage","@id":"https:\/\/www.fcejs.unsl.edu.ar\/index.php\/invitacion-v-jornadas-nacionales-de-economia-sl-2021-facpce\/","url":"https:\/\/www.fcejs.unsl.edu.ar\/index.php\/invitacion-v-jornadas-nacionales-de-economia-sl-2021-facpce\/","name":"Invitaci\u00f3n: V Jornadas Nacionales de Econom\u00eda SL 2021 - FACPCE - Facultad de Ciencias Econ\u00f3micas, Jur\u00ed\u00addicas y Sociales","isPartOf":{"@id":"https:\/\/www.fcejs.unsl.edu.ar\/#website"},"primaryImageOfPage":{"@id":"https:\/\/www.fcejs.unsl.edu.ar\/index.php\/invitacion-v-jornadas-nacionales-de-economia-sl-2021-facpce\/#primaryimage"},"image":{"@id":"https:\/\/www.fcejs.unsl.edu.ar\/index.php\/invitacion-v-jornadas-nacionales-de-economia-sl-2021-facpce\/#primaryimage"},"thumbnailUrl":"https:\/\/www.fcejs.unsl.edu.ar\/wp-content\/uploads\/2021\/04\/economia-jornada.jpg","datePublished":"2021-04-13T00:07:58+00:00","dateModified":"2021-04-22T12:28:50+00:00","breadcrumb":{"@id":"https:\/\/www.fcejs.unsl.edu.ar\/index.php\/invitacion-v-jornadas-nacionales-de-economia-sl-2021-facpce\/#breadcrumb"},"inLanguage":"es-AR","potentialAction":[{"@type":"ReadAction","target":["https:\/\/www.fcejs.unsl.edu.ar\/index.php\/invitacion-v-jornadas-nacionales-de-economia-sl-2021-facpce\/"]}]},{"@type":"ImageObject","inLanguage":"es-AR","@id":"https:\/\/www.fcejs.unsl.edu.ar\/index.php\/invitacion-v-jornadas-nacionales-de-economia-sl-2021-facpce\/#primaryimage","url":"https:\/\/www.fcejs.unsl.edu.ar\/wp-content\/uploads\/2021\/04\/economia-jornada.jpg","contentUrl":"https:\/\/www.fcejs.unsl.edu.ar\/wp-content\/uploads\/2021\/04\/economia-jornada.jpg","width":1020,"height":600},{"@type":"BreadcrumbList","@id":"https:\/\/www.fcejs.unsl.edu.ar\/index.php\/invitacion-v-jornadas-nacionales-de-economia-sl-2021-facpce\/#breadcrumb","itemListElement":[{"@type":"ListItem","position":1,"name":"Inicio","item":"https:\/\/www.fcejs.unsl.edu.ar\/"},{"@type":"ListItem","position":2,"name":"Invitaci\u00f3n: V Jornadas Nacionales de Econom\u00eda SL 2021 &#8211; FACPCE"}]},{"@type":"WebSite","@id":"https:\/\/www.fcejs.unsl.edu.ar\/#website","url":"https:\/\/www.fcejs.unsl.edu.ar\/","name":"Facultad de Ciencias Econ\u00f3micas, Jur\u00ed\u00addicas y Sociales","description":"","publisher":{"@id":"https:\/\/www.fcejs.unsl.edu.ar\/#organization"},"potentialAction":[{"@type":"SearchAction","target":{"@type":"EntryPoint","urlTemplate":"https:\/\/www.fcejs.unsl.edu.ar\/?s={search_term_string}"},"query-input":{"@type":"PropertyValueSpecification","valueRequired":true,"valueName":"search_term_string"}}],"inLanguage":"es-AR"},{"@type":"Organization","@id":"https:\/\/www.fcejs.unsl.edu.ar\/#organization","name":"Facultad de Ciencias Econ\u00f3micas, Jur\u00eddicas y Sociales","url":"https:\/\/www.fcejs.unsl.edu.ar\/","logo":{"@type":"ImageObject","inLanguage":"es-AR","@id":"https:\/\/www.fcejs.unsl.edu.ar\/#\/schema\/logo\/image\/","url":"https:\/\/www.fcejs.unsl.edu.ar\/wp-content\/uploads\/2021\/03\/logo-1.jpg","contentUrl":"https:\/\/www.fcejs.unsl.edu.ar\/wp-content\/uploads\/2021\/03\/logo-1.jpg","width":471,"height":146,"caption":"Facultad de Ciencias Econ\u00f3micas, Jur\u00eddicas y Sociales"},"image":{"@id":"https:\/\/www.fcejs.unsl.edu.ar\/#\/schema\/logo\/image\/"},"sameAs":["https:\/\/www.facebook.com\/FCEJS.UNSL\/","https:\/\/x.com\/FCEJSUNSL","https:\/\/www.instagram.com\/fcejs.unsl\/","https:\/\/www.youtube.com\/channel\/UCH-Ut6EaN_X5ogjIQMPe46g\/"]},{"@type":"Person","@id":"https:\/\/www.fcejs.unsl.edu.ar\/#\/schema\/person\/352ee6ed90c3f394c7cb5945f8956d34","name":"DATI"}]}},"jetpack_featured_media_url":"https:\/\/www.fcejs.unsl.edu.ar\/wp-content\/uploads\/2021\/04\/economia-jornada.jpg","_links":{"self":[{"href":"https:\/\/www.fcejs.unsl.edu.ar\/index.php\/wp-json\/wp\/v2\/posts\/3038","targetHints":{"allow":["GET"]}}],"collection":[{"href":"https:\/\/www.fcejs.unsl.edu.ar\/index.php\/wp-json\/wp\/v2\/posts"}],"about":[{"href":"https:\/\/www.fcejs.unsl.edu.ar\/index.php\/wp-json\/wp\/v2\/types\/post"}],"author":[{"embeddable":true,"href":"https:\/\/www.fcejs.unsl.edu.ar\/index.php\/wp-json\/wp\/v2\/users\/9"}],"replies":[{"embeddable":true,"href":"https:\/\/www.fcejs.unsl.edu.ar\/index.php\/wp-json\/wp\/v2\/comments?post=3038"}],"version-history":[{"count":1,"href":"https:\/\/www.fcejs.unsl.edu.ar\/index.php\/wp-json\/wp\/v2\/posts\/3038\/revisions"}],"predecessor-version":[{"id":3040,"href":"https:\/\/www.fcejs.unsl.edu.ar\/index.php\/wp-json\/wp\/v2\/posts\/3038\/revisions\/3040"}],"wp:featuredmedia":[{"embeddable":true,"href":"https:\/\/www.fcejs.unsl.edu.ar\/index.php\/wp-json\/wp\/v2\/media\/3045"}],"wp:attachment":[{"href":"https:\/\/www.fcejs.unsl.edu.ar\/index.php\/wp-json\/wp\/v2\/media?parent=3038"}],"wp:term":[{"taxonomy":"category","embeddable":true,"href":"https:\/\/www.fcejs.unsl.edu.ar\/index.php\/wp-json\/wp\/v2\/categories?post=3038"},{"taxonomy":"post_tag","embeddable":true,"href":"https:\/\/www.fcejs.unsl.edu.ar\/index.php\/wp-json\/wp\/v2\/tags?post=3038"}],"curies":[{"name":"wp","href":"https:\/\/api.w.org\/{rel}","templated":true}]}}