{"id":3017,"date":"2021-04-13T11:04:33","date_gmt":"2021-04-13T14:04:33","guid":{"rendered":"http:\/\/10.101.10.197\/www\/?p=3017"},"modified":"2021-04-13T11:40:43","modified_gmt":"2021-04-13T14:40:43","slug":"cumplimiento-del-protocolo-de-presencialidad-adaptada","status":"publish","type":"post","link":"https:\/\/www.fcejs.unsl.edu.ar\/index.php\/cumplimiento-del-protocolo-de-presencialidad-adaptada\/","title":{"rendered":"Cumplimiento del Protocolo de Presencialidad Adaptada"},"content":{"rendered":"<p>Se recuerda a toda la comunidad universitaria la vigencia del Protocolo de Presencialidad Adaptada aprobado por la <strong><a href=\"https:\/\/www.fcejs.unsl.edu.ar\/wp-content\/uploads\/2021\/04\/protocolo.pdf\">RCS N\u00ba 61\/20<\/a><\/strong>\u00a0y se solicita la colaboraci\u00f3n para su implementaci\u00f3n en todo el \u00e1mbito de la Facultad para la seguridad y cuidado de las condiciones sanitarias que impidan la propagaci\u00f3n del virus COVID-19.<\/p>\n<p><strong>Protocolo de ingreso y permanencia de Docentes y Estudiantes a los distintos edificios del Campus Universitario<\/strong><\/p>\n<p><strong><em>Acceso a los edificios, \u00fanicamente por ingreso principal (hall central):<\/em><\/strong><\/p>\n<ul>\n<li>Se dispondr\u00e1 un ingreso para estudiantes y otro para personal docente y nodocente. Ambos por el ingreso principal, utilizando distintas puertas.<\/li>\n<li>El personal de vigilancia es el encargado de tomar la temperatura a toda persona que ingrese al edificio.<\/li>\n<li>En el caso de los docentes, el ingreso se registrar\u00e1 a trav\u00e9s del lector de huellas. Personal de vigilancia les indicar\u00e1 el aula asignada para la toma del examen final\/consulta\/teor\u00eda.<\/li>\n<li>En el caso de los estudiantes, el ingreso se registrar\u00e1 a trav\u00e9s de una planilla diaria o (acta de examen) en la que se consignar\u00e1 la hora de ingreso y se le informar\u00e1 el aula asignada para el examen final\/consulta\/teor\u00eda o del Sistema de Trazabilidad.<\/li>\n<li>En caso que se registre fiebre en alguna persona, se aislara en una sala acondicionada a tal fin y se comunicar\u00e1 la situaci\u00f3n al 911 o 107.<\/li>\n<\/ul>\n<p><strong><em>Permanencia en el edificio:<\/em><\/strong><\/p>\n<ul>\n<li>Cada mesa de examen\/consulta\/teor\u00eda tendr\u00e1 asignado un espacio f\u00edsico: aula o laboratorio.<\/li>\n<li>El espacio f\u00edsico asignado deber\u00e1 disponer de un indicador color verde en la puerta! que indique la asepsia del lugar a ocupar. En caso de presentar un indicador color rojo, ese espacio no podr\u00e1 ser utilizado.<\/li>\n<li>Para conformar la mesa examinadora\/consulta\/teor\u00eda en su modalidad oral, el tribunal evaluador\/docente y el alumno\/a deber\u00e1n respetar el distanciamiento social m\u00ednimo de dos (2) metros, conforme a la legislaci\u00f3n vigente.<\/li>\n<li>Para conformar la mesa examinadora la mesa examinadora\/consulta\/teor\u00eda en su modalidad escrita, se distribuir\u00e1 el espacio asignado de manera que se cumpla la distancia permitida de dos (2) metros entre cada uno de los presentes: tribunal evaluador y estudiantes.<\/li>\n<li>En este caso, cada estudiante, al finalizar el examen, deber\u00e1 colocar su escrito debidamente identificado con su nombre, apellido y n\u00famero de registro en todas las hojas, en un folio, antes de colocarlo en una caja archivo ubicada frente a la mesa examinadora. El tribunal evaluador dejar\u00e1 en resguardo los ex\u00e1menes por el t\u00e9rmino de 72 hs. (Se deber\u00e1 identificar la caja con el nombre de la asignatura y del presidente de la mesa, pudiendo dejarse en el box o en la guardia).<\/li>\n<li>En todos los casos al retirase el total de los estudiantes, un docente del tribunal evaluador colocar\u00e1 el indicador color rojo en la puerta del aula\/laboratorio, para reportar al personal de limpieza la necesidad de higienizar y desinfectar todo el espacio.<\/li>\n<li>El personal de limpieza una vez cumplida la tarea, se\u00f1alar\u00e1 con un indicador color verde la desinfecci\u00f3n total del espacio asignado para que pueda ser utilizado nuevamente.<\/li>\n<\/ul>\n<p><strong><em>Pasillos, escaleras, puertas:<\/em><\/strong><\/p>\n<ul>\n<li>Se proceder\u00e1 a la desinfecci\u00f3n mediante la limpieza con agua y lavandina en pisos, pasamanos, picaportes y superficies de contacto, con una frecuencia adecuada a la circulaci\u00f3n.<\/li>\n<\/ul>\n<p><strong><em>Sanitarios:<\/em><\/strong><\/p>\n<ul>\n<li>Se limpiar\u00e1n y desinfectar\u00e1n cada media hora.<\/li>\n<li>Se recomienda el uso exclusivo de una persona por vez. En el caso de permanecer dos personas, se deber\u00e1 respetar el distanciamiento m\u00ednimo de dos (2) metros.<\/li>\n<\/ul>\n<p><strong><em>Egreso del edificio<\/em><\/strong>:<\/p>\n<ul>\n<li>Cada docente deber\u00e1 registrar su salida mediante el lector de huellas.<\/li>\n<li>El personal de vigilancia consignar\u00e1 la salida de cada estudiante, especificando la hora, en la planilla diaria u acta de examen correspondiente o en el Sistema de Trazabilidad.<\/li>\n<\/ul>\n<p><strong>Resoluci\u00f3n:<\/strong><br \/>\n<strong><a href=\"https:\/\/www.fcejs.unsl.edu.ar\/wp-content\/uploads\/2021\/04\/protocolo.pdf\">RCS N\u00ba 61\/20<\/a><\/strong><\/p>\n","protected":false},"excerpt":{"rendered":"<p>Se recuerda a toda la comunidad universitaria la vigencia del Protocolo de Presencialidad Adaptada aprobado por la RCS N\u00ba 61\/20\u00a0y se solicita la colaboraci\u00f3n para&hellip;<\/p>\n","protected":false},"author":9,"featured_media":0,"comment_status":"closed","ping_status":"closed","sticky":false,"template":"","format":"standard","meta":{"om_disable_all_campaigns":false,"_monsterinsights_skip_tracking":false,"_monsterinsights_sitenote_active":false,"_monsterinsights_sitenote_note":"","_monsterinsights_sitenote_category":0,"footnotes":""},"categories":[21],"tags":[],"class_list":["post-3017","post","type-post","status-publish","format-standard","hentry","category-archivadas"],"yoast_head":"<!-- This site is optimized with the Yoast SEO plugin v27.4 - https:\/\/yoast.com\/product\/yoast-seo-wordpress\/ -->\n<title>Cumplimiento del Protocolo de Presencialidad Adaptada - Facultad de Ciencias Econ\u00f3micas, Jur\u00ed\u00addicas y Sociales<\/title>\n<meta name=\"robots\" content=\"index, follow, max-snippet:-1, max-image-preview:large, max-video-preview:-1\" \/>\n<link rel=\"canonical\" href=\"https:\/\/www.fcejs.unsl.edu.ar\/index.php\/cumplimiento-del-protocolo-de-presencialidad-adaptada\/\" \/>\n<meta property=\"og:locale\" content=\"es_ES\" \/>\n<meta property=\"og:type\" content=\"article\" \/>\n<meta property=\"og:title\" content=\"Cumplimiento del Protocolo de Presencialidad Adaptada - Facultad de Ciencias Econ\u00f3micas, Jur\u00ed\u00addicas y Sociales\" \/>\n<meta property=\"og:description\" content=\"Se recuerda a toda la comunidad universitaria la vigencia del Protocolo de Presencialidad Adaptada aprobado por la RCS N\u00ba 61\/20\u00a0y se solicita la colaboraci\u00f3n para&hellip;\" \/>\n<meta property=\"og:url\" content=\"https:\/\/www.fcejs.unsl.edu.ar\/index.php\/cumplimiento-del-protocolo-de-presencialidad-adaptada\/\" \/>\n<meta property=\"og:site_name\" content=\"Facultad de Ciencias Econ\u00f3micas, Jur\u00ed\u00addicas y Sociales\" \/>\n<meta property=\"article:publisher\" content=\"https:\/\/www.facebook.com\/FCEJS.UNSL\/\" \/>\n<meta property=\"article:published_time\" content=\"2021-04-13T14:04:33+00:00\" \/>\n<meta property=\"article:modified_time\" content=\"2021-04-13T14:40:43+00:00\" \/>\n<meta name=\"author\" content=\"DATI\" \/>\n<meta name=\"twitter:card\" content=\"summary_large_image\" \/>\n<meta name=\"twitter:creator\" content=\"@FCEJSUNSL\" \/>\n<meta name=\"twitter:site\" content=\"@FCEJSUNSL\" \/>\n<meta name=\"twitter:label1\" content=\"Escrito por\" \/>\n\t<meta name=\"twitter:data1\" content=\"DATI\" \/>\n\t<meta name=\"twitter:label2\" content=\"Tiempo de lectura\" \/>\n\t<meta name=\"twitter:data2\" content=\"3 minutos\" \/>\n<script type=\"application\/ld+json\" class=\"yoast-schema-graph\">{\"@context\":\"https:\\\/\\\/schema.org\",\"@graph\":[{\"@type\":\"Article\",\"@id\":\"https:\\\/\\\/www.fcejs.unsl.edu.ar\\\/index.php\\\/cumplimiento-del-protocolo-de-presencialidad-adaptada\\\/#article\",\"isPartOf\":{\"@id\":\"https:\\\/\\\/www.fcejs.unsl.edu.ar\\\/index.php\\\/cumplimiento-del-protocolo-de-presencialidad-adaptada\\\/\"},\"author\":{\"name\":\"DATI\",\"@id\":\"https:\\\/\\\/www.fcejs.unsl.edu.ar\\\/#\\\/schema\\\/person\\\/352ee6ed90c3f394c7cb5945f8956d34\"},\"headline\":\"Cumplimiento del Protocolo de Presencialidad Adaptada\",\"datePublished\":\"2021-04-13T14:04:33+00:00\",\"dateModified\":\"2021-04-13T14:40:43+00:00\",\"mainEntityOfPage\":{\"@id\":\"https:\\\/\\\/www.fcejs.unsl.edu.ar\\\/index.php\\\/cumplimiento-del-protocolo-de-presencialidad-adaptada\\\/\"},\"wordCount\":639,\"publisher\":{\"@id\":\"https:\\\/\\\/www.fcejs.unsl.edu.ar\\\/#organization\"},\"articleSection\":[\"Archivadas\"],\"inLanguage\":\"es-AR\"},{\"@type\":\"WebPage\",\"@id\":\"https:\\\/\\\/www.fcejs.unsl.edu.ar\\\/index.php\\\/cumplimiento-del-protocolo-de-presencialidad-adaptada\\\/\",\"url\":\"https:\\\/\\\/www.fcejs.unsl.edu.ar\\\/index.php\\\/cumplimiento-del-protocolo-de-presencialidad-adaptada\\\/\",\"name\":\"Cumplimiento del Protocolo de Presencialidad Adaptada - Facultad de Ciencias Econ\u00f3micas, Jur\u00ed\u00addicas y Sociales\",\"isPartOf\":{\"@id\":\"https:\\\/\\\/www.fcejs.unsl.edu.ar\\\/#website\"},\"datePublished\":\"2021-04-13T14:04:33+00:00\",\"dateModified\":\"2021-04-13T14:40:43+00:00\",\"breadcrumb\":{\"@id\":\"https:\\\/\\\/www.fcejs.unsl.edu.ar\\\/index.php\\\/cumplimiento-del-protocolo-de-presencialidad-adaptada\\\/#breadcrumb\"},\"inLanguage\":\"es-AR\",\"potentialAction\":[{\"@type\":\"ReadAction\",\"target\":[\"https:\\\/\\\/www.fcejs.unsl.edu.ar\\\/index.php\\\/cumplimiento-del-protocolo-de-presencialidad-adaptada\\\/\"]}]},{\"@type\":\"BreadcrumbList\",\"@id\":\"https:\\\/\\\/www.fcejs.unsl.edu.ar\\\/index.php\\\/cumplimiento-del-protocolo-de-presencialidad-adaptada\\\/#breadcrumb\",\"itemListElement\":[{\"@type\":\"ListItem\",\"position\":1,\"name\":\"Inicio\",\"item\":\"https:\\\/\\\/www.fcejs.unsl.edu.ar\\\/\"},{\"@type\":\"ListItem\",\"position\":2,\"name\":\"Cumplimiento del Protocolo de Presencialidad Adaptada\"}]},{\"@type\":\"WebSite\",\"@id\":\"https:\\\/\\\/www.fcejs.unsl.edu.ar\\\/#website\",\"url\":\"https:\\\/\\\/www.fcejs.unsl.edu.ar\\\/\",\"name\":\"Facultad de Ciencias Econ\u00f3micas, Jur\u00ed\u00addicas y Sociales\",\"description\":\"\",\"publisher\":{\"@id\":\"https:\\\/\\\/www.fcejs.unsl.edu.ar\\\/#organization\"},\"potentialAction\":[{\"@type\":\"SearchAction\",\"target\":{\"@type\":\"EntryPoint\",\"urlTemplate\":\"https:\\\/\\\/www.fcejs.unsl.edu.ar\\\/?s={search_term_string}\"},\"query-input\":{\"@type\":\"PropertyValueSpecification\",\"valueRequired\":true,\"valueName\":\"search_term_string\"}}],\"inLanguage\":\"es-AR\"},{\"@type\":\"Organization\",\"@id\":\"https:\\\/\\\/www.fcejs.unsl.edu.ar\\\/#organization\",\"name\":\"Facultad de Ciencias Econ\u00f3micas, Jur\u00eddicas y Sociales\",\"url\":\"https:\\\/\\\/www.fcejs.unsl.edu.ar\\\/\",\"logo\":{\"@type\":\"ImageObject\",\"inLanguage\":\"es-AR\",\"@id\":\"https:\\\/\\\/www.fcejs.unsl.edu.ar\\\/#\\\/schema\\\/logo\\\/image\\\/\",\"url\":\"https:\\\/\\\/www.fcejs.unsl.edu.ar\\\/wp-content\\\/uploads\\\/2021\\\/03\\\/logo-1.jpg\",\"contentUrl\":\"https:\\\/\\\/www.fcejs.unsl.edu.ar\\\/wp-content\\\/uploads\\\/2021\\\/03\\\/logo-1.jpg\",\"width\":471,\"height\":146,\"caption\":\"Facultad de Ciencias Econ\u00f3micas, Jur\u00eddicas y Sociales\"},\"image\":{\"@id\":\"https:\\\/\\\/www.fcejs.unsl.edu.ar\\\/#\\\/schema\\\/logo\\\/image\\\/\"},\"sameAs\":[\"https:\\\/\\\/www.facebook.com\\\/FCEJS.UNSL\\\/\",\"https:\\\/\\\/x.com\\\/FCEJSUNSL\",\"https:\\\/\\\/www.instagram.com\\\/fcejs.unsl\\\/\",\"https:\\\/\\\/www.youtube.com\\\/channel\\\/UCH-Ut6EaN_X5ogjIQMPe46g\\\/\"]},{\"@type\":\"Person\",\"@id\":\"https:\\\/\\\/www.fcejs.unsl.edu.ar\\\/#\\\/schema\\\/person\\\/352ee6ed90c3f394c7cb5945f8956d34\",\"name\":\"DATI\"}]}<\/script>\n<!-- \/ Yoast SEO plugin. -->","yoast_head_json":{"title":"Cumplimiento del Protocolo de Presencialidad Adaptada - Facultad de Ciencias Econ\u00f3micas, Jur\u00ed\u00addicas y Sociales","robots":{"index":"index","follow":"follow","max-snippet":"max-snippet:-1","max-image-preview":"max-image-preview:large","max-video-preview":"max-video-preview:-1"},"canonical":"https:\/\/www.fcejs.unsl.edu.ar\/index.php\/cumplimiento-del-protocolo-de-presencialidad-adaptada\/","og_locale":"es_ES","og_type":"article","og_title":"Cumplimiento del Protocolo de Presencialidad Adaptada - Facultad de Ciencias Econ\u00f3micas, Jur\u00ed\u00addicas y Sociales","og_description":"Se recuerda a toda la comunidad universitaria la vigencia del Protocolo de Presencialidad Adaptada aprobado por la RCS N\u00ba 61\/20\u00a0y se solicita la colaboraci\u00f3n para&hellip;","og_url":"https:\/\/www.fcejs.unsl.edu.ar\/index.php\/cumplimiento-del-protocolo-de-presencialidad-adaptada\/","og_site_name":"Facultad de Ciencias Econ\u00f3micas, Jur\u00ed\u00addicas y Sociales","article_publisher":"https:\/\/www.facebook.com\/FCEJS.UNSL\/","article_published_time":"2021-04-13T14:04:33+00:00","article_modified_time":"2021-04-13T14:40:43+00:00","author":"DATI","twitter_card":"summary_large_image","twitter_creator":"@FCEJSUNSL","twitter_site":"@FCEJSUNSL","twitter_misc":{"Escrito por":"DATI","Tiempo de lectura":"3 minutos"},"schema":{"@context":"https:\/\/schema.org","@graph":[{"@type":"Article","@id":"https:\/\/www.fcejs.unsl.edu.ar\/index.php\/cumplimiento-del-protocolo-de-presencialidad-adaptada\/#article","isPartOf":{"@id":"https:\/\/www.fcejs.unsl.edu.ar\/index.php\/cumplimiento-del-protocolo-de-presencialidad-adaptada\/"},"author":{"name":"DATI","@id":"https:\/\/www.fcejs.unsl.edu.ar\/#\/schema\/person\/352ee6ed90c3f394c7cb5945f8956d34"},"headline":"Cumplimiento del Protocolo de Presencialidad Adaptada","datePublished":"2021-04-13T14:04:33+00:00","dateModified":"2021-04-13T14:40:43+00:00","mainEntityOfPage":{"@id":"https:\/\/www.fcejs.unsl.edu.ar\/index.php\/cumplimiento-del-protocolo-de-presencialidad-adaptada\/"},"wordCount":639,"publisher":{"@id":"https:\/\/www.fcejs.unsl.edu.ar\/#organization"},"articleSection":["Archivadas"],"inLanguage":"es-AR"},{"@type":"WebPage","@id":"https:\/\/www.fcejs.unsl.edu.ar\/index.php\/cumplimiento-del-protocolo-de-presencialidad-adaptada\/","url":"https:\/\/www.fcejs.unsl.edu.ar\/index.php\/cumplimiento-del-protocolo-de-presencialidad-adaptada\/","name":"Cumplimiento del Protocolo de Presencialidad Adaptada - Facultad de Ciencias Econ\u00f3micas, Jur\u00ed\u00addicas y Sociales","isPartOf":{"@id":"https:\/\/www.fcejs.unsl.edu.ar\/#website"},"datePublished":"2021-04-13T14:04:33+00:00","dateModified":"2021-04-13T14:40:43+00:00","breadcrumb":{"@id":"https:\/\/www.fcejs.unsl.edu.ar\/index.php\/cumplimiento-del-protocolo-de-presencialidad-adaptada\/#breadcrumb"},"inLanguage":"es-AR","potentialAction":[{"@type":"ReadAction","target":["https:\/\/www.fcejs.unsl.edu.ar\/index.php\/cumplimiento-del-protocolo-de-presencialidad-adaptada\/"]}]},{"@type":"BreadcrumbList","@id":"https:\/\/www.fcejs.unsl.edu.ar\/index.php\/cumplimiento-del-protocolo-de-presencialidad-adaptada\/#breadcrumb","itemListElement":[{"@type":"ListItem","position":1,"name":"Inicio","item":"https:\/\/www.fcejs.unsl.edu.ar\/"},{"@type":"ListItem","position":2,"name":"Cumplimiento del Protocolo de Presencialidad Adaptada"}]},{"@type":"WebSite","@id":"https:\/\/www.fcejs.unsl.edu.ar\/#website","url":"https:\/\/www.fcejs.unsl.edu.ar\/","name":"Facultad de Ciencias Econ\u00f3micas, Jur\u00ed\u00addicas y Sociales","description":"","publisher":{"@id":"https:\/\/www.fcejs.unsl.edu.ar\/#organization"},"potentialAction":[{"@type":"SearchAction","target":{"@type":"EntryPoint","urlTemplate":"https:\/\/www.fcejs.unsl.edu.ar\/?s={search_term_string}"},"query-input":{"@type":"PropertyValueSpecification","valueRequired":true,"valueName":"search_term_string"}}],"inLanguage":"es-AR"},{"@type":"Organization","@id":"https:\/\/www.fcejs.unsl.edu.ar\/#organization","name":"Facultad de Ciencias Econ\u00f3micas, Jur\u00eddicas y Sociales","url":"https:\/\/www.fcejs.unsl.edu.ar\/","logo":{"@type":"ImageObject","inLanguage":"es-AR","@id":"https:\/\/www.fcejs.unsl.edu.ar\/#\/schema\/logo\/image\/","url":"https:\/\/www.fcejs.unsl.edu.ar\/wp-content\/uploads\/2021\/03\/logo-1.jpg","contentUrl":"https:\/\/www.fcejs.unsl.edu.ar\/wp-content\/uploads\/2021\/03\/logo-1.jpg","width":471,"height":146,"caption":"Facultad de Ciencias Econ\u00f3micas, Jur\u00eddicas y Sociales"},"image":{"@id":"https:\/\/www.fcejs.unsl.edu.ar\/#\/schema\/logo\/image\/"},"sameAs":["https:\/\/www.facebook.com\/FCEJS.UNSL\/","https:\/\/x.com\/FCEJSUNSL","https:\/\/www.instagram.com\/fcejs.unsl\/","https:\/\/www.youtube.com\/channel\/UCH-Ut6EaN_X5ogjIQMPe46g\/"]},{"@type":"Person","@id":"https:\/\/www.fcejs.unsl.edu.ar\/#\/schema\/person\/352ee6ed90c3f394c7cb5945f8956d34","name":"DATI"}]}},"jetpack_featured_media_url":"","_links":{"self":[{"href":"https:\/\/www.fcejs.unsl.edu.ar\/index.php\/wp-json\/wp\/v2\/posts\/3017","targetHints":{"allow":["GET"]}}],"collection":[{"href":"https:\/\/www.fcejs.unsl.edu.ar\/index.php\/wp-json\/wp\/v2\/posts"}],"about":[{"href":"https:\/\/www.fcejs.unsl.edu.ar\/index.php\/wp-json\/wp\/v2\/types\/post"}],"author":[{"embeddable":true,"href":"https:\/\/www.fcejs.unsl.edu.ar\/index.php\/wp-json\/wp\/v2\/users\/9"}],"replies":[{"embeddable":true,"href":"https:\/\/www.fcejs.unsl.edu.ar\/index.php\/wp-json\/wp\/v2\/comments?post=3017"}],"version-history":[{"count":2,"href":"https:\/\/www.fcejs.unsl.edu.ar\/index.php\/wp-json\/wp\/v2\/posts\/3017\/revisions"}],"predecessor-version":[{"id":3021,"href":"https:\/\/www.fcejs.unsl.edu.ar\/index.php\/wp-json\/wp\/v2\/posts\/3017\/revisions\/3021"}],"wp:attachment":[{"href":"https:\/\/www.fcejs.unsl.edu.ar\/index.php\/wp-json\/wp\/v2\/media?parent=3017"}],"wp:term":[{"taxonomy":"category","embeddable":true,"href":"https:\/\/www.fcejs.unsl.edu.ar\/index.php\/wp-json\/wp\/v2\/categories?post=3017"},{"taxonomy":"post_tag","embeddable":true,"href":"https:\/\/www.fcejs.unsl.edu.ar\/index.php\/wp-json\/wp\/v2\/tags?post=3017"}],"curies":[{"name":"wp","href":"https:\/\/api.w.org\/{rel}","templated":true}]}}