{"id":2681,"date":"2021-03-31T09:53:59","date_gmt":"2021-03-31T12:53:59","guid":{"rendered":"http:\/\/10.101.10.197\/www\/?p=2681"},"modified":"2021-06-08T12:33:34","modified_gmt":"2021-06-08T15:33:34","slug":"la-unsl-participo-de-un-nuevo-plenario-del-cin","status":"publish","type":"post","link":"https:\/\/www.fcejs.unsl.edu.ar\/index.php\/la-unsl-participo-de-un-nuevo-plenario-del-cin\/","title":{"rendered":"La UNSL particip\u00f3 de un nuevo plenario del CIN"},"content":{"rendered":"<p>El d\u00eda 29 de marzo de 2012 se realiz\u00f3 el 85\u00b0 Plenario de Rectoras y Rectores del Consejo Interuniversitario Nacional (CIN) en las instalaciones del Instituto Nacional de Tecnolog\u00eda Industrial (INTI) en la provincia de Buenos Aires. El rector de la Universidad Nacional de San Luis (UNSL), C.P.N V\u00edctor Mori\u00f1igo particip\u00f3 presencialmente de la reuni\u00f3n de autoridades y fue elegido como Vicepresidente de la Comisi\u00f3n de Asuntos Econ\u00f3micos del Comit\u00e9 Ejecutivo del Consejo.<\/p>\n<p>El encuentro se realiz\u00f3 mediante un sistema bimodal, que posibilit\u00f3 que alrededor de 40 m\u00e1ximas autoridades de universidades p\u00fablicas pudieran compartir un espacio de deliberaci\u00f3n en atenci\u00f3n a los protocolos sanitarios derivados por la pandemia de la COVID-19. En simult\u00e1neo se realiz\u00f3 una instancia virtual de di\u00e1logo con el resto de la representaci\u00f3n de las casas de altos estudios p\u00fablicas del pa\u00eds.<\/p>\n<p>Junto con las autoridades universitarias, participaron funcionarios nacionales, como el secretario de Pol\u00edticas Universitarias, Jaime Perczyk, el ministro de Desarrollo Productivo, Mat\u00edas Kulfas, el ministro de Educaci\u00f3n, Nicol\u00e1s Trotta, y el secretario de Asuntos Estrat\u00e9gicos de la Presidencia de la Naci\u00f3n, Gustavo Beliz.<\/p>\n<p>Fruto de este plenario el CIN eligi\u00f3 a las nuevas autoridades que liderar\u00e1n la gesti\u00f3n 2021-2022. El nuevo presidente es el rector de la Universidad Nacional de Jujuy (UNJu), el Lic. Rodolfo Tecchi, y el vicepresidente es el rector de la Universidad Nacional del Litoral (UNL), el Ing. Enrique Mammarella. Como vocales del Comit\u00e9 Ejecutivo fueron designadas las siguientes autoridades: Prof. Mar\u00eda Delfina Veirav\u00e9, Universidad Nacional del Nordeste; Dr. Daniel Vega, Universidad Nacional del Sur; Ing. Agr. Jos\u00e9 Garc\u00eda, Universidad Nacional de Tucum\u00e1n; Ing. H\u00e9ctor Aiassa, Universidad Tecnol\u00f3gica Nacional; Cdor. Carlos Greco, Universidad Nacional de San Mart\u00edn; Dr. Guillermo Tamarit, Universidad Nacional del Nordeste de la provincia de Buenos Aires. Ocupar\u00e1n tambi\u00e9n estos cargos el Lic. Franco Bartolacci, Universidad Nacional de Rosario; Mgtr. Agustina Rodr\u00edguez Sa\u00e1, Universidad Nacional de los Comechingones; Abog. Dar\u00edo E. Kusinsky, Universidad Nacional de Jos\u00e9 C. Paz; Dr. Jer\u00f3nimo Ainchil, Universidad Nacional de San Antonio de Areco; C.P.N Oscar Alpa, Universidad Nacional de La Pampa; y Lic. Ernesto Villanueva, Universidad Nacional Arturo Jauretche.<\/p>\n<p>Adem\u00e1s en este encuentro, se aprob\u00f3 una adhesi\u00f3n a la Ley Yolanda por parte del CIN y la inclusi\u00f3n de los pueblos originarios en la nueva Ley de Educaci\u00f3n Superior.<\/p>\n","protected":false},"excerpt":{"rendered":"<p>El d\u00eda 29 de marzo de 2012 se realiz\u00f3 el 85\u00b0 Plenario de Rectoras y Rectores del Consejo Interuniversitario Nacional (CIN) en las instalaciones del&hellip;<\/p>\n","protected":false},"author":9,"featured_media":2682,"comment_status":"closed","ping_status":"closed","sticky":false,"template":"","format":"standard","meta":{"om_disable_all_campaigns":false,"_monsterinsights_skip_tracking":false,"_monsterinsights_sitenote_active":false,"_monsterinsights_sitenote_note":"","_monsterinsights_sitenote_category":0,"footnotes":""},"categories":[21],"tags":[],"class_list":["post-2681","post","type-post","status-publish","format-standard","has-post-thumbnail","hentry","category-archivadas"],"yoast_head":"<!-- This site is optimized with the Yoast SEO plugin v27.4 - https:\/\/yoast.com\/product\/yoast-seo-wordpress\/ -->\n<title>La UNSL particip\u00f3 de un nuevo plenario del CIN - Facultad de Ciencias Econ\u00f3micas, Jur\u00ed\u00addicas y Sociales<\/title>\n<meta name=\"robots\" content=\"index, follow, max-snippet:-1, max-image-preview:large, max-video-preview:-1\" \/>\n<link rel=\"canonical\" href=\"https:\/\/www.fcejs.unsl.edu.ar\/index.php\/la-unsl-participo-de-un-nuevo-plenario-del-cin\/\" \/>\n<meta property=\"og:locale\" content=\"es_ES\" \/>\n<meta property=\"og:type\" content=\"article\" \/>\n<meta property=\"og:title\" content=\"La UNSL particip\u00f3 de un nuevo plenario del CIN - Facultad de Ciencias Econ\u00f3micas, Jur\u00ed\u00addicas y Sociales\" \/>\n<meta property=\"og:description\" content=\"El d\u00eda 29 de marzo de 2012 se realiz\u00f3 el 85\u00b0 Plenario de Rectoras y Rectores del Consejo Interuniversitario Nacional (CIN) en las instalaciones del&hellip;\" \/>\n<meta property=\"og:url\" content=\"https:\/\/www.fcejs.unsl.edu.ar\/index.php\/la-unsl-participo-de-un-nuevo-plenario-del-cin\/\" \/>\n<meta property=\"og:site_name\" content=\"Facultad de Ciencias Econ\u00f3micas, Jur\u00ed\u00addicas y Sociales\" \/>\n<meta property=\"article:publisher\" content=\"https:\/\/www.facebook.com\/FCEJS.UNSL\/\" \/>\n<meta property=\"article:published_time\" content=\"2021-03-31T12:53:59+00:00\" \/>\n<meta property=\"article:modified_time\" content=\"2021-06-08T15:33:34+00:00\" \/>\n<meta property=\"og:image\" content=\"https:\/\/www.fcejs.unsl.edu.ar\/wp-content\/uploads\/2021\/03\/Captura-2.jpg\" \/>\n\t<meta property=\"og:image:width\" content=\"748\" \/>\n\t<meta property=\"og:image:height\" content=\"447\" \/>\n\t<meta property=\"og:image:type\" content=\"image\/jpeg\" \/>\n<meta name=\"author\" content=\"DATI\" \/>\n<meta name=\"twitter:card\" content=\"summary_large_image\" \/>\n<meta name=\"twitter:creator\" content=\"@FCEJSUNSL\" \/>\n<meta name=\"twitter:site\" content=\"@FCEJSUNSL\" \/>\n<meta name=\"twitter:label1\" content=\"Escrito por\" \/>\n\t<meta name=\"twitter:data1\" content=\"DATI\" \/>\n\t<meta name=\"twitter:label2\" content=\"Tiempo de lectura\" \/>\n\t<meta name=\"twitter:data2\" content=\"2 minutos\" \/>\n<script type=\"application\/ld+json\" class=\"yoast-schema-graph\">{\"@context\":\"https:\\\/\\\/schema.org\",\"@graph\":[{\"@type\":\"Article\",\"@id\":\"https:\\\/\\\/www.fcejs.unsl.edu.ar\\\/index.php\\\/la-unsl-participo-de-un-nuevo-plenario-del-cin\\\/#article\",\"isPartOf\":{\"@id\":\"https:\\\/\\\/www.fcejs.unsl.edu.ar\\\/index.php\\\/la-unsl-participo-de-un-nuevo-plenario-del-cin\\\/\"},\"author\":{\"name\":\"DATI\",\"@id\":\"https:\\\/\\\/www.fcejs.unsl.edu.ar\\\/#\\\/schema\\\/person\\\/352ee6ed90c3f394c7cb5945f8956d34\"},\"headline\":\"La UNSL particip\u00f3 de un nuevo plenario del CIN\",\"datePublished\":\"2021-03-31T12:53:59+00:00\",\"dateModified\":\"2021-06-08T15:33:34+00:00\",\"mainEntityOfPage\":{\"@id\":\"https:\\\/\\\/www.fcejs.unsl.edu.ar\\\/index.php\\\/la-unsl-participo-de-un-nuevo-plenario-del-cin\\\/\"},\"wordCount\":423,\"publisher\":{\"@id\":\"https:\\\/\\\/www.fcejs.unsl.edu.ar\\\/#organization\"},\"image\":{\"@id\":\"https:\\\/\\\/www.fcejs.unsl.edu.ar\\\/index.php\\\/la-unsl-participo-de-un-nuevo-plenario-del-cin\\\/#primaryimage\"},\"thumbnailUrl\":\"https:\\\/\\\/www.fcejs.unsl.edu.ar\\\/wp-content\\\/uploads\\\/2021\\\/03\\\/Captura-2.jpg\",\"articleSection\":[\"Archivadas\"],\"inLanguage\":\"es-AR\"},{\"@type\":\"WebPage\",\"@id\":\"https:\\\/\\\/www.fcejs.unsl.edu.ar\\\/index.php\\\/la-unsl-participo-de-un-nuevo-plenario-del-cin\\\/\",\"url\":\"https:\\\/\\\/www.fcejs.unsl.edu.ar\\\/index.php\\\/la-unsl-participo-de-un-nuevo-plenario-del-cin\\\/\",\"name\":\"La UNSL particip\u00f3 de un nuevo plenario del CIN - Facultad de Ciencias Econ\u00f3micas, Jur\u00ed\u00addicas y Sociales\",\"isPartOf\":{\"@id\":\"https:\\\/\\\/www.fcejs.unsl.edu.ar\\\/#website\"},\"primaryImageOfPage\":{\"@id\":\"https:\\\/\\\/www.fcejs.unsl.edu.ar\\\/index.php\\\/la-unsl-participo-de-un-nuevo-plenario-del-cin\\\/#primaryimage\"},\"image\":{\"@id\":\"https:\\\/\\\/www.fcejs.unsl.edu.ar\\\/index.php\\\/la-unsl-participo-de-un-nuevo-plenario-del-cin\\\/#primaryimage\"},\"thumbnailUrl\":\"https:\\\/\\\/www.fcejs.unsl.edu.ar\\\/wp-content\\\/uploads\\\/2021\\\/03\\\/Captura-2.jpg\",\"datePublished\":\"2021-03-31T12:53:59+00:00\",\"dateModified\":\"2021-06-08T15:33:34+00:00\",\"breadcrumb\":{\"@id\":\"https:\\\/\\\/www.fcejs.unsl.edu.ar\\\/index.php\\\/la-unsl-participo-de-un-nuevo-plenario-del-cin\\\/#breadcrumb\"},\"inLanguage\":\"es-AR\",\"potentialAction\":[{\"@type\":\"ReadAction\",\"target\":[\"https:\\\/\\\/www.fcejs.unsl.edu.ar\\\/index.php\\\/la-unsl-participo-de-un-nuevo-plenario-del-cin\\\/\"]}]},{\"@type\":\"ImageObject\",\"inLanguage\":\"es-AR\",\"@id\":\"https:\\\/\\\/www.fcejs.unsl.edu.ar\\\/index.php\\\/la-unsl-participo-de-un-nuevo-plenario-del-cin\\\/#primaryimage\",\"url\":\"https:\\\/\\\/www.fcejs.unsl.edu.ar\\\/wp-content\\\/uploads\\\/2021\\\/03\\\/Captura-2.jpg\",\"contentUrl\":\"https:\\\/\\\/www.fcejs.unsl.edu.ar\\\/wp-content\\\/uploads\\\/2021\\\/03\\\/Captura-2.jpg\",\"width\":748,\"height\":447},{\"@type\":\"BreadcrumbList\",\"@id\":\"https:\\\/\\\/www.fcejs.unsl.edu.ar\\\/index.php\\\/la-unsl-participo-de-un-nuevo-plenario-del-cin\\\/#breadcrumb\",\"itemListElement\":[{\"@type\":\"ListItem\",\"position\":1,\"name\":\"Inicio\",\"item\":\"https:\\\/\\\/www.fcejs.unsl.edu.ar\\\/\"},{\"@type\":\"ListItem\",\"position\":2,\"name\":\"La UNSL particip\u00f3 de un nuevo plenario del CIN\"}]},{\"@type\":\"WebSite\",\"@id\":\"https:\\\/\\\/www.fcejs.unsl.edu.ar\\\/#website\",\"url\":\"https:\\\/\\\/www.fcejs.unsl.edu.ar\\\/\",\"name\":\"Facultad de Ciencias Econ\u00f3micas, Jur\u00ed\u00addicas y Sociales\",\"description\":\"\",\"publisher\":{\"@id\":\"https:\\\/\\\/www.fcejs.unsl.edu.ar\\\/#organization\"},\"potentialAction\":[{\"@type\":\"SearchAction\",\"target\":{\"@type\":\"EntryPoint\",\"urlTemplate\":\"https:\\\/\\\/www.fcejs.unsl.edu.ar\\\/?s={search_term_string}\"},\"query-input\":{\"@type\":\"PropertyValueSpecification\",\"valueRequired\":true,\"valueName\":\"search_term_string\"}}],\"inLanguage\":\"es-AR\"},{\"@type\":\"Organization\",\"@id\":\"https:\\\/\\\/www.fcejs.unsl.edu.ar\\\/#organization\",\"name\":\"Facultad de Ciencias Econ\u00f3micas, Jur\u00eddicas y Sociales\",\"url\":\"https:\\\/\\\/www.fcejs.unsl.edu.ar\\\/\",\"logo\":{\"@type\":\"ImageObject\",\"inLanguage\":\"es-AR\",\"@id\":\"https:\\\/\\\/www.fcejs.unsl.edu.ar\\\/#\\\/schema\\\/logo\\\/image\\\/\",\"url\":\"https:\\\/\\\/www.fcejs.unsl.edu.ar\\\/wp-content\\\/uploads\\\/2021\\\/03\\\/logo-1.jpg\",\"contentUrl\":\"https:\\\/\\\/www.fcejs.unsl.edu.ar\\\/wp-content\\\/uploads\\\/2021\\\/03\\\/logo-1.jpg\",\"width\":471,\"height\":146,\"caption\":\"Facultad de Ciencias Econ\u00f3micas, Jur\u00eddicas y Sociales\"},\"image\":{\"@id\":\"https:\\\/\\\/www.fcejs.unsl.edu.ar\\\/#\\\/schema\\\/logo\\\/image\\\/\"},\"sameAs\":[\"https:\\\/\\\/www.facebook.com\\\/FCEJS.UNSL\\\/\",\"https:\\\/\\\/x.com\\\/FCEJSUNSL\",\"https:\\\/\\\/www.instagram.com\\\/fcejs.unsl\\\/\",\"https:\\\/\\\/www.youtube.com\\\/channel\\\/UCH-Ut6EaN_X5ogjIQMPe46g\\\/\"]},{\"@type\":\"Person\",\"@id\":\"https:\\\/\\\/www.fcejs.unsl.edu.ar\\\/#\\\/schema\\\/person\\\/352ee6ed90c3f394c7cb5945f8956d34\",\"name\":\"DATI\"}]}<\/script>\n<!-- \/ Yoast SEO plugin. -->","yoast_head_json":{"title":"La UNSL particip\u00f3 de un nuevo plenario del CIN - Facultad de Ciencias Econ\u00f3micas, Jur\u00ed\u00addicas y Sociales","robots":{"index":"index","follow":"follow","max-snippet":"max-snippet:-1","max-image-preview":"max-image-preview:large","max-video-preview":"max-video-preview:-1"},"canonical":"https:\/\/www.fcejs.unsl.edu.ar\/index.php\/la-unsl-participo-de-un-nuevo-plenario-del-cin\/","og_locale":"es_ES","og_type":"article","og_title":"La UNSL particip\u00f3 de un nuevo plenario del CIN - Facultad de Ciencias Econ\u00f3micas, Jur\u00ed\u00addicas y Sociales","og_description":"El d\u00eda 29 de marzo de 2012 se realiz\u00f3 el 85\u00b0 Plenario de Rectoras y Rectores del Consejo Interuniversitario Nacional (CIN) en las instalaciones del&hellip;","og_url":"https:\/\/www.fcejs.unsl.edu.ar\/index.php\/la-unsl-participo-de-un-nuevo-plenario-del-cin\/","og_site_name":"Facultad de Ciencias Econ\u00f3micas, Jur\u00ed\u00addicas y Sociales","article_publisher":"https:\/\/www.facebook.com\/FCEJS.UNSL\/","article_published_time":"2021-03-31T12:53:59+00:00","article_modified_time":"2021-06-08T15:33:34+00:00","og_image":[{"width":748,"height":447,"url":"https:\/\/www.fcejs.unsl.edu.ar\/wp-content\/uploads\/2021\/03\/Captura-2.jpg","type":"image\/jpeg"}],"author":"DATI","twitter_card":"summary_large_image","twitter_creator":"@FCEJSUNSL","twitter_site":"@FCEJSUNSL","twitter_misc":{"Escrito por":"DATI","Tiempo de lectura":"2 minutos"},"schema":{"@context":"https:\/\/schema.org","@graph":[{"@type":"Article","@id":"https:\/\/www.fcejs.unsl.edu.ar\/index.php\/la-unsl-participo-de-un-nuevo-plenario-del-cin\/#article","isPartOf":{"@id":"https:\/\/www.fcejs.unsl.edu.ar\/index.php\/la-unsl-participo-de-un-nuevo-plenario-del-cin\/"},"author":{"name":"DATI","@id":"https:\/\/www.fcejs.unsl.edu.ar\/#\/schema\/person\/352ee6ed90c3f394c7cb5945f8956d34"},"headline":"La UNSL particip\u00f3 de un nuevo plenario del CIN","datePublished":"2021-03-31T12:53:59+00:00","dateModified":"2021-06-08T15:33:34+00:00","mainEntityOfPage":{"@id":"https:\/\/www.fcejs.unsl.edu.ar\/index.php\/la-unsl-participo-de-un-nuevo-plenario-del-cin\/"},"wordCount":423,"publisher":{"@id":"https:\/\/www.fcejs.unsl.edu.ar\/#organization"},"image":{"@id":"https:\/\/www.fcejs.unsl.edu.ar\/index.php\/la-unsl-participo-de-un-nuevo-plenario-del-cin\/#primaryimage"},"thumbnailUrl":"https:\/\/www.fcejs.unsl.edu.ar\/wp-content\/uploads\/2021\/03\/Captura-2.jpg","articleSection":["Archivadas"],"inLanguage":"es-AR"},{"@type":"WebPage","@id":"https:\/\/www.fcejs.unsl.edu.ar\/index.php\/la-unsl-participo-de-un-nuevo-plenario-del-cin\/","url":"https:\/\/www.fcejs.unsl.edu.ar\/index.php\/la-unsl-participo-de-un-nuevo-plenario-del-cin\/","name":"La UNSL particip\u00f3 de un nuevo plenario del CIN - Facultad de Ciencias Econ\u00f3micas, Jur\u00ed\u00addicas y Sociales","isPartOf":{"@id":"https:\/\/www.fcejs.unsl.edu.ar\/#website"},"primaryImageOfPage":{"@id":"https:\/\/www.fcejs.unsl.edu.ar\/index.php\/la-unsl-participo-de-un-nuevo-plenario-del-cin\/#primaryimage"},"image":{"@id":"https:\/\/www.fcejs.unsl.edu.ar\/index.php\/la-unsl-participo-de-un-nuevo-plenario-del-cin\/#primaryimage"},"thumbnailUrl":"https:\/\/www.fcejs.unsl.edu.ar\/wp-content\/uploads\/2021\/03\/Captura-2.jpg","datePublished":"2021-03-31T12:53:59+00:00","dateModified":"2021-06-08T15:33:34+00:00","breadcrumb":{"@id":"https:\/\/www.fcejs.unsl.edu.ar\/index.php\/la-unsl-participo-de-un-nuevo-plenario-del-cin\/#breadcrumb"},"inLanguage":"es-AR","potentialAction":[{"@type":"ReadAction","target":["https:\/\/www.fcejs.unsl.edu.ar\/index.php\/la-unsl-participo-de-un-nuevo-plenario-del-cin\/"]}]},{"@type":"ImageObject","inLanguage":"es-AR","@id":"https:\/\/www.fcejs.unsl.edu.ar\/index.php\/la-unsl-participo-de-un-nuevo-plenario-del-cin\/#primaryimage","url":"https:\/\/www.fcejs.unsl.edu.ar\/wp-content\/uploads\/2021\/03\/Captura-2.jpg","contentUrl":"https:\/\/www.fcejs.unsl.edu.ar\/wp-content\/uploads\/2021\/03\/Captura-2.jpg","width":748,"height":447},{"@type":"BreadcrumbList","@id":"https:\/\/www.fcejs.unsl.edu.ar\/index.php\/la-unsl-participo-de-un-nuevo-plenario-del-cin\/#breadcrumb","itemListElement":[{"@type":"ListItem","position":1,"name":"Inicio","item":"https:\/\/www.fcejs.unsl.edu.ar\/"},{"@type":"ListItem","position":2,"name":"La UNSL particip\u00f3 de un nuevo plenario del CIN"}]},{"@type":"WebSite","@id":"https:\/\/www.fcejs.unsl.edu.ar\/#website","url":"https:\/\/www.fcejs.unsl.edu.ar\/","name":"Facultad de Ciencias Econ\u00f3micas, Jur\u00ed\u00addicas y Sociales","description":"","publisher":{"@id":"https:\/\/www.fcejs.unsl.edu.ar\/#organization"},"potentialAction":[{"@type":"SearchAction","target":{"@type":"EntryPoint","urlTemplate":"https:\/\/www.fcejs.unsl.edu.ar\/?s={search_term_string}"},"query-input":{"@type":"PropertyValueSpecification","valueRequired":true,"valueName":"search_term_string"}}],"inLanguage":"es-AR"},{"@type":"Organization","@id":"https:\/\/www.fcejs.unsl.edu.ar\/#organization","name":"Facultad de Ciencias Econ\u00f3micas, Jur\u00eddicas y Sociales","url":"https:\/\/www.fcejs.unsl.edu.ar\/","logo":{"@type":"ImageObject","inLanguage":"es-AR","@id":"https:\/\/www.fcejs.unsl.edu.ar\/#\/schema\/logo\/image\/","url":"https:\/\/www.fcejs.unsl.edu.ar\/wp-content\/uploads\/2021\/03\/logo-1.jpg","contentUrl":"https:\/\/www.fcejs.unsl.edu.ar\/wp-content\/uploads\/2021\/03\/logo-1.jpg","width":471,"height":146,"caption":"Facultad de Ciencias Econ\u00f3micas, Jur\u00eddicas y Sociales"},"image":{"@id":"https:\/\/www.fcejs.unsl.edu.ar\/#\/schema\/logo\/image\/"},"sameAs":["https:\/\/www.facebook.com\/FCEJS.UNSL\/","https:\/\/x.com\/FCEJSUNSL","https:\/\/www.instagram.com\/fcejs.unsl\/","https:\/\/www.youtube.com\/channel\/UCH-Ut6EaN_X5ogjIQMPe46g\/"]},{"@type":"Person","@id":"https:\/\/www.fcejs.unsl.edu.ar\/#\/schema\/person\/352ee6ed90c3f394c7cb5945f8956d34","name":"DATI"}]}},"jetpack_featured_media_url":"https:\/\/www.fcejs.unsl.edu.ar\/wp-content\/uploads\/2021\/03\/Captura-2.jpg","_links":{"self":[{"href":"https:\/\/www.fcejs.unsl.edu.ar\/index.php\/wp-json\/wp\/v2\/posts\/2681","targetHints":{"allow":["GET"]}}],"collection":[{"href":"https:\/\/www.fcejs.unsl.edu.ar\/index.php\/wp-json\/wp\/v2\/posts"}],"about":[{"href":"https:\/\/www.fcejs.unsl.edu.ar\/index.php\/wp-json\/wp\/v2\/types\/post"}],"author":[{"embeddable":true,"href":"https:\/\/www.fcejs.unsl.edu.ar\/index.php\/wp-json\/wp\/v2\/users\/9"}],"replies":[{"embeddable":true,"href":"https:\/\/www.fcejs.unsl.edu.ar\/index.php\/wp-json\/wp\/v2\/comments?post=2681"}],"version-history":[{"count":1,"href":"https:\/\/www.fcejs.unsl.edu.ar\/index.php\/wp-json\/wp\/v2\/posts\/2681\/revisions"}],"predecessor-version":[{"id":2683,"href":"https:\/\/www.fcejs.unsl.edu.ar\/index.php\/wp-json\/wp\/v2\/posts\/2681\/revisions\/2683"}],"wp:featuredmedia":[{"embeddable":true,"href":"https:\/\/www.fcejs.unsl.edu.ar\/index.php\/wp-json\/wp\/v2\/media\/2682"}],"wp:attachment":[{"href":"https:\/\/www.fcejs.unsl.edu.ar\/index.php\/wp-json\/wp\/v2\/media?parent=2681"}],"wp:term":[{"taxonomy":"category","embeddable":true,"href":"https:\/\/www.fcejs.unsl.edu.ar\/index.php\/wp-json\/wp\/v2\/categories?post=2681"},{"taxonomy":"post_tag","embeddable":true,"href":"https:\/\/www.fcejs.unsl.edu.ar\/index.php\/wp-json\/wp\/v2\/tags?post=2681"}],"curies":[{"name":"wp","href":"https:\/\/api.w.org\/{rel}","templated":true}]}}