{"id":2635,"date":"2021-03-29T15:39:20","date_gmt":"2021-03-29T18:39:20","guid":{"rendered":"http:\/\/10.101.10.197\/www\/?p=2635"},"modified":"2021-04-05T09:15:05","modified_gmt":"2021-04-05T12:15:05","slug":"coloquio-sobre-chagas-situacion-regional-e-internacional","status":"publish","type":"post","link":"https:\/\/www.fcejs.unsl.edu.ar\/index.php\/coloquio-sobre-chagas-situacion-regional-e-internacional\/","title":{"rendered":"Coloquio sobre Chagas, situaci\u00f3n regional e internacional"},"content":{"rendered":"<p>Este mi\u00e9rcoles 31 de marzo, a las 11:00 horas, en el Auditorio Mauricio L\u00f3pez de la Universidad Nacional de San Luis (UNSL) disertar\u00e1n sobre la enfermedad para dar visibilidad a esta problem\u00e1tica. Se har\u00e1 en el marco del lanzamiento de una investigaci\u00f3n internacional, de la que participan dos (2) cient\u00edficos de la UNSL en representaci\u00f3n de Argentina, para desarrollar una vacuna contra el Chagas. Quienes deseen, podr\u00e1n participar de manera virtual.<\/p>\n<p>El objetivo principal del coloquio es dar visibilidad al problema de salud relacionado con la enfermedad de Chagas desde los puntos de vista de los afectados, el personal sanitario, la ciencia, la academia y las autoridades de salud provincial.<\/p>\n<p>La actividad es organizada por la Secretar\u00eda de Relaciones Interinstitucionales de la UNSL y el proyecto internacional CHAVAX. Quienes deseen, podr\u00e1n participar de manera virtual a trav\u00e9s de la aqu\u00ed:<\/p>\n<p><iframe title=\"Dise\u00f1o y desarrollo de vacunas contra el Chagas\" width=\"843\" height=\"474\" src=\"https:\/\/www.youtube.com\/embed\/KPxuIzsHprs?feature=oembed\" frameborder=\"0\" allow=\"accelerometer; autoplay; clipboard-write; encrypted-media; gyroscope; picture-in-picture\" allowfullscreen><\/iframe><\/p>\n<p>.<\/p>\n<p><strong>Disertantes<\/strong><\/p>\n<p><strong>Dr. Diego M. Guerin<\/strong>, investigador Principal del proyecto CHAVAX, Instituto Biofisika, CSIC-UPV\/EHU (Espa\u00f1a).<\/p>\n<p><strong>C.P.N V\u00edctor Mori\u00f1igo<\/strong>, rector de la UNSL.<\/p>\n<p><strong>Dra. Gabriela Rozas Denis<\/strong>, presidenta de la Asociaci\u00f3n ASOBA Sur frente al Chagas, Bah\u00eda Blanca.<\/p>\n<p><strong>Dr. Juan Manuel Talia<\/strong>, jefe del programa Laboratorio Salud P\u00fablica y referente provincial de Chagas.<\/p>\n<p>&nbsp;<\/p>\n<p><img fetchpriority=\"high\" decoding=\"async\" class=\"alignnone wp-image-2637 size-full\" src=\"https:\/\/www.fcejs.unsl.edu.ar\/wp-content\/uploads\/2021\/03\/Chagas1.jpeg\" alt=\"\" width=\"1000\" height=\"600\" srcset=\"https:\/\/www.fcejs.unsl.edu.ar\/wp-content\/uploads\/2021\/03\/Chagas1.jpeg 1000w, https:\/\/www.fcejs.unsl.edu.ar\/wp-content\/uploads\/2021\/03\/Chagas1-300x180.jpeg 300w, https:\/\/www.fcejs.unsl.edu.ar\/wp-content\/uploads\/2021\/03\/Chagas1-768x461.jpeg 768w\" sizes=\"(max-width: 1000px) 100vw, 1000px\" \/><\/p>\n","protected":false},"excerpt":{"rendered":"<p>Este mi\u00e9rcoles 31 de marzo, a las 11:00 horas, en el Auditorio Mauricio L\u00f3pez de la Universidad Nacional de San Luis (UNSL) disertar\u00e1n sobre la&hellip;<\/p>\n","protected":false},"author":9,"featured_media":2636,"comment_status":"closed","ping_status":"closed","sticky":false,"template":"","format":"standard","meta":{"om_disable_all_campaigns":false,"_monsterinsights_skip_tracking":false,"_monsterinsights_sitenote_active":false,"_monsterinsights_sitenote_note":"","_monsterinsights_sitenote_category":0,"footnotes":""},"categories":[21],"tags":[],"class_list":["post-2635","post","type-post","status-publish","format-standard","has-post-thumbnail","hentry","category-archivadas"],"yoast_head":"<!-- This site is optimized with the Yoast SEO plugin v27.4 - https:\/\/yoast.com\/product\/yoast-seo-wordpress\/ -->\n<title>Coloquio sobre Chagas, situaci\u00f3n regional e internacional - Facultad de Ciencias Econ\u00f3micas, Jur\u00ed\u00addicas y Sociales<\/title>\n<meta name=\"robots\" content=\"index, follow, max-snippet:-1, max-image-preview:large, max-video-preview:-1\" \/>\n<link rel=\"canonical\" href=\"https:\/\/www.fcejs.unsl.edu.ar\/index.php\/coloquio-sobre-chagas-situacion-regional-e-internacional\/\" \/>\n<meta property=\"og:locale\" content=\"es_ES\" \/>\n<meta property=\"og:type\" content=\"article\" \/>\n<meta property=\"og:title\" content=\"Coloquio sobre Chagas, situaci\u00f3n regional e internacional - Facultad de Ciencias Econ\u00f3micas, Jur\u00ed\u00addicas y Sociales\" \/>\n<meta property=\"og:description\" content=\"Este mi\u00e9rcoles 31 de marzo, a las 11:00 horas, en el Auditorio Mauricio L\u00f3pez de la Universidad Nacional de San Luis (UNSL) disertar\u00e1n sobre la&hellip;\" \/>\n<meta property=\"og:url\" content=\"https:\/\/www.fcejs.unsl.edu.ar\/index.php\/coloquio-sobre-chagas-situacion-regional-e-internacional\/\" \/>\n<meta property=\"og:site_name\" content=\"Facultad de Ciencias Econ\u00f3micas, Jur\u00ed\u00addicas y Sociales\" \/>\n<meta property=\"article:publisher\" content=\"https:\/\/www.facebook.com\/FCEJS.UNSL\/\" \/>\n<meta property=\"article:published_time\" content=\"2021-03-29T18:39:20+00:00\" \/>\n<meta property=\"article:modified_time\" content=\"2021-04-05T12:15:05+00:00\" \/>\n<meta property=\"og:image\" content=\"https:\/\/www.fcejs.unsl.edu.ar\/wp-content\/uploads\/2021\/03\/Chagas.jpg\" \/>\n\t<meta property=\"og:image:width\" content=\"1000\" \/>\n\t<meta property=\"og:image:height\" content=\"600\" \/>\n\t<meta property=\"og:image:type\" content=\"image\/jpeg\" \/>\n<meta name=\"author\" content=\"DATI\" \/>\n<meta name=\"twitter:card\" content=\"summary_large_image\" \/>\n<meta name=\"twitter:creator\" content=\"@FCEJSUNSL\" \/>\n<meta name=\"twitter:site\" content=\"@FCEJSUNSL\" \/>\n<meta name=\"twitter:label1\" content=\"Escrito por\" \/>\n\t<meta name=\"twitter:data1\" content=\"DATI\" \/>\n\t<meta name=\"twitter:label2\" content=\"Tiempo de lectura\" \/>\n\t<meta name=\"twitter:data2\" content=\"2 minutos\" \/>\n<script type=\"application\/ld+json\" class=\"yoast-schema-graph\">{\"@context\":\"https:\\\/\\\/schema.org\",\"@graph\":[{\"@type\":\"Article\",\"@id\":\"https:\\\/\\\/www.fcejs.unsl.edu.ar\\\/index.php\\\/coloquio-sobre-chagas-situacion-regional-e-internacional\\\/#article\",\"isPartOf\":{\"@id\":\"https:\\\/\\\/www.fcejs.unsl.edu.ar\\\/index.php\\\/coloquio-sobre-chagas-situacion-regional-e-internacional\\\/\"},\"author\":{\"name\":\"DATI\",\"@id\":\"https:\\\/\\\/www.fcejs.unsl.edu.ar\\\/#\\\/schema\\\/person\\\/352ee6ed90c3f394c7cb5945f8956d34\"},\"headline\":\"Coloquio sobre Chagas, situaci\u00f3n regional e internacional\",\"datePublished\":\"2021-03-29T18:39:20+00:00\",\"dateModified\":\"2021-04-05T12:15:05+00:00\",\"mainEntityOfPage\":{\"@id\":\"https:\\\/\\\/www.fcejs.unsl.edu.ar\\\/index.php\\\/coloquio-sobre-chagas-situacion-regional-e-internacional\\\/\"},\"wordCount\":226,\"publisher\":{\"@id\":\"https:\\\/\\\/www.fcejs.unsl.edu.ar\\\/#organization\"},\"image\":{\"@id\":\"https:\\\/\\\/www.fcejs.unsl.edu.ar\\\/index.php\\\/coloquio-sobre-chagas-situacion-regional-e-internacional\\\/#primaryimage\"},\"thumbnailUrl\":\"https:\\\/\\\/www.fcejs.unsl.edu.ar\\\/wp-content\\\/uploads\\\/2021\\\/03\\\/Chagas.jpg\",\"articleSection\":[\"Archivadas\"],\"inLanguage\":\"es-AR\"},{\"@type\":\"WebPage\",\"@id\":\"https:\\\/\\\/www.fcejs.unsl.edu.ar\\\/index.php\\\/coloquio-sobre-chagas-situacion-regional-e-internacional\\\/\",\"url\":\"https:\\\/\\\/www.fcejs.unsl.edu.ar\\\/index.php\\\/coloquio-sobre-chagas-situacion-regional-e-internacional\\\/\",\"name\":\"Coloquio sobre Chagas, situaci\u00f3n regional e internacional - Facultad de Ciencias Econ\u00f3micas, Jur\u00ed\u00addicas y Sociales\",\"isPartOf\":{\"@id\":\"https:\\\/\\\/www.fcejs.unsl.edu.ar\\\/#website\"},\"primaryImageOfPage\":{\"@id\":\"https:\\\/\\\/www.fcejs.unsl.edu.ar\\\/index.php\\\/coloquio-sobre-chagas-situacion-regional-e-internacional\\\/#primaryimage\"},\"image\":{\"@id\":\"https:\\\/\\\/www.fcejs.unsl.edu.ar\\\/index.php\\\/coloquio-sobre-chagas-situacion-regional-e-internacional\\\/#primaryimage\"},\"thumbnailUrl\":\"https:\\\/\\\/www.fcejs.unsl.edu.ar\\\/wp-content\\\/uploads\\\/2021\\\/03\\\/Chagas.jpg\",\"datePublished\":\"2021-03-29T18:39:20+00:00\",\"dateModified\":\"2021-04-05T12:15:05+00:00\",\"breadcrumb\":{\"@id\":\"https:\\\/\\\/www.fcejs.unsl.edu.ar\\\/index.php\\\/coloquio-sobre-chagas-situacion-regional-e-internacional\\\/#breadcrumb\"},\"inLanguage\":\"es-AR\",\"potentialAction\":[{\"@type\":\"ReadAction\",\"target\":[\"https:\\\/\\\/www.fcejs.unsl.edu.ar\\\/index.php\\\/coloquio-sobre-chagas-situacion-regional-e-internacional\\\/\"]}]},{\"@type\":\"ImageObject\",\"inLanguage\":\"es-AR\",\"@id\":\"https:\\\/\\\/www.fcejs.unsl.edu.ar\\\/index.php\\\/coloquio-sobre-chagas-situacion-regional-e-internacional\\\/#primaryimage\",\"url\":\"https:\\\/\\\/www.fcejs.unsl.edu.ar\\\/wp-content\\\/uploads\\\/2021\\\/03\\\/Chagas.jpg\",\"contentUrl\":\"https:\\\/\\\/www.fcejs.unsl.edu.ar\\\/wp-content\\\/uploads\\\/2021\\\/03\\\/Chagas.jpg\",\"width\":1000,\"height\":600},{\"@type\":\"BreadcrumbList\",\"@id\":\"https:\\\/\\\/www.fcejs.unsl.edu.ar\\\/index.php\\\/coloquio-sobre-chagas-situacion-regional-e-internacional\\\/#breadcrumb\",\"itemListElement\":[{\"@type\":\"ListItem\",\"position\":1,\"name\":\"Inicio\",\"item\":\"https:\\\/\\\/www.fcejs.unsl.edu.ar\\\/\"},{\"@type\":\"ListItem\",\"position\":2,\"name\":\"Coloquio sobre Chagas, situaci\u00f3n regional e internacional\"}]},{\"@type\":\"WebSite\",\"@id\":\"https:\\\/\\\/www.fcejs.unsl.edu.ar\\\/#website\",\"url\":\"https:\\\/\\\/www.fcejs.unsl.edu.ar\\\/\",\"name\":\"Facultad de Ciencias Econ\u00f3micas, Jur\u00ed\u00addicas y Sociales\",\"description\":\"\",\"publisher\":{\"@id\":\"https:\\\/\\\/www.fcejs.unsl.edu.ar\\\/#organization\"},\"potentialAction\":[{\"@type\":\"SearchAction\",\"target\":{\"@type\":\"EntryPoint\",\"urlTemplate\":\"https:\\\/\\\/www.fcejs.unsl.edu.ar\\\/?s={search_term_string}\"},\"query-input\":{\"@type\":\"PropertyValueSpecification\",\"valueRequired\":true,\"valueName\":\"search_term_string\"}}],\"inLanguage\":\"es-AR\"},{\"@type\":\"Organization\",\"@id\":\"https:\\\/\\\/www.fcejs.unsl.edu.ar\\\/#organization\",\"name\":\"Facultad de Ciencias Econ\u00f3micas, Jur\u00eddicas y Sociales\",\"url\":\"https:\\\/\\\/www.fcejs.unsl.edu.ar\\\/\",\"logo\":{\"@type\":\"ImageObject\",\"inLanguage\":\"es-AR\",\"@id\":\"https:\\\/\\\/www.fcejs.unsl.edu.ar\\\/#\\\/schema\\\/logo\\\/image\\\/\",\"url\":\"https:\\\/\\\/www.fcejs.unsl.edu.ar\\\/wp-content\\\/uploads\\\/2021\\\/03\\\/logo-1.jpg\",\"contentUrl\":\"https:\\\/\\\/www.fcejs.unsl.edu.ar\\\/wp-content\\\/uploads\\\/2021\\\/03\\\/logo-1.jpg\",\"width\":471,\"height\":146,\"caption\":\"Facultad de Ciencias Econ\u00f3micas, Jur\u00eddicas y Sociales\"},\"image\":{\"@id\":\"https:\\\/\\\/www.fcejs.unsl.edu.ar\\\/#\\\/schema\\\/logo\\\/image\\\/\"},\"sameAs\":[\"https:\\\/\\\/www.facebook.com\\\/FCEJS.UNSL\\\/\",\"https:\\\/\\\/x.com\\\/FCEJSUNSL\",\"https:\\\/\\\/www.instagram.com\\\/fcejs.unsl\\\/\",\"https:\\\/\\\/www.youtube.com\\\/channel\\\/UCH-Ut6EaN_X5ogjIQMPe46g\\\/\"]},{\"@type\":\"Person\",\"@id\":\"https:\\\/\\\/www.fcejs.unsl.edu.ar\\\/#\\\/schema\\\/person\\\/352ee6ed90c3f394c7cb5945f8956d34\",\"name\":\"DATI\"}]}<\/script>\n<!-- \/ Yoast SEO plugin. -->","yoast_head_json":{"title":"Coloquio sobre Chagas, situaci\u00f3n regional e internacional - Facultad de Ciencias Econ\u00f3micas, Jur\u00ed\u00addicas y Sociales","robots":{"index":"index","follow":"follow","max-snippet":"max-snippet:-1","max-image-preview":"max-image-preview:large","max-video-preview":"max-video-preview:-1"},"canonical":"https:\/\/www.fcejs.unsl.edu.ar\/index.php\/coloquio-sobre-chagas-situacion-regional-e-internacional\/","og_locale":"es_ES","og_type":"article","og_title":"Coloquio sobre Chagas, situaci\u00f3n regional e internacional - Facultad de Ciencias Econ\u00f3micas, Jur\u00ed\u00addicas y Sociales","og_description":"Este mi\u00e9rcoles 31 de marzo, a las 11:00 horas, en el Auditorio Mauricio L\u00f3pez de la Universidad Nacional de San Luis (UNSL) disertar\u00e1n sobre la&hellip;","og_url":"https:\/\/www.fcejs.unsl.edu.ar\/index.php\/coloquio-sobre-chagas-situacion-regional-e-internacional\/","og_site_name":"Facultad de Ciencias Econ\u00f3micas, Jur\u00ed\u00addicas y Sociales","article_publisher":"https:\/\/www.facebook.com\/FCEJS.UNSL\/","article_published_time":"2021-03-29T18:39:20+00:00","article_modified_time":"2021-04-05T12:15:05+00:00","og_image":[{"width":1000,"height":600,"url":"https:\/\/www.fcejs.unsl.edu.ar\/wp-content\/uploads\/2021\/03\/Chagas.jpg","type":"image\/jpeg"}],"author":"DATI","twitter_card":"summary_large_image","twitter_creator":"@FCEJSUNSL","twitter_site":"@FCEJSUNSL","twitter_misc":{"Escrito por":"DATI","Tiempo de lectura":"2 minutos"},"schema":{"@context":"https:\/\/schema.org","@graph":[{"@type":"Article","@id":"https:\/\/www.fcejs.unsl.edu.ar\/index.php\/coloquio-sobre-chagas-situacion-regional-e-internacional\/#article","isPartOf":{"@id":"https:\/\/www.fcejs.unsl.edu.ar\/index.php\/coloquio-sobre-chagas-situacion-regional-e-internacional\/"},"author":{"name":"DATI","@id":"https:\/\/www.fcejs.unsl.edu.ar\/#\/schema\/person\/352ee6ed90c3f394c7cb5945f8956d34"},"headline":"Coloquio sobre Chagas, situaci\u00f3n regional e internacional","datePublished":"2021-03-29T18:39:20+00:00","dateModified":"2021-04-05T12:15:05+00:00","mainEntityOfPage":{"@id":"https:\/\/www.fcejs.unsl.edu.ar\/index.php\/coloquio-sobre-chagas-situacion-regional-e-internacional\/"},"wordCount":226,"publisher":{"@id":"https:\/\/www.fcejs.unsl.edu.ar\/#organization"},"image":{"@id":"https:\/\/www.fcejs.unsl.edu.ar\/index.php\/coloquio-sobre-chagas-situacion-regional-e-internacional\/#primaryimage"},"thumbnailUrl":"https:\/\/www.fcejs.unsl.edu.ar\/wp-content\/uploads\/2021\/03\/Chagas.jpg","articleSection":["Archivadas"],"inLanguage":"es-AR"},{"@type":"WebPage","@id":"https:\/\/www.fcejs.unsl.edu.ar\/index.php\/coloquio-sobre-chagas-situacion-regional-e-internacional\/","url":"https:\/\/www.fcejs.unsl.edu.ar\/index.php\/coloquio-sobre-chagas-situacion-regional-e-internacional\/","name":"Coloquio sobre Chagas, situaci\u00f3n regional e internacional - Facultad de Ciencias Econ\u00f3micas, Jur\u00ed\u00addicas y Sociales","isPartOf":{"@id":"https:\/\/www.fcejs.unsl.edu.ar\/#website"},"primaryImageOfPage":{"@id":"https:\/\/www.fcejs.unsl.edu.ar\/index.php\/coloquio-sobre-chagas-situacion-regional-e-internacional\/#primaryimage"},"image":{"@id":"https:\/\/www.fcejs.unsl.edu.ar\/index.php\/coloquio-sobre-chagas-situacion-regional-e-internacional\/#primaryimage"},"thumbnailUrl":"https:\/\/www.fcejs.unsl.edu.ar\/wp-content\/uploads\/2021\/03\/Chagas.jpg","datePublished":"2021-03-29T18:39:20+00:00","dateModified":"2021-04-05T12:15:05+00:00","breadcrumb":{"@id":"https:\/\/www.fcejs.unsl.edu.ar\/index.php\/coloquio-sobre-chagas-situacion-regional-e-internacional\/#breadcrumb"},"inLanguage":"es-AR","potentialAction":[{"@type":"ReadAction","target":["https:\/\/www.fcejs.unsl.edu.ar\/index.php\/coloquio-sobre-chagas-situacion-regional-e-internacional\/"]}]},{"@type":"ImageObject","inLanguage":"es-AR","@id":"https:\/\/www.fcejs.unsl.edu.ar\/index.php\/coloquio-sobre-chagas-situacion-regional-e-internacional\/#primaryimage","url":"https:\/\/www.fcejs.unsl.edu.ar\/wp-content\/uploads\/2021\/03\/Chagas.jpg","contentUrl":"https:\/\/www.fcejs.unsl.edu.ar\/wp-content\/uploads\/2021\/03\/Chagas.jpg","width":1000,"height":600},{"@type":"BreadcrumbList","@id":"https:\/\/www.fcejs.unsl.edu.ar\/index.php\/coloquio-sobre-chagas-situacion-regional-e-internacional\/#breadcrumb","itemListElement":[{"@type":"ListItem","position":1,"name":"Inicio","item":"https:\/\/www.fcejs.unsl.edu.ar\/"},{"@type":"ListItem","position":2,"name":"Coloquio sobre Chagas, situaci\u00f3n regional e internacional"}]},{"@type":"WebSite","@id":"https:\/\/www.fcejs.unsl.edu.ar\/#website","url":"https:\/\/www.fcejs.unsl.edu.ar\/","name":"Facultad de Ciencias Econ\u00f3micas, Jur\u00ed\u00addicas y Sociales","description":"","publisher":{"@id":"https:\/\/www.fcejs.unsl.edu.ar\/#organization"},"potentialAction":[{"@type":"SearchAction","target":{"@type":"EntryPoint","urlTemplate":"https:\/\/www.fcejs.unsl.edu.ar\/?s={search_term_string}"},"query-input":{"@type":"PropertyValueSpecification","valueRequired":true,"valueName":"search_term_string"}}],"inLanguage":"es-AR"},{"@type":"Organization","@id":"https:\/\/www.fcejs.unsl.edu.ar\/#organization","name":"Facultad de Ciencias Econ\u00f3micas, Jur\u00eddicas y Sociales","url":"https:\/\/www.fcejs.unsl.edu.ar\/","logo":{"@type":"ImageObject","inLanguage":"es-AR","@id":"https:\/\/www.fcejs.unsl.edu.ar\/#\/schema\/logo\/image\/","url":"https:\/\/www.fcejs.unsl.edu.ar\/wp-content\/uploads\/2021\/03\/logo-1.jpg","contentUrl":"https:\/\/www.fcejs.unsl.edu.ar\/wp-content\/uploads\/2021\/03\/logo-1.jpg","width":471,"height":146,"caption":"Facultad de Ciencias Econ\u00f3micas, Jur\u00eddicas y Sociales"},"image":{"@id":"https:\/\/www.fcejs.unsl.edu.ar\/#\/schema\/logo\/image\/"},"sameAs":["https:\/\/www.facebook.com\/FCEJS.UNSL\/","https:\/\/x.com\/FCEJSUNSL","https:\/\/www.instagram.com\/fcejs.unsl\/","https:\/\/www.youtube.com\/channel\/UCH-Ut6EaN_X5ogjIQMPe46g\/"]},{"@type":"Person","@id":"https:\/\/www.fcejs.unsl.edu.ar\/#\/schema\/person\/352ee6ed90c3f394c7cb5945f8956d34","name":"DATI"}]}},"jetpack_featured_media_url":"https:\/\/www.fcejs.unsl.edu.ar\/wp-content\/uploads\/2021\/03\/Chagas.jpg","_links":{"self":[{"href":"https:\/\/www.fcejs.unsl.edu.ar\/index.php\/wp-json\/wp\/v2\/posts\/2635","targetHints":{"allow":["GET"]}}],"collection":[{"href":"https:\/\/www.fcejs.unsl.edu.ar\/index.php\/wp-json\/wp\/v2\/posts"}],"about":[{"href":"https:\/\/www.fcejs.unsl.edu.ar\/index.php\/wp-json\/wp\/v2\/types\/post"}],"author":[{"embeddable":true,"href":"https:\/\/www.fcejs.unsl.edu.ar\/index.php\/wp-json\/wp\/v2\/users\/9"}],"replies":[{"embeddable":true,"href":"https:\/\/www.fcejs.unsl.edu.ar\/index.php\/wp-json\/wp\/v2\/comments?post=2635"}],"version-history":[{"count":2,"href":"https:\/\/www.fcejs.unsl.edu.ar\/index.php\/wp-json\/wp\/v2\/posts\/2635\/revisions"}],"predecessor-version":[{"id":2676,"href":"https:\/\/www.fcejs.unsl.edu.ar\/index.php\/wp-json\/wp\/v2\/posts\/2635\/revisions\/2676"}],"wp:featuredmedia":[{"embeddable":true,"href":"https:\/\/www.fcejs.unsl.edu.ar\/index.php\/wp-json\/wp\/v2\/media\/2636"}],"wp:attachment":[{"href":"https:\/\/www.fcejs.unsl.edu.ar\/index.php\/wp-json\/wp\/v2\/media?parent=2635"}],"wp:term":[{"taxonomy":"category","embeddable":true,"href":"https:\/\/www.fcejs.unsl.edu.ar\/index.php\/wp-json\/wp\/v2\/categories?post=2635"},{"taxonomy":"post_tag","embeddable":true,"href":"https:\/\/www.fcejs.unsl.edu.ar\/index.php\/wp-json\/wp\/v2\/tags?post=2635"}],"curies":[{"name":"wp","href":"https:\/\/api.w.org\/{rel}","templated":true}]}}