{"id":25906,"date":"2026-09-03T12:43:20","date_gmt":"2026-09-03T15:43:20","guid":{"rendered":"https:\/\/www.fcejs.unsl.edu.ar\/?p=25906"},"modified":"2026-09-03T13:12:47","modified_gmt":"2026-09-03T16:12:47","slug":"desarrollos-sobre-genero-subjetividades-y-sexualidades-para-reflexionar-las-actuaciones-profesionales","status":"publish","type":"post","link":"https:\/\/www.fcejs.unsl.edu.ar\/index.php\/desarrollos-sobre-genero-subjetividades-y-sexualidades-para-reflexionar-las-actuaciones-profesionales\/","title":{"rendered":"Desarrollos sobre g\u00e9nero, subjetividades y sexualidades para reflexionar las actuaciones profesionales"},"content":{"rendered":"<p>La Facultad de Ciencias Econ\u00f3micas, Jur\u00eddicas y Sociales (FCEJS) invita a estudiantes de la Licenciatura en Trabajo Social a participar del Seminario Electivo \u201cDesarrollos sobre g\u00e9nero, subjetividades y sexualidades para reflexionar las actuaciones profesionales\u201d. La propuesta formativa iniciar\u00e1 el viernes 4 de septiembre y tiene como objetivo brindar herramientas conceptuales para el an\u00e1lisis y la intervenci\u00f3n profesional desde una perspectiva cr\u00edtica.<\/p>\n<p>El seminario se desarrollar\u00e1 los viernes en el horario de 14:00 a 16:00 horas, en el aula 10 del Campus Universitario. La modalidad ser\u00e1 presencial.<\/p>\n<p>La Secretar\u00eda Acad\u00e9mica de la FCEJS impulsa esta iniciativa que busca promover la reflexi\u00f3n sobre las implicancias del g\u00e9nero, las subjetividades y las sexualidades en las pr\u00e1cticas profesionales. El contenido del seminario abordar\u00e1 diversas teor\u00edas y enfoques que permitir\u00e1n a los y las estudiantes profundizar en el entendimiento de estas tem\u00e1ticas y su aplicaci\u00f3n en el campo del Trabajo Social.<\/p>\n<p>Se invita a las y los interesados a consultar los detalles de inscripci\u00f3n y contenidos espec\u00edficos a trav\u00e9s de los canales de comunicaci\u00f3n de la Facultad.<\/p>\n","protected":false},"excerpt":{"rendered":"<p>La Facultad de Ciencias Econ\u00f3micas, Jur\u00eddicas y Sociales (FCEJS) invita a estudiantes de la Licenciatura en Trabajo Social a participar del Seminario Electivo \u201cDesarrollos sobre&hellip;<\/p>\n","protected":false},"author":13,"featured_media":25907,"comment_status":"closed","ping_status":"closed","sticky":false,"template":"","format":"standard","meta":{"om_disable_all_campaigns":false,"_monsterinsights_skip_tracking":false,"_customify_content_layout":"","_customify_sidebar":"","_customify_page_header_display":"default","_customify_disable_header":"","_customify_disable_header_top":"","_customify_disable_header_main":"","_customify_disable_header_bottom":"","_customify_disable_page_title":"","_customify_disable_content_vertical_padding":"","_customify_disable_footer_top":"","_customify_disable_footer_main":"","_customify_disable_footer_bottom":"","_customify_breadcrumb_display":"","_customify_header_transparent_display":"default","footnotes":""},"categories":[1,19],"tags":[],"class_list":["post-25906","post","type-post","status-publish","format-standard","has-post-thumbnail","hentry","category-noticias","category-principal"],"yoast_head":"<!-- This site is optimized with the Yoast SEO plugin v28.3 - https:\/\/yoast.com\/product\/yoast-seo-wordpress\/ -->\n<title>Desarrollos sobre g\u00e9nero, subjetividades y sexualidades para reflexionar las actuaciones profesionales - Facultad de Ciencias Econ\u00f3micas, Jur\u00ed\u00addicas y Sociales<\/title>\n<meta name=\"robots\" content=\"index, follow, max-snippet:-1, max-image-preview:large, max-video-preview:-1\" \/>\n<link rel=\"canonical\" href=\"https:\/\/www.fcejs.unsl.edu.ar\/index.php\/desarrollos-sobre-genero-subjetividades-y-sexualidades-para-reflexionar-las-actuaciones-profesionales\/\" \/>\n<meta property=\"og:locale\" content=\"es_ES\" \/>\n<meta property=\"og:type\" content=\"article\" \/>\n<meta property=\"og:title\" content=\"Desarrollos sobre g\u00e9nero, subjetividades y sexualidades para reflexionar las actuaciones profesionales - Facultad de Ciencias Econ\u00f3micas, Jur\u00ed\u00addicas y Sociales\" \/>\n<meta property=\"og:description\" content=\"La Facultad de Ciencias Econ\u00f3micas, Jur\u00eddicas y Sociales (FCEJS) invita a estudiantes de la Licenciatura en Trabajo Social a participar del Seminario Electivo \u201cDesarrollos sobre&hellip;\" \/>\n<meta property=\"og:url\" content=\"https:\/\/www.fcejs.unsl.edu.ar\/index.php\/desarrollos-sobre-genero-subjetividades-y-sexualidades-para-reflexionar-las-actuaciones-profesionales\/\" \/>\n<meta property=\"og:site_name\" content=\"Facultad de Ciencias Econ\u00f3micas, Jur\u00ed\u00addicas y Sociales\" \/>\n<meta property=\"article:publisher\" content=\"https:\/\/www.facebook.com\/FCEJS.UNSL\/\" \/>\n<meta property=\"article:published_time\" content=\"2026-09-03T15:43:20+00:00\" \/>\n<meta property=\"article:modified_time\" content=\"2026-09-03T16:12:47+00:00\" \/>\n<meta property=\"og:image\" content=\"https:\/\/www.fcejs.unsl.edu.ar\/wp-content\/uploads\/2026\/09\/placa-web-seminario-electivo-genero.jpg\" \/>\n\t<meta property=\"og:image:width\" content=\"1153\" \/>\n\t<meta property=\"og:image:height\" content=\"648\" \/>\n\t<meta property=\"og:image:type\" content=\"image\/jpeg\" \/>\n<meta name=\"author\" content=\"Matias Videla\" \/>\n<meta name=\"twitter:card\" content=\"summary_large_image\" \/>\n<meta name=\"twitter:creator\" content=\"@FCEJSUNSL\" \/>\n<meta name=\"twitter:site\" content=\"@FCEJSUNSL\" \/>\n<meta name=\"twitter:label1\" content=\"Escrito por\" \/>\n\t<meta name=\"twitter:data1\" content=\"Matias Videla\" \/>\n\t<meta name=\"twitter:label2\" content=\"Tiempo de lectura\" \/>\n\t<meta name=\"twitter:data2\" content=\"1 minuto\" \/>\n<script type=\"application\/ld+json\" class=\"yoast-schema-graph\">{\"@context\":\"https:\\\/\\\/schema.org\",\"@graph\":[{\"@type\":\"Article\",\"@id\":\"https:\\\/\\\/www.fcejs.unsl.edu.ar\\\/index.php\\\/desarrollos-sobre-genero-subjetividades-y-sexualidades-para-reflexionar-las-actuaciones-profesionales\\\/#article\",\"isPartOf\":{\"@id\":\"https:\\\/\\\/www.fcejs.unsl.edu.ar\\\/index.php\\\/desarrollos-sobre-genero-subjetividades-y-sexualidades-para-reflexionar-las-actuaciones-profesionales\\\/\"},\"author\":{\"name\":\"Matias Videla\",\"@id\":\"https:\\\/\\\/www.fcejs.unsl.edu.ar\\\/#\\\/schema\\\/person\\\/c2cc0d213e1b2c7a7770ef32f65de25b\"},\"headline\":\"Desarrollos sobre g\u00e9nero, subjetividades y sexualidades para reflexionar las actuaciones profesionales\",\"datePublished\":\"2026-09-03T15:43:20+00:00\",\"dateModified\":\"2026-09-03T16:12:47+00:00\",\"mainEntityOfPage\":{\"@id\":\"https:\\\/\\\/www.fcejs.unsl.edu.ar\\\/index.php\\\/desarrollos-sobre-genero-subjetividades-y-sexualidades-para-reflexionar-las-actuaciones-profesionales\\\/\"},\"wordCount\":199,\"publisher\":{\"@id\":\"https:\\\/\\\/www.fcejs.unsl.edu.ar\\\/#organization\"},\"image\":{\"@id\":\"https:\\\/\\\/www.fcejs.unsl.edu.ar\\\/index.php\\\/desarrollos-sobre-genero-subjetividades-y-sexualidades-para-reflexionar-las-actuaciones-profesionales\\\/#primaryimage\"},\"thumbnailUrl\":\"https:\\\/\\\/www.fcejs.unsl.edu.ar\\\/wp-content\\\/uploads\\\/2026\\\/09\\\/placa-web-seminario-electivo-genero.jpg\",\"articleSection\":[\"Noticias\",\"Principal\"],\"inLanguage\":\"es-AR\"},{\"@type\":\"WebPage\",\"@id\":\"https:\\\/\\\/www.fcejs.unsl.edu.ar\\\/index.php\\\/desarrollos-sobre-genero-subjetividades-y-sexualidades-para-reflexionar-las-actuaciones-profesionales\\\/\",\"url\":\"https:\\\/\\\/www.fcejs.unsl.edu.ar\\\/index.php\\\/desarrollos-sobre-genero-subjetividades-y-sexualidades-para-reflexionar-las-actuaciones-profesionales\\\/\",\"name\":\"Desarrollos sobre g\u00e9nero, subjetividades y sexualidades para reflexionar las actuaciones profesionales - Facultad de Ciencias Econ\u00f3micas, Jur\u00ed\u00addicas y Sociales\",\"isPartOf\":{\"@id\":\"https:\\\/\\\/www.fcejs.unsl.edu.ar\\\/#website\"},\"primaryImageOfPage\":{\"@id\":\"https:\\\/\\\/www.fcejs.unsl.edu.ar\\\/index.php\\\/desarrollos-sobre-genero-subjetividades-y-sexualidades-para-reflexionar-las-actuaciones-profesionales\\\/#primaryimage\"},\"image\":{\"@id\":\"https:\\\/\\\/www.fcejs.unsl.edu.ar\\\/index.php\\\/desarrollos-sobre-genero-subjetividades-y-sexualidades-para-reflexionar-las-actuaciones-profesionales\\\/#primaryimage\"},\"thumbnailUrl\":\"https:\\\/\\\/www.fcejs.unsl.edu.ar\\\/wp-content\\\/uploads\\\/2026\\\/09\\\/placa-web-seminario-electivo-genero.jpg\",\"datePublished\":\"2026-09-03T15:43:20+00:00\",\"dateModified\":\"2026-09-03T16:12:47+00:00\",\"breadcrumb\":{\"@id\":\"https:\\\/\\\/www.fcejs.unsl.edu.ar\\\/index.php\\\/desarrollos-sobre-genero-subjetividades-y-sexualidades-para-reflexionar-las-actuaciones-profesionales\\\/#breadcrumb\"},\"inLanguage\":\"es-AR\",\"potentialAction\":[{\"@type\":\"ReadAction\",\"target\":[\"https:\\\/\\\/www.fcejs.unsl.edu.ar\\\/index.php\\\/desarrollos-sobre-genero-subjetividades-y-sexualidades-para-reflexionar-las-actuaciones-profesionales\\\/\"]}]},{\"@type\":\"ImageObject\",\"inLanguage\":\"es-AR\",\"@id\":\"https:\\\/\\\/www.fcejs.unsl.edu.ar\\\/index.php\\\/desarrollos-sobre-genero-subjetividades-y-sexualidades-para-reflexionar-las-actuaciones-profesionales\\\/#primaryimage\",\"url\":\"https:\\\/\\\/www.fcejs.unsl.edu.ar\\\/wp-content\\\/uploads\\\/2026\\\/09\\\/placa-web-seminario-electivo-genero.jpg\",\"contentUrl\":\"https:\\\/\\\/www.fcejs.unsl.edu.ar\\\/wp-content\\\/uploads\\\/2026\\\/09\\\/placa-web-seminario-electivo-genero.jpg\",\"width\":1153,\"height\":648},{\"@type\":\"BreadcrumbList\",\"@id\":\"https:\\\/\\\/www.fcejs.unsl.edu.ar\\\/index.php\\\/desarrollos-sobre-genero-subjetividades-y-sexualidades-para-reflexionar-las-actuaciones-profesionales\\\/#breadcrumb\",\"itemListElement\":[{\"@type\":\"ListItem\",\"position\":1,\"name\":\"Inicio\",\"item\":\"https:\\\/\\\/www.fcejs.unsl.edu.ar\\\/\"},{\"@type\":\"ListItem\",\"position\":2,\"name\":\"Desarrollos sobre g\u00e9nero, subjetividades y sexualidades para reflexionar las actuaciones profesionales\"}]},{\"@type\":\"WebSite\",\"@id\":\"https:\\\/\\\/www.fcejs.unsl.edu.ar\\\/#website\",\"url\":\"https:\\\/\\\/www.fcejs.unsl.edu.ar\\\/\",\"name\":\"Facultad de Ciencias Econ\u00f3micas, Jur\u00ed\u00addicas y Sociales\",\"description\":\"\",\"publisher\":{\"@id\":\"https:\\\/\\\/www.fcejs.unsl.edu.ar\\\/#organization\"},\"potentialAction\":[{\"@type\":\"SearchAction\",\"target\":{\"@type\":\"EntryPoint\",\"urlTemplate\":\"https:\\\/\\\/www.fcejs.unsl.edu.ar\\\/?s={search_term_string}\"},\"query-input\":{\"@type\":\"PropertyValueSpecification\",\"valueRequired\":true,\"valueName\":\"search_term_string\"}}],\"inLanguage\":\"es-AR\"},{\"@type\":\"Organization\",\"@id\":\"https:\\\/\\\/www.fcejs.unsl.edu.ar\\\/#organization\",\"name\":\"Facultad de Ciencias Econ\u00f3micas, Jur\u00eddicas y Sociales\",\"url\":\"https:\\\/\\\/www.fcejs.unsl.edu.ar\\\/\",\"logo\":{\"@type\":\"ImageObject\",\"inLanguage\":\"es-AR\",\"@id\":\"https:\\\/\\\/www.fcejs.unsl.edu.ar\\\/#\\\/schema\\\/logo\\\/image\\\/\",\"url\":\"https:\\\/\\\/www.fcejs.unsl.edu.ar\\\/wp-content\\\/uploads\\\/2021\\\/03\\\/logo-1.jpg\",\"contentUrl\":\"https:\\\/\\\/www.fcejs.unsl.edu.ar\\\/wp-content\\\/uploads\\\/2021\\\/03\\\/logo-1.jpg\",\"width\":471,\"height\":146,\"caption\":\"Facultad de Ciencias Econ\u00f3micas, Jur\u00eddicas y Sociales\"},\"image\":{\"@id\":\"https:\\\/\\\/www.fcejs.unsl.edu.ar\\\/#\\\/schema\\\/logo\\\/image\\\/\"},\"sameAs\":[\"https:\\\/\\\/www.facebook.com\\\/FCEJS.UNSL\\\/\",\"https:\\\/\\\/x.com\\\/FCEJSUNSL\",\"https:\\\/\\\/www.instagram.com\\\/fcejs.unsl\\\/\",\"https:\\\/\\\/www.youtube.com\\\/channel\\\/UCH-Ut6EaN_X5ogjIQMPe46g\\\/\"]},{\"@type\":\"Person\",\"@id\":\"https:\\\/\\\/www.fcejs.unsl.edu.ar\\\/#\\\/schema\\\/person\\\/c2cc0d213e1b2c7a7770ef32f65de25b\",\"name\":\"Matias Videla\"}]}<\/script>\n<!-- \/ Yoast SEO plugin. -->","yoast_head_json":{"title":"Desarrollos sobre g\u00e9nero, subjetividades y sexualidades para reflexionar las actuaciones profesionales - Facultad de Ciencias Econ\u00f3micas, Jur\u00ed\u00addicas y Sociales","robots":{"index":"index","follow":"follow","max-snippet":"max-snippet:-1","max-image-preview":"max-image-preview:large","max-video-preview":"max-video-preview:-1"},"canonical":"https:\/\/www.fcejs.unsl.edu.ar\/index.php\/desarrollos-sobre-genero-subjetividades-y-sexualidades-para-reflexionar-las-actuaciones-profesionales\/","og_locale":"es_ES","og_type":"article","og_title":"Desarrollos sobre g\u00e9nero, subjetividades y sexualidades para reflexionar las actuaciones profesionales - Facultad de Ciencias Econ\u00f3micas, Jur\u00ed\u00addicas y Sociales","og_description":"La Facultad de Ciencias Econ\u00f3micas, Jur\u00eddicas y Sociales (FCEJS) invita a estudiantes de la Licenciatura en Trabajo Social a participar del Seminario Electivo \u201cDesarrollos sobre&hellip;","og_url":"https:\/\/www.fcejs.unsl.edu.ar\/index.php\/desarrollos-sobre-genero-subjetividades-y-sexualidades-para-reflexionar-las-actuaciones-profesionales\/","og_site_name":"Facultad de Ciencias Econ\u00f3micas, Jur\u00ed\u00addicas y Sociales","article_publisher":"https:\/\/www.facebook.com\/FCEJS.UNSL\/","article_published_time":"2026-09-03T15:43:20+00:00","article_modified_time":"2026-09-03T16:12:47+00:00","og_image":[{"width":1153,"height":648,"url":"https:\/\/www.fcejs.unsl.edu.ar\/wp-content\/uploads\/2026\/09\/placa-web-seminario-electivo-genero.jpg","type":"image\/jpeg"}],"author":"Matias Videla","twitter_card":"summary_large_image","twitter_creator":"@FCEJSUNSL","twitter_site":"@FCEJSUNSL","twitter_misc":{"Escrito por":"Matias Videla","Tiempo de lectura":"1 minuto"},"schema":{"@context":"https:\/\/schema.org","@graph":[{"@type":"Article","@id":"https:\/\/www.fcejs.unsl.edu.ar\/index.php\/desarrollos-sobre-genero-subjetividades-y-sexualidades-para-reflexionar-las-actuaciones-profesionales\/#article","isPartOf":{"@id":"https:\/\/www.fcejs.unsl.edu.ar\/index.php\/desarrollos-sobre-genero-subjetividades-y-sexualidades-para-reflexionar-las-actuaciones-profesionales\/"},"author":{"name":"Matias Videla","@id":"https:\/\/www.fcejs.unsl.edu.ar\/#\/schema\/person\/c2cc0d213e1b2c7a7770ef32f65de25b"},"headline":"Desarrollos sobre g\u00e9nero, subjetividades y sexualidades para reflexionar las actuaciones profesionales","datePublished":"2026-09-03T15:43:20+00:00","dateModified":"2026-09-03T16:12:47+00:00","mainEntityOfPage":{"@id":"https:\/\/www.fcejs.unsl.edu.ar\/index.php\/desarrollos-sobre-genero-subjetividades-y-sexualidades-para-reflexionar-las-actuaciones-profesionales\/"},"wordCount":199,"publisher":{"@id":"https:\/\/www.fcejs.unsl.edu.ar\/#organization"},"image":{"@id":"https:\/\/www.fcejs.unsl.edu.ar\/index.php\/desarrollos-sobre-genero-subjetividades-y-sexualidades-para-reflexionar-las-actuaciones-profesionales\/#primaryimage"},"thumbnailUrl":"https:\/\/www.fcejs.unsl.edu.ar\/wp-content\/uploads\/2026\/09\/placa-web-seminario-electivo-genero.jpg","articleSection":["Noticias","Principal"],"inLanguage":"es-AR"},{"@type":"WebPage","@id":"https:\/\/www.fcejs.unsl.edu.ar\/index.php\/desarrollos-sobre-genero-subjetividades-y-sexualidades-para-reflexionar-las-actuaciones-profesionales\/","url":"https:\/\/www.fcejs.unsl.edu.ar\/index.php\/desarrollos-sobre-genero-subjetividades-y-sexualidades-para-reflexionar-las-actuaciones-profesionales\/","name":"Desarrollos sobre g\u00e9nero, subjetividades y sexualidades para reflexionar las actuaciones profesionales - Facultad de Ciencias Econ\u00f3micas, Jur\u00ed\u00addicas y Sociales","isPartOf":{"@id":"https:\/\/www.fcejs.unsl.edu.ar\/#website"},"primaryImageOfPage":{"@id":"https:\/\/www.fcejs.unsl.edu.ar\/index.php\/desarrollos-sobre-genero-subjetividades-y-sexualidades-para-reflexionar-las-actuaciones-profesionales\/#primaryimage"},"image":{"@id":"https:\/\/www.fcejs.unsl.edu.ar\/index.php\/desarrollos-sobre-genero-subjetividades-y-sexualidades-para-reflexionar-las-actuaciones-profesionales\/#primaryimage"},"thumbnailUrl":"https:\/\/www.fcejs.unsl.edu.ar\/wp-content\/uploads\/2026\/09\/placa-web-seminario-electivo-genero.jpg","datePublished":"2026-09-03T15:43:20+00:00","dateModified":"2026-09-03T16:12:47+00:00","breadcrumb":{"@id":"https:\/\/www.fcejs.unsl.edu.ar\/index.php\/desarrollos-sobre-genero-subjetividades-y-sexualidades-para-reflexionar-las-actuaciones-profesionales\/#breadcrumb"},"inLanguage":"es-AR","potentialAction":[{"@type":"ReadAction","target":["https:\/\/www.fcejs.unsl.edu.ar\/index.php\/desarrollos-sobre-genero-subjetividades-y-sexualidades-para-reflexionar-las-actuaciones-profesionales\/"]}]},{"@type":"ImageObject","inLanguage":"es-AR","@id":"https:\/\/www.fcejs.unsl.edu.ar\/index.php\/desarrollos-sobre-genero-subjetividades-y-sexualidades-para-reflexionar-las-actuaciones-profesionales\/#primaryimage","url":"https:\/\/www.fcejs.unsl.edu.ar\/wp-content\/uploads\/2026\/09\/placa-web-seminario-electivo-genero.jpg","contentUrl":"https:\/\/www.fcejs.unsl.edu.ar\/wp-content\/uploads\/2026\/09\/placa-web-seminario-electivo-genero.jpg","width":1153,"height":648},{"@type":"BreadcrumbList","@id":"https:\/\/www.fcejs.unsl.edu.ar\/index.php\/desarrollos-sobre-genero-subjetividades-y-sexualidades-para-reflexionar-las-actuaciones-profesionales\/#breadcrumb","itemListElement":[{"@type":"ListItem","position":1,"name":"Inicio","item":"https:\/\/www.fcejs.unsl.edu.ar\/"},{"@type":"ListItem","position":2,"name":"Desarrollos sobre g\u00e9nero, subjetividades y sexualidades para reflexionar las actuaciones profesionales"}]},{"@type":"WebSite","@id":"https:\/\/www.fcejs.unsl.edu.ar\/#website","url":"https:\/\/www.fcejs.unsl.edu.ar\/","name":"Facultad de Ciencias Econ\u00f3micas, Jur\u00ed\u00addicas y Sociales","description":"","publisher":{"@id":"https:\/\/www.fcejs.unsl.edu.ar\/#organization"},"potentialAction":[{"@type":"SearchAction","target":{"@type":"EntryPoint","urlTemplate":"https:\/\/www.fcejs.unsl.edu.ar\/?s={search_term_string}"},"query-input":{"@type":"PropertyValueSpecification","valueRequired":true,"valueName":"search_term_string"}}],"inLanguage":"es-AR"},{"@type":"Organization","@id":"https:\/\/www.fcejs.unsl.edu.ar\/#organization","name":"Facultad de Ciencias Econ\u00f3micas, Jur\u00eddicas y Sociales","url":"https:\/\/www.fcejs.unsl.edu.ar\/","logo":{"@type":"ImageObject","inLanguage":"es-AR","@id":"https:\/\/www.fcejs.unsl.edu.ar\/#\/schema\/logo\/image\/","url":"https:\/\/www.fcejs.unsl.edu.ar\/wp-content\/uploads\/2021\/03\/logo-1.jpg","contentUrl":"https:\/\/www.fcejs.unsl.edu.ar\/wp-content\/uploads\/2021\/03\/logo-1.jpg","width":471,"height":146,"caption":"Facultad de Ciencias Econ\u00f3micas, Jur\u00eddicas y Sociales"},"image":{"@id":"https:\/\/www.fcejs.unsl.edu.ar\/#\/schema\/logo\/image\/"},"sameAs":["https:\/\/www.facebook.com\/FCEJS.UNSL\/","https:\/\/x.com\/FCEJSUNSL","https:\/\/www.instagram.com\/fcejs.unsl\/","https:\/\/www.youtube.com\/channel\/UCH-Ut6EaN_X5ogjIQMPe46g\/"]},{"@type":"Person","@id":"https:\/\/www.fcejs.unsl.edu.ar\/#\/schema\/person\/c2cc0d213e1b2c7a7770ef32f65de25b","name":"Matias Videla"}]}},"jetpack_featured_media_url":"https:\/\/www.fcejs.unsl.edu.ar\/wp-content\/uploads\/2026\/09\/placa-web-seminario-electivo-genero.jpg","_links":{"self":[{"href":"https:\/\/www.fcejs.unsl.edu.ar\/index.php\/wp-json\/wp\/v2\/posts\/25906","targetHints":{"allow":["GET"]}}],"collection":[{"href":"https:\/\/www.fcejs.unsl.edu.ar\/index.php\/wp-json\/wp\/v2\/posts"}],"about":[{"href":"https:\/\/www.fcejs.unsl.edu.ar\/index.php\/wp-json\/wp\/v2\/types\/post"}],"author":[{"embeddable":true,"href":"https:\/\/www.fcejs.unsl.edu.ar\/index.php\/wp-json\/wp\/v2\/users\/13"}],"replies":[{"embeddable":true,"href":"https:\/\/www.fcejs.unsl.edu.ar\/index.php\/wp-json\/wp\/v2\/comments?post=25906"}],"version-history":[{"count":1,"href":"https:\/\/www.fcejs.unsl.edu.ar\/index.php\/wp-json\/wp\/v2\/posts\/25906\/revisions"}],"predecessor-version":[{"id":25908,"href":"https:\/\/www.fcejs.unsl.edu.ar\/index.php\/wp-json\/wp\/v2\/posts\/25906\/revisions\/25908"}],"wp:featuredmedia":[{"embeddable":true,"href":"https:\/\/www.fcejs.unsl.edu.ar\/index.php\/wp-json\/wp\/v2\/media\/25907"}],"wp:attachment":[{"href":"https:\/\/www.fcejs.unsl.edu.ar\/index.php\/wp-json\/wp\/v2\/media?parent=25906"}],"wp:term":[{"taxonomy":"category","embeddable":true,"href":"https:\/\/www.fcejs.unsl.edu.ar\/index.php\/wp-json\/wp\/v2\/categories?post=25906"},{"taxonomy":"post_tag","embeddable":true,"href":"https:\/\/www.fcejs.unsl.edu.ar\/index.php\/wp-json\/wp\/v2\/tags?post=25906"}],"curies":[{"name":"wp","href":"https:\/\/api.w.org\/{rel}","templated":true}]}}