{"id":25900,"date":"2026-09-03T08:34:48","date_gmt":"2026-09-03T11:34:48","guid":{"rendered":"https:\/\/www.fcejs.unsl.edu.ar\/?p=25900"},"modified":"2026-09-03T09:35:55","modified_gmt":"2026-09-03T12:35:55","slug":"encuentro-por-los-diez-anos-de-trayectoria-en-acompanamiento-terapeutico","status":"publish","type":"post","link":"https:\/\/www.fcejs.unsl.edu.ar\/index.php\/encuentro-por-los-diez-anos-de-trayectoria-en-acompanamiento-terapeutico\/","title":{"rendered":"Encuentro por los diez a\u00f1os de trayectoria en Acompa\u00f1amiento Terap\u00e9utico\u00a0"},"content":{"rendered":"<p>La Facultad de Ciencias Econ\u00f3micas, Jur\u00eddicas y Sociales (FCEJS) convoca a la comunidad acad\u00e9mica y a profesionales al Encuentro de Acompa\u00f1amiento Terap\u00e9utico \u201cVoces, saberes y pr\u00e1cticas &#8211; Diez a\u00f1os de trayectoria y formaci\u00f3n profesional\u201d. El evento se desarrollar\u00e1 el pr\u00f3ximo 17 de septiembre de 2026, a partir de las 14:00 horas, en el Campus Universitario (Ruta Prov. N\u00ba 55 Ex. 148 Extremo Norte). El objetivo es conmemorar una d\u00e9cada de formaci\u00f3n y pr\u00e1ctica en esta disciplina, promoviendo el intercambio de conocimientos y experiencias.<\/p>\n<p>La organizaci\u00f3n del encuentro est\u00e1 a cargo de la Secretar\u00eda de Extensi\u00f3n Universitaria, con funciones de Vinculaci\u00f3n Social, en conjunto con la FCEJS y el Programa \u201cDe Quijotes y Sanchos\u201d. Participan activamente la Comisi\u00f3n de Discapacidad, Accesibilidad y Apoyo (FCEJS) y la Fundaci\u00f3n Valduvieco.<\/p>\n<p style=\"text-align: center;\"><span style=\"font-size: 29px;\"><a href=\"https:\/\/forms.gle\/mzjCjQXSBfFCbM2u8\">ENLACE DE INSCRIPCI\u00d3N<\/a><\/span><\/p>\n<p>La jornada iniciar\u00e1 a las 14:00 horas con la apertura y, posteriormente, se realizar\u00e1 la entrega de reconocimientos a organizaciones y centros de pr\u00e1ctica, coordinada por la Esp. Mariela De Marco, TUAT Araceli Holzer y TUAT Cinthia Alaniz. A las 15:00 horas, se abordar\u00e1 la producci\u00f3n acad\u00e9mica y la socializaci\u00f3n del saber con presentaciones de libros a cargo de los Lic. Lucio Pierini, Lic. Sergio Suarez Sard\u00f3n y el Dr. Eduardo Fabian Cossi, bajo la coordinaci\u00f3n de la Dra. Alejandra M\u00e1rquez y la Esp. Gast\u00f3n G. Ortubia.<\/p>\n<p>A las 17:00 horas se llevar\u00e1 a cabo el taller \u201cEl arte como herramienta terap\u00e9utica\u201d, dictado por las docentes Virginia Diaz y Laura Elgueta. A las 18:00 horas, se desarrollar\u00e1 la mesa de egresadas y egresados bajo la tem\u00e1tica &#8220;Trayectorias e Identidad Profesional&#8221;, con la participaci\u00f3n de TUAT. Cuevas, Abigail Tamar; TUAT. Rosales, Gabriela Soledad; TUAT. Luna, Ayelen, TUAT Florencia Alaniz; TUAT. Molina Fuentes, Florencia; TUAT. Pino, Gabriela Ver\u00f3nica; TUAT. Leyes, Carlos Agustin; y TUAT. Banffi, Karina Alejandra, con la coordinaci\u00f3n de la A.T. Bel\u00e9n Coria.<\/p>\n<p>El encuentro culminar\u00e1 a las 19:30 horas con el descubrimiento de una placa conmemorativa, coordinado por Sidiu, y el descubrimiento de un mural, coordinado por la Lic. Mar\u00eda Concepci\u00f3n Salas. Paralelamente, se emitir\u00e1 el programa \u201cDe Quijotes y Sanchos\u201d de Radio de la UNSL-Villa Mercedes y la Red de Radios Comunitarias (Farco Argentina), coordinado por la Tec. Nancy Godoy. Se presentar\u00e1 una exposici\u00f3n de producciones realizadas por estudiantes de TUAT y se colocar\u00e1n pictogramas en el campus universitario, iniciativas coordinadas por la Comisi\u00f3n de Discapacidad, Accesibilidad y Apoyo (FCEJS) y la Fundaci\u00f3n Valduvieco.<\/p>\n<p>&nbsp;<\/p>\n","protected":false},"excerpt":{"rendered":"<p>La Facultad de Ciencias Econ\u00f3micas, Jur\u00eddicas y Sociales (FCEJS) convoca a la comunidad acad\u00e9mica y a profesionales al Encuentro de Acompa\u00f1amiento Terap\u00e9utico \u201cVoces, saberes y&hellip;<\/p>\n","protected":false},"author":13,"featured_media":25902,"comment_status":"closed","ping_status":"closed","sticky":false,"template":"","format":"standard","meta":{"om_disable_all_campaigns":false,"_monsterinsights_skip_tracking":false,"_customify_content_layout":"","_customify_sidebar":"","_customify_page_header_display":"default","_customify_disable_header":"","_customify_disable_header_top":"","_customify_disable_header_main":"","_customify_disable_header_bottom":"","_customify_disable_page_title":"","_customify_disable_content_vertical_padding":"","_customify_disable_footer_top":"","_customify_disable_footer_main":"","_customify_disable_footer_bottom":"","_customify_breadcrumb_display":"","_customify_header_transparent_display":"default","footnotes":""},"categories":[1,19],"tags":[],"class_list":["post-25900","post","type-post","status-publish","format-standard","has-post-thumbnail","hentry","category-noticias","category-principal"],"yoast_head":"<!-- This site is optimized with the Yoast SEO plugin v28.3 - https:\/\/yoast.com\/product\/yoast-seo-wordpress\/ -->\n<title>Encuentro por los diez a\u00f1os de trayectoria en Acompa\u00f1amiento Terap\u00e9utico\u00a0 - Facultad de Ciencias Econ\u00f3micas, Jur\u00ed\u00addicas y Sociales<\/title>\n<meta name=\"robots\" content=\"index, follow, max-snippet:-1, max-image-preview:large, max-video-preview:-1\" \/>\n<link rel=\"canonical\" href=\"https:\/\/www.fcejs.unsl.edu.ar\/index.php\/encuentro-por-los-diez-anos-de-trayectoria-en-acompanamiento-terapeutico\/\" \/>\n<meta property=\"og:locale\" content=\"es_ES\" \/>\n<meta property=\"og:type\" content=\"article\" \/>\n<meta property=\"og:title\" content=\"Encuentro por los diez a\u00f1os de trayectoria en Acompa\u00f1amiento Terap\u00e9utico\u00a0 - Facultad de Ciencias Econ\u00f3micas, Jur\u00ed\u00addicas y Sociales\" \/>\n<meta property=\"og:description\" content=\"La Facultad de Ciencias Econ\u00f3micas, Jur\u00eddicas y Sociales (FCEJS) convoca a la comunidad acad\u00e9mica y a profesionales al Encuentro de Acompa\u00f1amiento Terap\u00e9utico \u201cVoces, saberes y&hellip;\" \/>\n<meta property=\"og:url\" content=\"https:\/\/www.fcejs.unsl.edu.ar\/index.php\/encuentro-por-los-diez-anos-de-trayectoria-en-acompanamiento-terapeutico\/\" \/>\n<meta property=\"og:site_name\" content=\"Facultad de Ciencias Econ\u00f3micas, Jur\u00ed\u00addicas y Sociales\" \/>\n<meta property=\"article:publisher\" content=\"https:\/\/www.facebook.com\/FCEJS.UNSL\/\" \/>\n<meta property=\"article:published_time\" content=\"2026-09-03T11:34:48+00:00\" \/>\n<meta property=\"article:modified_time\" content=\"2026-09-03T12:35:55+00:00\" \/>\n<meta property=\"og:image\" content=\"https:\/\/www.fcejs.unsl.edu.ar\/wp-content\/uploads\/2026\/09\/placa-web-encuentro-AT.jpg\" \/>\n\t<meta property=\"og:image:width\" content=\"1153\" \/>\n\t<meta property=\"og:image:height\" content=\"648\" \/>\n\t<meta property=\"og:image:type\" content=\"image\/jpeg\" \/>\n<meta name=\"author\" content=\"Matias Videla\" \/>\n<meta name=\"twitter:card\" content=\"summary_large_image\" \/>\n<meta name=\"twitter:creator\" content=\"@FCEJSUNSL\" \/>\n<meta name=\"twitter:site\" content=\"@FCEJSUNSL\" \/>\n<meta name=\"twitter:label1\" content=\"Escrito por\" \/>\n\t<meta name=\"twitter:data1\" content=\"Matias Videla\" \/>\n\t<meta name=\"twitter:label2\" content=\"Tiempo de lectura\" \/>\n\t<meta name=\"twitter:data2\" content=\"3 minutos\" \/>\n<script type=\"application\/ld+json\" class=\"yoast-schema-graph\">{\"@context\":\"https:\\\/\\\/schema.org\",\"@graph\":[{\"@type\":\"Article\",\"@id\":\"https:\\\/\\\/www.fcejs.unsl.edu.ar\\\/index.php\\\/encuentro-por-los-diez-anos-de-trayectoria-en-acompanamiento-terapeutico\\\/#article\",\"isPartOf\":{\"@id\":\"https:\\\/\\\/www.fcejs.unsl.edu.ar\\\/index.php\\\/encuentro-por-los-diez-anos-de-trayectoria-en-acompanamiento-terapeutico\\\/\"},\"author\":{\"name\":\"Matias Videla\",\"@id\":\"https:\\\/\\\/www.fcejs.unsl.edu.ar\\\/#\\\/schema\\\/person\\\/c2cc0d213e1b2c7a7770ef32f65de25b\"},\"headline\":\"Encuentro por los diez a\u00f1os de trayectoria en Acompa\u00f1amiento Terap\u00e9utico\u00a0\",\"datePublished\":\"2026-09-03T11:34:48+00:00\",\"dateModified\":\"2026-09-03T12:35:55+00:00\",\"mainEntityOfPage\":{\"@id\":\"https:\\\/\\\/www.fcejs.unsl.edu.ar\\\/index.php\\\/encuentro-por-los-diez-anos-de-trayectoria-en-acompanamiento-terapeutico\\\/\"},\"wordCount\":440,\"publisher\":{\"@id\":\"https:\\\/\\\/www.fcejs.unsl.edu.ar\\\/#organization\"},\"image\":{\"@id\":\"https:\\\/\\\/www.fcejs.unsl.edu.ar\\\/index.php\\\/encuentro-por-los-diez-anos-de-trayectoria-en-acompanamiento-terapeutico\\\/#primaryimage\"},\"thumbnailUrl\":\"https:\\\/\\\/www.fcejs.unsl.edu.ar\\\/wp-content\\\/uploads\\\/2026\\\/09\\\/placa-web-encuentro-AT.jpg\",\"articleSection\":[\"Noticias\",\"Principal\"],\"inLanguage\":\"es-AR\"},{\"@type\":\"WebPage\",\"@id\":\"https:\\\/\\\/www.fcejs.unsl.edu.ar\\\/index.php\\\/encuentro-por-los-diez-anos-de-trayectoria-en-acompanamiento-terapeutico\\\/\",\"url\":\"https:\\\/\\\/www.fcejs.unsl.edu.ar\\\/index.php\\\/encuentro-por-los-diez-anos-de-trayectoria-en-acompanamiento-terapeutico\\\/\",\"name\":\"Encuentro por los diez a\u00f1os de trayectoria en Acompa\u00f1amiento Terap\u00e9utico\u00a0 - Facultad de Ciencias Econ\u00f3micas, Jur\u00ed\u00addicas y Sociales\",\"isPartOf\":{\"@id\":\"https:\\\/\\\/www.fcejs.unsl.edu.ar\\\/#website\"},\"primaryImageOfPage\":{\"@id\":\"https:\\\/\\\/www.fcejs.unsl.edu.ar\\\/index.php\\\/encuentro-por-los-diez-anos-de-trayectoria-en-acompanamiento-terapeutico\\\/#primaryimage\"},\"image\":{\"@id\":\"https:\\\/\\\/www.fcejs.unsl.edu.ar\\\/index.php\\\/encuentro-por-los-diez-anos-de-trayectoria-en-acompanamiento-terapeutico\\\/#primaryimage\"},\"thumbnailUrl\":\"https:\\\/\\\/www.fcejs.unsl.edu.ar\\\/wp-content\\\/uploads\\\/2026\\\/09\\\/placa-web-encuentro-AT.jpg\",\"datePublished\":\"2026-09-03T11:34:48+00:00\",\"dateModified\":\"2026-09-03T12:35:55+00:00\",\"breadcrumb\":{\"@id\":\"https:\\\/\\\/www.fcejs.unsl.edu.ar\\\/index.php\\\/encuentro-por-los-diez-anos-de-trayectoria-en-acompanamiento-terapeutico\\\/#breadcrumb\"},\"inLanguage\":\"es-AR\",\"potentialAction\":[{\"@type\":\"ReadAction\",\"target\":[\"https:\\\/\\\/www.fcejs.unsl.edu.ar\\\/index.php\\\/encuentro-por-los-diez-anos-de-trayectoria-en-acompanamiento-terapeutico\\\/\"]}]},{\"@type\":\"ImageObject\",\"inLanguage\":\"es-AR\",\"@id\":\"https:\\\/\\\/www.fcejs.unsl.edu.ar\\\/index.php\\\/encuentro-por-los-diez-anos-de-trayectoria-en-acompanamiento-terapeutico\\\/#primaryimage\",\"url\":\"https:\\\/\\\/www.fcejs.unsl.edu.ar\\\/wp-content\\\/uploads\\\/2026\\\/09\\\/placa-web-encuentro-AT.jpg\",\"contentUrl\":\"https:\\\/\\\/www.fcejs.unsl.edu.ar\\\/wp-content\\\/uploads\\\/2026\\\/09\\\/placa-web-encuentro-AT.jpg\",\"width\":1153,\"height\":648},{\"@type\":\"BreadcrumbList\",\"@id\":\"https:\\\/\\\/www.fcejs.unsl.edu.ar\\\/index.php\\\/encuentro-por-los-diez-anos-de-trayectoria-en-acompanamiento-terapeutico\\\/#breadcrumb\",\"itemListElement\":[{\"@type\":\"ListItem\",\"position\":1,\"name\":\"Inicio\",\"item\":\"https:\\\/\\\/www.fcejs.unsl.edu.ar\\\/\"},{\"@type\":\"ListItem\",\"position\":2,\"name\":\"Encuentro por los diez a\u00f1os de trayectoria en Acompa\u00f1amiento Terap\u00e9utico\u00a0\"}]},{\"@type\":\"WebSite\",\"@id\":\"https:\\\/\\\/www.fcejs.unsl.edu.ar\\\/#website\",\"url\":\"https:\\\/\\\/www.fcejs.unsl.edu.ar\\\/\",\"name\":\"Facultad de Ciencias Econ\u00f3micas, Jur\u00ed\u00addicas y Sociales\",\"description\":\"\",\"publisher\":{\"@id\":\"https:\\\/\\\/www.fcejs.unsl.edu.ar\\\/#organization\"},\"potentialAction\":[{\"@type\":\"SearchAction\",\"target\":{\"@type\":\"EntryPoint\",\"urlTemplate\":\"https:\\\/\\\/www.fcejs.unsl.edu.ar\\\/?s={search_term_string}\"},\"query-input\":{\"@type\":\"PropertyValueSpecification\",\"valueRequired\":true,\"valueName\":\"search_term_string\"}}],\"inLanguage\":\"es-AR\"},{\"@type\":\"Organization\",\"@id\":\"https:\\\/\\\/www.fcejs.unsl.edu.ar\\\/#organization\",\"name\":\"Facultad de Ciencias Econ\u00f3micas, Jur\u00eddicas y Sociales\",\"url\":\"https:\\\/\\\/www.fcejs.unsl.edu.ar\\\/\",\"logo\":{\"@type\":\"ImageObject\",\"inLanguage\":\"es-AR\",\"@id\":\"https:\\\/\\\/www.fcejs.unsl.edu.ar\\\/#\\\/schema\\\/logo\\\/image\\\/\",\"url\":\"https:\\\/\\\/www.fcejs.unsl.edu.ar\\\/wp-content\\\/uploads\\\/2021\\\/03\\\/logo-1.jpg\",\"contentUrl\":\"https:\\\/\\\/www.fcejs.unsl.edu.ar\\\/wp-content\\\/uploads\\\/2021\\\/03\\\/logo-1.jpg\",\"width\":471,\"height\":146,\"caption\":\"Facultad de Ciencias Econ\u00f3micas, Jur\u00eddicas y Sociales\"},\"image\":{\"@id\":\"https:\\\/\\\/www.fcejs.unsl.edu.ar\\\/#\\\/schema\\\/logo\\\/image\\\/\"},\"sameAs\":[\"https:\\\/\\\/www.facebook.com\\\/FCEJS.UNSL\\\/\",\"https:\\\/\\\/x.com\\\/FCEJSUNSL\",\"https:\\\/\\\/www.instagram.com\\\/fcejs.unsl\\\/\",\"https:\\\/\\\/www.youtube.com\\\/channel\\\/UCH-Ut6EaN_X5ogjIQMPe46g\\\/\"]},{\"@type\":\"Person\",\"@id\":\"https:\\\/\\\/www.fcejs.unsl.edu.ar\\\/#\\\/schema\\\/person\\\/c2cc0d213e1b2c7a7770ef32f65de25b\",\"name\":\"Matias Videla\"}]}<\/script>\n<!-- \/ Yoast SEO plugin. -->","yoast_head_json":{"title":"Encuentro por los diez a\u00f1os de trayectoria en Acompa\u00f1amiento Terap\u00e9utico\u00a0 - Facultad de Ciencias Econ\u00f3micas, Jur\u00ed\u00addicas y Sociales","robots":{"index":"index","follow":"follow","max-snippet":"max-snippet:-1","max-image-preview":"max-image-preview:large","max-video-preview":"max-video-preview:-1"},"canonical":"https:\/\/www.fcejs.unsl.edu.ar\/index.php\/encuentro-por-los-diez-anos-de-trayectoria-en-acompanamiento-terapeutico\/","og_locale":"es_ES","og_type":"article","og_title":"Encuentro por los diez a\u00f1os de trayectoria en Acompa\u00f1amiento Terap\u00e9utico\u00a0 - Facultad de Ciencias Econ\u00f3micas, Jur\u00ed\u00addicas y Sociales","og_description":"La Facultad de Ciencias Econ\u00f3micas, Jur\u00eddicas y Sociales (FCEJS) convoca a la comunidad acad\u00e9mica y a profesionales al Encuentro de Acompa\u00f1amiento Terap\u00e9utico \u201cVoces, saberes y&hellip;","og_url":"https:\/\/www.fcejs.unsl.edu.ar\/index.php\/encuentro-por-los-diez-anos-de-trayectoria-en-acompanamiento-terapeutico\/","og_site_name":"Facultad de Ciencias Econ\u00f3micas, Jur\u00ed\u00addicas y Sociales","article_publisher":"https:\/\/www.facebook.com\/FCEJS.UNSL\/","article_published_time":"2026-09-03T11:34:48+00:00","article_modified_time":"2026-09-03T12:35:55+00:00","og_image":[{"width":1153,"height":648,"url":"https:\/\/www.fcejs.unsl.edu.ar\/wp-content\/uploads\/2026\/09\/placa-web-encuentro-AT.jpg","type":"image\/jpeg"}],"author":"Matias Videla","twitter_card":"summary_large_image","twitter_creator":"@FCEJSUNSL","twitter_site":"@FCEJSUNSL","twitter_misc":{"Escrito por":"Matias Videla","Tiempo de lectura":"3 minutos"},"schema":{"@context":"https:\/\/schema.org","@graph":[{"@type":"Article","@id":"https:\/\/www.fcejs.unsl.edu.ar\/index.php\/encuentro-por-los-diez-anos-de-trayectoria-en-acompanamiento-terapeutico\/#article","isPartOf":{"@id":"https:\/\/www.fcejs.unsl.edu.ar\/index.php\/encuentro-por-los-diez-anos-de-trayectoria-en-acompanamiento-terapeutico\/"},"author":{"name":"Matias Videla","@id":"https:\/\/www.fcejs.unsl.edu.ar\/#\/schema\/person\/c2cc0d213e1b2c7a7770ef32f65de25b"},"headline":"Encuentro por los diez a\u00f1os de trayectoria en Acompa\u00f1amiento Terap\u00e9utico\u00a0","datePublished":"2026-09-03T11:34:48+00:00","dateModified":"2026-09-03T12:35:55+00:00","mainEntityOfPage":{"@id":"https:\/\/www.fcejs.unsl.edu.ar\/index.php\/encuentro-por-los-diez-anos-de-trayectoria-en-acompanamiento-terapeutico\/"},"wordCount":440,"publisher":{"@id":"https:\/\/www.fcejs.unsl.edu.ar\/#organization"},"image":{"@id":"https:\/\/www.fcejs.unsl.edu.ar\/index.php\/encuentro-por-los-diez-anos-de-trayectoria-en-acompanamiento-terapeutico\/#primaryimage"},"thumbnailUrl":"https:\/\/www.fcejs.unsl.edu.ar\/wp-content\/uploads\/2026\/09\/placa-web-encuentro-AT.jpg","articleSection":["Noticias","Principal"],"inLanguage":"es-AR"},{"@type":"WebPage","@id":"https:\/\/www.fcejs.unsl.edu.ar\/index.php\/encuentro-por-los-diez-anos-de-trayectoria-en-acompanamiento-terapeutico\/","url":"https:\/\/www.fcejs.unsl.edu.ar\/index.php\/encuentro-por-los-diez-anos-de-trayectoria-en-acompanamiento-terapeutico\/","name":"Encuentro por los diez a\u00f1os de trayectoria en Acompa\u00f1amiento Terap\u00e9utico\u00a0 - Facultad de Ciencias Econ\u00f3micas, Jur\u00ed\u00addicas y Sociales","isPartOf":{"@id":"https:\/\/www.fcejs.unsl.edu.ar\/#website"},"primaryImageOfPage":{"@id":"https:\/\/www.fcejs.unsl.edu.ar\/index.php\/encuentro-por-los-diez-anos-de-trayectoria-en-acompanamiento-terapeutico\/#primaryimage"},"image":{"@id":"https:\/\/www.fcejs.unsl.edu.ar\/index.php\/encuentro-por-los-diez-anos-de-trayectoria-en-acompanamiento-terapeutico\/#primaryimage"},"thumbnailUrl":"https:\/\/www.fcejs.unsl.edu.ar\/wp-content\/uploads\/2026\/09\/placa-web-encuentro-AT.jpg","datePublished":"2026-09-03T11:34:48+00:00","dateModified":"2026-09-03T12:35:55+00:00","breadcrumb":{"@id":"https:\/\/www.fcejs.unsl.edu.ar\/index.php\/encuentro-por-los-diez-anos-de-trayectoria-en-acompanamiento-terapeutico\/#breadcrumb"},"inLanguage":"es-AR","potentialAction":[{"@type":"ReadAction","target":["https:\/\/www.fcejs.unsl.edu.ar\/index.php\/encuentro-por-los-diez-anos-de-trayectoria-en-acompanamiento-terapeutico\/"]}]},{"@type":"ImageObject","inLanguage":"es-AR","@id":"https:\/\/www.fcejs.unsl.edu.ar\/index.php\/encuentro-por-los-diez-anos-de-trayectoria-en-acompanamiento-terapeutico\/#primaryimage","url":"https:\/\/www.fcejs.unsl.edu.ar\/wp-content\/uploads\/2026\/09\/placa-web-encuentro-AT.jpg","contentUrl":"https:\/\/www.fcejs.unsl.edu.ar\/wp-content\/uploads\/2026\/09\/placa-web-encuentro-AT.jpg","width":1153,"height":648},{"@type":"BreadcrumbList","@id":"https:\/\/www.fcejs.unsl.edu.ar\/index.php\/encuentro-por-los-diez-anos-de-trayectoria-en-acompanamiento-terapeutico\/#breadcrumb","itemListElement":[{"@type":"ListItem","position":1,"name":"Inicio","item":"https:\/\/www.fcejs.unsl.edu.ar\/"},{"@type":"ListItem","position":2,"name":"Encuentro por los diez a\u00f1os de trayectoria en Acompa\u00f1amiento Terap\u00e9utico\u00a0"}]},{"@type":"WebSite","@id":"https:\/\/www.fcejs.unsl.edu.ar\/#website","url":"https:\/\/www.fcejs.unsl.edu.ar\/","name":"Facultad de Ciencias Econ\u00f3micas, Jur\u00ed\u00addicas y Sociales","description":"","publisher":{"@id":"https:\/\/www.fcejs.unsl.edu.ar\/#organization"},"potentialAction":[{"@type":"SearchAction","target":{"@type":"EntryPoint","urlTemplate":"https:\/\/www.fcejs.unsl.edu.ar\/?s={search_term_string}"},"query-input":{"@type":"PropertyValueSpecification","valueRequired":true,"valueName":"search_term_string"}}],"inLanguage":"es-AR"},{"@type":"Organization","@id":"https:\/\/www.fcejs.unsl.edu.ar\/#organization","name":"Facultad de Ciencias Econ\u00f3micas, Jur\u00eddicas y Sociales","url":"https:\/\/www.fcejs.unsl.edu.ar\/","logo":{"@type":"ImageObject","inLanguage":"es-AR","@id":"https:\/\/www.fcejs.unsl.edu.ar\/#\/schema\/logo\/image\/","url":"https:\/\/www.fcejs.unsl.edu.ar\/wp-content\/uploads\/2021\/03\/logo-1.jpg","contentUrl":"https:\/\/www.fcejs.unsl.edu.ar\/wp-content\/uploads\/2021\/03\/logo-1.jpg","width":471,"height":146,"caption":"Facultad de Ciencias Econ\u00f3micas, Jur\u00eddicas y Sociales"},"image":{"@id":"https:\/\/www.fcejs.unsl.edu.ar\/#\/schema\/logo\/image\/"},"sameAs":["https:\/\/www.facebook.com\/FCEJS.UNSL\/","https:\/\/x.com\/FCEJSUNSL","https:\/\/www.instagram.com\/fcejs.unsl\/","https:\/\/www.youtube.com\/channel\/UCH-Ut6EaN_X5ogjIQMPe46g\/"]},{"@type":"Person","@id":"https:\/\/www.fcejs.unsl.edu.ar\/#\/schema\/person\/c2cc0d213e1b2c7a7770ef32f65de25b","name":"Matias Videla"}]}},"jetpack_featured_media_url":"https:\/\/www.fcejs.unsl.edu.ar\/wp-content\/uploads\/2026\/09\/placa-web-encuentro-AT.jpg","_links":{"self":[{"href":"https:\/\/www.fcejs.unsl.edu.ar\/index.php\/wp-json\/wp\/v2\/posts\/25900","targetHints":{"allow":["GET"]}}],"collection":[{"href":"https:\/\/www.fcejs.unsl.edu.ar\/index.php\/wp-json\/wp\/v2\/posts"}],"about":[{"href":"https:\/\/www.fcejs.unsl.edu.ar\/index.php\/wp-json\/wp\/v2\/types\/post"}],"author":[{"embeddable":true,"href":"https:\/\/www.fcejs.unsl.edu.ar\/index.php\/wp-json\/wp\/v2\/users\/13"}],"replies":[{"embeddable":true,"href":"https:\/\/www.fcejs.unsl.edu.ar\/index.php\/wp-json\/wp\/v2\/comments?post=25900"}],"version-history":[{"count":2,"href":"https:\/\/www.fcejs.unsl.edu.ar\/index.php\/wp-json\/wp\/v2\/posts\/25900\/revisions"}],"predecessor-version":[{"id":25903,"href":"https:\/\/www.fcejs.unsl.edu.ar\/index.php\/wp-json\/wp\/v2\/posts\/25900\/revisions\/25903"}],"wp:featuredmedia":[{"embeddable":true,"href":"https:\/\/www.fcejs.unsl.edu.ar\/index.php\/wp-json\/wp\/v2\/media\/25902"}],"wp:attachment":[{"href":"https:\/\/www.fcejs.unsl.edu.ar\/index.php\/wp-json\/wp\/v2\/media?parent=25900"}],"wp:term":[{"taxonomy":"category","embeddable":true,"href":"https:\/\/www.fcejs.unsl.edu.ar\/index.php\/wp-json\/wp\/v2\/categories?post=25900"},{"taxonomy":"post_tag","embeddable":true,"href":"https:\/\/www.fcejs.unsl.edu.ar\/index.php\/wp-json\/wp\/v2\/tags?post=25900"}],"curies":[{"name":"wp","href":"https:\/\/api.w.org\/{rel}","templated":true}]}}