{"id":25828,"date":"2026-08-31T11:16:27","date_gmt":"2026-08-31T14:16:27","guid":{"rendered":"https:\/\/www.fcejs.unsl.edu.ar\/?p=25828"},"modified":"2026-08-31T14:27:40","modified_gmt":"2026-08-31T17:27:40","slug":"la-fcejs-impulso-un-espacio-de-dialogo-sobre-inteligencia-artificial-y-desarrollo","status":"publish","type":"post","link":"https:\/\/www.fcejs.unsl.edu.ar\/index.php\/la-fcejs-impulso-un-espacio-de-dialogo-sobre-inteligencia-artificial-y-desarrollo\/","title":{"rendered":"La FCEJS impuls\u00f3 un espacio de di\u00e1logo sobre inteligencia artificial y desarrollo"},"content":{"rendered":"<p>El pasado 27 de agosto se realiz\u00f3 en Villa Mercedes el <strong>Primer Encuentro Provincial sobre Inteligencia Artificial, Trabajo y Producci\u00f3n<\/strong>, organizado por la Facultad de Ciencias Econ\u00f3micas, Jur\u00eddicas y Sociales de la Universidad Nacional de San Luis (UNSL), a trav\u00e9s de la Unidad de Gesti\u00f3n de Programas Especiales (UGPE), junto a distintas instituciones y organizaciones.<\/p>\n<p>La mesa acad\u00e9mica estuvo constituida por representantes de las instituciones y organismos que participaron de la organizaci\u00f3n del encuentro: el Rector de la UNSL, Dr. Ra\u00fal Gil; el Decano de la FCEJS, H\u00e9ctor Flores, el presidente Centro de Asistencia al Trabajo San Luis (CEATRA), Luis Armesto, el Gerente del Sector Publico Banco Hipotecario: Mgter. Nicolas Zaia y la Lic. M\u00f3nica Sladogna, en representaci\u00f3n de la Fundaci\u00f3n Friedrich Ebert Argentina. El acto de apertura cont\u00f3 con la presencia de la vicedecana de la FCEJS; el decano de la Facultad de Ingenier\u00eda y Ciencias Agropecuarias (FICA), Dr. Federico Serra, autoridades y docentes de ambas facultades, adem\u00e1s de representantes de las instituciones organizadoras.<\/p>\n<p>Durante el encuentro se desarrollaron una conferencia central y tres paneles tem\u00e1ticos vinculados con la inclusi\u00f3n, la accesibilidad, la producci\u00f3n, la innovaci\u00f3n, el trabajo y las relaciones laborales. Adem\u00e1s, se gener\u00f3 una instancia de construcci\u00f3n colectiva destinada a reunir aportes para una agenda provincial sobre inteligencia artificial, trabajo y producci\u00f3n. En este sentido, la coordinadora de la UGPE, Prof. Diana Caviedes Garraza, destac\u00f3 que uno de los principales prop\u00f3sitos fue que \u201centre todos, opinemos o no igual, podamos construir una alternativa o una propuesta acerca de lo que significa el uso responsable y \u00e9tico de esta herramienta\u201d.<\/p>\n<style type=\"text\/css\">\n#foogallery-gallery-25830 .fg-image { width: 270px; }\n#foogallery-gallery-25830 { --fg-gutter: 10px; }<\/style>\n\t\t\t<div class=\"foogallery foogallery-container foogallery-default foogallery-lightbox-foogallery fg-center fg-default fg-ready fg-light fg-shadow-medium fg-loading-default fg-loaded-fade-in fg-preset fg-brad fg-preset-small fg-preset fg-brad fg-preset-small\" id=\"foogallery-gallery-25830\" data-foogallery=\"{&quot;panel&quot;:{&quot;buttons&quot;:{&quot;download&quot;:false}},&quot;item&quot;:{&quot;showCaptionTitle&quot;:true,&quot;showCaptionDescription&quot;:true},&quot;lazy&quot;:true,&quot;src&quot;:&quot;src&quot;,&quot;srcset&quot;:&quot;srcset&quot;}\" data-foogallery-lightbox=\"{&quot;thumbs&quot;:&quot;bottom&quot;,&quot;thumbsCaptions&quot;:false,&quot;thumbsBestFit&quot;:false,&quot;thumbsSmall&quot;:false,&quot;thumbsCaptionsAlign&quot;:&quot;default&quot;,&quot;info&quot;:&quot;bottom&quot;,&quot;infoVisible&quot;:true,&quot;infoOverlay&quot;:true,&quot;infoAlign&quot;:&quot;default&quot;,&quot;transition&quot;:&quot;fade&quot;,&quot;hoverButtons&quot;:false,&quot;fitMedia&quot;:false,&quot;noScrollbars&quot;:true,&quot;preserveButtonSpace&quot;:true,&quot;buttons&quot;:{&quot;fullscreen&quot;:true,&quot;info&quot;:true,&quot;thumbs&quot;:false,&quot;download&quot;:false},&quot;video&quot;:{&quot;autoPlay&quot;:true}}\" style=\"--fg-title-line-clamp: 1; --fg-description-line-clamp: 2;\" >\n\t<div class=\"fg-item fg-type-image fg-loading\"><figure class=\"fg-item-inner\"><a href=\"https:\/\/www.fcejs.unsl.edu.ar\/wp-content\/uploads\/2026\/08\/Primer-Encuentro-Provincial-Inteligencia-Artificial-Trabajo-y-Produccion-37.jpg\" data-attachment-id=\"25831\" data-e-disable-page-transition=\"true\" data-type=\"image\" class=\"fg-thumb\"><span class=\"fg-image-wrap\"><img loading=\"lazy\" src=\"https:\/\/www.fcejs.unsl.edu.ar\/wp-content\/uploads\/cache\/2026\/08\/Primer-Encuentro-Provincial-Inteligencia-Artificial-Trabajo-y-Produccion-37\/4090199135.jpg\" width=\"270\" height=\"230\" class=\"skip-lazy fg-image\" decoding=\"async\" loading=\"lazy\"><\/span><span class=\"fg-image-overlay\"><\/span><\/a><\/figure><div class=\"fg-loader\"><\/div><\/div><div class=\"fg-item fg-type-image fg-loading\"><figure class=\"fg-item-inner\"><a href=\"https:\/\/www.fcejs.unsl.edu.ar\/wp-content\/uploads\/2026\/08\/Primer-Encuentro-Provincial-Inteligencia-Artificial-Trabajo-y-Produccion-27.jpg\" data-attachment-id=\"25832\" data-e-disable-page-transition=\"true\" data-type=\"image\" class=\"fg-thumb\"><span class=\"fg-image-wrap\"><img loading=\"lazy\" src=\"https:\/\/www.fcejs.unsl.edu.ar\/wp-content\/uploads\/cache\/2026\/08\/Primer-Encuentro-Provincial-Inteligencia-Artificial-Trabajo-y-Produccion-27\/2924858241.jpg\" width=\"270\" height=\"230\" class=\"skip-lazy fg-image\" decoding=\"async\" loading=\"lazy\"><\/span><span class=\"fg-image-overlay\"><\/span><\/a><\/figure><div class=\"fg-loader\"><\/div><\/div><\/div>\n\n<p><strong>La jornada tambi\u00e9n permiti\u00f3 avanzar en acciones de vinculaci\u00f3n institucional.<\/strong> En ese marco, la Universidad Nacional de San Luis y el Banco Hipotecario suscribieron un convenio marco de colaboraci\u00f3n y un acta complementaria con la Facultad de Ciencias Econ\u00f3micas, Jur\u00eddicas y Sociales, orientados al desarrollo de acciones conjuntas de formaci\u00f3n, innovaci\u00f3n y fortalecimiento territorial. Para Caviedes Garraza, este acuerdo permitir\u00e1 \u201cgenerar instancias de capacitaci\u00f3n y fortalecimiento de los municipios\u201d a trav\u00e9s de acciones articuladas entre ambas instituciones.<\/p>\n<p>Por su parte, el rector de la UNSL, Dr. Ra\u00fal Gil, resalt\u00f3 la importancia de que la Universidad participe activamente en el debate sobre las transformaciones que atraviesan a la sociedad. \u201cLa inteligencia artificial y la tecnolog\u00eda en general nos atraviesan en todas las actividades que tenemos como individuos\u201d, se\u00f1al\u00f3, y sostuvo que es responsabilidad de la instituci\u00f3n \u201cestar por delante, traer este tema, estudiarlo, abordarlo y encontrar formas de que las personas puedan apropiarse de la tecnolog\u00eda\u201d. La propuesta plante\u00f3 as\u00ed un espacio de di\u00e1logo sobre una transformaci\u00f3n que, como afirm\u00f3 el Rector, \u201cya no es el futuro, sino que es el presente\u201d.<\/p>\n<p>Este encuentro fue organizado por la Facultad de Ciencias Econ\u00f3micas, Jur\u00eddicas y Sociales de la Universidad Nacional de San Luis (UNSL), a trav\u00e9s de la Unidad de Gesti\u00f3n de Programas Especiales (UGPE).<\/p>\n<p>El encuentro fue integrado por las siguientes actividades:<\/p>\n<p><strong>CONFERENCIA CENTRAL.\u00a0Inteligencia Artificial, Trabajo y Producci\u00f3n: desaf\u00edos para el desarrollo y la justicia social.<\/strong><\/p>\n<p>Disertante:<\/p>\n<ul>\n<li>Lic. M\u00f3nica Sladogna. Licenciada en Psicolog\u00eda por la Universidad J. F. Kennedy.\u00a0\u00a0Docente de la Universidad de Buenos Aires, en la Facultad de Ciencias Sociales,<\/li>\n<\/ul>\n<p><strong>PANEL 1: INTELIGENCIA ARTIFICIAL PARA UNA SOCIEDAD INCLUSIVA.<\/strong> Accesibilidad. Educaci\u00f3n. Derechos. \u00c9tica. Estado. Tecnolog\u00edas. \u00a0Pregunta central: \u00bfQu\u00e9 condiciones deben considerarse para que el desarrollo y el uso de la inteligencia artificial sean accesibles, \u00e9ticos y respetuosos de los derechos?<\/p>\n<p>Disertantes:<\/p>\n<ul>\n<li>Esp. Mariela E. Z\u00fa\u00f1iga, coordinadora del Programa Universidad y Discapacidad de la Universidad Nacional de San Luis<\/li>\n<li>Mgtr. Hugo Viano, profesor de Ense\u00f1anza Media y Superior en Computaci\u00f3n<\/li>\n<li>Ing. Ariel Savini, director de Articulaci\u00f3n de Tecnolog\u00edas de la Informaci\u00f3n de la Facultad de Ingenier\u00eda y Ciencias Agropecuarias de la UNSL<\/li>\n<\/ul>\n<p>&nbsp;<\/p>\n<p><strong>PANEL 2: INTELIGENCIA ARTIFICIAL, PRODUCCI\u00d3N E INNOVACI\u00d3N.\u00a0<\/strong>Industria. Pymes. Agro. Econom\u00eda del conocimiento. Casos concretos en San Luis.<\/p>\n<ul>\n<li>Mgter. Rodrigo Maranzana, jefe de Inteligencia Artificial y Ciencia de Datos del Banco Hipotecario<\/li>\n<li>Abog. Marcelino Insua (FCEJS), abogado y docente de la Facultad de Ciencias Econ\u00f3micas, Jur\u00eddicas y Sociales de la Universidad Nacional de San Luis.<\/li>\n<\/ul>\n<p>&nbsp;<\/p>\n<p><strong>PANEL 3: INTELIGENCIA ARTIFICIAL, TRABAJO Y RELACIONES LABORALES IMPACTO EN EL EMPLEO<\/strong>. Nuevas competencias. Derechos laborales. Negociaci\u00f3n colectiva. Capacitaci\u00f3n.<\/p>\n<ul>\n<li>Dra. Adela P\u00e9rez del Viso, jueza del Juzgado Laboral N.\u00ba 3 de la Primera Circunscripci\u00f3n Judicial de la Provincia de San Luis.<\/li>\n<li>Dr. Guillermo Bergia, profesor de Derecho Laboral y docente de Patrocinio Jur\u00eddico en la Facultad de Derecho y Ciencias Sociales de la Universidad Cat\u00f3lica de Cuyo.<\/li>\n<\/ul>\n<p><strong>MESA DE CONSTRUCCI\u00d3N COLECTIVA.\u00a0<\/strong>Puesta en com\u00fan de aportes de la conferencia y de los paneles<\/p>\n<p>Disertantes:<\/p>\n<ul>\n<li>Lic. Pamela Bianco, secretaria Acad\u00e9mica de la Facultad de Ciencias Econ\u00f3micas de la UNSL.<\/li>\n<li>Lic. Yalile Geraiges Magrini, integrante de la Unidad de Gesti\u00f3n de Programas Especiales de la Facultad de Ciencias Econ\u00f3micas, Jur\u00eddicas y Sociales de la Universidad Nacional de San Luis.<\/li>\n<\/ul>\n<p>&nbsp;<\/p>\n<style type=\"text\/css\">\n#foogallery-gallery-25834 .fg-image { width: 270px; }\n#foogallery-gallery-25834 { --fg-gutter: 10px; }<\/style>\n\t\t\t<div class=\"foogallery foogallery-container foogallery-default foogallery-lightbox-foogallery fg-center fg-default fg-ready fg-light fg-shadow-medium fg-loading-default fg-loaded-fade-in fg-preset fg-brad fg-preset-small fg-preset fg-brad fg-preset-small\" id=\"foogallery-gallery-25834\" data-foogallery=\"{&quot;panel&quot;:{&quot;buttons&quot;:{&quot;download&quot;:false}},&quot;item&quot;:{&quot;showCaptionTitle&quot;:true,&quot;showCaptionDescription&quot;:true},&quot;lazy&quot;:true,&quot;src&quot;:&quot;src&quot;,&quot;srcset&quot;:&quot;srcset&quot;}\" data-foogallery-lightbox=\"{&quot;thumbs&quot;:&quot;bottom&quot;,&quot;thumbsCaptions&quot;:false,&quot;thumbsBestFit&quot;:false,&quot;thumbsSmall&quot;:false,&quot;thumbsCaptionsAlign&quot;:&quot;default&quot;,&quot;info&quot;:&quot;bottom&quot;,&quot;infoVisible&quot;:true,&quot;infoOverlay&quot;:true,&quot;infoAlign&quot;:&quot;default&quot;,&quot;transition&quot;:&quot;fade&quot;,&quot;hoverButtons&quot;:false,&quot;fitMedia&quot;:false,&quot;noScrollbars&quot;:true,&quot;preserveButtonSpace&quot;:true,&quot;buttons&quot;:{&quot;fullscreen&quot;:true,&quot;info&quot;:true,&quot;thumbs&quot;:false,&quot;download&quot;:false},&quot;video&quot;:{&quot;autoPlay&quot;:true}}\" style=\"--fg-title-line-clamp: 1; --fg-description-line-clamp: 2;\" >\n\t<div class=\"fg-item fg-type-image fg-loading\"><figure class=\"fg-item-inner\"><a href=\"https:\/\/www.fcejs.unsl.edu.ar\/wp-content\/uploads\/2026\/08\/Primer-Encuentro-Provincial-Inteligencia-Artificial-Trabajo-y-Produccion-15.jpg\" data-attachment-id=\"25863\" data-e-disable-page-transition=\"true\" data-type=\"image\" class=\"fg-thumb\"><span class=\"fg-image-wrap\"><img loading=\"lazy\" src=\"https:\/\/www.fcejs.unsl.edu.ar\/wp-content\/uploads\/cache\/2026\/08\/Primer-Encuentro-Provincial-Inteligencia-Artificial-Trabajo-y-Produccion-15\/1404207859.jpg\" width=\"270\" height=\"230\" class=\"skip-lazy fg-image\" decoding=\"async\" loading=\"lazy\"><\/span><span class=\"fg-image-overlay\"><\/span><\/a><\/figure><div class=\"fg-loader\"><\/div><\/div><div class=\"fg-item fg-type-image fg-loading\"><figure class=\"fg-item-inner\"><a href=\"https:\/\/www.fcejs.unsl.edu.ar\/wp-content\/uploads\/2026\/08\/Primer-Encuentro-Provincial-Inteligencia-Artificial-Trabajo-y-Produccion-18.jpg\" data-attachment-id=\"25864\" data-e-disable-page-transition=\"true\" data-type=\"image\" class=\"fg-thumb\"><span class=\"fg-image-wrap\"><img loading=\"lazy\" src=\"https:\/\/www.fcejs.unsl.edu.ar\/wp-content\/uploads\/cache\/2026\/08\/Primer-Encuentro-Provincial-Inteligencia-Artificial-Trabajo-y-Produccion-18\/3524218028.jpg\" width=\"270\" height=\"230\" class=\"skip-lazy fg-image\" decoding=\"async\" loading=\"lazy\"><\/span><span class=\"fg-image-overlay\"><\/span><\/a><\/figure><div class=\"fg-loader\"><\/div><\/div><div class=\"fg-item fg-type-image fg-loading\"><figure class=\"fg-item-inner\"><a href=\"https:\/\/www.fcejs.unsl.edu.ar\/wp-content\/uploads\/2026\/08\/Primer-Encuentro-Provincial-Inteligencia-Artificial-Trabajo-y-Produccion-23.jpg\" data-attachment-id=\"25865\" data-e-disable-page-transition=\"true\" data-type=\"image\" class=\"fg-thumb\"><span class=\"fg-image-wrap\"><img loading=\"lazy\" src=\"https:\/\/www.fcejs.unsl.edu.ar\/wp-content\/uploads\/cache\/2026\/08\/Primer-Encuentro-Provincial-Inteligencia-Artificial-Trabajo-y-Produccion-23\/966520971.jpg\" width=\"270\" height=\"230\" class=\"skip-lazy fg-image\" decoding=\"async\" loading=\"lazy\"><\/span><span class=\"fg-image-overlay\"><\/span><\/a><\/figure><div class=\"fg-loader\"><\/div><\/div><div class=\"fg-item fg-type-image fg-loading\"><figure class=\"fg-item-inner\"><a href=\"https:\/\/www.fcejs.unsl.edu.ar\/wp-content\/uploads\/2026\/08\/Primer-Encuentro-Provincial-Inteligencia-Artificial-Trabajo-y-Produccion-30.jpg\" data-attachment-id=\"25866\" data-e-disable-page-transition=\"true\" data-type=\"image\" class=\"fg-thumb\"><span class=\"fg-image-wrap\"><img loading=\"lazy\" src=\"https:\/\/www.fcejs.unsl.edu.ar\/wp-content\/uploads\/cache\/2026\/08\/Primer-Encuentro-Provincial-Inteligencia-Artificial-Trabajo-y-Produccion-30\/3934929078.jpg\" width=\"270\" height=\"230\" class=\"skip-lazy fg-image\" decoding=\"async\" loading=\"lazy\"><\/span><span class=\"fg-image-overlay\"><\/span><\/a><\/figure><div class=\"fg-loader\"><\/div><\/div><div class=\"fg-item fg-type-image fg-loading\"><figure class=\"fg-item-inner\"><a href=\"https:\/\/www.fcejs.unsl.edu.ar\/wp-content\/uploads\/2026\/08\/Primer-Encuentro-Provincial-Inteligencia-Artificial-Trabajo-y-Produccion-31.jpg\" data-attachment-id=\"25867\" data-e-disable-page-transition=\"true\" data-type=\"image\" class=\"fg-thumb\"><span class=\"fg-image-wrap\"><img loading=\"lazy\" src=\"https:\/\/www.fcejs.unsl.edu.ar\/wp-content\/uploads\/cache\/2026\/08\/Primer-Encuentro-Provincial-Inteligencia-Artificial-Trabajo-y-Produccion-31\/2840845468.jpg\" width=\"270\" height=\"230\" class=\"skip-lazy fg-image\" decoding=\"async\" loading=\"lazy\"><\/span><span class=\"fg-image-overlay\"><\/span><\/a><\/figure><div class=\"fg-loader\"><\/div><\/div><div class=\"fg-item fg-type-image fg-loading\"><figure class=\"fg-item-inner\"><a href=\"https:\/\/www.fcejs.unsl.edu.ar\/wp-content\/uploads\/2026\/08\/Primer-Encuentro-Provincial-Inteligencia-Artificial-Trabajo-y-Produccion-35.jpg\" data-attachment-id=\"25868\" data-e-disable-page-transition=\"true\" data-type=\"image\" class=\"fg-thumb\"><span class=\"fg-image-wrap\"><img loading=\"lazy\" src=\"https:\/\/www.fcejs.unsl.edu.ar\/wp-content\/uploads\/cache\/2026\/08\/Primer-Encuentro-Provincial-Inteligencia-Artificial-Trabajo-y-Produccion-35\/2535193038.jpg\" width=\"270\" height=\"230\" class=\"skip-lazy fg-image\" decoding=\"async\" loading=\"lazy\"><\/span><span class=\"fg-image-overlay\"><\/span><\/a><\/figure><div class=\"fg-loader\"><\/div><\/div><div class=\"fg-item fg-type-image fg-loading\"><figure class=\"fg-item-inner\"><a href=\"https:\/\/www.fcejs.unsl.edu.ar\/wp-content\/uploads\/2026\/08\/Primer-Encuentro-Provincial-Inteligencia-Artificial-Trabajo-y-Produccion-38.jpg\" data-attachment-id=\"25869\" data-e-disable-page-transition=\"true\" data-type=\"image\" class=\"fg-thumb\"><span class=\"fg-image-wrap\"><img loading=\"lazy\" src=\"https:\/\/www.fcejs.unsl.edu.ar\/wp-content\/uploads\/cache\/2026\/08\/Primer-Encuentro-Provincial-Inteligencia-Artificial-Trabajo-y-Produccion-38\/2204987563.jpg\" width=\"270\" height=\"230\" class=\"skip-lazy fg-image\" decoding=\"async\" loading=\"lazy\"><\/span><span class=\"fg-image-overlay\"><\/span><\/a><\/figure><div class=\"fg-loader\"><\/div><\/div><div class=\"fg-item fg-type-image fg-loading\"><figure class=\"fg-item-inner\"><a href=\"https:\/\/www.fcejs.unsl.edu.ar\/wp-content\/uploads\/2026\/08\/Primer-Encuentro-Provincial-Inteligencia-Artificial-Trabajo-y-Produccion-39.jpg\" data-attachment-id=\"25870\" data-e-disable-page-transition=\"true\" data-type=\"image\" class=\"fg-thumb\"><span class=\"fg-image-wrap\"><img loading=\"lazy\" src=\"https:\/\/www.fcejs.unsl.edu.ar\/wp-content\/uploads\/cache\/2026\/08\/Primer-Encuentro-Provincial-Inteligencia-Artificial-Trabajo-y-Produccion-39\/2894928046.jpg\" width=\"270\" height=\"230\" class=\"skip-lazy fg-image\" decoding=\"async\" loading=\"lazy\"><\/span><span class=\"fg-image-overlay\"><\/span><\/a><\/figure><div class=\"fg-loader\"><\/div><\/div><div class=\"fg-item fg-type-image fg-loading\"><figure class=\"fg-item-inner\"><a href=\"https:\/\/www.fcejs.unsl.edu.ar\/wp-content\/uploads\/2026\/08\/Primer-Encuentro-Provincial-Inteligencia-Artificial-Trabajo-y-Produccion-40.jpg\" data-attachment-id=\"25871\" data-e-disable-page-transition=\"true\" data-type=\"image\" class=\"fg-thumb\"><span class=\"fg-image-wrap\"><img loading=\"lazy\" src=\"https:\/\/www.fcejs.unsl.edu.ar\/wp-content\/uploads\/cache\/2026\/08\/Primer-Encuentro-Provincial-Inteligencia-Artificial-Trabajo-y-Produccion-40\/1490088696.jpg\" width=\"270\" height=\"230\" class=\"skip-lazy fg-image\" decoding=\"async\" loading=\"lazy\"><\/span><span class=\"fg-image-overlay\"><\/span><\/a><\/figure><div class=\"fg-loader\"><\/div><\/div><div class=\"fg-item fg-type-image fg-loading\"><figure class=\"fg-item-inner\"><a href=\"https:\/\/www.fcejs.unsl.edu.ar\/wp-content\/uploads\/2026\/08\/Primer-Encuentro-Provincial-Inteligencia-Artificial-Trabajo-y-Produccion-47.jpg\" data-attachment-id=\"25873\" data-e-disable-page-transition=\"true\" data-type=\"image\" class=\"fg-thumb\"><span class=\"fg-image-wrap\"><img loading=\"lazy\" src=\"https:\/\/www.fcejs.unsl.edu.ar\/wp-content\/uploads\/cache\/2026\/08\/Primer-Encuentro-Provincial-Inteligencia-Artificial-Trabajo-y-Produccion-47\/2541995208.jpg\" width=\"270\" height=\"230\" class=\"skip-lazy fg-image\" decoding=\"async\" loading=\"lazy\"><\/span><span class=\"fg-image-overlay\"><\/span><\/a><\/figure><div class=\"fg-loader\"><\/div><\/div><div class=\"fg-item fg-type-image fg-loading\"><figure class=\"fg-item-inner\"><a href=\"https:\/\/www.fcejs.unsl.edu.ar\/wp-content\/uploads\/2026\/08\/Primer-Encuentro-Provincial-Inteligencia-Artificial-Trabajo-y-Produccion-49.jpg\" data-attachment-id=\"25836\" data-e-disable-page-transition=\"true\" data-type=\"image\" class=\"fg-thumb\"><span class=\"fg-image-wrap\"><img loading=\"lazy\" src=\"https:\/\/www.fcejs.unsl.edu.ar\/wp-content\/uploads\/cache\/2026\/08\/Primer-Encuentro-Provincial-Inteligencia-Artificial-Trabajo-y-Produccion-49\/3653840635.jpg\" width=\"270\" height=\"230\" class=\"skip-lazy fg-image\" decoding=\"async\" loading=\"lazy\"><\/span><span class=\"fg-image-overlay\"><\/span><\/a><\/figure><div class=\"fg-loader\"><\/div><\/div><div class=\"fg-item fg-type-image fg-loading\"><figure class=\"fg-item-inner\"><a href=\"https:\/\/www.fcejs.unsl.edu.ar\/wp-content\/uploads\/2026\/08\/Primer-Encuentro-Provincial-Inteligencia-Artificial-Trabajo-y-Produccion-53.jpg\" data-attachment-id=\"25862\" data-e-disable-page-transition=\"true\" data-type=\"image\" class=\"fg-thumb\"><span class=\"fg-image-wrap\"><img loading=\"lazy\" src=\"https:\/\/www.fcejs.unsl.edu.ar\/wp-content\/uploads\/cache\/2026\/08\/Primer-Encuentro-Provincial-Inteligencia-Artificial-Trabajo-y-Produccion-53\/1195525836.jpg\" width=\"270\" height=\"230\" class=\"skip-lazy fg-image\" decoding=\"async\" loading=\"lazy\"><\/span><span class=\"fg-image-overlay\"><\/span><\/a><\/figure><div class=\"fg-loader\"><\/div><\/div><div class=\"fg-item fg-type-image fg-loading\"><figure class=\"fg-item-inner\"><a href=\"https:\/\/www.fcejs.unsl.edu.ar\/wp-content\/uploads\/2026\/08\/Primer-Encuentro-Provincial-Inteligencia-Artificial-Trabajo-y-Produccion-54.jpg\" data-attachment-id=\"25837\" data-e-disable-page-transition=\"true\" data-type=\"image\" class=\"fg-thumb\"><span class=\"fg-image-wrap\"><img loading=\"lazy\" src=\"https:\/\/www.fcejs.unsl.edu.ar\/wp-content\/uploads\/cache\/2026\/08\/Primer-Encuentro-Provincial-Inteligencia-Artificial-Trabajo-y-Produccion-54\/3670324189.jpg\" width=\"270\" height=\"230\" class=\"skip-lazy fg-image\" decoding=\"async\" loading=\"lazy\"><\/span><span class=\"fg-image-overlay\"><\/span><\/a><\/figure><div class=\"fg-loader\"><\/div><\/div><div class=\"fg-item fg-type-image fg-loading\"><figure class=\"fg-item-inner\"><a href=\"https:\/\/www.fcejs.unsl.edu.ar\/wp-content\/uploads\/2026\/08\/Primer-Encuentro-Provincial-Inteligencia-Artificial-Trabajo-y-Produccion-56.jpg\" data-attachment-id=\"25838\" data-e-disable-page-transition=\"true\" data-type=\"image\" class=\"fg-thumb\"><span class=\"fg-image-wrap\"><img loading=\"lazy\" src=\"https:\/\/www.fcejs.unsl.edu.ar\/wp-content\/uploads\/cache\/2026\/08\/Primer-Encuentro-Provincial-Inteligencia-Artificial-Trabajo-y-Produccion-56\/585342728.jpg\" width=\"270\" height=\"230\" class=\"skip-lazy fg-image\" decoding=\"async\" loading=\"lazy\"><\/span><span class=\"fg-image-overlay\"><\/span><\/a><\/figure><div class=\"fg-loader\"><\/div><\/div><div class=\"fg-item fg-type-image fg-loading\"><figure class=\"fg-item-inner\"><a href=\"https:\/\/www.fcejs.unsl.edu.ar\/wp-content\/uploads\/2026\/08\/Primer-Encuentro-Provincial-Inteligencia-Artificial-Trabajo-y-Produccion-58.jpg\" data-attachment-id=\"25840\" data-e-disable-page-transition=\"true\" data-type=\"image\" class=\"fg-thumb\"><span class=\"fg-image-wrap\"><img loading=\"lazy\" src=\"https:\/\/www.fcejs.unsl.edu.ar\/wp-content\/uploads\/cache\/2026\/08\/Primer-Encuentro-Provincial-Inteligencia-Artificial-Trabajo-y-Produccion-58\/2647223264.jpg\" width=\"270\" height=\"230\" class=\"skip-lazy fg-image\" decoding=\"async\" loading=\"lazy\"><\/span><span class=\"fg-image-overlay\"><\/span><\/a><\/figure><div class=\"fg-loader\"><\/div><\/div><div class=\"fg-item fg-type-image fg-loading\"><figure class=\"fg-item-inner\"><a href=\"https:\/\/www.fcejs.unsl.edu.ar\/wp-content\/uploads\/2026\/08\/Primer-Encuentro-Provincial-Inteligencia-Artificial-Trabajo-y-Produccion-59.jpg\" data-attachment-id=\"25841\" data-e-disable-page-transition=\"true\" data-type=\"image\" class=\"fg-thumb\"><span class=\"fg-image-wrap\"><img loading=\"lazy\" src=\"https:\/\/www.fcejs.unsl.edu.ar\/wp-content\/uploads\/cache\/2026\/08\/Primer-Encuentro-Provincial-Inteligencia-Artificial-Trabajo-y-Produccion-59\/3725653962.jpg\" width=\"270\" height=\"230\" class=\"skip-lazy fg-image\" decoding=\"async\" loading=\"lazy\"><\/span><span class=\"fg-image-overlay\"><\/span><\/a><\/figure><div class=\"fg-loader\"><\/div><\/div><div class=\"fg-item fg-type-image fg-loading\"><figure class=\"fg-item-inner\"><a href=\"https:\/\/www.fcejs.unsl.edu.ar\/wp-content\/uploads\/2026\/08\/Primer-Encuentro-Provincial-Inteligencia-Artificial-Trabajo-y-Produccion-60.jpg\" data-attachment-id=\"25842\" data-e-disable-page-transition=\"true\" data-type=\"image\" class=\"fg-thumb\"><span class=\"fg-image-wrap\"><img loading=\"lazy\" src=\"https:\/\/www.fcejs.unsl.edu.ar\/wp-content\/uploads\/cache\/2026\/08\/Primer-Encuentro-Provincial-Inteligencia-Artificial-Trabajo-y-Produccion-60\/2989978553.jpg\" width=\"270\" height=\"230\" class=\"skip-lazy fg-image\" decoding=\"async\" loading=\"lazy\"><\/span><span class=\"fg-image-overlay\"><\/span><\/a><\/figure><div class=\"fg-loader\"><\/div><\/div><div class=\"fg-item fg-type-image fg-loading\"><figure class=\"fg-item-inner\"><a href=\"https:\/\/www.fcejs.unsl.edu.ar\/wp-content\/uploads\/2026\/08\/Primer-Encuentro-Provincial-Inteligencia-Artificial-Trabajo-y-Produccion-62.jpg\" data-attachment-id=\"25843\" data-e-disable-page-transition=\"true\" data-type=\"image\" class=\"fg-thumb\"><span class=\"fg-image-wrap\"><img loading=\"lazy\" src=\"https:\/\/www.fcejs.unsl.edu.ar\/wp-content\/uploads\/cache\/2026\/08\/Primer-Encuentro-Provincial-Inteligencia-Artificial-Trabajo-y-Produccion-62\/2137122928.jpg\" width=\"270\" height=\"230\" class=\"skip-lazy fg-image\" decoding=\"async\" loading=\"lazy\"><\/span><span class=\"fg-image-overlay\"><\/span><\/a><\/figure><div class=\"fg-loader\"><\/div><\/div><div class=\"fg-item fg-type-image fg-loading\"><figure class=\"fg-item-inner\"><a href=\"https:\/\/www.fcejs.unsl.edu.ar\/wp-content\/uploads\/2026\/08\/Primer-Encuentro-Provincial-Inteligencia-Artificial-Trabajo-y-Produccion-63.jpg\" data-attachment-id=\"25844\" data-e-disable-page-transition=\"true\" data-type=\"image\" class=\"fg-thumb\"><span class=\"fg-image-wrap\"><img loading=\"lazy\" src=\"https:\/\/www.fcejs.unsl.edu.ar\/wp-content\/uploads\/cache\/2026\/08\/Primer-Encuentro-Provincial-Inteligencia-Artificial-Trabajo-y-Produccion-63\/2842899296.jpg\" width=\"270\" height=\"230\" class=\"skip-lazy fg-image\" decoding=\"async\" loading=\"lazy\"><\/span><span class=\"fg-image-overlay\"><\/span><\/a><\/figure><div class=\"fg-loader\"><\/div><\/div><div class=\"fg-item fg-type-image fg-loading\"><figure class=\"fg-item-inner\"><a href=\"https:\/\/www.fcejs.unsl.edu.ar\/wp-content\/uploads\/2026\/08\/Primer-Encuentro-Provincial-Inteligencia-Artificial-Trabajo-y-Produccion-64.jpg\" data-attachment-id=\"25845\" data-e-disable-page-transition=\"true\" data-type=\"image\" class=\"fg-thumb\"><span class=\"fg-image-wrap\"><img loading=\"lazy\" src=\"https:\/\/www.fcejs.unsl.edu.ar\/wp-content\/uploads\/cache\/2026\/08\/Primer-Encuentro-Provincial-Inteligencia-Artificial-Trabajo-y-Produccion-64\/751150797.jpg\" width=\"270\" height=\"230\" class=\"skip-lazy fg-image\" decoding=\"async\" loading=\"lazy\"><\/span><span class=\"fg-image-overlay\"><\/span><\/a><\/figure><div class=\"fg-loader\"><\/div><\/div><div class=\"fg-item fg-type-image fg-loading\"><figure class=\"fg-item-inner\"><a href=\"https:\/\/www.fcejs.unsl.edu.ar\/wp-content\/uploads\/2026\/08\/Primer-Encuentro-Provincial-Inteligencia-Artificial-Trabajo-y-Produccion-67.jpg\" data-attachment-id=\"25846\" data-e-disable-page-transition=\"true\" data-type=\"image\" class=\"fg-thumb\"><span class=\"fg-image-wrap\"><img loading=\"lazy\" src=\"https:\/\/www.fcejs.unsl.edu.ar\/wp-content\/uploads\/cache\/2026\/08\/Primer-Encuentro-Provincial-Inteligencia-Artificial-Trabajo-y-Produccion-67\/3903783603.jpg\" width=\"270\" height=\"230\" class=\"skip-lazy fg-image\" decoding=\"async\" loading=\"lazy\"><\/span><span class=\"fg-image-overlay\"><\/span><\/a><\/figure><div class=\"fg-loader\"><\/div><\/div><div class=\"fg-item fg-type-image fg-loading\"><figure class=\"fg-item-inner\"><a href=\"https:\/\/www.fcejs.unsl.edu.ar\/wp-content\/uploads\/2026\/08\/Primer-Encuentro-Provincial-Inteligencia-Artificial-Trabajo-y-Produccion-69.jpg\" data-attachment-id=\"25847\" data-e-disable-page-transition=\"true\" data-type=\"image\" class=\"fg-thumb\"><span class=\"fg-image-wrap\"><img loading=\"lazy\" src=\"https:\/\/www.fcejs.unsl.edu.ar\/wp-content\/uploads\/cache\/2026\/08\/Primer-Encuentro-Provincial-Inteligencia-Artificial-Trabajo-y-Produccion-69\/1918274613.jpg\" width=\"270\" height=\"230\" class=\"skip-lazy fg-image\" decoding=\"async\" loading=\"lazy\"><\/span><span class=\"fg-image-overlay\"><\/span><\/a><\/figure><div class=\"fg-loader\"><\/div><\/div><div class=\"fg-item fg-type-image fg-loading\"><figure class=\"fg-item-inner\"><a href=\"https:\/\/www.fcejs.unsl.edu.ar\/wp-content\/uploads\/2026\/08\/Primer-Encuentro-Provincial-Inteligencia-Artificial-Trabajo-y-Produccion-71.jpg\" data-attachment-id=\"25848\" data-e-disable-page-transition=\"true\" data-type=\"image\" class=\"fg-thumb\"><span class=\"fg-image-wrap\"><img loading=\"lazy\" src=\"https:\/\/www.fcejs.unsl.edu.ar\/wp-content\/uploads\/cache\/2026\/08\/Primer-Encuentro-Provincial-Inteligencia-Artificial-Trabajo-y-Produccion-71\/214607979.jpg\" width=\"270\" height=\"230\" class=\"skip-lazy fg-image\" decoding=\"async\" loading=\"lazy\"><\/span><span class=\"fg-image-overlay\"><\/span><\/a><\/figure><div class=\"fg-loader\"><\/div><\/div><div class=\"fg-item fg-type-image fg-loading\"><figure class=\"fg-item-inner\"><a href=\"https:\/\/www.fcejs.unsl.edu.ar\/wp-content\/uploads\/2026\/08\/Primer-Encuentro-Provincial-Inteligencia-Artificial-Trabajo-y-Produccion-72.jpg\" data-attachment-id=\"25849\" data-e-disable-page-transition=\"true\" data-type=\"image\" class=\"fg-thumb\"><span class=\"fg-image-wrap\"><img loading=\"lazy\" src=\"https:\/\/www.fcejs.unsl.edu.ar\/wp-content\/uploads\/cache\/2026\/08\/Primer-Encuentro-Provincial-Inteligencia-Artificial-Trabajo-y-Produccion-72\/221655868.jpg\" width=\"270\" height=\"230\" class=\"skip-lazy fg-image\" decoding=\"async\" loading=\"lazy\"><\/span><span class=\"fg-image-overlay\"><\/span><\/a><\/figure><div class=\"fg-loader\"><\/div><\/div><div class=\"fg-item fg-type-image fg-loading\"><figure class=\"fg-item-inner\"><a href=\"https:\/\/www.fcejs.unsl.edu.ar\/wp-content\/uploads\/2026\/08\/Primer-Encuentro-Provincial-Inteligencia-Artificial-Trabajo-y-Produccion-73.jpg\" data-attachment-id=\"25850\" data-e-disable-page-transition=\"true\" data-type=\"image\" class=\"fg-thumb\"><span class=\"fg-image-wrap\"><img loading=\"lazy\" src=\"https:\/\/www.fcejs.unsl.edu.ar\/wp-content\/uploads\/cache\/2026\/08\/Primer-Encuentro-Provincial-Inteligencia-Artificial-Trabajo-y-Produccion-73\/584473401.jpg\" width=\"270\" height=\"230\" class=\"skip-lazy fg-image\" decoding=\"async\" loading=\"lazy\"><\/span><span class=\"fg-image-overlay\"><\/span><\/a><\/figure><div class=\"fg-loader\"><\/div><\/div><div class=\"fg-item fg-type-image fg-loading\"><figure class=\"fg-item-inner\"><a href=\"https:\/\/www.fcejs.unsl.edu.ar\/wp-content\/uploads\/2026\/08\/Primer-Encuentro-Provincial-Inteligencia-Artificial-Trabajo-y-Produccion-74.jpg\" data-attachment-id=\"25851\" data-e-disable-page-transition=\"true\" data-type=\"image\" class=\"fg-thumb\"><span class=\"fg-image-wrap\"><img loading=\"lazy\" src=\"https:\/\/www.fcejs.unsl.edu.ar\/wp-content\/uploads\/cache\/2026\/08\/Primer-Encuentro-Provincial-Inteligencia-Artificial-Trabajo-y-Produccion-74\/2808139412.jpg\" width=\"270\" height=\"230\" class=\"skip-lazy fg-image\" decoding=\"async\" loading=\"lazy\"><\/span><span class=\"fg-image-overlay\"><\/span><\/a><\/figure><div class=\"fg-loader\"><\/div><\/div><div class=\"fg-item fg-type-image fg-loading\"><figure class=\"fg-item-inner\"><a href=\"https:\/\/www.fcejs.unsl.edu.ar\/wp-content\/uploads\/2026\/08\/Primer-Encuentro-Provincial-Inteligencia-Artificial-Trabajo-y-Produccion-75.jpg\" data-attachment-id=\"25852\" data-e-disable-page-transition=\"true\" data-type=\"image\" class=\"fg-thumb\"><span class=\"fg-image-wrap\"><img loading=\"lazy\" src=\"https:\/\/www.fcejs.unsl.edu.ar\/wp-content\/uploads\/cache\/2026\/08\/Primer-Encuentro-Provincial-Inteligencia-Artificial-Trabajo-y-Produccion-75\/556756375.jpg\" width=\"270\" height=\"230\" class=\"skip-lazy fg-image\" decoding=\"async\" loading=\"lazy\"><\/span><span class=\"fg-image-overlay\"><\/span><\/a><\/figure><div class=\"fg-loader\"><\/div><\/div><div class=\"fg-item fg-type-image fg-loading\"><figure class=\"fg-item-inner\"><a href=\"https:\/\/www.fcejs.unsl.edu.ar\/wp-content\/uploads\/2026\/08\/Primer-Encuentro-Provincial-Inteligencia-Artificial-Trabajo-y-Produccion-76.jpg\" data-attachment-id=\"25853\" data-e-disable-page-transition=\"true\" data-type=\"image\" class=\"fg-thumb\"><span class=\"fg-image-wrap\"><img loading=\"lazy\" src=\"https:\/\/www.fcejs.unsl.edu.ar\/wp-content\/uploads\/cache\/2026\/08\/Primer-Encuentro-Provincial-Inteligencia-Artificial-Trabajo-y-Produccion-76\/550762176.jpg\" width=\"270\" height=\"230\" class=\"skip-lazy fg-image\" decoding=\"async\" loading=\"lazy\"><\/span><span class=\"fg-image-overlay\"><\/span><\/a><\/figure><div class=\"fg-loader\"><\/div><\/div><div class=\"fg-item fg-type-image fg-loading\"><figure class=\"fg-item-inner\"><a href=\"https:\/\/www.fcejs.unsl.edu.ar\/wp-content\/uploads\/2026\/08\/Primer-Encuentro-Provincial-Inteligencia-Artificial-Trabajo-y-Produccion-79.jpg\" data-attachment-id=\"25854\" data-e-disable-page-transition=\"true\" data-type=\"image\" class=\"fg-thumb\"><span class=\"fg-image-wrap\"><img loading=\"lazy\" src=\"https:\/\/www.fcejs.unsl.edu.ar\/wp-content\/uploads\/cache\/2026\/08\/Primer-Encuentro-Provincial-Inteligencia-Artificial-Trabajo-y-Produccion-79\/3813359586.jpg\" width=\"270\" height=\"230\" class=\"skip-lazy fg-image\" decoding=\"async\" loading=\"lazy\"><\/span><span class=\"fg-image-overlay\"><\/span><\/a><\/figure><div class=\"fg-loader\"><\/div><\/div><div class=\"fg-item fg-type-image fg-loading\"><figure class=\"fg-item-inner\"><a href=\"https:\/\/www.fcejs.unsl.edu.ar\/wp-content\/uploads\/2026\/08\/Primer-Encuentro-Provincial-Inteligencia-Artificial-Trabajo-y-Produccion-80.jpg\" data-attachment-id=\"25855\" data-e-disable-page-transition=\"true\" data-type=\"image\" class=\"fg-thumb\"><span class=\"fg-image-wrap\"><img loading=\"lazy\" src=\"https:\/\/www.fcejs.unsl.edu.ar\/wp-content\/uploads\/cache\/2026\/08\/Primer-Encuentro-Provincial-Inteligencia-Artificial-Trabajo-y-Produccion-80\/2899212204.jpg\" width=\"270\" height=\"230\" class=\"skip-lazy fg-image\" decoding=\"async\" loading=\"lazy\"><\/span><span class=\"fg-image-overlay\"><\/span><\/a><\/figure><div class=\"fg-loader\"><\/div><\/div><div class=\"fg-item fg-type-image fg-loading\"><figure class=\"fg-item-inner\"><a href=\"https:\/\/www.fcejs.unsl.edu.ar\/wp-content\/uploads\/2026\/08\/Primer-Encuentro-Provincial-Inteligencia-Artificial-Trabajo-y-Produccion-81.jpg\" data-attachment-id=\"25856\" data-e-disable-page-transition=\"true\" data-type=\"image\" class=\"fg-thumb\"><span class=\"fg-image-wrap\"><img loading=\"lazy\" src=\"https:\/\/www.fcejs.unsl.edu.ar\/wp-content\/uploads\/cache\/2026\/08\/Primer-Encuentro-Provincial-Inteligencia-Artificial-Trabajo-y-Produccion-81\/713151663.jpg\" width=\"270\" height=\"230\" class=\"skip-lazy fg-image\" decoding=\"async\" loading=\"lazy\"><\/span><span class=\"fg-image-overlay\"><\/span><\/a><\/figure><div class=\"fg-loader\"><\/div><\/div><div class=\"fg-item fg-type-image fg-loading\"><figure class=\"fg-item-inner\"><a href=\"https:\/\/www.fcejs.unsl.edu.ar\/wp-content\/uploads\/2026\/08\/Primer-Encuentro-Provincial-Inteligencia-Artificial-Trabajo-y-Produccion-83.jpg\" data-attachment-id=\"25857\" data-e-disable-page-transition=\"true\" data-type=\"image\" class=\"fg-thumb\"><span class=\"fg-image-wrap\"><img loading=\"lazy\" src=\"https:\/\/www.fcejs.unsl.edu.ar\/wp-content\/uploads\/cache\/2026\/08\/Primer-Encuentro-Provincial-Inteligencia-Artificial-Trabajo-y-Produccion-83\/3889647462.jpg\" width=\"270\" height=\"230\" class=\"skip-lazy fg-image\" decoding=\"async\" loading=\"lazy\"><\/span><span class=\"fg-image-overlay\"><\/span><\/a><\/figure><div class=\"fg-loader\"><\/div><\/div><div class=\"fg-item fg-type-image fg-loading\"><figure class=\"fg-item-inner\"><a href=\"https:\/\/www.fcejs.unsl.edu.ar\/wp-content\/uploads\/2026\/08\/Primer-Encuentro-Provincial-Inteligencia-Artificial-Trabajo-y-Produccion-85.jpg\" data-attachment-id=\"25858\" data-e-disable-page-transition=\"true\" data-type=\"image\" class=\"fg-thumb\"><span class=\"fg-image-wrap\"><img loading=\"lazy\" src=\"https:\/\/www.fcejs.unsl.edu.ar\/wp-content\/uploads\/cache\/2026\/08\/Primer-Encuentro-Provincial-Inteligencia-Artificial-Trabajo-y-Produccion-85\/2612686153.jpg\" width=\"270\" height=\"230\" class=\"skip-lazy fg-image\" decoding=\"async\" loading=\"lazy\"><\/span><span class=\"fg-image-overlay\"><\/span><\/a><\/figure><div class=\"fg-loader\"><\/div><\/div><div class=\"fg-item fg-type-image fg-loading\"><figure class=\"fg-item-inner\"><a href=\"https:\/\/www.fcejs.unsl.edu.ar\/wp-content\/uploads\/2026\/08\/Primer-Encuentro-Provincial-Inteligencia-Artificial-Trabajo-y-Produccion-92.jpg\" data-attachment-id=\"25859\" data-e-disable-page-transition=\"true\" data-type=\"image\" class=\"fg-thumb\"><span class=\"fg-image-wrap\"><img loading=\"lazy\" src=\"https:\/\/www.fcejs.unsl.edu.ar\/wp-content\/uploads\/cache\/2026\/08\/Primer-Encuentro-Provincial-Inteligencia-Artificial-Trabajo-y-Produccion-92\/158854311.jpg\" width=\"270\" height=\"230\" class=\"skip-lazy fg-image\" decoding=\"async\" loading=\"lazy\"><\/span><span class=\"fg-image-overlay\"><\/span><\/a><\/figure><div class=\"fg-loader\"><\/div><\/div><div class=\"fg-item fg-type-image fg-loading\"><figure class=\"fg-item-inner\"><a href=\"https:\/\/www.fcejs.unsl.edu.ar\/wp-content\/uploads\/2026\/08\/Primer-Encuentro-Provincial-Inteligencia-Artificial-Trabajo-y-Produccion-100.jpg\" data-attachment-id=\"25835\" data-e-disable-page-transition=\"true\" data-type=\"image\" class=\"fg-thumb\"><span class=\"fg-image-wrap\"><img loading=\"lazy\" src=\"https:\/\/www.fcejs.unsl.edu.ar\/wp-content\/uploads\/cache\/2026\/08\/Primer-Encuentro-Provincial-Inteligencia-Artificial-Trabajo-y-Produccion-100\/3229357587.jpg\" width=\"270\" height=\"230\" class=\"skip-lazy fg-image\" decoding=\"async\" loading=\"lazy\"><\/span><span class=\"fg-image-overlay\"><\/span><\/a><\/figure><div class=\"fg-loader\"><\/div><\/div><\/div>\n\n","protected":false},"excerpt":{"rendered":"<p>El pasado 27 de agosto se realiz\u00f3 en Villa Mercedes el Primer Encuentro Provincial sobre Inteligencia Artificial, Trabajo y Producci\u00f3n, organizado por la Facultad de&hellip;<\/p>\n","protected":false},"author":14,"featured_media":25829,"comment_status":"closed","ping_status":"closed","sticky":false,"template":"","format":"standard","meta":{"om_disable_all_campaigns":false,"_monsterinsights_skip_tracking":false,"_customify_content_layout":"","_customify_sidebar":"","_customify_page_header_display":"default","_customify_disable_header":"","_customify_disable_header_top":"","_customify_disable_header_main":"","_customify_disable_header_bottom":"","_customify_disable_page_title":"","_customify_disable_content_vertical_padding":"","_customify_disable_footer_top":"","_customify_disable_footer_main":"","_customify_disable_footer_bottom":"","_customify_breadcrumb_display":"","_customify_header_transparent_display":"default","footnotes":""},"categories":[1,19],"tags":[],"class_list":["post-25828","post","type-post","status-publish","format-standard","has-post-thumbnail","hentry","category-noticias","category-principal"],"yoast_head":"<!-- This site is optimized with the Yoast SEO plugin v28.3 - https:\/\/yoast.com\/product\/yoast-seo-wordpress\/ -->\n<title>La FCEJS impuls\u00f3 un espacio de di\u00e1logo sobre inteligencia artificial y desarrollo - Facultad de Ciencias Econ\u00f3micas, Jur\u00ed\u00addicas y Sociales<\/title>\n<meta name=\"robots\" content=\"index, follow, max-snippet:-1, max-image-preview:large, max-video-preview:-1\" \/>\n<link rel=\"canonical\" href=\"https:\/\/www.fcejs.unsl.edu.ar\/index.php\/la-fcejs-impulso-un-espacio-de-dialogo-sobre-inteligencia-artificial-y-desarrollo\/\" \/>\n<meta property=\"og:locale\" content=\"es_ES\" \/>\n<meta property=\"og:type\" content=\"article\" \/>\n<meta property=\"og:title\" content=\"La FCEJS impuls\u00f3 un espacio de di\u00e1logo sobre inteligencia artificial y desarrollo - Facultad de Ciencias Econ\u00f3micas, Jur\u00ed\u00addicas y Sociales\" \/>\n<meta property=\"og:description\" content=\"El pasado 27 de agosto se realiz\u00f3 en Villa Mercedes el Primer Encuentro Provincial sobre Inteligencia Artificial, Trabajo y Producci\u00f3n, organizado por la Facultad de&hellip;\" \/>\n<meta property=\"og:url\" content=\"https:\/\/www.fcejs.unsl.edu.ar\/index.php\/la-fcejs-impulso-un-espacio-de-dialogo-sobre-inteligencia-artificial-y-desarrollo\/\" \/>\n<meta property=\"og:site_name\" content=\"Facultad de Ciencias Econ\u00f3micas, Jur\u00ed\u00addicas y Sociales\" \/>\n<meta property=\"article:publisher\" content=\"https:\/\/www.facebook.com\/FCEJS.UNSL\/\" \/>\n<meta property=\"article:published_time\" content=\"2026-08-31T14:16:27+00:00\" \/>\n<meta property=\"article:modified_time\" content=\"2026-08-31T17:27:40+00:00\" \/>\n<meta property=\"og:image\" content=\"https:\/\/www.fcejs.unsl.edu.ar\/wp-content\/uploads\/2026\/08\/Primer-Encuentro-Provincial-Inteligencia-Artificial-Trabajo-y-Produccion-FRONT-1024x575.png\" \/>\n\t<meta property=\"og:image:width\" content=\"1024\" \/>\n\t<meta property=\"og:image:height\" content=\"575\" \/>\n\t<meta property=\"og:image:type\" content=\"image\/png\" \/>\n<meta name=\"author\" content=\"Anibal Claveles\" \/>\n<meta name=\"twitter:card\" content=\"summary_large_image\" \/>\n<meta name=\"twitter:creator\" content=\"@FCEJSUNSL\" \/>\n<meta name=\"twitter:site\" content=\"@FCEJSUNSL\" \/>\n<meta name=\"twitter:label1\" content=\"Escrito por\" \/>\n\t<meta name=\"twitter:data1\" content=\"Anibal Claveles\" \/>\n\t<meta name=\"twitter:label2\" content=\"Tiempo de lectura\" \/>\n\t<meta name=\"twitter:data2\" content=\"4 minutos\" \/>\n<script type=\"application\/ld+json\" class=\"yoast-schema-graph\">{\"@context\":\"https:\\\/\\\/schema.org\",\"@graph\":[{\"@type\":\"Article\",\"@id\":\"https:\\\/\\\/www.fcejs.unsl.edu.ar\\\/index.php\\\/la-fcejs-impulso-un-espacio-de-dialogo-sobre-inteligencia-artificial-y-desarrollo\\\/#article\",\"isPartOf\":{\"@id\":\"https:\\\/\\\/www.fcejs.unsl.edu.ar\\\/index.php\\\/la-fcejs-impulso-un-espacio-de-dialogo-sobre-inteligencia-artificial-y-desarrollo\\\/\"},\"author\":{\"name\":\"Anibal Claveles\",\"@id\":\"https:\\\/\\\/www.fcejs.unsl.edu.ar\\\/#\\\/schema\\\/person\\\/287a89a822e5887121260d3ee7a539fe\"},\"headline\":\"La FCEJS impuls\u00f3 un espacio de di\u00e1logo sobre inteligencia artificial y desarrollo\",\"datePublished\":\"2026-08-31T14:16:27+00:00\",\"dateModified\":\"2026-08-31T17:27:40+00:00\",\"mainEntityOfPage\":{\"@id\":\"https:\\\/\\\/www.fcejs.unsl.edu.ar\\\/index.php\\\/la-fcejs-impulso-un-espacio-de-dialogo-sobre-inteligencia-artificial-y-desarrollo\\\/\"},\"wordCount\":884,\"publisher\":{\"@id\":\"https:\\\/\\\/www.fcejs.unsl.edu.ar\\\/#organization\"},\"image\":{\"@id\":\"https:\\\/\\\/www.fcejs.unsl.edu.ar\\\/index.php\\\/la-fcejs-impulso-un-espacio-de-dialogo-sobre-inteligencia-artificial-y-desarrollo\\\/#primaryimage\"},\"thumbnailUrl\":\"https:\\\/\\\/www.fcejs.unsl.edu.ar\\\/wp-content\\\/uploads\\\/2026\\\/08\\\/Primer-Encuentro-Provincial-Inteligencia-Artificial-Trabajo-y-Produccion-FRONT.png\",\"articleSection\":[\"Noticias\",\"Principal\"],\"inLanguage\":\"es-AR\"},{\"@type\":\"WebPage\",\"@id\":\"https:\\\/\\\/www.fcejs.unsl.edu.ar\\\/index.php\\\/la-fcejs-impulso-un-espacio-de-dialogo-sobre-inteligencia-artificial-y-desarrollo\\\/\",\"url\":\"https:\\\/\\\/www.fcejs.unsl.edu.ar\\\/index.php\\\/la-fcejs-impulso-un-espacio-de-dialogo-sobre-inteligencia-artificial-y-desarrollo\\\/\",\"name\":\"La FCEJS impuls\u00f3 un espacio de di\u00e1logo sobre inteligencia artificial y desarrollo - Facultad de Ciencias Econ\u00f3micas, Jur\u00ed\u00addicas y Sociales\",\"isPartOf\":{\"@id\":\"https:\\\/\\\/www.fcejs.unsl.edu.ar\\\/#website\"},\"primaryImageOfPage\":{\"@id\":\"https:\\\/\\\/www.fcejs.unsl.edu.ar\\\/index.php\\\/la-fcejs-impulso-un-espacio-de-dialogo-sobre-inteligencia-artificial-y-desarrollo\\\/#primaryimage\"},\"image\":{\"@id\":\"https:\\\/\\\/www.fcejs.unsl.edu.ar\\\/index.php\\\/la-fcejs-impulso-un-espacio-de-dialogo-sobre-inteligencia-artificial-y-desarrollo\\\/#primaryimage\"},\"thumbnailUrl\":\"https:\\\/\\\/www.fcejs.unsl.edu.ar\\\/wp-content\\\/uploads\\\/2026\\\/08\\\/Primer-Encuentro-Provincial-Inteligencia-Artificial-Trabajo-y-Produccion-FRONT.png\",\"datePublished\":\"2026-08-31T14:16:27+00:00\",\"dateModified\":\"2026-08-31T17:27:40+00:00\",\"breadcrumb\":{\"@id\":\"https:\\\/\\\/www.fcejs.unsl.edu.ar\\\/index.php\\\/la-fcejs-impulso-un-espacio-de-dialogo-sobre-inteligencia-artificial-y-desarrollo\\\/#breadcrumb\"},\"inLanguage\":\"es-AR\",\"potentialAction\":[{\"@type\":\"ReadAction\",\"target\":[\"https:\\\/\\\/www.fcejs.unsl.edu.ar\\\/index.php\\\/la-fcejs-impulso-un-espacio-de-dialogo-sobre-inteligencia-artificial-y-desarrollo\\\/\"]}]},{\"@type\":\"ImageObject\",\"inLanguage\":\"es-AR\",\"@id\":\"https:\\\/\\\/www.fcejs.unsl.edu.ar\\\/index.php\\\/la-fcejs-impulso-un-espacio-de-dialogo-sobre-inteligencia-artificial-y-desarrollo\\\/#primaryimage\",\"url\":\"https:\\\/\\\/www.fcejs.unsl.edu.ar\\\/wp-content\\\/uploads\\\/2026\\\/08\\\/Primer-Encuentro-Provincial-Inteligencia-Artificial-Trabajo-y-Produccion-FRONT.png\",\"contentUrl\":\"https:\\\/\\\/www.fcejs.unsl.edu.ar\\\/wp-content\\\/uploads\\\/2026\\\/08\\\/Primer-Encuentro-Provincial-Inteligencia-Artificial-Trabajo-y-Produccion-FRONT.png\",\"width\":2304,\"height\":1294},{\"@type\":\"BreadcrumbList\",\"@id\":\"https:\\\/\\\/www.fcejs.unsl.edu.ar\\\/index.php\\\/la-fcejs-impulso-un-espacio-de-dialogo-sobre-inteligencia-artificial-y-desarrollo\\\/#breadcrumb\",\"itemListElement\":[{\"@type\":\"ListItem\",\"position\":1,\"name\":\"Inicio\",\"item\":\"https:\\\/\\\/www.fcejs.unsl.edu.ar\\\/\"},{\"@type\":\"ListItem\",\"position\":2,\"name\":\"La FCEJS impuls\u00f3 un espacio de di\u00e1logo sobre inteligencia artificial y desarrollo\"}]},{\"@type\":\"WebSite\",\"@id\":\"https:\\\/\\\/www.fcejs.unsl.edu.ar\\\/#website\",\"url\":\"https:\\\/\\\/www.fcejs.unsl.edu.ar\\\/\",\"name\":\"Facultad de Ciencias Econ\u00f3micas, Jur\u00ed\u00addicas y Sociales\",\"description\":\"\",\"publisher\":{\"@id\":\"https:\\\/\\\/www.fcejs.unsl.edu.ar\\\/#organization\"},\"potentialAction\":[{\"@type\":\"SearchAction\",\"target\":{\"@type\":\"EntryPoint\",\"urlTemplate\":\"https:\\\/\\\/www.fcejs.unsl.edu.ar\\\/?s={search_term_string}\"},\"query-input\":{\"@type\":\"PropertyValueSpecification\",\"valueRequired\":true,\"valueName\":\"search_term_string\"}}],\"inLanguage\":\"es-AR\"},{\"@type\":\"Organization\",\"@id\":\"https:\\\/\\\/www.fcejs.unsl.edu.ar\\\/#organization\",\"name\":\"Facultad de Ciencias Econ\u00f3micas, Jur\u00eddicas y Sociales\",\"url\":\"https:\\\/\\\/www.fcejs.unsl.edu.ar\\\/\",\"logo\":{\"@type\":\"ImageObject\",\"inLanguage\":\"es-AR\",\"@id\":\"https:\\\/\\\/www.fcejs.unsl.edu.ar\\\/#\\\/schema\\\/logo\\\/image\\\/\",\"url\":\"https:\\\/\\\/www.fcejs.unsl.edu.ar\\\/wp-content\\\/uploads\\\/2021\\\/03\\\/logo-1.jpg\",\"contentUrl\":\"https:\\\/\\\/www.fcejs.unsl.edu.ar\\\/wp-content\\\/uploads\\\/2021\\\/03\\\/logo-1.jpg\",\"width\":471,\"height\":146,\"caption\":\"Facultad de Ciencias Econ\u00f3micas, Jur\u00eddicas y Sociales\"},\"image\":{\"@id\":\"https:\\\/\\\/www.fcejs.unsl.edu.ar\\\/#\\\/schema\\\/logo\\\/image\\\/\"},\"sameAs\":[\"https:\\\/\\\/www.facebook.com\\\/FCEJS.UNSL\\\/\",\"https:\\\/\\\/x.com\\\/FCEJSUNSL\",\"https:\\\/\\\/www.instagram.com\\\/fcejs.unsl\\\/\",\"https:\\\/\\\/www.youtube.com\\\/channel\\\/UCH-Ut6EaN_X5ogjIQMPe46g\\\/\"]},{\"@type\":\"Person\",\"@id\":\"https:\\\/\\\/www.fcejs.unsl.edu.ar\\\/#\\\/schema\\\/person\\\/287a89a822e5887121260d3ee7a539fe\",\"name\":\"Anibal Claveles\"}]}<\/script>\n<!-- \/ Yoast SEO plugin. -->","yoast_head_json":{"title":"La FCEJS impuls\u00f3 un espacio de di\u00e1logo sobre inteligencia artificial y desarrollo - Facultad de Ciencias Econ\u00f3micas, Jur\u00ed\u00addicas y Sociales","robots":{"index":"index","follow":"follow","max-snippet":"max-snippet:-1","max-image-preview":"max-image-preview:large","max-video-preview":"max-video-preview:-1"},"canonical":"https:\/\/www.fcejs.unsl.edu.ar\/index.php\/la-fcejs-impulso-un-espacio-de-dialogo-sobre-inteligencia-artificial-y-desarrollo\/","og_locale":"es_ES","og_type":"article","og_title":"La FCEJS impuls\u00f3 un espacio de di\u00e1logo sobre inteligencia artificial y desarrollo - Facultad de Ciencias Econ\u00f3micas, Jur\u00ed\u00addicas y Sociales","og_description":"El pasado 27 de agosto se realiz\u00f3 en Villa Mercedes el Primer Encuentro Provincial sobre Inteligencia Artificial, Trabajo y Producci\u00f3n, organizado por la Facultad de&hellip;","og_url":"https:\/\/www.fcejs.unsl.edu.ar\/index.php\/la-fcejs-impulso-un-espacio-de-dialogo-sobre-inteligencia-artificial-y-desarrollo\/","og_site_name":"Facultad de Ciencias Econ\u00f3micas, Jur\u00ed\u00addicas y Sociales","article_publisher":"https:\/\/www.facebook.com\/FCEJS.UNSL\/","article_published_time":"2026-08-31T14:16:27+00:00","article_modified_time":"2026-08-31T17:27:40+00:00","og_image":[{"width":1024,"height":575,"url":"https:\/\/www.fcejs.unsl.edu.ar\/wp-content\/uploads\/2026\/08\/Primer-Encuentro-Provincial-Inteligencia-Artificial-Trabajo-y-Produccion-FRONT-1024x575.png","type":"image\/png"}],"author":"Anibal Claveles","twitter_card":"summary_large_image","twitter_creator":"@FCEJSUNSL","twitter_site":"@FCEJSUNSL","twitter_misc":{"Escrito por":"Anibal Claveles","Tiempo de lectura":"4 minutos"},"schema":{"@context":"https:\/\/schema.org","@graph":[{"@type":"Article","@id":"https:\/\/www.fcejs.unsl.edu.ar\/index.php\/la-fcejs-impulso-un-espacio-de-dialogo-sobre-inteligencia-artificial-y-desarrollo\/#article","isPartOf":{"@id":"https:\/\/www.fcejs.unsl.edu.ar\/index.php\/la-fcejs-impulso-un-espacio-de-dialogo-sobre-inteligencia-artificial-y-desarrollo\/"},"author":{"name":"Anibal Claveles","@id":"https:\/\/www.fcejs.unsl.edu.ar\/#\/schema\/person\/287a89a822e5887121260d3ee7a539fe"},"headline":"La FCEJS impuls\u00f3 un espacio de di\u00e1logo sobre inteligencia artificial y desarrollo","datePublished":"2026-08-31T14:16:27+00:00","dateModified":"2026-08-31T17:27:40+00:00","mainEntityOfPage":{"@id":"https:\/\/www.fcejs.unsl.edu.ar\/index.php\/la-fcejs-impulso-un-espacio-de-dialogo-sobre-inteligencia-artificial-y-desarrollo\/"},"wordCount":884,"publisher":{"@id":"https:\/\/www.fcejs.unsl.edu.ar\/#organization"},"image":{"@id":"https:\/\/www.fcejs.unsl.edu.ar\/index.php\/la-fcejs-impulso-un-espacio-de-dialogo-sobre-inteligencia-artificial-y-desarrollo\/#primaryimage"},"thumbnailUrl":"https:\/\/www.fcejs.unsl.edu.ar\/wp-content\/uploads\/2026\/08\/Primer-Encuentro-Provincial-Inteligencia-Artificial-Trabajo-y-Produccion-FRONT.png","articleSection":["Noticias","Principal"],"inLanguage":"es-AR"},{"@type":"WebPage","@id":"https:\/\/www.fcejs.unsl.edu.ar\/index.php\/la-fcejs-impulso-un-espacio-de-dialogo-sobre-inteligencia-artificial-y-desarrollo\/","url":"https:\/\/www.fcejs.unsl.edu.ar\/index.php\/la-fcejs-impulso-un-espacio-de-dialogo-sobre-inteligencia-artificial-y-desarrollo\/","name":"La FCEJS impuls\u00f3 un espacio de di\u00e1logo sobre inteligencia artificial y desarrollo - Facultad de Ciencias Econ\u00f3micas, Jur\u00ed\u00addicas y Sociales","isPartOf":{"@id":"https:\/\/www.fcejs.unsl.edu.ar\/#website"},"primaryImageOfPage":{"@id":"https:\/\/www.fcejs.unsl.edu.ar\/index.php\/la-fcejs-impulso-un-espacio-de-dialogo-sobre-inteligencia-artificial-y-desarrollo\/#primaryimage"},"image":{"@id":"https:\/\/www.fcejs.unsl.edu.ar\/index.php\/la-fcejs-impulso-un-espacio-de-dialogo-sobre-inteligencia-artificial-y-desarrollo\/#primaryimage"},"thumbnailUrl":"https:\/\/www.fcejs.unsl.edu.ar\/wp-content\/uploads\/2026\/08\/Primer-Encuentro-Provincial-Inteligencia-Artificial-Trabajo-y-Produccion-FRONT.png","datePublished":"2026-08-31T14:16:27+00:00","dateModified":"2026-08-31T17:27:40+00:00","breadcrumb":{"@id":"https:\/\/www.fcejs.unsl.edu.ar\/index.php\/la-fcejs-impulso-un-espacio-de-dialogo-sobre-inteligencia-artificial-y-desarrollo\/#breadcrumb"},"inLanguage":"es-AR","potentialAction":[{"@type":"ReadAction","target":["https:\/\/www.fcejs.unsl.edu.ar\/index.php\/la-fcejs-impulso-un-espacio-de-dialogo-sobre-inteligencia-artificial-y-desarrollo\/"]}]},{"@type":"ImageObject","inLanguage":"es-AR","@id":"https:\/\/www.fcejs.unsl.edu.ar\/index.php\/la-fcejs-impulso-un-espacio-de-dialogo-sobre-inteligencia-artificial-y-desarrollo\/#primaryimage","url":"https:\/\/www.fcejs.unsl.edu.ar\/wp-content\/uploads\/2026\/08\/Primer-Encuentro-Provincial-Inteligencia-Artificial-Trabajo-y-Produccion-FRONT.png","contentUrl":"https:\/\/www.fcejs.unsl.edu.ar\/wp-content\/uploads\/2026\/08\/Primer-Encuentro-Provincial-Inteligencia-Artificial-Trabajo-y-Produccion-FRONT.png","width":2304,"height":1294},{"@type":"BreadcrumbList","@id":"https:\/\/www.fcejs.unsl.edu.ar\/index.php\/la-fcejs-impulso-un-espacio-de-dialogo-sobre-inteligencia-artificial-y-desarrollo\/#breadcrumb","itemListElement":[{"@type":"ListItem","position":1,"name":"Inicio","item":"https:\/\/www.fcejs.unsl.edu.ar\/"},{"@type":"ListItem","position":2,"name":"La FCEJS impuls\u00f3 un espacio de di\u00e1logo sobre inteligencia artificial y desarrollo"}]},{"@type":"WebSite","@id":"https:\/\/www.fcejs.unsl.edu.ar\/#website","url":"https:\/\/www.fcejs.unsl.edu.ar\/","name":"Facultad de Ciencias Econ\u00f3micas, Jur\u00ed\u00addicas y Sociales","description":"","publisher":{"@id":"https:\/\/www.fcejs.unsl.edu.ar\/#organization"},"potentialAction":[{"@type":"SearchAction","target":{"@type":"EntryPoint","urlTemplate":"https:\/\/www.fcejs.unsl.edu.ar\/?s={search_term_string}"},"query-input":{"@type":"PropertyValueSpecification","valueRequired":true,"valueName":"search_term_string"}}],"inLanguage":"es-AR"},{"@type":"Organization","@id":"https:\/\/www.fcejs.unsl.edu.ar\/#organization","name":"Facultad de Ciencias Econ\u00f3micas, Jur\u00eddicas y Sociales","url":"https:\/\/www.fcejs.unsl.edu.ar\/","logo":{"@type":"ImageObject","inLanguage":"es-AR","@id":"https:\/\/www.fcejs.unsl.edu.ar\/#\/schema\/logo\/image\/","url":"https:\/\/www.fcejs.unsl.edu.ar\/wp-content\/uploads\/2021\/03\/logo-1.jpg","contentUrl":"https:\/\/www.fcejs.unsl.edu.ar\/wp-content\/uploads\/2021\/03\/logo-1.jpg","width":471,"height":146,"caption":"Facultad de Ciencias Econ\u00f3micas, Jur\u00eddicas y Sociales"},"image":{"@id":"https:\/\/www.fcejs.unsl.edu.ar\/#\/schema\/logo\/image\/"},"sameAs":["https:\/\/www.facebook.com\/FCEJS.UNSL\/","https:\/\/x.com\/FCEJSUNSL","https:\/\/www.instagram.com\/fcejs.unsl\/","https:\/\/www.youtube.com\/channel\/UCH-Ut6EaN_X5ogjIQMPe46g\/"]},{"@type":"Person","@id":"https:\/\/www.fcejs.unsl.edu.ar\/#\/schema\/person\/287a89a822e5887121260d3ee7a539fe","name":"Anibal Claveles"}]}},"jetpack_featured_media_url":"https:\/\/www.fcejs.unsl.edu.ar\/wp-content\/uploads\/2026\/08\/Primer-Encuentro-Provincial-Inteligencia-Artificial-Trabajo-y-Produccion-FRONT.png","_links":{"self":[{"href":"https:\/\/www.fcejs.unsl.edu.ar\/index.php\/wp-json\/wp\/v2\/posts\/25828","targetHints":{"allow":["GET"]}}],"collection":[{"href":"https:\/\/www.fcejs.unsl.edu.ar\/index.php\/wp-json\/wp\/v2\/posts"}],"about":[{"href":"https:\/\/www.fcejs.unsl.edu.ar\/index.php\/wp-json\/wp\/v2\/types\/post"}],"author":[{"embeddable":true,"href":"https:\/\/www.fcejs.unsl.edu.ar\/index.php\/wp-json\/wp\/v2\/users\/14"}],"replies":[{"embeddable":true,"href":"https:\/\/www.fcejs.unsl.edu.ar\/index.php\/wp-json\/wp\/v2\/comments?post=25828"}],"version-history":[{"count":9,"href":"https:\/\/www.fcejs.unsl.edu.ar\/index.php\/wp-json\/wp\/v2\/posts\/25828\/revisions"}],"predecessor-version":[{"id":25882,"href":"https:\/\/www.fcejs.unsl.edu.ar\/index.php\/wp-json\/wp\/v2\/posts\/25828\/revisions\/25882"}],"wp:featuredmedia":[{"embeddable":true,"href":"https:\/\/www.fcejs.unsl.edu.ar\/index.php\/wp-json\/wp\/v2\/media\/25829"}],"wp:attachment":[{"href":"https:\/\/www.fcejs.unsl.edu.ar\/index.php\/wp-json\/wp\/v2\/media?parent=25828"}],"wp:term":[{"taxonomy":"category","embeddable":true,"href":"https:\/\/www.fcejs.unsl.edu.ar\/index.php\/wp-json\/wp\/v2\/categories?post=25828"},{"taxonomy":"post_tag","embeddable":true,"href":"https:\/\/www.fcejs.unsl.edu.ar\/index.php\/wp-json\/wp\/v2\/tags?post=25828"}],"curies":[{"name":"wp","href":"https:\/\/api.w.org\/{rel}","templated":true}]}}