{"id":23866,"date":"2026-03-08T14:11:06","date_gmt":"2026-03-08T17:11:06","guid":{"rendered":"https:\/\/www.fcejs.unsl.edu.ar\/?p=23866"},"modified":"2026-03-10T08:56:47","modified_gmt":"2026-03-10T11:56:47","slug":"dia-internacional-de-la-mujer-trabajadora-pronunciamiento-del-programa-genero-sociedad-y-universidad-y-el-eti","status":"publish","type":"post","link":"https:\/\/www.fcejs.unsl.edu.ar\/index.php\/dia-internacional-de-la-mujer-trabajadora-pronunciamiento-del-programa-genero-sociedad-y-universidad-y-el-eti\/","title":{"rendered":"D\u00eda Internacional de la Mujer Trabajadora: pronunciamiento del Programa G\u00e9nero, Sociedad y Universidad y el ETI"},"content":{"rendered":"<p>Este 8 de marzo volvemos a las calles con memoria, resistencia, uni\u00f3n y organizaci\u00f3n.<\/p>\n<p>Porque trabajadoras somos todas: las formales, las informales, las precarizadas, las desocupadas, las jubiladas, las migrantes, las que sostenemos la producci\u00f3n y reproducci\u00f3n de la vida.<\/p>\n<p>Quienes integramos el Programa G\u00e9nero Sociedad y Universidad &#8211; FCEJS en conjunto con el Equipo T\u00e9cnico Interdisciplinario (ETI) del Protocolo de intervenci\u00f3n ante situaciones de violencia de g\u00e9nero en el \u00e1mbito de la UNSL:<\/p>\n<p>Nos pronunciamos contra una reforma laboral que calificamos de esclavista, extractivista y regresiva, que agudiza las desigualdades al carecer de perspectiva de derechos humanos y profundizar las brechas de g\u00e9nero.<\/p>\n<p>Repudiamos el desmantelamiento, la deslegitimaci\u00f3n y la desjerarquizaci\u00f3n de las pol\u00edticas p\u00fablicas que tienden a materializar derechos de mujeres y diversidades sexo-gen\u00e9ricas, promovidos por los actuales gobiernos, as\u00ed como los discursos de odio y antifeministas cuya proliferaci\u00f3n contribuye al incremento y recrudecimiento de todas las violencias por motivos de g\u00e9nero, incluidos femicidios, lesbicidios y travesticidios.<\/p>\n<p>A 50 a\u00f1os de la dictadura c\u00edvico-militar-eclesi\u00e1stica y empresarial en Argentina, reafirmamos MEMORIA, VERDAD Y JUSTICIA. Denunciamos las violencias sexuales y de g\u00e9nero ejercidas deliberadamente como forma de tortura desde el Estado hacia las mujeres y diversidades.<\/p>\n<p>Por el cumplimiento de la Ley de Financiamiento Universitario, salarios dignos, pol\u00edticas de conciliaci\u00f3n adecuadas y una \u00e9tica del cuidado que atraviese todas nuestras pr\u00e1cticas, en la universidad p\u00fablica, laica, gratuita y de calidad, que so\u00f1amos libre de discriminaciones y por tanto feminista.<\/p>\n","protected":false},"excerpt":{"rendered":"<p>Este 8 de marzo volvemos a las calles con memoria, resistencia, uni\u00f3n y organizaci\u00f3n. Porque trabajadoras somos todas: las formales, las informales, las precarizadas, las&hellip;<\/p>\n","protected":false},"author":15,"featured_media":23869,"comment_status":"closed","ping_status":"closed","sticky":false,"template":"","format":"standard","meta":{"om_disable_all_campaigns":false,"_monsterinsights_skip_tracking":false,"_monsterinsights_sitenote_active":false,"_monsterinsights_sitenote_note":"","_monsterinsights_sitenote_category":0,"footnotes":""},"categories":[1,19],"tags":[],"class_list":["post-23866","post","type-post","status-publish","format-standard","has-post-thumbnail","hentry","category-noticias","category-principal"],"yoast_head":"<!-- This site is optimized with the Yoast SEO plugin v27.5 - https:\/\/yoast.com\/product\/yoast-seo-wordpress\/ -->\n<title>D\u00eda Internacional de la Mujer Trabajadora: pronunciamiento del Programa G\u00e9nero, Sociedad y Universidad y el ETI - Facultad de Ciencias Econ\u00f3micas, Jur\u00ed\u00addicas y Sociales<\/title>\n<meta name=\"robots\" content=\"index, follow, max-snippet:-1, max-image-preview:large, max-video-preview:-1\" \/>\n<link rel=\"canonical\" href=\"https:\/\/www.fcejs.unsl.edu.ar\/index.php\/dia-internacional-de-la-mujer-trabajadora-pronunciamiento-del-programa-genero-sociedad-y-universidad-y-el-eti\/\" \/>\n<meta property=\"og:locale\" content=\"es_ES\" \/>\n<meta property=\"og:type\" content=\"article\" \/>\n<meta property=\"og:title\" content=\"D\u00eda Internacional de la Mujer Trabajadora: pronunciamiento del Programa G\u00e9nero, Sociedad y Universidad y el ETI - Facultad de Ciencias Econ\u00f3micas, Jur\u00ed\u00addicas y Sociales\" \/>\n<meta property=\"og:description\" content=\"Este 8 de marzo volvemos a las calles con memoria, resistencia, uni\u00f3n y organizaci\u00f3n. Porque trabajadoras somos todas: las formales, las informales, las precarizadas, las&hellip;\" \/>\n<meta property=\"og:url\" content=\"https:\/\/www.fcejs.unsl.edu.ar\/index.php\/dia-internacional-de-la-mujer-trabajadora-pronunciamiento-del-programa-genero-sociedad-y-universidad-y-el-eti\/\" \/>\n<meta property=\"og:site_name\" content=\"Facultad de Ciencias Econ\u00f3micas, Jur\u00ed\u00addicas y Sociales\" \/>\n<meta property=\"article:publisher\" content=\"https:\/\/www.facebook.com\/FCEJS.UNSL\/\" \/>\n<meta property=\"article:published_time\" content=\"2026-03-08T17:11:06+00:00\" \/>\n<meta property=\"article:modified_time\" content=\"2026-03-10T11:56:47+00:00\" \/>\n<meta property=\"og:image\" content=\"https:\/\/www.fcejs.unsl.edu.ar\/wp-content\/uploads\/2026\/03\/placa-web8m.jpg.jpeg\" \/>\n\t<meta property=\"og:image:width\" content=\"1153\" \/>\n\t<meta property=\"og:image:height\" content=\"648\" \/>\n\t<meta property=\"og:image:type\" content=\"image\/jpeg\" \/>\n<meta name=\"author\" content=\"Cristian Payero\" \/>\n<meta name=\"twitter:card\" content=\"summary_large_image\" \/>\n<meta name=\"twitter:creator\" content=\"@FCEJSUNSL\" \/>\n<meta name=\"twitter:site\" content=\"@FCEJSUNSL\" \/>\n<meta name=\"twitter:label1\" content=\"Escrito por\" \/>\n\t<meta name=\"twitter:data1\" content=\"Cristian Payero\" \/>\n\t<meta name=\"twitter:label2\" content=\"Tiempo de lectura\" \/>\n\t<meta name=\"twitter:data2\" content=\"2 minutos\" \/>\n<script type=\"application\/ld+json\" class=\"yoast-schema-graph\">{\"@context\":\"https:\\\/\\\/schema.org\",\"@graph\":[{\"@type\":\"Article\",\"@id\":\"https:\\\/\\\/www.fcejs.unsl.edu.ar\\\/index.php\\\/dia-internacional-de-la-mujer-trabajadora-pronunciamiento-del-programa-genero-sociedad-y-universidad-y-el-eti\\\/#article\",\"isPartOf\":{\"@id\":\"https:\\\/\\\/www.fcejs.unsl.edu.ar\\\/index.php\\\/dia-internacional-de-la-mujer-trabajadora-pronunciamiento-del-programa-genero-sociedad-y-universidad-y-el-eti\\\/\"},\"author\":{\"name\":\"Cristian Payero\",\"@id\":\"https:\\\/\\\/www.fcejs.unsl.edu.ar\\\/#\\\/schema\\\/person\\\/c7478ec126774e3a0f95e61ceddccac6\"},\"headline\":\"D\u00eda Internacional de la Mujer Trabajadora: pronunciamiento del Programa G\u00e9nero, Sociedad y Universidad y el ETI\",\"datePublished\":\"2026-03-08T17:11:06+00:00\",\"dateModified\":\"2026-03-10T11:56:47+00:00\",\"mainEntityOfPage\":{\"@id\":\"https:\\\/\\\/www.fcejs.unsl.edu.ar\\\/index.php\\\/dia-internacional-de-la-mujer-trabajadora-pronunciamiento-del-programa-genero-sociedad-y-universidad-y-el-eti\\\/\"},\"wordCount\":280,\"publisher\":{\"@id\":\"https:\\\/\\\/www.fcejs.unsl.edu.ar\\\/#organization\"},\"image\":{\"@id\":\"https:\\\/\\\/www.fcejs.unsl.edu.ar\\\/index.php\\\/dia-internacional-de-la-mujer-trabajadora-pronunciamiento-del-programa-genero-sociedad-y-universidad-y-el-eti\\\/#primaryimage\"},\"thumbnailUrl\":\"https:\\\/\\\/www.fcejs.unsl.edu.ar\\\/wp-content\\\/uploads\\\/2026\\\/03\\\/placa-web8m.jpg.jpeg\",\"articleSection\":[\"Noticias\",\"Principal\"],\"inLanguage\":\"es-AR\"},{\"@type\":\"WebPage\",\"@id\":\"https:\\\/\\\/www.fcejs.unsl.edu.ar\\\/index.php\\\/dia-internacional-de-la-mujer-trabajadora-pronunciamiento-del-programa-genero-sociedad-y-universidad-y-el-eti\\\/\",\"url\":\"https:\\\/\\\/www.fcejs.unsl.edu.ar\\\/index.php\\\/dia-internacional-de-la-mujer-trabajadora-pronunciamiento-del-programa-genero-sociedad-y-universidad-y-el-eti\\\/\",\"name\":\"D\u00eda Internacional de la Mujer Trabajadora: pronunciamiento del Programa G\u00e9nero, Sociedad y Universidad y el ETI - Facultad de Ciencias Econ\u00f3micas, Jur\u00ed\u00addicas y Sociales\",\"isPartOf\":{\"@id\":\"https:\\\/\\\/www.fcejs.unsl.edu.ar\\\/#website\"},\"primaryImageOfPage\":{\"@id\":\"https:\\\/\\\/www.fcejs.unsl.edu.ar\\\/index.php\\\/dia-internacional-de-la-mujer-trabajadora-pronunciamiento-del-programa-genero-sociedad-y-universidad-y-el-eti\\\/#primaryimage\"},\"image\":{\"@id\":\"https:\\\/\\\/www.fcejs.unsl.edu.ar\\\/index.php\\\/dia-internacional-de-la-mujer-trabajadora-pronunciamiento-del-programa-genero-sociedad-y-universidad-y-el-eti\\\/#primaryimage\"},\"thumbnailUrl\":\"https:\\\/\\\/www.fcejs.unsl.edu.ar\\\/wp-content\\\/uploads\\\/2026\\\/03\\\/placa-web8m.jpg.jpeg\",\"datePublished\":\"2026-03-08T17:11:06+00:00\",\"dateModified\":\"2026-03-10T11:56:47+00:00\",\"breadcrumb\":{\"@id\":\"https:\\\/\\\/www.fcejs.unsl.edu.ar\\\/index.php\\\/dia-internacional-de-la-mujer-trabajadora-pronunciamiento-del-programa-genero-sociedad-y-universidad-y-el-eti\\\/#breadcrumb\"},\"inLanguage\":\"es-AR\",\"potentialAction\":[{\"@type\":\"ReadAction\",\"target\":[\"https:\\\/\\\/www.fcejs.unsl.edu.ar\\\/index.php\\\/dia-internacional-de-la-mujer-trabajadora-pronunciamiento-del-programa-genero-sociedad-y-universidad-y-el-eti\\\/\"]}]},{\"@type\":\"ImageObject\",\"inLanguage\":\"es-AR\",\"@id\":\"https:\\\/\\\/www.fcejs.unsl.edu.ar\\\/index.php\\\/dia-internacional-de-la-mujer-trabajadora-pronunciamiento-del-programa-genero-sociedad-y-universidad-y-el-eti\\\/#primaryimage\",\"url\":\"https:\\\/\\\/www.fcejs.unsl.edu.ar\\\/wp-content\\\/uploads\\\/2026\\\/03\\\/placa-web8m.jpg.jpeg\",\"contentUrl\":\"https:\\\/\\\/www.fcejs.unsl.edu.ar\\\/wp-content\\\/uploads\\\/2026\\\/03\\\/placa-web8m.jpg.jpeg\",\"width\":1153,\"height\":648},{\"@type\":\"BreadcrumbList\",\"@id\":\"https:\\\/\\\/www.fcejs.unsl.edu.ar\\\/index.php\\\/dia-internacional-de-la-mujer-trabajadora-pronunciamiento-del-programa-genero-sociedad-y-universidad-y-el-eti\\\/#breadcrumb\",\"itemListElement\":[{\"@type\":\"ListItem\",\"position\":1,\"name\":\"Inicio\",\"item\":\"https:\\\/\\\/www.fcejs.unsl.edu.ar\\\/\"},{\"@type\":\"ListItem\",\"position\":2,\"name\":\"D\u00eda Internacional de la Mujer Trabajadora: pronunciamiento del Programa G\u00e9nero, Sociedad y Universidad y el ETI\"}]},{\"@type\":\"WebSite\",\"@id\":\"https:\\\/\\\/www.fcejs.unsl.edu.ar\\\/#website\",\"url\":\"https:\\\/\\\/www.fcejs.unsl.edu.ar\\\/\",\"name\":\"Facultad de Ciencias Econ\u00f3micas, Jur\u00ed\u00addicas y Sociales\",\"description\":\"\",\"publisher\":{\"@id\":\"https:\\\/\\\/www.fcejs.unsl.edu.ar\\\/#organization\"},\"potentialAction\":[{\"@type\":\"SearchAction\",\"target\":{\"@type\":\"EntryPoint\",\"urlTemplate\":\"https:\\\/\\\/www.fcejs.unsl.edu.ar\\\/?s={search_term_string}\"},\"query-input\":{\"@type\":\"PropertyValueSpecification\",\"valueRequired\":true,\"valueName\":\"search_term_string\"}}],\"inLanguage\":\"es-AR\"},{\"@type\":\"Organization\",\"@id\":\"https:\\\/\\\/www.fcejs.unsl.edu.ar\\\/#organization\",\"name\":\"Facultad de Ciencias Econ\u00f3micas, Jur\u00eddicas y Sociales\",\"url\":\"https:\\\/\\\/www.fcejs.unsl.edu.ar\\\/\",\"logo\":{\"@type\":\"ImageObject\",\"inLanguage\":\"es-AR\",\"@id\":\"https:\\\/\\\/www.fcejs.unsl.edu.ar\\\/#\\\/schema\\\/logo\\\/image\\\/\",\"url\":\"https:\\\/\\\/www.fcejs.unsl.edu.ar\\\/wp-content\\\/uploads\\\/2021\\\/03\\\/logo-1.jpg\",\"contentUrl\":\"https:\\\/\\\/www.fcejs.unsl.edu.ar\\\/wp-content\\\/uploads\\\/2021\\\/03\\\/logo-1.jpg\",\"width\":471,\"height\":146,\"caption\":\"Facultad de Ciencias Econ\u00f3micas, Jur\u00eddicas y Sociales\"},\"image\":{\"@id\":\"https:\\\/\\\/www.fcejs.unsl.edu.ar\\\/#\\\/schema\\\/logo\\\/image\\\/\"},\"sameAs\":[\"https:\\\/\\\/www.facebook.com\\\/FCEJS.UNSL\\\/\",\"https:\\\/\\\/x.com\\\/FCEJSUNSL\",\"https:\\\/\\\/www.instagram.com\\\/fcejs.unsl\\\/\",\"https:\\\/\\\/www.youtube.com\\\/channel\\\/UCH-Ut6EaN_X5ogjIQMPe46g\\\/\"]},{\"@type\":\"Person\",\"@id\":\"https:\\\/\\\/www.fcejs.unsl.edu.ar\\\/#\\\/schema\\\/person\\\/c7478ec126774e3a0f95e61ceddccac6\",\"name\":\"Cristian Payero\"}]}<\/script>\n<!-- \/ Yoast SEO plugin. -->","yoast_head_json":{"title":"D\u00eda Internacional de la Mujer Trabajadora: pronunciamiento del Programa G\u00e9nero, Sociedad y Universidad y el ETI - Facultad de Ciencias Econ\u00f3micas, Jur\u00ed\u00addicas y Sociales","robots":{"index":"index","follow":"follow","max-snippet":"max-snippet:-1","max-image-preview":"max-image-preview:large","max-video-preview":"max-video-preview:-1"},"canonical":"https:\/\/www.fcejs.unsl.edu.ar\/index.php\/dia-internacional-de-la-mujer-trabajadora-pronunciamiento-del-programa-genero-sociedad-y-universidad-y-el-eti\/","og_locale":"es_ES","og_type":"article","og_title":"D\u00eda Internacional de la Mujer Trabajadora: pronunciamiento del Programa G\u00e9nero, Sociedad y Universidad y el ETI - Facultad de Ciencias Econ\u00f3micas, Jur\u00ed\u00addicas y Sociales","og_description":"Este 8 de marzo volvemos a las calles con memoria, resistencia, uni\u00f3n y organizaci\u00f3n. Porque trabajadoras somos todas: las formales, las informales, las precarizadas, las&hellip;","og_url":"https:\/\/www.fcejs.unsl.edu.ar\/index.php\/dia-internacional-de-la-mujer-trabajadora-pronunciamiento-del-programa-genero-sociedad-y-universidad-y-el-eti\/","og_site_name":"Facultad de Ciencias Econ\u00f3micas, Jur\u00ed\u00addicas y Sociales","article_publisher":"https:\/\/www.facebook.com\/FCEJS.UNSL\/","article_published_time":"2026-03-08T17:11:06+00:00","article_modified_time":"2026-03-10T11:56:47+00:00","og_image":[{"width":1153,"height":648,"url":"https:\/\/www.fcejs.unsl.edu.ar\/wp-content\/uploads\/2026\/03\/placa-web8m.jpg.jpeg","type":"image\/jpeg"}],"author":"Cristian Payero","twitter_card":"summary_large_image","twitter_creator":"@FCEJSUNSL","twitter_site":"@FCEJSUNSL","twitter_misc":{"Escrito por":"Cristian Payero","Tiempo de lectura":"2 minutos"},"schema":{"@context":"https:\/\/schema.org","@graph":[{"@type":"Article","@id":"https:\/\/www.fcejs.unsl.edu.ar\/index.php\/dia-internacional-de-la-mujer-trabajadora-pronunciamiento-del-programa-genero-sociedad-y-universidad-y-el-eti\/#article","isPartOf":{"@id":"https:\/\/www.fcejs.unsl.edu.ar\/index.php\/dia-internacional-de-la-mujer-trabajadora-pronunciamiento-del-programa-genero-sociedad-y-universidad-y-el-eti\/"},"author":{"name":"Cristian Payero","@id":"https:\/\/www.fcejs.unsl.edu.ar\/#\/schema\/person\/c7478ec126774e3a0f95e61ceddccac6"},"headline":"D\u00eda Internacional de la Mujer Trabajadora: pronunciamiento del Programa G\u00e9nero, Sociedad y Universidad y el ETI","datePublished":"2026-03-08T17:11:06+00:00","dateModified":"2026-03-10T11:56:47+00:00","mainEntityOfPage":{"@id":"https:\/\/www.fcejs.unsl.edu.ar\/index.php\/dia-internacional-de-la-mujer-trabajadora-pronunciamiento-del-programa-genero-sociedad-y-universidad-y-el-eti\/"},"wordCount":280,"publisher":{"@id":"https:\/\/www.fcejs.unsl.edu.ar\/#organization"},"image":{"@id":"https:\/\/www.fcejs.unsl.edu.ar\/index.php\/dia-internacional-de-la-mujer-trabajadora-pronunciamiento-del-programa-genero-sociedad-y-universidad-y-el-eti\/#primaryimage"},"thumbnailUrl":"https:\/\/www.fcejs.unsl.edu.ar\/wp-content\/uploads\/2026\/03\/placa-web8m.jpg.jpeg","articleSection":["Noticias","Principal"],"inLanguage":"es-AR"},{"@type":"WebPage","@id":"https:\/\/www.fcejs.unsl.edu.ar\/index.php\/dia-internacional-de-la-mujer-trabajadora-pronunciamiento-del-programa-genero-sociedad-y-universidad-y-el-eti\/","url":"https:\/\/www.fcejs.unsl.edu.ar\/index.php\/dia-internacional-de-la-mujer-trabajadora-pronunciamiento-del-programa-genero-sociedad-y-universidad-y-el-eti\/","name":"D\u00eda Internacional de la Mujer Trabajadora: pronunciamiento del Programa G\u00e9nero, Sociedad y Universidad y el ETI - Facultad de Ciencias Econ\u00f3micas, Jur\u00ed\u00addicas y Sociales","isPartOf":{"@id":"https:\/\/www.fcejs.unsl.edu.ar\/#website"},"primaryImageOfPage":{"@id":"https:\/\/www.fcejs.unsl.edu.ar\/index.php\/dia-internacional-de-la-mujer-trabajadora-pronunciamiento-del-programa-genero-sociedad-y-universidad-y-el-eti\/#primaryimage"},"image":{"@id":"https:\/\/www.fcejs.unsl.edu.ar\/index.php\/dia-internacional-de-la-mujer-trabajadora-pronunciamiento-del-programa-genero-sociedad-y-universidad-y-el-eti\/#primaryimage"},"thumbnailUrl":"https:\/\/www.fcejs.unsl.edu.ar\/wp-content\/uploads\/2026\/03\/placa-web8m.jpg.jpeg","datePublished":"2026-03-08T17:11:06+00:00","dateModified":"2026-03-10T11:56:47+00:00","breadcrumb":{"@id":"https:\/\/www.fcejs.unsl.edu.ar\/index.php\/dia-internacional-de-la-mujer-trabajadora-pronunciamiento-del-programa-genero-sociedad-y-universidad-y-el-eti\/#breadcrumb"},"inLanguage":"es-AR","potentialAction":[{"@type":"ReadAction","target":["https:\/\/www.fcejs.unsl.edu.ar\/index.php\/dia-internacional-de-la-mujer-trabajadora-pronunciamiento-del-programa-genero-sociedad-y-universidad-y-el-eti\/"]}]},{"@type":"ImageObject","inLanguage":"es-AR","@id":"https:\/\/www.fcejs.unsl.edu.ar\/index.php\/dia-internacional-de-la-mujer-trabajadora-pronunciamiento-del-programa-genero-sociedad-y-universidad-y-el-eti\/#primaryimage","url":"https:\/\/www.fcejs.unsl.edu.ar\/wp-content\/uploads\/2026\/03\/placa-web8m.jpg.jpeg","contentUrl":"https:\/\/www.fcejs.unsl.edu.ar\/wp-content\/uploads\/2026\/03\/placa-web8m.jpg.jpeg","width":1153,"height":648},{"@type":"BreadcrumbList","@id":"https:\/\/www.fcejs.unsl.edu.ar\/index.php\/dia-internacional-de-la-mujer-trabajadora-pronunciamiento-del-programa-genero-sociedad-y-universidad-y-el-eti\/#breadcrumb","itemListElement":[{"@type":"ListItem","position":1,"name":"Inicio","item":"https:\/\/www.fcejs.unsl.edu.ar\/"},{"@type":"ListItem","position":2,"name":"D\u00eda Internacional de la Mujer Trabajadora: pronunciamiento del Programa G\u00e9nero, Sociedad y Universidad y el ETI"}]},{"@type":"WebSite","@id":"https:\/\/www.fcejs.unsl.edu.ar\/#website","url":"https:\/\/www.fcejs.unsl.edu.ar\/","name":"Facultad de Ciencias Econ\u00f3micas, Jur\u00ed\u00addicas y Sociales","description":"","publisher":{"@id":"https:\/\/www.fcejs.unsl.edu.ar\/#organization"},"potentialAction":[{"@type":"SearchAction","target":{"@type":"EntryPoint","urlTemplate":"https:\/\/www.fcejs.unsl.edu.ar\/?s={search_term_string}"},"query-input":{"@type":"PropertyValueSpecification","valueRequired":true,"valueName":"search_term_string"}}],"inLanguage":"es-AR"},{"@type":"Organization","@id":"https:\/\/www.fcejs.unsl.edu.ar\/#organization","name":"Facultad de Ciencias Econ\u00f3micas, Jur\u00eddicas y Sociales","url":"https:\/\/www.fcejs.unsl.edu.ar\/","logo":{"@type":"ImageObject","inLanguage":"es-AR","@id":"https:\/\/www.fcejs.unsl.edu.ar\/#\/schema\/logo\/image\/","url":"https:\/\/www.fcejs.unsl.edu.ar\/wp-content\/uploads\/2021\/03\/logo-1.jpg","contentUrl":"https:\/\/www.fcejs.unsl.edu.ar\/wp-content\/uploads\/2021\/03\/logo-1.jpg","width":471,"height":146,"caption":"Facultad de Ciencias Econ\u00f3micas, Jur\u00eddicas y Sociales"},"image":{"@id":"https:\/\/www.fcejs.unsl.edu.ar\/#\/schema\/logo\/image\/"},"sameAs":["https:\/\/www.facebook.com\/FCEJS.UNSL\/","https:\/\/x.com\/FCEJSUNSL","https:\/\/www.instagram.com\/fcejs.unsl\/","https:\/\/www.youtube.com\/channel\/UCH-Ut6EaN_X5ogjIQMPe46g\/"]},{"@type":"Person","@id":"https:\/\/www.fcejs.unsl.edu.ar\/#\/schema\/person\/c7478ec126774e3a0f95e61ceddccac6","name":"Cristian Payero"}]}},"jetpack_featured_media_url":"https:\/\/www.fcejs.unsl.edu.ar\/wp-content\/uploads\/2026\/03\/placa-web8m.jpg.jpeg","_links":{"self":[{"href":"https:\/\/www.fcejs.unsl.edu.ar\/index.php\/wp-json\/wp\/v2\/posts\/23866","targetHints":{"allow":["GET"]}}],"collection":[{"href":"https:\/\/www.fcejs.unsl.edu.ar\/index.php\/wp-json\/wp\/v2\/posts"}],"about":[{"href":"https:\/\/www.fcejs.unsl.edu.ar\/index.php\/wp-json\/wp\/v2\/types\/post"}],"author":[{"embeddable":true,"href":"https:\/\/www.fcejs.unsl.edu.ar\/index.php\/wp-json\/wp\/v2\/users\/15"}],"replies":[{"embeddable":true,"href":"https:\/\/www.fcejs.unsl.edu.ar\/index.php\/wp-json\/wp\/v2\/comments?post=23866"}],"version-history":[{"count":1,"href":"https:\/\/www.fcejs.unsl.edu.ar\/index.php\/wp-json\/wp\/v2\/posts\/23866\/revisions"}],"predecessor-version":[{"id":23868,"href":"https:\/\/www.fcejs.unsl.edu.ar\/index.php\/wp-json\/wp\/v2\/posts\/23866\/revisions\/23868"}],"wp:featuredmedia":[{"embeddable":true,"href":"https:\/\/www.fcejs.unsl.edu.ar\/index.php\/wp-json\/wp\/v2\/media\/23869"}],"wp:attachment":[{"href":"https:\/\/www.fcejs.unsl.edu.ar\/index.php\/wp-json\/wp\/v2\/media?parent=23866"}],"wp:term":[{"taxonomy":"category","embeddable":true,"href":"https:\/\/www.fcejs.unsl.edu.ar\/index.php\/wp-json\/wp\/v2\/categories?post=23866"},{"taxonomy":"post_tag","embeddable":true,"href":"https:\/\/www.fcejs.unsl.edu.ar\/index.php\/wp-json\/wp\/v2\/tags?post=23866"}],"curies":[{"name":"wp","href":"https:\/\/api.w.org\/{rel}","templated":true}]}}