{"id":23834,"date":"2026-03-06T11:14:59","date_gmt":"2026-03-06T14:14:59","guid":{"rendered":"https:\/\/www.fcejs.unsl.edu.ar\/?p=23834"},"modified":"2026-03-06T12:21:39","modified_gmt":"2026-03-06T15:21:39","slug":"la-fcejs-fortalece-su-infraestructura-academica-inauguracion-de-nuevas-aulas-y-obras-de-accesibilidad","status":"publish","type":"post","link":"https:\/\/www.fcejs.unsl.edu.ar\/index.php\/la-fcejs-fortalece-su-infraestructura-academica-inauguracion-de-nuevas-aulas-y-obras-de-accesibilidad\/","title":{"rendered":"La FCEJS fortalece su infraestructura acad\u00e9mica: inauguraci\u00f3n de nuevas aulas y obras de accesibilidad"},"content":{"rendered":"<p data-start=\"144\" data-end=\"531\">La FCEJS integra nuevos espacios para fortalecer las actividades acad\u00e9micas. Durante la ma\u00f1ana del jueves 5 de marzo de 2026 se llevaron a cabo las inauguraciones de la <strong>obra de accesibilidad para Aulas Especiales FCEJS<\/strong> y de las <strong>aulas \u201cInteligente\u201d, \u201cLitigaci\u00f3n Penal\u201d y \u201cProgramas Especiales\u201d,<\/strong> situadas en el Bloque de Aulas Especiales del Campus Universitario Villa Mercedes de la UNSL.<\/p>\n<p data-start=\"533\" data-end=\"925\">El corte de cinta inaugural fue realizado por el rector de la UNSL, Dr. Ra\u00fal Gil; el decano de la FCEJS, Mgtr. H\u00e9ctor Flores; la ministra de Seguridad de la Provincia, Lic. Nancy Sosa; la vicedecana de la FCEJS, Esp. Patricia Mor\u00e1n; y el vicedecano de la FICA, Mgtr. Guillermo Mart\u00ednez, ante la presencia de autoridades municipales, universitarias, docentes y estudiantes de ambas facultades.<\/p>\n<p data-start=\"533\" data-end=\"925\"><img fetchpriority=\"high\" decoding=\"async\" class=\"alignnone wp-image-23838 size-full\" src=\"https:\/\/www.fcejs.unsl.edu.ar\/wp-content\/uploads\/2026\/03\/Inauguracion-Acceso-Aulas-71.jpg\" alt=\"\" width=\"1099\" height=\"733\" srcset=\"https:\/\/www.fcejs.unsl.edu.ar\/wp-content\/uploads\/2026\/03\/Inauguracion-Acceso-Aulas-71.jpg 1099w, https:\/\/www.fcejs.unsl.edu.ar\/wp-content\/uploads\/2026\/03\/Inauguracion-Acceso-Aulas-71-300x200.jpg 300w, https:\/\/www.fcejs.unsl.edu.ar\/wp-content\/uploads\/2026\/03\/Inauguracion-Acceso-Aulas-71-1024x683.jpg 1024w, https:\/\/www.fcejs.unsl.edu.ar\/wp-content\/uploads\/2026\/03\/Inauguracion-Acceso-Aulas-71-768x512.jpg 768w\" sizes=\"(max-width: 1099px) 100vw, 1099px\" \/><\/p>\n<p data-start=\"927\" data-end=\"1223\">El decano, Mgtr. H\u00e9ctor Flores, manifest\u00f3 que la obra de accesibilidad al Bloque de Aulas Especiales signific\u00f3 una inversi\u00f3n aproximada de 30 millones de pesos realizada por la FCEJS. Se trata de un nuevo ingreso destinado a mejorar el acceso y la circulaci\u00f3n en sectores estrat\u00e9gicos del predio.<\/p>\n<p data-start=\"1225\" data-end=\"1637\">\u201cHoy estamos felices de haber podido hacer esta obra porque nos permite, fundamentalmente, integrar este bloque de aulas especiales al resto del edificio principal del Campus. No solamente se trata de integrar, sino de integrar e incluir. Es un espacio que podr\u00e1 ser usado para distintas actividades acad\u00e9micas y, en particular, con algunas caracter\u00edsticas propias en cada una\u201d, puntualiz\u00f3 el decano de la FCEJS.<\/p>\n<p data-start=\"1639\" data-end=\"2008\">Sobre las nuevas aulas que integran este bloque, se destacan un aula destinada a programas de la FCEJS; un aula de \u201cLitigaci\u00f3n Penal\u201d para la carrera de Abogac\u00eda, equipada para simular un tribunal oral; y un aula Inteligente, donde las y los docentes contar\u00e1n con tecnolog\u00eda de \u00faltima generaci\u00f3n que permitir\u00e1 mejorar las experiencias de ense\u00f1anza presencial y virtual.<\/p>\n<p data-start=\"2010\" data-end=\"2235\">Sobre el <strong>aula Inteligente<\/strong>, el decano Flores expres\u00f3 que, con el objetivo de fortalecer la calidad educativa de la nueva Licenciatura en Seguridad P\u00fablica, la FCEJS adquiri\u00f3 equipamiento tecnol\u00f3gico por un valor de $5.936.444.<\/p>\n<p data-start=\"2237\" data-end=\"2509\">Esta nueva aula permitir\u00e1 desarrollar clases de alta calidad audiovisual, registrar actividades acad\u00e9micas, sostener pr\u00e1cticas formativas en tiempo real y favorecer la interacci\u00f3n entre estudiantes, docentes y profesionales invitados, sin importar su ubicaci\u00f3n geogr\u00e1fica.<\/p>\n<p data-start=\"2511\" data-end=\"2962\">\u201cCon este objetivo se concret\u00f3 la incorporaci\u00f3n de un amplio conjunto de recursos tecnol\u00f3gicos destinados a garantizar la participaci\u00f3n simult\u00e1nea de estudiantes presenciales y remotos, optimizar las clases sincr\u00f3nicas y ampliar las posibilidades pedag\u00f3gicas de la propuesta formativa. Este espacio potenciar\u00e1 el proceso de ense\u00f1anza-aprendizaje de la primera cohorte de la Licenciatura en Seguridad P\u00fablica\u201d, manifest\u00f3 el decano, Mgtr. H\u00e9ctor Flores.<\/p>\n<p>Al respecto <strong>el Rector, Dr. Rau Gil <\/strong>expres\u00f3 que estas nuevas aulas representan una jornada de alegr\u00eda para la UNSL \u201cporque vemos que, a pesar de estar en una situaci\u00f3n muy compleja, presupuestaria y que tenemos que optimizar much\u00edsimo los recursos, es un modelo para el resto de la UNSL que nos llena de orgullo y que nos entusiasma seguir trabajando en este sentido\u201d.<\/p>\n<p data-start=\"2511\" data-end=\"2962\"><img decoding=\"async\" class=\"alignnone wp-image-23839 size-full\" src=\"https:\/\/www.fcejs.unsl.edu.ar\/wp-content\/uploads\/2026\/03\/Inauguracion-Acceso-Aulas-36.jpg\" alt=\"\" width=\"1099\" height=\"733\" srcset=\"https:\/\/www.fcejs.unsl.edu.ar\/wp-content\/uploads\/2026\/03\/Inauguracion-Acceso-Aulas-36.jpg 1099w, https:\/\/www.fcejs.unsl.edu.ar\/wp-content\/uploads\/2026\/03\/Inauguracion-Acceso-Aulas-36-300x200.jpg 300w, https:\/\/www.fcejs.unsl.edu.ar\/wp-content\/uploads\/2026\/03\/Inauguracion-Acceso-Aulas-36-1024x683.jpg 1024w, https:\/\/www.fcejs.unsl.edu.ar\/wp-content\/uploads\/2026\/03\/Inauguracion-Acceso-Aulas-36-768x512.jpg 768w\" sizes=\"(max-width: 1099px) 100vw, 1099px\" \/><\/p>\n<p data-start=\"2964\" data-end=\"3288\">Luego de mejorada la infraestructura en materia de seguridad del bloque, estudiantes de la carrera de Abogac\u00eda y del Departamento de Ciencia Jur\u00eddica y Pol\u00edtica podr\u00e1n emplear el aula de \u201cLitigaci\u00f3n Penal\u201d, un espacio dise\u00f1ado para simulacros de juicio oral conforme a las t\u00e9cnicas de litigaci\u00f3n oral del sistema acusatorio.<\/p>\n<p data-start=\"3290\" data-end=\"3532\">\u201cPara la FCEJS es fundamental, porque es un aula de avanzada, con toda la tecnolog\u00eda necesaria para simular un tribunal oral, lo cual permitir\u00e1 mejorar la calidad del proceso de ense\u00f1anza-aprendizaje\u201d, opin\u00f3 al respecto el decano de la FCEJS.<\/p>\n<p data-start=\"3534\" data-end=\"3808\">Durante el acto inaugural, la vicedecana, Esp. Patricia Mor\u00e1n, present\u00f3 el aula \u201cProgramas Especiales\u201d, un espacio destinado a los diferentes programas y centros de la FCEJS que permitir\u00e1 realizar \u201cencuentros acad\u00e9micos, de reflexi\u00f3n e intercambios de pareceres y opciones\u201d.<\/p>\n<p data-start=\"3534\" data-end=\"3808\"><img decoding=\"async\" class=\"alignnone wp-image-23837 size-full\" src=\"https:\/\/www.fcejs.unsl.edu.ar\/wp-content\/uploads\/2026\/03\/Inauguracion-Acceso-Aulas-29.jpg\" alt=\"\" width=\"1100\" height=\"733\" srcset=\"https:\/\/www.fcejs.unsl.edu.ar\/wp-content\/uploads\/2026\/03\/Inauguracion-Acceso-Aulas-29.jpg 1100w, https:\/\/www.fcejs.unsl.edu.ar\/wp-content\/uploads\/2026\/03\/Inauguracion-Acceso-Aulas-29-300x200.jpg 300w, https:\/\/www.fcejs.unsl.edu.ar\/wp-content\/uploads\/2026\/03\/Inauguracion-Acceso-Aulas-29-1024x682.jpg 1024w, https:\/\/www.fcejs.unsl.edu.ar\/wp-content\/uploads\/2026\/03\/Inauguracion-Acceso-Aulas-29-768x512.jpg 768w\" sizes=\"(max-width: 1100px) 100vw, 1100px\" \/><\/p>\n<p data-start=\"3810\" data-end=\"4194\">Para el decano, el uso de la tecnolog\u00eda es clave en la formaci\u00f3n acad\u00e9mica de los profesionales del presente y del futuro. Destac\u00f3 que los nuevos espacios se suman al aula de \u201cC\u00f3mputos\u201d, inaugurada durante 2025, un espacio \u00e1ulico dise\u00f1ado para dictar asignaturas correspondientes a distintas carreras de ambas facultades que requieran computadoras con capacidad y software espec\u00edfico.<\/p>\n<p data-start=\"4196\" data-end=\"4414\">\u201c<strong>Uno de los objetivos principales de la creaci\u00f3n de este bloque de aulas es eliminar barreras para mejorar siempre la calidad del proceso de ense\u00f1anza\u201d, puntualiz\u00f3 por \u00faltimo el decano de la FCEJS, Mgtr. H\u00e9ctor Flores.<\/strong><\/p>\n<p data-start=\"4196\" data-end=\"4414\"><div class=\"gmedia_gallery phantom_module is_bot\" id=\"GmediaGallery_331\" data-gmid=\"331\" data-module=\"phantom\"><style type='text\/css' class='gmedia_module_style_import'>@import url('https:\/\/www.fcejs.unsl.edu.ar\/wp-content\/plugins\/grand-media\/module\/phantom\/css\/style.css') all;<\/style>    <div class=\"gmPhantom_Container noLightbox\" >\r\n                <div class=\"gmPhantom_thumbsWrapper gmPhantom_ThumbScale gmPhantom_LabelHover\">\r\n                        <div class=\"gmPhantom_ThumbContainer gmPhantom_ThumbLoader\" data-id=\"5895\" data-post_id=\"23861\" data-ratio=\"1.5\" data-type=\"image\" data-ext=\"jpg\" data-views=\"1\" data-likes=\"0\" data-cc=\"0\" data-post_link=\"https:\/\/www.fcejs.unsl.edu.ar\/index.php\/gmedia\/inauguraci_n_acceso_aulas-35-jpg\/\">\r\n                <a href=\"https:\/\/www.fcejs.unsl.edu.ar\/wp-content\/grand-media\/image\/Inauguraci_n_Acceso_Aulas-35.jpg\" class=\"gmPhantom_Thumb\"><img decoding=\"async\" src=\"https:\/\/www.fcejs.unsl.edu.ar\/wp-content\/grand-media\/image\/thumb\/Inauguraci_n_Acceso_Aulas-35.jpg\" data-src=\"https:\/\/www.fcejs.unsl.edu.ar\/wp-content\/grand-media\/image\/Inauguraci_n_Acceso_Aulas-35.jpg\" alt=\"Inauguraci\u00f3n Acceso Aulas-35\"\/><\/a>\r\n                                    <div class=\"gmPhantom_ThumbLabel\"><span class=\"gmPhantom_ThumbLabel_title\">Inauguraci\u00f3n Acceso Aulas-35<\/span><\/div>\r\n                                    <div style=\"display:none;\" class=\"gmPhantom_Details\">\r\n                                            <div class=\"gmPhantom_description\">\r\n                            <div class=\"gmPhantom_title\">Inauguraci\u00f3n Acceso Aulas-35<\/div>\r\n                            <div class=\"gmPhantom_text\"><\/div>\r\n                        <\/div>\r\n                                                            <div class=\"gmPhantom_terms\">\r\n                                                    <div class=\"gmPhantom_other_terms\">\r\n                                <table class=\"gmPhantom_other_terms_table\">\r\n                                                                            <tr class=\"gmPhantom_term_row_album\">\r\n                                            <td class=\"gmPhantom_term_key\">Album<\/td>\r\n                                            <td class=\"gmPhantom_term_value\"><a href=\"\/index.php\/wp-json\/wp\/v2\/posts\/23834?gm331[album__in]=331\" class=\"gmPhantom_alb\">acceso bloque-aulas-2026<\/a><\/td>\r\n                                        <\/tr>\r\n                                                                    <\/table>\r\n                            <\/div>\r\n                                                <\/div>\r\n                <\/div>\r\n                <\/div>            <div class=\"gmPhantom_ThumbContainer gmPhantom_ThumbLoader\" data-id=\"5894\" data-post_id=\"23860\" data-ratio=\"1.5\" data-type=\"image\" data-ext=\"jpg\" data-views=\"1\" data-likes=\"0\" data-cc=\"0\" data-post_link=\"https:\/\/www.fcejs.unsl.edu.ar\/index.php\/gmedia\/inauguraci_n_acceso_aulas-33-jpg\/\">\r\n                <a href=\"https:\/\/www.fcejs.unsl.edu.ar\/wp-content\/grand-media\/image\/Inauguraci_n_Acceso_Aulas-33.jpg\" class=\"gmPhantom_Thumb\"><img decoding=\"async\" src=\"https:\/\/www.fcejs.unsl.edu.ar\/wp-content\/grand-media\/image\/thumb\/Inauguraci_n_Acceso_Aulas-33.jpg\" data-src=\"https:\/\/www.fcejs.unsl.edu.ar\/wp-content\/grand-media\/image\/Inauguraci_n_Acceso_Aulas-33.jpg\" alt=\"Inauguraci\u00f3n Acceso Aulas-33\"\/><\/a>\r\n                                    <div class=\"gmPhantom_ThumbLabel\"><span class=\"gmPhantom_ThumbLabel_title\">Inauguraci\u00f3n Acceso Aulas-33<\/span><\/div>\r\n                                    <div style=\"display:none;\" class=\"gmPhantom_Details\">\r\n                                            <div class=\"gmPhantom_description\">\r\n                            <div class=\"gmPhantom_title\">Inauguraci\u00f3n Acceso Aulas-33<\/div>\r\n                            <div class=\"gmPhantom_text\"><\/div>\r\n                        <\/div>\r\n                                                            <div class=\"gmPhantom_terms\">\r\n                                                    <div class=\"gmPhantom_other_terms\">\r\n                                <table class=\"gmPhantom_other_terms_table\">\r\n                                                                            <tr class=\"gmPhantom_term_row_album\">\r\n                                            <td class=\"gmPhantom_term_key\">Album<\/td>\r\n                                            <td class=\"gmPhantom_term_value\"><a href=\"\/index.php\/wp-json\/wp\/v2\/posts\/23834?gm331[album__in]=331\" class=\"gmPhantom_alb\">acceso bloque-aulas-2026<\/a><\/td>\r\n                                        <\/tr>\r\n                                                                    <\/table>\r\n                            <\/div>\r\n                                                <\/div>\r\n                <\/div>\r\n                <\/div>            <div class=\"gmPhantom_ThumbContainer gmPhantom_ThumbLoader\" data-id=\"5893\" data-post_id=\"23859\" data-ratio=\"1.5\" data-type=\"image\" data-ext=\"jpg\" data-views=\"1\" data-likes=\"0\" data-cc=\"0\" data-post_link=\"https:\/\/www.fcejs.unsl.edu.ar\/index.php\/gmedia\/inauguraci_n_acceso_aulas-32-jpg\/\">\r\n                <a href=\"https:\/\/www.fcejs.unsl.edu.ar\/wp-content\/grand-media\/image\/Inauguraci_n_Acceso_Aulas-32.jpg\" class=\"gmPhantom_Thumb\"><img decoding=\"async\" src=\"https:\/\/www.fcejs.unsl.edu.ar\/wp-content\/grand-media\/image\/thumb\/Inauguraci_n_Acceso_Aulas-32.jpg\" data-src=\"https:\/\/www.fcejs.unsl.edu.ar\/wp-content\/grand-media\/image\/Inauguraci_n_Acceso_Aulas-32.jpg\" alt=\"Inauguraci\u00f3n Acceso Aulas-32\"\/><\/a>\r\n                                    <div class=\"gmPhantom_ThumbLabel\"><span class=\"gmPhantom_ThumbLabel_title\">Inauguraci\u00f3n Acceso Aulas-32<\/span><\/div>\r\n                                    <div style=\"display:none;\" class=\"gmPhantom_Details\">\r\n                                            <div class=\"gmPhantom_description\">\r\n                            <div class=\"gmPhantom_title\">Inauguraci\u00f3n Acceso Aulas-32<\/div>\r\n                            <div class=\"gmPhantom_text\"><\/div>\r\n                        <\/div>\r\n                                                            <div class=\"gmPhantom_terms\">\r\n                                                    <div class=\"gmPhantom_other_terms\">\r\n                                <table class=\"gmPhantom_other_terms_table\">\r\n                                                                            <tr class=\"gmPhantom_term_row_album\">\r\n                                            <td class=\"gmPhantom_term_key\">Album<\/td>\r\n                                            <td class=\"gmPhantom_term_value\"><a href=\"\/index.php\/wp-json\/wp\/v2\/posts\/23834?gm331[album__in]=331\" class=\"gmPhantom_alb\">acceso bloque-aulas-2026<\/a><\/td>\r\n                                        <\/tr>\r\n                                                                    <\/table>\r\n                            <\/div>\r\n                                                <\/div>\r\n                <\/div>\r\n                <\/div>            <div class=\"gmPhantom_ThumbContainer gmPhantom_ThumbLoader\" data-id=\"5892\" data-post_id=\"23858\" data-ratio=\"1.5\" data-type=\"image\" data-ext=\"jpg\" data-views=\"1\" data-likes=\"0\" data-cc=\"0\" data-post_link=\"https:\/\/www.fcejs.unsl.edu.ar\/index.php\/gmedia\/inauguraci_n_acceso_aulas-28-jpg\/\">\r\n                <a href=\"https:\/\/www.fcejs.unsl.edu.ar\/wp-content\/grand-media\/image\/Inauguraci_n_Acceso_Aulas-28.jpg\" class=\"gmPhantom_Thumb\"><img decoding=\"async\" src=\"https:\/\/www.fcejs.unsl.edu.ar\/wp-content\/grand-media\/image\/thumb\/Inauguraci_n_Acceso_Aulas-28.jpg\" data-src=\"https:\/\/www.fcejs.unsl.edu.ar\/wp-content\/grand-media\/image\/Inauguraci_n_Acceso_Aulas-28.jpg\" alt=\"Inauguraci\u00f3n Acceso Aulas-28\"\/><\/a>\r\n                                    <div class=\"gmPhantom_ThumbLabel\"><span class=\"gmPhantom_ThumbLabel_title\">Inauguraci\u00f3n Acceso Aulas-28<\/span><\/div>\r\n                                    <div style=\"display:none;\" class=\"gmPhantom_Details\">\r\n                                            <div class=\"gmPhantom_description\">\r\n                            <div class=\"gmPhantom_title\">Inauguraci\u00f3n Acceso Aulas-28<\/div>\r\n                            <div class=\"gmPhantom_text\"><\/div>\r\n                        <\/div>\r\n                                                            <div class=\"gmPhantom_terms\">\r\n                                                    <div class=\"gmPhantom_other_terms\">\r\n                                <table class=\"gmPhantom_other_terms_table\">\r\n                                                                            <tr class=\"gmPhantom_term_row_album\">\r\n                                            <td class=\"gmPhantom_term_key\">Album<\/td>\r\n                                            <td class=\"gmPhantom_term_value\"><a href=\"\/index.php\/wp-json\/wp\/v2\/posts\/23834?gm331[album__in]=331\" class=\"gmPhantom_alb\">acceso bloque-aulas-2026<\/a><\/td>\r\n                                        <\/tr>\r\n                                                                    <\/table>\r\n                            <\/div>\r\n                                                <\/div>\r\n                <\/div>\r\n                <\/div>            <div class=\"gmPhantom_ThumbContainer gmPhantom_ThumbLoader\" data-id=\"5891\" data-post_id=\"23857\" data-ratio=\"1.5\" data-type=\"image\" data-ext=\"jpg\" data-views=\"1\" data-likes=\"0\" data-cc=\"0\" data-post_link=\"https:\/\/www.fcejs.unsl.edu.ar\/index.php\/gmedia\/inauguraci_n_acceso_aulas-26-jpg\/\">\r\n                <a href=\"https:\/\/www.fcejs.unsl.edu.ar\/wp-content\/grand-media\/image\/Inauguraci_n_Acceso_Aulas-26.jpg\" class=\"gmPhantom_Thumb\"><img decoding=\"async\" src=\"https:\/\/www.fcejs.unsl.edu.ar\/wp-content\/grand-media\/image\/thumb\/Inauguraci_n_Acceso_Aulas-26.jpg\" data-src=\"https:\/\/www.fcejs.unsl.edu.ar\/wp-content\/grand-media\/image\/Inauguraci_n_Acceso_Aulas-26.jpg\" alt=\"Inauguraci\u00f3n Acceso Aulas-26\"\/><\/a>\r\n                                    <div class=\"gmPhantom_ThumbLabel\"><span class=\"gmPhantom_ThumbLabel_title\">Inauguraci\u00f3n Acceso Aulas-26<\/span><\/div>\r\n                                    <div style=\"display:none;\" class=\"gmPhantom_Details\">\r\n                                            <div class=\"gmPhantom_description\">\r\n                            <div class=\"gmPhantom_title\">Inauguraci\u00f3n Acceso Aulas-26<\/div>\r\n                            <div class=\"gmPhantom_text\"><\/div>\r\n                        <\/div>\r\n                                                            <div class=\"gmPhantom_terms\">\r\n                                                    <div class=\"gmPhantom_other_terms\">\r\n                                <table class=\"gmPhantom_other_terms_table\">\r\n                                                                            <tr class=\"gmPhantom_term_row_album\">\r\n                                            <td class=\"gmPhantom_term_key\">Album<\/td>\r\n                                            <td class=\"gmPhantom_term_value\"><a href=\"\/index.php\/wp-json\/wp\/v2\/posts\/23834?gm331[album__in]=331\" class=\"gmPhantom_alb\">acceso bloque-aulas-2026<\/a><\/td>\r\n                                        <\/tr>\r\n                                                                    <\/table>\r\n                            <\/div>\r\n                                                <\/div>\r\n                <\/div>\r\n                <\/div>            <div class=\"gmPhantom_ThumbContainer gmPhantom_ThumbLoader\" data-id=\"5890\" data-post_id=\"23856\" data-ratio=\"1.5\" data-type=\"image\" data-ext=\"jpg\" data-views=\"1\" data-likes=\"0\" data-cc=\"0\" data-post_link=\"https:\/\/www.fcejs.unsl.edu.ar\/index.php\/gmedia\/inauguraci_n_acceso_aulas-24-jpg\/\">\r\n                <a href=\"https:\/\/www.fcejs.unsl.edu.ar\/wp-content\/grand-media\/image\/Inauguraci_n_Acceso_Aulas-24.jpg\" class=\"gmPhantom_Thumb\"><img decoding=\"async\" src=\"https:\/\/www.fcejs.unsl.edu.ar\/wp-content\/grand-media\/image\/thumb\/Inauguraci_n_Acceso_Aulas-24.jpg\" data-src=\"https:\/\/www.fcejs.unsl.edu.ar\/wp-content\/grand-media\/image\/Inauguraci_n_Acceso_Aulas-24.jpg\" alt=\"Inauguraci\u00f3n Acceso Aulas-24\"\/><\/a>\r\n                                    <div class=\"gmPhantom_ThumbLabel\"><span class=\"gmPhantom_ThumbLabel_title\">Inauguraci\u00f3n Acceso Aulas-24<\/span><\/div>\r\n                                    <div style=\"display:none;\" class=\"gmPhantom_Details\">\r\n                                            <div class=\"gmPhantom_description\">\r\n                            <div class=\"gmPhantom_title\">Inauguraci\u00f3n Acceso Aulas-24<\/div>\r\n                            <div class=\"gmPhantom_text\"><\/div>\r\n                        <\/div>\r\n                                                            <div class=\"gmPhantom_terms\">\r\n                                                    <div class=\"gmPhantom_other_terms\">\r\n                                <table class=\"gmPhantom_other_terms_table\">\r\n                                                                            <tr class=\"gmPhantom_term_row_album\">\r\n                                            <td class=\"gmPhantom_term_key\">Album<\/td>\r\n                                            <td class=\"gmPhantom_term_value\"><a href=\"\/index.php\/wp-json\/wp\/v2\/posts\/23834?gm331[album__in]=331\" class=\"gmPhantom_alb\">acceso bloque-aulas-2026<\/a><\/td>\r\n                                        <\/tr>\r\n                                                                    <\/table>\r\n                            <\/div>\r\n                                                <\/div>\r\n                <\/div>\r\n                <\/div>            <div class=\"gmPhantom_ThumbContainer gmPhantom_ThumbLoader\" data-id=\"5889\" data-post_id=\"23855\" data-ratio=\"1.5\" data-type=\"image\" data-ext=\"jpg\" data-views=\"1\" data-likes=\"0\" data-cc=\"0\" data-post_link=\"https:\/\/www.fcejs.unsl.edu.ar\/index.php\/gmedia\/inauguraci_n_acceso_aulas-22-jpg\/\">\r\n                <a href=\"https:\/\/www.fcejs.unsl.edu.ar\/wp-content\/grand-media\/image\/Inauguraci_n_Acceso_Aulas-22.jpg\" class=\"gmPhantom_Thumb\"><img decoding=\"async\" src=\"https:\/\/www.fcejs.unsl.edu.ar\/wp-content\/grand-media\/image\/thumb\/Inauguraci_n_Acceso_Aulas-22.jpg\" data-src=\"https:\/\/www.fcejs.unsl.edu.ar\/wp-content\/grand-media\/image\/Inauguraci_n_Acceso_Aulas-22.jpg\" alt=\"Inauguraci\u00f3n Acceso Aulas-22\"\/><\/a>\r\n                                    <div class=\"gmPhantom_ThumbLabel\"><span class=\"gmPhantom_ThumbLabel_title\">Inauguraci\u00f3n Acceso Aulas-22<\/span><\/div>\r\n                                    <div style=\"display:none;\" class=\"gmPhantom_Details\">\r\n                                            <div class=\"gmPhantom_description\">\r\n                            <div class=\"gmPhantom_title\">Inauguraci\u00f3n Acceso Aulas-22<\/div>\r\n                            <div class=\"gmPhantom_text\"><\/div>\r\n                        <\/div>\r\n                                                            <div class=\"gmPhantom_terms\">\r\n                                                    <div class=\"gmPhantom_other_terms\">\r\n                                <table class=\"gmPhantom_other_terms_table\">\r\n                                                                            <tr class=\"gmPhantom_term_row_album\">\r\n                                            <td class=\"gmPhantom_term_key\">Album<\/td>\r\n                                            <td class=\"gmPhantom_term_value\"><a href=\"\/index.php\/wp-json\/wp\/v2\/posts\/23834?gm331[album__in]=331\" class=\"gmPhantom_alb\">acceso bloque-aulas-2026<\/a><\/td>\r\n                                        <\/tr>\r\n                                                                    <\/table>\r\n                            <\/div>\r\n                                                <\/div>\r\n                <\/div>\r\n                <\/div>            <div class=\"gmPhantom_ThumbContainer gmPhantom_ThumbLoader\" data-id=\"5888\" data-post_id=\"23854\" data-ratio=\"1.5\" data-type=\"image\" data-ext=\"jpg\" data-views=\"1\" data-likes=\"0\" data-cc=\"0\" data-post_link=\"https:\/\/www.fcejs.unsl.edu.ar\/index.php\/gmedia\/inauguraci_n_acceso_aulas-17-jpg\/\">\r\n                <a href=\"https:\/\/www.fcejs.unsl.edu.ar\/wp-content\/grand-media\/image\/Inauguraci_n_Acceso_Aulas-17.jpg\" class=\"gmPhantom_Thumb\"><img decoding=\"async\" src=\"https:\/\/www.fcejs.unsl.edu.ar\/wp-content\/grand-media\/image\/thumb\/Inauguraci_n_Acceso_Aulas-17.jpg\" data-src=\"https:\/\/www.fcejs.unsl.edu.ar\/wp-content\/grand-media\/image\/Inauguraci_n_Acceso_Aulas-17.jpg\" alt=\"Inauguraci\u00f3n Acceso Aulas-17\"\/><\/a>\r\n                                    <div class=\"gmPhantom_ThumbLabel\"><span class=\"gmPhantom_ThumbLabel_title\">Inauguraci\u00f3n Acceso Aulas-17<\/span><\/div>\r\n                                    <div style=\"display:none;\" class=\"gmPhantom_Details\">\r\n                                            <div class=\"gmPhantom_description\">\r\n                            <div class=\"gmPhantom_title\">Inauguraci\u00f3n Acceso Aulas-17<\/div>\r\n                            <div class=\"gmPhantom_text\"><\/div>\r\n                        <\/div>\r\n                                                            <div class=\"gmPhantom_terms\">\r\n                                                    <div class=\"gmPhantom_other_terms\">\r\n                                <table class=\"gmPhantom_other_terms_table\">\r\n                                                                            <tr class=\"gmPhantom_term_row_album\">\r\n                                            <td class=\"gmPhantom_term_key\">Album<\/td>\r\n                                            <td class=\"gmPhantom_term_value\"><a href=\"\/index.php\/wp-json\/wp\/v2\/posts\/23834?gm331[album__in]=331\" class=\"gmPhantom_alb\">acceso bloque-aulas-2026<\/a><\/td>\r\n                                        <\/tr>\r\n                                                                    <\/table>\r\n                            <\/div>\r\n                                                <\/div>\r\n                <\/div>\r\n                <\/div>            <div class=\"gmPhantom_ThumbContainer gmPhantom_ThumbLoader\" data-id=\"5887\" data-post_id=\"23853\" data-ratio=\"1.5\" data-type=\"image\" data-ext=\"jpg\" data-views=\"1\" data-likes=\"0\" data-cc=\"0\" data-post_link=\"https:\/\/www.fcejs.unsl.edu.ar\/index.php\/gmedia\/inauguraci_n_acceso_aulas-13-jpg\/\">\r\n                <a href=\"https:\/\/www.fcejs.unsl.edu.ar\/wp-content\/grand-media\/image\/Inauguraci_n_Acceso_Aulas-13.jpg\" class=\"gmPhantom_Thumb\"><img decoding=\"async\" src=\"https:\/\/www.fcejs.unsl.edu.ar\/wp-content\/grand-media\/image\/thumb\/Inauguraci_n_Acceso_Aulas-13.jpg\" data-src=\"https:\/\/www.fcejs.unsl.edu.ar\/wp-content\/grand-media\/image\/Inauguraci_n_Acceso_Aulas-13.jpg\" alt=\"Inauguraci\u00f3n Acceso Aulas-13\"\/><\/a>\r\n                                    <div class=\"gmPhantom_ThumbLabel\"><span class=\"gmPhantom_ThumbLabel_title\">Inauguraci\u00f3n Acceso Aulas-13<\/span><\/div>\r\n                                    <div style=\"display:none;\" class=\"gmPhantom_Details\">\r\n                                            <div class=\"gmPhantom_description\">\r\n                            <div class=\"gmPhantom_title\">Inauguraci\u00f3n Acceso Aulas-13<\/div>\r\n                            <div class=\"gmPhantom_text\"><\/div>\r\n                        <\/div>\r\n                                                            <div class=\"gmPhantom_terms\">\r\n                                                    <div class=\"gmPhantom_other_terms\">\r\n                                <table class=\"gmPhantom_other_terms_table\">\r\n                                                                            <tr class=\"gmPhantom_term_row_album\">\r\n                                            <td class=\"gmPhantom_term_key\">Album<\/td>\r\n                                            <td class=\"gmPhantom_term_value\"><a href=\"\/index.php\/wp-json\/wp\/v2\/posts\/23834?gm331[album__in]=331\" class=\"gmPhantom_alb\">acceso bloque-aulas-2026<\/a><\/td>\r\n                                        <\/tr>\r\n                                                                    <\/table>\r\n                            <\/div>\r\n                                                <\/div>\r\n                <\/div>\r\n                <\/div>            <div class=\"gmPhantom_ThumbContainer gmPhantom_ThumbLoader\" data-id=\"5886\" data-post_id=\"23852\" data-ratio=\"1.5\" data-type=\"image\" data-ext=\"jpg\" data-views=\"2\" data-likes=\"0\" data-cc=\"0\" data-post_link=\"https:\/\/www.fcejs.unsl.edu.ar\/index.php\/gmedia\/inauguraci_n_acceso_aulas-11-jpg\/\">\r\n                <a href=\"https:\/\/www.fcejs.unsl.edu.ar\/wp-content\/grand-media\/image\/Inauguraci_n_Acceso_Aulas-11.jpg\" class=\"gmPhantom_Thumb\"><img decoding=\"async\" src=\"https:\/\/www.fcejs.unsl.edu.ar\/wp-content\/grand-media\/image\/thumb\/Inauguraci_n_Acceso_Aulas-11.jpg\" data-src=\"https:\/\/www.fcejs.unsl.edu.ar\/wp-content\/grand-media\/image\/Inauguraci_n_Acceso_Aulas-11.jpg\" alt=\"Inauguraci\u00f3n Acceso Aulas-11\"\/><\/a>\r\n                                    <div class=\"gmPhantom_ThumbLabel\"><span class=\"gmPhantom_ThumbLabel_title\">Inauguraci\u00f3n Acceso Aulas-11<\/span><\/div>\r\n                                    <div style=\"display:none;\" class=\"gmPhantom_Details\">\r\n                                            <div class=\"gmPhantom_description\">\r\n                            <div class=\"gmPhantom_title\">Inauguraci\u00f3n Acceso Aulas-11<\/div>\r\n                            <div class=\"gmPhantom_text\"><\/div>\r\n                        <\/div>\r\n                                                            <div class=\"gmPhantom_terms\">\r\n                                                    <div class=\"gmPhantom_other_terms\">\r\n                                <table class=\"gmPhantom_other_terms_table\">\r\n                                                                            <tr class=\"gmPhantom_term_row_album\">\r\n                                            <td class=\"gmPhantom_term_key\">Album<\/td>\r\n                                            <td class=\"gmPhantom_term_value\"><a href=\"\/index.php\/wp-json\/wp\/v2\/posts\/23834?gm331[album__in]=331\" class=\"gmPhantom_alb\">acceso bloque-aulas-2026<\/a><\/td>\r\n                                        <\/tr>\r\n                                                                    <\/table>\r\n                            <\/div>\r\n                                                <\/div>\r\n                <\/div>\r\n                <\/div>            <div class=\"gmPhantom_ThumbContainer gmPhantom_ThumbLoader\" data-id=\"5885\" data-post_id=\"23850\" data-ratio=\"1.5\" data-type=\"image\" data-ext=\"jpg\" data-views=\"1\" data-likes=\"0\" data-cc=\"0\" data-post_link=\"https:\/\/www.fcejs.unsl.edu.ar\/index.php\/gmedia\/inauguraci_n_acceso_aulas-72-jpg\/\">\r\n                <a href=\"https:\/\/www.fcejs.unsl.edu.ar\/wp-content\/grand-media\/image\/Inauguraci_n_Acceso_Aulas-72.jpg\" class=\"gmPhantom_Thumb\"><img decoding=\"async\" src=\"https:\/\/www.fcejs.unsl.edu.ar\/wp-content\/grand-media\/image\/thumb\/Inauguraci_n_Acceso_Aulas-72.jpg\" data-src=\"https:\/\/www.fcejs.unsl.edu.ar\/wp-content\/grand-media\/image\/Inauguraci_n_Acceso_Aulas-72.jpg\" alt=\"Inauguraci\u00f3n Acceso Aulas-72\"\/><\/a>\r\n                                    <div class=\"gmPhantom_ThumbLabel\"><span class=\"gmPhantom_ThumbLabel_title\">Inauguraci\u00f3n Acceso Aulas-72<\/span><\/div>\r\n                                    <div style=\"display:none;\" class=\"gmPhantom_Details\">\r\n                                            <div class=\"gmPhantom_description\">\r\n                            <div class=\"gmPhantom_title\">Inauguraci\u00f3n Acceso Aulas-72<\/div>\r\n                            <div class=\"gmPhantom_text\"><\/div>\r\n                        <\/div>\r\n                                                            <div class=\"gmPhantom_terms\">\r\n                                                    <div class=\"gmPhantom_other_terms\">\r\n                                <table class=\"gmPhantom_other_terms_table\">\r\n                                                                            <tr class=\"gmPhantom_term_row_album\">\r\n                                            <td class=\"gmPhantom_term_key\">Album<\/td>\r\n                                            <td class=\"gmPhantom_term_value\"><a href=\"\/index.php\/wp-json\/wp\/v2\/posts\/23834?gm331[album__in]=331\" class=\"gmPhantom_alb\">acceso bloque-aulas-2026<\/a><\/td>\r\n                                        <\/tr>\r\n                                                                    <\/table>\r\n                            <\/div>\r\n                                                <\/div>\r\n                <\/div>\r\n                <\/div>            <div class=\"gmPhantom_ThumbContainer gmPhantom_ThumbLoader\" data-id=\"5884\" data-post_id=\"23849\" data-ratio=\"1.5\" data-type=\"image\" data-ext=\"jpg\" data-views=\"1\" data-likes=\"0\" data-cc=\"0\" data-post_link=\"https:\/\/www.fcejs.unsl.edu.ar\/index.php\/gmedia\/inauguraci_n_acceso_aulas-69-jpg\/\">\r\n                <a href=\"https:\/\/www.fcejs.unsl.edu.ar\/wp-content\/grand-media\/image\/Inauguraci_n_Acceso_Aulas-69.jpg\" class=\"gmPhantom_Thumb\"><img decoding=\"async\" src=\"https:\/\/www.fcejs.unsl.edu.ar\/wp-content\/grand-media\/image\/thumb\/Inauguraci_n_Acceso_Aulas-69.jpg\" data-src=\"https:\/\/www.fcejs.unsl.edu.ar\/wp-content\/grand-media\/image\/Inauguraci_n_Acceso_Aulas-69.jpg\" alt=\"Inauguraci\u00f3n Acceso Aulas-69\"\/><\/a>\r\n                                    <div class=\"gmPhantom_ThumbLabel\"><span class=\"gmPhantom_ThumbLabel_title\">Inauguraci\u00f3n Acceso Aulas-69<\/span><\/div>\r\n                                    <div style=\"display:none;\" class=\"gmPhantom_Details\">\r\n                                            <div class=\"gmPhantom_description\">\r\n                            <div class=\"gmPhantom_title\">Inauguraci\u00f3n Acceso Aulas-69<\/div>\r\n                            <div class=\"gmPhantom_text\"><\/div>\r\n                        <\/div>\r\n                                                            <div class=\"gmPhantom_terms\">\r\n                                                    <div class=\"gmPhantom_other_terms\">\r\n                                <table class=\"gmPhantom_other_terms_table\">\r\n                                                                            <tr class=\"gmPhantom_term_row_album\">\r\n                                            <td class=\"gmPhantom_term_key\">Album<\/td>\r\n                                            <td class=\"gmPhantom_term_value\"><a href=\"\/index.php\/wp-json\/wp\/v2\/posts\/23834?gm331[album__in]=331\" class=\"gmPhantom_alb\">acceso bloque-aulas-2026<\/a><\/td>\r\n                                        <\/tr>\r\n                                                                    <\/table>\r\n                            <\/div>\r\n                                                <\/div>\r\n                <\/div>\r\n                <\/div>            <div class=\"gmPhantom_ThumbContainer gmPhantom_ThumbLoader\" data-id=\"5883\" data-post_id=\"23848\" data-ratio=\"1.5\" data-type=\"image\" data-ext=\"jpg\" data-views=\"1\" data-likes=\"0\" data-cc=\"0\" data-post_link=\"https:\/\/www.fcejs.unsl.edu.ar\/index.php\/gmedia\/inauguraci_n_acceso_aulas-66-jpg\/\">\r\n                <a href=\"https:\/\/www.fcejs.unsl.edu.ar\/wp-content\/grand-media\/image\/Inauguraci_n_Acceso_Aulas-66.jpg\" class=\"gmPhantom_Thumb\"><img decoding=\"async\" src=\"https:\/\/www.fcejs.unsl.edu.ar\/wp-content\/grand-media\/image\/thumb\/Inauguraci_n_Acceso_Aulas-66.jpg\" data-src=\"https:\/\/www.fcejs.unsl.edu.ar\/wp-content\/grand-media\/image\/Inauguraci_n_Acceso_Aulas-66.jpg\" alt=\"Inauguraci\u00f3n Acceso Aulas-66\"\/><\/a>\r\n                                    <div class=\"gmPhantom_ThumbLabel\"><span class=\"gmPhantom_ThumbLabel_title\">Inauguraci\u00f3n Acceso Aulas-66<\/span><\/div>\r\n                                    <div style=\"display:none;\" class=\"gmPhantom_Details\">\r\n                                            <div class=\"gmPhantom_description\">\r\n                            <div class=\"gmPhantom_title\">Inauguraci\u00f3n Acceso Aulas-66<\/div>\r\n                            <div class=\"gmPhantom_text\"><\/div>\r\n                        <\/div>\r\n                                                            <div class=\"gmPhantom_terms\">\r\n                                                    <div class=\"gmPhantom_other_terms\">\r\n                                <table class=\"gmPhantom_other_terms_table\">\r\n                                                                            <tr class=\"gmPhantom_term_row_album\">\r\n                                            <td class=\"gmPhantom_term_key\">Album<\/td>\r\n                                            <td class=\"gmPhantom_term_value\"><a href=\"\/index.php\/wp-json\/wp\/v2\/posts\/23834?gm331[album__in]=331\" class=\"gmPhantom_alb\">acceso bloque-aulas-2026<\/a><\/td>\r\n                                        <\/tr>\r\n                                                                    <\/table>\r\n                            <\/div>\r\n                                                <\/div>\r\n                <\/div>\r\n                <\/div>            <div class=\"gmPhantom_ThumbContainer gmPhantom_ThumbLoader\" data-id=\"5882\" data-post_id=\"23847\" data-ratio=\"1.5\" data-type=\"image\" data-ext=\"jpg\" data-views=\"2\" data-likes=\"0\" data-cc=\"0\" data-post_link=\"https:\/\/www.fcejs.unsl.edu.ar\/index.php\/gmedia\/inauguraci_n_acceso_aulas-64-jpg\/\">\r\n                <a href=\"https:\/\/www.fcejs.unsl.edu.ar\/wp-content\/grand-media\/image\/Inauguraci_n_Acceso_Aulas-64.jpg\" class=\"gmPhantom_Thumb\"><img decoding=\"async\" src=\"https:\/\/www.fcejs.unsl.edu.ar\/wp-content\/grand-media\/image\/thumb\/Inauguraci_n_Acceso_Aulas-64.jpg\" data-src=\"https:\/\/www.fcejs.unsl.edu.ar\/wp-content\/grand-media\/image\/Inauguraci_n_Acceso_Aulas-64.jpg\" alt=\"Inauguraci\u00f3n Acceso Aulas-64\"\/><\/a>\r\n                                    <div class=\"gmPhantom_ThumbLabel\"><span class=\"gmPhantom_ThumbLabel_title\">Inauguraci\u00f3n Acceso Aulas-64<\/span><\/div>\r\n                                    <div style=\"display:none;\" class=\"gmPhantom_Details\">\r\n                                            <div class=\"gmPhantom_description\">\r\n                            <div class=\"gmPhantom_title\">Inauguraci\u00f3n Acceso Aulas-64<\/div>\r\n                            <div class=\"gmPhantom_text\"><\/div>\r\n                        <\/div>\r\n                                                            <div class=\"gmPhantom_terms\">\r\n                                                    <div class=\"gmPhantom_other_terms\">\r\n                                <table class=\"gmPhantom_other_terms_table\">\r\n                                                                            <tr class=\"gmPhantom_term_row_album\">\r\n                                            <td class=\"gmPhantom_term_key\">Album<\/td>\r\n                                            <td class=\"gmPhantom_term_value\"><a href=\"\/index.php\/wp-json\/wp\/v2\/posts\/23834?gm331[album__in]=331\" class=\"gmPhantom_alb\">acceso bloque-aulas-2026<\/a><\/td>\r\n                                        <\/tr>\r\n                                                                    <\/table>\r\n                            <\/div>\r\n                                                <\/div>\r\n                <\/div>\r\n                <\/div>            <div class=\"gmPhantom_ThumbContainer gmPhantom_ThumbLoader\" data-id=\"5881\" data-post_id=\"23846\" data-ratio=\"1.5\" data-type=\"image\" data-ext=\"jpg\" data-views=\"2\" data-likes=\"0\" data-cc=\"0\" data-post_link=\"https:\/\/www.fcejs.unsl.edu.ar\/index.php\/gmedia\/inauguraci_n_acceso_aulas-61-jpg\/\">\r\n                <a href=\"https:\/\/www.fcejs.unsl.edu.ar\/wp-content\/grand-media\/image\/Inauguraci_n_Acceso_Aulas-61.jpg\" class=\"gmPhantom_Thumb\"><img decoding=\"async\" src=\"https:\/\/www.fcejs.unsl.edu.ar\/wp-content\/grand-media\/image\/thumb\/Inauguraci_n_Acceso_Aulas-61.jpg\" data-src=\"https:\/\/www.fcejs.unsl.edu.ar\/wp-content\/grand-media\/image\/Inauguraci_n_Acceso_Aulas-61.jpg\" alt=\"Inauguraci\u00f3n Acceso Aulas-61\"\/><\/a>\r\n                                    <div class=\"gmPhantom_ThumbLabel\"><span class=\"gmPhantom_ThumbLabel_title\">Inauguraci\u00f3n Acceso Aulas-61<\/span><\/div>\r\n                                    <div style=\"display:none;\" class=\"gmPhantom_Details\">\r\n                                            <div class=\"gmPhantom_description\">\r\n                            <div class=\"gmPhantom_title\">Inauguraci\u00f3n Acceso Aulas-61<\/div>\r\n                            <div class=\"gmPhantom_text\"><\/div>\r\n                        <\/div>\r\n                                                            <div class=\"gmPhantom_terms\">\r\n                                                    <div class=\"gmPhantom_other_terms\">\r\n                                <table class=\"gmPhantom_other_terms_table\">\r\n                                                                            <tr class=\"gmPhantom_term_row_album\">\r\n                                            <td class=\"gmPhantom_term_key\">Album<\/td>\r\n                                            <td class=\"gmPhantom_term_value\"><a href=\"\/index.php\/wp-json\/wp\/v2\/posts\/23834?gm331[album__in]=331\" class=\"gmPhantom_alb\">acceso bloque-aulas-2026<\/a><\/td>\r\n                                        <\/tr>\r\n                                                                    <\/table>\r\n                            <\/div>\r\n                                                <\/div>\r\n                <\/div>\r\n                <\/div>            <div class=\"gmPhantom_ThumbContainer gmPhantom_ThumbLoader\" data-id=\"5880\" data-post_id=\"23845\" data-ratio=\"1.5\" data-type=\"image\" data-ext=\"jpg\" data-views=\"2\" data-likes=\"0\" data-cc=\"0\" data-post_link=\"https:\/\/www.fcejs.unsl.edu.ar\/index.php\/gmedia\/inauguraci_n_acceso_aulas-60-jpg\/\">\r\n                <a href=\"https:\/\/www.fcejs.unsl.edu.ar\/wp-content\/grand-media\/image\/Inauguraci_n_Acceso_Aulas-60.jpg\" class=\"gmPhantom_Thumb\"><img decoding=\"async\" src=\"https:\/\/www.fcejs.unsl.edu.ar\/wp-content\/grand-media\/image\/thumb\/Inauguraci_n_Acceso_Aulas-60.jpg\" data-src=\"https:\/\/www.fcejs.unsl.edu.ar\/wp-content\/grand-media\/image\/Inauguraci_n_Acceso_Aulas-60.jpg\" alt=\"Inauguraci\u00f3n Acceso Aulas-60\"\/><\/a>\r\n                                    <div class=\"gmPhantom_ThumbLabel\"><span class=\"gmPhantom_ThumbLabel_title\">Inauguraci\u00f3n Acceso Aulas-60<\/span><\/div>\r\n                                    <div style=\"display:none;\" class=\"gmPhantom_Details\">\r\n                                            <div class=\"gmPhantom_description\">\r\n                            <div class=\"gmPhantom_title\">Inauguraci\u00f3n Acceso Aulas-60<\/div>\r\n                            <div class=\"gmPhantom_text\"><\/div>\r\n                        <\/div>\r\n                                                            <div class=\"gmPhantom_terms\">\r\n                                                    <div class=\"gmPhantom_other_terms\">\r\n                                <table class=\"gmPhantom_other_terms_table\">\r\n                                                                            <tr class=\"gmPhantom_term_row_album\">\r\n                                            <td class=\"gmPhantom_term_key\">Album<\/td>\r\n                                            <td class=\"gmPhantom_term_value\"><a href=\"\/index.php\/wp-json\/wp\/v2\/posts\/23834?gm331[album__in]=331\" class=\"gmPhantom_alb\">acceso bloque-aulas-2026<\/a><\/td>\r\n                                        <\/tr>\r\n                                                                    <\/table>\r\n                            <\/div>\r\n                                                <\/div>\r\n                <\/div>\r\n                <\/div>            <div class=\"gmPhantom_ThumbContainer gmPhantom_ThumbLoader\" data-id=\"5879\" data-post_id=\"23844\" data-ratio=\"1.5\" data-type=\"image\" data-ext=\"jpg\" data-views=\"2\" data-likes=\"0\" data-cc=\"0\" data-post_link=\"https:\/\/www.fcejs.unsl.edu.ar\/index.php\/gmedia\/inauguraci_n_acceso_aulas-50-jpg\/\">\r\n                <a href=\"https:\/\/www.fcejs.unsl.edu.ar\/wp-content\/grand-media\/image\/Inauguraci_n_Acceso_Aulas-50.jpg\" class=\"gmPhantom_Thumb\"><img decoding=\"async\" src=\"https:\/\/www.fcejs.unsl.edu.ar\/wp-content\/grand-media\/image\/thumb\/Inauguraci_n_Acceso_Aulas-50.jpg\" data-src=\"https:\/\/www.fcejs.unsl.edu.ar\/wp-content\/grand-media\/image\/Inauguraci_n_Acceso_Aulas-50.jpg\" alt=\"Inauguraci\u00f3n Acceso Aulas-50\"\/><\/a>\r\n                                    <div class=\"gmPhantom_ThumbLabel\"><span class=\"gmPhantom_ThumbLabel_title\">Inauguraci\u00f3n Acceso Aulas-50<\/span><\/div>\r\n                                    <div style=\"display:none;\" class=\"gmPhantom_Details\">\r\n                                            <div class=\"gmPhantom_description\">\r\n                            <div class=\"gmPhantom_title\">Inauguraci\u00f3n Acceso Aulas-50<\/div>\r\n                            <div class=\"gmPhantom_text\"><\/div>\r\n                        <\/div>\r\n                                                            <div class=\"gmPhantom_terms\">\r\n                                                    <div class=\"gmPhantom_other_terms\">\r\n                                <table class=\"gmPhantom_other_terms_table\">\r\n                                                                            <tr class=\"gmPhantom_term_row_album\">\r\n                                            <td class=\"gmPhantom_term_key\">Album<\/td>\r\n                                            <td class=\"gmPhantom_term_value\"><a href=\"\/index.php\/wp-json\/wp\/v2\/posts\/23834?gm331[album__in]=331\" class=\"gmPhantom_alb\">acceso bloque-aulas-2026<\/a><\/td>\r\n                                        <\/tr>\r\n                                                                    <\/table>\r\n                            <\/div>\r\n                                                <\/div>\r\n                <\/div>\r\n                <\/div>            <div class=\"gmPhantom_ThumbContainer gmPhantom_ThumbLoader\" data-id=\"5878\" data-post_id=\"23843\" data-ratio=\"1.5\" data-type=\"image\" data-ext=\"jpg\" data-views=\"2\" data-likes=\"0\" data-cc=\"0\" data-post_link=\"https:\/\/www.fcejs.unsl.edu.ar\/index.php\/gmedia\/inauguraci_n_acceso_aulas-46-jpg\/\">\r\n                <a href=\"https:\/\/www.fcejs.unsl.edu.ar\/wp-content\/grand-media\/image\/Inauguraci_n_Acceso_Aulas-46.jpg\" class=\"gmPhantom_Thumb\"><img decoding=\"async\" src=\"https:\/\/www.fcejs.unsl.edu.ar\/wp-content\/grand-media\/image\/thumb\/Inauguraci_n_Acceso_Aulas-46.jpg\" data-src=\"https:\/\/www.fcejs.unsl.edu.ar\/wp-content\/grand-media\/image\/Inauguraci_n_Acceso_Aulas-46.jpg\" alt=\"Inauguraci\u00f3n Acceso Aulas-46\"\/><\/a>\r\n                                    <div class=\"gmPhantom_ThumbLabel\"><span class=\"gmPhantom_ThumbLabel_title\">Inauguraci\u00f3n Acceso Aulas-46<\/span><\/div>\r\n                                    <div style=\"display:none;\" class=\"gmPhantom_Details\">\r\n                                            <div class=\"gmPhantom_description\">\r\n                            <div class=\"gmPhantom_title\">Inauguraci\u00f3n Acceso Aulas-46<\/div>\r\n                            <div class=\"gmPhantom_text\"><\/div>\r\n                        <\/div>\r\n                                                            <div class=\"gmPhantom_terms\">\r\n                                                    <div class=\"gmPhantom_other_terms\">\r\n                                <table class=\"gmPhantom_other_terms_table\">\r\n                                                                            <tr class=\"gmPhantom_term_row_album\">\r\n                                            <td class=\"gmPhantom_term_key\">Album<\/td>\r\n                                            <td class=\"gmPhantom_term_value\"><a href=\"\/index.php\/wp-json\/wp\/v2\/posts\/23834?gm331[album__in]=331\" class=\"gmPhantom_alb\">acceso bloque-aulas-2026<\/a><\/td>\r\n                                        <\/tr>\r\n                                                                    <\/table>\r\n                            <\/div>\r\n                                                <\/div>\r\n                <\/div>\r\n                <\/div>            <div class=\"gmPhantom_ThumbContainer gmPhantom_ThumbLoader\" data-id=\"5877\" data-post_id=\"23842\" data-ratio=\"1.5\" data-type=\"image\" data-ext=\"jpg\" data-views=\"2\" data-likes=\"0\" data-cc=\"0\" data-post_link=\"https:\/\/www.fcejs.unsl.edu.ar\/index.php\/gmedia\/inauguraci_n_acceso_aulas-45-jpg\/\">\r\n                <a href=\"https:\/\/www.fcejs.unsl.edu.ar\/wp-content\/grand-media\/image\/Inauguraci_n_Acceso_Aulas-45.jpg\" class=\"gmPhantom_Thumb\"><img decoding=\"async\" src=\"https:\/\/www.fcejs.unsl.edu.ar\/wp-content\/grand-media\/image\/thumb\/Inauguraci_n_Acceso_Aulas-45.jpg\" data-src=\"https:\/\/www.fcejs.unsl.edu.ar\/wp-content\/grand-media\/image\/Inauguraci_n_Acceso_Aulas-45.jpg\" alt=\"Inauguraci\u00f3n Acceso Aulas-45\"\/><\/a>\r\n                                    <div class=\"gmPhantom_ThumbLabel\"><span class=\"gmPhantom_ThumbLabel_title\">Inauguraci\u00f3n Acceso Aulas-45<\/span><\/div>\r\n                                    <div style=\"display:none;\" class=\"gmPhantom_Details\">\r\n                                            <div class=\"gmPhantom_description\">\r\n                            <div class=\"gmPhantom_title\">Inauguraci\u00f3n Acceso Aulas-45<\/div>\r\n                            <div class=\"gmPhantom_text\"><\/div>\r\n                        <\/div>\r\n                                                            <div class=\"gmPhantom_terms\">\r\n                                                    <div class=\"gmPhantom_other_terms\">\r\n                                <table class=\"gmPhantom_other_terms_table\">\r\n                                                                            <tr class=\"gmPhantom_term_row_album\">\r\n                                            <td class=\"gmPhantom_term_key\">Album<\/td>\r\n                                            <td class=\"gmPhantom_term_value\"><a href=\"\/index.php\/wp-json\/wp\/v2\/posts\/23834?gm331[album__in]=331\" class=\"gmPhantom_alb\">acceso bloque-aulas-2026<\/a><\/td>\r\n                                        <\/tr>\r\n                                                                    <\/table>\r\n                            <\/div>\r\n                                                <\/div>\r\n                <\/div>\r\n                <\/div>            <div class=\"gmPhantom_ThumbContainer gmPhantom_ThumbLoader\" data-id=\"5876\" data-post_id=\"23841\" data-ratio=\"1.5\" data-type=\"image\" data-ext=\"jpg\" data-views=\"2\" data-likes=\"0\" data-cc=\"0\" data-post_link=\"https:\/\/www.fcejs.unsl.edu.ar\/index.php\/gmedia\/inauguraci_n_acceso_aulas-40-jpg\/\">\r\n                <a href=\"https:\/\/www.fcejs.unsl.edu.ar\/wp-content\/grand-media\/image\/Inauguraci_n_Acceso_Aulas-40.jpg\" class=\"gmPhantom_Thumb\"><img decoding=\"async\" src=\"https:\/\/www.fcejs.unsl.edu.ar\/wp-content\/grand-media\/image\/thumb\/Inauguraci_n_Acceso_Aulas-40.jpg\" data-src=\"https:\/\/www.fcejs.unsl.edu.ar\/wp-content\/grand-media\/image\/Inauguraci_n_Acceso_Aulas-40.jpg\" alt=\"Inauguraci\u00f3n Acceso Aulas-40\"\/><\/a>\r\n                                    <div class=\"gmPhantom_ThumbLabel\"><span class=\"gmPhantom_ThumbLabel_title\">Inauguraci\u00f3n Acceso Aulas-40<\/span><\/div>\r\n                                    <div style=\"display:none;\" class=\"gmPhantom_Details\">\r\n                                            <div class=\"gmPhantom_description\">\r\n                            <div class=\"gmPhantom_title\">Inauguraci\u00f3n Acceso Aulas-40<\/div>\r\n                            <div class=\"gmPhantom_text\"><\/div>\r\n                        <\/div>\r\n                                                            <div class=\"gmPhantom_terms\">\r\n                                                    <div class=\"gmPhantom_other_terms\">\r\n                                <table class=\"gmPhantom_other_terms_table\">\r\n                                                                            <tr class=\"gmPhantom_term_row_album\">\r\n                                            <td class=\"gmPhantom_term_key\">Album<\/td>\r\n                                            <td class=\"gmPhantom_term_value\"><a href=\"\/index.php\/wp-json\/wp\/v2\/posts\/23834?gm331[album__in]=331\" class=\"gmPhantom_alb\">acceso bloque-aulas-2026<\/a><\/td>\r\n                                        <\/tr>\r\n                                                                    <\/table>\r\n                            <\/div>\r\n                                                <\/div>\r\n                <\/div>\r\n                <\/div>        <\/div>\r\n    <\/div>\r\n<\/div><\/p>\n<p data-start=\"4196\" data-end=\"4414\">\n","protected":false},"excerpt":{"rendered":"<p>La FCEJS integra nuevos espacios para fortalecer las actividades acad\u00e9micas. Durante la ma\u00f1ana del jueves 5 de marzo de 2026 se llevaron a cabo las&hellip;<\/p>\n","protected":false},"author":14,"featured_media":23836,"comment_status":"closed","ping_status":"closed","sticky":false,"template":"","format":"standard","meta":{"om_disable_all_campaigns":false,"_monsterinsights_skip_tracking":false,"_monsterinsights_sitenote_active":false,"_monsterinsights_sitenote_note":"","_monsterinsights_sitenote_category":0,"footnotes":""},"categories":[1,19],"tags":[],"class_list":["post-23834","post","type-post","status-publish","format-standard","has-post-thumbnail","hentry","category-noticias","category-principal"],"yoast_head":"<!-- This site is optimized with the Yoast SEO plugin v27.5 - https:\/\/yoast.com\/product\/yoast-seo-wordpress\/ -->\n<title>La FCEJS fortalece su infraestructura acad\u00e9mica: inauguraci\u00f3n de nuevas aulas y obras de accesibilidad - Facultad de Ciencias Econ\u00f3micas, Jur\u00ed\u00addicas y Sociales<\/title>\n<meta name=\"robots\" content=\"index, follow, max-snippet:-1, max-image-preview:large, max-video-preview:-1\" \/>\n<link rel=\"canonical\" href=\"https:\/\/www.fcejs.unsl.edu.ar\/index.php\/la-fcejs-fortalece-su-infraestructura-academica-inauguracion-de-nuevas-aulas-y-obras-de-accesibilidad\/\" \/>\n<meta property=\"og:locale\" content=\"es_ES\" \/>\n<meta property=\"og:type\" content=\"article\" \/>\n<meta property=\"og:title\" content=\"La FCEJS fortalece su infraestructura acad\u00e9mica: inauguraci\u00f3n de nuevas aulas y obras de accesibilidad - Facultad de Ciencias Econ\u00f3micas, Jur\u00ed\u00addicas y Sociales\" \/>\n<meta property=\"og:description\" content=\"La FCEJS integra nuevos espacios para fortalecer las actividades acad\u00e9micas. Durante la ma\u00f1ana del jueves 5 de marzo de 2026 se llevaron a cabo las&hellip;\" \/>\n<meta property=\"og:url\" content=\"https:\/\/www.fcejs.unsl.edu.ar\/index.php\/la-fcejs-fortalece-su-infraestructura-academica-inauguracion-de-nuevas-aulas-y-obras-de-accesibilidad\/\" \/>\n<meta property=\"og:site_name\" content=\"Facultad de Ciencias Econ\u00f3micas, Jur\u00ed\u00addicas y Sociales\" \/>\n<meta property=\"article:publisher\" content=\"https:\/\/www.facebook.com\/FCEJS.UNSL\/\" \/>\n<meta property=\"article:published_time\" content=\"2026-03-06T14:14:59+00:00\" \/>\n<meta property=\"article:modified_time\" content=\"2026-03-06T15:21:39+00:00\" \/>\n<meta property=\"og:image\" content=\"https:\/\/www.fcejs.unsl.edu.ar\/wp-content\/uploads\/2026\/03\/Inauguracion-Acceso-Aulas-front.jpg\" \/>\n\t<meta property=\"og:image:width\" content=\"1152\" \/>\n\t<meta property=\"og:image:height\" content=\"647\" \/>\n\t<meta property=\"og:image:type\" content=\"image\/jpeg\" \/>\n<meta name=\"author\" content=\"Anibal Claveles\" \/>\n<meta name=\"twitter:card\" content=\"summary_large_image\" \/>\n<meta name=\"twitter:creator\" content=\"@FCEJSUNSL\" \/>\n<meta name=\"twitter:site\" content=\"@FCEJSUNSL\" \/>\n<meta name=\"twitter:label1\" content=\"Escrito por\" \/>\n\t<meta name=\"twitter:data1\" content=\"Anibal Claveles\" \/>\n\t<meta name=\"twitter:label2\" content=\"Tiempo de lectura\" \/>\n\t<meta name=\"twitter:data2\" content=\"5 minutos\" \/>\n<script type=\"application\/ld+json\" class=\"yoast-schema-graph\">{\"@context\":\"https:\\\/\\\/schema.org\",\"@graph\":[{\"@type\":\"Article\",\"@id\":\"https:\\\/\\\/www.fcejs.unsl.edu.ar\\\/index.php\\\/la-fcejs-fortalece-su-infraestructura-academica-inauguracion-de-nuevas-aulas-y-obras-de-accesibilidad\\\/#article\",\"isPartOf\":{\"@id\":\"https:\\\/\\\/www.fcejs.unsl.edu.ar\\\/index.php\\\/la-fcejs-fortalece-su-infraestructura-academica-inauguracion-de-nuevas-aulas-y-obras-de-accesibilidad\\\/\"},\"author\":{\"name\":\"Anibal Claveles\",\"@id\":\"https:\\\/\\\/www.fcejs.unsl.edu.ar\\\/#\\\/schema\\\/person\\\/287a89a822e5887121260d3ee7a539fe\"},\"headline\":\"La FCEJS fortalece su infraestructura acad\u00e9mica: inauguraci\u00f3n de nuevas aulas y obras de accesibilidad\",\"datePublished\":\"2026-03-06T14:14:59+00:00\",\"dateModified\":\"2026-03-06T15:21:39+00:00\",\"mainEntityOfPage\":{\"@id\":\"https:\\\/\\\/www.fcejs.unsl.edu.ar\\\/index.php\\\/la-fcejs-fortalece-su-infraestructura-academica-inauguracion-de-nuevas-aulas-y-obras-de-accesibilidad\\\/\"},\"wordCount\":783,\"publisher\":{\"@id\":\"https:\\\/\\\/www.fcejs.unsl.edu.ar\\\/#organization\"},\"image\":{\"@id\":\"https:\\\/\\\/www.fcejs.unsl.edu.ar\\\/index.php\\\/la-fcejs-fortalece-su-infraestructura-academica-inauguracion-de-nuevas-aulas-y-obras-de-accesibilidad\\\/#primaryimage\"},\"thumbnailUrl\":\"https:\\\/\\\/www.fcejs.unsl.edu.ar\\\/wp-content\\\/uploads\\\/2026\\\/03\\\/Inauguracion-Acceso-Aulas-front.jpg\",\"articleSection\":[\"Noticias\",\"Principal\"],\"inLanguage\":\"es-AR\"},{\"@type\":\"WebPage\",\"@id\":\"https:\\\/\\\/www.fcejs.unsl.edu.ar\\\/index.php\\\/la-fcejs-fortalece-su-infraestructura-academica-inauguracion-de-nuevas-aulas-y-obras-de-accesibilidad\\\/\",\"url\":\"https:\\\/\\\/www.fcejs.unsl.edu.ar\\\/index.php\\\/la-fcejs-fortalece-su-infraestructura-academica-inauguracion-de-nuevas-aulas-y-obras-de-accesibilidad\\\/\",\"name\":\"La FCEJS fortalece su infraestructura acad\u00e9mica: inauguraci\u00f3n de nuevas aulas y obras de accesibilidad - Facultad de Ciencias Econ\u00f3micas, Jur\u00ed\u00addicas y Sociales\",\"isPartOf\":{\"@id\":\"https:\\\/\\\/www.fcejs.unsl.edu.ar\\\/#website\"},\"primaryImageOfPage\":{\"@id\":\"https:\\\/\\\/www.fcejs.unsl.edu.ar\\\/index.php\\\/la-fcejs-fortalece-su-infraestructura-academica-inauguracion-de-nuevas-aulas-y-obras-de-accesibilidad\\\/#primaryimage\"},\"image\":{\"@id\":\"https:\\\/\\\/www.fcejs.unsl.edu.ar\\\/index.php\\\/la-fcejs-fortalece-su-infraestructura-academica-inauguracion-de-nuevas-aulas-y-obras-de-accesibilidad\\\/#primaryimage\"},\"thumbnailUrl\":\"https:\\\/\\\/www.fcejs.unsl.edu.ar\\\/wp-content\\\/uploads\\\/2026\\\/03\\\/Inauguracion-Acceso-Aulas-front.jpg\",\"datePublished\":\"2026-03-06T14:14:59+00:00\",\"dateModified\":\"2026-03-06T15:21:39+00:00\",\"breadcrumb\":{\"@id\":\"https:\\\/\\\/www.fcejs.unsl.edu.ar\\\/index.php\\\/la-fcejs-fortalece-su-infraestructura-academica-inauguracion-de-nuevas-aulas-y-obras-de-accesibilidad\\\/#breadcrumb\"},\"inLanguage\":\"es-AR\",\"potentialAction\":[{\"@type\":\"ReadAction\",\"target\":[\"https:\\\/\\\/www.fcejs.unsl.edu.ar\\\/index.php\\\/la-fcejs-fortalece-su-infraestructura-academica-inauguracion-de-nuevas-aulas-y-obras-de-accesibilidad\\\/\"]}]},{\"@type\":\"ImageObject\",\"inLanguage\":\"es-AR\",\"@id\":\"https:\\\/\\\/www.fcejs.unsl.edu.ar\\\/index.php\\\/la-fcejs-fortalece-su-infraestructura-academica-inauguracion-de-nuevas-aulas-y-obras-de-accesibilidad\\\/#primaryimage\",\"url\":\"https:\\\/\\\/www.fcejs.unsl.edu.ar\\\/wp-content\\\/uploads\\\/2026\\\/03\\\/Inauguracion-Acceso-Aulas-front.jpg\",\"contentUrl\":\"https:\\\/\\\/www.fcejs.unsl.edu.ar\\\/wp-content\\\/uploads\\\/2026\\\/03\\\/Inauguracion-Acceso-Aulas-front.jpg\",\"width\":1152,\"height\":647},{\"@type\":\"BreadcrumbList\",\"@id\":\"https:\\\/\\\/www.fcejs.unsl.edu.ar\\\/index.php\\\/la-fcejs-fortalece-su-infraestructura-academica-inauguracion-de-nuevas-aulas-y-obras-de-accesibilidad\\\/#breadcrumb\",\"itemListElement\":[{\"@type\":\"ListItem\",\"position\":1,\"name\":\"Inicio\",\"item\":\"https:\\\/\\\/www.fcejs.unsl.edu.ar\\\/\"},{\"@type\":\"ListItem\",\"position\":2,\"name\":\"La FCEJS fortalece su infraestructura acad\u00e9mica: inauguraci\u00f3n de nuevas aulas y obras de accesibilidad\"}]},{\"@type\":\"WebSite\",\"@id\":\"https:\\\/\\\/www.fcejs.unsl.edu.ar\\\/#website\",\"url\":\"https:\\\/\\\/www.fcejs.unsl.edu.ar\\\/\",\"name\":\"Facultad de Ciencias Econ\u00f3micas, Jur\u00ed\u00addicas y Sociales\",\"description\":\"\",\"publisher\":{\"@id\":\"https:\\\/\\\/www.fcejs.unsl.edu.ar\\\/#organization\"},\"potentialAction\":[{\"@type\":\"SearchAction\",\"target\":{\"@type\":\"EntryPoint\",\"urlTemplate\":\"https:\\\/\\\/www.fcejs.unsl.edu.ar\\\/?s={search_term_string}\"},\"query-input\":{\"@type\":\"PropertyValueSpecification\",\"valueRequired\":true,\"valueName\":\"search_term_string\"}}],\"inLanguage\":\"es-AR\"},{\"@type\":\"Organization\",\"@id\":\"https:\\\/\\\/www.fcejs.unsl.edu.ar\\\/#organization\",\"name\":\"Facultad de Ciencias Econ\u00f3micas, Jur\u00eddicas y Sociales\",\"url\":\"https:\\\/\\\/www.fcejs.unsl.edu.ar\\\/\",\"logo\":{\"@type\":\"ImageObject\",\"inLanguage\":\"es-AR\",\"@id\":\"https:\\\/\\\/www.fcejs.unsl.edu.ar\\\/#\\\/schema\\\/logo\\\/image\\\/\",\"url\":\"https:\\\/\\\/www.fcejs.unsl.edu.ar\\\/wp-content\\\/uploads\\\/2021\\\/03\\\/logo-1.jpg\",\"contentUrl\":\"https:\\\/\\\/www.fcejs.unsl.edu.ar\\\/wp-content\\\/uploads\\\/2021\\\/03\\\/logo-1.jpg\",\"width\":471,\"height\":146,\"caption\":\"Facultad de Ciencias Econ\u00f3micas, Jur\u00eddicas y Sociales\"},\"image\":{\"@id\":\"https:\\\/\\\/www.fcejs.unsl.edu.ar\\\/#\\\/schema\\\/logo\\\/image\\\/\"},\"sameAs\":[\"https:\\\/\\\/www.facebook.com\\\/FCEJS.UNSL\\\/\",\"https:\\\/\\\/x.com\\\/FCEJSUNSL\",\"https:\\\/\\\/www.instagram.com\\\/fcejs.unsl\\\/\",\"https:\\\/\\\/www.youtube.com\\\/channel\\\/UCH-Ut6EaN_X5ogjIQMPe46g\\\/\"]},{\"@type\":\"Person\",\"@id\":\"https:\\\/\\\/www.fcejs.unsl.edu.ar\\\/#\\\/schema\\\/person\\\/287a89a822e5887121260d3ee7a539fe\",\"name\":\"Anibal Claveles\"}]}<\/script>\n<!-- \/ Yoast SEO plugin. -->","yoast_head_json":{"title":"La FCEJS fortalece su infraestructura acad\u00e9mica: inauguraci\u00f3n de nuevas aulas y obras de accesibilidad - Facultad de Ciencias Econ\u00f3micas, Jur\u00ed\u00addicas y Sociales","robots":{"index":"index","follow":"follow","max-snippet":"max-snippet:-1","max-image-preview":"max-image-preview:large","max-video-preview":"max-video-preview:-1"},"canonical":"https:\/\/www.fcejs.unsl.edu.ar\/index.php\/la-fcejs-fortalece-su-infraestructura-academica-inauguracion-de-nuevas-aulas-y-obras-de-accesibilidad\/","og_locale":"es_ES","og_type":"article","og_title":"La FCEJS fortalece su infraestructura acad\u00e9mica: inauguraci\u00f3n de nuevas aulas y obras de accesibilidad - Facultad de Ciencias Econ\u00f3micas, Jur\u00ed\u00addicas y Sociales","og_description":"La FCEJS integra nuevos espacios para fortalecer las actividades acad\u00e9micas. Durante la ma\u00f1ana del jueves 5 de marzo de 2026 se llevaron a cabo las&hellip;","og_url":"https:\/\/www.fcejs.unsl.edu.ar\/index.php\/la-fcejs-fortalece-su-infraestructura-academica-inauguracion-de-nuevas-aulas-y-obras-de-accesibilidad\/","og_site_name":"Facultad de Ciencias Econ\u00f3micas, Jur\u00ed\u00addicas y Sociales","article_publisher":"https:\/\/www.facebook.com\/FCEJS.UNSL\/","article_published_time":"2026-03-06T14:14:59+00:00","article_modified_time":"2026-03-06T15:21:39+00:00","og_image":[{"width":1152,"height":647,"url":"https:\/\/www.fcejs.unsl.edu.ar\/wp-content\/uploads\/2026\/03\/Inauguracion-Acceso-Aulas-front.jpg","type":"image\/jpeg"}],"author":"Anibal Claveles","twitter_card":"summary_large_image","twitter_creator":"@FCEJSUNSL","twitter_site":"@FCEJSUNSL","twitter_misc":{"Escrito por":"Anibal Claveles","Tiempo de lectura":"5 minutos"},"schema":{"@context":"https:\/\/schema.org","@graph":[{"@type":"Article","@id":"https:\/\/www.fcejs.unsl.edu.ar\/index.php\/la-fcejs-fortalece-su-infraestructura-academica-inauguracion-de-nuevas-aulas-y-obras-de-accesibilidad\/#article","isPartOf":{"@id":"https:\/\/www.fcejs.unsl.edu.ar\/index.php\/la-fcejs-fortalece-su-infraestructura-academica-inauguracion-de-nuevas-aulas-y-obras-de-accesibilidad\/"},"author":{"name":"Anibal Claveles","@id":"https:\/\/www.fcejs.unsl.edu.ar\/#\/schema\/person\/287a89a822e5887121260d3ee7a539fe"},"headline":"La FCEJS fortalece su infraestructura acad\u00e9mica: inauguraci\u00f3n de nuevas aulas y obras de accesibilidad","datePublished":"2026-03-06T14:14:59+00:00","dateModified":"2026-03-06T15:21:39+00:00","mainEntityOfPage":{"@id":"https:\/\/www.fcejs.unsl.edu.ar\/index.php\/la-fcejs-fortalece-su-infraestructura-academica-inauguracion-de-nuevas-aulas-y-obras-de-accesibilidad\/"},"wordCount":783,"publisher":{"@id":"https:\/\/www.fcejs.unsl.edu.ar\/#organization"},"image":{"@id":"https:\/\/www.fcejs.unsl.edu.ar\/index.php\/la-fcejs-fortalece-su-infraestructura-academica-inauguracion-de-nuevas-aulas-y-obras-de-accesibilidad\/#primaryimage"},"thumbnailUrl":"https:\/\/www.fcejs.unsl.edu.ar\/wp-content\/uploads\/2026\/03\/Inauguracion-Acceso-Aulas-front.jpg","articleSection":["Noticias","Principal"],"inLanguage":"es-AR"},{"@type":"WebPage","@id":"https:\/\/www.fcejs.unsl.edu.ar\/index.php\/la-fcejs-fortalece-su-infraestructura-academica-inauguracion-de-nuevas-aulas-y-obras-de-accesibilidad\/","url":"https:\/\/www.fcejs.unsl.edu.ar\/index.php\/la-fcejs-fortalece-su-infraestructura-academica-inauguracion-de-nuevas-aulas-y-obras-de-accesibilidad\/","name":"La FCEJS fortalece su infraestructura acad\u00e9mica: inauguraci\u00f3n de nuevas aulas y obras de accesibilidad - Facultad de Ciencias Econ\u00f3micas, Jur\u00ed\u00addicas y Sociales","isPartOf":{"@id":"https:\/\/www.fcejs.unsl.edu.ar\/#website"},"primaryImageOfPage":{"@id":"https:\/\/www.fcejs.unsl.edu.ar\/index.php\/la-fcejs-fortalece-su-infraestructura-academica-inauguracion-de-nuevas-aulas-y-obras-de-accesibilidad\/#primaryimage"},"image":{"@id":"https:\/\/www.fcejs.unsl.edu.ar\/index.php\/la-fcejs-fortalece-su-infraestructura-academica-inauguracion-de-nuevas-aulas-y-obras-de-accesibilidad\/#primaryimage"},"thumbnailUrl":"https:\/\/www.fcejs.unsl.edu.ar\/wp-content\/uploads\/2026\/03\/Inauguracion-Acceso-Aulas-front.jpg","datePublished":"2026-03-06T14:14:59+00:00","dateModified":"2026-03-06T15:21:39+00:00","breadcrumb":{"@id":"https:\/\/www.fcejs.unsl.edu.ar\/index.php\/la-fcejs-fortalece-su-infraestructura-academica-inauguracion-de-nuevas-aulas-y-obras-de-accesibilidad\/#breadcrumb"},"inLanguage":"es-AR","potentialAction":[{"@type":"ReadAction","target":["https:\/\/www.fcejs.unsl.edu.ar\/index.php\/la-fcejs-fortalece-su-infraestructura-academica-inauguracion-de-nuevas-aulas-y-obras-de-accesibilidad\/"]}]},{"@type":"ImageObject","inLanguage":"es-AR","@id":"https:\/\/www.fcejs.unsl.edu.ar\/index.php\/la-fcejs-fortalece-su-infraestructura-academica-inauguracion-de-nuevas-aulas-y-obras-de-accesibilidad\/#primaryimage","url":"https:\/\/www.fcejs.unsl.edu.ar\/wp-content\/uploads\/2026\/03\/Inauguracion-Acceso-Aulas-front.jpg","contentUrl":"https:\/\/www.fcejs.unsl.edu.ar\/wp-content\/uploads\/2026\/03\/Inauguracion-Acceso-Aulas-front.jpg","width":1152,"height":647},{"@type":"BreadcrumbList","@id":"https:\/\/www.fcejs.unsl.edu.ar\/index.php\/la-fcejs-fortalece-su-infraestructura-academica-inauguracion-de-nuevas-aulas-y-obras-de-accesibilidad\/#breadcrumb","itemListElement":[{"@type":"ListItem","position":1,"name":"Inicio","item":"https:\/\/www.fcejs.unsl.edu.ar\/"},{"@type":"ListItem","position":2,"name":"La FCEJS fortalece su infraestructura acad\u00e9mica: inauguraci\u00f3n de nuevas aulas y obras de accesibilidad"}]},{"@type":"WebSite","@id":"https:\/\/www.fcejs.unsl.edu.ar\/#website","url":"https:\/\/www.fcejs.unsl.edu.ar\/","name":"Facultad de Ciencias Econ\u00f3micas, Jur\u00ed\u00addicas y Sociales","description":"","publisher":{"@id":"https:\/\/www.fcejs.unsl.edu.ar\/#organization"},"potentialAction":[{"@type":"SearchAction","target":{"@type":"EntryPoint","urlTemplate":"https:\/\/www.fcejs.unsl.edu.ar\/?s={search_term_string}"},"query-input":{"@type":"PropertyValueSpecification","valueRequired":true,"valueName":"search_term_string"}}],"inLanguage":"es-AR"},{"@type":"Organization","@id":"https:\/\/www.fcejs.unsl.edu.ar\/#organization","name":"Facultad de Ciencias Econ\u00f3micas, Jur\u00eddicas y Sociales","url":"https:\/\/www.fcejs.unsl.edu.ar\/","logo":{"@type":"ImageObject","inLanguage":"es-AR","@id":"https:\/\/www.fcejs.unsl.edu.ar\/#\/schema\/logo\/image\/","url":"https:\/\/www.fcejs.unsl.edu.ar\/wp-content\/uploads\/2021\/03\/logo-1.jpg","contentUrl":"https:\/\/www.fcejs.unsl.edu.ar\/wp-content\/uploads\/2021\/03\/logo-1.jpg","width":471,"height":146,"caption":"Facultad de Ciencias Econ\u00f3micas, Jur\u00eddicas y Sociales"},"image":{"@id":"https:\/\/www.fcejs.unsl.edu.ar\/#\/schema\/logo\/image\/"},"sameAs":["https:\/\/www.facebook.com\/FCEJS.UNSL\/","https:\/\/x.com\/FCEJSUNSL","https:\/\/www.instagram.com\/fcejs.unsl\/","https:\/\/www.youtube.com\/channel\/UCH-Ut6EaN_X5ogjIQMPe46g\/"]},{"@type":"Person","@id":"https:\/\/www.fcejs.unsl.edu.ar\/#\/schema\/person\/287a89a822e5887121260d3ee7a539fe","name":"Anibal Claveles"}]}},"jetpack_featured_media_url":"https:\/\/www.fcejs.unsl.edu.ar\/wp-content\/uploads\/2026\/03\/Inauguracion-Acceso-Aulas-front.jpg","_links":{"self":[{"href":"https:\/\/www.fcejs.unsl.edu.ar\/index.php\/wp-json\/wp\/v2\/posts\/23834","targetHints":{"allow":["GET"]}}],"collection":[{"href":"https:\/\/www.fcejs.unsl.edu.ar\/index.php\/wp-json\/wp\/v2\/posts"}],"about":[{"href":"https:\/\/www.fcejs.unsl.edu.ar\/index.php\/wp-json\/wp\/v2\/types\/post"}],"author":[{"embeddable":true,"href":"https:\/\/www.fcejs.unsl.edu.ar\/index.php\/wp-json\/wp\/v2\/users\/14"}],"replies":[{"embeddable":true,"href":"https:\/\/www.fcejs.unsl.edu.ar\/index.php\/wp-json\/wp\/v2\/comments?post=23834"}],"version-history":[{"count":3,"href":"https:\/\/www.fcejs.unsl.edu.ar\/index.php\/wp-json\/wp\/v2\/posts\/23834\/revisions"}],"predecessor-version":[{"id":23865,"href":"https:\/\/www.fcejs.unsl.edu.ar\/index.php\/wp-json\/wp\/v2\/posts\/23834\/revisions\/23865"}],"wp:featuredmedia":[{"embeddable":true,"href":"https:\/\/www.fcejs.unsl.edu.ar\/index.php\/wp-json\/wp\/v2\/media\/23836"}],"wp:attachment":[{"href":"https:\/\/www.fcejs.unsl.edu.ar\/index.php\/wp-json\/wp\/v2\/media?parent=23834"}],"wp:term":[{"taxonomy":"category","embeddable":true,"href":"https:\/\/www.fcejs.unsl.edu.ar\/index.php\/wp-json\/wp\/v2\/categories?post=23834"},{"taxonomy":"post_tag","embeddable":true,"href":"https:\/\/www.fcejs.unsl.edu.ar\/index.php\/wp-json\/wp\/v2\/tags?post=23834"}],"curies":[{"name":"wp","href":"https:\/\/api.w.org\/{rel}","templated":true}]}}