{"id":23818,"date":"2026-03-04T09:29:51","date_gmt":"2026-03-04T12:29:51","guid":{"rendered":"https:\/\/www.fcejs.unsl.edu.ar\/?p=23818"},"modified":"2026-03-04T11:41:44","modified_gmt":"2026-03-04T14:41:44","slug":"inscriben-a-mayores-de-25-anos-con-secundario-incompleto","status":"publish","type":"post","link":"https:\/\/www.fcejs.unsl.edu.ar\/index.php\/inscriben-a-mayores-de-25-anos-con-secundario-incompleto\/","title":{"rendered":"Inscriben a mayores de 25 a\u00f1os con secundario incompleto"},"content":{"rendered":"<p><strong>La Universidad Nacional de San Luis (UNSL) abri\u00f3 la inscripci\u00f3n para aspirantes mayores de 25 a\u00f1os con estudios secundarios incompletos que deseen ingresar a carreras de pregrado y grado en los ciclos lectivos 2027 y\/o 2028. Las mismas estar\u00e1n habilitadas hasta el 31 de marzo.<\/strong><\/p>\n<p>Inscripci\u00f3n online: del 2 al 31 de marzo. Acced\u00e9 al formulario haciendo\u00a0<span style=\"color: #0000ff;\"><strong><a style=\"color: #0000ff;\" href=\"https:\/\/docs.google.com\/forms\/d\/e\/1FAIpQLScnKB7OboKkQ5kHaCzPL42aYktykfnvTPEUwoCrdGcntgzvIQ\/viewform\" target=\"_blank\" rel=\"noopener\">clic aqu\u00ed<\/a>.<\/strong><\/span><\/p>\n<p>La convocatoria se realiza en el marco de la Ley N.\u00ba 24.521 de Educaci\u00f3n Superior, que habilita el ingreso excepcional a la Universidad para personas mayores de 25 a\u00f1os que no hayan finalizado el nivel medio, siempre que acrediten preparaci\u00f3n o experiencia laboral acorde a la carrera elegida y aprueben las evaluaciones correspondientes.<\/p>\n<p>La iniciativa se rige adem\u00e1s por la Ordenanza Rectoral (OR) N.\u00ba 11\/2021 y la Resoluci\u00f3n Rectoral (RR) N.\u00ba 996\/2020. Esta pol\u00edtica institucional est\u00e1 orientada a ampliar el acceso y promover la permanencia en la educaci\u00f3n superior.<\/p>\n<p><strong>Requisitos<\/strong><\/p>\n<p>Las y los postulantes deber\u00e1n aprobar las competencias generales establecidas por la Universidad. Las mismas se eval\u00faan mediante dos (2) ex\u00e1menes:\u00a0<strong>comprensi\u00f3n de textos y expresi\u00f3n escrita\u00a0<\/strong>y\u00a0<strong>resoluci\u00f3n de problemas<\/strong>.<\/p>\n<p>La aprobaci\u00f3n de ambos m\u00f3dulos tendr\u00e1 validez por dos (2) a\u00f1os consecutivos, habilitando el ingreso para los ciclos acad\u00e9micos 2027 y\/o 2028.<\/p>\n<p><strong>Modalidad de cursado y evaluaciones<\/strong><\/p>\n<p>El proceso de inscripci\u00f3n y el trayecto de acompa\u00f1amiento se desarrollar\u00e1n de manera virtual a trav\u00e9s del campus de la UNSL.<\/p>\n<p>Los ex\u00e1menes finales ser\u00e1n presenciales<strong>.<\/strong><\/p>\n<p>La organizaci\u00f3n y coordinaci\u00f3n estar\u00e1n a cargo de la Secretar\u00eda Acad\u00e9mica, de Innovaci\u00f3n Educativa y Posgrado de la Universidad.<\/p>\n<p><strong>Calendario de inscripci\u00f3n y ex\u00e1menes 2026<\/strong><\/p>\n<p>Inscripci\u00f3n online: del 2 al 31 de marzo. Acced\u00e9 al formulario haciendo\u00a0<span style=\"color: #0000ff;\"><strong><a style=\"color: #0000ff;\" href=\"https:\/\/docs.google.com\/forms\/d\/e\/1FAIpQLScnKB7OboKkQ5kHaCzPL42aYktykfnvTPEUwoCrdGcntgzvIQ\/viewform\" target=\"_blank\" rel=\"noopener\">clic aqu\u00ed<\/a>.<\/strong><\/span><br \/>\nAcreditaci\u00f3n de aspirantes: del 1 al 3 de abril.<br \/>\nReuni\u00f3n informativa (virtual): 1 de abril.<br \/>\nTrayecto de acompa\u00f1amiento (virtual): del 6 de abril al 29 de mayo.<br \/>\nPrimer per\u00edodo de consultas (virtual): del 1 al 5 de junio.<\/p>\n<p>Ex\u00e1menes presenciales<\/p>\n<ul>\n<li>Comprensi\u00f3n de textos y expresi\u00f3n escrita: lunes 8 de junio.<\/li>\n<li>Resoluci\u00f3n de problemas: jueves 11 de junio.<\/li>\n<\/ul>\n<p>Segundo per\u00edodo de consultas (virtual): del 16 al 18 de junio.<br \/>\nRecuperatorios<\/p>\n<ul>\n<li>Comprensi\u00f3n de textos y expresi\u00f3n escrita: lunes 22 de junio.<\/li>\n<li>Resoluci\u00f3n de problemas: jueves 25 de junio.<\/li>\n<\/ul>\n<p>Publicaci\u00f3n de resultados<\/p>\n<ul>\n<li>Primera instancia: lunes 15 de junio.<\/li>\n<li>Recuperatorios: lunes 29 de junio.<\/li>\n<\/ul>\n<p><strong>Documentaci\u00f3n a presentar<\/strong><\/p>\n<p>Quienes se inscriban al trayecto de acompa\u00f1amiento deber\u00e1n completar el formulario online y adjuntar:<\/p>\n<ul>\n<li>Copia del D.N.I.<\/li>\n<li>Certificado de estudios secundarios incompletos.<\/li>\n<\/ul>\n<p>Para mayor informaci\u00f3n escribir a:\u00a0<a href=\"mailto:mayores.25.unsl@gmail.com\">mayores.25.unsl@gmail.com<\/a><\/p>\n<p>Una vez aprobadas las competencias generales y emitida la resoluci\u00f3n correspondiente, las y los aspirantes podr\u00e1n realizar la preinscripci\u00f3n a la carrera elegida, respetando los plazos y normativas vigentes de la Universidad.<\/p>\n<p>Prensa Secretar\u00eda Acad\u00e9mica, de Innovaci\u00f3n Educativa y Posgrado<br \/>\nFoto: archivo Prensa UNSL<\/p>\n","protected":false},"excerpt":{"rendered":"<p>La Universidad Nacional de San Luis (UNSL) abri\u00f3 la inscripci\u00f3n para aspirantes mayores de 25 a\u00f1os con estudios secundarios incompletos que deseen ingresar a carreras&hellip;<\/p>\n","protected":false},"author":14,"featured_media":7304,"comment_status":"closed","ping_status":"closed","sticky":false,"template":"","format":"standard","meta":{"om_disable_all_campaigns":false,"_monsterinsights_skip_tracking":false,"_monsterinsights_sitenote_active":false,"_monsterinsights_sitenote_note":"","_monsterinsights_sitenote_category":0,"footnotes":""},"categories":[1,19],"tags":[],"class_list":["post-23818","post","type-post","status-publish","format-standard","has-post-thumbnail","hentry","category-noticias","category-principal"],"yoast_head":"<!-- This site is optimized with the Yoast SEO plugin v27.5 - https:\/\/yoast.com\/product\/yoast-seo-wordpress\/ -->\n<title>Inscriben a mayores de 25 a\u00f1os con secundario incompleto - Facultad de Ciencias Econ\u00f3micas, Jur\u00ed\u00addicas y Sociales<\/title>\n<meta name=\"robots\" content=\"index, follow, max-snippet:-1, max-image-preview:large, max-video-preview:-1\" \/>\n<link rel=\"canonical\" href=\"https:\/\/www.fcejs.unsl.edu.ar\/index.php\/inscriben-a-mayores-de-25-anos-con-secundario-incompleto\/\" \/>\n<meta property=\"og:locale\" content=\"es_ES\" \/>\n<meta property=\"og:type\" content=\"article\" \/>\n<meta property=\"og:title\" content=\"Inscriben a mayores de 25 a\u00f1os con secundario incompleto - Facultad de Ciencias Econ\u00f3micas, Jur\u00ed\u00addicas y Sociales\" \/>\n<meta property=\"og:description\" content=\"La Universidad Nacional de San Luis (UNSL) abri\u00f3 la inscripci\u00f3n para aspirantes mayores de 25 a\u00f1os con estudios secundarios incompletos que deseen ingresar a carreras&hellip;\" \/>\n<meta property=\"og:url\" content=\"https:\/\/www.fcejs.unsl.edu.ar\/index.php\/inscriben-a-mayores-de-25-anos-con-secundario-incompleto\/\" \/>\n<meta property=\"og:site_name\" content=\"Facultad de Ciencias Econ\u00f3micas, Jur\u00ed\u00addicas y Sociales\" \/>\n<meta property=\"article:publisher\" content=\"https:\/\/www.facebook.com\/FCEJS.UNSL\/\" \/>\n<meta property=\"article:published_time\" content=\"2026-03-04T12:29:51+00:00\" \/>\n<meta property=\"article:modified_time\" content=\"2026-03-04T14:41:44+00:00\" \/>\n<meta property=\"og:image\" content=\"https:\/\/www.fcejs.unsl.edu.ar\/wp-content\/uploads\/2022\/03\/dpto-alumnos.jpg\" \/>\n\t<meta property=\"og:image:width\" content=\"1152\" \/>\n\t<meta property=\"og:image:height\" content=\"647\" \/>\n\t<meta property=\"og:image:type\" content=\"image\/jpeg\" \/>\n<meta name=\"author\" content=\"Anibal Claveles\" \/>\n<meta name=\"twitter:card\" content=\"summary_large_image\" \/>\n<meta name=\"twitter:creator\" content=\"@FCEJSUNSL\" \/>\n<meta name=\"twitter:site\" content=\"@FCEJSUNSL\" \/>\n<meta name=\"twitter:label1\" content=\"Escrito por\" \/>\n\t<meta name=\"twitter:data1\" content=\"Anibal Claveles\" \/>\n\t<meta name=\"twitter:label2\" content=\"Tiempo de lectura\" \/>\n\t<meta name=\"twitter:data2\" content=\"3 minutos\" \/>\n<script type=\"application\/ld+json\" class=\"yoast-schema-graph\">{\"@context\":\"https:\\\/\\\/schema.org\",\"@graph\":[{\"@type\":\"Article\",\"@id\":\"https:\\\/\\\/www.fcejs.unsl.edu.ar\\\/index.php\\\/inscriben-a-mayores-de-25-anos-con-secundario-incompleto\\\/#article\",\"isPartOf\":{\"@id\":\"https:\\\/\\\/www.fcejs.unsl.edu.ar\\\/index.php\\\/inscriben-a-mayores-de-25-anos-con-secundario-incompleto\\\/\"},\"author\":{\"name\":\"Anibal Claveles\",\"@id\":\"https:\\\/\\\/www.fcejs.unsl.edu.ar\\\/#\\\/schema\\\/person\\\/287a89a822e5887121260d3ee7a539fe\"},\"headline\":\"Inscriben a mayores de 25 a\u00f1os con secundario incompleto\",\"datePublished\":\"2026-03-04T12:29:51+00:00\",\"dateModified\":\"2026-03-04T14:41:44+00:00\",\"mainEntityOfPage\":{\"@id\":\"https:\\\/\\\/www.fcejs.unsl.edu.ar\\\/index.php\\\/inscriben-a-mayores-de-25-anos-con-secundario-incompleto\\\/\"},\"wordCount\":490,\"publisher\":{\"@id\":\"https:\\\/\\\/www.fcejs.unsl.edu.ar\\\/#organization\"},\"image\":{\"@id\":\"https:\\\/\\\/www.fcejs.unsl.edu.ar\\\/index.php\\\/inscriben-a-mayores-de-25-anos-con-secundario-incompleto\\\/#primaryimage\"},\"thumbnailUrl\":\"https:\\\/\\\/www.fcejs.unsl.edu.ar\\\/wp-content\\\/uploads\\\/2022\\\/03\\\/dpto-alumnos.jpg\",\"articleSection\":[\"Noticias\",\"Principal\"],\"inLanguage\":\"es-AR\"},{\"@type\":\"WebPage\",\"@id\":\"https:\\\/\\\/www.fcejs.unsl.edu.ar\\\/index.php\\\/inscriben-a-mayores-de-25-anos-con-secundario-incompleto\\\/\",\"url\":\"https:\\\/\\\/www.fcejs.unsl.edu.ar\\\/index.php\\\/inscriben-a-mayores-de-25-anos-con-secundario-incompleto\\\/\",\"name\":\"Inscriben a mayores de 25 a\u00f1os con secundario incompleto - Facultad de Ciencias Econ\u00f3micas, Jur\u00ed\u00addicas y Sociales\",\"isPartOf\":{\"@id\":\"https:\\\/\\\/www.fcejs.unsl.edu.ar\\\/#website\"},\"primaryImageOfPage\":{\"@id\":\"https:\\\/\\\/www.fcejs.unsl.edu.ar\\\/index.php\\\/inscriben-a-mayores-de-25-anos-con-secundario-incompleto\\\/#primaryimage\"},\"image\":{\"@id\":\"https:\\\/\\\/www.fcejs.unsl.edu.ar\\\/index.php\\\/inscriben-a-mayores-de-25-anos-con-secundario-incompleto\\\/#primaryimage\"},\"thumbnailUrl\":\"https:\\\/\\\/www.fcejs.unsl.edu.ar\\\/wp-content\\\/uploads\\\/2022\\\/03\\\/dpto-alumnos.jpg\",\"datePublished\":\"2026-03-04T12:29:51+00:00\",\"dateModified\":\"2026-03-04T14:41:44+00:00\",\"breadcrumb\":{\"@id\":\"https:\\\/\\\/www.fcejs.unsl.edu.ar\\\/index.php\\\/inscriben-a-mayores-de-25-anos-con-secundario-incompleto\\\/#breadcrumb\"},\"inLanguage\":\"es-AR\",\"potentialAction\":[{\"@type\":\"ReadAction\",\"target\":[\"https:\\\/\\\/www.fcejs.unsl.edu.ar\\\/index.php\\\/inscriben-a-mayores-de-25-anos-con-secundario-incompleto\\\/\"]}]},{\"@type\":\"ImageObject\",\"inLanguage\":\"es-AR\",\"@id\":\"https:\\\/\\\/www.fcejs.unsl.edu.ar\\\/index.php\\\/inscriben-a-mayores-de-25-anos-con-secundario-incompleto\\\/#primaryimage\",\"url\":\"https:\\\/\\\/www.fcejs.unsl.edu.ar\\\/wp-content\\\/uploads\\\/2022\\\/03\\\/dpto-alumnos.jpg\",\"contentUrl\":\"https:\\\/\\\/www.fcejs.unsl.edu.ar\\\/wp-content\\\/uploads\\\/2022\\\/03\\\/dpto-alumnos.jpg\",\"width\":1152,\"height\":647},{\"@type\":\"BreadcrumbList\",\"@id\":\"https:\\\/\\\/www.fcejs.unsl.edu.ar\\\/index.php\\\/inscriben-a-mayores-de-25-anos-con-secundario-incompleto\\\/#breadcrumb\",\"itemListElement\":[{\"@type\":\"ListItem\",\"position\":1,\"name\":\"Inicio\",\"item\":\"https:\\\/\\\/www.fcejs.unsl.edu.ar\\\/\"},{\"@type\":\"ListItem\",\"position\":2,\"name\":\"Inscriben a mayores de 25 a\u00f1os con secundario incompleto\"}]},{\"@type\":\"WebSite\",\"@id\":\"https:\\\/\\\/www.fcejs.unsl.edu.ar\\\/#website\",\"url\":\"https:\\\/\\\/www.fcejs.unsl.edu.ar\\\/\",\"name\":\"Facultad de Ciencias Econ\u00f3micas, Jur\u00ed\u00addicas y Sociales\",\"description\":\"\",\"publisher\":{\"@id\":\"https:\\\/\\\/www.fcejs.unsl.edu.ar\\\/#organization\"},\"potentialAction\":[{\"@type\":\"SearchAction\",\"target\":{\"@type\":\"EntryPoint\",\"urlTemplate\":\"https:\\\/\\\/www.fcejs.unsl.edu.ar\\\/?s={search_term_string}\"},\"query-input\":{\"@type\":\"PropertyValueSpecification\",\"valueRequired\":true,\"valueName\":\"search_term_string\"}}],\"inLanguage\":\"es-AR\"},{\"@type\":\"Organization\",\"@id\":\"https:\\\/\\\/www.fcejs.unsl.edu.ar\\\/#organization\",\"name\":\"Facultad de Ciencias Econ\u00f3micas, Jur\u00eddicas y Sociales\",\"url\":\"https:\\\/\\\/www.fcejs.unsl.edu.ar\\\/\",\"logo\":{\"@type\":\"ImageObject\",\"inLanguage\":\"es-AR\",\"@id\":\"https:\\\/\\\/www.fcejs.unsl.edu.ar\\\/#\\\/schema\\\/logo\\\/image\\\/\",\"url\":\"https:\\\/\\\/www.fcejs.unsl.edu.ar\\\/wp-content\\\/uploads\\\/2021\\\/03\\\/logo-1.jpg\",\"contentUrl\":\"https:\\\/\\\/www.fcejs.unsl.edu.ar\\\/wp-content\\\/uploads\\\/2021\\\/03\\\/logo-1.jpg\",\"width\":471,\"height\":146,\"caption\":\"Facultad de Ciencias Econ\u00f3micas, Jur\u00eddicas y Sociales\"},\"image\":{\"@id\":\"https:\\\/\\\/www.fcejs.unsl.edu.ar\\\/#\\\/schema\\\/logo\\\/image\\\/\"},\"sameAs\":[\"https:\\\/\\\/www.facebook.com\\\/FCEJS.UNSL\\\/\",\"https:\\\/\\\/x.com\\\/FCEJSUNSL\",\"https:\\\/\\\/www.instagram.com\\\/fcejs.unsl\\\/\",\"https:\\\/\\\/www.youtube.com\\\/channel\\\/UCH-Ut6EaN_X5ogjIQMPe46g\\\/\"]},{\"@type\":\"Person\",\"@id\":\"https:\\\/\\\/www.fcejs.unsl.edu.ar\\\/#\\\/schema\\\/person\\\/287a89a822e5887121260d3ee7a539fe\",\"name\":\"Anibal Claveles\"}]}<\/script>\n<!-- \/ Yoast SEO plugin. -->","yoast_head_json":{"title":"Inscriben a mayores de 25 a\u00f1os con secundario incompleto - Facultad de Ciencias Econ\u00f3micas, Jur\u00ed\u00addicas y Sociales","robots":{"index":"index","follow":"follow","max-snippet":"max-snippet:-1","max-image-preview":"max-image-preview:large","max-video-preview":"max-video-preview:-1"},"canonical":"https:\/\/www.fcejs.unsl.edu.ar\/index.php\/inscriben-a-mayores-de-25-anos-con-secundario-incompleto\/","og_locale":"es_ES","og_type":"article","og_title":"Inscriben a mayores de 25 a\u00f1os con secundario incompleto - Facultad de Ciencias Econ\u00f3micas, Jur\u00ed\u00addicas y Sociales","og_description":"La Universidad Nacional de San Luis (UNSL) abri\u00f3 la inscripci\u00f3n para aspirantes mayores de 25 a\u00f1os con estudios secundarios incompletos que deseen ingresar a carreras&hellip;","og_url":"https:\/\/www.fcejs.unsl.edu.ar\/index.php\/inscriben-a-mayores-de-25-anos-con-secundario-incompleto\/","og_site_name":"Facultad de Ciencias Econ\u00f3micas, Jur\u00ed\u00addicas y Sociales","article_publisher":"https:\/\/www.facebook.com\/FCEJS.UNSL\/","article_published_time":"2026-03-04T12:29:51+00:00","article_modified_time":"2026-03-04T14:41:44+00:00","og_image":[{"width":1152,"height":647,"url":"https:\/\/www.fcejs.unsl.edu.ar\/wp-content\/uploads\/2022\/03\/dpto-alumnos.jpg","type":"image\/jpeg"}],"author":"Anibal Claveles","twitter_card":"summary_large_image","twitter_creator":"@FCEJSUNSL","twitter_site":"@FCEJSUNSL","twitter_misc":{"Escrito por":"Anibal Claveles","Tiempo de lectura":"3 minutos"},"schema":{"@context":"https:\/\/schema.org","@graph":[{"@type":"Article","@id":"https:\/\/www.fcejs.unsl.edu.ar\/index.php\/inscriben-a-mayores-de-25-anos-con-secundario-incompleto\/#article","isPartOf":{"@id":"https:\/\/www.fcejs.unsl.edu.ar\/index.php\/inscriben-a-mayores-de-25-anos-con-secundario-incompleto\/"},"author":{"name":"Anibal Claveles","@id":"https:\/\/www.fcejs.unsl.edu.ar\/#\/schema\/person\/287a89a822e5887121260d3ee7a539fe"},"headline":"Inscriben a mayores de 25 a\u00f1os con secundario incompleto","datePublished":"2026-03-04T12:29:51+00:00","dateModified":"2026-03-04T14:41:44+00:00","mainEntityOfPage":{"@id":"https:\/\/www.fcejs.unsl.edu.ar\/index.php\/inscriben-a-mayores-de-25-anos-con-secundario-incompleto\/"},"wordCount":490,"publisher":{"@id":"https:\/\/www.fcejs.unsl.edu.ar\/#organization"},"image":{"@id":"https:\/\/www.fcejs.unsl.edu.ar\/index.php\/inscriben-a-mayores-de-25-anos-con-secundario-incompleto\/#primaryimage"},"thumbnailUrl":"https:\/\/www.fcejs.unsl.edu.ar\/wp-content\/uploads\/2022\/03\/dpto-alumnos.jpg","articleSection":["Noticias","Principal"],"inLanguage":"es-AR"},{"@type":"WebPage","@id":"https:\/\/www.fcejs.unsl.edu.ar\/index.php\/inscriben-a-mayores-de-25-anos-con-secundario-incompleto\/","url":"https:\/\/www.fcejs.unsl.edu.ar\/index.php\/inscriben-a-mayores-de-25-anos-con-secundario-incompleto\/","name":"Inscriben a mayores de 25 a\u00f1os con secundario incompleto - Facultad de Ciencias Econ\u00f3micas, Jur\u00ed\u00addicas y Sociales","isPartOf":{"@id":"https:\/\/www.fcejs.unsl.edu.ar\/#website"},"primaryImageOfPage":{"@id":"https:\/\/www.fcejs.unsl.edu.ar\/index.php\/inscriben-a-mayores-de-25-anos-con-secundario-incompleto\/#primaryimage"},"image":{"@id":"https:\/\/www.fcejs.unsl.edu.ar\/index.php\/inscriben-a-mayores-de-25-anos-con-secundario-incompleto\/#primaryimage"},"thumbnailUrl":"https:\/\/www.fcejs.unsl.edu.ar\/wp-content\/uploads\/2022\/03\/dpto-alumnos.jpg","datePublished":"2026-03-04T12:29:51+00:00","dateModified":"2026-03-04T14:41:44+00:00","breadcrumb":{"@id":"https:\/\/www.fcejs.unsl.edu.ar\/index.php\/inscriben-a-mayores-de-25-anos-con-secundario-incompleto\/#breadcrumb"},"inLanguage":"es-AR","potentialAction":[{"@type":"ReadAction","target":["https:\/\/www.fcejs.unsl.edu.ar\/index.php\/inscriben-a-mayores-de-25-anos-con-secundario-incompleto\/"]}]},{"@type":"ImageObject","inLanguage":"es-AR","@id":"https:\/\/www.fcejs.unsl.edu.ar\/index.php\/inscriben-a-mayores-de-25-anos-con-secundario-incompleto\/#primaryimage","url":"https:\/\/www.fcejs.unsl.edu.ar\/wp-content\/uploads\/2022\/03\/dpto-alumnos.jpg","contentUrl":"https:\/\/www.fcejs.unsl.edu.ar\/wp-content\/uploads\/2022\/03\/dpto-alumnos.jpg","width":1152,"height":647},{"@type":"BreadcrumbList","@id":"https:\/\/www.fcejs.unsl.edu.ar\/index.php\/inscriben-a-mayores-de-25-anos-con-secundario-incompleto\/#breadcrumb","itemListElement":[{"@type":"ListItem","position":1,"name":"Inicio","item":"https:\/\/www.fcejs.unsl.edu.ar\/"},{"@type":"ListItem","position":2,"name":"Inscriben a mayores de 25 a\u00f1os con secundario incompleto"}]},{"@type":"WebSite","@id":"https:\/\/www.fcejs.unsl.edu.ar\/#website","url":"https:\/\/www.fcejs.unsl.edu.ar\/","name":"Facultad de Ciencias Econ\u00f3micas, Jur\u00ed\u00addicas y Sociales","description":"","publisher":{"@id":"https:\/\/www.fcejs.unsl.edu.ar\/#organization"},"potentialAction":[{"@type":"SearchAction","target":{"@type":"EntryPoint","urlTemplate":"https:\/\/www.fcejs.unsl.edu.ar\/?s={search_term_string}"},"query-input":{"@type":"PropertyValueSpecification","valueRequired":true,"valueName":"search_term_string"}}],"inLanguage":"es-AR"},{"@type":"Organization","@id":"https:\/\/www.fcejs.unsl.edu.ar\/#organization","name":"Facultad de Ciencias Econ\u00f3micas, Jur\u00eddicas y Sociales","url":"https:\/\/www.fcejs.unsl.edu.ar\/","logo":{"@type":"ImageObject","inLanguage":"es-AR","@id":"https:\/\/www.fcejs.unsl.edu.ar\/#\/schema\/logo\/image\/","url":"https:\/\/www.fcejs.unsl.edu.ar\/wp-content\/uploads\/2021\/03\/logo-1.jpg","contentUrl":"https:\/\/www.fcejs.unsl.edu.ar\/wp-content\/uploads\/2021\/03\/logo-1.jpg","width":471,"height":146,"caption":"Facultad de Ciencias Econ\u00f3micas, Jur\u00eddicas y Sociales"},"image":{"@id":"https:\/\/www.fcejs.unsl.edu.ar\/#\/schema\/logo\/image\/"},"sameAs":["https:\/\/www.facebook.com\/FCEJS.UNSL\/","https:\/\/x.com\/FCEJSUNSL","https:\/\/www.instagram.com\/fcejs.unsl\/","https:\/\/www.youtube.com\/channel\/UCH-Ut6EaN_X5ogjIQMPe46g\/"]},{"@type":"Person","@id":"https:\/\/www.fcejs.unsl.edu.ar\/#\/schema\/person\/287a89a822e5887121260d3ee7a539fe","name":"Anibal Claveles"}]}},"jetpack_featured_media_url":"https:\/\/www.fcejs.unsl.edu.ar\/wp-content\/uploads\/2022\/03\/dpto-alumnos.jpg","_links":{"self":[{"href":"https:\/\/www.fcejs.unsl.edu.ar\/index.php\/wp-json\/wp\/v2\/posts\/23818","targetHints":{"allow":["GET"]}}],"collection":[{"href":"https:\/\/www.fcejs.unsl.edu.ar\/index.php\/wp-json\/wp\/v2\/posts"}],"about":[{"href":"https:\/\/www.fcejs.unsl.edu.ar\/index.php\/wp-json\/wp\/v2\/types\/post"}],"author":[{"embeddable":true,"href":"https:\/\/www.fcejs.unsl.edu.ar\/index.php\/wp-json\/wp\/v2\/users\/14"}],"replies":[{"embeddable":true,"href":"https:\/\/www.fcejs.unsl.edu.ar\/index.php\/wp-json\/wp\/v2\/comments?post=23818"}],"version-history":[{"count":2,"href":"https:\/\/www.fcejs.unsl.edu.ar\/index.php\/wp-json\/wp\/v2\/posts\/23818\/revisions"}],"predecessor-version":[{"id":23820,"href":"https:\/\/www.fcejs.unsl.edu.ar\/index.php\/wp-json\/wp\/v2\/posts\/23818\/revisions\/23820"}],"wp:featuredmedia":[{"embeddable":true,"href":"https:\/\/www.fcejs.unsl.edu.ar\/index.php\/wp-json\/wp\/v2\/media\/7304"}],"wp:attachment":[{"href":"https:\/\/www.fcejs.unsl.edu.ar\/index.php\/wp-json\/wp\/v2\/media?parent=23818"}],"wp:term":[{"taxonomy":"category","embeddable":true,"href":"https:\/\/www.fcejs.unsl.edu.ar\/index.php\/wp-json\/wp\/v2\/categories?post=23818"},{"taxonomy":"post_tag","embeddable":true,"href":"https:\/\/www.fcejs.unsl.edu.ar\/index.php\/wp-json\/wp\/v2\/tags?post=23818"}],"curies":[{"name":"wp","href":"https:\/\/api.w.org\/{rel}","templated":true}]}}