{"id":23815,"date":"2026-03-04T11:04:22","date_gmt":"2026-03-04T14:04:22","guid":{"rendered":"https:\/\/www.fcejs.unsl.edu.ar\/?p=23815"},"modified":"2026-03-04T11:29:09","modified_gmt":"2026-03-04T14:29:09","slug":"lagiu-ingreso-2026-acto-y-recepcion-de-documentacion","status":"publish","type":"post","link":"https:\/\/www.fcejs.unsl.edu.ar\/index.php\/lagiu-ingreso-2026-acto-y-recepcion-de-documentacion\/","title":{"rendered":"LAGIU | Ingreso 2026: acto y recepci\u00f3n de documentaci\u00f3n"},"content":{"rendered":"<p data-start=\"280\" data-end=\"712\">La Secretar\u00eda Acad\u00e9mica de la <span class=\"hover:entity-accent entity-underline inline cursor-pointer align-baseline\"><span class=\"whitespace-normal\">Facultad de Ciencias Econ\u00f3micas, Jur\u00eddicas y Sociales<\/span><\/span> (FCEJS) invita a las y los ingresantes de la <strong data-start=\"393\" data-end=\"477\">Licenciatura en Administraci\u00f3n y Gesti\u00f3n de Instituciones Universitarias (LAGIU)<\/strong> al Acto de Bienvenida a Ingresantes 2026, que se realizar\u00e1 el pr\u00f3ximo jueves 12 de marzo, a partir de las 16 horas, en el Campus Universitario del Centro Universitario Villa Mercedes de la <span class=\"hover:entity-accent entity-underline inline cursor-pointer align-baseline\"><span class=\"whitespace-normal\">Universidad Nacional de San Luis<\/span><\/span> (UNSL).<\/p>\n<p data-start=\"714\" data-end=\"1097\">Teniendo en cuenta el importante n\u00famero de ingresantes para este ciclo, la Secretar\u00eda dispondr\u00e1 para esa jornada una atenci\u00f3n exclusiva en el Departamento de Alumnos, a fin de garantizar la recepci\u00f3n de la documentaci\u00f3n. Se solicita a las y los ingresantes que aprovechen la oportunidad para presentar la documentaci\u00f3n requerida y as\u00ed concluir el proceso de inscripci\u00f3n a la carrera.<\/p>\n<p data-start=\"1099\" data-end=\"1222\">Quienes ya realizaron la inscripci\u00f3n deber\u00e1n entregar la siguiente documentaci\u00f3n en el Departamento de Alumnos de la FCEJS:<\/p>\n<ul data-start=\"1224\" data-end=\"1663\">\n<li data-start=\"1224\" data-end=\"1265\">\n<p data-start=\"1226\" data-end=\"1265\">Formulario de preinscripci\u00f3n impreso.<\/p>\n<\/li>\n<li data-start=\"1266\" data-end=\"1333\">\n<p data-start=\"1268\" data-end=\"1333\">Fotocopia del DNI (a color, frente y reverso, formato tarjeta).<\/p>\n<\/li>\n<li data-start=\"1334\" data-end=\"1389\">\n<p data-start=\"1336\" data-end=\"1389\">Constancia de finalizaci\u00f3n de estudios de la TAGIU.<\/p>\n<\/li>\n<li data-start=\"1390\" data-end=\"1424\">\n<p data-start=\"1392\" data-end=\"1424\">Dos (2) fotos 4&#215;4 tipo carnet.<\/p>\n<\/li>\n<li data-start=\"1425\" data-end=\"1663\">\n<p data-start=\"1427\" data-end=\"1663\">Certificado de buena salud con los siguientes an\u00e1lisis cl\u00ednicos: hemograma completo, VSG, orina completa, VDRL, uremia, Machado-Guerreiro, grupo y factor sangu\u00edneo, glucemia, colesterol total, colesterol LDL, triglic\u00e9ridos y creatinina.<\/p>\n<\/li>\n<\/ul>\n<p data-start=\"1665\" data-end=\"1787\">El dictado de las asignaturas ser\u00e1 en modalidad sincr\u00f3nica y dar\u00e1 inicio el viernes 13 de marzo, a partir de las 15 horas.<\/p>\n","protected":false},"excerpt":{"rendered":"<p>La Secretar\u00eda Acad\u00e9mica de la Facultad de Ciencias Econ\u00f3micas, Jur\u00eddicas y Sociales (FCEJS) invita a las y los ingresantes de la Licenciatura en Administraci\u00f3n y&hellip;<\/p>\n","protected":false},"author":14,"featured_media":23817,"comment_status":"closed","ping_status":"closed","sticky":false,"template":"","format":"standard","meta":{"om_disable_all_campaigns":false,"_monsterinsights_skip_tracking":false,"_monsterinsights_sitenote_active":false,"_monsterinsights_sitenote_note":"","_monsterinsights_sitenote_category":0,"footnotes":""},"categories":[1,19],"tags":[],"class_list":["post-23815","post","type-post","status-publish","format-standard","has-post-thumbnail","hentry","category-noticias","category-principal"],"yoast_head":"<!-- This site is optimized with the Yoast SEO plugin v27.5 - https:\/\/yoast.com\/product\/yoast-seo-wordpress\/ -->\n<title>LAGIU | Ingreso 2026: acto y recepci\u00f3n de documentaci\u00f3n - Facultad de Ciencias Econ\u00f3micas, Jur\u00ed\u00addicas y Sociales<\/title>\n<meta name=\"robots\" content=\"index, follow, max-snippet:-1, max-image-preview:large, max-video-preview:-1\" \/>\n<link rel=\"canonical\" href=\"https:\/\/www.fcejs.unsl.edu.ar\/index.php\/lagiu-ingreso-2026-acto-y-recepcion-de-documentacion\/\" \/>\n<meta property=\"og:locale\" content=\"es_ES\" \/>\n<meta property=\"og:type\" content=\"article\" \/>\n<meta property=\"og:title\" content=\"LAGIU | Ingreso 2026: acto y recepci\u00f3n de documentaci\u00f3n - Facultad de Ciencias Econ\u00f3micas, Jur\u00ed\u00addicas y Sociales\" \/>\n<meta property=\"og:description\" content=\"La Secretar\u00eda Acad\u00e9mica de la Facultad de Ciencias Econ\u00f3micas, Jur\u00eddicas y Sociales (FCEJS) invita a las y los ingresantes de la Licenciatura en Administraci\u00f3n y&hellip;\" \/>\n<meta property=\"og:url\" content=\"https:\/\/www.fcejs.unsl.edu.ar\/index.php\/lagiu-ingreso-2026-acto-y-recepcion-de-documentacion\/\" \/>\n<meta property=\"og:site_name\" content=\"Facultad de Ciencias Econ\u00f3micas, Jur\u00ed\u00addicas y Sociales\" \/>\n<meta property=\"article:publisher\" content=\"https:\/\/www.facebook.com\/FCEJS.UNSL\/\" \/>\n<meta property=\"article:published_time\" content=\"2026-03-04T14:04:22+00:00\" \/>\n<meta property=\"article:modified_time\" content=\"2026-03-04T14:29:09+00:00\" \/>\n<meta property=\"og:image\" content=\"https:\/\/www.fcejs.unsl.edu.ar\/wp-content\/uploads\/2026\/03\/lagiu-front.jpg\" \/>\n\t<meta property=\"og:image:width\" content=\"1152\" \/>\n\t<meta property=\"og:image:height\" content=\"647\" \/>\n\t<meta property=\"og:image:type\" content=\"image\/jpeg\" \/>\n<meta name=\"author\" content=\"Anibal Claveles\" \/>\n<meta name=\"twitter:card\" content=\"summary_large_image\" \/>\n<meta name=\"twitter:creator\" content=\"@FCEJSUNSL\" \/>\n<meta name=\"twitter:site\" content=\"@FCEJSUNSL\" \/>\n<meta name=\"twitter:label1\" content=\"Escrito por\" \/>\n\t<meta name=\"twitter:data1\" content=\"Anibal Claveles\" \/>\n\t<meta name=\"twitter:label2\" content=\"Tiempo de lectura\" \/>\n\t<meta name=\"twitter:data2\" content=\"2 minutos\" \/>\n<script type=\"application\/ld+json\" class=\"yoast-schema-graph\">{\"@context\":\"https:\\\/\\\/schema.org\",\"@graph\":[{\"@type\":\"Article\",\"@id\":\"https:\\\/\\\/www.fcejs.unsl.edu.ar\\\/index.php\\\/lagiu-ingreso-2026-acto-y-recepcion-de-documentacion\\\/#article\",\"isPartOf\":{\"@id\":\"https:\\\/\\\/www.fcejs.unsl.edu.ar\\\/index.php\\\/lagiu-ingreso-2026-acto-y-recepcion-de-documentacion\\\/\"},\"author\":{\"name\":\"Anibal Claveles\",\"@id\":\"https:\\\/\\\/www.fcejs.unsl.edu.ar\\\/#\\\/schema\\\/person\\\/287a89a822e5887121260d3ee7a539fe\"},\"headline\":\"LAGIU | Ingreso 2026: acto y recepci\u00f3n de documentaci\u00f3n\",\"datePublished\":\"2026-03-04T14:04:22+00:00\",\"dateModified\":\"2026-03-04T14:29:09+00:00\",\"mainEntityOfPage\":{\"@id\":\"https:\\\/\\\/www.fcejs.unsl.edu.ar\\\/index.php\\\/lagiu-ingreso-2026-acto-y-recepcion-de-documentacion\\\/\"},\"wordCount\":254,\"publisher\":{\"@id\":\"https:\\\/\\\/www.fcejs.unsl.edu.ar\\\/#organization\"},\"image\":{\"@id\":\"https:\\\/\\\/www.fcejs.unsl.edu.ar\\\/index.php\\\/lagiu-ingreso-2026-acto-y-recepcion-de-documentacion\\\/#primaryimage\"},\"thumbnailUrl\":\"https:\\\/\\\/www.fcejs.unsl.edu.ar\\\/wp-content\\\/uploads\\\/2026\\\/03\\\/lagiu-front.jpg\",\"articleSection\":[\"Noticias\",\"Principal\"],\"inLanguage\":\"es-AR\"},{\"@type\":\"WebPage\",\"@id\":\"https:\\\/\\\/www.fcejs.unsl.edu.ar\\\/index.php\\\/lagiu-ingreso-2026-acto-y-recepcion-de-documentacion\\\/\",\"url\":\"https:\\\/\\\/www.fcejs.unsl.edu.ar\\\/index.php\\\/lagiu-ingreso-2026-acto-y-recepcion-de-documentacion\\\/\",\"name\":\"LAGIU | Ingreso 2026: acto y recepci\u00f3n de documentaci\u00f3n - Facultad de Ciencias Econ\u00f3micas, Jur\u00ed\u00addicas y Sociales\",\"isPartOf\":{\"@id\":\"https:\\\/\\\/www.fcejs.unsl.edu.ar\\\/#website\"},\"primaryImageOfPage\":{\"@id\":\"https:\\\/\\\/www.fcejs.unsl.edu.ar\\\/index.php\\\/lagiu-ingreso-2026-acto-y-recepcion-de-documentacion\\\/#primaryimage\"},\"image\":{\"@id\":\"https:\\\/\\\/www.fcejs.unsl.edu.ar\\\/index.php\\\/lagiu-ingreso-2026-acto-y-recepcion-de-documentacion\\\/#primaryimage\"},\"thumbnailUrl\":\"https:\\\/\\\/www.fcejs.unsl.edu.ar\\\/wp-content\\\/uploads\\\/2026\\\/03\\\/lagiu-front.jpg\",\"datePublished\":\"2026-03-04T14:04:22+00:00\",\"dateModified\":\"2026-03-04T14:29:09+00:00\",\"breadcrumb\":{\"@id\":\"https:\\\/\\\/www.fcejs.unsl.edu.ar\\\/index.php\\\/lagiu-ingreso-2026-acto-y-recepcion-de-documentacion\\\/#breadcrumb\"},\"inLanguage\":\"es-AR\",\"potentialAction\":[{\"@type\":\"ReadAction\",\"target\":[\"https:\\\/\\\/www.fcejs.unsl.edu.ar\\\/index.php\\\/lagiu-ingreso-2026-acto-y-recepcion-de-documentacion\\\/\"]}]},{\"@type\":\"ImageObject\",\"inLanguage\":\"es-AR\",\"@id\":\"https:\\\/\\\/www.fcejs.unsl.edu.ar\\\/index.php\\\/lagiu-ingreso-2026-acto-y-recepcion-de-documentacion\\\/#primaryimage\",\"url\":\"https:\\\/\\\/www.fcejs.unsl.edu.ar\\\/wp-content\\\/uploads\\\/2026\\\/03\\\/lagiu-front.jpg\",\"contentUrl\":\"https:\\\/\\\/www.fcejs.unsl.edu.ar\\\/wp-content\\\/uploads\\\/2026\\\/03\\\/lagiu-front.jpg\",\"width\":1152,\"height\":647},{\"@type\":\"BreadcrumbList\",\"@id\":\"https:\\\/\\\/www.fcejs.unsl.edu.ar\\\/index.php\\\/lagiu-ingreso-2026-acto-y-recepcion-de-documentacion\\\/#breadcrumb\",\"itemListElement\":[{\"@type\":\"ListItem\",\"position\":1,\"name\":\"Inicio\",\"item\":\"https:\\\/\\\/www.fcejs.unsl.edu.ar\\\/\"},{\"@type\":\"ListItem\",\"position\":2,\"name\":\"LAGIU | Ingreso 2026: acto y recepci\u00f3n de documentaci\u00f3n\"}]},{\"@type\":\"WebSite\",\"@id\":\"https:\\\/\\\/www.fcejs.unsl.edu.ar\\\/#website\",\"url\":\"https:\\\/\\\/www.fcejs.unsl.edu.ar\\\/\",\"name\":\"Facultad de Ciencias Econ\u00f3micas, Jur\u00ed\u00addicas y Sociales\",\"description\":\"\",\"publisher\":{\"@id\":\"https:\\\/\\\/www.fcejs.unsl.edu.ar\\\/#organization\"},\"potentialAction\":[{\"@type\":\"SearchAction\",\"target\":{\"@type\":\"EntryPoint\",\"urlTemplate\":\"https:\\\/\\\/www.fcejs.unsl.edu.ar\\\/?s={search_term_string}\"},\"query-input\":{\"@type\":\"PropertyValueSpecification\",\"valueRequired\":true,\"valueName\":\"search_term_string\"}}],\"inLanguage\":\"es-AR\"},{\"@type\":\"Organization\",\"@id\":\"https:\\\/\\\/www.fcejs.unsl.edu.ar\\\/#organization\",\"name\":\"Facultad de Ciencias Econ\u00f3micas, Jur\u00eddicas y Sociales\",\"url\":\"https:\\\/\\\/www.fcejs.unsl.edu.ar\\\/\",\"logo\":{\"@type\":\"ImageObject\",\"inLanguage\":\"es-AR\",\"@id\":\"https:\\\/\\\/www.fcejs.unsl.edu.ar\\\/#\\\/schema\\\/logo\\\/image\\\/\",\"url\":\"https:\\\/\\\/www.fcejs.unsl.edu.ar\\\/wp-content\\\/uploads\\\/2021\\\/03\\\/logo-1.jpg\",\"contentUrl\":\"https:\\\/\\\/www.fcejs.unsl.edu.ar\\\/wp-content\\\/uploads\\\/2021\\\/03\\\/logo-1.jpg\",\"width\":471,\"height\":146,\"caption\":\"Facultad de Ciencias Econ\u00f3micas, Jur\u00eddicas y Sociales\"},\"image\":{\"@id\":\"https:\\\/\\\/www.fcejs.unsl.edu.ar\\\/#\\\/schema\\\/logo\\\/image\\\/\"},\"sameAs\":[\"https:\\\/\\\/www.facebook.com\\\/FCEJS.UNSL\\\/\",\"https:\\\/\\\/x.com\\\/FCEJSUNSL\",\"https:\\\/\\\/www.instagram.com\\\/fcejs.unsl\\\/\",\"https:\\\/\\\/www.youtube.com\\\/channel\\\/UCH-Ut6EaN_X5ogjIQMPe46g\\\/\"]},{\"@type\":\"Person\",\"@id\":\"https:\\\/\\\/www.fcejs.unsl.edu.ar\\\/#\\\/schema\\\/person\\\/287a89a822e5887121260d3ee7a539fe\",\"name\":\"Anibal Claveles\"}]}<\/script>\n<!-- \/ Yoast SEO plugin. -->","yoast_head_json":{"title":"LAGIU | Ingreso 2026: acto y recepci\u00f3n de documentaci\u00f3n - Facultad de Ciencias Econ\u00f3micas, Jur\u00ed\u00addicas y Sociales","robots":{"index":"index","follow":"follow","max-snippet":"max-snippet:-1","max-image-preview":"max-image-preview:large","max-video-preview":"max-video-preview:-1"},"canonical":"https:\/\/www.fcejs.unsl.edu.ar\/index.php\/lagiu-ingreso-2026-acto-y-recepcion-de-documentacion\/","og_locale":"es_ES","og_type":"article","og_title":"LAGIU | Ingreso 2026: acto y recepci\u00f3n de documentaci\u00f3n - Facultad de Ciencias Econ\u00f3micas, Jur\u00ed\u00addicas y Sociales","og_description":"La Secretar\u00eda Acad\u00e9mica de la Facultad de Ciencias Econ\u00f3micas, Jur\u00eddicas y Sociales (FCEJS) invita a las y los ingresantes de la Licenciatura en Administraci\u00f3n y&hellip;","og_url":"https:\/\/www.fcejs.unsl.edu.ar\/index.php\/lagiu-ingreso-2026-acto-y-recepcion-de-documentacion\/","og_site_name":"Facultad de Ciencias Econ\u00f3micas, Jur\u00ed\u00addicas y Sociales","article_publisher":"https:\/\/www.facebook.com\/FCEJS.UNSL\/","article_published_time":"2026-03-04T14:04:22+00:00","article_modified_time":"2026-03-04T14:29:09+00:00","og_image":[{"width":1152,"height":647,"url":"https:\/\/www.fcejs.unsl.edu.ar\/wp-content\/uploads\/2026\/03\/lagiu-front.jpg","type":"image\/jpeg"}],"author":"Anibal Claveles","twitter_card":"summary_large_image","twitter_creator":"@FCEJSUNSL","twitter_site":"@FCEJSUNSL","twitter_misc":{"Escrito por":"Anibal Claveles","Tiempo de lectura":"2 minutos"},"schema":{"@context":"https:\/\/schema.org","@graph":[{"@type":"Article","@id":"https:\/\/www.fcejs.unsl.edu.ar\/index.php\/lagiu-ingreso-2026-acto-y-recepcion-de-documentacion\/#article","isPartOf":{"@id":"https:\/\/www.fcejs.unsl.edu.ar\/index.php\/lagiu-ingreso-2026-acto-y-recepcion-de-documentacion\/"},"author":{"name":"Anibal Claveles","@id":"https:\/\/www.fcejs.unsl.edu.ar\/#\/schema\/person\/287a89a822e5887121260d3ee7a539fe"},"headline":"LAGIU | Ingreso 2026: acto y recepci\u00f3n de documentaci\u00f3n","datePublished":"2026-03-04T14:04:22+00:00","dateModified":"2026-03-04T14:29:09+00:00","mainEntityOfPage":{"@id":"https:\/\/www.fcejs.unsl.edu.ar\/index.php\/lagiu-ingreso-2026-acto-y-recepcion-de-documentacion\/"},"wordCount":254,"publisher":{"@id":"https:\/\/www.fcejs.unsl.edu.ar\/#organization"},"image":{"@id":"https:\/\/www.fcejs.unsl.edu.ar\/index.php\/lagiu-ingreso-2026-acto-y-recepcion-de-documentacion\/#primaryimage"},"thumbnailUrl":"https:\/\/www.fcejs.unsl.edu.ar\/wp-content\/uploads\/2026\/03\/lagiu-front.jpg","articleSection":["Noticias","Principal"],"inLanguage":"es-AR"},{"@type":"WebPage","@id":"https:\/\/www.fcejs.unsl.edu.ar\/index.php\/lagiu-ingreso-2026-acto-y-recepcion-de-documentacion\/","url":"https:\/\/www.fcejs.unsl.edu.ar\/index.php\/lagiu-ingreso-2026-acto-y-recepcion-de-documentacion\/","name":"LAGIU | Ingreso 2026: acto y recepci\u00f3n de documentaci\u00f3n - Facultad de Ciencias Econ\u00f3micas, Jur\u00ed\u00addicas y Sociales","isPartOf":{"@id":"https:\/\/www.fcejs.unsl.edu.ar\/#website"},"primaryImageOfPage":{"@id":"https:\/\/www.fcejs.unsl.edu.ar\/index.php\/lagiu-ingreso-2026-acto-y-recepcion-de-documentacion\/#primaryimage"},"image":{"@id":"https:\/\/www.fcejs.unsl.edu.ar\/index.php\/lagiu-ingreso-2026-acto-y-recepcion-de-documentacion\/#primaryimage"},"thumbnailUrl":"https:\/\/www.fcejs.unsl.edu.ar\/wp-content\/uploads\/2026\/03\/lagiu-front.jpg","datePublished":"2026-03-04T14:04:22+00:00","dateModified":"2026-03-04T14:29:09+00:00","breadcrumb":{"@id":"https:\/\/www.fcejs.unsl.edu.ar\/index.php\/lagiu-ingreso-2026-acto-y-recepcion-de-documentacion\/#breadcrumb"},"inLanguage":"es-AR","potentialAction":[{"@type":"ReadAction","target":["https:\/\/www.fcejs.unsl.edu.ar\/index.php\/lagiu-ingreso-2026-acto-y-recepcion-de-documentacion\/"]}]},{"@type":"ImageObject","inLanguage":"es-AR","@id":"https:\/\/www.fcejs.unsl.edu.ar\/index.php\/lagiu-ingreso-2026-acto-y-recepcion-de-documentacion\/#primaryimage","url":"https:\/\/www.fcejs.unsl.edu.ar\/wp-content\/uploads\/2026\/03\/lagiu-front.jpg","contentUrl":"https:\/\/www.fcejs.unsl.edu.ar\/wp-content\/uploads\/2026\/03\/lagiu-front.jpg","width":1152,"height":647},{"@type":"BreadcrumbList","@id":"https:\/\/www.fcejs.unsl.edu.ar\/index.php\/lagiu-ingreso-2026-acto-y-recepcion-de-documentacion\/#breadcrumb","itemListElement":[{"@type":"ListItem","position":1,"name":"Inicio","item":"https:\/\/www.fcejs.unsl.edu.ar\/"},{"@type":"ListItem","position":2,"name":"LAGIU | Ingreso 2026: acto y recepci\u00f3n de documentaci\u00f3n"}]},{"@type":"WebSite","@id":"https:\/\/www.fcejs.unsl.edu.ar\/#website","url":"https:\/\/www.fcejs.unsl.edu.ar\/","name":"Facultad de Ciencias Econ\u00f3micas, Jur\u00ed\u00addicas y Sociales","description":"","publisher":{"@id":"https:\/\/www.fcejs.unsl.edu.ar\/#organization"},"potentialAction":[{"@type":"SearchAction","target":{"@type":"EntryPoint","urlTemplate":"https:\/\/www.fcejs.unsl.edu.ar\/?s={search_term_string}"},"query-input":{"@type":"PropertyValueSpecification","valueRequired":true,"valueName":"search_term_string"}}],"inLanguage":"es-AR"},{"@type":"Organization","@id":"https:\/\/www.fcejs.unsl.edu.ar\/#organization","name":"Facultad de Ciencias Econ\u00f3micas, Jur\u00eddicas y Sociales","url":"https:\/\/www.fcejs.unsl.edu.ar\/","logo":{"@type":"ImageObject","inLanguage":"es-AR","@id":"https:\/\/www.fcejs.unsl.edu.ar\/#\/schema\/logo\/image\/","url":"https:\/\/www.fcejs.unsl.edu.ar\/wp-content\/uploads\/2021\/03\/logo-1.jpg","contentUrl":"https:\/\/www.fcejs.unsl.edu.ar\/wp-content\/uploads\/2021\/03\/logo-1.jpg","width":471,"height":146,"caption":"Facultad de Ciencias Econ\u00f3micas, Jur\u00eddicas y Sociales"},"image":{"@id":"https:\/\/www.fcejs.unsl.edu.ar\/#\/schema\/logo\/image\/"},"sameAs":["https:\/\/www.facebook.com\/FCEJS.UNSL\/","https:\/\/x.com\/FCEJSUNSL","https:\/\/www.instagram.com\/fcejs.unsl\/","https:\/\/www.youtube.com\/channel\/UCH-Ut6EaN_X5ogjIQMPe46g\/"]},{"@type":"Person","@id":"https:\/\/www.fcejs.unsl.edu.ar\/#\/schema\/person\/287a89a822e5887121260d3ee7a539fe","name":"Anibal Claveles"}]}},"jetpack_featured_media_url":"https:\/\/www.fcejs.unsl.edu.ar\/wp-content\/uploads\/2026\/03\/lagiu-front.jpg","_links":{"self":[{"href":"https:\/\/www.fcejs.unsl.edu.ar\/index.php\/wp-json\/wp\/v2\/posts\/23815","targetHints":{"allow":["GET"]}}],"collection":[{"href":"https:\/\/www.fcejs.unsl.edu.ar\/index.php\/wp-json\/wp\/v2\/posts"}],"about":[{"href":"https:\/\/www.fcejs.unsl.edu.ar\/index.php\/wp-json\/wp\/v2\/types\/post"}],"author":[{"embeddable":true,"href":"https:\/\/www.fcejs.unsl.edu.ar\/index.php\/wp-json\/wp\/v2\/users\/14"}],"replies":[{"embeddable":true,"href":"https:\/\/www.fcejs.unsl.edu.ar\/index.php\/wp-json\/wp\/v2\/comments?post=23815"}],"version-history":[{"count":1,"href":"https:\/\/www.fcejs.unsl.edu.ar\/index.php\/wp-json\/wp\/v2\/posts\/23815\/revisions"}],"predecessor-version":[{"id":23816,"href":"https:\/\/www.fcejs.unsl.edu.ar\/index.php\/wp-json\/wp\/v2\/posts\/23815\/revisions\/23816"}],"wp:featuredmedia":[{"embeddable":true,"href":"https:\/\/www.fcejs.unsl.edu.ar\/index.php\/wp-json\/wp\/v2\/media\/23817"}],"wp:attachment":[{"href":"https:\/\/www.fcejs.unsl.edu.ar\/index.php\/wp-json\/wp\/v2\/media?parent=23815"}],"wp:term":[{"taxonomy":"category","embeddable":true,"href":"https:\/\/www.fcejs.unsl.edu.ar\/index.php\/wp-json\/wp\/v2\/categories?post=23815"},{"taxonomy":"post_tag","embeddable":true,"href":"https:\/\/www.fcejs.unsl.edu.ar\/index.php\/wp-json\/wp\/v2\/tags?post=23815"}],"curies":[{"name":"wp","href":"https:\/\/api.w.org\/{rel}","templated":true}]}}