{"id":23074,"date":"2025-12-02T12:18:05","date_gmt":"2025-12-02T15:18:05","guid":{"rendered":"https:\/\/www.fcejs.unsl.edu.ar\/?p=23074"},"modified":"2025-12-03T10:03:42","modified_gmt":"2025-12-03T13:03:42","slug":"agenda-fcejs-diciembre-2025","status":"publish","type":"post","link":"https:\/\/www.fcejs.unsl.edu.ar\/index.php\/agenda-fcejs-diciembre-2025\/","title":{"rendered":"Agenda de Actividades FCEJS Diciembre 2025"},"content":{"rendered":"<p data-start=\"215\" data-end=\"628\">La <strong>Facultad de Ciencias Econ\u00f3micas, Jur\u00eddicas y Sociales (FCEJS)<\/strong> de la UNSL anuncia su <strong>Agenda de Actividades Diciembre 2025<\/strong>, con iniciativas que abarcan formaci\u00f3n acad\u00e9mica, inclusi\u00f3n, extensi\u00f3n universitaria, accesibilidad y v\u00ednculos con organizaciones sociales. <strong>Las propuestas se desarrollar\u00e1n en formato presencial y virtual, e incluyen cursos, conferencias, conversatorios y jornadas institucionales.<\/strong><\/p>\n<p data-start=\"630\" data-end=\"1000\">Entre las actividades destacadas se encuentran las acciones por el <strong data-start=\"697\" data-end=\"767\">D\u00eda Internacional de los Derechos de las Personas con Discapacidad<\/strong>, el <strong data-start=\"772\" data-end=\"820\">XI Encuentro de Intercambio e Inclusi\u00f3n 2025<\/strong>, diversas conferencias y conversatorios sobre problem\u00e1ticas sociales actuales.<\/p>\n<p data-start=\"1002\" data-end=\"1217\">La FCEJS invita a toda la comunidad acad\u00e9mica y al p\u00fablico interesado a participar de estas iniciativas orientadas a fortalecer el compromiso social universitario, la formaci\u00f3n continua y la accesibilidad educativa.<\/p>\n<hr \/>\n<p><strong>Mi\u00e9rcoles 3\/12 \u2013 8:30 h<\/strong><\/p>\n<p><strong>D\u00eda Internacional de los Derechos de las Personas con Discapacidad<\/strong><\/p>\n<p><strong>Lugar:<\/strong> Actividad simult\u00e1nea en las tres sedes de la UNSL (San Luis, Villa Mercedes, Merlo)<\/p>\n<p><strong>Descripci\u00f3n:<\/strong> Acci\u00f3n institucional participativa para sensibilizar sobre barreras y accesibilidad. Incluye intervenciones disruptivas.<br \/>\n<strong>Organizan:<\/strong> Programa Universidad y Discapacidad &#8211; UNSL &#8211; UGPE<br \/>\n<strong>Disertantes \/ Responsables:<\/strong> Equipos y referentes de todas las facultades<\/p>\n<hr \/>\n<p><strong>Mi\u00e9rcoles 3\/12 \u2013 16 a 18 h (Virtual)<\/strong><\/p>\n<p><strong>Curso \u201cSeguridad e Higiene en Instituciones P\u00fablicas\u201d \u2013 1\u00b0 encuentro<\/strong><br \/>\n<strong>Descripci\u00f3n:<\/strong> Formaci\u00f3n para fortalecer la prevenci\u00f3n de riesgos, la organizaci\u00f3n institucional y los criterios de higiene y seguridad en gestiones municipales.<br \/>\n<strong>Organizan:<\/strong> Programa Universidad y Municipios &#8211; UGPE<br \/>\n<strong>Docente:<\/strong> Ing. Mar\u00eda Eugenia Smargiassi<br \/>\n<strong>Inscripci\u00f3n:<\/strong> <a href=\"https:\/\/forms.gle\/oVjPacgS3Bds9mZh6\">https:\/\/forms.gle\/oVjPacgS3Bds9mZh6<\/a><\/p>\n<hr \/>\n<p><strong>Mi\u00e9rcoles 3\/12 \u2013 17:00 h<\/strong><\/p>\n<p><strong>Charla\u2013Debate \u201cViolencias, Trabajo y Derechos: abordajes actuales desde la trata, las condiciones laborales y la justicia de familia\u201d<\/strong><br \/>\n<strong>Lugar:<\/strong> Aula 13, Campus Universitario \u2013 FCEJS \u2013 UNSL<br \/>\n<strong>Descripci\u00f3n:<\/strong> Espacio para reflexionar sobre violencias laborales, trata y el rol de la justicia de familia desde un enfoque de derechos.<br \/>\n<strong>Organizan:<\/strong> Juventud Universitaria Peronista y Secretar\u00eda de Extensi\u00f3n Universitaria de la FCEJS<br \/>\n<strong>Disertantes:<\/strong> Dr. Diego Nievas, Valeria Herrera, Yanina Pela<br \/>\n<strong>Link:<\/strong> <a href=\"https:\/\/www.fcejs.unsl.edu.ar\/index.php\/violencias-trabajo-y-derechos-abordajes-actuales-desde-la-trata-las-condiciones-laborales-y-la-judicia-de-familia\/\">https:\/\/www.fcejs.unsl.edu.ar\/index.php\/violencias-trabajo-y-derechos-abordajes-actuales-desde-la-trata-las-condiciones-laborales-y-la-judicia-de-familia\/<\/a><\/p>\n<hr \/>\n<p><strong>Jueves 4\/12 y Viernes 5\/12 <\/strong><\/p>\n<p><strong>XI Encuentro de Intercambio e Inclusi\u00f3n 2025<\/strong><br \/>\n<strong>Lugar:<\/strong> FCEJS \u2013 UNSL<br \/>\n<strong>Descripci\u00f3n:<\/strong> Encuentro para promover inclusi\u00f3n, intercambio de experiencias y visibilizaci\u00f3n de derechos de personas con discapacidad.<br \/>\n<strong>Organizan:<\/strong> Programas de la FCEJS, organizaciones sociales, docentes y estudiantes &#8211; Secretaria de Extensi\u00f3n Universitaria FCEJS<br \/>\n<strong>Link:<\/strong> <a href=\"https:\/\/www.fcejs.unsl.edu.ar\/index.php\/xi-encuentro-de-intercambio-e-inclusion-2025\/?utm_source=chatgpt.com\">https:\/\/www.fcejs.unsl.edu.ar\/index.php\/xi-encuentro-de-intercambio-e-inclusion-2025\/<\/a><\/p>\n<hr \/>\n<p><strong>Viernes 5\/12 \u2013 18 h<\/strong><\/p>\n<p><strong>Conversatorio \u201cLa construcci\u00f3n pol\u00edtica en tiempos de adversidad\u201d<\/strong><br \/>\n<strong>Lugar:<\/strong> Anfiteatro 1, UNSL \u2013 San Luis<br \/>\n<strong>Descripci\u00f3n:<\/strong> Conversatorio en el marco del acta complementaria entre la FCEJS y CEATRA. Reflexi\u00f3n sobre desaf\u00edos democr\u00e1ticos y rol de las organizaciones sociales.<br \/>\n<strong>Organizan:<\/strong> CEATRA &#8211; UGPE &#8211; PT Argentina<br \/>\n<strong>Dialogan:<\/strong> Danielle Santana (PT Argentina), Ana Mar\u00eda Garraza (UNSL, referente en DDHH)<\/p>\n<hr \/>\n<p><strong>Martes 9\/12 \u2013 15 h<\/strong><\/p>\n<p><strong>Curso \u201cAccesibilidad Acad\u00e9mica: Perspectivas y Pr\u00e1cticas Inclusivas\u201d \u2013 2\u00b0 encuentro<\/strong><br \/>\n<strong>Lugar:<\/strong> FTU \u2013 Villa de Merlo<br \/>\n<strong>Descripci\u00f3n:<\/strong> Profundizaci\u00f3n en dise\u00f1o universal, adecuaciones razonables y estrategias de accesibilidad educativa.<br \/>\n<strong>Organizan:<\/strong> Programa Universidad y Discapacidad &#8211; UGPE<br \/>\n<strong>Equipo responsable:<\/strong> Equipo T\u00e9cnico de Accesibilidad Acad\u00e9mica<\/p>\n<hr \/>\n<p><strong>Martes 9\/12 \u2013 15 a 18 h (Virtual)<\/strong><\/p>\n<p><strong>Curso \u201cGesti\u00f3n Cultural y Pol\u00edticas P\u00fablicas\u201d \u2013 1\u00b0 encuentro<\/strong><br \/>\n<strong>Descripci\u00f3n:<\/strong> Espacio para equipos municipales y comunitarios sobre pol\u00edticas culturales, dise\u00f1o estrat\u00e9gico y experiencias territoriales.<br \/>\n<strong>Organizan:<\/strong> Programa Universidad y Municipios &#8211; UGPE<br \/>\n<strong>Docentes:<\/strong> Lic. Mariela Villaz\u00f3n \u2013 Mgtr. C\u00e1ndido Sanz<br \/>\n<strong>Inscripci\u00f3n:<\/strong> <a href=\"https:\/\/forms.gle\/zQdifVEW3CVMTNBr9\">https:\/\/forms.gle\/zQdifVEW3CVMTNBr9<\/a><\/p>\n<hr \/>\n<p><strong>Mi\u00e9rcoles 10\/12 \u2013 12 h<\/strong><\/p>\n<p><strong>Presentaci\u00f3n de la Revista RIDA<\/strong><br \/>\n<strong>Lugar:<\/strong> Microcine UNSL<br \/>\n<strong>Descripci\u00f3n:<\/strong> Lanzamiento institucional de la Revista sobre Inclusi\u00f3n, Discapacidad y Accesibilidad. Presentaci\u00f3n de ejes, objetivos y la agenda editorial 2025.<br \/>\n<strong>Organizan:<\/strong> Programa Universidad y Discapacidad \u2013 UGPE<\/p>\n<hr \/>\n<p><strong>Mi\u00e9rcoles 10\/12 \u2013 16 a 18 h (Virtual)<\/strong><\/p>\n<p><strong>Curso \u201cSeguridad e Higiene en Instituciones P\u00fablicas\u201d \u2013 2\u00b0 encuentro<\/strong><br \/>\n<strong>Docente:<\/strong> Ing. Mar\u00eda Eugenia Smargiassi<br \/>\n<strong>Inscripci\u00f3n:<\/strong> <a href=\"https:\/\/forms.gle\/oVjPacgS3Bds9mZh6\">https:\/\/forms.gle\/oVjPacgS3Bds9mZh6<\/a><\/p>\n<p><strong>Organiza:<\/strong> Universidad y Municipios &#8211; UGPE<\/p>\n<hr \/>\n<p><strong>Jueves 11\/12 \u2013 17:30 h<\/strong><\/p>\n<p><strong>Conferencia \u201cLas intervenciones del Trabajo Social en el contexto actual\u201d \u2013 Versi\u00f3n presencial<\/strong><br \/>\n<strong>Lugar:<\/strong> Instituto Escuela de Econom\u00eda, Negocios y Transferencia Tecnol\u00f3gica<br \/>\n<strong>Descripci\u00f3n:<\/strong> Conferencia orientada a debatir los desaf\u00edos actuales de la intervenci\u00f3n del Trabajo Social.<br \/>\n<strong>Organizan:<\/strong> Secretar\u00eda de Extensi\u00f3n Universitaria de la FCEJS \u2013 Colegio de Profesionales de Servicio Social de la Provincia de San Luis<br \/>\n<strong>Disertante:<\/strong> Dr. Alfredo Carballeda<br \/>\n<strong>Link:<\/strong> <a href=\"https:\/\/www.fcejs.unsl.edu.ar\/index.php\/conferencia-las-intervenciones-del-trabajo-social-en-el-contexto-actual\/?utm_source=chatgpt.com\">https:\/\/www.fcejs.unsl.edu.ar\/index.php\/conferencia-las-intervenciones-del-trabajo-social-en-el-contexto-actual\/<\/a><\/p>\n<hr \/>\n<p><strong>\u00a0<\/strong><strong>Jueves 11\/12 \u2013 9 h (Virtual)<\/strong><\/p>\n<p><strong>Ciclo Construyendo Accesibilidad \u2013 8\u00b0 encuentro<\/strong><br \/>\n<strong>Tema:<\/strong> El papel de la Universidad en la promoci\u00f3n de la inclusi\u00f3n laboral<br \/>\n<strong>Dialogan:<\/strong> Sebasti\u00e1n Dop y Juli\u00e1n Ferreti<br \/>\n<strong>Descripci\u00f3n:<\/strong> Instancia formativa centrada en la relaci\u00f3n entre universidad, accesibilidad y empleo inclusivo.<br \/>\n<strong>Organizan:<\/strong> Programa Universidad y Discapacidad \u2013 UGPE<\/p>\n<hr \/>\n<p><strong>Jueves 19\/12 \u2013 9 h (Virtual)<\/strong><\/p>\n<p><strong>Ciclo Construyendo Accesibilidad \u2013 Encuentro final<\/strong><br \/>\n<strong>Tema:<\/strong> Hacia una universidad accesible: aprendizajes y propuestas 2025<br \/>\n<strong>Coordina:<\/strong> Damaris Mercado<br \/>\n<strong>Organizan:<\/strong> Programa Universidad y Discapacidad \u2013 UGPE<br \/>\n<strong>Descripci\u00f3n:<\/strong> Cierre del ciclo con s\u00edntesis anual, propuestas y planificaci\u00f3n 2025.<\/p>\n<p>&nbsp;<\/p>\n<p>&nbsp;<\/p>\n","protected":false},"excerpt":{"rendered":"<p>La Facultad de Ciencias Econ\u00f3micas, Jur\u00eddicas y Sociales (FCEJS) de la UNSL anuncia su Agenda de Actividades Diciembre 2025, con iniciativas que abarcan formaci\u00f3n acad\u00e9mica,&hellip;<\/p>\n","protected":false},"author":9,"featured_media":23090,"comment_status":"closed","ping_status":"closed","sticky":false,"template":"","format":"standard","meta":{"om_disable_all_campaigns":false,"_monsterinsights_skip_tracking":false,"_monsterinsights_sitenote_active":false,"_monsterinsights_sitenote_note":"","_monsterinsights_sitenote_category":0,"footnotes":""},"categories":[1,19],"tags":[],"class_list":["post-23074","post","type-post","status-publish","format-standard","has-post-thumbnail","hentry","category-noticias","category-principal"],"yoast_head":"<!-- This site is optimized with the Yoast SEO plugin v27.4 - https:\/\/yoast.com\/product\/yoast-seo-wordpress\/ -->\n<title>Agenda de Actividades FCEJS Diciembre 2025 - Facultad de Ciencias Econ\u00f3micas, Jur\u00ed\u00addicas y Sociales<\/title>\n<meta name=\"robots\" content=\"index, follow, max-snippet:-1, max-image-preview:large, max-video-preview:-1\" \/>\n<link rel=\"canonical\" href=\"https:\/\/www.fcejs.unsl.edu.ar\/index.php\/agenda-fcejs-diciembre-2025\/\" \/>\n<meta property=\"og:locale\" content=\"es_ES\" \/>\n<meta property=\"og:type\" content=\"article\" \/>\n<meta property=\"og:title\" content=\"Agenda de Actividades FCEJS Diciembre 2025 - Facultad de Ciencias Econ\u00f3micas, Jur\u00ed\u00addicas y Sociales\" \/>\n<meta property=\"og:description\" content=\"La Facultad de Ciencias Econ\u00f3micas, Jur\u00eddicas y Sociales (FCEJS) de la UNSL anuncia su Agenda de Actividades Diciembre 2025, con iniciativas que abarcan formaci\u00f3n acad\u00e9mica,&hellip;\" \/>\n<meta property=\"og:url\" content=\"https:\/\/www.fcejs.unsl.edu.ar\/index.php\/agenda-fcejs-diciembre-2025\/\" \/>\n<meta property=\"og:site_name\" content=\"Facultad de Ciencias Econ\u00f3micas, Jur\u00ed\u00addicas y Sociales\" \/>\n<meta property=\"article:publisher\" content=\"https:\/\/www.facebook.com\/FCEJS.UNSL\/\" \/>\n<meta property=\"article:published_time\" content=\"2025-12-02T15:18:05+00:00\" \/>\n<meta property=\"article:modified_time\" content=\"2025-12-03T13:03:42+00:00\" \/>\n<meta property=\"og:image\" content=\"https:\/\/www.fcejs.unsl.edu.ar\/wp-content\/uploads\/2025\/12\/agenda-culturar-2025.jpg\" \/>\n\t<meta property=\"og:image:width\" content=\"1152\" \/>\n\t<meta property=\"og:image:height\" content=\"647\" \/>\n\t<meta property=\"og:image:type\" content=\"image\/jpeg\" \/>\n<meta name=\"author\" content=\"DATI\" \/>\n<meta name=\"twitter:card\" content=\"summary_large_image\" \/>\n<meta name=\"twitter:creator\" content=\"@FCEJSUNSL\" \/>\n<meta name=\"twitter:site\" content=\"@FCEJSUNSL\" \/>\n<meta name=\"twitter:label1\" content=\"Escrito por\" \/>\n\t<meta name=\"twitter:data1\" content=\"DATI\" \/>\n\t<meta name=\"twitter:label2\" content=\"Tiempo de lectura\" \/>\n\t<meta name=\"twitter:data2\" content=\"4 minutos\" \/>\n<script type=\"application\/ld+json\" class=\"yoast-schema-graph\">{\"@context\":\"https:\\\/\\\/schema.org\",\"@graph\":[{\"@type\":\"Article\",\"@id\":\"https:\\\/\\\/www.fcejs.unsl.edu.ar\\\/index.php\\\/agenda-fcejs-diciembre-2025\\\/#article\",\"isPartOf\":{\"@id\":\"https:\\\/\\\/www.fcejs.unsl.edu.ar\\\/index.php\\\/agenda-fcejs-diciembre-2025\\\/\"},\"author\":{\"name\":\"DATI\",\"@id\":\"https:\\\/\\\/www.fcejs.unsl.edu.ar\\\/#\\\/schema\\\/person\\\/352ee6ed90c3f394c7cb5945f8956d34\"},\"headline\":\"Agenda de Actividades FCEJS Diciembre 2025\",\"datePublished\":\"2025-12-02T15:18:05+00:00\",\"dateModified\":\"2025-12-03T13:03:42+00:00\",\"mainEntityOfPage\":{\"@id\":\"https:\\\/\\\/www.fcejs.unsl.edu.ar\\\/index.php\\\/agenda-fcejs-diciembre-2025\\\/\"},\"wordCount\":811,\"publisher\":{\"@id\":\"https:\\\/\\\/www.fcejs.unsl.edu.ar\\\/#organization\"},\"image\":{\"@id\":\"https:\\\/\\\/www.fcejs.unsl.edu.ar\\\/index.php\\\/agenda-fcejs-diciembre-2025\\\/#primaryimage\"},\"thumbnailUrl\":\"https:\\\/\\\/www.fcejs.unsl.edu.ar\\\/wp-content\\\/uploads\\\/2025\\\/12\\\/agenda-culturar-2025.jpg\",\"articleSection\":[\"Noticias\",\"Principal\"],\"inLanguage\":\"es-AR\"},{\"@type\":\"WebPage\",\"@id\":\"https:\\\/\\\/www.fcejs.unsl.edu.ar\\\/index.php\\\/agenda-fcejs-diciembre-2025\\\/\",\"url\":\"https:\\\/\\\/www.fcejs.unsl.edu.ar\\\/index.php\\\/agenda-fcejs-diciembre-2025\\\/\",\"name\":\"Agenda de Actividades FCEJS Diciembre 2025 - Facultad de Ciencias Econ\u00f3micas, Jur\u00ed\u00addicas y Sociales\",\"isPartOf\":{\"@id\":\"https:\\\/\\\/www.fcejs.unsl.edu.ar\\\/#website\"},\"primaryImageOfPage\":{\"@id\":\"https:\\\/\\\/www.fcejs.unsl.edu.ar\\\/index.php\\\/agenda-fcejs-diciembre-2025\\\/#primaryimage\"},\"image\":{\"@id\":\"https:\\\/\\\/www.fcejs.unsl.edu.ar\\\/index.php\\\/agenda-fcejs-diciembre-2025\\\/#primaryimage\"},\"thumbnailUrl\":\"https:\\\/\\\/www.fcejs.unsl.edu.ar\\\/wp-content\\\/uploads\\\/2025\\\/12\\\/agenda-culturar-2025.jpg\",\"datePublished\":\"2025-12-02T15:18:05+00:00\",\"dateModified\":\"2025-12-03T13:03:42+00:00\",\"breadcrumb\":{\"@id\":\"https:\\\/\\\/www.fcejs.unsl.edu.ar\\\/index.php\\\/agenda-fcejs-diciembre-2025\\\/#breadcrumb\"},\"inLanguage\":\"es-AR\",\"potentialAction\":[{\"@type\":\"ReadAction\",\"target\":[\"https:\\\/\\\/www.fcejs.unsl.edu.ar\\\/index.php\\\/agenda-fcejs-diciembre-2025\\\/\"]}]},{\"@type\":\"ImageObject\",\"inLanguage\":\"es-AR\",\"@id\":\"https:\\\/\\\/www.fcejs.unsl.edu.ar\\\/index.php\\\/agenda-fcejs-diciembre-2025\\\/#primaryimage\",\"url\":\"https:\\\/\\\/www.fcejs.unsl.edu.ar\\\/wp-content\\\/uploads\\\/2025\\\/12\\\/agenda-culturar-2025.jpg\",\"contentUrl\":\"https:\\\/\\\/www.fcejs.unsl.edu.ar\\\/wp-content\\\/uploads\\\/2025\\\/12\\\/agenda-culturar-2025.jpg\",\"width\":1152,\"height\":647},{\"@type\":\"BreadcrumbList\",\"@id\":\"https:\\\/\\\/www.fcejs.unsl.edu.ar\\\/index.php\\\/agenda-fcejs-diciembre-2025\\\/#breadcrumb\",\"itemListElement\":[{\"@type\":\"ListItem\",\"position\":1,\"name\":\"Inicio\",\"item\":\"https:\\\/\\\/www.fcejs.unsl.edu.ar\\\/\"},{\"@type\":\"ListItem\",\"position\":2,\"name\":\"Agenda de Actividades FCEJS Diciembre 2025\"}]},{\"@type\":\"WebSite\",\"@id\":\"https:\\\/\\\/www.fcejs.unsl.edu.ar\\\/#website\",\"url\":\"https:\\\/\\\/www.fcejs.unsl.edu.ar\\\/\",\"name\":\"Facultad de Ciencias Econ\u00f3micas, Jur\u00ed\u00addicas y Sociales\",\"description\":\"\",\"publisher\":{\"@id\":\"https:\\\/\\\/www.fcejs.unsl.edu.ar\\\/#organization\"},\"potentialAction\":[{\"@type\":\"SearchAction\",\"target\":{\"@type\":\"EntryPoint\",\"urlTemplate\":\"https:\\\/\\\/www.fcejs.unsl.edu.ar\\\/?s={search_term_string}\"},\"query-input\":{\"@type\":\"PropertyValueSpecification\",\"valueRequired\":true,\"valueName\":\"search_term_string\"}}],\"inLanguage\":\"es-AR\"},{\"@type\":\"Organization\",\"@id\":\"https:\\\/\\\/www.fcejs.unsl.edu.ar\\\/#organization\",\"name\":\"Facultad de Ciencias Econ\u00f3micas, Jur\u00eddicas y Sociales\",\"url\":\"https:\\\/\\\/www.fcejs.unsl.edu.ar\\\/\",\"logo\":{\"@type\":\"ImageObject\",\"inLanguage\":\"es-AR\",\"@id\":\"https:\\\/\\\/www.fcejs.unsl.edu.ar\\\/#\\\/schema\\\/logo\\\/image\\\/\",\"url\":\"https:\\\/\\\/www.fcejs.unsl.edu.ar\\\/wp-content\\\/uploads\\\/2021\\\/03\\\/logo-1.jpg\",\"contentUrl\":\"https:\\\/\\\/www.fcejs.unsl.edu.ar\\\/wp-content\\\/uploads\\\/2021\\\/03\\\/logo-1.jpg\",\"width\":471,\"height\":146,\"caption\":\"Facultad de Ciencias Econ\u00f3micas, Jur\u00eddicas y Sociales\"},\"image\":{\"@id\":\"https:\\\/\\\/www.fcejs.unsl.edu.ar\\\/#\\\/schema\\\/logo\\\/image\\\/\"},\"sameAs\":[\"https:\\\/\\\/www.facebook.com\\\/FCEJS.UNSL\\\/\",\"https:\\\/\\\/x.com\\\/FCEJSUNSL\",\"https:\\\/\\\/www.instagram.com\\\/fcejs.unsl\\\/\",\"https:\\\/\\\/www.youtube.com\\\/channel\\\/UCH-Ut6EaN_X5ogjIQMPe46g\\\/\"]},{\"@type\":\"Person\",\"@id\":\"https:\\\/\\\/www.fcejs.unsl.edu.ar\\\/#\\\/schema\\\/person\\\/352ee6ed90c3f394c7cb5945f8956d34\",\"name\":\"DATI\"}]}<\/script>\n<!-- \/ Yoast SEO plugin. -->","yoast_head_json":{"title":"Agenda de Actividades FCEJS Diciembre 2025 - Facultad de Ciencias Econ\u00f3micas, Jur\u00ed\u00addicas y Sociales","robots":{"index":"index","follow":"follow","max-snippet":"max-snippet:-1","max-image-preview":"max-image-preview:large","max-video-preview":"max-video-preview:-1"},"canonical":"https:\/\/www.fcejs.unsl.edu.ar\/index.php\/agenda-fcejs-diciembre-2025\/","og_locale":"es_ES","og_type":"article","og_title":"Agenda de Actividades FCEJS Diciembre 2025 - Facultad de Ciencias Econ\u00f3micas, Jur\u00ed\u00addicas y Sociales","og_description":"La Facultad de Ciencias Econ\u00f3micas, Jur\u00eddicas y Sociales (FCEJS) de la UNSL anuncia su Agenda de Actividades Diciembre 2025, con iniciativas que abarcan formaci\u00f3n acad\u00e9mica,&hellip;","og_url":"https:\/\/www.fcejs.unsl.edu.ar\/index.php\/agenda-fcejs-diciembre-2025\/","og_site_name":"Facultad de Ciencias Econ\u00f3micas, Jur\u00ed\u00addicas y Sociales","article_publisher":"https:\/\/www.facebook.com\/FCEJS.UNSL\/","article_published_time":"2025-12-02T15:18:05+00:00","article_modified_time":"2025-12-03T13:03:42+00:00","og_image":[{"width":1152,"height":647,"url":"https:\/\/www.fcejs.unsl.edu.ar\/wp-content\/uploads\/2025\/12\/agenda-culturar-2025.jpg","type":"image\/jpeg"}],"author":"DATI","twitter_card":"summary_large_image","twitter_creator":"@FCEJSUNSL","twitter_site":"@FCEJSUNSL","twitter_misc":{"Escrito por":"DATI","Tiempo de lectura":"4 minutos"},"schema":{"@context":"https:\/\/schema.org","@graph":[{"@type":"Article","@id":"https:\/\/www.fcejs.unsl.edu.ar\/index.php\/agenda-fcejs-diciembre-2025\/#article","isPartOf":{"@id":"https:\/\/www.fcejs.unsl.edu.ar\/index.php\/agenda-fcejs-diciembre-2025\/"},"author":{"name":"DATI","@id":"https:\/\/www.fcejs.unsl.edu.ar\/#\/schema\/person\/352ee6ed90c3f394c7cb5945f8956d34"},"headline":"Agenda de Actividades FCEJS Diciembre 2025","datePublished":"2025-12-02T15:18:05+00:00","dateModified":"2025-12-03T13:03:42+00:00","mainEntityOfPage":{"@id":"https:\/\/www.fcejs.unsl.edu.ar\/index.php\/agenda-fcejs-diciembre-2025\/"},"wordCount":811,"publisher":{"@id":"https:\/\/www.fcejs.unsl.edu.ar\/#organization"},"image":{"@id":"https:\/\/www.fcejs.unsl.edu.ar\/index.php\/agenda-fcejs-diciembre-2025\/#primaryimage"},"thumbnailUrl":"https:\/\/www.fcejs.unsl.edu.ar\/wp-content\/uploads\/2025\/12\/agenda-culturar-2025.jpg","articleSection":["Noticias","Principal"],"inLanguage":"es-AR"},{"@type":"WebPage","@id":"https:\/\/www.fcejs.unsl.edu.ar\/index.php\/agenda-fcejs-diciembre-2025\/","url":"https:\/\/www.fcejs.unsl.edu.ar\/index.php\/agenda-fcejs-diciembre-2025\/","name":"Agenda de Actividades FCEJS Diciembre 2025 - Facultad de Ciencias Econ\u00f3micas, Jur\u00ed\u00addicas y Sociales","isPartOf":{"@id":"https:\/\/www.fcejs.unsl.edu.ar\/#website"},"primaryImageOfPage":{"@id":"https:\/\/www.fcejs.unsl.edu.ar\/index.php\/agenda-fcejs-diciembre-2025\/#primaryimage"},"image":{"@id":"https:\/\/www.fcejs.unsl.edu.ar\/index.php\/agenda-fcejs-diciembre-2025\/#primaryimage"},"thumbnailUrl":"https:\/\/www.fcejs.unsl.edu.ar\/wp-content\/uploads\/2025\/12\/agenda-culturar-2025.jpg","datePublished":"2025-12-02T15:18:05+00:00","dateModified":"2025-12-03T13:03:42+00:00","breadcrumb":{"@id":"https:\/\/www.fcejs.unsl.edu.ar\/index.php\/agenda-fcejs-diciembre-2025\/#breadcrumb"},"inLanguage":"es-AR","potentialAction":[{"@type":"ReadAction","target":["https:\/\/www.fcejs.unsl.edu.ar\/index.php\/agenda-fcejs-diciembre-2025\/"]}]},{"@type":"ImageObject","inLanguage":"es-AR","@id":"https:\/\/www.fcejs.unsl.edu.ar\/index.php\/agenda-fcejs-diciembre-2025\/#primaryimage","url":"https:\/\/www.fcejs.unsl.edu.ar\/wp-content\/uploads\/2025\/12\/agenda-culturar-2025.jpg","contentUrl":"https:\/\/www.fcejs.unsl.edu.ar\/wp-content\/uploads\/2025\/12\/agenda-culturar-2025.jpg","width":1152,"height":647},{"@type":"BreadcrumbList","@id":"https:\/\/www.fcejs.unsl.edu.ar\/index.php\/agenda-fcejs-diciembre-2025\/#breadcrumb","itemListElement":[{"@type":"ListItem","position":1,"name":"Inicio","item":"https:\/\/www.fcejs.unsl.edu.ar\/"},{"@type":"ListItem","position":2,"name":"Agenda de Actividades FCEJS Diciembre 2025"}]},{"@type":"WebSite","@id":"https:\/\/www.fcejs.unsl.edu.ar\/#website","url":"https:\/\/www.fcejs.unsl.edu.ar\/","name":"Facultad de Ciencias Econ\u00f3micas, Jur\u00ed\u00addicas y Sociales","description":"","publisher":{"@id":"https:\/\/www.fcejs.unsl.edu.ar\/#organization"},"potentialAction":[{"@type":"SearchAction","target":{"@type":"EntryPoint","urlTemplate":"https:\/\/www.fcejs.unsl.edu.ar\/?s={search_term_string}"},"query-input":{"@type":"PropertyValueSpecification","valueRequired":true,"valueName":"search_term_string"}}],"inLanguage":"es-AR"},{"@type":"Organization","@id":"https:\/\/www.fcejs.unsl.edu.ar\/#organization","name":"Facultad de Ciencias Econ\u00f3micas, Jur\u00eddicas y Sociales","url":"https:\/\/www.fcejs.unsl.edu.ar\/","logo":{"@type":"ImageObject","inLanguage":"es-AR","@id":"https:\/\/www.fcejs.unsl.edu.ar\/#\/schema\/logo\/image\/","url":"https:\/\/www.fcejs.unsl.edu.ar\/wp-content\/uploads\/2021\/03\/logo-1.jpg","contentUrl":"https:\/\/www.fcejs.unsl.edu.ar\/wp-content\/uploads\/2021\/03\/logo-1.jpg","width":471,"height":146,"caption":"Facultad de Ciencias Econ\u00f3micas, Jur\u00eddicas y Sociales"},"image":{"@id":"https:\/\/www.fcejs.unsl.edu.ar\/#\/schema\/logo\/image\/"},"sameAs":["https:\/\/www.facebook.com\/FCEJS.UNSL\/","https:\/\/x.com\/FCEJSUNSL","https:\/\/www.instagram.com\/fcejs.unsl\/","https:\/\/www.youtube.com\/channel\/UCH-Ut6EaN_X5ogjIQMPe46g\/"]},{"@type":"Person","@id":"https:\/\/www.fcejs.unsl.edu.ar\/#\/schema\/person\/352ee6ed90c3f394c7cb5945f8956d34","name":"DATI"}]}},"jetpack_featured_media_url":"https:\/\/www.fcejs.unsl.edu.ar\/wp-content\/uploads\/2025\/12\/agenda-culturar-2025.jpg","_links":{"self":[{"href":"https:\/\/www.fcejs.unsl.edu.ar\/index.php\/wp-json\/wp\/v2\/posts\/23074","targetHints":{"allow":["GET"]}}],"collection":[{"href":"https:\/\/www.fcejs.unsl.edu.ar\/index.php\/wp-json\/wp\/v2\/posts"}],"about":[{"href":"https:\/\/www.fcejs.unsl.edu.ar\/index.php\/wp-json\/wp\/v2\/types\/post"}],"author":[{"embeddable":true,"href":"https:\/\/www.fcejs.unsl.edu.ar\/index.php\/wp-json\/wp\/v2\/users\/9"}],"replies":[{"embeddable":true,"href":"https:\/\/www.fcejs.unsl.edu.ar\/index.php\/wp-json\/wp\/v2\/comments?post=23074"}],"version-history":[{"count":10,"href":"https:\/\/www.fcejs.unsl.edu.ar\/index.php\/wp-json\/wp\/v2\/posts\/23074\/revisions"}],"predecessor-version":[{"id":23098,"href":"https:\/\/www.fcejs.unsl.edu.ar\/index.php\/wp-json\/wp\/v2\/posts\/23074\/revisions\/23098"}],"wp:featuredmedia":[{"embeddable":true,"href":"https:\/\/www.fcejs.unsl.edu.ar\/index.php\/wp-json\/wp\/v2\/media\/23090"}],"wp:attachment":[{"href":"https:\/\/www.fcejs.unsl.edu.ar\/index.php\/wp-json\/wp\/v2\/media?parent=23074"}],"wp:term":[{"taxonomy":"category","embeddable":true,"href":"https:\/\/www.fcejs.unsl.edu.ar\/index.php\/wp-json\/wp\/v2\/categories?post=23074"},{"taxonomy":"post_tag","embeddable":true,"href":"https:\/\/www.fcejs.unsl.edu.ar\/index.php\/wp-json\/wp\/v2\/tags?post=23074"}],"curies":[{"name":"wp","href":"https:\/\/api.w.org\/{rel}","templated":true}]}}