{"id":22816,"date":"2025-12-03T00:41:41","date_gmt":"2025-12-03T03:41:41","guid":{"rendered":"https:\/\/www.fcejs.unsl.edu.ar\/?p=22816"},"modified":"2025-12-03T09:07:48","modified_gmt":"2025-12-03T12:07:48","slug":"xi-encuentro-de-intercambio-e-inclusion-2025","status":"publish","type":"post","link":"https:\/\/www.fcejs.unsl.edu.ar\/index.php\/xi-encuentro-de-intercambio-e-inclusion-2025\/","title":{"rendered":"4 y 5 de diciembre: <b> XI Encuentro de Intercambio e Inclusi\u00f3n <\/b> en el Instituto Escuela de Econom\u00eda, Negocios y Transferencia Tecnol\u00f3gica"},"content":{"rendered":"<p><span style=\"font-weight: 400;\">La Secretar\u00eda de Extensi\u00f3n Universitaria con funciones de Vinculaci\u00f3n Social de la FCEJS informa que el <\/span><b>XI Encuentro de Intercambio e Inclusi\u00f3n\u00a0<\/b><span style=\"font-weight: 400;\">se llevar\u00e1 adelante los<\/span><b> d\u00edas 4 y 5 de diciembre en el Instituto Escuela de Econom\u00eda, Negocios y Transferencia Tecnol\u00f3gica (Pescadores 314)<\/b><span style=\"font-weight: 400;\">, en el marco del\u00a0<\/span><b>D\u00eda Internacional de las Personas con Discapacidad<\/b><span style=\"font-weight: 400;\">, que se conmemora cada 3 de diciembre, fecha establecida por la <\/span><b>Asamblea General de las Naciones Unidas (AGNU)<\/b><span style=\"font-weight: 400;\">\u00a0mediante la resoluci\u00f3n 47\/3.<\/span><\/p>\n<p><span style=\"font-weight: 400;\">En esta oportunidad se comparte el programa definitivo que incluye una amplia variedad de propuestas presentadas por m\u00e1s de 10 organizaciones de Villa Mercedes.\u00a0<\/span><\/p>\n<h4><b>Taller \u201cVida Universitaria Inclusiva: la responsabilidad de construir espacios accesibles es colectiva\u201d<\/b><\/h4>\n<ul>\n<li><b>Objetivos General:<\/b><span style=\"font-weight: 400;\"> Promover espacios accesibles que aseguren la plena participaci\u00f3n y real inclusi\u00f3n de personas con discapacidad en la Facultad de Ciencias Econ\u00f3micas, Jur\u00eddicas y Sociales, y, garanticen sus derechos.\u00a0<\/span><\/li>\n<li><b>Destinatarios\/as:<\/b><span style=\"font-weight: 400;\"> Docentes, estudiantes, agrupaciones estudiantiles y p\u00fablico en general.\u00a0<\/span><\/li>\n<li><b>Responsables: <\/b><span style=\"font-weight: 400;\">Lic. Doris Yamile Saile Casta\u00f1eda<\/span><b>; <\/b><span style=\"font-weight: 400;\">Lic. Mar\u00eda Victoria Giuliani<\/span><b>; <\/b><span style=\"font-weight: 400;\">Ing. Claudio Ariel Savini<\/span><b>; <\/b><span style=\"font-weight: 400;\">Micaela Abigail Lucero<\/span><b>; <\/b><span style=\"font-weight: 400;\">Brunella Luciana Lucero.\u00a0<\/span><\/li>\n<li><b>Organizaci\u00f3n: <\/b><span style=\"font-weight: 400;\">Programa Universidad y Discapacidad UNSL &#8211; Equipo T\u00e9cnico de Accesibilidad Acad\u00e9mica UNSL.<\/span><\/li>\n<\/ul>\n<hr \/>\n<h4><b>Charla Debate \u201cAbordaje territorial: discapacidad y pobreza\u201d<\/b><\/h4>\n<ul>\n<li><b>Objetivo: <\/b><span style=\"font-weight: 400;\">Capacitar sobre las realidades barriales en la ciudad de Villa Mercedes (San Luis) realizados en varios barrios, entre octubre del 2024 a julio de 2025, en relaci\u00f3n a la discapacidad-pobreza en varios aspectos.\u00a0<\/span><\/li>\n<li><b>Destinatarios:<\/b><span style=\"font-weight: 400;\"> P\u00fablico en general que se sienta convocado por la tem\u00e1tica.\u00a0<\/span><\/li>\n<li><b>Responsables: <\/b><span style=\"font-weight: 400;\">Mgtr. Pereira Mirta; Mgtr. Rubertoni Myrian<\/span><\/li>\n<li><b>Colaboradores: <\/b><span style=\"font-weight: 400;\">Mg. Marisa Pogliani; Lic. Araceli del Carmen Holzer; Lic. Fern\u00e1ndez Ana Bel\u00e9n; Abog. Nahuel Alvarez Toledo.<\/span><\/li>\n<\/ul>\n<hr \/>\n<h4><b>Charla-Debate \u201cPresentaci\u00f3n del proyecto de ley de modificaci\u00f3n de ley provincial de discapacidad\u201d<\/b><\/h4>\n<ul>\n<li><b>Objetivo:<\/b><span style=\"font-weight: 400;\"> Informar sobre el proyecto de ley con estado legislativo a fin de promover la participaci\u00f3n ciudadana en la difusi\u00f3n y divulgaci\u00f3n de la necesidad de modificar la anterior ley que ten\u00eda un marcado enfoque capacitista que contrariaba con los preceptos de la Convenci\u00f3n Internacional de Personas con Discapacidad.<\/span><\/li>\n<li><b>Destinatarios\/as: <\/b><span style=\"font-weight: 400;\">Poblaci\u00f3n en general.<\/span><\/li>\n<li><b>Responsables<\/b><span style=\"font-weight: 400;\">: Lic. Soquet Liliana; Prof. Ivana Daniela Ricca; Lic. Carrascull Carolina.<\/span><\/li>\n<li><b>Organizaci\u00f3n:<\/b><span style=\"font-weight: 400;\"> Fundaci\u00f3n Todos a la Escuela, Yo Colaboro \u00bfY vos?<\/span><\/li>\n<\/ul>\n<hr \/>\n<p><b>Charla Taller \u201cMirame-mirate: lo art\u00edstico como camino para la sensibilizaci\u00f3n y reflexi\u00f3n en torno a las personas con discapacidad\u201d<\/b><\/p>\n<ul>\n<li><b>Objetivo: <\/b><span style=\"font-weight: 400;\">Reflexionar acerca de las representaciones sociales en torno a la discapacidad.\u00a0<\/span><\/li>\n<li><b>Objetivos espec\u00edficos:<\/b><span style=\"font-weight: 400;\"> Explorar el recurso del arte como herramienta para sensibilizar y reflexionar en torno a las representaciones sociales y personales; Identificar y deconstruir las barreras actitudinales sustentadas en representaciones sociales sobre discapacidad; promover una reflexi\u00f3n cr\u00edtica sobre la propia mirada hacia la discapacidad.\u00a0<\/span><\/li>\n<li><b>Destinatarios\/as: <\/b><span style=\"font-weight: 400;\">Estudiantes, docentes, nodocentes, y profesionales.\u00a0<\/span><\/li>\n<li><b>Responsables:<\/b><span style=\"font-weight: 400;\"> Giacomelli, Mec\u00edas Mar\u00eda Julieta; Gonz\u00e1lez, Abella Benjam\u00edn Jes\u00fas (disertantes); Polti, Mar\u00eda Laura (coordinadora); Abraham, Mar\u00eda de los \u00c1ngeles (responsable).\u00a0<\/span><\/li>\n<li><b>Organizaci\u00f3n:<\/b><span style=\"font-weight: 400;\"> Programa de Accesibilidad FAPSI-UNSL.<\/span><\/li>\n<li><b>Formulario de inscripci\u00f3n: <\/b><a href=\"https:\/\/forms.gle\/q4q3ncKdZPKJMWn28\" target=\"_blank\" rel=\"noopener\"><b>https:\/\/forms.gle\/q4q3ncKdZPKJMWn28<\/b><\/a><b>\u00a0<\/b><\/li>\n<\/ul>\n<hr \/>\n<h4><b>Charla \u201cPresentaci\u00f3n del Consejo Provincial de Personas con Discapacidad de San Luis (CO.PRO.DIS)<\/b><\/h4>\n<ul>\n<li><b>Objetivo: <\/b><span style=\"font-weight: 400;\">Presentar el Consejo y sus integrantes representantes de la ciudad de Villa Mercedes.<\/span><\/li>\n<li><b>Destinatarios\/as: <\/b><span style=\"font-weight: 400;\">Poblaci\u00f3n en general.<\/span><\/li>\n<li><b>Responsables<\/b><span style=\"font-weight: 400;\">: PROF. Galv\u00e1n Mar\u00eda Fernanda; ABOG. \u00c1lvarez Toledo Nahuel Alejo.\u00a0<\/span><\/li>\n<li><b>Organizaci\u00f3n:<\/b><span style=\"font-weight: 400;\"> Consejo Provincial de Personas con Discapacidad de San Luis (CO.PRO.DIS).<\/span><b>\u00a0<\/b><\/li>\n<\/ul>\n<hr \/>\n<h4><b>Taller \u201cAutoretrato en Collage: identidades en fragmentos\u201d<\/b><\/h4>\n<ul>\n<li><b>Objetivo: <\/b><span style=\"font-weight: 400;\">Promover la inclusi\u00f3n y la participaci\u00f3n plena de personas con y sin discapacidad mediante una experiencia art\u00edstica accesible; Favorecer el intercambio entre estudiantes, docentes, comunidad educativa y p\u00fablico general, reconociendo y valorando la diversidad de identidades, capacidades y modos de expresi\u00f3n.<\/span><\/li>\n<li><b>Objetivos Espec\u00edficos:<\/b><span style=\"font-weight: 400;\"> Explorar el collage como una t\u00e9cnica expresiva accesible, adaptable y significativa para distintos perfiles y necesidades; Reflexionar sobre la identidad, la autoimagen y la pertenencia desde una perspectiva inclusiva y respetuosa de la diversidad; Fomentar la cooperaci\u00f3n, el respeto, la comunicaci\u00f3n y la escucha a trav\u00e9s de una din\u00e1mica grupal que contemple distintas formas de participaci\u00f3n.<\/span><\/li>\n<li><b>Destinatarios: <\/b><span style=\"font-weight: 400;\">P\u00fablico en general (cupo limitado).\u00a0<\/span><\/li>\n<li><b>Requisitos:<\/b><span style=\"font-weight: 400;\"> cada participante deber\u00e1 traer cartuchera con elementos b\u00e1sicos, l\u00e1piz, goma de borrar, tijera.\u00a0<\/span><\/li>\n<li><b>Responsables:<\/b><span style=\"font-weight: 400;\"> Prof. Mar\u00eda Sabina Simioli; Prof. Arguello Albana Soledad.\u00a0<\/span><\/li>\n<\/ul>\n<hr \/>\n<h4><b>Taller \u201cLa Corporalidad como veh\u00edculo de sost\u00e9n, cuidado y comunidad\u201d<\/b><\/h4>\n<ul>\n<li><b>Objetivo: <\/b><span style=\"font-weight: 400;\">Favorecer el encuentro desde la corporalidad entre sujetos que ejercen tareas de cuidado y apoyo en persona con discapacidad a fin de revalorizar estas acciones como acto pol\u00edtico.<\/span><\/li>\n<li><b>Objetivos Espec\u00edficos: <\/b><span style=\"font-weight: 400;\">Promover la expresi\u00f3n emocional y la escucha activa a trav\u00e9s del cuerpo; Reflexionar sobre el cuidado como una acci\u00f3n colectiva.\u00a0<\/span><\/li>\n<li><b>Destinatarios\/as: <\/b><span style=\"font-weight: 400;\">familias de personas con discapacidad, profesionales, estudiantes, docentes y comunidad en general.<\/span><\/li>\n<li><b>Responsables:<\/b><span style=\"font-weight: 400;\"> Lic. Fernanda Marcela Abalos; Prof. Natalia Ver\u00f3nica Gim\u00e9nez; Esp. Mar\u00eda Cristina Galetto; Lic. Mar\u00eda Fernada Soru.\u00a0<\/span><\/li>\n<li><b>Organizaci\u00f3n:<\/b><span style=\"font-weight: 400;\"> Programa ConDerechoS y Fundaci\u00f3n Despejarte.Com<\/span><\/li>\n<\/ul>\n<hr \/>\n<h4><b>Charla Cooperativismo Inclusivo. Nadie se salva solo<\/b><\/h4>\n<ul>\n<li><b>Objetivo: <\/b><span style=\"font-weight: 400;\">Informar sobre los beneficios de la constituci\u00f3n de cooperativas para la inclusi\u00f3n laboral efectiva de personas con discapacidad.\u00a0<\/span><\/li>\n<li><b>Destinatarios\/as: <\/b><span style=\"font-weight: 400;\">Poblaci\u00f3n en general.\u00a0<\/span><\/li>\n<li><b>Responsables:<\/b><span style=\"font-weight: 400;\"> ABOG. \u00c1lvarez Toledo Nahuel Alejo; LIC. Carrascull Carolina.<\/span><\/li>\n<li><b>Organizaci\u00f3n: <\/b><span style=\"font-weight: 400;\">Fundaci\u00f3n Todos a la Escuela\u2026 Yo Colaboro \u00bfY vos?\u00a0<\/span><\/li>\n<\/ul>\n<hr \/>\n<h4><b>Taller \u201cTrabajemos conjuntamente en problem\u00e1ticas que nos ocupan, desde la inclusi\u00f3n\u201d<\/b><\/h4>\n<ul>\n<li><b>Objetivo: <\/b><span style=\"font-weight: 400;\">Sensibilizar respecto a los consumos problem\u00e1ticos de sustancias psicoactivas a personas con discapacidad; capacitar respecto a la prevenci\u00f3n de consumos problem\u00e1ticos al personal de diversas organizaciones que trabajan con discapacidad.<\/span><b>\u00a0<\/b><\/li>\n<li><b>Destinatarios\/as: <\/b><span style=\"font-weight: 400;\">personas con discapacidad que asisten a diferentes organizaciones de nuestra comunidad, que est\u00e9n interesadas en participar; personal de diferentes organizaciones de nuestra ciudad que trabajan con discapacidad.<\/span><b>\u00a0<\/b><\/li>\n<li><b>Responsables:<\/b><span style=\"font-weight: 400;\"> Lic. Mar\u00eda Victoria Giuliani; Dra. Adriana Isabel Moran (coordinadoras), integrantes de programa y comisi\u00f3n de la FCJES.\u00a0<\/span><\/li>\n<li><b>Organizaci\u00f3n:<\/b><span style=\"font-weight: 400;\"> Programa de Prevenci\u00f3n de Consumos Problem\u00e1ticos y Comisi\u00f3n de Discapacidad, Accesibilidad y Apoyo de la FCEJS (UNSL).\u00a0<\/span><\/li>\n<\/ul>\n<hr \/>\n<h4><b>\u201cCuidar al que cuida en un contexto de discapacidad, con perspectiva de derechos laborales\u201d<\/b><\/h4>\n<ul>\n<li><b>Objetivo: <\/b><span style=\"font-weight: 400;\">Brindar informaci\u00f3n del proyecto de ley \u00a0&#8220;Juanita&#8221; con resoluci\u00f3n 009 \/ 25 de la Defensor\u00eda del pueblo de la provincia de San Luis, su implementaci\u00f3n y necesidad actual.\u00a0<\/span><\/li>\n<li><b>Destinatarios\/as: <\/b><span style=\"font-weight: 400;\">trabajadores que ejercen su rol de cuidadores de personas con discapacidad y p\u00fablico en general.<\/span><b>\u00a0<\/b><\/li>\n<li><b>Responsables:<\/b><span style=\"font-weight: 400;\"> Lic. Leyes Anal\u00eda; Lic. Torre Natalia<\/span><\/li>\n<li><b>ORGANIZACI\u00d3N:<\/b><span style=\"font-weight: 400;\"> Asociaci\u00f3n Profesionales y T\u00e9cnicos de la Salud (APTS)<\/span><\/li>\n<\/ul>\n<hr \/>\n<h4><b>Taller corporal \u201cCuerpo, v\u00ednculo y movimiento: una mirada psicomotriz hacia la inclusi\u00f3n\u201d<\/b><\/h4>\n<ul>\n<li><b>Objetivos: <\/b><span style=\"font-weight: 400;\">Habilitar un espacio vivencial y reflexivo desde la psicomotricidad que favorezca el cuidado de quienes acompa\u00f1an a personas con discapacidad.\u00a0<\/span><\/li>\n<li><b>Destinatarios\/as: <\/b><span style=\"font-weight: 400;\">Estudiantes, familias, acompa\u00f1antes terap\u00e9uticos, docentes y toda persona que desde su rol acompa\u00f1a personas con discapacidad (cupo limitado).\u00a0<\/span><\/li>\n<li><b>Formulario de inscripci\u00f3n:<\/b> <strong><span style=\"color: #3366ff;\"><a style=\"color: #3366ff;\" href=\"https:\/\/forms.gle\/95gY136r99RoctLF6\" target=\"_blank\" rel=\"noopener\">https:\/\/forms.gle\/95gY136r99RoctLF6<\/a>\u00a0<\/span><\/strong><\/li>\n<li><b>Responsables:<\/b><span style=\"font-weight: 400;\"> Mar\u00eda Victoria Jofre; Florencia Nahir Martinez<\/span><\/li>\n<\/ul>\n<hr \/>\n<h4><b>Taller de Perfeccionamiento \u201cEvaluaci\u00f3n y abordajes de barreras de Acceso en Entornos Educativos\u201d<\/b><\/h4>\n<ul>\n<li><b>Destinatarios:<\/b><span style=\"font-weight: 400;\"> Docentes, personal nodocente, estudiantes, t\u00e9cnicos\/as, arquitectos\/as, miembros de equipos de accesibilidad y personal vinculado a infraestructura o servicios generales.<\/span><\/li>\n<li><b>Requisitos:<\/b><span style=\"font-weight: 400;\"> Conocimientos b\u00e1sicos en accesibilidad, arquitectura universitaria, gesti\u00f3n institucional o experiencia en tareas relacionadas.<\/span><\/li>\n<li><b>Responsables: Esp. <\/b><span style=\"font-weight: 400;\">Mariela Elizabeth Z\u00fa\u00f1iga<\/span><b>, Lic. <\/b><span style=\"font-weight: 400;\">Eliana Caballero<\/span><\/li>\n<li><b>Organizaci\u00f3n:<\/b><span style=\"font-weight: 400;\"> Unidad de Gesti\u00f3n de Programas Especiales UNSL- Programa\u00a0Universidad y\u00a0Discapacidad\u00a0de la Universidad Nacional de San Luis- Equipo T\u00e9cnico de Accesibilidad Acad\u00e9mica.\u00a0<\/span><\/li>\n<\/ul>\n<hr \/>\n<h4><b>Charla \u201cRecreaci\u00f3n inclusiva: construyendo espacios para todas las infancias\u201d<\/b><\/h4>\n<ul>\n<li><b>Objetivo:<\/b><span style=\"font-weight: 400;\"> Promoci\u00f3n de espacios recreativos, terap\u00e9uticos e inclusivos durante el per\u00edodo de vacaciones de verano para ni\u00f1os\/as y\/o adolescentes, con\/sin discapacidad.\u00a0<\/span><\/li>\n<li><b>Destinatarios\/as:<\/b><span style=\"font-weight: 400;\"> familias, profesionales, que tienen a cargo cuidados de ni\u00f1os, adolescentes con\/sin discapacidad.\u00a0<\/span><\/li>\n<li><b>Responsables:<\/b><span style=\"font-weight: 400;\"> Tec. Florencia Alaniz; Tec. Ayelen Luna.\u00a0<\/span><\/li>\n<li><b>Formulario de inscripci\u00f3n: <\/b><a href=\"https:\/\/docs.google.com\/forms\/d\/1QnibNc4aUDTFU00Ck4WCQ7cC9t-CUSROTf2UPiUoVPI\/edit?chromeless=1\"><span style=\"font-weight: 400;\">https:\/\/docs.google.com\/forms\/d\/1QnibNc4aUDTFU00Ck4WCQ7cC9t-CUSROTf2UPiUoVPI\/edit?chromeless=1<\/span><\/a><span style=\"font-weight: 400;\">\u00a0<\/span><\/li>\n<\/ul>\n<p>Ante cualquier consulta, se debe realizar accediendo al siguiente enlace<\/p>\n<h3 style=\"text-align: center;\"><strong><span style=\"color: #3366ff;\"><a style=\"color: #3366ff;\" href=\"https:\/\/forms.gle\/otSHQCneScQZ3Aq6A\" target=\"_blank\" rel=\"noopener\">INFORMES<\/a><\/span><\/strong><\/h3>\n<div class=\"gmedia_gallery phantom_module is_bot\" id=\"GmediaGallery_318\" data-gmid=\"318\" data-module=\"phantom\"><style type='text\/css' class='gmedia_module_style_import'>@import url('https:\/\/www.fcejs.unsl.edu.ar\/wp-content\/plugins\/grand-media\/module\/phantom\/css\/style.css') all;<\/style>    <div class=\"gmPhantom_Container noLightbox\" >\r\n                <div class=\"gmPhantom_thumbsWrapper gmPhantom_ThumbScale gmPhantom_LabelHover\">\r\n                        <div class=\"gmPhantom_ThumbContainer gmPhantom_ThumbLoader\" data-id=\"5636\" data-post_id=\"23037\" data-ratio=\"0.82872928176796\" data-type=\"image\" data-ext=\"jpeg\" data-views=\"33\" data-likes=\"0\" data-cc=\"0\" data-post_link=\"https:\/\/www.fcejs.unsl.edu.ar\/index.php\/gmedia\/jueves12-jpeg\/\">\r\n                <a href=\"https:\/\/www.fcejs.unsl.edu.ar\/wp-content\/grand-media\/image\/jueves12.jpeg\" class=\"gmPhantom_Thumb\"><img decoding=\"async\" src=\"https:\/\/www.fcejs.unsl.edu.ar\/wp-content\/grand-media\/image\/thumb\/jueves12.jpeg\" data-src=\"https:\/\/www.fcejs.unsl.edu.ar\/wp-content\/grand-media\/image\/jueves12.jpeg\" alt=\"Jueves12\"\/><\/a>\r\n                                    <div class=\"gmPhantom_ThumbLabel\"><span class=\"gmPhantom_ThumbLabel_title\">Jueves12<\/span><\/div>\r\n                                    <div style=\"display:none;\" class=\"gmPhantom_Details\">\r\n                                            <div class=\"gmPhantom_description\">\r\n                            <div class=\"gmPhantom_title\">Jueves12<\/div>\r\n                            <div class=\"gmPhantom_text\"><\/div>\r\n                        <\/div>\r\n                                                            <div class=\"gmPhantom_terms\">\r\n                                                    <div class=\"gmPhantom_other_terms\">\r\n                                <table class=\"gmPhantom_other_terms_table\">\r\n                                                                            <tr class=\"gmPhantom_term_row_album\">\r\n                                            <td class=\"gmPhantom_term_key\">Album<\/td>\r\n                                            <td class=\"gmPhantom_term_value\"><a href=\"\/index.php\/wp-json\/wp\/v2\/posts\/22816?gm318[album__in]=318\" class=\"gmPhantom_alb\">inclusiondiscapacidad-2025<\/a><\/td>\r\n                                        <\/tr>\r\n                                                                    <\/table>\r\n                            <\/div>\r\n                                                <\/div>\r\n                <\/div>\r\n                <\/div>            <div class=\"gmPhantom_ThumbContainer gmPhantom_ThumbLoader\" data-id=\"5635\" data-post_id=\"23036\" data-ratio=\"0.8\" data-type=\"image\" data-ext=\"jpeg\" data-views=\"25\" data-likes=\"0\" data-cc=\"0\" data-post_link=\"https:\/\/www.fcejs.unsl.edu.ar\/index.php\/gmedia\/viernes12-jpeg\/\">\r\n                <a href=\"https:\/\/www.fcejs.unsl.edu.ar\/wp-content\/grand-media\/image\/viernes12.jpeg\" class=\"gmPhantom_Thumb\"><img decoding=\"async\" src=\"https:\/\/www.fcejs.unsl.edu.ar\/wp-content\/grand-media\/image\/thumb\/viernes12.jpeg\" data-src=\"https:\/\/www.fcejs.unsl.edu.ar\/wp-content\/grand-media\/image\/viernes12.jpeg\" alt=\"Viernes12\"\/><\/a>\r\n                                    <div class=\"gmPhantom_ThumbLabel\"><span class=\"gmPhantom_ThumbLabel_title\">Viernes12<\/span><\/div>\r\n                                    <div style=\"display:none;\" class=\"gmPhantom_Details\">\r\n                                            <div class=\"gmPhantom_description\">\r\n                            <div class=\"gmPhantom_title\">Viernes12<\/div>\r\n                            <div class=\"gmPhantom_text\"><\/div>\r\n                        <\/div>\r\n                                                            <div class=\"gmPhantom_terms\">\r\n                                                    <div class=\"gmPhantom_other_terms\">\r\n                                <table class=\"gmPhantom_other_terms_table\">\r\n                                                                            <tr class=\"gmPhantom_term_row_album\">\r\n                                            <td class=\"gmPhantom_term_key\">Album<\/td>\r\n                                            <td class=\"gmPhantom_term_value\"><a href=\"\/index.php\/wp-json\/wp\/v2\/posts\/22816?gm318[album__in]=318\" class=\"gmPhantom_alb\">inclusiondiscapacidad-2025<\/a><\/td>\r\n                                        <\/tr>\r\n                                                                    <\/table>\r\n                            <\/div>\r\n                                                <\/div>\r\n                <\/div>\r\n                <\/div>            <div class=\"gmPhantom_ThumbContainer gmPhantom_ThumbLoader\" data-id=\"5631\" data-post_id=\"23024\" data-ratio=\"0.85714285714286\" data-type=\"image\" data-ext=\"jpeg\" data-views=\"15\" data-likes=\"0\" data-cc=\"0\" data-post_link=\"https:\/\/www.fcejs.unsl.edu.ar\/index.php\/gmedia\/whatsapp_image_2025-11-28_at_20-13-39-jpeg\/\">\r\n                <a href=\"https:\/\/www.fcejs.unsl.edu.ar\/wp-content\/grand-media\/image\/WhatsApp_Image_2025-11-28_at_20.13.39.jpeg\" class=\"gmPhantom_Thumb\"><img decoding=\"async\" src=\"https:\/\/www.fcejs.unsl.edu.ar\/wp-content\/grand-media\/image\/thumb\/WhatsApp_Image_2025-11-28_at_20.13.39.jpeg\" data-src=\"https:\/\/www.fcejs.unsl.edu.ar\/wp-content\/grand-media\/image\/WhatsApp_Image_2025-11-28_at_20.13.39.jpeg\" alt=\"WhatsApp Image 2025-11-28 At 20.13.39\"\/><\/a>\r\n                                    <div class=\"gmPhantom_ThumbLabel\"><span class=\"gmPhantom_ThumbLabel_title\">WhatsApp Image 2025-11-28 At 20.13.39<\/span><\/div>\r\n                                    <div style=\"display:none;\" class=\"gmPhantom_Details\">\r\n                                            <div class=\"gmPhantom_description\">\r\n                            <div class=\"gmPhantom_title\">WhatsApp Image 2025-11-28 At 20.13.39<\/div>\r\n                            <div class=\"gmPhantom_text\"><\/div>\r\n                        <\/div>\r\n                                                            <div class=\"gmPhantom_terms\">\r\n                                                    <div class=\"gmPhantom_other_terms\">\r\n                                <table class=\"gmPhantom_other_terms_table\">\r\n                                                                            <tr class=\"gmPhantom_term_row_album\">\r\n                                            <td class=\"gmPhantom_term_key\">Album<\/td>\r\n                                            <td class=\"gmPhantom_term_value\"><a href=\"\/index.php\/wp-json\/wp\/v2\/posts\/22816?gm318[album__in]=318\" class=\"gmPhantom_alb\">inclusiondiscapacidad-2025<\/a><\/td>\r\n                                        <\/tr>\r\n                                                                    <\/table>\r\n                            <\/div>\r\n                                                <\/div>\r\n                <\/div>\r\n                <\/div>            <div class=\"gmPhantom_ThumbContainer gmPhantom_ThumbLoader\" data-id=\"5630\" data-post_id=\"23023\" data-ratio=\"0.8\" data-type=\"image\" data-ext=\"jpeg\" data-views=\"9\" data-likes=\"0\" data-cc=\"0\" data-post_link=\"https:\/\/www.fcejs.unsl.edu.ar\/index.php\/gmedia\/whatsapp_image_2025-11-27_at_23-31-27_2-jpeg\/\">\r\n                <a href=\"https:\/\/www.fcejs.unsl.edu.ar\/wp-content\/grand-media\/image\/WhatsApp_Image_2025-11-27_at_23.31.27_2.jpeg\" class=\"gmPhantom_Thumb\"><img decoding=\"async\" src=\"https:\/\/www.fcejs.unsl.edu.ar\/wp-content\/grand-media\/image\/thumb\/WhatsApp_Image_2025-11-27_at_23.31.27_2.jpeg\" data-src=\"https:\/\/www.fcejs.unsl.edu.ar\/wp-content\/grand-media\/image\/WhatsApp_Image_2025-11-27_at_23.31.27_2.jpeg\" alt=\"WhatsApp Image 2025-11-27 At 23.31.27\"\/><\/a>\r\n                                    <div class=\"gmPhantom_ThumbLabel\"><span class=\"gmPhantom_ThumbLabel_title\">WhatsApp Image 2025-11-27 At 23.31.27<\/span><\/div>\r\n                                    <div style=\"display:none;\" class=\"gmPhantom_Details\">\r\n                                            <div class=\"gmPhantom_description\">\r\n                            <div class=\"gmPhantom_title\">WhatsApp Image 2025-11-27 At 23.31.27<\/div>\r\n                            <div class=\"gmPhantom_text\"><\/div>\r\n                        <\/div>\r\n                                                            <div class=\"gmPhantom_terms\">\r\n                                                    <div class=\"gmPhantom_other_terms\">\r\n                                <table class=\"gmPhantom_other_terms_table\">\r\n                                                                            <tr class=\"gmPhantom_term_row_album\">\r\n                                            <td class=\"gmPhantom_term_key\">Album<\/td>\r\n                                            <td class=\"gmPhantom_term_value\"><a href=\"\/index.php\/wp-json\/wp\/v2\/posts\/22816?gm318[album__in]=318\" class=\"gmPhantom_alb\">inclusiondiscapacidad-2025<\/a><\/td>\r\n                                        <\/tr>\r\n                                                                    <\/table>\r\n                            <\/div>\r\n                                                <\/div>\r\n                <\/div>\r\n                <\/div>            <div class=\"gmPhantom_ThumbContainer gmPhantom_ThumbLoader\" data-id=\"5629\" data-post_id=\"23022\" data-ratio=\"0.8\" data-type=\"image\" data-ext=\"jpeg\" data-views=\"7\" data-likes=\"0\" data-cc=\"0\" data-post_link=\"https:\/\/www.fcejs.unsl.edu.ar\/index.php\/gmedia\/whatsapp_image_2025-11-27_at_23-30-56_2-jpeg\/\">\r\n                <a href=\"https:\/\/www.fcejs.unsl.edu.ar\/wp-content\/grand-media\/image\/WhatsApp_Image_2025-11-27_at_23.30.56_2.jpeg\" class=\"gmPhantom_Thumb\"><img decoding=\"async\" src=\"https:\/\/www.fcejs.unsl.edu.ar\/wp-content\/grand-media\/image\/thumb\/WhatsApp_Image_2025-11-27_at_23.30.56_2.jpeg\" data-src=\"https:\/\/www.fcejs.unsl.edu.ar\/wp-content\/grand-media\/image\/WhatsApp_Image_2025-11-27_at_23.30.56_2.jpeg\" alt=\"WhatsApp Image 2025-11-27 At 23.30.56\"\/><\/a>\r\n                                    <div class=\"gmPhantom_ThumbLabel\"><span class=\"gmPhantom_ThumbLabel_title\">WhatsApp Image 2025-11-27 At 23.30.56<\/span><\/div>\r\n                                    <div style=\"display:none;\" class=\"gmPhantom_Details\">\r\n                                            <div class=\"gmPhantom_description\">\r\n                            <div class=\"gmPhantom_title\">WhatsApp Image 2025-11-27 At 23.30.56<\/div>\r\n                            <div class=\"gmPhantom_text\"><\/div>\r\n                        <\/div>\r\n                                                            <div class=\"gmPhantom_terms\">\r\n                                                    <div class=\"gmPhantom_other_terms\">\r\n                                <table class=\"gmPhantom_other_terms_table\">\r\n                                                                            <tr class=\"gmPhantom_term_row_album\">\r\n                                            <td class=\"gmPhantom_term_key\">Album<\/td>\r\n                                            <td class=\"gmPhantom_term_value\"><a href=\"\/index.php\/wp-json\/wp\/v2\/posts\/22816?gm318[album__in]=318\" class=\"gmPhantom_alb\">inclusiondiscapacidad-2025<\/a><\/td>\r\n                                        <\/tr>\r\n                                                                    <\/table>\r\n                            <\/div>\r\n                                                <\/div>\r\n                <\/div>\r\n                <\/div>            <div class=\"gmPhantom_ThumbContainer gmPhantom_ThumbLoader\" data-id=\"5628\" data-post_id=\"23021\" data-ratio=\"0.8\" data-type=\"image\" data-ext=\"png\" data-views=\"10\" data-likes=\"0\" data-cc=\"0\" data-post_link=\"https:\/\/www.fcejs.unsl.edu.ar\/index.php\/gmedia\/flyer_-_9xi_eii_2-png\/\">\r\n                <a href=\"https:\/\/www.fcejs.unsl.edu.ar\/wp-content\/grand-media\/image\/flyer_-_9XI_EII_2.png\" class=\"gmPhantom_Thumb\"><img decoding=\"async\" src=\"https:\/\/www.fcejs.unsl.edu.ar\/wp-content\/grand-media\/image\/thumb\/flyer_-_9XI_EII_2.png\" data-src=\"https:\/\/www.fcejs.unsl.edu.ar\/wp-content\/grand-media\/image\/flyer_-_9XI_EII_2.png\" alt=\"Flyer - 9XI EII\"\/><\/a>\r\n                                    <div class=\"gmPhantom_ThumbLabel\"><span class=\"gmPhantom_ThumbLabel_title\">Flyer - 9XI EII<\/span><\/div>\r\n                                    <div style=\"display:none;\" class=\"gmPhantom_Details\">\r\n                                            <div class=\"gmPhantom_description\">\r\n                            <div class=\"gmPhantom_title\">Flyer - 9XI EII<\/div>\r\n                            <div class=\"gmPhantom_text\"><\/div>\r\n                        <\/div>\r\n                                                            <div class=\"gmPhantom_terms\">\r\n                                                    <div class=\"gmPhantom_other_terms\">\r\n                                <table class=\"gmPhantom_other_terms_table\">\r\n                                                                            <tr class=\"gmPhantom_term_row_album\">\r\n                                            <td class=\"gmPhantom_term_key\">Album<\/td>\r\n                                            <td class=\"gmPhantom_term_value\"><a href=\"\/index.php\/wp-json\/wp\/v2\/posts\/22816?gm318[album__in]=318\" class=\"gmPhantom_alb\">inclusiondiscapacidad-2025<\/a><\/td>\r\n                                        <\/tr>\r\n                                                                    <\/table>\r\n                            <\/div>\r\n                                                <\/div>\r\n                <\/div>\r\n                <\/div>            <div class=\"gmPhantom_ThumbContainer gmPhantom_ThumbLoader\" data-id=\"5627\" data-post_id=\"23020\" data-ratio=\"0.8\" data-type=\"image\" data-ext=\"png\" data-views=\"7\" data-likes=\"0\" data-cc=\"0\" data-post_link=\"https:\/\/www.fcejs.unsl.edu.ar\/index.php\/gmedia\/flyer_-_8xi_eii_2-png\/\">\r\n                <a href=\"https:\/\/www.fcejs.unsl.edu.ar\/wp-content\/grand-media\/image\/flyer_-_8XI_EII_2.png\" class=\"gmPhantom_Thumb\"><img decoding=\"async\" src=\"https:\/\/www.fcejs.unsl.edu.ar\/wp-content\/grand-media\/image\/thumb\/flyer_-_8XI_EII_2.png\" data-src=\"https:\/\/www.fcejs.unsl.edu.ar\/wp-content\/grand-media\/image\/flyer_-_8XI_EII_2.png\" alt=\"Flyer - 8XI EII\"\/><\/a>\r\n                                    <div class=\"gmPhantom_ThumbLabel\"><span class=\"gmPhantom_ThumbLabel_title\">Flyer - 8XI EII<\/span><\/div>\r\n                                    <div style=\"display:none;\" class=\"gmPhantom_Details\">\r\n                                            <div class=\"gmPhantom_description\">\r\n                            <div class=\"gmPhantom_title\">Flyer - 8XI EII<\/div>\r\n                            <div class=\"gmPhantom_text\"><\/div>\r\n                        <\/div>\r\n                                                            <div class=\"gmPhantom_terms\">\r\n                                                    <div class=\"gmPhantom_other_terms\">\r\n                                <table class=\"gmPhantom_other_terms_table\">\r\n                                                                            <tr class=\"gmPhantom_term_row_album\">\r\n                                            <td class=\"gmPhantom_term_key\">Album<\/td>\r\n                                            <td class=\"gmPhantom_term_value\"><a href=\"\/index.php\/wp-json\/wp\/v2\/posts\/22816?gm318[album__in]=318\" class=\"gmPhantom_alb\">inclusiondiscapacidad-2025<\/a><\/td>\r\n                                        <\/tr>\r\n                                                                    <\/table>\r\n                            <\/div>\r\n                                                <\/div>\r\n                <\/div>\r\n                <\/div>            <div class=\"gmPhantom_ThumbContainer gmPhantom_ThumbLoader\" data-id=\"5626\" data-post_id=\"23019\" data-ratio=\"0.8\" data-type=\"image\" data-ext=\"png\" data-views=\"9\" data-likes=\"0\" data-cc=\"0\" data-post_link=\"https:\/\/www.fcejs.unsl.edu.ar\/index.php\/gmedia\/flyer_-_11xi_eii_2-png\/\">\r\n                <a href=\"https:\/\/www.fcejs.unsl.edu.ar\/wp-content\/grand-media\/image\/flyer_-_11XI_EII_2.png\" class=\"gmPhantom_Thumb\"><img decoding=\"async\" src=\"https:\/\/www.fcejs.unsl.edu.ar\/wp-content\/grand-media\/image\/thumb\/flyer_-_11XI_EII_2.png\" data-src=\"https:\/\/www.fcejs.unsl.edu.ar\/wp-content\/grand-media\/image\/flyer_-_11XI_EII_2.png\" alt=\"Flyer - 11XI EII\"\/><\/a>\r\n                                    <div class=\"gmPhantom_ThumbLabel\"><span class=\"gmPhantom_ThumbLabel_title\">Flyer - 11XI EII<\/span><\/div>\r\n                                    <div style=\"display:none;\" class=\"gmPhantom_Details\">\r\n                                            <div class=\"gmPhantom_description\">\r\n                            <div class=\"gmPhantom_title\">Flyer - 11XI EII<\/div>\r\n                            <div class=\"gmPhantom_text\"><\/div>\r\n                        <\/div>\r\n                                                            <div class=\"gmPhantom_terms\">\r\n                                                    <div class=\"gmPhantom_other_terms\">\r\n                                <table class=\"gmPhantom_other_terms_table\">\r\n                                                                            <tr class=\"gmPhantom_term_row_album\">\r\n                                            <td class=\"gmPhantom_term_key\">Album<\/td>\r\n                                            <td class=\"gmPhantom_term_value\"><a href=\"\/index.php\/wp-json\/wp\/v2\/posts\/22816?gm318[album__in]=318\" class=\"gmPhantom_alb\">inclusiondiscapacidad-2025<\/a><\/td>\r\n                                        <\/tr>\r\n                                                                    <\/table>\r\n                            <\/div>\r\n                                                <\/div>\r\n                <\/div>\r\n                <\/div>            <div class=\"gmPhantom_ThumbContainer gmPhantom_ThumbLoader\" data-id=\"5625\" data-post_id=\"23018\" data-ratio=\"0.8\" data-type=\"image\" data-ext=\"png\" data-views=\"6\" data-likes=\"0\" data-cc=\"0\" data-post_link=\"https:\/\/www.fcejs.unsl.edu.ar\/index.php\/gmedia\/flyer_-_12xi_eii_2-png\/\">\r\n                <a href=\"https:\/\/www.fcejs.unsl.edu.ar\/wp-content\/grand-media\/image\/flyer_-_12XI_EII_2.png\" class=\"gmPhantom_Thumb\"><img decoding=\"async\" src=\"https:\/\/www.fcejs.unsl.edu.ar\/wp-content\/grand-media\/image\/thumb\/flyer_-_12XI_EII_2.png\" data-src=\"https:\/\/www.fcejs.unsl.edu.ar\/wp-content\/grand-media\/image\/flyer_-_12XI_EII_2.png\" alt=\"Flyer - 12XI EII\"\/><\/a>\r\n                                    <div class=\"gmPhantom_ThumbLabel\"><span class=\"gmPhantom_ThumbLabel_title\">Flyer - 12XI EII<\/span><\/div>\r\n                                    <div style=\"display:none;\" class=\"gmPhantom_Details\">\r\n                                            <div class=\"gmPhantom_description\">\r\n                            <div class=\"gmPhantom_title\">Flyer - 12XI EII<\/div>\r\n                            <div class=\"gmPhantom_text\"><\/div>\r\n                        <\/div>\r\n                                                            <div class=\"gmPhantom_terms\">\r\n                                                    <div class=\"gmPhantom_other_terms\">\r\n                                <table class=\"gmPhantom_other_terms_table\">\r\n                                                                            <tr class=\"gmPhantom_term_row_album\">\r\n                                            <td class=\"gmPhantom_term_key\">Album<\/td>\r\n                                            <td class=\"gmPhantom_term_value\"><a href=\"\/index.php\/wp-json\/wp\/v2\/posts\/22816?gm318[album__in]=318\" class=\"gmPhantom_alb\">inclusiondiscapacidad-2025<\/a><\/td>\r\n                                        <\/tr>\r\n                                                                    <\/table>\r\n                            <\/div>\r\n                                                <\/div>\r\n                <\/div>\r\n                <\/div>            <div class=\"gmPhantom_ThumbContainer gmPhantom_ThumbLoader\" data-id=\"5624\" data-post_id=\"23017\" data-ratio=\"0.8\" data-type=\"image\" data-ext=\"png\" data-views=\"5\" data-likes=\"0\" data-cc=\"0\" data-post_link=\"https:\/\/www.fcejs.unsl.edu.ar\/index.php\/gmedia\/flyer_-_7xi_eii_1-png\/\">\r\n                <a href=\"https:\/\/www.fcejs.unsl.edu.ar\/wp-content\/grand-media\/image\/flyer_-_7XI_EII_1.png\" class=\"gmPhantom_Thumb\"><img decoding=\"async\" src=\"https:\/\/www.fcejs.unsl.edu.ar\/wp-content\/grand-media\/image\/thumb\/flyer_-_7XI_EII_1.png\" data-src=\"https:\/\/www.fcejs.unsl.edu.ar\/wp-content\/grand-media\/image\/flyer_-_7XI_EII_1.png\" alt=\"Flyer - 7XI EII\"\/><\/a>\r\n                                    <div class=\"gmPhantom_ThumbLabel\"><span class=\"gmPhantom_ThumbLabel_title\">Flyer - 7XI EII<\/span><\/div>\r\n                                    <div style=\"display:none;\" class=\"gmPhantom_Details\">\r\n                                            <div class=\"gmPhantom_description\">\r\n                            <div class=\"gmPhantom_title\">Flyer - 7XI EII<\/div>\r\n                            <div class=\"gmPhantom_text\"><\/div>\r\n                        <\/div>\r\n                                                            <div class=\"gmPhantom_terms\">\r\n                                                    <div class=\"gmPhantom_other_terms\">\r\n                                <table class=\"gmPhantom_other_terms_table\">\r\n                                                                            <tr class=\"gmPhantom_term_row_album\">\r\n                                            <td class=\"gmPhantom_term_key\">Album<\/td>\r\n                                            <td class=\"gmPhantom_term_value\"><a href=\"\/index.php\/wp-json\/wp\/v2\/posts\/22816?gm318[album__in]=318\" class=\"gmPhantom_alb\">inclusiondiscapacidad-2025<\/a><\/td>\r\n                                        <\/tr>\r\n                                                                    <\/table>\r\n                            <\/div>\r\n                                                <\/div>\r\n                <\/div>\r\n                <\/div>            <div class=\"gmPhantom_ThumbContainer gmPhantom_ThumbLoader\" data-id=\"5623\" data-post_id=\"23016\" data-ratio=\"0.8\" data-type=\"image\" data-ext=\"png\" data-views=\"8\" data-likes=\"0\" data-cc=\"0\" data-post_link=\"https:\/\/www.fcejs.unsl.edu.ar\/index.php\/gmedia\/flyer_-_6xi_eii_2-png\/\">\r\n                <a href=\"https:\/\/www.fcejs.unsl.edu.ar\/wp-content\/grand-media\/image\/flyer_-_6XI_EII_2.png\" class=\"gmPhantom_Thumb\"><img decoding=\"async\" src=\"https:\/\/www.fcejs.unsl.edu.ar\/wp-content\/grand-media\/image\/thumb\/flyer_-_6XI_EII_2.png\" data-src=\"https:\/\/www.fcejs.unsl.edu.ar\/wp-content\/grand-media\/image\/flyer_-_6XI_EII_2.png\" alt=\"Flyer - 6XI EII\"\/><\/a>\r\n                                    <div class=\"gmPhantom_ThumbLabel\"><span class=\"gmPhantom_ThumbLabel_title\">Flyer - 6XI EII<\/span><\/div>\r\n                                    <div style=\"display:none;\" class=\"gmPhantom_Details\">\r\n                                            <div class=\"gmPhantom_description\">\r\n                            <div class=\"gmPhantom_title\">Flyer - 6XI EII<\/div>\r\n                            <div class=\"gmPhantom_text\"><\/div>\r\n                        <\/div>\r\n                                                            <div class=\"gmPhantom_terms\">\r\n                                                    <div class=\"gmPhantom_other_terms\">\r\n                                <table class=\"gmPhantom_other_terms_table\">\r\n                                                                            <tr class=\"gmPhantom_term_row_album\">\r\n                                            <td class=\"gmPhantom_term_key\">Album<\/td>\r\n                                            <td class=\"gmPhantom_term_value\"><a href=\"\/index.php\/wp-json\/wp\/v2\/posts\/22816?gm318[album__in]=318\" class=\"gmPhantom_alb\">inclusiondiscapacidad-2025<\/a><\/td>\r\n                                        <\/tr>\r\n                                                                    <\/table>\r\n                            <\/div>\r\n                                                <\/div>\r\n                <\/div>\r\n                <\/div>            <div class=\"gmPhantom_ThumbContainer gmPhantom_ThumbLoader\" data-id=\"5622\" data-post_id=\"23015\" data-ratio=\"0.8\" data-type=\"image\" data-ext=\"png\" data-views=\"7\" data-likes=\"0\" data-cc=\"0\" data-post_link=\"https:\/\/www.fcejs.unsl.edu.ar\/index.php\/gmedia\/flyer_-_4xi_eii_2-png\/\">\r\n                <a href=\"https:\/\/www.fcejs.unsl.edu.ar\/wp-content\/grand-media\/image\/flyer_-_4XI_EII_2.png\" class=\"gmPhantom_Thumb\"><img decoding=\"async\" src=\"https:\/\/www.fcejs.unsl.edu.ar\/wp-content\/grand-media\/image\/thumb\/flyer_-_4XI_EII_2.png\" data-src=\"https:\/\/www.fcejs.unsl.edu.ar\/wp-content\/grand-media\/image\/flyer_-_4XI_EII_2.png\" alt=\"Flyer - 4XI EII\"\/><\/a>\r\n                                    <div class=\"gmPhantom_ThumbLabel\"><span class=\"gmPhantom_ThumbLabel_title\">Flyer - 4XI EII<\/span><\/div>\r\n                                    <div style=\"display:none;\" class=\"gmPhantom_Details\">\r\n                                            <div class=\"gmPhantom_description\">\r\n                            <div class=\"gmPhantom_title\">Flyer - 4XI EII<\/div>\r\n                            <div class=\"gmPhantom_text\"><\/div>\r\n                        <\/div>\r\n                                                            <div class=\"gmPhantom_terms\">\r\n                                                    <div class=\"gmPhantom_other_terms\">\r\n                                <table class=\"gmPhantom_other_terms_table\">\r\n                                                                            <tr class=\"gmPhantom_term_row_album\">\r\n                                            <td class=\"gmPhantom_term_key\">Album<\/td>\r\n                                            <td class=\"gmPhantom_term_value\"><a href=\"\/index.php\/wp-json\/wp\/v2\/posts\/22816?gm318[album__in]=318\" class=\"gmPhantom_alb\">inclusiondiscapacidad-2025<\/a><\/td>\r\n                                        <\/tr>\r\n                                                                    <\/table>\r\n                            <\/div>\r\n                                                <\/div>\r\n                <\/div>\r\n                <\/div>            <div class=\"gmPhantom_ThumbContainer gmPhantom_ThumbLoader\" data-id=\"5621\" data-post_id=\"23014\" data-ratio=\"0.8\" data-type=\"image\" data-ext=\"png\" data-views=\"9\" data-likes=\"0\" data-cc=\"0\" data-post_link=\"https:\/\/www.fcejs.unsl.edu.ar\/index.php\/gmedia\/flyer_-_5xi_eii_2-png\/\">\r\n                <a href=\"https:\/\/www.fcejs.unsl.edu.ar\/wp-content\/grand-media\/image\/flyer_-_5XI_EII_2.png\" class=\"gmPhantom_Thumb\"><img decoding=\"async\" src=\"https:\/\/www.fcejs.unsl.edu.ar\/wp-content\/grand-media\/image\/thumb\/flyer_-_5XI_EII_2.png\" data-src=\"https:\/\/www.fcejs.unsl.edu.ar\/wp-content\/grand-media\/image\/flyer_-_5XI_EII_2.png\" alt=\"Flyer - 5XI EII\"\/><\/a>\r\n                                    <div class=\"gmPhantom_ThumbLabel\"><span class=\"gmPhantom_ThumbLabel_title\">Flyer - 5XI EII<\/span><\/div>\r\n                                    <div style=\"display:none;\" class=\"gmPhantom_Details\">\r\n                                            <div class=\"gmPhantom_description\">\r\n                            <div class=\"gmPhantom_title\">Flyer - 5XI EII<\/div>\r\n                            <div class=\"gmPhantom_text\"><\/div>\r\n                        <\/div>\r\n                                                            <div class=\"gmPhantom_terms\">\r\n                                                    <div class=\"gmPhantom_other_terms\">\r\n                                <table class=\"gmPhantom_other_terms_table\">\r\n                                                                            <tr class=\"gmPhantom_term_row_album\">\r\n                                            <td class=\"gmPhantom_term_key\">Album<\/td>\r\n                                            <td class=\"gmPhantom_term_value\"><a href=\"\/index.php\/wp-json\/wp\/v2\/posts\/22816?gm318[album__in]=318\" class=\"gmPhantom_alb\">inclusiondiscapacidad-2025<\/a><\/td>\r\n                                        <\/tr>\r\n                                                                    <\/table>\r\n                            <\/div>\r\n                                                <\/div>\r\n                <\/div>\r\n                <\/div>            <div class=\"gmPhantom_ThumbContainer gmPhantom_ThumbLoader\" data-id=\"5620\" data-post_id=\"23013\" data-ratio=\"0.8\" data-type=\"image\" data-ext=\"png\" data-views=\"9\" data-likes=\"0\" data-cc=\"0\" data-post_link=\"https:\/\/www.fcejs.unsl.edu.ar\/index.php\/gmedia\/flyer_-_2xi_eii_2-png\/\">\r\n                <a href=\"https:\/\/www.fcejs.unsl.edu.ar\/wp-content\/grand-media\/image\/flyer_-_2XI_EII_2.png\" class=\"gmPhantom_Thumb\"><img decoding=\"async\" src=\"https:\/\/www.fcejs.unsl.edu.ar\/wp-content\/grand-media\/image\/thumb\/flyer_-_2XI_EII_2.png\" data-src=\"https:\/\/www.fcejs.unsl.edu.ar\/wp-content\/grand-media\/image\/flyer_-_2XI_EII_2.png\" alt=\"Flyer - 2XI EII\"\/><\/a>\r\n                                    <div class=\"gmPhantom_ThumbLabel\"><span class=\"gmPhantom_ThumbLabel_title\">Flyer - 2XI EII<\/span><\/div>\r\n                                    <div style=\"display:none;\" class=\"gmPhantom_Details\">\r\n                                            <div class=\"gmPhantom_description\">\r\n                            <div class=\"gmPhantom_title\">Flyer - 2XI EII<\/div>\r\n                            <div class=\"gmPhantom_text\"><\/div>\r\n                        <\/div>\r\n                                                            <div class=\"gmPhantom_terms\">\r\n                                                    <div class=\"gmPhantom_other_terms\">\r\n                                <table class=\"gmPhantom_other_terms_table\">\r\n                                                                            <tr class=\"gmPhantom_term_row_album\">\r\n                                            <td class=\"gmPhantom_term_key\">Album<\/td>\r\n                                            <td class=\"gmPhantom_term_value\"><a href=\"\/index.php\/wp-json\/wp\/v2\/posts\/22816?gm318[album__in]=318\" class=\"gmPhantom_alb\">inclusiondiscapacidad-2025<\/a><\/td>\r\n                                        <\/tr>\r\n                                                                    <\/table>\r\n                            <\/div>\r\n                                                <\/div>\r\n                <\/div>\r\n                <\/div>            <div class=\"gmPhantom_ThumbContainer gmPhantom_ThumbLoader\" data-id=\"5619\" data-post_id=\"23012\" data-ratio=\"0.8\" data-type=\"image\" data-ext=\"png\" data-views=\"9\" data-likes=\"0\" data-cc=\"0\" data-post_link=\"https:\/\/www.fcejs.unsl.edu.ar\/index.php\/gmedia\/flyer_-xi_eii_2-png\/\">\r\n                <a href=\"https:\/\/www.fcejs.unsl.edu.ar\/wp-content\/grand-media\/image\/FLYER_-XI_EII_2.png\" class=\"gmPhantom_Thumb\"><img decoding=\"async\" src=\"https:\/\/www.fcejs.unsl.edu.ar\/wp-content\/grand-media\/image\/thumb\/FLYER_-XI_EII_2.png\" data-src=\"https:\/\/www.fcejs.unsl.edu.ar\/wp-content\/grand-media\/image\/FLYER_-XI_EII_2.png\" alt=\"FLYER -XI EII\"\/><\/a>\r\n                                    <div class=\"gmPhantom_ThumbLabel\"><span class=\"gmPhantom_ThumbLabel_title\">FLYER -XI EII<\/span><\/div>\r\n                                    <div style=\"display:none;\" class=\"gmPhantom_Details\">\r\n                                            <div class=\"gmPhantom_description\">\r\n                            <div class=\"gmPhantom_title\">FLYER -XI EII<\/div>\r\n                            <div class=\"gmPhantom_text\"><\/div>\r\n                        <\/div>\r\n                                                            <div class=\"gmPhantom_terms\">\r\n                                                    <div class=\"gmPhantom_other_terms\">\r\n                                <table class=\"gmPhantom_other_terms_table\">\r\n                                                                            <tr class=\"gmPhantom_term_row_album\">\r\n                                            <td class=\"gmPhantom_term_key\">Album<\/td>\r\n                                            <td class=\"gmPhantom_term_value\"><a href=\"\/index.php\/wp-json\/wp\/v2\/posts\/22816?gm318[album__in]=318\" class=\"gmPhantom_alb\">inclusiondiscapacidad-2025<\/a><\/td>\r\n                                        <\/tr>\r\n                                                                    <\/table>\r\n                            <\/div>\r\n                                                <\/div>\r\n                <\/div>\r\n                <\/div>            <div class=\"gmPhantom_ThumbContainer gmPhantom_ThumbLoader\" data-id=\"5618\" data-post_id=\"23011\" data-ratio=\"0.8\" data-type=\"image\" data-ext=\"png\" data-views=\"8\" data-likes=\"0\" data-cc=\"0\" data-post_link=\"https:\/\/www.fcejs.unsl.edu.ar\/index.php\/gmedia\/flyer_-_1xi_eii_2-png\/\">\r\n                <a href=\"https:\/\/www.fcejs.unsl.edu.ar\/wp-content\/grand-media\/image\/flyer_-_1XI_EII_2.png\" class=\"gmPhantom_Thumb\"><img decoding=\"async\" src=\"https:\/\/www.fcejs.unsl.edu.ar\/wp-content\/grand-media\/image\/thumb\/flyer_-_1XI_EII_2.png\" data-src=\"https:\/\/www.fcejs.unsl.edu.ar\/wp-content\/grand-media\/image\/flyer_-_1XI_EII_2.png\" alt=\"Flyer - 1XI EII\"\/><\/a>\r\n                                    <div class=\"gmPhantom_ThumbLabel\"><span class=\"gmPhantom_ThumbLabel_title\">Flyer - 1XI EII<\/span><\/div>\r\n                                    <div style=\"display:none;\" class=\"gmPhantom_Details\">\r\n                                            <div class=\"gmPhantom_description\">\r\n                            <div class=\"gmPhantom_title\">Flyer - 1XI EII<\/div>\r\n                            <div class=\"gmPhantom_text\"><\/div>\r\n                        <\/div>\r\n                                                            <div class=\"gmPhantom_terms\">\r\n                                                    <div class=\"gmPhantom_other_terms\">\r\n                                <table class=\"gmPhantom_other_terms_table\">\r\n                                                                            <tr class=\"gmPhantom_term_row_album\">\r\n                                            <td class=\"gmPhantom_term_key\">Album<\/td>\r\n                                            <td class=\"gmPhantom_term_value\"><a href=\"\/index.php\/wp-json\/wp\/v2\/posts\/22816?gm318[album__in]=318\" class=\"gmPhantom_alb\">inclusiondiscapacidad-2025<\/a><\/td>\r\n                                        <\/tr>\r\n                                                                    <\/table>\r\n                            <\/div>\r\n                                                <\/div>\r\n                <\/div>\r\n                <\/div>            <div class=\"gmPhantom_ThumbContainer gmPhantom_ThumbLoader\" data-id=\"5617\" data-post_id=\"23010\" data-ratio=\"0.8\" data-type=\"image\" data-ext=\"png\" data-views=\"8\" data-likes=\"0\" data-cc=\"0\" data-post_link=\"https:\/\/www.fcejs.unsl.edu.ar\/index.php\/gmedia\/flyer_generalxi_eii_2-png\/\">\r\n                <a href=\"https:\/\/www.fcejs.unsl.edu.ar\/wp-content\/grand-media\/image\/FLYER_GENERALXI_EII_2.png\" class=\"gmPhantom_Thumb\"><img decoding=\"async\" src=\"https:\/\/www.fcejs.unsl.edu.ar\/wp-content\/grand-media\/image\/thumb\/FLYER_GENERALXI_EII_2.png\" data-src=\"https:\/\/www.fcejs.unsl.edu.ar\/wp-content\/grand-media\/image\/FLYER_GENERALXI_EII_2.png\" alt=\"FLYER GENERALXI EII\"\/><\/a>\r\n                                    <div class=\"gmPhantom_ThumbLabel\"><span class=\"gmPhantom_ThumbLabel_title\">FLYER GENERALXI EII<\/span><\/div>\r\n                                    <div style=\"display:none;\" class=\"gmPhantom_Details\">\r\n                                            <div class=\"gmPhantom_description\">\r\n                            <div class=\"gmPhantom_title\">FLYER GENERALXI EII<\/div>\r\n                            <div class=\"gmPhantom_text\"><\/div>\r\n                        <\/div>\r\n                                                            <div class=\"gmPhantom_terms\">\r\n                                                    <div class=\"gmPhantom_other_terms\">\r\n                                <table class=\"gmPhantom_other_terms_table\">\r\n                                                                            <tr class=\"gmPhantom_term_row_album\">\r\n                                            <td class=\"gmPhantom_term_key\">Album<\/td>\r\n                                            <td class=\"gmPhantom_term_value\"><a href=\"\/index.php\/wp-json\/wp\/v2\/posts\/22816?gm318[album__in]=318\" class=\"gmPhantom_alb\">inclusiondiscapacidad-2025<\/a><\/td>\r\n                                        <\/tr>\r\n                                                                    <\/table>\r\n                            <\/div>\r\n                                                <\/div>\r\n                <\/div>\r\n                <\/div>        <\/div>\r\n    <\/div>\r\n<\/div>\n<p>&nbsp;<\/p>\n","protected":false},"excerpt":{"rendered":"<p>La Secretar\u00eda de Extensi\u00f3n Universitaria con funciones de Vinculaci\u00f3n Social de la FCEJS informa que el XI Encuentro de Intercambio e Inclusi\u00f3n\u00a0se llevar\u00e1 adelante los&hellip;<\/p>\n","protected":false},"author":9,"featured_media":22899,"comment_status":"closed","ping_status":"closed","sticky":false,"template":"","format":"standard","meta":{"om_disable_all_campaigns":false,"_monsterinsights_skip_tracking":false,"_monsterinsights_sitenote_active":false,"_monsterinsights_sitenote_note":"","_monsterinsights_sitenote_category":0,"footnotes":""},"categories":[1,19],"tags":[],"class_list":["post-22816","post","type-post","status-publish","format-standard","has-post-thumbnail","hentry","category-noticias","category-principal"],"yoast_head":"<!-- This site is optimized with the Yoast SEO plugin v27.4 - https:\/\/yoast.com\/product\/yoast-seo-wordpress\/ -->\n<title>4 y 5 de diciembre:  XI Encuentro de Intercambio e Inclusi\u00f3n  en el Instituto Escuela de Econom\u00eda, Negocios y Transferencia Tecnol\u00f3gica - Facultad de Ciencias Econ\u00f3micas, Jur\u00ed\u00addicas y Sociales<\/title>\n<meta name=\"robots\" content=\"index, follow, max-snippet:-1, max-image-preview:large, max-video-preview:-1\" \/>\n<link rel=\"canonical\" href=\"https:\/\/www.fcejs.unsl.edu.ar\/index.php\/xi-encuentro-de-intercambio-e-inclusion-2025\/\" \/>\n<meta property=\"og:locale\" content=\"es_ES\" \/>\n<meta property=\"og:type\" content=\"article\" \/>\n<meta property=\"og:title\" content=\"4 y 5 de diciembre:  XI Encuentro de Intercambio e Inclusi\u00f3n  en el Instituto Escuela de Econom\u00eda, Negocios y Transferencia Tecnol\u00f3gica - Facultad de Ciencias Econ\u00f3micas, Jur\u00ed\u00addicas y Sociales\" \/>\n<meta property=\"og:description\" content=\"La Secretar\u00eda de Extensi\u00f3n Universitaria con funciones de Vinculaci\u00f3n Social de la FCEJS informa que el XI Encuentro de Intercambio e Inclusi\u00f3n\u00a0se llevar\u00e1 adelante los&hellip;\" \/>\n<meta property=\"og:url\" content=\"https:\/\/www.fcejs.unsl.edu.ar\/index.php\/xi-encuentro-de-intercambio-e-inclusion-2025\/\" \/>\n<meta property=\"og:site_name\" content=\"Facultad de Ciencias Econ\u00f3micas, Jur\u00ed\u00addicas y Sociales\" \/>\n<meta property=\"article:publisher\" content=\"https:\/\/www.facebook.com\/FCEJS.UNSL\/\" \/>\n<meta property=\"article:published_time\" content=\"2025-12-03T03:41:41+00:00\" \/>\n<meta property=\"article:modified_time\" content=\"2025-12-03T12:07:48+00:00\" \/>\n<meta property=\"og:image\" content=\"https:\/\/www.fcejs.unsl.edu.ar\/wp-content\/uploads\/2025\/11\/xi-encuentro-intercambio-e-inclusion-front.jpg\" \/>\n\t<meta property=\"og:image:width\" content=\"1152\" \/>\n\t<meta property=\"og:image:height\" content=\"647\" \/>\n\t<meta property=\"og:image:type\" content=\"image\/jpeg\" \/>\n<meta name=\"author\" content=\"DATI\" \/>\n<meta name=\"twitter:card\" content=\"summary_large_image\" \/>\n<meta name=\"twitter:creator\" content=\"@FCEJSUNSL\" \/>\n<meta name=\"twitter:site\" content=\"@FCEJSUNSL\" \/>\n<meta name=\"twitter:label1\" content=\"Escrito por\" \/>\n\t<meta name=\"twitter:data1\" content=\"DATI\" \/>\n\t<meta name=\"twitter:label2\" content=\"Tiempo de lectura\" \/>\n\t<meta name=\"twitter:data2\" content=\"6 minutos\" \/>\n<script type=\"application\/ld+json\" class=\"yoast-schema-graph\">{\"@context\":\"https:\\\/\\\/schema.org\",\"@graph\":[{\"@type\":\"Article\",\"@id\":\"https:\\\/\\\/www.fcejs.unsl.edu.ar\\\/index.php\\\/xi-encuentro-de-intercambio-e-inclusion-2025\\\/#article\",\"isPartOf\":{\"@id\":\"https:\\\/\\\/www.fcejs.unsl.edu.ar\\\/index.php\\\/xi-encuentro-de-intercambio-e-inclusion-2025\\\/\"},\"author\":{\"name\":\"DATI\",\"@id\":\"https:\\\/\\\/www.fcejs.unsl.edu.ar\\\/#\\\/schema\\\/person\\\/352ee6ed90c3f394c7cb5945f8956d34\"},\"headline\":\"4 y 5 de diciembre: XI Encuentro de Intercambio e Inclusi\u00f3n en el Instituto Escuela de Econom\u00eda, Negocios y Transferencia Tecnol\u00f3gica\",\"datePublished\":\"2025-12-03T03:41:41+00:00\",\"dateModified\":\"2025-12-03T12:07:48+00:00\",\"mainEntityOfPage\":{\"@id\":\"https:\\\/\\\/www.fcejs.unsl.edu.ar\\\/index.php\\\/xi-encuentro-de-intercambio-e-inclusion-2025\\\/\"},\"wordCount\":1373,\"publisher\":{\"@id\":\"https:\\\/\\\/www.fcejs.unsl.edu.ar\\\/#organization\"},\"image\":{\"@id\":\"https:\\\/\\\/www.fcejs.unsl.edu.ar\\\/index.php\\\/xi-encuentro-de-intercambio-e-inclusion-2025\\\/#primaryimage\"},\"thumbnailUrl\":\"https:\\\/\\\/www.fcejs.unsl.edu.ar\\\/wp-content\\\/uploads\\\/2025\\\/11\\\/xi-encuentro-intercambio-e-inclusion-front.jpg\",\"articleSection\":[\"Noticias\",\"Principal\"],\"inLanguage\":\"es-AR\"},{\"@type\":\"WebPage\",\"@id\":\"https:\\\/\\\/www.fcejs.unsl.edu.ar\\\/index.php\\\/xi-encuentro-de-intercambio-e-inclusion-2025\\\/\",\"url\":\"https:\\\/\\\/www.fcejs.unsl.edu.ar\\\/index.php\\\/xi-encuentro-de-intercambio-e-inclusion-2025\\\/\",\"name\":\"4 y 5 de diciembre: XI Encuentro de Intercambio e Inclusi\u00f3n en el Instituto Escuela de Econom\u00eda, Negocios y Transferencia Tecnol\u00f3gica - Facultad de Ciencias Econ\u00f3micas, Jur\u00ed\u00addicas y Sociales\",\"isPartOf\":{\"@id\":\"https:\\\/\\\/www.fcejs.unsl.edu.ar\\\/#website\"},\"primaryImageOfPage\":{\"@id\":\"https:\\\/\\\/www.fcejs.unsl.edu.ar\\\/index.php\\\/xi-encuentro-de-intercambio-e-inclusion-2025\\\/#primaryimage\"},\"image\":{\"@id\":\"https:\\\/\\\/www.fcejs.unsl.edu.ar\\\/index.php\\\/xi-encuentro-de-intercambio-e-inclusion-2025\\\/#primaryimage\"},\"thumbnailUrl\":\"https:\\\/\\\/www.fcejs.unsl.edu.ar\\\/wp-content\\\/uploads\\\/2025\\\/11\\\/xi-encuentro-intercambio-e-inclusion-front.jpg\",\"datePublished\":\"2025-12-03T03:41:41+00:00\",\"dateModified\":\"2025-12-03T12:07:48+00:00\",\"breadcrumb\":{\"@id\":\"https:\\\/\\\/www.fcejs.unsl.edu.ar\\\/index.php\\\/xi-encuentro-de-intercambio-e-inclusion-2025\\\/#breadcrumb\"},\"inLanguage\":\"es-AR\",\"potentialAction\":[{\"@type\":\"ReadAction\",\"target\":[\"https:\\\/\\\/www.fcejs.unsl.edu.ar\\\/index.php\\\/xi-encuentro-de-intercambio-e-inclusion-2025\\\/\"]}]},{\"@type\":\"ImageObject\",\"inLanguage\":\"es-AR\",\"@id\":\"https:\\\/\\\/www.fcejs.unsl.edu.ar\\\/index.php\\\/xi-encuentro-de-intercambio-e-inclusion-2025\\\/#primaryimage\",\"url\":\"https:\\\/\\\/www.fcejs.unsl.edu.ar\\\/wp-content\\\/uploads\\\/2025\\\/11\\\/xi-encuentro-intercambio-e-inclusion-front.jpg\",\"contentUrl\":\"https:\\\/\\\/www.fcejs.unsl.edu.ar\\\/wp-content\\\/uploads\\\/2025\\\/11\\\/xi-encuentro-intercambio-e-inclusion-front.jpg\",\"width\":1152,\"height\":647},{\"@type\":\"BreadcrumbList\",\"@id\":\"https:\\\/\\\/www.fcejs.unsl.edu.ar\\\/index.php\\\/xi-encuentro-de-intercambio-e-inclusion-2025\\\/#breadcrumb\",\"itemListElement\":[{\"@type\":\"ListItem\",\"position\":1,\"name\":\"Inicio\",\"item\":\"https:\\\/\\\/www.fcejs.unsl.edu.ar\\\/\"},{\"@type\":\"ListItem\",\"position\":2,\"name\":\"4 y 5 de diciembre: XI Encuentro de Intercambio e Inclusi\u00f3n en el Instituto Escuela de Econom\u00eda, Negocios y Transferencia Tecnol\u00f3gica\"}]},{\"@type\":\"WebSite\",\"@id\":\"https:\\\/\\\/www.fcejs.unsl.edu.ar\\\/#website\",\"url\":\"https:\\\/\\\/www.fcejs.unsl.edu.ar\\\/\",\"name\":\"Facultad de Ciencias Econ\u00f3micas, Jur\u00ed\u00addicas y Sociales\",\"description\":\"\",\"publisher\":{\"@id\":\"https:\\\/\\\/www.fcejs.unsl.edu.ar\\\/#organization\"},\"potentialAction\":[{\"@type\":\"SearchAction\",\"target\":{\"@type\":\"EntryPoint\",\"urlTemplate\":\"https:\\\/\\\/www.fcejs.unsl.edu.ar\\\/?s={search_term_string}\"},\"query-input\":{\"@type\":\"PropertyValueSpecification\",\"valueRequired\":true,\"valueName\":\"search_term_string\"}}],\"inLanguage\":\"es-AR\"},{\"@type\":\"Organization\",\"@id\":\"https:\\\/\\\/www.fcejs.unsl.edu.ar\\\/#organization\",\"name\":\"Facultad de Ciencias Econ\u00f3micas, Jur\u00eddicas y Sociales\",\"url\":\"https:\\\/\\\/www.fcejs.unsl.edu.ar\\\/\",\"logo\":{\"@type\":\"ImageObject\",\"inLanguage\":\"es-AR\",\"@id\":\"https:\\\/\\\/www.fcejs.unsl.edu.ar\\\/#\\\/schema\\\/logo\\\/image\\\/\",\"url\":\"https:\\\/\\\/www.fcejs.unsl.edu.ar\\\/wp-content\\\/uploads\\\/2021\\\/03\\\/logo-1.jpg\",\"contentUrl\":\"https:\\\/\\\/www.fcejs.unsl.edu.ar\\\/wp-content\\\/uploads\\\/2021\\\/03\\\/logo-1.jpg\",\"width\":471,\"height\":146,\"caption\":\"Facultad de Ciencias Econ\u00f3micas, Jur\u00eddicas y Sociales\"},\"image\":{\"@id\":\"https:\\\/\\\/www.fcejs.unsl.edu.ar\\\/#\\\/schema\\\/logo\\\/image\\\/\"},\"sameAs\":[\"https:\\\/\\\/www.facebook.com\\\/FCEJS.UNSL\\\/\",\"https:\\\/\\\/x.com\\\/FCEJSUNSL\",\"https:\\\/\\\/www.instagram.com\\\/fcejs.unsl\\\/\",\"https:\\\/\\\/www.youtube.com\\\/channel\\\/UCH-Ut6EaN_X5ogjIQMPe46g\\\/\"]},{\"@type\":\"Person\",\"@id\":\"https:\\\/\\\/www.fcejs.unsl.edu.ar\\\/#\\\/schema\\\/person\\\/352ee6ed90c3f394c7cb5945f8956d34\",\"name\":\"DATI\"}]}<\/script>\n<!-- \/ Yoast SEO plugin. -->","yoast_head_json":{"title":"4 y 5 de diciembre:  XI Encuentro de Intercambio e Inclusi\u00f3n  en el Instituto Escuela de Econom\u00eda, Negocios y Transferencia Tecnol\u00f3gica - Facultad de Ciencias Econ\u00f3micas, Jur\u00ed\u00addicas y Sociales","robots":{"index":"index","follow":"follow","max-snippet":"max-snippet:-1","max-image-preview":"max-image-preview:large","max-video-preview":"max-video-preview:-1"},"canonical":"https:\/\/www.fcejs.unsl.edu.ar\/index.php\/xi-encuentro-de-intercambio-e-inclusion-2025\/","og_locale":"es_ES","og_type":"article","og_title":"4 y 5 de diciembre:  XI Encuentro de Intercambio e Inclusi\u00f3n  en el Instituto Escuela de Econom\u00eda, Negocios y Transferencia Tecnol\u00f3gica - Facultad de Ciencias Econ\u00f3micas, Jur\u00ed\u00addicas y Sociales","og_description":"La Secretar\u00eda de Extensi\u00f3n Universitaria con funciones de Vinculaci\u00f3n Social de la FCEJS informa que el XI Encuentro de Intercambio e Inclusi\u00f3n\u00a0se llevar\u00e1 adelante los&hellip;","og_url":"https:\/\/www.fcejs.unsl.edu.ar\/index.php\/xi-encuentro-de-intercambio-e-inclusion-2025\/","og_site_name":"Facultad de Ciencias Econ\u00f3micas, Jur\u00ed\u00addicas y Sociales","article_publisher":"https:\/\/www.facebook.com\/FCEJS.UNSL\/","article_published_time":"2025-12-03T03:41:41+00:00","article_modified_time":"2025-12-03T12:07:48+00:00","og_image":[{"width":1152,"height":647,"url":"https:\/\/www.fcejs.unsl.edu.ar\/wp-content\/uploads\/2025\/11\/xi-encuentro-intercambio-e-inclusion-front.jpg","type":"image\/jpeg"}],"author":"DATI","twitter_card":"summary_large_image","twitter_creator":"@FCEJSUNSL","twitter_site":"@FCEJSUNSL","twitter_misc":{"Escrito por":"DATI","Tiempo de lectura":"6 minutos"},"schema":{"@context":"https:\/\/schema.org","@graph":[{"@type":"Article","@id":"https:\/\/www.fcejs.unsl.edu.ar\/index.php\/xi-encuentro-de-intercambio-e-inclusion-2025\/#article","isPartOf":{"@id":"https:\/\/www.fcejs.unsl.edu.ar\/index.php\/xi-encuentro-de-intercambio-e-inclusion-2025\/"},"author":{"name":"DATI","@id":"https:\/\/www.fcejs.unsl.edu.ar\/#\/schema\/person\/352ee6ed90c3f394c7cb5945f8956d34"},"headline":"4 y 5 de diciembre: XI Encuentro de Intercambio e Inclusi\u00f3n en el Instituto Escuela de Econom\u00eda, Negocios y Transferencia Tecnol\u00f3gica","datePublished":"2025-12-03T03:41:41+00:00","dateModified":"2025-12-03T12:07:48+00:00","mainEntityOfPage":{"@id":"https:\/\/www.fcejs.unsl.edu.ar\/index.php\/xi-encuentro-de-intercambio-e-inclusion-2025\/"},"wordCount":1373,"publisher":{"@id":"https:\/\/www.fcejs.unsl.edu.ar\/#organization"},"image":{"@id":"https:\/\/www.fcejs.unsl.edu.ar\/index.php\/xi-encuentro-de-intercambio-e-inclusion-2025\/#primaryimage"},"thumbnailUrl":"https:\/\/www.fcejs.unsl.edu.ar\/wp-content\/uploads\/2025\/11\/xi-encuentro-intercambio-e-inclusion-front.jpg","articleSection":["Noticias","Principal"],"inLanguage":"es-AR"},{"@type":"WebPage","@id":"https:\/\/www.fcejs.unsl.edu.ar\/index.php\/xi-encuentro-de-intercambio-e-inclusion-2025\/","url":"https:\/\/www.fcejs.unsl.edu.ar\/index.php\/xi-encuentro-de-intercambio-e-inclusion-2025\/","name":"4 y 5 de diciembre: XI Encuentro de Intercambio e Inclusi\u00f3n en el Instituto Escuela de Econom\u00eda, Negocios y Transferencia Tecnol\u00f3gica - Facultad de Ciencias Econ\u00f3micas, Jur\u00ed\u00addicas y Sociales","isPartOf":{"@id":"https:\/\/www.fcejs.unsl.edu.ar\/#website"},"primaryImageOfPage":{"@id":"https:\/\/www.fcejs.unsl.edu.ar\/index.php\/xi-encuentro-de-intercambio-e-inclusion-2025\/#primaryimage"},"image":{"@id":"https:\/\/www.fcejs.unsl.edu.ar\/index.php\/xi-encuentro-de-intercambio-e-inclusion-2025\/#primaryimage"},"thumbnailUrl":"https:\/\/www.fcejs.unsl.edu.ar\/wp-content\/uploads\/2025\/11\/xi-encuentro-intercambio-e-inclusion-front.jpg","datePublished":"2025-12-03T03:41:41+00:00","dateModified":"2025-12-03T12:07:48+00:00","breadcrumb":{"@id":"https:\/\/www.fcejs.unsl.edu.ar\/index.php\/xi-encuentro-de-intercambio-e-inclusion-2025\/#breadcrumb"},"inLanguage":"es-AR","potentialAction":[{"@type":"ReadAction","target":["https:\/\/www.fcejs.unsl.edu.ar\/index.php\/xi-encuentro-de-intercambio-e-inclusion-2025\/"]}]},{"@type":"ImageObject","inLanguage":"es-AR","@id":"https:\/\/www.fcejs.unsl.edu.ar\/index.php\/xi-encuentro-de-intercambio-e-inclusion-2025\/#primaryimage","url":"https:\/\/www.fcejs.unsl.edu.ar\/wp-content\/uploads\/2025\/11\/xi-encuentro-intercambio-e-inclusion-front.jpg","contentUrl":"https:\/\/www.fcejs.unsl.edu.ar\/wp-content\/uploads\/2025\/11\/xi-encuentro-intercambio-e-inclusion-front.jpg","width":1152,"height":647},{"@type":"BreadcrumbList","@id":"https:\/\/www.fcejs.unsl.edu.ar\/index.php\/xi-encuentro-de-intercambio-e-inclusion-2025\/#breadcrumb","itemListElement":[{"@type":"ListItem","position":1,"name":"Inicio","item":"https:\/\/www.fcejs.unsl.edu.ar\/"},{"@type":"ListItem","position":2,"name":"4 y 5 de diciembre: XI Encuentro de Intercambio e Inclusi\u00f3n en el Instituto Escuela de Econom\u00eda, Negocios y Transferencia Tecnol\u00f3gica"}]},{"@type":"WebSite","@id":"https:\/\/www.fcejs.unsl.edu.ar\/#website","url":"https:\/\/www.fcejs.unsl.edu.ar\/","name":"Facultad de Ciencias Econ\u00f3micas, Jur\u00ed\u00addicas y Sociales","description":"","publisher":{"@id":"https:\/\/www.fcejs.unsl.edu.ar\/#organization"},"potentialAction":[{"@type":"SearchAction","target":{"@type":"EntryPoint","urlTemplate":"https:\/\/www.fcejs.unsl.edu.ar\/?s={search_term_string}"},"query-input":{"@type":"PropertyValueSpecification","valueRequired":true,"valueName":"search_term_string"}}],"inLanguage":"es-AR"},{"@type":"Organization","@id":"https:\/\/www.fcejs.unsl.edu.ar\/#organization","name":"Facultad de Ciencias Econ\u00f3micas, Jur\u00eddicas y Sociales","url":"https:\/\/www.fcejs.unsl.edu.ar\/","logo":{"@type":"ImageObject","inLanguage":"es-AR","@id":"https:\/\/www.fcejs.unsl.edu.ar\/#\/schema\/logo\/image\/","url":"https:\/\/www.fcejs.unsl.edu.ar\/wp-content\/uploads\/2021\/03\/logo-1.jpg","contentUrl":"https:\/\/www.fcejs.unsl.edu.ar\/wp-content\/uploads\/2021\/03\/logo-1.jpg","width":471,"height":146,"caption":"Facultad de Ciencias Econ\u00f3micas, Jur\u00eddicas y Sociales"},"image":{"@id":"https:\/\/www.fcejs.unsl.edu.ar\/#\/schema\/logo\/image\/"},"sameAs":["https:\/\/www.facebook.com\/FCEJS.UNSL\/","https:\/\/x.com\/FCEJSUNSL","https:\/\/www.instagram.com\/fcejs.unsl\/","https:\/\/www.youtube.com\/channel\/UCH-Ut6EaN_X5ogjIQMPe46g\/"]},{"@type":"Person","@id":"https:\/\/www.fcejs.unsl.edu.ar\/#\/schema\/person\/352ee6ed90c3f394c7cb5945f8956d34","name":"DATI"}]}},"jetpack_featured_media_url":"https:\/\/www.fcejs.unsl.edu.ar\/wp-content\/uploads\/2025\/11\/xi-encuentro-intercambio-e-inclusion-front.jpg","_links":{"self":[{"href":"https:\/\/www.fcejs.unsl.edu.ar\/index.php\/wp-json\/wp\/v2\/posts\/22816","targetHints":{"allow":["GET"]}}],"collection":[{"href":"https:\/\/www.fcejs.unsl.edu.ar\/index.php\/wp-json\/wp\/v2\/posts"}],"about":[{"href":"https:\/\/www.fcejs.unsl.edu.ar\/index.php\/wp-json\/wp\/v2\/types\/post"}],"author":[{"embeddable":true,"href":"https:\/\/www.fcejs.unsl.edu.ar\/index.php\/wp-json\/wp\/v2\/users\/9"}],"replies":[{"embeddable":true,"href":"https:\/\/www.fcejs.unsl.edu.ar\/index.php\/wp-json\/wp\/v2\/comments?post=22816"}],"version-history":[{"count":16,"href":"https:\/\/www.fcejs.unsl.edu.ar\/index.php\/wp-json\/wp\/v2\/posts\/22816\/revisions"}],"predecessor-version":[{"id":23035,"href":"https:\/\/www.fcejs.unsl.edu.ar\/index.php\/wp-json\/wp\/v2\/posts\/22816\/revisions\/23035"}],"wp:featuredmedia":[{"embeddable":true,"href":"https:\/\/www.fcejs.unsl.edu.ar\/index.php\/wp-json\/wp\/v2\/media\/22899"}],"wp:attachment":[{"href":"https:\/\/www.fcejs.unsl.edu.ar\/index.php\/wp-json\/wp\/v2\/media?parent=22816"}],"wp:term":[{"taxonomy":"category","embeddable":true,"href":"https:\/\/www.fcejs.unsl.edu.ar\/index.php\/wp-json\/wp\/v2\/categories?post=22816"},{"taxonomy":"post_tag","embeddable":true,"href":"https:\/\/www.fcejs.unsl.edu.ar\/index.php\/wp-json\/wp\/v2\/tags?post=22816"}],"curies":[{"name":"wp","href":"https:\/\/api.w.org\/{rel}","templated":true}]}}