{"id":22762,"date":"2025-11-27T09:04:08","date_gmt":"2025-11-27T12:04:08","guid":{"rendered":"https:\/\/www.fcejs.unsl.edu.ar\/?p=22762"},"modified":"2025-12-03T09:08:07","modified_gmt":"2025-12-03T12:08:07","slug":"carina-velazquez-recibio-el-premio-alberto-turco-geraiges","status":"publish","type":"post","link":"https:\/\/www.fcejs.unsl.edu.ar\/index.php\/carina-velazquez-recibio-el-premio-alberto-turco-geraiges\/","title":{"rendered":"Carina Vel\u00e1zquez recibi\u00f3 el Premio Alberto \u00abTurco\u00bb Geraiges"},"content":{"rendered":"<p><strong><em>\u00abMe siento profundamente honrada de recibir este premio de reconocimiento a mi labor como trabajadora nodocente de la Universidad Nacional de San Luis\u00bb<\/em>\u00a0(\u2026)\u00a0<em>\u00abEs un honor trabajar en un lugar donde se valora y se promueve la dedicaci\u00f3n y el compromiso\u00bb<\/em>, expres\u00f3 Carina Vel\u00e1zquez, al recibir el Premio Alberto &#8220;Turco\u00bb Geraiges&#8221;,<\/strong>\u00a0<strong> reconocimiento a su trayectoria, compromiso institucional y valiosos aportes al sector nodocente de la Universidad Nacional de San Luis. El acto de ceremonia se realiz\u00f3 ayer 26 de noviembre, en el Anfiteatro I de la UNSL.\u00a0<\/strong><\/p>\n<p><strong>\u00a0<\/strong>Asimismo la <strong>destacada, quien se desempe\u00f1a laboralmente en la Facultad de Ciencias Econ\u00f3micas, Jur\u00eddicas y Sociales,\u00a0<\/strong>record\u00f3 que desde hace 32 a\u00f1os comenz\u00f3 su carrera en el Centro Universitario Villa Mercedes de la UNSL: <em>\u00abha sido un camino de crecimiento y aprendizaje constante\u00bb<\/em>.<\/p>\n<p>El Premio surgi\u00f3 como reconocimiento a la intensa, incansable y comprometida labor realizada por quien fuera un referente en la defensa de la unidad, los derechos y el bienestar del sector nodocente. Se instaur\u00f3 el 26 de noviembre del 2020, fecha que conmemora el D\u00eda del trabajador y la trabajadora nodocente. El nombre, rinde homenaje a quien fuera secretario General de la Asociaci\u00f3n del Personal de la Universidad Nacional de San Luis (APUNSL), Alberto Geraiges, fallecido el 10 de julio de ese a\u00f1o.<\/p>\n<p>La mencionada distinci\u00f3n est\u00e1 destinada a trabajadoras y trabajadores nodocentes destacados\/as por su trayectoria, compromiso institucional y desempe\u00f1o ejemplar en sus funciones.<\/p>\n<p><img fetchpriority=\"high\" decoding=\"async\" class=\"aligncenter wp-image-22764 size-full\" src=\"https:\/\/www.fcejs.unsl.edu.ar\/wp-content\/uploads\/2025\/11\/20251126-Premio-Geraiges-12.jpg\" alt=\"\" width=\"1000\" height=\"667\" srcset=\"https:\/\/www.fcejs.unsl.edu.ar\/wp-content\/uploads\/2025\/11\/20251126-Premio-Geraiges-12.jpg 1000w, https:\/\/www.fcejs.unsl.edu.ar\/wp-content\/uploads\/2025\/11\/20251126-Premio-Geraiges-12-300x200.jpg 300w, https:\/\/www.fcejs.unsl.edu.ar\/wp-content\/uploads\/2025\/11\/20251126-Premio-Geraiges-12-768x512.jpg 768w\" sizes=\"(max-width: 1000px) 100vw, 1000px\" \/><\/p>\n<p>Por su parte, el secretario General de la APUNSL, Tec. Omar Quinteros, luego de desearle feliz d\u00eda a los y las trabajadores\/as nodocentes, record\u00f3 la memoria de Alberto Geraiges.\u00a0<em>\u00abViendo la calidez, el compromiso, la trayectoria de Carina, yo creo que era justo que una compa\u00f1era de Mercedes tambi\u00e9n estuviera presente hoy\u00bb<\/em>, dijo y agreg\u00f3:\u00a0<em>\u00abte lo merec\u00e9s por tu trayectoria, tu compromiso, por tus ganas que le pon\u00e9s a la Instituci\u00f3n, y yo creo que todas las cosas tienen que tener sentimientos y pasi\u00f3n, y vos sos una apasionada de la camiseta del nodocente\u00bb<\/em>.<\/p>\n<p>Para finalizar, el rector de la Universidad, Dr. Ra\u00fal Gil, remarc\u00f3 que estamos ante un acto de estricta justicia haber otorgado este Premio a Carina y adem\u00e1s, en ella, a toda una comunidad nodocente del Centro Universitario Villa Mercedes, que d\u00eda a d\u00eda hacen un trabajo que a veces parece invisible desde San Luis, pero que es muy importante.\u00a0<em>\u00abEstoy muy feliz porque el primer Premio que se entrega en mi gesti\u00f3n es para una compa\u00f1era de Villa Mercedes\u00bb<\/em>, concluy\u00f3.<\/p>\n<figure class=\"wp-block-image\"><img decoding=\"async\" class=\"aligncenter wp-image-22765 size-full\" src=\"https:\/\/www.fcejs.unsl.edu.ar\/wp-content\/uploads\/2025\/11\/20251126-Premio-Geraiges-25.jpg\" alt=\"\" width=\"1000\" height=\"667\" srcset=\"https:\/\/www.fcejs.unsl.edu.ar\/wp-content\/uploads\/2025\/11\/20251126-Premio-Geraiges-25.jpg 1000w, https:\/\/www.fcejs.unsl.edu.ar\/wp-content\/uploads\/2025\/11\/20251126-Premio-Geraiges-25-300x200.jpg 300w, https:\/\/www.fcejs.unsl.edu.ar\/wp-content\/uploads\/2025\/11\/20251126-Premio-Geraiges-25-768x512.jpg 768w\" sizes=\"(max-width: 1000px) 100vw, 1000px\" \/><\/figure>\n<p><strong>Premiados\/as anteriores<\/strong><\/p>\n<p>Primera edici\u00f3n \u2013 A la familia de Geraiges.<br \/>\nSegunda edici\u00f3n \u2013 A Carlos Norberto Smargiassi, pionero e impulsor junto al\u00a0\u00abTurco\u00bb de la APUNSL.<br \/>\nTercera edici\u00f3n \u2013 A Gladys Gatica, quien fuera directora del Departamento de Estudiantes de la Escuela Normal Juan Pascual Pringles (ENJPP) hasta el momento de su jubilaci\u00f3n.<br \/>\nCuarta edici\u00f3n \u2013 A Roberto Wenceslado Vallejos, quien se desempe\u00f1\u00f3 en el \u00e1rea de Suministros.<br \/>\nQuinta edici\u00f3n \u2013 A Alba Evelia Lucero, quien se desempe\u00f1aba en distintas \u00e1reas de la Secretar\u00eda de Hacienda, Administraci\u00f3n e Infraestructura, hasta el momento de su jubilaci\u00f3n ya alcanzada.<\/p>\n<p>&nbsp;<\/p>\n<div class=\"gmedia_gallery phantom_module is_bot\" id=\"GmediaGallery_311\" data-gmid=\"311\" data-module=\"phantom\"><style type='text\/css' class='gmedia_module_style_import'>@import url('https:\/\/www.fcejs.unsl.edu.ar\/wp-content\/plugins\/grand-media\/module\/phantom\/css\/style.css') all;<\/style>    <div class=\"gmPhantom_Container noLightbox\" >\r\n                <div class=\"gmPhantom_thumbsWrapper gmPhantom_ThumbScale gmPhantom_LabelHover\">\r\n                        <div class=\"gmPhantom_ThumbContainer gmPhantom_ThumbLoader\" data-id=\"5492\" data-post_id=\"22782\" data-ratio=\"1.5\" data-type=\"image\" data-ext=\"jpg\" data-views=\"2\" data-likes=\"0\" data-cc=\"0\" data-post_link=\"https:\/\/www.fcejs.unsl.edu.ar\/index.php\/gmedia\/consejo-directivo-regularidades-jpg\/\">\r\n                <a href=\"https:\/\/www.fcejs.unsl.edu.ar\/wp-content\/grand-media\/image\/CONSEJO-DIRECTIVO-REGULARIDADES.jpg\" class=\"gmPhantom_Thumb\"><img decoding=\"async\" src=\"https:\/\/www.fcejs.unsl.edu.ar\/wp-content\/grand-media\/image\/thumb\/CONSEJO-DIRECTIVO-REGULARIDADES.jpg\" data-src=\"https:\/\/www.fcejs.unsl.edu.ar\/wp-content\/grand-media\/image\/CONSEJO-DIRECTIVO-REGULARIDADES.jpg\" alt=\"CONSEJO-DIRECTIVO-REGULARIDADES\"\/><\/a>\r\n                                    <div class=\"gmPhantom_ThumbLabel\"><span class=\"gmPhantom_ThumbLabel_title\">CONSEJO-DIRECTIVO-REGULARIDADES<\/span><\/div>\r\n                                    <div style=\"display:none;\" class=\"gmPhantom_Details\">\r\n                                            <div class=\"gmPhantom_description\">\r\n                            <div class=\"gmPhantom_title\">CONSEJO-DIRECTIVO-REGULARIDADES<\/div>\r\n                            <div class=\"gmPhantom_text\"><\/div>\r\n                        <\/div>\r\n                                                            <div class=\"gmPhantom_terms\">\r\n                                                    <div class=\"gmPhantom_other_terms\">\r\n                                <table class=\"gmPhantom_other_terms_table\">\r\n                                                                            <tr class=\"gmPhantom_term_row_album\">\r\n                                            <td class=\"gmPhantom_term_key\">Album<\/td>\r\n                                            <td class=\"gmPhantom_term_value\"><a href=\"\/index.php\/wp-json\/wp\/v2\/posts\/22762?gm311[album__in]=311\" class=\"gmPhantom_alb\">prueba-2025<\/a><\/td>\r\n                                        <\/tr>\r\n                                                                    <\/table>\r\n                            <\/div>\r\n                                                <\/div>\r\n                <\/div>\r\n                <\/div>        <\/div>\r\n    <\/div>\r\n<\/div>\n","protected":false},"excerpt":{"rendered":"<p>\u00abMe siento profundamente honrada de recibir este premio de reconocimiento a mi labor como trabajadora nodocente de la Universidad Nacional de San Luis\u00bb\u00a0(\u2026)\u00a0\u00abEs un honor&hellip;<\/p>\n","protected":false},"author":9,"featured_media":22763,"comment_status":"closed","ping_status":"closed","sticky":false,"template":"","format":"standard","meta":{"om_disable_all_campaigns":false,"_monsterinsights_skip_tracking":false,"_monsterinsights_sitenote_active":false,"_monsterinsights_sitenote_note":"","_monsterinsights_sitenote_category":0,"footnotes":""},"categories":[1],"tags":[],"class_list":["post-22762","post","type-post","status-publish","format-standard","has-post-thumbnail","hentry","category-noticias"],"yoast_head":"<!-- This site is optimized with the Yoast SEO plugin v27.4 - https:\/\/yoast.com\/product\/yoast-seo-wordpress\/ -->\n<title>Carina Vel\u00e1zquez recibi\u00f3 el Premio Alberto \u00abTurco\u00bb Geraiges - Facultad de Ciencias Econ\u00f3micas, Jur\u00ed\u00addicas y Sociales<\/title>\n<meta name=\"robots\" content=\"index, follow, max-snippet:-1, max-image-preview:large, max-video-preview:-1\" \/>\n<link rel=\"canonical\" href=\"https:\/\/www.fcejs.unsl.edu.ar\/index.php\/carina-velazquez-recibio-el-premio-alberto-turco-geraiges\/\" \/>\n<meta property=\"og:locale\" content=\"es_ES\" \/>\n<meta property=\"og:type\" content=\"article\" \/>\n<meta property=\"og:title\" content=\"Carina Vel\u00e1zquez recibi\u00f3 el Premio Alberto \u00abTurco\u00bb Geraiges - Facultad de Ciencias Econ\u00f3micas, Jur\u00ed\u00addicas y Sociales\" \/>\n<meta property=\"og:description\" content=\"\u00abMe siento profundamente honrada de recibir este premio de reconocimiento a mi labor como trabajadora nodocente de la Universidad Nacional de San Luis\u00bb\u00a0(\u2026)\u00a0\u00abEs un honor&hellip;\" \/>\n<meta property=\"og:url\" content=\"https:\/\/www.fcejs.unsl.edu.ar\/index.php\/carina-velazquez-recibio-el-premio-alberto-turco-geraiges\/\" \/>\n<meta property=\"og:site_name\" content=\"Facultad de Ciencias Econ\u00f3micas, Jur\u00ed\u00addicas y Sociales\" \/>\n<meta property=\"article:publisher\" content=\"https:\/\/www.facebook.com\/FCEJS.UNSL\/\" \/>\n<meta property=\"article:published_time\" content=\"2025-11-27T12:04:08+00:00\" \/>\n<meta property=\"article:modified_time\" content=\"2025-12-03T12:08:07+00:00\" \/>\n<meta property=\"og:image\" content=\"https:\/\/www.fcejs.unsl.edu.ar\/wp-content\/uploads\/2025\/11\/nodo-premio-turco-front.jpg\" \/>\n\t<meta property=\"og:image:width\" content=\"1152\" \/>\n\t<meta property=\"og:image:height\" content=\"647\" \/>\n\t<meta property=\"og:image:type\" content=\"image\/jpeg\" \/>\n<meta name=\"author\" content=\"DATI\" \/>\n<meta name=\"twitter:card\" content=\"summary_large_image\" \/>\n<meta name=\"twitter:creator\" content=\"@FCEJSUNSL\" \/>\n<meta name=\"twitter:site\" content=\"@FCEJSUNSL\" \/>\n<meta name=\"twitter:label1\" content=\"Escrito por\" \/>\n\t<meta name=\"twitter:data1\" content=\"DATI\" \/>\n\t<meta name=\"twitter:label2\" content=\"Tiempo de lectura\" \/>\n\t<meta name=\"twitter:data2\" content=\"3 minutos\" \/>\n<script type=\"application\/ld+json\" class=\"yoast-schema-graph\">{\"@context\":\"https:\\\/\\\/schema.org\",\"@graph\":[{\"@type\":\"Article\",\"@id\":\"https:\\\/\\\/www.fcejs.unsl.edu.ar\\\/index.php\\\/carina-velazquez-recibio-el-premio-alberto-turco-geraiges\\\/#article\",\"isPartOf\":{\"@id\":\"https:\\\/\\\/www.fcejs.unsl.edu.ar\\\/index.php\\\/carina-velazquez-recibio-el-premio-alberto-turco-geraiges\\\/\"},\"author\":{\"name\":\"DATI\",\"@id\":\"https:\\\/\\\/www.fcejs.unsl.edu.ar\\\/#\\\/schema\\\/person\\\/352ee6ed90c3f394c7cb5945f8956d34\"},\"headline\":\"Carina Vel\u00e1zquez recibi\u00f3 el Premio Alberto \u00abTurco\u00bb Geraiges\",\"datePublished\":\"2025-11-27T12:04:08+00:00\",\"dateModified\":\"2025-12-03T12:08:07+00:00\",\"mainEntityOfPage\":{\"@id\":\"https:\\\/\\\/www.fcejs.unsl.edu.ar\\\/index.php\\\/carina-velazquez-recibio-el-premio-alberto-turco-geraiges\\\/\"},\"wordCount\":546,\"publisher\":{\"@id\":\"https:\\\/\\\/www.fcejs.unsl.edu.ar\\\/#organization\"},\"image\":{\"@id\":\"https:\\\/\\\/www.fcejs.unsl.edu.ar\\\/index.php\\\/carina-velazquez-recibio-el-premio-alberto-turco-geraiges\\\/#primaryimage\"},\"thumbnailUrl\":\"https:\\\/\\\/www.fcejs.unsl.edu.ar\\\/wp-content\\\/uploads\\\/2025\\\/11\\\/nodo-premio-turco-front.jpg\",\"articleSection\":[\"Noticias\"],\"inLanguage\":\"es-AR\"},{\"@type\":\"WebPage\",\"@id\":\"https:\\\/\\\/www.fcejs.unsl.edu.ar\\\/index.php\\\/carina-velazquez-recibio-el-premio-alberto-turco-geraiges\\\/\",\"url\":\"https:\\\/\\\/www.fcejs.unsl.edu.ar\\\/index.php\\\/carina-velazquez-recibio-el-premio-alberto-turco-geraiges\\\/\",\"name\":\"Carina Vel\u00e1zquez recibi\u00f3 el Premio Alberto \u00abTurco\u00bb Geraiges - Facultad de Ciencias Econ\u00f3micas, Jur\u00ed\u00addicas y Sociales\",\"isPartOf\":{\"@id\":\"https:\\\/\\\/www.fcejs.unsl.edu.ar\\\/#website\"},\"primaryImageOfPage\":{\"@id\":\"https:\\\/\\\/www.fcejs.unsl.edu.ar\\\/index.php\\\/carina-velazquez-recibio-el-premio-alberto-turco-geraiges\\\/#primaryimage\"},\"image\":{\"@id\":\"https:\\\/\\\/www.fcejs.unsl.edu.ar\\\/index.php\\\/carina-velazquez-recibio-el-premio-alberto-turco-geraiges\\\/#primaryimage\"},\"thumbnailUrl\":\"https:\\\/\\\/www.fcejs.unsl.edu.ar\\\/wp-content\\\/uploads\\\/2025\\\/11\\\/nodo-premio-turco-front.jpg\",\"datePublished\":\"2025-11-27T12:04:08+00:00\",\"dateModified\":\"2025-12-03T12:08:07+00:00\",\"breadcrumb\":{\"@id\":\"https:\\\/\\\/www.fcejs.unsl.edu.ar\\\/index.php\\\/carina-velazquez-recibio-el-premio-alberto-turco-geraiges\\\/#breadcrumb\"},\"inLanguage\":\"es-AR\",\"potentialAction\":[{\"@type\":\"ReadAction\",\"target\":[\"https:\\\/\\\/www.fcejs.unsl.edu.ar\\\/index.php\\\/carina-velazquez-recibio-el-premio-alberto-turco-geraiges\\\/\"]}]},{\"@type\":\"ImageObject\",\"inLanguage\":\"es-AR\",\"@id\":\"https:\\\/\\\/www.fcejs.unsl.edu.ar\\\/index.php\\\/carina-velazquez-recibio-el-premio-alberto-turco-geraiges\\\/#primaryimage\",\"url\":\"https:\\\/\\\/www.fcejs.unsl.edu.ar\\\/wp-content\\\/uploads\\\/2025\\\/11\\\/nodo-premio-turco-front.jpg\",\"contentUrl\":\"https:\\\/\\\/www.fcejs.unsl.edu.ar\\\/wp-content\\\/uploads\\\/2025\\\/11\\\/nodo-premio-turco-front.jpg\",\"width\":1152,\"height\":647},{\"@type\":\"BreadcrumbList\",\"@id\":\"https:\\\/\\\/www.fcejs.unsl.edu.ar\\\/index.php\\\/carina-velazquez-recibio-el-premio-alberto-turco-geraiges\\\/#breadcrumb\",\"itemListElement\":[{\"@type\":\"ListItem\",\"position\":1,\"name\":\"Inicio\",\"item\":\"https:\\\/\\\/www.fcejs.unsl.edu.ar\\\/\"},{\"@type\":\"ListItem\",\"position\":2,\"name\":\"Carina Vel\u00e1zquez recibi\u00f3 el Premio Alberto \u00abTurco\u00bb Geraiges\"}]},{\"@type\":\"WebSite\",\"@id\":\"https:\\\/\\\/www.fcejs.unsl.edu.ar\\\/#website\",\"url\":\"https:\\\/\\\/www.fcejs.unsl.edu.ar\\\/\",\"name\":\"Facultad de Ciencias Econ\u00f3micas, Jur\u00ed\u00addicas y Sociales\",\"description\":\"\",\"publisher\":{\"@id\":\"https:\\\/\\\/www.fcejs.unsl.edu.ar\\\/#organization\"},\"potentialAction\":[{\"@type\":\"SearchAction\",\"target\":{\"@type\":\"EntryPoint\",\"urlTemplate\":\"https:\\\/\\\/www.fcejs.unsl.edu.ar\\\/?s={search_term_string}\"},\"query-input\":{\"@type\":\"PropertyValueSpecification\",\"valueRequired\":true,\"valueName\":\"search_term_string\"}}],\"inLanguage\":\"es-AR\"},{\"@type\":\"Organization\",\"@id\":\"https:\\\/\\\/www.fcejs.unsl.edu.ar\\\/#organization\",\"name\":\"Facultad de Ciencias Econ\u00f3micas, Jur\u00eddicas y Sociales\",\"url\":\"https:\\\/\\\/www.fcejs.unsl.edu.ar\\\/\",\"logo\":{\"@type\":\"ImageObject\",\"inLanguage\":\"es-AR\",\"@id\":\"https:\\\/\\\/www.fcejs.unsl.edu.ar\\\/#\\\/schema\\\/logo\\\/image\\\/\",\"url\":\"https:\\\/\\\/www.fcejs.unsl.edu.ar\\\/wp-content\\\/uploads\\\/2021\\\/03\\\/logo-1.jpg\",\"contentUrl\":\"https:\\\/\\\/www.fcejs.unsl.edu.ar\\\/wp-content\\\/uploads\\\/2021\\\/03\\\/logo-1.jpg\",\"width\":471,\"height\":146,\"caption\":\"Facultad de Ciencias Econ\u00f3micas, Jur\u00eddicas y Sociales\"},\"image\":{\"@id\":\"https:\\\/\\\/www.fcejs.unsl.edu.ar\\\/#\\\/schema\\\/logo\\\/image\\\/\"},\"sameAs\":[\"https:\\\/\\\/www.facebook.com\\\/FCEJS.UNSL\\\/\",\"https:\\\/\\\/x.com\\\/FCEJSUNSL\",\"https:\\\/\\\/www.instagram.com\\\/fcejs.unsl\\\/\",\"https:\\\/\\\/www.youtube.com\\\/channel\\\/UCH-Ut6EaN_X5ogjIQMPe46g\\\/\"]},{\"@type\":\"Person\",\"@id\":\"https:\\\/\\\/www.fcejs.unsl.edu.ar\\\/#\\\/schema\\\/person\\\/352ee6ed90c3f394c7cb5945f8956d34\",\"name\":\"DATI\"}]}<\/script>\n<!-- \/ Yoast SEO plugin. -->","yoast_head_json":{"title":"Carina Vel\u00e1zquez recibi\u00f3 el Premio Alberto \u00abTurco\u00bb Geraiges - Facultad de Ciencias Econ\u00f3micas, Jur\u00ed\u00addicas y Sociales","robots":{"index":"index","follow":"follow","max-snippet":"max-snippet:-1","max-image-preview":"max-image-preview:large","max-video-preview":"max-video-preview:-1"},"canonical":"https:\/\/www.fcejs.unsl.edu.ar\/index.php\/carina-velazquez-recibio-el-premio-alberto-turco-geraiges\/","og_locale":"es_ES","og_type":"article","og_title":"Carina Vel\u00e1zquez recibi\u00f3 el Premio Alberto \u00abTurco\u00bb Geraiges - Facultad de Ciencias Econ\u00f3micas, Jur\u00ed\u00addicas y Sociales","og_description":"\u00abMe siento profundamente honrada de recibir este premio de reconocimiento a mi labor como trabajadora nodocente de la Universidad Nacional de San Luis\u00bb\u00a0(\u2026)\u00a0\u00abEs un honor&hellip;","og_url":"https:\/\/www.fcejs.unsl.edu.ar\/index.php\/carina-velazquez-recibio-el-premio-alberto-turco-geraiges\/","og_site_name":"Facultad de Ciencias Econ\u00f3micas, Jur\u00ed\u00addicas y Sociales","article_publisher":"https:\/\/www.facebook.com\/FCEJS.UNSL\/","article_published_time":"2025-11-27T12:04:08+00:00","article_modified_time":"2025-12-03T12:08:07+00:00","og_image":[{"width":1152,"height":647,"url":"https:\/\/www.fcejs.unsl.edu.ar\/wp-content\/uploads\/2025\/11\/nodo-premio-turco-front.jpg","type":"image\/jpeg"}],"author":"DATI","twitter_card":"summary_large_image","twitter_creator":"@FCEJSUNSL","twitter_site":"@FCEJSUNSL","twitter_misc":{"Escrito por":"DATI","Tiempo de lectura":"3 minutos"},"schema":{"@context":"https:\/\/schema.org","@graph":[{"@type":"Article","@id":"https:\/\/www.fcejs.unsl.edu.ar\/index.php\/carina-velazquez-recibio-el-premio-alberto-turco-geraiges\/#article","isPartOf":{"@id":"https:\/\/www.fcejs.unsl.edu.ar\/index.php\/carina-velazquez-recibio-el-premio-alberto-turco-geraiges\/"},"author":{"name":"DATI","@id":"https:\/\/www.fcejs.unsl.edu.ar\/#\/schema\/person\/352ee6ed90c3f394c7cb5945f8956d34"},"headline":"Carina Vel\u00e1zquez recibi\u00f3 el Premio Alberto \u00abTurco\u00bb Geraiges","datePublished":"2025-11-27T12:04:08+00:00","dateModified":"2025-12-03T12:08:07+00:00","mainEntityOfPage":{"@id":"https:\/\/www.fcejs.unsl.edu.ar\/index.php\/carina-velazquez-recibio-el-premio-alberto-turco-geraiges\/"},"wordCount":546,"publisher":{"@id":"https:\/\/www.fcejs.unsl.edu.ar\/#organization"},"image":{"@id":"https:\/\/www.fcejs.unsl.edu.ar\/index.php\/carina-velazquez-recibio-el-premio-alberto-turco-geraiges\/#primaryimage"},"thumbnailUrl":"https:\/\/www.fcejs.unsl.edu.ar\/wp-content\/uploads\/2025\/11\/nodo-premio-turco-front.jpg","articleSection":["Noticias"],"inLanguage":"es-AR"},{"@type":"WebPage","@id":"https:\/\/www.fcejs.unsl.edu.ar\/index.php\/carina-velazquez-recibio-el-premio-alberto-turco-geraiges\/","url":"https:\/\/www.fcejs.unsl.edu.ar\/index.php\/carina-velazquez-recibio-el-premio-alberto-turco-geraiges\/","name":"Carina Vel\u00e1zquez recibi\u00f3 el Premio Alberto \u00abTurco\u00bb Geraiges - Facultad de Ciencias Econ\u00f3micas, Jur\u00ed\u00addicas y Sociales","isPartOf":{"@id":"https:\/\/www.fcejs.unsl.edu.ar\/#website"},"primaryImageOfPage":{"@id":"https:\/\/www.fcejs.unsl.edu.ar\/index.php\/carina-velazquez-recibio-el-premio-alberto-turco-geraiges\/#primaryimage"},"image":{"@id":"https:\/\/www.fcejs.unsl.edu.ar\/index.php\/carina-velazquez-recibio-el-premio-alberto-turco-geraiges\/#primaryimage"},"thumbnailUrl":"https:\/\/www.fcejs.unsl.edu.ar\/wp-content\/uploads\/2025\/11\/nodo-premio-turco-front.jpg","datePublished":"2025-11-27T12:04:08+00:00","dateModified":"2025-12-03T12:08:07+00:00","breadcrumb":{"@id":"https:\/\/www.fcejs.unsl.edu.ar\/index.php\/carina-velazquez-recibio-el-premio-alberto-turco-geraiges\/#breadcrumb"},"inLanguage":"es-AR","potentialAction":[{"@type":"ReadAction","target":["https:\/\/www.fcejs.unsl.edu.ar\/index.php\/carina-velazquez-recibio-el-premio-alberto-turco-geraiges\/"]}]},{"@type":"ImageObject","inLanguage":"es-AR","@id":"https:\/\/www.fcejs.unsl.edu.ar\/index.php\/carina-velazquez-recibio-el-premio-alberto-turco-geraiges\/#primaryimage","url":"https:\/\/www.fcejs.unsl.edu.ar\/wp-content\/uploads\/2025\/11\/nodo-premio-turco-front.jpg","contentUrl":"https:\/\/www.fcejs.unsl.edu.ar\/wp-content\/uploads\/2025\/11\/nodo-premio-turco-front.jpg","width":1152,"height":647},{"@type":"BreadcrumbList","@id":"https:\/\/www.fcejs.unsl.edu.ar\/index.php\/carina-velazquez-recibio-el-premio-alberto-turco-geraiges\/#breadcrumb","itemListElement":[{"@type":"ListItem","position":1,"name":"Inicio","item":"https:\/\/www.fcejs.unsl.edu.ar\/"},{"@type":"ListItem","position":2,"name":"Carina Vel\u00e1zquez recibi\u00f3 el Premio Alberto \u00abTurco\u00bb Geraiges"}]},{"@type":"WebSite","@id":"https:\/\/www.fcejs.unsl.edu.ar\/#website","url":"https:\/\/www.fcejs.unsl.edu.ar\/","name":"Facultad de Ciencias Econ\u00f3micas, Jur\u00ed\u00addicas y Sociales","description":"","publisher":{"@id":"https:\/\/www.fcejs.unsl.edu.ar\/#organization"},"potentialAction":[{"@type":"SearchAction","target":{"@type":"EntryPoint","urlTemplate":"https:\/\/www.fcejs.unsl.edu.ar\/?s={search_term_string}"},"query-input":{"@type":"PropertyValueSpecification","valueRequired":true,"valueName":"search_term_string"}}],"inLanguage":"es-AR"},{"@type":"Organization","@id":"https:\/\/www.fcejs.unsl.edu.ar\/#organization","name":"Facultad de Ciencias Econ\u00f3micas, Jur\u00eddicas y Sociales","url":"https:\/\/www.fcejs.unsl.edu.ar\/","logo":{"@type":"ImageObject","inLanguage":"es-AR","@id":"https:\/\/www.fcejs.unsl.edu.ar\/#\/schema\/logo\/image\/","url":"https:\/\/www.fcejs.unsl.edu.ar\/wp-content\/uploads\/2021\/03\/logo-1.jpg","contentUrl":"https:\/\/www.fcejs.unsl.edu.ar\/wp-content\/uploads\/2021\/03\/logo-1.jpg","width":471,"height":146,"caption":"Facultad de Ciencias Econ\u00f3micas, Jur\u00eddicas y Sociales"},"image":{"@id":"https:\/\/www.fcejs.unsl.edu.ar\/#\/schema\/logo\/image\/"},"sameAs":["https:\/\/www.facebook.com\/FCEJS.UNSL\/","https:\/\/x.com\/FCEJSUNSL","https:\/\/www.instagram.com\/fcejs.unsl\/","https:\/\/www.youtube.com\/channel\/UCH-Ut6EaN_X5ogjIQMPe46g\/"]},{"@type":"Person","@id":"https:\/\/www.fcejs.unsl.edu.ar\/#\/schema\/person\/352ee6ed90c3f394c7cb5945f8956d34","name":"DATI"}]}},"jetpack_featured_media_url":"https:\/\/www.fcejs.unsl.edu.ar\/wp-content\/uploads\/2025\/11\/nodo-premio-turco-front.jpg","_links":{"self":[{"href":"https:\/\/www.fcejs.unsl.edu.ar\/index.php\/wp-json\/wp\/v2\/posts\/22762","targetHints":{"allow":["GET"]}}],"collection":[{"href":"https:\/\/www.fcejs.unsl.edu.ar\/index.php\/wp-json\/wp\/v2\/posts"}],"about":[{"href":"https:\/\/www.fcejs.unsl.edu.ar\/index.php\/wp-json\/wp\/v2\/types\/post"}],"author":[{"embeddable":true,"href":"https:\/\/www.fcejs.unsl.edu.ar\/index.php\/wp-json\/wp\/v2\/users\/9"}],"replies":[{"embeddable":true,"href":"https:\/\/www.fcejs.unsl.edu.ar\/index.php\/wp-json\/wp\/v2\/comments?post=22762"}],"version-history":[{"count":4,"href":"https:\/\/www.fcejs.unsl.edu.ar\/index.php\/wp-json\/wp\/v2\/posts\/22762\/revisions"}],"predecessor-version":[{"id":22783,"href":"https:\/\/www.fcejs.unsl.edu.ar\/index.php\/wp-json\/wp\/v2\/posts\/22762\/revisions\/22783"}],"wp:featuredmedia":[{"embeddable":true,"href":"https:\/\/www.fcejs.unsl.edu.ar\/index.php\/wp-json\/wp\/v2\/media\/22763"}],"wp:attachment":[{"href":"https:\/\/www.fcejs.unsl.edu.ar\/index.php\/wp-json\/wp\/v2\/media?parent=22762"}],"wp:term":[{"taxonomy":"category","embeddable":true,"href":"https:\/\/www.fcejs.unsl.edu.ar\/index.php\/wp-json\/wp\/v2\/categories?post=22762"},{"taxonomy":"post_tag","embeddable":true,"href":"https:\/\/www.fcejs.unsl.edu.ar\/index.php\/wp-json\/wp\/v2\/tags?post=22762"}],"curies":[{"name":"wp","href":"https:\/\/api.w.org\/{rel}","templated":true}]}}