{"id":22756,"date":"2025-11-26T18:00:10","date_gmt":"2025-11-26T21:00:10","guid":{"rendered":"https:\/\/www.fcejs.unsl.edu.ar\/?p=22756"},"modified":"2025-11-26T18:29:11","modified_gmt":"2025-11-26T21:29:11","slug":"22756","status":"publish","type":"post","link":"https:\/\/www.fcejs.unsl.edu.ar\/index.php\/22756\/","title":{"rendered":""},"content":{"rendered":"<p data-start=\"157\" data-end=\"492\">\ud83d\udde3\ufe0f <strong data-start=\"161\" data-end=\"282\">Conversatorio: \u201cHablemos del tratamiento de consumos problem\u00e1ticos con relaci\u00f3n al g\u00e9nero y las pr\u00e1cticas de cuidado\u201d<\/strong><br data-start=\"282\" data-end=\"285\" \/>\ud83d\uddd3 Martes 4\/11 \u2013 11:00 hs<br data-start=\"310\" data-end=\"313\" \/>\ud83d\udccd Instituto Escuela de Econom\u00eda, Negocios y Transferencia Tecnol\u00f3gica (Pescadores 314)<br data-start=\"400\" data-end=\"403\" \/>\ud83d\udcda Organizan: Programa de Prevenci\u00f3n de Consumos Problem\u00e1ticos (FCEJS) \u2022 PROICO 15-0723<br \/>\n<strong data-start=\"492\" data-end=\"514\">\ud83d\udc65<\/strong>Disertantes: Ana Laura Azparren\u00a0y\u00a0Mart\u00edn G\u00fcelman<\/p>\n<p data-start=\"494\" data-end=\"512\">\u2501\u2501\u2501\u2501\u2501\u2501\u2501\u2501\u2501\u2501\u2501\u2501\u2501\u2501\u2501\u2501\u2501\u2501<\/p>\n<p data-start=\"514\" data-end=\"716\">\u267f <strong data-start=\"516\" data-end=\"568\">2.\u00aa Jornadas Regionales de la RID del Nuevo Cuyo<\/strong><br data-start=\"568\" data-end=\"571\" \/>\ud83d\uddd3 Viernes 6 y S\u00e1bado 7\/11<br data-start=\"597\" data-end=\"600\" \/>\ud83e\udd1d Actividad de integraci\u00f3n y cierre regional<br data-start=\"645\" data-end=\"648\" \/>\ud83d\udcda Organizan: UNSL \u2022 UNViMe \u2022 UNCuyo \u2022 UNLar \u2022 UNLC \u2022 UNSJ \u2022 UNdeC<\/p>\n<p data-start=\"718\" data-end=\"736\">\u2501\u2501\u2501\u2501\u2501\u2501\u2501\u2501\u2501\u2501\u2501\u2501\u2501\u2501\u2501\u2501\u2501\u2501<\/p>\n<p data-start=\"738\" data-end=\"924\">\ud83c\udfc3\u200d\u2640\ufe0f\ud83c\udfc3\u200d\u2642\ufe0f <strong data-start=\"749\" data-end=\"803\">3.\u00aa Marat\u00f3n Universitaria \u2013 4 km \u2022 8 km \u2022 Adaptado<\/strong><br data-start=\"803\" data-end=\"806\" \/>\ud83d\uddd3 Viernes 8\/11<br data-start=\"821\" data-end=\"824\" \/>\ud83d\udccd Campus Universitario UNSL (Autopista 55, extremo norte)<br data-start=\"882\" data-end=\"885\" \/>\ud83c\udfaf Categor\u00edas: 4 km \u2022 8 km \u2022 Adaptado<br \/>\n\ud83d\udcda Organizan: Sec. de Extensi\u00f3n FCEJS, SsAEBU, Jaqueline Nanclares<\/p>\n<p data-start=\"926\" data-end=\"944\">\u2501\u2501\u2501\u2501\u2501\u2501\u2501\u2501\u2501\u2501\u2501\u2501\u2501\u2501\u2501\u2501\u2501\u2501<\/p>\n<p data-start=\"946\" data-end=\"1297\">\ud83c\udf3f <strong data-start=\"949\" data-end=\"1030\">Taller: \u201cInterculturalidad y Di\u00e1logos de Saberes con los Pueblos Originarios\u201d<\/strong><br data-start=\"1030\" data-end=\"1033\" \/>\ud83d\uddd3 Lunes 10\/11 \u2013 16:00 hs<br data-start=\"1058\" data-end=\"1061\" \/>\ud83d\udccd Aula 5, Campus Universitario<br data-start=\"1092\" data-end=\"1095\" \/>\ud83d\udc65Tallerista: Ya Umuk Catalina Barroso<br \/>\n\ud83e\udd1d Organizan: C\u00e1tedra Educaci\u00f3n y Trabajo Social \u2022 Proyecto de Extensi\u00f3n y Docencia \u201cPr\u00e1cticas socioeducativas e inclusi\u00f3n de sujetos y saberes populares\u201d \u2022 Secretar\u00eda de Extensi\u00f3n Universitaria FCEJS<\/p>\n<p data-start=\"1299\" data-end=\"1317\">\u2501\u2501\u2501\u2501\u2501\u2501\u2501\u2501\u2501\u2501\u2501\u2501\u2501\u2501\u2501\u2501\u2501\u2501<\/p>\n<p data-start=\"1319\" data-end=\"1570\">\u270a\ud83c\udffe <strong data-start=\"1323\" data-end=\"1368\">Jornada 8N: Formaci\u00f3n, Reflexi\u00f3n y Debate<\/strong><br data-start=\"1368\" data-end=\"1371\" \/>\ud83d\uddd3 Martes 11\/11 \u2013 9:00 a 12:30 hs<br data-start=\"1404\" data-end=\"1407\" \/>\ud83d\udccd Biblioteca Rodolfo Walsh, IFDC Villa Mercedes<br data-start=\"1455\" data-end=\"1458\" \/>\ud83e\udde9 Actividad: Visibilizaci\u00f3n de comunidades afroargentinas y herramientas para desarticular pr\u00e1cticas racistas<br \/>\n<strong data-start=\"1118\" data-end=\"1138\">\ud83d\udc65<\/strong>Talleristas: Alejandra Pretel, Kadie Morgan,\u00a0Sandra Chagas.<\/p>\n<p data-start=\"1572\" data-end=\"1590\">\u2501\u2501\u2501\u2501\u2501\u2501\u2501\u2501\u2501\u2501\u2501\u2501\u2501\u2501\u2501\u2501\u2501\u2501<\/p>\n<p data-start=\"1592\" data-end=\"1942\">\ud83d\udcbb <strong data-start=\"1595\" data-end=\"1684\">Webinar Conferencia: \u201cNorma Unificada Argentina (NUA): Aspectos Te\u00f3ricos y Pr\u00e1cticos\u201d<\/strong><br data-start=\"1684\" data-end=\"1687\" \/>\ud83d\uddd3 Viernes 14\/11 \u2013 13:00 hs<br data-start=\"1714\" data-end=\"1717\" \/>\ud83d\udccd Modalidad virtual<br data-start=\"1737\" data-end=\"1740\" \/>\ud83c\udf93 Destinatarios\/as: Estudiantes de Contador P\u00fablico, docentes y egresados\/as de FCEJS\u2013UNSL y UCCuyo (SL y SJ), y profesionales matriculados en el CPCESL<br \/>\n\ud83e\udd1d Organizan: FCEJS-UCCuyo<br \/>\n\ud83d\udc65 Disertantes: C.P.N. Claudia Rosa, C.P.N. Mariana Rodr\u00edguez,\u00a0C.P.N. Marcelo Castro.<\/p>\n<p data-start=\"1944\" data-end=\"1962\">\u2501\u2501\u2501\u2501\u2501\u2501\u2501\u2501\u2501\u2501\u2501\u2501\u2501\u2501\u2501\u2501\u2501\u2501<\/p>\n<p data-start=\"1964\" data-end=\"2256\">\ud83d\udcbc <strong data-start=\"1967\" data-end=\"2032\">Ciclo de charlas: \u201cEl mundo laboral en disputa\u201d \u2013 CGT &amp; FCEJS<\/strong><br data-start=\"2032\" data-end=\"2035\" \/>\ud83d\uddd3 Jueves 20\/11 \u2013 18:00 hs<br data-start=\"2061\" data-end=\"2064\" \/>\ud83d\udccd Instituto Escuela de Econom\u00eda, Negocios y Transferencias Tecnol\u00f3gicas (Pescadores 314)<br data-start=\"2153\" data-end=\"2156\" \/>\ud83e\udde9 Tema: \u201cEl mundo del trabajo y la ley bases\u201d<br data-start=\"2202\" data-end=\"2205\" \/>\ud83d\udc65 Disertantes: Manuel Castillo y Marcelino Insua<\/p>\n<p data-start=\"2258\" data-end=\"2276\">\u2501\u2501\u2501\u2501\u2501\u2501\u2501\u2501\u2501\u2501\u2501\u2501\u2501\u2501\u2501\u2501\u2501\u2501<\/p>\n<p data-start=\"2278\" data-end=\"2619\">\ud83d\udcda <strong data-start=\"2281\" data-end=\"2368\">Charla informativa: \u201cEscuela Internacional de Formaci\u00f3n en Extensi\u00f3n Universitaria\u201d<\/strong><br data-start=\"2368\" data-end=\"2371\" \/>\ud83d\uddd3 Martes 18\/11 \u2013 11:00 hs<br data-start=\"2397\" data-end=\"2400\" \/>\ud83d\udccd Aula 17, Campus Universitario<br data-start=\"2432\" data-end=\"2435\" \/>\ud83d\udc64 Disertante: Esp. \u00d3scar Ojeda (Secretario de Extensi\u00f3n Universitaria \u2013 UNSL)<br data-start=\"2513\" data-end=\"2516\" \/>\u2501\u2501\u2501\u2501\u2501\u2501\u2501\u2501\u2501\u2501\u2501\u2501\u2501\u2501\u2501\u2501\u2501\u2501<\/p>\n<p data-start=\"2641\" data-end=\"2740\">\ud83c\udfac <strong data-start=\"2644\" data-end=\"2668\">Cine Debate: \u201cBel\u00e9n\u201d<\/strong><br data-start=\"2668\" data-end=\"2671\" \/>\ud83d\uddd3 Martes 18\/11 \u2013 17:00 hs<br data-start=\"2697\" data-end=\"2700\" \/>\ud83d\udccd Aula de Posgrado (2.\u00ba piso, Campus)<br \/>\n\ud83e\udd1d Organizan: Seminario \u201cDesarrollos sobre g\u00e9nero, subjetividades y sexualidades para reflexionar las actuaciones profesionales\u201d, el Equipo Tecnico Interdisciplinario (ETI) autoridad de aplicaci\u00f3n del Protocolo Institucional de Intervenci\u00f3n de la Universidad Nacional de San Luis ante denuncias por situaciones de violencia de g\u00e9nero, identidad de g\u00e9nero y discriminaci\u00f3n; el PROICO 150523 \u201cSexualidades y subjetividades sociopoliticas\u201d; el PEIS \u201cTrabajo social, grupalidades y g\u00e9nero con la Cooperativa 20 de Julio\u201d y la C\u00e1tedra libre por el derecho al aborto de San Luis.<\/p>\n<p data-start=\"2742\" data-end=\"2760\">\u2501\u2501\u2501\u2501\u2501\u2501\u2501\u2501\u2501\u2501\u2501\u2501\u2501\u2501\u2501\u2501\u2501\u2501<\/p>\n<p data-start=\"2762\" data-end=\"2948\">\ud83d\udde3\ufe0f <strong data-start=\"2766\" data-end=\"2817\">Conversatorio: \u201cJ\u00f3venes, violencia y exclusi\u00f3n\u201d<\/strong><br data-start=\"2817\" data-end=\"2820\" \/>\ud83d\uddd3 Mi\u00e9rcoles 19\/11 \u2013 18:00 hs<br data-start=\"2849\" data-end=\"2852\" \/>\ud83d\udccd Aula Inteligente, Bloque de Aulas Especiales, Campus UNSL<br data-start=\"2912\" data-end=\"2915\" \/>\ud83d\udc64 Disertante: Dr. Jos\u00e9 Garriga<\/p>\n<p data-start=\"2950\" data-end=\"2968\">\u2501\u2501\u2501\u2501\u2501\u2501\u2501\u2501\u2501\u2501\u2501\u2501\u2501\u2501\u2501\u2501\u2501\u2501<\/p>\n<p data-start=\"2970\" data-end=\"3199\">\ud83d\udd0d <strong data-start=\"2973\" data-end=\"3024\">Conferencia: \u201cAntropolog\u00eda y Ciencias Forenses\u201d<\/strong><br data-start=\"3024\" data-end=\"3027\" \/>\ud83d\uddd3 Jueves 20\/11 \u2013 9:30 hs (acreditaci\u00f3n)<br data-start=\"3067\" data-end=\"3070\" \/>\ud83d\udccd Instituto Escuela de Econom\u00eda, Negocios y Transferencia Tecnol\u00f3gica (Pescadores 314)<br data-start=\"3157\" data-end=\"3160\" \/>\ud83d\udc64 Disertante: Dr. Dar\u00edo Mariano Olmo<\/p>\n<p data-start=\"3201\" data-end=\"3219\">\u2501\u2501\u2501\u2501\u2501\u2501\u2501\u2501\u2501\u2501\u2501\u2501\u2501\u2501\u2501\u2501\u2501\u2501<\/p>\n<p data-start=\"3221\" data-end=\"3519\">\ud83d\udcbc <strong data-start=\"3224\" data-end=\"3289\">Ciclo de charlas: \u201cEl mundo laboral en disputa\u201d \u2013 CGT &amp; FCEJS<\/strong><br data-start=\"3289\" data-end=\"3292\" \/>\ud83d\uddd3 Jueves 20\/11 \u2013 18:00 hs<br data-start=\"3318\" data-end=\"3321\" \/>\ud83d\udccd Instituto Escuela de Econom\u00eda, Negocios y Transferencias Tecnol\u00f3gicas (Pescadores 314)<br data-start=\"3410\" data-end=\"3413\" \/>\ud83e\udde9 Tema: \u201cMovimiento Sindical y Derechos Colectivos\u201d<br data-start=\"3465\" data-end=\"3468\" \/>\ud83d\udc65 Disertantes: Manuel Castillo y Marcelino Insua<\/p>\n<p data-start=\"3521\" data-end=\"3539\">\u2501\u2501\u2501\u2501\u2501\u2501\u2501\u2501\u2501\u2501\u2501\u2501\u2501\u2501\u2501\u2501\u2501\u2501<\/p>\n<p data-start=\"3541\" data-end=\"3838\">\ud83c\udf31 <strong data-start=\"3544\" data-end=\"3612\">1.\u00ba Foro Federal de Gesti\u00f3n de Pol\u00edticas Ambientales \u2013 Jornada 1<\/strong><br data-start=\"3612\" data-end=\"3615\" \/>\ud83d\uddd3 S\u00e1bado 22\/11<br data-start=\"3630\" data-end=\"3633\" \/>\ud83e\udde9 Tema: \u201cPol\u00edtica tributaria y ambiente\u201d<br data-start=\"3674\" data-end=\"3677\" \/>\ud83d\udc64 Disertante: Mg. Edgardo H\u00e9ctor Ferr\u00e9 Olive<br data-start=\"3722\" data-end=\"3725\" \/>\ud83d\udccd Instituto Escuela de Econom\u00eda, Negocios y Transferencia Tecnol\u00f3gica (Pescadores 314)<br data-start=\"3812\" data-end=\"3815\" \/>\ud83d\udcbb Modalidad: H\u00edbrida<\/p>\n<p data-start=\"3840\" data-end=\"3858\">\u2501\u2501\u2501\u2501\u2501\u2501\u2501\u2501\u2501\u2501\u2501\u2501\u2501\u2501\u2501\u2501\u2501\u2501<\/p>\n<p data-start=\"3860\" data-end=\"4026\">\ud83d\udc9c <strong data-start=\"3863\" data-end=\"3887\">Encuentro de Mujeres<\/strong><br data-start=\"3887\" data-end=\"3890\" \/>\ud83d\uddd3 Martes 25\/11 \u2013 17:00 hs<br data-start=\"3916\" data-end=\"3919\" \/>\ud83d\udccd Plaza San Mart\u00edn<br data-start=\"3938\" data-end=\"3941\" \/>\u270a Actividad en el marco del D\u00eda Internacional contra la Violencia hacia las Mujeres<\/p>\n<p data-start=\"4028\" data-end=\"4046\">\u2501\u2501\u2501\u2501\u2501\u2501\u2501\u2501\u2501\u2501\u2501\u2501\u2501\u2501\u2501\u2501\u2501\u2501<\/p>\n<p data-start=\"4048\" data-end=\"4274\">\ud83e\uddf5\ud83c\udf3f <strong data-start=\"4053\" data-end=\"4152\">Encuentro de divulgaci\u00f3n: \u201cMemorias en tramas: un encuentro entre poes\u00eda, arte textil y teatro\u201d<\/strong><br data-start=\"4152\" data-end=\"4155\" \/>\ud83d\uddd3 Viernes 28\/11<br data-start=\"4171\" data-end=\"4174\" \/>\ud83d\udd52 Horarios:<br data-start=\"4186\" data-end=\"4189\" \/>\u2022 17:00 a 19:00 hs \u2013 Aula 12<br data-start=\"4217\" data-end=\"4220\" \/>\u2022 19:00 a 20:00 hs \u2013 Aula Dante Bodo<br data-start=\"4256\" data-end=\"4259\" \/>\ud83d\udccd Presencial<\/p>\n<p data-start=\"4276\" data-end=\"4294\">\u2501\u2501\u2501\u2501\u2501\u2501\u2501\u2501\u2501\u2501\u2501\u2501\u2501\u2501\u2501\u2501\u2501\u2501<\/p>\n<p data-start=\"4296\" data-end=\"4623\">\ud83c\udf31 <strong data-start=\"4299\" data-end=\"4367\">1.\u00ba Foro Federal de Gesti\u00f3n de Pol\u00edticas Ambientales \u2013 Jornada 2<\/strong><br data-start=\"4367\" data-end=\"4370\" \/>\ud83d\uddd3 S\u00e1bado 29\/11<br data-start=\"4385\" data-end=\"4388\" \/>\ud83e\udde9 Tema: \u201cPlanificaci\u00f3n Urbana y Territorial\u201d<br data-start=\"4433\" data-end=\"4436\" \/>\ud83d\udc65 Disertantes: Dra. Cristina Mariana Debat y Mg. Rom\u00e1n Caracciolo Vera<br data-start=\"4507\" data-end=\"4510\" \/>\ud83d\udccd Instituto Escuela de Econom\u00eda, Negocios y Transferencia Tecnol\u00f3gica (Pescadores 314)<br data-start=\"4597\" data-end=\"4600\" \/>\ud83d\udcbb Modalidad: H\u00edbrida<\/p>\n<p data-start=\"4625\" data-end=\"4643\">\u2501\u2501\u2501\u2501\u2501\u2501\u2501\u2501\u2501\u2501\u2501\u2501\u2501\u2501\u2501\u2501\u2501\u2501<\/p>\n","protected":false},"excerpt":{"rendered":"<p>\ud83d\udde3\ufe0f Conversatorio: \u201cHablemos del tratamiento de consumos problem\u00e1ticos con relaci\u00f3n al g\u00e9nero y las pr\u00e1cticas de cuidado\u201d\ud83d\uddd3 Martes 4\/11 \u2013 11:00 hs\ud83d\udccd Instituto Escuela de&hellip;<\/p>\n","protected":false},"author":9,"featured_media":0,"comment_status":"closed","ping_status":"closed","sticky":false,"template":"","format":"standard","meta":{"om_disable_all_campaigns":false,"_monsterinsights_skip_tracking":false,"_monsterinsights_sitenote_active":false,"_monsterinsights_sitenote_note":"","_monsterinsights_sitenote_category":0,"footnotes":""},"categories":[21],"tags":[],"class_list":["post-22756","post","type-post","status-publish","format-standard","hentry","category-archivadas"],"yoast_head":"<!-- This site is optimized with the Yoast SEO plugin v27.4 - https:\/\/yoast.com\/product\/yoast-seo-wordpress\/ -->\n<title>- Facultad de Ciencias Econ\u00f3micas, Jur\u00ed\u00addicas y Sociales<\/title>\n<meta name=\"robots\" content=\"index, follow, max-snippet:-1, max-image-preview:large, max-video-preview:-1\" \/>\n<link rel=\"canonical\" href=\"https:\/\/www.fcejs.unsl.edu.ar\/index.php\/22756\/\" \/>\n<meta property=\"og:locale\" content=\"es_ES\" \/>\n<meta property=\"og:type\" content=\"article\" \/>\n<meta property=\"og:title\" content=\"- Facultad de Ciencias Econ\u00f3micas, Jur\u00ed\u00addicas y Sociales\" \/>\n<meta property=\"og:description\" content=\"\ud83d\udde3\ufe0f Conversatorio: \u201cHablemos del tratamiento de consumos problem\u00e1ticos con relaci\u00f3n al g\u00e9nero y las pr\u00e1cticas de cuidado\u201d\ud83d\uddd3 Martes 4\/11 \u2013 11:00 hs\ud83d\udccd Instituto Escuela de&hellip;\" \/>\n<meta property=\"og:url\" content=\"https:\/\/www.fcejs.unsl.edu.ar\/index.php\/22756\/\" \/>\n<meta property=\"og:site_name\" content=\"Facultad de Ciencias Econ\u00f3micas, Jur\u00ed\u00addicas y Sociales\" \/>\n<meta property=\"article:publisher\" content=\"https:\/\/www.facebook.com\/FCEJS.UNSL\/\" \/>\n<meta property=\"article:published_time\" content=\"2025-11-26T21:00:10+00:00\" \/>\n<meta property=\"article:modified_time\" content=\"2025-11-26T21:29:11+00:00\" \/>\n<meta name=\"author\" content=\"DATI\" \/>\n<meta name=\"twitter:card\" content=\"summary_large_image\" \/>\n<meta name=\"twitter:creator\" content=\"@FCEJSUNSL\" \/>\n<meta name=\"twitter:site\" content=\"@FCEJSUNSL\" \/>\n<meta name=\"twitter:label1\" content=\"Escrito por\" \/>\n\t<meta name=\"twitter:data1\" content=\"DATI\" \/>\n\t<meta name=\"twitter:label2\" content=\"Tiempo de lectura\" \/>\n\t<meta name=\"twitter:data2\" content=\"4 minutos\" \/>\n<script type=\"application\/ld+json\" class=\"yoast-schema-graph\">{\"@context\":\"https:\\\/\\\/schema.org\",\"@graph\":[{\"@type\":\"Article\",\"@id\":\"https:\\\/\\\/www.fcejs.unsl.edu.ar\\\/index.php\\\/22756\\\/#article\",\"isPartOf\":{\"@id\":\"https:\\\/\\\/www.fcejs.unsl.edu.ar\\\/index.php\\\/22756\\\/\"},\"author\":{\"name\":\"DATI\",\"@id\":\"https:\\\/\\\/www.fcejs.unsl.edu.ar\\\/#\\\/schema\\\/person\\\/352ee6ed90c3f394c7cb5945f8956d34\"},\"headline\":\"Sin t\u00edtulo\",\"datePublished\":\"2025-11-26T21:00:10+00:00\",\"dateModified\":\"2025-11-26T21:29:11+00:00\",\"mainEntityOfPage\":{\"@id\":\"https:\\\/\\\/www.fcejs.unsl.edu.ar\\\/index.php\\\/22756\\\/\"},\"wordCount\":635,\"publisher\":{\"@id\":\"https:\\\/\\\/www.fcejs.unsl.edu.ar\\\/#organization\"},\"articleSection\":[\"Archivadas\"],\"inLanguage\":\"es-AR\"},{\"@type\":\"WebPage\",\"@id\":\"https:\\\/\\\/www.fcejs.unsl.edu.ar\\\/index.php\\\/22756\\\/\",\"url\":\"https:\\\/\\\/www.fcejs.unsl.edu.ar\\\/index.php\\\/22756\\\/\",\"name\":\"- Facultad de Ciencias Econ\u00f3micas, Jur\u00ed\u00addicas y Sociales\",\"isPartOf\":{\"@id\":\"https:\\\/\\\/www.fcejs.unsl.edu.ar\\\/#website\"},\"datePublished\":\"2025-11-26T21:00:10+00:00\",\"dateModified\":\"2025-11-26T21:29:11+00:00\",\"inLanguage\":\"es-AR\",\"potentialAction\":[{\"@type\":\"ReadAction\",\"target\":[\"https:\\\/\\\/www.fcejs.unsl.edu.ar\\\/index.php\\\/22756\\\/\"]}]},{\"@type\":\"WebSite\",\"@id\":\"https:\\\/\\\/www.fcejs.unsl.edu.ar\\\/#website\",\"url\":\"https:\\\/\\\/www.fcejs.unsl.edu.ar\\\/\",\"name\":\"Facultad de Ciencias Econ\u00f3micas, Jur\u00ed\u00addicas y Sociales\",\"description\":\"\",\"publisher\":{\"@id\":\"https:\\\/\\\/www.fcejs.unsl.edu.ar\\\/#organization\"},\"potentialAction\":[{\"@type\":\"SearchAction\",\"target\":{\"@type\":\"EntryPoint\",\"urlTemplate\":\"https:\\\/\\\/www.fcejs.unsl.edu.ar\\\/?s={search_term_string}\"},\"query-input\":{\"@type\":\"PropertyValueSpecification\",\"valueRequired\":true,\"valueName\":\"search_term_string\"}}],\"inLanguage\":\"es-AR\"},{\"@type\":\"Organization\",\"@id\":\"https:\\\/\\\/www.fcejs.unsl.edu.ar\\\/#organization\",\"name\":\"Facultad de Ciencias Econ\u00f3micas, Jur\u00eddicas y Sociales\",\"url\":\"https:\\\/\\\/www.fcejs.unsl.edu.ar\\\/\",\"logo\":{\"@type\":\"ImageObject\",\"inLanguage\":\"es-AR\",\"@id\":\"https:\\\/\\\/www.fcejs.unsl.edu.ar\\\/#\\\/schema\\\/logo\\\/image\\\/\",\"url\":\"https:\\\/\\\/www.fcejs.unsl.edu.ar\\\/wp-content\\\/uploads\\\/2021\\\/03\\\/logo-1.jpg\",\"contentUrl\":\"https:\\\/\\\/www.fcejs.unsl.edu.ar\\\/wp-content\\\/uploads\\\/2021\\\/03\\\/logo-1.jpg\",\"width\":471,\"height\":146,\"caption\":\"Facultad de Ciencias Econ\u00f3micas, Jur\u00eddicas y Sociales\"},\"image\":{\"@id\":\"https:\\\/\\\/www.fcejs.unsl.edu.ar\\\/#\\\/schema\\\/logo\\\/image\\\/\"},\"sameAs\":[\"https:\\\/\\\/www.facebook.com\\\/FCEJS.UNSL\\\/\",\"https:\\\/\\\/x.com\\\/FCEJSUNSL\",\"https:\\\/\\\/www.instagram.com\\\/fcejs.unsl\\\/\",\"https:\\\/\\\/www.youtube.com\\\/channel\\\/UCH-Ut6EaN_X5ogjIQMPe46g\\\/\"]},{\"@type\":\"Person\",\"@id\":\"https:\\\/\\\/www.fcejs.unsl.edu.ar\\\/#\\\/schema\\\/person\\\/352ee6ed90c3f394c7cb5945f8956d34\",\"name\":\"DATI\"}]}<\/script>\n<!-- \/ Yoast SEO plugin. -->","yoast_head_json":{"title":"- Facultad de Ciencias Econ\u00f3micas, Jur\u00ed\u00addicas y Sociales","robots":{"index":"index","follow":"follow","max-snippet":"max-snippet:-1","max-image-preview":"max-image-preview:large","max-video-preview":"max-video-preview:-1"},"canonical":"https:\/\/www.fcejs.unsl.edu.ar\/index.php\/22756\/","og_locale":"es_ES","og_type":"article","og_title":"- Facultad de Ciencias Econ\u00f3micas, Jur\u00ed\u00addicas y Sociales","og_description":"\ud83d\udde3\ufe0f Conversatorio: \u201cHablemos del tratamiento de consumos problem\u00e1ticos con relaci\u00f3n al g\u00e9nero y las pr\u00e1cticas de cuidado\u201d\ud83d\uddd3 Martes 4\/11 \u2013 11:00 hs\ud83d\udccd Instituto Escuela de&hellip;","og_url":"https:\/\/www.fcejs.unsl.edu.ar\/index.php\/22756\/","og_site_name":"Facultad de Ciencias Econ\u00f3micas, Jur\u00ed\u00addicas y Sociales","article_publisher":"https:\/\/www.facebook.com\/FCEJS.UNSL\/","article_published_time":"2025-11-26T21:00:10+00:00","article_modified_time":"2025-11-26T21:29:11+00:00","author":"DATI","twitter_card":"summary_large_image","twitter_creator":"@FCEJSUNSL","twitter_site":"@FCEJSUNSL","twitter_misc":{"Escrito por":"DATI","Tiempo de lectura":"4 minutos"},"schema":{"@context":"https:\/\/schema.org","@graph":[{"@type":"Article","@id":"https:\/\/www.fcejs.unsl.edu.ar\/index.php\/22756\/#article","isPartOf":{"@id":"https:\/\/www.fcejs.unsl.edu.ar\/index.php\/22756\/"},"author":{"name":"DATI","@id":"https:\/\/www.fcejs.unsl.edu.ar\/#\/schema\/person\/352ee6ed90c3f394c7cb5945f8956d34"},"headline":"Sin t\u00edtulo","datePublished":"2025-11-26T21:00:10+00:00","dateModified":"2025-11-26T21:29:11+00:00","mainEntityOfPage":{"@id":"https:\/\/www.fcejs.unsl.edu.ar\/index.php\/22756\/"},"wordCount":635,"publisher":{"@id":"https:\/\/www.fcejs.unsl.edu.ar\/#organization"},"articleSection":["Archivadas"],"inLanguage":"es-AR"},{"@type":"WebPage","@id":"https:\/\/www.fcejs.unsl.edu.ar\/index.php\/22756\/","url":"https:\/\/www.fcejs.unsl.edu.ar\/index.php\/22756\/","name":"- Facultad de Ciencias Econ\u00f3micas, Jur\u00ed\u00addicas y Sociales","isPartOf":{"@id":"https:\/\/www.fcejs.unsl.edu.ar\/#website"},"datePublished":"2025-11-26T21:00:10+00:00","dateModified":"2025-11-26T21:29:11+00:00","inLanguage":"es-AR","potentialAction":[{"@type":"ReadAction","target":["https:\/\/www.fcejs.unsl.edu.ar\/index.php\/22756\/"]}]},{"@type":"WebSite","@id":"https:\/\/www.fcejs.unsl.edu.ar\/#website","url":"https:\/\/www.fcejs.unsl.edu.ar\/","name":"Facultad de Ciencias Econ\u00f3micas, Jur\u00ed\u00addicas y Sociales","description":"","publisher":{"@id":"https:\/\/www.fcejs.unsl.edu.ar\/#organization"},"potentialAction":[{"@type":"SearchAction","target":{"@type":"EntryPoint","urlTemplate":"https:\/\/www.fcejs.unsl.edu.ar\/?s={search_term_string}"},"query-input":{"@type":"PropertyValueSpecification","valueRequired":true,"valueName":"search_term_string"}}],"inLanguage":"es-AR"},{"@type":"Organization","@id":"https:\/\/www.fcejs.unsl.edu.ar\/#organization","name":"Facultad de Ciencias Econ\u00f3micas, Jur\u00eddicas y Sociales","url":"https:\/\/www.fcejs.unsl.edu.ar\/","logo":{"@type":"ImageObject","inLanguage":"es-AR","@id":"https:\/\/www.fcejs.unsl.edu.ar\/#\/schema\/logo\/image\/","url":"https:\/\/www.fcejs.unsl.edu.ar\/wp-content\/uploads\/2021\/03\/logo-1.jpg","contentUrl":"https:\/\/www.fcejs.unsl.edu.ar\/wp-content\/uploads\/2021\/03\/logo-1.jpg","width":471,"height":146,"caption":"Facultad de Ciencias Econ\u00f3micas, Jur\u00eddicas y Sociales"},"image":{"@id":"https:\/\/www.fcejs.unsl.edu.ar\/#\/schema\/logo\/image\/"},"sameAs":["https:\/\/www.facebook.com\/FCEJS.UNSL\/","https:\/\/x.com\/FCEJSUNSL","https:\/\/www.instagram.com\/fcejs.unsl\/","https:\/\/www.youtube.com\/channel\/UCH-Ut6EaN_X5ogjIQMPe46g\/"]},{"@type":"Person","@id":"https:\/\/www.fcejs.unsl.edu.ar\/#\/schema\/person\/352ee6ed90c3f394c7cb5945f8956d34","name":"DATI"}]}},"jetpack_featured_media_url":"","_links":{"self":[{"href":"https:\/\/www.fcejs.unsl.edu.ar\/index.php\/wp-json\/wp\/v2\/posts\/22756","targetHints":{"allow":["GET"]}}],"collection":[{"href":"https:\/\/www.fcejs.unsl.edu.ar\/index.php\/wp-json\/wp\/v2\/posts"}],"about":[{"href":"https:\/\/www.fcejs.unsl.edu.ar\/index.php\/wp-json\/wp\/v2\/types\/post"}],"author":[{"embeddable":true,"href":"https:\/\/www.fcejs.unsl.edu.ar\/index.php\/wp-json\/wp\/v2\/users\/9"}],"replies":[{"embeddable":true,"href":"https:\/\/www.fcejs.unsl.edu.ar\/index.php\/wp-json\/wp\/v2\/comments?post=22756"}],"version-history":[{"count":3,"href":"https:\/\/www.fcejs.unsl.edu.ar\/index.php\/wp-json\/wp\/v2\/posts\/22756\/revisions"}],"predecessor-version":[{"id":22760,"href":"https:\/\/www.fcejs.unsl.edu.ar\/index.php\/wp-json\/wp\/v2\/posts\/22756\/revisions\/22760"}],"wp:attachment":[{"href":"https:\/\/www.fcejs.unsl.edu.ar\/index.php\/wp-json\/wp\/v2\/media?parent=22756"}],"wp:term":[{"taxonomy":"category","embeddable":true,"href":"https:\/\/www.fcejs.unsl.edu.ar\/index.php\/wp-json\/wp\/v2\/categories?post=22756"},{"taxonomy":"post_tag","embeddable":true,"href":"https:\/\/www.fcejs.unsl.edu.ar\/index.php\/wp-json\/wp\/v2\/tags?post=22756"}],"curies":[{"name":"wp","href":"https:\/\/api.w.org\/{rel}","templated":true}]}}