{"id":22736,"date":"2025-11-25T16:37:24","date_gmt":"2025-11-25T19:37:24","guid":{"rendered":"https:\/\/www.fcejs.unsl.edu.ar\/?p=22736"},"modified":"2025-12-03T09:07:58","modified_gmt":"2025-12-03T12:07:58","slug":"la-fcejs-avanza-en-la-creacion-de-una-carrera-binacional-con-doble-titulacion-junto-a-la-universidad-ernst-abbe-de-jena-alemania","status":"publish","type":"post","link":"https:\/\/www.fcejs.unsl.edu.ar\/index.php\/la-fcejs-avanza-en-la-creacion-de-una-carrera-binacional-con-doble-titulacion-junto-a-la-universidad-ernst-abbe-de-jena-alemania\/","title":{"rendered":"La FCEJS avanza en la creaci\u00f3n de una carrera binacional con doble titulaci\u00f3n junto a la Universidad Ernst Abbe de Jena (Alemania)"},"content":{"rendered":"<p>La<strong> Facultad de Ciencias Econ\u00f3micas, Jur\u00eddicas y Sociales<\/strong> dio un paso decisivo hacia la internacionalizaci\u00f3n de su oferta acad\u00e9mica tras la aprobaci\u00f3n, por parte del Centro Universitario Argentino-Alem\u00e1n (CUAA-DAHZ), del Informe de Avance del proyecto <strong>\u201cLicenciatura en Administraci\u00f3n de Negocios\u201d<\/strong>, presentado conjuntamente con la <strong>Ernst Abbe-Hochschule Jena (EAHJ)<\/strong> de Alemania.<\/p>\n<p>La resoluci\u00f3n fue adoptada en la <strong>XX Sesi\u00f3n del Consejo Directivo del CUAA-DAHZ<\/strong>, realizada el 10 de noviembre, tras el dictamen favorable del Consejo Cient\u00edfico Binacional. Esto habilita la continuidad del proceso de desarrollo del programa de doble titulaci\u00f3n y su preparaci\u00f3n para la presentaci\u00f3n ante la Comisi\u00f3n Nacional de Evaluaci\u00f3n y Acreditaci\u00f3n Universitaria (CONEAU).<\/p>\n<p>Una vez concluida esa instancia, el proyecto ser\u00e1 evaluado para su reconocimiento oficial por la Direcci\u00f3n Nacional de Gesti\u00f3n Universitaria (DNGU), dependiente de la Secretar\u00eda de Educaci\u00f3n del Ministerio de Capital Humano.<\/p>\n<p>El proyecto prev\u00e9 la creaci\u00f3n de un <strong>programa de grado binacional con doble titulaci\u00f3n<\/strong> en el \u00e1rea de Administraci\u00f3n de Empresas entre la FCEJS-UNSL y la EAH Jena. La propuesta busca complementar y fortalecer las formaciones existentes en ambas instituciones mediante la incorporaci\u00f3n de <strong>especializaciones tem\u00e1ticas que no se dictan actualmente o que requieren un enfoque m\u00e1s espec\u00edfico<\/strong>.<\/p>\n<p>Adem\u00e1s, el programa se propone desarrollar conocimientos integrales sobre los contextos econ\u00f3micos, pol\u00edticos y culturales de Argentina y Alemania, con un fuerte \u00e9nfasis en la <strong>formaci\u00f3n de competencias interculturales y ling\u00fc\u00edsticas<\/strong>, indispensables para el desempe\u00f1o profesional global.<\/p>\n<p><strong>\u00a0<\/strong>El CUAA-DAHZ tambi\u00e9n invit\u00f3 a la UNSL a participar del <strong>V Encuentro de la Red CUAA<\/strong>, que reunir\u00e1 a responsables de carreras binacionales de todo el pa\u00eds. El evento se realizar\u00e1 el <strong>25 de marzo de 2026 <\/strong>en el Sal\u00f3n Leopoldo Marechal del Palacio Sarmiento, sede de la Secretar\u00eda de Educaci\u00f3n de la Naci\u00f3n.<\/p>\n","protected":false},"excerpt":{"rendered":"<p>La Facultad de Ciencias Econ\u00f3micas, Jur\u00eddicas y Sociales dio un paso decisivo hacia la internacionalizaci\u00f3n de su oferta acad\u00e9mica tras la aprobaci\u00f3n, por parte del&hellip;<\/p>\n","protected":false},"author":9,"featured_media":20009,"comment_status":"closed","ping_status":"closed","sticky":false,"template":"","format":"standard","meta":{"om_disable_all_campaigns":false,"_monsterinsights_skip_tracking":false,"_monsterinsights_sitenote_active":false,"_monsterinsights_sitenote_note":"","_monsterinsights_sitenote_category":0,"footnotes":""},"categories":[1],"tags":[],"class_list":["post-22736","post","type-post","status-publish","format-standard","has-post-thumbnail","hentry","category-noticias"],"yoast_head":"<!-- This site is optimized with the Yoast SEO plugin v27.4 - https:\/\/yoast.com\/product\/yoast-seo-wordpress\/ -->\n<title>La FCEJS avanza en la creaci\u00f3n de una carrera binacional con doble titulaci\u00f3n junto a la Universidad Ernst Abbe de Jena (Alemania) - Facultad de Ciencias Econ\u00f3micas, Jur\u00ed\u00addicas y Sociales<\/title>\n<meta name=\"robots\" content=\"index, follow, max-snippet:-1, max-image-preview:large, max-video-preview:-1\" \/>\n<link rel=\"canonical\" href=\"https:\/\/www.fcejs.unsl.edu.ar\/index.php\/la-fcejs-avanza-en-la-creacion-de-una-carrera-binacional-con-doble-titulacion-junto-a-la-universidad-ernst-abbe-de-jena-alemania\/\" \/>\n<meta property=\"og:locale\" content=\"es_ES\" \/>\n<meta property=\"og:type\" content=\"article\" \/>\n<meta property=\"og:title\" content=\"La FCEJS avanza en la creaci\u00f3n de una carrera binacional con doble titulaci\u00f3n junto a la Universidad Ernst Abbe de Jena (Alemania) - Facultad de Ciencias Econ\u00f3micas, Jur\u00ed\u00addicas y Sociales\" \/>\n<meta property=\"og:description\" content=\"La Facultad de Ciencias Econ\u00f3micas, Jur\u00eddicas y Sociales dio un paso decisivo hacia la internacionalizaci\u00f3n de su oferta acad\u00e9mica tras la aprobaci\u00f3n, por parte del&hellip;\" \/>\n<meta property=\"og:url\" content=\"https:\/\/www.fcejs.unsl.edu.ar\/index.php\/la-fcejs-avanza-en-la-creacion-de-una-carrera-binacional-con-doble-titulacion-junto-a-la-universidad-ernst-abbe-de-jena-alemania\/\" \/>\n<meta property=\"og:site_name\" content=\"Facultad de Ciencias Econ\u00f3micas, Jur\u00ed\u00addicas y Sociales\" \/>\n<meta property=\"article:publisher\" content=\"https:\/\/www.facebook.com\/FCEJS.UNSL\/\" \/>\n<meta property=\"article:published_time\" content=\"2025-11-25T19:37:24+00:00\" \/>\n<meta property=\"article:modified_time\" content=\"2025-12-03T12:07:58+00:00\" \/>\n<meta property=\"og:image\" content=\"https:\/\/www.fcejs.unsl.edu.ar\/wp-content\/uploads\/2025\/04\/semilla-homologacion-convenio-front.jpg\" \/>\n\t<meta property=\"og:image:width\" content=\"1152\" \/>\n\t<meta property=\"og:image:height\" content=\"647\" \/>\n\t<meta property=\"og:image:type\" content=\"image\/jpeg\" \/>\n<meta name=\"author\" content=\"DATI\" \/>\n<meta name=\"twitter:card\" content=\"summary_large_image\" \/>\n<meta name=\"twitter:creator\" content=\"@FCEJSUNSL\" \/>\n<meta name=\"twitter:site\" content=\"@FCEJSUNSL\" \/>\n<meta name=\"twitter:label1\" content=\"Escrito por\" \/>\n\t<meta name=\"twitter:data1\" content=\"DATI\" \/>\n\t<meta name=\"twitter:label2\" content=\"Tiempo de lectura\" \/>\n\t<meta name=\"twitter:data2\" content=\"2 minutos\" \/>\n<script type=\"application\/ld+json\" class=\"yoast-schema-graph\">{\"@context\":\"https:\\\/\\\/schema.org\",\"@graph\":[{\"@type\":\"Article\",\"@id\":\"https:\\\/\\\/www.fcejs.unsl.edu.ar\\\/index.php\\\/la-fcejs-avanza-en-la-creacion-de-una-carrera-binacional-con-doble-titulacion-junto-a-la-universidad-ernst-abbe-de-jena-alemania\\\/#article\",\"isPartOf\":{\"@id\":\"https:\\\/\\\/www.fcejs.unsl.edu.ar\\\/index.php\\\/la-fcejs-avanza-en-la-creacion-de-una-carrera-binacional-con-doble-titulacion-junto-a-la-universidad-ernst-abbe-de-jena-alemania\\\/\"},\"author\":{\"name\":\"DATI\",\"@id\":\"https:\\\/\\\/www.fcejs.unsl.edu.ar\\\/#\\\/schema\\\/person\\\/352ee6ed90c3f394c7cb5945f8956d34\"},\"headline\":\"La FCEJS avanza en la creaci\u00f3n de una carrera binacional con doble titulaci\u00f3n junto a la Universidad Ernst Abbe de Jena (Alemania)\",\"datePublished\":\"2025-11-25T19:37:24+00:00\",\"dateModified\":\"2025-12-03T12:07:58+00:00\",\"mainEntityOfPage\":{\"@id\":\"https:\\\/\\\/www.fcejs.unsl.edu.ar\\\/index.php\\\/la-fcejs-avanza-en-la-creacion-de-una-carrera-binacional-con-doble-titulacion-junto-a-la-universidad-ernst-abbe-de-jena-alemania\\\/\"},\"wordCount\":346,\"publisher\":{\"@id\":\"https:\\\/\\\/www.fcejs.unsl.edu.ar\\\/#organization\"},\"image\":{\"@id\":\"https:\\\/\\\/www.fcejs.unsl.edu.ar\\\/index.php\\\/la-fcejs-avanza-en-la-creacion-de-una-carrera-binacional-con-doble-titulacion-junto-a-la-universidad-ernst-abbe-de-jena-alemania\\\/#primaryimage\"},\"thumbnailUrl\":\"https:\\\/\\\/www.fcejs.unsl.edu.ar\\\/wp-content\\\/uploads\\\/2025\\\/04\\\/semilla-homologacion-convenio-front.jpg\",\"articleSection\":[\"Noticias\"],\"inLanguage\":\"es-AR\"},{\"@type\":\"WebPage\",\"@id\":\"https:\\\/\\\/www.fcejs.unsl.edu.ar\\\/index.php\\\/la-fcejs-avanza-en-la-creacion-de-una-carrera-binacional-con-doble-titulacion-junto-a-la-universidad-ernst-abbe-de-jena-alemania\\\/\",\"url\":\"https:\\\/\\\/www.fcejs.unsl.edu.ar\\\/index.php\\\/la-fcejs-avanza-en-la-creacion-de-una-carrera-binacional-con-doble-titulacion-junto-a-la-universidad-ernst-abbe-de-jena-alemania\\\/\",\"name\":\"La FCEJS avanza en la creaci\u00f3n de una carrera binacional con doble titulaci\u00f3n junto a la Universidad Ernst Abbe de Jena (Alemania) - Facultad de Ciencias Econ\u00f3micas, Jur\u00ed\u00addicas y Sociales\",\"isPartOf\":{\"@id\":\"https:\\\/\\\/www.fcejs.unsl.edu.ar\\\/#website\"},\"primaryImageOfPage\":{\"@id\":\"https:\\\/\\\/www.fcejs.unsl.edu.ar\\\/index.php\\\/la-fcejs-avanza-en-la-creacion-de-una-carrera-binacional-con-doble-titulacion-junto-a-la-universidad-ernst-abbe-de-jena-alemania\\\/#primaryimage\"},\"image\":{\"@id\":\"https:\\\/\\\/www.fcejs.unsl.edu.ar\\\/index.php\\\/la-fcejs-avanza-en-la-creacion-de-una-carrera-binacional-con-doble-titulacion-junto-a-la-universidad-ernst-abbe-de-jena-alemania\\\/#primaryimage\"},\"thumbnailUrl\":\"https:\\\/\\\/www.fcejs.unsl.edu.ar\\\/wp-content\\\/uploads\\\/2025\\\/04\\\/semilla-homologacion-convenio-front.jpg\",\"datePublished\":\"2025-11-25T19:37:24+00:00\",\"dateModified\":\"2025-12-03T12:07:58+00:00\",\"breadcrumb\":{\"@id\":\"https:\\\/\\\/www.fcejs.unsl.edu.ar\\\/index.php\\\/la-fcejs-avanza-en-la-creacion-de-una-carrera-binacional-con-doble-titulacion-junto-a-la-universidad-ernst-abbe-de-jena-alemania\\\/#breadcrumb\"},\"inLanguage\":\"es-AR\",\"potentialAction\":[{\"@type\":\"ReadAction\",\"target\":[\"https:\\\/\\\/www.fcejs.unsl.edu.ar\\\/index.php\\\/la-fcejs-avanza-en-la-creacion-de-una-carrera-binacional-con-doble-titulacion-junto-a-la-universidad-ernst-abbe-de-jena-alemania\\\/\"]}]},{\"@type\":\"ImageObject\",\"inLanguage\":\"es-AR\",\"@id\":\"https:\\\/\\\/www.fcejs.unsl.edu.ar\\\/index.php\\\/la-fcejs-avanza-en-la-creacion-de-una-carrera-binacional-con-doble-titulacion-junto-a-la-universidad-ernst-abbe-de-jena-alemania\\\/#primaryimage\",\"url\":\"https:\\\/\\\/www.fcejs.unsl.edu.ar\\\/wp-content\\\/uploads\\\/2025\\\/04\\\/semilla-homologacion-convenio-front.jpg\",\"contentUrl\":\"https:\\\/\\\/www.fcejs.unsl.edu.ar\\\/wp-content\\\/uploads\\\/2025\\\/04\\\/semilla-homologacion-convenio-front.jpg\",\"width\":1152,\"height\":647},{\"@type\":\"BreadcrumbList\",\"@id\":\"https:\\\/\\\/www.fcejs.unsl.edu.ar\\\/index.php\\\/la-fcejs-avanza-en-la-creacion-de-una-carrera-binacional-con-doble-titulacion-junto-a-la-universidad-ernst-abbe-de-jena-alemania\\\/#breadcrumb\",\"itemListElement\":[{\"@type\":\"ListItem\",\"position\":1,\"name\":\"Inicio\",\"item\":\"https:\\\/\\\/www.fcejs.unsl.edu.ar\\\/\"},{\"@type\":\"ListItem\",\"position\":2,\"name\":\"La FCEJS avanza en la creaci\u00f3n de una carrera binacional con doble titulaci\u00f3n junto a la Universidad Ernst Abbe de Jena (Alemania)\"}]},{\"@type\":\"WebSite\",\"@id\":\"https:\\\/\\\/www.fcejs.unsl.edu.ar\\\/#website\",\"url\":\"https:\\\/\\\/www.fcejs.unsl.edu.ar\\\/\",\"name\":\"Facultad de Ciencias Econ\u00f3micas, Jur\u00ed\u00addicas y Sociales\",\"description\":\"\",\"publisher\":{\"@id\":\"https:\\\/\\\/www.fcejs.unsl.edu.ar\\\/#organization\"},\"potentialAction\":[{\"@type\":\"SearchAction\",\"target\":{\"@type\":\"EntryPoint\",\"urlTemplate\":\"https:\\\/\\\/www.fcejs.unsl.edu.ar\\\/?s={search_term_string}\"},\"query-input\":{\"@type\":\"PropertyValueSpecification\",\"valueRequired\":true,\"valueName\":\"search_term_string\"}}],\"inLanguage\":\"es-AR\"},{\"@type\":\"Organization\",\"@id\":\"https:\\\/\\\/www.fcejs.unsl.edu.ar\\\/#organization\",\"name\":\"Facultad de Ciencias Econ\u00f3micas, Jur\u00eddicas y Sociales\",\"url\":\"https:\\\/\\\/www.fcejs.unsl.edu.ar\\\/\",\"logo\":{\"@type\":\"ImageObject\",\"inLanguage\":\"es-AR\",\"@id\":\"https:\\\/\\\/www.fcejs.unsl.edu.ar\\\/#\\\/schema\\\/logo\\\/image\\\/\",\"url\":\"https:\\\/\\\/www.fcejs.unsl.edu.ar\\\/wp-content\\\/uploads\\\/2021\\\/03\\\/logo-1.jpg\",\"contentUrl\":\"https:\\\/\\\/www.fcejs.unsl.edu.ar\\\/wp-content\\\/uploads\\\/2021\\\/03\\\/logo-1.jpg\",\"width\":471,\"height\":146,\"caption\":\"Facultad de Ciencias Econ\u00f3micas, Jur\u00eddicas y Sociales\"},\"image\":{\"@id\":\"https:\\\/\\\/www.fcejs.unsl.edu.ar\\\/#\\\/schema\\\/logo\\\/image\\\/\"},\"sameAs\":[\"https:\\\/\\\/www.facebook.com\\\/FCEJS.UNSL\\\/\",\"https:\\\/\\\/x.com\\\/FCEJSUNSL\",\"https:\\\/\\\/www.instagram.com\\\/fcejs.unsl\\\/\",\"https:\\\/\\\/www.youtube.com\\\/channel\\\/UCH-Ut6EaN_X5ogjIQMPe46g\\\/\"]},{\"@type\":\"Person\",\"@id\":\"https:\\\/\\\/www.fcejs.unsl.edu.ar\\\/#\\\/schema\\\/person\\\/352ee6ed90c3f394c7cb5945f8956d34\",\"name\":\"DATI\"}]}<\/script>\n<!-- \/ Yoast SEO plugin. -->","yoast_head_json":{"title":"La FCEJS avanza en la creaci\u00f3n de una carrera binacional con doble titulaci\u00f3n junto a la Universidad Ernst Abbe de Jena (Alemania) - Facultad de Ciencias Econ\u00f3micas, Jur\u00ed\u00addicas y Sociales","robots":{"index":"index","follow":"follow","max-snippet":"max-snippet:-1","max-image-preview":"max-image-preview:large","max-video-preview":"max-video-preview:-1"},"canonical":"https:\/\/www.fcejs.unsl.edu.ar\/index.php\/la-fcejs-avanza-en-la-creacion-de-una-carrera-binacional-con-doble-titulacion-junto-a-la-universidad-ernst-abbe-de-jena-alemania\/","og_locale":"es_ES","og_type":"article","og_title":"La FCEJS avanza en la creaci\u00f3n de una carrera binacional con doble titulaci\u00f3n junto a la Universidad Ernst Abbe de Jena (Alemania) - Facultad de Ciencias Econ\u00f3micas, Jur\u00ed\u00addicas y Sociales","og_description":"La Facultad de Ciencias Econ\u00f3micas, Jur\u00eddicas y Sociales dio un paso decisivo hacia la internacionalizaci\u00f3n de su oferta acad\u00e9mica tras la aprobaci\u00f3n, por parte del&hellip;","og_url":"https:\/\/www.fcejs.unsl.edu.ar\/index.php\/la-fcejs-avanza-en-la-creacion-de-una-carrera-binacional-con-doble-titulacion-junto-a-la-universidad-ernst-abbe-de-jena-alemania\/","og_site_name":"Facultad de Ciencias Econ\u00f3micas, Jur\u00ed\u00addicas y Sociales","article_publisher":"https:\/\/www.facebook.com\/FCEJS.UNSL\/","article_published_time":"2025-11-25T19:37:24+00:00","article_modified_time":"2025-12-03T12:07:58+00:00","og_image":[{"width":1152,"height":647,"url":"https:\/\/www.fcejs.unsl.edu.ar\/wp-content\/uploads\/2025\/04\/semilla-homologacion-convenio-front.jpg","type":"image\/jpeg"}],"author":"DATI","twitter_card":"summary_large_image","twitter_creator":"@FCEJSUNSL","twitter_site":"@FCEJSUNSL","twitter_misc":{"Escrito por":"DATI","Tiempo de lectura":"2 minutos"},"schema":{"@context":"https:\/\/schema.org","@graph":[{"@type":"Article","@id":"https:\/\/www.fcejs.unsl.edu.ar\/index.php\/la-fcejs-avanza-en-la-creacion-de-una-carrera-binacional-con-doble-titulacion-junto-a-la-universidad-ernst-abbe-de-jena-alemania\/#article","isPartOf":{"@id":"https:\/\/www.fcejs.unsl.edu.ar\/index.php\/la-fcejs-avanza-en-la-creacion-de-una-carrera-binacional-con-doble-titulacion-junto-a-la-universidad-ernst-abbe-de-jena-alemania\/"},"author":{"name":"DATI","@id":"https:\/\/www.fcejs.unsl.edu.ar\/#\/schema\/person\/352ee6ed90c3f394c7cb5945f8956d34"},"headline":"La FCEJS avanza en la creaci\u00f3n de una carrera binacional con doble titulaci\u00f3n junto a la Universidad Ernst Abbe de Jena (Alemania)","datePublished":"2025-11-25T19:37:24+00:00","dateModified":"2025-12-03T12:07:58+00:00","mainEntityOfPage":{"@id":"https:\/\/www.fcejs.unsl.edu.ar\/index.php\/la-fcejs-avanza-en-la-creacion-de-una-carrera-binacional-con-doble-titulacion-junto-a-la-universidad-ernst-abbe-de-jena-alemania\/"},"wordCount":346,"publisher":{"@id":"https:\/\/www.fcejs.unsl.edu.ar\/#organization"},"image":{"@id":"https:\/\/www.fcejs.unsl.edu.ar\/index.php\/la-fcejs-avanza-en-la-creacion-de-una-carrera-binacional-con-doble-titulacion-junto-a-la-universidad-ernst-abbe-de-jena-alemania\/#primaryimage"},"thumbnailUrl":"https:\/\/www.fcejs.unsl.edu.ar\/wp-content\/uploads\/2025\/04\/semilla-homologacion-convenio-front.jpg","articleSection":["Noticias"],"inLanguage":"es-AR"},{"@type":"WebPage","@id":"https:\/\/www.fcejs.unsl.edu.ar\/index.php\/la-fcejs-avanza-en-la-creacion-de-una-carrera-binacional-con-doble-titulacion-junto-a-la-universidad-ernst-abbe-de-jena-alemania\/","url":"https:\/\/www.fcejs.unsl.edu.ar\/index.php\/la-fcejs-avanza-en-la-creacion-de-una-carrera-binacional-con-doble-titulacion-junto-a-la-universidad-ernst-abbe-de-jena-alemania\/","name":"La FCEJS avanza en la creaci\u00f3n de una carrera binacional con doble titulaci\u00f3n junto a la Universidad Ernst Abbe de Jena (Alemania) - Facultad de Ciencias Econ\u00f3micas, Jur\u00ed\u00addicas y Sociales","isPartOf":{"@id":"https:\/\/www.fcejs.unsl.edu.ar\/#website"},"primaryImageOfPage":{"@id":"https:\/\/www.fcejs.unsl.edu.ar\/index.php\/la-fcejs-avanza-en-la-creacion-de-una-carrera-binacional-con-doble-titulacion-junto-a-la-universidad-ernst-abbe-de-jena-alemania\/#primaryimage"},"image":{"@id":"https:\/\/www.fcejs.unsl.edu.ar\/index.php\/la-fcejs-avanza-en-la-creacion-de-una-carrera-binacional-con-doble-titulacion-junto-a-la-universidad-ernst-abbe-de-jena-alemania\/#primaryimage"},"thumbnailUrl":"https:\/\/www.fcejs.unsl.edu.ar\/wp-content\/uploads\/2025\/04\/semilla-homologacion-convenio-front.jpg","datePublished":"2025-11-25T19:37:24+00:00","dateModified":"2025-12-03T12:07:58+00:00","breadcrumb":{"@id":"https:\/\/www.fcejs.unsl.edu.ar\/index.php\/la-fcejs-avanza-en-la-creacion-de-una-carrera-binacional-con-doble-titulacion-junto-a-la-universidad-ernst-abbe-de-jena-alemania\/#breadcrumb"},"inLanguage":"es-AR","potentialAction":[{"@type":"ReadAction","target":["https:\/\/www.fcejs.unsl.edu.ar\/index.php\/la-fcejs-avanza-en-la-creacion-de-una-carrera-binacional-con-doble-titulacion-junto-a-la-universidad-ernst-abbe-de-jena-alemania\/"]}]},{"@type":"ImageObject","inLanguage":"es-AR","@id":"https:\/\/www.fcejs.unsl.edu.ar\/index.php\/la-fcejs-avanza-en-la-creacion-de-una-carrera-binacional-con-doble-titulacion-junto-a-la-universidad-ernst-abbe-de-jena-alemania\/#primaryimage","url":"https:\/\/www.fcejs.unsl.edu.ar\/wp-content\/uploads\/2025\/04\/semilla-homologacion-convenio-front.jpg","contentUrl":"https:\/\/www.fcejs.unsl.edu.ar\/wp-content\/uploads\/2025\/04\/semilla-homologacion-convenio-front.jpg","width":1152,"height":647},{"@type":"BreadcrumbList","@id":"https:\/\/www.fcejs.unsl.edu.ar\/index.php\/la-fcejs-avanza-en-la-creacion-de-una-carrera-binacional-con-doble-titulacion-junto-a-la-universidad-ernst-abbe-de-jena-alemania\/#breadcrumb","itemListElement":[{"@type":"ListItem","position":1,"name":"Inicio","item":"https:\/\/www.fcejs.unsl.edu.ar\/"},{"@type":"ListItem","position":2,"name":"La FCEJS avanza en la creaci\u00f3n de una carrera binacional con doble titulaci\u00f3n junto a la Universidad Ernst Abbe de Jena (Alemania)"}]},{"@type":"WebSite","@id":"https:\/\/www.fcejs.unsl.edu.ar\/#website","url":"https:\/\/www.fcejs.unsl.edu.ar\/","name":"Facultad de Ciencias Econ\u00f3micas, Jur\u00ed\u00addicas y Sociales","description":"","publisher":{"@id":"https:\/\/www.fcejs.unsl.edu.ar\/#organization"},"potentialAction":[{"@type":"SearchAction","target":{"@type":"EntryPoint","urlTemplate":"https:\/\/www.fcejs.unsl.edu.ar\/?s={search_term_string}"},"query-input":{"@type":"PropertyValueSpecification","valueRequired":true,"valueName":"search_term_string"}}],"inLanguage":"es-AR"},{"@type":"Organization","@id":"https:\/\/www.fcejs.unsl.edu.ar\/#organization","name":"Facultad de Ciencias Econ\u00f3micas, Jur\u00eddicas y Sociales","url":"https:\/\/www.fcejs.unsl.edu.ar\/","logo":{"@type":"ImageObject","inLanguage":"es-AR","@id":"https:\/\/www.fcejs.unsl.edu.ar\/#\/schema\/logo\/image\/","url":"https:\/\/www.fcejs.unsl.edu.ar\/wp-content\/uploads\/2021\/03\/logo-1.jpg","contentUrl":"https:\/\/www.fcejs.unsl.edu.ar\/wp-content\/uploads\/2021\/03\/logo-1.jpg","width":471,"height":146,"caption":"Facultad de Ciencias Econ\u00f3micas, Jur\u00eddicas y Sociales"},"image":{"@id":"https:\/\/www.fcejs.unsl.edu.ar\/#\/schema\/logo\/image\/"},"sameAs":["https:\/\/www.facebook.com\/FCEJS.UNSL\/","https:\/\/x.com\/FCEJSUNSL","https:\/\/www.instagram.com\/fcejs.unsl\/","https:\/\/www.youtube.com\/channel\/UCH-Ut6EaN_X5ogjIQMPe46g\/"]},{"@type":"Person","@id":"https:\/\/www.fcejs.unsl.edu.ar\/#\/schema\/person\/352ee6ed90c3f394c7cb5945f8956d34","name":"DATI"}]}},"jetpack_featured_media_url":"https:\/\/www.fcejs.unsl.edu.ar\/wp-content\/uploads\/2025\/04\/semilla-homologacion-convenio-front.jpg","_links":{"self":[{"href":"https:\/\/www.fcejs.unsl.edu.ar\/index.php\/wp-json\/wp\/v2\/posts\/22736","targetHints":{"allow":["GET"]}}],"collection":[{"href":"https:\/\/www.fcejs.unsl.edu.ar\/index.php\/wp-json\/wp\/v2\/posts"}],"about":[{"href":"https:\/\/www.fcejs.unsl.edu.ar\/index.php\/wp-json\/wp\/v2\/types\/post"}],"author":[{"embeddable":true,"href":"https:\/\/www.fcejs.unsl.edu.ar\/index.php\/wp-json\/wp\/v2\/users\/9"}],"replies":[{"embeddable":true,"href":"https:\/\/www.fcejs.unsl.edu.ar\/index.php\/wp-json\/wp\/v2\/comments?post=22736"}],"version-history":[{"count":4,"href":"https:\/\/www.fcejs.unsl.edu.ar\/index.php\/wp-json\/wp\/v2\/posts\/22736\/revisions"}],"predecessor-version":[{"id":22745,"href":"https:\/\/www.fcejs.unsl.edu.ar\/index.php\/wp-json\/wp\/v2\/posts\/22736\/revisions\/22745"}],"wp:featuredmedia":[{"embeddable":true,"href":"https:\/\/www.fcejs.unsl.edu.ar\/index.php\/wp-json\/wp\/v2\/media\/20009"}],"wp:attachment":[{"href":"https:\/\/www.fcejs.unsl.edu.ar\/index.php\/wp-json\/wp\/v2\/media?parent=22736"}],"wp:term":[{"taxonomy":"category","embeddable":true,"href":"https:\/\/www.fcejs.unsl.edu.ar\/index.php\/wp-json\/wp\/v2\/categories?post=22736"},{"taxonomy":"post_tag","embeddable":true,"href":"https:\/\/www.fcejs.unsl.edu.ar\/index.php\/wp-json\/wp\/v2\/tags?post=22736"}],"curies":[{"name":"wp","href":"https:\/\/api.w.org\/{rel}","templated":true}]}}