{"id":22724,"date":"2025-11-25T11:42:55","date_gmt":"2025-11-25T14:42:55","guid":{"rendered":"https:\/\/www.fcejs.unsl.edu.ar\/?p=22724"},"modified":"2025-12-03T09:10:17","modified_gmt":"2025-12-03T12:10:17","slug":"memorias-en-tramas-un-encuentro-entre-poesia-arte-textil-y-teatro","status":"publish","type":"post","link":"https:\/\/www.fcejs.unsl.edu.ar\/index.php\/memorias-en-tramas-un-encuentro-entre-poesia-arte-textil-y-teatro\/","title":{"rendered":"\u201cMemorias en tramas: un encuentro entre poes\u00eda, arte textil y teatro\u201d"},"content":{"rendered":"<p>La <strong>Secretar\u00eda de Extensi\u00f3n Universitaria<\/strong> invita a participar del encuentro de divulgaci\u00f3n <strong>\u201cMemorias en tramas: un encuentro entre poes\u00eda, arte textil y teatro\u201d<\/strong>, una propuesta que busca promover, a partir de diversas expresiones art\u00edstico-culturales, un espacio de intercambio y reflexi\u00f3n en torno a la producci\u00f3n de memorias sociales.<\/p>\n<p>La actividad se realizar\u00e1 el <strong>viernes 28 de noviembre de 2025<\/strong>, con dos instancias presenciales:<\/p>\n<ul>\n<li><strong>De 17 a 19 hs \u2013 Aula 12<\/strong><\/li>\n<li><strong>De 19 a 20 hs \u2013 Aula Dante Bodo<\/strong><\/li>\n<\/ul>\n<p>&nbsp;<\/p>\n<p>La participaci\u00f3n est\u00e1 destinada a <strong>estudiantes, docentes y p\u00fablico en general<\/strong>, y requiere inscripci\u00f3n previa a trav\u00e9s del siguiente formulario:<\/p>\n<p><strong><a href=\"https:\/\/forms.gle\/rqQhSTFGukFD4wCW6\">https:\/\/forms.gle\/rqQhSTFGukFD4wCW6<\/a><\/strong><\/p>\n<p>&nbsp;<\/p>\n<p>El encuentro propone generar un \u00e1mbito que favorezca el di\u00e1logo entre artistas de la provincia de San Luis cuyas producciones activan memorias a trav\u00e9s de distintos lenguajes. Para esta edici\u00f3n fueron convocados <strong>Luis Vilchez y M\u00f3nica Algarbe<\/strong>, editores de la Revista Cultural Latinoamericana <em>El Viento<\/em>; la <strong>profesora y artista visual Laura Comatelli<\/strong>; y el <strong>elenco de la obra teatral \u201cUn D\u00eda de Junio de 1955\u201d<\/strong>, del Grupo de Teatro TIM.<\/p>\n<p>&nbsp;<\/p>\n<p>Las producciones culturales son <strong>\u201cveh\u00edculos de memorias\u201d<\/strong>, evocan pasados, construyen sentidos, los ponen a circular, y funcionan como laboratorios de memorias, lugares creativos, de ensayo. En este sentido, no son simplemente conductos que transmiten memorias, sino que pueden formar y transformar maneras de experimentar el tiempo poniendo en relaci\u00f3n pasados-presentes y futuros posibles.<\/p>\n<p><strong>\u00a0<\/strong><\/p>\n<p><strong>Organizan<\/strong><\/p>\n<ul>\n<li><strong>PROICO 15-0423:<\/strong> <em>\u201cEntrelazando narrativas: memorias y usos del pasado en San Luis a fines del siglo XX y principios del siglo XXI\u201d<\/em><\/li>\n<li><strong>Seminario Memoria y Trabajo Social<\/strong><\/li>\n<\/ul>\n","protected":false},"excerpt":{"rendered":"<p>La Secretar\u00eda de Extensi\u00f3n Universitaria invita a participar del encuentro de divulgaci\u00f3n \u201cMemorias en tramas: un encuentro entre poes\u00eda, arte textil y teatro\u201d, una propuesta&hellip;<\/p>\n","protected":false},"author":9,"featured_media":22725,"comment_status":"closed","ping_status":"closed","sticky":false,"template":"","format":"standard","meta":{"om_disable_all_campaigns":false,"_monsterinsights_skip_tracking":false,"_monsterinsights_sitenote_active":false,"_monsterinsights_sitenote_note":"","_monsterinsights_sitenote_category":0,"footnotes":""},"categories":[1],"tags":[],"class_list":["post-22724","post","type-post","status-publish","format-standard","has-post-thumbnail","hentry","category-noticias"],"yoast_head":"<!-- This site is optimized with the Yoast SEO plugin v27.4 - https:\/\/yoast.com\/product\/yoast-seo-wordpress\/ -->\n<title>\u201cMemorias en tramas: un encuentro entre poes\u00eda, arte textil y teatro\u201d - Facultad de Ciencias Econ\u00f3micas, Jur\u00ed\u00addicas y Sociales<\/title>\n<meta name=\"robots\" content=\"index, follow, max-snippet:-1, max-image-preview:large, max-video-preview:-1\" \/>\n<link rel=\"canonical\" href=\"https:\/\/www.fcejs.unsl.edu.ar\/index.php\/memorias-en-tramas-un-encuentro-entre-poesia-arte-textil-y-teatro\/\" \/>\n<meta property=\"og:locale\" content=\"es_ES\" \/>\n<meta property=\"og:type\" content=\"article\" \/>\n<meta property=\"og:title\" content=\"\u201cMemorias en tramas: un encuentro entre poes\u00eda, arte textil y teatro\u201d - Facultad de Ciencias Econ\u00f3micas, Jur\u00ed\u00addicas y Sociales\" \/>\n<meta property=\"og:description\" content=\"La Secretar\u00eda de Extensi\u00f3n Universitaria invita a participar del encuentro de divulgaci\u00f3n \u201cMemorias en tramas: un encuentro entre poes\u00eda, arte textil y teatro\u201d, una propuesta&hellip;\" \/>\n<meta property=\"og:url\" content=\"https:\/\/www.fcejs.unsl.edu.ar\/index.php\/memorias-en-tramas-un-encuentro-entre-poesia-arte-textil-y-teatro\/\" \/>\n<meta property=\"og:site_name\" content=\"Facultad de Ciencias Econ\u00f3micas, Jur\u00ed\u00addicas y Sociales\" \/>\n<meta property=\"article:publisher\" content=\"https:\/\/www.facebook.com\/FCEJS.UNSL\/\" \/>\n<meta property=\"article:published_time\" content=\"2025-11-25T14:42:55+00:00\" \/>\n<meta property=\"article:modified_time\" content=\"2025-12-03T12:10:17+00:00\" \/>\n<meta property=\"og:image\" content=\"https:\/\/www.fcejs.unsl.edu.ar\/wp-content\/uploads\/2025\/11\/memorias.png\" \/>\n\t<meta property=\"og:image:width\" content=\"1554\" \/>\n\t<meta property=\"og:image:height\" content=\"664\" \/>\n\t<meta property=\"og:image:type\" content=\"image\/png\" \/>\n<meta name=\"author\" content=\"DATI\" \/>\n<meta name=\"twitter:card\" content=\"summary_large_image\" \/>\n<meta name=\"twitter:creator\" content=\"@FCEJSUNSL\" \/>\n<meta name=\"twitter:site\" content=\"@FCEJSUNSL\" \/>\n<meta name=\"twitter:label1\" content=\"Escrito por\" \/>\n\t<meta name=\"twitter:data1\" content=\"DATI\" \/>\n\t<meta name=\"twitter:label2\" content=\"Tiempo de lectura\" \/>\n\t<meta name=\"twitter:data2\" content=\"2 minutos\" \/>\n<script type=\"application\/ld+json\" class=\"yoast-schema-graph\">{\"@context\":\"https:\\\/\\\/schema.org\",\"@graph\":[{\"@type\":\"Article\",\"@id\":\"https:\\\/\\\/www.fcejs.unsl.edu.ar\\\/index.php\\\/memorias-en-tramas-un-encuentro-entre-poesia-arte-textil-y-teatro\\\/#article\",\"isPartOf\":{\"@id\":\"https:\\\/\\\/www.fcejs.unsl.edu.ar\\\/index.php\\\/memorias-en-tramas-un-encuentro-entre-poesia-arte-textil-y-teatro\\\/\"},\"author\":{\"name\":\"DATI\",\"@id\":\"https:\\\/\\\/www.fcejs.unsl.edu.ar\\\/#\\\/schema\\\/person\\\/352ee6ed90c3f394c7cb5945f8956d34\"},\"headline\":\"\u201cMemorias en tramas: un encuentro entre poes\u00eda, arte textil y teatro\u201d\",\"datePublished\":\"2025-11-25T14:42:55+00:00\",\"dateModified\":\"2025-12-03T12:10:17+00:00\",\"mainEntityOfPage\":{\"@id\":\"https:\\\/\\\/www.fcejs.unsl.edu.ar\\\/index.php\\\/memorias-en-tramas-un-encuentro-entre-poesia-arte-textil-y-teatro\\\/\"},\"wordCount\":279,\"publisher\":{\"@id\":\"https:\\\/\\\/www.fcejs.unsl.edu.ar\\\/#organization\"},\"image\":{\"@id\":\"https:\\\/\\\/www.fcejs.unsl.edu.ar\\\/index.php\\\/memorias-en-tramas-un-encuentro-entre-poesia-arte-textil-y-teatro\\\/#primaryimage\"},\"thumbnailUrl\":\"https:\\\/\\\/www.fcejs.unsl.edu.ar\\\/wp-content\\\/uploads\\\/2025\\\/11\\\/memorias.png\",\"articleSection\":[\"Noticias\"],\"inLanguage\":\"es-AR\"},{\"@type\":\"WebPage\",\"@id\":\"https:\\\/\\\/www.fcejs.unsl.edu.ar\\\/index.php\\\/memorias-en-tramas-un-encuentro-entre-poesia-arte-textil-y-teatro\\\/\",\"url\":\"https:\\\/\\\/www.fcejs.unsl.edu.ar\\\/index.php\\\/memorias-en-tramas-un-encuentro-entre-poesia-arte-textil-y-teatro\\\/\",\"name\":\"\u201cMemorias en tramas: un encuentro entre poes\u00eda, arte textil y teatro\u201d - Facultad de Ciencias Econ\u00f3micas, Jur\u00ed\u00addicas y Sociales\",\"isPartOf\":{\"@id\":\"https:\\\/\\\/www.fcejs.unsl.edu.ar\\\/#website\"},\"primaryImageOfPage\":{\"@id\":\"https:\\\/\\\/www.fcejs.unsl.edu.ar\\\/index.php\\\/memorias-en-tramas-un-encuentro-entre-poesia-arte-textil-y-teatro\\\/#primaryimage\"},\"image\":{\"@id\":\"https:\\\/\\\/www.fcejs.unsl.edu.ar\\\/index.php\\\/memorias-en-tramas-un-encuentro-entre-poesia-arte-textil-y-teatro\\\/#primaryimage\"},\"thumbnailUrl\":\"https:\\\/\\\/www.fcejs.unsl.edu.ar\\\/wp-content\\\/uploads\\\/2025\\\/11\\\/memorias.png\",\"datePublished\":\"2025-11-25T14:42:55+00:00\",\"dateModified\":\"2025-12-03T12:10:17+00:00\",\"breadcrumb\":{\"@id\":\"https:\\\/\\\/www.fcejs.unsl.edu.ar\\\/index.php\\\/memorias-en-tramas-un-encuentro-entre-poesia-arte-textil-y-teatro\\\/#breadcrumb\"},\"inLanguage\":\"es-AR\",\"potentialAction\":[{\"@type\":\"ReadAction\",\"target\":[\"https:\\\/\\\/www.fcejs.unsl.edu.ar\\\/index.php\\\/memorias-en-tramas-un-encuentro-entre-poesia-arte-textil-y-teatro\\\/\"]}]},{\"@type\":\"ImageObject\",\"inLanguage\":\"es-AR\",\"@id\":\"https:\\\/\\\/www.fcejs.unsl.edu.ar\\\/index.php\\\/memorias-en-tramas-un-encuentro-entre-poesia-arte-textil-y-teatro\\\/#primaryimage\",\"url\":\"https:\\\/\\\/www.fcejs.unsl.edu.ar\\\/wp-content\\\/uploads\\\/2025\\\/11\\\/memorias.png\",\"contentUrl\":\"https:\\\/\\\/www.fcejs.unsl.edu.ar\\\/wp-content\\\/uploads\\\/2025\\\/11\\\/memorias.png\",\"width\":1554,\"height\":664},{\"@type\":\"BreadcrumbList\",\"@id\":\"https:\\\/\\\/www.fcejs.unsl.edu.ar\\\/index.php\\\/memorias-en-tramas-un-encuentro-entre-poesia-arte-textil-y-teatro\\\/#breadcrumb\",\"itemListElement\":[{\"@type\":\"ListItem\",\"position\":1,\"name\":\"Inicio\",\"item\":\"https:\\\/\\\/www.fcejs.unsl.edu.ar\\\/\"},{\"@type\":\"ListItem\",\"position\":2,\"name\":\"\u201cMemorias en tramas: un encuentro entre poes\u00eda, arte textil y teatro\u201d\"}]},{\"@type\":\"WebSite\",\"@id\":\"https:\\\/\\\/www.fcejs.unsl.edu.ar\\\/#website\",\"url\":\"https:\\\/\\\/www.fcejs.unsl.edu.ar\\\/\",\"name\":\"Facultad de Ciencias Econ\u00f3micas, Jur\u00ed\u00addicas y Sociales\",\"description\":\"\",\"publisher\":{\"@id\":\"https:\\\/\\\/www.fcejs.unsl.edu.ar\\\/#organization\"},\"potentialAction\":[{\"@type\":\"SearchAction\",\"target\":{\"@type\":\"EntryPoint\",\"urlTemplate\":\"https:\\\/\\\/www.fcejs.unsl.edu.ar\\\/?s={search_term_string}\"},\"query-input\":{\"@type\":\"PropertyValueSpecification\",\"valueRequired\":true,\"valueName\":\"search_term_string\"}}],\"inLanguage\":\"es-AR\"},{\"@type\":\"Organization\",\"@id\":\"https:\\\/\\\/www.fcejs.unsl.edu.ar\\\/#organization\",\"name\":\"Facultad de Ciencias Econ\u00f3micas, Jur\u00eddicas y Sociales\",\"url\":\"https:\\\/\\\/www.fcejs.unsl.edu.ar\\\/\",\"logo\":{\"@type\":\"ImageObject\",\"inLanguage\":\"es-AR\",\"@id\":\"https:\\\/\\\/www.fcejs.unsl.edu.ar\\\/#\\\/schema\\\/logo\\\/image\\\/\",\"url\":\"https:\\\/\\\/www.fcejs.unsl.edu.ar\\\/wp-content\\\/uploads\\\/2021\\\/03\\\/logo-1.jpg\",\"contentUrl\":\"https:\\\/\\\/www.fcejs.unsl.edu.ar\\\/wp-content\\\/uploads\\\/2021\\\/03\\\/logo-1.jpg\",\"width\":471,\"height\":146,\"caption\":\"Facultad de Ciencias Econ\u00f3micas, Jur\u00eddicas y Sociales\"},\"image\":{\"@id\":\"https:\\\/\\\/www.fcejs.unsl.edu.ar\\\/#\\\/schema\\\/logo\\\/image\\\/\"},\"sameAs\":[\"https:\\\/\\\/www.facebook.com\\\/FCEJS.UNSL\\\/\",\"https:\\\/\\\/x.com\\\/FCEJSUNSL\",\"https:\\\/\\\/www.instagram.com\\\/fcejs.unsl\\\/\",\"https:\\\/\\\/www.youtube.com\\\/channel\\\/UCH-Ut6EaN_X5ogjIQMPe46g\\\/\"]},{\"@type\":\"Person\",\"@id\":\"https:\\\/\\\/www.fcejs.unsl.edu.ar\\\/#\\\/schema\\\/person\\\/352ee6ed90c3f394c7cb5945f8956d34\",\"name\":\"DATI\"}]}<\/script>\n<!-- \/ Yoast SEO plugin. -->","yoast_head_json":{"title":"\u201cMemorias en tramas: un encuentro entre poes\u00eda, arte textil y teatro\u201d - Facultad de Ciencias Econ\u00f3micas, Jur\u00ed\u00addicas y Sociales","robots":{"index":"index","follow":"follow","max-snippet":"max-snippet:-1","max-image-preview":"max-image-preview:large","max-video-preview":"max-video-preview:-1"},"canonical":"https:\/\/www.fcejs.unsl.edu.ar\/index.php\/memorias-en-tramas-un-encuentro-entre-poesia-arte-textil-y-teatro\/","og_locale":"es_ES","og_type":"article","og_title":"\u201cMemorias en tramas: un encuentro entre poes\u00eda, arte textil y teatro\u201d - Facultad de Ciencias Econ\u00f3micas, Jur\u00ed\u00addicas y Sociales","og_description":"La Secretar\u00eda de Extensi\u00f3n Universitaria invita a participar del encuentro de divulgaci\u00f3n \u201cMemorias en tramas: un encuentro entre poes\u00eda, arte textil y teatro\u201d, una propuesta&hellip;","og_url":"https:\/\/www.fcejs.unsl.edu.ar\/index.php\/memorias-en-tramas-un-encuentro-entre-poesia-arte-textil-y-teatro\/","og_site_name":"Facultad de Ciencias Econ\u00f3micas, Jur\u00ed\u00addicas y Sociales","article_publisher":"https:\/\/www.facebook.com\/FCEJS.UNSL\/","article_published_time":"2025-11-25T14:42:55+00:00","article_modified_time":"2025-12-03T12:10:17+00:00","og_image":[{"width":1554,"height":664,"url":"https:\/\/www.fcejs.unsl.edu.ar\/wp-content\/uploads\/2025\/11\/memorias.png","type":"image\/png"}],"author":"DATI","twitter_card":"summary_large_image","twitter_creator":"@FCEJSUNSL","twitter_site":"@FCEJSUNSL","twitter_misc":{"Escrito por":"DATI","Tiempo de lectura":"2 minutos"},"schema":{"@context":"https:\/\/schema.org","@graph":[{"@type":"Article","@id":"https:\/\/www.fcejs.unsl.edu.ar\/index.php\/memorias-en-tramas-un-encuentro-entre-poesia-arte-textil-y-teatro\/#article","isPartOf":{"@id":"https:\/\/www.fcejs.unsl.edu.ar\/index.php\/memorias-en-tramas-un-encuentro-entre-poesia-arte-textil-y-teatro\/"},"author":{"name":"DATI","@id":"https:\/\/www.fcejs.unsl.edu.ar\/#\/schema\/person\/352ee6ed90c3f394c7cb5945f8956d34"},"headline":"\u201cMemorias en tramas: un encuentro entre poes\u00eda, arte textil y teatro\u201d","datePublished":"2025-11-25T14:42:55+00:00","dateModified":"2025-12-03T12:10:17+00:00","mainEntityOfPage":{"@id":"https:\/\/www.fcejs.unsl.edu.ar\/index.php\/memorias-en-tramas-un-encuentro-entre-poesia-arte-textil-y-teatro\/"},"wordCount":279,"publisher":{"@id":"https:\/\/www.fcejs.unsl.edu.ar\/#organization"},"image":{"@id":"https:\/\/www.fcejs.unsl.edu.ar\/index.php\/memorias-en-tramas-un-encuentro-entre-poesia-arte-textil-y-teatro\/#primaryimage"},"thumbnailUrl":"https:\/\/www.fcejs.unsl.edu.ar\/wp-content\/uploads\/2025\/11\/memorias.png","articleSection":["Noticias"],"inLanguage":"es-AR"},{"@type":"WebPage","@id":"https:\/\/www.fcejs.unsl.edu.ar\/index.php\/memorias-en-tramas-un-encuentro-entre-poesia-arte-textil-y-teatro\/","url":"https:\/\/www.fcejs.unsl.edu.ar\/index.php\/memorias-en-tramas-un-encuentro-entre-poesia-arte-textil-y-teatro\/","name":"\u201cMemorias en tramas: un encuentro entre poes\u00eda, arte textil y teatro\u201d - Facultad de Ciencias Econ\u00f3micas, Jur\u00ed\u00addicas y Sociales","isPartOf":{"@id":"https:\/\/www.fcejs.unsl.edu.ar\/#website"},"primaryImageOfPage":{"@id":"https:\/\/www.fcejs.unsl.edu.ar\/index.php\/memorias-en-tramas-un-encuentro-entre-poesia-arte-textil-y-teatro\/#primaryimage"},"image":{"@id":"https:\/\/www.fcejs.unsl.edu.ar\/index.php\/memorias-en-tramas-un-encuentro-entre-poesia-arte-textil-y-teatro\/#primaryimage"},"thumbnailUrl":"https:\/\/www.fcejs.unsl.edu.ar\/wp-content\/uploads\/2025\/11\/memorias.png","datePublished":"2025-11-25T14:42:55+00:00","dateModified":"2025-12-03T12:10:17+00:00","breadcrumb":{"@id":"https:\/\/www.fcejs.unsl.edu.ar\/index.php\/memorias-en-tramas-un-encuentro-entre-poesia-arte-textil-y-teatro\/#breadcrumb"},"inLanguage":"es-AR","potentialAction":[{"@type":"ReadAction","target":["https:\/\/www.fcejs.unsl.edu.ar\/index.php\/memorias-en-tramas-un-encuentro-entre-poesia-arte-textil-y-teatro\/"]}]},{"@type":"ImageObject","inLanguage":"es-AR","@id":"https:\/\/www.fcejs.unsl.edu.ar\/index.php\/memorias-en-tramas-un-encuentro-entre-poesia-arte-textil-y-teatro\/#primaryimage","url":"https:\/\/www.fcejs.unsl.edu.ar\/wp-content\/uploads\/2025\/11\/memorias.png","contentUrl":"https:\/\/www.fcejs.unsl.edu.ar\/wp-content\/uploads\/2025\/11\/memorias.png","width":1554,"height":664},{"@type":"BreadcrumbList","@id":"https:\/\/www.fcejs.unsl.edu.ar\/index.php\/memorias-en-tramas-un-encuentro-entre-poesia-arte-textil-y-teatro\/#breadcrumb","itemListElement":[{"@type":"ListItem","position":1,"name":"Inicio","item":"https:\/\/www.fcejs.unsl.edu.ar\/"},{"@type":"ListItem","position":2,"name":"\u201cMemorias en tramas: un encuentro entre poes\u00eda, arte textil y teatro\u201d"}]},{"@type":"WebSite","@id":"https:\/\/www.fcejs.unsl.edu.ar\/#website","url":"https:\/\/www.fcejs.unsl.edu.ar\/","name":"Facultad de Ciencias Econ\u00f3micas, Jur\u00ed\u00addicas y Sociales","description":"","publisher":{"@id":"https:\/\/www.fcejs.unsl.edu.ar\/#organization"},"potentialAction":[{"@type":"SearchAction","target":{"@type":"EntryPoint","urlTemplate":"https:\/\/www.fcejs.unsl.edu.ar\/?s={search_term_string}"},"query-input":{"@type":"PropertyValueSpecification","valueRequired":true,"valueName":"search_term_string"}}],"inLanguage":"es-AR"},{"@type":"Organization","@id":"https:\/\/www.fcejs.unsl.edu.ar\/#organization","name":"Facultad de Ciencias Econ\u00f3micas, Jur\u00eddicas y Sociales","url":"https:\/\/www.fcejs.unsl.edu.ar\/","logo":{"@type":"ImageObject","inLanguage":"es-AR","@id":"https:\/\/www.fcejs.unsl.edu.ar\/#\/schema\/logo\/image\/","url":"https:\/\/www.fcejs.unsl.edu.ar\/wp-content\/uploads\/2021\/03\/logo-1.jpg","contentUrl":"https:\/\/www.fcejs.unsl.edu.ar\/wp-content\/uploads\/2021\/03\/logo-1.jpg","width":471,"height":146,"caption":"Facultad de Ciencias Econ\u00f3micas, Jur\u00eddicas y Sociales"},"image":{"@id":"https:\/\/www.fcejs.unsl.edu.ar\/#\/schema\/logo\/image\/"},"sameAs":["https:\/\/www.facebook.com\/FCEJS.UNSL\/","https:\/\/x.com\/FCEJSUNSL","https:\/\/www.instagram.com\/fcejs.unsl\/","https:\/\/www.youtube.com\/channel\/UCH-Ut6EaN_X5ogjIQMPe46g\/"]},{"@type":"Person","@id":"https:\/\/www.fcejs.unsl.edu.ar\/#\/schema\/person\/352ee6ed90c3f394c7cb5945f8956d34","name":"DATI"}]}},"jetpack_featured_media_url":"https:\/\/www.fcejs.unsl.edu.ar\/wp-content\/uploads\/2025\/11\/memorias.png","_links":{"self":[{"href":"https:\/\/www.fcejs.unsl.edu.ar\/index.php\/wp-json\/wp\/v2\/posts\/22724","targetHints":{"allow":["GET"]}}],"collection":[{"href":"https:\/\/www.fcejs.unsl.edu.ar\/index.php\/wp-json\/wp\/v2\/posts"}],"about":[{"href":"https:\/\/www.fcejs.unsl.edu.ar\/index.php\/wp-json\/wp\/v2\/types\/post"}],"author":[{"embeddable":true,"href":"https:\/\/www.fcejs.unsl.edu.ar\/index.php\/wp-json\/wp\/v2\/users\/9"}],"replies":[{"embeddable":true,"href":"https:\/\/www.fcejs.unsl.edu.ar\/index.php\/wp-json\/wp\/v2\/comments?post=22724"}],"version-history":[{"count":1,"href":"https:\/\/www.fcejs.unsl.edu.ar\/index.php\/wp-json\/wp\/v2\/posts\/22724\/revisions"}],"predecessor-version":[{"id":22726,"href":"https:\/\/www.fcejs.unsl.edu.ar\/index.php\/wp-json\/wp\/v2\/posts\/22724\/revisions\/22726"}],"wp:featuredmedia":[{"embeddable":true,"href":"https:\/\/www.fcejs.unsl.edu.ar\/index.php\/wp-json\/wp\/v2\/media\/22725"}],"wp:attachment":[{"href":"https:\/\/www.fcejs.unsl.edu.ar\/index.php\/wp-json\/wp\/v2\/media?parent=22724"}],"wp:term":[{"taxonomy":"category","embeddable":true,"href":"https:\/\/www.fcejs.unsl.edu.ar\/index.php\/wp-json\/wp\/v2\/categories?post=22724"},{"taxonomy":"post_tag","embeddable":true,"href":"https:\/\/www.fcejs.unsl.edu.ar\/index.php\/wp-json\/wp\/v2\/tags?post=22724"}],"curies":[{"name":"wp","href":"https:\/\/api.w.org\/{rel}","templated":true}]}}