{"id":22711,"date":"2025-11-25T14:47:30","date_gmt":"2025-11-25T17:47:30","guid":{"rendered":"https:\/\/www.fcejs.unsl.edu.ar\/?p=22711"},"modified":"2025-12-03T09:10:20","modified_gmt":"2025-12-03T12:10:20","slug":"la-provincia-de-bs-as-financiara-proyectos-de-investigacion-en-todo-el-pais-y-dos-incluyen-a-la-fcejs-unsl","status":"publish","type":"post","link":"https:\/\/www.fcejs.unsl.edu.ar\/index.php\/la-provincia-de-bs-as-financiara-proyectos-de-investigacion-en-todo-el-pais-y-dos-incluyen-a-la-fcejs-unsl\/","title":{"rendered":"Proyectos Bonaerenses de Federalizaci\u00f3n de la Ciencia y Tecnolog\u00eda"},"content":{"rendered":"<p>El <strong>Gobierno de la provincia de Buenos Aires<\/strong> anunci\u00f3 los resultados del tramo preparatorio de los <strong>Proyectos Bonaerenses de Federalizaci\u00f3n de la Ciencia y la Tecnolog\u00eda<\/strong>, una convocatoria que, en un <strong>contexto nacional marcado por el desfinanciamiento de la ciencia, la tecnolog\u00eda y la educaci\u00f3n<\/strong>, se sostiene \u00edntegramente con financiamiento del Estado provincial bonaerense. La iniciativa expresa una decisi\u00f3n pol\u00edtica clara: promover la producci\u00f3n de conocimiento con una mirada federal, comunitaria y solidaria, en articulaci\u00f3n entre instituciones de distintos territorios del pa\u00eds.<\/p>\n<p>La propuesta se estructura a trav\u00e9s de redes acad\u00e9micas interprovinciales que trabajan por nodos, con el fin de abordar problem\u00e1ticas comunes desde perspectivas comparadas y con fuerte anclaje territorial. En este esquema, investigadores e investigadoras de la Facultad de Ciencias Econ\u00f3micas, Jur\u00eddicas y Sociales de la Universidad Nacional de San Luis integran dos de los nodos aprobados.<\/p>\n<p>La participaci\u00f3n de la <strong>Universidad Nacional de San Luis en la convocatoria fue posible gracias al convenio firmado con la Provincia de Buenos Aires durante el Tercer Encuentro del Programa Puentes<\/strong>, realizado en junio en la ciudad de Mar del Plata. La gesti\u00f3n del convenio y de los proyectos vinculados se encuentra bajo la \u00f3rbita de la <strong>Unidad de Gesti\u00f3n de Programas Especiales (UGPE)<\/strong> de la Facultad de Ciencias Econ\u00f3micas, Jur\u00eddicas y Sociales de la Universidad Nacional de San Luis.<\/p>\n<p>&nbsp;<\/p>\n<p><strong>Proyectos seleccionados con participaci\u00f3n de la Universidad Nacional de San Luis<\/strong><\/p>\n<ol>\n<li><strong> El federalismo argentino: desigualdades regionales y desaf\u00edos para promover el desarrollo inclusivo<\/strong><\/li>\n<\/ol>\n<p>Este proyecto se propone estudiar las distintas configuraciones del federalismo argentino a partir del an\u00e1lisis de desigualdades econ\u00f3micas, sociales, institucionales y territoriales entre provincias y regiones. El trabajo se centra en casos representativos: Buenos Aires, Entre R\u00edos, C\u00f3rdoba, La Pampa y San Luis. Su objetivo es construir diagn\u00f3sticos comparados que permitan identificar brechas estructurales, revisar las herramientas de coordinaci\u00f3n intergubernamental y generar propuestas de pol\u00edticas p\u00fablicas capaces de promover un desarrollo inclusivo y equilibrado entre jurisdicciones.<\/p>\n<p>Participan: Universidad Nacional de San Luis; Universidad Nacional de General Sarmiento; Universidad Nacional de C\u00f3rdoba; Universidad Nacional de Entre R\u00edos; Universidad Nacional de La Pampa.<\/p>\n<p><strong>Docentes investigadoras\/es por la UNSL: Esp. Mariana Zavala, Mgter. H\u00e9ctor Flores y CPN Ignacio P\u00e9rez Cometto.<\/strong><\/p>\n<p>&nbsp;<\/p>\n<ol start=\"2\">\n<li><strong> Proyectos de futuro y trayectorias juveniles de inserci\u00f3n en el mundo del trabajo: tensiones y oportunidades<\/strong><\/li>\n<\/ol>\n<p>Este proyecto analiza las experiencias, expectativas y obst\u00e1culos que enfrentan las juventudes en sus procesos de construcci\u00f3n de trayectorias educativas y laborales, considerando c\u00f3mo influyen las condiciones socioecon\u00f3micas, las transformaciones del mercado de trabajo, las pol\u00edticas p\u00fablicas y las desigualdades regionales. La iniciativa compara realidades de diversas provincias y busca generar insumos para el dise\u00f1o de pol\u00edticas de empleo juvenil situadas, capaces de ampliar oportunidades, reducir barreras de acceso y fortalecer el acompa\u00f1amiento institucional de los j\u00f3venes en todo el pa\u00eds.<br \/>\nParticipan: Universidad Nacional de San Luis; Universidad Nacional de Quilmes; Universidad Nacional de Tucum\u00e1n; Universidad Nacional de Almirante Brown.<\/p>\n<p><strong>Docentes investigadoras\/es por la UNSL: Mgter. Alejandra Rovacio, Mgter. Ayelen Neme, Esp. Andrea Corna, Mgter. Mariana Rodriguez, y CPN. Facundo Rovira<\/strong><\/p>\n<p>&nbsp;<\/p>\n<p>&nbsp;<\/p>\n<p><img fetchpriority=\"high\" decoding=\"async\" class=\"alignnone size-medium wp-image-22729\" src=\"https:\/\/www.fcejs.unsl.edu.ar\/wp-content\/uploads\/2025\/11\/2-1-240x300.png\" alt=\"\" width=\"240\" height=\"300\" srcset=\"https:\/\/www.fcejs.unsl.edu.ar\/wp-content\/uploads\/2025\/11\/2-1-240x300.png 240w, https:\/\/www.fcejs.unsl.edu.ar\/wp-content\/uploads\/2025\/11\/2-1-819x1024.png 819w, https:\/\/www.fcejs.unsl.edu.ar\/wp-content\/uploads\/2025\/11\/2-1-768x960.png 768w, https:\/\/www.fcejs.unsl.edu.ar\/wp-content\/uploads\/2025\/11\/2-1.png 1080w\" sizes=\"(max-width: 240px) 100vw, 240px\" \/> <img decoding=\"async\" class=\"alignnone size-medium wp-image-22730\" src=\"https:\/\/www.fcejs.unsl.edu.ar\/wp-content\/uploads\/2025\/11\/1-1-240x300.png\" alt=\"\" width=\"240\" height=\"300\" srcset=\"https:\/\/www.fcejs.unsl.edu.ar\/wp-content\/uploads\/2025\/11\/1-1-240x300.png 240w, https:\/\/www.fcejs.unsl.edu.ar\/wp-content\/uploads\/2025\/11\/1-1-819x1024.png 819w, https:\/\/www.fcejs.unsl.edu.ar\/wp-content\/uploads\/2025\/11\/1-1-768x960.png 768w, https:\/\/www.fcejs.unsl.edu.ar\/wp-content\/uploads\/2025\/11\/1-1.png 1080w\" sizes=\"(max-width: 240px) 100vw, 240px\" \/><\/p>\n","protected":false},"excerpt":{"rendered":"<p>El Gobierno de la provincia de Buenos Aires anunci\u00f3 los resultados del tramo preparatorio de los Proyectos Bonaerenses de Federalizaci\u00f3n de la Ciencia y la&hellip;<\/p>\n","protected":false},"author":9,"featured_media":22732,"comment_status":"closed","ping_status":"closed","sticky":false,"template":"","format":"standard","meta":{"om_disable_all_campaigns":false,"_monsterinsights_skip_tracking":false,"_monsterinsights_sitenote_active":false,"_monsterinsights_sitenote_note":"","_monsterinsights_sitenote_category":0,"footnotes":""},"categories":[1],"tags":[],"class_list":["post-22711","post","type-post","status-publish","format-standard","has-post-thumbnail","hentry","category-noticias"],"yoast_head":"<!-- This site is optimized with the Yoast SEO plugin v27.4 - https:\/\/yoast.com\/product\/yoast-seo-wordpress\/ -->\n<title>Proyectos Bonaerenses de Federalizaci\u00f3n de la Ciencia y Tecnolog\u00eda - Facultad de Ciencias Econ\u00f3micas, Jur\u00ed\u00addicas y Sociales<\/title>\n<meta name=\"robots\" content=\"index, follow, max-snippet:-1, max-image-preview:large, max-video-preview:-1\" \/>\n<link rel=\"canonical\" href=\"https:\/\/www.fcejs.unsl.edu.ar\/index.php\/la-provincia-de-bs-as-financiara-proyectos-de-investigacion-en-todo-el-pais-y-dos-incluyen-a-la-fcejs-unsl\/\" \/>\n<meta property=\"og:locale\" content=\"es_ES\" \/>\n<meta property=\"og:type\" content=\"article\" \/>\n<meta property=\"og:title\" content=\"Proyectos Bonaerenses de Federalizaci\u00f3n de la Ciencia y Tecnolog\u00eda - Facultad de Ciencias Econ\u00f3micas, Jur\u00ed\u00addicas y Sociales\" \/>\n<meta property=\"og:description\" content=\"El Gobierno de la provincia de Buenos Aires anunci\u00f3 los resultados del tramo preparatorio de los Proyectos Bonaerenses de Federalizaci\u00f3n de la Ciencia y la&hellip;\" \/>\n<meta property=\"og:url\" content=\"https:\/\/www.fcejs.unsl.edu.ar\/index.php\/la-provincia-de-bs-as-financiara-proyectos-de-investigacion-en-todo-el-pais-y-dos-incluyen-a-la-fcejs-unsl\/\" \/>\n<meta property=\"og:site_name\" content=\"Facultad de Ciencias Econ\u00f3micas, Jur\u00ed\u00addicas y Sociales\" \/>\n<meta property=\"article:publisher\" content=\"https:\/\/www.facebook.com\/FCEJS.UNSL\/\" \/>\n<meta property=\"article:published_time\" content=\"2025-11-25T17:47:30+00:00\" \/>\n<meta property=\"article:modified_time\" content=\"2025-12-03T12:10:20+00:00\" \/>\n<meta property=\"og:image\" content=\"https:\/\/www.fcejs.unsl.edu.ar\/wp-content\/uploads\/2025\/11\/bonaerense-scaled.png\" \/>\n\t<meta property=\"og:image:width\" content=\"2560\" \/>\n\t<meta property=\"og:image:height\" content=\"1081\" \/>\n\t<meta property=\"og:image:type\" content=\"image\/png\" \/>\n<meta name=\"author\" content=\"DATI\" \/>\n<meta name=\"twitter:card\" content=\"summary_large_image\" \/>\n<meta name=\"twitter:creator\" content=\"@FCEJSUNSL\" \/>\n<meta name=\"twitter:site\" content=\"@FCEJSUNSL\" \/>\n<meta name=\"twitter:label1\" content=\"Escrito por\" \/>\n\t<meta name=\"twitter:data1\" content=\"DATI\" \/>\n\t<meta name=\"twitter:label2\" content=\"Tiempo de lectura\" \/>\n\t<meta name=\"twitter:data2\" content=\"3 minutos\" \/>\n<script type=\"application\/ld+json\" class=\"yoast-schema-graph\">{\"@context\":\"https:\\\/\\\/schema.org\",\"@graph\":[{\"@type\":\"Article\",\"@id\":\"https:\\\/\\\/www.fcejs.unsl.edu.ar\\\/index.php\\\/la-provincia-de-bs-as-financiara-proyectos-de-investigacion-en-todo-el-pais-y-dos-incluyen-a-la-fcejs-unsl\\\/#article\",\"isPartOf\":{\"@id\":\"https:\\\/\\\/www.fcejs.unsl.edu.ar\\\/index.php\\\/la-provincia-de-bs-as-financiara-proyectos-de-investigacion-en-todo-el-pais-y-dos-incluyen-a-la-fcejs-unsl\\\/\"},\"author\":{\"name\":\"DATI\",\"@id\":\"https:\\\/\\\/www.fcejs.unsl.edu.ar\\\/#\\\/schema\\\/person\\\/352ee6ed90c3f394c7cb5945f8956d34\"},\"headline\":\"Proyectos Bonaerenses de Federalizaci\u00f3n de la Ciencia y Tecnolog\u00eda\",\"datePublished\":\"2025-11-25T17:47:30+00:00\",\"dateModified\":\"2025-12-03T12:10:20+00:00\",\"mainEntityOfPage\":{\"@id\":\"https:\\\/\\\/www.fcejs.unsl.edu.ar\\\/index.php\\\/la-provincia-de-bs-as-financiara-proyectos-de-investigacion-en-todo-el-pais-y-dos-incluyen-a-la-fcejs-unsl\\\/\"},\"wordCount\":559,\"publisher\":{\"@id\":\"https:\\\/\\\/www.fcejs.unsl.edu.ar\\\/#organization\"},\"image\":{\"@id\":\"https:\\\/\\\/www.fcejs.unsl.edu.ar\\\/index.php\\\/la-provincia-de-bs-as-financiara-proyectos-de-investigacion-en-todo-el-pais-y-dos-incluyen-a-la-fcejs-unsl\\\/#primaryimage\"},\"thumbnailUrl\":\"https:\\\/\\\/www.fcejs.unsl.edu.ar\\\/wp-content\\\/uploads\\\/2025\\\/11\\\/bonaerense-scaled.png\",\"articleSection\":[\"Noticias\"],\"inLanguage\":\"es-AR\"},{\"@type\":\"WebPage\",\"@id\":\"https:\\\/\\\/www.fcejs.unsl.edu.ar\\\/index.php\\\/la-provincia-de-bs-as-financiara-proyectos-de-investigacion-en-todo-el-pais-y-dos-incluyen-a-la-fcejs-unsl\\\/\",\"url\":\"https:\\\/\\\/www.fcejs.unsl.edu.ar\\\/index.php\\\/la-provincia-de-bs-as-financiara-proyectos-de-investigacion-en-todo-el-pais-y-dos-incluyen-a-la-fcejs-unsl\\\/\",\"name\":\"Proyectos Bonaerenses de Federalizaci\u00f3n de la Ciencia y Tecnolog\u00eda - Facultad de Ciencias Econ\u00f3micas, Jur\u00ed\u00addicas y Sociales\",\"isPartOf\":{\"@id\":\"https:\\\/\\\/www.fcejs.unsl.edu.ar\\\/#website\"},\"primaryImageOfPage\":{\"@id\":\"https:\\\/\\\/www.fcejs.unsl.edu.ar\\\/index.php\\\/la-provincia-de-bs-as-financiara-proyectos-de-investigacion-en-todo-el-pais-y-dos-incluyen-a-la-fcejs-unsl\\\/#primaryimage\"},\"image\":{\"@id\":\"https:\\\/\\\/www.fcejs.unsl.edu.ar\\\/index.php\\\/la-provincia-de-bs-as-financiara-proyectos-de-investigacion-en-todo-el-pais-y-dos-incluyen-a-la-fcejs-unsl\\\/#primaryimage\"},\"thumbnailUrl\":\"https:\\\/\\\/www.fcejs.unsl.edu.ar\\\/wp-content\\\/uploads\\\/2025\\\/11\\\/bonaerense-scaled.png\",\"datePublished\":\"2025-11-25T17:47:30+00:00\",\"dateModified\":\"2025-12-03T12:10:20+00:00\",\"breadcrumb\":{\"@id\":\"https:\\\/\\\/www.fcejs.unsl.edu.ar\\\/index.php\\\/la-provincia-de-bs-as-financiara-proyectos-de-investigacion-en-todo-el-pais-y-dos-incluyen-a-la-fcejs-unsl\\\/#breadcrumb\"},\"inLanguage\":\"es-AR\",\"potentialAction\":[{\"@type\":\"ReadAction\",\"target\":[\"https:\\\/\\\/www.fcejs.unsl.edu.ar\\\/index.php\\\/la-provincia-de-bs-as-financiara-proyectos-de-investigacion-en-todo-el-pais-y-dos-incluyen-a-la-fcejs-unsl\\\/\"]}]},{\"@type\":\"ImageObject\",\"inLanguage\":\"es-AR\",\"@id\":\"https:\\\/\\\/www.fcejs.unsl.edu.ar\\\/index.php\\\/la-provincia-de-bs-as-financiara-proyectos-de-investigacion-en-todo-el-pais-y-dos-incluyen-a-la-fcejs-unsl\\\/#primaryimage\",\"url\":\"https:\\\/\\\/www.fcejs.unsl.edu.ar\\\/wp-content\\\/uploads\\\/2025\\\/11\\\/bonaerense-scaled.png\",\"contentUrl\":\"https:\\\/\\\/www.fcejs.unsl.edu.ar\\\/wp-content\\\/uploads\\\/2025\\\/11\\\/bonaerense-scaled.png\",\"width\":2560,\"height\":1081},{\"@type\":\"BreadcrumbList\",\"@id\":\"https:\\\/\\\/www.fcejs.unsl.edu.ar\\\/index.php\\\/la-provincia-de-bs-as-financiara-proyectos-de-investigacion-en-todo-el-pais-y-dos-incluyen-a-la-fcejs-unsl\\\/#breadcrumb\",\"itemListElement\":[{\"@type\":\"ListItem\",\"position\":1,\"name\":\"Inicio\",\"item\":\"https:\\\/\\\/www.fcejs.unsl.edu.ar\\\/\"},{\"@type\":\"ListItem\",\"position\":2,\"name\":\"Proyectos Bonaerenses de Federalizaci\u00f3n de la Ciencia y Tecnolog\u00eda\"}]},{\"@type\":\"WebSite\",\"@id\":\"https:\\\/\\\/www.fcejs.unsl.edu.ar\\\/#website\",\"url\":\"https:\\\/\\\/www.fcejs.unsl.edu.ar\\\/\",\"name\":\"Facultad de Ciencias Econ\u00f3micas, Jur\u00ed\u00addicas y Sociales\",\"description\":\"\",\"publisher\":{\"@id\":\"https:\\\/\\\/www.fcejs.unsl.edu.ar\\\/#organization\"},\"potentialAction\":[{\"@type\":\"SearchAction\",\"target\":{\"@type\":\"EntryPoint\",\"urlTemplate\":\"https:\\\/\\\/www.fcejs.unsl.edu.ar\\\/?s={search_term_string}\"},\"query-input\":{\"@type\":\"PropertyValueSpecification\",\"valueRequired\":true,\"valueName\":\"search_term_string\"}}],\"inLanguage\":\"es-AR\"},{\"@type\":\"Organization\",\"@id\":\"https:\\\/\\\/www.fcejs.unsl.edu.ar\\\/#organization\",\"name\":\"Facultad de Ciencias Econ\u00f3micas, Jur\u00eddicas y Sociales\",\"url\":\"https:\\\/\\\/www.fcejs.unsl.edu.ar\\\/\",\"logo\":{\"@type\":\"ImageObject\",\"inLanguage\":\"es-AR\",\"@id\":\"https:\\\/\\\/www.fcejs.unsl.edu.ar\\\/#\\\/schema\\\/logo\\\/image\\\/\",\"url\":\"https:\\\/\\\/www.fcejs.unsl.edu.ar\\\/wp-content\\\/uploads\\\/2021\\\/03\\\/logo-1.jpg\",\"contentUrl\":\"https:\\\/\\\/www.fcejs.unsl.edu.ar\\\/wp-content\\\/uploads\\\/2021\\\/03\\\/logo-1.jpg\",\"width\":471,\"height\":146,\"caption\":\"Facultad de Ciencias Econ\u00f3micas, Jur\u00eddicas y Sociales\"},\"image\":{\"@id\":\"https:\\\/\\\/www.fcejs.unsl.edu.ar\\\/#\\\/schema\\\/logo\\\/image\\\/\"},\"sameAs\":[\"https:\\\/\\\/www.facebook.com\\\/FCEJS.UNSL\\\/\",\"https:\\\/\\\/x.com\\\/FCEJSUNSL\",\"https:\\\/\\\/www.instagram.com\\\/fcejs.unsl\\\/\",\"https:\\\/\\\/www.youtube.com\\\/channel\\\/UCH-Ut6EaN_X5ogjIQMPe46g\\\/\"]},{\"@type\":\"Person\",\"@id\":\"https:\\\/\\\/www.fcejs.unsl.edu.ar\\\/#\\\/schema\\\/person\\\/352ee6ed90c3f394c7cb5945f8956d34\",\"name\":\"DATI\"}]}<\/script>\n<!-- \/ Yoast SEO plugin. -->","yoast_head_json":{"title":"Proyectos Bonaerenses de Federalizaci\u00f3n de la Ciencia y Tecnolog\u00eda - Facultad de Ciencias Econ\u00f3micas, Jur\u00ed\u00addicas y Sociales","robots":{"index":"index","follow":"follow","max-snippet":"max-snippet:-1","max-image-preview":"max-image-preview:large","max-video-preview":"max-video-preview:-1"},"canonical":"https:\/\/www.fcejs.unsl.edu.ar\/index.php\/la-provincia-de-bs-as-financiara-proyectos-de-investigacion-en-todo-el-pais-y-dos-incluyen-a-la-fcejs-unsl\/","og_locale":"es_ES","og_type":"article","og_title":"Proyectos Bonaerenses de Federalizaci\u00f3n de la Ciencia y Tecnolog\u00eda - Facultad de Ciencias Econ\u00f3micas, Jur\u00ed\u00addicas y Sociales","og_description":"El Gobierno de la provincia de Buenos Aires anunci\u00f3 los resultados del tramo preparatorio de los Proyectos Bonaerenses de Federalizaci\u00f3n de la Ciencia y la&hellip;","og_url":"https:\/\/www.fcejs.unsl.edu.ar\/index.php\/la-provincia-de-bs-as-financiara-proyectos-de-investigacion-en-todo-el-pais-y-dos-incluyen-a-la-fcejs-unsl\/","og_site_name":"Facultad de Ciencias Econ\u00f3micas, Jur\u00ed\u00addicas y Sociales","article_publisher":"https:\/\/www.facebook.com\/FCEJS.UNSL\/","article_published_time":"2025-11-25T17:47:30+00:00","article_modified_time":"2025-12-03T12:10:20+00:00","og_image":[{"width":2560,"height":1081,"url":"https:\/\/www.fcejs.unsl.edu.ar\/wp-content\/uploads\/2025\/11\/bonaerense-scaled.png","type":"image\/png"}],"author":"DATI","twitter_card":"summary_large_image","twitter_creator":"@FCEJSUNSL","twitter_site":"@FCEJSUNSL","twitter_misc":{"Escrito por":"DATI","Tiempo de lectura":"3 minutos"},"schema":{"@context":"https:\/\/schema.org","@graph":[{"@type":"Article","@id":"https:\/\/www.fcejs.unsl.edu.ar\/index.php\/la-provincia-de-bs-as-financiara-proyectos-de-investigacion-en-todo-el-pais-y-dos-incluyen-a-la-fcejs-unsl\/#article","isPartOf":{"@id":"https:\/\/www.fcejs.unsl.edu.ar\/index.php\/la-provincia-de-bs-as-financiara-proyectos-de-investigacion-en-todo-el-pais-y-dos-incluyen-a-la-fcejs-unsl\/"},"author":{"name":"DATI","@id":"https:\/\/www.fcejs.unsl.edu.ar\/#\/schema\/person\/352ee6ed90c3f394c7cb5945f8956d34"},"headline":"Proyectos Bonaerenses de Federalizaci\u00f3n de la Ciencia y Tecnolog\u00eda","datePublished":"2025-11-25T17:47:30+00:00","dateModified":"2025-12-03T12:10:20+00:00","mainEntityOfPage":{"@id":"https:\/\/www.fcejs.unsl.edu.ar\/index.php\/la-provincia-de-bs-as-financiara-proyectos-de-investigacion-en-todo-el-pais-y-dos-incluyen-a-la-fcejs-unsl\/"},"wordCount":559,"publisher":{"@id":"https:\/\/www.fcejs.unsl.edu.ar\/#organization"},"image":{"@id":"https:\/\/www.fcejs.unsl.edu.ar\/index.php\/la-provincia-de-bs-as-financiara-proyectos-de-investigacion-en-todo-el-pais-y-dos-incluyen-a-la-fcejs-unsl\/#primaryimage"},"thumbnailUrl":"https:\/\/www.fcejs.unsl.edu.ar\/wp-content\/uploads\/2025\/11\/bonaerense-scaled.png","articleSection":["Noticias"],"inLanguage":"es-AR"},{"@type":"WebPage","@id":"https:\/\/www.fcejs.unsl.edu.ar\/index.php\/la-provincia-de-bs-as-financiara-proyectos-de-investigacion-en-todo-el-pais-y-dos-incluyen-a-la-fcejs-unsl\/","url":"https:\/\/www.fcejs.unsl.edu.ar\/index.php\/la-provincia-de-bs-as-financiara-proyectos-de-investigacion-en-todo-el-pais-y-dos-incluyen-a-la-fcejs-unsl\/","name":"Proyectos Bonaerenses de Federalizaci\u00f3n de la Ciencia y Tecnolog\u00eda - Facultad de Ciencias Econ\u00f3micas, Jur\u00ed\u00addicas y Sociales","isPartOf":{"@id":"https:\/\/www.fcejs.unsl.edu.ar\/#website"},"primaryImageOfPage":{"@id":"https:\/\/www.fcejs.unsl.edu.ar\/index.php\/la-provincia-de-bs-as-financiara-proyectos-de-investigacion-en-todo-el-pais-y-dos-incluyen-a-la-fcejs-unsl\/#primaryimage"},"image":{"@id":"https:\/\/www.fcejs.unsl.edu.ar\/index.php\/la-provincia-de-bs-as-financiara-proyectos-de-investigacion-en-todo-el-pais-y-dos-incluyen-a-la-fcejs-unsl\/#primaryimage"},"thumbnailUrl":"https:\/\/www.fcejs.unsl.edu.ar\/wp-content\/uploads\/2025\/11\/bonaerense-scaled.png","datePublished":"2025-11-25T17:47:30+00:00","dateModified":"2025-12-03T12:10:20+00:00","breadcrumb":{"@id":"https:\/\/www.fcejs.unsl.edu.ar\/index.php\/la-provincia-de-bs-as-financiara-proyectos-de-investigacion-en-todo-el-pais-y-dos-incluyen-a-la-fcejs-unsl\/#breadcrumb"},"inLanguage":"es-AR","potentialAction":[{"@type":"ReadAction","target":["https:\/\/www.fcejs.unsl.edu.ar\/index.php\/la-provincia-de-bs-as-financiara-proyectos-de-investigacion-en-todo-el-pais-y-dos-incluyen-a-la-fcejs-unsl\/"]}]},{"@type":"ImageObject","inLanguage":"es-AR","@id":"https:\/\/www.fcejs.unsl.edu.ar\/index.php\/la-provincia-de-bs-as-financiara-proyectos-de-investigacion-en-todo-el-pais-y-dos-incluyen-a-la-fcejs-unsl\/#primaryimage","url":"https:\/\/www.fcejs.unsl.edu.ar\/wp-content\/uploads\/2025\/11\/bonaerense-scaled.png","contentUrl":"https:\/\/www.fcejs.unsl.edu.ar\/wp-content\/uploads\/2025\/11\/bonaerense-scaled.png","width":2560,"height":1081},{"@type":"BreadcrumbList","@id":"https:\/\/www.fcejs.unsl.edu.ar\/index.php\/la-provincia-de-bs-as-financiara-proyectos-de-investigacion-en-todo-el-pais-y-dos-incluyen-a-la-fcejs-unsl\/#breadcrumb","itemListElement":[{"@type":"ListItem","position":1,"name":"Inicio","item":"https:\/\/www.fcejs.unsl.edu.ar\/"},{"@type":"ListItem","position":2,"name":"Proyectos Bonaerenses de Federalizaci\u00f3n de la Ciencia y Tecnolog\u00eda"}]},{"@type":"WebSite","@id":"https:\/\/www.fcejs.unsl.edu.ar\/#website","url":"https:\/\/www.fcejs.unsl.edu.ar\/","name":"Facultad de Ciencias Econ\u00f3micas, Jur\u00ed\u00addicas y Sociales","description":"","publisher":{"@id":"https:\/\/www.fcejs.unsl.edu.ar\/#organization"},"potentialAction":[{"@type":"SearchAction","target":{"@type":"EntryPoint","urlTemplate":"https:\/\/www.fcejs.unsl.edu.ar\/?s={search_term_string}"},"query-input":{"@type":"PropertyValueSpecification","valueRequired":true,"valueName":"search_term_string"}}],"inLanguage":"es-AR"},{"@type":"Organization","@id":"https:\/\/www.fcejs.unsl.edu.ar\/#organization","name":"Facultad de Ciencias Econ\u00f3micas, Jur\u00eddicas y Sociales","url":"https:\/\/www.fcejs.unsl.edu.ar\/","logo":{"@type":"ImageObject","inLanguage":"es-AR","@id":"https:\/\/www.fcejs.unsl.edu.ar\/#\/schema\/logo\/image\/","url":"https:\/\/www.fcejs.unsl.edu.ar\/wp-content\/uploads\/2021\/03\/logo-1.jpg","contentUrl":"https:\/\/www.fcejs.unsl.edu.ar\/wp-content\/uploads\/2021\/03\/logo-1.jpg","width":471,"height":146,"caption":"Facultad de Ciencias Econ\u00f3micas, Jur\u00eddicas y Sociales"},"image":{"@id":"https:\/\/www.fcejs.unsl.edu.ar\/#\/schema\/logo\/image\/"},"sameAs":["https:\/\/www.facebook.com\/FCEJS.UNSL\/","https:\/\/x.com\/FCEJSUNSL","https:\/\/www.instagram.com\/fcejs.unsl\/","https:\/\/www.youtube.com\/channel\/UCH-Ut6EaN_X5ogjIQMPe46g\/"]},{"@type":"Person","@id":"https:\/\/www.fcejs.unsl.edu.ar\/#\/schema\/person\/352ee6ed90c3f394c7cb5945f8956d34","name":"DATI"}]}},"jetpack_featured_media_url":"https:\/\/www.fcejs.unsl.edu.ar\/wp-content\/uploads\/2025\/11\/bonaerense-scaled.png","_links":{"self":[{"href":"https:\/\/www.fcejs.unsl.edu.ar\/index.php\/wp-json\/wp\/v2\/posts\/22711","targetHints":{"allow":["GET"]}}],"collection":[{"href":"https:\/\/www.fcejs.unsl.edu.ar\/index.php\/wp-json\/wp\/v2\/posts"}],"about":[{"href":"https:\/\/www.fcejs.unsl.edu.ar\/index.php\/wp-json\/wp\/v2\/types\/post"}],"author":[{"embeddable":true,"href":"https:\/\/www.fcejs.unsl.edu.ar\/index.php\/wp-json\/wp\/v2\/users\/9"}],"replies":[{"embeddable":true,"href":"https:\/\/www.fcejs.unsl.edu.ar\/index.php\/wp-json\/wp\/v2\/comments?post=22711"}],"version-history":[{"count":7,"href":"https:\/\/www.fcejs.unsl.edu.ar\/index.php\/wp-json\/wp\/v2\/posts\/22711\/revisions"}],"predecessor-version":[{"id":22731,"href":"https:\/\/www.fcejs.unsl.edu.ar\/index.php\/wp-json\/wp\/v2\/posts\/22711\/revisions\/22731"}],"wp:featuredmedia":[{"embeddable":true,"href":"https:\/\/www.fcejs.unsl.edu.ar\/index.php\/wp-json\/wp\/v2\/media\/22732"}],"wp:attachment":[{"href":"https:\/\/www.fcejs.unsl.edu.ar\/index.php\/wp-json\/wp\/v2\/media?parent=22711"}],"wp:term":[{"taxonomy":"category","embeddable":true,"href":"https:\/\/www.fcejs.unsl.edu.ar\/index.php\/wp-json\/wp\/v2\/categories?post=22711"},{"taxonomy":"post_tag","embeddable":true,"href":"https:\/\/www.fcejs.unsl.edu.ar\/index.php\/wp-json\/wp\/v2\/tags?post=22711"}],"curies":[{"name":"wp","href":"https:\/\/api.w.org\/{rel}","templated":true}]}}