{"id":22644,"date":"2025-11-24T16:08:16","date_gmt":"2025-11-24T19:08:16","guid":{"rendered":"https:\/\/www.fcejs.unsl.edu.ar\/?p=22644"},"modified":"2025-12-03T09:09:16","modified_gmt":"2025-12-03T12:09:16","slug":"inicio-el-ciclo-de-charlas-el-mundo-laboral-en-disputa","status":"publish","type":"post","link":"https:\/\/www.fcejs.unsl.edu.ar\/index.php\/inicio-el-ciclo-de-charlas-el-mundo-laboral-en-disputa\/","title":{"rendered":"Culmin\u00f3 exitosamente el ciclo \u201cEl mundo laboral en disputa\u201d"},"content":{"rendered":"<p>El <strong>Instituto Escuela de Econom\u00eda, Negocios y Transferencia Tecnol\u00f3gica<\/strong> fue el escenario elegido para el <strong>ciclo de charlas<\/strong> \u201c<strong>El mundo laboral en disputa<\/strong>\u201d, que se llev\u00f3 a cabo el pasado <strong>viernes 14 y el jueves 20 de noviembre<\/strong> y cont\u00f3 con una <strong>amplia participaci\u00f3n<\/strong> de <strong>sindicatos nucleados en la CGT Villa Mercedes<\/strong>.<\/p>\n<p>&nbsp;<\/p>\n<p>La apertura del ciclo cont\u00f3 con las <strong>palabras de bienvenida<\/strong> del <strong>Decano<\/strong>, <strong>Mgtr. H\u00e9ctor Flores<\/strong>, en las que <strong>subray\u00f3<\/strong> el <strong>compromiso social<\/strong> de la FCEJS y la <strong>necesidad de profundizar el trabajo conjunto<\/strong> con las <strong>organizaciones sindicales<\/strong>. En este sentido, anunci\u00f3 que la <strong>Facultad avanza en el dise\u00f1o de una propuesta formativa<\/strong> en materia de <strong>formaci\u00f3n sindical<\/strong> para los <strong>referentes sindicales, delegados, afiliados<\/strong> y <strong>comunidad en general<\/strong> para el a\u00f1o 2026.<\/p>\n<p>&nbsp;<\/p>\n<p>En sus <strong>palabras de bienvenida<\/strong>, la <strong>Secretaria de Extensi\u00f3n Universitaria, Lic. Nazarena Echand\u00eda<\/strong>, present\u00f3 los <strong>objetivos y el origen<\/strong> de este <strong>nuevo ciclo de encuentros<\/strong> orientado a <strong>reflexionar sobre las transformaciones y disputas<\/strong> en el <strong>mundo del trabajo<\/strong>. A continuaci\u00f3n, <strong>V\u00edctor G\u00f3mez<\/strong>, <strong>Secretario General de la UOM Villa Mercedes<\/strong> y <strong>Secretario General de la CGT<\/strong>, ofreci\u00f3 un <strong>discurso<\/strong>, en el que destac\u00f3 la <strong>rapidez con la que la FCEJS logr\u00f3 concretar esta propuesta<\/strong> surgida en <strong>instancias de di\u00e1logo semanas previas<\/strong> entre la <strong>Universidad y los sindicatos<\/strong>.<\/p>\n<p>&nbsp;<\/p>\n<p>Tras las <strong>palabras iniciales<\/strong>, el ciclo continu\u00f3 con las <strong>disertaciones<\/strong> de la <strong>Esp. Silvina Marrau, el Abg. Alberto Mariani<\/strong> y la <strong>Abg. Vanesa Sosa<\/strong>, quienes abordaron la <strong>tem\u00e1tica<\/strong> \u201c<strong>El mundo del trabajo y la Ley Bases<\/strong>\u201d.<\/p>\n<p>&nbsp;<\/p>\n<p>El ciclo culmin\u00f3<strong> el jueves 20 de noviembre<\/strong>, con la <strong>charla<\/strong> \u201c<strong>Movimiento sindical y derechos colectivos<\/strong>\u201d, a cargo del <strong>Abg. Marcelino Insua<\/strong> y el <strong>Abg. Manuel Castillo<\/strong>.<\/p>\n<p>&nbsp;<\/p>\n<p>Ambas <strong>exposiciones generaron un importante intercambio con los asistentes<\/strong>, quienes <strong>participaron activamente del debate<\/strong> en torno a los <strong>desaf\u00edos actuales del \u00e1mbito laboral<\/strong>, la coyuntura pol\u00edtica y econ\u00f3mica a nivel nacional y provincial, las amenazas y desaf\u00edos del movimiento sindical. Participaron una amplia variedad de sindicatos de distintas ramas de la producci\u00f3n y servicios de la ciudad, como as\u00ed tambi\u00e9n referentes pol\u00edticos locales.<\/p>\n<p>&nbsp;<\/p>\n<p>Del debate surgi\u00f3, adem\u00e1s, un consenso claro, la necesidad de fortalecer estos espacios de formaci\u00f3n y discusi\u00f3n, y de darles continuidad a lo largo del 2026, consolid\u00e1ndolos como \u00e1mbitos permanentes para el an\u00e1lisis colectivo y la construcci\u00f3n de propuestas.<\/p>\n<p>De ambas instancias participaron refentes sindicales de: <strong>Sindicato de la Industria de la Carne, <\/strong><strong>ATSA,\u00a0<\/strong><strong>UOM,\u00a0<\/strong><strong>UTEP,\u00a0<\/strong><strong>SECASFPI,\u00a0<\/strong><strong>Luz y Fuerza, <\/strong><strong>SUTEP,\u00a0<\/strong><strong>APUNSL,\u00a0<\/strong><strong>SIJUPU,\u00a0<\/strong><strong>ATSA,\u00a0<\/strong><strong>SETIA,\u00a0<\/strong><strong>SUTERYH, STIA, <\/strong><strong>Sindicato Gr\u00e1fico San Luis, <\/strong><strong>UOMA.<\/strong><\/p>\n<div id='gallery-1' class='gallery galleryid-22644 gallery-columns-3 gallery-size-thumbnail'><figure class='gallery-item'>\n\t\t\t<div class='gallery-icon landscape'>\n\t\t\t\t<a href='https:\/\/www.fcejs.unsl.edu.ar\/index.php\/inicio-el-ciclo-de-charlas-el-mundo-laboral-en-disputa\/fcejs-cgt-2025-27\/'><img decoding=\"async\" width=\"150\" height=\"150\" src=\"https:\/\/www.fcejs.unsl.edu.ar\/wp-content\/uploads\/2025\/11\/FCEJS-CGT-2025-27-150x150.jpg\" class=\"attachment-thumbnail size-thumbnail\" alt=\"\" \/><\/a>\n\t\t\t<\/div><\/figure><figure class='gallery-item'>\n\t\t\t<div class='gallery-icon landscape'>\n\t\t\t\t<a href='https:\/\/www.fcejs.unsl.edu.ar\/index.php\/inicio-el-ciclo-de-charlas-el-mundo-laboral-en-disputa\/fcejs-cgt-2025-3\/'><img decoding=\"async\" width=\"150\" height=\"150\" src=\"https:\/\/www.fcejs.unsl.edu.ar\/wp-content\/uploads\/2025\/11\/FCEJS-CGT-2025-3-150x150.jpg\" class=\"attachment-thumbnail size-thumbnail\" alt=\"\" \/><\/a>\n\t\t\t<\/div><\/figure><figure class='gallery-item'>\n\t\t\t<div class='gallery-icon landscape'>\n\t\t\t\t<a href='https:\/\/www.fcejs.unsl.edu.ar\/index.php\/inicio-el-ciclo-de-charlas-el-mundo-laboral-en-disputa\/fcejs-cgt-2025-7\/'><img decoding=\"async\" width=\"150\" height=\"150\" src=\"https:\/\/www.fcejs.unsl.edu.ar\/wp-content\/uploads\/2025\/11\/FCEJS-CGT-2025-7-150x150.jpg\" class=\"attachment-thumbnail size-thumbnail\" alt=\"\" \/><\/a>\n\t\t\t<\/div><\/figure><figure class='gallery-item'>\n\t\t\t<div class='gallery-icon landscape'>\n\t\t\t\t<a href='https:\/\/www.fcejs.unsl.edu.ar\/index.php\/inicio-el-ciclo-de-charlas-el-mundo-laboral-en-disputa\/fcejs-cgt-2025-8\/'><img loading=\"lazy\" decoding=\"async\" width=\"150\" height=\"150\" src=\"https:\/\/www.fcejs.unsl.edu.ar\/wp-content\/uploads\/2025\/11\/FCEJS-CGT-2025-8-150x150.jpg\" class=\"attachment-thumbnail size-thumbnail\" alt=\"\" \/><\/a>\n\t\t\t<\/div><\/figure><figure class='gallery-item'>\n\t\t\t<div class='gallery-icon landscape'>\n\t\t\t\t<a href='https:\/\/www.fcejs.unsl.edu.ar\/index.php\/inicio-el-ciclo-de-charlas-el-mundo-laboral-en-disputa\/fcejs-cgt-2025-14\/'><img loading=\"lazy\" decoding=\"async\" width=\"150\" height=\"150\" src=\"https:\/\/www.fcejs.unsl.edu.ar\/wp-content\/uploads\/2025\/11\/FCEJS-CGT-2025-14-150x150.jpg\" class=\"attachment-thumbnail size-thumbnail\" alt=\"\" \/><\/a>\n\t\t\t<\/div><\/figure><figure class='gallery-item'>\n\t\t\t<div class='gallery-icon landscape'>\n\t\t\t\t<a href='https:\/\/www.fcejs.unsl.edu.ar\/index.php\/inicio-el-ciclo-de-charlas-el-mundo-laboral-en-disputa\/fcejs-cgt-2025-15\/'><img loading=\"lazy\" decoding=\"async\" width=\"150\" height=\"150\" src=\"https:\/\/www.fcejs.unsl.edu.ar\/wp-content\/uploads\/2025\/11\/FCEJS-CGT-2025-15-150x150.jpg\" class=\"attachment-thumbnail size-thumbnail\" alt=\"\" \/><\/a>\n\t\t\t<\/div><\/figure><figure class='gallery-item'>\n\t\t\t<div class='gallery-icon landscape'>\n\t\t\t\t<a href='https:\/\/www.fcejs.unsl.edu.ar\/index.php\/inicio-el-ciclo-de-charlas-el-mundo-laboral-en-disputa\/fcejs-cgt-2025-18\/'><img loading=\"lazy\" decoding=\"async\" width=\"150\" height=\"150\" src=\"https:\/\/www.fcejs.unsl.edu.ar\/wp-content\/uploads\/2025\/11\/FCEJS-CGT-2025-18-150x150.jpg\" class=\"attachment-thumbnail size-thumbnail\" alt=\"\" \/><\/a>\n\t\t\t<\/div><\/figure><figure class='gallery-item'>\n\t\t\t<div class='gallery-icon landscape'>\n\t\t\t\t<a href='https:\/\/www.fcejs.unsl.edu.ar\/index.php\/inicio-el-ciclo-de-charlas-el-mundo-laboral-en-disputa\/fcejs-cgt-2025-21\/'><img loading=\"lazy\" decoding=\"async\" width=\"150\" height=\"150\" src=\"https:\/\/www.fcejs.unsl.edu.ar\/wp-content\/uploads\/2025\/11\/FCEJS-CGT-2025-21-150x150.jpg\" class=\"attachment-thumbnail size-thumbnail\" alt=\"\" \/><\/a>\n\t\t\t<\/div><\/figure><figure class='gallery-item'>\n\t\t\t<div class='gallery-icon landscape'>\n\t\t\t\t<a href='https:\/\/www.fcejs.unsl.edu.ar\/index.php\/inicio-el-ciclo-de-charlas-el-mundo-laboral-en-disputa\/fcejs-cgt-vm-14-11-251\/'><img loading=\"lazy\" decoding=\"async\" width=\"150\" height=\"150\" src=\"https:\/\/www.fcejs.unsl.edu.ar\/wp-content\/uploads\/2025\/11\/FCEJS-CGT-VM-14-11-251-150x150.jpg\" class=\"attachment-thumbnail size-thumbnail\" alt=\"\" \/><\/a>\n\t\t\t<\/div><\/figure><figure class='gallery-item'>\n\t\t\t<div class='gallery-icon landscape'>\n\t\t\t\t<a href='https:\/\/www.fcejs.unsl.edu.ar\/index.php\/inicio-el-ciclo-de-charlas-el-mundo-laboral-en-disputa\/fcejs-cgt-vm-14-11-253\/'><img loading=\"lazy\" decoding=\"async\" width=\"150\" height=\"150\" src=\"https:\/\/www.fcejs.unsl.edu.ar\/wp-content\/uploads\/2025\/11\/FCEJS-CGT-VM-14-11-253-150x150.jpg\" class=\"attachment-thumbnail size-thumbnail\" alt=\"\" \/><\/a>\n\t\t\t<\/div><\/figure><figure class='gallery-item'>\n\t\t\t<div class='gallery-icon landscape'>\n\t\t\t\t<a href='https:\/\/www.fcejs.unsl.edu.ar\/index.php\/inicio-el-ciclo-de-charlas-el-mundo-laboral-en-disputa\/fcejs-cgt-vm-14-11-2512\/'><img loading=\"lazy\" decoding=\"async\" width=\"150\" height=\"150\" src=\"https:\/\/www.fcejs.unsl.edu.ar\/wp-content\/uploads\/2025\/11\/FCEJS-CGT-VM-14-11-2512-150x150.jpg\" class=\"attachment-thumbnail size-thumbnail\" alt=\"\" \/><\/a>\n\t\t\t<\/div><\/figure><figure class='gallery-item'>\n\t\t\t<div class='gallery-icon landscape'>\n\t\t\t\t<a href='https:\/\/www.fcejs.unsl.edu.ar\/index.php\/inicio-el-ciclo-de-charlas-el-mundo-laboral-en-disputa\/fcejs-cgt-vm-14-11-2513\/'><img loading=\"lazy\" decoding=\"async\" width=\"150\" height=\"150\" src=\"https:\/\/www.fcejs.unsl.edu.ar\/wp-content\/uploads\/2025\/11\/FCEJS-CGT-VM-14-11-2513-150x150.jpg\" class=\"attachment-thumbnail size-thumbnail\" alt=\"\" \/><\/a>\n\t\t\t<\/div><\/figure><figure class='gallery-item'>\n\t\t\t<div class='gallery-icon landscape'>\n\t\t\t\t<a href='https:\/\/www.fcejs.unsl.edu.ar\/index.php\/inicio-el-ciclo-de-charlas-el-mundo-laboral-en-disputa\/fcejs-cgt-vm-14-11-2520\/'><img loading=\"lazy\" decoding=\"async\" width=\"150\" height=\"150\" src=\"https:\/\/www.fcejs.unsl.edu.ar\/wp-content\/uploads\/2025\/11\/FCEJS-CGT-VM-14-11-2520-150x150.jpg\" class=\"attachment-thumbnail size-thumbnail\" alt=\"\" \/><\/a>\n\t\t\t<\/div><\/figure><figure class='gallery-item'>\n\t\t\t<div class='gallery-icon landscape'>\n\t\t\t\t<a href='https:\/\/www.fcejs.unsl.edu.ar\/index.php\/inicio-el-ciclo-de-charlas-el-mundo-laboral-en-disputa\/fcejs-cgt-vm-14-11-2525\/'><img loading=\"lazy\" decoding=\"async\" width=\"150\" height=\"150\" src=\"https:\/\/www.fcejs.unsl.edu.ar\/wp-content\/uploads\/2025\/11\/FCEJS-CGT-VM-14-11-2525-150x150.jpg\" class=\"attachment-thumbnail size-thumbnail\" alt=\"\" \/><\/a>\n\t\t\t<\/div><\/figure><figure class='gallery-item'>\n\t\t\t<div class='gallery-icon portrait'>\n\t\t\t\t<a href='https:\/\/www.fcejs.unsl.edu.ar\/index.php\/inicio-el-ciclo-de-charlas-el-mundo-laboral-en-disputa\/whatsapp-image-2025-11-20-at-18-31-49\/'><img loading=\"lazy\" decoding=\"async\" width=\"150\" height=\"150\" src=\"https:\/\/www.fcejs.unsl.edu.ar\/wp-content\/uploads\/2025\/11\/WhatsApp-Image-2025-11-20-at-18.31.49-150x150.jpeg\" class=\"attachment-thumbnail size-thumbnail\" alt=\"\" \/><\/a>\n\t\t\t<\/div><\/figure><figure class='gallery-item'>\n\t\t\t<div class='gallery-icon portrait'>\n\t\t\t\t<a href='https:\/\/www.fcejs.unsl.edu.ar\/index.php\/inicio-el-ciclo-de-charlas-el-mundo-laboral-en-disputa\/whatsapp-image-2025-11-20-at-18-31-46\/'><img loading=\"lazy\" decoding=\"async\" width=\"150\" height=\"150\" src=\"https:\/\/www.fcejs.unsl.edu.ar\/wp-content\/uploads\/2025\/11\/WhatsApp-Image-2025-11-20-at-18.31.46-150x150.jpeg\" class=\"attachment-thumbnail size-thumbnail\" alt=\"\" \/><\/a>\n\t\t\t<\/div><\/figure><figure class='gallery-item'>\n\t\t\t<div class='gallery-icon landscape'>\n\t\t\t\t<a href='https:\/\/www.fcejs.unsl.edu.ar\/index.php\/inicio-el-ciclo-de-charlas-el-mundo-laboral-en-disputa\/whatsapp-image-2025-11-20-at-18-31-45-1\/'><img loading=\"lazy\" decoding=\"async\" width=\"150\" height=\"150\" src=\"https:\/\/www.fcejs.unsl.edu.ar\/wp-content\/uploads\/2025\/11\/WhatsApp-Image-2025-11-20-at-18.31.45-1-150x150.jpeg\" class=\"attachment-thumbnail size-thumbnail\" alt=\"\" \/><\/a>\n\t\t\t<\/div><\/figure><figure class='gallery-item'>\n\t\t\t<div class='gallery-icon landscape'>\n\t\t\t\t<a href='https:\/\/www.fcejs.unsl.edu.ar\/index.php\/inicio-el-ciclo-de-charlas-el-mundo-laboral-en-disputa\/whatsapp-image-2025-11-20-at-18-31-45\/'><img loading=\"lazy\" decoding=\"async\" width=\"150\" height=\"150\" src=\"https:\/\/www.fcejs.unsl.edu.ar\/wp-content\/uploads\/2025\/11\/WhatsApp-Image-2025-11-20-at-18.31.45-150x150.jpeg\" class=\"attachment-thumbnail size-thumbnail\" alt=\"\" \/><\/a>\n\t\t\t<\/div><\/figure><figure class='gallery-item'>\n\t\t\t<div class='gallery-icon landscape'>\n\t\t\t\t<a href='https:\/\/www.fcejs.unsl.edu.ar\/index.php\/inicio-el-ciclo-de-charlas-el-mundo-laboral-en-disputa\/whatsapp-image-2025-11-20-at-20-52-51\/'><img loading=\"lazy\" decoding=\"async\" width=\"150\" height=\"150\" src=\"https:\/\/www.fcejs.unsl.edu.ar\/wp-content\/uploads\/2025\/11\/WhatsApp-Image-2025-11-20-at-20.52.51-150x150.jpeg\" class=\"attachment-thumbnail size-thumbnail\" alt=\"\" \/><\/a>\n\t\t\t<\/div><\/figure><figure class='gallery-item'>\n\t\t\t<div class='gallery-icon landscape'>\n\t\t\t\t<a href='https:\/\/www.fcejs.unsl.edu.ar\/index.php\/inicio-el-ciclo-de-charlas-el-mundo-laboral-en-disputa\/whatsapp-image-2025-11-24-at-16-33-44-1\/'><img loading=\"lazy\" decoding=\"async\" width=\"150\" height=\"150\" src=\"https:\/\/www.fcejs.unsl.edu.ar\/wp-content\/uploads\/2025\/11\/WhatsApp-Image-2025-11-24-at-16.33.44-1-150x150.jpeg\" class=\"attachment-thumbnail size-thumbnail\" alt=\"\" \/><\/a>\n\t\t\t<\/div><\/figure><figure class='gallery-item'>\n\t\t\t<div class='gallery-icon landscape'>\n\t\t\t\t<a href='https:\/\/www.fcejs.unsl.edu.ar\/index.php\/inicio-el-ciclo-de-charlas-el-mundo-laboral-en-disputa\/whatsapp-image-2025-11-24-at-16-33-44\/'><img loading=\"lazy\" decoding=\"async\" width=\"150\" height=\"150\" src=\"https:\/\/www.fcejs.unsl.edu.ar\/wp-content\/uploads\/2025\/11\/WhatsApp-Image-2025-11-24-at-16.33.44-150x150.jpeg\" class=\"attachment-thumbnail size-thumbnail\" alt=\"\" \/><\/a>\n\t\t\t<\/div><\/figure>\n\t\t<\/div>\n\n","protected":false},"excerpt":{"rendered":"<p>El Instituto Escuela de Econom\u00eda, Negocios y Transferencia Tecnol\u00f3gica fue el escenario elegido para el ciclo de charlas \u201cEl mundo laboral en disputa\u201d, que se&hellip;<\/p>\n","protected":false},"author":9,"featured_media":22707,"comment_status":"closed","ping_status":"closed","sticky":false,"template":"","format":"standard","meta":{"om_disable_all_campaigns":false,"_monsterinsights_skip_tracking":false,"_monsterinsights_sitenote_active":false,"_monsterinsights_sitenote_note":"","_monsterinsights_sitenote_category":0,"footnotes":""},"categories":[1],"tags":[],"class_list":["post-22644","post","type-post","status-publish","format-standard","has-post-thumbnail","hentry","category-noticias"],"yoast_head":"<!-- This site is optimized with the Yoast SEO plugin v27.4 - https:\/\/yoast.com\/product\/yoast-seo-wordpress\/ -->\n<title>Culmin\u00f3 exitosamente el ciclo \u201cEl mundo laboral en disputa\u201d - Facultad de Ciencias Econ\u00f3micas, Jur\u00ed\u00addicas y Sociales<\/title>\n<meta name=\"robots\" content=\"index, follow, max-snippet:-1, max-image-preview:large, max-video-preview:-1\" \/>\n<link rel=\"canonical\" href=\"https:\/\/www.fcejs.unsl.edu.ar\/index.php\/inicio-el-ciclo-de-charlas-el-mundo-laboral-en-disputa\/\" \/>\n<meta property=\"og:locale\" content=\"es_ES\" \/>\n<meta property=\"og:type\" content=\"article\" \/>\n<meta property=\"og:title\" content=\"Culmin\u00f3 exitosamente el ciclo \u201cEl mundo laboral en disputa\u201d - Facultad de Ciencias Econ\u00f3micas, Jur\u00ed\u00addicas y Sociales\" \/>\n<meta property=\"og:description\" content=\"El Instituto Escuela de Econom\u00eda, Negocios y Transferencia Tecnol\u00f3gica fue el escenario elegido para el ciclo de charlas \u201cEl mundo laboral en disputa\u201d, que se&hellip;\" \/>\n<meta property=\"og:url\" content=\"https:\/\/www.fcejs.unsl.edu.ar\/index.php\/inicio-el-ciclo-de-charlas-el-mundo-laboral-en-disputa\/\" \/>\n<meta property=\"og:site_name\" content=\"Facultad de Ciencias Econ\u00f3micas, Jur\u00ed\u00addicas y Sociales\" \/>\n<meta property=\"article:publisher\" content=\"https:\/\/www.facebook.com\/FCEJS.UNSL\/\" \/>\n<meta property=\"article:published_time\" content=\"2025-11-24T19:08:16+00:00\" \/>\n<meta property=\"article:modified_time\" content=\"2025-12-03T12:09:16+00:00\" \/>\n<meta property=\"og:image\" content=\"https:\/\/www.fcejs.unsl.edu.ar\/wp-content\/uploads\/2025\/11\/WhatsApp-Image-2025-11-20-at-20.52.51.jpeg\" \/>\n\t<meta property=\"og:image:width\" content=\"1280\" \/>\n\t<meta property=\"og:image:height\" content=\"960\" \/>\n\t<meta property=\"og:image:type\" content=\"image\/jpeg\" \/>\n<meta name=\"author\" content=\"DATI\" \/>\n<meta name=\"twitter:card\" content=\"summary_large_image\" \/>\n<meta name=\"twitter:creator\" content=\"@FCEJSUNSL\" \/>\n<meta name=\"twitter:site\" content=\"@FCEJSUNSL\" \/>\n<meta name=\"twitter:label1\" content=\"Escrito por\" \/>\n\t<meta name=\"twitter:data1\" content=\"DATI\" \/>\n\t<meta name=\"twitter:label2\" content=\"Tiempo de lectura\" \/>\n\t<meta name=\"twitter:data2\" content=\"3 minutos\" \/>\n<script type=\"application\/ld+json\" class=\"yoast-schema-graph\">{\"@context\":\"https:\\\/\\\/schema.org\",\"@graph\":[{\"@type\":\"Article\",\"@id\":\"https:\\\/\\\/www.fcejs.unsl.edu.ar\\\/index.php\\\/inicio-el-ciclo-de-charlas-el-mundo-laboral-en-disputa\\\/#article\",\"isPartOf\":{\"@id\":\"https:\\\/\\\/www.fcejs.unsl.edu.ar\\\/index.php\\\/inicio-el-ciclo-de-charlas-el-mundo-laboral-en-disputa\\\/\"},\"author\":{\"name\":\"DATI\",\"@id\":\"https:\\\/\\\/www.fcejs.unsl.edu.ar\\\/#\\\/schema\\\/person\\\/352ee6ed90c3f394c7cb5945f8956d34\"},\"headline\":\"Culmin\u00f3 exitosamente el ciclo \u201cEl mundo laboral en disputa\u201d\",\"datePublished\":\"2025-11-24T19:08:16+00:00\",\"dateModified\":\"2025-12-03T12:09:16+00:00\",\"mainEntityOfPage\":{\"@id\":\"https:\\\/\\\/www.fcejs.unsl.edu.ar\\\/index.php\\\/inicio-el-ciclo-de-charlas-el-mundo-laboral-en-disputa\\\/\"},\"wordCount\":447,\"publisher\":{\"@id\":\"https:\\\/\\\/www.fcejs.unsl.edu.ar\\\/#organization\"},\"image\":{\"@id\":\"https:\\\/\\\/www.fcejs.unsl.edu.ar\\\/index.php\\\/inicio-el-ciclo-de-charlas-el-mundo-laboral-en-disputa\\\/#primaryimage\"},\"thumbnailUrl\":\"https:\\\/\\\/www.fcejs.unsl.edu.ar\\\/wp-content\\\/uploads\\\/2025\\\/11\\\/WhatsApp-Image-2025-11-20-at-20.52.51.jpeg\",\"articleSection\":[\"Noticias\"],\"inLanguage\":\"es-AR\"},{\"@type\":\"WebPage\",\"@id\":\"https:\\\/\\\/www.fcejs.unsl.edu.ar\\\/index.php\\\/inicio-el-ciclo-de-charlas-el-mundo-laboral-en-disputa\\\/\",\"url\":\"https:\\\/\\\/www.fcejs.unsl.edu.ar\\\/index.php\\\/inicio-el-ciclo-de-charlas-el-mundo-laboral-en-disputa\\\/\",\"name\":\"Culmin\u00f3 exitosamente el ciclo \u201cEl mundo laboral en disputa\u201d - Facultad de Ciencias Econ\u00f3micas, Jur\u00ed\u00addicas y Sociales\",\"isPartOf\":{\"@id\":\"https:\\\/\\\/www.fcejs.unsl.edu.ar\\\/#website\"},\"primaryImageOfPage\":{\"@id\":\"https:\\\/\\\/www.fcejs.unsl.edu.ar\\\/index.php\\\/inicio-el-ciclo-de-charlas-el-mundo-laboral-en-disputa\\\/#primaryimage\"},\"image\":{\"@id\":\"https:\\\/\\\/www.fcejs.unsl.edu.ar\\\/index.php\\\/inicio-el-ciclo-de-charlas-el-mundo-laboral-en-disputa\\\/#primaryimage\"},\"thumbnailUrl\":\"https:\\\/\\\/www.fcejs.unsl.edu.ar\\\/wp-content\\\/uploads\\\/2025\\\/11\\\/WhatsApp-Image-2025-11-20-at-20.52.51.jpeg\",\"datePublished\":\"2025-11-24T19:08:16+00:00\",\"dateModified\":\"2025-12-03T12:09:16+00:00\",\"breadcrumb\":{\"@id\":\"https:\\\/\\\/www.fcejs.unsl.edu.ar\\\/index.php\\\/inicio-el-ciclo-de-charlas-el-mundo-laboral-en-disputa\\\/#breadcrumb\"},\"inLanguage\":\"es-AR\",\"potentialAction\":[{\"@type\":\"ReadAction\",\"target\":[\"https:\\\/\\\/www.fcejs.unsl.edu.ar\\\/index.php\\\/inicio-el-ciclo-de-charlas-el-mundo-laboral-en-disputa\\\/\"]}]},{\"@type\":\"ImageObject\",\"inLanguage\":\"es-AR\",\"@id\":\"https:\\\/\\\/www.fcejs.unsl.edu.ar\\\/index.php\\\/inicio-el-ciclo-de-charlas-el-mundo-laboral-en-disputa\\\/#primaryimage\",\"url\":\"https:\\\/\\\/www.fcejs.unsl.edu.ar\\\/wp-content\\\/uploads\\\/2025\\\/11\\\/WhatsApp-Image-2025-11-20-at-20.52.51.jpeg\",\"contentUrl\":\"https:\\\/\\\/www.fcejs.unsl.edu.ar\\\/wp-content\\\/uploads\\\/2025\\\/11\\\/WhatsApp-Image-2025-11-20-at-20.52.51.jpeg\",\"width\":1280,\"height\":960},{\"@type\":\"BreadcrumbList\",\"@id\":\"https:\\\/\\\/www.fcejs.unsl.edu.ar\\\/index.php\\\/inicio-el-ciclo-de-charlas-el-mundo-laboral-en-disputa\\\/#breadcrumb\",\"itemListElement\":[{\"@type\":\"ListItem\",\"position\":1,\"name\":\"Inicio\",\"item\":\"https:\\\/\\\/www.fcejs.unsl.edu.ar\\\/\"},{\"@type\":\"ListItem\",\"position\":2,\"name\":\"Culmin\u00f3 exitosamente el ciclo \u201cEl mundo laboral en disputa\u201d\"}]},{\"@type\":\"WebSite\",\"@id\":\"https:\\\/\\\/www.fcejs.unsl.edu.ar\\\/#website\",\"url\":\"https:\\\/\\\/www.fcejs.unsl.edu.ar\\\/\",\"name\":\"Facultad de Ciencias Econ\u00f3micas, Jur\u00ed\u00addicas y Sociales\",\"description\":\"\",\"publisher\":{\"@id\":\"https:\\\/\\\/www.fcejs.unsl.edu.ar\\\/#organization\"},\"potentialAction\":[{\"@type\":\"SearchAction\",\"target\":{\"@type\":\"EntryPoint\",\"urlTemplate\":\"https:\\\/\\\/www.fcejs.unsl.edu.ar\\\/?s={search_term_string}\"},\"query-input\":{\"@type\":\"PropertyValueSpecification\",\"valueRequired\":true,\"valueName\":\"search_term_string\"}}],\"inLanguage\":\"es-AR\"},{\"@type\":\"Organization\",\"@id\":\"https:\\\/\\\/www.fcejs.unsl.edu.ar\\\/#organization\",\"name\":\"Facultad de Ciencias Econ\u00f3micas, Jur\u00eddicas y Sociales\",\"url\":\"https:\\\/\\\/www.fcejs.unsl.edu.ar\\\/\",\"logo\":{\"@type\":\"ImageObject\",\"inLanguage\":\"es-AR\",\"@id\":\"https:\\\/\\\/www.fcejs.unsl.edu.ar\\\/#\\\/schema\\\/logo\\\/image\\\/\",\"url\":\"https:\\\/\\\/www.fcejs.unsl.edu.ar\\\/wp-content\\\/uploads\\\/2021\\\/03\\\/logo-1.jpg\",\"contentUrl\":\"https:\\\/\\\/www.fcejs.unsl.edu.ar\\\/wp-content\\\/uploads\\\/2021\\\/03\\\/logo-1.jpg\",\"width\":471,\"height\":146,\"caption\":\"Facultad de Ciencias Econ\u00f3micas, Jur\u00eddicas y Sociales\"},\"image\":{\"@id\":\"https:\\\/\\\/www.fcejs.unsl.edu.ar\\\/#\\\/schema\\\/logo\\\/image\\\/\"},\"sameAs\":[\"https:\\\/\\\/www.facebook.com\\\/FCEJS.UNSL\\\/\",\"https:\\\/\\\/x.com\\\/FCEJSUNSL\",\"https:\\\/\\\/www.instagram.com\\\/fcejs.unsl\\\/\",\"https:\\\/\\\/www.youtube.com\\\/channel\\\/UCH-Ut6EaN_X5ogjIQMPe46g\\\/\"]},{\"@type\":\"Person\",\"@id\":\"https:\\\/\\\/www.fcejs.unsl.edu.ar\\\/#\\\/schema\\\/person\\\/352ee6ed90c3f394c7cb5945f8956d34\",\"name\":\"DATI\"}]}<\/script>\n<!-- \/ Yoast SEO plugin. -->","yoast_head_json":{"title":"Culmin\u00f3 exitosamente el ciclo \u201cEl mundo laboral en disputa\u201d - Facultad de Ciencias Econ\u00f3micas, Jur\u00ed\u00addicas y Sociales","robots":{"index":"index","follow":"follow","max-snippet":"max-snippet:-1","max-image-preview":"max-image-preview:large","max-video-preview":"max-video-preview:-1"},"canonical":"https:\/\/www.fcejs.unsl.edu.ar\/index.php\/inicio-el-ciclo-de-charlas-el-mundo-laboral-en-disputa\/","og_locale":"es_ES","og_type":"article","og_title":"Culmin\u00f3 exitosamente el ciclo \u201cEl mundo laboral en disputa\u201d - Facultad de Ciencias Econ\u00f3micas, Jur\u00ed\u00addicas y Sociales","og_description":"El Instituto Escuela de Econom\u00eda, Negocios y Transferencia Tecnol\u00f3gica fue el escenario elegido para el ciclo de charlas \u201cEl mundo laboral en disputa\u201d, que se&hellip;","og_url":"https:\/\/www.fcejs.unsl.edu.ar\/index.php\/inicio-el-ciclo-de-charlas-el-mundo-laboral-en-disputa\/","og_site_name":"Facultad de Ciencias Econ\u00f3micas, Jur\u00ed\u00addicas y Sociales","article_publisher":"https:\/\/www.facebook.com\/FCEJS.UNSL\/","article_published_time":"2025-11-24T19:08:16+00:00","article_modified_time":"2025-12-03T12:09:16+00:00","og_image":[{"width":1280,"height":960,"url":"https:\/\/www.fcejs.unsl.edu.ar\/wp-content\/uploads\/2025\/11\/WhatsApp-Image-2025-11-20-at-20.52.51.jpeg","type":"image\/jpeg"}],"author":"DATI","twitter_card":"summary_large_image","twitter_creator":"@FCEJSUNSL","twitter_site":"@FCEJSUNSL","twitter_misc":{"Escrito por":"DATI","Tiempo de lectura":"3 minutos"},"schema":{"@context":"https:\/\/schema.org","@graph":[{"@type":"Article","@id":"https:\/\/www.fcejs.unsl.edu.ar\/index.php\/inicio-el-ciclo-de-charlas-el-mundo-laboral-en-disputa\/#article","isPartOf":{"@id":"https:\/\/www.fcejs.unsl.edu.ar\/index.php\/inicio-el-ciclo-de-charlas-el-mundo-laboral-en-disputa\/"},"author":{"name":"DATI","@id":"https:\/\/www.fcejs.unsl.edu.ar\/#\/schema\/person\/352ee6ed90c3f394c7cb5945f8956d34"},"headline":"Culmin\u00f3 exitosamente el ciclo \u201cEl mundo laboral en disputa\u201d","datePublished":"2025-11-24T19:08:16+00:00","dateModified":"2025-12-03T12:09:16+00:00","mainEntityOfPage":{"@id":"https:\/\/www.fcejs.unsl.edu.ar\/index.php\/inicio-el-ciclo-de-charlas-el-mundo-laboral-en-disputa\/"},"wordCount":447,"publisher":{"@id":"https:\/\/www.fcejs.unsl.edu.ar\/#organization"},"image":{"@id":"https:\/\/www.fcejs.unsl.edu.ar\/index.php\/inicio-el-ciclo-de-charlas-el-mundo-laboral-en-disputa\/#primaryimage"},"thumbnailUrl":"https:\/\/www.fcejs.unsl.edu.ar\/wp-content\/uploads\/2025\/11\/WhatsApp-Image-2025-11-20-at-20.52.51.jpeg","articleSection":["Noticias"],"inLanguage":"es-AR"},{"@type":"WebPage","@id":"https:\/\/www.fcejs.unsl.edu.ar\/index.php\/inicio-el-ciclo-de-charlas-el-mundo-laboral-en-disputa\/","url":"https:\/\/www.fcejs.unsl.edu.ar\/index.php\/inicio-el-ciclo-de-charlas-el-mundo-laboral-en-disputa\/","name":"Culmin\u00f3 exitosamente el ciclo \u201cEl mundo laboral en disputa\u201d - Facultad de Ciencias Econ\u00f3micas, Jur\u00ed\u00addicas y Sociales","isPartOf":{"@id":"https:\/\/www.fcejs.unsl.edu.ar\/#website"},"primaryImageOfPage":{"@id":"https:\/\/www.fcejs.unsl.edu.ar\/index.php\/inicio-el-ciclo-de-charlas-el-mundo-laboral-en-disputa\/#primaryimage"},"image":{"@id":"https:\/\/www.fcejs.unsl.edu.ar\/index.php\/inicio-el-ciclo-de-charlas-el-mundo-laboral-en-disputa\/#primaryimage"},"thumbnailUrl":"https:\/\/www.fcejs.unsl.edu.ar\/wp-content\/uploads\/2025\/11\/WhatsApp-Image-2025-11-20-at-20.52.51.jpeg","datePublished":"2025-11-24T19:08:16+00:00","dateModified":"2025-12-03T12:09:16+00:00","breadcrumb":{"@id":"https:\/\/www.fcejs.unsl.edu.ar\/index.php\/inicio-el-ciclo-de-charlas-el-mundo-laboral-en-disputa\/#breadcrumb"},"inLanguage":"es-AR","potentialAction":[{"@type":"ReadAction","target":["https:\/\/www.fcejs.unsl.edu.ar\/index.php\/inicio-el-ciclo-de-charlas-el-mundo-laboral-en-disputa\/"]}]},{"@type":"ImageObject","inLanguage":"es-AR","@id":"https:\/\/www.fcejs.unsl.edu.ar\/index.php\/inicio-el-ciclo-de-charlas-el-mundo-laboral-en-disputa\/#primaryimage","url":"https:\/\/www.fcejs.unsl.edu.ar\/wp-content\/uploads\/2025\/11\/WhatsApp-Image-2025-11-20-at-20.52.51.jpeg","contentUrl":"https:\/\/www.fcejs.unsl.edu.ar\/wp-content\/uploads\/2025\/11\/WhatsApp-Image-2025-11-20-at-20.52.51.jpeg","width":1280,"height":960},{"@type":"BreadcrumbList","@id":"https:\/\/www.fcejs.unsl.edu.ar\/index.php\/inicio-el-ciclo-de-charlas-el-mundo-laboral-en-disputa\/#breadcrumb","itemListElement":[{"@type":"ListItem","position":1,"name":"Inicio","item":"https:\/\/www.fcejs.unsl.edu.ar\/"},{"@type":"ListItem","position":2,"name":"Culmin\u00f3 exitosamente el ciclo \u201cEl mundo laboral en disputa\u201d"}]},{"@type":"WebSite","@id":"https:\/\/www.fcejs.unsl.edu.ar\/#website","url":"https:\/\/www.fcejs.unsl.edu.ar\/","name":"Facultad de Ciencias Econ\u00f3micas, Jur\u00ed\u00addicas y Sociales","description":"","publisher":{"@id":"https:\/\/www.fcejs.unsl.edu.ar\/#organization"},"potentialAction":[{"@type":"SearchAction","target":{"@type":"EntryPoint","urlTemplate":"https:\/\/www.fcejs.unsl.edu.ar\/?s={search_term_string}"},"query-input":{"@type":"PropertyValueSpecification","valueRequired":true,"valueName":"search_term_string"}}],"inLanguage":"es-AR"},{"@type":"Organization","@id":"https:\/\/www.fcejs.unsl.edu.ar\/#organization","name":"Facultad de Ciencias Econ\u00f3micas, Jur\u00eddicas y Sociales","url":"https:\/\/www.fcejs.unsl.edu.ar\/","logo":{"@type":"ImageObject","inLanguage":"es-AR","@id":"https:\/\/www.fcejs.unsl.edu.ar\/#\/schema\/logo\/image\/","url":"https:\/\/www.fcejs.unsl.edu.ar\/wp-content\/uploads\/2021\/03\/logo-1.jpg","contentUrl":"https:\/\/www.fcejs.unsl.edu.ar\/wp-content\/uploads\/2021\/03\/logo-1.jpg","width":471,"height":146,"caption":"Facultad de Ciencias Econ\u00f3micas, Jur\u00eddicas y Sociales"},"image":{"@id":"https:\/\/www.fcejs.unsl.edu.ar\/#\/schema\/logo\/image\/"},"sameAs":["https:\/\/www.facebook.com\/FCEJS.UNSL\/","https:\/\/x.com\/FCEJSUNSL","https:\/\/www.instagram.com\/fcejs.unsl\/","https:\/\/www.youtube.com\/channel\/UCH-Ut6EaN_X5ogjIQMPe46g\/"]},{"@type":"Person","@id":"https:\/\/www.fcejs.unsl.edu.ar\/#\/schema\/person\/352ee6ed90c3f394c7cb5945f8956d34","name":"DATI"}]}},"jetpack_featured_media_url":"https:\/\/www.fcejs.unsl.edu.ar\/wp-content\/uploads\/2025\/11\/WhatsApp-Image-2025-11-20-at-20.52.51.jpeg","_links":{"self":[{"href":"https:\/\/www.fcejs.unsl.edu.ar\/index.php\/wp-json\/wp\/v2\/posts\/22644","targetHints":{"allow":["GET"]}}],"collection":[{"href":"https:\/\/www.fcejs.unsl.edu.ar\/index.php\/wp-json\/wp\/v2\/posts"}],"about":[{"href":"https:\/\/www.fcejs.unsl.edu.ar\/index.php\/wp-json\/wp\/v2\/types\/post"}],"author":[{"embeddable":true,"href":"https:\/\/www.fcejs.unsl.edu.ar\/index.php\/wp-json\/wp\/v2\/users\/9"}],"replies":[{"embeddable":true,"href":"https:\/\/www.fcejs.unsl.edu.ar\/index.php\/wp-json\/wp\/v2\/comments?post=22644"}],"version-history":[{"count":6,"href":"https:\/\/www.fcejs.unsl.edu.ar\/index.php\/wp-json\/wp\/v2\/posts\/22644\/revisions"}],"predecessor-version":[{"id":22719,"href":"https:\/\/www.fcejs.unsl.edu.ar\/index.php\/wp-json\/wp\/v2\/posts\/22644\/revisions\/22719"}],"wp:featuredmedia":[{"embeddable":true,"href":"https:\/\/www.fcejs.unsl.edu.ar\/index.php\/wp-json\/wp\/v2\/media\/22707"}],"wp:attachment":[{"href":"https:\/\/www.fcejs.unsl.edu.ar\/index.php\/wp-json\/wp\/v2\/media?parent=22644"}],"wp:term":[{"taxonomy":"category","embeddable":true,"href":"https:\/\/www.fcejs.unsl.edu.ar\/index.php\/wp-json\/wp\/v2\/categories?post=22644"},{"taxonomy":"post_tag","embeddable":true,"href":"https:\/\/www.fcejs.unsl.edu.ar\/index.php\/wp-json\/wp\/v2\/tags?post=22644"}],"curies":[{"name":"wp","href":"https:\/\/api.w.org\/{rel}","templated":true}]}}