{"id":22637,"date":"2025-11-18T11:23:08","date_gmt":"2025-11-18T14:23:08","guid":{"rendered":"https:\/\/www.fcejs.unsl.edu.ar\/?p=22637"},"modified":"2025-12-03T09:08:59","modified_gmt":"2025-12-03T12:08:59","slug":"la-fcejs-adquirio-equipamiento-tecnologico-para-el-aula-inteligente","status":"publish","type":"post","link":"https:\/\/www.fcejs.unsl.edu.ar\/index.php\/la-fcejs-adquirio-equipamiento-tecnologico-para-el-aula-inteligente\/","title":{"rendered":"La FCEJS adquiri\u00f3 equipamiento tecnol\u00f3gico para el Aula Inteligente"},"content":{"rendered":"<p data-path-to-node=\"2\">Con el objetivo de <b>fortalecer la calidad educativa<\/b> de la <b>nueva Licenciatura en Seguridad P\u00fablica<\/b>, la FCEJS adquiri\u00f3 <b>equipamiento tecnol\u00f3gico<\/b> para el <b>Aula Inteligente<\/b> ubicada en el Bloque de Aulas Especiales, de la cual signific\u00f3 una inversi\u00f3n de $5.936.444. Este espacio fue <b>dispuesto<\/b> para <b>potenciar<\/b> los procesos de <b>ense\u00f1anza-aprendizaje<\/b> de su <b>primera cohorte<\/b>.<\/p>\n<p data-path-to-node=\"3\">La Licenciatura en Seguridad P\u00fablica, creada tambi\u00e9n en 2025, inici\u00f3 su <b>primera cohorte<\/b> este mismo a\u00f1o y ya cuenta con <b>preinscripciones<\/b> abiertas para el ciclo 2026, lo que evidencia el <b>creciente inter\u00e9s<\/b> por una <b>formaci\u00f3n universitaria<\/b> en materia de <b>seguridad<\/b>.<\/p>\n<p data-path-to-node=\"3\"><img fetchpriority=\"high\" decoding=\"async\" class=\"aligncenter wp-image-22639 size-full\" src=\"https:\/\/www.fcejs.unsl.edu.ar\/wp-content\/uploads\/2025\/11\/equipamiento-aula-inteligente-4.jpg\" alt=\"\" width=\"1100\" height=\"733\" srcset=\"https:\/\/www.fcejs.unsl.edu.ar\/wp-content\/uploads\/2025\/11\/equipamiento-aula-inteligente-4.jpg 1100w, https:\/\/www.fcejs.unsl.edu.ar\/wp-content\/uploads\/2025\/11\/equipamiento-aula-inteligente-4-300x200.jpg 300w, https:\/\/www.fcejs.unsl.edu.ar\/wp-content\/uploads\/2025\/11\/equipamiento-aula-inteligente-4-1024x682.jpg 1024w, https:\/\/www.fcejs.unsl.edu.ar\/wp-content\/uploads\/2025\/11\/equipamiento-aula-inteligente-4-768x512.jpg 768w\" sizes=\"(max-width: 1100px) 100vw, 1100px\" \/><\/p>\n<p data-path-to-node=\"4\">Esta iniciativa es <b>resultado del convenio<\/b> firmado a principios de 2025 entre la FCEJS y el <b>Ministerio de Seguridad de la provincia<\/b>, orientado a <b>consolidar la formaci\u00f3n acad\u00e9mica y profesional<\/b> de quienes integran el <b>campo de la seguridad p\u00fablica<\/b>.<\/p>\n<p data-path-to-node=\"5\">En el marco de este acuerdo, se concret\u00f3 la <b>incorporaci\u00f3n de un amplio conjunto de recursos tecnol\u00f3gicos<\/b> destinados a garantizar la <b>participaci\u00f3n simult\u00e1nea de estudiantes presenciales y remotos<\/b>, optimizar las <b>clases sincr\u00f3nicas<\/b> y ampliar las <b>posibilidades pedag\u00f3gicas<\/b> de la <b>propuesta formativa<\/b>.<\/p>\n<p data-path-to-node=\"6\">La <b>integraci\u00f3n de estos dispositivos permitir\u00e1<\/b> desarrollar <b>clases de alta calidad audiovisual<\/b>, registrar <b>actividades acad\u00e9micas<\/b>, sostener <b>pr\u00e1cticas formativas en tiempo real<\/b> y favorecer la <b>interacci\u00f3n entre estudiantes, docentes y profesionales invitados<\/b>, sin importar su <b>ubicaci\u00f3n geogr\u00e1fica<\/b>.<\/p>\n<p data-path-to-node=\"7\">A pesar del situaci\u00f3n presupuestaria nacional de las universidades p\u00fablicas, el fortalecimiento de la infraestructura de aulas representa para la FCEJS\u00a0<b>a un avance estrat\u00e9gico<\/b> en la <b>modernizaci\u00f3n de los entornos educativos<\/b> y en la <b>consolidaci\u00f3n de propuestas<\/b> con <b>modalidad combinada<\/b>.<\/p>\n<p data-path-to-node=\"7\"><img decoding=\"async\" class=\"aligncenter wp-image-22640 size-full\" src=\"https:\/\/www.fcejs.unsl.edu.ar\/wp-content\/uploads\/2025\/11\/equipamiento-aula-inteligente-6.jpg\" alt=\"\" width=\"1100\" height=\"733\" srcset=\"https:\/\/www.fcejs.unsl.edu.ar\/wp-content\/uploads\/2025\/11\/equipamiento-aula-inteligente-6.jpg 1100w, https:\/\/www.fcejs.unsl.edu.ar\/wp-content\/uploads\/2025\/11\/equipamiento-aula-inteligente-6-300x200.jpg 300w, https:\/\/www.fcejs.unsl.edu.ar\/wp-content\/uploads\/2025\/11\/equipamiento-aula-inteligente-6-1024x682.jpg 1024w, https:\/\/www.fcejs.unsl.edu.ar\/wp-content\/uploads\/2025\/11\/equipamiento-aula-inteligente-6-768x512.jpg 768w\" sizes=\"(max-width: 1100px) 100vw, 1100px\" \/><\/p>\n<p data-path-to-node=\"8\">El <b>equipamiento adquirido incluye<\/b>: una <b>c\u00e1mara PTZ<\/b>, dos <b>webcams<\/b>, dos <b>micr\u00f3fonos omnidireccionales de superficie<\/b>, una <b>consola de 8 canales<\/b>, una <b>placa de sonido USB<\/b>, <b>parlantes potenciados<\/b> con sus <b>soportes<\/b>, un <b>tr\u00edpode para c\u00e1mara<\/b>, un <b>televisor LED<\/b> con soporte, un <b>proyector<\/b> y su <b>respectivo soporte<\/b>, adem\u00e1s de una <b>PC completa<\/b>. A ello se suman <b>accesorios indispensables<\/b> para el <b>funcionamiento del sistema<\/b>, como un <b>hub USB<\/b>, <b>cables HDMI<\/b>, <b>RCA\u2013miniplug<\/b>, <b>Canon\u2013Canon<\/b>, un <b>alargue USB<\/b> y un <b>adaptador USB a HDMI<\/b>.<\/p>\n","protected":false},"excerpt":{"rendered":"<p>Con el objetivo de fortalecer la calidad educativa de la nueva Licenciatura en Seguridad P\u00fablica, la FCEJS adquiri\u00f3 equipamiento tecnol\u00f3gico para el Aula Inteligente ubicada&hellip;<\/p>\n","protected":false},"author":9,"featured_media":22638,"comment_status":"closed","ping_status":"closed","sticky":false,"template":"","format":"standard","meta":{"om_disable_all_campaigns":false,"_monsterinsights_skip_tracking":false,"_monsterinsights_sitenote_active":false,"_monsterinsights_sitenote_note":"","_monsterinsights_sitenote_category":0,"footnotes":""},"categories":[1],"tags":[],"class_list":["post-22637","post","type-post","status-publish","format-standard","has-post-thumbnail","hentry","category-noticias"],"yoast_head":"<!-- This site is optimized with the Yoast SEO plugin v27.4 - https:\/\/yoast.com\/product\/yoast-seo-wordpress\/ -->\n<title>La FCEJS adquiri\u00f3 equipamiento tecnol\u00f3gico para el Aula Inteligente - Facultad de Ciencias Econ\u00f3micas, Jur\u00ed\u00addicas y Sociales<\/title>\n<meta name=\"robots\" content=\"index, follow, max-snippet:-1, max-image-preview:large, max-video-preview:-1\" \/>\n<link rel=\"canonical\" href=\"https:\/\/www.fcejs.unsl.edu.ar\/index.php\/la-fcejs-adquirio-equipamiento-tecnologico-para-el-aula-inteligente\/\" \/>\n<meta property=\"og:locale\" content=\"es_ES\" \/>\n<meta property=\"og:type\" content=\"article\" \/>\n<meta property=\"og:title\" content=\"La FCEJS adquiri\u00f3 equipamiento tecnol\u00f3gico para el Aula Inteligente - Facultad de Ciencias Econ\u00f3micas, Jur\u00ed\u00addicas y Sociales\" \/>\n<meta property=\"og:description\" content=\"Con el objetivo de fortalecer la calidad educativa de la nueva Licenciatura en Seguridad P\u00fablica, la FCEJS adquiri\u00f3 equipamiento tecnol\u00f3gico para el Aula Inteligente ubicada&hellip;\" \/>\n<meta property=\"og:url\" content=\"https:\/\/www.fcejs.unsl.edu.ar\/index.php\/la-fcejs-adquirio-equipamiento-tecnologico-para-el-aula-inteligente\/\" \/>\n<meta property=\"og:site_name\" content=\"Facultad de Ciencias Econ\u00f3micas, Jur\u00ed\u00addicas y Sociales\" \/>\n<meta property=\"article:publisher\" content=\"https:\/\/www.facebook.com\/FCEJS.UNSL\/\" \/>\n<meta property=\"article:published_time\" content=\"2025-11-18T14:23:08+00:00\" \/>\n<meta property=\"article:modified_time\" content=\"2025-12-03T12:08:59+00:00\" \/>\n<meta property=\"og:image\" content=\"https:\/\/www.fcejs.unsl.edu.ar\/wp-content\/uploads\/2025\/11\/equipamiento-aula-inteligente-front.jpg\" \/>\n\t<meta property=\"og:image:width\" content=\"1152\" \/>\n\t<meta property=\"og:image:height\" content=\"647\" \/>\n\t<meta property=\"og:image:type\" content=\"image\/jpeg\" \/>\n<meta name=\"author\" content=\"DATI\" \/>\n<meta name=\"twitter:card\" content=\"summary_large_image\" \/>\n<meta name=\"twitter:creator\" content=\"@FCEJSUNSL\" \/>\n<meta name=\"twitter:site\" content=\"@FCEJSUNSL\" \/>\n<meta name=\"twitter:label1\" content=\"Escrito por\" \/>\n\t<meta name=\"twitter:data1\" content=\"DATI\" \/>\n\t<meta name=\"twitter:label2\" content=\"Tiempo de lectura\" \/>\n\t<meta name=\"twitter:data2\" content=\"3 minutos\" \/>\n<script type=\"application\/ld+json\" class=\"yoast-schema-graph\">{\"@context\":\"https:\\\/\\\/schema.org\",\"@graph\":[{\"@type\":\"Article\",\"@id\":\"https:\\\/\\\/www.fcejs.unsl.edu.ar\\\/index.php\\\/la-fcejs-adquirio-equipamiento-tecnologico-para-el-aula-inteligente\\\/#article\",\"isPartOf\":{\"@id\":\"https:\\\/\\\/www.fcejs.unsl.edu.ar\\\/index.php\\\/la-fcejs-adquirio-equipamiento-tecnologico-para-el-aula-inteligente\\\/\"},\"author\":{\"name\":\"DATI\",\"@id\":\"https:\\\/\\\/www.fcejs.unsl.edu.ar\\\/#\\\/schema\\\/person\\\/352ee6ed90c3f394c7cb5945f8956d34\"},\"headline\":\"La FCEJS adquiri\u00f3 equipamiento tecnol\u00f3gico para el Aula Inteligente\",\"datePublished\":\"2025-11-18T14:23:08+00:00\",\"dateModified\":\"2025-12-03T12:08:59+00:00\",\"mainEntityOfPage\":{\"@id\":\"https:\\\/\\\/www.fcejs.unsl.edu.ar\\\/index.php\\\/la-fcejs-adquirio-equipamiento-tecnologico-para-el-aula-inteligente\\\/\"},\"wordCount\":368,\"publisher\":{\"@id\":\"https:\\\/\\\/www.fcejs.unsl.edu.ar\\\/#organization\"},\"image\":{\"@id\":\"https:\\\/\\\/www.fcejs.unsl.edu.ar\\\/index.php\\\/la-fcejs-adquirio-equipamiento-tecnologico-para-el-aula-inteligente\\\/#primaryimage\"},\"thumbnailUrl\":\"https:\\\/\\\/www.fcejs.unsl.edu.ar\\\/wp-content\\\/uploads\\\/2025\\\/11\\\/equipamiento-aula-inteligente-front.jpg\",\"articleSection\":[\"Noticias\"],\"inLanguage\":\"es-AR\"},{\"@type\":\"WebPage\",\"@id\":\"https:\\\/\\\/www.fcejs.unsl.edu.ar\\\/index.php\\\/la-fcejs-adquirio-equipamiento-tecnologico-para-el-aula-inteligente\\\/\",\"url\":\"https:\\\/\\\/www.fcejs.unsl.edu.ar\\\/index.php\\\/la-fcejs-adquirio-equipamiento-tecnologico-para-el-aula-inteligente\\\/\",\"name\":\"La FCEJS adquiri\u00f3 equipamiento tecnol\u00f3gico para el Aula Inteligente - Facultad de Ciencias Econ\u00f3micas, Jur\u00ed\u00addicas y Sociales\",\"isPartOf\":{\"@id\":\"https:\\\/\\\/www.fcejs.unsl.edu.ar\\\/#website\"},\"primaryImageOfPage\":{\"@id\":\"https:\\\/\\\/www.fcejs.unsl.edu.ar\\\/index.php\\\/la-fcejs-adquirio-equipamiento-tecnologico-para-el-aula-inteligente\\\/#primaryimage\"},\"image\":{\"@id\":\"https:\\\/\\\/www.fcejs.unsl.edu.ar\\\/index.php\\\/la-fcejs-adquirio-equipamiento-tecnologico-para-el-aula-inteligente\\\/#primaryimage\"},\"thumbnailUrl\":\"https:\\\/\\\/www.fcejs.unsl.edu.ar\\\/wp-content\\\/uploads\\\/2025\\\/11\\\/equipamiento-aula-inteligente-front.jpg\",\"datePublished\":\"2025-11-18T14:23:08+00:00\",\"dateModified\":\"2025-12-03T12:08:59+00:00\",\"breadcrumb\":{\"@id\":\"https:\\\/\\\/www.fcejs.unsl.edu.ar\\\/index.php\\\/la-fcejs-adquirio-equipamiento-tecnologico-para-el-aula-inteligente\\\/#breadcrumb\"},\"inLanguage\":\"es-AR\",\"potentialAction\":[{\"@type\":\"ReadAction\",\"target\":[\"https:\\\/\\\/www.fcejs.unsl.edu.ar\\\/index.php\\\/la-fcejs-adquirio-equipamiento-tecnologico-para-el-aula-inteligente\\\/\"]}]},{\"@type\":\"ImageObject\",\"inLanguage\":\"es-AR\",\"@id\":\"https:\\\/\\\/www.fcejs.unsl.edu.ar\\\/index.php\\\/la-fcejs-adquirio-equipamiento-tecnologico-para-el-aula-inteligente\\\/#primaryimage\",\"url\":\"https:\\\/\\\/www.fcejs.unsl.edu.ar\\\/wp-content\\\/uploads\\\/2025\\\/11\\\/equipamiento-aula-inteligente-front.jpg\",\"contentUrl\":\"https:\\\/\\\/www.fcejs.unsl.edu.ar\\\/wp-content\\\/uploads\\\/2025\\\/11\\\/equipamiento-aula-inteligente-front.jpg\",\"width\":1152,\"height\":647},{\"@type\":\"BreadcrumbList\",\"@id\":\"https:\\\/\\\/www.fcejs.unsl.edu.ar\\\/index.php\\\/la-fcejs-adquirio-equipamiento-tecnologico-para-el-aula-inteligente\\\/#breadcrumb\",\"itemListElement\":[{\"@type\":\"ListItem\",\"position\":1,\"name\":\"Inicio\",\"item\":\"https:\\\/\\\/www.fcejs.unsl.edu.ar\\\/\"},{\"@type\":\"ListItem\",\"position\":2,\"name\":\"La FCEJS adquiri\u00f3 equipamiento tecnol\u00f3gico para el Aula Inteligente\"}]},{\"@type\":\"WebSite\",\"@id\":\"https:\\\/\\\/www.fcejs.unsl.edu.ar\\\/#website\",\"url\":\"https:\\\/\\\/www.fcejs.unsl.edu.ar\\\/\",\"name\":\"Facultad de Ciencias Econ\u00f3micas, Jur\u00ed\u00addicas y Sociales\",\"description\":\"\",\"publisher\":{\"@id\":\"https:\\\/\\\/www.fcejs.unsl.edu.ar\\\/#organization\"},\"potentialAction\":[{\"@type\":\"SearchAction\",\"target\":{\"@type\":\"EntryPoint\",\"urlTemplate\":\"https:\\\/\\\/www.fcejs.unsl.edu.ar\\\/?s={search_term_string}\"},\"query-input\":{\"@type\":\"PropertyValueSpecification\",\"valueRequired\":true,\"valueName\":\"search_term_string\"}}],\"inLanguage\":\"es-AR\"},{\"@type\":\"Organization\",\"@id\":\"https:\\\/\\\/www.fcejs.unsl.edu.ar\\\/#organization\",\"name\":\"Facultad de Ciencias Econ\u00f3micas, Jur\u00eddicas y Sociales\",\"url\":\"https:\\\/\\\/www.fcejs.unsl.edu.ar\\\/\",\"logo\":{\"@type\":\"ImageObject\",\"inLanguage\":\"es-AR\",\"@id\":\"https:\\\/\\\/www.fcejs.unsl.edu.ar\\\/#\\\/schema\\\/logo\\\/image\\\/\",\"url\":\"https:\\\/\\\/www.fcejs.unsl.edu.ar\\\/wp-content\\\/uploads\\\/2021\\\/03\\\/logo-1.jpg\",\"contentUrl\":\"https:\\\/\\\/www.fcejs.unsl.edu.ar\\\/wp-content\\\/uploads\\\/2021\\\/03\\\/logo-1.jpg\",\"width\":471,\"height\":146,\"caption\":\"Facultad de Ciencias Econ\u00f3micas, Jur\u00eddicas y Sociales\"},\"image\":{\"@id\":\"https:\\\/\\\/www.fcejs.unsl.edu.ar\\\/#\\\/schema\\\/logo\\\/image\\\/\"},\"sameAs\":[\"https:\\\/\\\/www.facebook.com\\\/FCEJS.UNSL\\\/\",\"https:\\\/\\\/x.com\\\/FCEJSUNSL\",\"https:\\\/\\\/www.instagram.com\\\/fcejs.unsl\\\/\",\"https:\\\/\\\/www.youtube.com\\\/channel\\\/UCH-Ut6EaN_X5ogjIQMPe46g\\\/\"]},{\"@type\":\"Person\",\"@id\":\"https:\\\/\\\/www.fcejs.unsl.edu.ar\\\/#\\\/schema\\\/person\\\/352ee6ed90c3f394c7cb5945f8956d34\",\"name\":\"DATI\"}]}<\/script>\n<!-- \/ Yoast SEO plugin. -->","yoast_head_json":{"title":"La FCEJS adquiri\u00f3 equipamiento tecnol\u00f3gico para el Aula Inteligente - Facultad de Ciencias Econ\u00f3micas, Jur\u00ed\u00addicas y Sociales","robots":{"index":"index","follow":"follow","max-snippet":"max-snippet:-1","max-image-preview":"max-image-preview:large","max-video-preview":"max-video-preview:-1"},"canonical":"https:\/\/www.fcejs.unsl.edu.ar\/index.php\/la-fcejs-adquirio-equipamiento-tecnologico-para-el-aula-inteligente\/","og_locale":"es_ES","og_type":"article","og_title":"La FCEJS adquiri\u00f3 equipamiento tecnol\u00f3gico para el Aula Inteligente - Facultad de Ciencias Econ\u00f3micas, Jur\u00ed\u00addicas y Sociales","og_description":"Con el objetivo de fortalecer la calidad educativa de la nueva Licenciatura en Seguridad P\u00fablica, la FCEJS adquiri\u00f3 equipamiento tecnol\u00f3gico para el Aula Inteligente ubicada&hellip;","og_url":"https:\/\/www.fcejs.unsl.edu.ar\/index.php\/la-fcejs-adquirio-equipamiento-tecnologico-para-el-aula-inteligente\/","og_site_name":"Facultad de Ciencias Econ\u00f3micas, Jur\u00ed\u00addicas y Sociales","article_publisher":"https:\/\/www.facebook.com\/FCEJS.UNSL\/","article_published_time":"2025-11-18T14:23:08+00:00","article_modified_time":"2025-12-03T12:08:59+00:00","og_image":[{"width":1152,"height":647,"url":"https:\/\/www.fcejs.unsl.edu.ar\/wp-content\/uploads\/2025\/11\/equipamiento-aula-inteligente-front.jpg","type":"image\/jpeg"}],"author":"DATI","twitter_card":"summary_large_image","twitter_creator":"@FCEJSUNSL","twitter_site":"@FCEJSUNSL","twitter_misc":{"Escrito por":"DATI","Tiempo de lectura":"3 minutos"},"schema":{"@context":"https:\/\/schema.org","@graph":[{"@type":"Article","@id":"https:\/\/www.fcejs.unsl.edu.ar\/index.php\/la-fcejs-adquirio-equipamiento-tecnologico-para-el-aula-inteligente\/#article","isPartOf":{"@id":"https:\/\/www.fcejs.unsl.edu.ar\/index.php\/la-fcejs-adquirio-equipamiento-tecnologico-para-el-aula-inteligente\/"},"author":{"name":"DATI","@id":"https:\/\/www.fcejs.unsl.edu.ar\/#\/schema\/person\/352ee6ed90c3f394c7cb5945f8956d34"},"headline":"La FCEJS adquiri\u00f3 equipamiento tecnol\u00f3gico para el Aula Inteligente","datePublished":"2025-11-18T14:23:08+00:00","dateModified":"2025-12-03T12:08:59+00:00","mainEntityOfPage":{"@id":"https:\/\/www.fcejs.unsl.edu.ar\/index.php\/la-fcejs-adquirio-equipamiento-tecnologico-para-el-aula-inteligente\/"},"wordCount":368,"publisher":{"@id":"https:\/\/www.fcejs.unsl.edu.ar\/#organization"},"image":{"@id":"https:\/\/www.fcejs.unsl.edu.ar\/index.php\/la-fcejs-adquirio-equipamiento-tecnologico-para-el-aula-inteligente\/#primaryimage"},"thumbnailUrl":"https:\/\/www.fcejs.unsl.edu.ar\/wp-content\/uploads\/2025\/11\/equipamiento-aula-inteligente-front.jpg","articleSection":["Noticias"],"inLanguage":"es-AR"},{"@type":"WebPage","@id":"https:\/\/www.fcejs.unsl.edu.ar\/index.php\/la-fcejs-adquirio-equipamiento-tecnologico-para-el-aula-inteligente\/","url":"https:\/\/www.fcejs.unsl.edu.ar\/index.php\/la-fcejs-adquirio-equipamiento-tecnologico-para-el-aula-inteligente\/","name":"La FCEJS adquiri\u00f3 equipamiento tecnol\u00f3gico para el Aula Inteligente - Facultad de Ciencias Econ\u00f3micas, Jur\u00ed\u00addicas y Sociales","isPartOf":{"@id":"https:\/\/www.fcejs.unsl.edu.ar\/#website"},"primaryImageOfPage":{"@id":"https:\/\/www.fcejs.unsl.edu.ar\/index.php\/la-fcejs-adquirio-equipamiento-tecnologico-para-el-aula-inteligente\/#primaryimage"},"image":{"@id":"https:\/\/www.fcejs.unsl.edu.ar\/index.php\/la-fcejs-adquirio-equipamiento-tecnologico-para-el-aula-inteligente\/#primaryimage"},"thumbnailUrl":"https:\/\/www.fcejs.unsl.edu.ar\/wp-content\/uploads\/2025\/11\/equipamiento-aula-inteligente-front.jpg","datePublished":"2025-11-18T14:23:08+00:00","dateModified":"2025-12-03T12:08:59+00:00","breadcrumb":{"@id":"https:\/\/www.fcejs.unsl.edu.ar\/index.php\/la-fcejs-adquirio-equipamiento-tecnologico-para-el-aula-inteligente\/#breadcrumb"},"inLanguage":"es-AR","potentialAction":[{"@type":"ReadAction","target":["https:\/\/www.fcejs.unsl.edu.ar\/index.php\/la-fcejs-adquirio-equipamiento-tecnologico-para-el-aula-inteligente\/"]}]},{"@type":"ImageObject","inLanguage":"es-AR","@id":"https:\/\/www.fcejs.unsl.edu.ar\/index.php\/la-fcejs-adquirio-equipamiento-tecnologico-para-el-aula-inteligente\/#primaryimage","url":"https:\/\/www.fcejs.unsl.edu.ar\/wp-content\/uploads\/2025\/11\/equipamiento-aula-inteligente-front.jpg","contentUrl":"https:\/\/www.fcejs.unsl.edu.ar\/wp-content\/uploads\/2025\/11\/equipamiento-aula-inteligente-front.jpg","width":1152,"height":647},{"@type":"BreadcrumbList","@id":"https:\/\/www.fcejs.unsl.edu.ar\/index.php\/la-fcejs-adquirio-equipamiento-tecnologico-para-el-aula-inteligente\/#breadcrumb","itemListElement":[{"@type":"ListItem","position":1,"name":"Inicio","item":"https:\/\/www.fcejs.unsl.edu.ar\/"},{"@type":"ListItem","position":2,"name":"La FCEJS adquiri\u00f3 equipamiento tecnol\u00f3gico para el Aula Inteligente"}]},{"@type":"WebSite","@id":"https:\/\/www.fcejs.unsl.edu.ar\/#website","url":"https:\/\/www.fcejs.unsl.edu.ar\/","name":"Facultad de Ciencias Econ\u00f3micas, Jur\u00ed\u00addicas y Sociales","description":"","publisher":{"@id":"https:\/\/www.fcejs.unsl.edu.ar\/#organization"},"potentialAction":[{"@type":"SearchAction","target":{"@type":"EntryPoint","urlTemplate":"https:\/\/www.fcejs.unsl.edu.ar\/?s={search_term_string}"},"query-input":{"@type":"PropertyValueSpecification","valueRequired":true,"valueName":"search_term_string"}}],"inLanguage":"es-AR"},{"@type":"Organization","@id":"https:\/\/www.fcejs.unsl.edu.ar\/#organization","name":"Facultad de Ciencias Econ\u00f3micas, Jur\u00eddicas y Sociales","url":"https:\/\/www.fcejs.unsl.edu.ar\/","logo":{"@type":"ImageObject","inLanguage":"es-AR","@id":"https:\/\/www.fcejs.unsl.edu.ar\/#\/schema\/logo\/image\/","url":"https:\/\/www.fcejs.unsl.edu.ar\/wp-content\/uploads\/2021\/03\/logo-1.jpg","contentUrl":"https:\/\/www.fcejs.unsl.edu.ar\/wp-content\/uploads\/2021\/03\/logo-1.jpg","width":471,"height":146,"caption":"Facultad de Ciencias Econ\u00f3micas, Jur\u00eddicas y Sociales"},"image":{"@id":"https:\/\/www.fcejs.unsl.edu.ar\/#\/schema\/logo\/image\/"},"sameAs":["https:\/\/www.facebook.com\/FCEJS.UNSL\/","https:\/\/x.com\/FCEJSUNSL","https:\/\/www.instagram.com\/fcejs.unsl\/","https:\/\/www.youtube.com\/channel\/UCH-Ut6EaN_X5ogjIQMPe46g\/"]},{"@type":"Person","@id":"https:\/\/www.fcejs.unsl.edu.ar\/#\/schema\/person\/352ee6ed90c3f394c7cb5945f8956d34","name":"DATI"}]}},"jetpack_featured_media_url":"https:\/\/www.fcejs.unsl.edu.ar\/wp-content\/uploads\/2025\/11\/equipamiento-aula-inteligente-front.jpg","_links":{"self":[{"href":"https:\/\/www.fcejs.unsl.edu.ar\/index.php\/wp-json\/wp\/v2\/posts\/22637","targetHints":{"allow":["GET"]}}],"collection":[{"href":"https:\/\/www.fcejs.unsl.edu.ar\/index.php\/wp-json\/wp\/v2\/posts"}],"about":[{"href":"https:\/\/www.fcejs.unsl.edu.ar\/index.php\/wp-json\/wp\/v2\/types\/post"}],"author":[{"embeddable":true,"href":"https:\/\/www.fcejs.unsl.edu.ar\/index.php\/wp-json\/wp\/v2\/users\/9"}],"replies":[{"embeddable":true,"href":"https:\/\/www.fcejs.unsl.edu.ar\/index.php\/wp-json\/wp\/v2\/comments?post=22637"}],"version-history":[{"count":3,"href":"https:\/\/www.fcejs.unsl.edu.ar\/index.php\/wp-json\/wp\/v2\/posts\/22637\/revisions"}],"predecessor-version":[{"id":22643,"href":"https:\/\/www.fcejs.unsl.edu.ar\/index.php\/wp-json\/wp\/v2\/posts\/22637\/revisions\/22643"}],"wp:featuredmedia":[{"embeddable":true,"href":"https:\/\/www.fcejs.unsl.edu.ar\/index.php\/wp-json\/wp\/v2\/media\/22638"}],"wp:attachment":[{"href":"https:\/\/www.fcejs.unsl.edu.ar\/index.php\/wp-json\/wp\/v2\/media?parent=22637"}],"wp:term":[{"taxonomy":"category","embeddable":true,"href":"https:\/\/www.fcejs.unsl.edu.ar\/index.php\/wp-json\/wp\/v2\/categories?post=22637"},{"taxonomy":"post_tag","embeddable":true,"href":"https:\/\/www.fcejs.unsl.edu.ar\/index.php\/wp-json\/wp\/v2\/tags?post=22637"}],"curies":[{"name":"wp","href":"https:\/\/api.w.org\/{rel}","templated":true}]}}