{"id":22621,"date":"2025-11-14T10:56:02","date_gmt":"2025-11-14T13:56:02","guid":{"rendered":"https:\/\/www.fcejs.unsl.edu.ar\/?p=22621"},"modified":"2025-11-19T09:29:36","modified_gmt":"2025-11-19T12:29:36","slug":"22621","status":"publish","type":"post","link":"https:\/\/www.fcejs.unsl.edu.ar\/index.php\/22621\/","title":{"rendered":"Cine Debate \u201cBel\u00e9n\u201d: Reflexiones sobre derechos, violencia y g\u00e9nero"},"content":{"rendered":"<p data-start=\"126\" data-end=\"469\">La Secretar\u00eda Acad\u00e9mica invita a toda la comunidad al <strong>Cine Debate \u201cBel\u00e9n\u201d<\/strong>, que se llevar\u00e1 a cabo <strong>el martes 18 en el aula de posgrado (2.\u00ba piso, Campus) a partir de las 17 horas.<\/strong><br data-start=\"303\" data-end=\"306\" \/>Quienes est\u00e9n interesados en asistir a la proyecci\u00f3n deben inscribirse accediendo al siguiente enlace:<\/p>\n<h3 style=\"text-align: center;\" data-start=\"126\" data-end=\"469\"><strong><a href=\"https:\/\/forms.gle\/52pbF9Mdagh5EFV46\" target=\"_blank\" rel=\"noopener\">FORMULARIO DE INSCRIPCI\u00d3N\u00a0<\/a><\/strong><\/h3>\n<p data-start=\"126\" data-end=\"469\"><br data-start=\"408\" data-end=\"411\" \/><strong>Cupos limitados.<\/strong><\/p>\n<p data-start=\"471\" data-end=\"917\">En el contexto actual de desmantelamiento de las pol\u00edticas de g\u00e9nero, especialmente aquellas orientadas a prevenir e intervenir en situaciones de violencia, se vuelve imprescindible abrir espacios de reflexi\u00f3n cr\u00edtica. La deslegitimaci\u00f3n de los derechos de mujeres y diversidades sexo-gen\u00e9ricas, junto con la proliferaci\u00f3n de discursos de odio y posiciones antifeministas, encuentra correlato en el incremento y recrudecimiento de los femicidios.<\/p>\n<p data-start=\"919\" data-end=\"1259\">En este marco, la pel\u00edcula \u201cBel\u00e9n\u201d constituye un dispositivo pedag\u00f3gico y de an\u00e1lisis social que promueve el debate sobre la efectivizaci\u00f3n de los derechos de las personas con capacidad de gestar. Su trama permite revisar las acciones colectivas que impulsan transformaciones sociales, en l\u00ednea con marcos normativos como las leyes ILE\u2013IVE.<\/p>\n<p data-start=\"1261\" data-end=\"1503\">Asimismo, el film resulta un recurso pertinente para analizar intervenciones profesionales comprometidas con la defensa y promoci\u00f3n de los derechos humanos, desde una perspectiva de g\u00e9nero y una mirada \u00e9tica sobre las pr\u00e1cticas profesionales.<\/p>\n<p data-start=\"1505\" data-end=\"2025\">Desde una perspectiva feminista, se sostiene que el conocimiento y la pr\u00e1ctica profesional no son neutros. Siguiendo a Diana Maff\u00eda, el feminismo constituye una epistemolog\u00eda cr\u00edtica que interpela las jerarqu\u00edas del saber y las relaciones de poder que sostienen las desigualdades. En este sentido, el cine debate se propone como un espacio de producci\u00f3n colectiva de conocimiento, donde las experiencias y los saberes situados se reconocen como leg\u00edtimos e indispensables para la construcci\u00f3n de pr\u00e1cticas emancipadoras.<\/p>\n<p data-start=\"2027\" data-end=\"2506\">Esta actividad corresponde a una acci\u00f3n articulada entre EL seminario electivo \u201cDesarrollos sobre g\u00e9nero, subjetividades y sexualidades para reflexionar las actuaciones profesionales\u201d, el Equipo Tecnico Interdisciplinario (ETI) autoridad de aplicaci\u00f3n del Protocolo Institucional de Intervenci\u00f3n de la Universidad Nacional de San Luis ante denuncias por situaciones de violencia de g\u00e9nero, identidad de g\u00e9nero y discriminaci\u00f3n; el PROICO 150523 \u201cSexualidades y subjetividades sociopoliticas\u201d; el PEIS \u201cTrabajo social, grupalidades y g\u00e9nero con la Cooperativa 20 de Julio\u201d y la C\u00e1tedra libre por el derecho al aborto de San Luis.<\/p>\n","protected":false},"excerpt":{"rendered":"<p>La Secretar\u00eda Acad\u00e9mica invita a toda la comunidad al Cine Debate \u201cBel\u00e9n\u201d, que se llevar\u00e1 a cabo el martes 18 en el aula de posgrado&hellip;<\/p>\n","protected":false},"author":9,"featured_media":22622,"comment_status":"closed","ping_status":"closed","sticky":false,"template":"","format":"standard","meta":{"om_disable_all_campaigns":false,"_monsterinsights_skip_tracking":false,"_monsterinsights_sitenote_active":false,"_monsterinsights_sitenote_note":"","_monsterinsights_sitenote_category":0,"footnotes":""},"categories":[1],"tags":[],"class_list":["post-22621","post","type-post","status-publish","format-standard","has-post-thumbnail","hentry","category-noticias"],"yoast_head":"<!-- This site is optimized with the Yoast SEO plugin v27.5 - https:\/\/yoast.com\/product\/yoast-seo-wordpress\/ -->\n<title>Cine Debate \u201cBel\u00e9n\u201d: Reflexiones sobre derechos, violencia y g\u00e9nero - Facultad de Ciencias Econ\u00f3micas, Jur\u00ed\u00addicas y Sociales<\/title>\n<meta name=\"robots\" content=\"index, follow, max-snippet:-1, max-image-preview:large, max-video-preview:-1\" \/>\n<link rel=\"canonical\" href=\"https:\/\/www.fcejs.unsl.edu.ar\/index.php\/22621\/\" \/>\n<meta property=\"og:locale\" content=\"es_ES\" \/>\n<meta property=\"og:type\" content=\"article\" \/>\n<meta property=\"og:title\" content=\"Cine Debate \u201cBel\u00e9n\u201d: Reflexiones sobre derechos, violencia y g\u00e9nero - Facultad de Ciencias Econ\u00f3micas, Jur\u00ed\u00addicas y Sociales\" \/>\n<meta property=\"og:description\" content=\"La Secretar\u00eda Acad\u00e9mica invita a toda la comunidad al Cine Debate \u201cBel\u00e9n\u201d, que se llevar\u00e1 a cabo el martes 18 en el aula de posgrado&hellip;\" \/>\n<meta property=\"og:url\" content=\"https:\/\/www.fcejs.unsl.edu.ar\/index.php\/22621\/\" \/>\n<meta property=\"og:site_name\" content=\"Facultad de Ciencias Econ\u00f3micas, Jur\u00ed\u00addicas y Sociales\" \/>\n<meta property=\"article:publisher\" content=\"https:\/\/www.facebook.com\/FCEJS.UNSL\/\" \/>\n<meta property=\"article:published_time\" content=\"2025-11-14T13:56:02+00:00\" \/>\n<meta property=\"article:modified_time\" content=\"2025-11-19T12:29:36+00:00\" \/>\n<meta property=\"og:image\" content=\"https:\/\/www.fcejs.unsl.edu.ar\/wp-content\/uploads\/2025\/11\/PLACA-WEB-BELEN.png\" \/>\n\t<meta property=\"og:image:width\" content=\"1152\" \/>\n\t<meta property=\"og:image:height\" content=\"648\" \/>\n\t<meta property=\"og:image:type\" content=\"image\/png\" \/>\n<meta name=\"author\" content=\"DATI\" \/>\n<meta name=\"twitter:card\" content=\"summary_large_image\" \/>\n<meta name=\"twitter:creator\" content=\"@FCEJSUNSL\" \/>\n<meta name=\"twitter:site\" content=\"@FCEJSUNSL\" \/>\n<meta name=\"twitter:label1\" content=\"Escrito por\" \/>\n\t<meta name=\"twitter:data1\" content=\"DATI\" \/>\n\t<meta name=\"twitter:label2\" content=\"Tiempo de lectura\" \/>\n\t<meta name=\"twitter:data2\" content=\"2 minutos\" \/>\n<script type=\"application\/ld+json\" class=\"yoast-schema-graph\">{\"@context\":\"https:\\\/\\\/schema.org\",\"@graph\":[{\"@type\":\"Article\",\"@id\":\"https:\\\/\\\/www.fcejs.unsl.edu.ar\\\/index.php\\\/22621\\\/#article\",\"isPartOf\":{\"@id\":\"https:\\\/\\\/www.fcejs.unsl.edu.ar\\\/index.php\\\/22621\\\/\"},\"author\":{\"name\":\"DATI\",\"@id\":\"https:\\\/\\\/www.fcejs.unsl.edu.ar\\\/#\\\/schema\\\/person\\\/352ee6ed90c3f394c7cb5945f8956d34\"},\"headline\":\"Cine Debate \u201cBel\u00e9n\u201d: Reflexiones sobre derechos, violencia y g\u00e9nero\",\"datePublished\":\"2025-11-14T13:56:02+00:00\",\"dateModified\":\"2025-11-19T12:29:36+00:00\",\"mainEntityOfPage\":{\"@id\":\"https:\\\/\\\/www.fcejs.unsl.edu.ar\\\/index.php\\\/22621\\\/\"},\"wordCount\":409,\"publisher\":{\"@id\":\"https:\\\/\\\/www.fcejs.unsl.edu.ar\\\/#organization\"},\"image\":{\"@id\":\"https:\\\/\\\/www.fcejs.unsl.edu.ar\\\/index.php\\\/22621\\\/#primaryimage\"},\"thumbnailUrl\":\"https:\\\/\\\/www.fcejs.unsl.edu.ar\\\/wp-content\\\/uploads\\\/2025\\\/11\\\/PLACA-WEB-BELEN.png\",\"articleSection\":[\"Noticias\"],\"inLanguage\":\"es-AR\"},{\"@type\":\"WebPage\",\"@id\":\"https:\\\/\\\/www.fcejs.unsl.edu.ar\\\/index.php\\\/22621\\\/\",\"url\":\"https:\\\/\\\/www.fcejs.unsl.edu.ar\\\/index.php\\\/22621\\\/\",\"name\":\"Cine Debate \u201cBel\u00e9n\u201d: Reflexiones sobre derechos, violencia y g\u00e9nero - Facultad de Ciencias Econ\u00f3micas, Jur\u00ed\u00addicas y Sociales\",\"isPartOf\":{\"@id\":\"https:\\\/\\\/www.fcejs.unsl.edu.ar\\\/#website\"},\"primaryImageOfPage\":{\"@id\":\"https:\\\/\\\/www.fcejs.unsl.edu.ar\\\/index.php\\\/22621\\\/#primaryimage\"},\"image\":{\"@id\":\"https:\\\/\\\/www.fcejs.unsl.edu.ar\\\/index.php\\\/22621\\\/#primaryimage\"},\"thumbnailUrl\":\"https:\\\/\\\/www.fcejs.unsl.edu.ar\\\/wp-content\\\/uploads\\\/2025\\\/11\\\/PLACA-WEB-BELEN.png\",\"datePublished\":\"2025-11-14T13:56:02+00:00\",\"dateModified\":\"2025-11-19T12:29:36+00:00\",\"breadcrumb\":{\"@id\":\"https:\\\/\\\/www.fcejs.unsl.edu.ar\\\/index.php\\\/22621\\\/#breadcrumb\"},\"inLanguage\":\"es-AR\",\"potentialAction\":[{\"@type\":\"ReadAction\",\"target\":[\"https:\\\/\\\/www.fcejs.unsl.edu.ar\\\/index.php\\\/22621\\\/\"]}]},{\"@type\":\"ImageObject\",\"inLanguage\":\"es-AR\",\"@id\":\"https:\\\/\\\/www.fcejs.unsl.edu.ar\\\/index.php\\\/22621\\\/#primaryimage\",\"url\":\"https:\\\/\\\/www.fcejs.unsl.edu.ar\\\/wp-content\\\/uploads\\\/2025\\\/11\\\/PLACA-WEB-BELEN.png\",\"contentUrl\":\"https:\\\/\\\/www.fcejs.unsl.edu.ar\\\/wp-content\\\/uploads\\\/2025\\\/11\\\/PLACA-WEB-BELEN.png\",\"width\":1152,\"height\":648},{\"@type\":\"BreadcrumbList\",\"@id\":\"https:\\\/\\\/www.fcejs.unsl.edu.ar\\\/index.php\\\/22621\\\/#breadcrumb\",\"itemListElement\":[{\"@type\":\"ListItem\",\"position\":1,\"name\":\"Inicio\",\"item\":\"https:\\\/\\\/www.fcejs.unsl.edu.ar\\\/\"},{\"@type\":\"ListItem\",\"position\":2,\"name\":\"Cine Debate \u201cBel\u00e9n\u201d: Reflexiones sobre derechos, violencia y g\u00e9nero\"}]},{\"@type\":\"WebSite\",\"@id\":\"https:\\\/\\\/www.fcejs.unsl.edu.ar\\\/#website\",\"url\":\"https:\\\/\\\/www.fcejs.unsl.edu.ar\\\/\",\"name\":\"Facultad de Ciencias Econ\u00f3micas, Jur\u00ed\u00addicas y Sociales\",\"description\":\"\",\"publisher\":{\"@id\":\"https:\\\/\\\/www.fcejs.unsl.edu.ar\\\/#organization\"},\"potentialAction\":[{\"@type\":\"SearchAction\",\"target\":{\"@type\":\"EntryPoint\",\"urlTemplate\":\"https:\\\/\\\/www.fcejs.unsl.edu.ar\\\/?s={search_term_string}\"},\"query-input\":{\"@type\":\"PropertyValueSpecification\",\"valueRequired\":true,\"valueName\":\"search_term_string\"}}],\"inLanguage\":\"es-AR\"},{\"@type\":\"Organization\",\"@id\":\"https:\\\/\\\/www.fcejs.unsl.edu.ar\\\/#organization\",\"name\":\"Facultad de Ciencias Econ\u00f3micas, Jur\u00eddicas y Sociales\",\"url\":\"https:\\\/\\\/www.fcejs.unsl.edu.ar\\\/\",\"logo\":{\"@type\":\"ImageObject\",\"inLanguage\":\"es-AR\",\"@id\":\"https:\\\/\\\/www.fcejs.unsl.edu.ar\\\/#\\\/schema\\\/logo\\\/image\\\/\",\"url\":\"https:\\\/\\\/www.fcejs.unsl.edu.ar\\\/wp-content\\\/uploads\\\/2021\\\/03\\\/logo-1.jpg\",\"contentUrl\":\"https:\\\/\\\/www.fcejs.unsl.edu.ar\\\/wp-content\\\/uploads\\\/2021\\\/03\\\/logo-1.jpg\",\"width\":471,\"height\":146,\"caption\":\"Facultad de Ciencias Econ\u00f3micas, Jur\u00eddicas y Sociales\"},\"image\":{\"@id\":\"https:\\\/\\\/www.fcejs.unsl.edu.ar\\\/#\\\/schema\\\/logo\\\/image\\\/\"},\"sameAs\":[\"https:\\\/\\\/www.facebook.com\\\/FCEJS.UNSL\\\/\",\"https:\\\/\\\/x.com\\\/FCEJSUNSL\",\"https:\\\/\\\/www.instagram.com\\\/fcejs.unsl\\\/\",\"https:\\\/\\\/www.youtube.com\\\/channel\\\/UCH-Ut6EaN_X5ogjIQMPe46g\\\/\"]},{\"@type\":\"Person\",\"@id\":\"https:\\\/\\\/www.fcejs.unsl.edu.ar\\\/#\\\/schema\\\/person\\\/352ee6ed90c3f394c7cb5945f8956d34\",\"name\":\"DATI\"}]}<\/script>\n<!-- \/ Yoast SEO plugin. -->","yoast_head_json":{"title":"Cine Debate \u201cBel\u00e9n\u201d: Reflexiones sobre derechos, violencia y g\u00e9nero - Facultad de Ciencias Econ\u00f3micas, Jur\u00ed\u00addicas y Sociales","robots":{"index":"index","follow":"follow","max-snippet":"max-snippet:-1","max-image-preview":"max-image-preview:large","max-video-preview":"max-video-preview:-1"},"canonical":"https:\/\/www.fcejs.unsl.edu.ar\/index.php\/22621\/","og_locale":"es_ES","og_type":"article","og_title":"Cine Debate \u201cBel\u00e9n\u201d: Reflexiones sobre derechos, violencia y g\u00e9nero - Facultad de Ciencias Econ\u00f3micas, Jur\u00ed\u00addicas y Sociales","og_description":"La Secretar\u00eda Acad\u00e9mica invita a toda la comunidad al Cine Debate \u201cBel\u00e9n\u201d, que se llevar\u00e1 a cabo el martes 18 en el aula de posgrado&hellip;","og_url":"https:\/\/www.fcejs.unsl.edu.ar\/index.php\/22621\/","og_site_name":"Facultad de Ciencias Econ\u00f3micas, Jur\u00ed\u00addicas y Sociales","article_publisher":"https:\/\/www.facebook.com\/FCEJS.UNSL\/","article_published_time":"2025-11-14T13:56:02+00:00","article_modified_time":"2025-11-19T12:29:36+00:00","og_image":[{"width":1152,"height":648,"url":"https:\/\/www.fcejs.unsl.edu.ar\/wp-content\/uploads\/2025\/11\/PLACA-WEB-BELEN.png","type":"image\/png"}],"author":"DATI","twitter_card":"summary_large_image","twitter_creator":"@FCEJSUNSL","twitter_site":"@FCEJSUNSL","twitter_misc":{"Escrito por":"DATI","Tiempo de lectura":"2 minutos"},"schema":{"@context":"https:\/\/schema.org","@graph":[{"@type":"Article","@id":"https:\/\/www.fcejs.unsl.edu.ar\/index.php\/22621\/#article","isPartOf":{"@id":"https:\/\/www.fcejs.unsl.edu.ar\/index.php\/22621\/"},"author":{"name":"DATI","@id":"https:\/\/www.fcejs.unsl.edu.ar\/#\/schema\/person\/352ee6ed90c3f394c7cb5945f8956d34"},"headline":"Cine Debate \u201cBel\u00e9n\u201d: Reflexiones sobre derechos, violencia y g\u00e9nero","datePublished":"2025-11-14T13:56:02+00:00","dateModified":"2025-11-19T12:29:36+00:00","mainEntityOfPage":{"@id":"https:\/\/www.fcejs.unsl.edu.ar\/index.php\/22621\/"},"wordCount":409,"publisher":{"@id":"https:\/\/www.fcejs.unsl.edu.ar\/#organization"},"image":{"@id":"https:\/\/www.fcejs.unsl.edu.ar\/index.php\/22621\/#primaryimage"},"thumbnailUrl":"https:\/\/www.fcejs.unsl.edu.ar\/wp-content\/uploads\/2025\/11\/PLACA-WEB-BELEN.png","articleSection":["Noticias"],"inLanguage":"es-AR"},{"@type":"WebPage","@id":"https:\/\/www.fcejs.unsl.edu.ar\/index.php\/22621\/","url":"https:\/\/www.fcejs.unsl.edu.ar\/index.php\/22621\/","name":"Cine Debate \u201cBel\u00e9n\u201d: Reflexiones sobre derechos, violencia y g\u00e9nero - Facultad de Ciencias Econ\u00f3micas, Jur\u00ed\u00addicas y Sociales","isPartOf":{"@id":"https:\/\/www.fcejs.unsl.edu.ar\/#website"},"primaryImageOfPage":{"@id":"https:\/\/www.fcejs.unsl.edu.ar\/index.php\/22621\/#primaryimage"},"image":{"@id":"https:\/\/www.fcejs.unsl.edu.ar\/index.php\/22621\/#primaryimage"},"thumbnailUrl":"https:\/\/www.fcejs.unsl.edu.ar\/wp-content\/uploads\/2025\/11\/PLACA-WEB-BELEN.png","datePublished":"2025-11-14T13:56:02+00:00","dateModified":"2025-11-19T12:29:36+00:00","breadcrumb":{"@id":"https:\/\/www.fcejs.unsl.edu.ar\/index.php\/22621\/#breadcrumb"},"inLanguage":"es-AR","potentialAction":[{"@type":"ReadAction","target":["https:\/\/www.fcejs.unsl.edu.ar\/index.php\/22621\/"]}]},{"@type":"ImageObject","inLanguage":"es-AR","@id":"https:\/\/www.fcejs.unsl.edu.ar\/index.php\/22621\/#primaryimage","url":"https:\/\/www.fcejs.unsl.edu.ar\/wp-content\/uploads\/2025\/11\/PLACA-WEB-BELEN.png","contentUrl":"https:\/\/www.fcejs.unsl.edu.ar\/wp-content\/uploads\/2025\/11\/PLACA-WEB-BELEN.png","width":1152,"height":648},{"@type":"BreadcrumbList","@id":"https:\/\/www.fcejs.unsl.edu.ar\/index.php\/22621\/#breadcrumb","itemListElement":[{"@type":"ListItem","position":1,"name":"Inicio","item":"https:\/\/www.fcejs.unsl.edu.ar\/"},{"@type":"ListItem","position":2,"name":"Cine Debate \u201cBel\u00e9n\u201d: Reflexiones sobre derechos, violencia y g\u00e9nero"}]},{"@type":"WebSite","@id":"https:\/\/www.fcejs.unsl.edu.ar\/#website","url":"https:\/\/www.fcejs.unsl.edu.ar\/","name":"Facultad de Ciencias Econ\u00f3micas, Jur\u00ed\u00addicas y Sociales","description":"","publisher":{"@id":"https:\/\/www.fcejs.unsl.edu.ar\/#organization"},"potentialAction":[{"@type":"SearchAction","target":{"@type":"EntryPoint","urlTemplate":"https:\/\/www.fcejs.unsl.edu.ar\/?s={search_term_string}"},"query-input":{"@type":"PropertyValueSpecification","valueRequired":true,"valueName":"search_term_string"}}],"inLanguage":"es-AR"},{"@type":"Organization","@id":"https:\/\/www.fcejs.unsl.edu.ar\/#organization","name":"Facultad de Ciencias Econ\u00f3micas, Jur\u00eddicas y Sociales","url":"https:\/\/www.fcejs.unsl.edu.ar\/","logo":{"@type":"ImageObject","inLanguage":"es-AR","@id":"https:\/\/www.fcejs.unsl.edu.ar\/#\/schema\/logo\/image\/","url":"https:\/\/www.fcejs.unsl.edu.ar\/wp-content\/uploads\/2021\/03\/logo-1.jpg","contentUrl":"https:\/\/www.fcejs.unsl.edu.ar\/wp-content\/uploads\/2021\/03\/logo-1.jpg","width":471,"height":146,"caption":"Facultad de Ciencias Econ\u00f3micas, Jur\u00eddicas y Sociales"},"image":{"@id":"https:\/\/www.fcejs.unsl.edu.ar\/#\/schema\/logo\/image\/"},"sameAs":["https:\/\/www.facebook.com\/FCEJS.UNSL\/","https:\/\/x.com\/FCEJSUNSL","https:\/\/www.instagram.com\/fcejs.unsl\/","https:\/\/www.youtube.com\/channel\/UCH-Ut6EaN_X5ogjIQMPe46g\/"]},{"@type":"Person","@id":"https:\/\/www.fcejs.unsl.edu.ar\/#\/schema\/person\/352ee6ed90c3f394c7cb5945f8956d34","name":"DATI"}]}},"jetpack_featured_media_url":"https:\/\/www.fcejs.unsl.edu.ar\/wp-content\/uploads\/2025\/11\/PLACA-WEB-BELEN.png","_links":{"self":[{"href":"https:\/\/www.fcejs.unsl.edu.ar\/index.php\/wp-json\/wp\/v2\/posts\/22621","targetHints":{"allow":["GET"]}}],"collection":[{"href":"https:\/\/www.fcejs.unsl.edu.ar\/index.php\/wp-json\/wp\/v2\/posts"}],"about":[{"href":"https:\/\/www.fcejs.unsl.edu.ar\/index.php\/wp-json\/wp\/v2\/types\/post"}],"author":[{"embeddable":true,"href":"https:\/\/www.fcejs.unsl.edu.ar\/index.php\/wp-json\/wp\/v2\/users\/9"}],"replies":[{"embeddable":true,"href":"https:\/\/www.fcejs.unsl.edu.ar\/index.php\/wp-json\/wp\/v2\/comments?post=22621"}],"version-history":[{"count":6,"href":"https:\/\/www.fcejs.unsl.edu.ar\/index.php\/wp-json\/wp\/v2\/posts\/22621\/revisions"}],"predecessor-version":[{"id":22631,"href":"https:\/\/www.fcejs.unsl.edu.ar\/index.php\/wp-json\/wp\/v2\/posts\/22621\/revisions\/22631"}],"wp:featuredmedia":[{"embeddable":true,"href":"https:\/\/www.fcejs.unsl.edu.ar\/index.php\/wp-json\/wp\/v2\/media\/22622"}],"wp:attachment":[{"href":"https:\/\/www.fcejs.unsl.edu.ar\/index.php\/wp-json\/wp\/v2\/media?parent=22621"}],"wp:term":[{"taxonomy":"category","embeddable":true,"href":"https:\/\/www.fcejs.unsl.edu.ar\/index.php\/wp-json\/wp\/v2\/categories?post=22621"},{"taxonomy":"post_tag","embeddable":true,"href":"https:\/\/www.fcejs.unsl.edu.ar\/index.php\/wp-json\/wp\/v2\/tags?post=22621"}],"curies":[{"name":"wp","href":"https:\/\/api.w.org\/{rel}","templated":true}]}}