{"id":22607,"date":"2025-11-13T12:22:11","date_gmt":"2025-11-13T15:22:11","guid":{"rendered":"https:\/\/www.fcejs.unsl.edu.ar\/?p=22607"},"modified":"2025-11-18T18:23:03","modified_gmt":"2025-11-18T21:23:03","slug":"universidad-deporte-y-solidaridad-una-maraton-con-compromiso-social","status":"publish","type":"post","link":"https:\/\/www.fcejs.unsl.edu.ar\/index.php\/universidad-deporte-y-solidaridad-una-maraton-con-compromiso-social\/","title":{"rendered":"Universidad, deporte y solidaridad: Una marat\u00f3n con compromiso social"},"content":{"rendered":"<p>El pasado s\u00e1bado 8 de noviembre se realiz\u00f3 la <strong data-start=\"311\" data-end=\"339\">3\u00b0 Marat\u00f3n Universitaria<\/strong> en el campus de la Universidad Nacional de San Luis, sede Villa Mercedes. Adem\u00e1s del valor deportivo y social del encuentro, esta edici\u00f3n se destac\u00f3 por su <strong data-start=\"496\" data-end=\"520\">compromiso solidario<\/strong>, ya que el valor de inscripci\u00f3n fue un <strong data-start=\"560\" data-end=\"586\">alimento no perecedero<\/strong>.<\/p>\n<p data-start=\"591\" data-end=\"739\">Las donaciones fueron entregadas a <strong data-start=\"626\" data-end=\"650\">C\u00e1ritas San Cayetano<\/strong>, instituci\u00f3n que brinda asistencia alimentaria a familias del barrio y zonas cercanas.<\/p>\n<p data-start=\"741\" data-end=\"926\">En di\u00e1logo con <a href=\"https:\/\/radio.fcejs.unsl.edu.ar\/index.php\/la-3-maraton-universitaria-tambien-fue-solidaria\/\" target=\"_blank\" rel=\"noopener\"><span style=\"color: #0000ff;\"><strong data-start=\"756\" data-end=\"793\">Radio UNSL Villa Mercedes 97.5 FM<\/strong>, <\/span><strong data-start=\"795\" data-end=\"811\"><span style=\"color: #0000ff;\">Nancy Zabala<\/span><\/strong><\/a>, integrante del comedor ubicado en <strong data-start=\"847\" data-end=\"867\">San Cayetano 568<\/strong>, expres\u00f3 su agradecimiento por la colaboraci\u00f3n recibida \u201cFue muy lindo y muy solidario, porque hemos recaudado bastante mercader\u00eda. Lo importante de esta marat\u00f3n es eso, tener ese tinte comunitario donde todos pudieron sumarse a una buena causa\u201d.<\/p>\n<p data-start=\"741\" data-end=\"926\"><img fetchpriority=\"high\" decoding=\"async\" class=\"aligncenter wp-image-22608 \" src=\"https:\/\/www.fcejs.unsl.edu.ar\/wp-content\/uploads\/2025\/11\/Imagen-de-WhatsApp-2025-11-11-a-las-10.16.52_7da1e0c3.jpg\" alt=\"\" width=\"688\" height=\"516\" srcset=\"https:\/\/www.fcejs.unsl.edu.ar\/wp-content\/uploads\/2025\/11\/Imagen-de-WhatsApp-2025-11-11-a-las-10.16.52_7da1e0c3.jpg 1600w, https:\/\/www.fcejs.unsl.edu.ar\/wp-content\/uploads\/2025\/11\/Imagen-de-WhatsApp-2025-11-11-a-las-10.16.52_7da1e0c3-300x225.jpg 300w, https:\/\/www.fcejs.unsl.edu.ar\/wp-content\/uploads\/2025\/11\/Imagen-de-WhatsApp-2025-11-11-a-las-10.16.52_7da1e0c3-1024x768.jpg 1024w, https:\/\/www.fcejs.unsl.edu.ar\/wp-content\/uploads\/2025\/11\/Imagen-de-WhatsApp-2025-11-11-a-las-10.16.52_7da1e0c3-768x576.jpg 768w, https:\/\/www.fcejs.unsl.edu.ar\/wp-content\/uploads\/2025\/11\/Imagen-de-WhatsApp-2025-11-11-a-las-10.16.52_7da1e0c3-1536x1152.jpg 1536w\" sizes=\"(max-width: 688px) 100vw, 688px\" \/><\/p>\n<p data-start=\"1124\" data-end=\"1358\">El comedor funciona los <strong data-start=\"1148\" data-end=\"1175\">s\u00e1bados de 9 a 14 horas<\/strong> y los <strong data-start=\"1182\" data-end=\"1192\">martes<\/strong>, preparando viandas y bolsones para quienes m\u00e1s lo necesitan. Actualmente, <strong data-start=\"1268\" data-end=\"1355\">asisten unas 120 personas y se elaboran alrededor de 220 viandas cada fin de semana<\/strong>.<\/p>\n<p data-start=\"1360\" data-end=\"1425\">Quienes deseen colaborar pueden comunicarse al <strong data-start=\"1407\" data-end=\"1422\">2657-209345<\/strong>.<\/p>\n","protected":false},"excerpt":{"rendered":"<p>El pasado s\u00e1bado 8 de noviembre se realiz\u00f3 la 3\u00b0 Marat\u00f3n Universitaria en el campus de la Universidad Nacional de San Luis, sede Villa Mercedes.&hellip;<\/p>\n","protected":false},"author":9,"featured_media":22611,"comment_status":"closed","ping_status":"closed","sticky":false,"template":"","format":"standard","meta":{"om_disable_all_campaigns":false,"_monsterinsights_skip_tracking":false,"_monsterinsights_sitenote_active":false,"_monsterinsights_sitenote_note":"","_monsterinsights_sitenote_category":0,"footnotes":""},"categories":[1],"tags":[],"class_list":["post-22607","post","type-post","status-publish","format-standard","has-post-thumbnail","hentry","category-noticias"],"yoast_head":"<!-- This site is optimized with the Yoast SEO plugin v27.5 - https:\/\/yoast.com\/product\/yoast-seo-wordpress\/ -->\n<title>Universidad, deporte y solidaridad: Una marat\u00f3n con compromiso social - Facultad de Ciencias Econ\u00f3micas, Jur\u00ed\u00addicas y Sociales<\/title>\n<meta name=\"robots\" content=\"index, follow, max-snippet:-1, max-image-preview:large, max-video-preview:-1\" \/>\n<link rel=\"canonical\" href=\"https:\/\/www.fcejs.unsl.edu.ar\/index.php\/universidad-deporte-y-solidaridad-una-maraton-con-compromiso-social\/\" \/>\n<meta property=\"og:locale\" content=\"es_ES\" \/>\n<meta property=\"og:type\" content=\"article\" \/>\n<meta property=\"og:title\" content=\"Universidad, deporte y solidaridad: Una marat\u00f3n con compromiso social\" \/>\n<meta property=\"og:description\" content=\"El pasado s\u00e1bado 8 de noviembre se realiz\u00f3 la 3\u00b0 Marat\u00f3n Universitaria en el campus de la Universidad Nacional de San Luis, sede Villa Mercedes. Adem\u00e1s del valor deportivo y social del encuentro, esta edici\u00f3n se destac\u00f3 por su compromiso solidario, ya que el valor de inscripci\u00f3n fue un alimento no perecedero.\" \/>\n<meta property=\"og:url\" content=\"https:\/\/www.fcejs.unsl.edu.ar\/index.php\/universidad-deporte-y-solidaridad-una-maraton-con-compromiso-social\/\" \/>\n<meta property=\"og:site_name\" content=\"Facultad de Ciencias Econ\u00f3micas, Jur\u00ed\u00addicas y Sociales\" \/>\n<meta property=\"article:publisher\" content=\"https:\/\/www.facebook.com\/FCEJS.UNSL\/\" \/>\n<meta property=\"article:published_time\" content=\"2025-11-13T15:22:11+00:00\" \/>\n<meta property=\"article:modified_time\" content=\"2025-11-18T21:23:03+00:00\" \/>\n<meta property=\"og:image\" content=\"https:\/\/www.fcejs.unsl.edu.ar\/wp-content\/uploads\/2025\/11\/Imagen-de-WhatsApp-2025-11-11-a-las-10.16.52_7da1e0c3.jpg\" \/>\n\t<meta property=\"og:image:width\" content=\"1600\" \/>\n\t<meta property=\"og:image:height\" content=\"1200\" \/>\n\t<meta property=\"og:image:type\" content=\"image\/jpeg\" \/>\n<meta name=\"author\" content=\"DATI\" \/>\n<meta name=\"twitter:card\" content=\"summary_large_image\" \/>\n<meta name=\"twitter:creator\" content=\"@FCEJSUNSL\" \/>\n<meta name=\"twitter:site\" content=\"@FCEJSUNSL\" \/>\n<meta name=\"twitter:label1\" content=\"Escrito por\" \/>\n\t<meta name=\"twitter:data1\" content=\"DATI\" \/>\n\t<meta name=\"twitter:label2\" content=\"Tiempo de lectura\" \/>\n\t<meta name=\"twitter:data2\" content=\"2 minutos\" \/>\n<script type=\"application\/ld+json\" class=\"yoast-schema-graph\">{\"@context\":\"https:\\\/\\\/schema.org\",\"@graph\":[{\"@type\":\"Article\",\"@id\":\"https:\\\/\\\/www.fcejs.unsl.edu.ar\\\/index.php\\\/universidad-deporte-y-solidaridad-una-maraton-con-compromiso-social\\\/#article\",\"isPartOf\":{\"@id\":\"https:\\\/\\\/www.fcejs.unsl.edu.ar\\\/index.php\\\/universidad-deporte-y-solidaridad-una-maraton-con-compromiso-social\\\/\"},\"author\":{\"name\":\"DATI\",\"@id\":\"https:\\\/\\\/www.fcejs.unsl.edu.ar\\\/#\\\/schema\\\/person\\\/352ee6ed90c3f394c7cb5945f8956d34\"},\"headline\":\"Universidad, deporte y solidaridad: Una marat\u00f3n con compromiso social\",\"datePublished\":\"2025-11-13T15:22:11+00:00\",\"dateModified\":\"2025-11-18T21:23:03+00:00\",\"mainEntityOfPage\":{\"@id\":\"https:\\\/\\\/www.fcejs.unsl.edu.ar\\\/index.php\\\/universidad-deporte-y-solidaridad-una-maraton-con-compromiso-social\\\/\"},\"wordCount\":188,\"publisher\":{\"@id\":\"https:\\\/\\\/www.fcejs.unsl.edu.ar\\\/#organization\"},\"image\":{\"@id\":\"https:\\\/\\\/www.fcejs.unsl.edu.ar\\\/index.php\\\/universidad-deporte-y-solidaridad-una-maraton-con-compromiso-social\\\/#primaryimage\"},\"thumbnailUrl\":\"https:\\\/\\\/www.fcejs.unsl.edu.ar\\\/wp-content\\\/uploads\\\/2025\\\/11\\\/ff.jpg\",\"articleSection\":[\"Noticias\"],\"inLanguage\":\"es-AR\"},{\"@type\":\"WebPage\",\"@id\":\"https:\\\/\\\/www.fcejs.unsl.edu.ar\\\/index.php\\\/universidad-deporte-y-solidaridad-una-maraton-con-compromiso-social\\\/\",\"url\":\"https:\\\/\\\/www.fcejs.unsl.edu.ar\\\/index.php\\\/universidad-deporte-y-solidaridad-una-maraton-con-compromiso-social\\\/\",\"name\":\"Universidad, deporte y solidaridad: Una marat\u00f3n con compromiso social - Facultad de Ciencias Econ\u00f3micas, Jur\u00ed\u00addicas y Sociales\",\"isPartOf\":{\"@id\":\"https:\\\/\\\/www.fcejs.unsl.edu.ar\\\/#website\"},\"primaryImageOfPage\":{\"@id\":\"https:\\\/\\\/www.fcejs.unsl.edu.ar\\\/index.php\\\/universidad-deporte-y-solidaridad-una-maraton-con-compromiso-social\\\/#primaryimage\"},\"image\":{\"@id\":\"https:\\\/\\\/www.fcejs.unsl.edu.ar\\\/index.php\\\/universidad-deporte-y-solidaridad-una-maraton-con-compromiso-social\\\/#primaryimage\"},\"thumbnailUrl\":\"https:\\\/\\\/www.fcejs.unsl.edu.ar\\\/wp-content\\\/uploads\\\/2025\\\/11\\\/ff.jpg\",\"datePublished\":\"2025-11-13T15:22:11+00:00\",\"dateModified\":\"2025-11-18T21:23:03+00:00\",\"breadcrumb\":{\"@id\":\"https:\\\/\\\/www.fcejs.unsl.edu.ar\\\/index.php\\\/universidad-deporte-y-solidaridad-una-maraton-con-compromiso-social\\\/#breadcrumb\"},\"inLanguage\":\"es-AR\",\"potentialAction\":[{\"@type\":\"ReadAction\",\"target\":[\"https:\\\/\\\/www.fcejs.unsl.edu.ar\\\/index.php\\\/universidad-deporte-y-solidaridad-una-maraton-con-compromiso-social\\\/\"]}]},{\"@type\":\"ImageObject\",\"inLanguage\":\"es-AR\",\"@id\":\"https:\\\/\\\/www.fcejs.unsl.edu.ar\\\/index.php\\\/universidad-deporte-y-solidaridad-una-maraton-con-compromiso-social\\\/#primaryimage\",\"url\":\"https:\\\/\\\/www.fcejs.unsl.edu.ar\\\/wp-content\\\/uploads\\\/2025\\\/11\\\/ff.jpg\",\"contentUrl\":\"https:\\\/\\\/www.fcejs.unsl.edu.ar\\\/wp-content\\\/uploads\\\/2025\\\/11\\\/ff.jpg\",\"width\":1070,\"height\":651},{\"@type\":\"BreadcrumbList\",\"@id\":\"https:\\\/\\\/www.fcejs.unsl.edu.ar\\\/index.php\\\/universidad-deporte-y-solidaridad-una-maraton-con-compromiso-social\\\/#breadcrumb\",\"itemListElement\":[{\"@type\":\"ListItem\",\"position\":1,\"name\":\"Inicio\",\"item\":\"https:\\\/\\\/www.fcejs.unsl.edu.ar\\\/\"},{\"@type\":\"ListItem\",\"position\":2,\"name\":\"Universidad, deporte y solidaridad: Una marat\u00f3n con compromiso social\"}]},{\"@type\":\"WebSite\",\"@id\":\"https:\\\/\\\/www.fcejs.unsl.edu.ar\\\/#website\",\"url\":\"https:\\\/\\\/www.fcejs.unsl.edu.ar\\\/\",\"name\":\"Facultad de Ciencias Econ\u00f3micas, Jur\u00ed\u00addicas y Sociales\",\"description\":\"\",\"publisher\":{\"@id\":\"https:\\\/\\\/www.fcejs.unsl.edu.ar\\\/#organization\"},\"potentialAction\":[{\"@type\":\"SearchAction\",\"target\":{\"@type\":\"EntryPoint\",\"urlTemplate\":\"https:\\\/\\\/www.fcejs.unsl.edu.ar\\\/?s={search_term_string}\"},\"query-input\":{\"@type\":\"PropertyValueSpecification\",\"valueRequired\":true,\"valueName\":\"search_term_string\"}}],\"inLanguage\":\"es-AR\"},{\"@type\":\"Organization\",\"@id\":\"https:\\\/\\\/www.fcejs.unsl.edu.ar\\\/#organization\",\"name\":\"Facultad de Ciencias Econ\u00f3micas, Jur\u00eddicas y Sociales\",\"url\":\"https:\\\/\\\/www.fcejs.unsl.edu.ar\\\/\",\"logo\":{\"@type\":\"ImageObject\",\"inLanguage\":\"es-AR\",\"@id\":\"https:\\\/\\\/www.fcejs.unsl.edu.ar\\\/#\\\/schema\\\/logo\\\/image\\\/\",\"url\":\"https:\\\/\\\/www.fcejs.unsl.edu.ar\\\/wp-content\\\/uploads\\\/2021\\\/03\\\/logo-1.jpg\",\"contentUrl\":\"https:\\\/\\\/www.fcejs.unsl.edu.ar\\\/wp-content\\\/uploads\\\/2021\\\/03\\\/logo-1.jpg\",\"width\":471,\"height\":146,\"caption\":\"Facultad de Ciencias Econ\u00f3micas, Jur\u00eddicas y Sociales\"},\"image\":{\"@id\":\"https:\\\/\\\/www.fcejs.unsl.edu.ar\\\/#\\\/schema\\\/logo\\\/image\\\/\"},\"sameAs\":[\"https:\\\/\\\/www.facebook.com\\\/FCEJS.UNSL\\\/\",\"https:\\\/\\\/x.com\\\/FCEJSUNSL\",\"https:\\\/\\\/www.instagram.com\\\/fcejs.unsl\\\/\",\"https:\\\/\\\/www.youtube.com\\\/channel\\\/UCH-Ut6EaN_X5ogjIQMPe46g\\\/\"]},{\"@type\":\"Person\",\"@id\":\"https:\\\/\\\/www.fcejs.unsl.edu.ar\\\/#\\\/schema\\\/person\\\/352ee6ed90c3f394c7cb5945f8956d34\",\"name\":\"DATI\"}]}<\/script>\n<!-- \/ Yoast SEO plugin. -->","yoast_head_json":{"title":"Universidad, deporte y solidaridad: Una marat\u00f3n con compromiso social - Facultad de Ciencias Econ\u00f3micas, Jur\u00ed\u00addicas y Sociales","robots":{"index":"index","follow":"follow","max-snippet":"max-snippet:-1","max-image-preview":"max-image-preview:large","max-video-preview":"max-video-preview:-1"},"canonical":"https:\/\/www.fcejs.unsl.edu.ar\/index.php\/universidad-deporte-y-solidaridad-una-maraton-con-compromiso-social\/","og_locale":"es_ES","og_type":"article","og_title":"Universidad, deporte y solidaridad: Una marat\u00f3n con compromiso social","og_description":"El pasado s\u00e1bado 8 de noviembre se realiz\u00f3 la 3\u00b0 Marat\u00f3n Universitaria en el campus de la Universidad Nacional de San Luis, sede Villa Mercedes. Adem\u00e1s del valor deportivo y social del encuentro, esta edici\u00f3n se destac\u00f3 por su compromiso solidario, ya que el valor de inscripci\u00f3n fue un alimento no perecedero.","og_url":"https:\/\/www.fcejs.unsl.edu.ar\/index.php\/universidad-deporte-y-solidaridad-una-maraton-con-compromiso-social\/","og_site_name":"Facultad de Ciencias Econ\u00f3micas, Jur\u00ed\u00addicas y Sociales","article_publisher":"https:\/\/www.facebook.com\/FCEJS.UNSL\/","article_published_time":"2025-11-13T15:22:11+00:00","article_modified_time":"2025-11-18T21:23:03+00:00","og_image":[{"width":1600,"height":1200,"url":"https:\/\/www.fcejs.unsl.edu.ar\/wp-content\/uploads\/2025\/11\/Imagen-de-WhatsApp-2025-11-11-a-las-10.16.52_7da1e0c3.jpg","type":"image\/jpeg"}],"author":"DATI","twitter_card":"summary_large_image","twitter_creator":"@FCEJSUNSL","twitter_site":"@FCEJSUNSL","twitter_misc":{"Escrito por":"DATI","Tiempo de lectura":"2 minutos"},"schema":{"@context":"https:\/\/schema.org","@graph":[{"@type":"Article","@id":"https:\/\/www.fcejs.unsl.edu.ar\/index.php\/universidad-deporte-y-solidaridad-una-maraton-con-compromiso-social\/#article","isPartOf":{"@id":"https:\/\/www.fcejs.unsl.edu.ar\/index.php\/universidad-deporte-y-solidaridad-una-maraton-con-compromiso-social\/"},"author":{"name":"DATI","@id":"https:\/\/www.fcejs.unsl.edu.ar\/#\/schema\/person\/352ee6ed90c3f394c7cb5945f8956d34"},"headline":"Universidad, deporte y solidaridad: Una marat\u00f3n con compromiso social","datePublished":"2025-11-13T15:22:11+00:00","dateModified":"2025-11-18T21:23:03+00:00","mainEntityOfPage":{"@id":"https:\/\/www.fcejs.unsl.edu.ar\/index.php\/universidad-deporte-y-solidaridad-una-maraton-con-compromiso-social\/"},"wordCount":188,"publisher":{"@id":"https:\/\/www.fcejs.unsl.edu.ar\/#organization"},"image":{"@id":"https:\/\/www.fcejs.unsl.edu.ar\/index.php\/universidad-deporte-y-solidaridad-una-maraton-con-compromiso-social\/#primaryimage"},"thumbnailUrl":"https:\/\/www.fcejs.unsl.edu.ar\/wp-content\/uploads\/2025\/11\/ff.jpg","articleSection":["Noticias"],"inLanguage":"es-AR"},{"@type":"WebPage","@id":"https:\/\/www.fcejs.unsl.edu.ar\/index.php\/universidad-deporte-y-solidaridad-una-maraton-con-compromiso-social\/","url":"https:\/\/www.fcejs.unsl.edu.ar\/index.php\/universidad-deporte-y-solidaridad-una-maraton-con-compromiso-social\/","name":"Universidad, deporte y solidaridad: Una marat\u00f3n con compromiso social - Facultad de Ciencias Econ\u00f3micas, Jur\u00ed\u00addicas y Sociales","isPartOf":{"@id":"https:\/\/www.fcejs.unsl.edu.ar\/#website"},"primaryImageOfPage":{"@id":"https:\/\/www.fcejs.unsl.edu.ar\/index.php\/universidad-deporte-y-solidaridad-una-maraton-con-compromiso-social\/#primaryimage"},"image":{"@id":"https:\/\/www.fcejs.unsl.edu.ar\/index.php\/universidad-deporte-y-solidaridad-una-maraton-con-compromiso-social\/#primaryimage"},"thumbnailUrl":"https:\/\/www.fcejs.unsl.edu.ar\/wp-content\/uploads\/2025\/11\/ff.jpg","datePublished":"2025-11-13T15:22:11+00:00","dateModified":"2025-11-18T21:23:03+00:00","breadcrumb":{"@id":"https:\/\/www.fcejs.unsl.edu.ar\/index.php\/universidad-deporte-y-solidaridad-una-maraton-con-compromiso-social\/#breadcrumb"},"inLanguage":"es-AR","potentialAction":[{"@type":"ReadAction","target":["https:\/\/www.fcejs.unsl.edu.ar\/index.php\/universidad-deporte-y-solidaridad-una-maraton-con-compromiso-social\/"]}]},{"@type":"ImageObject","inLanguage":"es-AR","@id":"https:\/\/www.fcejs.unsl.edu.ar\/index.php\/universidad-deporte-y-solidaridad-una-maraton-con-compromiso-social\/#primaryimage","url":"https:\/\/www.fcejs.unsl.edu.ar\/wp-content\/uploads\/2025\/11\/ff.jpg","contentUrl":"https:\/\/www.fcejs.unsl.edu.ar\/wp-content\/uploads\/2025\/11\/ff.jpg","width":1070,"height":651},{"@type":"BreadcrumbList","@id":"https:\/\/www.fcejs.unsl.edu.ar\/index.php\/universidad-deporte-y-solidaridad-una-maraton-con-compromiso-social\/#breadcrumb","itemListElement":[{"@type":"ListItem","position":1,"name":"Inicio","item":"https:\/\/www.fcejs.unsl.edu.ar\/"},{"@type":"ListItem","position":2,"name":"Universidad, deporte y solidaridad: Una marat\u00f3n con compromiso social"}]},{"@type":"WebSite","@id":"https:\/\/www.fcejs.unsl.edu.ar\/#website","url":"https:\/\/www.fcejs.unsl.edu.ar\/","name":"Facultad de Ciencias Econ\u00f3micas, Jur\u00ed\u00addicas y Sociales","description":"","publisher":{"@id":"https:\/\/www.fcejs.unsl.edu.ar\/#organization"},"potentialAction":[{"@type":"SearchAction","target":{"@type":"EntryPoint","urlTemplate":"https:\/\/www.fcejs.unsl.edu.ar\/?s={search_term_string}"},"query-input":{"@type":"PropertyValueSpecification","valueRequired":true,"valueName":"search_term_string"}}],"inLanguage":"es-AR"},{"@type":"Organization","@id":"https:\/\/www.fcejs.unsl.edu.ar\/#organization","name":"Facultad de Ciencias Econ\u00f3micas, Jur\u00eddicas y Sociales","url":"https:\/\/www.fcejs.unsl.edu.ar\/","logo":{"@type":"ImageObject","inLanguage":"es-AR","@id":"https:\/\/www.fcejs.unsl.edu.ar\/#\/schema\/logo\/image\/","url":"https:\/\/www.fcejs.unsl.edu.ar\/wp-content\/uploads\/2021\/03\/logo-1.jpg","contentUrl":"https:\/\/www.fcejs.unsl.edu.ar\/wp-content\/uploads\/2021\/03\/logo-1.jpg","width":471,"height":146,"caption":"Facultad de Ciencias Econ\u00f3micas, Jur\u00eddicas y Sociales"},"image":{"@id":"https:\/\/www.fcejs.unsl.edu.ar\/#\/schema\/logo\/image\/"},"sameAs":["https:\/\/www.facebook.com\/FCEJS.UNSL\/","https:\/\/x.com\/FCEJSUNSL","https:\/\/www.instagram.com\/fcejs.unsl\/","https:\/\/www.youtube.com\/channel\/UCH-Ut6EaN_X5ogjIQMPe46g\/"]},{"@type":"Person","@id":"https:\/\/www.fcejs.unsl.edu.ar\/#\/schema\/person\/352ee6ed90c3f394c7cb5945f8956d34","name":"DATI"}]}},"jetpack_featured_media_url":"https:\/\/www.fcejs.unsl.edu.ar\/wp-content\/uploads\/2025\/11\/ff.jpg","_links":{"self":[{"href":"https:\/\/www.fcejs.unsl.edu.ar\/index.php\/wp-json\/wp\/v2\/posts\/22607","targetHints":{"allow":["GET"]}}],"collection":[{"href":"https:\/\/www.fcejs.unsl.edu.ar\/index.php\/wp-json\/wp\/v2\/posts"}],"about":[{"href":"https:\/\/www.fcejs.unsl.edu.ar\/index.php\/wp-json\/wp\/v2\/types\/post"}],"author":[{"embeddable":true,"href":"https:\/\/www.fcejs.unsl.edu.ar\/index.php\/wp-json\/wp\/v2\/users\/9"}],"replies":[{"embeddable":true,"href":"https:\/\/www.fcejs.unsl.edu.ar\/index.php\/wp-json\/wp\/v2\/comments?post=22607"}],"version-history":[{"count":5,"href":"https:\/\/www.fcejs.unsl.edu.ar\/index.php\/wp-json\/wp\/v2\/posts\/22607\/revisions"}],"predecessor-version":[{"id":22614,"href":"https:\/\/www.fcejs.unsl.edu.ar\/index.php\/wp-json\/wp\/v2\/posts\/22607\/revisions\/22614"}],"wp:featuredmedia":[{"embeddable":true,"href":"https:\/\/www.fcejs.unsl.edu.ar\/index.php\/wp-json\/wp\/v2\/media\/22611"}],"wp:attachment":[{"href":"https:\/\/www.fcejs.unsl.edu.ar\/index.php\/wp-json\/wp\/v2\/media?parent=22607"}],"wp:term":[{"taxonomy":"category","embeddable":true,"href":"https:\/\/www.fcejs.unsl.edu.ar\/index.php\/wp-json\/wp\/v2\/categories?post=22607"},{"taxonomy":"post_tag","embeddable":true,"href":"https:\/\/www.fcejs.unsl.edu.ar\/index.php\/wp-json\/wp\/v2\/tags?post=22607"}],"curies":[{"name":"wp","href":"https:\/\/api.w.org\/{rel}","templated":true}]}}