{"id":22416,"date":"2025-11-17T10:23:44","date_gmt":"2025-11-17T13:23:44","guid":{"rendered":"http:\/\/10.101.10.197\/www\/?p=22416"},"modified":"2025-11-19T09:30:57","modified_gmt":"2025-11-19T12:30:57","slug":"la-fcejs-invita-a-la-conferencia-antropologia-y-ciencias-forenses","status":"publish","type":"post","link":"https:\/\/www.fcejs.unsl.edu.ar\/index.php\/la-fcejs-invita-a-la-conferencia-antropologia-y-ciencias-forenses\/","title":{"rendered":"La FCEJS invita a la conferencia \u201cAntropolog\u00eda y Ciencias Forenses\u201d"},"content":{"rendered":"<p>La <strong>Secretar\u00eda de Extensi\u00f3n de la FCEJS<\/strong>\u00a0invita a participar de la <strong>conferencia \u201cAntropolog\u00eda y Ciencias Forenses\u201d<\/strong>, que estar\u00e1 a cargo del <strong>Dr. Dar\u00edo Mariano Olmo<\/strong>. El encuentro se realizar\u00e1 el jueves 20 de noviembre, con acreditaciones a partir de las 9:30 horas, en el<strong> Instituto Escuela de Econom\u00eda, Negocios y Transferencia Tecnol\u00f3gica (Pescadores 314, Villa Mercedes).<\/strong><\/p>\n<p>La conferencia <strong>ser\u00e1 de modalidad h\u00edbrida<\/strong>, permitiendo la participaci\u00f3n <strong>presencial y virtual<\/strong> de interesados de otras provincias.<\/p>\n<h2 style=\"text-align: center;\"><strong><span style=\"font-size: 28px;\"><a href=\"https:\/\/docs.google.com\/forms\/d\/e\/1FAIpQLSeLgduG9c8-y3NWP8U19mCLvJiNCknVGNdgDkYLTzh4_QvgnQ\/viewform?usp=send_form\" target=\"_blank\" rel=\"noopener\"><span style=\"color: #0000ff;\">INSCRIPCIONES<\/span><\/a><\/span><\/strong><\/h2>\n<p>El encuentro <strong>busca compartir una mirada integral sobre la diversidad de campos que conforman hoy las ciencias forenses en el pa\u00eds<\/strong>, analizar el avance de las investigaciones cient\u00edficas vinculadas a la Justicia Transicional, y promover una visi\u00f3n interdisciplinaria entre la pr\u00e1ctica cient\u00edfica y la administraci\u00f3n de justicia.<\/p>\n<p><strong>La Antropolog\u00eda Forense en Argentina<\/strong> constituye un referente pionero en el hemisferio sur, y su desarrollo ofrece un caso de estudio valioso para reflexionar sobre las decisiones y pol\u00edticas que impulsan nuevos campos cient\u00edficos.<\/p>\n<p>La propuesta est\u00e1 destinada a estudiantes, profesionales y p\u00fablico en general, y representa un espacio de di\u00e1logo y formaci\u00f3n que podr\u00eda contribuir al dise\u00f1o de nuevas iniciativas acad\u00e9micas dentro de la UNSL en el campo de las Ciencias Forenses.<\/p>\n<p>La actividad es organizada por la <strong>Secretar\u00eda de Extensi\u00f3n de la FCEJS<\/strong><strong>, <\/strong>Equipo de Investigaci\u00f3n PROICO: \u201cPol\u00edticas de desarrollo en la provincia de San Luis. El discurso de la \u00e9poca en su subjetividad y el lazo social\u201d. Profesora Responsable: Dra. Roxana Lobos y<br \/>\nequipo de investigaci\u00f3n. Equipo de Investigaci\u00f3n PROIPO 15-2123: \u201cPr\u00e1cticas y saberes en el campo de la econom\u00eda social y solidaria: experiencias de organizaciones y personas en entramados productivos en localidades de la provincia de San Luis\u201d Profesor Responsable: Esp. Esteban Arias y equipo de investigaci\u00f3n. Por las asignaturas de <strong>Antropolog\u00eda Social y Cultural, Estructura Social Argentina, Sociolog\u00eda y Sociolog\u00eda de la Salud<\/strong>. Profesor Responsable: Esp. Esteban Gabriel Arias y equipo docente. Profesora Responsable: Licenciada M\u00f3nica Beatriz Guaycochea y equipo docente.<\/p>\n<p>&nbsp;<\/p>\n<p data-start=\"0\" data-end=\"702\">El Dr. <strong data-start=\"7\" data-end=\"29\">Dar\u00edo Mariano Olmo<\/strong> es Licenciado en Antropolog\u00eda por la Facultad de Ciencias Naturales de la Universidad Nacional de La Plata, instituci\u00f3n que en 2015 tambi\u00e9n le otorg\u00f3 el t\u00edtulo de <strong data-start=\"193\" data-end=\"217\">Doctor Honoris Causa<\/strong> en reconocimiento a su trayectoria. Fue <strong data-start=\"258\" data-end=\"276\">socio fundador<\/strong> e <strong data-start=\"279\" data-end=\"295\">investigador<\/strong> del Equipo Argentino de Antropolog\u00eda Forense (EAAF) entre 1985 y 2010, organizaci\u00f3n en la que adem\u00e1s ejerci\u00f3 la <strong data-start=\"408\" data-end=\"423\">Presidencia<\/strong> entre 1997 y 2003. En el marco de su labor con el EAAF, particip\u00f3 en investigaciones y misiones humanitarias en pa\u00edses como Argentina, Uruguay, Bolivia, Chile, Per\u00fa, Colombia, Venezuela, Brasil, Paraguay, Panam\u00e1, Honduras, Guatemala, Kosovo y la Rep\u00fablica Democr\u00e1tica del Congo.<\/p>\n<p data-start=\"704\" data-end=\"1137\">Se desempe\u00f1\u00f3 como <strong data-start=\"722\" data-end=\"742\">Profesor Adjunto<\/strong> en la Universidad de Buenos Aires y en la Universidad Nacional del Centro de la Provincia de Buenos Aires. Asimismo, desarroll\u00f3 experiencias educativas en contextos no tradicionales, incluyendo programas universitarios en c\u00e1rceles (PUC &#8211; UNC) y espacios de formaci\u00f3n para adultos mayores (CEPRAM, C\u00f3rdoba). Entre 2008 y 2017 fue <strong data-start=\"1072\" data-end=\"1136\">Subsecretario de Derechos Humanos de la Provincia de C\u00f3rdoba<\/strong>.<\/p>\n<p data-start=\"1139\" data-end=\"1453\">Actualmente, es <strong data-start=\"1155\" data-end=\"1185\">Profesor Titular Ordinario<\/strong> de la Universidad Nacional de C\u00f3rdoba y <strong data-start=\"1226\" data-end=\"1284\">Director del Centro Universitario de Estudios Sociales<\/strong> de la Universidad Provincial de C\u00f3rdoba. Adem\u00e1s de su actividad docente e institucional, ha editado libros y publicado art\u00edculos en revistas con referato internacional.<\/p>\n<p data-start=\"1455\" data-end=\"1638\" data-is-last-node=\"\" data-is-only-node=\"\">En 2016 recibi\u00f3 el <strong data-start=\"1474\" data-end=\"1490\">Premio Konex<\/strong> en la categor\u00eda Antropolog\u00eda, distinci\u00f3n que reconoce su extensa y valiosa contribuci\u00f3n al campo cient\u00edfico y a la defensa de los derechos humanos.<\/p>\n<p>&nbsp;<\/p>\n","protected":false},"excerpt":{"rendered":"<p>La Secretar\u00eda de Extensi\u00f3n de la FCEJS\u00a0invita a participar de la conferencia \u201cAntropolog\u00eda y Ciencias Forenses\u201d, que estar\u00e1 a cargo del Dr. Dar\u00edo Mariano Olmo.&hellip;<\/p>\n","protected":false},"author":9,"featured_media":22417,"comment_status":"closed","ping_status":"closed","sticky":false,"template":"","format":"standard","meta":{"om_disable_all_campaigns":false,"_monsterinsights_skip_tracking":false,"_monsterinsights_sitenote_active":false,"_monsterinsights_sitenote_note":"","_monsterinsights_sitenote_category":0,"footnotes":""},"categories":[1,19],"tags":[],"class_list":["post-22416","post","type-post","status-publish","format-standard","has-post-thumbnail","hentry","category-noticias","category-principal"],"yoast_head":"<!-- This site is optimized with the Yoast SEO plugin v27.5 - https:\/\/yoast.com\/product\/yoast-seo-wordpress\/ -->\n<title>La FCEJS invita a la conferencia \u201cAntropolog\u00eda y Ciencias Forenses\u201d - Facultad de Ciencias Econ\u00f3micas, Jur\u00ed\u00addicas y Sociales<\/title>\n<meta name=\"robots\" content=\"index, follow, max-snippet:-1, max-image-preview:large, max-video-preview:-1\" \/>\n<link rel=\"canonical\" href=\"https:\/\/www.fcejs.unsl.edu.ar\/index.php\/la-fcejs-invita-a-la-conferencia-antropologia-y-ciencias-forenses\/\" \/>\n<meta property=\"og:locale\" content=\"es_ES\" \/>\n<meta property=\"og:type\" content=\"article\" \/>\n<meta property=\"og:title\" content=\"La FCEJS invita a la conferencia \u201cAntropolog\u00eda y Ciencias Forenses\u201d - Facultad de Ciencias Econ\u00f3micas, Jur\u00ed\u00addicas y Sociales\" \/>\n<meta property=\"og:description\" content=\"La Secretar\u00eda de Extensi\u00f3n de la FCEJS\u00a0invita a participar de la conferencia \u201cAntropolog\u00eda y Ciencias Forenses\u201d, que estar\u00e1 a cargo del Dr. Dar\u00edo Mariano Olmo.&hellip;\" \/>\n<meta property=\"og:url\" content=\"https:\/\/www.fcejs.unsl.edu.ar\/index.php\/la-fcejs-invita-a-la-conferencia-antropologia-y-ciencias-forenses\/\" \/>\n<meta property=\"og:site_name\" content=\"Facultad de Ciencias Econ\u00f3micas, Jur\u00ed\u00addicas y Sociales\" \/>\n<meta property=\"article:publisher\" content=\"https:\/\/www.facebook.com\/FCEJS.UNSL\/\" \/>\n<meta property=\"article:published_time\" content=\"2025-11-17T13:23:44+00:00\" \/>\n<meta property=\"article:modified_time\" content=\"2025-11-19T12:30:57+00:00\" \/>\n<meta property=\"og:image\" content=\"https:\/\/www.fcejs.unsl.edu.ar\/wp-content\/uploads\/2025\/11\/PLACA-WEB-ANTROPOLOGIA-FORENSE.png\" \/>\n\t<meta property=\"og:image:width\" content=\"4608\" \/>\n\t<meta property=\"og:image:height\" content=\"2592\" \/>\n\t<meta property=\"og:image:type\" content=\"image\/png\" \/>\n<meta name=\"author\" content=\"DATI\" \/>\n<meta name=\"twitter:card\" content=\"summary_large_image\" \/>\n<meta name=\"twitter:creator\" content=\"@FCEJSUNSL\" \/>\n<meta name=\"twitter:site\" content=\"@FCEJSUNSL\" \/>\n<meta name=\"twitter:label1\" content=\"Escrito por\" \/>\n\t<meta name=\"twitter:data1\" content=\"DATI\" \/>\n\t<meta name=\"twitter:label2\" content=\"Tiempo de lectura\" \/>\n\t<meta name=\"twitter:data2\" content=\"3 minutos\" \/>\n<script type=\"application\/ld+json\" class=\"yoast-schema-graph\">{\"@context\":\"https:\\\/\\\/schema.org\",\"@graph\":[{\"@type\":\"Article\",\"@id\":\"https:\\\/\\\/www.fcejs.unsl.edu.ar\\\/index.php\\\/la-fcejs-invita-a-la-conferencia-antropologia-y-ciencias-forenses\\\/#article\",\"isPartOf\":{\"@id\":\"https:\\\/\\\/www.fcejs.unsl.edu.ar\\\/index.php\\\/la-fcejs-invita-a-la-conferencia-antropologia-y-ciencias-forenses\\\/\"},\"author\":{\"name\":\"DATI\",\"@id\":\"https:\\\/\\\/www.fcejs.unsl.edu.ar\\\/#\\\/schema\\\/person\\\/352ee6ed90c3f394c7cb5945f8956d34\"},\"headline\":\"La FCEJS invita a la conferencia \u201cAntropolog\u00eda y Ciencias Forenses\u201d\",\"datePublished\":\"2025-11-17T13:23:44+00:00\",\"dateModified\":\"2025-11-19T12:30:57+00:00\",\"mainEntityOfPage\":{\"@id\":\"https:\\\/\\\/www.fcejs.unsl.edu.ar\\\/index.php\\\/la-fcejs-invita-a-la-conferencia-antropologia-y-ciencias-forenses\\\/\"},\"wordCount\":620,\"publisher\":{\"@id\":\"https:\\\/\\\/www.fcejs.unsl.edu.ar\\\/#organization\"},\"image\":{\"@id\":\"https:\\\/\\\/www.fcejs.unsl.edu.ar\\\/index.php\\\/la-fcejs-invita-a-la-conferencia-antropologia-y-ciencias-forenses\\\/#primaryimage\"},\"thumbnailUrl\":\"https:\\\/\\\/www.fcejs.unsl.edu.ar\\\/wp-content\\\/uploads\\\/2025\\\/11\\\/PLACA-WEB-ANTROPOLOGIA-FORENSE.png\",\"articleSection\":[\"Noticias\",\"Principal\"],\"inLanguage\":\"es-AR\"},{\"@type\":\"WebPage\",\"@id\":\"https:\\\/\\\/www.fcejs.unsl.edu.ar\\\/index.php\\\/la-fcejs-invita-a-la-conferencia-antropologia-y-ciencias-forenses\\\/\",\"url\":\"https:\\\/\\\/www.fcejs.unsl.edu.ar\\\/index.php\\\/la-fcejs-invita-a-la-conferencia-antropologia-y-ciencias-forenses\\\/\",\"name\":\"La FCEJS invita a la conferencia \u201cAntropolog\u00eda y Ciencias Forenses\u201d - Facultad de Ciencias Econ\u00f3micas, Jur\u00ed\u00addicas y Sociales\",\"isPartOf\":{\"@id\":\"https:\\\/\\\/www.fcejs.unsl.edu.ar\\\/#website\"},\"primaryImageOfPage\":{\"@id\":\"https:\\\/\\\/www.fcejs.unsl.edu.ar\\\/index.php\\\/la-fcejs-invita-a-la-conferencia-antropologia-y-ciencias-forenses\\\/#primaryimage\"},\"image\":{\"@id\":\"https:\\\/\\\/www.fcejs.unsl.edu.ar\\\/index.php\\\/la-fcejs-invita-a-la-conferencia-antropologia-y-ciencias-forenses\\\/#primaryimage\"},\"thumbnailUrl\":\"https:\\\/\\\/www.fcejs.unsl.edu.ar\\\/wp-content\\\/uploads\\\/2025\\\/11\\\/PLACA-WEB-ANTROPOLOGIA-FORENSE.png\",\"datePublished\":\"2025-11-17T13:23:44+00:00\",\"dateModified\":\"2025-11-19T12:30:57+00:00\",\"breadcrumb\":{\"@id\":\"https:\\\/\\\/www.fcejs.unsl.edu.ar\\\/index.php\\\/la-fcejs-invita-a-la-conferencia-antropologia-y-ciencias-forenses\\\/#breadcrumb\"},\"inLanguage\":\"es-AR\",\"potentialAction\":[{\"@type\":\"ReadAction\",\"target\":[\"https:\\\/\\\/www.fcejs.unsl.edu.ar\\\/index.php\\\/la-fcejs-invita-a-la-conferencia-antropologia-y-ciencias-forenses\\\/\"]}]},{\"@type\":\"ImageObject\",\"inLanguage\":\"es-AR\",\"@id\":\"https:\\\/\\\/www.fcejs.unsl.edu.ar\\\/index.php\\\/la-fcejs-invita-a-la-conferencia-antropologia-y-ciencias-forenses\\\/#primaryimage\",\"url\":\"https:\\\/\\\/www.fcejs.unsl.edu.ar\\\/wp-content\\\/uploads\\\/2025\\\/11\\\/PLACA-WEB-ANTROPOLOGIA-FORENSE.png\",\"contentUrl\":\"https:\\\/\\\/www.fcejs.unsl.edu.ar\\\/wp-content\\\/uploads\\\/2025\\\/11\\\/PLACA-WEB-ANTROPOLOGIA-FORENSE.png\",\"width\":4608,\"height\":2592},{\"@type\":\"BreadcrumbList\",\"@id\":\"https:\\\/\\\/www.fcejs.unsl.edu.ar\\\/index.php\\\/la-fcejs-invita-a-la-conferencia-antropologia-y-ciencias-forenses\\\/#breadcrumb\",\"itemListElement\":[{\"@type\":\"ListItem\",\"position\":1,\"name\":\"Inicio\",\"item\":\"https:\\\/\\\/www.fcejs.unsl.edu.ar\\\/\"},{\"@type\":\"ListItem\",\"position\":2,\"name\":\"La FCEJS invita a la conferencia \u201cAntropolog\u00eda y Ciencias Forenses\u201d\"}]},{\"@type\":\"WebSite\",\"@id\":\"https:\\\/\\\/www.fcejs.unsl.edu.ar\\\/#website\",\"url\":\"https:\\\/\\\/www.fcejs.unsl.edu.ar\\\/\",\"name\":\"Facultad de Ciencias Econ\u00f3micas, Jur\u00ed\u00addicas y Sociales\",\"description\":\"\",\"publisher\":{\"@id\":\"https:\\\/\\\/www.fcejs.unsl.edu.ar\\\/#organization\"},\"potentialAction\":[{\"@type\":\"SearchAction\",\"target\":{\"@type\":\"EntryPoint\",\"urlTemplate\":\"https:\\\/\\\/www.fcejs.unsl.edu.ar\\\/?s={search_term_string}\"},\"query-input\":{\"@type\":\"PropertyValueSpecification\",\"valueRequired\":true,\"valueName\":\"search_term_string\"}}],\"inLanguage\":\"es-AR\"},{\"@type\":\"Organization\",\"@id\":\"https:\\\/\\\/www.fcejs.unsl.edu.ar\\\/#organization\",\"name\":\"Facultad de Ciencias Econ\u00f3micas, Jur\u00eddicas y Sociales\",\"url\":\"https:\\\/\\\/www.fcejs.unsl.edu.ar\\\/\",\"logo\":{\"@type\":\"ImageObject\",\"inLanguage\":\"es-AR\",\"@id\":\"https:\\\/\\\/www.fcejs.unsl.edu.ar\\\/#\\\/schema\\\/logo\\\/image\\\/\",\"url\":\"https:\\\/\\\/www.fcejs.unsl.edu.ar\\\/wp-content\\\/uploads\\\/2021\\\/03\\\/logo-1.jpg\",\"contentUrl\":\"https:\\\/\\\/www.fcejs.unsl.edu.ar\\\/wp-content\\\/uploads\\\/2021\\\/03\\\/logo-1.jpg\",\"width\":471,\"height\":146,\"caption\":\"Facultad de Ciencias Econ\u00f3micas, Jur\u00eddicas y Sociales\"},\"image\":{\"@id\":\"https:\\\/\\\/www.fcejs.unsl.edu.ar\\\/#\\\/schema\\\/logo\\\/image\\\/\"},\"sameAs\":[\"https:\\\/\\\/www.facebook.com\\\/FCEJS.UNSL\\\/\",\"https:\\\/\\\/x.com\\\/FCEJSUNSL\",\"https:\\\/\\\/www.instagram.com\\\/fcejs.unsl\\\/\",\"https:\\\/\\\/www.youtube.com\\\/channel\\\/UCH-Ut6EaN_X5ogjIQMPe46g\\\/\"]},{\"@type\":\"Person\",\"@id\":\"https:\\\/\\\/www.fcejs.unsl.edu.ar\\\/#\\\/schema\\\/person\\\/352ee6ed90c3f394c7cb5945f8956d34\",\"name\":\"DATI\"}]}<\/script>\n<!-- \/ Yoast SEO plugin. -->","yoast_head_json":{"title":"La FCEJS invita a la conferencia \u201cAntropolog\u00eda y Ciencias Forenses\u201d - Facultad de Ciencias Econ\u00f3micas, Jur\u00ed\u00addicas y Sociales","robots":{"index":"index","follow":"follow","max-snippet":"max-snippet:-1","max-image-preview":"max-image-preview:large","max-video-preview":"max-video-preview:-1"},"canonical":"https:\/\/www.fcejs.unsl.edu.ar\/index.php\/la-fcejs-invita-a-la-conferencia-antropologia-y-ciencias-forenses\/","og_locale":"es_ES","og_type":"article","og_title":"La FCEJS invita a la conferencia \u201cAntropolog\u00eda y Ciencias Forenses\u201d - Facultad de Ciencias Econ\u00f3micas, Jur\u00ed\u00addicas y Sociales","og_description":"La Secretar\u00eda de Extensi\u00f3n de la FCEJS\u00a0invita a participar de la conferencia \u201cAntropolog\u00eda y Ciencias Forenses\u201d, que estar\u00e1 a cargo del Dr. Dar\u00edo Mariano Olmo.&hellip;","og_url":"https:\/\/www.fcejs.unsl.edu.ar\/index.php\/la-fcejs-invita-a-la-conferencia-antropologia-y-ciencias-forenses\/","og_site_name":"Facultad de Ciencias Econ\u00f3micas, Jur\u00ed\u00addicas y Sociales","article_publisher":"https:\/\/www.facebook.com\/FCEJS.UNSL\/","article_published_time":"2025-11-17T13:23:44+00:00","article_modified_time":"2025-11-19T12:30:57+00:00","og_image":[{"width":4608,"height":2592,"url":"https:\/\/www.fcejs.unsl.edu.ar\/wp-content\/uploads\/2025\/11\/PLACA-WEB-ANTROPOLOGIA-FORENSE.png","type":"image\/png"}],"author":"DATI","twitter_card":"summary_large_image","twitter_creator":"@FCEJSUNSL","twitter_site":"@FCEJSUNSL","twitter_misc":{"Escrito por":"DATI","Tiempo de lectura":"3 minutos"},"schema":{"@context":"https:\/\/schema.org","@graph":[{"@type":"Article","@id":"https:\/\/www.fcejs.unsl.edu.ar\/index.php\/la-fcejs-invita-a-la-conferencia-antropologia-y-ciencias-forenses\/#article","isPartOf":{"@id":"https:\/\/www.fcejs.unsl.edu.ar\/index.php\/la-fcejs-invita-a-la-conferencia-antropologia-y-ciencias-forenses\/"},"author":{"name":"DATI","@id":"https:\/\/www.fcejs.unsl.edu.ar\/#\/schema\/person\/352ee6ed90c3f394c7cb5945f8956d34"},"headline":"La FCEJS invita a la conferencia \u201cAntropolog\u00eda y Ciencias Forenses\u201d","datePublished":"2025-11-17T13:23:44+00:00","dateModified":"2025-11-19T12:30:57+00:00","mainEntityOfPage":{"@id":"https:\/\/www.fcejs.unsl.edu.ar\/index.php\/la-fcejs-invita-a-la-conferencia-antropologia-y-ciencias-forenses\/"},"wordCount":620,"publisher":{"@id":"https:\/\/www.fcejs.unsl.edu.ar\/#organization"},"image":{"@id":"https:\/\/www.fcejs.unsl.edu.ar\/index.php\/la-fcejs-invita-a-la-conferencia-antropologia-y-ciencias-forenses\/#primaryimage"},"thumbnailUrl":"https:\/\/www.fcejs.unsl.edu.ar\/wp-content\/uploads\/2025\/11\/PLACA-WEB-ANTROPOLOGIA-FORENSE.png","articleSection":["Noticias","Principal"],"inLanguage":"es-AR"},{"@type":"WebPage","@id":"https:\/\/www.fcejs.unsl.edu.ar\/index.php\/la-fcejs-invita-a-la-conferencia-antropologia-y-ciencias-forenses\/","url":"https:\/\/www.fcejs.unsl.edu.ar\/index.php\/la-fcejs-invita-a-la-conferencia-antropologia-y-ciencias-forenses\/","name":"La FCEJS invita a la conferencia \u201cAntropolog\u00eda y Ciencias Forenses\u201d - Facultad de Ciencias Econ\u00f3micas, Jur\u00ed\u00addicas y Sociales","isPartOf":{"@id":"https:\/\/www.fcejs.unsl.edu.ar\/#website"},"primaryImageOfPage":{"@id":"https:\/\/www.fcejs.unsl.edu.ar\/index.php\/la-fcejs-invita-a-la-conferencia-antropologia-y-ciencias-forenses\/#primaryimage"},"image":{"@id":"https:\/\/www.fcejs.unsl.edu.ar\/index.php\/la-fcejs-invita-a-la-conferencia-antropologia-y-ciencias-forenses\/#primaryimage"},"thumbnailUrl":"https:\/\/www.fcejs.unsl.edu.ar\/wp-content\/uploads\/2025\/11\/PLACA-WEB-ANTROPOLOGIA-FORENSE.png","datePublished":"2025-11-17T13:23:44+00:00","dateModified":"2025-11-19T12:30:57+00:00","breadcrumb":{"@id":"https:\/\/www.fcejs.unsl.edu.ar\/index.php\/la-fcejs-invita-a-la-conferencia-antropologia-y-ciencias-forenses\/#breadcrumb"},"inLanguage":"es-AR","potentialAction":[{"@type":"ReadAction","target":["https:\/\/www.fcejs.unsl.edu.ar\/index.php\/la-fcejs-invita-a-la-conferencia-antropologia-y-ciencias-forenses\/"]}]},{"@type":"ImageObject","inLanguage":"es-AR","@id":"https:\/\/www.fcejs.unsl.edu.ar\/index.php\/la-fcejs-invita-a-la-conferencia-antropologia-y-ciencias-forenses\/#primaryimage","url":"https:\/\/www.fcejs.unsl.edu.ar\/wp-content\/uploads\/2025\/11\/PLACA-WEB-ANTROPOLOGIA-FORENSE.png","contentUrl":"https:\/\/www.fcejs.unsl.edu.ar\/wp-content\/uploads\/2025\/11\/PLACA-WEB-ANTROPOLOGIA-FORENSE.png","width":4608,"height":2592},{"@type":"BreadcrumbList","@id":"https:\/\/www.fcejs.unsl.edu.ar\/index.php\/la-fcejs-invita-a-la-conferencia-antropologia-y-ciencias-forenses\/#breadcrumb","itemListElement":[{"@type":"ListItem","position":1,"name":"Inicio","item":"https:\/\/www.fcejs.unsl.edu.ar\/"},{"@type":"ListItem","position":2,"name":"La FCEJS invita a la conferencia \u201cAntropolog\u00eda y Ciencias Forenses\u201d"}]},{"@type":"WebSite","@id":"https:\/\/www.fcejs.unsl.edu.ar\/#website","url":"https:\/\/www.fcejs.unsl.edu.ar\/","name":"Facultad de Ciencias Econ\u00f3micas, Jur\u00ed\u00addicas y Sociales","description":"","publisher":{"@id":"https:\/\/www.fcejs.unsl.edu.ar\/#organization"},"potentialAction":[{"@type":"SearchAction","target":{"@type":"EntryPoint","urlTemplate":"https:\/\/www.fcejs.unsl.edu.ar\/?s={search_term_string}"},"query-input":{"@type":"PropertyValueSpecification","valueRequired":true,"valueName":"search_term_string"}}],"inLanguage":"es-AR"},{"@type":"Organization","@id":"https:\/\/www.fcejs.unsl.edu.ar\/#organization","name":"Facultad de Ciencias Econ\u00f3micas, Jur\u00eddicas y Sociales","url":"https:\/\/www.fcejs.unsl.edu.ar\/","logo":{"@type":"ImageObject","inLanguage":"es-AR","@id":"https:\/\/www.fcejs.unsl.edu.ar\/#\/schema\/logo\/image\/","url":"https:\/\/www.fcejs.unsl.edu.ar\/wp-content\/uploads\/2021\/03\/logo-1.jpg","contentUrl":"https:\/\/www.fcejs.unsl.edu.ar\/wp-content\/uploads\/2021\/03\/logo-1.jpg","width":471,"height":146,"caption":"Facultad de Ciencias Econ\u00f3micas, Jur\u00eddicas y Sociales"},"image":{"@id":"https:\/\/www.fcejs.unsl.edu.ar\/#\/schema\/logo\/image\/"},"sameAs":["https:\/\/www.facebook.com\/FCEJS.UNSL\/","https:\/\/x.com\/FCEJSUNSL","https:\/\/www.instagram.com\/fcejs.unsl\/","https:\/\/www.youtube.com\/channel\/UCH-Ut6EaN_X5ogjIQMPe46g\/"]},{"@type":"Person","@id":"https:\/\/www.fcejs.unsl.edu.ar\/#\/schema\/person\/352ee6ed90c3f394c7cb5945f8956d34","name":"DATI"}]}},"jetpack_featured_media_url":"https:\/\/www.fcejs.unsl.edu.ar\/wp-content\/uploads\/2025\/11\/PLACA-WEB-ANTROPOLOGIA-FORENSE.png","_links":{"self":[{"href":"https:\/\/www.fcejs.unsl.edu.ar\/index.php\/wp-json\/wp\/v2\/posts\/22416","targetHints":{"allow":["GET"]}}],"collection":[{"href":"https:\/\/www.fcejs.unsl.edu.ar\/index.php\/wp-json\/wp\/v2\/posts"}],"about":[{"href":"https:\/\/www.fcejs.unsl.edu.ar\/index.php\/wp-json\/wp\/v2\/types\/post"}],"author":[{"embeddable":true,"href":"https:\/\/www.fcejs.unsl.edu.ar\/index.php\/wp-json\/wp\/v2\/users\/9"}],"replies":[{"embeddable":true,"href":"https:\/\/www.fcejs.unsl.edu.ar\/index.php\/wp-json\/wp\/v2\/comments?post=22416"}],"version-history":[{"count":7,"href":"https:\/\/www.fcejs.unsl.edu.ar\/index.php\/wp-json\/wp\/v2\/posts\/22416\/revisions"}],"predecessor-version":[{"id":22568,"href":"https:\/\/www.fcejs.unsl.edu.ar\/index.php\/wp-json\/wp\/v2\/posts\/22416\/revisions\/22568"}],"wp:featuredmedia":[{"embeddable":true,"href":"https:\/\/www.fcejs.unsl.edu.ar\/index.php\/wp-json\/wp\/v2\/media\/22417"}],"wp:attachment":[{"href":"https:\/\/www.fcejs.unsl.edu.ar\/index.php\/wp-json\/wp\/v2\/media?parent=22416"}],"wp:term":[{"taxonomy":"category","embeddable":true,"href":"https:\/\/www.fcejs.unsl.edu.ar\/index.php\/wp-json\/wp\/v2\/categories?post=22416"},{"taxonomy":"post_tag","embeddable":true,"href":"https:\/\/www.fcejs.unsl.edu.ar\/index.php\/wp-json\/wp\/v2\/tags?post=22416"}],"curies":[{"name":"wp","href":"https:\/\/api.w.org\/{rel}","templated":true}]}}