{"id":22324,"date":"2025-11-04T10:30:54","date_gmt":"2025-11-04T13:30:54","guid":{"rendered":"http:\/\/10.101.10.197\/www\/?p=22324"},"modified":"2025-11-04T16:49:29","modified_gmt":"2025-11-04T19:49:29","slug":"conversatorio-distintos-y-uniformes-miradas-etnograficas-sobre-el-sistema-penal","status":"publish","type":"post","link":"https:\/\/www.fcejs.unsl.edu.ar\/index.php\/conversatorio-distintos-y-uniformes-miradas-etnograficas-sobre-el-sistema-penal\/","title":{"rendered":"Conversatorio \u201cDistintos y Uniformes: miradas etnogr\u00e1ficas sobre el sistema penal\u201d"},"content":{"rendered":"<p data-start=\"414\" data-end=\"762\">El pasado <strong data-start=\"424\" data-end=\"451\">mi\u00e9rcoles 29 de octubre<\/strong> se llev\u00f3 a cabo el conversatorio <strong data-start=\"485\" data-end=\"557\">\u201cDistintos y uniformes: miradas etnogr\u00e1ficas sobre el sistema penal\u201d<\/strong>, una propuesta orientada a <strong data-start=\"585\" data-end=\"711\">promover un espacio de debate y reflexi\u00f3n sobre las pr\u00e1cticas, tensiones y significaciones que atraviesan el sistema penal<\/strong> desde una perspectiva etnogr\u00e1fica y sociol\u00f3gica. De esta actividad h\u00edbrida, participaron mas de 20 personas de manera presencial y mas de 60 conectados mediante la plataforma Zoom.<\/p>\n<p data-start=\"764\" data-end=\"1090\">El encuentro fue organizado por el equipo docente de la asignatura <strong data-start=\"831\" data-end=\"885\">\u201cDerechos Humanos, Sistema Penal y Control Social\u201d<\/strong> de la <strong data-start=\"892\" data-end=\"967\">Licenciatura en Seguridad P\u00fablica (Ciclo de Complementaci\u00f3n Curricular)<\/strong>, dependiente de la Facultad de Ciencias Econ\u00f3micas, Jur\u00eddicas y Sociales (FCEJS) de la Universidad Nacional de San Luis.<\/p>\n<p data-start=\"1092\" data-end=\"1631\">En esta oportunidad, el <strong data-start=\"1116\" data-end=\"1135\">Dr. Tom\u00e1s Bover<\/strong> present\u00f3 su libro <em data-start=\"1154\" data-end=\"1227\">\u201cDistintos y uniformes. Una etnograf\u00eda en la Polic\u00eda Federal Argentina\u201d<\/em>, compartiendo reflexiones surgidas de su trabajo de campo y adaptadas especialmente para el contexto del conversatorio. En su exposici\u00f3n, el autor propuso <strong data-start=\"1383\" data-end=\"1518\">v\u00ednculos anal\u00edticos entre la universidad, las instituciones policiales y los dispositivos de formaci\u00f3n y control que las atraviesan<\/strong>, invitando a repensar los modos en que se construyen las identidades y las pr\u00e1cticas dentro del sistema penal.<\/p>\n<p data-start=\"1633\" data-end=\"1686\">Entre los principales ejes abordados se destacaron:<\/p>\n<ul data-start=\"1687\" data-end=\"3120\">\n<li data-start=\"1687\" data-end=\"1858\">\n<p data-start=\"1689\" data-end=\"1858\">La necesidad de propiciar <strong data-start=\"1715\" data-end=\"1787\">di\u00e1logos genuinos entre el sujeto universitario y el sujeto policial<\/strong>, frecuentemente concebidos como espacios institucionales escindidos.<\/p>\n<\/li>\n<li data-start=\"1859\" data-end=\"2060\">\n<p data-start=\"1861\" data-end=\"2060\">La superaci\u00f3n de la <strong data-start=\"1881\" data-end=\"1939\">asimilaci\u00f3n entre lo punitivo y el retorno democr\u00e1tico<\/strong>, promoviendo una polic\u00eda del Estado de derecho, orientada al servicio ciudadano y al respeto por los derechos humanos.<\/p>\n<\/li>\n<li data-start=\"2061\" data-end=\"2243\">\n<p data-start=\"2063\" data-end=\"2243\">La <strong data-start=\"2066\" data-end=\"2099\">lucha de los derechos humanos<\/strong> y la sensibilizaci\u00f3n ante la violencia institucional como marcos hist\u00f3ricos y pol\u00edticos que interpelan las pr\u00e1cticas policiales y judiciales.<\/p>\n<\/li>\n<li data-start=\"2244\" data-end=\"2405\">\n<p data-start=\"2246\" data-end=\"2405\">La reflexi\u00f3n sobre <strong data-start=\"2265\" data-end=\"2325\">la formaci\u00f3n profesional como proceso din\u00e1mico y no fijo<\/strong>, desafiando la idea de una identidad consolidada \u201cde una vez y para siempre\u201d.<\/p>\n<\/li>\n<li data-start=\"2406\" data-end=\"2517\">\n<p data-start=\"2408\" data-end=\"2517\">La <strong data-start=\"2411\" data-end=\"2468\">profesi\u00f3n policial entendida como un oficio artesanal<\/strong>, que combina t\u00e9cnica, intuici\u00f3n y experiencia.<\/p>\n<\/li>\n<li data-start=\"2518\" data-end=\"2674\">\n<p data-start=\"2520\" data-end=\"2674\">La <strong data-start=\"2523\" data-end=\"2569\">identidad institucional del agente estatal<\/strong>, su sentido de pertenencia y las contradicciones entre las normas formales y las pr\u00e1cticas cotidianas.<\/p>\n<\/li>\n<li data-start=\"2675\" data-end=\"2778\">\n<p data-start=\"2677\" data-end=\"2778\">La <strong data-start=\"2680\" data-end=\"2709\">seguridad como bien com\u00fan<\/strong>, distanciada de visiones punitivistas o exclusivamente represivas.<\/p>\n<\/li>\n<li data-start=\"2779\" data-end=\"2944\">\n<p data-start=\"2781\" data-end=\"2944\">La <strong data-start=\"2784\" data-end=\"2846\">instituci\u00f3n policial como ventanilla permanente del Estado<\/strong>, junto a la salud p\u00fablica, una de las pocas presencias estatales constantes en los territorios.<\/p>\n<\/li>\n<li data-start=\"2945\" data-end=\"3120\">\n<p data-start=\"2947\" data-end=\"3120\">Las <strong data-start=\"2951\" data-end=\"3015\">tensiones entre la formaci\u00f3n te\u00f3rica y la pr\u00e1ctica cotidiana<\/strong>, que evidencian los desaf\u00edos del deber ser institucional frente a las realidades del trabajo policial.<\/p>\n<\/li>\n<\/ul>\n<p data-start=\"3122\" data-end=\"3427\">El evento cont\u00f3 con el acompa\u00f1amiento de la <strong data-start=\"3162\" data-end=\"3203\">Secretaria de Extensi\u00f3n Universitaria, Lic. Nazarena Echand\u00eda<\/strong>, y la participaci\u00f3n de la <strong data-start=\"3230\" data-end=\"3252\">Secretaria General<\/strong>, Abg. <strong data-start=\"3261\" data-end=\"3287\">Ail\u00edn Umpierrez Varela<\/strong>; el <strong data-start=\"3292\" data-end=\"3325\">Subsecretario de Comunicaci\u00f3n<\/strong>, Lic. <strong data-start=\"3332\" data-end=\"3351\">Cristian Payero<\/strong>; y la <strong data-start=\"3358\" data-end=\"3400\">Secretaria de Investigaci\u00f3n y Posgrado<\/strong>, Mgter. <strong data-start=\"3409\" data-end=\"3424\">Ayel\u00e9n Neme<\/strong>.<\/p>\n<p data-start=\"3429\" data-end=\"4002\">Asimismo, asistieron <strong data-start=\"3450\" data-end=\"3523\">docentes y estudiantes de la asignatura \u201cDerecho Penal Parte General\u201d<\/strong> de la carrera de Abogac\u00eda, quienes compartieron el espacio con el estudiantado y el cuerpo docente de la Licenciatura en Seguridad P\u00fablica. Esta confluencia disciplinaria gener\u00f3 <strong data-start=\"3702\" data-end=\"3751\">un clima de debate e intercambio enriquecedor<\/strong>, donde se abordaron temas como <strong data-start=\"3783\" data-end=\"3999\">el rol de los derechos humanos en la seguridad p\u00fablica, la gesti\u00f3n de la violencia en el oficio policial y la importancia de la formaci\u00f3n profesional en una de las instituciones estatales m\u00e1s complejas y exigidas<\/strong>.<\/p>\n<p data-start=\"4004\" data-end=\"4271\">La actividad se enmarc\u00f3 en las <strong data-start=\"4035\" data-end=\"4098\">acciones de extensi\u00f3n universitaria impulsadas por la FCEJS<\/strong>, orientadas a <strong data-start=\"4113\" data-end=\"4174\">fortalecer el v\u00ednculo entre la universidad y la comunidad<\/strong>, promoviendo la reflexi\u00f3n cr\u00edtica sobre las problem\u00e1ticas sociales y jur\u00eddicas contempor\u00e1neas.<\/p>\n<p data-start=\"4004\" data-end=\"4271\"><div class=\"gmedia_gallery phantom_module is_bot\" id=\"GmediaGallery_305\" data-gmid=\"305\" data-module=\"phantom\"><style type='text\/css' class='gmedia_module_style_import'>@import url('https:\/\/www.fcejs.unsl.edu.ar\/wp-content\/plugins\/grand-media\/module\/phantom\/css\/style.css') all;<\/style>    <div class=\"gmPhantom_Container noLightbox\" >\r\n                <div class=\"gmPhantom_thumbsWrapper gmPhantom_ThumbScale gmPhantom_LabelHover\">\r\n                        <div class=\"gmPhantom_ThumbContainer gmPhantom_ThumbLoader\" data-id=\"5382\" data-post_id=\"22332\" data-ratio=\"1.8633333333333\" data-type=\"image\" data-ext=\"jpg\" data-views=\"9\" data-likes=\"0\" data-cc=\"0\" data-post_link=\"https:\/\/www.fcejs.unsl.edu.ar\/index.php\/gmedia\/img-20251030-wa0005-jpg\/\">\r\n                <a href=\"https:\/\/www.fcejs.unsl.edu.ar\/wp-content\/grand-media\/image\/IMG-20251030-WA0005.jpg\" class=\"gmPhantom_Thumb\"><img decoding=\"async\" src=\"https:\/\/www.fcejs.unsl.edu.ar\/wp-content\/grand-media\/image\/thumb\/IMG-20251030-WA0005.jpg\" data-src=\"https:\/\/www.fcejs.unsl.edu.ar\/wp-content\/grand-media\/image\/IMG-20251030-WA0005.jpg\" alt=\"IMG-20251030-WA0005\"\/><\/a>\r\n                                    <div class=\"gmPhantom_ThumbLabel\"><span class=\"gmPhantom_ThumbLabel_title\">IMG-20251030-WA0005<\/span><\/div>\r\n                                    <div style=\"display:none;\" class=\"gmPhantom_Details\">\r\n                                            <div class=\"gmPhantom_description\">\r\n                            <div class=\"gmPhantom_title\">IMG-20251030-WA0005<\/div>\r\n                            <div class=\"gmPhantom_text\"><\/div>\r\n                        <\/div>\r\n                                                            <div class=\"gmPhantom_terms\">\r\n                                                    <div class=\"gmPhantom_other_terms\">\r\n                                <table class=\"gmPhantom_other_terms_table\">\r\n                                                                            <tr class=\"gmPhantom_term_row_album\">\r\n                                            <td class=\"gmPhantom_term_key\">Album<\/td>\r\n                                            <td class=\"gmPhantom_term_value\"><a href=\"\/index.php\/wp-json\/wp\/v2\/posts\/22324?gm305[album__in]=305\" class=\"gmPhantom_alb\">Conversatorio Distintos y Uniformes - 2025<\/a><\/td>\r\n                                        <\/tr>\r\n                                                                    <\/table>\r\n                            <\/div>\r\n                                                <\/div>\r\n                <\/div>\r\n                <\/div>            <div class=\"gmPhantom_ThumbContainer gmPhantom_ThumbLoader\" data-id=\"5381\" data-post_id=\"22331\" data-ratio=\"1.7766666666667\" data-type=\"image\" data-ext=\"jpg\" data-views=\"11\" data-likes=\"0\" data-cc=\"0\" data-post_link=\"https:\/\/www.fcejs.unsl.edu.ar\/index.php\/gmedia\/img-20251030-wa0007-jpg\/\">\r\n                <a href=\"https:\/\/www.fcejs.unsl.edu.ar\/wp-content\/grand-media\/image\/IMG-20251030-WA0007.jpg\" class=\"gmPhantom_Thumb\"><img decoding=\"async\" src=\"https:\/\/www.fcejs.unsl.edu.ar\/wp-content\/grand-media\/image\/thumb\/IMG-20251030-WA0007.jpg\" data-src=\"https:\/\/www.fcejs.unsl.edu.ar\/wp-content\/grand-media\/image\/IMG-20251030-WA0007.jpg\" alt=\"IMG-20251030-WA0007\"\/><\/a>\r\n                                    <div class=\"gmPhantom_ThumbLabel\"><span class=\"gmPhantom_ThumbLabel_title\">IMG-20251030-WA0007<\/span><\/div>\r\n                                    <div style=\"display:none;\" class=\"gmPhantom_Details\">\r\n                                            <div class=\"gmPhantom_description\">\r\n                            <div class=\"gmPhantom_title\">IMG-20251030-WA0007<\/div>\r\n                            <div class=\"gmPhantom_text\"><\/div>\r\n                        <\/div>\r\n                                                            <div class=\"gmPhantom_terms\">\r\n                                                    <div class=\"gmPhantom_other_terms\">\r\n                                <table class=\"gmPhantom_other_terms_table\">\r\n                                                                            <tr class=\"gmPhantom_term_row_album\">\r\n                                            <td class=\"gmPhantom_term_key\">Album<\/td>\r\n                                            <td class=\"gmPhantom_term_value\"><a href=\"\/index.php\/wp-json\/wp\/v2\/posts\/22324?gm305[album__in]=305\" class=\"gmPhantom_alb\">Conversatorio Distintos y Uniformes - 2025<\/a><\/td>\r\n                                        <\/tr>\r\n                                                                    <\/table>\r\n                            <\/div>\r\n                                                <\/div>\r\n                <\/div>\r\n                <\/div>            <div class=\"gmPhantom_ThumbContainer gmPhantom_ThumbLoader\" data-id=\"5380\" data-post_id=\"22330\" data-ratio=\"1.7766666666667\" data-type=\"image\" data-ext=\"jpg\" data-views=\"10\" data-likes=\"0\" data-cc=\"0\" data-post_link=\"https:\/\/www.fcejs.unsl.edu.ar\/index.php\/gmedia\/img-20251030-wa0004-jpg\/\">\r\n                <a href=\"https:\/\/www.fcejs.unsl.edu.ar\/wp-content\/grand-media\/image\/IMG-20251030-WA0004.jpg\" class=\"gmPhantom_Thumb\"><img decoding=\"async\" src=\"https:\/\/www.fcejs.unsl.edu.ar\/wp-content\/grand-media\/image\/thumb\/IMG-20251030-WA0004.jpg\" data-src=\"https:\/\/www.fcejs.unsl.edu.ar\/wp-content\/grand-media\/image\/IMG-20251030-WA0004.jpg\" alt=\"IMG-20251030-WA0004\"\/><\/a>\r\n                                    <div class=\"gmPhantom_ThumbLabel\"><span class=\"gmPhantom_ThumbLabel_title\">IMG-20251030-WA0004<\/span><\/div>\r\n                                    <div style=\"display:none;\" class=\"gmPhantom_Details\">\r\n                                            <div class=\"gmPhantom_description\">\r\n                            <div class=\"gmPhantom_title\">IMG-20251030-WA0004<\/div>\r\n                            <div class=\"gmPhantom_text\"><\/div>\r\n                        <\/div>\r\n                                                            <div class=\"gmPhantom_terms\">\r\n                                                    <div class=\"gmPhantom_other_terms\">\r\n                                <table class=\"gmPhantom_other_terms_table\">\r\n                                                                            <tr class=\"gmPhantom_term_row_album\">\r\n                                            <td class=\"gmPhantom_term_key\">Album<\/td>\r\n                                            <td class=\"gmPhantom_term_value\"><a href=\"\/index.php\/wp-json\/wp\/v2\/posts\/22324?gm305[album__in]=305\" class=\"gmPhantom_alb\">Conversatorio Distintos y Uniformes - 2025<\/a><\/td>\r\n                                        <\/tr>\r\n                                                                    <\/table>\r\n                            <\/div>\r\n                                                <\/div>\r\n                <\/div>\r\n                <\/div>        <\/div>\r\n    <\/div>\r\n<\/div><\/p>\n","protected":false},"excerpt":{"rendered":"<p>El pasado mi\u00e9rcoles 29 de octubre se llev\u00f3 a cabo el conversatorio \u201cDistintos y uniformes: miradas etnogr\u00e1ficas sobre el sistema penal\u201d, una propuesta orientada a&hellip;<\/p>\n","protected":false},"author":9,"featured_media":22326,"comment_status":"closed","ping_status":"closed","sticky":false,"template":"","format":"standard","meta":{"om_disable_all_campaigns":false,"_monsterinsights_skip_tracking":false,"_monsterinsights_sitenote_active":false,"_monsterinsights_sitenote_note":"","_monsterinsights_sitenote_category":0,"footnotes":""},"categories":[1,19],"tags":[],"class_list":["post-22324","post","type-post","status-publish","format-standard","has-post-thumbnail","hentry","category-noticias","category-principal"],"yoast_head":"<!-- This site is optimized with the Yoast SEO plugin v27.5 - https:\/\/yoast.com\/product\/yoast-seo-wordpress\/ -->\n<title>Conversatorio \u201cDistintos y Uniformes: miradas etnogr\u00e1ficas sobre el sistema penal\u201d - Facultad de Ciencias Econ\u00f3micas, Jur\u00ed\u00addicas y Sociales<\/title>\n<meta name=\"robots\" content=\"index, follow, max-snippet:-1, max-image-preview:large, max-video-preview:-1\" \/>\n<link rel=\"canonical\" href=\"https:\/\/www.fcejs.unsl.edu.ar\/index.php\/conversatorio-distintos-y-uniformes-miradas-etnograficas-sobre-el-sistema-penal\/\" \/>\n<meta property=\"og:locale\" content=\"es_ES\" \/>\n<meta property=\"og:type\" content=\"article\" \/>\n<meta property=\"og:title\" content=\"Conversatorio \u201cDistintos y Uniformes: miradas etnogr\u00e1ficas sobre el sistema penal\u201d - Facultad de Ciencias Econ\u00f3micas, Jur\u00ed\u00addicas y Sociales\" \/>\n<meta property=\"og:description\" content=\"El pasado mi\u00e9rcoles 29 de octubre se llev\u00f3 a cabo el conversatorio \u201cDistintos y uniformes: miradas etnogr\u00e1ficas sobre el sistema penal\u201d, una propuesta orientada a&hellip;\" \/>\n<meta property=\"og:url\" content=\"https:\/\/www.fcejs.unsl.edu.ar\/index.php\/conversatorio-distintos-y-uniformes-miradas-etnograficas-sobre-el-sistema-penal\/\" \/>\n<meta property=\"og:site_name\" content=\"Facultad de Ciencias Econ\u00f3micas, Jur\u00ed\u00addicas y Sociales\" \/>\n<meta property=\"article:publisher\" content=\"https:\/\/www.facebook.com\/FCEJS.UNSL\/\" \/>\n<meta property=\"article:published_time\" content=\"2025-11-04T13:30:54+00:00\" \/>\n<meta property=\"article:modified_time\" content=\"2025-11-04T19:49:29+00:00\" \/>\n<meta property=\"og:image\" content=\"https:\/\/www.fcejs.unsl.edu.ar\/wp-content\/uploads\/2025\/11\/Conversatorio-Distintos-y-uniformes-FRONT.jpg\" \/>\n\t<meta property=\"og:image:width\" content=\"1280\" \/>\n\t<meta property=\"og:image:height\" content=\"720\" \/>\n\t<meta property=\"og:image:type\" content=\"image\/jpeg\" \/>\n<meta name=\"author\" content=\"DATI\" \/>\n<meta name=\"twitter:card\" content=\"summary_large_image\" \/>\n<meta name=\"twitter:creator\" content=\"@FCEJSUNSL\" \/>\n<meta name=\"twitter:site\" content=\"@FCEJSUNSL\" \/>\n<meta name=\"twitter:label1\" content=\"Escrito por\" \/>\n\t<meta name=\"twitter:data1\" content=\"DATI\" \/>\n\t<meta name=\"twitter:label2\" content=\"Tiempo de lectura\" \/>\n\t<meta name=\"twitter:data2\" content=\"3 minutos\" \/>\n<script type=\"application\/ld+json\" class=\"yoast-schema-graph\">{\"@context\":\"https:\\\/\\\/schema.org\",\"@graph\":[{\"@type\":\"Article\",\"@id\":\"https:\\\/\\\/www.fcejs.unsl.edu.ar\\\/index.php\\\/conversatorio-distintos-y-uniformes-miradas-etnograficas-sobre-el-sistema-penal\\\/#article\",\"isPartOf\":{\"@id\":\"https:\\\/\\\/www.fcejs.unsl.edu.ar\\\/index.php\\\/conversatorio-distintos-y-uniformes-miradas-etnograficas-sobre-el-sistema-penal\\\/\"},\"author\":{\"name\":\"DATI\",\"@id\":\"https:\\\/\\\/www.fcejs.unsl.edu.ar\\\/#\\\/schema\\\/person\\\/352ee6ed90c3f394c7cb5945f8956d34\"},\"headline\":\"Conversatorio \u201cDistintos y Uniformes: miradas etnogr\u00e1ficas sobre el sistema penal\u201d\",\"datePublished\":\"2025-11-04T13:30:54+00:00\",\"dateModified\":\"2025-11-04T19:49:29+00:00\",\"mainEntityOfPage\":{\"@id\":\"https:\\\/\\\/www.fcejs.unsl.edu.ar\\\/index.php\\\/conversatorio-distintos-y-uniformes-miradas-etnograficas-sobre-el-sistema-penal\\\/\"},\"wordCount\":634,\"publisher\":{\"@id\":\"https:\\\/\\\/www.fcejs.unsl.edu.ar\\\/#organization\"},\"image\":{\"@id\":\"https:\\\/\\\/www.fcejs.unsl.edu.ar\\\/index.php\\\/conversatorio-distintos-y-uniformes-miradas-etnograficas-sobre-el-sistema-penal\\\/#primaryimage\"},\"thumbnailUrl\":\"https:\\\/\\\/www.fcejs.unsl.edu.ar\\\/wp-content\\\/uploads\\\/2025\\\/11\\\/Conversatorio-Distintos-y-uniformes-FRONT.jpg\",\"articleSection\":[\"Noticias\",\"Principal\"],\"inLanguage\":\"es-AR\"},{\"@type\":\"WebPage\",\"@id\":\"https:\\\/\\\/www.fcejs.unsl.edu.ar\\\/index.php\\\/conversatorio-distintos-y-uniformes-miradas-etnograficas-sobre-el-sistema-penal\\\/\",\"url\":\"https:\\\/\\\/www.fcejs.unsl.edu.ar\\\/index.php\\\/conversatorio-distintos-y-uniformes-miradas-etnograficas-sobre-el-sistema-penal\\\/\",\"name\":\"Conversatorio \u201cDistintos y Uniformes: miradas etnogr\u00e1ficas sobre el sistema penal\u201d - Facultad de Ciencias Econ\u00f3micas, Jur\u00ed\u00addicas y Sociales\",\"isPartOf\":{\"@id\":\"https:\\\/\\\/www.fcejs.unsl.edu.ar\\\/#website\"},\"primaryImageOfPage\":{\"@id\":\"https:\\\/\\\/www.fcejs.unsl.edu.ar\\\/index.php\\\/conversatorio-distintos-y-uniformes-miradas-etnograficas-sobre-el-sistema-penal\\\/#primaryimage\"},\"image\":{\"@id\":\"https:\\\/\\\/www.fcejs.unsl.edu.ar\\\/index.php\\\/conversatorio-distintos-y-uniformes-miradas-etnograficas-sobre-el-sistema-penal\\\/#primaryimage\"},\"thumbnailUrl\":\"https:\\\/\\\/www.fcejs.unsl.edu.ar\\\/wp-content\\\/uploads\\\/2025\\\/11\\\/Conversatorio-Distintos-y-uniformes-FRONT.jpg\",\"datePublished\":\"2025-11-04T13:30:54+00:00\",\"dateModified\":\"2025-11-04T19:49:29+00:00\",\"breadcrumb\":{\"@id\":\"https:\\\/\\\/www.fcejs.unsl.edu.ar\\\/index.php\\\/conversatorio-distintos-y-uniformes-miradas-etnograficas-sobre-el-sistema-penal\\\/#breadcrumb\"},\"inLanguage\":\"es-AR\",\"potentialAction\":[{\"@type\":\"ReadAction\",\"target\":[\"https:\\\/\\\/www.fcejs.unsl.edu.ar\\\/index.php\\\/conversatorio-distintos-y-uniformes-miradas-etnograficas-sobre-el-sistema-penal\\\/\"]}]},{\"@type\":\"ImageObject\",\"inLanguage\":\"es-AR\",\"@id\":\"https:\\\/\\\/www.fcejs.unsl.edu.ar\\\/index.php\\\/conversatorio-distintos-y-uniformes-miradas-etnograficas-sobre-el-sistema-penal\\\/#primaryimage\",\"url\":\"https:\\\/\\\/www.fcejs.unsl.edu.ar\\\/wp-content\\\/uploads\\\/2025\\\/11\\\/Conversatorio-Distintos-y-uniformes-FRONT.jpg\",\"contentUrl\":\"https:\\\/\\\/www.fcejs.unsl.edu.ar\\\/wp-content\\\/uploads\\\/2025\\\/11\\\/Conversatorio-Distintos-y-uniformes-FRONT.jpg\",\"width\":1280,\"height\":720},{\"@type\":\"BreadcrumbList\",\"@id\":\"https:\\\/\\\/www.fcejs.unsl.edu.ar\\\/index.php\\\/conversatorio-distintos-y-uniformes-miradas-etnograficas-sobre-el-sistema-penal\\\/#breadcrumb\",\"itemListElement\":[{\"@type\":\"ListItem\",\"position\":1,\"name\":\"Inicio\",\"item\":\"https:\\\/\\\/www.fcejs.unsl.edu.ar\\\/\"},{\"@type\":\"ListItem\",\"position\":2,\"name\":\"Conversatorio \u201cDistintos y Uniformes: miradas etnogr\u00e1ficas sobre el sistema penal\u201d\"}]},{\"@type\":\"WebSite\",\"@id\":\"https:\\\/\\\/www.fcejs.unsl.edu.ar\\\/#website\",\"url\":\"https:\\\/\\\/www.fcejs.unsl.edu.ar\\\/\",\"name\":\"Facultad de Ciencias Econ\u00f3micas, Jur\u00ed\u00addicas y Sociales\",\"description\":\"\",\"publisher\":{\"@id\":\"https:\\\/\\\/www.fcejs.unsl.edu.ar\\\/#organization\"},\"potentialAction\":[{\"@type\":\"SearchAction\",\"target\":{\"@type\":\"EntryPoint\",\"urlTemplate\":\"https:\\\/\\\/www.fcejs.unsl.edu.ar\\\/?s={search_term_string}\"},\"query-input\":{\"@type\":\"PropertyValueSpecification\",\"valueRequired\":true,\"valueName\":\"search_term_string\"}}],\"inLanguage\":\"es-AR\"},{\"@type\":\"Organization\",\"@id\":\"https:\\\/\\\/www.fcejs.unsl.edu.ar\\\/#organization\",\"name\":\"Facultad de Ciencias Econ\u00f3micas, Jur\u00eddicas y Sociales\",\"url\":\"https:\\\/\\\/www.fcejs.unsl.edu.ar\\\/\",\"logo\":{\"@type\":\"ImageObject\",\"inLanguage\":\"es-AR\",\"@id\":\"https:\\\/\\\/www.fcejs.unsl.edu.ar\\\/#\\\/schema\\\/logo\\\/image\\\/\",\"url\":\"https:\\\/\\\/www.fcejs.unsl.edu.ar\\\/wp-content\\\/uploads\\\/2021\\\/03\\\/logo-1.jpg\",\"contentUrl\":\"https:\\\/\\\/www.fcejs.unsl.edu.ar\\\/wp-content\\\/uploads\\\/2021\\\/03\\\/logo-1.jpg\",\"width\":471,\"height\":146,\"caption\":\"Facultad de Ciencias Econ\u00f3micas, Jur\u00eddicas y Sociales\"},\"image\":{\"@id\":\"https:\\\/\\\/www.fcejs.unsl.edu.ar\\\/#\\\/schema\\\/logo\\\/image\\\/\"},\"sameAs\":[\"https:\\\/\\\/www.facebook.com\\\/FCEJS.UNSL\\\/\",\"https:\\\/\\\/x.com\\\/FCEJSUNSL\",\"https:\\\/\\\/www.instagram.com\\\/fcejs.unsl\\\/\",\"https:\\\/\\\/www.youtube.com\\\/channel\\\/UCH-Ut6EaN_X5ogjIQMPe46g\\\/\"]},{\"@type\":\"Person\",\"@id\":\"https:\\\/\\\/www.fcejs.unsl.edu.ar\\\/#\\\/schema\\\/person\\\/352ee6ed90c3f394c7cb5945f8956d34\",\"name\":\"DATI\"}]}<\/script>\n<!-- \/ Yoast SEO plugin. -->","yoast_head_json":{"title":"Conversatorio \u201cDistintos y Uniformes: miradas etnogr\u00e1ficas sobre el sistema penal\u201d - Facultad de Ciencias Econ\u00f3micas, Jur\u00ed\u00addicas y Sociales","robots":{"index":"index","follow":"follow","max-snippet":"max-snippet:-1","max-image-preview":"max-image-preview:large","max-video-preview":"max-video-preview:-1"},"canonical":"https:\/\/www.fcejs.unsl.edu.ar\/index.php\/conversatorio-distintos-y-uniformes-miradas-etnograficas-sobre-el-sistema-penal\/","og_locale":"es_ES","og_type":"article","og_title":"Conversatorio \u201cDistintos y Uniformes: miradas etnogr\u00e1ficas sobre el sistema penal\u201d - Facultad de Ciencias Econ\u00f3micas, Jur\u00ed\u00addicas y Sociales","og_description":"El pasado mi\u00e9rcoles 29 de octubre se llev\u00f3 a cabo el conversatorio \u201cDistintos y uniformes: miradas etnogr\u00e1ficas sobre el sistema penal\u201d, una propuesta orientada a&hellip;","og_url":"https:\/\/www.fcejs.unsl.edu.ar\/index.php\/conversatorio-distintos-y-uniformes-miradas-etnograficas-sobre-el-sistema-penal\/","og_site_name":"Facultad de Ciencias Econ\u00f3micas, Jur\u00ed\u00addicas y Sociales","article_publisher":"https:\/\/www.facebook.com\/FCEJS.UNSL\/","article_published_time":"2025-11-04T13:30:54+00:00","article_modified_time":"2025-11-04T19:49:29+00:00","og_image":[{"width":1280,"height":720,"url":"https:\/\/www.fcejs.unsl.edu.ar\/wp-content\/uploads\/2025\/11\/Conversatorio-Distintos-y-uniformes-FRONT.jpg","type":"image\/jpeg"}],"author":"DATI","twitter_card":"summary_large_image","twitter_creator":"@FCEJSUNSL","twitter_site":"@FCEJSUNSL","twitter_misc":{"Escrito por":"DATI","Tiempo de lectura":"3 minutos"},"schema":{"@context":"https:\/\/schema.org","@graph":[{"@type":"Article","@id":"https:\/\/www.fcejs.unsl.edu.ar\/index.php\/conversatorio-distintos-y-uniformes-miradas-etnograficas-sobre-el-sistema-penal\/#article","isPartOf":{"@id":"https:\/\/www.fcejs.unsl.edu.ar\/index.php\/conversatorio-distintos-y-uniformes-miradas-etnograficas-sobre-el-sistema-penal\/"},"author":{"name":"DATI","@id":"https:\/\/www.fcejs.unsl.edu.ar\/#\/schema\/person\/352ee6ed90c3f394c7cb5945f8956d34"},"headline":"Conversatorio \u201cDistintos y Uniformes: miradas etnogr\u00e1ficas sobre el sistema penal\u201d","datePublished":"2025-11-04T13:30:54+00:00","dateModified":"2025-11-04T19:49:29+00:00","mainEntityOfPage":{"@id":"https:\/\/www.fcejs.unsl.edu.ar\/index.php\/conversatorio-distintos-y-uniformes-miradas-etnograficas-sobre-el-sistema-penal\/"},"wordCount":634,"publisher":{"@id":"https:\/\/www.fcejs.unsl.edu.ar\/#organization"},"image":{"@id":"https:\/\/www.fcejs.unsl.edu.ar\/index.php\/conversatorio-distintos-y-uniformes-miradas-etnograficas-sobre-el-sistema-penal\/#primaryimage"},"thumbnailUrl":"https:\/\/www.fcejs.unsl.edu.ar\/wp-content\/uploads\/2025\/11\/Conversatorio-Distintos-y-uniformes-FRONT.jpg","articleSection":["Noticias","Principal"],"inLanguage":"es-AR"},{"@type":"WebPage","@id":"https:\/\/www.fcejs.unsl.edu.ar\/index.php\/conversatorio-distintos-y-uniformes-miradas-etnograficas-sobre-el-sistema-penal\/","url":"https:\/\/www.fcejs.unsl.edu.ar\/index.php\/conversatorio-distintos-y-uniformes-miradas-etnograficas-sobre-el-sistema-penal\/","name":"Conversatorio \u201cDistintos y Uniformes: miradas etnogr\u00e1ficas sobre el sistema penal\u201d - Facultad de Ciencias Econ\u00f3micas, Jur\u00ed\u00addicas y Sociales","isPartOf":{"@id":"https:\/\/www.fcejs.unsl.edu.ar\/#website"},"primaryImageOfPage":{"@id":"https:\/\/www.fcejs.unsl.edu.ar\/index.php\/conversatorio-distintos-y-uniformes-miradas-etnograficas-sobre-el-sistema-penal\/#primaryimage"},"image":{"@id":"https:\/\/www.fcejs.unsl.edu.ar\/index.php\/conversatorio-distintos-y-uniformes-miradas-etnograficas-sobre-el-sistema-penal\/#primaryimage"},"thumbnailUrl":"https:\/\/www.fcejs.unsl.edu.ar\/wp-content\/uploads\/2025\/11\/Conversatorio-Distintos-y-uniformes-FRONT.jpg","datePublished":"2025-11-04T13:30:54+00:00","dateModified":"2025-11-04T19:49:29+00:00","breadcrumb":{"@id":"https:\/\/www.fcejs.unsl.edu.ar\/index.php\/conversatorio-distintos-y-uniformes-miradas-etnograficas-sobre-el-sistema-penal\/#breadcrumb"},"inLanguage":"es-AR","potentialAction":[{"@type":"ReadAction","target":["https:\/\/www.fcejs.unsl.edu.ar\/index.php\/conversatorio-distintos-y-uniformes-miradas-etnograficas-sobre-el-sistema-penal\/"]}]},{"@type":"ImageObject","inLanguage":"es-AR","@id":"https:\/\/www.fcejs.unsl.edu.ar\/index.php\/conversatorio-distintos-y-uniformes-miradas-etnograficas-sobre-el-sistema-penal\/#primaryimage","url":"https:\/\/www.fcejs.unsl.edu.ar\/wp-content\/uploads\/2025\/11\/Conversatorio-Distintos-y-uniformes-FRONT.jpg","contentUrl":"https:\/\/www.fcejs.unsl.edu.ar\/wp-content\/uploads\/2025\/11\/Conversatorio-Distintos-y-uniformes-FRONT.jpg","width":1280,"height":720},{"@type":"BreadcrumbList","@id":"https:\/\/www.fcejs.unsl.edu.ar\/index.php\/conversatorio-distintos-y-uniformes-miradas-etnograficas-sobre-el-sistema-penal\/#breadcrumb","itemListElement":[{"@type":"ListItem","position":1,"name":"Inicio","item":"https:\/\/www.fcejs.unsl.edu.ar\/"},{"@type":"ListItem","position":2,"name":"Conversatorio \u201cDistintos y Uniformes: miradas etnogr\u00e1ficas sobre el sistema penal\u201d"}]},{"@type":"WebSite","@id":"https:\/\/www.fcejs.unsl.edu.ar\/#website","url":"https:\/\/www.fcejs.unsl.edu.ar\/","name":"Facultad de Ciencias Econ\u00f3micas, Jur\u00ed\u00addicas y Sociales","description":"","publisher":{"@id":"https:\/\/www.fcejs.unsl.edu.ar\/#organization"},"potentialAction":[{"@type":"SearchAction","target":{"@type":"EntryPoint","urlTemplate":"https:\/\/www.fcejs.unsl.edu.ar\/?s={search_term_string}"},"query-input":{"@type":"PropertyValueSpecification","valueRequired":true,"valueName":"search_term_string"}}],"inLanguage":"es-AR"},{"@type":"Organization","@id":"https:\/\/www.fcejs.unsl.edu.ar\/#organization","name":"Facultad de Ciencias Econ\u00f3micas, Jur\u00eddicas y Sociales","url":"https:\/\/www.fcejs.unsl.edu.ar\/","logo":{"@type":"ImageObject","inLanguage":"es-AR","@id":"https:\/\/www.fcejs.unsl.edu.ar\/#\/schema\/logo\/image\/","url":"https:\/\/www.fcejs.unsl.edu.ar\/wp-content\/uploads\/2021\/03\/logo-1.jpg","contentUrl":"https:\/\/www.fcejs.unsl.edu.ar\/wp-content\/uploads\/2021\/03\/logo-1.jpg","width":471,"height":146,"caption":"Facultad de Ciencias Econ\u00f3micas, Jur\u00eddicas y Sociales"},"image":{"@id":"https:\/\/www.fcejs.unsl.edu.ar\/#\/schema\/logo\/image\/"},"sameAs":["https:\/\/www.facebook.com\/FCEJS.UNSL\/","https:\/\/x.com\/FCEJSUNSL","https:\/\/www.instagram.com\/fcejs.unsl\/","https:\/\/www.youtube.com\/channel\/UCH-Ut6EaN_X5ogjIQMPe46g\/"]},{"@type":"Person","@id":"https:\/\/www.fcejs.unsl.edu.ar\/#\/schema\/person\/352ee6ed90c3f394c7cb5945f8956d34","name":"DATI"}]}},"jetpack_featured_media_url":"https:\/\/www.fcejs.unsl.edu.ar\/wp-content\/uploads\/2025\/11\/Conversatorio-Distintos-y-uniformes-FRONT.jpg","_links":{"self":[{"href":"https:\/\/www.fcejs.unsl.edu.ar\/index.php\/wp-json\/wp\/v2\/posts\/22324","targetHints":{"allow":["GET"]}}],"collection":[{"href":"https:\/\/www.fcejs.unsl.edu.ar\/index.php\/wp-json\/wp\/v2\/posts"}],"about":[{"href":"https:\/\/www.fcejs.unsl.edu.ar\/index.php\/wp-json\/wp\/v2\/types\/post"}],"author":[{"embeddable":true,"href":"https:\/\/www.fcejs.unsl.edu.ar\/index.php\/wp-json\/wp\/v2\/users\/9"}],"replies":[{"embeddable":true,"href":"https:\/\/www.fcejs.unsl.edu.ar\/index.php\/wp-json\/wp\/v2\/comments?post=22324"}],"version-history":[{"count":10,"href":"https:\/\/www.fcejs.unsl.edu.ar\/index.php\/wp-json\/wp\/v2\/posts\/22324\/revisions"}],"predecessor-version":[{"id":22397,"href":"https:\/\/www.fcejs.unsl.edu.ar\/index.php\/wp-json\/wp\/v2\/posts\/22324\/revisions\/22397"}],"wp:featuredmedia":[{"embeddable":true,"href":"https:\/\/www.fcejs.unsl.edu.ar\/index.php\/wp-json\/wp\/v2\/media\/22326"}],"wp:attachment":[{"href":"https:\/\/www.fcejs.unsl.edu.ar\/index.php\/wp-json\/wp\/v2\/media?parent=22324"}],"wp:term":[{"taxonomy":"category","embeddable":true,"href":"https:\/\/www.fcejs.unsl.edu.ar\/index.php\/wp-json\/wp\/v2\/categories?post=22324"},{"taxonomy":"post_tag","embeddable":true,"href":"https:\/\/www.fcejs.unsl.edu.ar\/index.php\/wp-json\/wp\/v2\/tags?post=22324"}],"curies":[{"name":"wp","href":"https:\/\/api.w.org\/{rel}","templated":true}]}}