{"id":22243,"date":"2025-10-30T17:50:53","date_gmt":"2025-10-30T20:50:53","guid":{"rendered":"http:\/\/10.101.10.197\/www\/?p=22243"},"modified":"2025-10-30T20:21:17","modified_gmt":"2025-10-30T23:21:17","slug":"la-fcejs-participara-en-la-etapa-final-del-concurso-nacional-de-litigacion-penal","status":"publish","type":"post","link":"https:\/\/www.fcejs.unsl.edu.ar\/index.php\/la-fcejs-participara-en-la-etapa-final-del-concurso-nacional-de-litigacion-penal\/","title":{"rendered":"La FCEJS participar\u00e1 en la etapa final del Concurso Nacional de Litigaci\u00f3n Penal"},"content":{"rendered":"<p data-start=\"209\" data-end=\"361\">El <strong data-start=\"212\" data-end=\"254\">Equipo de Litigaci\u00f3n Penal de la FCEJS<\/strong> competir\u00e1 en la <strong data-start=\"271\" data-end=\"358\">etapa presencial del XV Concurso Nacional Universitario de Litigaci\u00f3n Penal (CNULP)<\/strong>.\u00a0En la ma\u00f1ana del <strong data-start=\"385\" data-end=\"412\">mi\u00e9rcoles 29 de octubre<\/strong>, el <strong data-start=\"417\" data-end=\"447\">decano Mgtr. H\u00e9ctor Flores<\/strong> mantuvo un encuentro con los integrantes del equipo, previo al viaje a <strong data-start=\"519\" data-end=\"536\">Mar del Plata<\/strong>, donde participar\u00e1n en la \u00faltima instancia del certamen.<\/p>\n<p>El equipo esta integrado por:<\/p>\n<ul>\n<li>Laura Mar\u00eda Zarate, Estudiante<\/li>\n<li>Gianella Celeste Zalazar, Estudiante,<\/li>\n<li>Jacqueline Nicole Dom\u00ednguez, Estudiante,<\/li>\n<li>Cynthia Yael Capitanelli, Estudiante,<\/li>\n<li>Brian Alexis Catriel Quevedo Villon, Estudiante,<\/li>\n<li>Gisela Raguso, Estudiante,<\/li>\n<li>Florencia Rocio Quiroga Durelli, Estudiante<\/li>\n<li>Santiago Aguilar, Estudiante,<\/li>\n<li>Magdalena Agustina Smaldone, Estudiante,<\/li>\n<li>Joaquin Alejandro Sanchez, Estudiante,<\/li>\n<li>Leandro Nicolas Zelaya Aris, Estudiante,<\/li>\n<li>Zoe Abigail Miranda Mu\u00f1oz, Estudiante<\/li>\n<li>Rocio Agustina Noro\u00f1a, Estudiante<\/li>\n<li>Nicolas Monasterio Gutierrez, Estudiante de Intercambio<\/li>\n<li>Nayla Daniela Cabrera Mu\u00f1oz, Docente Entrenadora<\/li>\n<li>Stefania Silvina Cifuentes Quiroga, Docente Entrenadora<\/li>\n<li>Romina Eliana Ustares, Graduada Entrenadora<\/li>\n<\/ul>\n<p data-start=\"602\" data-end=\"829\">Este concurso es <strong data-start=\"619\" data-end=\"712\">impulsado por el Instituto de Estudios Comparados en Ciencias Penales y Sociales (INECIP)<\/strong> desde 2009 en la Argentina, en coordinaci\u00f3n con las <strong data-start=\"765\" data-end=\"790\">Facultades de Derecho<\/strong> de distintas universidades del pa\u00eds.<\/p>\n<p data-start=\"836\" data-end=\"1059\">Su finalidad es promover programas que formen a los estudiantes en la <strong data-start=\"906\" data-end=\"963\">l\u00f3gica y din\u00e1mica de la litigaci\u00f3n en sistemas orales<\/strong>. En <strong data-start=\"968\" data-end=\"976\">2022<\/strong>, durante su XII edici\u00f3n, la <strong data-start=\"1005\" data-end=\"1014\">FCEJS<\/strong> fue <strong data-start=\"1019\" data-end=\"1036\">facultad sede<\/strong> del evento nacional.<\/p>\n<p data-start=\"1066\" data-end=\"1430\">A trav\u00e9s de esta actividad se impulsa una <strong data-start=\"1108\" data-end=\"1180\">transformaci\u00f3n en la ense\u00f1anza del Derecho Penal y del Proceso Penal<\/strong>. Asimismo, se busca incidir en las <strong data-start=\"1216\" data-end=\"1256\">pr\u00e1cticas judiciales y profesionales<\/strong> de jueces\/as, fiscales\/as, defensores\/as y abogados\/as, adem\u00e1s de <strong data-start=\"1323\" data-end=\"1355\">sensibilizar a la ciudadan\u00eda<\/strong> sobre el funcionamiento del sistema adversarial y el juicio por jurados.<\/p>\n<p data-start=\"1066\" data-end=\"1430\"><img fetchpriority=\"high\" decoding=\"async\" class=\"aligncenter wp-image-22247 size-full\" src=\"https:\/\/www.fcejs.unsl.edu.ar\/wp-content\/uploads\/2025\/10\/reunion-litigacion-penal_-3.jpg\" alt=\"\" width=\"1100\" height=\"733\" srcset=\"https:\/\/www.fcejs.unsl.edu.ar\/wp-content\/uploads\/2025\/10\/reunion-litigacion-penal_-3.jpg 1100w, https:\/\/www.fcejs.unsl.edu.ar\/wp-content\/uploads\/2025\/10\/reunion-litigacion-penal_-3-300x200.jpg 300w, https:\/\/www.fcejs.unsl.edu.ar\/wp-content\/uploads\/2025\/10\/reunion-litigacion-penal_-3-1024x682.jpg 1024w, https:\/\/www.fcejs.unsl.edu.ar\/wp-content\/uploads\/2025\/10\/reunion-litigacion-penal_-3-768x512.jpg 768w\" sizes=\"(max-width: 1100px) 100vw, 1100px\" \/><\/p>\n<p data-start=\"1437\" data-end=\"1781\">Adem\u00e1s de los simulacros, durante el CNULP se aprovecha la presencia de <strong data-start=\"1509\" data-end=\"1563\">docentes, estudiantes y autoridades universitarias<\/strong> de casi todas las provincias del pa\u00eds para realizar <strong data-start=\"1616\" data-end=\"1656\">conferencias y actividades paralelas<\/strong> vinculadas con la <strong data-start=\"1675\" data-end=\"1778\">reforma procesal penal, la litigaci\u00f3n adversarial, el juicio por jurados y la ense\u00f1anza del derecho<\/strong>.<\/p>\n<p data-start=\"1788\" data-end=\"1834\">El concurso se desarrolla en <strong data-start=\"1817\" data-end=\"1831\">dos etapas<\/strong>:<\/p>\n<ul data-start=\"1837\" data-end=\"1988\">\n<li data-start=\"1837\" data-end=\"1883\">\n<p data-start=\"1839\" data-end=\"1883\"><strong data-start=\"1839\" data-end=\"1856\">Fase virtual:<\/strong> del 20 al 24 de octubre.<\/p>\n<\/li>\n<li data-start=\"1886\" data-end=\"1984\">\n<p data-start=\"1888\" data-end=\"1984\"><strong data-start=\"1888\" data-end=\"1908\">Fase presencial:<\/strong> del 3 al 7 de noviembre, en la <strong data-start=\"1940\" data-end=\"1981\">Universidad Nacional de Mar del Plata<\/strong>.<\/p>\n<\/li>\n<\/ul>\n<p data-start=\"1991\" data-end=\"2379\">En la \u00faltima edici\u00f3n participaron <strong data-start=\"2025\" data-end=\"2062\">m\u00e1s de 350 estudiantes y docentes<\/strong> de 27 universidades de <strong data-start=\"2086\" data-end=\"2126\">Argentina, Uruguay, Chile y Colombia<\/strong>.<br data-start=\"2127\" data-end=\"2130\" \/>Durante la <strong data-start=\"2143\" data-end=\"2160\">etapa virtual<\/strong>, los equipos realizan <strong data-start=\"2183\" data-end=\"2235\">simulacros de audiencias de control de acusaci\u00f3n<\/strong>, donde tambi\u00e9n se debaten medidas cautelares conforme al <strong data-start=\"2293\" data-end=\"2326\">C\u00f3digo Procesal Penal Federal<\/strong>, aplicando <strong data-start=\"2338\" data-end=\"2376\">t\u00e9cnicas de litigaci\u00f3n adversarial<\/strong>.<\/p>\n<p data-start=\"2386\" data-end=\"2686\">En la <strong data-start=\"2392\" data-end=\"2411\">fase presencial<\/strong>, en la Universidad Nacional de Mar del Plata, se llevar\u00e1n a cabo <strong data-start=\"2477\" data-end=\"2560\">audiencias orales dirigidas por jueces y juezas de la provincia de Buenos Aires<\/strong>, mientras que la <strong data-start=\"2578\" data-end=\"2597\">final del CNULP<\/strong> consistir\u00e1 en un <strong data-start=\"2615\" data-end=\"2683\">juicio por jurados integrado por ciudadanos y ciudadanas locales<\/strong>.<\/p>\n","protected":false},"excerpt":{"rendered":"<p>El Equipo de Litigaci\u00f3n Penal de la FCEJS competir\u00e1 en la etapa presencial del XV Concurso Nacional Universitario de Litigaci\u00f3n Penal (CNULP).\u00a0En la ma\u00f1ana del&hellip;<\/p>\n","protected":false},"author":9,"featured_media":22246,"comment_status":"closed","ping_status":"closed","sticky":false,"template":"","format":"standard","meta":{"om_disable_all_campaigns":false,"_monsterinsights_skip_tracking":false,"_monsterinsights_sitenote_active":false,"_monsterinsights_sitenote_note":"","_monsterinsights_sitenote_category":0,"footnotes":""},"categories":[1,19],"tags":[],"class_list":["post-22243","post","type-post","status-publish","format-standard","has-post-thumbnail","hentry","category-noticias","category-principal"],"yoast_head":"<!-- This site is optimized with the Yoast SEO plugin v27.5 - https:\/\/yoast.com\/product\/yoast-seo-wordpress\/ -->\n<title>La FCEJS participar\u00e1 en la etapa final del Concurso Nacional de Litigaci\u00f3n Penal - Facultad de Ciencias Econ\u00f3micas, Jur\u00ed\u00addicas y Sociales<\/title>\n<meta name=\"robots\" content=\"index, follow, max-snippet:-1, max-image-preview:large, max-video-preview:-1\" \/>\n<link rel=\"canonical\" href=\"https:\/\/www.fcejs.unsl.edu.ar\/index.php\/la-fcejs-participara-en-la-etapa-final-del-concurso-nacional-de-litigacion-penal\/\" \/>\n<meta property=\"og:locale\" content=\"es_ES\" \/>\n<meta property=\"og:type\" content=\"article\" \/>\n<meta property=\"og:title\" content=\"La FCEJS participar\u00e1 en la etapa final del Concurso Nacional de Litigaci\u00f3n Penal - Facultad de Ciencias Econ\u00f3micas, Jur\u00ed\u00addicas y Sociales\" \/>\n<meta property=\"og:description\" content=\"El Equipo de Litigaci\u00f3n Penal de la FCEJS competir\u00e1 en la etapa presencial del XV Concurso Nacional Universitario de Litigaci\u00f3n Penal (CNULP).\u00a0En la ma\u00f1ana del&hellip;\" \/>\n<meta property=\"og:url\" content=\"https:\/\/www.fcejs.unsl.edu.ar\/index.php\/la-fcejs-participara-en-la-etapa-final-del-concurso-nacional-de-litigacion-penal\/\" \/>\n<meta property=\"og:site_name\" content=\"Facultad de Ciencias Econ\u00f3micas, Jur\u00ed\u00addicas y Sociales\" \/>\n<meta property=\"article:publisher\" content=\"https:\/\/www.facebook.com\/FCEJS.UNSL\/\" \/>\n<meta property=\"article:published_time\" content=\"2025-10-30T20:50:53+00:00\" \/>\n<meta property=\"article:modified_time\" content=\"2025-10-30T23:21:17+00:00\" \/>\n<meta property=\"og:image\" content=\"https:\/\/www.fcejs.unsl.edu.ar\/wp-content\/uploads\/2025\/10\/reunion-litigacion-penal_front.jpg\" \/>\n\t<meta property=\"og:image:width\" content=\"1100\" \/>\n\t<meta property=\"og:image:height\" content=\"733\" \/>\n\t<meta property=\"og:image:type\" content=\"image\/jpeg\" \/>\n<meta name=\"author\" content=\"DATI\" \/>\n<meta name=\"twitter:card\" content=\"summary_large_image\" \/>\n<meta name=\"twitter:creator\" content=\"@FCEJSUNSL\" \/>\n<meta name=\"twitter:site\" content=\"@FCEJSUNSL\" \/>\n<meta name=\"twitter:label1\" content=\"Escrito por\" \/>\n\t<meta name=\"twitter:data1\" content=\"DATI\" \/>\n\t<meta name=\"twitter:label2\" content=\"Tiempo de lectura\" \/>\n\t<meta name=\"twitter:data2\" content=\"3 minutos\" \/>\n<script type=\"application\/ld+json\" class=\"yoast-schema-graph\">{\"@context\":\"https:\\\/\\\/schema.org\",\"@graph\":[{\"@type\":\"Article\",\"@id\":\"https:\\\/\\\/www.fcejs.unsl.edu.ar\\\/index.php\\\/la-fcejs-participara-en-la-etapa-final-del-concurso-nacional-de-litigacion-penal\\\/#article\",\"isPartOf\":{\"@id\":\"https:\\\/\\\/www.fcejs.unsl.edu.ar\\\/index.php\\\/la-fcejs-participara-en-la-etapa-final-del-concurso-nacional-de-litigacion-penal\\\/\"},\"author\":{\"name\":\"DATI\",\"@id\":\"https:\\\/\\\/www.fcejs.unsl.edu.ar\\\/#\\\/schema\\\/person\\\/352ee6ed90c3f394c7cb5945f8956d34\"},\"headline\":\"La FCEJS participar\u00e1 en la etapa final del Concurso Nacional de Litigaci\u00f3n Penal\",\"datePublished\":\"2025-10-30T20:50:53+00:00\",\"dateModified\":\"2025-10-30T23:21:17+00:00\",\"mainEntityOfPage\":{\"@id\":\"https:\\\/\\\/www.fcejs.unsl.edu.ar\\\/index.php\\\/la-fcejs-participara-en-la-etapa-final-del-concurso-nacional-de-litigacion-penal\\\/\"},\"wordCount\":482,\"publisher\":{\"@id\":\"https:\\\/\\\/www.fcejs.unsl.edu.ar\\\/#organization\"},\"image\":{\"@id\":\"https:\\\/\\\/www.fcejs.unsl.edu.ar\\\/index.php\\\/la-fcejs-participara-en-la-etapa-final-del-concurso-nacional-de-litigacion-penal\\\/#primaryimage\"},\"thumbnailUrl\":\"https:\\\/\\\/www.fcejs.unsl.edu.ar\\\/wp-content\\\/uploads\\\/2025\\\/10\\\/reunion-litigacion-penal_front.jpg\",\"articleSection\":[\"Noticias\",\"Principal\"],\"inLanguage\":\"es-AR\"},{\"@type\":\"WebPage\",\"@id\":\"https:\\\/\\\/www.fcejs.unsl.edu.ar\\\/index.php\\\/la-fcejs-participara-en-la-etapa-final-del-concurso-nacional-de-litigacion-penal\\\/\",\"url\":\"https:\\\/\\\/www.fcejs.unsl.edu.ar\\\/index.php\\\/la-fcejs-participara-en-la-etapa-final-del-concurso-nacional-de-litigacion-penal\\\/\",\"name\":\"La FCEJS participar\u00e1 en la etapa final del Concurso Nacional de Litigaci\u00f3n Penal - Facultad de Ciencias Econ\u00f3micas, Jur\u00ed\u00addicas y Sociales\",\"isPartOf\":{\"@id\":\"https:\\\/\\\/www.fcejs.unsl.edu.ar\\\/#website\"},\"primaryImageOfPage\":{\"@id\":\"https:\\\/\\\/www.fcejs.unsl.edu.ar\\\/index.php\\\/la-fcejs-participara-en-la-etapa-final-del-concurso-nacional-de-litigacion-penal\\\/#primaryimage\"},\"image\":{\"@id\":\"https:\\\/\\\/www.fcejs.unsl.edu.ar\\\/index.php\\\/la-fcejs-participara-en-la-etapa-final-del-concurso-nacional-de-litigacion-penal\\\/#primaryimage\"},\"thumbnailUrl\":\"https:\\\/\\\/www.fcejs.unsl.edu.ar\\\/wp-content\\\/uploads\\\/2025\\\/10\\\/reunion-litigacion-penal_front.jpg\",\"datePublished\":\"2025-10-30T20:50:53+00:00\",\"dateModified\":\"2025-10-30T23:21:17+00:00\",\"breadcrumb\":{\"@id\":\"https:\\\/\\\/www.fcejs.unsl.edu.ar\\\/index.php\\\/la-fcejs-participara-en-la-etapa-final-del-concurso-nacional-de-litigacion-penal\\\/#breadcrumb\"},\"inLanguage\":\"es-AR\",\"potentialAction\":[{\"@type\":\"ReadAction\",\"target\":[\"https:\\\/\\\/www.fcejs.unsl.edu.ar\\\/index.php\\\/la-fcejs-participara-en-la-etapa-final-del-concurso-nacional-de-litigacion-penal\\\/\"]}]},{\"@type\":\"ImageObject\",\"inLanguage\":\"es-AR\",\"@id\":\"https:\\\/\\\/www.fcejs.unsl.edu.ar\\\/index.php\\\/la-fcejs-participara-en-la-etapa-final-del-concurso-nacional-de-litigacion-penal\\\/#primaryimage\",\"url\":\"https:\\\/\\\/www.fcejs.unsl.edu.ar\\\/wp-content\\\/uploads\\\/2025\\\/10\\\/reunion-litigacion-penal_front.jpg\",\"contentUrl\":\"https:\\\/\\\/www.fcejs.unsl.edu.ar\\\/wp-content\\\/uploads\\\/2025\\\/10\\\/reunion-litigacion-penal_front.jpg\",\"width\":1100,\"height\":733},{\"@type\":\"BreadcrumbList\",\"@id\":\"https:\\\/\\\/www.fcejs.unsl.edu.ar\\\/index.php\\\/la-fcejs-participara-en-la-etapa-final-del-concurso-nacional-de-litigacion-penal\\\/#breadcrumb\",\"itemListElement\":[{\"@type\":\"ListItem\",\"position\":1,\"name\":\"Inicio\",\"item\":\"https:\\\/\\\/www.fcejs.unsl.edu.ar\\\/\"},{\"@type\":\"ListItem\",\"position\":2,\"name\":\"La FCEJS participar\u00e1 en la etapa final del Concurso Nacional de Litigaci\u00f3n Penal\"}]},{\"@type\":\"WebSite\",\"@id\":\"https:\\\/\\\/www.fcejs.unsl.edu.ar\\\/#website\",\"url\":\"https:\\\/\\\/www.fcejs.unsl.edu.ar\\\/\",\"name\":\"Facultad de Ciencias Econ\u00f3micas, Jur\u00ed\u00addicas y Sociales\",\"description\":\"\",\"publisher\":{\"@id\":\"https:\\\/\\\/www.fcejs.unsl.edu.ar\\\/#organization\"},\"potentialAction\":[{\"@type\":\"SearchAction\",\"target\":{\"@type\":\"EntryPoint\",\"urlTemplate\":\"https:\\\/\\\/www.fcejs.unsl.edu.ar\\\/?s={search_term_string}\"},\"query-input\":{\"@type\":\"PropertyValueSpecification\",\"valueRequired\":true,\"valueName\":\"search_term_string\"}}],\"inLanguage\":\"es-AR\"},{\"@type\":\"Organization\",\"@id\":\"https:\\\/\\\/www.fcejs.unsl.edu.ar\\\/#organization\",\"name\":\"Facultad de Ciencias Econ\u00f3micas, Jur\u00eddicas y Sociales\",\"url\":\"https:\\\/\\\/www.fcejs.unsl.edu.ar\\\/\",\"logo\":{\"@type\":\"ImageObject\",\"inLanguage\":\"es-AR\",\"@id\":\"https:\\\/\\\/www.fcejs.unsl.edu.ar\\\/#\\\/schema\\\/logo\\\/image\\\/\",\"url\":\"https:\\\/\\\/www.fcejs.unsl.edu.ar\\\/wp-content\\\/uploads\\\/2021\\\/03\\\/logo-1.jpg\",\"contentUrl\":\"https:\\\/\\\/www.fcejs.unsl.edu.ar\\\/wp-content\\\/uploads\\\/2021\\\/03\\\/logo-1.jpg\",\"width\":471,\"height\":146,\"caption\":\"Facultad de Ciencias Econ\u00f3micas, Jur\u00eddicas y Sociales\"},\"image\":{\"@id\":\"https:\\\/\\\/www.fcejs.unsl.edu.ar\\\/#\\\/schema\\\/logo\\\/image\\\/\"},\"sameAs\":[\"https:\\\/\\\/www.facebook.com\\\/FCEJS.UNSL\\\/\",\"https:\\\/\\\/x.com\\\/FCEJSUNSL\",\"https:\\\/\\\/www.instagram.com\\\/fcejs.unsl\\\/\",\"https:\\\/\\\/www.youtube.com\\\/channel\\\/UCH-Ut6EaN_X5ogjIQMPe46g\\\/\"]},{\"@type\":\"Person\",\"@id\":\"https:\\\/\\\/www.fcejs.unsl.edu.ar\\\/#\\\/schema\\\/person\\\/352ee6ed90c3f394c7cb5945f8956d34\",\"name\":\"DATI\"}]}<\/script>\n<!-- \/ Yoast SEO plugin. -->","yoast_head_json":{"title":"La FCEJS participar\u00e1 en la etapa final del Concurso Nacional de Litigaci\u00f3n Penal - Facultad de Ciencias Econ\u00f3micas, Jur\u00ed\u00addicas y Sociales","robots":{"index":"index","follow":"follow","max-snippet":"max-snippet:-1","max-image-preview":"max-image-preview:large","max-video-preview":"max-video-preview:-1"},"canonical":"https:\/\/www.fcejs.unsl.edu.ar\/index.php\/la-fcejs-participara-en-la-etapa-final-del-concurso-nacional-de-litigacion-penal\/","og_locale":"es_ES","og_type":"article","og_title":"La FCEJS participar\u00e1 en la etapa final del Concurso Nacional de Litigaci\u00f3n Penal - Facultad de Ciencias Econ\u00f3micas, Jur\u00ed\u00addicas y Sociales","og_description":"El Equipo de Litigaci\u00f3n Penal de la FCEJS competir\u00e1 en la etapa presencial del XV Concurso Nacional Universitario de Litigaci\u00f3n Penal (CNULP).\u00a0En la ma\u00f1ana del&hellip;","og_url":"https:\/\/www.fcejs.unsl.edu.ar\/index.php\/la-fcejs-participara-en-la-etapa-final-del-concurso-nacional-de-litigacion-penal\/","og_site_name":"Facultad de Ciencias Econ\u00f3micas, Jur\u00ed\u00addicas y Sociales","article_publisher":"https:\/\/www.facebook.com\/FCEJS.UNSL\/","article_published_time":"2025-10-30T20:50:53+00:00","article_modified_time":"2025-10-30T23:21:17+00:00","og_image":[{"width":1100,"height":733,"url":"https:\/\/www.fcejs.unsl.edu.ar\/wp-content\/uploads\/2025\/10\/reunion-litigacion-penal_front.jpg","type":"image\/jpeg"}],"author":"DATI","twitter_card":"summary_large_image","twitter_creator":"@FCEJSUNSL","twitter_site":"@FCEJSUNSL","twitter_misc":{"Escrito por":"DATI","Tiempo de lectura":"3 minutos"},"schema":{"@context":"https:\/\/schema.org","@graph":[{"@type":"Article","@id":"https:\/\/www.fcejs.unsl.edu.ar\/index.php\/la-fcejs-participara-en-la-etapa-final-del-concurso-nacional-de-litigacion-penal\/#article","isPartOf":{"@id":"https:\/\/www.fcejs.unsl.edu.ar\/index.php\/la-fcejs-participara-en-la-etapa-final-del-concurso-nacional-de-litigacion-penal\/"},"author":{"name":"DATI","@id":"https:\/\/www.fcejs.unsl.edu.ar\/#\/schema\/person\/352ee6ed90c3f394c7cb5945f8956d34"},"headline":"La FCEJS participar\u00e1 en la etapa final del Concurso Nacional de Litigaci\u00f3n Penal","datePublished":"2025-10-30T20:50:53+00:00","dateModified":"2025-10-30T23:21:17+00:00","mainEntityOfPage":{"@id":"https:\/\/www.fcejs.unsl.edu.ar\/index.php\/la-fcejs-participara-en-la-etapa-final-del-concurso-nacional-de-litigacion-penal\/"},"wordCount":482,"publisher":{"@id":"https:\/\/www.fcejs.unsl.edu.ar\/#organization"},"image":{"@id":"https:\/\/www.fcejs.unsl.edu.ar\/index.php\/la-fcejs-participara-en-la-etapa-final-del-concurso-nacional-de-litigacion-penal\/#primaryimage"},"thumbnailUrl":"https:\/\/www.fcejs.unsl.edu.ar\/wp-content\/uploads\/2025\/10\/reunion-litigacion-penal_front.jpg","articleSection":["Noticias","Principal"],"inLanguage":"es-AR"},{"@type":"WebPage","@id":"https:\/\/www.fcejs.unsl.edu.ar\/index.php\/la-fcejs-participara-en-la-etapa-final-del-concurso-nacional-de-litigacion-penal\/","url":"https:\/\/www.fcejs.unsl.edu.ar\/index.php\/la-fcejs-participara-en-la-etapa-final-del-concurso-nacional-de-litigacion-penal\/","name":"La FCEJS participar\u00e1 en la etapa final del Concurso Nacional de Litigaci\u00f3n Penal - Facultad de Ciencias Econ\u00f3micas, Jur\u00ed\u00addicas y Sociales","isPartOf":{"@id":"https:\/\/www.fcejs.unsl.edu.ar\/#website"},"primaryImageOfPage":{"@id":"https:\/\/www.fcejs.unsl.edu.ar\/index.php\/la-fcejs-participara-en-la-etapa-final-del-concurso-nacional-de-litigacion-penal\/#primaryimage"},"image":{"@id":"https:\/\/www.fcejs.unsl.edu.ar\/index.php\/la-fcejs-participara-en-la-etapa-final-del-concurso-nacional-de-litigacion-penal\/#primaryimage"},"thumbnailUrl":"https:\/\/www.fcejs.unsl.edu.ar\/wp-content\/uploads\/2025\/10\/reunion-litigacion-penal_front.jpg","datePublished":"2025-10-30T20:50:53+00:00","dateModified":"2025-10-30T23:21:17+00:00","breadcrumb":{"@id":"https:\/\/www.fcejs.unsl.edu.ar\/index.php\/la-fcejs-participara-en-la-etapa-final-del-concurso-nacional-de-litigacion-penal\/#breadcrumb"},"inLanguage":"es-AR","potentialAction":[{"@type":"ReadAction","target":["https:\/\/www.fcejs.unsl.edu.ar\/index.php\/la-fcejs-participara-en-la-etapa-final-del-concurso-nacional-de-litigacion-penal\/"]}]},{"@type":"ImageObject","inLanguage":"es-AR","@id":"https:\/\/www.fcejs.unsl.edu.ar\/index.php\/la-fcejs-participara-en-la-etapa-final-del-concurso-nacional-de-litigacion-penal\/#primaryimage","url":"https:\/\/www.fcejs.unsl.edu.ar\/wp-content\/uploads\/2025\/10\/reunion-litigacion-penal_front.jpg","contentUrl":"https:\/\/www.fcejs.unsl.edu.ar\/wp-content\/uploads\/2025\/10\/reunion-litigacion-penal_front.jpg","width":1100,"height":733},{"@type":"BreadcrumbList","@id":"https:\/\/www.fcejs.unsl.edu.ar\/index.php\/la-fcejs-participara-en-la-etapa-final-del-concurso-nacional-de-litigacion-penal\/#breadcrumb","itemListElement":[{"@type":"ListItem","position":1,"name":"Inicio","item":"https:\/\/www.fcejs.unsl.edu.ar\/"},{"@type":"ListItem","position":2,"name":"La FCEJS participar\u00e1 en la etapa final del Concurso Nacional de Litigaci\u00f3n Penal"}]},{"@type":"WebSite","@id":"https:\/\/www.fcejs.unsl.edu.ar\/#website","url":"https:\/\/www.fcejs.unsl.edu.ar\/","name":"Facultad de Ciencias Econ\u00f3micas, Jur\u00ed\u00addicas y Sociales","description":"","publisher":{"@id":"https:\/\/www.fcejs.unsl.edu.ar\/#organization"},"potentialAction":[{"@type":"SearchAction","target":{"@type":"EntryPoint","urlTemplate":"https:\/\/www.fcejs.unsl.edu.ar\/?s={search_term_string}"},"query-input":{"@type":"PropertyValueSpecification","valueRequired":true,"valueName":"search_term_string"}}],"inLanguage":"es-AR"},{"@type":"Organization","@id":"https:\/\/www.fcejs.unsl.edu.ar\/#organization","name":"Facultad de Ciencias Econ\u00f3micas, Jur\u00eddicas y Sociales","url":"https:\/\/www.fcejs.unsl.edu.ar\/","logo":{"@type":"ImageObject","inLanguage":"es-AR","@id":"https:\/\/www.fcejs.unsl.edu.ar\/#\/schema\/logo\/image\/","url":"https:\/\/www.fcejs.unsl.edu.ar\/wp-content\/uploads\/2021\/03\/logo-1.jpg","contentUrl":"https:\/\/www.fcejs.unsl.edu.ar\/wp-content\/uploads\/2021\/03\/logo-1.jpg","width":471,"height":146,"caption":"Facultad de Ciencias Econ\u00f3micas, Jur\u00eddicas y Sociales"},"image":{"@id":"https:\/\/www.fcejs.unsl.edu.ar\/#\/schema\/logo\/image\/"},"sameAs":["https:\/\/www.facebook.com\/FCEJS.UNSL\/","https:\/\/x.com\/FCEJSUNSL","https:\/\/www.instagram.com\/fcejs.unsl\/","https:\/\/www.youtube.com\/channel\/UCH-Ut6EaN_X5ogjIQMPe46g\/"]},{"@type":"Person","@id":"https:\/\/www.fcejs.unsl.edu.ar\/#\/schema\/person\/352ee6ed90c3f394c7cb5945f8956d34","name":"DATI"}]}},"jetpack_featured_media_url":"https:\/\/www.fcejs.unsl.edu.ar\/wp-content\/uploads\/2025\/10\/reunion-litigacion-penal_front.jpg","_links":{"self":[{"href":"https:\/\/www.fcejs.unsl.edu.ar\/index.php\/wp-json\/wp\/v2\/posts\/22243","targetHints":{"allow":["GET"]}}],"collection":[{"href":"https:\/\/www.fcejs.unsl.edu.ar\/index.php\/wp-json\/wp\/v2\/posts"}],"about":[{"href":"https:\/\/www.fcejs.unsl.edu.ar\/index.php\/wp-json\/wp\/v2\/types\/post"}],"author":[{"embeddable":true,"href":"https:\/\/www.fcejs.unsl.edu.ar\/index.php\/wp-json\/wp\/v2\/users\/9"}],"replies":[{"embeddable":true,"href":"https:\/\/www.fcejs.unsl.edu.ar\/index.php\/wp-json\/wp\/v2\/comments?post=22243"}],"version-history":[{"count":4,"href":"https:\/\/www.fcejs.unsl.edu.ar\/index.php\/wp-json\/wp\/v2\/posts\/22243\/revisions"}],"predecessor-version":[{"id":22249,"href":"https:\/\/www.fcejs.unsl.edu.ar\/index.php\/wp-json\/wp\/v2\/posts\/22243\/revisions\/22249"}],"wp:featuredmedia":[{"embeddable":true,"href":"https:\/\/www.fcejs.unsl.edu.ar\/index.php\/wp-json\/wp\/v2\/media\/22246"}],"wp:attachment":[{"href":"https:\/\/www.fcejs.unsl.edu.ar\/index.php\/wp-json\/wp\/v2\/media?parent=22243"}],"wp:term":[{"taxonomy":"category","embeddable":true,"href":"https:\/\/www.fcejs.unsl.edu.ar\/index.php\/wp-json\/wp\/v2\/categories?post=22243"},{"taxonomy":"post_tag","embeddable":true,"href":"https:\/\/www.fcejs.unsl.edu.ar\/index.php\/wp-json\/wp\/v2\/tags?post=22243"}],"curies":[{"name":"wp","href":"https:\/\/api.w.org\/{rel}","templated":true}]}}