{"id":22216,"date":"2025-10-29T13:09:00","date_gmt":"2025-10-29T16:09:00","guid":{"rendered":"http:\/\/10.101.10.197\/www\/?p=22216"},"modified":"2025-10-30T09:09:55","modified_gmt":"2025-10-30T12:09:55","slug":"universidad-y-municipios-talleres-virtuales-para-toda-la-provincia","status":"publish","type":"post","link":"https:\/\/www.fcejs.unsl.edu.ar\/index.php\/universidad-y-municipios-talleres-virtuales-para-toda-la-provincia\/","title":{"rendered":"Universidad y Municipios: Talleres virtuales para toda la Provincia"},"content":{"rendered":"<p><strong><span style=\"font-family: arial, sans-serif;\">Bajo el lema\u00a0<em>Herramientas para fortalecer el federalismo y las administraciones locales<\/em>, el Programa Universidad y Municipios de la Universidad Nacional de San Luis (UNSL) contin\u00faa con la realizaci\u00f3n de los Talleres virtuales y gratuitos destinados a la comunidad provincial.<\/span><\/strong><\/p>\n<p><span style=\"font-family: arial, sans-serif;\">El Programa se crea en\u00a0el marco de la pol\u00edtica de vinculaci\u00f3n territorial impulsada por esta Universidad, que est\u00e1 orientada a promover el desarrollo local y regional. La Secretar\u00eda de Extensi\u00f3n Universitaria (SEU) y el Vicerrectorado han tenido a cargo su gesti\u00f3n y ejecuci\u00f3n. Y a partir de ahora, la SEU acompa\u00f1ar\u00e1 en esta actividad a la Unidad de Gesti\u00f3n de Programas Especiales (UGPE), recientemente creada en el \u00e1mbito de la Facultad de Ciencias Econ\u00f3micas, Jur\u00eddicas y Sociales (FCEJS), con el prop\u00f3sito de centralizar la coordinaci\u00f3n, supervisi\u00f3n y gesti\u00f3n operativa de programas estrat\u00e9gicos, a fin de garantizar la continuidad de sus acciones y la eficiencia en la administraci\u00f3n de los recursos asignados.<\/span><\/p>\n<p><span style=\"font-family: arial, sans-serif;\">De la oferta de Talleres 2025 ya se han dictado los 5 primeros, que abordaron tem\u00e1ticas apuntadas a brindar herramientas para: el\u00a0<em>Fortalecimiento del<\/em><em>\u00a0Trabajo en Equipo<\/em>; la\u00a0<em>Gesti\u00f3n de Proyectos<\/em>;\u00a0<em>Lengua de Se\u00f1as para Atenci\u00f3n al P\u00fablico<\/em>; Primeros pasos en las\u00a0<em>Inversiones Financieras<\/em>; y Claves para tener una\u00a0<em>Presencia Digital activa y eficaz\u00a0<\/em>de las instituciones.<\/span><\/p>\n<p><span style=\"font-family: arial, sans-serif;\">Cronograma de pr\u00f3ximos Talleres:<\/span><\/p>\n<h3><strong><span style=\"font-family: arial, sans-serif;\">Reanimaci\u00f3n Cardiopulmonar (RCP) y Primeros Auxilios<\/span><\/strong><\/h3>\n<ul>\n<li><span style=\"font-family: arial, sans-serif;\">Docentes: Esp. Luciano de Vicente y T\u00e9c. Yesica Ibarra R\u00edos<\/span><\/li>\n<li><span style=\"font-family: arial, sans-serif;\">Fechas: lunes 3, 10 y 17 de noviembre<\/span><\/li>\n<li><span style=\"font-family: arial, sans-serif;\">Horario: de 15:00 a 17:00 hs<\/span><\/li>\n<\/ul>\n<h3 style=\"text-align: center;\"><span style=\"font-family: arial, sans-serif;\"><span style=\"color: #0000ff;\"><a style=\"color: #0000ff;\" href=\"https:\/\/forms.gle\/FmJch4EeZtbFHErE8\" target=\"_blank\" rel=\"noopener\">FORMULARIO DE INSCRIPCI\u00d3N<\/a><\/span><\/span><\/h3>\n<p>&nbsp;<\/p>\n<h3><span style=\"font-family: arial, sans-serif;\">Gesti\u00f3n Presupuestaria Municipal en la Provincia de San Luis<\/span><\/h3>\n<ul>\n<li><span style=\"font-family: arial, sans-serif;\">Docente: Mgter. Jorge Sosa<\/span><\/li>\n<li><span style=\"font-family: arial, sans-serif;\">Fechas: mi\u00e9rcoles 5 y 12 de noviembre<\/span><\/li>\n<li><span style=\"font-family: arial, sans-serif;\"><span style=\"font-family: arial, sans-serif;\">Horario: de 15:00 a 18:00 hs<\/span><\/span><\/li>\n<\/ul>\n<h3 style=\"text-align: center;\"><span style=\"font-family: arial, sans-serif;\"><span style=\"color: #0000ff;\"><a style=\"color: #0000ff;\" href=\"https:\/\/docs.google.com\/forms\/d\/e\/1FAIpQLSfUn8uhrR3oK2NUF1GV1KMp5mdi5dxnmYFxzFdi124Mk2a3GQ\/viewform?usp=sharing&amp;ouid=111002361484355000390\" target=\"_blank\" rel=\"noopener\">FORMULARIO DE INSCRIPCI\u00d3N<\/a><\/span><br \/>\n<\/span><\/h3>\n<h3>Introducci\u00f3n al Ceremonial, Nociones b\u00e1sicas para Organizaci\u00f3n de Eventos<\/h3>\n<ul>\n<li><span style=\"font-family: arial, sans-serif;\">Docente: Dipl. Lucero Marcela<\/span><\/li>\n<li><span style=\"font-family: arial, sans-serif;\">Fechas: Jueves 6, 13 y 27 de noviembre<\/span><\/li>\n<li><span style=\"font-family: arial, sans-serif;\"><span style=\"font-family: arial, sans-serif;\">Horario: de 16:00 a 18:00 hs<\/span><\/span><\/li>\n<\/ul>\n<h3 style=\"text-align: center;\"><span style=\"font-family: arial, sans-serif;\"><span style=\"color: #0000ff;\"><strong><a style=\"color: #0000ff;\" href=\"https:\/\/docs.google.com\/forms\/d\/e\/1FAIpQLSeUh8LX3Mlko3DitWlMsuC8BHOJrecKPKblVwvWd4x98z0HLw\/viewform?usp=sharing&amp;ouid=111002361484355000390\" target=\"_blank\" rel=\"noopener\">FORMULARIO DE INSCRIPCI\u00d3N<\/a><\/strong><\/span><br \/>\n<\/span><\/h3>\n<p>&nbsp;<\/p>\n<h3><span style=\"font-size: 18px;\"><strong>Tejer redes como base para la construcci\u00f3n de pr\u00e1cticas de cuidado en la Salud Mental en los entornos laborales<\/strong><\/span><\/h3>\n<ul>\n<li>Docente: Mgter. V\u00edctor Mart\u00ednez<\/li>\n<li>Fechas: viernes 14 y s\u00e1bado 15 de noviembre<\/li>\n<li>Horario: viernes de 17:00 a 20:00 hs y s\u00e1bado de 9:00 a 12:00 hs<\/li>\n<\/ul>\n<h3>Seguridad e Higiene en Instituciones P\u00fablicas<\/h3>\n<ul>\n<li>Docente: Ing. Mar\u00eda Eugenia Smargiassi<\/li>\n<li>Fechas: mi\u00e9rcoles 19, 26 de noviembre, y 3 de diciembre<\/li>\n<li>Horarios: de 16:00 a 18:00 hs<\/li>\n<\/ul>\n<h3>Gesti\u00f3n Cultural y Pol\u00edticas P\u00fablicas<\/h3>\n<ul>\n<li>Docentes: Lic. Mariela Villaz\u00f3n y Mgter. C\u00e1ndido Sanz<\/li>\n<li>Fechas: martes 2 y 9 de diciembre<\/li>\n<li>Horario: de 15:00 a 18:00 hs<\/li>\n<\/ul>\n","protected":false},"excerpt":{"rendered":"<p>Bajo el lema\u00a0Herramientas para fortalecer el federalismo y las administraciones locales, el Programa Universidad y Municipios de la Universidad Nacional de San Luis (UNSL) contin\u00faa&hellip;<\/p>\n","protected":false},"author":9,"featured_media":19894,"comment_status":"closed","ping_status":"closed","sticky":false,"template":"","format":"standard","meta":{"om_disable_all_campaigns":false,"_monsterinsights_skip_tracking":false,"_monsterinsights_sitenote_active":false,"_monsterinsights_sitenote_note":"","_monsterinsights_sitenote_category":0,"footnotes":""},"categories":[1,19],"tags":[],"class_list":["post-22216","post","type-post","status-publish","format-standard","has-post-thumbnail","hentry","category-noticias","category-principal"],"yoast_head":"<!-- This site is optimized with the Yoast SEO plugin v27.5 - https:\/\/yoast.com\/product\/yoast-seo-wordpress\/ -->\n<title>Universidad y Municipios: Talleres virtuales para toda la Provincia - Facultad de Ciencias Econ\u00f3micas, Jur\u00ed\u00addicas y Sociales<\/title>\n<meta name=\"robots\" content=\"index, follow, max-snippet:-1, max-image-preview:large, max-video-preview:-1\" \/>\n<link rel=\"canonical\" href=\"https:\/\/www.fcejs.unsl.edu.ar\/index.php\/universidad-y-municipios-talleres-virtuales-para-toda-la-provincia\/\" \/>\n<meta property=\"og:locale\" content=\"es_ES\" \/>\n<meta property=\"og:type\" content=\"article\" \/>\n<meta property=\"og:title\" content=\"Universidad y Municipios: Talleres virtuales para toda la Provincia - Facultad de Ciencias Econ\u00f3micas, Jur\u00ed\u00addicas y Sociales\" \/>\n<meta property=\"og:description\" content=\"Bajo el lema\u00a0Herramientas para fortalecer el federalismo y las administraciones locales, el Programa Universidad y Municipios de la Universidad Nacional de San Luis (UNSL) contin\u00faa&hellip;\" \/>\n<meta property=\"og:url\" content=\"https:\/\/www.fcejs.unsl.edu.ar\/index.php\/universidad-y-municipios-talleres-virtuales-para-toda-la-provincia\/\" \/>\n<meta property=\"og:site_name\" content=\"Facultad de Ciencias Econ\u00f3micas, Jur\u00ed\u00addicas y Sociales\" \/>\n<meta property=\"article:publisher\" content=\"https:\/\/www.facebook.com\/FCEJS.UNSL\/\" \/>\n<meta property=\"article:published_time\" content=\"2025-10-29T16:09:00+00:00\" \/>\n<meta property=\"article:modified_time\" content=\"2025-10-30T12:09:55+00:00\" \/>\n<meta property=\"og:image\" content=\"https:\/\/www.fcejs.unsl.edu.ar\/wp-content\/uploads\/2025\/03\/uymportada.jpg\" \/>\n\t<meta property=\"og:image:width\" content=\"1000\" \/>\n\t<meta property=\"og:image:height\" content=\"600\" \/>\n\t<meta property=\"og:image:type\" content=\"image\/jpeg\" \/>\n<meta name=\"author\" content=\"DATI\" \/>\n<meta name=\"twitter:card\" content=\"summary_large_image\" \/>\n<meta name=\"twitter:creator\" content=\"@FCEJSUNSL\" \/>\n<meta name=\"twitter:site\" content=\"@FCEJSUNSL\" \/>\n<meta name=\"twitter:label1\" content=\"Escrito por\" \/>\n\t<meta name=\"twitter:data1\" content=\"DATI\" \/>\n\t<meta name=\"twitter:label2\" content=\"Tiempo de lectura\" \/>\n\t<meta name=\"twitter:data2\" content=\"3 minutos\" \/>\n<script type=\"application\/ld+json\" class=\"yoast-schema-graph\">{\"@context\":\"https:\\\/\\\/schema.org\",\"@graph\":[{\"@type\":\"Article\",\"@id\":\"https:\\\/\\\/www.fcejs.unsl.edu.ar\\\/index.php\\\/universidad-y-municipios-talleres-virtuales-para-toda-la-provincia\\\/#article\",\"isPartOf\":{\"@id\":\"https:\\\/\\\/www.fcejs.unsl.edu.ar\\\/index.php\\\/universidad-y-municipios-talleres-virtuales-para-toda-la-provincia\\\/\"},\"author\":{\"name\":\"DATI\",\"@id\":\"https:\\\/\\\/www.fcejs.unsl.edu.ar\\\/#\\\/schema\\\/person\\\/352ee6ed90c3f394c7cb5945f8956d34\"},\"headline\":\"Universidad y Municipios: Talleres virtuales para toda la Provincia\",\"datePublished\":\"2025-10-29T16:09:00+00:00\",\"dateModified\":\"2025-10-30T12:09:55+00:00\",\"mainEntityOfPage\":{\"@id\":\"https:\\\/\\\/www.fcejs.unsl.edu.ar\\\/index.php\\\/universidad-y-municipios-talleres-virtuales-para-toda-la-provincia\\\/\"},\"wordCount\":432,\"publisher\":{\"@id\":\"https:\\\/\\\/www.fcejs.unsl.edu.ar\\\/#organization\"},\"image\":{\"@id\":\"https:\\\/\\\/www.fcejs.unsl.edu.ar\\\/index.php\\\/universidad-y-municipios-talleres-virtuales-para-toda-la-provincia\\\/#primaryimage\"},\"thumbnailUrl\":\"https:\\\/\\\/www.fcejs.unsl.edu.ar\\\/wp-content\\\/uploads\\\/2025\\\/03\\\/uymportada.jpg\",\"articleSection\":[\"Noticias\",\"Principal\"],\"inLanguage\":\"es-AR\"},{\"@type\":\"WebPage\",\"@id\":\"https:\\\/\\\/www.fcejs.unsl.edu.ar\\\/index.php\\\/universidad-y-municipios-talleres-virtuales-para-toda-la-provincia\\\/\",\"url\":\"https:\\\/\\\/www.fcejs.unsl.edu.ar\\\/index.php\\\/universidad-y-municipios-talleres-virtuales-para-toda-la-provincia\\\/\",\"name\":\"Universidad y Municipios: Talleres virtuales para toda la Provincia - Facultad de Ciencias Econ\u00f3micas, Jur\u00ed\u00addicas y Sociales\",\"isPartOf\":{\"@id\":\"https:\\\/\\\/www.fcejs.unsl.edu.ar\\\/#website\"},\"primaryImageOfPage\":{\"@id\":\"https:\\\/\\\/www.fcejs.unsl.edu.ar\\\/index.php\\\/universidad-y-municipios-talleres-virtuales-para-toda-la-provincia\\\/#primaryimage\"},\"image\":{\"@id\":\"https:\\\/\\\/www.fcejs.unsl.edu.ar\\\/index.php\\\/universidad-y-municipios-talleres-virtuales-para-toda-la-provincia\\\/#primaryimage\"},\"thumbnailUrl\":\"https:\\\/\\\/www.fcejs.unsl.edu.ar\\\/wp-content\\\/uploads\\\/2025\\\/03\\\/uymportada.jpg\",\"datePublished\":\"2025-10-29T16:09:00+00:00\",\"dateModified\":\"2025-10-30T12:09:55+00:00\",\"breadcrumb\":{\"@id\":\"https:\\\/\\\/www.fcejs.unsl.edu.ar\\\/index.php\\\/universidad-y-municipios-talleres-virtuales-para-toda-la-provincia\\\/#breadcrumb\"},\"inLanguage\":\"es-AR\",\"potentialAction\":[{\"@type\":\"ReadAction\",\"target\":[\"https:\\\/\\\/www.fcejs.unsl.edu.ar\\\/index.php\\\/universidad-y-municipios-talleres-virtuales-para-toda-la-provincia\\\/\"]}]},{\"@type\":\"ImageObject\",\"inLanguage\":\"es-AR\",\"@id\":\"https:\\\/\\\/www.fcejs.unsl.edu.ar\\\/index.php\\\/universidad-y-municipios-talleres-virtuales-para-toda-la-provincia\\\/#primaryimage\",\"url\":\"https:\\\/\\\/www.fcejs.unsl.edu.ar\\\/wp-content\\\/uploads\\\/2025\\\/03\\\/uymportada.jpg\",\"contentUrl\":\"https:\\\/\\\/www.fcejs.unsl.edu.ar\\\/wp-content\\\/uploads\\\/2025\\\/03\\\/uymportada.jpg\",\"width\":1000,\"height\":600},{\"@type\":\"BreadcrumbList\",\"@id\":\"https:\\\/\\\/www.fcejs.unsl.edu.ar\\\/index.php\\\/universidad-y-municipios-talleres-virtuales-para-toda-la-provincia\\\/#breadcrumb\",\"itemListElement\":[{\"@type\":\"ListItem\",\"position\":1,\"name\":\"Inicio\",\"item\":\"https:\\\/\\\/www.fcejs.unsl.edu.ar\\\/\"},{\"@type\":\"ListItem\",\"position\":2,\"name\":\"Universidad y Municipios: Talleres virtuales para toda la Provincia\"}]},{\"@type\":\"WebSite\",\"@id\":\"https:\\\/\\\/www.fcejs.unsl.edu.ar\\\/#website\",\"url\":\"https:\\\/\\\/www.fcejs.unsl.edu.ar\\\/\",\"name\":\"Facultad de Ciencias Econ\u00f3micas, Jur\u00ed\u00addicas y Sociales\",\"description\":\"\",\"publisher\":{\"@id\":\"https:\\\/\\\/www.fcejs.unsl.edu.ar\\\/#organization\"},\"potentialAction\":[{\"@type\":\"SearchAction\",\"target\":{\"@type\":\"EntryPoint\",\"urlTemplate\":\"https:\\\/\\\/www.fcejs.unsl.edu.ar\\\/?s={search_term_string}\"},\"query-input\":{\"@type\":\"PropertyValueSpecification\",\"valueRequired\":true,\"valueName\":\"search_term_string\"}}],\"inLanguage\":\"es-AR\"},{\"@type\":\"Organization\",\"@id\":\"https:\\\/\\\/www.fcejs.unsl.edu.ar\\\/#organization\",\"name\":\"Facultad de Ciencias Econ\u00f3micas, Jur\u00eddicas y Sociales\",\"url\":\"https:\\\/\\\/www.fcejs.unsl.edu.ar\\\/\",\"logo\":{\"@type\":\"ImageObject\",\"inLanguage\":\"es-AR\",\"@id\":\"https:\\\/\\\/www.fcejs.unsl.edu.ar\\\/#\\\/schema\\\/logo\\\/image\\\/\",\"url\":\"https:\\\/\\\/www.fcejs.unsl.edu.ar\\\/wp-content\\\/uploads\\\/2021\\\/03\\\/logo-1.jpg\",\"contentUrl\":\"https:\\\/\\\/www.fcejs.unsl.edu.ar\\\/wp-content\\\/uploads\\\/2021\\\/03\\\/logo-1.jpg\",\"width\":471,\"height\":146,\"caption\":\"Facultad de Ciencias Econ\u00f3micas, Jur\u00eddicas y Sociales\"},\"image\":{\"@id\":\"https:\\\/\\\/www.fcejs.unsl.edu.ar\\\/#\\\/schema\\\/logo\\\/image\\\/\"},\"sameAs\":[\"https:\\\/\\\/www.facebook.com\\\/FCEJS.UNSL\\\/\",\"https:\\\/\\\/x.com\\\/FCEJSUNSL\",\"https:\\\/\\\/www.instagram.com\\\/fcejs.unsl\\\/\",\"https:\\\/\\\/www.youtube.com\\\/channel\\\/UCH-Ut6EaN_X5ogjIQMPe46g\\\/\"]},{\"@type\":\"Person\",\"@id\":\"https:\\\/\\\/www.fcejs.unsl.edu.ar\\\/#\\\/schema\\\/person\\\/352ee6ed90c3f394c7cb5945f8956d34\",\"name\":\"DATI\"}]}<\/script>\n<!-- \/ Yoast SEO plugin. -->","yoast_head_json":{"title":"Universidad y Municipios: Talleres virtuales para toda la Provincia - Facultad de Ciencias Econ\u00f3micas, Jur\u00ed\u00addicas y Sociales","robots":{"index":"index","follow":"follow","max-snippet":"max-snippet:-1","max-image-preview":"max-image-preview:large","max-video-preview":"max-video-preview:-1"},"canonical":"https:\/\/www.fcejs.unsl.edu.ar\/index.php\/universidad-y-municipios-talleres-virtuales-para-toda-la-provincia\/","og_locale":"es_ES","og_type":"article","og_title":"Universidad y Municipios: Talleres virtuales para toda la Provincia - Facultad de Ciencias Econ\u00f3micas, Jur\u00ed\u00addicas y Sociales","og_description":"Bajo el lema\u00a0Herramientas para fortalecer el federalismo y las administraciones locales, el Programa Universidad y Municipios de la Universidad Nacional de San Luis (UNSL) contin\u00faa&hellip;","og_url":"https:\/\/www.fcejs.unsl.edu.ar\/index.php\/universidad-y-municipios-talleres-virtuales-para-toda-la-provincia\/","og_site_name":"Facultad de Ciencias Econ\u00f3micas, Jur\u00ed\u00addicas y Sociales","article_publisher":"https:\/\/www.facebook.com\/FCEJS.UNSL\/","article_published_time":"2025-10-29T16:09:00+00:00","article_modified_time":"2025-10-30T12:09:55+00:00","og_image":[{"width":1000,"height":600,"url":"https:\/\/www.fcejs.unsl.edu.ar\/wp-content\/uploads\/2025\/03\/uymportada.jpg","type":"image\/jpeg"}],"author":"DATI","twitter_card":"summary_large_image","twitter_creator":"@FCEJSUNSL","twitter_site":"@FCEJSUNSL","twitter_misc":{"Escrito por":"DATI","Tiempo de lectura":"3 minutos"},"schema":{"@context":"https:\/\/schema.org","@graph":[{"@type":"Article","@id":"https:\/\/www.fcejs.unsl.edu.ar\/index.php\/universidad-y-municipios-talleres-virtuales-para-toda-la-provincia\/#article","isPartOf":{"@id":"https:\/\/www.fcejs.unsl.edu.ar\/index.php\/universidad-y-municipios-talleres-virtuales-para-toda-la-provincia\/"},"author":{"name":"DATI","@id":"https:\/\/www.fcejs.unsl.edu.ar\/#\/schema\/person\/352ee6ed90c3f394c7cb5945f8956d34"},"headline":"Universidad y Municipios: Talleres virtuales para toda la Provincia","datePublished":"2025-10-29T16:09:00+00:00","dateModified":"2025-10-30T12:09:55+00:00","mainEntityOfPage":{"@id":"https:\/\/www.fcejs.unsl.edu.ar\/index.php\/universidad-y-municipios-talleres-virtuales-para-toda-la-provincia\/"},"wordCount":432,"publisher":{"@id":"https:\/\/www.fcejs.unsl.edu.ar\/#organization"},"image":{"@id":"https:\/\/www.fcejs.unsl.edu.ar\/index.php\/universidad-y-municipios-talleres-virtuales-para-toda-la-provincia\/#primaryimage"},"thumbnailUrl":"https:\/\/www.fcejs.unsl.edu.ar\/wp-content\/uploads\/2025\/03\/uymportada.jpg","articleSection":["Noticias","Principal"],"inLanguage":"es-AR"},{"@type":"WebPage","@id":"https:\/\/www.fcejs.unsl.edu.ar\/index.php\/universidad-y-municipios-talleres-virtuales-para-toda-la-provincia\/","url":"https:\/\/www.fcejs.unsl.edu.ar\/index.php\/universidad-y-municipios-talleres-virtuales-para-toda-la-provincia\/","name":"Universidad y Municipios: Talleres virtuales para toda la Provincia - Facultad de Ciencias Econ\u00f3micas, Jur\u00ed\u00addicas y Sociales","isPartOf":{"@id":"https:\/\/www.fcejs.unsl.edu.ar\/#website"},"primaryImageOfPage":{"@id":"https:\/\/www.fcejs.unsl.edu.ar\/index.php\/universidad-y-municipios-talleres-virtuales-para-toda-la-provincia\/#primaryimage"},"image":{"@id":"https:\/\/www.fcejs.unsl.edu.ar\/index.php\/universidad-y-municipios-talleres-virtuales-para-toda-la-provincia\/#primaryimage"},"thumbnailUrl":"https:\/\/www.fcejs.unsl.edu.ar\/wp-content\/uploads\/2025\/03\/uymportada.jpg","datePublished":"2025-10-29T16:09:00+00:00","dateModified":"2025-10-30T12:09:55+00:00","breadcrumb":{"@id":"https:\/\/www.fcejs.unsl.edu.ar\/index.php\/universidad-y-municipios-talleres-virtuales-para-toda-la-provincia\/#breadcrumb"},"inLanguage":"es-AR","potentialAction":[{"@type":"ReadAction","target":["https:\/\/www.fcejs.unsl.edu.ar\/index.php\/universidad-y-municipios-talleres-virtuales-para-toda-la-provincia\/"]}]},{"@type":"ImageObject","inLanguage":"es-AR","@id":"https:\/\/www.fcejs.unsl.edu.ar\/index.php\/universidad-y-municipios-talleres-virtuales-para-toda-la-provincia\/#primaryimage","url":"https:\/\/www.fcejs.unsl.edu.ar\/wp-content\/uploads\/2025\/03\/uymportada.jpg","contentUrl":"https:\/\/www.fcejs.unsl.edu.ar\/wp-content\/uploads\/2025\/03\/uymportada.jpg","width":1000,"height":600},{"@type":"BreadcrumbList","@id":"https:\/\/www.fcejs.unsl.edu.ar\/index.php\/universidad-y-municipios-talleres-virtuales-para-toda-la-provincia\/#breadcrumb","itemListElement":[{"@type":"ListItem","position":1,"name":"Inicio","item":"https:\/\/www.fcejs.unsl.edu.ar\/"},{"@type":"ListItem","position":2,"name":"Universidad y Municipios: Talleres virtuales para toda la Provincia"}]},{"@type":"WebSite","@id":"https:\/\/www.fcejs.unsl.edu.ar\/#website","url":"https:\/\/www.fcejs.unsl.edu.ar\/","name":"Facultad de Ciencias Econ\u00f3micas, Jur\u00ed\u00addicas y Sociales","description":"","publisher":{"@id":"https:\/\/www.fcejs.unsl.edu.ar\/#organization"},"potentialAction":[{"@type":"SearchAction","target":{"@type":"EntryPoint","urlTemplate":"https:\/\/www.fcejs.unsl.edu.ar\/?s={search_term_string}"},"query-input":{"@type":"PropertyValueSpecification","valueRequired":true,"valueName":"search_term_string"}}],"inLanguage":"es-AR"},{"@type":"Organization","@id":"https:\/\/www.fcejs.unsl.edu.ar\/#organization","name":"Facultad de Ciencias Econ\u00f3micas, Jur\u00eddicas y Sociales","url":"https:\/\/www.fcejs.unsl.edu.ar\/","logo":{"@type":"ImageObject","inLanguage":"es-AR","@id":"https:\/\/www.fcejs.unsl.edu.ar\/#\/schema\/logo\/image\/","url":"https:\/\/www.fcejs.unsl.edu.ar\/wp-content\/uploads\/2021\/03\/logo-1.jpg","contentUrl":"https:\/\/www.fcejs.unsl.edu.ar\/wp-content\/uploads\/2021\/03\/logo-1.jpg","width":471,"height":146,"caption":"Facultad de Ciencias Econ\u00f3micas, Jur\u00eddicas y Sociales"},"image":{"@id":"https:\/\/www.fcejs.unsl.edu.ar\/#\/schema\/logo\/image\/"},"sameAs":["https:\/\/www.facebook.com\/FCEJS.UNSL\/","https:\/\/x.com\/FCEJSUNSL","https:\/\/www.instagram.com\/fcejs.unsl\/","https:\/\/www.youtube.com\/channel\/UCH-Ut6EaN_X5ogjIQMPe46g\/"]},{"@type":"Person","@id":"https:\/\/www.fcejs.unsl.edu.ar\/#\/schema\/person\/352ee6ed90c3f394c7cb5945f8956d34","name":"DATI"}]}},"jetpack_featured_media_url":"https:\/\/www.fcejs.unsl.edu.ar\/wp-content\/uploads\/2025\/03\/uymportada.jpg","_links":{"self":[{"href":"https:\/\/www.fcejs.unsl.edu.ar\/index.php\/wp-json\/wp\/v2\/posts\/22216","targetHints":{"allow":["GET"]}}],"collection":[{"href":"https:\/\/www.fcejs.unsl.edu.ar\/index.php\/wp-json\/wp\/v2\/posts"}],"about":[{"href":"https:\/\/www.fcejs.unsl.edu.ar\/index.php\/wp-json\/wp\/v2\/types\/post"}],"author":[{"embeddable":true,"href":"https:\/\/www.fcejs.unsl.edu.ar\/index.php\/wp-json\/wp\/v2\/users\/9"}],"replies":[{"embeddable":true,"href":"https:\/\/www.fcejs.unsl.edu.ar\/index.php\/wp-json\/wp\/v2\/comments?post=22216"}],"version-history":[{"count":6,"href":"https:\/\/www.fcejs.unsl.edu.ar\/index.php\/wp-json\/wp\/v2\/posts\/22216\/revisions"}],"predecessor-version":[{"id":22222,"href":"https:\/\/www.fcejs.unsl.edu.ar\/index.php\/wp-json\/wp\/v2\/posts\/22216\/revisions\/22222"}],"wp:featuredmedia":[{"embeddable":true,"href":"https:\/\/www.fcejs.unsl.edu.ar\/index.php\/wp-json\/wp\/v2\/media\/19894"}],"wp:attachment":[{"href":"https:\/\/www.fcejs.unsl.edu.ar\/index.php\/wp-json\/wp\/v2\/media?parent=22216"}],"wp:term":[{"taxonomy":"category","embeddable":true,"href":"https:\/\/www.fcejs.unsl.edu.ar\/index.php\/wp-json\/wp\/v2\/categories?post=22216"},{"taxonomy":"post_tag","embeddable":true,"href":"https:\/\/www.fcejs.unsl.edu.ar\/index.php\/wp-json\/wp\/v2\/tags?post=22216"}],"curies":[{"name":"wp","href":"https:\/\/api.w.org\/{rel}","templated":true}]}}