{"id":22213,"date":"2025-10-29T11:21:00","date_gmt":"2025-10-29T14:21:00","guid":{"rendered":"http:\/\/10.101.10.197\/www\/?p=22213"},"modified":"2025-10-29T11:24:17","modified_gmt":"2025-10-29T14:24:17","slug":"jornada-academica-de-actualizacion-derecho-administrativo-y-ley-bases","status":"publish","type":"post","link":"https:\/\/www.fcejs.unsl.edu.ar\/index.php\/jornada-academica-de-actualizacion-derecho-administrativo-y-ley-bases\/","title":{"rendered":"Jornada acad\u00e9mica de actualizaci\u00f3n: Derecho Administrativo y Ley Bases"},"content":{"rendered":"<p data-start=\"303\" data-end=\"594\">La <strong>Secretar\u00eda Acad\u00e9mica<\/strong> <strong>de laFCEJS<\/strong> invita a participar de la <strong data-start=\"421\" data-end=\"495\">Jornada acad\u00e9mica de actualizaci\u00f3n: Derecho Administrativo y Ley Bases<\/strong>, que se realizar\u00e1 el <strong data-start=\"517\" data-end=\"560\">viernes 31 de octubre a las 16:00 horas<\/strong> en el <strong data-start=\"567\" data-end=\"593\">aula \u201cLuis Mar\u00eda Fr\u00fcm\u201d<\/strong>.<\/p>\n<p data-start=\"596\" data-end=\"992\">El encuentro tiene como objetivo <strong data-start=\"629\" data-end=\"696\">analizar las principales reformas introducidas por la Ley Bases<\/strong> en los distintos institutos del <strong data-start=\"729\" data-end=\"771\">Derecho Administrativo (Ley N\u00b0 19.549)<\/strong>. Asimismo, se propone <strong data-start=\"794\" data-end=\"836\">identificar los cambios m\u00e1s relevantes<\/strong> en materia normativa, enfatizando su importancia tanto para la <strong data-start=\"900\" data-end=\"944\">teor\u00eda como para la pr\u00e1ctica del derecho<\/strong>, y su <strong data-start=\"951\" data-end=\"991\">impacto en la administraci\u00f3n p\u00fablica<\/strong>.<\/p>\n<p data-start=\"994\" data-end=\"1266\">La jornada busca <strong data-start=\"1011\" data-end=\"1048\">promover el debate y la reflexi\u00f3n<\/strong> acerca de los desaf\u00edos y oportunidades que las reformas generan para la protecci\u00f3n de los derechos administrativos, as\u00ed como sobre la <strong data-start=\"1183\" data-end=\"1218\">redefinici\u00f3n del rol del Estado<\/strong> frente a los nuevos escenarios institucionales.<\/p>\n<p data-start=\"1268\" data-end=\"1504\">La actividad est\u00e1 destinada a <strong data-start=\"1298\" data-end=\"1427\">estudiantes de las asignaturas Derecho Administrativo, Procedimiento Administrativo y Derecho Constitucional y Administrativo<\/strong> de las carreras <strong data-start=\"1444\" data-end=\"1501\">Abogac\u00eda, Procurador, y Martillero y Corredor P\u00fablico<\/strong>.<\/p>\n<h2 style=\"text-align: center;\" data-start=\"1506\" data-end=\"1662\"><a href=\"https:\/\/docs.google.com\/forms\/d\/e\/1FAIpQLSfmSa4UpU7KQcIvPADPtf4m79uo60OyVLL0n7KYT2Ha_I-Eqg\/viewform\" target=\"_blank\" rel=\"noopener\"><span style=\"color: #0000ff;\"><b>INSCRIPCIONES<\/b><\/span><\/a><\/h2>\n<p data-start=\"1664\" data-end=\"1923\">Esta propuesta es organizada por las <strong data-start=\"1701\" data-end=\"1770\">c\u00e1tedras de Derecho Administrativo y Procedimiento Administrativo<\/strong> de las carreras de Abogac\u00eda y Procurador, junto a la <strong data-start=\"1824\" data-end=\"1878\">c\u00e1tedra de Derecho Constitucional y Administrativo<\/strong> de la carrera Martillero y Corredor P\u00fablico.<\/p>\n","protected":false},"excerpt":{"rendered":"<p>La Secretar\u00eda Acad\u00e9mica de laFCEJS invita a participar de la Jornada acad\u00e9mica de actualizaci\u00f3n: Derecho Administrativo y Ley Bases, que se realizar\u00e1 el viernes 31&hellip;<\/p>\n","protected":false},"author":9,"featured_media":22214,"comment_status":"closed","ping_status":"closed","sticky":false,"template":"","format":"standard","meta":{"om_disable_all_campaigns":false,"_monsterinsights_skip_tracking":false,"_monsterinsights_sitenote_active":false,"_monsterinsights_sitenote_note":"","_monsterinsights_sitenote_category":0,"footnotes":""},"categories":[1,19],"tags":[],"class_list":["post-22213","post","type-post","status-publish","format-standard","has-post-thumbnail","hentry","category-noticias","category-principal"],"yoast_head":"<!-- This site is optimized with the Yoast SEO plugin v27.5 - https:\/\/yoast.com\/product\/yoast-seo-wordpress\/ -->\n<title>Jornada acad\u00e9mica de actualizaci\u00f3n: Derecho Administrativo y Ley Bases - Facultad de Ciencias Econ\u00f3micas, Jur\u00ed\u00addicas y Sociales<\/title>\n<meta name=\"robots\" content=\"index, follow, max-snippet:-1, max-image-preview:large, max-video-preview:-1\" \/>\n<link rel=\"canonical\" href=\"https:\/\/www.fcejs.unsl.edu.ar\/index.php\/jornada-academica-de-actualizacion-derecho-administrativo-y-ley-bases\/\" \/>\n<meta property=\"og:locale\" content=\"es_ES\" \/>\n<meta property=\"og:type\" content=\"article\" \/>\n<meta property=\"og:title\" content=\"Jornada acad\u00e9mica de actualizaci\u00f3n: Derecho Administrativo y Ley Bases - Facultad de Ciencias Econ\u00f3micas, Jur\u00ed\u00addicas y Sociales\" \/>\n<meta property=\"og:description\" content=\"La Secretar\u00eda Acad\u00e9mica de laFCEJS invita a participar de la Jornada acad\u00e9mica de actualizaci\u00f3n: Derecho Administrativo y Ley Bases, que se realizar\u00e1 el viernes 31&hellip;\" \/>\n<meta property=\"og:url\" content=\"https:\/\/www.fcejs.unsl.edu.ar\/index.php\/jornada-academica-de-actualizacion-derecho-administrativo-y-ley-bases\/\" \/>\n<meta property=\"og:site_name\" content=\"Facultad de Ciencias Econ\u00f3micas, Jur\u00ed\u00addicas y Sociales\" \/>\n<meta property=\"article:publisher\" content=\"https:\/\/www.facebook.com\/FCEJS.UNSL\/\" \/>\n<meta property=\"article:published_time\" content=\"2025-10-29T14:21:00+00:00\" \/>\n<meta property=\"article:modified_time\" content=\"2025-10-29T14:24:17+00:00\" \/>\n<meta property=\"og:image\" content=\"https:\/\/www.fcejs.unsl.edu.ar\/wp-content\/uploads\/2025\/10\/PLACA-WEBLEY-BASES.png\" \/>\n\t<meta property=\"og:image:width\" content=\"4608\" \/>\n\t<meta property=\"og:image:height\" content=\"2592\" \/>\n\t<meta property=\"og:image:type\" content=\"image\/png\" \/>\n<meta name=\"author\" content=\"DATI\" \/>\n<meta name=\"twitter:card\" content=\"summary_large_image\" \/>\n<meta name=\"twitter:creator\" content=\"@FCEJSUNSL\" \/>\n<meta name=\"twitter:site\" content=\"@FCEJSUNSL\" \/>\n<meta name=\"twitter:label1\" content=\"Escrito por\" \/>\n\t<meta name=\"twitter:data1\" content=\"DATI\" \/>\n\t<meta name=\"twitter:label2\" content=\"Tiempo de lectura\" \/>\n\t<meta name=\"twitter:data2\" content=\"2 minutos\" \/>\n<script type=\"application\/ld+json\" class=\"yoast-schema-graph\">{\"@context\":\"https:\\\/\\\/schema.org\",\"@graph\":[{\"@type\":\"Article\",\"@id\":\"https:\\\/\\\/www.fcejs.unsl.edu.ar\\\/index.php\\\/jornada-academica-de-actualizacion-derecho-administrativo-y-ley-bases\\\/#article\",\"isPartOf\":{\"@id\":\"https:\\\/\\\/www.fcejs.unsl.edu.ar\\\/index.php\\\/jornada-academica-de-actualizacion-derecho-administrativo-y-ley-bases\\\/\"},\"author\":{\"name\":\"DATI\",\"@id\":\"https:\\\/\\\/www.fcejs.unsl.edu.ar\\\/#\\\/schema\\\/person\\\/352ee6ed90c3f394c7cb5945f8956d34\"},\"headline\":\"Jornada acad\u00e9mica de actualizaci\u00f3n: Derecho Administrativo y Ley Bases\",\"datePublished\":\"2025-10-29T14:21:00+00:00\",\"dateModified\":\"2025-10-29T14:24:17+00:00\",\"mainEntityOfPage\":{\"@id\":\"https:\\\/\\\/www.fcejs.unsl.edu.ar\\\/index.php\\\/jornada-academica-de-actualizacion-derecho-administrativo-y-ley-bases\\\/\"},\"wordCount\":227,\"publisher\":{\"@id\":\"https:\\\/\\\/www.fcejs.unsl.edu.ar\\\/#organization\"},\"image\":{\"@id\":\"https:\\\/\\\/www.fcejs.unsl.edu.ar\\\/index.php\\\/jornada-academica-de-actualizacion-derecho-administrativo-y-ley-bases\\\/#primaryimage\"},\"thumbnailUrl\":\"https:\\\/\\\/www.fcejs.unsl.edu.ar\\\/wp-content\\\/uploads\\\/2025\\\/10\\\/PLACA-WEBLEY-BASES.png\",\"articleSection\":[\"Noticias\",\"Principal\"],\"inLanguage\":\"es-AR\"},{\"@type\":\"WebPage\",\"@id\":\"https:\\\/\\\/www.fcejs.unsl.edu.ar\\\/index.php\\\/jornada-academica-de-actualizacion-derecho-administrativo-y-ley-bases\\\/\",\"url\":\"https:\\\/\\\/www.fcejs.unsl.edu.ar\\\/index.php\\\/jornada-academica-de-actualizacion-derecho-administrativo-y-ley-bases\\\/\",\"name\":\"Jornada acad\u00e9mica de actualizaci\u00f3n: Derecho Administrativo y Ley Bases - Facultad de Ciencias Econ\u00f3micas, Jur\u00ed\u00addicas y Sociales\",\"isPartOf\":{\"@id\":\"https:\\\/\\\/www.fcejs.unsl.edu.ar\\\/#website\"},\"primaryImageOfPage\":{\"@id\":\"https:\\\/\\\/www.fcejs.unsl.edu.ar\\\/index.php\\\/jornada-academica-de-actualizacion-derecho-administrativo-y-ley-bases\\\/#primaryimage\"},\"image\":{\"@id\":\"https:\\\/\\\/www.fcejs.unsl.edu.ar\\\/index.php\\\/jornada-academica-de-actualizacion-derecho-administrativo-y-ley-bases\\\/#primaryimage\"},\"thumbnailUrl\":\"https:\\\/\\\/www.fcejs.unsl.edu.ar\\\/wp-content\\\/uploads\\\/2025\\\/10\\\/PLACA-WEBLEY-BASES.png\",\"datePublished\":\"2025-10-29T14:21:00+00:00\",\"dateModified\":\"2025-10-29T14:24:17+00:00\",\"breadcrumb\":{\"@id\":\"https:\\\/\\\/www.fcejs.unsl.edu.ar\\\/index.php\\\/jornada-academica-de-actualizacion-derecho-administrativo-y-ley-bases\\\/#breadcrumb\"},\"inLanguage\":\"es-AR\",\"potentialAction\":[{\"@type\":\"ReadAction\",\"target\":[\"https:\\\/\\\/www.fcejs.unsl.edu.ar\\\/index.php\\\/jornada-academica-de-actualizacion-derecho-administrativo-y-ley-bases\\\/\"]}]},{\"@type\":\"ImageObject\",\"inLanguage\":\"es-AR\",\"@id\":\"https:\\\/\\\/www.fcejs.unsl.edu.ar\\\/index.php\\\/jornada-academica-de-actualizacion-derecho-administrativo-y-ley-bases\\\/#primaryimage\",\"url\":\"https:\\\/\\\/www.fcejs.unsl.edu.ar\\\/wp-content\\\/uploads\\\/2025\\\/10\\\/PLACA-WEBLEY-BASES.png\",\"contentUrl\":\"https:\\\/\\\/www.fcejs.unsl.edu.ar\\\/wp-content\\\/uploads\\\/2025\\\/10\\\/PLACA-WEBLEY-BASES.png\",\"width\":4608,\"height\":2592},{\"@type\":\"BreadcrumbList\",\"@id\":\"https:\\\/\\\/www.fcejs.unsl.edu.ar\\\/index.php\\\/jornada-academica-de-actualizacion-derecho-administrativo-y-ley-bases\\\/#breadcrumb\",\"itemListElement\":[{\"@type\":\"ListItem\",\"position\":1,\"name\":\"Inicio\",\"item\":\"https:\\\/\\\/www.fcejs.unsl.edu.ar\\\/\"},{\"@type\":\"ListItem\",\"position\":2,\"name\":\"Jornada acad\u00e9mica de actualizaci\u00f3n: Derecho Administrativo y Ley Bases\"}]},{\"@type\":\"WebSite\",\"@id\":\"https:\\\/\\\/www.fcejs.unsl.edu.ar\\\/#website\",\"url\":\"https:\\\/\\\/www.fcejs.unsl.edu.ar\\\/\",\"name\":\"Facultad de Ciencias Econ\u00f3micas, Jur\u00ed\u00addicas y Sociales\",\"description\":\"\",\"publisher\":{\"@id\":\"https:\\\/\\\/www.fcejs.unsl.edu.ar\\\/#organization\"},\"potentialAction\":[{\"@type\":\"SearchAction\",\"target\":{\"@type\":\"EntryPoint\",\"urlTemplate\":\"https:\\\/\\\/www.fcejs.unsl.edu.ar\\\/?s={search_term_string}\"},\"query-input\":{\"@type\":\"PropertyValueSpecification\",\"valueRequired\":true,\"valueName\":\"search_term_string\"}}],\"inLanguage\":\"es-AR\"},{\"@type\":\"Organization\",\"@id\":\"https:\\\/\\\/www.fcejs.unsl.edu.ar\\\/#organization\",\"name\":\"Facultad de Ciencias Econ\u00f3micas, Jur\u00eddicas y Sociales\",\"url\":\"https:\\\/\\\/www.fcejs.unsl.edu.ar\\\/\",\"logo\":{\"@type\":\"ImageObject\",\"inLanguage\":\"es-AR\",\"@id\":\"https:\\\/\\\/www.fcejs.unsl.edu.ar\\\/#\\\/schema\\\/logo\\\/image\\\/\",\"url\":\"https:\\\/\\\/www.fcejs.unsl.edu.ar\\\/wp-content\\\/uploads\\\/2021\\\/03\\\/logo-1.jpg\",\"contentUrl\":\"https:\\\/\\\/www.fcejs.unsl.edu.ar\\\/wp-content\\\/uploads\\\/2021\\\/03\\\/logo-1.jpg\",\"width\":471,\"height\":146,\"caption\":\"Facultad de Ciencias Econ\u00f3micas, Jur\u00eddicas y Sociales\"},\"image\":{\"@id\":\"https:\\\/\\\/www.fcejs.unsl.edu.ar\\\/#\\\/schema\\\/logo\\\/image\\\/\"},\"sameAs\":[\"https:\\\/\\\/www.facebook.com\\\/FCEJS.UNSL\\\/\",\"https:\\\/\\\/x.com\\\/FCEJSUNSL\",\"https:\\\/\\\/www.instagram.com\\\/fcejs.unsl\\\/\",\"https:\\\/\\\/www.youtube.com\\\/channel\\\/UCH-Ut6EaN_X5ogjIQMPe46g\\\/\"]},{\"@type\":\"Person\",\"@id\":\"https:\\\/\\\/www.fcejs.unsl.edu.ar\\\/#\\\/schema\\\/person\\\/352ee6ed90c3f394c7cb5945f8956d34\",\"name\":\"DATI\"}]}<\/script>\n<!-- \/ Yoast SEO plugin. -->","yoast_head_json":{"title":"Jornada acad\u00e9mica de actualizaci\u00f3n: Derecho Administrativo y Ley Bases - Facultad de Ciencias Econ\u00f3micas, Jur\u00ed\u00addicas y Sociales","robots":{"index":"index","follow":"follow","max-snippet":"max-snippet:-1","max-image-preview":"max-image-preview:large","max-video-preview":"max-video-preview:-1"},"canonical":"https:\/\/www.fcejs.unsl.edu.ar\/index.php\/jornada-academica-de-actualizacion-derecho-administrativo-y-ley-bases\/","og_locale":"es_ES","og_type":"article","og_title":"Jornada acad\u00e9mica de actualizaci\u00f3n: Derecho Administrativo y Ley Bases - Facultad de Ciencias Econ\u00f3micas, Jur\u00ed\u00addicas y Sociales","og_description":"La Secretar\u00eda Acad\u00e9mica de laFCEJS invita a participar de la Jornada acad\u00e9mica de actualizaci\u00f3n: Derecho Administrativo y Ley Bases, que se realizar\u00e1 el viernes 31&hellip;","og_url":"https:\/\/www.fcejs.unsl.edu.ar\/index.php\/jornada-academica-de-actualizacion-derecho-administrativo-y-ley-bases\/","og_site_name":"Facultad de Ciencias Econ\u00f3micas, Jur\u00ed\u00addicas y Sociales","article_publisher":"https:\/\/www.facebook.com\/FCEJS.UNSL\/","article_published_time":"2025-10-29T14:21:00+00:00","article_modified_time":"2025-10-29T14:24:17+00:00","og_image":[{"width":4608,"height":2592,"url":"https:\/\/www.fcejs.unsl.edu.ar\/wp-content\/uploads\/2025\/10\/PLACA-WEBLEY-BASES.png","type":"image\/png"}],"author":"DATI","twitter_card":"summary_large_image","twitter_creator":"@FCEJSUNSL","twitter_site":"@FCEJSUNSL","twitter_misc":{"Escrito por":"DATI","Tiempo de lectura":"2 minutos"},"schema":{"@context":"https:\/\/schema.org","@graph":[{"@type":"Article","@id":"https:\/\/www.fcejs.unsl.edu.ar\/index.php\/jornada-academica-de-actualizacion-derecho-administrativo-y-ley-bases\/#article","isPartOf":{"@id":"https:\/\/www.fcejs.unsl.edu.ar\/index.php\/jornada-academica-de-actualizacion-derecho-administrativo-y-ley-bases\/"},"author":{"name":"DATI","@id":"https:\/\/www.fcejs.unsl.edu.ar\/#\/schema\/person\/352ee6ed90c3f394c7cb5945f8956d34"},"headline":"Jornada acad\u00e9mica de actualizaci\u00f3n: Derecho Administrativo y Ley Bases","datePublished":"2025-10-29T14:21:00+00:00","dateModified":"2025-10-29T14:24:17+00:00","mainEntityOfPage":{"@id":"https:\/\/www.fcejs.unsl.edu.ar\/index.php\/jornada-academica-de-actualizacion-derecho-administrativo-y-ley-bases\/"},"wordCount":227,"publisher":{"@id":"https:\/\/www.fcejs.unsl.edu.ar\/#organization"},"image":{"@id":"https:\/\/www.fcejs.unsl.edu.ar\/index.php\/jornada-academica-de-actualizacion-derecho-administrativo-y-ley-bases\/#primaryimage"},"thumbnailUrl":"https:\/\/www.fcejs.unsl.edu.ar\/wp-content\/uploads\/2025\/10\/PLACA-WEBLEY-BASES.png","articleSection":["Noticias","Principal"],"inLanguage":"es-AR"},{"@type":"WebPage","@id":"https:\/\/www.fcejs.unsl.edu.ar\/index.php\/jornada-academica-de-actualizacion-derecho-administrativo-y-ley-bases\/","url":"https:\/\/www.fcejs.unsl.edu.ar\/index.php\/jornada-academica-de-actualizacion-derecho-administrativo-y-ley-bases\/","name":"Jornada acad\u00e9mica de actualizaci\u00f3n: Derecho Administrativo y Ley Bases - Facultad de Ciencias Econ\u00f3micas, Jur\u00ed\u00addicas y Sociales","isPartOf":{"@id":"https:\/\/www.fcejs.unsl.edu.ar\/#website"},"primaryImageOfPage":{"@id":"https:\/\/www.fcejs.unsl.edu.ar\/index.php\/jornada-academica-de-actualizacion-derecho-administrativo-y-ley-bases\/#primaryimage"},"image":{"@id":"https:\/\/www.fcejs.unsl.edu.ar\/index.php\/jornada-academica-de-actualizacion-derecho-administrativo-y-ley-bases\/#primaryimage"},"thumbnailUrl":"https:\/\/www.fcejs.unsl.edu.ar\/wp-content\/uploads\/2025\/10\/PLACA-WEBLEY-BASES.png","datePublished":"2025-10-29T14:21:00+00:00","dateModified":"2025-10-29T14:24:17+00:00","breadcrumb":{"@id":"https:\/\/www.fcejs.unsl.edu.ar\/index.php\/jornada-academica-de-actualizacion-derecho-administrativo-y-ley-bases\/#breadcrumb"},"inLanguage":"es-AR","potentialAction":[{"@type":"ReadAction","target":["https:\/\/www.fcejs.unsl.edu.ar\/index.php\/jornada-academica-de-actualizacion-derecho-administrativo-y-ley-bases\/"]}]},{"@type":"ImageObject","inLanguage":"es-AR","@id":"https:\/\/www.fcejs.unsl.edu.ar\/index.php\/jornada-academica-de-actualizacion-derecho-administrativo-y-ley-bases\/#primaryimage","url":"https:\/\/www.fcejs.unsl.edu.ar\/wp-content\/uploads\/2025\/10\/PLACA-WEBLEY-BASES.png","contentUrl":"https:\/\/www.fcejs.unsl.edu.ar\/wp-content\/uploads\/2025\/10\/PLACA-WEBLEY-BASES.png","width":4608,"height":2592},{"@type":"BreadcrumbList","@id":"https:\/\/www.fcejs.unsl.edu.ar\/index.php\/jornada-academica-de-actualizacion-derecho-administrativo-y-ley-bases\/#breadcrumb","itemListElement":[{"@type":"ListItem","position":1,"name":"Inicio","item":"https:\/\/www.fcejs.unsl.edu.ar\/"},{"@type":"ListItem","position":2,"name":"Jornada acad\u00e9mica de actualizaci\u00f3n: Derecho Administrativo y Ley Bases"}]},{"@type":"WebSite","@id":"https:\/\/www.fcejs.unsl.edu.ar\/#website","url":"https:\/\/www.fcejs.unsl.edu.ar\/","name":"Facultad de Ciencias Econ\u00f3micas, Jur\u00ed\u00addicas y Sociales","description":"","publisher":{"@id":"https:\/\/www.fcejs.unsl.edu.ar\/#organization"},"potentialAction":[{"@type":"SearchAction","target":{"@type":"EntryPoint","urlTemplate":"https:\/\/www.fcejs.unsl.edu.ar\/?s={search_term_string}"},"query-input":{"@type":"PropertyValueSpecification","valueRequired":true,"valueName":"search_term_string"}}],"inLanguage":"es-AR"},{"@type":"Organization","@id":"https:\/\/www.fcejs.unsl.edu.ar\/#organization","name":"Facultad de Ciencias Econ\u00f3micas, Jur\u00eddicas y Sociales","url":"https:\/\/www.fcejs.unsl.edu.ar\/","logo":{"@type":"ImageObject","inLanguage":"es-AR","@id":"https:\/\/www.fcejs.unsl.edu.ar\/#\/schema\/logo\/image\/","url":"https:\/\/www.fcejs.unsl.edu.ar\/wp-content\/uploads\/2021\/03\/logo-1.jpg","contentUrl":"https:\/\/www.fcejs.unsl.edu.ar\/wp-content\/uploads\/2021\/03\/logo-1.jpg","width":471,"height":146,"caption":"Facultad de Ciencias Econ\u00f3micas, Jur\u00eddicas y Sociales"},"image":{"@id":"https:\/\/www.fcejs.unsl.edu.ar\/#\/schema\/logo\/image\/"},"sameAs":["https:\/\/www.facebook.com\/FCEJS.UNSL\/","https:\/\/x.com\/FCEJSUNSL","https:\/\/www.instagram.com\/fcejs.unsl\/","https:\/\/www.youtube.com\/channel\/UCH-Ut6EaN_X5ogjIQMPe46g\/"]},{"@type":"Person","@id":"https:\/\/www.fcejs.unsl.edu.ar\/#\/schema\/person\/352ee6ed90c3f394c7cb5945f8956d34","name":"DATI"}]}},"jetpack_featured_media_url":"https:\/\/www.fcejs.unsl.edu.ar\/wp-content\/uploads\/2025\/10\/PLACA-WEBLEY-BASES.png","_links":{"self":[{"href":"https:\/\/www.fcejs.unsl.edu.ar\/index.php\/wp-json\/wp\/v2\/posts\/22213","targetHints":{"allow":["GET"]}}],"collection":[{"href":"https:\/\/www.fcejs.unsl.edu.ar\/index.php\/wp-json\/wp\/v2\/posts"}],"about":[{"href":"https:\/\/www.fcejs.unsl.edu.ar\/index.php\/wp-json\/wp\/v2\/types\/post"}],"author":[{"embeddable":true,"href":"https:\/\/www.fcejs.unsl.edu.ar\/index.php\/wp-json\/wp\/v2\/users\/9"}],"replies":[{"embeddable":true,"href":"https:\/\/www.fcejs.unsl.edu.ar\/index.php\/wp-json\/wp\/v2\/comments?post=22213"}],"version-history":[{"count":1,"href":"https:\/\/www.fcejs.unsl.edu.ar\/index.php\/wp-json\/wp\/v2\/posts\/22213\/revisions"}],"predecessor-version":[{"id":22215,"href":"https:\/\/www.fcejs.unsl.edu.ar\/index.php\/wp-json\/wp\/v2\/posts\/22213\/revisions\/22215"}],"wp:featuredmedia":[{"embeddable":true,"href":"https:\/\/www.fcejs.unsl.edu.ar\/index.php\/wp-json\/wp\/v2\/media\/22214"}],"wp:attachment":[{"href":"https:\/\/www.fcejs.unsl.edu.ar\/index.php\/wp-json\/wp\/v2\/media?parent=22213"}],"wp:term":[{"taxonomy":"category","embeddable":true,"href":"https:\/\/www.fcejs.unsl.edu.ar\/index.php\/wp-json\/wp\/v2\/categories?post=22213"},{"taxonomy":"post_tag","embeddable":true,"href":"https:\/\/www.fcejs.unsl.edu.ar\/index.php\/wp-json\/wp\/v2\/tags?post=22213"}],"curies":[{"name":"wp","href":"https:\/\/api.w.org\/{rel}","templated":true}]}}