{"id":22155,"date":"2025-10-27T10:37:03","date_gmt":"2025-10-27T13:37:03","guid":{"rendered":"http:\/\/10.101.10.197\/www\/?p=22155"},"modified":"2025-10-27T10:50:27","modified_gmt":"2025-10-27T13:50:27","slug":"la-fcejs-recibio-a-autoridades-de-la-ftu-para-planificar-acciones-colaborativas","status":"publish","type":"post","link":"https:\/\/www.fcejs.unsl.edu.ar\/index.php\/la-fcejs-recibio-a-autoridades-de-la-ftu-para-planificar-acciones-colaborativas\/","title":{"rendered":"La FCEJS recibi\u00f3 a autoridades de la FTU para planificar acciones colaborativas"},"content":{"rendered":"<p data-start=\"235\" data-end=\"331\">La <strong data-start=\"238\" data-end=\"247\">FCEJS<\/strong> fortalece lazos institucionales con la <strong data-start=\"287\" data-end=\"328\">Facultad de Turismo y Urbanismo (FTU)<\/strong>.\u00a0El <strong data-start=\"341\" data-end=\"351\">decano<\/strong>, Mgtr. <strong data-start=\"359\" data-end=\"376\">H\u00e9ctor Flores<\/strong>, recibi\u00f3 el pasado <strong data-start=\"396\" data-end=\"421\">viernes 24 de octubre<\/strong> la visita de la <strong data-start=\"438\" data-end=\"458\">decana de la FTU<\/strong>, Esp. <strong data-start=\"465\" data-end=\"486\">Agustina Generoso<\/strong>.<\/p>\n<p data-start=\"496\" data-end=\"856\">La jornada comenz\u00f3 con una reuni\u00f3n entre ambos equipos de gesti\u00f3n, en la que se coordinaron agendas y se delinearon propuestas de trabajo conjunto en las \u00e1reas de <strong data-start=\"659\" data-end=\"702\">investigaci\u00f3n, extensi\u00f3n y comunicaci\u00f3n<\/strong>. El eje central del encuentro estuvo orientado a <strong data-start=\"752\" data-end=\"792\">fortalecer los lazos institucionales<\/strong> y <strong data-start=\"795\" data-end=\"830\">promover acciones colaborativas<\/strong> entre ambas facultades.<\/p>\n<p data-start=\"863\" data-end=\"1301\">En di\u00e1logo con <strong data-start=\"878\" data-end=\"907\">Radio UNSL Villa Mercedes<\/strong>, la decana coment\u00f3 que durante la reuni\u00f3n \u201c<strong data-start=\"951\" data-end=\"1297\">se abordaron cuestiones que queremos empezar a trabajar en conjunto, con la intenci\u00f3n de aunar esfuerzos entre ambas facultades para poder ofrecer capacitaciones, actividades de extensi\u00f3n, actividades de posgrado, entre otras acciones que consideramos pueden ser muy favorables para nuestros estudiantes y tambi\u00e9n para la comunidad en general<\/strong>\u201d.<\/p>\n<p data-start=\"863\" data-end=\"1301\"><img fetchpriority=\"high\" decoding=\"async\" class=\"aligncenter wp-image-22157 size-full\" src=\"https:\/\/www.fcejs.unsl.edu.ar\/wp-content\/uploads\/2025\/10\/visita-decana-merlo-13.jpg\" alt=\"\" width=\"1100\" height=\"733\" srcset=\"https:\/\/www.fcejs.unsl.edu.ar\/wp-content\/uploads\/2025\/10\/visita-decana-merlo-13.jpg 1100w, https:\/\/www.fcejs.unsl.edu.ar\/wp-content\/uploads\/2025\/10\/visita-decana-merlo-13-300x200.jpg 300w, https:\/\/www.fcejs.unsl.edu.ar\/wp-content\/uploads\/2025\/10\/visita-decana-merlo-13-1024x682.jpg 1024w, https:\/\/www.fcejs.unsl.edu.ar\/wp-content\/uploads\/2025\/10\/visita-decana-merlo-13-768x512.jpg 768w\" sizes=\"(max-width: 1100px) 100vw, 1100px\" \/><\/p>\n<p data-start=\"1308\" data-end=\"1819\">Participaron del encuentro la <strong data-start=\"1338\" data-end=\"1352\">vicedecana<\/strong>, Esp. <strong data-start=\"1359\" data-end=\"1377\">Patricia Mor\u00e1n<\/strong>; la <strong data-start=\"1382\" data-end=\"1433\">secretaria de Extensi\u00f3n Universitaria de la FTU<\/strong>, Lic. <strong data-start=\"1440\" data-end=\"1457\">M\u00f3nica Torres<\/strong>; la <strong>Secretaria General de la FCEJS<\/strong>, Abg. <strong data-start=\"1503\" data-end=\"1522\">Ail\u00edn Umpierrez<\/strong>; la <strong>Secretaria Acad\u00e9mica, Lic. Pamela Bianco<\/strong>,\u00a0la <strong>Secretaria de Extensi\u00f3n Universitaria<\/strong>, Lic. <strong data-start=\"1575\" data-end=\"1596\">Nazarena Echand\u00eda<\/strong>; la <strong data-start=\"1601\" data-end=\"1643\">Secretaria de Investigaci\u00f3n y Posgrado<\/strong>, Mgtr. <strong data-start=\"1651\" data-end=\"1666\">Ayel\u00e9n Neme<\/strong>; el <strong data-start=\"1671\" data-end=\"1701\">Secretario de Planeamiento<\/strong>, Esp. <strong data-start=\"1708\" data-end=\"1726\">Joaqu\u00edn Flores<\/strong>; y el <strong data-start=\"1733\" data-end=\"1790\">Subsecretario de Comunicaci\u00f3n, Ceremonial y Protocolo<\/strong>, Lic. <strong data-start=\"1797\" data-end=\"1816\">Cristian Payero<\/strong>.<\/p>\n<p data-start=\"1826\" data-end=\"2148\">Posteriormente, la decana y la secretaria de Extensi\u00f3n de la FTU visitaron las instalaciones de <strong data-start=\"1922\" data-end=\"1958\">Radio Universidad Villa Mercedes<\/strong>, donde participaron de una entrevista con el equipo de la emisora. Luego recorrieron las <strong data-start=\"2048\" data-end=\"2080\">Aulas Especiales de la FCEJS<\/strong> y la <strong data-start=\"2086\" data-end=\"2147\">Escuela de Econom\u00eda, Negocios y Transferencia Tecnol\u00f3gica<\/strong>.<\/p>\n<p data-start=\"1826\" data-end=\"2148\">Esta fue la primera de una serie de reuniones que continuar\u00e1n realiz\u00e1ndose hasta la firma de un acta, en la que se plasmar\u00e1 el conjunto de proyectos y acciones a desarrollar de manera articulada entre ambas facultades.<\/p>\n<p data-start=\"1826\" data-end=\"2148\">\n<p data-start=\"1826\" data-end=\"2148\"><div class=\"gmedia_gallery phantom_module is_bot\" id=\"GmediaGallery_300\" data-gmid=\"300\" data-module=\"phantom\"><style type='text\/css' class='gmedia_module_style_import'>@import url('https:\/\/www.fcejs.unsl.edu.ar\/wp-content\/plugins\/grand-media\/module\/phantom\/css\/style.css') all;<\/style>    <div class=\"gmPhantom_Container noLightbox\" >\r\n                <div class=\"gmPhantom_thumbsWrapper gmPhantom_ThumbScale gmPhantom_LabelHover\">\r\n                        <div class=\"gmPhantom_ThumbContainer gmPhantom_ThumbLoader\" data-id=\"5338\" data-post_id=\"22185\" data-ratio=\"1.5\" data-type=\"image\" data-ext=\"jpg\" data-views=\"10\" data-likes=\"0\" data-cc=\"0\" data-post_link=\"https:\/\/www.fcejs.unsl.edu.ar\/index.php\/gmedia\/visita_decanaftu-escuela_26_-jpg\/\">\r\n                <a href=\"https:\/\/www.fcejs.unsl.edu.ar\/wp-content\/grand-media\/image\/Visita_Decanaftu-escuela_26_.jpg\" class=\"gmPhantom_Thumb\"><img decoding=\"async\" src=\"https:\/\/www.fcejs.unsl.edu.ar\/wp-content\/grand-media\/image\/thumb\/Visita_Decanaftu-escuela_26_.jpg\" data-src=\"https:\/\/www.fcejs.unsl.edu.ar\/wp-content\/grand-media\/image\/Visita_Decanaftu-escuela_26_.jpg\" alt=\"Visita Decanaftu-escuela (26)\"\/><\/a>\r\n                                    <div class=\"gmPhantom_ThumbLabel\"><span class=\"gmPhantom_ThumbLabel_title\">Visita Decanaftu-escuela (26)<\/span><\/div>\r\n                                    <div style=\"display:none;\" class=\"gmPhantom_Details\">\r\n                                            <div class=\"gmPhantom_description\">\r\n                            <div class=\"gmPhantom_title\">Visita Decanaftu-escuela (26)<\/div>\r\n                            <div class=\"gmPhantom_text\"><\/div>\r\n                        <\/div>\r\n                                                            <div class=\"gmPhantom_terms\">\r\n                                                    <div class=\"gmPhantom_other_terms\">\r\n                                <table class=\"gmPhantom_other_terms_table\">\r\n                                                                            <tr class=\"gmPhantom_term_row_album\">\r\n                                            <td class=\"gmPhantom_term_key\">Album<\/td>\r\n                                            <td class=\"gmPhantom_term_value\"><a href=\"\/index.php\/wp-json\/wp\/v2\/posts\/22155?gm300[album__in]=300\" class=\"gmPhantom_alb\">visita-decana-ftu-2025<\/a><\/td>\r\n                                        <\/tr>\r\n                                                                    <\/table>\r\n                            <\/div>\r\n                                                <\/div>\r\n                <\/div>\r\n                <\/div>            <div class=\"gmPhantom_ThumbContainer gmPhantom_ThumbLoader\" data-id=\"5337\" data-post_id=\"22184\" data-ratio=\"1.5\" data-type=\"image\" data-ext=\"jpg\" data-views=\"7\" data-likes=\"0\" data-cc=\"0\" data-post_link=\"https:\/\/www.fcejs.unsl.edu.ar\/index.php\/gmedia\/visita_decanaftu-escuela_20_-jpg\/\">\r\n                <a href=\"https:\/\/www.fcejs.unsl.edu.ar\/wp-content\/grand-media\/image\/Visita_Decanaftu-escuela_20_.jpg\" class=\"gmPhantom_Thumb\"><img decoding=\"async\" src=\"https:\/\/www.fcejs.unsl.edu.ar\/wp-content\/grand-media\/image\/thumb\/Visita_Decanaftu-escuela_20_.jpg\" data-src=\"https:\/\/www.fcejs.unsl.edu.ar\/wp-content\/grand-media\/image\/Visita_Decanaftu-escuela_20_.jpg\" alt=\"Visita Decanaftu-escuela (20)\"\/><\/a>\r\n                                    <div class=\"gmPhantom_ThumbLabel\"><span class=\"gmPhantom_ThumbLabel_title\">Visita Decanaftu-escuela (20)<\/span><\/div>\r\n                                    <div style=\"display:none;\" class=\"gmPhantom_Details\">\r\n                                            <div class=\"gmPhantom_description\">\r\n                            <div class=\"gmPhantom_title\">Visita Decanaftu-escuela (20)<\/div>\r\n                            <div class=\"gmPhantom_text\"><\/div>\r\n                        <\/div>\r\n                                                            <div class=\"gmPhantom_terms\">\r\n                                                    <div class=\"gmPhantom_other_terms\">\r\n                                <table class=\"gmPhantom_other_terms_table\">\r\n                                                                            <tr class=\"gmPhantom_term_row_album\">\r\n                                            <td class=\"gmPhantom_term_key\">Album<\/td>\r\n                                            <td class=\"gmPhantom_term_value\"><a href=\"\/index.php\/wp-json\/wp\/v2\/posts\/22155?gm300[album__in]=300\" class=\"gmPhantom_alb\">visita-decana-ftu-2025<\/a><\/td>\r\n                                        <\/tr>\r\n                                                                    <\/table>\r\n                            <\/div>\r\n                                                <\/div>\r\n                <\/div>\r\n                <\/div>            <div class=\"gmPhantom_ThumbContainer gmPhantom_ThumbLoader\" data-id=\"5336\" data-post_id=\"22183\" data-ratio=\"1.5\" data-type=\"image\" data-ext=\"jpg\" data-views=\"9\" data-likes=\"0\" data-cc=\"0\" data-post_link=\"https:\/\/www.fcejs.unsl.edu.ar\/index.php\/gmedia\/visita_decanaftu-escuela_16_-jpg\/\">\r\n                <a href=\"https:\/\/www.fcejs.unsl.edu.ar\/wp-content\/grand-media\/image\/Visita_Decanaftu-escuela_16_.jpg\" class=\"gmPhantom_Thumb\"><img decoding=\"async\" src=\"https:\/\/www.fcejs.unsl.edu.ar\/wp-content\/grand-media\/image\/thumb\/Visita_Decanaftu-escuela_16_.jpg\" data-src=\"https:\/\/www.fcejs.unsl.edu.ar\/wp-content\/grand-media\/image\/Visita_Decanaftu-escuela_16_.jpg\" alt=\"Visita Decanaftu-escuela (16)\"\/><\/a>\r\n                                    <div class=\"gmPhantom_ThumbLabel\"><span class=\"gmPhantom_ThumbLabel_title\">Visita Decanaftu-escuela (16)<\/span><\/div>\r\n                                    <div style=\"display:none;\" class=\"gmPhantom_Details\">\r\n                                            <div class=\"gmPhantom_description\">\r\n                            <div class=\"gmPhantom_title\">Visita Decanaftu-escuela (16)<\/div>\r\n                            <div class=\"gmPhantom_text\"><\/div>\r\n                        <\/div>\r\n                                                            <div class=\"gmPhantom_terms\">\r\n                                                    <div class=\"gmPhantom_other_terms\">\r\n                                <table class=\"gmPhantom_other_terms_table\">\r\n                                                                            <tr class=\"gmPhantom_term_row_album\">\r\n                                            <td class=\"gmPhantom_term_key\">Album<\/td>\r\n                                            <td class=\"gmPhantom_term_value\"><a href=\"\/index.php\/wp-json\/wp\/v2\/posts\/22155?gm300[album__in]=300\" class=\"gmPhantom_alb\">visita-decana-ftu-2025<\/a><\/td>\r\n                                        <\/tr>\r\n                                                                    <\/table>\r\n                            <\/div>\r\n                                                <\/div>\r\n                <\/div>\r\n                <\/div>            <div class=\"gmPhantom_ThumbContainer gmPhantom_ThumbLoader\" data-id=\"5335\" data-post_id=\"22182\" data-ratio=\"1.5\" data-type=\"image\" data-ext=\"jpg\" data-views=\"9\" data-likes=\"0\" data-cc=\"0\" data-post_link=\"https:\/\/www.fcejs.unsl.edu.ar\/index.php\/gmedia\/visita_decanaftu-escuela_12_-jpg\/\">\r\n                <a href=\"https:\/\/www.fcejs.unsl.edu.ar\/wp-content\/grand-media\/image\/Visita_Decanaftu-escuela_12_.jpg\" class=\"gmPhantom_Thumb\"><img decoding=\"async\" src=\"https:\/\/www.fcejs.unsl.edu.ar\/wp-content\/grand-media\/image\/thumb\/Visita_Decanaftu-escuela_12_.jpg\" data-src=\"https:\/\/www.fcejs.unsl.edu.ar\/wp-content\/grand-media\/image\/Visita_Decanaftu-escuela_12_.jpg\" alt=\"Visita Decanaftu-escuela (12)\"\/><\/a>\r\n                                    <div class=\"gmPhantom_ThumbLabel\"><span class=\"gmPhantom_ThumbLabel_title\">Visita Decanaftu-escuela (12)<\/span><\/div>\r\n                                    <div style=\"display:none;\" class=\"gmPhantom_Details\">\r\n                                            <div class=\"gmPhantom_description\">\r\n                            <div class=\"gmPhantom_title\">Visita Decanaftu-escuela (12)<\/div>\r\n                            <div class=\"gmPhantom_text\"><\/div>\r\n                        <\/div>\r\n                                                            <div class=\"gmPhantom_terms\">\r\n                                                    <div class=\"gmPhantom_other_terms\">\r\n                                <table class=\"gmPhantom_other_terms_table\">\r\n                                                                            <tr class=\"gmPhantom_term_row_album\">\r\n                                            <td class=\"gmPhantom_term_key\">Album<\/td>\r\n                                            <td class=\"gmPhantom_term_value\"><a href=\"\/index.php\/wp-json\/wp\/v2\/posts\/22155?gm300[album__in]=300\" class=\"gmPhantom_alb\">visita-decana-ftu-2025<\/a><\/td>\r\n                                        <\/tr>\r\n                                                                    <\/table>\r\n                            <\/div>\r\n                                                <\/div>\r\n                <\/div>\r\n                <\/div>            <div class=\"gmPhantom_ThumbContainer gmPhantom_ThumbLoader\" data-id=\"5334\" data-post_id=\"22181\" data-ratio=\"1.5\" data-type=\"image\" data-ext=\"jpg\" data-views=\"4\" data-likes=\"0\" data-cc=\"0\" data-post_link=\"https:\/\/www.fcejs.unsl.edu.ar\/index.php\/gmedia\/visita_decanaftu-escuela_11_-jpg\/\">\r\n                <a href=\"https:\/\/www.fcejs.unsl.edu.ar\/wp-content\/grand-media\/image\/Visita_Decanaftu-escuela_11_.jpg\" class=\"gmPhantom_Thumb\"><img decoding=\"async\" src=\"https:\/\/www.fcejs.unsl.edu.ar\/wp-content\/grand-media\/image\/thumb\/Visita_Decanaftu-escuela_11_.jpg\" data-src=\"https:\/\/www.fcejs.unsl.edu.ar\/wp-content\/grand-media\/image\/Visita_Decanaftu-escuela_11_.jpg\" alt=\"Visita Decanaftu-escuela (11)\"\/><\/a>\r\n                                    <div class=\"gmPhantom_ThumbLabel\"><span class=\"gmPhantom_ThumbLabel_title\">Visita Decanaftu-escuela (11)<\/span><\/div>\r\n                                    <div style=\"display:none;\" class=\"gmPhantom_Details\">\r\n                                            <div class=\"gmPhantom_description\">\r\n                            <div class=\"gmPhantom_title\">Visita Decanaftu-escuela (11)<\/div>\r\n                            <div class=\"gmPhantom_text\"><\/div>\r\n                        <\/div>\r\n                                                            <div class=\"gmPhantom_terms\">\r\n                                                    <div class=\"gmPhantom_other_terms\">\r\n                                <table class=\"gmPhantom_other_terms_table\">\r\n                                                                            <tr class=\"gmPhantom_term_row_album\">\r\n                                            <td class=\"gmPhantom_term_key\">Album<\/td>\r\n                                            <td class=\"gmPhantom_term_value\"><a href=\"\/index.php\/wp-json\/wp\/v2\/posts\/22155?gm300[album__in]=300\" class=\"gmPhantom_alb\">visita-decana-ftu-2025<\/a><\/td>\r\n                                        <\/tr>\r\n                                                                    <\/table>\r\n                            <\/div>\r\n                                                <\/div>\r\n                <\/div>\r\n                <\/div>            <div class=\"gmPhantom_ThumbContainer gmPhantom_ThumbLoader\" data-id=\"5333\" data-post_id=\"22180\" data-ratio=\"1.5\" data-type=\"image\" data-ext=\"jpg\" data-views=\"7\" data-likes=\"0\" data-cc=\"0\" data-post_link=\"https:\/\/www.fcejs.unsl.edu.ar\/index.php\/gmedia\/visita_decanaftu-escuela_10_-jpg\/\">\r\n                <a href=\"https:\/\/www.fcejs.unsl.edu.ar\/wp-content\/grand-media\/image\/Visita_Decanaftu-escuela_10_.jpg\" class=\"gmPhantom_Thumb\"><img decoding=\"async\" src=\"https:\/\/www.fcejs.unsl.edu.ar\/wp-content\/grand-media\/image\/thumb\/Visita_Decanaftu-escuela_10_.jpg\" data-src=\"https:\/\/www.fcejs.unsl.edu.ar\/wp-content\/grand-media\/image\/Visita_Decanaftu-escuela_10_.jpg\" alt=\"Visita Decanaftu-escuela (10)\"\/><\/a>\r\n                                    <div class=\"gmPhantom_ThumbLabel\"><span class=\"gmPhantom_ThumbLabel_title\">Visita Decanaftu-escuela (10)<\/span><\/div>\r\n                                    <div style=\"display:none;\" class=\"gmPhantom_Details\">\r\n                                            <div class=\"gmPhantom_description\">\r\n                            <div class=\"gmPhantom_title\">Visita Decanaftu-escuela (10)<\/div>\r\n                            <div class=\"gmPhantom_text\"><\/div>\r\n                        <\/div>\r\n                                                            <div class=\"gmPhantom_terms\">\r\n                                                    <div class=\"gmPhantom_other_terms\">\r\n                                <table class=\"gmPhantom_other_terms_table\">\r\n                                                                            <tr class=\"gmPhantom_term_row_album\">\r\n                                            <td class=\"gmPhantom_term_key\">Album<\/td>\r\n                                            <td class=\"gmPhantom_term_value\"><a href=\"\/index.php\/wp-json\/wp\/v2\/posts\/22155?gm300[album__in]=300\" class=\"gmPhantom_alb\">visita-decana-ftu-2025<\/a><\/td>\r\n                                        <\/tr>\r\n                                                                    <\/table>\r\n                            <\/div>\r\n                                                <\/div>\r\n                <\/div>\r\n                <\/div>            <div class=\"gmPhantom_ThumbContainer gmPhantom_ThumbLoader\" data-id=\"5332\" data-post_id=\"22179\" data-ratio=\"1.5\" data-type=\"image\" data-ext=\"jpg\" data-views=\"4\" data-likes=\"0\" data-cc=\"0\" data-post_link=\"https:\/\/www.fcejs.unsl.edu.ar\/index.php\/gmedia\/visita_decanaftu-escuela_8_-jpg\/\">\r\n                <a href=\"https:\/\/www.fcejs.unsl.edu.ar\/wp-content\/grand-media\/image\/Visita_Decanaftu-escuela_8_.jpg\" class=\"gmPhantom_Thumb\"><img decoding=\"async\" src=\"https:\/\/www.fcejs.unsl.edu.ar\/wp-content\/grand-media\/image\/thumb\/Visita_Decanaftu-escuela_8_.jpg\" data-src=\"https:\/\/www.fcejs.unsl.edu.ar\/wp-content\/grand-media\/image\/Visita_Decanaftu-escuela_8_.jpg\" alt=\"Visita Decanaftu-escuela (8)\"\/><\/a>\r\n                                    <div class=\"gmPhantom_ThumbLabel\"><span class=\"gmPhantom_ThumbLabel_title\">Visita Decanaftu-escuela (8)<\/span><\/div>\r\n                                    <div style=\"display:none;\" class=\"gmPhantom_Details\">\r\n                                            <div class=\"gmPhantom_description\">\r\n                            <div class=\"gmPhantom_title\">Visita Decanaftu-escuela (8)<\/div>\r\n                            <div class=\"gmPhantom_text\"><\/div>\r\n                        <\/div>\r\n                                                            <div class=\"gmPhantom_terms\">\r\n                                                    <div class=\"gmPhantom_other_terms\">\r\n                                <table class=\"gmPhantom_other_terms_table\">\r\n                                                                            <tr class=\"gmPhantom_term_row_album\">\r\n                                            <td class=\"gmPhantom_term_key\">Album<\/td>\r\n                                            <td class=\"gmPhantom_term_value\"><a href=\"\/index.php\/wp-json\/wp\/v2\/posts\/22155?gm300[album__in]=300\" class=\"gmPhantom_alb\">visita-decana-ftu-2025<\/a><\/td>\r\n                                        <\/tr>\r\n                                                                    <\/table>\r\n                            <\/div>\r\n                                                <\/div>\r\n                <\/div>\r\n                <\/div>            <div class=\"gmPhantom_ThumbContainer gmPhantom_ThumbLoader\" data-id=\"5331\" data-post_id=\"22178\" data-ratio=\"1.5\" data-type=\"image\" data-ext=\"jpg\" data-views=\"10\" data-likes=\"0\" data-cc=\"0\" data-post_link=\"https:\/\/www.fcejs.unsl.edu.ar\/index.php\/gmedia\/visita_decanaftu-escuela_7_-jpg\/\">\r\n                <a href=\"https:\/\/www.fcejs.unsl.edu.ar\/wp-content\/grand-media\/image\/Visita_Decanaftu-escuela_7_.jpg\" class=\"gmPhantom_Thumb\"><img decoding=\"async\" src=\"https:\/\/www.fcejs.unsl.edu.ar\/wp-content\/grand-media\/image\/thumb\/Visita_Decanaftu-escuela_7_.jpg\" data-src=\"https:\/\/www.fcejs.unsl.edu.ar\/wp-content\/grand-media\/image\/Visita_Decanaftu-escuela_7_.jpg\" alt=\"Visita Decanaftu-escuela (7)\"\/><\/a>\r\n                                    <div class=\"gmPhantom_ThumbLabel\"><span class=\"gmPhantom_ThumbLabel_title\">Visita Decanaftu-escuela (7)<\/span><\/div>\r\n                                    <div style=\"display:none;\" class=\"gmPhantom_Details\">\r\n                                            <div class=\"gmPhantom_description\">\r\n                            <div class=\"gmPhantom_title\">Visita Decanaftu-escuela (7)<\/div>\r\n                            <div class=\"gmPhantom_text\"><\/div>\r\n                        <\/div>\r\n                                                            <div class=\"gmPhantom_terms\">\r\n                                                    <div class=\"gmPhantom_other_terms\">\r\n                                <table class=\"gmPhantom_other_terms_table\">\r\n                                                                            <tr class=\"gmPhantom_term_row_album\">\r\n                                            <td class=\"gmPhantom_term_key\">Album<\/td>\r\n                                            <td class=\"gmPhantom_term_value\"><a href=\"\/index.php\/wp-json\/wp\/v2\/posts\/22155?gm300[album__in]=300\" class=\"gmPhantom_alb\">visita-decana-ftu-2025<\/a><\/td>\r\n                                        <\/tr>\r\n                                                                    <\/table>\r\n                            <\/div>\r\n                                                <\/div>\r\n                <\/div>\r\n                <\/div>            <div class=\"gmPhantom_ThumbContainer gmPhantom_ThumbLoader\" data-id=\"5330\" data-post_id=\"22177\" data-ratio=\"1.5\" data-type=\"image\" data-ext=\"jpg\" data-views=\"8\" data-likes=\"0\" data-cc=\"0\" data-post_link=\"https:\/\/www.fcejs.unsl.edu.ar\/index.php\/gmedia\/visita_decanaftu-escuela_5_-jpg\/\">\r\n                <a href=\"https:\/\/www.fcejs.unsl.edu.ar\/wp-content\/grand-media\/image\/Visita_Decanaftu-escuela_5_.jpg\" class=\"gmPhantom_Thumb\"><img decoding=\"async\" src=\"https:\/\/www.fcejs.unsl.edu.ar\/wp-content\/grand-media\/image\/thumb\/Visita_Decanaftu-escuela_5_.jpg\" data-src=\"https:\/\/www.fcejs.unsl.edu.ar\/wp-content\/grand-media\/image\/Visita_Decanaftu-escuela_5_.jpg\" alt=\"Visita Decanaftu-escuela (5)\"\/><\/a>\r\n                                    <div class=\"gmPhantom_ThumbLabel\"><span class=\"gmPhantom_ThumbLabel_title\">Visita Decanaftu-escuela (5)<\/span><\/div>\r\n                                    <div style=\"display:none;\" class=\"gmPhantom_Details\">\r\n                                            <div class=\"gmPhantom_description\">\r\n                            <div class=\"gmPhantom_title\">Visita Decanaftu-escuela (5)<\/div>\r\n                            <div class=\"gmPhantom_text\"><\/div>\r\n                        <\/div>\r\n                                                            <div class=\"gmPhantom_terms\">\r\n                                                    <div class=\"gmPhantom_other_terms\">\r\n                                <table class=\"gmPhantom_other_terms_table\">\r\n                                                                            <tr class=\"gmPhantom_term_row_album\">\r\n                                            <td class=\"gmPhantom_term_key\">Album<\/td>\r\n                                            <td class=\"gmPhantom_term_value\"><a href=\"\/index.php\/wp-json\/wp\/v2\/posts\/22155?gm300[album__in]=300\" class=\"gmPhantom_alb\">visita-decana-ftu-2025<\/a><\/td>\r\n                                        <\/tr>\r\n                                                                    <\/table>\r\n                            <\/div>\r\n                                                <\/div>\r\n                <\/div>\r\n                <\/div>            <div class=\"gmPhantom_ThumbContainer gmPhantom_ThumbLoader\" data-id=\"5329\" data-post_id=\"22176\" data-ratio=\"1.5\" data-type=\"image\" data-ext=\"jpg\" data-views=\"7\" data-likes=\"0\" data-cc=\"0\" data-post_link=\"https:\/\/www.fcejs.unsl.edu.ar\/index.php\/gmedia\/visita_decanaftu-escuela_4_-jpg\/\">\r\n                <a href=\"https:\/\/www.fcejs.unsl.edu.ar\/wp-content\/grand-media\/image\/Visita_Decanaftu-escuela_4_.jpg\" class=\"gmPhantom_Thumb\"><img decoding=\"async\" src=\"https:\/\/www.fcejs.unsl.edu.ar\/wp-content\/grand-media\/image\/thumb\/Visita_Decanaftu-escuela_4_.jpg\" data-src=\"https:\/\/www.fcejs.unsl.edu.ar\/wp-content\/grand-media\/image\/Visita_Decanaftu-escuela_4_.jpg\" alt=\"Visita Decanaftu-escuela (4)\"\/><\/a>\r\n                                    <div class=\"gmPhantom_ThumbLabel\"><span class=\"gmPhantom_ThumbLabel_title\">Visita Decanaftu-escuela (4)<\/span><\/div>\r\n                                    <div style=\"display:none;\" class=\"gmPhantom_Details\">\r\n                                            <div class=\"gmPhantom_description\">\r\n                            <div class=\"gmPhantom_title\">Visita Decanaftu-escuela (4)<\/div>\r\n                            <div class=\"gmPhantom_text\"><\/div>\r\n                        <\/div>\r\n                                                            <div class=\"gmPhantom_terms\">\r\n                                                    <div class=\"gmPhantom_other_terms\">\r\n                                <table class=\"gmPhantom_other_terms_table\">\r\n                                                                            <tr class=\"gmPhantom_term_row_album\">\r\n                                            <td class=\"gmPhantom_term_key\">Album<\/td>\r\n                                            <td class=\"gmPhantom_term_value\"><a href=\"\/index.php\/wp-json\/wp\/v2\/posts\/22155?gm300[album__in]=300\" class=\"gmPhantom_alb\">visita-decana-ftu-2025<\/a><\/td>\r\n                                        <\/tr>\r\n                                                                    <\/table>\r\n                            <\/div>\r\n                                                <\/div>\r\n                <\/div>\r\n                <\/div>            <div class=\"gmPhantom_ThumbContainer gmPhantom_ThumbLoader\" data-id=\"5328\" data-post_id=\"22175\" data-ratio=\"1.5\" data-type=\"image\" data-ext=\"jpg\" data-views=\"9\" data-likes=\"0\" data-cc=\"0\" data-post_link=\"https:\/\/www.fcejs.unsl.edu.ar\/index.php\/gmedia\/visita_decanaftu-escuela_2_-jpg\/\">\r\n                <a href=\"https:\/\/www.fcejs.unsl.edu.ar\/wp-content\/grand-media\/image\/Visita_Decanaftu-escuela_2_.jpg\" class=\"gmPhantom_Thumb\"><img decoding=\"async\" src=\"https:\/\/www.fcejs.unsl.edu.ar\/wp-content\/grand-media\/image\/thumb\/Visita_Decanaftu-escuela_2_.jpg\" data-src=\"https:\/\/www.fcejs.unsl.edu.ar\/wp-content\/grand-media\/image\/Visita_Decanaftu-escuela_2_.jpg\" alt=\"Visita Decanaftu-escuela (2)\"\/><\/a>\r\n                                    <div class=\"gmPhantom_ThumbLabel\"><span class=\"gmPhantom_ThumbLabel_title\">Visita Decanaftu-escuela (2)<\/span><\/div>\r\n                                    <div style=\"display:none;\" class=\"gmPhantom_Details\">\r\n                                            <div class=\"gmPhantom_description\">\r\n                            <div class=\"gmPhantom_title\">Visita Decanaftu-escuela (2)<\/div>\r\n                            <div class=\"gmPhantom_text\"><\/div>\r\n                        <\/div>\r\n                                                            <div class=\"gmPhantom_terms\">\r\n                                                    <div class=\"gmPhantom_other_terms\">\r\n                                <table class=\"gmPhantom_other_terms_table\">\r\n                                                                            <tr class=\"gmPhantom_term_row_album\">\r\n                                            <td class=\"gmPhantom_term_key\">Album<\/td>\r\n                                            <td class=\"gmPhantom_term_value\"><a href=\"\/index.php\/wp-json\/wp\/v2\/posts\/22155?gm300[album__in]=300\" class=\"gmPhantom_alb\">visita-decana-ftu-2025<\/a><\/td>\r\n                                        <\/tr>\r\n                                                                    <\/table>\r\n                            <\/div>\r\n                                                <\/div>\r\n                <\/div>\r\n                <\/div>            <div class=\"gmPhantom_ThumbContainer gmPhantom_ThumbLoader\" data-id=\"5327\" data-post_id=\"22174\" data-ratio=\"1.5\" data-type=\"image\" data-ext=\"jpg\" data-views=\"10\" data-likes=\"0\" data-cc=\"0\" data-post_link=\"https:\/\/www.fcejs.unsl.edu.ar\/index.php\/gmedia\/visita_decanaftu-escuela_1_-jpg\/\">\r\n                <a href=\"https:\/\/www.fcejs.unsl.edu.ar\/wp-content\/grand-media\/image\/Visita_Decanaftu-escuela_1_.jpg\" class=\"gmPhantom_Thumb\"><img decoding=\"async\" src=\"https:\/\/www.fcejs.unsl.edu.ar\/wp-content\/grand-media\/image\/thumb\/Visita_Decanaftu-escuela_1_.jpg\" data-src=\"https:\/\/www.fcejs.unsl.edu.ar\/wp-content\/grand-media\/image\/Visita_Decanaftu-escuela_1_.jpg\" alt=\"Visita Decanaftu-escuela (1)\"\/><\/a>\r\n                                    <div class=\"gmPhantom_ThumbLabel\"><span class=\"gmPhantom_ThumbLabel_title\">Visita Decanaftu-escuela (1)<\/span><\/div>\r\n                                    <div style=\"display:none;\" class=\"gmPhantom_Details\">\r\n                                            <div class=\"gmPhantom_description\">\r\n                            <div class=\"gmPhantom_title\">Visita Decanaftu-escuela (1)<\/div>\r\n                            <div class=\"gmPhantom_text\"><\/div>\r\n                        <\/div>\r\n                                                            <div class=\"gmPhantom_terms\">\r\n                                                    <div class=\"gmPhantom_other_terms\">\r\n                                <table class=\"gmPhantom_other_terms_table\">\r\n                                                                            <tr class=\"gmPhantom_term_row_album\">\r\n                                            <td class=\"gmPhantom_term_key\">Album<\/td>\r\n                                            <td class=\"gmPhantom_term_value\"><a href=\"\/index.php\/wp-json\/wp\/v2\/posts\/22155?gm300[album__in]=300\" class=\"gmPhantom_alb\">visita-decana-ftu-2025<\/a><\/td>\r\n                                        <\/tr>\r\n                                                                    <\/table>\r\n                            <\/div>\r\n                                                <\/div>\r\n                <\/div>\r\n                <\/div>            <div class=\"gmPhantom_ThumbContainer gmPhantom_ThumbLoader\" data-id=\"5326\" data-post_id=\"22173\" data-ratio=\"1.5\" data-type=\"image\" data-ext=\"jpg\" data-views=\"6\" data-likes=\"0\" data-cc=\"0\" data-post_link=\"https:\/\/www.fcejs.unsl.edu.ar\/index.php\/gmedia\/visita-decana-merlo-50-jpg\/\">\r\n                <a href=\"https:\/\/www.fcejs.unsl.edu.ar\/wp-content\/grand-media\/image\/visita-decana-merlo-50.jpg\" class=\"gmPhantom_Thumb\"><img decoding=\"async\" src=\"https:\/\/www.fcejs.unsl.edu.ar\/wp-content\/grand-media\/image\/thumb\/visita-decana-merlo-50.jpg\" data-src=\"https:\/\/www.fcejs.unsl.edu.ar\/wp-content\/grand-media\/image\/visita-decana-merlo-50.jpg\" alt=\"Visita-decana-merlo-50\"\/><\/a>\r\n                                    <div class=\"gmPhantom_ThumbLabel\"><span class=\"gmPhantom_ThumbLabel_title\">Visita-decana-merlo-50<\/span><\/div>\r\n                                    <div style=\"display:none;\" class=\"gmPhantom_Details\">\r\n                                            <div class=\"gmPhantom_description\">\r\n                            <div class=\"gmPhantom_title\">Visita-decana-merlo-50<\/div>\r\n                            <div class=\"gmPhantom_text\"><\/div>\r\n                        <\/div>\r\n                                                            <div class=\"gmPhantom_terms\">\r\n                                                    <div class=\"gmPhantom_other_terms\">\r\n                                <table class=\"gmPhantom_other_terms_table\">\r\n                                                                            <tr class=\"gmPhantom_term_row_album\">\r\n                                            <td class=\"gmPhantom_term_key\">Album<\/td>\r\n                                            <td class=\"gmPhantom_term_value\"><a href=\"\/index.php\/wp-json\/wp\/v2\/posts\/22155?gm300[album__in]=300\" class=\"gmPhantom_alb\">visita-decana-ftu-2025<\/a><\/td>\r\n                                        <\/tr>\r\n                                                                    <\/table>\r\n                            <\/div>\r\n                                                <\/div>\r\n                <\/div>\r\n                <\/div>            <div class=\"gmPhantom_ThumbContainer gmPhantom_ThumbLoader\" data-id=\"5325\" data-post_id=\"22172\" data-ratio=\"1.5\" data-type=\"image\" data-ext=\"jpg\" data-views=\"6\" data-likes=\"0\" data-cc=\"0\" data-post_link=\"https:\/\/www.fcejs.unsl.edu.ar\/index.php\/gmedia\/visita-decana-merlo-48-jpg\/\">\r\n                <a href=\"https:\/\/www.fcejs.unsl.edu.ar\/wp-content\/grand-media\/image\/visita-decana-merlo-48.jpg\" class=\"gmPhantom_Thumb\"><img decoding=\"async\" src=\"https:\/\/www.fcejs.unsl.edu.ar\/wp-content\/grand-media\/image\/thumb\/visita-decana-merlo-48.jpg\" data-src=\"https:\/\/www.fcejs.unsl.edu.ar\/wp-content\/grand-media\/image\/visita-decana-merlo-48.jpg\" alt=\"Visita-decana-merlo-48\"\/><\/a>\r\n                                    <div class=\"gmPhantom_ThumbLabel\"><span class=\"gmPhantom_ThumbLabel_title\">Visita-decana-merlo-48<\/span><\/div>\r\n                                    <div style=\"display:none;\" class=\"gmPhantom_Details\">\r\n                                            <div class=\"gmPhantom_description\">\r\n                            <div class=\"gmPhantom_title\">Visita-decana-merlo-48<\/div>\r\n                            <div class=\"gmPhantom_text\"><\/div>\r\n                        <\/div>\r\n                                                            <div class=\"gmPhantom_terms\">\r\n                                                    <div class=\"gmPhantom_other_terms\">\r\n                                <table class=\"gmPhantom_other_terms_table\">\r\n                                                                            <tr class=\"gmPhantom_term_row_album\">\r\n                                            <td class=\"gmPhantom_term_key\">Album<\/td>\r\n                                            <td class=\"gmPhantom_term_value\"><a href=\"\/index.php\/wp-json\/wp\/v2\/posts\/22155?gm300[album__in]=300\" class=\"gmPhantom_alb\">visita-decana-ftu-2025<\/a><\/td>\r\n                                        <\/tr>\r\n                                                                    <\/table>\r\n                            <\/div>\r\n                                                <\/div>\r\n                <\/div>\r\n                <\/div>            <div class=\"gmPhantom_ThumbContainer gmPhantom_ThumbLoader\" data-id=\"5324\" data-post_id=\"22171\" data-ratio=\"1.5\" data-type=\"image\" data-ext=\"jpg\" data-views=\"5\" data-likes=\"0\" data-cc=\"0\" data-post_link=\"https:\/\/www.fcejs.unsl.edu.ar\/index.php\/gmedia\/visita-decana-merlo-47-jpg\/\">\r\n                <a href=\"https:\/\/www.fcejs.unsl.edu.ar\/wp-content\/grand-media\/image\/visita-decana-merlo-47.jpg\" class=\"gmPhantom_Thumb\"><img decoding=\"async\" src=\"https:\/\/www.fcejs.unsl.edu.ar\/wp-content\/grand-media\/image\/thumb\/visita-decana-merlo-47.jpg\" data-src=\"https:\/\/www.fcejs.unsl.edu.ar\/wp-content\/grand-media\/image\/visita-decana-merlo-47.jpg\" alt=\"Visita-decana-merlo-47\"\/><\/a>\r\n                                    <div class=\"gmPhantom_ThumbLabel\"><span class=\"gmPhantom_ThumbLabel_title\">Visita-decana-merlo-47<\/span><\/div>\r\n                                    <div style=\"display:none;\" class=\"gmPhantom_Details\">\r\n                                            <div class=\"gmPhantom_description\">\r\n                            <div class=\"gmPhantom_title\">Visita-decana-merlo-47<\/div>\r\n                            <div class=\"gmPhantom_text\"><\/div>\r\n                        <\/div>\r\n                                                            <div class=\"gmPhantom_terms\">\r\n                                                    <div class=\"gmPhantom_other_terms\">\r\n                                <table class=\"gmPhantom_other_terms_table\">\r\n                                                                            <tr class=\"gmPhantom_term_row_album\">\r\n                                            <td class=\"gmPhantom_term_key\">Album<\/td>\r\n                                            <td class=\"gmPhantom_term_value\"><a href=\"\/index.php\/wp-json\/wp\/v2\/posts\/22155?gm300[album__in]=300\" class=\"gmPhantom_alb\">visita-decana-ftu-2025<\/a><\/td>\r\n                                        <\/tr>\r\n                                                                    <\/table>\r\n                            <\/div>\r\n                                                <\/div>\r\n                <\/div>\r\n                <\/div>            <div class=\"gmPhantom_ThumbContainer gmPhantom_ThumbLoader\" data-id=\"5323\" data-post_id=\"22170\" data-ratio=\"1.5\" data-type=\"image\" data-ext=\"jpg\" data-views=\"9\" data-likes=\"0\" data-cc=\"0\" data-post_link=\"https:\/\/www.fcejs.unsl.edu.ar\/index.php\/gmedia\/visita-decana-merlo-44-jpg\/\">\r\n                <a href=\"https:\/\/www.fcejs.unsl.edu.ar\/wp-content\/grand-media\/image\/visita-decana-merlo-44.jpg\" class=\"gmPhantom_Thumb\"><img decoding=\"async\" src=\"https:\/\/www.fcejs.unsl.edu.ar\/wp-content\/grand-media\/image\/thumb\/visita-decana-merlo-44.jpg\" data-src=\"https:\/\/www.fcejs.unsl.edu.ar\/wp-content\/grand-media\/image\/visita-decana-merlo-44.jpg\" alt=\"Visita-decana-merlo-44\"\/><\/a>\r\n                                    <div class=\"gmPhantom_ThumbLabel\"><span class=\"gmPhantom_ThumbLabel_title\">Visita-decana-merlo-44<\/span><\/div>\r\n                                    <div style=\"display:none;\" class=\"gmPhantom_Details\">\r\n                                            <div class=\"gmPhantom_description\">\r\n                            <div class=\"gmPhantom_title\">Visita-decana-merlo-44<\/div>\r\n                            <div class=\"gmPhantom_text\"><\/div>\r\n                        <\/div>\r\n                                                            <div class=\"gmPhantom_terms\">\r\n                                                    <div class=\"gmPhantom_other_terms\">\r\n                                <table class=\"gmPhantom_other_terms_table\">\r\n                                                                            <tr class=\"gmPhantom_term_row_album\">\r\n                                            <td class=\"gmPhantom_term_key\">Album<\/td>\r\n                                            <td class=\"gmPhantom_term_value\"><a href=\"\/index.php\/wp-json\/wp\/v2\/posts\/22155?gm300[album__in]=300\" class=\"gmPhantom_alb\">visita-decana-ftu-2025<\/a><\/td>\r\n                                        <\/tr>\r\n                                                                    <\/table>\r\n                            <\/div>\r\n                                                <\/div>\r\n                <\/div>\r\n                <\/div>            <div class=\"gmPhantom_ThumbContainer gmPhantom_ThumbLoader\" data-id=\"5322\" data-post_id=\"22169\" data-ratio=\"1.5\" data-type=\"image\" data-ext=\"jpg\" data-views=\"7\" data-likes=\"0\" data-cc=\"0\" data-post_link=\"https:\/\/www.fcejs.unsl.edu.ar\/index.php\/gmedia\/visita-decana-merlo-40-jpg\/\">\r\n                <a href=\"https:\/\/www.fcejs.unsl.edu.ar\/wp-content\/grand-media\/image\/visita-decana-merlo-40.jpg\" class=\"gmPhantom_Thumb\"><img decoding=\"async\" src=\"https:\/\/www.fcejs.unsl.edu.ar\/wp-content\/grand-media\/image\/thumb\/visita-decana-merlo-40.jpg\" data-src=\"https:\/\/www.fcejs.unsl.edu.ar\/wp-content\/grand-media\/image\/visita-decana-merlo-40.jpg\" alt=\"Visita-decana-merlo-40\"\/><\/a>\r\n                                    <div class=\"gmPhantom_ThumbLabel\"><span class=\"gmPhantom_ThumbLabel_title\">Visita-decana-merlo-40<\/span><\/div>\r\n                                    <div style=\"display:none;\" class=\"gmPhantom_Details\">\r\n                                            <div class=\"gmPhantom_description\">\r\n                            <div class=\"gmPhantom_title\">Visita-decana-merlo-40<\/div>\r\n                            <div class=\"gmPhantom_text\"><\/div>\r\n                        <\/div>\r\n                                                            <div class=\"gmPhantom_terms\">\r\n                                                    <div class=\"gmPhantom_other_terms\">\r\n                                <table class=\"gmPhantom_other_terms_table\">\r\n                                                                            <tr class=\"gmPhantom_term_row_album\">\r\n                                            <td class=\"gmPhantom_term_key\">Album<\/td>\r\n                                            <td class=\"gmPhantom_term_value\"><a href=\"\/index.php\/wp-json\/wp\/v2\/posts\/22155?gm300[album__in]=300\" class=\"gmPhantom_alb\">visita-decana-ftu-2025<\/a><\/td>\r\n                                        <\/tr>\r\n                                                                    <\/table>\r\n                            <\/div>\r\n                                                <\/div>\r\n                <\/div>\r\n                <\/div>            <div class=\"gmPhantom_ThumbContainer gmPhantom_ThumbLoader\" data-id=\"5321\" data-post_id=\"22168\" data-ratio=\"1.5\" data-type=\"image\" data-ext=\"jpg\" data-views=\"10\" data-likes=\"0\" data-cc=\"0\" data-post_link=\"https:\/\/www.fcejs.unsl.edu.ar\/index.php\/gmedia\/visita-decana-merlo-36-jpg\/\">\r\n                <a href=\"https:\/\/www.fcejs.unsl.edu.ar\/wp-content\/grand-media\/image\/visita-decana-merlo-36.jpg\" class=\"gmPhantom_Thumb\"><img decoding=\"async\" src=\"https:\/\/www.fcejs.unsl.edu.ar\/wp-content\/grand-media\/image\/thumb\/visita-decana-merlo-36.jpg\" data-src=\"https:\/\/www.fcejs.unsl.edu.ar\/wp-content\/grand-media\/image\/visita-decana-merlo-36.jpg\" alt=\"Visita-decana-merlo-36\"\/><\/a>\r\n                                    <div class=\"gmPhantom_ThumbLabel\"><span class=\"gmPhantom_ThumbLabel_title\">Visita-decana-merlo-36<\/span><\/div>\r\n                                    <div style=\"display:none;\" class=\"gmPhantom_Details\">\r\n                                            <div class=\"gmPhantom_description\">\r\n                            <div class=\"gmPhantom_title\">Visita-decana-merlo-36<\/div>\r\n                            <div class=\"gmPhantom_text\"><\/div>\r\n                        <\/div>\r\n                                                            <div class=\"gmPhantom_terms\">\r\n                                                    <div class=\"gmPhantom_other_terms\">\r\n                                <table class=\"gmPhantom_other_terms_table\">\r\n                                                                            <tr class=\"gmPhantom_term_row_album\">\r\n                                            <td class=\"gmPhantom_term_key\">Album<\/td>\r\n                                            <td class=\"gmPhantom_term_value\"><a href=\"\/index.php\/wp-json\/wp\/v2\/posts\/22155?gm300[album__in]=300\" class=\"gmPhantom_alb\">visita-decana-ftu-2025<\/a><\/td>\r\n                                        <\/tr>\r\n                                                                    <\/table>\r\n                            <\/div>\r\n                                                <\/div>\r\n                <\/div>\r\n                <\/div>            <div class=\"gmPhantom_ThumbContainer gmPhantom_ThumbLoader\" data-id=\"5320\" data-post_id=\"22167\" data-ratio=\"0.66666666666667\" data-type=\"image\" data-ext=\"jpg\" data-views=\"3\" data-likes=\"0\" data-cc=\"0\" data-post_link=\"https:\/\/www.fcejs.unsl.edu.ar\/index.php\/gmedia\/visita-decana-merlo-31-jpg\/\">\r\n                <a href=\"https:\/\/www.fcejs.unsl.edu.ar\/wp-content\/grand-media\/image\/visita-decana-merlo-31.jpg\" class=\"gmPhantom_Thumb\"><img decoding=\"async\" src=\"https:\/\/www.fcejs.unsl.edu.ar\/wp-content\/grand-media\/image\/thumb\/visita-decana-merlo-31.jpg\" data-src=\"https:\/\/www.fcejs.unsl.edu.ar\/wp-content\/grand-media\/image\/visita-decana-merlo-31.jpg\" alt=\"Visita-decana-merlo-31\"\/><\/a>\r\n                                    <div class=\"gmPhantom_ThumbLabel\"><span class=\"gmPhantom_ThumbLabel_title\">Visita-decana-merlo-31<\/span><\/div>\r\n                                    <div style=\"display:none;\" class=\"gmPhantom_Details\">\r\n                                            <div class=\"gmPhantom_description\">\r\n                            <div class=\"gmPhantom_title\">Visita-decana-merlo-31<\/div>\r\n                            <div class=\"gmPhantom_text\"><\/div>\r\n                        <\/div>\r\n                                                            <div class=\"gmPhantom_terms\">\r\n                                                    <div class=\"gmPhantom_other_terms\">\r\n                                <table class=\"gmPhantom_other_terms_table\">\r\n                                                                            <tr class=\"gmPhantom_term_row_album\">\r\n                                            <td class=\"gmPhantom_term_key\">Album<\/td>\r\n                                            <td class=\"gmPhantom_term_value\"><a href=\"\/index.php\/wp-json\/wp\/v2\/posts\/22155?gm300[album__in]=300\" class=\"gmPhantom_alb\">visita-decana-ftu-2025<\/a><\/td>\r\n                                        <\/tr>\r\n                                                                    <\/table>\r\n                            <\/div>\r\n                                                <\/div>\r\n                <\/div>\r\n                <\/div>            <div class=\"gmPhantom_ThumbContainer gmPhantom_ThumbLoader\" data-id=\"5319\" data-post_id=\"22166\" data-ratio=\"0.66666666666667\" data-type=\"image\" data-ext=\"jpg\" data-views=\"3\" data-likes=\"0\" data-cc=\"0\" data-post_link=\"https:\/\/www.fcejs.unsl.edu.ar\/index.php\/gmedia\/visita-decana-merlo-29-jpg\/\">\r\n                <a href=\"https:\/\/www.fcejs.unsl.edu.ar\/wp-content\/grand-media\/image\/visita-decana-merlo-29.jpg\" class=\"gmPhantom_Thumb\"><img decoding=\"async\" src=\"https:\/\/www.fcejs.unsl.edu.ar\/wp-content\/grand-media\/image\/thumb\/visita-decana-merlo-29.jpg\" data-src=\"https:\/\/www.fcejs.unsl.edu.ar\/wp-content\/grand-media\/image\/visita-decana-merlo-29.jpg\" alt=\"Visita-decana-merlo-29\"\/><\/a>\r\n                                    <div class=\"gmPhantom_ThumbLabel\"><span class=\"gmPhantom_ThumbLabel_title\">Visita-decana-merlo-29<\/span><\/div>\r\n                                    <div style=\"display:none;\" class=\"gmPhantom_Details\">\r\n                                            <div class=\"gmPhantom_description\">\r\n                            <div class=\"gmPhantom_title\">Visita-decana-merlo-29<\/div>\r\n                            <div class=\"gmPhantom_text\"><\/div>\r\n                        <\/div>\r\n                                                            <div class=\"gmPhantom_terms\">\r\n                                                    <div class=\"gmPhantom_other_terms\">\r\n                                <table class=\"gmPhantom_other_terms_table\">\r\n                                                                            <tr class=\"gmPhantom_term_row_album\">\r\n                                            <td class=\"gmPhantom_term_key\">Album<\/td>\r\n                                            <td class=\"gmPhantom_term_value\"><a href=\"\/index.php\/wp-json\/wp\/v2\/posts\/22155?gm300[album__in]=300\" class=\"gmPhantom_alb\">visita-decana-ftu-2025<\/a><\/td>\r\n                                        <\/tr>\r\n                                                                    <\/table>\r\n                            <\/div>\r\n                                                <\/div>\r\n                <\/div>\r\n                <\/div>            <div class=\"gmPhantom_ThumbContainer gmPhantom_ThumbLoader\" data-id=\"5318\" data-post_id=\"22165\" data-ratio=\"0.66666666666667\" data-type=\"image\" data-ext=\"jpg\" data-views=\"5\" data-likes=\"0\" data-cc=\"0\" data-post_link=\"https:\/\/www.fcejs.unsl.edu.ar\/index.php\/gmedia\/visita-decana-merlo-28-jpg\/\">\r\n                <a href=\"https:\/\/www.fcejs.unsl.edu.ar\/wp-content\/grand-media\/image\/visita-decana-merlo-28.jpg\" class=\"gmPhantom_Thumb\"><img decoding=\"async\" src=\"https:\/\/www.fcejs.unsl.edu.ar\/wp-content\/grand-media\/image\/thumb\/visita-decana-merlo-28.jpg\" data-src=\"https:\/\/www.fcejs.unsl.edu.ar\/wp-content\/grand-media\/image\/visita-decana-merlo-28.jpg\" alt=\"Visita-decana-merlo-28\"\/><\/a>\r\n                                    <div class=\"gmPhantom_ThumbLabel\"><span class=\"gmPhantom_ThumbLabel_title\">Visita-decana-merlo-28<\/span><\/div>\r\n                                    <div style=\"display:none;\" class=\"gmPhantom_Details\">\r\n                                            <div class=\"gmPhantom_description\">\r\n                            <div class=\"gmPhantom_title\">Visita-decana-merlo-28<\/div>\r\n                            <div class=\"gmPhantom_text\"><\/div>\r\n                        <\/div>\r\n                                                            <div class=\"gmPhantom_terms\">\r\n                                                    <div class=\"gmPhantom_other_terms\">\r\n                                <table class=\"gmPhantom_other_terms_table\">\r\n                                                                            <tr class=\"gmPhantom_term_row_album\">\r\n                                            <td class=\"gmPhantom_term_key\">Album<\/td>\r\n                                            <td class=\"gmPhantom_term_value\"><a href=\"\/index.php\/wp-json\/wp\/v2\/posts\/22155?gm300[album__in]=300\" class=\"gmPhantom_alb\">visita-decana-ftu-2025<\/a><\/td>\r\n                                        <\/tr>\r\n                                                                    <\/table>\r\n                            <\/div>\r\n                                                <\/div>\r\n                <\/div>\r\n                <\/div>            <div class=\"gmPhantom_ThumbContainer gmPhantom_ThumbLoader\" data-id=\"5317\" data-post_id=\"22164\" data-ratio=\"1.5\" data-type=\"image\" data-ext=\"jpg\" data-views=\"5\" data-likes=\"0\" data-cc=\"0\" data-post_link=\"https:\/\/www.fcejs.unsl.edu.ar\/index.php\/gmedia\/visita-decana-merlo-24-jpg\/\">\r\n                <a href=\"https:\/\/www.fcejs.unsl.edu.ar\/wp-content\/grand-media\/image\/visita-decana-merlo-24.jpg\" class=\"gmPhantom_Thumb\"><img decoding=\"async\" src=\"https:\/\/www.fcejs.unsl.edu.ar\/wp-content\/grand-media\/image\/thumb\/visita-decana-merlo-24.jpg\" data-src=\"https:\/\/www.fcejs.unsl.edu.ar\/wp-content\/grand-media\/image\/visita-decana-merlo-24.jpg\" alt=\"Visita-decana-merlo-24\"\/><\/a>\r\n                                    <div class=\"gmPhantom_ThumbLabel\"><span class=\"gmPhantom_ThumbLabel_title\">Visita-decana-merlo-24<\/span><\/div>\r\n                                    <div style=\"display:none;\" class=\"gmPhantom_Details\">\r\n                                            <div class=\"gmPhantom_description\">\r\n                            <div class=\"gmPhantom_title\">Visita-decana-merlo-24<\/div>\r\n                            <div class=\"gmPhantom_text\"><\/div>\r\n                        <\/div>\r\n                                                            <div class=\"gmPhantom_terms\">\r\n                                                    <div class=\"gmPhantom_other_terms\">\r\n                                <table class=\"gmPhantom_other_terms_table\">\r\n                                                                            <tr class=\"gmPhantom_term_row_album\">\r\n                                            <td class=\"gmPhantom_term_key\">Album<\/td>\r\n                                            <td class=\"gmPhantom_term_value\"><a href=\"\/index.php\/wp-json\/wp\/v2\/posts\/22155?gm300[album__in]=300\" class=\"gmPhantom_alb\">visita-decana-ftu-2025<\/a><\/td>\r\n                                        <\/tr>\r\n                                                                    <\/table>\r\n                            <\/div>\r\n                                                <\/div>\r\n                <\/div>\r\n                <\/div>            <div class=\"gmPhantom_ThumbContainer gmPhantom_ThumbLoader\" data-id=\"5316\" data-post_id=\"22163\" data-ratio=\"1.5\" data-type=\"image\" data-ext=\"jpg\" data-views=\"8\" data-likes=\"0\" data-cc=\"0\" data-post_link=\"https:\/\/www.fcejs.unsl.edu.ar\/index.php\/gmedia\/visita-decana-merlo-23-jpg\/\">\r\n                <a href=\"https:\/\/www.fcejs.unsl.edu.ar\/wp-content\/grand-media\/image\/visita-decana-merlo-23.jpg\" class=\"gmPhantom_Thumb\"><img decoding=\"async\" src=\"https:\/\/www.fcejs.unsl.edu.ar\/wp-content\/grand-media\/image\/thumb\/visita-decana-merlo-23.jpg\" data-src=\"https:\/\/www.fcejs.unsl.edu.ar\/wp-content\/grand-media\/image\/visita-decana-merlo-23.jpg\" alt=\"Visita-decana-merlo-23\"\/><\/a>\r\n                                    <div class=\"gmPhantom_ThumbLabel\"><span class=\"gmPhantom_ThumbLabel_title\">Visita-decana-merlo-23<\/span><\/div>\r\n                                    <div style=\"display:none;\" class=\"gmPhantom_Details\">\r\n                                            <div class=\"gmPhantom_description\">\r\n                            <div class=\"gmPhantom_title\">Visita-decana-merlo-23<\/div>\r\n                            <div class=\"gmPhantom_text\"><\/div>\r\n                        <\/div>\r\n                                                            <div class=\"gmPhantom_terms\">\r\n                                                    <div class=\"gmPhantom_other_terms\">\r\n                                <table class=\"gmPhantom_other_terms_table\">\r\n                                                                            <tr class=\"gmPhantom_term_row_album\">\r\n                                            <td class=\"gmPhantom_term_key\">Album<\/td>\r\n                                            <td class=\"gmPhantom_term_value\"><a href=\"\/index.php\/wp-json\/wp\/v2\/posts\/22155?gm300[album__in]=300\" class=\"gmPhantom_alb\">visita-decana-ftu-2025<\/a><\/td>\r\n                                        <\/tr>\r\n                                                                    <\/table>\r\n                            <\/div>\r\n                                                <\/div>\r\n                <\/div>\r\n                <\/div>            <div class=\"gmPhantom_ThumbContainer gmPhantom_ThumbLoader\" data-id=\"5315\" data-post_id=\"22162\" data-ratio=\"1.5\" data-type=\"image\" data-ext=\"jpg\" data-views=\"7\" data-likes=\"0\" data-cc=\"0\" data-post_link=\"https:\/\/www.fcejs.unsl.edu.ar\/index.php\/gmedia\/visita-decana-merlo-20-jpg\/\">\r\n                <a href=\"https:\/\/www.fcejs.unsl.edu.ar\/wp-content\/grand-media\/image\/visita-decana-merlo-20.jpg\" class=\"gmPhantom_Thumb\"><img decoding=\"async\" src=\"https:\/\/www.fcejs.unsl.edu.ar\/wp-content\/grand-media\/image\/thumb\/visita-decana-merlo-20.jpg\" data-src=\"https:\/\/www.fcejs.unsl.edu.ar\/wp-content\/grand-media\/image\/visita-decana-merlo-20.jpg\" alt=\"Visita-decana-merlo-20\"\/><\/a>\r\n                                    <div class=\"gmPhantom_ThumbLabel\"><span class=\"gmPhantom_ThumbLabel_title\">Visita-decana-merlo-20<\/span><\/div>\r\n                                    <div style=\"display:none;\" class=\"gmPhantom_Details\">\r\n                                            <div class=\"gmPhantom_description\">\r\n                            <div class=\"gmPhantom_title\">Visita-decana-merlo-20<\/div>\r\n                            <div class=\"gmPhantom_text\"><\/div>\r\n                        <\/div>\r\n                                                            <div class=\"gmPhantom_terms\">\r\n                                                    <div class=\"gmPhantom_other_terms\">\r\n                                <table class=\"gmPhantom_other_terms_table\">\r\n                                                                            <tr class=\"gmPhantom_term_row_album\">\r\n                                            <td class=\"gmPhantom_term_key\">Album<\/td>\r\n                                            <td class=\"gmPhantom_term_value\"><a href=\"\/index.php\/wp-json\/wp\/v2\/posts\/22155?gm300[album__in]=300\" class=\"gmPhantom_alb\">visita-decana-ftu-2025<\/a><\/td>\r\n                                        <\/tr>\r\n                                                                    <\/table>\r\n                            <\/div>\r\n                                                <\/div>\r\n                <\/div>\r\n                <\/div>            <div class=\"gmPhantom_ThumbContainer gmPhantom_ThumbLoader\" data-id=\"5314\" data-post_id=\"22161\" data-ratio=\"1.5\" data-type=\"image\" data-ext=\"jpg\" data-views=\"6\" data-likes=\"0\" data-cc=\"0\" data-post_link=\"https:\/\/www.fcejs.unsl.edu.ar\/index.php\/gmedia\/visita-decana-merlo-15-jpg\/\">\r\n                <a href=\"https:\/\/www.fcejs.unsl.edu.ar\/wp-content\/grand-media\/image\/visita-decana-merlo-15.jpg\" class=\"gmPhantom_Thumb\"><img decoding=\"async\" src=\"https:\/\/www.fcejs.unsl.edu.ar\/wp-content\/grand-media\/image\/thumb\/visita-decana-merlo-15.jpg\" data-src=\"https:\/\/www.fcejs.unsl.edu.ar\/wp-content\/grand-media\/image\/visita-decana-merlo-15.jpg\" alt=\"Visita-decana-merlo-15\"\/><\/a>\r\n                                    <div class=\"gmPhantom_ThumbLabel\"><span class=\"gmPhantom_ThumbLabel_title\">Visita-decana-merlo-15<\/span><\/div>\r\n                                    <div style=\"display:none;\" class=\"gmPhantom_Details\">\r\n                                            <div class=\"gmPhantom_description\">\r\n                            <div class=\"gmPhantom_title\">Visita-decana-merlo-15<\/div>\r\n                            <div class=\"gmPhantom_text\"><\/div>\r\n                        <\/div>\r\n                                                            <div class=\"gmPhantom_terms\">\r\n                                                    <div class=\"gmPhantom_other_terms\">\r\n                                <table class=\"gmPhantom_other_terms_table\">\r\n                                                                            <tr class=\"gmPhantom_term_row_album\">\r\n                                            <td class=\"gmPhantom_term_key\">Album<\/td>\r\n                                            <td class=\"gmPhantom_term_value\"><a href=\"\/index.php\/wp-json\/wp\/v2\/posts\/22155?gm300[album__in]=300\" class=\"gmPhantom_alb\">visita-decana-ftu-2025<\/a><\/td>\r\n                                        <\/tr>\r\n                                                                    <\/table>\r\n                            <\/div>\r\n                                                <\/div>\r\n                <\/div>\r\n                <\/div>            <div class=\"gmPhantom_ThumbContainer gmPhantom_ThumbLoader\" data-id=\"5313\" data-post_id=\"22160\" data-ratio=\"1.5\" data-type=\"image\" data-ext=\"jpg\" data-views=\"6\" data-likes=\"0\" data-cc=\"0\" data-post_link=\"https:\/\/www.fcejs.unsl.edu.ar\/index.php\/gmedia\/visita-decana-merlo-4-jpg\/\">\r\n                <a href=\"https:\/\/www.fcejs.unsl.edu.ar\/wp-content\/grand-media\/image\/visita-decana-merlo-4.jpg\" class=\"gmPhantom_Thumb\"><img decoding=\"async\" src=\"https:\/\/www.fcejs.unsl.edu.ar\/wp-content\/grand-media\/image\/thumb\/visita-decana-merlo-4.jpg\" data-src=\"https:\/\/www.fcejs.unsl.edu.ar\/wp-content\/grand-media\/image\/visita-decana-merlo-4.jpg\" alt=\"Visita-decana-merlo-4\"\/><\/a>\r\n                                    <div class=\"gmPhantom_ThumbLabel\"><span class=\"gmPhantom_ThumbLabel_title\">Visita-decana-merlo-4<\/span><\/div>\r\n                                    <div style=\"display:none;\" class=\"gmPhantom_Details\">\r\n                                            <div class=\"gmPhantom_description\">\r\n                            <div class=\"gmPhantom_title\">Visita-decana-merlo-4<\/div>\r\n                            <div class=\"gmPhantom_text\"><\/div>\r\n                        <\/div>\r\n                                                            <div class=\"gmPhantom_terms\">\r\n                                                    <div class=\"gmPhantom_other_terms\">\r\n                                <table class=\"gmPhantom_other_terms_table\">\r\n                                                                            <tr class=\"gmPhantom_term_row_album\">\r\n                                            <td class=\"gmPhantom_term_key\">Album<\/td>\r\n                                            <td class=\"gmPhantom_term_value\"><a href=\"\/index.php\/wp-json\/wp\/v2\/posts\/22155?gm300[album__in]=300\" class=\"gmPhantom_alb\">visita-decana-ftu-2025<\/a><\/td>\r\n                                        <\/tr>\r\n                                                                    <\/table>\r\n                            <\/div>\r\n                                                <\/div>\r\n                <\/div>\r\n                <\/div>            <div class=\"gmPhantom_ThumbContainer gmPhantom_ThumbLoader\" data-id=\"5312\" data-post_id=\"22159\" data-ratio=\"1.5\" data-type=\"image\" data-ext=\"jpg\" data-views=\"8\" data-likes=\"0\" data-cc=\"0\" data-post_link=\"https:\/\/www.fcejs.unsl.edu.ar\/index.php\/gmedia\/visita-decana-merlo-jpg\/\">\r\n                <a href=\"https:\/\/www.fcejs.unsl.edu.ar\/wp-content\/grand-media\/image\/visita-decana-merlo.jpg\" class=\"gmPhantom_Thumb\"><img decoding=\"async\" src=\"https:\/\/www.fcejs.unsl.edu.ar\/wp-content\/grand-media\/image\/thumb\/visita-decana-merlo.jpg\" data-src=\"https:\/\/www.fcejs.unsl.edu.ar\/wp-content\/grand-media\/image\/visita-decana-merlo.jpg\" alt=\"Visita-decana-merlo\"\/><\/a>\r\n                                    <div class=\"gmPhantom_ThumbLabel\"><span class=\"gmPhantom_ThumbLabel_title\">Visita-decana-merlo<\/span><\/div>\r\n                                    <div style=\"display:none;\" class=\"gmPhantom_Details\">\r\n                                            <div class=\"gmPhantom_description\">\r\n                            <div class=\"gmPhantom_title\">Visita-decana-merlo<\/div>\r\n                            <div class=\"gmPhantom_text\"><\/div>\r\n                        <\/div>\r\n                                                            <div class=\"gmPhantom_terms\">\r\n                                                    <div class=\"gmPhantom_other_terms\">\r\n                                <table class=\"gmPhantom_other_terms_table\">\r\n                                                                            <tr class=\"gmPhantom_term_row_album\">\r\n                                            <td class=\"gmPhantom_term_key\">Album<\/td>\r\n                                            <td class=\"gmPhantom_term_value\"><a href=\"\/index.php\/wp-json\/wp\/v2\/posts\/22155?gm300[album__in]=300\" class=\"gmPhantom_alb\">visita-decana-ftu-2025<\/a><\/td>\r\n                                        <\/tr>\r\n                                                                    <\/table>\r\n                            <\/div>\r\n                                                <\/div>\r\n                <\/div>\r\n                <\/div>        <\/div>\r\n    <\/div>\r\n<\/div><\/p>\n","protected":false},"excerpt":{"rendered":"<p>La FCEJS fortalece lazos institucionales con la Facultad de Turismo y Urbanismo (FTU).\u00a0El decano, Mgtr. H\u00e9ctor Flores, recibi\u00f3 el pasado viernes 24 de octubre la&hellip;<\/p>\n","protected":false},"author":9,"featured_media":22156,"comment_status":"closed","ping_status":"closed","sticky":false,"template":"","format":"standard","meta":{"om_disable_all_campaigns":false,"_monsterinsights_skip_tracking":false,"_monsterinsights_sitenote_active":false,"_monsterinsights_sitenote_note":"","_monsterinsights_sitenote_category":0,"footnotes":""},"categories":[1,19],"tags":[],"class_list":["post-22155","post","type-post","status-publish","format-standard","has-post-thumbnail","hentry","category-noticias","category-principal"],"yoast_head":"<!-- This site is optimized with the Yoast SEO plugin v27.5 - https:\/\/yoast.com\/product\/yoast-seo-wordpress\/ -->\n<title>La FCEJS recibi\u00f3 a autoridades de la FTU para planificar acciones colaborativas - Facultad de Ciencias Econ\u00f3micas, Jur\u00ed\u00addicas y Sociales<\/title>\n<meta name=\"robots\" content=\"index, follow, max-snippet:-1, max-image-preview:large, max-video-preview:-1\" \/>\n<link rel=\"canonical\" href=\"https:\/\/www.fcejs.unsl.edu.ar\/index.php\/la-fcejs-recibio-a-autoridades-de-la-ftu-para-planificar-acciones-colaborativas\/\" \/>\n<meta property=\"og:locale\" content=\"es_ES\" \/>\n<meta property=\"og:type\" content=\"article\" \/>\n<meta property=\"og:title\" content=\"La FCEJS recibi\u00f3 a autoridades de la FTU para planificar acciones colaborativas - Facultad de Ciencias Econ\u00f3micas, Jur\u00ed\u00addicas y Sociales\" \/>\n<meta property=\"og:description\" content=\"La FCEJS fortalece lazos institucionales con la Facultad de Turismo y Urbanismo (FTU).\u00a0El decano, Mgtr. H\u00e9ctor Flores, recibi\u00f3 el pasado viernes 24 de octubre la&hellip;\" \/>\n<meta property=\"og:url\" content=\"https:\/\/www.fcejs.unsl.edu.ar\/index.php\/la-fcejs-recibio-a-autoridades-de-la-ftu-para-planificar-acciones-colaborativas\/\" \/>\n<meta property=\"og:site_name\" content=\"Facultad de Ciencias Econ\u00f3micas, Jur\u00ed\u00addicas y Sociales\" \/>\n<meta property=\"article:publisher\" content=\"https:\/\/www.facebook.com\/FCEJS.UNSL\/\" \/>\n<meta property=\"article:published_time\" content=\"2025-10-27T13:37:03+00:00\" \/>\n<meta property=\"article:modified_time\" content=\"2025-10-27T13:50:27+00:00\" \/>\n<meta property=\"og:image\" content=\"https:\/\/www.fcejs.unsl.edu.ar\/wp-content\/uploads\/2025\/10\/visita-decana-ftu-front.jpg\" \/>\n\t<meta property=\"og:image:width\" content=\"1152\" \/>\n\t<meta property=\"og:image:height\" content=\"647\" \/>\n\t<meta property=\"og:image:type\" content=\"image\/jpeg\" \/>\n<meta name=\"author\" content=\"DATI\" \/>\n<meta name=\"twitter:card\" content=\"summary_large_image\" \/>\n<meta name=\"twitter:creator\" content=\"@FCEJSUNSL\" \/>\n<meta name=\"twitter:site\" content=\"@FCEJSUNSL\" \/>\n<meta name=\"twitter:label1\" content=\"Escrito por\" \/>\n\t<meta name=\"twitter:data1\" content=\"DATI\" \/>\n\t<meta name=\"twitter:label2\" content=\"Tiempo de lectura\" \/>\n\t<meta name=\"twitter:data2\" content=\"2 minutos\" \/>\n<script type=\"application\/ld+json\" class=\"yoast-schema-graph\">{\"@context\":\"https:\\\/\\\/schema.org\",\"@graph\":[{\"@type\":\"Article\",\"@id\":\"https:\\\/\\\/www.fcejs.unsl.edu.ar\\\/index.php\\\/la-fcejs-recibio-a-autoridades-de-la-ftu-para-planificar-acciones-colaborativas\\\/#article\",\"isPartOf\":{\"@id\":\"https:\\\/\\\/www.fcejs.unsl.edu.ar\\\/index.php\\\/la-fcejs-recibio-a-autoridades-de-la-ftu-para-planificar-acciones-colaborativas\\\/\"},\"author\":{\"name\":\"DATI\",\"@id\":\"https:\\\/\\\/www.fcejs.unsl.edu.ar\\\/#\\\/schema\\\/person\\\/352ee6ed90c3f394c7cb5945f8956d34\"},\"headline\":\"La FCEJS recibi\u00f3 a autoridades de la FTU para planificar acciones colaborativas\",\"datePublished\":\"2025-10-27T13:37:03+00:00\",\"dateModified\":\"2025-10-27T13:50:27+00:00\",\"mainEntityOfPage\":{\"@id\":\"https:\\\/\\\/www.fcejs.unsl.edu.ar\\\/index.php\\\/la-fcejs-recibio-a-autoridades-de-la-ftu-para-planificar-acciones-colaborativas\\\/\"},\"wordCount\":342,\"publisher\":{\"@id\":\"https:\\\/\\\/www.fcejs.unsl.edu.ar\\\/#organization\"},\"image\":{\"@id\":\"https:\\\/\\\/www.fcejs.unsl.edu.ar\\\/index.php\\\/la-fcejs-recibio-a-autoridades-de-la-ftu-para-planificar-acciones-colaborativas\\\/#primaryimage\"},\"thumbnailUrl\":\"https:\\\/\\\/www.fcejs.unsl.edu.ar\\\/wp-content\\\/uploads\\\/2025\\\/10\\\/visita-decana-ftu-front.jpg\",\"articleSection\":[\"Noticias\",\"Principal\"],\"inLanguage\":\"es-AR\"},{\"@type\":\"WebPage\",\"@id\":\"https:\\\/\\\/www.fcejs.unsl.edu.ar\\\/index.php\\\/la-fcejs-recibio-a-autoridades-de-la-ftu-para-planificar-acciones-colaborativas\\\/\",\"url\":\"https:\\\/\\\/www.fcejs.unsl.edu.ar\\\/index.php\\\/la-fcejs-recibio-a-autoridades-de-la-ftu-para-planificar-acciones-colaborativas\\\/\",\"name\":\"La FCEJS recibi\u00f3 a autoridades de la FTU para planificar acciones colaborativas - Facultad de Ciencias Econ\u00f3micas, Jur\u00ed\u00addicas y Sociales\",\"isPartOf\":{\"@id\":\"https:\\\/\\\/www.fcejs.unsl.edu.ar\\\/#website\"},\"primaryImageOfPage\":{\"@id\":\"https:\\\/\\\/www.fcejs.unsl.edu.ar\\\/index.php\\\/la-fcejs-recibio-a-autoridades-de-la-ftu-para-planificar-acciones-colaborativas\\\/#primaryimage\"},\"image\":{\"@id\":\"https:\\\/\\\/www.fcejs.unsl.edu.ar\\\/index.php\\\/la-fcejs-recibio-a-autoridades-de-la-ftu-para-planificar-acciones-colaborativas\\\/#primaryimage\"},\"thumbnailUrl\":\"https:\\\/\\\/www.fcejs.unsl.edu.ar\\\/wp-content\\\/uploads\\\/2025\\\/10\\\/visita-decana-ftu-front.jpg\",\"datePublished\":\"2025-10-27T13:37:03+00:00\",\"dateModified\":\"2025-10-27T13:50:27+00:00\",\"breadcrumb\":{\"@id\":\"https:\\\/\\\/www.fcejs.unsl.edu.ar\\\/index.php\\\/la-fcejs-recibio-a-autoridades-de-la-ftu-para-planificar-acciones-colaborativas\\\/#breadcrumb\"},\"inLanguage\":\"es-AR\",\"potentialAction\":[{\"@type\":\"ReadAction\",\"target\":[\"https:\\\/\\\/www.fcejs.unsl.edu.ar\\\/index.php\\\/la-fcejs-recibio-a-autoridades-de-la-ftu-para-planificar-acciones-colaborativas\\\/\"]}]},{\"@type\":\"ImageObject\",\"inLanguage\":\"es-AR\",\"@id\":\"https:\\\/\\\/www.fcejs.unsl.edu.ar\\\/index.php\\\/la-fcejs-recibio-a-autoridades-de-la-ftu-para-planificar-acciones-colaborativas\\\/#primaryimage\",\"url\":\"https:\\\/\\\/www.fcejs.unsl.edu.ar\\\/wp-content\\\/uploads\\\/2025\\\/10\\\/visita-decana-ftu-front.jpg\",\"contentUrl\":\"https:\\\/\\\/www.fcejs.unsl.edu.ar\\\/wp-content\\\/uploads\\\/2025\\\/10\\\/visita-decana-ftu-front.jpg\",\"width\":1152,\"height\":647},{\"@type\":\"BreadcrumbList\",\"@id\":\"https:\\\/\\\/www.fcejs.unsl.edu.ar\\\/index.php\\\/la-fcejs-recibio-a-autoridades-de-la-ftu-para-planificar-acciones-colaborativas\\\/#breadcrumb\",\"itemListElement\":[{\"@type\":\"ListItem\",\"position\":1,\"name\":\"Inicio\",\"item\":\"https:\\\/\\\/www.fcejs.unsl.edu.ar\\\/\"},{\"@type\":\"ListItem\",\"position\":2,\"name\":\"La FCEJS recibi\u00f3 a autoridades de la FTU para planificar acciones colaborativas\"}]},{\"@type\":\"WebSite\",\"@id\":\"https:\\\/\\\/www.fcejs.unsl.edu.ar\\\/#website\",\"url\":\"https:\\\/\\\/www.fcejs.unsl.edu.ar\\\/\",\"name\":\"Facultad de Ciencias Econ\u00f3micas, Jur\u00ed\u00addicas y Sociales\",\"description\":\"\",\"publisher\":{\"@id\":\"https:\\\/\\\/www.fcejs.unsl.edu.ar\\\/#organization\"},\"potentialAction\":[{\"@type\":\"SearchAction\",\"target\":{\"@type\":\"EntryPoint\",\"urlTemplate\":\"https:\\\/\\\/www.fcejs.unsl.edu.ar\\\/?s={search_term_string}\"},\"query-input\":{\"@type\":\"PropertyValueSpecification\",\"valueRequired\":true,\"valueName\":\"search_term_string\"}}],\"inLanguage\":\"es-AR\"},{\"@type\":\"Organization\",\"@id\":\"https:\\\/\\\/www.fcejs.unsl.edu.ar\\\/#organization\",\"name\":\"Facultad de Ciencias Econ\u00f3micas, Jur\u00eddicas y Sociales\",\"url\":\"https:\\\/\\\/www.fcejs.unsl.edu.ar\\\/\",\"logo\":{\"@type\":\"ImageObject\",\"inLanguage\":\"es-AR\",\"@id\":\"https:\\\/\\\/www.fcejs.unsl.edu.ar\\\/#\\\/schema\\\/logo\\\/image\\\/\",\"url\":\"https:\\\/\\\/www.fcejs.unsl.edu.ar\\\/wp-content\\\/uploads\\\/2021\\\/03\\\/logo-1.jpg\",\"contentUrl\":\"https:\\\/\\\/www.fcejs.unsl.edu.ar\\\/wp-content\\\/uploads\\\/2021\\\/03\\\/logo-1.jpg\",\"width\":471,\"height\":146,\"caption\":\"Facultad de Ciencias Econ\u00f3micas, Jur\u00eddicas y Sociales\"},\"image\":{\"@id\":\"https:\\\/\\\/www.fcejs.unsl.edu.ar\\\/#\\\/schema\\\/logo\\\/image\\\/\"},\"sameAs\":[\"https:\\\/\\\/www.facebook.com\\\/FCEJS.UNSL\\\/\",\"https:\\\/\\\/x.com\\\/FCEJSUNSL\",\"https:\\\/\\\/www.instagram.com\\\/fcejs.unsl\\\/\",\"https:\\\/\\\/www.youtube.com\\\/channel\\\/UCH-Ut6EaN_X5ogjIQMPe46g\\\/\"]},{\"@type\":\"Person\",\"@id\":\"https:\\\/\\\/www.fcejs.unsl.edu.ar\\\/#\\\/schema\\\/person\\\/352ee6ed90c3f394c7cb5945f8956d34\",\"name\":\"DATI\"}]}<\/script>\n<!-- \/ Yoast SEO plugin. -->","yoast_head_json":{"title":"La FCEJS recibi\u00f3 a autoridades de la FTU para planificar acciones colaborativas - Facultad de Ciencias Econ\u00f3micas, Jur\u00ed\u00addicas y Sociales","robots":{"index":"index","follow":"follow","max-snippet":"max-snippet:-1","max-image-preview":"max-image-preview:large","max-video-preview":"max-video-preview:-1"},"canonical":"https:\/\/www.fcejs.unsl.edu.ar\/index.php\/la-fcejs-recibio-a-autoridades-de-la-ftu-para-planificar-acciones-colaborativas\/","og_locale":"es_ES","og_type":"article","og_title":"La FCEJS recibi\u00f3 a autoridades de la FTU para planificar acciones colaborativas - Facultad de Ciencias Econ\u00f3micas, Jur\u00ed\u00addicas y Sociales","og_description":"La FCEJS fortalece lazos institucionales con la Facultad de Turismo y Urbanismo (FTU).\u00a0El decano, Mgtr. H\u00e9ctor Flores, recibi\u00f3 el pasado viernes 24 de octubre la&hellip;","og_url":"https:\/\/www.fcejs.unsl.edu.ar\/index.php\/la-fcejs-recibio-a-autoridades-de-la-ftu-para-planificar-acciones-colaborativas\/","og_site_name":"Facultad de Ciencias Econ\u00f3micas, Jur\u00ed\u00addicas y Sociales","article_publisher":"https:\/\/www.facebook.com\/FCEJS.UNSL\/","article_published_time":"2025-10-27T13:37:03+00:00","article_modified_time":"2025-10-27T13:50:27+00:00","og_image":[{"width":1152,"height":647,"url":"https:\/\/www.fcejs.unsl.edu.ar\/wp-content\/uploads\/2025\/10\/visita-decana-ftu-front.jpg","type":"image\/jpeg"}],"author":"DATI","twitter_card":"summary_large_image","twitter_creator":"@FCEJSUNSL","twitter_site":"@FCEJSUNSL","twitter_misc":{"Escrito por":"DATI","Tiempo de lectura":"2 minutos"},"schema":{"@context":"https:\/\/schema.org","@graph":[{"@type":"Article","@id":"https:\/\/www.fcejs.unsl.edu.ar\/index.php\/la-fcejs-recibio-a-autoridades-de-la-ftu-para-planificar-acciones-colaborativas\/#article","isPartOf":{"@id":"https:\/\/www.fcejs.unsl.edu.ar\/index.php\/la-fcejs-recibio-a-autoridades-de-la-ftu-para-planificar-acciones-colaborativas\/"},"author":{"name":"DATI","@id":"https:\/\/www.fcejs.unsl.edu.ar\/#\/schema\/person\/352ee6ed90c3f394c7cb5945f8956d34"},"headline":"La FCEJS recibi\u00f3 a autoridades de la FTU para planificar acciones colaborativas","datePublished":"2025-10-27T13:37:03+00:00","dateModified":"2025-10-27T13:50:27+00:00","mainEntityOfPage":{"@id":"https:\/\/www.fcejs.unsl.edu.ar\/index.php\/la-fcejs-recibio-a-autoridades-de-la-ftu-para-planificar-acciones-colaborativas\/"},"wordCount":342,"publisher":{"@id":"https:\/\/www.fcejs.unsl.edu.ar\/#organization"},"image":{"@id":"https:\/\/www.fcejs.unsl.edu.ar\/index.php\/la-fcejs-recibio-a-autoridades-de-la-ftu-para-planificar-acciones-colaborativas\/#primaryimage"},"thumbnailUrl":"https:\/\/www.fcejs.unsl.edu.ar\/wp-content\/uploads\/2025\/10\/visita-decana-ftu-front.jpg","articleSection":["Noticias","Principal"],"inLanguage":"es-AR"},{"@type":"WebPage","@id":"https:\/\/www.fcejs.unsl.edu.ar\/index.php\/la-fcejs-recibio-a-autoridades-de-la-ftu-para-planificar-acciones-colaborativas\/","url":"https:\/\/www.fcejs.unsl.edu.ar\/index.php\/la-fcejs-recibio-a-autoridades-de-la-ftu-para-planificar-acciones-colaborativas\/","name":"La FCEJS recibi\u00f3 a autoridades de la FTU para planificar acciones colaborativas - Facultad de Ciencias Econ\u00f3micas, Jur\u00ed\u00addicas y Sociales","isPartOf":{"@id":"https:\/\/www.fcejs.unsl.edu.ar\/#website"},"primaryImageOfPage":{"@id":"https:\/\/www.fcejs.unsl.edu.ar\/index.php\/la-fcejs-recibio-a-autoridades-de-la-ftu-para-planificar-acciones-colaborativas\/#primaryimage"},"image":{"@id":"https:\/\/www.fcejs.unsl.edu.ar\/index.php\/la-fcejs-recibio-a-autoridades-de-la-ftu-para-planificar-acciones-colaborativas\/#primaryimage"},"thumbnailUrl":"https:\/\/www.fcejs.unsl.edu.ar\/wp-content\/uploads\/2025\/10\/visita-decana-ftu-front.jpg","datePublished":"2025-10-27T13:37:03+00:00","dateModified":"2025-10-27T13:50:27+00:00","breadcrumb":{"@id":"https:\/\/www.fcejs.unsl.edu.ar\/index.php\/la-fcejs-recibio-a-autoridades-de-la-ftu-para-planificar-acciones-colaborativas\/#breadcrumb"},"inLanguage":"es-AR","potentialAction":[{"@type":"ReadAction","target":["https:\/\/www.fcejs.unsl.edu.ar\/index.php\/la-fcejs-recibio-a-autoridades-de-la-ftu-para-planificar-acciones-colaborativas\/"]}]},{"@type":"ImageObject","inLanguage":"es-AR","@id":"https:\/\/www.fcejs.unsl.edu.ar\/index.php\/la-fcejs-recibio-a-autoridades-de-la-ftu-para-planificar-acciones-colaborativas\/#primaryimage","url":"https:\/\/www.fcejs.unsl.edu.ar\/wp-content\/uploads\/2025\/10\/visita-decana-ftu-front.jpg","contentUrl":"https:\/\/www.fcejs.unsl.edu.ar\/wp-content\/uploads\/2025\/10\/visita-decana-ftu-front.jpg","width":1152,"height":647},{"@type":"BreadcrumbList","@id":"https:\/\/www.fcejs.unsl.edu.ar\/index.php\/la-fcejs-recibio-a-autoridades-de-la-ftu-para-planificar-acciones-colaborativas\/#breadcrumb","itemListElement":[{"@type":"ListItem","position":1,"name":"Inicio","item":"https:\/\/www.fcejs.unsl.edu.ar\/"},{"@type":"ListItem","position":2,"name":"La FCEJS recibi\u00f3 a autoridades de la FTU para planificar acciones colaborativas"}]},{"@type":"WebSite","@id":"https:\/\/www.fcejs.unsl.edu.ar\/#website","url":"https:\/\/www.fcejs.unsl.edu.ar\/","name":"Facultad de Ciencias Econ\u00f3micas, Jur\u00ed\u00addicas y Sociales","description":"","publisher":{"@id":"https:\/\/www.fcejs.unsl.edu.ar\/#organization"},"potentialAction":[{"@type":"SearchAction","target":{"@type":"EntryPoint","urlTemplate":"https:\/\/www.fcejs.unsl.edu.ar\/?s={search_term_string}"},"query-input":{"@type":"PropertyValueSpecification","valueRequired":true,"valueName":"search_term_string"}}],"inLanguage":"es-AR"},{"@type":"Organization","@id":"https:\/\/www.fcejs.unsl.edu.ar\/#organization","name":"Facultad de Ciencias Econ\u00f3micas, Jur\u00eddicas y Sociales","url":"https:\/\/www.fcejs.unsl.edu.ar\/","logo":{"@type":"ImageObject","inLanguage":"es-AR","@id":"https:\/\/www.fcejs.unsl.edu.ar\/#\/schema\/logo\/image\/","url":"https:\/\/www.fcejs.unsl.edu.ar\/wp-content\/uploads\/2021\/03\/logo-1.jpg","contentUrl":"https:\/\/www.fcejs.unsl.edu.ar\/wp-content\/uploads\/2021\/03\/logo-1.jpg","width":471,"height":146,"caption":"Facultad de Ciencias Econ\u00f3micas, Jur\u00eddicas y Sociales"},"image":{"@id":"https:\/\/www.fcejs.unsl.edu.ar\/#\/schema\/logo\/image\/"},"sameAs":["https:\/\/www.facebook.com\/FCEJS.UNSL\/","https:\/\/x.com\/FCEJSUNSL","https:\/\/www.instagram.com\/fcejs.unsl\/","https:\/\/www.youtube.com\/channel\/UCH-Ut6EaN_X5ogjIQMPe46g\/"]},{"@type":"Person","@id":"https:\/\/www.fcejs.unsl.edu.ar\/#\/schema\/person\/352ee6ed90c3f394c7cb5945f8956d34","name":"DATI"}]}},"jetpack_featured_media_url":"https:\/\/www.fcejs.unsl.edu.ar\/wp-content\/uploads\/2025\/10\/visita-decana-ftu-front.jpg","_links":{"self":[{"href":"https:\/\/www.fcejs.unsl.edu.ar\/index.php\/wp-json\/wp\/v2\/posts\/22155","targetHints":{"allow":["GET"]}}],"collection":[{"href":"https:\/\/www.fcejs.unsl.edu.ar\/index.php\/wp-json\/wp\/v2\/posts"}],"about":[{"href":"https:\/\/www.fcejs.unsl.edu.ar\/index.php\/wp-json\/wp\/v2\/types\/post"}],"author":[{"embeddable":true,"href":"https:\/\/www.fcejs.unsl.edu.ar\/index.php\/wp-json\/wp\/v2\/users\/9"}],"replies":[{"embeddable":true,"href":"https:\/\/www.fcejs.unsl.edu.ar\/index.php\/wp-json\/wp\/v2\/comments?post=22155"}],"version-history":[{"count":5,"href":"https:\/\/www.fcejs.unsl.edu.ar\/index.php\/wp-json\/wp\/v2\/posts\/22155\/revisions"}],"predecessor-version":[{"id":22190,"href":"https:\/\/www.fcejs.unsl.edu.ar\/index.php\/wp-json\/wp\/v2\/posts\/22155\/revisions\/22190"}],"wp:featuredmedia":[{"embeddable":true,"href":"https:\/\/www.fcejs.unsl.edu.ar\/index.php\/wp-json\/wp\/v2\/media\/22156"}],"wp:attachment":[{"href":"https:\/\/www.fcejs.unsl.edu.ar\/index.php\/wp-json\/wp\/v2\/media?parent=22155"}],"wp:term":[{"taxonomy":"category","embeddable":true,"href":"https:\/\/www.fcejs.unsl.edu.ar\/index.php\/wp-json\/wp\/v2\/categories?post=22155"},{"taxonomy":"post_tag","embeddable":true,"href":"https:\/\/www.fcejs.unsl.edu.ar\/index.php\/wp-json\/wp\/v2\/tags?post=22155"}],"curies":[{"name":"wp","href":"https:\/\/api.w.org\/{rel}","templated":true}]}}