{"id":22136,"date":"2025-10-22T16:34:07","date_gmt":"2025-10-22T19:34:07","guid":{"rendered":"http:\/\/10.101.10.197\/www\/?p=22136"},"modified":"2025-10-22T16:45:23","modified_gmt":"2025-10-22T19:45:23","slug":"charla-historia-invisibilizada-de-afrodescendientes-en-argentina","status":"publish","type":"post","link":"https:\/\/www.fcejs.unsl.edu.ar\/index.php\/charla-historia-invisibilizada-de-afrodescendientes-en-argentina\/","title":{"rendered":"Charla: Historia invisibilizada de afrodescendientes en Argentina"},"content":{"rendered":"<p>En el marco de la <strong data-start=\"187\" data-end=\"226\">XX Fiesta Provincial del Inmigrante<\/strong>, la <strong data-start=\"279\" data-end=\"288\">FCEJS<\/strong> invita a toda la comunidad a la <strong data-start=\"321\" data-end=\"391\">Charla \u201cHistoria invisibilizada de afrodescendientes en Argentina\u201d<\/strong>, que tendr\u00e1 lugar el <strong data-start=\"413\" data-end=\"438\">viernes 24 de octubre<\/strong>, a las <strong data-start=\"446\" data-end=\"458\">18 horas<\/strong>, en la <strong data-start=\"466\" data-end=\"501\">Biblioteca Bernardino Rivadavia<\/strong> (Av. Mitre 1636, Villa Mercedes).<\/p>\n<p data-start=\"544\" data-end=\"909\">La charla estar\u00e1 a cargo de <strong data-start=\"572\" data-end=\"590\">\u201cTrenzar Ra\u00edz\u201d<\/strong>, comunidad de mujeres afroargentinas y afrodescendientes de la Villa de Merlo. El objetivo del encuentro es generar un espacio de reflexi\u00f3n sobre la historia de los afrodescendientes en Argentina y en Villa Mercedes, y visibilizar los procesos de invisibilizaci\u00f3n y discriminaci\u00f3n que han atravesado durante d\u00e9cadas.<\/p>\n<p style=\"text-align: right;\" data-start=\"916\" data-end=\"1112\">\u201cPara perpetuarse, toda opresi\u00f3n debe corromper o distorsionar las fuentes de poder inherentes a la cultura de los oprimidos, de las que puede surgir energ\u00eda para el cambio.\u201d<br data-start=\"1090\" data-end=\"1093\" \/>\u2014 <em data-start=\"1097\" data-end=\"1110\">Audre Lorde<\/em><\/p>\n<p>&nbsp;<\/p>\n","protected":false},"excerpt":{"rendered":"<p>En el marco de la XX Fiesta Provincial del Inmigrante, la FCEJS invita a toda la comunidad a la Charla \u201cHistoria invisibilizada de afrodescendientes en&hellip;<\/p>\n","protected":false},"author":9,"featured_media":22137,"comment_status":"closed","ping_status":"closed","sticky":false,"template":"","format":"standard","meta":{"om_disable_all_campaigns":false,"_monsterinsights_skip_tracking":false,"_monsterinsights_sitenote_active":false,"_monsterinsights_sitenote_note":"","_monsterinsights_sitenote_category":0,"footnotes":""},"categories":[1,19],"tags":[],"class_list":["post-22136","post","type-post","status-publish","format-standard","has-post-thumbnail","hentry","category-noticias","category-principal"],"yoast_head":"<!-- This site is optimized with the Yoast SEO plugin v27.5 - https:\/\/yoast.com\/product\/yoast-seo-wordpress\/ -->\n<title>Charla: Historia invisibilizada de afrodescendientes en Argentina - Facultad de Ciencias Econ\u00f3micas, Jur\u00ed\u00addicas y Sociales<\/title>\n<meta name=\"robots\" content=\"index, follow, max-snippet:-1, max-image-preview:large, max-video-preview:-1\" \/>\n<link rel=\"canonical\" href=\"https:\/\/www.fcejs.unsl.edu.ar\/index.php\/charla-historia-invisibilizada-de-afrodescendientes-en-argentina\/\" \/>\n<meta property=\"og:locale\" content=\"es_ES\" \/>\n<meta property=\"og:type\" content=\"article\" \/>\n<meta property=\"og:title\" content=\"Charla: Historia invisibilizada de afrodescendientes en Argentina - Facultad de Ciencias Econ\u00f3micas, Jur\u00ed\u00addicas y Sociales\" \/>\n<meta property=\"og:description\" content=\"En el marco de la XX Fiesta Provincial del Inmigrante, la FCEJS invita a toda la comunidad a la Charla \u201cHistoria invisibilizada de afrodescendientes en&hellip;\" \/>\n<meta property=\"og:url\" content=\"https:\/\/www.fcejs.unsl.edu.ar\/index.php\/charla-historia-invisibilizada-de-afrodescendientes-en-argentina\/\" \/>\n<meta property=\"og:site_name\" content=\"Facultad de Ciencias Econ\u00f3micas, Jur\u00ed\u00addicas y Sociales\" \/>\n<meta property=\"article:publisher\" content=\"https:\/\/www.facebook.com\/FCEJS.UNSL\/\" \/>\n<meta property=\"article:published_time\" content=\"2025-10-22T19:34:07+00:00\" \/>\n<meta property=\"article:modified_time\" content=\"2025-10-22T19:45:23+00:00\" \/>\n<meta property=\"og:image\" content=\"https:\/\/www.fcejs.unsl.edu.ar\/wp-content\/uploads\/2025\/10\/PLACA-WEBAFRODESCENDIENTES-ARGENTINA.png\" \/>\n\t<meta property=\"og:image:width\" content=\"2304\" \/>\n\t<meta property=\"og:image:height\" content=\"1296\" \/>\n\t<meta property=\"og:image:type\" content=\"image\/png\" \/>\n<meta name=\"author\" content=\"DATI\" \/>\n<meta name=\"twitter:card\" content=\"summary_large_image\" \/>\n<meta name=\"twitter:creator\" content=\"@FCEJSUNSL\" \/>\n<meta name=\"twitter:site\" content=\"@FCEJSUNSL\" \/>\n<meta name=\"twitter:label1\" content=\"Escrito por\" \/>\n\t<meta name=\"twitter:data1\" content=\"DATI\" \/>\n\t<meta name=\"twitter:label2\" content=\"Tiempo de lectura\" \/>\n\t<meta name=\"twitter:data2\" content=\"1 minuto\" \/>\n<script type=\"application\/ld+json\" class=\"yoast-schema-graph\">{\"@context\":\"https:\\\/\\\/schema.org\",\"@graph\":[{\"@type\":\"Article\",\"@id\":\"https:\\\/\\\/www.fcejs.unsl.edu.ar\\\/index.php\\\/charla-historia-invisibilizada-de-afrodescendientes-en-argentina\\\/#article\",\"isPartOf\":{\"@id\":\"https:\\\/\\\/www.fcejs.unsl.edu.ar\\\/index.php\\\/charla-historia-invisibilizada-de-afrodescendientes-en-argentina\\\/\"},\"author\":{\"name\":\"DATI\",\"@id\":\"https:\\\/\\\/www.fcejs.unsl.edu.ar\\\/#\\\/schema\\\/person\\\/352ee6ed90c3f394c7cb5945f8956d34\"},\"headline\":\"Charla: Historia invisibilizada de afrodescendientes en Argentina\",\"datePublished\":\"2025-10-22T19:34:07+00:00\",\"dateModified\":\"2025-10-22T19:45:23+00:00\",\"mainEntityOfPage\":{\"@id\":\"https:\\\/\\\/www.fcejs.unsl.edu.ar\\\/index.php\\\/charla-historia-invisibilizada-de-afrodescendientes-en-argentina\\\/\"},\"wordCount\":144,\"publisher\":{\"@id\":\"https:\\\/\\\/www.fcejs.unsl.edu.ar\\\/#organization\"},\"image\":{\"@id\":\"https:\\\/\\\/www.fcejs.unsl.edu.ar\\\/index.php\\\/charla-historia-invisibilizada-de-afrodescendientes-en-argentina\\\/#primaryimage\"},\"thumbnailUrl\":\"https:\\\/\\\/www.fcejs.unsl.edu.ar\\\/wp-content\\\/uploads\\\/2025\\\/10\\\/PLACA-WEBAFRODESCENDIENTES-ARGENTINA.png\",\"articleSection\":[\"Noticias\",\"Principal\"],\"inLanguage\":\"es-AR\"},{\"@type\":\"WebPage\",\"@id\":\"https:\\\/\\\/www.fcejs.unsl.edu.ar\\\/index.php\\\/charla-historia-invisibilizada-de-afrodescendientes-en-argentina\\\/\",\"url\":\"https:\\\/\\\/www.fcejs.unsl.edu.ar\\\/index.php\\\/charla-historia-invisibilizada-de-afrodescendientes-en-argentina\\\/\",\"name\":\"Charla: Historia invisibilizada de afrodescendientes en Argentina - Facultad de Ciencias Econ\u00f3micas, Jur\u00ed\u00addicas y Sociales\",\"isPartOf\":{\"@id\":\"https:\\\/\\\/www.fcejs.unsl.edu.ar\\\/#website\"},\"primaryImageOfPage\":{\"@id\":\"https:\\\/\\\/www.fcejs.unsl.edu.ar\\\/index.php\\\/charla-historia-invisibilizada-de-afrodescendientes-en-argentina\\\/#primaryimage\"},\"image\":{\"@id\":\"https:\\\/\\\/www.fcejs.unsl.edu.ar\\\/index.php\\\/charla-historia-invisibilizada-de-afrodescendientes-en-argentina\\\/#primaryimage\"},\"thumbnailUrl\":\"https:\\\/\\\/www.fcejs.unsl.edu.ar\\\/wp-content\\\/uploads\\\/2025\\\/10\\\/PLACA-WEBAFRODESCENDIENTES-ARGENTINA.png\",\"datePublished\":\"2025-10-22T19:34:07+00:00\",\"dateModified\":\"2025-10-22T19:45:23+00:00\",\"breadcrumb\":{\"@id\":\"https:\\\/\\\/www.fcejs.unsl.edu.ar\\\/index.php\\\/charla-historia-invisibilizada-de-afrodescendientes-en-argentina\\\/#breadcrumb\"},\"inLanguage\":\"es-AR\",\"potentialAction\":[{\"@type\":\"ReadAction\",\"target\":[\"https:\\\/\\\/www.fcejs.unsl.edu.ar\\\/index.php\\\/charla-historia-invisibilizada-de-afrodescendientes-en-argentina\\\/\"]}]},{\"@type\":\"ImageObject\",\"inLanguage\":\"es-AR\",\"@id\":\"https:\\\/\\\/www.fcejs.unsl.edu.ar\\\/index.php\\\/charla-historia-invisibilizada-de-afrodescendientes-en-argentina\\\/#primaryimage\",\"url\":\"https:\\\/\\\/www.fcejs.unsl.edu.ar\\\/wp-content\\\/uploads\\\/2025\\\/10\\\/PLACA-WEBAFRODESCENDIENTES-ARGENTINA.png\",\"contentUrl\":\"https:\\\/\\\/www.fcejs.unsl.edu.ar\\\/wp-content\\\/uploads\\\/2025\\\/10\\\/PLACA-WEBAFRODESCENDIENTES-ARGENTINA.png\",\"width\":2304,\"height\":1296},{\"@type\":\"BreadcrumbList\",\"@id\":\"https:\\\/\\\/www.fcejs.unsl.edu.ar\\\/index.php\\\/charla-historia-invisibilizada-de-afrodescendientes-en-argentina\\\/#breadcrumb\",\"itemListElement\":[{\"@type\":\"ListItem\",\"position\":1,\"name\":\"Inicio\",\"item\":\"https:\\\/\\\/www.fcejs.unsl.edu.ar\\\/\"},{\"@type\":\"ListItem\",\"position\":2,\"name\":\"Charla: Historia invisibilizada de afrodescendientes en Argentina\"}]},{\"@type\":\"WebSite\",\"@id\":\"https:\\\/\\\/www.fcejs.unsl.edu.ar\\\/#website\",\"url\":\"https:\\\/\\\/www.fcejs.unsl.edu.ar\\\/\",\"name\":\"Facultad de Ciencias Econ\u00f3micas, Jur\u00ed\u00addicas y Sociales\",\"description\":\"\",\"publisher\":{\"@id\":\"https:\\\/\\\/www.fcejs.unsl.edu.ar\\\/#organization\"},\"potentialAction\":[{\"@type\":\"SearchAction\",\"target\":{\"@type\":\"EntryPoint\",\"urlTemplate\":\"https:\\\/\\\/www.fcejs.unsl.edu.ar\\\/?s={search_term_string}\"},\"query-input\":{\"@type\":\"PropertyValueSpecification\",\"valueRequired\":true,\"valueName\":\"search_term_string\"}}],\"inLanguage\":\"es-AR\"},{\"@type\":\"Organization\",\"@id\":\"https:\\\/\\\/www.fcejs.unsl.edu.ar\\\/#organization\",\"name\":\"Facultad de Ciencias Econ\u00f3micas, Jur\u00eddicas y Sociales\",\"url\":\"https:\\\/\\\/www.fcejs.unsl.edu.ar\\\/\",\"logo\":{\"@type\":\"ImageObject\",\"inLanguage\":\"es-AR\",\"@id\":\"https:\\\/\\\/www.fcejs.unsl.edu.ar\\\/#\\\/schema\\\/logo\\\/image\\\/\",\"url\":\"https:\\\/\\\/www.fcejs.unsl.edu.ar\\\/wp-content\\\/uploads\\\/2021\\\/03\\\/logo-1.jpg\",\"contentUrl\":\"https:\\\/\\\/www.fcejs.unsl.edu.ar\\\/wp-content\\\/uploads\\\/2021\\\/03\\\/logo-1.jpg\",\"width\":471,\"height\":146,\"caption\":\"Facultad de Ciencias Econ\u00f3micas, Jur\u00eddicas y Sociales\"},\"image\":{\"@id\":\"https:\\\/\\\/www.fcejs.unsl.edu.ar\\\/#\\\/schema\\\/logo\\\/image\\\/\"},\"sameAs\":[\"https:\\\/\\\/www.facebook.com\\\/FCEJS.UNSL\\\/\",\"https:\\\/\\\/x.com\\\/FCEJSUNSL\",\"https:\\\/\\\/www.instagram.com\\\/fcejs.unsl\\\/\",\"https:\\\/\\\/www.youtube.com\\\/channel\\\/UCH-Ut6EaN_X5ogjIQMPe46g\\\/\"]},{\"@type\":\"Person\",\"@id\":\"https:\\\/\\\/www.fcejs.unsl.edu.ar\\\/#\\\/schema\\\/person\\\/352ee6ed90c3f394c7cb5945f8956d34\",\"name\":\"DATI\"}]}<\/script>\n<!-- \/ Yoast SEO plugin. -->","yoast_head_json":{"title":"Charla: Historia invisibilizada de afrodescendientes en Argentina - Facultad de Ciencias Econ\u00f3micas, Jur\u00ed\u00addicas y Sociales","robots":{"index":"index","follow":"follow","max-snippet":"max-snippet:-1","max-image-preview":"max-image-preview:large","max-video-preview":"max-video-preview:-1"},"canonical":"https:\/\/www.fcejs.unsl.edu.ar\/index.php\/charla-historia-invisibilizada-de-afrodescendientes-en-argentina\/","og_locale":"es_ES","og_type":"article","og_title":"Charla: Historia invisibilizada de afrodescendientes en Argentina - Facultad de Ciencias Econ\u00f3micas, Jur\u00ed\u00addicas y Sociales","og_description":"En el marco de la XX Fiesta Provincial del Inmigrante, la FCEJS invita a toda la comunidad a la Charla \u201cHistoria invisibilizada de afrodescendientes en&hellip;","og_url":"https:\/\/www.fcejs.unsl.edu.ar\/index.php\/charla-historia-invisibilizada-de-afrodescendientes-en-argentina\/","og_site_name":"Facultad de Ciencias Econ\u00f3micas, Jur\u00ed\u00addicas y Sociales","article_publisher":"https:\/\/www.facebook.com\/FCEJS.UNSL\/","article_published_time":"2025-10-22T19:34:07+00:00","article_modified_time":"2025-10-22T19:45:23+00:00","og_image":[{"width":2304,"height":1296,"url":"https:\/\/www.fcejs.unsl.edu.ar\/wp-content\/uploads\/2025\/10\/PLACA-WEBAFRODESCENDIENTES-ARGENTINA.png","type":"image\/png"}],"author":"DATI","twitter_card":"summary_large_image","twitter_creator":"@FCEJSUNSL","twitter_site":"@FCEJSUNSL","twitter_misc":{"Escrito por":"DATI","Tiempo de lectura":"1 minuto"},"schema":{"@context":"https:\/\/schema.org","@graph":[{"@type":"Article","@id":"https:\/\/www.fcejs.unsl.edu.ar\/index.php\/charla-historia-invisibilizada-de-afrodescendientes-en-argentina\/#article","isPartOf":{"@id":"https:\/\/www.fcejs.unsl.edu.ar\/index.php\/charla-historia-invisibilizada-de-afrodescendientes-en-argentina\/"},"author":{"name":"DATI","@id":"https:\/\/www.fcejs.unsl.edu.ar\/#\/schema\/person\/352ee6ed90c3f394c7cb5945f8956d34"},"headline":"Charla: Historia invisibilizada de afrodescendientes en Argentina","datePublished":"2025-10-22T19:34:07+00:00","dateModified":"2025-10-22T19:45:23+00:00","mainEntityOfPage":{"@id":"https:\/\/www.fcejs.unsl.edu.ar\/index.php\/charla-historia-invisibilizada-de-afrodescendientes-en-argentina\/"},"wordCount":144,"publisher":{"@id":"https:\/\/www.fcejs.unsl.edu.ar\/#organization"},"image":{"@id":"https:\/\/www.fcejs.unsl.edu.ar\/index.php\/charla-historia-invisibilizada-de-afrodescendientes-en-argentina\/#primaryimage"},"thumbnailUrl":"https:\/\/www.fcejs.unsl.edu.ar\/wp-content\/uploads\/2025\/10\/PLACA-WEBAFRODESCENDIENTES-ARGENTINA.png","articleSection":["Noticias","Principal"],"inLanguage":"es-AR"},{"@type":"WebPage","@id":"https:\/\/www.fcejs.unsl.edu.ar\/index.php\/charla-historia-invisibilizada-de-afrodescendientes-en-argentina\/","url":"https:\/\/www.fcejs.unsl.edu.ar\/index.php\/charla-historia-invisibilizada-de-afrodescendientes-en-argentina\/","name":"Charla: Historia invisibilizada de afrodescendientes en Argentina - Facultad de Ciencias Econ\u00f3micas, Jur\u00ed\u00addicas y Sociales","isPartOf":{"@id":"https:\/\/www.fcejs.unsl.edu.ar\/#website"},"primaryImageOfPage":{"@id":"https:\/\/www.fcejs.unsl.edu.ar\/index.php\/charla-historia-invisibilizada-de-afrodescendientes-en-argentina\/#primaryimage"},"image":{"@id":"https:\/\/www.fcejs.unsl.edu.ar\/index.php\/charla-historia-invisibilizada-de-afrodescendientes-en-argentina\/#primaryimage"},"thumbnailUrl":"https:\/\/www.fcejs.unsl.edu.ar\/wp-content\/uploads\/2025\/10\/PLACA-WEBAFRODESCENDIENTES-ARGENTINA.png","datePublished":"2025-10-22T19:34:07+00:00","dateModified":"2025-10-22T19:45:23+00:00","breadcrumb":{"@id":"https:\/\/www.fcejs.unsl.edu.ar\/index.php\/charla-historia-invisibilizada-de-afrodescendientes-en-argentina\/#breadcrumb"},"inLanguage":"es-AR","potentialAction":[{"@type":"ReadAction","target":["https:\/\/www.fcejs.unsl.edu.ar\/index.php\/charla-historia-invisibilizada-de-afrodescendientes-en-argentina\/"]}]},{"@type":"ImageObject","inLanguage":"es-AR","@id":"https:\/\/www.fcejs.unsl.edu.ar\/index.php\/charla-historia-invisibilizada-de-afrodescendientes-en-argentina\/#primaryimage","url":"https:\/\/www.fcejs.unsl.edu.ar\/wp-content\/uploads\/2025\/10\/PLACA-WEBAFRODESCENDIENTES-ARGENTINA.png","contentUrl":"https:\/\/www.fcejs.unsl.edu.ar\/wp-content\/uploads\/2025\/10\/PLACA-WEBAFRODESCENDIENTES-ARGENTINA.png","width":2304,"height":1296},{"@type":"BreadcrumbList","@id":"https:\/\/www.fcejs.unsl.edu.ar\/index.php\/charla-historia-invisibilizada-de-afrodescendientes-en-argentina\/#breadcrumb","itemListElement":[{"@type":"ListItem","position":1,"name":"Inicio","item":"https:\/\/www.fcejs.unsl.edu.ar\/"},{"@type":"ListItem","position":2,"name":"Charla: Historia invisibilizada de afrodescendientes en Argentina"}]},{"@type":"WebSite","@id":"https:\/\/www.fcejs.unsl.edu.ar\/#website","url":"https:\/\/www.fcejs.unsl.edu.ar\/","name":"Facultad de Ciencias Econ\u00f3micas, Jur\u00ed\u00addicas y Sociales","description":"","publisher":{"@id":"https:\/\/www.fcejs.unsl.edu.ar\/#organization"},"potentialAction":[{"@type":"SearchAction","target":{"@type":"EntryPoint","urlTemplate":"https:\/\/www.fcejs.unsl.edu.ar\/?s={search_term_string}"},"query-input":{"@type":"PropertyValueSpecification","valueRequired":true,"valueName":"search_term_string"}}],"inLanguage":"es-AR"},{"@type":"Organization","@id":"https:\/\/www.fcejs.unsl.edu.ar\/#organization","name":"Facultad de Ciencias Econ\u00f3micas, Jur\u00eddicas y Sociales","url":"https:\/\/www.fcejs.unsl.edu.ar\/","logo":{"@type":"ImageObject","inLanguage":"es-AR","@id":"https:\/\/www.fcejs.unsl.edu.ar\/#\/schema\/logo\/image\/","url":"https:\/\/www.fcejs.unsl.edu.ar\/wp-content\/uploads\/2021\/03\/logo-1.jpg","contentUrl":"https:\/\/www.fcejs.unsl.edu.ar\/wp-content\/uploads\/2021\/03\/logo-1.jpg","width":471,"height":146,"caption":"Facultad de Ciencias Econ\u00f3micas, Jur\u00eddicas y Sociales"},"image":{"@id":"https:\/\/www.fcejs.unsl.edu.ar\/#\/schema\/logo\/image\/"},"sameAs":["https:\/\/www.facebook.com\/FCEJS.UNSL\/","https:\/\/x.com\/FCEJSUNSL","https:\/\/www.instagram.com\/fcejs.unsl\/","https:\/\/www.youtube.com\/channel\/UCH-Ut6EaN_X5ogjIQMPe46g\/"]},{"@type":"Person","@id":"https:\/\/www.fcejs.unsl.edu.ar\/#\/schema\/person\/352ee6ed90c3f394c7cb5945f8956d34","name":"DATI"}]}},"jetpack_featured_media_url":"https:\/\/www.fcejs.unsl.edu.ar\/wp-content\/uploads\/2025\/10\/PLACA-WEBAFRODESCENDIENTES-ARGENTINA.png","_links":{"self":[{"href":"https:\/\/www.fcejs.unsl.edu.ar\/index.php\/wp-json\/wp\/v2\/posts\/22136","targetHints":{"allow":["GET"]}}],"collection":[{"href":"https:\/\/www.fcejs.unsl.edu.ar\/index.php\/wp-json\/wp\/v2\/posts"}],"about":[{"href":"https:\/\/www.fcejs.unsl.edu.ar\/index.php\/wp-json\/wp\/v2\/types\/post"}],"author":[{"embeddable":true,"href":"https:\/\/www.fcejs.unsl.edu.ar\/index.php\/wp-json\/wp\/v2\/users\/9"}],"replies":[{"embeddable":true,"href":"https:\/\/www.fcejs.unsl.edu.ar\/index.php\/wp-json\/wp\/v2\/comments?post=22136"}],"version-history":[{"count":2,"href":"https:\/\/www.fcejs.unsl.edu.ar\/index.php\/wp-json\/wp\/v2\/posts\/22136\/revisions"}],"predecessor-version":[{"id":22139,"href":"https:\/\/www.fcejs.unsl.edu.ar\/index.php\/wp-json\/wp\/v2\/posts\/22136\/revisions\/22139"}],"wp:featuredmedia":[{"embeddable":true,"href":"https:\/\/www.fcejs.unsl.edu.ar\/index.php\/wp-json\/wp\/v2\/media\/22137"}],"wp:attachment":[{"href":"https:\/\/www.fcejs.unsl.edu.ar\/index.php\/wp-json\/wp\/v2\/media?parent=22136"}],"wp:term":[{"taxonomy":"category","embeddable":true,"href":"https:\/\/www.fcejs.unsl.edu.ar\/index.php\/wp-json\/wp\/v2\/categories?post=22136"},{"taxonomy":"post_tag","embeddable":true,"href":"https:\/\/www.fcejs.unsl.edu.ar\/index.php\/wp-json\/wp\/v2\/tags?post=22136"}],"curies":[{"name":"wp","href":"https:\/\/api.w.org\/{rel}","templated":true}]}}