{"id":22112,"date":"2025-10-22T09:48:34","date_gmt":"2025-10-22T12:48:34","guid":{"rendered":"http:\/\/10.101.10.197\/www\/?p=22112"},"modified":"2025-10-22T11:58:49","modified_gmt":"2025-10-22T14:58:49","slug":"cine-y-dialogo-los-fuegos-internos-llega-al-campus-universitario","status":"publish","type":"post","link":"https:\/\/www.fcejs.unsl.edu.ar\/index.php\/cine-y-dialogo-los-fuegos-internos-llega-al-campus-universitario\/","title":{"rendered":"Cine y di\u00e1logo: \u201cLos fuegos internos\u201d llega al Campus Universitario"},"content":{"rendered":"<p data-start=\"200\" data-end=\"460\">La <strong data-start=\"203\" data-end=\"244\">Secretar\u00eda de Extensi\u00f3n Universitaria<\/strong> invita a toda la comunidad a la <strong data-start=\"277\" data-end=\"328\">proyecci\u00f3n del documental \u201cLos fuegos internos\u201d<\/strong>, que se llevar\u00e1 a cabo el <strong data-start=\"355\" data-end=\"397\">mi\u00e9rcoles 29 de octubre a las 18 horas<\/strong> en el <strong data-start=\"404\" data-end=\"432\">Aula Dante Bodo (Aula 2)<\/strong> del Campus Universitario.<\/p>\n<p data-start=\"467\" data-end=\"705\">El documental <em data-start=\"481\" data-end=\"502\">Los fuegos internos<\/em> presenta las contingencias de tres internos de un hospital psiqui\u00e1trico en su proceso de internaci\u00f3n y externaci\u00f3n, relatado desde sus propias experiencias y a trav\u00e9s del trabajo en un taller de arte.<\/p>\n<p data-start=\"712\" data-end=\"1048\">Esta actividad propone un acercamiento a las problem\u00e1ticas vinculadas a la hospitalizaci\u00f3n de usuarios cr\u00f3nicos y a las vicisitudes de su externaci\u00f3n, as\u00ed como tambi\u00e9n al an\u00e1lisis de la pr\u00e1ctica profesional, identificando posibilidades terap\u00e9uticas en el tratamiento de usuarios y algunos signos cl\u00ednicos abordados en las asignaturas.<\/p>\n<p data-start=\"1055\" data-end=\"1235\">Finalizada la proyecci\u00f3n, se prev\u00e9 una conversaci\u00f3n con una de las protagonistas del documental, <strong data-start=\"1152\" data-end=\"1166\">Laura Lago<\/strong>, quien coordinaba el taller de arte que se muestra en la pel\u00edcula.<\/p>\n<p data-start=\"1242\" data-end=\"1538\">Esta propuesta extensionista est\u00e1 destinada a <strong data-start=\"1288\" data-end=\"1315\">estudiantes y egresados<\/strong> de las carreras <strong data-start=\"1332\" data-end=\"1378\">Licenciatura en Acompa\u00f1amiento Terap\u00e9utico<\/strong> y <strong data-start=\"1381\" data-end=\"1447\">Tecnicatura Universitaria en Acompa\u00f1amiento Terap\u00e9utico (TUAT)<\/strong>, as\u00ed como tambi\u00e9n a las carreras con perfil p\u00fablico o de salud, y al p\u00fablico en general.<\/p>\n<p data-start=\"1545\" data-end=\"1815\">La actividad es organizada por los docentes de la TUAT: <strong data-start=\"1601\" data-end=\"1624\">Mgtr. Lucio Pierini<\/strong> (c\u00e1tedra <em data-start=\"1634\" data-end=\"1650\">Psicopatolog\u00eda<\/em>), <strong data-start=\"1653\" data-end=\"1675\">Lic. Virginia D\u00edaz<\/strong> y <strong data-start=\"1678\" data-end=\"1695\">Laura Elgueta<\/strong> (c\u00e1tedra <em data-start=\"1705\" data-end=\"1743\">El arte como herramienta terap\u00e9utica<\/em>), junto al <strong data-start=\"1755\" data-end=\"1814\">Centro de Estudiantes de FCEJS \u201cSan Luis Independiente\u201d<\/strong>.<\/p>\n","protected":false},"excerpt":{"rendered":"<p>La Secretar\u00eda de Extensi\u00f3n Universitaria invita a toda la comunidad a la proyecci\u00f3n del documental \u201cLos fuegos internos\u201d, que se llevar\u00e1 a cabo el mi\u00e9rcoles&hellip;<\/p>\n","protected":false},"author":9,"featured_media":22113,"comment_status":"closed","ping_status":"closed","sticky":false,"template":"","format":"standard","meta":{"om_disable_all_campaigns":false,"_monsterinsights_skip_tracking":false,"_monsterinsights_sitenote_active":false,"_monsterinsights_sitenote_note":"","_monsterinsights_sitenote_category":0,"footnotes":""},"categories":[1,19],"tags":[],"class_list":["post-22112","post","type-post","status-publish","format-standard","has-post-thumbnail","hentry","category-noticias","category-principal"],"yoast_head":"<!-- This site is optimized with the Yoast SEO plugin v27.5 - https:\/\/yoast.com\/product\/yoast-seo-wordpress\/ -->\n<title>Cine y di\u00e1logo: \u201cLos fuegos internos\u201d llega al Campus Universitario - Facultad de Ciencias Econ\u00f3micas, Jur\u00ed\u00addicas y Sociales<\/title>\n<meta name=\"robots\" content=\"index, follow, max-snippet:-1, max-image-preview:large, max-video-preview:-1\" \/>\n<link rel=\"canonical\" href=\"https:\/\/www.fcejs.unsl.edu.ar\/index.php\/cine-y-dialogo-los-fuegos-internos-llega-al-campus-universitario\/\" \/>\n<meta property=\"og:locale\" content=\"es_ES\" \/>\n<meta property=\"og:type\" content=\"article\" \/>\n<meta property=\"og:title\" content=\"Cine y di\u00e1logo: \u201cLos fuegos internos\u201d llega al Campus Universitario - Facultad de Ciencias Econ\u00f3micas, Jur\u00ed\u00addicas y Sociales\" \/>\n<meta property=\"og:description\" content=\"La Secretar\u00eda de Extensi\u00f3n Universitaria invita a toda la comunidad a la proyecci\u00f3n del documental \u201cLos fuegos internos\u201d, que se llevar\u00e1 a cabo el mi\u00e9rcoles&hellip;\" \/>\n<meta property=\"og:url\" content=\"https:\/\/www.fcejs.unsl.edu.ar\/index.php\/cine-y-dialogo-los-fuegos-internos-llega-al-campus-universitario\/\" \/>\n<meta property=\"og:site_name\" content=\"Facultad de Ciencias Econ\u00f3micas, Jur\u00ed\u00addicas y Sociales\" \/>\n<meta property=\"article:publisher\" content=\"https:\/\/www.facebook.com\/FCEJS.UNSL\/\" \/>\n<meta property=\"article:published_time\" content=\"2025-10-22T12:48:34+00:00\" \/>\n<meta property=\"article:modified_time\" content=\"2025-10-22T14:58:49+00:00\" \/>\n<meta property=\"og:image\" content=\"https:\/\/www.fcejs.unsl.edu.ar\/wp-content\/uploads\/2025\/10\/PLACA-WEB-los-fuegos-internos.png\" \/>\n\t<meta property=\"og:image:width\" content=\"2304\" \/>\n\t<meta property=\"og:image:height\" content=\"1296\" \/>\n\t<meta property=\"og:image:type\" content=\"image\/png\" \/>\n<meta name=\"author\" content=\"DATI\" \/>\n<meta name=\"twitter:card\" content=\"summary_large_image\" \/>\n<meta name=\"twitter:creator\" content=\"@FCEJSUNSL\" \/>\n<meta name=\"twitter:site\" content=\"@FCEJSUNSL\" \/>\n<meta name=\"twitter:label1\" content=\"Escrito por\" \/>\n\t<meta name=\"twitter:data1\" content=\"DATI\" \/>\n\t<meta name=\"twitter:label2\" content=\"Tiempo de lectura\" \/>\n\t<meta name=\"twitter:data2\" content=\"2 minutos\" \/>\n<script type=\"application\/ld+json\" class=\"yoast-schema-graph\">{\"@context\":\"https:\\\/\\\/schema.org\",\"@graph\":[{\"@type\":\"Article\",\"@id\":\"https:\\\/\\\/www.fcejs.unsl.edu.ar\\\/index.php\\\/cine-y-dialogo-los-fuegos-internos-llega-al-campus-universitario\\\/#article\",\"isPartOf\":{\"@id\":\"https:\\\/\\\/www.fcejs.unsl.edu.ar\\\/index.php\\\/cine-y-dialogo-los-fuegos-internos-llega-al-campus-universitario\\\/\"},\"author\":{\"name\":\"DATI\",\"@id\":\"https:\\\/\\\/www.fcejs.unsl.edu.ar\\\/#\\\/schema\\\/person\\\/352ee6ed90c3f394c7cb5945f8956d34\"},\"headline\":\"Cine y di\u00e1logo: \u201cLos fuegos internos\u201d llega al Campus Universitario\",\"datePublished\":\"2025-10-22T12:48:34+00:00\",\"dateModified\":\"2025-10-22T14:58:49+00:00\",\"mainEntityOfPage\":{\"@id\":\"https:\\\/\\\/www.fcejs.unsl.edu.ar\\\/index.php\\\/cine-y-dialogo-los-fuegos-internos-llega-al-campus-universitario\\\/\"},\"wordCount\":271,\"publisher\":{\"@id\":\"https:\\\/\\\/www.fcejs.unsl.edu.ar\\\/#organization\"},\"image\":{\"@id\":\"https:\\\/\\\/www.fcejs.unsl.edu.ar\\\/index.php\\\/cine-y-dialogo-los-fuegos-internos-llega-al-campus-universitario\\\/#primaryimage\"},\"thumbnailUrl\":\"https:\\\/\\\/www.fcejs.unsl.edu.ar\\\/wp-content\\\/uploads\\\/2025\\\/10\\\/PLACA-WEB-los-fuegos-internos.png\",\"articleSection\":[\"Noticias\",\"Principal\"],\"inLanguage\":\"es-AR\"},{\"@type\":\"WebPage\",\"@id\":\"https:\\\/\\\/www.fcejs.unsl.edu.ar\\\/index.php\\\/cine-y-dialogo-los-fuegos-internos-llega-al-campus-universitario\\\/\",\"url\":\"https:\\\/\\\/www.fcejs.unsl.edu.ar\\\/index.php\\\/cine-y-dialogo-los-fuegos-internos-llega-al-campus-universitario\\\/\",\"name\":\"Cine y di\u00e1logo: \u201cLos fuegos internos\u201d llega al Campus Universitario - Facultad de Ciencias Econ\u00f3micas, Jur\u00ed\u00addicas y Sociales\",\"isPartOf\":{\"@id\":\"https:\\\/\\\/www.fcejs.unsl.edu.ar\\\/#website\"},\"primaryImageOfPage\":{\"@id\":\"https:\\\/\\\/www.fcejs.unsl.edu.ar\\\/index.php\\\/cine-y-dialogo-los-fuegos-internos-llega-al-campus-universitario\\\/#primaryimage\"},\"image\":{\"@id\":\"https:\\\/\\\/www.fcejs.unsl.edu.ar\\\/index.php\\\/cine-y-dialogo-los-fuegos-internos-llega-al-campus-universitario\\\/#primaryimage\"},\"thumbnailUrl\":\"https:\\\/\\\/www.fcejs.unsl.edu.ar\\\/wp-content\\\/uploads\\\/2025\\\/10\\\/PLACA-WEB-los-fuegos-internos.png\",\"datePublished\":\"2025-10-22T12:48:34+00:00\",\"dateModified\":\"2025-10-22T14:58:49+00:00\",\"breadcrumb\":{\"@id\":\"https:\\\/\\\/www.fcejs.unsl.edu.ar\\\/index.php\\\/cine-y-dialogo-los-fuegos-internos-llega-al-campus-universitario\\\/#breadcrumb\"},\"inLanguage\":\"es-AR\",\"potentialAction\":[{\"@type\":\"ReadAction\",\"target\":[\"https:\\\/\\\/www.fcejs.unsl.edu.ar\\\/index.php\\\/cine-y-dialogo-los-fuegos-internos-llega-al-campus-universitario\\\/\"]}]},{\"@type\":\"ImageObject\",\"inLanguage\":\"es-AR\",\"@id\":\"https:\\\/\\\/www.fcejs.unsl.edu.ar\\\/index.php\\\/cine-y-dialogo-los-fuegos-internos-llega-al-campus-universitario\\\/#primaryimage\",\"url\":\"https:\\\/\\\/www.fcejs.unsl.edu.ar\\\/wp-content\\\/uploads\\\/2025\\\/10\\\/PLACA-WEB-los-fuegos-internos.png\",\"contentUrl\":\"https:\\\/\\\/www.fcejs.unsl.edu.ar\\\/wp-content\\\/uploads\\\/2025\\\/10\\\/PLACA-WEB-los-fuegos-internos.png\",\"width\":2304,\"height\":1296},{\"@type\":\"BreadcrumbList\",\"@id\":\"https:\\\/\\\/www.fcejs.unsl.edu.ar\\\/index.php\\\/cine-y-dialogo-los-fuegos-internos-llega-al-campus-universitario\\\/#breadcrumb\",\"itemListElement\":[{\"@type\":\"ListItem\",\"position\":1,\"name\":\"Inicio\",\"item\":\"https:\\\/\\\/www.fcejs.unsl.edu.ar\\\/\"},{\"@type\":\"ListItem\",\"position\":2,\"name\":\"Cine y di\u00e1logo: \u201cLos fuegos internos\u201d llega al Campus Universitario\"}]},{\"@type\":\"WebSite\",\"@id\":\"https:\\\/\\\/www.fcejs.unsl.edu.ar\\\/#website\",\"url\":\"https:\\\/\\\/www.fcejs.unsl.edu.ar\\\/\",\"name\":\"Facultad de Ciencias Econ\u00f3micas, Jur\u00ed\u00addicas y Sociales\",\"description\":\"\",\"publisher\":{\"@id\":\"https:\\\/\\\/www.fcejs.unsl.edu.ar\\\/#organization\"},\"potentialAction\":[{\"@type\":\"SearchAction\",\"target\":{\"@type\":\"EntryPoint\",\"urlTemplate\":\"https:\\\/\\\/www.fcejs.unsl.edu.ar\\\/?s={search_term_string}\"},\"query-input\":{\"@type\":\"PropertyValueSpecification\",\"valueRequired\":true,\"valueName\":\"search_term_string\"}}],\"inLanguage\":\"es-AR\"},{\"@type\":\"Organization\",\"@id\":\"https:\\\/\\\/www.fcejs.unsl.edu.ar\\\/#organization\",\"name\":\"Facultad de Ciencias Econ\u00f3micas, Jur\u00eddicas y Sociales\",\"url\":\"https:\\\/\\\/www.fcejs.unsl.edu.ar\\\/\",\"logo\":{\"@type\":\"ImageObject\",\"inLanguage\":\"es-AR\",\"@id\":\"https:\\\/\\\/www.fcejs.unsl.edu.ar\\\/#\\\/schema\\\/logo\\\/image\\\/\",\"url\":\"https:\\\/\\\/www.fcejs.unsl.edu.ar\\\/wp-content\\\/uploads\\\/2021\\\/03\\\/logo-1.jpg\",\"contentUrl\":\"https:\\\/\\\/www.fcejs.unsl.edu.ar\\\/wp-content\\\/uploads\\\/2021\\\/03\\\/logo-1.jpg\",\"width\":471,\"height\":146,\"caption\":\"Facultad de Ciencias Econ\u00f3micas, Jur\u00eddicas y Sociales\"},\"image\":{\"@id\":\"https:\\\/\\\/www.fcejs.unsl.edu.ar\\\/#\\\/schema\\\/logo\\\/image\\\/\"},\"sameAs\":[\"https:\\\/\\\/www.facebook.com\\\/FCEJS.UNSL\\\/\",\"https:\\\/\\\/x.com\\\/FCEJSUNSL\",\"https:\\\/\\\/www.instagram.com\\\/fcejs.unsl\\\/\",\"https:\\\/\\\/www.youtube.com\\\/channel\\\/UCH-Ut6EaN_X5ogjIQMPe46g\\\/\"]},{\"@type\":\"Person\",\"@id\":\"https:\\\/\\\/www.fcejs.unsl.edu.ar\\\/#\\\/schema\\\/person\\\/352ee6ed90c3f394c7cb5945f8956d34\",\"name\":\"DATI\"}]}<\/script>\n<!-- \/ Yoast SEO plugin. -->","yoast_head_json":{"title":"Cine y di\u00e1logo: \u201cLos fuegos internos\u201d llega al Campus Universitario - Facultad de Ciencias Econ\u00f3micas, Jur\u00ed\u00addicas y Sociales","robots":{"index":"index","follow":"follow","max-snippet":"max-snippet:-1","max-image-preview":"max-image-preview:large","max-video-preview":"max-video-preview:-1"},"canonical":"https:\/\/www.fcejs.unsl.edu.ar\/index.php\/cine-y-dialogo-los-fuegos-internos-llega-al-campus-universitario\/","og_locale":"es_ES","og_type":"article","og_title":"Cine y di\u00e1logo: \u201cLos fuegos internos\u201d llega al Campus Universitario - Facultad de Ciencias Econ\u00f3micas, Jur\u00ed\u00addicas y Sociales","og_description":"La Secretar\u00eda de Extensi\u00f3n Universitaria invita a toda la comunidad a la proyecci\u00f3n del documental \u201cLos fuegos internos\u201d, que se llevar\u00e1 a cabo el mi\u00e9rcoles&hellip;","og_url":"https:\/\/www.fcejs.unsl.edu.ar\/index.php\/cine-y-dialogo-los-fuegos-internos-llega-al-campus-universitario\/","og_site_name":"Facultad de Ciencias Econ\u00f3micas, Jur\u00ed\u00addicas y Sociales","article_publisher":"https:\/\/www.facebook.com\/FCEJS.UNSL\/","article_published_time":"2025-10-22T12:48:34+00:00","article_modified_time":"2025-10-22T14:58:49+00:00","og_image":[{"width":2304,"height":1296,"url":"https:\/\/www.fcejs.unsl.edu.ar\/wp-content\/uploads\/2025\/10\/PLACA-WEB-los-fuegos-internos.png","type":"image\/png"}],"author":"DATI","twitter_card":"summary_large_image","twitter_creator":"@FCEJSUNSL","twitter_site":"@FCEJSUNSL","twitter_misc":{"Escrito por":"DATI","Tiempo de lectura":"2 minutos"},"schema":{"@context":"https:\/\/schema.org","@graph":[{"@type":"Article","@id":"https:\/\/www.fcejs.unsl.edu.ar\/index.php\/cine-y-dialogo-los-fuegos-internos-llega-al-campus-universitario\/#article","isPartOf":{"@id":"https:\/\/www.fcejs.unsl.edu.ar\/index.php\/cine-y-dialogo-los-fuegos-internos-llega-al-campus-universitario\/"},"author":{"name":"DATI","@id":"https:\/\/www.fcejs.unsl.edu.ar\/#\/schema\/person\/352ee6ed90c3f394c7cb5945f8956d34"},"headline":"Cine y di\u00e1logo: \u201cLos fuegos internos\u201d llega al Campus Universitario","datePublished":"2025-10-22T12:48:34+00:00","dateModified":"2025-10-22T14:58:49+00:00","mainEntityOfPage":{"@id":"https:\/\/www.fcejs.unsl.edu.ar\/index.php\/cine-y-dialogo-los-fuegos-internos-llega-al-campus-universitario\/"},"wordCount":271,"publisher":{"@id":"https:\/\/www.fcejs.unsl.edu.ar\/#organization"},"image":{"@id":"https:\/\/www.fcejs.unsl.edu.ar\/index.php\/cine-y-dialogo-los-fuegos-internos-llega-al-campus-universitario\/#primaryimage"},"thumbnailUrl":"https:\/\/www.fcejs.unsl.edu.ar\/wp-content\/uploads\/2025\/10\/PLACA-WEB-los-fuegos-internos.png","articleSection":["Noticias","Principal"],"inLanguage":"es-AR"},{"@type":"WebPage","@id":"https:\/\/www.fcejs.unsl.edu.ar\/index.php\/cine-y-dialogo-los-fuegos-internos-llega-al-campus-universitario\/","url":"https:\/\/www.fcejs.unsl.edu.ar\/index.php\/cine-y-dialogo-los-fuegos-internos-llega-al-campus-universitario\/","name":"Cine y di\u00e1logo: \u201cLos fuegos internos\u201d llega al Campus Universitario - Facultad de Ciencias Econ\u00f3micas, Jur\u00ed\u00addicas y Sociales","isPartOf":{"@id":"https:\/\/www.fcejs.unsl.edu.ar\/#website"},"primaryImageOfPage":{"@id":"https:\/\/www.fcejs.unsl.edu.ar\/index.php\/cine-y-dialogo-los-fuegos-internos-llega-al-campus-universitario\/#primaryimage"},"image":{"@id":"https:\/\/www.fcejs.unsl.edu.ar\/index.php\/cine-y-dialogo-los-fuegos-internos-llega-al-campus-universitario\/#primaryimage"},"thumbnailUrl":"https:\/\/www.fcejs.unsl.edu.ar\/wp-content\/uploads\/2025\/10\/PLACA-WEB-los-fuegos-internos.png","datePublished":"2025-10-22T12:48:34+00:00","dateModified":"2025-10-22T14:58:49+00:00","breadcrumb":{"@id":"https:\/\/www.fcejs.unsl.edu.ar\/index.php\/cine-y-dialogo-los-fuegos-internos-llega-al-campus-universitario\/#breadcrumb"},"inLanguage":"es-AR","potentialAction":[{"@type":"ReadAction","target":["https:\/\/www.fcejs.unsl.edu.ar\/index.php\/cine-y-dialogo-los-fuegos-internos-llega-al-campus-universitario\/"]}]},{"@type":"ImageObject","inLanguage":"es-AR","@id":"https:\/\/www.fcejs.unsl.edu.ar\/index.php\/cine-y-dialogo-los-fuegos-internos-llega-al-campus-universitario\/#primaryimage","url":"https:\/\/www.fcejs.unsl.edu.ar\/wp-content\/uploads\/2025\/10\/PLACA-WEB-los-fuegos-internos.png","contentUrl":"https:\/\/www.fcejs.unsl.edu.ar\/wp-content\/uploads\/2025\/10\/PLACA-WEB-los-fuegos-internos.png","width":2304,"height":1296},{"@type":"BreadcrumbList","@id":"https:\/\/www.fcejs.unsl.edu.ar\/index.php\/cine-y-dialogo-los-fuegos-internos-llega-al-campus-universitario\/#breadcrumb","itemListElement":[{"@type":"ListItem","position":1,"name":"Inicio","item":"https:\/\/www.fcejs.unsl.edu.ar\/"},{"@type":"ListItem","position":2,"name":"Cine y di\u00e1logo: \u201cLos fuegos internos\u201d llega al Campus Universitario"}]},{"@type":"WebSite","@id":"https:\/\/www.fcejs.unsl.edu.ar\/#website","url":"https:\/\/www.fcejs.unsl.edu.ar\/","name":"Facultad de Ciencias Econ\u00f3micas, Jur\u00ed\u00addicas y Sociales","description":"","publisher":{"@id":"https:\/\/www.fcejs.unsl.edu.ar\/#organization"},"potentialAction":[{"@type":"SearchAction","target":{"@type":"EntryPoint","urlTemplate":"https:\/\/www.fcejs.unsl.edu.ar\/?s={search_term_string}"},"query-input":{"@type":"PropertyValueSpecification","valueRequired":true,"valueName":"search_term_string"}}],"inLanguage":"es-AR"},{"@type":"Organization","@id":"https:\/\/www.fcejs.unsl.edu.ar\/#organization","name":"Facultad de Ciencias Econ\u00f3micas, Jur\u00eddicas y Sociales","url":"https:\/\/www.fcejs.unsl.edu.ar\/","logo":{"@type":"ImageObject","inLanguage":"es-AR","@id":"https:\/\/www.fcejs.unsl.edu.ar\/#\/schema\/logo\/image\/","url":"https:\/\/www.fcejs.unsl.edu.ar\/wp-content\/uploads\/2021\/03\/logo-1.jpg","contentUrl":"https:\/\/www.fcejs.unsl.edu.ar\/wp-content\/uploads\/2021\/03\/logo-1.jpg","width":471,"height":146,"caption":"Facultad de Ciencias Econ\u00f3micas, Jur\u00eddicas y Sociales"},"image":{"@id":"https:\/\/www.fcejs.unsl.edu.ar\/#\/schema\/logo\/image\/"},"sameAs":["https:\/\/www.facebook.com\/FCEJS.UNSL\/","https:\/\/x.com\/FCEJSUNSL","https:\/\/www.instagram.com\/fcejs.unsl\/","https:\/\/www.youtube.com\/channel\/UCH-Ut6EaN_X5ogjIQMPe46g\/"]},{"@type":"Person","@id":"https:\/\/www.fcejs.unsl.edu.ar\/#\/schema\/person\/352ee6ed90c3f394c7cb5945f8956d34","name":"DATI"}]}},"jetpack_featured_media_url":"https:\/\/www.fcejs.unsl.edu.ar\/wp-content\/uploads\/2025\/10\/PLACA-WEB-los-fuegos-internos.png","_links":{"self":[{"href":"https:\/\/www.fcejs.unsl.edu.ar\/index.php\/wp-json\/wp\/v2\/posts\/22112","targetHints":{"allow":["GET"]}}],"collection":[{"href":"https:\/\/www.fcejs.unsl.edu.ar\/index.php\/wp-json\/wp\/v2\/posts"}],"about":[{"href":"https:\/\/www.fcejs.unsl.edu.ar\/index.php\/wp-json\/wp\/v2\/types\/post"}],"author":[{"embeddable":true,"href":"https:\/\/www.fcejs.unsl.edu.ar\/index.php\/wp-json\/wp\/v2\/users\/9"}],"replies":[{"embeddable":true,"href":"https:\/\/www.fcejs.unsl.edu.ar\/index.php\/wp-json\/wp\/v2\/comments?post=22112"}],"version-history":[{"count":1,"href":"https:\/\/www.fcejs.unsl.edu.ar\/index.php\/wp-json\/wp\/v2\/posts\/22112\/revisions"}],"predecessor-version":[{"id":22114,"href":"https:\/\/www.fcejs.unsl.edu.ar\/index.php\/wp-json\/wp\/v2\/posts\/22112\/revisions\/22114"}],"wp:featuredmedia":[{"embeddable":true,"href":"https:\/\/www.fcejs.unsl.edu.ar\/index.php\/wp-json\/wp\/v2\/media\/22113"}],"wp:attachment":[{"href":"https:\/\/www.fcejs.unsl.edu.ar\/index.php\/wp-json\/wp\/v2\/media?parent=22112"}],"wp:term":[{"taxonomy":"category","embeddable":true,"href":"https:\/\/www.fcejs.unsl.edu.ar\/index.php\/wp-json\/wp\/v2\/categories?post=22112"},{"taxonomy":"post_tag","embeddable":true,"href":"https:\/\/www.fcejs.unsl.edu.ar\/index.php\/wp-json\/wp\/v2\/tags?post=22112"}],"curies":[{"name":"wp","href":"https:\/\/api.w.org\/{rel}","templated":true}]}}