{"id":22097,"date":"2025-10-20T13:09:38","date_gmt":"2025-10-20T16:09:38","guid":{"rendered":"http:\/\/10.101.10.197\/www\/?p=22097"},"modified":"2025-10-20T13:27:08","modified_gmt":"2025-10-20T16:27:08","slug":"trato-digno-una-campana-para-promover-el-respeto-y-la-inclusion","status":"publish","type":"post","link":"https:\/\/www.fcejs.unsl.edu.ar\/index.php\/trato-digno-una-campana-para-promover-el-respeto-y-la-inclusion\/","title":{"rendered":"\u201cTrato Digno\u201d: una campa\u00f1a para promover el respeto y la inclusi\u00f3n"},"content":{"rendered":"<p data-start=\"375\" data-end=\"637\">En la <strong data-start=\"423\" data-end=\"488\">FCEJS <\/strong>se llev\u00f3 adelante la jornada de sensibilizaci\u00f3n <strong>&#8220;Trato digno&#8221;<\/strong> impulsada por el <strong data-start=\"591\" data-end=\"634\">Equipo T\u00e9cnico Interdisciplinario (ETI)<\/strong>.<\/p>\n<p data-start=\"639\" data-end=\"942\">La actividad consisti\u00f3 en una <strong data-start=\"669\" data-end=\"703\">pegatina de afiches y stickers<\/strong> en la que participaron integrantes de la comunidad universitaria y del <strong data-start=\"775\" data-end=\"796\">Colectivo LGBTIQ+<\/strong>, con el objetivo de <strong data-start=\"817\" data-end=\"913\">visibilizar y garantizar los derechos consagrados en la Ley de Identidad de G\u00e9nero N\u00b0 26.743<\/strong>, a 13 a\u00f1os de su vigencia.<\/p>\n<p data-start=\"944\" data-end=\"1268\">Desde el ETI explicaron que esta acci\u00f3n forma parte del compromiso institucional de la UNSL para <strong data-start=\"1041\" data-end=\"1163\">continuar informando sobre el modo en que debe hacerse efectivo el Trato Digno establecido en el Art\u00edculo 12 de la Ley<\/strong>, entendiendo su cumplimiento como \u201cun imperativo \u00e9tico de cuidado de toda la comunidad universitaria\u201d.<\/p>\n<p data-start=\"1270\" data-end=\"1691\">En el contexto actual, donde se intenta cuestionar el alcance de esta ley, desde el ETI remarcaron que se trata de <strong data-start=\"1407\" data-end=\"1447\">Derechos Humanos plenamente vigentes<\/strong> en nuestro pa\u00eds, respaldados por el conjunto del sistema jur\u00eddico y los <strong data-start=\"1520\" data-end=\"1577\">Tratados Internacionales con jerarqu\u00eda constitucional<\/strong>, entre ellos los <strong data-start=\"1595\" data-end=\"1623\">Principios de Yogyakarta<\/strong>, reconocidos por la <strong data-start=\"1644\" data-end=\"1688\">Corte Interamericana de Derechos Humanos<\/strong>.<\/p>\n<p data-start=\"1693\" data-end=\"2017\">La campa\u00f1a incluye afiches con un <strong data-start=\"1766\" data-end=\"1779\">c\u00f3digo QR<\/strong> que remite a una nota modelo elaborada por el ETI para solicitar el cumplimiento del Trato Digno. Este formulario puede presentarse en la oficina del equipo o utilizarse en caso de sufrir discriminaci\u00f3n o impedimentos en su aplicaci\u00f3n.<\/p>\n<p data-start=\"2019\" data-end=\"2411\">Finalmente, desde el ETI destacaron que esta iniciativa se enmarca en <strong data-start=\"2089\" data-end=\"2130\">una medida de prevenci\u00f3n y reparaci\u00f3n<\/strong> dispuesta por las m\u00e1ximas autoridades universitarias, tras una denuncia por <strong data-start=\"2207\" data-end=\"2225\">discriminaci\u00f3n<\/strong>, tramitada conforme a la <strong data-start=\"2251\" data-end=\"2275\">Ordenanza C.S. 33\/17<\/strong>, que regula el Protocolo de Intervenci\u00f3n Institucional ante situaciones de violencia de g\u00e9nero, identidad de g\u00e9nero y discriminaci\u00f3n.<\/p>\n<p data-start=\"2413\" data-end=\"2439\"><strong>Contacto del ETI:<\/strong><\/p>\n<ul>\n<li data-start=\"2442\" data-end=\"2519\">Correo: eti.protocolo.unsl@gmail.com<\/li>\n<li data-start=\"2522\" data-end=\"2567\">Tel\u00e9fono: +54 (0266) 4520300 \u2013 Interno 5243<\/li>\n<li data-start=\"2570\" data-end=\"2612\">Ubicaci\u00f3n: Rectorado, 2\u00b0 piso \u2013 Sector A<\/li>\n<\/ul>\n","protected":false},"excerpt":{"rendered":"<p>En la FCEJS se llev\u00f3 adelante la jornada de sensibilizaci\u00f3n &#8220;Trato digno&#8221; impulsada por el Equipo T\u00e9cnico Interdisciplinario (ETI). La actividad consisti\u00f3 en una pegatina&hellip;<\/p>\n","protected":false},"author":9,"featured_media":22103,"comment_status":"closed","ping_status":"closed","sticky":false,"template":"","format":"standard","meta":{"om_disable_all_campaigns":false,"_monsterinsights_skip_tracking":false,"_monsterinsights_sitenote_active":false,"_monsterinsights_sitenote_note":"","_monsterinsights_sitenote_category":0,"footnotes":""},"categories":[1,19],"tags":[],"class_list":["post-22097","post","type-post","status-publish","format-standard","has-post-thumbnail","hentry","category-noticias","category-principal"],"yoast_head":"<!-- This site is optimized with the Yoast SEO plugin v27.4 - https:\/\/yoast.com\/product\/yoast-seo-wordpress\/ -->\n<title>\u201cTrato Digno\u201d: una campa\u00f1a para promover el respeto y la inclusi\u00f3n - Facultad de Ciencias Econ\u00f3micas, Jur\u00ed\u00addicas y Sociales<\/title>\n<meta name=\"robots\" content=\"index, follow, max-snippet:-1, max-image-preview:large, max-video-preview:-1\" \/>\n<link rel=\"canonical\" href=\"https:\/\/www.fcejs.unsl.edu.ar\/index.php\/trato-digno-una-campana-para-promover-el-respeto-y-la-inclusion\/\" \/>\n<meta property=\"og:locale\" content=\"es_ES\" \/>\n<meta property=\"og:type\" content=\"article\" \/>\n<meta property=\"og:title\" content=\"\u201cTrato Digno\u201d: una campa\u00f1a para promover el respeto y la inclusi\u00f3n - Facultad de Ciencias Econ\u00f3micas, Jur\u00ed\u00addicas y Sociales\" \/>\n<meta property=\"og:description\" content=\"En la FCEJS se llev\u00f3 adelante la jornada de sensibilizaci\u00f3n &#8220;Trato digno&#8221; impulsada por el Equipo T\u00e9cnico Interdisciplinario (ETI). La actividad consisti\u00f3 en una pegatina&hellip;\" \/>\n<meta property=\"og:url\" content=\"https:\/\/www.fcejs.unsl.edu.ar\/index.php\/trato-digno-una-campana-para-promover-el-respeto-y-la-inclusion\/\" \/>\n<meta property=\"og:site_name\" content=\"Facultad de Ciencias Econ\u00f3micas, Jur\u00ed\u00addicas y Sociales\" \/>\n<meta property=\"article:publisher\" content=\"https:\/\/www.facebook.com\/FCEJS.UNSL\/\" \/>\n<meta property=\"article:published_time\" content=\"2025-10-20T16:09:38+00:00\" \/>\n<meta property=\"article:modified_time\" content=\"2025-10-20T16:27:08+00:00\" \/>\n<meta property=\"og:image\" content=\"https:\/\/www.fcejs.unsl.edu.ar\/wp-content\/uploads\/2025\/10\/1.jpg\" \/>\n\t<meta property=\"og:image:width\" content=\"1460\" \/>\n\t<meta property=\"og:image:height\" content=\"836\" \/>\n\t<meta property=\"og:image:type\" content=\"image\/jpeg\" \/>\n<meta name=\"author\" content=\"DATI\" \/>\n<meta name=\"twitter:card\" content=\"summary_large_image\" \/>\n<meta name=\"twitter:creator\" content=\"@FCEJSUNSL\" \/>\n<meta name=\"twitter:site\" content=\"@FCEJSUNSL\" \/>\n<meta name=\"twitter:label1\" content=\"Escrito por\" \/>\n\t<meta name=\"twitter:data1\" content=\"DATI\" \/>\n\t<meta name=\"twitter:label2\" content=\"Tiempo de lectura\" \/>\n\t<meta name=\"twitter:data2\" content=\"2 minutos\" \/>\n<script type=\"application\/ld+json\" class=\"yoast-schema-graph\">{\"@context\":\"https:\\\/\\\/schema.org\",\"@graph\":[{\"@type\":\"Article\",\"@id\":\"https:\\\/\\\/www.fcejs.unsl.edu.ar\\\/index.php\\\/trato-digno-una-campana-para-promover-el-respeto-y-la-inclusion\\\/#article\",\"isPartOf\":{\"@id\":\"https:\\\/\\\/www.fcejs.unsl.edu.ar\\\/index.php\\\/trato-digno-una-campana-para-promover-el-respeto-y-la-inclusion\\\/\"},\"author\":{\"name\":\"DATI\",\"@id\":\"https:\\\/\\\/www.fcejs.unsl.edu.ar\\\/#\\\/schema\\\/person\\\/352ee6ed90c3f394c7cb5945f8956d34\"},\"headline\":\"\u201cTrato Digno\u201d: una campa\u00f1a para promover el respeto y la inclusi\u00f3n\",\"datePublished\":\"2025-10-20T16:09:38+00:00\",\"dateModified\":\"2025-10-20T16:27:08+00:00\",\"mainEntityOfPage\":{\"@id\":\"https:\\\/\\\/www.fcejs.unsl.edu.ar\\\/index.php\\\/trato-digno-una-campana-para-promover-el-respeto-y-la-inclusion\\\/\"},\"wordCount\":322,\"publisher\":{\"@id\":\"https:\\\/\\\/www.fcejs.unsl.edu.ar\\\/#organization\"},\"image\":{\"@id\":\"https:\\\/\\\/www.fcejs.unsl.edu.ar\\\/index.php\\\/trato-digno-una-campana-para-promover-el-respeto-y-la-inclusion\\\/#primaryimage\"},\"thumbnailUrl\":\"https:\\\/\\\/www.fcejs.unsl.edu.ar\\\/wp-content\\\/uploads\\\/2025\\\/10\\\/1.jpg\",\"articleSection\":[\"Noticias\",\"Principal\"],\"inLanguage\":\"es-AR\"},{\"@type\":\"WebPage\",\"@id\":\"https:\\\/\\\/www.fcejs.unsl.edu.ar\\\/index.php\\\/trato-digno-una-campana-para-promover-el-respeto-y-la-inclusion\\\/\",\"url\":\"https:\\\/\\\/www.fcejs.unsl.edu.ar\\\/index.php\\\/trato-digno-una-campana-para-promover-el-respeto-y-la-inclusion\\\/\",\"name\":\"\u201cTrato Digno\u201d: una campa\u00f1a para promover el respeto y la inclusi\u00f3n - Facultad de Ciencias Econ\u00f3micas, Jur\u00ed\u00addicas y Sociales\",\"isPartOf\":{\"@id\":\"https:\\\/\\\/www.fcejs.unsl.edu.ar\\\/#website\"},\"primaryImageOfPage\":{\"@id\":\"https:\\\/\\\/www.fcejs.unsl.edu.ar\\\/index.php\\\/trato-digno-una-campana-para-promover-el-respeto-y-la-inclusion\\\/#primaryimage\"},\"image\":{\"@id\":\"https:\\\/\\\/www.fcejs.unsl.edu.ar\\\/index.php\\\/trato-digno-una-campana-para-promover-el-respeto-y-la-inclusion\\\/#primaryimage\"},\"thumbnailUrl\":\"https:\\\/\\\/www.fcejs.unsl.edu.ar\\\/wp-content\\\/uploads\\\/2025\\\/10\\\/1.jpg\",\"datePublished\":\"2025-10-20T16:09:38+00:00\",\"dateModified\":\"2025-10-20T16:27:08+00:00\",\"breadcrumb\":{\"@id\":\"https:\\\/\\\/www.fcejs.unsl.edu.ar\\\/index.php\\\/trato-digno-una-campana-para-promover-el-respeto-y-la-inclusion\\\/#breadcrumb\"},\"inLanguage\":\"es-AR\",\"potentialAction\":[{\"@type\":\"ReadAction\",\"target\":[\"https:\\\/\\\/www.fcejs.unsl.edu.ar\\\/index.php\\\/trato-digno-una-campana-para-promover-el-respeto-y-la-inclusion\\\/\"]}]},{\"@type\":\"ImageObject\",\"inLanguage\":\"es-AR\",\"@id\":\"https:\\\/\\\/www.fcejs.unsl.edu.ar\\\/index.php\\\/trato-digno-una-campana-para-promover-el-respeto-y-la-inclusion\\\/#primaryimage\",\"url\":\"https:\\\/\\\/www.fcejs.unsl.edu.ar\\\/wp-content\\\/uploads\\\/2025\\\/10\\\/1.jpg\",\"contentUrl\":\"https:\\\/\\\/www.fcejs.unsl.edu.ar\\\/wp-content\\\/uploads\\\/2025\\\/10\\\/1.jpg\",\"width\":1460,\"height\":836},{\"@type\":\"BreadcrumbList\",\"@id\":\"https:\\\/\\\/www.fcejs.unsl.edu.ar\\\/index.php\\\/trato-digno-una-campana-para-promover-el-respeto-y-la-inclusion\\\/#breadcrumb\",\"itemListElement\":[{\"@type\":\"ListItem\",\"position\":1,\"name\":\"Inicio\",\"item\":\"https:\\\/\\\/www.fcejs.unsl.edu.ar\\\/\"},{\"@type\":\"ListItem\",\"position\":2,\"name\":\"\u201cTrato Digno\u201d: una campa\u00f1a para promover el respeto y la inclusi\u00f3n\"}]},{\"@type\":\"WebSite\",\"@id\":\"https:\\\/\\\/www.fcejs.unsl.edu.ar\\\/#website\",\"url\":\"https:\\\/\\\/www.fcejs.unsl.edu.ar\\\/\",\"name\":\"Facultad de Ciencias Econ\u00f3micas, Jur\u00ed\u00addicas y Sociales\",\"description\":\"\",\"publisher\":{\"@id\":\"https:\\\/\\\/www.fcejs.unsl.edu.ar\\\/#organization\"},\"potentialAction\":[{\"@type\":\"SearchAction\",\"target\":{\"@type\":\"EntryPoint\",\"urlTemplate\":\"https:\\\/\\\/www.fcejs.unsl.edu.ar\\\/?s={search_term_string}\"},\"query-input\":{\"@type\":\"PropertyValueSpecification\",\"valueRequired\":true,\"valueName\":\"search_term_string\"}}],\"inLanguage\":\"es-AR\"},{\"@type\":\"Organization\",\"@id\":\"https:\\\/\\\/www.fcejs.unsl.edu.ar\\\/#organization\",\"name\":\"Facultad de Ciencias Econ\u00f3micas, Jur\u00eddicas y Sociales\",\"url\":\"https:\\\/\\\/www.fcejs.unsl.edu.ar\\\/\",\"logo\":{\"@type\":\"ImageObject\",\"inLanguage\":\"es-AR\",\"@id\":\"https:\\\/\\\/www.fcejs.unsl.edu.ar\\\/#\\\/schema\\\/logo\\\/image\\\/\",\"url\":\"https:\\\/\\\/www.fcejs.unsl.edu.ar\\\/wp-content\\\/uploads\\\/2021\\\/03\\\/logo-1.jpg\",\"contentUrl\":\"https:\\\/\\\/www.fcejs.unsl.edu.ar\\\/wp-content\\\/uploads\\\/2021\\\/03\\\/logo-1.jpg\",\"width\":471,\"height\":146,\"caption\":\"Facultad de Ciencias Econ\u00f3micas, Jur\u00eddicas y Sociales\"},\"image\":{\"@id\":\"https:\\\/\\\/www.fcejs.unsl.edu.ar\\\/#\\\/schema\\\/logo\\\/image\\\/\"},\"sameAs\":[\"https:\\\/\\\/www.facebook.com\\\/FCEJS.UNSL\\\/\",\"https:\\\/\\\/x.com\\\/FCEJSUNSL\",\"https:\\\/\\\/www.instagram.com\\\/fcejs.unsl\\\/\",\"https:\\\/\\\/www.youtube.com\\\/channel\\\/UCH-Ut6EaN_X5ogjIQMPe46g\\\/\"]},{\"@type\":\"Person\",\"@id\":\"https:\\\/\\\/www.fcejs.unsl.edu.ar\\\/#\\\/schema\\\/person\\\/352ee6ed90c3f394c7cb5945f8956d34\",\"name\":\"DATI\"}]}<\/script>\n<!-- \/ Yoast SEO plugin. -->","yoast_head_json":{"title":"\u201cTrato Digno\u201d: una campa\u00f1a para promover el respeto y la inclusi\u00f3n - Facultad de Ciencias Econ\u00f3micas, Jur\u00ed\u00addicas y Sociales","robots":{"index":"index","follow":"follow","max-snippet":"max-snippet:-1","max-image-preview":"max-image-preview:large","max-video-preview":"max-video-preview:-1"},"canonical":"https:\/\/www.fcejs.unsl.edu.ar\/index.php\/trato-digno-una-campana-para-promover-el-respeto-y-la-inclusion\/","og_locale":"es_ES","og_type":"article","og_title":"\u201cTrato Digno\u201d: una campa\u00f1a para promover el respeto y la inclusi\u00f3n - Facultad de Ciencias Econ\u00f3micas, Jur\u00ed\u00addicas y Sociales","og_description":"En la FCEJS se llev\u00f3 adelante la jornada de sensibilizaci\u00f3n &#8220;Trato digno&#8221; impulsada por el Equipo T\u00e9cnico Interdisciplinario (ETI). La actividad consisti\u00f3 en una pegatina&hellip;","og_url":"https:\/\/www.fcejs.unsl.edu.ar\/index.php\/trato-digno-una-campana-para-promover-el-respeto-y-la-inclusion\/","og_site_name":"Facultad de Ciencias Econ\u00f3micas, Jur\u00ed\u00addicas y Sociales","article_publisher":"https:\/\/www.facebook.com\/FCEJS.UNSL\/","article_published_time":"2025-10-20T16:09:38+00:00","article_modified_time":"2025-10-20T16:27:08+00:00","og_image":[{"width":1460,"height":836,"url":"https:\/\/www.fcejs.unsl.edu.ar\/wp-content\/uploads\/2025\/10\/1.jpg","type":"image\/jpeg"}],"author":"DATI","twitter_card":"summary_large_image","twitter_creator":"@FCEJSUNSL","twitter_site":"@FCEJSUNSL","twitter_misc":{"Escrito por":"DATI","Tiempo de lectura":"2 minutos"},"schema":{"@context":"https:\/\/schema.org","@graph":[{"@type":"Article","@id":"https:\/\/www.fcejs.unsl.edu.ar\/index.php\/trato-digno-una-campana-para-promover-el-respeto-y-la-inclusion\/#article","isPartOf":{"@id":"https:\/\/www.fcejs.unsl.edu.ar\/index.php\/trato-digno-una-campana-para-promover-el-respeto-y-la-inclusion\/"},"author":{"name":"DATI","@id":"https:\/\/www.fcejs.unsl.edu.ar\/#\/schema\/person\/352ee6ed90c3f394c7cb5945f8956d34"},"headline":"\u201cTrato Digno\u201d: una campa\u00f1a para promover el respeto y la inclusi\u00f3n","datePublished":"2025-10-20T16:09:38+00:00","dateModified":"2025-10-20T16:27:08+00:00","mainEntityOfPage":{"@id":"https:\/\/www.fcejs.unsl.edu.ar\/index.php\/trato-digno-una-campana-para-promover-el-respeto-y-la-inclusion\/"},"wordCount":322,"publisher":{"@id":"https:\/\/www.fcejs.unsl.edu.ar\/#organization"},"image":{"@id":"https:\/\/www.fcejs.unsl.edu.ar\/index.php\/trato-digno-una-campana-para-promover-el-respeto-y-la-inclusion\/#primaryimage"},"thumbnailUrl":"https:\/\/www.fcejs.unsl.edu.ar\/wp-content\/uploads\/2025\/10\/1.jpg","articleSection":["Noticias","Principal"],"inLanguage":"es-AR"},{"@type":"WebPage","@id":"https:\/\/www.fcejs.unsl.edu.ar\/index.php\/trato-digno-una-campana-para-promover-el-respeto-y-la-inclusion\/","url":"https:\/\/www.fcejs.unsl.edu.ar\/index.php\/trato-digno-una-campana-para-promover-el-respeto-y-la-inclusion\/","name":"\u201cTrato Digno\u201d: una campa\u00f1a para promover el respeto y la inclusi\u00f3n - Facultad de Ciencias Econ\u00f3micas, Jur\u00ed\u00addicas y Sociales","isPartOf":{"@id":"https:\/\/www.fcejs.unsl.edu.ar\/#website"},"primaryImageOfPage":{"@id":"https:\/\/www.fcejs.unsl.edu.ar\/index.php\/trato-digno-una-campana-para-promover-el-respeto-y-la-inclusion\/#primaryimage"},"image":{"@id":"https:\/\/www.fcejs.unsl.edu.ar\/index.php\/trato-digno-una-campana-para-promover-el-respeto-y-la-inclusion\/#primaryimage"},"thumbnailUrl":"https:\/\/www.fcejs.unsl.edu.ar\/wp-content\/uploads\/2025\/10\/1.jpg","datePublished":"2025-10-20T16:09:38+00:00","dateModified":"2025-10-20T16:27:08+00:00","breadcrumb":{"@id":"https:\/\/www.fcejs.unsl.edu.ar\/index.php\/trato-digno-una-campana-para-promover-el-respeto-y-la-inclusion\/#breadcrumb"},"inLanguage":"es-AR","potentialAction":[{"@type":"ReadAction","target":["https:\/\/www.fcejs.unsl.edu.ar\/index.php\/trato-digno-una-campana-para-promover-el-respeto-y-la-inclusion\/"]}]},{"@type":"ImageObject","inLanguage":"es-AR","@id":"https:\/\/www.fcejs.unsl.edu.ar\/index.php\/trato-digno-una-campana-para-promover-el-respeto-y-la-inclusion\/#primaryimage","url":"https:\/\/www.fcejs.unsl.edu.ar\/wp-content\/uploads\/2025\/10\/1.jpg","contentUrl":"https:\/\/www.fcejs.unsl.edu.ar\/wp-content\/uploads\/2025\/10\/1.jpg","width":1460,"height":836},{"@type":"BreadcrumbList","@id":"https:\/\/www.fcejs.unsl.edu.ar\/index.php\/trato-digno-una-campana-para-promover-el-respeto-y-la-inclusion\/#breadcrumb","itemListElement":[{"@type":"ListItem","position":1,"name":"Inicio","item":"https:\/\/www.fcejs.unsl.edu.ar\/"},{"@type":"ListItem","position":2,"name":"\u201cTrato Digno\u201d: una campa\u00f1a para promover el respeto y la inclusi\u00f3n"}]},{"@type":"WebSite","@id":"https:\/\/www.fcejs.unsl.edu.ar\/#website","url":"https:\/\/www.fcejs.unsl.edu.ar\/","name":"Facultad de Ciencias Econ\u00f3micas, Jur\u00ed\u00addicas y Sociales","description":"","publisher":{"@id":"https:\/\/www.fcejs.unsl.edu.ar\/#organization"},"potentialAction":[{"@type":"SearchAction","target":{"@type":"EntryPoint","urlTemplate":"https:\/\/www.fcejs.unsl.edu.ar\/?s={search_term_string}"},"query-input":{"@type":"PropertyValueSpecification","valueRequired":true,"valueName":"search_term_string"}}],"inLanguage":"es-AR"},{"@type":"Organization","@id":"https:\/\/www.fcejs.unsl.edu.ar\/#organization","name":"Facultad de Ciencias Econ\u00f3micas, Jur\u00eddicas y Sociales","url":"https:\/\/www.fcejs.unsl.edu.ar\/","logo":{"@type":"ImageObject","inLanguage":"es-AR","@id":"https:\/\/www.fcejs.unsl.edu.ar\/#\/schema\/logo\/image\/","url":"https:\/\/www.fcejs.unsl.edu.ar\/wp-content\/uploads\/2021\/03\/logo-1.jpg","contentUrl":"https:\/\/www.fcejs.unsl.edu.ar\/wp-content\/uploads\/2021\/03\/logo-1.jpg","width":471,"height":146,"caption":"Facultad de Ciencias Econ\u00f3micas, Jur\u00eddicas y Sociales"},"image":{"@id":"https:\/\/www.fcejs.unsl.edu.ar\/#\/schema\/logo\/image\/"},"sameAs":["https:\/\/www.facebook.com\/FCEJS.UNSL\/","https:\/\/x.com\/FCEJSUNSL","https:\/\/www.instagram.com\/fcejs.unsl\/","https:\/\/www.youtube.com\/channel\/UCH-Ut6EaN_X5ogjIQMPe46g\/"]},{"@type":"Person","@id":"https:\/\/www.fcejs.unsl.edu.ar\/#\/schema\/person\/352ee6ed90c3f394c7cb5945f8956d34","name":"DATI"}]}},"jetpack_featured_media_url":"https:\/\/www.fcejs.unsl.edu.ar\/wp-content\/uploads\/2025\/10\/1.jpg","_links":{"self":[{"href":"https:\/\/www.fcejs.unsl.edu.ar\/index.php\/wp-json\/wp\/v2\/posts\/22097","targetHints":{"allow":["GET"]}}],"collection":[{"href":"https:\/\/www.fcejs.unsl.edu.ar\/index.php\/wp-json\/wp\/v2\/posts"}],"about":[{"href":"https:\/\/www.fcejs.unsl.edu.ar\/index.php\/wp-json\/wp\/v2\/types\/post"}],"author":[{"embeddable":true,"href":"https:\/\/www.fcejs.unsl.edu.ar\/index.php\/wp-json\/wp\/v2\/users\/9"}],"replies":[{"embeddable":true,"href":"https:\/\/www.fcejs.unsl.edu.ar\/index.php\/wp-json\/wp\/v2\/comments?post=22097"}],"version-history":[{"count":4,"href":"https:\/\/www.fcejs.unsl.edu.ar\/index.php\/wp-json\/wp\/v2\/posts\/22097\/revisions"}],"predecessor-version":[{"id":22102,"href":"https:\/\/www.fcejs.unsl.edu.ar\/index.php\/wp-json\/wp\/v2\/posts\/22097\/revisions\/22102"}],"wp:featuredmedia":[{"embeddable":true,"href":"https:\/\/www.fcejs.unsl.edu.ar\/index.php\/wp-json\/wp\/v2\/media\/22103"}],"wp:attachment":[{"href":"https:\/\/www.fcejs.unsl.edu.ar\/index.php\/wp-json\/wp\/v2\/media?parent=22097"}],"wp:term":[{"taxonomy":"category","embeddable":true,"href":"https:\/\/www.fcejs.unsl.edu.ar\/index.php\/wp-json\/wp\/v2\/categories?post=22097"},{"taxonomy":"post_tag","embeddable":true,"href":"https:\/\/www.fcejs.unsl.edu.ar\/index.php\/wp-json\/wp\/v2\/tags?post=22097"}],"curies":[{"name":"wp","href":"https:\/\/api.w.org\/{rel}","templated":true}]}}