{"id":22071,"date":"2025-10-20T13:20:50","date_gmt":"2025-10-20T16:20:50","guid":{"rendered":"http:\/\/10.101.10.197\/www\/?p=22071"},"modified":"2025-10-20T16:48:26","modified_gmt":"2025-10-20T19:48:26","slug":"reunion-con-la-nuevas-autoridades-eenytt","status":"publish","type":"post","link":"https:\/\/www.fcejs.unsl.edu.ar\/index.php\/reunion-con-la-nuevas-autoridades-eenytt\/","title":{"rendered":"Reuni\u00f3n con las nuevas autoridades del Instituto Escuela de Econom\u00eda, Negocios y Transferencia Tecnol\u00f3gica"},"content":{"rendered":"<p data-start=\"215\" data-end=\"414\">El viernes <strong data-start=\"432\" data-end=\"449\">17 de octubre<\/strong>, el <strong data-start=\"454\" data-end=\"485\">Decano, Mgtr. H\u00e9ctor Flores<\/strong>, se reuni\u00f3 con las nuevas autoridades del <strong data-start=\"312\" data-end=\"411\">del Instituto Escuela de Econom\u00eda, Negocios y Transferencia Tecnol\u00f3gica (EENyTT)<\/strong>\u00a0para comenzar a delinear la agenda de trabajo de los pr\u00f3ximos meses y definir los principales puntos de acci\u00f3n en funci\u00f3n de los objetivos institucionales de la FCEJS.<\/p>\n<p data-start=\"421\" data-end=\"714\"><img fetchpriority=\"high\" decoding=\"async\" class=\"aligncenter wp-image-22074 size-full\" src=\"https:\/\/www.fcejs.unsl.edu.ar\/wp-content\/uploads\/2025\/10\/reunion-escuela-14.jpg\" alt=\"\" width=\"1100\" height=\"733\" srcset=\"https:\/\/www.fcejs.unsl.edu.ar\/wp-content\/uploads\/2025\/10\/reunion-escuela-14.jpg 1100w, https:\/\/www.fcejs.unsl.edu.ar\/wp-content\/uploads\/2025\/10\/reunion-escuela-14-300x200.jpg 300w, https:\/\/www.fcejs.unsl.edu.ar\/wp-content\/uploads\/2025\/10\/reunion-escuela-14-1024x682.jpg 1024w, https:\/\/www.fcejs.unsl.edu.ar\/wp-content\/uploads\/2025\/10\/reunion-escuela-14-768x512.jpg 768w\" sizes=\"(max-width: 1100px) 100vw, 1100px\" \/><\/p>\n<p data-start=\"721\" data-end=\"1059\">Participaron del encuentro la <strong data-start=\"751\" data-end=\"786\">Vicedecana, Esp. Patricia Mor\u00e1n<\/strong>; el <strong data-start=\"791\" data-end=\"842\">Director Ejecutivo del EENyTT, Mgtr. Jorge Sosa<\/strong>; el <strong data-start=\"847\" data-end=\"896\">Subdirector de Proyectos, Mgtr. Jorge Nicol\u00e1s D\u00edaz<\/strong>; el <strong data-start=\"901\" data-end=\"963\">Subdirector Financiero y Legal, CPN Marcos Garro Cavallaro<\/strong>; y el <strong data-start=\"970\" data-end=\"1056\">Subdirector de Planificaci\u00f3n y Vinculaci\u00f3n Institucional, CPN Ignacio P\u00e9rez Cometto<\/strong>.<\/p>\n<p data-start=\"1066\" data-end=\"1376\">Como eje principal, se destac\u00f3 la <strong data-start=\"1100\" data-end=\"1137\">reconformaci\u00f3n del Consejo Asesor<\/strong>, que estar\u00e1 integrado por <strong data-start=\"1164\" data-end=\"1187\">diez representantes<\/strong> del <strong data-start=\"1192\" data-end=\"1227\">Gobierno provincial y municipal<\/strong>, <strong data-start=\"1229\" data-end=\"1252\">c\u00e1maras empresarias<\/strong>, <strong data-start=\"1254\" data-end=\"1285\">organizaciones del comercio<\/strong>, <strong data-start=\"1287\" data-end=\"1324\">organizaciones no gubernamentales<\/strong>, y <strong data-start=\"1328\" data-end=\"1373\">tres docentes o investigadores de la UNSL<\/strong>.<\/p>\n<p data-start=\"1383\" data-end=\"1686\">El Consejo tendr\u00e1 como objetivo <strong data-start=\"1415\" data-end=\"1473\">colaborar en la elaboraci\u00f3n del proyecto institucional<\/strong> y en los <strong data-start=\"1483\" data-end=\"1518\">planes peri\u00f3dicos del Instituto<\/strong>, orientados a fortalecer el v\u00ednculo entre la <strong data-start=\"1564\" data-end=\"1600\">Universidad Nacional de San Luis<\/strong>, el <strong data-start=\"1605\" data-end=\"1623\">sector p\u00fablico<\/strong>, el <strong data-start=\"1628\" data-end=\"1650\">sector empresarial<\/strong> y las <strong data-start=\"1657\" data-end=\"1683\">instituciones sociales<\/strong>.<\/p>\n<p data-start=\"1693\" data-end=\"1954\">Adem\u00e1s, se acord\u00f3 un <strong data-start=\"1714\" data-end=\"1740\">listado de actividades<\/strong> que la EENyTT llevar\u00e1 adelante, enfocadas en la <strong data-start=\"1816\" data-end=\"1869\">organizaci\u00f3n de eventos y acciones de vinculaci\u00f3n<\/strong> que permitan articular diversas iniciativas de la FCEJS con la comunidad en general.<\/p>\n","protected":false},"excerpt":{"rendered":"<p>El viernes 17 de octubre, el Decano, Mgtr. H\u00e9ctor Flores, se reuni\u00f3 con las nuevas autoridades del del Instituto Escuela de Econom\u00eda, Negocios y Transferencia&hellip;<\/p>\n","protected":false},"author":9,"featured_media":22072,"comment_status":"closed","ping_status":"closed","sticky":false,"template":"","format":"standard","meta":{"om_disable_all_campaigns":false,"_monsterinsights_skip_tracking":false,"_monsterinsights_sitenote_active":false,"_monsterinsights_sitenote_note":"","_monsterinsights_sitenote_category":0,"footnotes":""},"categories":[1,19],"tags":[],"class_list":["post-22071","post","type-post","status-publish","format-standard","has-post-thumbnail","hentry","category-noticias","category-principal"],"yoast_head":"<!-- This site is optimized with the Yoast SEO plugin v27.5 - https:\/\/yoast.com\/product\/yoast-seo-wordpress\/ -->\n<title>Reuni\u00f3n con las nuevas autoridades del Instituto Escuela de Econom\u00eda, Negocios y Transferencia Tecnol\u00f3gica - Facultad de Ciencias Econ\u00f3micas, Jur\u00ed\u00addicas y Sociales<\/title>\n<meta name=\"robots\" content=\"index, follow, max-snippet:-1, max-image-preview:large, max-video-preview:-1\" \/>\n<link rel=\"canonical\" href=\"https:\/\/www.fcejs.unsl.edu.ar\/index.php\/reunion-con-la-nuevas-autoridades-eenytt\/\" \/>\n<meta property=\"og:locale\" content=\"es_ES\" \/>\n<meta property=\"og:type\" content=\"article\" \/>\n<meta property=\"og:title\" content=\"Reuni\u00f3n con las nuevas autoridades del Instituto Escuela de Econom\u00eda, Negocios y Transferencia Tecnol\u00f3gica - Facultad de Ciencias Econ\u00f3micas, Jur\u00ed\u00addicas y Sociales\" \/>\n<meta property=\"og:description\" content=\"El viernes 17 de octubre, el Decano, Mgtr. H\u00e9ctor Flores, se reuni\u00f3 con las nuevas autoridades del del Instituto Escuela de Econom\u00eda, Negocios y Transferencia&hellip;\" \/>\n<meta property=\"og:url\" content=\"https:\/\/www.fcejs.unsl.edu.ar\/index.php\/reunion-con-la-nuevas-autoridades-eenytt\/\" \/>\n<meta property=\"og:site_name\" content=\"Facultad de Ciencias Econ\u00f3micas, Jur\u00ed\u00addicas y Sociales\" \/>\n<meta property=\"article:publisher\" content=\"https:\/\/www.facebook.com\/FCEJS.UNSL\/\" \/>\n<meta property=\"article:published_time\" content=\"2025-10-20T16:20:50+00:00\" \/>\n<meta property=\"article:modified_time\" content=\"2025-10-20T19:48:26+00:00\" \/>\n<meta property=\"og:image\" content=\"https:\/\/www.fcejs.unsl.edu.ar\/wp-content\/uploads\/2025\/10\/reunion-nuevas-autoridades-front.jpg\" \/>\n\t<meta property=\"og:image:width\" content=\"1152\" \/>\n\t<meta property=\"og:image:height\" content=\"647\" \/>\n\t<meta property=\"og:image:type\" content=\"image\/jpeg\" \/>\n<meta name=\"author\" content=\"DATI\" \/>\n<meta name=\"twitter:card\" content=\"summary_large_image\" \/>\n<meta name=\"twitter:creator\" content=\"@FCEJSUNSL\" \/>\n<meta name=\"twitter:site\" content=\"@FCEJSUNSL\" \/>\n<meta name=\"twitter:label1\" content=\"Escrito por\" \/>\n\t<meta name=\"twitter:data1\" content=\"DATI\" \/>\n\t<meta name=\"twitter:label2\" content=\"Tiempo de lectura\" \/>\n\t<meta name=\"twitter:data2\" content=\"2 minutos\" \/>\n<script type=\"application\/ld+json\" class=\"yoast-schema-graph\">{\"@context\":\"https:\\\/\\\/schema.org\",\"@graph\":[{\"@type\":\"Article\",\"@id\":\"https:\\\/\\\/www.fcejs.unsl.edu.ar\\\/index.php\\\/reunion-con-la-nuevas-autoridades-eenytt\\\/#article\",\"isPartOf\":{\"@id\":\"https:\\\/\\\/www.fcejs.unsl.edu.ar\\\/index.php\\\/reunion-con-la-nuevas-autoridades-eenytt\\\/\"},\"author\":{\"name\":\"DATI\",\"@id\":\"https:\\\/\\\/www.fcejs.unsl.edu.ar\\\/#\\\/schema\\\/person\\\/352ee6ed90c3f394c7cb5945f8956d34\"},\"headline\":\"Reuni\u00f3n con las nuevas autoridades del Instituto Escuela de Econom\u00eda, Negocios y Transferencia Tecnol\u00f3gica\",\"datePublished\":\"2025-10-20T16:20:50+00:00\",\"dateModified\":\"2025-10-20T19:48:26+00:00\",\"mainEntityOfPage\":{\"@id\":\"https:\\\/\\\/www.fcejs.unsl.edu.ar\\\/index.php\\\/reunion-con-la-nuevas-autoridades-eenytt\\\/\"},\"wordCount\":250,\"publisher\":{\"@id\":\"https:\\\/\\\/www.fcejs.unsl.edu.ar\\\/#organization\"},\"image\":{\"@id\":\"https:\\\/\\\/www.fcejs.unsl.edu.ar\\\/index.php\\\/reunion-con-la-nuevas-autoridades-eenytt\\\/#primaryimage\"},\"thumbnailUrl\":\"https:\\\/\\\/www.fcejs.unsl.edu.ar\\\/wp-content\\\/uploads\\\/2025\\\/10\\\/reunion-nuevas-autoridades-front.jpg\",\"articleSection\":[\"Noticias\",\"Principal\"],\"inLanguage\":\"es-AR\"},{\"@type\":\"WebPage\",\"@id\":\"https:\\\/\\\/www.fcejs.unsl.edu.ar\\\/index.php\\\/reunion-con-la-nuevas-autoridades-eenytt\\\/\",\"url\":\"https:\\\/\\\/www.fcejs.unsl.edu.ar\\\/index.php\\\/reunion-con-la-nuevas-autoridades-eenytt\\\/\",\"name\":\"Reuni\u00f3n con las nuevas autoridades del Instituto Escuela de Econom\u00eda, Negocios y Transferencia Tecnol\u00f3gica - Facultad de Ciencias Econ\u00f3micas, Jur\u00ed\u00addicas y Sociales\",\"isPartOf\":{\"@id\":\"https:\\\/\\\/www.fcejs.unsl.edu.ar\\\/#website\"},\"primaryImageOfPage\":{\"@id\":\"https:\\\/\\\/www.fcejs.unsl.edu.ar\\\/index.php\\\/reunion-con-la-nuevas-autoridades-eenytt\\\/#primaryimage\"},\"image\":{\"@id\":\"https:\\\/\\\/www.fcejs.unsl.edu.ar\\\/index.php\\\/reunion-con-la-nuevas-autoridades-eenytt\\\/#primaryimage\"},\"thumbnailUrl\":\"https:\\\/\\\/www.fcejs.unsl.edu.ar\\\/wp-content\\\/uploads\\\/2025\\\/10\\\/reunion-nuevas-autoridades-front.jpg\",\"datePublished\":\"2025-10-20T16:20:50+00:00\",\"dateModified\":\"2025-10-20T19:48:26+00:00\",\"breadcrumb\":{\"@id\":\"https:\\\/\\\/www.fcejs.unsl.edu.ar\\\/index.php\\\/reunion-con-la-nuevas-autoridades-eenytt\\\/#breadcrumb\"},\"inLanguage\":\"es-AR\",\"potentialAction\":[{\"@type\":\"ReadAction\",\"target\":[\"https:\\\/\\\/www.fcejs.unsl.edu.ar\\\/index.php\\\/reunion-con-la-nuevas-autoridades-eenytt\\\/\"]}]},{\"@type\":\"ImageObject\",\"inLanguage\":\"es-AR\",\"@id\":\"https:\\\/\\\/www.fcejs.unsl.edu.ar\\\/index.php\\\/reunion-con-la-nuevas-autoridades-eenytt\\\/#primaryimage\",\"url\":\"https:\\\/\\\/www.fcejs.unsl.edu.ar\\\/wp-content\\\/uploads\\\/2025\\\/10\\\/reunion-nuevas-autoridades-front.jpg\",\"contentUrl\":\"https:\\\/\\\/www.fcejs.unsl.edu.ar\\\/wp-content\\\/uploads\\\/2025\\\/10\\\/reunion-nuevas-autoridades-front.jpg\",\"width\":1152,\"height\":647},{\"@type\":\"BreadcrumbList\",\"@id\":\"https:\\\/\\\/www.fcejs.unsl.edu.ar\\\/index.php\\\/reunion-con-la-nuevas-autoridades-eenytt\\\/#breadcrumb\",\"itemListElement\":[{\"@type\":\"ListItem\",\"position\":1,\"name\":\"Inicio\",\"item\":\"https:\\\/\\\/www.fcejs.unsl.edu.ar\\\/\"},{\"@type\":\"ListItem\",\"position\":2,\"name\":\"Reuni\u00f3n con las nuevas autoridades del Instituto Escuela de Econom\u00eda, Negocios y Transferencia Tecnol\u00f3gica\"}]},{\"@type\":\"WebSite\",\"@id\":\"https:\\\/\\\/www.fcejs.unsl.edu.ar\\\/#website\",\"url\":\"https:\\\/\\\/www.fcejs.unsl.edu.ar\\\/\",\"name\":\"Facultad de Ciencias Econ\u00f3micas, Jur\u00ed\u00addicas y Sociales\",\"description\":\"\",\"publisher\":{\"@id\":\"https:\\\/\\\/www.fcejs.unsl.edu.ar\\\/#organization\"},\"potentialAction\":[{\"@type\":\"SearchAction\",\"target\":{\"@type\":\"EntryPoint\",\"urlTemplate\":\"https:\\\/\\\/www.fcejs.unsl.edu.ar\\\/?s={search_term_string}\"},\"query-input\":{\"@type\":\"PropertyValueSpecification\",\"valueRequired\":true,\"valueName\":\"search_term_string\"}}],\"inLanguage\":\"es-AR\"},{\"@type\":\"Organization\",\"@id\":\"https:\\\/\\\/www.fcejs.unsl.edu.ar\\\/#organization\",\"name\":\"Facultad de Ciencias Econ\u00f3micas, Jur\u00eddicas y Sociales\",\"url\":\"https:\\\/\\\/www.fcejs.unsl.edu.ar\\\/\",\"logo\":{\"@type\":\"ImageObject\",\"inLanguage\":\"es-AR\",\"@id\":\"https:\\\/\\\/www.fcejs.unsl.edu.ar\\\/#\\\/schema\\\/logo\\\/image\\\/\",\"url\":\"https:\\\/\\\/www.fcejs.unsl.edu.ar\\\/wp-content\\\/uploads\\\/2021\\\/03\\\/logo-1.jpg\",\"contentUrl\":\"https:\\\/\\\/www.fcejs.unsl.edu.ar\\\/wp-content\\\/uploads\\\/2021\\\/03\\\/logo-1.jpg\",\"width\":471,\"height\":146,\"caption\":\"Facultad de Ciencias Econ\u00f3micas, Jur\u00eddicas y Sociales\"},\"image\":{\"@id\":\"https:\\\/\\\/www.fcejs.unsl.edu.ar\\\/#\\\/schema\\\/logo\\\/image\\\/\"},\"sameAs\":[\"https:\\\/\\\/www.facebook.com\\\/FCEJS.UNSL\\\/\",\"https:\\\/\\\/x.com\\\/FCEJSUNSL\",\"https:\\\/\\\/www.instagram.com\\\/fcejs.unsl\\\/\",\"https:\\\/\\\/www.youtube.com\\\/channel\\\/UCH-Ut6EaN_X5ogjIQMPe46g\\\/\"]},{\"@type\":\"Person\",\"@id\":\"https:\\\/\\\/www.fcejs.unsl.edu.ar\\\/#\\\/schema\\\/person\\\/352ee6ed90c3f394c7cb5945f8956d34\",\"name\":\"DATI\"}]}<\/script>\n<!-- \/ Yoast SEO plugin. -->","yoast_head_json":{"title":"Reuni\u00f3n con las nuevas autoridades del Instituto Escuela de Econom\u00eda, Negocios y Transferencia Tecnol\u00f3gica - Facultad de Ciencias Econ\u00f3micas, Jur\u00ed\u00addicas y Sociales","robots":{"index":"index","follow":"follow","max-snippet":"max-snippet:-1","max-image-preview":"max-image-preview:large","max-video-preview":"max-video-preview:-1"},"canonical":"https:\/\/www.fcejs.unsl.edu.ar\/index.php\/reunion-con-la-nuevas-autoridades-eenytt\/","og_locale":"es_ES","og_type":"article","og_title":"Reuni\u00f3n con las nuevas autoridades del Instituto Escuela de Econom\u00eda, Negocios y Transferencia Tecnol\u00f3gica - Facultad de Ciencias Econ\u00f3micas, Jur\u00ed\u00addicas y Sociales","og_description":"El viernes 17 de octubre, el Decano, Mgtr. H\u00e9ctor Flores, se reuni\u00f3 con las nuevas autoridades del del Instituto Escuela de Econom\u00eda, Negocios y Transferencia&hellip;","og_url":"https:\/\/www.fcejs.unsl.edu.ar\/index.php\/reunion-con-la-nuevas-autoridades-eenytt\/","og_site_name":"Facultad de Ciencias Econ\u00f3micas, Jur\u00ed\u00addicas y Sociales","article_publisher":"https:\/\/www.facebook.com\/FCEJS.UNSL\/","article_published_time":"2025-10-20T16:20:50+00:00","article_modified_time":"2025-10-20T19:48:26+00:00","og_image":[{"width":1152,"height":647,"url":"https:\/\/www.fcejs.unsl.edu.ar\/wp-content\/uploads\/2025\/10\/reunion-nuevas-autoridades-front.jpg","type":"image\/jpeg"}],"author":"DATI","twitter_card":"summary_large_image","twitter_creator":"@FCEJSUNSL","twitter_site":"@FCEJSUNSL","twitter_misc":{"Escrito por":"DATI","Tiempo de lectura":"2 minutos"},"schema":{"@context":"https:\/\/schema.org","@graph":[{"@type":"Article","@id":"https:\/\/www.fcejs.unsl.edu.ar\/index.php\/reunion-con-la-nuevas-autoridades-eenytt\/#article","isPartOf":{"@id":"https:\/\/www.fcejs.unsl.edu.ar\/index.php\/reunion-con-la-nuevas-autoridades-eenytt\/"},"author":{"name":"DATI","@id":"https:\/\/www.fcejs.unsl.edu.ar\/#\/schema\/person\/352ee6ed90c3f394c7cb5945f8956d34"},"headline":"Reuni\u00f3n con las nuevas autoridades del Instituto Escuela de Econom\u00eda, Negocios y Transferencia Tecnol\u00f3gica","datePublished":"2025-10-20T16:20:50+00:00","dateModified":"2025-10-20T19:48:26+00:00","mainEntityOfPage":{"@id":"https:\/\/www.fcejs.unsl.edu.ar\/index.php\/reunion-con-la-nuevas-autoridades-eenytt\/"},"wordCount":250,"publisher":{"@id":"https:\/\/www.fcejs.unsl.edu.ar\/#organization"},"image":{"@id":"https:\/\/www.fcejs.unsl.edu.ar\/index.php\/reunion-con-la-nuevas-autoridades-eenytt\/#primaryimage"},"thumbnailUrl":"https:\/\/www.fcejs.unsl.edu.ar\/wp-content\/uploads\/2025\/10\/reunion-nuevas-autoridades-front.jpg","articleSection":["Noticias","Principal"],"inLanguage":"es-AR"},{"@type":"WebPage","@id":"https:\/\/www.fcejs.unsl.edu.ar\/index.php\/reunion-con-la-nuevas-autoridades-eenytt\/","url":"https:\/\/www.fcejs.unsl.edu.ar\/index.php\/reunion-con-la-nuevas-autoridades-eenytt\/","name":"Reuni\u00f3n con las nuevas autoridades del Instituto Escuela de Econom\u00eda, Negocios y Transferencia Tecnol\u00f3gica - Facultad de Ciencias Econ\u00f3micas, Jur\u00ed\u00addicas y Sociales","isPartOf":{"@id":"https:\/\/www.fcejs.unsl.edu.ar\/#website"},"primaryImageOfPage":{"@id":"https:\/\/www.fcejs.unsl.edu.ar\/index.php\/reunion-con-la-nuevas-autoridades-eenytt\/#primaryimage"},"image":{"@id":"https:\/\/www.fcejs.unsl.edu.ar\/index.php\/reunion-con-la-nuevas-autoridades-eenytt\/#primaryimage"},"thumbnailUrl":"https:\/\/www.fcejs.unsl.edu.ar\/wp-content\/uploads\/2025\/10\/reunion-nuevas-autoridades-front.jpg","datePublished":"2025-10-20T16:20:50+00:00","dateModified":"2025-10-20T19:48:26+00:00","breadcrumb":{"@id":"https:\/\/www.fcejs.unsl.edu.ar\/index.php\/reunion-con-la-nuevas-autoridades-eenytt\/#breadcrumb"},"inLanguage":"es-AR","potentialAction":[{"@type":"ReadAction","target":["https:\/\/www.fcejs.unsl.edu.ar\/index.php\/reunion-con-la-nuevas-autoridades-eenytt\/"]}]},{"@type":"ImageObject","inLanguage":"es-AR","@id":"https:\/\/www.fcejs.unsl.edu.ar\/index.php\/reunion-con-la-nuevas-autoridades-eenytt\/#primaryimage","url":"https:\/\/www.fcejs.unsl.edu.ar\/wp-content\/uploads\/2025\/10\/reunion-nuevas-autoridades-front.jpg","contentUrl":"https:\/\/www.fcejs.unsl.edu.ar\/wp-content\/uploads\/2025\/10\/reunion-nuevas-autoridades-front.jpg","width":1152,"height":647},{"@type":"BreadcrumbList","@id":"https:\/\/www.fcejs.unsl.edu.ar\/index.php\/reunion-con-la-nuevas-autoridades-eenytt\/#breadcrumb","itemListElement":[{"@type":"ListItem","position":1,"name":"Inicio","item":"https:\/\/www.fcejs.unsl.edu.ar\/"},{"@type":"ListItem","position":2,"name":"Reuni\u00f3n con las nuevas autoridades del Instituto Escuela de Econom\u00eda, Negocios y Transferencia Tecnol\u00f3gica"}]},{"@type":"WebSite","@id":"https:\/\/www.fcejs.unsl.edu.ar\/#website","url":"https:\/\/www.fcejs.unsl.edu.ar\/","name":"Facultad de Ciencias Econ\u00f3micas, Jur\u00ed\u00addicas y Sociales","description":"","publisher":{"@id":"https:\/\/www.fcejs.unsl.edu.ar\/#organization"},"potentialAction":[{"@type":"SearchAction","target":{"@type":"EntryPoint","urlTemplate":"https:\/\/www.fcejs.unsl.edu.ar\/?s={search_term_string}"},"query-input":{"@type":"PropertyValueSpecification","valueRequired":true,"valueName":"search_term_string"}}],"inLanguage":"es-AR"},{"@type":"Organization","@id":"https:\/\/www.fcejs.unsl.edu.ar\/#organization","name":"Facultad de Ciencias Econ\u00f3micas, Jur\u00eddicas y Sociales","url":"https:\/\/www.fcejs.unsl.edu.ar\/","logo":{"@type":"ImageObject","inLanguage":"es-AR","@id":"https:\/\/www.fcejs.unsl.edu.ar\/#\/schema\/logo\/image\/","url":"https:\/\/www.fcejs.unsl.edu.ar\/wp-content\/uploads\/2021\/03\/logo-1.jpg","contentUrl":"https:\/\/www.fcejs.unsl.edu.ar\/wp-content\/uploads\/2021\/03\/logo-1.jpg","width":471,"height":146,"caption":"Facultad de Ciencias Econ\u00f3micas, Jur\u00eddicas y Sociales"},"image":{"@id":"https:\/\/www.fcejs.unsl.edu.ar\/#\/schema\/logo\/image\/"},"sameAs":["https:\/\/www.facebook.com\/FCEJS.UNSL\/","https:\/\/x.com\/FCEJSUNSL","https:\/\/www.instagram.com\/fcejs.unsl\/","https:\/\/www.youtube.com\/channel\/UCH-Ut6EaN_X5ogjIQMPe46g\/"]},{"@type":"Person","@id":"https:\/\/www.fcejs.unsl.edu.ar\/#\/schema\/person\/352ee6ed90c3f394c7cb5945f8956d34","name":"DATI"}]}},"jetpack_featured_media_url":"https:\/\/www.fcejs.unsl.edu.ar\/wp-content\/uploads\/2025\/10\/reunion-nuevas-autoridades-front.jpg","_links":{"self":[{"href":"https:\/\/www.fcejs.unsl.edu.ar\/index.php\/wp-json\/wp\/v2\/posts\/22071","targetHints":{"allow":["GET"]}}],"collection":[{"href":"https:\/\/www.fcejs.unsl.edu.ar\/index.php\/wp-json\/wp\/v2\/posts"}],"about":[{"href":"https:\/\/www.fcejs.unsl.edu.ar\/index.php\/wp-json\/wp\/v2\/types\/post"}],"author":[{"embeddable":true,"href":"https:\/\/www.fcejs.unsl.edu.ar\/index.php\/wp-json\/wp\/v2\/users\/9"}],"replies":[{"embeddable":true,"href":"https:\/\/www.fcejs.unsl.edu.ar\/index.php\/wp-json\/wp\/v2\/comments?post=22071"}],"version-history":[{"count":10,"href":"https:\/\/www.fcejs.unsl.edu.ar\/index.php\/wp-json\/wp\/v2\/posts\/22071\/revisions"}],"predecessor-version":[{"id":22107,"href":"https:\/\/www.fcejs.unsl.edu.ar\/index.php\/wp-json\/wp\/v2\/posts\/22071\/revisions\/22107"}],"wp:featuredmedia":[{"embeddable":true,"href":"https:\/\/www.fcejs.unsl.edu.ar\/index.php\/wp-json\/wp\/v2\/media\/22072"}],"wp:attachment":[{"href":"https:\/\/www.fcejs.unsl.edu.ar\/index.php\/wp-json\/wp\/v2\/media?parent=22071"}],"wp:term":[{"taxonomy":"category","embeddable":true,"href":"https:\/\/www.fcejs.unsl.edu.ar\/index.php\/wp-json\/wp\/v2\/categories?post=22071"},{"taxonomy":"post_tag","embeddable":true,"href":"https:\/\/www.fcejs.unsl.edu.ar\/index.php\/wp-json\/wp\/v2\/tags?post=22071"}],"curies":[{"name":"wp","href":"https:\/\/api.w.org\/{rel}","templated":true}]}}