{"id":22063,"date":"2025-10-17T10:44:21","date_gmt":"2025-10-17T13:44:21","guid":{"rendered":"http:\/\/10.101.10.197\/www\/?p=22063"},"modified":"2025-10-17T12:17:44","modified_gmt":"2025-10-17T15:17:44","slug":"taller-gratuito-sobre-estimulacion-cognitiva-para-personas-mayores","status":"publish","type":"post","link":"https:\/\/www.fcejs.unsl.edu.ar\/index.php\/taller-gratuito-sobre-estimulacion-cognitiva-para-personas-mayores\/","title":{"rendered":"Taller gratuito sobre estimulaci\u00f3n cognitiva para personas mayores"},"content":{"rendered":"<p data-start=\"203\" data-end=\"595\">La <strong data-start=\"206\" data-end=\"247\">Secretar\u00eda de Extensi\u00f3n Universitaria<\/strong> de la <strong data-start=\"254\" data-end=\"319\">FCEJS <\/strong>invita a toda la comunidad al <strong data-start=\"350\" data-end=\"409\">Taller \u201cEstimulaci\u00f3n Cognitiva en las Personas Mayores\u201d<\/strong>, que dar\u00e1 inicio el <strong data-start=\"430\" data-end=\"447\">24 de octubre<\/strong>, a partir de las <strong data-start=\"465\" data-end=\"480\">16:00 horas<\/strong>, en el <strong data-start=\"488\" data-end=\"568\">Instituto Escuela de Econom\u00eda, Negocios y Transferencia Tecnol\u00f3gica (EENyTT)<\/strong>, sito en Pescadores 314.<\/p>\n<p data-start=\"602\" data-end=\"834\">Con cupo limitado y de manera gratuita, este curso se dictar\u00e1 seg\u00fan el siguiente cronograma: <strong data-start=\"695\" data-end=\"750\">24 y 31 de octubre; 7, 14 y 28 de noviembre de 2025<\/strong>. Se entregar\u00e1n certificaciones a los y las asistentes y participantes del taller.<\/p>\n<h3 style=\"text-align: center;\" data-start=\"841\" data-end=\"979\"><span style=\"color: #0000ff;\"><a style=\"color: #0000ff;\" href=\"https:\/\/docs.google.com\/forms\/d\/1XQqfl25CPj9xMJRzbGW7QXYXSTc80Whpm7_ashtWAos\/viewform?edit_requested=true\" target=\"_blank\" rel=\"noopener\"><strong data-start=\"844\" data-end=\"862\">INSCRIPCIONES\u00a0<\/strong><\/a><\/span><\/h3>\n<p data-start=\"986\" data-end=\"1327\">Coordinado por la <strong data-start=\"1004\" data-end=\"1033\">Mgtr. Jaquelina Nanclares<\/strong> y la <strong data-start=\"1039\" data-end=\"1063\">Lic. Patricia Llanos<\/strong>, esta propuesta busca acompa\u00f1ar, capacitar y divulgar pr\u00e1cticas de <strong data-start=\"1131\" data-end=\"1179\">estimulaci\u00f3n cognitiva para personas mayores<\/strong>, generando un espacio para fomentar las aptitudes individuales y construir v\u00ednculos comunitarios basados en una comunicaci\u00f3n emp\u00e1tica y asertiva.<\/p>\n<p data-start=\"1334\" data-end=\"1706\">En particular, se desarrollar\u00e1n <strong data-start=\"1366\" data-end=\"1449\">actividades y ejercicios dise\u00f1ados para mantener o mejorar funciones cerebrales<\/strong>, tales como la memoria, la atenci\u00f3n y la capacidad de reorganizaci\u00f3n cerebral, mediante el juego \u2014ajedrez, rompecabezas, cartas, entre otros\u2014, la lectura, las actividades sociales y las rutinas que desaf\u00edan el cerebro y potencian la <strong data-start=\"1683\" data-end=\"1703\">neuroplasticidad<\/strong>.<\/p>\n<p data-start=\"1713\" data-end=\"2194\">Asimismo, se promover\u00e1n experiencias vinculadas con la memoria, el lenguaje, la atenci\u00f3n y la percepci\u00f3n, favoreciendo la creaci\u00f3n de lazos intergeneracionales y el fortalecimiento del bienestar ps\u00edquico y social de las personas mayores. Esta propuesta tambi\u00e9n involucra a estudiantes de <strong data-start=\"2001\" data-end=\"2020\">carreras afines<\/strong> (Trabajo Social, Acompa\u00f1amiento Terap\u00e9utico, Psicolog\u00eda, entre otras), quienes participar\u00e1n en procesos formativos y de pr\u00e1ctica profesional vinculados con esta poblaci\u00f3n.<\/p>\n<p data-start=\"2201\" data-end=\"2796\">El taller es organizado por el <strong data-start=\"2232\" data-end=\"2286\">Programa de Integraci\u00f3n Social de Personas Mayores<\/strong> (Resoluci\u00f3n C.D. N\u00b0 85\/2025), el <strong data-start=\"2320\" data-end=\"2483\">Proyecto de Investigaci\u00f3n PROICO 15-1120 \u201cPol\u00edticas de desarrollo socioecon\u00f3mico en la provincia de San Luis. Din\u00e1micas territoriales y estrategias familiares\u201d<\/strong>, junto a las asignaturas del <strong data-start=\"2513\" data-end=\"2597\">Ciclo de Complementaci\u00f3n Curricular: \u201cAcompa\u00f1amiento Terap\u00e9utico en Emergencias\u201d<\/strong> y <strong data-start=\"2600\" data-end=\"2680\">\u201cPlanificaci\u00f3n y Evaluaci\u00f3n para la Pr\u00e1ctica del Acompa\u00f1amiento Terap\u00e9utico\u201d<\/strong>, y las asignaturas de la <strong data-start=\"2706\" data-end=\"2795\">Licenciatura en Trabajo Social: Planificaci\u00f3n Social y Psicolog\u00eda General y Evolutiva<\/strong>.<\/p>\n","protected":false},"excerpt":{"rendered":"<p>La Secretar\u00eda de Extensi\u00f3n Universitaria de la FCEJS invita a toda la comunidad al Taller \u201cEstimulaci\u00f3n Cognitiva en las Personas Mayores\u201d, que dar\u00e1 inicio el&hellip;<\/p>\n","protected":false},"author":9,"featured_media":22064,"comment_status":"closed","ping_status":"closed","sticky":false,"template":"","format":"standard","meta":{"om_disable_all_campaigns":false,"_monsterinsights_skip_tracking":false,"_monsterinsights_sitenote_active":false,"_monsterinsights_sitenote_note":"","_monsterinsights_sitenote_category":0,"footnotes":""},"categories":[1,19],"tags":[],"class_list":["post-22063","post","type-post","status-publish","format-standard","has-post-thumbnail","hentry","category-noticias","category-principal"],"yoast_head":"<!-- This site is optimized with the Yoast SEO plugin v27.4 - https:\/\/yoast.com\/product\/yoast-seo-wordpress\/ -->\n<title>Taller gratuito sobre estimulaci\u00f3n cognitiva para personas mayores - Facultad de Ciencias Econ\u00f3micas, Jur\u00ed\u00addicas y Sociales<\/title>\n<meta name=\"robots\" content=\"index, follow, max-snippet:-1, max-image-preview:large, max-video-preview:-1\" \/>\n<link rel=\"canonical\" href=\"https:\/\/www.fcejs.unsl.edu.ar\/index.php\/taller-gratuito-sobre-estimulacion-cognitiva-para-personas-mayores\/\" \/>\n<meta property=\"og:locale\" content=\"es_ES\" \/>\n<meta property=\"og:type\" content=\"article\" \/>\n<meta property=\"og:title\" content=\"Taller gratuito sobre estimulaci\u00f3n cognitiva para personas mayores - Facultad de Ciencias Econ\u00f3micas, Jur\u00ed\u00addicas y Sociales\" \/>\n<meta property=\"og:description\" content=\"La Secretar\u00eda de Extensi\u00f3n Universitaria de la FCEJS invita a toda la comunidad al Taller \u201cEstimulaci\u00f3n Cognitiva en las Personas Mayores\u201d, que dar\u00e1 inicio el&hellip;\" \/>\n<meta property=\"og:url\" content=\"https:\/\/www.fcejs.unsl.edu.ar\/index.php\/taller-gratuito-sobre-estimulacion-cognitiva-para-personas-mayores\/\" \/>\n<meta property=\"og:site_name\" content=\"Facultad de Ciencias Econ\u00f3micas, Jur\u00ed\u00addicas y Sociales\" \/>\n<meta property=\"article:publisher\" content=\"https:\/\/www.facebook.com\/FCEJS.UNSL\/\" \/>\n<meta property=\"article:published_time\" content=\"2025-10-17T13:44:21+00:00\" \/>\n<meta property=\"article:modified_time\" content=\"2025-10-17T15:17:44+00:00\" \/>\n<meta property=\"og:image\" content=\"https:\/\/www.fcejs.unsl.edu.ar\/wp-content\/uploads\/2025\/10\/PLACA-WEB-taller-estimulacion.png\" \/>\n\t<meta property=\"og:image:width\" content=\"1152\" \/>\n\t<meta property=\"og:image:height\" content=\"648\" \/>\n\t<meta property=\"og:image:type\" content=\"image\/png\" \/>\n<meta name=\"author\" content=\"DATI\" \/>\n<meta name=\"twitter:card\" content=\"summary_large_image\" \/>\n<meta name=\"twitter:creator\" content=\"@FCEJSUNSL\" \/>\n<meta name=\"twitter:site\" content=\"@FCEJSUNSL\" \/>\n<meta name=\"twitter:label1\" content=\"Escrito por\" \/>\n\t<meta name=\"twitter:data1\" content=\"DATI\" \/>\n\t<meta name=\"twitter:label2\" content=\"Tiempo de lectura\" \/>\n\t<meta name=\"twitter:data2\" content=\"2 minutos\" \/>\n<script type=\"application\/ld+json\" class=\"yoast-schema-graph\">{\"@context\":\"https:\\\/\\\/schema.org\",\"@graph\":[{\"@type\":\"Article\",\"@id\":\"https:\\\/\\\/www.fcejs.unsl.edu.ar\\\/index.php\\\/taller-gratuito-sobre-estimulacion-cognitiva-para-personas-mayores\\\/#article\",\"isPartOf\":{\"@id\":\"https:\\\/\\\/www.fcejs.unsl.edu.ar\\\/index.php\\\/taller-gratuito-sobre-estimulacion-cognitiva-para-personas-mayores\\\/\"},\"author\":{\"name\":\"DATI\",\"@id\":\"https:\\\/\\\/www.fcejs.unsl.edu.ar\\\/#\\\/schema\\\/person\\\/352ee6ed90c3f394c7cb5945f8956d34\"},\"headline\":\"Taller gratuito sobre estimulaci\u00f3n cognitiva para personas mayores\",\"datePublished\":\"2025-10-17T13:44:21+00:00\",\"dateModified\":\"2025-10-17T15:17:44+00:00\",\"mainEntityOfPage\":{\"@id\":\"https:\\\/\\\/www.fcejs.unsl.edu.ar\\\/index.php\\\/taller-gratuito-sobre-estimulacion-cognitiva-para-personas-mayores\\\/\"},\"wordCount\":369,\"publisher\":{\"@id\":\"https:\\\/\\\/www.fcejs.unsl.edu.ar\\\/#organization\"},\"image\":{\"@id\":\"https:\\\/\\\/www.fcejs.unsl.edu.ar\\\/index.php\\\/taller-gratuito-sobre-estimulacion-cognitiva-para-personas-mayores\\\/#primaryimage\"},\"thumbnailUrl\":\"https:\\\/\\\/www.fcejs.unsl.edu.ar\\\/wp-content\\\/uploads\\\/2025\\\/10\\\/PLACA-WEB-taller-estimulacion.png\",\"articleSection\":[\"Noticias\",\"Principal\"],\"inLanguage\":\"es-AR\"},{\"@type\":\"WebPage\",\"@id\":\"https:\\\/\\\/www.fcejs.unsl.edu.ar\\\/index.php\\\/taller-gratuito-sobre-estimulacion-cognitiva-para-personas-mayores\\\/\",\"url\":\"https:\\\/\\\/www.fcejs.unsl.edu.ar\\\/index.php\\\/taller-gratuito-sobre-estimulacion-cognitiva-para-personas-mayores\\\/\",\"name\":\"Taller gratuito sobre estimulaci\u00f3n cognitiva para personas mayores - Facultad de Ciencias Econ\u00f3micas, Jur\u00ed\u00addicas y Sociales\",\"isPartOf\":{\"@id\":\"https:\\\/\\\/www.fcejs.unsl.edu.ar\\\/#website\"},\"primaryImageOfPage\":{\"@id\":\"https:\\\/\\\/www.fcejs.unsl.edu.ar\\\/index.php\\\/taller-gratuito-sobre-estimulacion-cognitiva-para-personas-mayores\\\/#primaryimage\"},\"image\":{\"@id\":\"https:\\\/\\\/www.fcejs.unsl.edu.ar\\\/index.php\\\/taller-gratuito-sobre-estimulacion-cognitiva-para-personas-mayores\\\/#primaryimage\"},\"thumbnailUrl\":\"https:\\\/\\\/www.fcejs.unsl.edu.ar\\\/wp-content\\\/uploads\\\/2025\\\/10\\\/PLACA-WEB-taller-estimulacion.png\",\"datePublished\":\"2025-10-17T13:44:21+00:00\",\"dateModified\":\"2025-10-17T15:17:44+00:00\",\"breadcrumb\":{\"@id\":\"https:\\\/\\\/www.fcejs.unsl.edu.ar\\\/index.php\\\/taller-gratuito-sobre-estimulacion-cognitiva-para-personas-mayores\\\/#breadcrumb\"},\"inLanguage\":\"es-AR\",\"potentialAction\":[{\"@type\":\"ReadAction\",\"target\":[\"https:\\\/\\\/www.fcejs.unsl.edu.ar\\\/index.php\\\/taller-gratuito-sobre-estimulacion-cognitiva-para-personas-mayores\\\/\"]}]},{\"@type\":\"ImageObject\",\"inLanguage\":\"es-AR\",\"@id\":\"https:\\\/\\\/www.fcejs.unsl.edu.ar\\\/index.php\\\/taller-gratuito-sobre-estimulacion-cognitiva-para-personas-mayores\\\/#primaryimage\",\"url\":\"https:\\\/\\\/www.fcejs.unsl.edu.ar\\\/wp-content\\\/uploads\\\/2025\\\/10\\\/PLACA-WEB-taller-estimulacion.png\",\"contentUrl\":\"https:\\\/\\\/www.fcejs.unsl.edu.ar\\\/wp-content\\\/uploads\\\/2025\\\/10\\\/PLACA-WEB-taller-estimulacion.png\",\"width\":1152,\"height\":648},{\"@type\":\"BreadcrumbList\",\"@id\":\"https:\\\/\\\/www.fcejs.unsl.edu.ar\\\/index.php\\\/taller-gratuito-sobre-estimulacion-cognitiva-para-personas-mayores\\\/#breadcrumb\",\"itemListElement\":[{\"@type\":\"ListItem\",\"position\":1,\"name\":\"Inicio\",\"item\":\"https:\\\/\\\/www.fcejs.unsl.edu.ar\\\/\"},{\"@type\":\"ListItem\",\"position\":2,\"name\":\"Taller gratuito sobre estimulaci\u00f3n cognitiva para personas mayores\"}]},{\"@type\":\"WebSite\",\"@id\":\"https:\\\/\\\/www.fcejs.unsl.edu.ar\\\/#website\",\"url\":\"https:\\\/\\\/www.fcejs.unsl.edu.ar\\\/\",\"name\":\"Facultad de Ciencias Econ\u00f3micas, Jur\u00ed\u00addicas y Sociales\",\"description\":\"\",\"publisher\":{\"@id\":\"https:\\\/\\\/www.fcejs.unsl.edu.ar\\\/#organization\"},\"potentialAction\":[{\"@type\":\"SearchAction\",\"target\":{\"@type\":\"EntryPoint\",\"urlTemplate\":\"https:\\\/\\\/www.fcejs.unsl.edu.ar\\\/?s={search_term_string}\"},\"query-input\":{\"@type\":\"PropertyValueSpecification\",\"valueRequired\":true,\"valueName\":\"search_term_string\"}}],\"inLanguage\":\"es-AR\"},{\"@type\":\"Organization\",\"@id\":\"https:\\\/\\\/www.fcejs.unsl.edu.ar\\\/#organization\",\"name\":\"Facultad de Ciencias Econ\u00f3micas, Jur\u00eddicas y Sociales\",\"url\":\"https:\\\/\\\/www.fcejs.unsl.edu.ar\\\/\",\"logo\":{\"@type\":\"ImageObject\",\"inLanguage\":\"es-AR\",\"@id\":\"https:\\\/\\\/www.fcejs.unsl.edu.ar\\\/#\\\/schema\\\/logo\\\/image\\\/\",\"url\":\"https:\\\/\\\/www.fcejs.unsl.edu.ar\\\/wp-content\\\/uploads\\\/2021\\\/03\\\/logo-1.jpg\",\"contentUrl\":\"https:\\\/\\\/www.fcejs.unsl.edu.ar\\\/wp-content\\\/uploads\\\/2021\\\/03\\\/logo-1.jpg\",\"width\":471,\"height\":146,\"caption\":\"Facultad de Ciencias Econ\u00f3micas, Jur\u00eddicas y Sociales\"},\"image\":{\"@id\":\"https:\\\/\\\/www.fcejs.unsl.edu.ar\\\/#\\\/schema\\\/logo\\\/image\\\/\"},\"sameAs\":[\"https:\\\/\\\/www.facebook.com\\\/FCEJS.UNSL\\\/\",\"https:\\\/\\\/x.com\\\/FCEJSUNSL\",\"https:\\\/\\\/www.instagram.com\\\/fcejs.unsl\\\/\",\"https:\\\/\\\/www.youtube.com\\\/channel\\\/UCH-Ut6EaN_X5ogjIQMPe46g\\\/\"]},{\"@type\":\"Person\",\"@id\":\"https:\\\/\\\/www.fcejs.unsl.edu.ar\\\/#\\\/schema\\\/person\\\/352ee6ed90c3f394c7cb5945f8956d34\",\"name\":\"DATI\"}]}<\/script>\n<!-- \/ Yoast SEO plugin. -->","yoast_head_json":{"title":"Taller gratuito sobre estimulaci\u00f3n cognitiva para personas mayores - Facultad de Ciencias Econ\u00f3micas, Jur\u00ed\u00addicas y Sociales","robots":{"index":"index","follow":"follow","max-snippet":"max-snippet:-1","max-image-preview":"max-image-preview:large","max-video-preview":"max-video-preview:-1"},"canonical":"https:\/\/www.fcejs.unsl.edu.ar\/index.php\/taller-gratuito-sobre-estimulacion-cognitiva-para-personas-mayores\/","og_locale":"es_ES","og_type":"article","og_title":"Taller gratuito sobre estimulaci\u00f3n cognitiva para personas mayores - Facultad de Ciencias Econ\u00f3micas, Jur\u00ed\u00addicas y Sociales","og_description":"La Secretar\u00eda de Extensi\u00f3n Universitaria de la FCEJS invita a toda la comunidad al Taller \u201cEstimulaci\u00f3n Cognitiva en las Personas Mayores\u201d, que dar\u00e1 inicio el&hellip;","og_url":"https:\/\/www.fcejs.unsl.edu.ar\/index.php\/taller-gratuito-sobre-estimulacion-cognitiva-para-personas-mayores\/","og_site_name":"Facultad de Ciencias Econ\u00f3micas, Jur\u00ed\u00addicas y Sociales","article_publisher":"https:\/\/www.facebook.com\/FCEJS.UNSL\/","article_published_time":"2025-10-17T13:44:21+00:00","article_modified_time":"2025-10-17T15:17:44+00:00","og_image":[{"width":1152,"height":648,"url":"https:\/\/www.fcejs.unsl.edu.ar\/wp-content\/uploads\/2025\/10\/PLACA-WEB-taller-estimulacion.png","type":"image\/png"}],"author":"DATI","twitter_card":"summary_large_image","twitter_creator":"@FCEJSUNSL","twitter_site":"@FCEJSUNSL","twitter_misc":{"Escrito por":"DATI","Tiempo de lectura":"2 minutos"},"schema":{"@context":"https:\/\/schema.org","@graph":[{"@type":"Article","@id":"https:\/\/www.fcejs.unsl.edu.ar\/index.php\/taller-gratuito-sobre-estimulacion-cognitiva-para-personas-mayores\/#article","isPartOf":{"@id":"https:\/\/www.fcejs.unsl.edu.ar\/index.php\/taller-gratuito-sobre-estimulacion-cognitiva-para-personas-mayores\/"},"author":{"name":"DATI","@id":"https:\/\/www.fcejs.unsl.edu.ar\/#\/schema\/person\/352ee6ed90c3f394c7cb5945f8956d34"},"headline":"Taller gratuito sobre estimulaci\u00f3n cognitiva para personas mayores","datePublished":"2025-10-17T13:44:21+00:00","dateModified":"2025-10-17T15:17:44+00:00","mainEntityOfPage":{"@id":"https:\/\/www.fcejs.unsl.edu.ar\/index.php\/taller-gratuito-sobre-estimulacion-cognitiva-para-personas-mayores\/"},"wordCount":369,"publisher":{"@id":"https:\/\/www.fcejs.unsl.edu.ar\/#organization"},"image":{"@id":"https:\/\/www.fcejs.unsl.edu.ar\/index.php\/taller-gratuito-sobre-estimulacion-cognitiva-para-personas-mayores\/#primaryimage"},"thumbnailUrl":"https:\/\/www.fcejs.unsl.edu.ar\/wp-content\/uploads\/2025\/10\/PLACA-WEB-taller-estimulacion.png","articleSection":["Noticias","Principal"],"inLanguage":"es-AR"},{"@type":"WebPage","@id":"https:\/\/www.fcejs.unsl.edu.ar\/index.php\/taller-gratuito-sobre-estimulacion-cognitiva-para-personas-mayores\/","url":"https:\/\/www.fcejs.unsl.edu.ar\/index.php\/taller-gratuito-sobre-estimulacion-cognitiva-para-personas-mayores\/","name":"Taller gratuito sobre estimulaci\u00f3n cognitiva para personas mayores - Facultad de Ciencias Econ\u00f3micas, Jur\u00ed\u00addicas y Sociales","isPartOf":{"@id":"https:\/\/www.fcejs.unsl.edu.ar\/#website"},"primaryImageOfPage":{"@id":"https:\/\/www.fcejs.unsl.edu.ar\/index.php\/taller-gratuito-sobre-estimulacion-cognitiva-para-personas-mayores\/#primaryimage"},"image":{"@id":"https:\/\/www.fcejs.unsl.edu.ar\/index.php\/taller-gratuito-sobre-estimulacion-cognitiva-para-personas-mayores\/#primaryimage"},"thumbnailUrl":"https:\/\/www.fcejs.unsl.edu.ar\/wp-content\/uploads\/2025\/10\/PLACA-WEB-taller-estimulacion.png","datePublished":"2025-10-17T13:44:21+00:00","dateModified":"2025-10-17T15:17:44+00:00","breadcrumb":{"@id":"https:\/\/www.fcejs.unsl.edu.ar\/index.php\/taller-gratuito-sobre-estimulacion-cognitiva-para-personas-mayores\/#breadcrumb"},"inLanguage":"es-AR","potentialAction":[{"@type":"ReadAction","target":["https:\/\/www.fcejs.unsl.edu.ar\/index.php\/taller-gratuito-sobre-estimulacion-cognitiva-para-personas-mayores\/"]}]},{"@type":"ImageObject","inLanguage":"es-AR","@id":"https:\/\/www.fcejs.unsl.edu.ar\/index.php\/taller-gratuito-sobre-estimulacion-cognitiva-para-personas-mayores\/#primaryimage","url":"https:\/\/www.fcejs.unsl.edu.ar\/wp-content\/uploads\/2025\/10\/PLACA-WEB-taller-estimulacion.png","contentUrl":"https:\/\/www.fcejs.unsl.edu.ar\/wp-content\/uploads\/2025\/10\/PLACA-WEB-taller-estimulacion.png","width":1152,"height":648},{"@type":"BreadcrumbList","@id":"https:\/\/www.fcejs.unsl.edu.ar\/index.php\/taller-gratuito-sobre-estimulacion-cognitiva-para-personas-mayores\/#breadcrumb","itemListElement":[{"@type":"ListItem","position":1,"name":"Inicio","item":"https:\/\/www.fcejs.unsl.edu.ar\/"},{"@type":"ListItem","position":2,"name":"Taller gratuito sobre estimulaci\u00f3n cognitiva para personas mayores"}]},{"@type":"WebSite","@id":"https:\/\/www.fcejs.unsl.edu.ar\/#website","url":"https:\/\/www.fcejs.unsl.edu.ar\/","name":"Facultad de Ciencias Econ\u00f3micas, Jur\u00ed\u00addicas y Sociales","description":"","publisher":{"@id":"https:\/\/www.fcejs.unsl.edu.ar\/#organization"},"potentialAction":[{"@type":"SearchAction","target":{"@type":"EntryPoint","urlTemplate":"https:\/\/www.fcejs.unsl.edu.ar\/?s={search_term_string}"},"query-input":{"@type":"PropertyValueSpecification","valueRequired":true,"valueName":"search_term_string"}}],"inLanguage":"es-AR"},{"@type":"Organization","@id":"https:\/\/www.fcejs.unsl.edu.ar\/#organization","name":"Facultad de Ciencias Econ\u00f3micas, Jur\u00eddicas y Sociales","url":"https:\/\/www.fcejs.unsl.edu.ar\/","logo":{"@type":"ImageObject","inLanguage":"es-AR","@id":"https:\/\/www.fcejs.unsl.edu.ar\/#\/schema\/logo\/image\/","url":"https:\/\/www.fcejs.unsl.edu.ar\/wp-content\/uploads\/2021\/03\/logo-1.jpg","contentUrl":"https:\/\/www.fcejs.unsl.edu.ar\/wp-content\/uploads\/2021\/03\/logo-1.jpg","width":471,"height":146,"caption":"Facultad de Ciencias Econ\u00f3micas, Jur\u00eddicas y Sociales"},"image":{"@id":"https:\/\/www.fcejs.unsl.edu.ar\/#\/schema\/logo\/image\/"},"sameAs":["https:\/\/www.facebook.com\/FCEJS.UNSL\/","https:\/\/x.com\/FCEJSUNSL","https:\/\/www.instagram.com\/fcejs.unsl\/","https:\/\/www.youtube.com\/channel\/UCH-Ut6EaN_X5ogjIQMPe46g\/"]},{"@type":"Person","@id":"https:\/\/www.fcejs.unsl.edu.ar\/#\/schema\/person\/352ee6ed90c3f394c7cb5945f8956d34","name":"DATI"}]}},"jetpack_featured_media_url":"https:\/\/www.fcejs.unsl.edu.ar\/wp-content\/uploads\/2025\/10\/PLACA-WEB-taller-estimulacion.png","_links":{"self":[{"href":"https:\/\/www.fcejs.unsl.edu.ar\/index.php\/wp-json\/wp\/v2\/posts\/22063","targetHints":{"allow":["GET"]}}],"collection":[{"href":"https:\/\/www.fcejs.unsl.edu.ar\/index.php\/wp-json\/wp\/v2\/posts"}],"about":[{"href":"https:\/\/www.fcejs.unsl.edu.ar\/index.php\/wp-json\/wp\/v2\/types\/post"}],"author":[{"embeddable":true,"href":"https:\/\/www.fcejs.unsl.edu.ar\/index.php\/wp-json\/wp\/v2\/users\/9"}],"replies":[{"embeddable":true,"href":"https:\/\/www.fcejs.unsl.edu.ar\/index.php\/wp-json\/wp\/v2\/comments?post=22063"}],"version-history":[{"count":1,"href":"https:\/\/www.fcejs.unsl.edu.ar\/index.php\/wp-json\/wp\/v2\/posts\/22063\/revisions"}],"predecessor-version":[{"id":22065,"href":"https:\/\/www.fcejs.unsl.edu.ar\/index.php\/wp-json\/wp\/v2\/posts\/22063\/revisions\/22065"}],"wp:featuredmedia":[{"embeddable":true,"href":"https:\/\/www.fcejs.unsl.edu.ar\/index.php\/wp-json\/wp\/v2\/media\/22064"}],"wp:attachment":[{"href":"https:\/\/www.fcejs.unsl.edu.ar\/index.php\/wp-json\/wp\/v2\/media?parent=22063"}],"wp:term":[{"taxonomy":"category","embeddable":true,"href":"https:\/\/www.fcejs.unsl.edu.ar\/index.php\/wp-json\/wp\/v2\/categories?post=22063"},{"taxonomy":"post_tag","embeddable":true,"href":"https:\/\/www.fcejs.unsl.edu.ar\/index.php\/wp-json\/wp\/v2\/tags?post=22063"}],"curies":[{"name":"wp","href":"https:\/\/api.w.org\/{rel}","templated":true}]}}