{"id":21972,"date":"2025-10-14T10:02:25","date_gmt":"2025-10-14T13:02:25","guid":{"rendered":"http:\/\/10.101.10.197\/www\/?p=21972"},"modified":"2025-10-14T12:59:27","modified_gmt":"2025-10-14T15:59:27","slug":"21972","status":"publish","type":"post","link":"https:\/\/www.fcejs.unsl.edu.ar\/index.php\/21972\/","title":{"rendered":"La FCEJS consolida la coordinaci\u00f3n de sus Programas, Centros y Observatorio"},"content":{"rendered":"<p>El<strong> Consejo Directivo de la Facultad de Ciencias Econ\u00f3micas, Jur\u00eddicas y Sociales<\/strong> de la Universidad Nacional de San Luis aprob\u00f3, <strong>en su sesi\u00f3n del 8 de octubre de 2025<\/strong>, la reorganizaci\u00f3n administrativa de los <strong>Programas, Centros y el Observatorio<\/strong> dependientes de la instituci\u00f3n, los cuales <strong>pasar\u00e1n a estar bajo la \u00f3rbita del Vicedecanato.<\/strong> La medida, formalizada mediante la<strong> Resoluci\u00f3n C.D. N\u00ba 180\/2025,<\/strong> busca optimizar la coordinaci\u00f3n y gesti\u00f3n de estas unidades, fortaleciendo su visibilidad, articulaci\u00f3n y capacidad operativa sin alterar sus l\u00edneas de trabajo, identidad ni objetivos.<\/p>\n<p>La diversidad de programas dependientes de la Facultad constituye un valioso aporte a la calidad institucional, ya que, a trav\u00e9s de equipos interdisciplinarios que abordan distintas problem\u00e1ticas sociales, se fortalecen los v\u00ednculos entre la docencia, la investigaci\u00f3n y la extensi\u00f3n, promoviendo una formaci\u00f3n acad\u00e9mica comprometida con la realidad social y el desarrollo regional.<\/p>\n<p>A continuaci\u00f3n, se detallan los programas que funcionan en el \u00e1mbito de la Facultad de Ciencias Econ\u00f3micas, Jur\u00eddicas y Sociales, junto con sus principales objetivos y \u00e1mbitos de acci\u00f3n.<\/p>\n<p><strong>Observatorio Social<\/strong><\/p>\n<p>Su prop\u00f3sito es relevar y analizar informaci\u00f3n social, econ\u00f3mica e institucional para generar conocimiento \u00fatil en la toma de decisiones y el dise\u00f1o de pol\u00edticas p\u00fablicas. Produce informes, diagn\u00f3sticos y estudios, articulando con distintos organismos y promoviendo espacios de reflexi\u00f3n interdisciplinaria para fortalecer el desarrollo regional y la vinculaci\u00f3n con la comunidad.<\/p>\n<p><strong>Centro Interdisciplinario de Investigaci\u00f3n y Vinculaci\u00f3n en Estudios Ambientales<\/strong><\/p>\n<p>Promueve la investigaci\u00f3n, la acci\u00f3n y la vinculaci\u00f3n sobre problem\u00e1ticas socioambientales, contribuyendo a pol\u00edticas p\u00fablicas y modelos sostenibles. Impulsa la formaci\u00f3n de investigadores, la articulaci\u00f3n con otros centros e instituciones, y la difusi\u00f3n cient\u00edfica, consolid\u00e1ndose como un espacio de formaci\u00f3n, investigaci\u00f3n y asesoramiento t\u00e9cnico con proyecci\u00f3n local, regional y nacional.<\/p>\n<p><strong>Centro de Pensamiento Cr\u00edtico \u201cPedro Paz\u201d<\/strong><\/p>\n<p>Busca generar un espacio de encuentro y articulaci\u00f3n interdisciplinaria desde el pensamiento cr\u00edtico latinoamericano. Promueve actividades de formaci\u00f3n, apoyo a la econom\u00eda social, divulgaci\u00f3n y documentaci\u00f3n, fortaleciendo los v\u00ednculos entre la universidad y la comunidad a trav\u00e9s del intercambio de saberes y experiencias.<\/p>\n<p><strong>Programa de Prevenci\u00f3n de Consumos Problem\u00e1ticos<\/strong><\/p>\n<p>Tiene como objetivo prevenir y acompa\u00f1ar situaciones de consumo problem\u00e1tico desde un enfoque integral de derechos humanos, inclusi\u00f3n y salud mental comunitaria. Desarrolla espacios de formaci\u00f3n, investigaci\u00f3n y articulaci\u00f3n interinstitucional, promoviendo acciones para desestigmatizar los consumos y construir alternativas de vida saludables y solidarias.<\/p>\n<p><strong>Programa de Econom\u00eda Social, Solidaria, Comunitaria, Popular y Plural<\/strong><\/p>\n<p>Promueve la comprensi\u00f3n y articulaci\u00f3n de experiencias econ\u00f3micas basadas en la solidaridad y el desarrollo sustentable. Integra el conocimiento acad\u00e9mico con las pr\u00e1cticas sociales, fomentando redes, investigaci\u00f3n y formaci\u00f3n en econom\u00eda social y comunitaria, y contribuyendo a pol\u00edticas p\u00fablicas participativas orientadas al bien com\u00fan.<\/p>\n<p><strong>Programa G\u00e9nero, Sociedad y Universidad<\/strong><\/p>\n<p>Busca incorporar la perspectiva de g\u00e9nero en los espacios institucionales, promoviendo la igualdad, la diversidad y la inclusi\u00f3n. Desarrolla actividades de formaci\u00f3n, extensi\u00f3n e investigaci\u00f3n sobre g\u00e9nero, masculinidades y diversidades, articulando con organismos y organizaciones sociales para fortalecer pol\u00edticas p\u00fablicas con enfoque de g\u00e9nero.<\/p>\n<p><strong>Comisi\u00f3n de Discapacidad, Accesibilidad y Apoyo<\/strong><\/p>\n<p>Trabaja por la inclusi\u00f3n educativa y la accesibilidad en la universidad, garantizando los derechos de las personas con discapacidad. Impulsa ajustes razonables, acciones de sensibilizaci\u00f3n y articulaci\u00f3n con programas y organizaciones locales, promoviendo una cultura institucional basada en la igualdad de oportunidades.<\/p>\n<p><strong>Programa de Fortalecimiento a las Pr\u00e1cticas de Investigaci\u00f3n<\/strong><\/p>\n<p>Su objetivo es potenciar la investigaci\u00f3n acad\u00e9mica mediante espacios de formaci\u00f3n, acompa\u00f1amiento y desarrollo de proyectos cient\u00edficos. Fortalece las capacidades de docentes, graduados y estudiantes, promoviendo la articulaci\u00f3n entre investigaci\u00f3n, docencia y extensi\u00f3n para abordar problem\u00e1ticas sociales y regionales relevantes.<\/p>\n<p><strong>Programa de Integraci\u00f3n Social de Personas Mayores<\/strong><\/p>\n<p>Promueve la inclusi\u00f3n y participaci\u00f3n activa de las personas mayores a trav\u00e9s de espacios de encuentro, formaci\u00f3n y recreaci\u00f3n. Busca fortalecer su bienestar, autonom\u00eda y salud integral, valorando su aporte social y cultural, y consolidando a la universidad como un espacio inclusivo e intergeneracional.<\/p>\n","protected":false},"excerpt":{"rendered":"<p>El Consejo Directivo de la Facultad de Ciencias Econ\u00f3micas, Jur\u00eddicas y Sociales de la Universidad Nacional de San Luis aprob\u00f3, en su sesi\u00f3n del 8&hellip;<\/p>\n","protected":false},"author":9,"featured_media":21986,"comment_status":"closed","ping_status":"closed","sticky":false,"template":"","format":"standard","meta":{"om_disable_all_campaigns":false,"_monsterinsights_skip_tracking":false,"_monsterinsights_sitenote_active":false,"_monsterinsights_sitenote_note":"","_monsterinsights_sitenote_category":0,"footnotes":""},"categories":[1,19],"tags":[],"class_list":["post-21972","post","type-post","status-publish","format-standard","has-post-thumbnail","hentry","category-noticias","category-principal"],"yoast_head":"<!-- This site is optimized with the Yoast SEO plugin v27.4 - https:\/\/yoast.com\/product\/yoast-seo-wordpress\/ -->\n<title>La FCEJS consolida la coordinaci\u00f3n de sus Programas, Centros y Observatorio - Facultad de Ciencias Econ\u00f3micas, Jur\u00ed\u00addicas y Sociales<\/title>\n<meta name=\"robots\" content=\"index, follow, max-snippet:-1, max-image-preview:large, max-video-preview:-1\" \/>\n<link rel=\"canonical\" href=\"https:\/\/www.fcejs.unsl.edu.ar\/index.php\/21972\/\" \/>\n<meta property=\"og:locale\" content=\"es_ES\" \/>\n<meta property=\"og:type\" content=\"article\" \/>\n<meta property=\"og:title\" content=\"La FCEJS consolida la coordinaci\u00f3n de sus Programas, Centros y Observatorio - Facultad de Ciencias Econ\u00f3micas, Jur\u00ed\u00addicas y Sociales\" \/>\n<meta property=\"og:description\" content=\"El Consejo Directivo de la Facultad de Ciencias Econ\u00f3micas, Jur\u00eddicas y Sociales de la Universidad Nacional de San Luis aprob\u00f3, en su sesi\u00f3n del 8&hellip;\" \/>\n<meta property=\"og:url\" content=\"https:\/\/www.fcejs.unsl.edu.ar\/index.php\/21972\/\" \/>\n<meta property=\"og:site_name\" content=\"Facultad de Ciencias Econ\u00f3micas, Jur\u00ed\u00addicas y Sociales\" \/>\n<meta property=\"article:publisher\" content=\"https:\/\/www.facebook.com\/FCEJS.UNSL\/\" \/>\n<meta property=\"article:published_time\" content=\"2025-10-14T13:02:25+00:00\" \/>\n<meta property=\"article:modified_time\" content=\"2025-10-14T15:59:27+00:00\" \/>\n<meta property=\"og:image\" content=\"https:\/\/www.fcejs.unsl.edu.ar\/wp-content\/uploads\/2025\/10\/consejo-directivo-archivo-front.jpg\" \/>\n\t<meta property=\"og:image:width\" content=\"1152\" \/>\n\t<meta property=\"og:image:height\" content=\"647\" \/>\n\t<meta property=\"og:image:type\" content=\"image\/jpeg\" \/>\n<meta name=\"author\" content=\"DATI\" \/>\n<meta name=\"twitter:card\" content=\"summary_large_image\" \/>\n<meta name=\"twitter:creator\" content=\"@FCEJSUNSL\" \/>\n<meta name=\"twitter:site\" content=\"@FCEJSUNSL\" \/>\n<meta name=\"twitter:label1\" content=\"Escrito por\" \/>\n\t<meta name=\"twitter:data1\" content=\"DATI\" \/>\n\t<meta name=\"twitter:label2\" content=\"Tiempo de lectura\" \/>\n\t<meta name=\"twitter:data2\" content=\"3 minutos\" \/>\n<script type=\"application\/ld+json\" class=\"yoast-schema-graph\">{\"@context\":\"https:\\\/\\\/schema.org\",\"@graph\":[{\"@type\":\"Article\",\"@id\":\"https:\\\/\\\/www.fcejs.unsl.edu.ar\\\/index.php\\\/21972\\\/#article\",\"isPartOf\":{\"@id\":\"https:\\\/\\\/www.fcejs.unsl.edu.ar\\\/index.php\\\/21972\\\/\"},\"author\":{\"name\":\"DATI\",\"@id\":\"https:\\\/\\\/www.fcejs.unsl.edu.ar\\\/#\\\/schema\\\/person\\\/352ee6ed90c3f394c7cb5945f8956d34\"},\"headline\":\"La FCEJS consolida la coordinaci\u00f3n de sus Programas, Centros y Observatorio\",\"datePublished\":\"2025-10-14T13:02:25+00:00\",\"dateModified\":\"2025-10-14T15:59:27+00:00\",\"mainEntityOfPage\":{\"@id\":\"https:\\\/\\\/www.fcejs.unsl.edu.ar\\\/index.php\\\/21972\\\/\"},\"wordCount\":749,\"publisher\":{\"@id\":\"https:\\\/\\\/www.fcejs.unsl.edu.ar\\\/#organization\"},\"image\":{\"@id\":\"https:\\\/\\\/www.fcejs.unsl.edu.ar\\\/index.php\\\/21972\\\/#primaryimage\"},\"thumbnailUrl\":\"https:\\\/\\\/www.fcejs.unsl.edu.ar\\\/wp-content\\\/uploads\\\/2025\\\/10\\\/consejo-directivo-archivo-front.jpg\",\"articleSection\":[\"Noticias\",\"Principal\"],\"inLanguage\":\"es-AR\"},{\"@type\":\"WebPage\",\"@id\":\"https:\\\/\\\/www.fcejs.unsl.edu.ar\\\/index.php\\\/21972\\\/\",\"url\":\"https:\\\/\\\/www.fcejs.unsl.edu.ar\\\/index.php\\\/21972\\\/\",\"name\":\"La FCEJS consolida la coordinaci\u00f3n de sus Programas, Centros y Observatorio - Facultad de Ciencias Econ\u00f3micas, Jur\u00ed\u00addicas y Sociales\",\"isPartOf\":{\"@id\":\"https:\\\/\\\/www.fcejs.unsl.edu.ar\\\/#website\"},\"primaryImageOfPage\":{\"@id\":\"https:\\\/\\\/www.fcejs.unsl.edu.ar\\\/index.php\\\/21972\\\/#primaryimage\"},\"image\":{\"@id\":\"https:\\\/\\\/www.fcejs.unsl.edu.ar\\\/index.php\\\/21972\\\/#primaryimage\"},\"thumbnailUrl\":\"https:\\\/\\\/www.fcejs.unsl.edu.ar\\\/wp-content\\\/uploads\\\/2025\\\/10\\\/consejo-directivo-archivo-front.jpg\",\"datePublished\":\"2025-10-14T13:02:25+00:00\",\"dateModified\":\"2025-10-14T15:59:27+00:00\",\"breadcrumb\":{\"@id\":\"https:\\\/\\\/www.fcejs.unsl.edu.ar\\\/index.php\\\/21972\\\/#breadcrumb\"},\"inLanguage\":\"es-AR\",\"potentialAction\":[{\"@type\":\"ReadAction\",\"target\":[\"https:\\\/\\\/www.fcejs.unsl.edu.ar\\\/index.php\\\/21972\\\/\"]}]},{\"@type\":\"ImageObject\",\"inLanguage\":\"es-AR\",\"@id\":\"https:\\\/\\\/www.fcejs.unsl.edu.ar\\\/index.php\\\/21972\\\/#primaryimage\",\"url\":\"https:\\\/\\\/www.fcejs.unsl.edu.ar\\\/wp-content\\\/uploads\\\/2025\\\/10\\\/consejo-directivo-archivo-front.jpg\",\"contentUrl\":\"https:\\\/\\\/www.fcejs.unsl.edu.ar\\\/wp-content\\\/uploads\\\/2025\\\/10\\\/consejo-directivo-archivo-front.jpg\",\"width\":1152,\"height\":647},{\"@type\":\"BreadcrumbList\",\"@id\":\"https:\\\/\\\/www.fcejs.unsl.edu.ar\\\/index.php\\\/21972\\\/#breadcrumb\",\"itemListElement\":[{\"@type\":\"ListItem\",\"position\":1,\"name\":\"Inicio\",\"item\":\"https:\\\/\\\/www.fcejs.unsl.edu.ar\\\/\"},{\"@type\":\"ListItem\",\"position\":2,\"name\":\"La FCEJS consolida la coordinaci\u00f3n de sus Programas, Centros y Observatorio\"}]},{\"@type\":\"WebSite\",\"@id\":\"https:\\\/\\\/www.fcejs.unsl.edu.ar\\\/#website\",\"url\":\"https:\\\/\\\/www.fcejs.unsl.edu.ar\\\/\",\"name\":\"Facultad de Ciencias Econ\u00f3micas, Jur\u00ed\u00addicas y Sociales\",\"description\":\"\",\"publisher\":{\"@id\":\"https:\\\/\\\/www.fcejs.unsl.edu.ar\\\/#organization\"},\"potentialAction\":[{\"@type\":\"SearchAction\",\"target\":{\"@type\":\"EntryPoint\",\"urlTemplate\":\"https:\\\/\\\/www.fcejs.unsl.edu.ar\\\/?s={search_term_string}\"},\"query-input\":{\"@type\":\"PropertyValueSpecification\",\"valueRequired\":true,\"valueName\":\"search_term_string\"}}],\"inLanguage\":\"es-AR\"},{\"@type\":\"Organization\",\"@id\":\"https:\\\/\\\/www.fcejs.unsl.edu.ar\\\/#organization\",\"name\":\"Facultad de Ciencias Econ\u00f3micas, Jur\u00eddicas y Sociales\",\"url\":\"https:\\\/\\\/www.fcejs.unsl.edu.ar\\\/\",\"logo\":{\"@type\":\"ImageObject\",\"inLanguage\":\"es-AR\",\"@id\":\"https:\\\/\\\/www.fcejs.unsl.edu.ar\\\/#\\\/schema\\\/logo\\\/image\\\/\",\"url\":\"https:\\\/\\\/www.fcejs.unsl.edu.ar\\\/wp-content\\\/uploads\\\/2021\\\/03\\\/logo-1.jpg\",\"contentUrl\":\"https:\\\/\\\/www.fcejs.unsl.edu.ar\\\/wp-content\\\/uploads\\\/2021\\\/03\\\/logo-1.jpg\",\"width\":471,\"height\":146,\"caption\":\"Facultad de Ciencias Econ\u00f3micas, Jur\u00eddicas y Sociales\"},\"image\":{\"@id\":\"https:\\\/\\\/www.fcejs.unsl.edu.ar\\\/#\\\/schema\\\/logo\\\/image\\\/\"},\"sameAs\":[\"https:\\\/\\\/www.facebook.com\\\/FCEJS.UNSL\\\/\",\"https:\\\/\\\/x.com\\\/FCEJSUNSL\",\"https:\\\/\\\/www.instagram.com\\\/fcejs.unsl\\\/\",\"https:\\\/\\\/www.youtube.com\\\/channel\\\/UCH-Ut6EaN_X5ogjIQMPe46g\\\/\"]},{\"@type\":\"Person\",\"@id\":\"https:\\\/\\\/www.fcejs.unsl.edu.ar\\\/#\\\/schema\\\/person\\\/352ee6ed90c3f394c7cb5945f8956d34\",\"name\":\"DATI\"}]}<\/script>\n<!-- \/ Yoast SEO plugin. -->","yoast_head_json":{"title":"La FCEJS consolida la coordinaci\u00f3n de sus Programas, Centros y Observatorio - Facultad de Ciencias Econ\u00f3micas, Jur\u00ed\u00addicas y Sociales","robots":{"index":"index","follow":"follow","max-snippet":"max-snippet:-1","max-image-preview":"max-image-preview:large","max-video-preview":"max-video-preview:-1"},"canonical":"https:\/\/www.fcejs.unsl.edu.ar\/index.php\/21972\/","og_locale":"es_ES","og_type":"article","og_title":"La FCEJS consolida la coordinaci\u00f3n de sus Programas, Centros y Observatorio - Facultad de Ciencias Econ\u00f3micas, Jur\u00ed\u00addicas y Sociales","og_description":"El Consejo Directivo de la Facultad de Ciencias Econ\u00f3micas, Jur\u00eddicas y Sociales de la Universidad Nacional de San Luis aprob\u00f3, en su sesi\u00f3n del 8&hellip;","og_url":"https:\/\/www.fcejs.unsl.edu.ar\/index.php\/21972\/","og_site_name":"Facultad de Ciencias Econ\u00f3micas, Jur\u00ed\u00addicas y Sociales","article_publisher":"https:\/\/www.facebook.com\/FCEJS.UNSL\/","article_published_time":"2025-10-14T13:02:25+00:00","article_modified_time":"2025-10-14T15:59:27+00:00","og_image":[{"width":1152,"height":647,"url":"https:\/\/www.fcejs.unsl.edu.ar\/wp-content\/uploads\/2025\/10\/consejo-directivo-archivo-front.jpg","type":"image\/jpeg"}],"author":"DATI","twitter_card":"summary_large_image","twitter_creator":"@FCEJSUNSL","twitter_site":"@FCEJSUNSL","twitter_misc":{"Escrito por":"DATI","Tiempo de lectura":"3 minutos"},"schema":{"@context":"https:\/\/schema.org","@graph":[{"@type":"Article","@id":"https:\/\/www.fcejs.unsl.edu.ar\/index.php\/21972\/#article","isPartOf":{"@id":"https:\/\/www.fcejs.unsl.edu.ar\/index.php\/21972\/"},"author":{"name":"DATI","@id":"https:\/\/www.fcejs.unsl.edu.ar\/#\/schema\/person\/352ee6ed90c3f394c7cb5945f8956d34"},"headline":"La FCEJS consolida la coordinaci\u00f3n de sus Programas, Centros y Observatorio","datePublished":"2025-10-14T13:02:25+00:00","dateModified":"2025-10-14T15:59:27+00:00","mainEntityOfPage":{"@id":"https:\/\/www.fcejs.unsl.edu.ar\/index.php\/21972\/"},"wordCount":749,"publisher":{"@id":"https:\/\/www.fcejs.unsl.edu.ar\/#organization"},"image":{"@id":"https:\/\/www.fcejs.unsl.edu.ar\/index.php\/21972\/#primaryimage"},"thumbnailUrl":"https:\/\/www.fcejs.unsl.edu.ar\/wp-content\/uploads\/2025\/10\/consejo-directivo-archivo-front.jpg","articleSection":["Noticias","Principal"],"inLanguage":"es-AR"},{"@type":"WebPage","@id":"https:\/\/www.fcejs.unsl.edu.ar\/index.php\/21972\/","url":"https:\/\/www.fcejs.unsl.edu.ar\/index.php\/21972\/","name":"La FCEJS consolida la coordinaci\u00f3n de sus Programas, Centros y Observatorio - Facultad de Ciencias Econ\u00f3micas, Jur\u00ed\u00addicas y Sociales","isPartOf":{"@id":"https:\/\/www.fcejs.unsl.edu.ar\/#website"},"primaryImageOfPage":{"@id":"https:\/\/www.fcejs.unsl.edu.ar\/index.php\/21972\/#primaryimage"},"image":{"@id":"https:\/\/www.fcejs.unsl.edu.ar\/index.php\/21972\/#primaryimage"},"thumbnailUrl":"https:\/\/www.fcejs.unsl.edu.ar\/wp-content\/uploads\/2025\/10\/consejo-directivo-archivo-front.jpg","datePublished":"2025-10-14T13:02:25+00:00","dateModified":"2025-10-14T15:59:27+00:00","breadcrumb":{"@id":"https:\/\/www.fcejs.unsl.edu.ar\/index.php\/21972\/#breadcrumb"},"inLanguage":"es-AR","potentialAction":[{"@type":"ReadAction","target":["https:\/\/www.fcejs.unsl.edu.ar\/index.php\/21972\/"]}]},{"@type":"ImageObject","inLanguage":"es-AR","@id":"https:\/\/www.fcejs.unsl.edu.ar\/index.php\/21972\/#primaryimage","url":"https:\/\/www.fcejs.unsl.edu.ar\/wp-content\/uploads\/2025\/10\/consejo-directivo-archivo-front.jpg","contentUrl":"https:\/\/www.fcejs.unsl.edu.ar\/wp-content\/uploads\/2025\/10\/consejo-directivo-archivo-front.jpg","width":1152,"height":647},{"@type":"BreadcrumbList","@id":"https:\/\/www.fcejs.unsl.edu.ar\/index.php\/21972\/#breadcrumb","itemListElement":[{"@type":"ListItem","position":1,"name":"Inicio","item":"https:\/\/www.fcejs.unsl.edu.ar\/"},{"@type":"ListItem","position":2,"name":"La FCEJS consolida la coordinaci\u00f3n de sus Programas, Centros y Observatorio"}]},{"@type":"WebSite","@id":"https:\/\/www.fcejs.unsl.edu.ar\/#website","url":"https:\/\/www.fcejs.unsl.edu.ar\/","name":"Facultad de Ciencias Econ\u00f3micas, Jur\u00ed\u00addicas y Sociales","description":"","publisher":{"@id":"https:\/\/www.fcejs.unsl.edu.ar\/#organization"},"potentialAction":[{"@type":"SearchAction","target":{"@type":"EntryPoint","urlTemplate":"https:\/\/www.fcejs.unsl.edu.ar\/?s={search_term_string}"},"query-input":{"@type":"PropertyValueSpecification","valueRequired":true,"valueName":"search_term_string"}}],"inLanguage":"es-AR"},{"@type":"Organization","@id":"https:\/\/www.fcejs.unsl.edu.ar\/#organization","name":"Facultad de Ciencias Econ\u00f3micas, Jur\u00eddicas y Sociales","url":"https:\/\/www.fcejs.unsl.edu.ar\/","logo":{"@type":"ImageObject","inLanguage":"es-AR","@id":"https:\/\/www.fcejs.unsl.edu.ar\/#\/schema\/logo\/image\/","url":"https:\/\/www.fcejs.unsl.edu.ar\/wp-content\/uploads\/2021\/03\/logo-1.jpg","contentUrl":"https:\/\/www.fcejs.unsl.edu.ar\/wp-content\/uploads\/2021\/03\/logo-1.jpg","width":471,"height":146,"caption":"Facultad de Ciencias Econ\u00f3micas, Jur\u00eddicas y Sociales"},"image":{"@id":"https:\/\/www.fcejs.unsl.edu.ar\/#\/schema\/logo\/image\/"},"sameAs":["https:\/\/www.facebook.com\/FCEJS.UNSL\/","https:\/\/x.com\/FCEJSUNSL","https:\/\/www.instagram.com\/fcejs.unsl\/","https:\/\/www.youtube.com\/channel\/UCH-Ut6EaN_X5ogjIQMPe46g\/"]},{"@type":"Person","@id":"https:\/\/www.fcejs.unsl.edu.ar\/#\/schema\/person\/352ee6ed90c3f394c7cb5945f8956d34","name":"DATI"}]}},"jetpack_featured_media_url":"https:\/\/www.fcejs.unsl.edu.ar\/wp-content\/uploads\/2025\/10\/consejo-directivo-archivo-front.jpg","_links":{"self":[{"href":"https:\/\/www.fcejs.unsl.edu.ar\/index.php\/wp-json\/wp\/v2\/posts\/21972","targetHints":{"allow":["GET"]}}],"collection":[{"href":"https:\/\/www.fcejs.unsl.edu.ar\/index.php\/wp-json\/wp\/v2\/posts"}],"about":[{"href":"https:\/\/www.fcejs.unsl.edu.ar\/index.php\/wp-json\/wp\/v2\/types\/post"}],"author":[{"embeddable":true,"href":"https:\/\/www.fcejs.unsl.edu.ar\/index.php\/wp-json\/wp\/v2\/users\/9"}],"replies":[{"embeddable":true,"href":"https:\/\/www.fcejs.unsl.edu.ar\/index.php\/wp-json\/wp\/v2\/comments?post=21972"}],"version-history":[{"count":5,"href":"https:\/\/www.fcejs.unsl.edu.ar\/index.php\/wp-json\/wp\/v2\/posts\/21972\/revisions"}],"predecessor-version":[{"id":21984,"href":"https:\/\/www.fcejs.unsl.edu.ar\/index.php\/wp-json\/wp\/v2\/posts\/21972\/revisions\/21984"}],"wp:featuredmedia":[{"embeddable":true,"href":"https:\/\/www.fcejs.unsl.edu.ar\/index.php\/wp-json\/wp\/v2\/media\/21986"}],"wp:attachment":[{"href":"https:\/\/www.fcejs.unsl.edu.ar\/index.php\/wp-json\/wp\/v2\/media?parent=21972"}],"wp:term":[{"taxonomy":"category","embeddable":true,"href":"https:\/\/www.fcejs.unsl.edu.ar\/index.php\/wp-json\/wp\/v2\/categories?post=21972"},{"taxonomy":"post_tag","embeddable":true,"href":"https:\/\/www.fcejs.unsl.edu.ar\/index.php\/wp-json\/wp\/v2\/tags?post=21972"}],"curies":[{"name":"wp","href":"https:\/\/api.w.org\/{rel}","templated":true}]}}