{"id":21957,"date":"2025-10-13T11:20:17","date_gmt":"2025-10-13T14:20:17","guid":{"rendered":"http:\/\/10.101.10.197\/www\/?p=21957"},"modified":"2025-10-13T12:01:13","modified_gmt":"2025-10-13T15:01:13","slug":"revista-visiones-una-nueva-edicion-dedicada-a-la-docencia-investigacion-y-extension-universitaria","status":"publish","type":"post","link":"https:\/\/www.fcejs.unsl.edu.ar\/index.php\/revista-visiones-una-nueva-edicion-dedicada-a-la-docencia-investigacion-y-extension-universitaria\/","title":{"rendered":"Revista Visiones: una edici\u00f3n especial dedicada a la docencia, investigaci\u00f3n y extensi\u00f3n universitaria"},"content":{"rendered":"<p data-start=\"262\" data-end=\"505\">El pasado jueves <strong data-start=\"279\" data-end=\"295\">9 de octubre<\/strong>, se llev\u00f3 a cabo la <strong data-start=\"316\" data-end=\"396\">presentaci\u00f3n de una Edici\u00f3n Especial de la Revista de Divulgaci\u00f3n <em data-start=\"384\" data-end=\"394\">Visiones<\/em><\/strong> en las instalaciones del <strong data-start=\"422\" data-end=\"502\">Instituto Escuela de Econom\u00eda, Negocios y Transferencia Tecnol\u00f3gica (EENyTT)<\/strong>.<\/p>\n<p data-start=\"512\" data-end=\"973\">El encuentro cont\u00f3 con la presencia del <strong data-start=\"552\" data-end=\"906\">Decano, Mgtr. H\u00e9ctor Flores; la Vicedecana, Esp. Patricia Mor\u00e1n; la Secretaria General, Abg. Ail\u00edn Umpierrez; la Secretaria Acad\u00e9mica, Lic. Pamela Bianco; la Secretaria de Investigaci\u00f3n y Posgrado, Mgtr. Ayel\u00e9n Neme; el Subsecretario de Comunicaci\u00f3n, Ceremonial y Protocolo, Lic. Cristian Payero; el Director Ejecutivo de la EENyTT, Mgtr. Jorge Sosa;<\/strong> y docentes que participaron en el n\u00famero especial de la revista.<\/p>\n<p data-start=\"980\" data-end=\"1224\">La presentaci\u00f3n de esta <strong data-start=\"1004\" data-end=\"1049\">Edici\u00f3n Especial de la Revista <em data-start=\"1037\" data-end=\"1047\">Visiones<\/em><\/strong> tuvo como objetivo principal <strong data-start=\"1079\" data-end=\"1184\">brindar un cierre a las Jornadas de Divulgaci\u00f3n sobre Docencia, Investigaci\u00f3n y Extensi\u00f3n de la FCEJS<\/strong>, realizadas durante el mes de agosto.<\/p>\n<p data-start=\"1231\" data-end=\"1415\">En esta edici\u00f3n se concret\u00f3 la <strong data-start=\"1262\" data-end=\"1308\">publicaci\u00f3n de los 23 trabajos presentados<\/strong> por docentes e integrantes de la FCEJS durante las jornadas, tal como se hab\u00eda previsto en la actividad.<\/p>\n<p data-start=\"1422\" data-end=\"1899\">El <strong data-start=\"1425\" data-end=\"1468\">Decano de la FCEJS, Mgtr. H\u00e9ctor Flores<\/strong>, destac\u00f3 la relevancia y la riqueza de este tipo de iniciativas, se\u00f1alando que <strong data-start=\"1535\" data-end=\"1602\">marcan un camino in\u00e9dito e innovador en el \u00e1mbito universitario<\/strong>, conformando un objetivo primordial para la <strong data-start=\"1647\" data-end=\"1705\">articulaci\u00f3n entre docencia, investigaci\u00f3n y extensi\u00f3n<\/strong>. Subray\u00f3 adem\u00e1s el <strong data-start=\"1725\" data-end=\"1748\">apoyo institucional<\/strong> a todas las actividades de esta naturaleza, defini\u00e9ndolas como un <strong data-start=\"1815\" data-end=\"1881\">lineamiento esencial y necesario para la interrelaci\u00f3n de la actividad docente, la extensi\u00f3n e investigaci\u00f3n, <\/strong>contribuyendo al fortalecimiento y la mejora continua de la calidad institucional.<\/p>\n<p data-start=\"1422\" data-end=\"1899\"><img fetchpriority=\"high\" decoding=\"async\" class=\"aligncenter wp-image-21960 size-full\" src=\"https:\/\/www.fcejs.unsl.edu.ar\/wp-content\/uploads\/2025\/10\/presentacion-edicion-especial-visiones-10.jpg\" alt=\"\" width=\"1100\" height=\"733\" srcset=\"https:\/\/www.fcejs.unsl.edu.ar\/wp-content\/uploads\/2025\/10\/presentacion-edicion-especial-visiones-10.jpg 1100w, https:\/\/www.fcejs.unsl.edu.ar\/wp-content\/uploads\/2025\/10\/presentacion-edicion-especial-visiones-10-300x200.jpg 300w, https:\/\/www.fcejs.unsl.edu.ar\/wp-content\/uploads\/2025\/10\/presentacion-edicion-especial-visiones-10-1024x682.jpg 1024w, https:\/\/www.fcejs.unsl.edu.ar\/wp-content\/uploads\/2025\/10\/presentacion-edicion-especial-visiones-10-768x512.jpg 768w\" sizes=\"(max-width: 1100px) 100vw, 1100px\" \/><\/p>\n<p data-start=\"1906\" data-end=\"2156\">Las <strong data-start=\"1910\" data-end=\"1979\">Jornadas de Divulgaci\u00f3n sobre Docencia, Investigaci\u00f3n y Extensi\u00f3n<\/strong> fueron organizadas conjuntamente por la <strong data-start=\"2020\" data-end=\"2061\">Secretar\u00eda de Extensi\u00f3n Universitaria<\/strong>, la <strong data-start=\"2066\" data-end=\"2108\">Secretar\u00eda de Investigaci\u00f3n y Posgrado<\/strong>, la <strong data-start=\"2113\" data-end=\"2137\">Secretar\u00eda Acad\u00e9mica<\/strong> y la <strong data-start=\"2143\" data-end=\"2153\">EENyTT<\/strong>.<\/p>\n<p data-start=\"2163\" data-end=\"2540\">Esta actividad tuvo el prop\u00f3sito de ser <strong data-start=\"2203\" data-end=\"2237\">la primera de varias ediciones<\/strong> que contribuyan a la <strong data-start=\"2259\" data-end=\"2369\">construcci\u00f3n de una universidad comprometida con el conocimiento y su impacto transformador en la sociedad<\/strong>, promoviendo el <strong data-start=\"2386\" data-end=\"2438\">intercambio dentro de la comunidad universitaria<\/strong> y generando un <strong data-start=\"2454\" data-end=\"2537\">espacio de reflexi\u00f3n sobre las pr\u00e1cticas de docencia, investigaci\u00f3n y extensi\u00f3n<\/strong>.<\/p>\n<p data-start=\"2547\" data-end=\"2800\">Se busca consolidar un <strong data-start=\"2570\" data-end=\"2645\">\u00e1mbito para visibilizar, compartir y potenciar las pr\u00e1cticas acad\u00e9micas<\/strong> de los y las docentes, al tiempo que se fomenta la <strong data-start=\"2697\" data-end=\"2723\">construcci\u00f3n colectiva<\/strong> y el <strong data-start=\"2729\" data-end=\"2797\">fortalecimiento de v\u00ednculos dentro de la comunidad universitaria<\/strong>.<\/p>\n<p data-start=\"2807\" data-end=\"3258\">Finalmente, la <strong data-start=\"2822\" data-end=\"2859\">Revista de Divulgaci\u00f3n <em data-start=\"2847\" data-end=\"2857\">Visiones<\/em><\/strong> se prepara para <strong data-start=\"2876\" data-end=\"2927\">abrir su pr\u00f3xima convocatoria el 1 de noviembre<\/strong>, con miras a la publicaci\u00f3n de una <strong data-start=\"2963\" data-end=\"3001\">nueva edici\u00f3n a fines de diciembre<\/strong>. Las autoridades destacaron la importancia de haber alcanzado <strong data-start=\"3064\" data-end=\"3105\">cuatro ediciones en menos de dos a\u00f1os<\/strong>, lo que ha permitido <strong data-start=\"3127\" data-end=\"3182\">consolidar y afianzar la impronta de la publicaci\u00f3n<\/strong> como una <strong data-start=\"3192\" data-end=\"3238\">herramienta clave de divulgaci\u00f3n acad\u00e9mica<\/strong> para la Facultad.<\/p>\n<p data-start=\"2807\" data-end=\"3258\"><img decoding=\"async\" class=\"aligncenter wp-image-21961 size-full\" src=\"https:\/\/www.fcejs.unsl.edu.ar\/wp-content\/uploads\/2025\/10\/presentacion-edicion-especial-visiones-7.jpg\" alt=\"\" width=\"1100\" height=\"733\" srcset=\"https:\/\/www.fcejs.unsl.edu.ar\/wp-content\/uploads\/2025\/10\/presentacion-edicion-especial-visiones-7.jpg 1100w, https:\/\/www.fcejs.unsl.edu.ar\/wp-content\/uploads\/2025\/10\/presentacion-edicion-especial-visiones-7-300x200.jpg 300w, https:\/\/www.fcejs.unsl.edu.ar\/wp-content\/uploads\/2025\/10\/presentacion-edicion-especial-visiones-7-1024x682.jpg 1024w, https:\/\/www.fcejs.unsl.edu.ar\/wp-content\/uploads\/2025\/10\/presentacion-edicion-especial-visiones-7-768x512.jpg 768w\" sizes=\"(max-width: 1100px) 100vw, 1100px\" \/><\/p>\n","protected":false},"excerpt":{"rendered":"<p>El pasado jueves 9 de octubre, se llev\u00f3 a cabo la presentaci\u00f3n de una Edici\u00f3n Especial de la Revista de Divulgaci\u00f3n Visiones en las instalaciones&hellip;<\/p>\n","protected":false},"author":9,"featured_media":21959,"comment_status":"closed","ping_status":"closed","sticky":false,"template":"","format":"standard","meta":{"om_disable_all_campaigns":false,"_monsterinsights_skip_tracking":false,"_monsterinsights_sitenote_active":false,"_monsterinsights_sitenote_note":"","_monsterinsights_sitenote_category":0,"footnotes":""},"categories":[1,19],"tags":[],"class_list":["post-21957","post","type-post","status-publish","format-standard","has-post-thumbnail","hentry","category-noticias","category-principal"],"yoast_head":"<!-- This site is optimized with the Yoast SEO plugin v27.4 - https:\/\/yoast.com\/product\/yoast-seo-wordpress\/ -->\n<title>Revista Visiones: una edici\u00f3n especial dedicada a la docencia, investigaci\u00f3n y extensi\u00f3n universitaria - Facultad de Ciencias Econ\u00f3micas, Jur\u00ed\u00addicas y Sociales<\/title>\n<meta name=\"robots\" content=\"index, follow, max-snippet:-1, max-image-preview:large, max-video-preview:-1\" \/>\n<link rel=\"canonical\" href=\"https:\/\/www.fcejs.unsl.edu.ar\/index.php\/revista-visiones-una-nueva-edicion-dedicada-a-la-docencia-investigacion-y-extension-universitaria\/\" \/>\n<meta property=\"og:locale\" content=\"es_ES\" \/>\n<meta property=\"og:type\" content=\"article\" \/>\n<meta property=\"og:title\" content=\"Revista Visiones: una edici\u00f3n especial dedicada a la docencia, investigaci\u00f3n y extensi\u00f3n universitaria - Facultad de Ciencias Econ\u00f3micas, Jur\u00ed\u00addicas y Sociales\" \/>\n<meta property=\"og:description\" content=\"El pasado jueves 9 de octubre, se llev\u00f3 a cabo la presentaci\u00f3n de una Edici\u00f3n Especial de la Revista de Divulgaci\u00f3n Visiones en las instalaciones&hellip;\" \/>\n<meta property=\"og:url\" content=\"https:\/\/www.fcejs.unsl.edu.ar\/index.php\/revista-visiones-una-nueva-edicion-dedicada-a-la-docencia-investigacion-y-extension-universitaria\/\" \/>\n<meta property=\"og:site_name\" content=\"Facultad de Ciencias Econ\u00f3micas, Jur\u00ed\u00addicas y Sociales\" \/>\n<meta property=\"article:publisher\" content=\"https:\/\/www.facebook.com\/FCEJS.UNSL\/\" \/>\n<meta property=\"article:published_time\" content=\"2025-10-13T14:20:17+00:00\" \/>\n<meta property=\"article:modified_time\" content=\"2025-10-13T15:01:13+00:00\" \/>\n<meta property=\"og:image\" content=\"https:\/\/www.fcejs.unsl.edu.ar\/wp-content\/uploads\/2025\/10\/presentacion-edicion-especial-visiones-front.jpg\" \/>\n\t<meta property=\"og:image:width\" content=\"1152\" \/>\n\t<meta property=\"og:image:height\" content=\"647\" \/>\n\t<meta property=\"og:image:type\" content=\"image\/jpeg\" \/>\n<meta name=\"author\" content=\"DATI\" \/>\n<meta name=\"twitter:card\" content=\"summary_large_image\" \/>\n<meta name=\"twitter:creator\" content=\"@FCEJSUNSL\" \/>\n<meta name=\"twitter:site\" content=\"@FCEJSUNSL\" \/>\n<meta name=\"twitter:label1\" content=\"Escrito por\" \/>\n\t<meta name=\"twitter:data1\" content=\"DATI\" \/>\n\t<meta name=\"twitter:label2\" content=\"Tiempo de lectura\" \/>\n\t<meta name=\"twitter:data2\" content=\"3 minutos\" \/>\n<script type=\"application\/ld+json\" class=\"yoast-schema-graph\">{\"@context\":\"https:\\\/\\\/schema.org\",\"@graph\":[{\"@type\":\"Article\",\"@id\":\"https:\\\/\\\/www.fcejs.unsl.edu.ar\\\/index.php\\\/revista-visiones-una-nueva-edicion-dedicada-a-la-docencia-investigacion-y-extension-universitaria\\\/#article\",\"isPartOf\":{\"@id\":\"https:\\\/\\\/www.fcejs.unsl.edu.ar\\\/index.php\\\/revista-visiones-una-nueva-edicion-dedicada-a-la-docencia-investigacion-y-extension-universitaria\\\/\"},\"author\":{\"name\":\"DATI\",\"@id\":\"https:\\\/\\\/www.fcejs.unsl.edu.ar\\\/#\\\/schema\\\/person\\\/352ee6ed90c3f394c7cb5945f8956d34\"},\"headline\":\"Revista Visiones: una edici\u00f3n especial dedicada a la docencia, investigaci\u00f3n y extensi\u00f3n universitaria\",\"datePublished\":\"2025-10-13T14:20:17+00:00\",\"dateModified\":\"2025-10-13T15:01:13+00:00\",\"mainEntityOfPage\":{\"@id\":\"https:\\\/\\\/www.fcejs.unsl.edu.ar\\\/index.php\\\/revista-visiones-una-nueva-edicion-dedicada-a-la-docencia-investigacion-y-extension-universitaria\\\/\"},\"wordCount\":510,\"publisher\":{\"@id\":\"https:\\\/\\\/www.fcejs.unsl.edu.ar\\\/#organization\"},\"image\":{\"@id\":\"https:\\\/\\\/www.fcejs.unsl.edu.ar\\\/index.php\\\/revista-visiones-una-nueva-edicion-dedicada-a-la-docencia-investigacion-y-extension-universitaria\\\/#primaryimage\"},\"thumbnailUrl\":\"https:\\\/\\\/www.fcejs.unsl.edu.ar\\\/wp-content\\\/uploads\\\/2025\\\/10\\\/presentacion-edicion-especial-visiones-front.jpg\",\"articleSection\":[\"Noticias\",\"Principal\"],\"inLanguage\":\"es-AR\"},{\"@type\":\"WebPage\",\"@id\":\"https:\\\/\\\/www.fcejs.unsl.edu.ar\\\/index.php\\\/revista-visiones-una-nueva-edicion-dedicada-a-la-docencia-investigacion-y-extension-universitaria\\\/\",\"url\":\"https:\\\/\\\/www.fcejs.unsl.edu.ar\\\/index.php\\\/revista-visiones-una-nueva-edicion-dedicada-a-la-docencia-investigacion-y-extension-universitaria\\\/\",\"name\":\"Revista Visiones: una edici\u00f3n especial dedicada a la docencia, investigaci\u00f3n y extensi\u00f3n universitaria - Facultad de Ciencias Econ\u00f3micas, Jur\u00ed\u00addicas y Sociales\",\"isPartOf\":{\"@id\":\"https:\\\/\\\/www.fcejs.unsl.edu.ar\\\/#website\"},\"primaryImageOfPage\":{\"@id\":\"https:\\\/\\\/www.fcejs.unsl.edu.ar\\\/index.php\\\/revista-visiones-una-nueva-edicion-dedicada-a-la-docencia-investigacion-y-extension-universitaria\\\/#primaryimage\"},\"image\":{\"@id\":\"https:\\\/\\\/www.fcejs.unsl.edu.ar\\\/index.php\\\/revista-visiones-una-nueva-edicion-dedicada-a-la-docencia-investigacion-y-extension-universitaria\\\/#primaryimage\"},\"thumbnailUrl\":\"https:\\\/\\\/www.fcejs.unsl.edu.ar\\\/wp-content\\\/uploads\\\/2025\\\/10\\\/presentacion-edicion-especial-visiones-front.jpg\",\"datePublished\":\"2025-10-13T14:20:17+00:00\",\"dateModified\":\"2025-10-13T15:01:13+00:00\",\"breadcrumb\":{\"@id\":\"https:\\\/\\\/www.fcejs.unsl.edu.ar\\\/index.php\\\/revista-visiones-una-nueva-edicion-dedicada-a-la-docencia-investigacion-y-extension-universitaria\\\/#breadcrumb\"},\"inLanguage\":\"es-AR\",\"potentialAction\":[{\"@type\":\"ReadAction\",\"target\":[\"https:\\\/\\\/www.fcejs.unsl.edu.ar\\\/index.php\\\/revista-visiones-una-nueva-edicion-dedicada-a-la-docencia-investigacion-y-extension-universitaria\\\/\"]}]},{\"@type\":\"ImageObject\",\"inLanguage\":\"es-AR\",\"@id\":\"https:\\\/\\\/www.fcejs.unsl.edu.ar\\\/index.php\\\/revista-visiones-una-nueva-edicion-dedicada-a-la-docencia-investigacion-y-extension-universitaria\\\/#primaryimage\",\"url\":\"https:\\\/\\\/www.fcejs.unsl.edu.ar\\\/wp-content\\\/uploads\\\/2025\\\/10\\\/presentacion-edicion-especial-visiones-front.jpg\",\"contentUrl\":\"https:\\\/\\\/www.fcejs.unsl.edu.ar\\\/wp-content\\\/uploads\\\/2025\\\/10\\\/presentacion-edicion-especial-visiones-front.jpg\",\"width\":1152,\"height\":647},{\"@type\":\"BreadcrumbList\",\"@id\":\"https:\\\/\\\/www.fcejs.unsl.edu.ar\\\/index.php\\\/revista-visiones-una-nueva-edicion-dedicada-a-la-docencia-investigacion-y-extension-universitaria\\\/#breadcrumb\",\"itemListElement\":[{\"@type\":\"ListItem\",\"position\":1,\"name\":\"Inicio\",\"item\":\"https:\\\/\\\/www.fcejs.unsl.edu.ar\\\/\"},{\"@type\":\"ListItem\",\"position\":2,\"name\":\"Revista Visiones: una edici\u00f3n especial dedicada a la docencia, investigaci\u00f3n y extensi\u00f3n universitaria\"}]},{\"@type\":\"WebSite\",\"@id\":\"https:\\\/\\\/www.fcejs.unsl.edu.ar\\\/#website\",\"url\":\"https:\\\/\\\/www.fcejs.unsl.edu.ar\\\/\",\"name\":\"Facultad de Ciencias Econ\u00f3micas, Jur\u00ed\u00addicas y Sociales\",\"description\":\"\",\"publisher\":{\"@id\":\"https:\\\/\\\/www.fcejs.unsl.edu.ar\\\/#organization\"},\"potentialAction\":[{\"@type\":\"SearchAction\",\"target\":{\"@type\":\"EntryPoint\",\"urlTemplate\":\"https:\\\/\\\/www.fcejs.unsl.edu.ar\\\/?s={search_term_string}\"},\"query-input\":{\"@type\":\"PropertyValueSpecification\",\"valueRequired\":true,\"valueName\":\"search_term_string\"}}],\"inLanguage\":\"es-AR\"},{\"@type\":\"Organization\",\"@id\":\"https:\\\/\\\/www.fcejs.unsl.edu.ar\\\/#organization\",\"name\":\"Facultad de Ciencias Econ\u00f3micas, Jur\u00eddicas y Sociales\",\"url\":\"https:\\\/\\\/www.fcejs.unsl.edu.ar\\\/\",\"logo\":{\"@type\":\"ImageObject\",\"inLanguage\":\"es-AR\",\"@id\":\"https:\\\/\\\/www.fcejs.unsl.edu.ar\\\/#\\\/schema\\\/logo\\\/image\\\/\",\"url\":\"https:\\\/\\\/www.fcejs.unsl.edu.ar\\\/wp-content\\\/uploads\\\/2021\\\/03\\\/logo-1.jpg\",\"contentUrl\":\"https:\\\/\\\/www.fcejs.unsl.edu.ar\\\/wp-content\\\/uploads\\\/2021\\\/03\\\/logo-1.jpg\",\"width\":471,\"height\":146,\"caption\":\"Facultad de Ciencias Econ\u00f3micas, Jur\u00eddicas y Sociales\"},\"image\":{\"@id\":\"https:\\\/\\\/www.fcejs.unsl.edu.ar\\\/#\\\/schema\\\/logo\\\/image\\\/\"},\"sameAs\":[\"https:\\\/\\\/www.facebook.com\\\/FCEJS.UNSL\\\/\",\"https:\\\/\\\/x.com\\\/FCEJSUNSL\",\"https:\\\/\\\/www.instagram.com\\\/fcejs.unsl\\\/\",\"https:\\\/\\\/www.youtube.com\\\/channel\\\/UCH-Ut6EaN_X5ogjIQMPe46g\\\/\"]},{\"@type\":\"Person\",\"@id\":\"https:\\\/\\\/www.fcejs.unsl.edu.ar\\\/#\\\/schema\\\/person\\\/352ee6ed90c3f394c7cb5945f8956d34\",\"name\":\"DATI\"}]}<\/script>\n<!-- \/ Yoast SEO plugin. -->","yoast_head_json":{"title":"Revista Visiones: una edici\u00f3n especial dedicada a la docencia, investigaci\u00f3n y extensi\u00f3n universitaria - Facultad de Ciencias Econ\u00f3micas, Jur\u00ed\u00addicas y Sociales","robots":{"index":"index","follow":"follow","max-snippet":"max-snippet:-1","max-image-preview":"max-image-preview:large","max-video-preview":"max-video-preview:-1"},"canonical":"https:\/\/www.fcejs.unsl.edu.ar\/index.php\/revista-visiones-una-nueva-edicion-dedicada-a-la-docencia-investigacion-y-extension-universitaria\/","og_locale":"es_ES","og_type":"article","og_title":"Revista Visiones: una edici\u00f3n especial dedicada a la docencia, investigaci\u00f3n y extensi\u00f3n universitaria - Facultad de Ciencias Econ\u00f3micas, Jur\u00ed\u00addicas y Sociales","og_description":"El pasado jueves 9 de octubre, se llev\u00f3 a cabo la presentaci\u00f3n de una Edici\u00f3n Especial de la Revista de Divulgaci\u00f3n Visiones en las instalaciones&hellip;","og_url":"https:\/\/www.fcejs.unsl.edu.ar\/index.php\/revista-visiones-una-nueva-edicion-dedicada-a-la-docencia-investigacion-y-extension-universitaria\/","og_site_name":"Facultad de Ciencias Econ\u00f3micas, Jur\u00ed\u00addicas y Sociales","article_publisher":"https:\/\/www.facebook.com\/FCEJS.UNSL\/","article_published_time":"2025-10-13T14:20:17+00:00","article_modified_time":"2025-10-13T15:01:13+00:00","og_image":[{"width":1152,"height":647,"url":"https:\/\/www.fcejs.unsl.edu.ar\/wp-content\/uploads\/2025\/10\/presentacion-edicion-especial-visiones-front.jpg","type":"image\/jpeg"}],"author":"DATI","twitter_card":"summary_large_image","twitter_creator":"@FCEJSUNSL","twitter_site":"@FCEJSUNSL","twitter_misc":{"Escrito por":"DATI","Tiempo de lectura":"3 minutos"},"schema":{"@context":"https:\/\/schema.org","@graph":[{"@type":"Article","@id":"https:\/\/www.fcejs.unsl.edu.ar\/index.php\/revista-visiones-una-nueva-edicion-dedicada-a-la-docencia-investigacion-y-extension-universitaria\/#article","isPartOf":{"@id":"https:\/\/www.fcejs.unsl.edu.ar\/index.php\/revista-visiones-una-nueva-edicion-dedicada-a-la-docencia-investigacion-y-extension-universitaria\/"},"author":{"name":"DATI","@id":"https:\/\/www.fcejs.unsl.edu.ar\/#\/schema\/person\/352ee6ed90c3f394c7cb5945f8956d34"},"headline":"Revista Visiones: una edici\u00f3n especial dedicada a la docencia, investigaci\u00f3n y extensi\u00f3n universitaria","datePublished":"2025-10-13T14:20:17+00:00","dateModified":"2025-10-13T15:01:13+00:00","mainEntityOfPage":{"@id":"https:\/\/www.fcejs.unsl.edu.ar\/index.php\/revista-visiones-una-nueva-edicion-dedicada-a-la-docencia-investigacion-y-extension-universitaria\/"},"wordCount":510,"publisher":{"@id":"https:\/\/www.fcejs.unsl.edu.ar\/#organization"},"image":{"@id":"https:\/\/www.fcejs.unsl.edu.ar\/index.php\/revista-visiones-una-nueva-edicion-dedicada-a-la-docencia-investigacion-y-extension-universitaria\/#primaryimage"},"thumbnailUrl":"https:\/\/www.fcejs.unsl.edu.ar\/wp-content\/uploads\/2025\/10\/presentacion-edicion-especial-visiones-front.jpg","articleSection":["Noticias","Principal"],"inLanguage":"es-AR"},{"@type":"WebPage","@id":"https:\/\/www.fcejs.unsl.edu.ar\/index.php\/revista-visiones-una-nueva-edicion-dedicada-a-la-docencia-investigacion-y-extension-universitaria\/","url":"https:\/\/www.fcejs.unsl.edu.ar\/index.php\/revista-visiones-una-nueva-edicion-dedicada-a-la-docencia-investigacion-y-extension-universitaria\/","name":"Revista Visiones: una edici\u00f3n especial dedicada a la docencia, investigaci\u00f3n y extensi\u00f3n universitaria - Facultad de Ciencias Econ\u00f3micas, Jur\u00ed\u00addicas y Sociales","isPartOf":{"@id":"https:\/\/www.fcejs.unsl.edu.ar\/#website"},"primaryImageOfPage":{"@id":"https:\/\/www.fcejs.unsl.edu.ar\/index.php\/revista-visiones-una-nueva-edicion-dedicada-a-la-docencia-investigacion-y-extension-universitaria\/#primaryimage"},"image":{"@id":"https:\/\/www.fcejs.unsl.edu.ar\/index.php\/revista-visiones-una-nueva-edicion-dedicada-a-la-docencia-investigacion-y-extension-universitaria\/#primaryimage"},"thumbnailUrl":"https:\/\/www.fcejs.unsl.edu.ar\/wp-content\/uploads\/2025\/10\/presentacion-edicion-especial-visiones-front.jpg","datePublished":"2025-10-13T14:20:17+00:00","dateModified":"2025-10-13T15:01:13+00:00","breadcrumb":{"@id":"https:\/\/www.fcejs.unsl.edu.ar\/index.php\/revista-visiones-una-nueva-edicion-dedicada-a-la-docencia-investigacion-y-extension-universitaria\/#breadcrumb"},"inLanguage":"es-AR","potentialAction":[{"@type":"ReadAction","target":["https:\/\/www.fcejs.unsl.edu.ar\/index.php\/revista-visiones-una-nueva-edicion-dedicada-a-la-docencia-investigacion-y-extension-universitaria\/"]}]},{"@type":"ImageObject","inLanguage":"es-AR","@id":"https:\/\/www.fcejs.unsl.edu.ar\/index.php\/revista-visiones-una-nueva-edicion-dedicada-a-la-docencia-investigacion-y-extension-universitaria\/#primaryimage","url":"https:\/\/www.fcejs.unsl.edu.ar\/wp-content\/uploads\/2025\/10\/presentacion-edicion-especial-visiones-front.jpg","contentUrl":"https:\/\/www.fcejs.unsl.edu.ar\/wp-content\/uploads\/2025\/10\/presentacion-edicion-especial-visiones-front.jpg","width":1152,"height":647},{"@type":"BreadcrumbList","@id":"https:\/\/www.fcejs.unsl.edu.ar\/index.php\/revista-visiones-una-nueva-edicion-dedicada-a-la-docencia-investigacion-y-extension-universitaria\/#breadcrumb","itemListElement":[{"@type":"ListItem","position":1,"name":"Inicio","item":"https:\/\/www.fcejs.unsl.edu.ar\/"},{"@type":"ListItem","position":2,"name":"Revista Visiones: una edici\u00f3n especial dedicada a la docencia, investigaci\u00f3n y extensi\u00f3n universitaria"}]},{"@type":"WebSite","@id":"https:\/\/www.fcejs.unsl.edu.ar\/#website","url":"https:\/\/www.fcejs.unsl.edu.ar\/","name":"Facultad de Ciencias Econ\u00f3micas, Jur\u00ed\u00addicas y Sociales","description":"","publisher":{"@id":"https:\/\/www.fcejs.unsl.edu.ar\/#organization"},"potentialAction":[{"@type":"SearchAction","target":{"@type":"EntryPoint","urlTemplate":"https:\/\/www.fcejs.unsl.edu.ar\/?s={search_term_string}"},"query-input":{"@type":"PropertyValueSpecification","valueRequired":true,"valueName":"search_term_string"}}],"inLanguage":"es-AR"},{"@type":"Organization","@id":"https:\/\/www.fcejs.unsl.edu.ar\/#organization","name":"Facultad de Ciencias Econ\u00f3micas, Jur\u00eddicas y Sociales","url":"https:\/\/www.fcejs.unsl.edu.ar\/","logo":{"@type":"ImageObject","inLanguage":"es-AR","@id":"https:\/\/www.fcejs.unsl.edu.ar\/#\/schema\/logo\/image\/","url":"https:\/\/www.fcejs.unsl.edu.ar\/wp-content\/uploads\/2021\/03\/logo-1.jpg","contentUrl":"https:\/\/www.fcejs.unsl.edu.ar\/wp-content\/uploads\/2021\/03\/logo-1.jpg","width":471,"height":146,"caption":"Facultad de Ciencias Econ\u00f3micas, Jur\u00eddicas y Sociales"},"image":{"@id":"https:\/\/www.fcejs.unsl.edu.ar\/#\/schema\/logo\/image\/"},"sameAs":["https:\/\/www.facebook.com\/FCEJS.UNSL\/","https:\/\/x.com\/FCEJSUNSL","https:\/\/www.instagram.com\/fcejs.unsl\/","https:\/\/www.youtube.com\/channel\/UCH-Ut6EaN_X5ogjIQMPe46g\/"]},{"@type":"Person","@id":"https:\/\/www.fcejs.unsl.edu.ar\/#\/schema\/person\/352ee6ed90c3f394c7cb5945f8956d34","name":"DATI"}]}},"jetpack_featured_media_url":"https:\/\/www.fcejs.unsl.edu.ar\/wp-content\/uploads\/2025\/10\/presentacion-edicion-especial-visiones-front.jpg","_links":{"self":[{"href":"https:\/\/www.fcejs.unsl.edu.ar\/index.php\/wp-json\/wp\/v2\/posts\/21957","targetHints":{"allow":["GET"]}}],"collection":[{"href":"https:\/\/www.fcejs.unsl.edu.ar\/index.php\/wp-json\/wp\/v2\/posts"}],"about":[{"href":"https:\/\/www.fcejs.unsl.edu.ar\/index.php\/wp-json\/wp\/v2\/types\/post"}],"author":[{"embeddable":true,"href":"https:\/\/www.fcejs.unsl.edu.ar\/index.php\/wp-json\/wp\/v2\/users\/9"}],"replies":[{"embeddable":true,"href":"https:\/\/www.fcejs.unsl.edu.ar\/index.php\/wp-json\/wp\/v2\/comments?post=21957"}],"version-history":[{"count":5,"href":"https:\/\/www.fcejs.unsl.edu.ar\/index.php\/wp-json\/wp\/v2\/posts\/21957\/revisions"}],"predecessor-version":[{"id":21966,"href":"https:\/\/www.fcejs.unsl.edu.ar\/index.php\/wp-json\/wp\/v2\/posts\/21957\/revisions\/21966"}],"wp:featuredmedia":[{"embeddable":true,"href":"https:\/\/www.fcejs.unsl.edu.ar\/index.php\/wp-json\/wp\/v2\/media\/21959"}],"wp:attachment":[{"href":"https:\/\/www.fcejs.unsl.edu.ar\/index.php\/wp-json\/wp\/v2\/media?parent=21957"}],"wp:term":[{"taxonomy":"category","embeddable":true,"href":"https:\/\/www.fcejs.unsl.edu.ar\/index.php\/wp-json\/wp\/v2\/categories?post=21957"},{"taxonomy":"post_tag","embeddable":true,"href":"https:\/\/www.fcejs.unsl.edu.ar\/index.php\/wp-json\/wp\/v2\/tags?post=21957"}],"curies":[{"name":"wp","href":"https:\/\/api.w.org\/{rel}","templated":true}]}}