{"id":21891,"date":"2025-10-03T13:40:14","date_gmt":"2025-10-03T16:40:14","guid":{"rendered":"http:\/\/10.101.10.197\/www\/?p=21891"},"modified":"2025-10-03T16:58:16","modified_gmt":"2025-10-03T19:58:16","slug":"charla-debate-en-la-fcejs-sobre-prevencion-del-suicidio-y-salud-mental","status":"publish","type":"post","link":"https:\/\/www.fcejs.unsl.edu.ar\/index.php\/charla-debate-en-la-fcejs-sobre-prevencion-del-suicidio-y-salud-mental\/","title":{"rendered":"Charla-debate en la FCEJS sobre prevenci\u00f3n del suicidio y salud mental"},"content":{"rendered":"<p data-start=\"124\" data-end=\"394\">Con disertaciones de la <strong data-start=\"148\" data-end=\"174\">Mgtr. Mirta G. Pereira<\/strong>, la <strong data-start=\"179\" data-end=\"202\">Lic. Liliana Soquet<\/strong> y el <strong data-start=\"208\" data-end=\"238\">Abg. Nahuel \u00c1lvarez Toledo<\/strong>, el pasado <strong data-start=\"250\" data-end=\"277\">martes 30 de septiembre<\/strong> la <strong data-start=\"281\" data-end=\"290\">FCEJS<\/strong> llev\u00f3 a cabo la charla-debate <em data-start=\"321\" data-end=\"391\">\u201cHablemos de Suicidio, una problem\u00e1tica social, psicol\u00f3gica y legal\u201d<\/em>.<\/p>\n<p data-start=\"396\" data-end=\"1097\">El encuentro, realizado en el <strong data-start=\"426\" data-end=\"497\">Instituto Escuela de Econom\u00eda, Negocios y Transferencia Tecnol\u00f3gica<\/strong>, abord\u00f3 la problem\u00e1tica del suicidio desde una perspectiva social, psicol\u00f3gica y legal, aportando una mirada integral para el cuidado de la salud mental en las comunidades. Con la disertaci\u00f3n de profesionales de distintas disciplinas, se brindaron herramientas para identificar se\u00f1ales de comportamientos con tendencia suicida, as\u00ed como estrategias que permitan generar instancias de di\u00e1logo y construir redes comunitarias de prevenci\u00f3n. Tambi\u00e9n se reflexion\u00f3 sobre el acceso a la salud a partir de la exigibilidad del cumplimiento de normativas vigentes y la implementaci\u00f3n de pol\u00edticas p\u00fablicas.<\/p>\n<p data-start=\"396\" data-end=\"1097\"><img fetchpriority=\"high\" decoding=\"async\" class=\"aligncenter wp-image-21896 size-full\" src=\"https:\/\/www.fcejs.unsl.edu.ar\/wp-content\/uploads\/2025\/10\/charla-fcejs02t.jpg\" alt=\"\" width=\"1152\" height=\"647\" srcset=\"https:\/\/www.fcejs.unsl.edu.ar\/wp-content\/uploads\/2025\/10\/charla-fcejs02t.jpg 1152w, https:\/\/www.fcejs.unsl.edu.ar\/wp-content\/uploads\/2025\/10\/charla-fcejs02t-300x168.jpg 300w, https:\/\/www.fcejs.unsl.edu.ar\/wp-content\/uploads\/2025\/10\/charla-fcejs02t-1024x575.jpg 1024w, https:\/\/www.fcejs.unsl.edu.ar\/wp-content\/uploads\/2025\/10\/charla-fcejs02t-768x431.jpg 768w\" sizes=\"(max-width: 1152px) 100vw, 1152px\" \/><\/p>\n<p data-start=\"1099\" data-end=\"1388\">La charla-debate cont\u00f3 con la presencia del <strong data-start=\"1143\" data-end=\"1213\">director del Departamento de Ciencias Sociales, Esp. Esteban Arias<\/strong>, la <strong data-start=\"1218\" data-end=\"1319\">secretaria de Extensi\u00f3n Universitaria con funciones de Vinculaci\u00f3n Social, Lic. Nazarena Echand\u00eda<\/strong>, adem\u00e1s de estudiantes, docentes, nodocentes y p\u00fablico en general.<\/p>\n<p data-start=\"1390\" data-end=\"1861\">La actividad fue organizada de manera conjunta por los proyectos <strong data-start=\"1455\" data-end=\"1656\">PROICO 15-1023: \u201cPr\u00e1cticas profesionales desde el enfoque de derechos. Estrategias de promoci\u00f3n y\/o exigibilidad de derechos en organizaciones del campo de la discapacidad de Villa Mercedes (S.L.)\u201d<\/strong> y <strong data-start=\"1659\" data-end=\"1858\">PROICO 15-2123: \u201cPr\u00e1cticas y saberes en el campo de la econom\u00eda social y solidaria: experiencias de organizaciones y personas en entramados productivos en localidades de la Provincia de San Luis\u201d<\/strong>.<\/p>\n","protected":false},"excerpt":{"rendered":"<p>Con disertaciones de la Mgtr. Mirta G. Pereira, la Lic. Liliana Soquet y el Abg. Nahuel \u00c1lvarez Toledo, el pasado martes 30 de septiembre la&hellip;<\/p>\n","protected":false},"author":9,"featured_media":21895,"comment_status":"closed","ping_status":"closed","sticky":false,"template":"","format":"standard","meta":{"om_disable_all_campaigns":false,"_monsterinsights_skip_tracking":false,"_monsterinsights_sitenote_active":false,"_monsterinsights_sitenote_note":"","_monsterinsights_sitenote_category":0,"footnotes":""},"categories":[1,19],"tags":[],"class_list":["post-21891","post","type-post","status-publish","format-standard","has-post-thumbnail","hentry","category-noticias","category-principal"],"yoast_head":"<!-- This site is optimized with the Yoast SEO plugin v27.5 - https:\/\/yoast.com\/product\/yoast-seo-wordpress\/ -->\n<title>Charla-debate en la FCEJS sobre prevenci\u00f3n del suicidio y salud mental - Facultad de Ciencias Econ\u00f3micas, Jur\u00ed\u00addicas y Sociales<\/title>\n<meta name=\"robots\" content=\"index, follow, max-snippet:-1, max-image-preview:large, max-video-preview:-1\" \/>\n<link rel=\"canonical\" href=\"https:\/\/www.fcejs.unsl.edu.ar\/index.php\/charla-debate-en-la-fcejs-sobre-prevencion-del-suicidio-y-salud-mental\/\" \/>\n<meta property=\"og:locale\" content=\"es_ES\" \/>\n<meta property=\"og:type\" content=\"article\" \/>\n<meta property=\"og:title\" content=\"Charla-debate en la FCEJS sobre prevenci\u00f3n del suicidio y salud mental - Facultad de Ciencias Econ\u00f3micas, Jur\u00ed\u00addicas y Sociales\" \/>\n<meta property=\"og:description\" content=\"Con disertaciones de la Mgtr. Mirta G. Pereira, la Lic. Liliana Soquet y el Abg. Nahuel \u00c1lvarez Toledo, el pasado martes 30 de septiembre la&hellip;\" \/>\n<meta property=\"og:url\" content=\"https:\/\/www.fcejs.unsl.edu.ar\/index.php\/charla-debate-en-la-fcejs-sobre-prevencion-del-suicidio-y-salud-mental\/\" \/>\n<meta property=\"og:site_name\" content=\"Facultad de Ciencias Econ\u00f3micas, Jur\u00ed\u00addicas y Sociales\" \/>\n<meta property=\"article:publisher\" content=\"https:\/\/www.facebook.com\/FCEJS.UNSL\/\" \/>\n<meta property=\"article:published_time\" content=\"2025-10-03T16:40:14+00:00\" \/>\n<meta property=\"article:modified_time\" content=\"2025-10-03T19:58:16+00:00\" \/>\n<meta property=\"og:image\" content=\"https:\/\/www.fcejs.unsl.edu.ar\/wp-content\/uploads\/2025\/10\/charla-fcejs-front.jpg\" \/>\n\t<meta property=\"og:image:width\" content=\"1152\" \/>\n\t<meta property=\"og:image:height\" content=\"647\" \/>\n\t<meta property=\"og:image:type\" content=\"image\/jpeg\" \/>\n<meta name=\"author\" content=\"DATI\" \/>\n<meta name=\"twitter:card\" content=\"summary_large_image\" \/>\n<meta name=\"twitter:creator\" content=\"@FCEJSUNSL\" \/>\n<meta name=\"twitter:site\" content=\"@FCEJSUNSL\" \/>\n<meta name=\"twitter:label1\" content=\"Escrito por\" \/>\n\t<meta name=\"twitter:data1\" content=\"DATI\" \/>\n\t<meta name=\"twitter:label2\" content=\"Tiempo de lectura\" \/>\n\t<meta name=\"twitter:data2\" content=\"2 minutos\" \/>\n<script type=\"application\/ld+json\" class=\"yoast-schema-graph\">{\"@context\":\"https:\\\/\\\/schema.org\",\"@graph\":[{\"@type\":\"Article\",\"@id\":\"https:\\\/\\\/www.fcejs.unsl.edu.ar\\\/index.php\\\/charla-debate-en-la-fcejs-sobre-prevencion-del-suicidio-y-salud-mental\\\/#article\",\"isPartOf\":{\"@id\":\"https:\\\/\\\/www.fcejs.unsl.edu.ar\\\/index.php\\\/charla-debate-en-la-fcejs-sobre-prevencion-del-suicidio-y-salud-mental\\\/\"},\"author\":{\"name\":\"DATI\",\"@id\":\"https:\\\/\\\/www.fcejs.unsl.edu.ar\\\/#\\\/schema\\\/person\\\/352ee6ed90c3f394c7cb5945f8956d34\"},\"headline\":\"Charla-debate en la FCEJS sobre prevenci\u00f3n del suicidio y salud mental\",\"datePublished\":\"2025-10-03T16:40:14+00:00\",\"dateModified\":\"2025-10-03T19:58:16+00:00\",\"mainEntityOfPage\":{\"@id\":\"https:\\\/\\\/www.fcejs.unsl.edu.ar\\\/index.php\\\/charla-debate-en-la-fcejs-sobre-prevencion-del-suicidio-y-salud-mental\\\/\"},\"wordCount\":280,\"publisher\":{\"@id\":\"https:\\\/\\\/www.fcejs.unsl.edu.ar\\\/#organization\"},\"image\":{\"@id\":\"https:\\\/\\\/www.fcejs.unsl.edu.ar\\\/index.php\\\/charla-debate-en-la-fcejs-sobre-prevencion-del-suicidio-y-salud-mental\\\/#primaryimage\"},\"thumbnailUrl\":\"https:\\\/\\\/www.fcejs.unsl.edu.ar\\\/wp-content\\\/uploads\\\/2025\\\/10\\\/charla-fcejs-front.jpg\",\"articleSection\":[\"Noticias\",\"Principal\"],\"inLanguage\":\"es-AR\"},{\"@type\":\"WebPage\",\"@id\":\"https:\\\/\\\/www.fcejs.unsl.edu.ar\\\/index.php\\\/charla-debate-en-la-fcejs-sobre-prevencion-del-suicidio-y-salud-mental\\\/\",\"url\":\"https:\\\/\\\/www.fcejs.unsl.edu.ar\\\/index.php\\\/charla-debate-en-la-fcejs-sobre-prevencion-del-suicidio-y-salud-mental\\\/\",\"name\":\"Charla-debate en la FCEJS sobre prevenci\u00f3n del suicidio y salud mental - Facultad de Ciencias Econ\u00f3micas, Jur\u00ed\u00addicas y Sociales\",\"isPartOf\":{\"@id\":\"https:\\\/\\\/www.fcejs.unsl.edu.ar\\\/#website\"},\"primaryImageOfPage\":{\"@id\":\"https:\\\/\\\/www.fcejs.unsl.edu.ar\\\/index.php\\\/charla-debate-en-la-fcejs-sobre-prevencion-del-suicidio-y-salud-mental\\\/#primaryimage\"},\"image\":{\"@id\":\"https:\\\/\\\/www.fcejs.unsl.edu.ar\\\/index.php\\\/charla-debate-en-la-fcejs-sobre-prevencion-del-suicidio-y-salud-mental\\\/#primaryimage\"},\"thumbnailUrl\":\"https:\\\/\\\/www.fcejs.unsl.edu.ar\\\/wp-content\\\/uploads\\\/2025\\\/10\\\/charla-fcejs-front.jpg\",\"datePublished\":\"2025-10-03T16:40:14+00:00\",\"dateModified\":\"2025-10-03T19:58:16+00:00\",\"breadcrumb\":{\"@id\":\"https:\\\/\\\/www.fcejs.unsl.edu.ar\\\/index.php\\\/charla-debate-en-la-fcejs-sobre-prevencion-del-suicidio-y-salud-mental\\\/#breadcrumb\"},\"inLanguage\":\"es-AR\",\"potentialAction\":[{\"@type\":\"ReadAction\",\"target\":[\"https:\\\/\\\/www.fcejs.unsl.edu.ar\\\/index.php\\\/charla-debate-en-la-fcejs-sobre-prevencion-del-suicidio-y-salud-mental\\\/\"]}]},{\"@type\":\"ImageObject\",\"inLanguage\":\"es-AR\",\"@id\":\"https:\\\/\\\/www.fcejs.unsl.edu.ar\\\/index.php\\\/charla-debate-en-la-fcejs-sobre-prevencion-del-suicidio-y-salud-mental\\\/#primaryimage\",\"url\":\"https:\\\/\\\/www.fcejs.unsl.edu.ar\\\/wp-content\\\/uploads\\\/2025\\\/10\\\/charla-fcejs-front.jpg\",\"contentUrl\":\"https:\\\/\\\/www.fcejs.unsl.edu.ar\\\/wp-content\\\/uploads\\\/2025\\\/10\\\/charla-fcejs-front.jpg\",\"width\":1152,\"height\":647},{\"@type\":\"BreadcrumbList\",\"@id\":\"https:\\\/\\\/www.fcejs.unsl.edu.ar\\\/index.php\\\/charla-debate-en-la-fcejs-sobre-prevencion-del-suicidio-y-salud-mental\\\/#breadcrumb\",\"itemListElement\":[{\"@type\":\"ListItem\",\"position\":1,\"name\":\"Inicio\",\"item\":\"https:\\\/\\\/www.fcejs.unsl.edu.ar\\\/\"},{\"@type\":\"ListItem\",\"position\":2,\"name\":\"Charla-debate en la FCEJS sobre prevenci\u00f3n del suicidio y salud mental\"}]},{\"@type\":\"WebSite\",\"@id\":\"https:\\\/\\\/www.fcejs.unsl.edu.ar\\\/#website\",\"url\":\"https:\\\/\\\/www.fcejs.unsl.edu.ar\\\/\",\"name\":\"Facultad de Ciencias Econ\u00f3micas, Jur\u00ed\u00addicas y Sociales\",\"description\":\"\",\"publisher\":{\"@id\":\"https:\\\/\\\/www.fcejs.unsl.edu.ar\\\/#organization\"},\"potentialAction\":[{\"@type\":\"SearchAction\",\"target\":{\"@type\":\"EntryPoint\",\"urlTemplate\":\"https:\\\/\\\/www.fcejs.unsl.edu.ar\\\/?s={search_term_string}\"},\"query-input\":{\"@type\":\"PropertyValueSpecification\",\"valueRequired\":true,\"valueName\":\"search_term_string\"}}],\"inLanguage\":\"es-AR\"},{\"@type\":\"Organization\",\"@id\":\"https:\\\/\\\/www.fcejs.unsl.edu.ar\\\/#organization\",\"name\":\"Facultad de Ciencias Econ\u00f3micas, Jur\u00eddicas y Sociales\",\"url\":\"https:\\\/\\\/www.fcejs.unsl.edu.ar\\\/\",\"logo\":{\"@type\":\"ImageObject\",\"inLanguage\":\"es-AR\",\"@id\":\"https:\\\/\\\/www.fcejs.unsl.edu.ar\\\/#\\\/schema\\\/logo\\\/image\\\/\",\"url\":\"https:\\\/\\\/www.fcejs.unsl.edu.ar\\\/wp-content\\\/uploads\\\/2021\\\/03\\\/logo-1.jpg\",\"contentUrl\":\"https:\\\/\\\/www.fcejs.unsl.edu.ar\\\/wp-content\\\/uploads\\\/2021\\\/03\\\/logo-1.jpg\",\"width\":471,\"height\":146,\"caption\":\"Facultad de Ciencias Econ\u00f3micas, Jur\u00eddicas y Sociales\"},\"image\":{\"@id\":\"https:\\\/\\\/www.fcejs.unsl.edu.ar\\\/#\\\/schema\\\/logo\\\/image\\\/\"},\"sameAs\":[\"https:\\\/\\\/www.facebook.com\\\/FCEJS.UNSL\\\/\",\"https:\\\/\\\/x.com\\\/FCEJSUNSL\",\"https:\\\/\\\/www.instagram.com\\\/fcejs.unsl\\\/\",\"https:\\\/\\\/www.youtube.com\\\/channel\\\/UCH-Ut6EaN_X5ogjIQMPe46g\\\/\"]},{\"@type\":\"Person\",\"@id\":\"https:\\\/\\\/www.fcejs.unsl.edu.ar\\\/#\\\/schema\\\/person\\\/352ee6ed90c3f394c7cb5945f8956d34\",\"name\":\"DATI\"}]}<\/script>\n<!-- \/ Yoast SEO plugin. -->","yoast_head_json":{"title":"Charla-debate en la FCEJS sobre prevenci\u00f3n del suicidio y salud mental - Facultad de Ciencias Econ\u00f3micas, Jur\u00ed\u00addicas y Sociales","robots":{"index":"index","follow":"follow","max-snippet":"max-snippet:-1","max-image-preview":"max-image-preview:large","max-video-preview":"max-video-preview:-1"},"canonical":"https:\/\/www.fcejs.unsl.edu.ar\/index.php\/charla-debate-en-la-fcejs-sobre-prevencion-del-suicidio-y-salud-mental\/","og_locale":"es_ES","og_type":"article","og_title":"Charla-debate en la FCEJS sobre prevenci\u00f3n del suicidio y salud mental - Facultad de Ciencias Econ\u00f3micas, Jur\u00ed\u00addicas y Sociales","og_description":"Con disertaciones de la Mgtr. Mirta G. Pereira, la Lic. Liliana Soquet y el Abg. Nahuel \u00c1lvarez Toledo, el pasado martes 30 de septiembre la&hellip;","og_url":"https:\/\/www.fcejs.unsl.edu.ar\/index.php\/charla-debate-en-la-fcejs-sobre-prevencion-del-suicidio-y-salud-mental\/","og_site_name":"Facultad de Ciencias Econ\u00f3micas, Jur\u00ed\u00addicas y Sociales","article_publisher":"https:\/\/www.facebook.com\/FCEJS.UNSL\/","article_published_time":"2025-10-03T16:40:14+00:00","article_modified_time":"2025-10-03T19:58:16+00:00","og_image":[{"width":1152,"height":647,"url":"https:\/\/www.fcejs.unsl.edu.ar\/wp-content\/uploads\/2025\/10\/charla-fcejs-front.jpg","type":"image\/jpeg"}],"author":"DATI","twitter_card":"summary_large_image","twitter_creator":"@FCEJSUNSL","twitter_site":"@FCEJSUNSL","twitter_misc":{"Escrito por":"DATI","Tiempo de lectura":"2 minutos"},"schema":{"@context":"https:\/\/schema.org","@graph":[{"@type":"Article","@id":"https:\/\/www.fcejs.unsl.edu.ar\/index.php\/charla-debate-en-la-fcejs-sobre-prevencion-del-suicidio-y-salud-mental\/#article","isPartOf":{"@id":"https:\/\/www.fcejs.unsl.edu.ar\/index.php\/charla-debate-en-la-fcejs-sobre-prevencion-del-suicidio-y-salud-mental\/"},"author":{"name":"DATI","@id":"https:\/\/www.fcejs.unsl.edu.ar\/#\/schema\/person\/352ee6ed90c3f394c7cb5945f8956d34"},"headline":"Charla-debate en la FCEJS sobre prevenci\u00f3n del suicidio y salud mental","datePublished":"2025-10-03T16:40:14+00:00","dateModified":"2025-10-03T19:58:16+00:00","mainEntityOfPage":{"@id":"https:\/\/www.fcejs.unsl.edu.ar\/index.php\/charla-debate-en-la-fcejs-sobre-prevencion-del-suicidio-y-salud-mental\/"},"wordCount":280,"publisher":{"@id":"https:\/\/www.fcejs.unsl.edu.ar\/#organization"},"image":{"@id":"https:\/\/www.fcejs.unsl.edu.ar\/index.php\/charla-debate-en-la-fcejs-sobre-prevencion-del-suicidio-y-salud-mental\/#primaryimage"},"thumbnailUrl":"https:\/\/www.fcejs.unsl.edu.ar\/wp-content\/uploads\/2025\/10\/charla-fcejs-front.jpg","articleSection":["Noticias","Principal"],"inLanguage":"es-AR"},{"@type":"WebPage","@id":"https:\/\/www.fcejs.unsl.edu.ar\/index.php\/charla-debate-en-la-fcejs-sobre-prevencion-del-suicidio-y-salud-mental\/","url":"https:\/\/www.fcejs.unsl.edu.ar\/index.php\/charla-debate-en-la-fcejs-sobre-prevencion-del-suicidio-y-salud-mental\/","name":"Charla-debate en la FCEJS sobre prevenci\u00f3n del suicidio y salud mental - Facultad de Ciencias Econ\u00f3micas, Jur\u00ed\u00addicas y Sociales","isPartOf":{"@id":"https:\/\/www.fcejs.unsl.edu.ar\/#website"},"primaryImageOfPage":{"@id":"https:\/\/www.fcejs.unsl.edu.ar\/index.php\/charla-debate-en-la-fcejs-sobre-prevencion-del-suicidio-y-salud-mental\/#primaryimage"},"image":{"@id":"https:\/\/www.fcejs.unsl.edu.ar\/index.php\/charla-debate-en-la-fcejs-sobre-prevencion-del-suicidio-y-salud-mental\/#primaryimage"},"thumbnailUrl":"https:\/\/www.fcejs.unsl.edu.ar\/wp-content\/uploads\/2025\/10\/charla-fcejs-front.jpg","datePublished":"2025-10-03T16:40:14+00:00","dateModified":"2025-10-03T19:58:16+00:00","breadcrumb":{"@id":"https:\/\/www.fcejs.unsl.edu.ar\/index.php\/charla-debate-en-la-fcejs-sobre-prevencion-del-suicidio-y-salud-mental\/#breadcrumb"},"inLanguage":"es-AR","potentialAction":[{"@type":"ReadAction","target":["https:\/\/www.fcejs.unsl.edu.ar\/index.php\/charla-debate-en-la-fcejs-sobre-prevencion-del-suicidio-y-salud-mental\/"]}]},{"@type":"ImageObject","inLanguage":"es-AR","@id":"https:\/\/www.fcejs.unsl.edu.ar\/index.php\/charla-debate-en-la-fcejs-sobre-prevencion-del-suicidio-y-salud-mental\/#primaryimage","url":"https:\/\/www.fcejs.unsl.edu.ar\/wp-content\/uploads\/2025\/10\/charla-fcejs-front.jpg","contentUrl":"https:\/\/www.fcejs.unsl.edu.ar\/wp-content\/uploads\/2025\/10\/charla-fcejs-front.jpg","width":1152,"height":647},{"@type":"BreadcrumbList","@id":"https:\/\/www.fcejs.unsl.edu.ar\/index.php\/charla-debate-en-la-fcejs-sobre-prevencion-del-suicidio-y-salud-mental\/#breadcrumb","itemListElement":[{"@type":"ListItem","position":1,"name":"Inicio","item":"https:\/\/www.fcejs.unsl.edu.ar\/"},{"@type":"ListItem","position":2,"name":"Charla-debate en la FCEJS sobre prevenci\u00f3n del suicidio y salud mental"}]},{"@type":"WebSite","@id":"https:\/\/www.fcejs.unsl.edu.ar\/#website","url":"https:\/\/www.fcejs.unsl.edu.ar\/","name":"Facultad de Ciencias Econ\u00f3micas, Jur\u00ed\u00addicas y Sociales","description":"","publisher":{"@id":"https:\/\/www.fcejs.unsl.edu.ar\/#organization"},"potentialAction":[{"@type":"SearchAction","target":{"@type":"EntryPoint","urlTemplate":"https:\/\/www.fcejs.unsl.edu.ar\/?s={search_term_string}"},"query-input":{"@type":"PropertyValueSpecification","valueRequired":true,"valueName":"search_term_string"}}],"inLanguage":"es-AR"},{"@type":"Organization","@id":"https:\/\/www.fcejs.unsl.edu.ar\/#organization","name":"Facultad de Ciencias Econ\u00f3micas, Jur\u00eddicas y Sociales","url":"https:\/\/www.fcejs.unsl.edu.ar\/","logo":{"@type":"ImageObject","inLanguage":"es-AR","@id":"https:\/\/www.fcejs.unsl.edu.ar\/#\/schema\/logo\/image\/","url":"https:\/\/www.fcejs.unsl.edu.ar\/wp-content\/uploads\/2021\/03\/logo-1.jpg","contentUrl":"https:\/\/www.fcejs.unsl.edu.ar\/wp-content\/uploads\/2021\/03\/logo-1.jpg","width":471,"height":146,"caption":"Facultad de Ciencias Econ\u00f3micas, Jur\u00eddicas y Sociales"},"image":{"@id":"https:\/\/www.fcejs.unsl.edu.ar\/#\/schema\/logo\/image\/"},"sameAs":["https:\/\/www.facebook.com\/FCEJS.UNSL\/","https:\/\/x.com\/FCEJSUNSL","https:\/\/www.instagram.com\/fcejs.unsl\/","https:\/\/www.youtube.com\/channel\/UCH-Ut6EaN_X5ogjIQMPe46g\/"]},{"@type":"Person","@id":"https:\/\/www.fcejs.unsl.edu.ar\/#\/schema\/person\/352ee6ed90c3f394c7cb5945f8956d34","name":"DATI"}]}},"jetpack_featured_media_url":"https:\/\/www.fcejs.unsl.edu.ar\/wp-content\/uploads\/2025\/10\/charla-fcejs-front.jpg","_links":{"self":[{"href":"https:\/\/www.fcejs.unsl.edu.ar\/index.php\/wp-json\/wp\/v2\/posts\/21891","targetHints":{"allow":["GET"]}}],"collection":[{"href":"https:\/\/www.fcejs.unsl.edu.ar\/index.php\/wp-json\/wp\/v2\/posts"}],"about":[{"href":"https:\/\/www.fcejs.unsl.edu.ar\/index.php\/wp-json\/wp\/v2\/types\/post"}],"author":[{"embeddable":true,"href":"https:\/\/www.fcejs.unsl.edu.ar\/index.php\/wp-json\/wp\/v2\/users\/9"}],"replies":[{"embeddable":true,"href":"https:\/\/www.fcejs.unsl.edu.ar\/index.php\/wp-json\/wp\/v2\/comments?post=21891"}],"version-history":[{"count":2,"href":"https:\/\/www.fcejs.unsl.edu.ar\/index.php\/wp-json\/wp\/v2\/posts\/21891\/revisions"}],"predecessor-version":[{"id":21897,"href":"https:\/\/www.fcejs.unsl.edu.ar\/index.php\/wp-json\/wp\/v2\/posts\/21891\/revisions\/21897"}],"wp:featuredmedia":[{"embeddable":true,"href":"https:\/\/www.fcejs.unsl.edu.ar\/index.php\/wp-json\/wp\/v2\/media\/21895"}],"wp:attachment":[{"href":"https:\/\/www.fcejs.unsl.edu.ar\/index.php\/wp-json\/wp\/v2\/media?parent=21891"}],"wp:term":[{"taxonomy":"category","embeddable":true,"href":"https:\/\/www.fcejs.unsl.edu.ar\/index.php\/wp-json\/wp\/v2\/categories?post=21891"},{"taxonomy":"post_tag","embeddable":true,"href":"https:\/\/www.fcejs.unsl.edu.ar\/index.php\/wp-json\/wp\/v2\/tags?post=21891"}],"curies":[{"name":"wp","href":"https:\/\/api.w.org\/{rel}","templated":true}]}}