{"id":21883,"date":"2025-10-03T12:25:20","date_gmt":"2025-10-03T15:25:20","guid":{"rendered":"http:\/\/10.101.10.197\/www\/?p=21883"},"modified":"2025-10-03T13:27:28","modified_gmt":"2025-10-03T16:27:28","slug":"encuentro-entre-la-fcejs-y-la-cgt-villa-mercedes-para-fortalecer-vinculos-institucionales","status":"publish","type":"post","link":"https:\/\/www.fcejs.unsl.edu.ar\/index.php\/encuentro-entre-la-fcejs-y-la-cgt-villa-mercedes-para-fortalecer-vinculos-institucionales\/","title":{"rendered":"Encuentro entre la FCEJS y la CGT Villa Mercedes para fortalecer v\u00ednculos institucionales"},"content":{"rendered":"<p data-start=\"104\" data-end=\"408\">La FCEJS impulsa espacios de di\u00e1logo y articulaci\u00f3n institucional con la <strong data-start=\"177\" data-end=\"238\">Confederaci\u00f3n General del Trabajo (CGT) de Villa Mercedes<\/strong>. El pasado <strong data-start=\"250\" data-end=\"266\">2 de octubre<\/strong>, el <strong>Decano<\/strong> <strong data-start=\"278\" data-end=\"301\">Mgtr. H\u00e9ctor Flores<\/strong>, la <strong>Vicedecana Esp. Patricia Mor\u00e1n<\/strong> y el equipo de gesti\u00f3n se reunieron de trabajo con representantes de la CGT Villa Mercedes\u00a0en el <strong data-start=\"440\" data-end=\"520\">Instituto Escuela de Econom\u00eda, Negocios y Transferencia Tecnol\u00f3gica (EEN&amp;TT).<\/strong><\/p>\n<p data-start=\"410\" data-end=\"766\">La reuni\u00f3n cont\u00f3 con la participaci\u00f3n de la <strong>Secretaria General Abg. Ail\u00edn Umpierrez<\/strong>, la <strong data-start=\"603\" data-end=\"653\">Secretaria de Extensi\u00f3n Universitaria, Lic. Nazarena Echand\u00eda<\/strong>, el <strong data-start=\"658\" data-end=\"712\"> Subsecretario de Comunicaci\u00f3n, Ceremonial y Protocolo, Lic. Cristian Payero<\/strong> y el <strong data-start=\"718\" data-end=\"763\">responsable de la EEN&amp;TT Mgtr. Jorge Sosa<\/strong>.<\/p>\n<p data-start=\"768\" data-end=\"1074\">En representaci\u00f3n de la CGT Villa Mercedes estuvieron presentes <strong data-start=\"832\" data-end=\"852\">Carlos Garmendia<\/strong> (Sindicato Luz y Fuerza) y <strong data-start=\"880\" data-end=\"896\">V\u00edctor G\u00f3mez<\/strong> (UOM), ambos secretarios generales de la central sindical, junto a <strong data-start=\"964\" data-end=\"983\">Luciano Bartola<\/strong> y <strong data-start=\"986\" data-end=\"1005\">Silvina Olivera<\/strong> (UTEP-SL CEA), y <strong data-start=\"1023\" data-end=\"1040\">Walter Rold\u00e1n<\/strong> e <strong data-start=\"1043\" data-end=\"1059\">Iv\u00e1n Gim\u00e9nez<\/strong> (SITUNViMe).<\/p>\n<p data-start=\"768\" data-end=\"1074\"><img fetchpriority=\"high\" decoding=\"async\" class=\"aligncenter wp-image-21885 size-full\" src=\"https:\/\/www.fcejs.unsl.edu.ar\/wp-content\/uploads\/2025\/10\/reuniones-escuela-fcejs-10.jpg\" alt=\"\" width=\"1100\" height=\"733\" srcset=\"https:\/\/www.fcejs.unsl.edu.ar\/wp-content\/uploads\/2025\/10\/reuniones-escuela-fcejs-10.jpg 1100w, https:\/\/www.fcejs.unsl.edu.ar\/wp-content\/uploads\/2025\/10\/reuniones-escuela-fcejs-10-300x200.jpg 300w, https:\/\/www.fcejs.unsl.edu.ar\/wp-content\/uploads\/2025\/10\/reuniones-escuela-fcejs-10-1024x682.jpg 1024w, https:\/\/www.fcejs.unsl.edu.ar\/wp-content\/uploads\/2025\/10\/reuniones-escuela-fcejs-10-768x512.jpg 768w\" sizes=\"(max-width: 1100px) 100vw, 1100px\" \/><\/p>\n<p data-start=\"1076\" data-end=\"1488\">La reuni\u00f3n permiti\u00f3 un intercambio profundo sobre la coyuntura local y nacional, abordando los principales desaf\u00edos econ\u00f3micos, sociales y laborales que atraviesa la regi\u00f3n y el pa\u00eds. En este marco, se subray\u00f3 la necesidad de fortalecer los lazos entre la Universidad y las organizaciones sindicales, con el objetivo de promover acciones conjuntas que aporten al desarrollo social y productivo de la comunidad.<\/p>\n<p data-start=\"1490\" data-end=\"1803\">Asimismo, se avanz\u00f3 en la coordinaci\u00f3n de una agenda de trabajo com\u00fan que incluir\u00e1 actividades de <strong data-start=\"1588\" data-end=\"1651\">formaci\u00f3n, investigaci\u00f3n aplicada y extensi\u00f3n universitaria<\/strong>, orientadas a responder a las demandas del sector sindical y a consolidar el rol de la Universidad como actor central en el entramado socioecon\u00f3mico.<\/p>\n<p data-start=\"1490\" data-end=\"1803\"><img decoding=\"async\" class=\"aligncenter wp-image-21887 size-full\" src=\"https:\/\/www.fcejs.unsl.edu.ar\/wp-content\/uploads\/2025\/10\/reuniones-escuela-fcejs-12.jpg\" alt=\"\" width=\"1100\" height=\"733\" srcset=\"https:\/\/www.fcejs.unsl.edu.ar\/wp-content\/uploads\/2025\/10\/reuniones-escuela-fcejs-12.jpg 1100w, https:\/\/www.fcejs.unsl.edu.ar\/wp-content\/uploads\/2025\/10\/reuniones-escuela-fcejs-12-300x200.jpg 300w, https:\/\/www.fcejs.unsl.edu.ar\/wp-content\/uploads\/2025\/10\/reuniones-escuela-fcejs-12-1024x682.jpg 1024w, https:\/\/www.fcejs.unsl.edu.ar\/wp-content\/uploads\/2025\/10\/reuniones-escuela-fcejs-12-768x512.jpg 768w\" sizes=\"(max-width: 1100px) 100vw, 1100px\" \/><\/p>\n","protected":false},"excerpt":{"rendered":"<p>La FCEJS impulsa espacios de di\u00e1logo y articulaci\u00f3n institucional con la Confederaci\u00f3n General del Trabajo (CGT) de Villa Mercedes. El pasado 2 de octubre, el&hellip;<\/p>\n","protected":false},"author":9,"featured_media":21884,"comment_status":"closed","ping_status":"closed","sticky":false,"template":"","format":"standard","meta":{"om_disable_all_campaigns":false,"_monsterinsights_skip_tracking":false,"_monsterinsights_sitenote_active":false,"_monsterinsights_sitenote_note":"","_monsterinsights_sitenote_category":0,"footnotes":""},"categories":[1,19],"tags":[],"class_list":["post-21883","post","type-post","status-publish","format-standard","has-post-thumbnail","hentry","category-noticias","category-principal"],"yoast_head":"<!-- This site is optimized with the Yoast SEO plugin v27.5 - https:\/\/yoast.com\/product\/yoast-seo-wordpress\/ -->\n<title>Encuentro entre la FCEJS y la CGT Villa Mercedes para fortalecer v\u00ednculos institucionales - Facultad de Ciencias Econ\u00f3micas, Jur\u00ed\u00addicas y Sociales<\/title>\n<meta name=\"robots\" content=\"index, follow, max-snippet:-1, max-image-preview:large, max-video-preview:-1\" \/>\n<link rel=\"canonical\" href=\"https:\/\/www.fcejs.unsl.edu.ar\/index.php\/encuentro-entre-la-fcejs-y-la-cgt-villa-mercedes-para-fortalecer-vinculos-institucionales\/\" \/>\n<meta property=\"og:locale\" content=\"es_ES\" \/>\n<meta property=\"og:type\" content=\"article\" \/>\n<meta property=\"og:title\" content=\"Encuentro entre la FCEJS y la CGT Villa Mercedes para fortalecer v\u00ednculos institucionales - Facultad de Ciencias Econ\u00f3micas, Jur\u00ed\u00addicas y Sociales\" \/>\n<meta property=\"og:description\" content=\"La FCEJS impulsa espacios de di\u00e1logo y articulaci\u00f3n institucional con la Confederaci\u00f3n General del Trabajo (CGT) de Villa Mercedes. El pasado 2 de octubre, el&hellip;\" \/>\n<meta property=\"og:url\" content=\"https:\/\/www.fcejs.unsl.edu.ar\/index.php\/encuentro-entre-la-fcejs-y-la-cgt-villa-mercedes-para-fortalecer-vinculos-institucionales\/\" \/>\n<meta property=\"og:site_name\" content=\"Facultad de Ciencias Econ\u00f3micas, Jur\u00ed\u00addicas y Sociales\" \/>\n<meta property=\"article:publisher\" content=\"https:\/\/www.facebook.com\/FCEJS.UNSL\/\" \/>\n<meta property=\"article:published_time\" content=\"2025-10-03T15:25:20+00:00\" \/>\n<meta property=\"article:modified_time\" content=\"2025-10-03T16:27:28+00:00\" \/>\n<meta property=\"og:image\" content=\"https:\/\/www.fcejs.unsl.edu.ar\/wp-content\/uploads\/2025\/10\/reunion-cgt-front.jpg\" \/>\n\t<meta property=\"og:image:width\" content=\"1152\" \/>\n\t<meta property=\"og:image:height\" content=\"647\" \/>\n\t<meta property=\"og:image:type\" content=\"image\/jpeg\" \/>\n<meta name=\"author\" content=\"DATI\" \/>\n<meta name=\"twitter:card\" content=\"summary_large_image\" \/>\n<meta name=\"twitter:creator\" content=\"@FCEJSUNSL\" \/>\n<meta name=\"twitter:site\" content=\"@FCEJSUNSL\" \/>\n<meta name=\"twitter:label1\" content=\"Escrito por\" \/>\n\t<meta name=\"twitter:data1\" content=\"DATI\" \/>\n\t<meta name=\"twitter:label2\" content=\"Tiempo de lectura\" \/>\n\t<meta name=\"twitter:data2\" content=\"2 minutos\" \/>\n<script type=\"application\/ld+json\" class=\"yoast-schema-graph\">{\"@context\":\"https:\\\/\\\/schema.org\",\"@graph\":[{\"@type\":\"Article\",\"@id\":\"https:\\\/\\\/www.fcejs.unsl.edu.ar\\\/index.php\\\/encuentro-entre-la-fcejs-y-la-cgt-villa-mercedes-para-fortalecer-vinculos-institucionales\\\/#article\",\"isPartOf\":{\"@id\":\"https:\\\/\\\/www.fcejs.unsl.edu.ar\\\/index.php\\\/encuentro-entre-la-fcejs-y-la-cgt-villa-mercedes-para-fortalecer-vinculos-institucionales\\\/\"},\"author\":{\"name\":\"DATI\",\"@id\":\"https:\\\/\\\/www.fcejs.unsl.edu.ar\\\/#\\\/schema\\\/person\\\/352ee6ed90c3f394c7cb5945f8956d34\"},\"headline\":\"Encuentro entre la FCEJS y la CGT Villa Mercedes para fortalecer v\u00ednculos institucionales\",\"datePublished\":\"2025-10-03T15:25:20+00:00\",\"dateModified\":\"2025-10-03T16:27:28+00:00\",\"mainEntityOfPage\":{\"@id\":\"https:\\\/\\\/www.fcejs.unsl.edu.ar\\\/index.php\\\/encuentro-entre-la-fcejs-y-la-cgt-villa-mercedes-para-fortalecer-vinculos-institucionales\\\/\"},\"wordCount\":299,\"publisher\":{\"@id\":\"https:\\\/\\\/www.fcejs.unsl.edu.ar\\\/#organization\"},\"image\":{\"@id\":\"https:\\\/\\\/www.fcejs.unsl.edu.ar\\\/index.php\\\/encuentro-entre-la-fcejs-y-la-cgt-villa-mercedes-para-fortalecer-vinculos-institucionales\\\/#primaryimage\"},\"thumbnailUrl\":\"https:\\\/\\\/www.fcejs.unsl.edu.ar\\\/wp-content\\\/uploads\\\/2025\\\/10\\\/reunion-cgt-front.jpg\",\"articleSection\":[\"Noticias\",\"Principal\"],\"inLanguage\":\"es-AR\"},{\"@type\":\"WebPage\",\"@id\":\"https:\\\/\\\/www.fcejs.unsl.edu.ar\\\/index.php\\\/encuentro-entre-la-fcejs-y-la-cgt-villa-mercedes-para-fortalecer-vinculos-institucionales\\\/\",\"url\":\"https:\\\/\\\/www.fcejs.unsl.edu.ar\\\/index.php\\\/encuentro-entre-la-fcejs-y-la-cgt-villa-mercedes-para-fortalecer-vinculos-institucionales\\\/\",\"name\":\"Encuentro entre la FCEJS y la CGT Villa Mercedes para fortalecer v\u00ednculos institucionales - Facultad de Ciencias Econ\u00f3micas, Jur\u00ed\u00addicas y Sociales\",\"isPartOf\":{\"@id\":\"https:\\\/\\\/www.fcejs.unsl.edu.ar\\\/#website\"},\"primaryImageOfPage\":{\"@id\":\"https:\\\/\\\/www.fcejs.unsl.edu.ar\\\/index.php\\\/encuentro-entre-la-fcejs-y-la-cgt-villa-mercedes-para-fortalecer-vinculos-institucionales\\\/#primaryimage\"},\"image\":{\"@id\":\"https:\\\/\\\/www.fcejs.unsl.edu.ar\\\/index.php\\\/encuentro-entre-la-fcejs-y-la-cgt-villa-mercedes-para-fortalecer-vinculos-institucionales\\\/#primaryimage\"},\"thumbnailUrl\":\"https:\\\/\\\/www.fcejs.unsl.edu.ar\\\/wp-content\\\/uploads\\\/2025\\\/10\\\/reunion-cgt-front.jpg\",\"datePublished\":\"2025-10-03T15:25:20+00:00\",\"dateModified\":\"2025-10-03T16:27:28+00:00\",\"breadcrumb\":{\"@id\":\"https:\\\/\\\/www.fcejs.unsl.edu.ar\\\/index.php\\\/encuentro-entre-la-fcejs-y-la-cgt-villa-mercedes-para-fortalecer-vinculos-institucionales\\\/#breadcrumb\"},\"inLanguage\":\"es-AR\",\"potentialAction\":[{\"@type\":\"ReadAction\",\"target\":[\"https:\\\/\\\/www.fcejs.unsl.edu.ar\\\/index.php\\\/encuentro-entre-la-fcejs-y-la-cgt-villa-mercedes-para-fortalecer-vinculos-institucionales\\\/\"]}]},{\"@type\":\"ImageObject\",\"inLanguage\":\"es-AR\",\"@id\":\"https:\\\/\\\/www.fcejs.unsl.edu.ar\\\/index.php\\\/encuentro-entre-la-fcejs-y-la-cgt-villa-mercedes-para-fortalecer-vinculos-institucionales\\\/#primaryimage\",\"url\":\"https:\\\/\\\/www.fcejs.unsl.edu.ar\\\/wp-content\\\/uploads\\\/2025\\\/10\\\/reunion-cgt-front.jpg\",\"contentUrl\":\"https:\\\/\\\/www.fcejs.unsl.edu.ar\\\/wp-content\\\/uploads\\\/2025\\\/10\\\/reunion-cgt-front.jpg\",\"width\":1152,\"height\":647},{\"@type\":\"BreadcrumbList\",\"@id\":\"https:\\\/\\\/www.fcejs.unsl.edu.ar\\\/index.php\\\/encuentro-entre-la-fcejs-y-la-cgt-villa-mercedes-para-fortalecer-vinculos-institucionales\\\/#breadcrumb\",\"itemListElement\":[{\"@type\":\"ListItem\",\"position\":1,\"name\":\"Inicio\",\"item\":\"https:\\\/\\\/www.fcejs.unsl.edu.ar\\\/\"},{\"@type\":\"ListItem\",\"position\":2,\"name\":\"Encuentro entre la FCEJS y la CGT Villa Mercedes para fortalecer v\u00ednculos institucionales\"}]},{\"@type\":\"WebSite\",\"@id\":\"https:\\\/\\\/www.fcejs.unsl.edu.ar\\\/#website\",\"url\":\"https:\\\/\\\/www.fcejs.unsl.edu.ar\\\/\",\"name\":\"Facultad de Ciencias Econ\u00f3micas, Jur\u00ed\u00addicas y Sociales\",\"description\":\"\",\"publisher\":{\"@id\":\"https:\\\/\\\/www.fcejs.unsl.edu.ar\\\/#organization\"},\"potentialAction\":[{\"@type\":\"SearchAction\",\"target\":{\"@type\":\"EntryPoint\",\"urlTemplate\":\"https:\\\/\\\/www.fcejs.unsl.edu.ar\\\/?s={search_term_string}\"},\"query-input\":{\"@type\":\"PropertyValueSpecification\",\"valueRequired\":true,\"valueName\":\"search_term_string\"}}],\"inLanguage\":\"es-AR\"},{\"@type\":\"Organization\",\"@id\":\"https:\\\/\\\/www.fcejs.unsl.edu.ar\\\/#organization\",\"name\":\"Facultad de Ciencias Econ\u00f3micas, Jur\u00eddicas y Sociales\",\"url\":\"https:\\\/\\\/www.fcejs.unsl.edu.ar\\\/\",\"logo\":{\"@type\":\"ImageObject\",\"inLanguage\":\"es-AR\",\"@id\":\"https:\\\/\\\/www.fcejs.unsl.edu.ar\\\/#\\\/schema\\\/logo\\\/image\\\/\",\"url\":\"https:\\\/\\\/www.fcejs.unsl.edu.ar\\\/wp-content\\\/uploads\\\/2021\\\/03\\\/logo-1.jpg\",\"contentUrl\":\"https:\\\/\\\/www.fcejs.unsl.edu.ar\\\/wp-content\\\/uploads\\\/2021\\\/03\\\/logo-1.jpg\",\"width\":471,\"height\":146,\"caption\":\"Facultad de Ciencias Econ\u00f3micas, Jur\u00eddicas y Sociales\"},\"image\":{\"@id\":\"https:\\\/\\\/www.fcejs.unsl.edu.ar\\\/#\\\/schema\\\/logo\\\/image\\\/\"},\"sameAs\":[\"https:\\\/\\\/www.facebook.com\\\/FCEJS.UNSL\\\/\",\"https:\\\/\\\/x.com\\\/FCEJSUNSL\",\"https:\\\/\\\/www.instagram.com\\\/fcejs.unsl\\\/\",\"https:\\\/\\\/www.youtube.com\\\/channel\\\/UCH-Ut6EaN_X5ogjIQMPe46g\\\/\"]},{\"@type\":\"Person\",\"@id\":\"https:\\\/\\\/www.fcejs.unsl.edu.ar\\\/#\\\/schema\\\/person\\\/352ee6ed90c3f394c7cb5945f8956d34\",\"name\":\"DATI\"}]}<\/script>\n<!-- \/ Yoast SEO plugin. -->","yoast_head_json":{"title":"Encuentro entre la FCEJS y la CGT Villa Mercedes para fortalecer v\u00ednculos institucionales - Facultad de Ciencias Econ\u00f3micas, Jur\u00ed\u00addicas y Sociales","robots":{"index":"index","follow":"follow","max-snippet":"max-snippet:-1","max-image-preview":"max-image-preview:large","max-video-preview":"max-video-preview:-1"},"canonical":"https:\/\/www.fcejs.unsl.edu.ar\/index.php\/encuentro-entre-la-fcejs-y-la-cgt-villa-mercedes-para-fortalecer-vinculos-institucionales\/","og_locale":"es_ES","og_type":"article","og_title":"Encuentro entre la FCEJS y la CGT Villa Mercedes para fortalecer v\u00ednculos institucionales - Facultad de Ciencias Econ\u00f3micas, Jur\u00ed\u00addicas y Sociales","og_description":"La FCEJS impulsa espacios de di\u00e1logo y articulaci\u00f3n institucional con la Confederaci\u00f3n General del Trabajo (CGT) de Villa Mercedes. El pasado 2 de octubre, el&hellip;","og_url":"https:\/\/www.fcejs.unsl.edu.ar\/index.php\/encuentro-entre-la-fcejs-y-la-cgt-villa-mercedes-para-fortalecer-vinculos-institucionales\/","og_site_name":"Facultad de Ciencias Econ\u00f3micas, Jur\u00ed\u00addicas y Sociales","article_publisher":"https:\/\/www.facebook.com\/FCEJS.UNSL\/","article_published_time":"2025-10-03T15:25:20+00:00","article_modified_time":"2025-10-03T16:27:28+00:00","og_image":[{"width":1152,"height":647,"url":"https:\/\/www.fcejs.unsl.edu.ar\/wp-content\/uploads\/2025\/10\/reunion-cgt-front.jpg","type":"image\/jpeg"}],"author":"DATI","twitter_card":"summary_large_image","twitter_creator":"@FCEJSUNSL","twitter_site":"@FCEJSUNSL","twitter_misc":{"Escrito por":"DATI","Tiempo de lectura":"2 minutos"},"schema":{"@context":"https:\/\/schema.org","@graph":[{"@type":"Article","@id":"https:\/\/www.fcejs.unsl.edu.ar\/index.php\/encuentro-entre-la-fcejs-y-la-cgt-villa-mercedes-para-fortalecer-vinculos-institucionales\/#article","isPartOf":{"@id":"https:\/\/www.fcejs.unsl.edu.ar\/index.php\/encuentro-entre-la-fcejs-y-la-cgt-villa-mercedes-para-fortalecer-vinculos-institucionales\/"},"author":{"name":"DATI","@id":"https:\/\/www.fcejs.unsl.edu.ar\/#\/schema\/person\/352ee6ed90c3f394c7cb5945f8956d34"},"headline":"Encuentro entre la FCEJS y la CGT Villa Mercedes para fortalecer v\u00ednculos institucionales","datePublished":"2025-10-03T15:25:20+00:00","dateModified":"2025-10-03T16:27:28+00:00","mainEntityOfPage":{"@id":"https:\/\/www.fcejs.unsl.edu.ar\/index.php\/encuentro-entre-la-fcejs-y-la-cgt-villa-mercedes-para-fortalecer-vinculos-institucionales\/"},"wordCount":299,"publisher":{"@id":"https:\/\/www.fcejs.unsl.edu.ar\/#organization"},"image":{"@id":"https:\/\/www.fcejs.unsl.edu.ar\/index.php\/encuentro-entre-la-fcejs-y-la-cgt-villa-mercedes-para-fortalecer-vinculos-institucionales\/#primaryimage"},"thumbnailUrl":"https:\/\/www.fcejs.unsl.edu.ar\/wp-content\/uploads\/2025\/10\/reunion-cgt-front.jpg","articleSection":["Noticias","Principal"],"inLanguage":"es-AR"},{"@type":"WebPage","@id":"https:\/\/www.fcejs.unsl.edu.ar\/index.php\/encuentro-entre-la-fcejs-y-la-cgt-villa-mercedes-para-fortalecer-vinculos-institucionales\/","url":"https:\/\/www.fcejs.unsl.edu.ar\/index.php\/encuentro-entre-la-fcejs-y-la-cgt-villa-mercedes-para-fortalecer-vinculos-institucionales\/","name":"Encuentro entre la FCEJS y la CGT Villa Mercedes para fortalecer v\u00ednculos institucionales - Facultad de Ciencias Econ\u00f3micas, Jur\u00ed\u00addicas y Sociales","isPartOf":{"@id":"https:\/\/www.fcejs.unsl.edu.ar\/#website"},"primaryImageOfPage":{"@id":"https:\/\/www.fcejs.unsl.edu.ar\/index.php\/encuentro-entre-la-fcejs-y-la-cgt-villa-mercedes-para-fortalecer-vinculos-institucionales\/#primaryimage"},"image":{"@id":"https:\/\/www.fcejs.unsl.edu.ar\/index.php\/encuentro-entre-la-fcejs-y-la-cgt-villa-mercedes-para-fortalecer-vinculos-institucionales\/#primaryimage"},"thumbnailUrl":"https:\/\/www.fcejs.unsl.edu.ar\/wp-content\/uploads\/2025\/10\/reunion-cgt-front.jpg","datePublished":"2025-10-03T15:25:20+00:00","dateModified":"2025-10-03T16:27:28+00:00","breadcrumb":{"@id":"https:\/\/www.fcejs.unsl.edu.ar\/index.php\/encuentro-entre-la-fcejs-y-la-cgt-villa-mercedes-para-fortalecer-vinculos-institucionales\/#breadcrumb"},"inLanguage":"es-AR","potentialAction":[{"@type":"ReadAction","target":["https:\/\/www.fcejs.unsl.edu.ar\/index.php\/encuentro-entre-la-fcejs-y-la-cgt-villa-mercedes-para-fortalecer-vinculos-institucionales\/"]}]},{"@type":"ImageObject","inLanguage":"es-AR","@id":"https:\/\/www.fcejs.unsl.edu.ar\/index.php\/encuentro-entre-la-fcejs-y-la-cgt-villa-mercedes-para-fortalecer-vinculos-institucionales\/#primaryimage","url":"https:\/\/www.fcejs.unsl.edu.ar\/wp-content\/uploads\/2025\/10\/reunion-cgt-front.jpg","contentUrl":"https:\/\/www.fcejs.unsl.edu.ar\/wp-content\/uploads\/2025\/10\/reunion-cgt-front.jpg","width":1152,"height":647},{"@type":"BreadcrumbList","@id":"https:\/\/www.fcejs.unsl.edu.ar\/index.php\/encuentro-entre-la-fcejs-y-la-cgt-villa-mercedes-para-fortalecer-vinculos-institucionales\/#breadcrumb","itemListElement":[{"@type":"ListItem","position":1,"name":"Inicio","item":"https:\/\/www.fcejs.unsl.edu.ar\/"},{"@type":"ListItem","position":2,"name":"Encuentro entre la FCEJS y la CGT Villa Mercedes para fortalecer v\u00ednculos institucionales"}]},{"@type":"WebSite","@id":"https:\/\/www.fcejs.unsl.edu.ar\/#website","url":"https:\/\/www.fcejs.unsl.edu.ar\/","name":"Facultad de Ciencias Econ\u00f3micas, Jur\u00ed\u00addicas y Sociales","description":"","publisher":{"@id":"https:\/\/www.fcejs.unsl.edu.ar\/#organization"},"potentialAction":[{"@type":"SearchAction","target":{"@type":"EntryPoint","urlTemplate":"https:\/\/www.fcejs.unsl.edu.ar\/?s={search_term_string}"},"query-input":{"@type":"PropertyValueSpecification","valueRequired":true,"valueName":"search_term_string"}}],"inLanguage":"es-AR"},{"@type":"Organization","@id":"https:\/\/www.fcejs.unsl.edu.ar\/#organization","name":"Facultad de Ciencias Econ\u00f3micas, Jur\u00eddicas y Sociales","url":"https:\/\/www.fcejs.unsl.edu.ar\/","logo":{"@type":"ImageObject","inLanguage":"es-AR","@id":"https:\/\/www.fcejs.unsl.edu.ar\/#\/schema\/logo\/image\/","url":"https:\/\/www.fcejs.unsl.edu.ar\/wp-content\/uploads\/2021\/03\/logo-1.jpg","contentUrl":"https:\/\/www.fcejs.unsl.edu.ar\/wp-content\/uploads\/2021\/03\/logo-1.jpg","width":471,"height":146,"caption":"Facultad de Ciencias Econ\u00f3micas, Jur\u00eddicas y Sociales"},"image":{"@id":"https:\/\/www.fcejs.unsl.edu.ar\/#\/schema\/logo\/image\/"},"sameAs":["https:\/\/www.facebook.com\/FCEJS.UNSL\/","https:\/\/x.com\/FCEJSUNSL","https:\/\/www.instagram.com\/fcejs.unsl\/","https:\/\/www.youtube.com\/channel\/UCH-Ut6EaN_X5ogjIQMPe46g\/"]},{"@type":"Person","@id":"https:\/\/www.fcejs.unsl.edu.ar\/#\/schema\/person\/352ee6ed90c3f394c7cb5945f8956d34","name":"DATI"}]}},"jetpack_featured_media_url":"https:\/\/www.fcejs.unsl.edu.ar\/wp-content\/uploads\/2025\/10\/reunion-cgt-front.jpg","_links":{"self":[{"href":"https:\/\/www.fcejs.unsl.edu.ar\/index.php\/wp-json\/wp\/v2\/posts\/21883","targetHints":{"allow":["GET"]}}],"collection":[{"href":"https:\/\/www.fcejs.unsl.edu.ar\/index.php\/wp-json\/wp\/v2\/posts"}],"about":[{"href":"https:\/\/www.fcejs.unsl.edu.ar\/index.php\/wp-json\/wp\/v2\/types\/post"}],"author":[{"embeddable":true,"href":"https:\/\/www.fcejs.unsl.edu.ar\/index.php\/wp-json\/wp\/v2\/users\/9"}],"replies":[{"embeddable":true,"href":"https:\/\/www.fcejs.unsl.edu.ar\/index.php\/wp-json\/wp\/v2\/comments?post=21883"}],"version-history":[{"count":4,"href":"https:\/\/www.fcejs.unsl.edu.ar\/index.php\/wp-json\/wp\/v2\/posts\/21883\/revisions"}],"predecessor-version":[{"id":21894,"href":"https:\/\/www.fcejs.unsl.edu.ar\/index.php\/wp-json\/wp\/v2\/posts\/21883\/revisions\/21894"}],"wp:featuredmedia":[{"embeddable":true,"href":"https:\/\/www.fcejs.unsl.edu.ar\/index.php\/wp-json\/wp\/v2\/media\/21884"}],"wp:attachment":[{"href":"https:\/\/www.fcejs.unsl.edu.ar\/index.php\/wp-json\/wp\/v2\/media?parent=21883"}],"wp:term":[{"taxonomy":"category","embeddable":true,"href":"https:\/\/www.fcejs.unsl.edu.ar\/index.php\/wp-json\/wp\/v2\/categories?post=21883"},{"taxonomy":"post_tag","embeddable":true,"href":"https:\/\/www.fcejs.unsl.edu.ar\/index.php\/wp-json\/wp\/v2\/tags?post=21883"}],"curies":[{"name":"wp","href":"https:\/\/api.w.org\/{rel}","templated":true}]}}