{"id":21808,"date":"2025-09-26T12:22:43","date_gmt":"2025-09-26T15:22:43","guid":{"rendered":"http:\/\/10.101.10.197\/www\/?p=21808"},"modified":"2025-10-06T12:52:56","modified_gmt":"2025-10-06T15:52:56","slug":"maria-analia-bergamini-primera-especialista-en-abordajes-de-problematicas-sociales-desde-la-perspectiva-de-genero-y-diversidad","status":"publish","type":"post","link":"https:\/\/www.fcejs.unsl.edu.ar\/index.php\/maria-analia-bergamini-primera-especialista-en-abordajes-de-problematicas-sociales-desde-la-perspectiva-de-genero-y-diversidad\/","title":{"rendered":"Mar\u00eda Anal\u00eda Bergamini, primera Especialista en Abordajes de Problem\u00e1ticas Sociales desde la Perspectiva de G\u00e9nero y Diversidad"},"content":{"rendered":"<p data-start=\"133\" data-end=\"475\">La Secretar\u00eda de Investigaci\u00f3n y Posgrado informa que el viernes 4 de septiembre, la estudiante <strong data-start=\"229\" data-end=\"255\">Mar\u00eda Anal\u00eda Bergamini<\/strong> realiz\u00f3 la defensa de su <strong data-start=\"281\" data-end=\"309\">Trabajo Final Integrador<\/strong>, convirti\u00e9ndose en la <strong>primera egresada de la carrera <em data-start=\"363\" data-end=\"460\">Especialista en Abordajes de Problem\u00e1ticas Sociales desde la Perspectiva de G\u00e9nero y Diversidad<\/em> de la FCEJS.<\/strong><\/p>\n<p data-start=\"477\" data-end=\"799\">El equipo de gesti\u00f3n de la carrera celebra este logro y destaca <strong>\u201cel esfuerzo que significa sostener el cursado de carreras de posgrado en un contexto de profunda crisis que atravesamos, renovando nuestra apuesta a la formaci\u00f3n de profesionales comprometidos y comprometidas con la transformaci\u00f3n de realidades injustas\u201d<\/strong>.<\/p>\n<p data-start=\"801\" data-end=\"1155\">Bajo el t\u00edtulo <em data-start=\"816\" data-end=\"1076\">\u201cDesigualdad en el acceso al mercado formal de trabajo de mujeres y disidencias obreras en el sector de la construcci\u00f3n en la provincia de San Luis: Dispositivo de acompa\u00f1amiento para la inserci\u00f3n laboral desde la Universidad Provincial de Oficios Eva Per\u00f3n\u201d<\/em>, el trabajo final de Bergamini recibi\u00f3 la calificaci\u00f3n de <strong data-start=\"1135\" data-end=\"1152\">Sobresaliente<\/strong>.<\/p>\n<p data-start=\"801\" data-end=\"1155\"><img fetchpriority=\"high\" decoding=\"async\" class=\"aligncenter wp-image-21816 size-full\" src=\"https:\/\/www.fcejs.unsl.edu.ar\/wp-content\/uploads\/2025\/09\/Maria-Analia-Bergamini-2.jpg\" alt=\"\" width=\"1100\" height=\"733\" srcset=\"https:\/\/www.fcejs.unsl.edu.ar\/wp-content\/uploads\/2025\/09\/Maria-Analia-Bergamini-2.jpg 1100w, https:\/\/www.fcejs.unsl.edu.ar\/wp-content\/uploads\/2025\/09\/Maria-Analia-Bergamini-2-300x200.jpg 300w, https:\/\/www.fcejs.unsl.edu.ar\/wp-content\/uploads\/2025\/09\/Maria-Analia-Bergamini-2-1024x682.jpg 1024w, https:\/\/www.fcejs.unsl.edu.ar\/wp-content\/uploads\/2025\/09\/Maria-Analia-Bergamini-2-768x512.jpg 768w\" sizes=\"(max-width: 1100px) 100vw, 1100px\" \/><\/p>\n<p data-start=\"1157\" data-end=\"1382\">El jurado estuvo integrado por la Mgtr. Alejandra Mar\u00eda Rovacio, la Esp. Mariela Beatriz De Marco y, de manera virtual, el Dr. C\u00e9sar Mart\u00edn Barletta. La direcci\u00f3n del trabajo estuvo a cargo de la Lic. Paula Andrea Meschini.<\/p>\n<p data-start=\"1384\" data-end=\"1628\">La defensa cont\u00f3 con la presencia de la Mgtr. Mar\u00eda Gabriela Morales; la Lic. Marcela Alejandra Pozzi Vieyra, directora y asesora acad\u00e9mica de la carrera, respectivamente; y la Mgtr. Mariel Ayel\u00e9n Neme, secretaria de Investigaci\u00f3n y Posgrado.<\/p>\n<p data-start=\"1384\" data-end=\"1628\"><div class=\"gmedia_gallery phantom_module is_bot\" id=\"GmediaGallery_294\" data-gmid=\"294\" data-module=\"phantom\"><style type='text\/css' class='gmedia_module_style_import'>@import url('https:\/\/www.fcejs.unsl.edu.ar\/wp-content\/plugins\/grand-media\/module\/phantom\/css\/style.css') all;<\/style>    <div class=\"gmPhantom_Container noLightbox\" >\r\n                <div class=\"gmPhantom_thumbsWrapper gmPhantom_ThumbScale gmPhantom_LabelHover\">\r\n                        <div class=\"gmPhantom_ThumbContainer gmPhantom_ThumbLoader\" data-id=\"5245\" data-post_id=\"21821\" data-ratio=\"1.5\" data-type=\"image\" data-ext=\"jpg\" data-views=\"12\" data-likes=\"0\" data-cc=\"0\" data-post_link=\"https:\/\/www.fcejs.unsl.edu.ar\/index.php\/gmedia\/mar_a_anal_a_bergamini-7-jpg\/\">\r\n                <a href=\"https:\/\/www.fcejs.unsl.edu.ar\/wp-content\/grand-media\/image\/Mar_a_Anal_a_Bergamini-7.jpg\" class=\"gmPhantom_Thumb\"><img decoding=\"async\" src=\"https:\/\/www.fcejs.unsl.edu.ar\/wp-content\/grand-media\/image\/thumb\/Mar_a_Anal_a_Bergamini-7.jpg\" data-src=\"https:\/\/www.fcejs.unsl.edu.ar\/wp-content\/grand-media\/image\/Mar_a_Anal_a_Bergamini-7.jpg\" alt=\"Mar\u00eda Anal\u00eda Bergamini-7\"\/><\/a>\r\n                                    <div class=\"gmPhantom_ThumbLabel\"><span class=\"gmPhantom_ThumbLabel_title\">Mar\u00eda Anal\u00eda Bergamini-7<\/span><\/div>\r\n                                    <div style=\"display:none;\" class=\"gmPhantom_Details\">\r\n                                            <div class=\"gmPhantom_description\">\r\n                            <div class=\"gmPhantom_title\">Mar\u00eda Anal\u00eda Bergamini-7<\/div>\r\n                            <div class=\"gmPhantom_text\"><\/div>\r\n                        <\/div>\r\n                                                            <div class=\"gmPhantom_terms\">\r\n                                                    <div class=\"gmPhantom_other_terms\">\r\n                                <table class=\"gmPhantom_other_terms_table\">\r\n                                                                            <tr class=\"gmPhantom_term_row_album\">\r\n                                            <td class=\"gmPhantom_term_key\">Album<\/td>\r\n                                            <td class=\"gmPhantom_term_value\"><a href=\"\/index.php\/wp-json\/wp\/v2\/posts\/21808?gm294[album__in]=294\" class=\"gmPhantom_alb\">Mar\u00eda Anal\u00eda Bergamini-2025<\/a><\/td>\r\n                                        <\/tr>\r\n                                                                    <\/table>\r\n                            <\/div>\r\n                                                <\/div>\r\n                <\/div>\r\n                <\/div>            <div class=\"gmPhantom_ThumbContainer gmPhantom_ThumbLoader\" data-id=\"5244\" data-post_id=\"21820\" data-ratio=\"1.5\" data-type=\"image\" data-ext=\"jpg\" data-views=\"12\" data-likes=\"0\" data-cc=\"0\" data-post_link=\"https:\/\/www.fcejs.unsl.edu.ar\/index.php\/gmedia\/mar_a_anal_a_bergamini-6-jpg\/\">\r\n                <a href=\"https:\/\/www.fcejs.unsl.edu.ar\/wp-content\/grand-media\/image\/Mar_a_Anal_a_Bergamini-6.jpg\" class=\"gmPhantom_Thumb\"><img decoding=\"async\" src=\"https:\/\/www.fcejs.unsl.edu.ar\/wp-content\/grand-media\/image\/thumb\/Mar_a_Anal_a_Bergamini-6.jpg\" data-src=\"https:\/\/www.fcejs.unsl.edu.ar\/wp-content\/grand-media\/image\/Mar_a_Anal_a_Bergamini-6.jpg\" alt=\"Mar\u00eda Anal\u00eda Bergamini-6\"\/><\/a>\r\n                                    <div class=\"gmPhantom_ThumbLabel\"><span class=\"gmPhantom_ThumbLabel_title\">Mar\u00eda Anal\u00eda Bergamini-6<\/span><\/div>\r\n                                    <div style=\"display:none;\" class=\"gmPhantom_Details\">\r\n                                            <div class=\"gmPhantom_description\">\r\n                            <div class=\"gmPhantom_title\">Mar\u00eda Anal\u00eda Bergamini-6<\/div>\r\n                            <div class=\"gmPhantom_text\"><\/div>\r\n                        <\/div>\r\n                                                            <div class=\"gmPhantom_terms\">\r\n                                                    <div class=\"gmPhantom_other_terms\">\r\n                                <table class=\"gmPhantom_other_terms_table\">\r\n                                                                            <tr class=\"gmPhantom_term_row_album\">\r\n                                            <td class=\"gmPhantom_term_key\">Album<\/td>\r\n                                            <td class=\"gmPhantom_term_value\"><a href=\"\/index.php\/wp-json\/wp\/v2\/posts\/21808?gm294[album__in]=294\" class=\"gmPhantom_alb\">Mar\u00eda Anal\u00eda Bergamini-2025<\/a><\/td>\r\n                                        <\/tr>\r\n                                                                    <\/table>\r\n                            <\/div>\r\n                                                <\/div>\r\n                <\/div>\r\n                <\/div>            <div class=\"gmPhantom_ThumbContainer gmPhantom_ThumbLoader\" data-id=\"5243\" data-post_id=\"21819\" data-ratio=\"1.5\" data-type=\"image\" data-ext=\"jpg\" data-views=\"11\" data-likes=\"0\" data-cc=\"0\" data-post_link=\"https:\/\/www.fcejs.unsl.edu.ar\/index.php\/gmedia\/mar_a_anal_a_bergamini-3-jpg\/\">\r\n                <a href=\"https:\/\/www.fcejs.unsl.edu.ar\/wp-content\/grand-media\/image\/Mar_a_Anal_a_Bergamini-3.jpg\" class=\"gmPhantom_Thumb\"><img decoding=\"async\" src=\"https:\/\/www.fcejs.unsl.edu.ar\/wp-content\/grand-media\/image\/thumb\/Mar_a_Anal_a_Bergamini-3.jpg\" data-src=\"https:\/\/www.fcejs.unsl.edu.ar\/wp-content\/grand-media\/image\/Mar_a_Anal_a_Bergamini-3.jpg\" alt=\"Mar\u00eda Anal\u00eda Bergamini-3\"\/><\/a>\r\n                                    <div class=\"gmPhantom_ThumbLabel\"><span class=\"gmPhantom_ThumbLabel_title\">Mar\u00eda Anal\u00eda Bergamini-3<\/span><\/div>\r\n                                    <div style=\"display:none;\" class=\"gmPhantom_Details\">\r\n                                            <div class=\"gmPhantom_description\">\r\n                            <div class=\"gmPhantom_title\">Mar\u00eda Anal\u00eda Bergamini-3<\/div>\r\n                            <div class=\"gmPhantom_text\"><\/div>\r\n                        <\/div>\r\n                                                            <div class=\"gmPhantom_terms\">\r\n                                                    <div class=\"gmPhantom_other_terms\">\r\n                                <table class=\"gmPhantom_other_terms_table\">\r\n                                                                            <tr class=\"gmPhantom_term_row_album\">\r\n                                            <td class=\"gmPhantom_term_key\">Album<\/td>\r\n                                            <td class=\"gmPhantom_term_value\"><a href=\"\/index.php\/wp-json\/wp\/v2\/posts\/21808?gm294[album__in]=294\" class=\"gmPhantom_alb\">Mar\u00eda Anal\u00eda Bergamini-2025<\/a><\/td>\r\n                                        <\/tr>\r\n                                                                    <\/table>\r\n                            <\/div>\r\n                                                <\/div>\r\n                <\/div>\r\n                <\/div>            <div class=\"gmPhantom_ThumbContainer gmPhantom_ThumbLoader\" data-id=\"5242\" data-post_id=\"21818\" data-ratio=\"1.5\" data-type=\"image\" data-ext=\"jpg\" data-views=\"11\" data-likes=\"0\" data-cc=\"0\" data-post_link=\"https:\/\/www.fcejs.unsl.edu.ar\/index.php\/gmedia\/mar_a_anal_a_bergamini-jpg\/\">\r\n                <a href=\"https:\/\/www.fcejs.unsl.edu.ar\/wp-content\/grand-media\/image\/Mar_a_Anal_a_Bergamini.jpg\" class=\"gmPhantom_Thumb\"><img decoding=\"async\" src=\"https:\/\/www.fcejs.unsl.edu.ar\/wp-content\/grand-media\/image\/thumb\/Mar_a_Anal_a_Bergamini.jpg\" data-src=\"https:\/\/www.fcejs.unsl.edu.ar\/wp-content\/grand-media\/image\/Mar_a_Anal_a_Bergamini.jpg\" alt=\"Mar\u00eda Anal\u00eda Bergamini\"\/><\/a>\r\n                                    <div class=\"gmPhantom_ThumbLabel\"><span class=\"gmPhantom_ThumbLabel_title\">Mar\u00eda Anal\u00eda Bergamini<\/span><\/div>\r\n                                    <div style=\"display:none;\" class=\"gmPhantom_Details\">\r\n                                            <div class=\"gmPhantom_description\">\r\n                            <div class=\"gmPhantom_title\">Mar\u00eda Anal\u00eda Bergamini<\/div>\r\n                            <div class=\"gmPhantom_text\"><\/div>\r\n                        <\/div>\r\n                                                            <div class=\"gmPhantom_terms\">\r\n                                                    <div class=\"gmPhantom_other_terms\">\r\n                                <table class=\"gmPhantom_other_terms_table\">\r\n                                                                            <tr class=\"gmPhantom_term_row_album\">\r\n                                            <td class=\"gmPhantom_term_key\">Album<\/td>\r\n                                            <td class=\"gmPhantom_term_value\"><a href=\"\/index.php\/wp-json\/wp\/v2\/posts\/21808?gm294[album__in]=294\" class=\"gmPhantom_alb\">Mar\u00eda Anal\u00eda Bergamini-2025<\/a><\/td>\r\n                                        <\/tr>\r\n                                                                    <\/table>\r\n                            <\/div>\r\n                                                <\/div>\r\n                <\/div>\r\n                <\/div>        <\/div>\r\n    <\/div>\r\n<\/div><\/p>\n<p data-start=\"1384\" data-end=\"1628\">\n","protected":false},"excerpt":{"rendered":"<p>La Secretar\u00eda de Investigaci\u00f3n y Posgrado informa que el viernes 4 de septiembre, la estudiante Mar\u00eda Anal\u00eda Bergamini realiz\u00f3 la defensa de su Trabajo Final&hellip;<\/p>\n","protected":false},"author":9,"featured_media":21815,"comment_status":"closed","ping_status":"closed","sticky":false,"template":"","format":"standard","meta":{"om_disable_all_campaigns":false,"_monsterinsights_skip_tracking":false,"_monsterinsights_sitenote_active":false,"_monsterinsights_sitenote_note":"","_monsterinsights_sitenote_category":0,"footnotes":""},"categories":[1],"tags":[],"class_list":["post-21808","post","type-post","status-publish","format-standard","has-post-thumbnail","hentry","category-noticias"],"yoast_head":"<!-- This site is optimized with the Yoast SEO plugin v27.5 - https:\/\/yoast.com\/product\/yoast-seo-wordpress\/ -->\n<title>Mar\u00eda Anal\u00eda Bergamini, primera Especialista en Abordajes de Problem\u00e1ticas Sociales desde la Perspectiva de G\u00e9nero y Diversidad - Facultad de Ciencias Econ\u00f3micas, Jur\u00ed\u00addicas y Sociales<\/title>\n<meta name=\"robots\" content=\"index, follow, max-snippet:-1, max-image-preview:large, max-video-preview:-1\" \/>\n<link rel=\"canonical\" href=\"https:\/\/www.fcejs.unsl.edu.ar\/index.php\/maria-analia-bergamini-primera-especialista-en-abordajes-de-problematicas-sociales-desde-la-perspectiva-de-genero-y-diversidad\/\" \/>\n<meta property=\"og:locale\" content=\"es_ES\" \/>\n<meta property=\"og:type\" content=\"article\" \/>\n<meta property=\"og:title\" content=\"Mar\u00eda Anal\u00eda Bergamini, primera Especialista en Abordajes de Problem\u00e1ticas Sociales desde la Perspectiva de G\u00e9nero y Diversidad - Facultad de Ciencias Econ\u00f3micas, Jur\u00ed\u00addicas y Sociales\" \/>\n<meta property=\"og:description\" content=\"La Secretar\u00eda de Investigaci\u00f3n y Posgrado informa que el viernes 4 de septiembre, la estudiante Mar\u00eda Anal\u00eda Bergamini realiz\u00f3 la defensa de su Trabajo Final&hellip;\" \/>\n<meta property=\"og:url\" content=\"https:\/\/www.fcejs.unsl.edu.ar\/index.php\/maria-analia-bergamini-primera-especialista-en-abordajes-de-problematicas-sociales-desde-la-perspectiva-de-genero-y-diversidad\/\" \/>\n<meta property=\"og:site_name\" content=\"Facultad de Ciencias Econ\u00f3micas, Jur\u00ed\u00addicas y Sociales\" \/>\n<meta property=\"article:publisher\" content=\"https:\/\/www.facebook.com\/FCEJS.UNSL\/\" \/>\n<meta property=\"article:published_time\" content=\"2025-09-26T15:22:43+00:00\" \/>\n<meta property=\"article:modified_time\" content=\"2025-10-06T15:52:56+00:00\" \/>\n<meta property=\"og:image\" content=\"https:\/\/www.fcejs.unsl.edu.ar\/wp-content\/uploads\/2025\/09\/Maria-Analia-Bergamini-front.jpg\" \/>\n\t<meta property=\"og:image:width\" content=\"1152\" \/>\n\t<meta property=\"og:image:height\" content=\"647\" \/>\n\t<meta property=\"og:image:type\" content=\"image\/jpeg\" \/>\n<meta name=\"author\" content=\"DATI\" \/>\n<meta name=\"twitter:card\" content=\"summary_large_image\" \/>\n<meta name=\"twitter:creator\" content=\"@FCEJSUNSL\" \/>\n<meta name=\"twitter:site\" content=\"@FCEJSUNSL\" \/>\n<meta name=\"twitter:label1\" content=\"Escrito por\" \/>\n\t<meta name=\"twitter:data1\" content=\"DATI\" \/>\n\t<meta name=\"twitter:label2\" content=\"Tiempo de lectura\" \/>\n\t<meta name=\"twitter:data2\" content=\"2 minutos\" \/>\n<script type=\"application\/ld+json\" class=\"yoast-schema-graph\">{\"@context\":\"https:\\\/\\\/schema.org\",\"@graph\":[{\"@type\":\"Article\",\"@id\":\"https:\\\/\\\/www.fcejs.unsl.edu.ar\\\/index.php\\\/maria-analia-bergamini-primera-especialista-en-abordajes-de-problematicas-sociales-desde-la-perspectiva-de-genero-y-diversidad\\\/#article\",\"isPartOf\":{\"@id\":\"https:\\\/\\\/www.fcejs.unsl.edu.ar\\\/index.php\\\/maria-analia-bergamini-primera-especialista-en-abordajes-de-problematicas-sociales-desde-la-perspectiva-de-genero-y-diversidad\\\/\"},\"author\":{\"name\":\"DATI\",\"@id\":\"https:\\\/\\\/www.fcejs.unsl.edu.ar\\\/#\\\/schema\\\/person\\\/352ee6ed90c3f394c7cb5945f8956d34\"},\"headline\":\"Mar\u00eda Anal\u00eda Bergamini, primera Especialista en Abordajes de Problem\u00e1ticas Sociales desde la Perspectiva de G\u00e9nero y Diversidad\",\"datePublished\":\"2025-09-26T15:22:43+00:00\",\"dateModified\":\"2025-10-06T15:52:56+00:00\",\"mainEntityOfPage\":{\"@id\":\"https:\\\/\\\/www.fcejs.unsl.edu.ar\\\/index.php\\\/maria-analia-bergamini-primera-especialista-en-abordajes-de-problematicas-sociales-desde-la-perspectiva-de-genero-y-diversidad\\\/\"},\"wordCount\":273,\"publisher\":{\"@id\":\"https:\\\/\\\/www.fcejs.unsl.edu.ar\\\/#organization\"},\"image\":{\"@id\":\"https:\\\/\\\/www.fcejs.unsl.edu.ar\\\/index.php\\\/maria-analia-bergamini-primera-especialista-en-abordajes-de-problematicas-sociales-desde-la-perspectiva-de-genero-y-diversidad\\\/#primaryimage\"},\"thumbnailUrl\":\"https:\\\/\\\/www.fcejs.unsl.edu.ar\\\/wp-content\\\/uploads\\\/2025\\\/09\\\/Maria-Analia-Bergamini-front.jpg\",\"articleSection\":[\"Noticias\"],\"inLanguage\":\"es-AR\"},{\"@type\":\"WebPage\",\"@id\":\"https:\\\/\\\/www.fcejs.unsl.edu.ar\\\/index.php\\\/maria-analia-bergamini-primera-especialista-en-abordajes-de-problematicas-sociales-desde-la-perspectiva-de-genero-y-diversidad\\\/\",\"url\":\"https:\\\/\\\/www.fcejs.unsl.edu.ar\\\/index.php\\\/maria-analia-bergamini-primera-especialista-en-abordajes-de-problematicas-sociales-desde-la-perspectiva-de-genero-y-diversidad\\\/\",\"name\":\"Mar\u00eda Anal\u00eda Bergamini, primera Especialista en Abordajes de Problem\u00e1ticas Sociales desde la Perspectiva de G\u00e9nero y Diversidad - Facultad de Ciencias Econ\u00f3micas, Jur\u00ed\u00addicas y Sociales\",\"isPartOf\":{\"@id\":\"https:\\\/\\\/www.fcejs.unsl.edu.ar\\\/#website\"},\"primaryImageOfPage\":{\"@id\":\"https:\\\/\\\/www.fcejs.unsl.edu.ar\\\/index.php\\\/maria-analia-bergamini-primera-especialista-en-abordajes-de-problematicas-sociales-desde-la-perspectiva-de-genero-y-diversidad\\\/#primaryimage\"},\"image\":{\"@id\":\"https:\\\/\\\/www.fcejs.unsl.edu.ar\\\/index.php\\\/maria-analia-bergamini-primera-especialista-en-abordajes-de-problematicas-sociales-desde-la-perspectiva-de-genero-y-diversidad\\\/#primaryimage\"},\"thumbnailUrl\":\"https:\\\/\\\/www.fcejs.unsl.edu.ar\\\/wp-content\\\/uploads\\\/2025\\\/09\\\/Maria-Analia-Bergamini-front.jpg\",\"datePublished\":\"2025-09-26T15:22:43+00:00\",\"dateModified\":\"2025-10-06T15:52:56+00:00\",\"breadcrumb\":{\"@id\":\"https:\\\/\\\/www.fcejs.unsl.edu.ar\\\/index.php\\\/maria-analia-bergamini-primera-especialista-en-abordajes-de-problematicas-sociales-desde-la-perspectiva-de-genero-y-diversidad\\\/#breadcrumb\"},\"inLanguage\":\"es-AR\",\"potentialAction\":[{\"@type\":\"ReadAction\",\"target\":[\"https:\\\/\\\/www.fcejs.unsl.edu.ar\\\/index.php\\\/maria-analia-bergamini-primera-especialista-en-abordajes-de-problematicas-sociales-desde-la-perspectiva-de-genero-y-diversidad\\\/\"]}]},{\"@type\":\"ImageObject\",\"inLanguage\":\"es-AR\",\"@id\":\"https:\\\/\\\/www.fcejs.unsl.edu.ar\\\/index.php\\\/maria-analia-bergamini-primera-especialista-en-abordajes-de-problematicas-sociales-desde-la-perspectiva-de-genero-y-diversidad\\\/#primaryimage\",\"url\":\"https:\\\/\\\/www.fcejs.unsl.edu.ar\\\/wp-content\\\/uploads\\\/2025\\\/09\\\/Maria-Analia-Bergamini-front.jpg\",\"contentUrl\":\"https:\\\/\\\/www.fcejs.unsl.edu.ar\\\/wp-content\\\/uploads\\\/2025\\\/09\\\/Maria-Analia-Bergamini-front.jpg\",\"width\":1152,\"height\":647},{\"@type\":\"BreadcrumbList\",\"@id\":\"https:\\\/\\\/www.fcejs.unsl.edu.ar\\\/index.php\\\/maria-analia-bergamini-primera-especialista-en-abordajes-de-problematicas-sociales-desde-la-perspectiva-de-genero-y-diversidad\\\/#breadcrumb\",\"itemListElement\":[{\"@type\":\"ListItem\",\"position\":1,\"name\":\"Inicio\",\"item\":\"https:\\\/\\\/www.fcejs.unsl.edu.ar\\\/\"},{\"@type\":\"ListItem\",\"position\":2,\"name\":\"Mar\u00eda Anal\u00eda Bergamini, primera Especialista en Abordajes de Problem\u00e1ticas Sociales desde la Perspectiva de G\u00e9nero y Diversidad\"}]},{\"@type\":\"WebSite\",\"@id\":\"https:\\\/\\\/www.fcejs.unsl.edu.ar\\\/#website\",\"url\":\"https:\\\/\\\/www.fcejs.unsl.edu.ar\\\/\",\"name\":\"Facultad de Ciencias Econ\u00f3micas, Jur\u00ed\u00addicas y Sociales\",\"description\":\"\",\"publisher\":{\"@id\":\"https:\\\/\\\/www.fcejs.unsl.edu.ar\\\/#organization\"},\"potentialAction\":[{\"@type\":\"SearchAction\",\"target\":{\"@type\":\"EntryPoint\",\"urlTemplate\":\"https:\\\/\\\/www.fcejs.unsl.edu.ar\\\/?s={search_term_string}\"},\"query-input\":{\"@type\":\"PropertyValueSpecification\",\"valueRequired\":true,\"valueName\":\"search_term_string\"}}],\"inLanguage\":\"es-AR\"},{\"@type\":\"Organization\",\"@id\":\"https:\\\/\\\/www.fcejs.unsl.edu.ar\\\/#organization\",\"name\":\"Facultad de Ciencias Econ\u00f3micas, Jur\u00eddicas y Sociales\",\"url\":\"https:\\\/\\\/www.fcejs.unsl.edu.ar\\\/\",\"logo\":{\"@type\":\"ImageObject\",\"inLanguage\":\"es-AR\",\"@id\":\"https:\\\/\\\/www.fcejs.unsl.edu.ar\\\/#\\\/schema\\\/logo\\\/image\\\/\",\"url\":\"https:\\\/\\\/www.fcejs.unsl.edu.ar\\\/wp-content\\\/uploads\\\/2021\\\/03\\\/logo-1.jpg\",\"contentUrl\":\"https:\\\/\\\/www.fcejs.unsl.edu.ar\\\/wp-content\\\/uploads\\\/2021\\\/03\\\/logo-1.jpg\",\"width\":471,\"height\":146,\"caption\":\"Facultad de Ciencias Econ\u00f3micas, Jur\u00eddicas y Sociales\"},\"image\":{\"@id\":\"https:\\\/\\\/www.fcejs.unsl.edu.ar\\\/#\\\/schema\\\/logo\\\/image\\\/\"},\"sameAs\":[\"https:\\\/\\\/www.facebook.com\\\/FCEJS.UNSL\\\/\",\"https:\\\/\\\/x.com\\\/FCEJSUNSL\",\"https:\\\/\\\/www.instagram.com\\\/fcejs.unsl\\\/\",\"https:\\\/\\\/www.youtube.com\\\/channel\\\/UCH-Ut6EaN_X5ogjIQMPe46g\\\/\"]},{\"@type\":\"Person\",\"@id\":\"https:\\\/\\\/www.fcejs.unsl.edu.ar\\\/#\\\/schema\\\/person\\\/352ee6ed90c3f394c7cb5945f8956d34\",\"name\":\"DATI\"}]}<\/script>\n<!-- \/ Yoast SEO plugin. -->","yoast_head_json":{"title":"Mar\u00eda Anal\u00eda Bergamini, primera Especialista en Abordajes de Problem\u00e1ticas Sociales desde la Perspectiva de G\u00e9nero y Diversidad - Facultad de Ciencias Econ\u00f3micas, Jur\u00ed\u00addicas y Sociales","robots":{"index":"index","follow":"follow","max-snippet":"max-snippet:-1","max-image-preview":"max-image-preview:large","max-video-preview":"max-video-preview:-1"},"canonical":"https:\/\/www.fcejs.unsl.edu.ar\/index.php\/maria-analia-bergamini-primera-especialista-en-abordajes-de-problematicas-sociales-desde-la-perspectiva-de-genero-y-diversidad\/","og_locale":"es_ES","og_type":"article","og_title":"Mar\u00eda Anal\u00eda Bergamini, primera Especialista en Abordajes de Problem\u00e1ticas Sociales desde la Perspectiva de G\u00e9nero y Diversidad - Facultad de Ciencias Econ\u00f3micas, Jur\u00ed\u00addicas y Sociales","og_description":"La Secretar\u00eda de Investigaci\u00f3n y Posgrado informa que el viernes 4 de septiembre, la estudiante Mar\u00eda Anal\u00eda Bergamini realiz\u00f3 la defensa de su Trabajo Final&hellip;","og_url":"https:\/\/www.fcejs.unsl.edu.ar\/index.php\/maria-analia-bergamini-primera-especialista-en-abordajes-de-problematicas-sociales-desde-la-perspectiva-de-genero-y-diversidad\/","og_site_name":"Facultad de Ciencias Econ\u00f3micas, Jur\u00ed\u00addicas y Sociales","article_publisher":"https:\/\/www.facebook.com\/FCEJS.UNSL\/","article_published_time":"2025-09-26T15:22:43+00:00","article_modified_time":"2025-10-06T15:52:56+00:00","og_image":[{"width":1152,"height":647,"url":"https:\/\/www.fcejs.unsl.edu.ar\/wp-content\/uploads\/2025\/09\/Maria-Analia-Bergamini-front.jpg","type":"image\/jpeg"}],"author":"DATI","twitter_card":"summary_large_image","twitter_creator":"@FCEJSUNSL","twitter_site":"@FCEJSUNSL","twitter_misc":{"Escrito por":"DATI","Tiempo de lectura":"2 minutos"},"schema":{"@context":"https:\/\/schema.org","@graph":[{"@type":"Article","@id":"https:\/\/www.fcejs.unsl.edu.ar\/index.php\/maria-analia-bergamini-primera-especialista-en-abordajes-de-problematicas-sociales-desde-la-perspectiva-de-genero-y-diversidad\/#article","isPartOf":{"@id":"https:\/\/www.fcejs.unsl.edu.ar\/index.php\/maria-analia-bergamini-primera-especialista-en-abordajes-de-problematicas-sociales-desde-la-perspectiva-de-genero-y-diversidad\/"},"author":{"name":"DATI","@id":"https:\/\/www.fcejs.unsl.edu.ar\/#\/schema\/person\/352ee6ed90c3f394c7cb5945f8956d34"},"headline":"Mar\u00eda Anal\u00eda Bergamini, primera Especialista en Abordajes de Problem\u00e1ticas Sociales desde la Perspectiva de G\u00e9nero y Diversidad","datePublished":"2025-09-26T15:22:43+00:00","dateModified":"2025-10-06T15:52:56+00:00","mainEntityOfPage":{"@id":"https:\/\/www.fcejs.unsl.edu.ar\/index.php\/maria-analia-bergamini-primera-especialista-en-abordajes-de-problematicas-sociales-desde-la-perspectiva-de-genero-y-diversidad\/"},"wordCount":273,"publisher":{"@id":"https:\/\/www.fcejs.unsl.edu.ar\/#organization"},"image":{"@id":"https:\/\/www.fcejs.unsl.edu.ar\/index.php\/maria-analia-bergamini-primera-especialista-en-abordajes-de-problematicas-sociales-desde-la-perspectiva-de-genero-y-diversidad\/#primaryimage"},"thumbnailUrl":"https:\/\/www.fcejs.unsl.edu.ar\/wp-content\/uploads\/2025\/09\/Maria-Analia-Bergamini-front.jpg","articleSection":["Noticias"],"inLanguage":"es-AR"},{"@type":"WebPage","@id":"https:\/\/www.fcejs.unsl.edu.ar\/index.php\/maria-analia-bergamini-primera-especialista-en-abordajes-de-problematicas-sociales-desde-la-perspectiva-de-genero-y-diversidad\/","url":"https:\/\/www.fcejs.unsl.edu.ar\/index.php\/maria-analia-bergamini-primera-especialista-en-abordajes-de-problematicas-sociales-desde-la-perspectiva-de-genero-y-diversidad\/","name":"Mar\u00eda Anal\u00eda Bergamini, primera Especialista en Abordajes de Problem\u00e1ticas Sociales desde la Perspectiva de G\u00e9nero y Diversidad - Facultad de Ciencias Econ\u00f3micas, Jur\u00ed\u00addicas y Sociales","isPartOf":{"@id":"https:\/\/www.fcejs.unsl.edu.ar\/#website"},"primaryImageOfPage":{"@id":"https:\/\/www.fcejs.unsl.edu.ar\/index.php\/maria-analia-bergamini-primera-especialista-en-abordajes-de-problematicas-sociales-desde-la-perspectiva-de-genero-y-diversidad\/#primaryimage"},"image":{"@id":"https:\/\/www.fcejs.unsl.edu.ar\/index.php\/maria-analia-bergamini-primera-especialista-en-abordajes-de-problematicas-sociales-desde-la-perspectiva-de-genero-y-diversidad\/#primaryimage"},"thumbnailUrl":"https:\/\/www.fcejs.unsl.edu.ar\/wp-content\/uploads\/2025\/09\/Maria-Analia-Bergamini-front.jpg","datePublished":"2025-09-26T15:22:43+00:00","dateModified":"2025-10-06T15:52:56+00:00","breadcrumb":{"@id":"https:\/\/www.fcejs.unsl.edu.ar\/index.php\/maria-analia-bergamini-primera-especialista-en-abordajes-de-problematicas-sociales-desde-la-perspectiva-de-genero-y-diversidad\/#breadcrumb"},"inLanguage":"es-AR","potentialAction":[{"@type":"ReadAction","target":["https:\/\/www.fcejs.unsl.edu.ar\/index.php\/maria-analia-bergamini-primera-especialista-en-abordajes-de-problematicas-sociales-desde-la-perspectiva-de-genero-y-diversidad\/"]}]},{"@type":"ImageObject","inLanguage":"es-AR","@id":"https:\/\/www.fcejs.unsl.edu.ar\/index.php\/maria-analia-bergamini-primera-especialista-en-abordajes-de-problematicas-sociales-desde-la-perspectiva-de-genero-y-diversidad\/#primaryimage","url":"https:\/\/www.fcejs.unsl.edu.ar\/wp-content\/uploads\/2025\/09\/Maria-Analia-Bergamini-front.jpg","contentUrl":"https:\/\/www.fcejs.unsl.edu.ar\/wp-content\/uploads\/2025\/09\/Maria-Analia-Bergamini-front.jpg","width":1152,"height":647},{"@type":"BreadcrumbList","@id":"https:\/\/www.fcejs.unsl.edu.ar\/index.php\/maria-analia-bergamini-primera-especialista-en-abordajes-de-problematicas-sociales-desde-la-perspectiva-de-genero-y-diversidad\/#breadcrumb","itemListElement":[{"@type":"ListItem","position":1,"name":"Inicio","item":"https:\/\/www.fcejs.unsl.edu.ar\/"},{"@type":"ListItem","position":2,"name":"Mar\u00eda Anal\u00eda Bergamini, primera Especialista en Abordajes de Problem\u00e1ticas Sociales desde la Perspectiva de G\u00e9nero y Diversidad"}]},{"@type":"WebSite","@id":"https:\/\/www.fcejs.unsl.edu.ar\/#website","url":"https:\/\/www.fcejs.unsl.edu.ar\/","name":"Facultad de Ciencias Econ\u00f3micas, Jur\u00ed\u00addicas y Sociales","description":"","publisher":{"@id":"https:\/\/www.fcejs.unsl.edu.ar\/#organization"},"potentialAction":[{"@type":"SearchAction","target":{"@type":"EntryPoint","urlTemplate":"https:\/\/www.fcejs.unsl.edu.ar\/?s={search_term_string}"},"query-input":{"@type":"PropertyValueSpecification","valueRequired":true,"valueName":"search_term_string"}}],"inLanguage":"es-AR"},{"@type":"Organization","@id":"https:\/\/www.fcejs.unsl.edu.ar\/#organization","name":"Facultad de Ciencias Econ\u00f3micas, Jur\u00eddicas y Sociales","url":"https:\/\/www.fcejs.unsl.edu.ar\/","logo":{"@type":"ImageObject","inLanguage":"es-AR","@id":"https:\/\/www.fcejs.unsl.edu.ar\/#\/schema\/logo\/image\/","url":"https:\/\/www.fcejs.unsl.edu.ar\/wp-content\/uploads\/2021\/03\/logo-1.jpg","contentUrl":"https:\/\/www.fcejs.unsl.edu.ar\/wp-content\/uploads\/2021\/03\/logo-1.jpg","width":471,"height":146,"caption":"Facultad de Ciencias Econ\u00f3micas, Jur\u00eddicas y Sociales"},"image":{"@id":"https:\/\/www.fcejs.unsl.edu.ar\/#\/schema\/logo\/image\/"},"sameAs":["https:\/\/www.facebook.com\/FCEJS.UNSL\/","https:\/\/x.com\/FCEJSUNSL","https:\/\/www.instagram.com\/fcejs.unsl\/","https:\/\/www.youtube.com\/channel\/UCH-Ut6EaN_X5ogjIQMPe46g\/"]},{"@type":"Person","@id":"https:\/\/www.fcejs.unsl.edu.ar\/#\/schema\/person\/352ee6ed90c3f394c7cb5945f8956d34","name":"DATI"}]}},"jetpack_featured_media_url":"https:\/\/www.fcejs.unsl.edu.ar\/wp-content\/uploads\/2025\/09\/Maria-Analia-Bergamini-front.jpg","_links":{"self":[{"href":"https:\/\/www.fcejs.unsl.edu.ar\/index.php\/wp-json\/wp\/v2\/posts\/21808","targetHints":{"allow":["GET"]}}],"collection":[{"href":"https:\/\/www.fcejs.unsl.edu.ar\/index.php\/wp-json\/wp\/v2\/posts"}],"about":[{"href":"https:\/\/www.fcejs.unsl.edu.ar\/index.php\/wp-json\/wp\/v2\/types\/post"}],"author":[{"embeddable":true,"href":"https:\/\/www.fcejs.unsl.edu.ar\/index.php\/wp-json\/wp\/v2\/users\/9"}],"replies":[{"embeddable":true,"href":"https:\/\/www.fcejs.unsl.edu.ar\/index.php\/wp-json\/wp\/v2\/comments?post=21808"}],"version-history":[{"count":2,"href":"https:\/\/www.fcejs.unsl.edu.ar\/index.php\/wp-json\/wp\/v2\/posts\/21808\/revisions"}],"predecessor-version":[{"id":21822,"href":"https:\/\/www.fcejs.unsl.edu.ar\/index.php\/wp-json\/wp\/v2\/posts\/21808\/revisions\/21822"}],"wp:featuredmedia":[{"embeddable":true,"href":"https:\/\/www.fcejs.unsl.edu.ar\/index.php\/wp-json\/wp\/v2\/media\/21815"}],"wp:attachment":[{"href":"https:\/\/www.fcejs.unsl.edu.ar\/index.php\/wp-json\/wp\/v2\/media?parent=21808"}],"wp:term":[{"taxonomy":"category","embeddable":true,"href":"https:\/\/www.fcejs.unsl.edu.ar\/index.php\/wp-json\/wp\/v2\/categories?post=21808"},{"taxonomy":"post_tag","embeddable":true,"href":"https:\/\/www.fcejs.unsl.edu.ar\/index.php\/wp-json\/wp\/v2\/tags?post=21808"}],"curies":[{"name":"wp","href":"https:\/\/api.w.org\/{rel}","templated":true}]}}