{"id":21784,"date":"2025-10-06T10:17:35","date_gmt":"2025-10-06T13:17:35","guid":{"rendered":"http:\/\/10.101.10.197\/www\/?p=21784"},"modified":"2025-10-14T13:10:35","modified_gmt":"2025-10-14T16:10:35","slug":"la-fcejs-lanza-la-diplomatura-en-seguridad-privada-para-el-2026","status":"publish","type":"post","link":"https:\/\/www.fcejs.unsl.edu.ar\/index.php\/la-fcejs-lanza-la-diplomatura-en-seguridad-privada-para-el-2026\/","title":{"rendered":"La FCEJS lanza la Diplomatura en Seguridad Privada para el 2026"},"content":{"rendered":"<p data-start=\"322\" data-end=\"563\">El pasado jueves 25 de septiembre, durante una reunion de trabajo con representantes de\u00a0la <strong data-start=\"675\" data-end=\"744\">Uni\u00f3n del Personal de Seguridad de la Rep\u00fablica Argentina (UPSRA), <\/strong>la <strong data-start=\"360\" data-end=\"425\">Facultad de Ciencias Econ\u00f3micas, Jur\u00eddicas y Sociales (FCEJS)<\/strong> de la UNSL aprob\u00f3 el dictado de la primera cohorte de la nueva <strong data-start=\"463\" data-end=\"499\">Diplomatura en Seguridad Privada<\/strong>, que iniciar\u00e1 de <strong>manera virtual<\/strong> en el primer semestre de 2026.<\/p>\n<p data-start=\"565\" data-end=\"959\">La reuni\u00f3n fue presidida por el decano de la FCEJS, <strong data-start=\"623\" data-end=\"646\">Mgtr. H\u00e9ctor Flores <\/strong>y cont\u00f3 con la participaci\u00f3n del Delegado Regional de San Luis y Representante de la Patagonia de <strong data-start=\"675\" data-end=\"744\">UPSRA<\/strong>, <strong data-start=\"746\" data-end=\"764\">Isa\u00edas Miranda<\/strong>; la Vicedecana,<strong> Esp. Patricia Mor\u00e1n<\/strong>, la Secretaria de Extensi\u00f3n Universitaria, <strong data-start=\"794\" data-end=\"820\">Lic. Nazarena Echand\u00eda<\/strong>; el Subsecretario de Comunicaci\u00f3n, Ceremonial y Protocolo, <strong data-start=\"880\" data-end=\"911\">Lic. Cristian Carlos Payero <\/strong>(responsable acad\u00e9mico de la diplomatura); el Representante de la Pampa de UPSRA,<strong> Juan Sarmiento<\/strong>, el Representante de San Rafael de UPSRA<strong data-start=\"675\" data-end=\"744\">, Walter Osez <\/strong>y el colaborador gremial,<strong> Andr\u00e9s Pereyra.<\/strong><\/p>\n<p data-start=\"565\" data-end=\"959\"><img fetchpriority=\"high\" decoding=\"async\" class=\"aligncenter wp-image-21800 size-full\" src=\"https:\/\/www.fcejs.unsl.edu.ar\/wp-content\/uploads\/2025\/09\/upsra-reunion-fcejs-2.jpg\" alt=\"\" width=\"1100\" height=\"733\" srcset=\"https:\/\/www.fcejs.unsl.edu.ar\/wp-content\/uploads\/2025\/09\/upsra-reunion-fcejs-2.jpg 1100w, https:\/\/www.fcejs.unsl.edu.ar\/wp-content\/uploads\/2025\/09\/upsra-reunion-fcejs-2-300x200.jpg 300w, https:\/\/www.fcejs.unsl.edu.ar\/wp-content\/uploads\/2025\/09\/upsra-reunion-fcejs-2-1024x682.jpg 1024w, https:\/\/www.fcejs.unsl.edu.ar\/wp-content\/uploads\/2025\/09\/upsra-reunion-fcejs-2-768x512.jpg 768w\" sizes=\"(max-width: 1100px) 100vw, 1100px\" \/><\/p>\n<p>La diplomatura tiene como prop\u00f3sito <strong data-start=\"1030\" data-end=\"1067\">profesionalizar a los vigiladores<\/strong>, integrando conocimientos t\u00e9cnicos, legales y sociales que fortalezcan su rol en la seguridad y la prevenci\u00f3n. La propuesta est\u00e1 dirigida a <strong data-start=\"1357\" data-end=\"1403\">trabajadores del sector mayores de 18 a\u00f1os<\/strong> y busca aportar a una seguridad privada m\u00e1s capacitada, con impacto directo en la convivencia social.<\/p>\n<p>Esta iniciativa surge del trabajo conjunto entre la <strong data-start=\"1598\" data-end=\"1606\">UNSL<\/strong> y la <strong data-start=\"1612\" data-end=\"1621\">UPSRA<\/strong>. Como antecedente, en junio de 2024 ambas instituciones llevaron adelante un <strong data-start=\"1699\" data-end=\"1746\">curso de actualizaci\u00f3n en seguridad privada<\/strong> dictado por docentes de la FCEJS, del que participaron <strong data-start=\"1802\" data-end=\"1835\">110 vigiladores y vigiladoras<\/strong> de la provincia de San Luis.<\/p>\n<p data-start=\"1868\" data-end=\"2273\">Actualmente, la seguridad privada cumple un papel cada vez m\u00e1s relevante. Seg\u00fan la <strong data-start=\"1951\" data-end=\"1992\">Encuesta Permanente de Hogares (2024)<\/strong>, en Argentina alrededor de <strong data-start=\"2020\" data-end=\"2040\">190.000 personas<\/strong> se dedican a esta actividad, de las cuales <strong data-start=\"2084\" data-end=\"2114\">4.000 lo hacen en San Luis<\/strong>. Sin embargo, en muchos casos el acceso al oficio se produce sin una formaci\u00f3n integral que abarque dimensiones normativas, psicol\u00f3gicas, sociales y \u00e9ticas.<\/p>\n<p>La nueva diplomatura reconoce al vigilador como <strong data-start=\"2357\" data-end=\"2410\">actor clave del sistema de seguridad y prevenci\u00f3n<\/strong>, con responsabilidades que trascienden lo operativo. El desempe\u00f1o profesional requiere no solo habilidades f\u00edsicas, sino tambi\u00e9n <strong data-start=\"2540\" data-end=\"2671\">capacidad de an\u00e1lisis, comunicaci\u00f3n, toma de decisiones, cuidado de la salud mental y compromiso \u00e9tico con los derechos humanos<\/strong>.<\/p>\n<p data-start=\"2676\" data-end=\"2955\">Desde este enfoque interdisciplinario, la diplomatura se propone <strong data-start=\"2741\" data-end=\"2834\">formar profesionales capaces de responder a los desaf\u00edos actuales de la seguridad privada<\/strong>, aportando a la construcci\u00f3n de una convivencia <strong data-start=\"2883\" data-end=\"2952\">m\u00e1s segura, inclusiva y respetuosa de la dignidad de las personas<\/strong>.<\/p>\n<p data-start=\"1182\" data-end=\"1210\">Los contenidos contemplan:<\/p>\n<ul>\n<li data-start=\"1213\" data-end=\"1251\">Marco legal de la seguridad privada.<\/li>\n<li data-start=\"1254\" data-end=\"1276\">Psicolog\u00eda aplicada.<\/li>\n<li data-start=\"1279\" data-end=\"1303\">Gesti\u00f3n de conflictos.<\/li>\n<li data-start=\"1306\" data-end=\"1326\">Primeros auxilios.<\/li>\n<\/ul>\n<p>Informes: Secretaria Extensi\u00f3n FCEJS <span style=\"color: #0000ff;\">secretariaextensionfcejs@gmail.com<\/span><\/p>\n<p>&nbsp;<\/p>\n<div class=\"gmedia_gallery phantom_module is_bot\" id=\"GmediaGallery_293\" data-gmid=\"293\" data-module=\"phantom\"><style type='text\/css' class='gmedia_module_style_import'>@import url('https:\/\/www.fcejs.unsl.edu.ar\/wp-content\/plugins\/grand-media\/module\/phantom\/css\/style.css') all;<\/style>    <div class=\"gmPhantom_Container noLightbox\" >\r\n                <div class=\"gmPhantom_thumbsWrapper gmPhantom_ThumbScale gmPhantom_LabelHover\">\r\n                        <div class=\"gmPhantom_ThumbContainer gmPhantom_ThumbLoader\" data-id=\"5241\" data-post_id=\"21795\" data-ratio=\"1.5\" data-type=\"image\" data-ext=\"jpg\" data-views=\"16\" data-likes=\"0\" data-cc=\"0\" data-post_link=\"https:\/\/www.fcejs.unsl.edu.ar\/index.php\/gmedia\/upsra-reunion-fcejs-9-jpg\/\">\r\n                <a href=\"https:\/\/www.fcejs.unsl.edu.ar\/wp-content\/grand-media\/image\/upsra-reunion-fcejs-9.jpg\" class=\"gmPhantom_Thumb\"><img decoding=\"async\" src=\"https:\/\/www.fcejs.unsl.edu.ar\/wp-content\/grand-media\/image\/thumb\/upsra-reunion-fcejs-9.jpg\" data-src=\"https:\/\/www.fcejs.unsl.edu.ar\/wp-content\/grand-media\/image\/upsra-reunion-fcejs-9.jpg\" alt=\"Upsra-reunion-fcejs-9\"\/><\/a>\r\n                                    <div class=\"gmPhantom_ThumbLabel\"><span class=\"gmPhantom_ThumbLabel_title\">Upsra-reunion-fcejs-9<\/span><\/div>\r\n                                    <div style=\"display:none;\" class=\"gmPhantom_Details\">\r\n                                            <div class=\"gmPhantom_description\">\r\n                            <div class=\"gmPhantom_title\">Upsra-reunion-fcejs-9<\/div>\r\n                            <div class=\"gmPhantom_text\"><\/div>\r\n                        <\/div>\r\n                                                            <div class=\"gmPhantom_terms\">\r\n                                                    <div class=\"gmPhantom_other_terms\">\r\n                                <table class=\"gmPhantom_other_terms_table\">\r\n                                                                            <tr class=\"gmPhantom_term_row_album\">\r\n                                            <td class=\"gmPhantom_term_key\">Album<\/td>\r\n                                            <td class=\"gmPhantom_term_value\"><a href=\"\/index.php\/wp-json\/wp\/v2\/posts\/21784?gm293[album__in]=293\" class=\"gmPhantom_alb\">Diplomatura en Seguridad Privada-2025<\/a><\/td>\r\n                                        <\/tr>\r\n                                                                    <\/table>\r\n                            <\/div>\r\n                                                <\/div>\r\n                <\/div>\r\n                <\/div>            <div class=\"gmPhantom_ThumbContainer gmPhantom_ThumbLoader\" data-id=\"5240\" data-post_id=\"21794\" data-ratio=\"1.5\" data-type=\"image\" data-ext=\"jpg\" data-views=\"16\" data-likes=\"0\" data-cc=\"0\" data-post_link=\"https:\/\/www.fcejs.unsl.edu.ar\/index.php\/gmedia\/upsra-reunion-fcejs-7-jpg\/\">\r\n                <a href=\"https:\/\/www.fcejs.unsl.edu.ar\/wp-content\/grand-media\/image\/upsra-reunion-fcejs-7.jpg\" class=\"gmPhantom_Thumb\"><img decoding=\"async\" src=\"https:\/\/www.fcejs.unsl.edu.ar\/wp-content\/grand-media\/image\/thumb\/upsra-reunion-fcejs-7.jpg\" data-src=\"https:\/\/www.fcejs.unsl.edu.ar\/wp-content\/grand-media\/image\/upsra-reunion-fcejs-7.jpg\" alt=\"Upsra-reunion-fcejs-7\"\/><\/a>\r\n                                    <div class=\"gmPhantom_ThumbLabel\"><span class=\"gmPhantom_ThumbLabel_title\">Upsra-reunion-fcejs-7<\/span><\/div>\r\n                                    <div style=\"display:none;\" class=\"gmPhantom_Details\">\r\n                                            <div class=\"gmPhantom_description\">\r\n                            <div class=\"gmPhantom_title\">Upsra-reunion-fcejs-7<\/div>\r\n                            <div class=\"gmPhantom_text\"><\/div>\r\n                        <\/div>\r\n                                                            <div class=\"gmPhantom_terms\">\r\n                                                    <div class=\"gmPhantom_other_terms\">\r\n                                <table class=\"gmPhantom_other_terms_table\">\r\n                                                                            <tr class=\"gmPhantom_term_row_album\">\r\n                                            <td class=\"gmPhantom_term_key\">Album<\/td>\r\n                                            <td class=\"gmPhantom_term_value\"><a href=\"\/index.php\/wp-json\/wp\/v2\/posts\/21784?gm293[album__in]=293\" class=\"gmPhantom_alb\">Diplomatura en Seguridad Privada-2025<\/a><\/td>\r\n                                        <\/tr>\r\n                                                                    <\/table>\r\n                            <\/div>\r\n                                                <\/div>\r\n                <\/div>\r\n                <\/div>            <div class=\"gmPhantom_ThumbContainer gmPhantom_ThumbLoader\" data-id=\"5239\" data-post_id=\"21793\" data-ratio=\"1.5\" data-type=\"image\" data-ext=\"jpg\" data-views=\"8\" data-likes=\"0\" data-cc=\"0\" data-post_link=\"https:\/\/www.fcejs.unsl.edu.ar\/index.php\/gmedia\/upsra-reunion-fcejs-6-jpg\/\">\r\n                <a href=\"https:\/\/www.fcejs.unsl.edu.ar\/wp-content\/grand-media\/image\/upsra-reunion-fcejs-6.jpg\" class=\"gmPhantom_Thumb\"><img decoding=\"async\" src=\"https:\/\/www.fcejs.unsl.edu.ar\/wp-content\/grand-media\/image\/thumb\/upsra-reunion-fcejs-6.jpg\" data-src=\"https:\/\/www.fcejs.unsl.edu.ar\/wp-content\/grand-media\/image\/upsra-reunion-fcejs-6.jpg\" alt=\"Upsra-reunion-fcejs-6\"\/><\/a>\r\n                                    <div class=\"gmPhantom_ThumbLabel\"><span class=\"gmPhantom_ThumbLabel_title\">Upsra-reunion-fcejs-6<\/span><\/div>\r\n                                    <div style=\"display:none;\" class=\"gmPhantom_Details\">\r\n                                            <div class=\"gmPhantom_description\">\r\n                            <div class=\"gmPhantom_title\">Upsra-reunion-fcejs-6<\/div>\r\n                            <div class=\"gmPhantom_text\"><\/div>\r\n                        <\/div>\r\n                                                            <div class=\"gmPhantom_terms\">\r\n                                                    <div class=\"gmPhantom_other_terms\">\r\n                                <table class=\"gmPhantom_other_terms_table\">\r\n                                                                            <tr class=\"gmPhantom_term_row_album\">\r\n                                            <td class=\"gmPhantom_term_key\">Album<\/td>\r\n                                            <td class=\"gmPhantom_term_value\"><a href=\"\/index.php\/wp-json\/wp\/v2\/posts\/21784?gm293[album__in]=293\" class=\"gmPhantom_alb\">Diplomatura en Seguridad Privada-2025<\/a><\/td>\r\n                                        <\/tr>\r\n                                                                    <\/table>\r\n                            <\/div>\r\n                                                <\/div>\r\n                <\/div>\r\n                <\/div>            <div class=\"gmPhantom_ThumbContainer gmPhantom_ThumbLoader\" data-id=\"5238\" data-post_id=\"21792\" data-ratio=\"1.5\" data-type=\"image\" data-ext=\"jpg\" data-views=\"16\" data-likes=\"0\" data-cc=\"0\" data-post_link=\"https:\/\/www.fcejs.unsl.edu.ar\/index.php\/gmedia\/upsra-reunion-fcejs-4-jpg\/\">\r\n                <a href=\"https:\/\/www.fcejs.unsl.edu.ar\/wp-content\/grand-media\/image\/upsra-reunion-fcejs-4.jpg\" class=\"gmPhantom_Thumb\"><img decoding=\"async\" src=\"https:\/\/www.fcejs.unsl.edu.ar\/wp-content\/grand-media\/image\/thumb\/upsra-reunion-fcejs-4.jpg\" data-src=\"https:\/\/www.fcejs.unsl.edu.ar\/wp-content\/grand-media\/image\/upsra-reunion-fcejs-4.jpg\" alt=\"Upsra-reunion-fcejs-4\"\/><\/a>\r\n                                    <div class=\"gmPhantom_ThumbLabel\"><span class=\"gmPhantom_ThumbLabel_title\">Upsra-reunion-fcejs-4<\/span><\/div>\r\n                                    <div style=\"display:none;\" class=\"gmPhantom_Details\">\r\n                                            <div class=\"gmPhantom_description\">\r\n                            <div class=\"gmPhantom_title\">Upsra-reunion-fcejs-4<\/div>\r\n                            <div class=\"gmPhantom_text\"><\/div>\r\n                        <\/div>\r\n                                                            <div class=\"gmPhantom_terms\">\r\n                                                    <div class=\"gmPhantom_other_terms\">\r\n                                <table class=\"gmPhantom_other_terms_table\">\r\n                                                                            <tr class=\"gmPhantom_term_row_album\">\r\n                                            <td class=\"gmPhantom_term_key\">Album<\/td>\r\n                                            <td class=\"gmPhantom_term_value\"><a href=\"\/index.php\/wp-json\/wp\/v2\/posts\/21784?gm293[album__in]=293\" class=\"gmPhantom_alb\">Diplomatura en Seguridad Privada-2025<\/a><\/td>\r\n                                        <\/tr>\r\n                                                                    <\/table>\r\n                            <\/div>\r\n                                                <\/div>\r\n                <\/div>\r\n                <\/div>        <\/div>\r\n    <\/div>\r\n<\/div>\n<p>&nbsp;<\/p>\n<p>&nbsp;<\/p>\n<p data-start=\"2676\" data-end=\"2955\">\n","protected":false},"excerpt":{"rendered":"<p>El pasado jueves 25 de septiembre, durante una reunion de trabajo con representantes de\u00a0la Uni\u00f3n del Personal de Seguridad de la Rep\u00fablica Argentina (UPSRA), la&hellip;<\/p>\n","protected":false},"author":9,"featured_media":21785,"comment_status":"closed","ping_status":"closed","sticky":false,"template":"","format":"standard","meta":{"om_disable_all_campaigns":false,"_monsterinsights_skip_tracking":false,"_monsterinsights_sitenote_active":false,"_monsterinsights_sitenote_note":"","_monsterinsights_sitenote_category":0,"footnotes":""},"categories":[1,19],"tags":[],"class_list":["post-21784","post","type-post","status-publish","format-standard","has-post-thumbnail","hentry","category-noticias","category-principal"],"yoast_head":"<!-- This site is optimized with the Yoast SEO plugin v27.5 - https:\/\/yoast.com\/product\/yoast-seo-wordpress\/ -->\n<title>La FCEJS lanza la Diplomatura en Seguridad Privada para el 2026 - Facultad de Ciencias Econ\u00f3micas, Jur\u00ed\u00addicas y Sociales<\/title>\n<meta name=\"robots\" content=\"index, follow, max-snippet:-1, max-image-preview:large, max-video-preview:-1\" \/>\n<link rel=\"canonical\" href=\"https:\/\/www.fcejs.unsl.edu.ar\/index.php\/la-fcejs-lanza-la-diplomatura-en-seguridad-privada-para-el-2026\/\" \/>\n<meta property=\"og:locale\" content=\"es_ES\" \/>\n<meta property=\"og:type\" content=\"article\" \/>\n<meta property=\"og:title\" content=\"La FCEJS lanza la Diplomatura en Seguridad Privada para el 2026 - Facultad de Ciencias Econ\u00f3micas, Jur\u00ed\u00addicas y Sociales\" \/>\n<meta property=\"og:description\" content=\"El pasado jueves 25 de septiembre, durante una reunion de trabajo con representantes de\u00a0la Uni\u00f3n del Personal de Seguridad de la Rep\u00fablica Argentina (UPSRA), la&hellip;\" \/>\n<meta property=\"og:url\" content=\"https:\/\/www.fcejs.unsl.edu.ar\/index.php\/la-fcejs-lanza-la-diplomatura-en-seguridad-privada-para-el-2026\/\" \/>\n<meta property=\"og:site_name\" content=\"Facultad de Ciencias Econ\u00f3micas, Jur\u00ed\u00addicas y Sociales\" \/>\n<meta property=\"article:publisher\" content=\"https:\/\/www.facebook.com\/FCEJS.UNSL\/\" \/>\n<meta property=\"article:published_time\" content=\"2025-10-06T13:17:35+00:00\" \/>\n<meta property=\"article:modified_time\" content=\"2025-10-14T16:10:35+00:00\" \/>\n<meta property=\"og:image\" content=\"https:\/\/www.fcejs.unsl.edu.ar\/wp-content\/uploads\/2025\/09\/upsra-reunion-fcejs-Diplomatura-Seguridad-Privada-2.jpg\" \/>\n\t<meta property=\"og:image:width\" content=\"1100\" \/>\n\t<meta property=\"og:image:height\" content=\"733\" \/>\n\t<meta property=\"og:image:type\" content=\"image\/jpeg\" \/>\n<meta name=\"author\" content=\"DATI\" \/>\n<meta name=\"twitter:card\" content=\"summary_large_image\" \/>\n<meta name=\"twitter:creator\" content=\"@FCEJSUNSL\" \/>\n<meta name=\"twitter:site\" content=\"@FCEJSUNSL\" \/>\n<meta name=\"twitter:label1\" content=\"Escrito por\" \/>\n\t<meta name=\"twitter:data1\" content=\"DATI\" \/>\n\t<meta name=\"twitter:label2\" content=\"Tiempo de lectura\" \/>\n\t<meta name=\"twitter:data2\" content=\"3 minutos\" \/>\n<script type=\"application\/ld+json\" class=\"yoast-schema-graph\">{\"@context\":\"https:\\\/\\\/schema.org\",\"@graph\":[{\"@type\":\"Article\",\"@id\":\"https:\\\/\\\/www.fcejs.unsl.edu.ar\\\/index.php\\\/la-fcejs-lanza-la-diplomatura-en-seguridad-privada-para-el-2026\\\/#article\",\"isPartOf\":{\"@id\":\"https:\\\/\\\/www.fcejs.unsl.edu.ar\\\/index.php\\\/la-fcejs-lanza-la-diplomatura-en-seguridad-privada-para-el-2026\\\/\"},\"author\":{\"name\":\"DATI\",\"@id\":\"https:\\\/\\\/www.fcejs.unsl.edu.ar\\\/#\\\/schema\\\/person\\\/352ee6ed90c3f394c7cb5945f8956d34\"},\"headline\":\"La FCEJS lanza la Diplomatura en Seguridad Privada para el 2026\",\"datePublished\":\"2025-10-06T13:17:35+00:00\",\"dateModified\":\"2025-10-14T16:10:35+00:00\",\"mainEntityOfPage\":{\"@id\":\"https:\\\/\\\/www.fcejs.unsl.edu.ar\\\/index.php\\\/la-fcejs-lanza-la-diplomatura-en-seguridad-privada-para-el-2026\\\/\"},\"wordCount\":465,\"publisher\":{\"@id\":\"https:\\\/\\\/www.fcejs.unsl.edu.ar\\\/#organization\"},\"image\":{\"@id\":\"https:\\\/\\\/www.fcejs.unsl.edu.ar\\\/index.php\\\/la-fcejs-lanza-la-diplomatura-en-seguridad-privada-para-el-2026\\\/#primaryimage\"},\"thumbnailUrl\":\"https:\\\/\\\/www.fcejs.unsl.edu.ar\\\/wp-content\\\/uploads\\\/2025\\\/09\\\/upsra-reunion-fcejs-Diplomatura-Seguridad-Privada-2.jpg\",\"articleSection\":[\"Noticias\",\"Principal\"],\"inLanguage\":\"es-AR\"},{\"@type\":\"WebPage\",\"@id\":\"https:\\\/\\\/www.fcejs.unsl.edu.ar\\\/index.php\\\/la-fcejs-lanza-la-diplomatura-en-seguridad-privada-para-el-2026\\\/\",\"url\":\"https:\\\/\\\/www.fcejs.unsl.edu.ar\\\/index.php\\\/la-fcejs-lanza-la-diplomatura-en-seguridad-privada-para-el-2026\\\/\",\"name\":\"La FCEJS lanza la Diplomatura en Seguridad Privada para el 2026 - Facultad de Ciencias Econ\u00f3micas, Jur\u00ed\u00addicas y Sociales\",\"isPartOf\":{\"@id\":\"https:\\\/\\\/www.fcejs.unsl.edu.ar\\\/#website\"},\"primaryImageOfPage\":{\"@id\":\"https:\\\/\\\/www.fcejs.unsl.edu.ar\\\/index.php\\\/la-fcejs-lanza-la-diplomatura-en-seguridad-privada-para-el-2026\\\/#primaryimage\"},\"image\":{\"@id\":\"https:\\\/\\\/www.fcejs.unsl.edu.ar\\\/index.php\\\/la-fcejs-lanza-la-diplomatura-en-seguridad-privada-para-el-2026\\\/#primaryimage\"},\"thumbnailUrl\":\"https:\\\/\\\/www.fcejs.unsl.edu.ar\\\/wp-content\\\/uploads\\\/2025\\\/09\\\/upsra-reunion-fcejs-Diplomatura-Seguridad-Privada-2.jpg\",\"datePublished\":\"2025-10-06T13:17:35+00:00\",\"dateModified\":\"2025-10-14T16:10:35+00:00\",\"breadcrumb\":{\"@id\":\"https:\\\/\\\/www.fcejs.unsl.edu.ar\\\/index.php\\\/la-fcejs-lanza-la-diplomatura-en-seguridad-privada-para-el-2026\\\/#breadcrumb\"},\"inLanguage\":\"es-AR\",\"potentialAction\":[{\"@type\":\"ReadAction\",\"target\":[\"https:\\\/\\\/www.fcejs.unsl.edu.ar\\\/index.php\\\/la-fcejs-lanza-la-diplomatura-en-seguridad-privada-para-el-2026\\\/\"]}]},{\"@type\":\"ImageObject\",\"inLanguage\":\"es-AR\",\"@id\":\"https:\\\/\\\/www.fcejs.unsl.edu.ar\\\/index.php\\\/la-fcejs-lanza-la-diplomatura-en-seguridad-privada-para-el-2026\\\/#primaryimage\",\"url\":\"https:\\\/\\\/www.fcejs.unsl.edu.ar\\\/wp-content\\\/uploads\\\/2025\\\/09\\\/upsra-reunion-fcejs-Diplomatura-Seguridad-Privada-2.jpg\",\"contentUrl\":\"https:\\\/\\\/www.fcejs.unsl.edu.ar\\\/wp-content\\\/uploads\\\/2025\\\/09\\\/upsra-reunion-fcejs-Diplomatura-Seguridad-Privada-2.jpg\",\"width\":1100,\"height\":733},{\"@type\":\"BreadcrumbList\",\"@id\":\"https:\\\/\\\/www.fcejs.unsl.edu.ar\\\/index.php\\\/la-fcejs-lanza-la-diplomatura-en-seguridad-privada-para-el-2026\\\/#breadcrumb\",\"itemListElement\":[{\"@type\":\"ListItem\",\"position\":1,\"name\":\"Inicio\",\"item\":\"https:\\\/\\\/www.fcejs.unsl.edu.ar\\\/\"},{\"@type\":\"ListItem\",\"position\":2,\"name\":\"La FCEJS lanza la Diplomatura en Seguridad Privada para el 2026\"}]},{\"@type\":\"WebSite\",\"@id\":\"https:\\\/\\\/www.fcejs.unsl.edu.ar\\\/#website\",\"url\":\"https:\\\/\\\/www.fcejs.unsl.edu.ar\\\/\",\"name\":\"Facultad de Ciencias Econ\u00f3micas, Jur\u00ed\u00addicas y Sociales\",\"description\":\"\",\"publisher\":{\"@id\":\"https:\\\/\\\/www.fcejs.unsl.edu.ar\\\/#organization\"},\"potentialAction\":[{\"@type\":\"SearchAction\",\"target\":{\"@type\":\"EntryPoint\",\"urlTemplate\":\"https:\\\/\\\/www.fcejs.unsl.edu.ar\\\/?s={search_term_string}\"},\"query-input\":{\"@type\":\"PropertyValueSpecification\",\"valueRequired\":true,\"valueName\":\"search_term_string\"}}],\"inLanguage\":\"es-AR\"},{\"@type\":\"Organization\",\"@id\":\"https:\\\/\\\/www.fcejs.unsl.edu.ar\\\/#organization\",\"name\":\"Facultad de Ciencias Econ\u00f3micas, Jur\u00eddicas y Sociales\",\"url\":\"https:\\\/\\\/www.fcejs.unsl.edu.ar\\\/\",\"logo\":{\"@type\":\"ImageObject\",\"inLanguage\":\"es-AR\",\"@id\":\"https:\\\/\\\/www.fcejs.unsl.edu.ar\\\/#\\\/schema\\\/logo\\\/image\\\/\",\"url\":\"https:\\\/\\\/www.fcejs.unsl.edu.ar\\\/wp-content\\\/uploads\\\/2021\\\/03\\\/logo-1.jpg\",\"contentUrl\":\"https:\\\/\\\/www.fcejs.unsl.edu.ar\\\/wp-content\\\/uploads\\\/2021\\\/03\\\/logo-1.jpg\",\"width\":471,\"height\":146,\"caption\":\"Facultad de Ciencias Econ\u00f3micas, Jur\u00eddicas y Sociales\"},\"image\":{\"@id\":\"https:\\\/\\\/www.fcejs.unsl.edu.ar\\\/#\\\/schema\\\/logo\\\/image\\\/\"},\"sameAs\":[\"https:\\\/\\\/www.facebook.com\\\/FCEJS.UNSL\\\/\",\"https:\\\/\\\/x.com\\\/FCEJSUNSL\",\"https:\\\/\\\/www.instagram.com\\\/fcejs.unsl\\\/\",\"https:\\\/\\\/www.youtube.com\\\/channel\\\/UCH-Ut6EaN_X5ogjIQMPe46g\\\/\"]},{\"@type\":\"Person\",\"@id\":\"https:\\\/\\\/www.fcejs.unsl.edu.ar\\\/#\\\/schema\\\/person\\\/352ee6ed90c3f394c7cb5945f8956d34\",\"name\":\"DATI\"}]}<\/script>\n<!-- \/ Yoast SEO plugin. -->","yoast_head_json":{"title":"La FCEJS lanza la Diplomatura en Seguridad Privada para el 2026 - Facultad de Ciencias Econ\u00f3micas, Jur\u00ed\u00addicas y Sociales","robots":{"index":"index","follow":"follow","max-snippet":"max-snippet:-1","max-image-preview":"max-image-preview:large","max-video-preview":"max-video-preview:-1"},"canonical":"https:\/\/www.fcejs.unsl.edu.ar\/index.php\/la-fcejs-lanza-la-diplomatura-en-seguridad-privada-para-el-2026\/","og_locale":"es_ES","og_type":"article","og_title":"La FCEJS lanza la Diplomatura en Seguridad Privada para el 2026 - Facultad de Ciencias Econ\u00f3micas, Jur\u00ed\u00addicas y Sociales","og_description":"El pasado jueves 25 de septiembre, durante una reunion de trabajo con representantes de\u00a0la Uni\u00f3n del Personal de Seguridad de la Rep\u00fablica Argentina (UPSRA), la&hellip;","og_url":"https:\/\/www.fcejs.unsl.edu.ar\/index.php\/la-fcejs-lanza-la-diplomatura-en-seguridad-privada-para-el-2026\/","og_site_name":"Facultad de Ciencias Econ\u00f3micas, Jur\u00ed\u00addicas y Sociales","article_publisher":"https:\/\/www.facebook.com\/FCEJS.UNSL\/","article_published_time":"2025-10-06T13:17:35+00:00","article_modified_time":"2025-10-14T16:10:35+00:00","og_image":[{"width":1100,"height":733,"url":"https:\/\/www.fcejs.unsl.edu.ar\/wp-content\/uploads\/2025\/09\/upsra-reunion-fcejs-Diplomatura-Seguridad-Privada-2.jpg","type":"image\/jpeg"}],"author":"DATI","twitter_card":"summary_large_image","twitter_creator":"@FCEJSUNSL","twitter_site":"@FCEJSUNSL","twitter_misc":{"Escrito por":"DATI","Tiempo de lectura":"3 minutos"},"schema":{"@context":"https:\/\/schema.org","@graph":[{"@type":"Article","@id":"https:\/\/www.fcejs.unsl.edu.ar\/index.php\/la-fcejs-lanza-la-diplomatura-en-seguridad-privada-para-el-2026\/#article","isPartOf":{"@id":"https:\/\/www.fcejs.unsl.edu.ar\/index.php\/la-fcejs-lanza-la-diplomatura-en-seguridad-privada-para-el-2026\/"},"author":{"name":"DATI","@id":"https:\/\/www.fcejs.unsl.edu.ar\/#\/schema\/person\/352ee6ed90c3f394c7cb5945f8956d34"},"headline":"La FCEJS lanza la Diplomatura en Seguridad Privada para el 2026","datePublished":"2025-10-06T13:17:35+00:00","dateModified":"2025-10-14T16:10:35+00:00","mainEntityOfPage":{"@id":"https:\/\/www.fcejs.unsl.edu.ar\/index.php\/la-fcejs-lanza-la-diplomatura-en-seguridad-privada-para-el-2026\/"},"wordCount":465,"publisher":{"@id":"https:\/\/www.fcejs.unsl.edu.ar\/#organization"},"image":{"@id":"https:\/\/www.fcejs.unsl.edu.ar\/index.php\/la-fcejs-lanza-la-diplomatura-en-seguridad-privada-para-el-2026\/#primaryimage"},"thumbnailUrl":"https:\/\/www.fcejs.unsl.edu.ar\/wp-content\/uploads\/2025\/09\/upsra-reunion-fcejs-Diplomatura-Seguridad-Privada-2.jpg","articleSection":["Noticias","Principal"],"inLanguage":"es-AR"},{"@type":"WebPage","@id":"https:\/\/www.fcejs.unsl.edu.ar\/index.php\/la-fcejs-lanza-la-diplomatura-en-seguridad-privada-para-el-2026\/","url":"https:\/\/www.fcejs.unsl.edu.ar\/index.php\/la-fcejs-lanza-la-diplomatura-en-seguridad-privada-para-el-2026\/","name":"La FCEJS lanza la Diplomatura en Seguridad Privada para el 2026 - Facultad de Ciencias Econ\u00f3micas, Jur\u00ed\u00addicas y Sociales","isPartOf":{"@id":"https:\/\/www.fcejs.unsl.edu.ar\/#website"},"primaryImageOfPage":{"@id":"https:\/\/www.fcejs.unsl.edu.ar\/index.php\/la-fcejs-lanza-la-diplomatura-en-seguridad-privada-para-el-2026\/#primaryimage"},"image":{"@id":"https:\/\/www.fcejs.unsl.edu.ar\/index.php\/la-fcejs-lanza-la-diplomatura-en-seguridad-privada-para-el-2026\/#primaryimage"},"thumbnailUrl":"https:\/\/www.fcejs.unsl.edu.ar\/wp-content\/uploads\/2025\/09\/upsra-reunion-fcejs-Diplomatura-Seguridad-Privada-2.jpg","datePublished":"2025-10-06T13:17:35+00:00","dateModified":"2025-10-14T16:10:35+00:00","breadcrumb":{"@id":"https:\/\/www.fcejs.unsl.edu.ar\/index.php\/la-fcejs-lanza-la-diplomatura-en-seguridad-privada-para-el-2026\/#breadcrumb"},"inLanguage":"es-AR","potentialAction":[{"@type":"ReadAction","target":["https:\/\/www.fcejs.unsl.edu.ar\/index.php\/la-fcejs-lanza-la-diplomatura-en-seguridad-privada-para-el-2026\/"]}]},{"@type":"ImageObject","inLanguage":"es-AR","@id":"https:\/\/www.fcejs.unsl.edu.ar\/index.php\/la-fcejs-lanza-la-diplomatura-en-seguridad-privada-para-el-2026\/#primaryimage","url":"https:\/\/www.fcejs.unsl.edu.ar\/wp-content\/uploads\/2025\/09\/upsra-reunion-fcejs-Diplomatura-Seguridad-Privada-2.jpg","contentUrl":"https:\/\/www.fcejs.unsl.edu.ar\/wp-content\/uploads\/2025\/09\/upsra-reunion-fcejs-Diplomatura-Seguridad-Privada-2.jpg","width":1100,"height":733},{"@type":"BreadcrumbList","@id":"https:\/\/www.fcejs.unsl.edu.ar\/index.php\/la-fcejs-lanza-la-diplomatura-en-seguridad-privada-para-el-2026\/#breadcrumb","itemListElement":[{"@type":"ListItem","position":1,"name":"Inicio","item":"https:\/\/www.fcejs.unsl.edu.ar\/"},{"@type":"ListItem","position":2,"name":"La FCEJS lanza la Diplomatura en Seguridad Privada para el 2026"}]},{"@type":"WebSite","@id":"https:\/\/www.fcejs.unsl.edu.ar\/#website","url":"https:\/\/www.fcejs.unsl.edu.ar\/","name":"Facultad de Ciencias Econ\u00f3micas, Jur\u00ed\u00addicas y Sociales","description":"","publisher":{"@id":"https:\/\/www.fcejs.unsl.edu.ar\/#organization"},"potentialAction":[{"@type":"SearchAction","target":{"@type":"EntryPoint","urlTemplate":"https:\/\/www.fcejs.unsl.edu.ar\/?s={search_term_string}"},"query-input":{"@type":"PropertyValueSpecification","valueRequired":true,"valueName":"search_term_string"}}],"inLanguage":"es-AR"},{"@type":"Organization","@id":"https:\/\/www.fcejs.unsl.edu.ar\/#organization","name":"Facultad de Ciencias Econ\u00f3micas, Jur\u00eddicas y Sociales","url":"https:\/\/www.fcejs.unsl.edu.ar\/","logo":{"@type":"ImageObject","inLanguage":"es-AR","@id":"https:\/\/www.fcejs.unsl.edu.ar\/#\/schema\/logo\/image\/","url":"https:\/\/www.fcejs.unsl.edu.ar\/wp-content\/uploads\/2021\/03\/logo-1.jpg","contentUrl":"https:\/\/www.fcejs.unsl.edu.ar\/wp-content\/uploads\/2021\/03\/logo-1.jpg","width":471,"height":146,"caption":"Facultad de Ciencias Econ\u00f3micas, Jur\u00eddicas y Sociales"},"image":{"@id":"https:\/\/www.fcejs.unsl.edu.ar\/#\/schema\/logo\/image\/"},"sameAs":["https:\/\/www.facebook.com\/FCEJS.UNSL\/","https:\/\/x.com\/FCEJSUNSL","https:\/\/www.instagram.com\/fcejs.unsl\/","https:\/\/www.youtube.com\/channel\/UCH-Ut6EaN_X5ogjIQMPe46g\/"]},{"@type":"Person","@id":"https:\/\/www.fcejs.unsl.edu.ar\/#\/schema\/person\/352ee6ed90c3f394c7cb5945f8956d34","name":"DATI"}]}},"jetpack_featured_media_url":"https:\/\/www.fcejs.unsl.edu.ar\/wp-content\/uploads\/2025\/09\/upsra-reunion-fcejs-Diplomatura-Seguridad-Privada-2.jpg","_links":{"self":[{"href":"https:\/\/www.fcejs.unsl.edu.ar\/index.php\/wp-json\/wp\/v2\/posts\/21784","targetHints":{"allow":["GET"]}}],"collection":[{"href":"https:\/\/www.fcejs.unsl.edu.ar\/index.php\/wp-json\/wp\/v2\/posts"}],"about":[{"href":"https:\/\/www.fcejs.unsl.edu.ar\/index.php\/wp-json\/wp\/v2\/types\/post"}],"author":[{"embeddable":true,"href":"https:\/\/www.fcejs.unsl.edu.ar\/index.php\/wp-json\/wp\/v2\/users\/9"}],"replies":[{"embeddable":true,"href":"https:\/\/www.fcejs.unsl.edu.ar\/index.php\/wp-json\/wp\/v2\/comments?post=21784"}],"version-history":[{"count":15,"href":"https:\/\/www.fcejs.unsl.edu.ar\/index.php\/wp-json\/wp\/v2\/posts\/21784\/revisions"}],"predecessor-version":[{"id":21989,"href":"https:\/\/www.fcejs.unsl.edu.ar\/index.php\/wp-json\/wp\/v2\/posts\/21784\/revisions\/21989"}],"wp:featuredmedia":[{"embeddable":true,"href":"https:\/\/www.fcejs.unsl.edu.ar\/index.php\/wp-json\/wp\/v2\/media\/21785"}],"wp:attachment":[{"href":"https:\/\/www.fcejs.unsl.edu.ar\/index.php\/wp-json\/wp\/v2\/media?parent=21784"}],"wp:term":[{"taxonomy":"category","embeddable":true,"href":"https:\/\/www.fcejs.unsl.edu.ar\/index.php\/wp-json\/wp\/v2\/categories?post=21784"},{"taxonomy":"post_tag","embeddable":true,"href":"https:\/\/www.fcejs.unsl.edu.ar\/index.php\/wp-json\/wp\/v2\/tags?post=21784"}],"curies":[{"name":"wp","href":"https:\/\/api.w.org\/{rel}","templated":true}]}}