{"id":21770,"date":"2025-09-25T11:44:43","date_gmt":"2025-09-25T14:44:43","guid":{"rendered":"http:\/\/10.101.10.197\/www\/?p=21770"},"modified":"2025-09-25T12:42:51","modified_gmt":"2025-09-25T15:42:51","slug":"la-unsl-participo-en-la-2a-reunion-interuniversitaria-en-el-marco-de-los-proyectos-bonaerenses-de-federalizacion-de-la-ciencia-y-tecnologia","status":"publish","type":"post","link":"https:\/\/www.fcejs.unsl.edu.ar\/index.php\/la-unsl-participo-en-la-2a-reunion-interuniversitaria-en-el-marco-de-los-proyectos-bonaerenses-de-federalizacion-de-la-ciencia-y-tecnologia\/","title":{"rendered":"La UNSL particip\u00f3 en la 2\u00aa Reuni\u00f3n Interuniversitaria en el marco de los Proyectos Bonaerenses de Federalizaci\u00f3n de la Ciencia y Tecnolog\u00eda"},"content":{"rendered":"<p>La Universidad Nacional de San Luis (UNSL), a trav\u00e9s de la <strong>Facultad de Ciencias Econ\u00f3micas, Jur\u00eddicas y Sociales (FCEJS)<\/strong>, particip\u00f3 de la <strong>segunda reuni\u00f3n interuniversitaria<\/strong> organizada en el marco de la convocatoria a los <strong>Proyectos Bonaerenses de Federalizaci\u00f3n de la Ciencia y Tecnolog\u00eda (tramo preparatorio 2025-2026)<\/strong>, impulsada por la <strong>Comisi\u00f3n de Investigaciones Cient\u00edficas de la provincia de Buenos Aires (CICPBA).<\/strong><\/p>\n<p>Estas iniciativas tienen como prop\u00f3sito constituir redes federales de investigaci\u00f3n en temas estrat\u00e9gicos para la Provincia de Buenos Aires, fomentando la interacci\u00f3n entre universidades de esta jurisdicci\u00f3n y las de otras regiones del pa\u00eds. La convocatoria busca financiar proyectos de investigaci\u00f3n, desarrollo y transferencia orientadas a brindar soluciones a problem\u00e1ticas prioritarias del territorio bonaerense.<\/p>\n<p>Asimismo, se apunta a retomar y complementar l\u00edneas de trabajo que hab\u00edan quedado truncas por la falta de financiamiento nacional, potenciando la cooperaci\u00f3n federal y el trabajo en red entre instituciones de educaci\u00f3n superior.<\/p>\n<p>En este marco, la UNSL forma parte de una red interuniversitaria integrada por la Universidad Nacional de Quilmes (UNQ), la Universidad Nacional de San Luis (UNSL), la Universidad Nacional de Tierra del Fuego (UNTF) y la Universidad Nacional de Tucum\u00e1n (UNT). La iniciativa conjunta se enmarca en el eje tem\u00e1tico \u201cEmpleo y juventud\u201d, definido por el gobierno bonaerense, y tendr\u00e1 como coordinadora a Alejandra Rizzi, vicerrectora de la UNQ.<\/p>\n<p><img fetchpriority=\"high\" decoding=\"async\" class=\"aligncenter wp-image-21772 size-full\" src=\"https:\/\/www.fcejs.unsl.edu.ar\/wp-content\/uploads\/2025\/09\/Captura-de-pantalla-2025-09-23-164103.png\" alt=\"\" width=\"1527\" height=\"878\" srcset=\"https:\/\/www.fcejs.unsl.edu.ar\/wp-content\/uploads\/2025\/09\/Captura-de-pantalla-2025-09-23-164103.png 1527w, https:\/\/www.fcejs.unsl.edu.ar\/wp-content\/uploads\/2025\/09\/Captura-de-pantalla-2025-09-23-164103-300x172.png 300w, https:\/\/www.fcejs.unsl.edu.ar\/wp-content\/uploads\/2025\/09\/Captura-de-pantalla-2025-09-23-164103-1024x589.png 1024w, https:\/\/www.fcejs.unsl.edu.ar\/wp-content\/uploads\/2025\/09\/Captura-de-pantalla-2025-09-23-164103-768x442.png 768w\" sizes=\"(max-width: 1527px) 100vw, 1527px\" \/><\/p>\n<p>Por <strong>parte de la UNSL participaron Ana Mar\u00eda Garraza y Diana Caviedes<\/strong>, acompa\u00f1ando a las y los representantes de las dem\u00e1s universidades: Mauro G\u00f3mez Samus, secretario de Investigaci\u00f3n y Gesti\u00f3n del Conocimiento de la UNTF; Mar\u00eda Gabriela Gonz\u00e1lez, secretaria de Extensi\u00f3n de la Facultad de Filosof\u00eda y Letras de la UNT; Julio C. Sal Paz, secretario de Posgrado, Investigaci\u00f3n y Relaciones Internacionales de la misma facultad, y Constanza Padilla, directora del Instituto de Investigaciones sobre el Lenguaje y la Cultura (INVELEC, CONICET-UNT).<\/p>\n<p>Cabe destacar que la participaci\u00f3n de la UNSL es posible gracias al Convenio Marco firmado con la Provincia de Buenos Aires en junio de este a\u00f1o, en el marco del 3er Encuentro del Programa Puentes. Este acuerdo abri\u00f3 la puerta a la incorporaci\u00f3n de la universidad a diferentes convocatorias y programas interjurisdiccionales.<\/p>\n<p>Los grupos de investigaci\u00f3n interuniversitarios de esta convocatoria ya se encuentran conformados y avanzan en la elaboraci\u00f3n de propuestas conjuntas que aporten al fortalecimiento de la ciencia y la tecnolog\u00eda en clave federal, con una mirada integral que articula derechos humanos, inclusi\u00f3n laboral y el protagonismo de las juventudes.<\/p>\n","protected":false},"excerpt":{"rendered":"<p>La Universidad Nacional de San Luis (UNSL), a trav\u00e9s de la Facultad de Ciencias Econ\u00f3micas, Jur\u00eddicas y Sociales (FCEJS), particip\u00f3 de la segunda reuni\u00f3n interuniversitaria&hellip;<\/p>\n","protected":false},"author":9,"featured_media":21771,"comment_status":"closed","ping_status":"closed","sticky":false,"template":"","format":"standard","meta":{"om_disable_all_campaigns":false,"_monsterinsights_skip_tracking":false,"_monsterinsights_sitenote_active":false,"_monsterinsights_sitenote_note":"","_monsterinsights_sitenote_category":0,"footnotes":""},"categories":[1,19],"tags":[],"class_list":["post-21770","post","type-post","status-publish","format-standard","has-post-thumbnail","hentry","category-noticias","category-principal"],"yoast_head":"<!-- This site is optimized with the Yoast SEO plugin v27.5 - https:\/\/yoast.com\/product\/yoast-seo-wordpress\/ -->\n<title>La UNSL particip\u00f3 en la 2\u00aa Reuni\u00f3n Interuniversitaria en el marco de los Proyectos Bonaerenses de Federalizaci\u00f3n de la Ciencia y Tecnolog\u00eda - Facultad de Ciencias Econ\u00f3micas, Jur\u00ed\u00addicas y Sociales<\/title>\n<meta name=\"robots\" content=\"index, follow, max-snippet:-1, max-image-preview:large, max-video-preview:-1\" \/>\n<link rel=\"canonical\" href=\"https:\/\/www.fcejs.unsl.edu.ar\/index.php\/la-unsl-participo-en-la-2a-reunion-interuniversitaria-en-el-marco-de-los-proyectos-bonaerenses-de-federalizacion-de-la-ciencia-y-tecnologia\/\" \/>\n<meta property=\"og:locale\" content=\"es_ES\" \/>\n<meta property=\"og:type\" content=\"article\" \/>\n<meta property=\"og:title\" content=\"La UNSL particip\u00f3 en la 2\u00aa Reuni\u00f3n Interuniversitaria en el marco de los Proyectos Bonaerenses de Federalizaci\u00f3n de la Ciencia y Tecnolog\u00eda - Facultad de Ciencias Econ\u00f3micas, Jur\u00ed\u00addicas y Sociales\" \/>\n<meta property=\"og:description\" content=\"La Universidad Nacional de San Luis (UNSL), a trav\u00e9s de la Facultad de Ciencias Econ\u00f3micas, Jur\u00eddicas y Sociales (FCEJS), particip\u00f3 de la segunda reuni\u00f3n interuniversitaria&hellip;\" \/>\n<meta property=\"og:url\" content=\"https:\/\/www.fcejs.unsl.edu.ar\/index.php\/la-unsl-participo-en-la-2a-reunion-interuniversitaria-en-el-marco-de-los-proyectos-bonaerenses-de-federalizacion-de-la-ciencia-y-tecnologia\/\" \/>\n<meta property=\"og:site_name\" content=\"Facultad de Ciencias Econ\u00f3micas, Jur\u00ed\u00addicas y Sociales\" \/>\n<meta property=\"article:publisher\" content=\"https:\/\/www.facebook.com\/FCEJS.UNSL\/\" \/>\n<meta property=\"article:published_time\" content=\"2025-09-25T14:44:43+00:00\" \/>\n<meta property=\"article:modified_time\" content=\"2025-09-25T15:42:51+00:00\" \/>\n<meta property=\"og:image\" content=\"https:\/\/www.fcejs.unsl.edu.ar\/wp-content\/uploads\/2025\/09\/proyectos-bonaerenses-front.jpg\" \/>\n\t<meta property=\"og:image:width\" content=\"1152\" \/>\n\t<meta property=\"og:image:height\" content=\"647\" \/>\n\t<meta property=\"og:image:type\" content=\"image\/jpeg\" \/>\n<meta name=\"author\" content=\"DATI\" \/>\n<meta name=\"twitter:card\" content=\"summary_large_image\" \/>\n<meta name=\"twitter:creator\" content=\"@FCEJSUNSL\" \/>\n<meta name=\"twitter:site\" content=\"@FCEJSUNSL\" \/>\n<meta name=\"twitter:label1\" content=\"Escrito por\" \/>\n\t<meta name=\"twitter:data1\" content=\"DATI\" \/>\n\t<meta name=\"twitter:label2\" content=\"Tiempo de lectura\" \/>\n\t<meta name=\"twitter:data2\" content=\"3 minutos\" \/>\n<script type=\"application\/ld+json\" class=\"yoast-schema-graph\">{\"@context\":\"https:\\\/\\\/schema.org\",\"@graph\":[{\"@type\":\"Article\",\"@id\":\"https:\\\/\\\/www.fcejs.unsl.edu.ar\\\/index.php\\\/la-unsl-participo-en-la-2a-reunion-interuniversitaria-en-el-marco-de-los-proyectos-bonaerenses-de-federalizacion-de-la-ciencia-y-tecnologia\\\/#article\",\"isPartOf\":{\"@id\":\"https:\\\/\\\/www.fcejs.unsl.edu.ar\\\/index.php\\\/la-unsl-participo-en-la-2a-reunion-interuniversitaria-en-el-marco-de-los-proyectos-bonaerenses-de-federalizacion-de-la-ciencia-y-tecnologia\\\/\"},\"author\":{\"name\":\"DATI\",\"@id\":\"https:\\\/\\\/www.fcejs.unsl.edu.ar\\\/#\\\/schema\\\/person\\\/352ee6ed90c3f394c7cb5945f8956d34\"},\"headline\":\"La UNSL particip\u00f3 en la 2\u00aa Reuni\u00f3n Interuniversitaria en el marco de los Proyectos Bonaerenses de Federalizaci\u00f3n de la Ciencia y Tecnolog\u00eda\",\"datePublished\":\"2025-09-25T14:44:43+00:00\",\"dateModified\":\"2025-09-25T15:42:51+00:00\",\"mainEntityOfPage\":{\"@id\":\"https:\\\/\\\/www.fcejs.unsl.edu.ar\\\/index.php\\\/la-unsl-participo-en-la-2a-reunion-interuniversitaria-en-el-marco-de-los-proyectos-bonaerenses-de-federalizacion-de-la-ciencia-y-tecnologia\\\/\"},\"wordCount\":464,\"publisher\":{\"@id\":\"https:\\\/\\\/www.fcejs.unsl.edu.ar\\\/#organization\"},\"image\":{\"@id\":\"https:\\\/\\\/www.fcejs.unsl.edu.ar\\\/index.php\\\/la-unsl-participo-en-la-2a-reunion-interuniversitaria-en-el-marco-de-los-proyectos-bonaerenses-de-federalizacion-de-la-ciencia-y-tecnologia\\\/#primaryimage\"},\"thumbnailUrl\":\"https:\\\/\\\/www.fcejs.unsl.edu.ar\\\/wp-content\\\/uploads\\\/2025\\\/09\\\/proyectos-bonaerenses-front.jpg\",\"articleSection\":[\"Noticias\",\"Principal\"],\"inLanguage\":\"es-AR\"},{\"@type\":\"WebPage\",\"@id\":\"https:\\\/\\\/www.fcejs.unsl.edu.ar\\\/index.php\\\/la-unsl-participo-en-la-2a-reunion-interuniversitaria-en-el-marco-de-los-proyectos-bonaerenses-de-federalizacion-de-la-ciencia-y-tecnologia\\\/\",\"url\":\"https:\\\/\\\/www.fcejs.unsl.edu.ar\\\/index.php\\\/la-unsl-participo-en-la-2a-reunion-interuniversitaria-en-el-marco-de-los-proyectos-bonaerenses-de-federalizacion-de-la-ciencia-y-tecnologia\\\/\",\"name\":\"La UNSL particip\u00f3 en la 2\u00aa Reuni\u00f3n Interuniversitaria en el marco de los Proyectos Bonaerenses de Federalizaci\u00f3n de la Ciencia y Tecnolog\u00eda - Facultad de Ciencias Econ\u00f3micas, Jur\u00ed\u00addicas y Sociales\",\"isPartOf\":{\"@id\":\"https:\\\/\\\/www.fcejs.unsl.edu.ar\\\/#website\"},\"primaryImageOfPage\":{\"@id\":\"https:\\\/\\\/www.fcejs.unsl.edu.ar\\\/index.php\\\/la-unsl-participo-en-la-2a-reunion-interuniversitaria-en-el-marco-de-los-proyectos-bonaerenses-de-federalizacion-de-la-ciencia-y-tecnologia\\\/#primaryimage\"},\"image\":{\"@id\":\"https:\\\/\\\/www.fcejs.unsl.edu.ar\\\/index.php\\\/la-unsl-participo-en-la-2a-reunion-interuniversitaria-en-el-marco-de-los-proyectos-bonaerenses-de-federalizacion-de-la-ciencia-y-tecnologia\\\/#primaryimage\"},\"thumbnailUrl\":\"https:\\\/\\\/www.fcejs.unsl.edu.ar\\\/wp-content\\\/uploads\\\/2025\\\/09\\\/proyectos-bonaerenses-front.jpg\",\"datePublished\":\"2025-09-25T14:44:43+00:00\",\"dateModified\":\"2025-09-25T15:42:51+00:00\",\"breadcrumb\":{\"@id\":\"https:\\\/\\\/www.fcejs.unsl.edu.ar\\\/index.php\\\/la-unsl-participo-en-la-2a-reunion-interuniversitaria-en-el-marco-de-los-proyectos-bonaerenses-de-federalizacion-de-la-ciencia-y-tecnologia\\\/#breadcrumb\"},\"inLanguage\":\"es-AR\",\"potentialAction\":[{\"@type\":\"ReadAction\",\"target\":[\"https:\\\/\\\/www.fcejs.unsl.edu.ar\\\/index.php\\\/la-unsl-participo-en-la-2a-reunion-interuniversitaria-en-el-marco-de-los-proyectos-bonaerenses-de-federalizacion-de-la-ciencia-y-tecnologia\\\/\"]}]},{\"@type\":\"ImageObject\",\"inLanguage\":\"es-AR\",\"@id\":\"https:\\\/\\\/www.fcejs.unsl.edu.ar\\\/index.php\\\/la-unsl-participo-en-la-2a-reunion-interuniversitaria-en-el-marco-de-los-proyectos-bonaerenses-de-federalizacion-de-la-ciencia-y-tecnologia\\\/#primaryimage\",\"url\":\"https:\\\/\\\/www.fcejs.unsl.edu.ar\\\/wp-content\\\/uploads\\\/2025\\\/09\\\/proyectos-bonaerenses-front.jpg\",\"contentUrl\":\"https:\\\/\\\/www.fcejs.unsl.edu.ar\\\/wp-content\\\/uploads\\\/2025\\\/09\\\/proyectos-bonaerenses-front.jpg\",\"width\":1152,\"height\":647},{\"@type\":\"BreadcrumbList\",\"@id\":\"https:\\\/\\\/www.fcejs.unsl.edu.ar\\\/index.php\\\/la-unsl-participo-en-la-2a-reunion-interuniversitaria-en-el-marco-de-los-proyectos-bonaerenses-de-federalizacion-de-la-ciencia-y-tecnologia\\\/#breadcrumb\",\"itemListElement\":[{\"@type\":\"ListItem\",\"position\":1,\"name\":\"Inicio\",\"item\":\"https:\\\/\\\/www.fcejs.unsl.edu.ar\\\/\"},{\"@type\":\"ListItem\",\"position\":2,\"name\":\"La UNSL particip\u00f3 en la 2\u00aa Reuni\u00f3n Interuniversitaria en el marco de los Proyectos Bonaerenses de Federalizaci\u00f3n de la Ciencia y Tecnolog\u00eda\"}]},{\"@type\":\"WebSite\",\"@id\":\"https:\\\/\\\/www.fcejs.unsl.edu.ar\\\/#website\",\"url\":\"https:\\\/\\\/www.fcejs.unsl.edu.ar\\\/\",\"name\":\"Facultad de Ciencias Econ\u00f3micas, Jur\u00ed\u00addicas y Sociales\",\"description\":\"\",\"publisher\":{\"@id\":\"https:\\\/\\\/www.fcejs.unsl.edu.ar\\\/#organization\"},\"potentialAction\":[{\"@type\":\"SearchAction\",\"target\":{\"@type\":\"EntryPoint\",\"urlTemplate\":\"https:\\\/\\\/www.fcejs.unsl.edu.ar\\\/?s={search_term_string}\"},\"query-input\":{\"@type\":\"PropertyValueSpecification\",\"valueRequired\":true,\"valueName\":\"search_term_string\"}}],\"inLanguage\":\"es-AR\"},{\"@type\":\"Organization\",\"@id\":\"https:\\\/\\\/www.fcejs.unsl.edu.ar\\\/#organization\",\"name\":\"Facultad de Ciencias Econ\u00f3micas, Jur\u00eddicas y Sociales\",\"url\":\"https:\\\/\\\/www.fcejs.unsl.edu.ar\\\/\",\"logo\":{\"@type\":\"ImageObject\",\"inLanguage\":\"es-AR\",\"@id\":\"https:\\\/\\\/www.fcejs.unsl.edu.ar\\\/#\\\/schema\\\/logo\\\/image\\\/\",\"url\":\"https:\\\/\\\/www.fcejs.unsl.edu.ar\\\/wp-content\\\/uploads\\\/2021\\\/03\\\/logo-1.jpg\",\"contentUrl\":\"https:\\\/\\\/www.fcejs.unsl.edu.ar\\\/wp-content\\\/uploads\\\/2021\\\/03\\\/logo-1.jpg\",\"width\":471,\"height\":146,\"caption\":\"Facultad de Ciencias Econ\u00f3micas, Jur\u00eddicas y Sociales\"},\"image\":{\"@id\":\"https:\\\/\\\/www.fcejs.unsl.edu.ar\\\/#\\\/schema\\\/logo\\\/image\\\/\"},\"sameAs\":[\"https:\\\/\\\/www.facebook.com\\\/FCEJS.UNSL\\\/\",\"https:\\\/\\\/x.com\\\/FCEJSUNSL\",\"https:\\\/\\\/www.instagram.com\\\/fcejs.unsl\\\/\",\"https:\\\/\\\/www.youtube.com\\\/channel\\\/UCH-Ut6EaN_X5ogjIQMPe46g\\\/\"]},{\"@type\":\"Person\",\"@id\":\"https:\\\/\\\/www.fcejs.unsl.edu.ar\\\/#\\\/schema\\\/person\\\/352ee6ed90c3f394c7cb5945f8956d34\",\"name\":\"DATI\"}]}<\/script>\n<!-- \/ Yoast SEO plugin. -->","yoast_head_json":{"title":"La UNSL particip\u00f3 en la 2\u00aa Reuni\u00f3n Interuniversitaria en el marco de los Proyectos Bonaerenses de Federalizaci\u00f3n de la Ciencia y Tecnolog\u00eda - Facultad de Ciencias Econ\u00f3micas, Jur\u00ed\u00addicas y Sociales","robots":{"index":"index","follow":"follow","max-snippet":"max-snippet:-1","max-image-preview":"max-image-preview:large","max-video-preview":"max-video-preview:-1"},"canonical":"https:\/\/www.fcejs.unsl.edu.ar\/index.php\/la-unsl-participo-en-la-2a-reunion-interuniversitaria-en-el-marco-de-los-proyectos-bonaerenses-de-federalizacion-de-la-ciencia-y-tecnologia\/","og_locale":"es_ES","og_type":"article","og_title":"La UNSL particip\u00f3 en la 2\u00aa Reuni\u00f3n Interuniversitaria en el marco de los Proyectos Bonaerenses de Federalizaci\u00f3n de la Ciencia y Tecnolog\u00eda - Facultad de Ciencias Econ\u00f3micas, Jur\u00ed\u00addicas y Sociales","og_description":"La Universidad Nacional de San Luis (UNSL), a trav\u00e9s de la Facultad de Ciencias Econ\u00f3micas, Jur\u00eddicas y Sociales (FCEJS), particip\u00f3 de la segunda reuni\u00f3n interuniversitaria&hellip;","og_url":"https:\/\/www.fcejs.unsl.edu.ar\/index.php\/la-unsl-participo-en-la-2a-reunion-interuniversitaria-en-el-marco-de-los-proyectos-bonaerenses-de-federalizacion-de-la-ciencia-y-tecnologia\/","og_site_name":"Facultad de Ciencias Econ\u00f3micas, Jur\u00ed\u00addicas y Sociales","article_publisher":"https:\/\/www.facebook.com\/FCEJS.UNSL\/","article_published_time":"2025-09-25T14:44:43+00:00","article_modified_time":"2025-09-25T15:42:51+00:00","og_image":[{"width":1152,"height":647,"url":"https:\/\/www.fcejs.unsl.edu.ar\/wp-content\/uploads\/2025\/09\/proyectos-bonaerenses-front.jpg","type":"image\/jpeg"}],"author":"DATI","twitter_card":"summary_large_image","twitter_creator":"@FCEJSUNSL","twitter_site":"@FCEJSUNSL","twitter_misc":{"Escrito por":"DATI","Tiempo de lectura":"3 minutos"},"schema":{"@context":"https:\/\/schema.org","@graph":[{"@type":"Article","@id":"https:\/\/www.fcejs.unsl.edu.ar\/index.php\/la-unsl-participo-en-la-2a-reunion-interuniversitaria-en-el-marco-de-los-proyectos-bonaerenses-de-federalizacion-de-la-ciencia-y-tecnologia\/#article","isPartOf":{"@id":"https:\/\/www.fcejs.unsl.edu.ar\/index.php\/la-unsl-participo-en-la-2a-reunion-interuniversitaria-en-el-marco-de-los-proyectos-bonaerenses-de-federalizacion-de-la-ciencia-y-tecnologia\/"},"author":{"name":"DATI","@id":"https:\/\/www.fcejs.unsl.edu.ar\/#\/schema\/person\/352ee6ed90c3f394c7cb5945f8956d34"},"headline":"La UNSL particip\u00f3 en la 2\u00aa Reuni\u00f3n Interuniversitaria en el marco de los Proyectos Bonaerenses de Federalizaci\u00f3n de la Ciencia y Tecnolog\u00eda","datePublished":"2025-09-25T14:44:43+00:00","dateModified":"2025-09-25T15:42:51+00:00","mainEntityOfPage":{"@id":"https:\/\/www.fcejs.unsl.edu.ar\/index.php\/la-unsl-participo-en-la-2a-reunion-interuniversitaria-en-el-marco-de-los-proyectos-bonaerenses-de-federalizacion-de-la-ciencia-y-tecnologia\/"},"wordCount":464,"publisher":{"@id":"https:\/\/www.fcejs.unsl.edu.ar\/#organization"},"image":{"@id":"https:\/\/www.fcejs.unsl.edu.ar\/index.php\/la-unsl-participo-en-la-2a-reunion-interuniversitaria-en-el-marco-de-los-proyectos-bonaerenses-de-federalizacion-de-la-ciencia-y-tecnologia\/#primaryimage"},"thumbnailUrl":"https:\/\/www.fcejs.unsl.edu.ar\/wp-content\/uploads\/2025\/09\/proyectos-bonaerenses-front.jpg","articleSection":["Noticias","Principal"],"inLanguage":"es-AR"},{"@type":"WebPage","@id":"https:\/\/www.fcejs.unsl.edu.ar\/index.php\/la-unsl-participo-en-la-2a-reunion-interuniversitaria-en-el-marco-de-los-proyectos-bonaerenses-de-federalizacion-de-la-ciencia-y-tecnologia\/","url":"https:\/\/www.fcejs.unsl.edu.ar\/index.php\/la-unsl-participo-en-la-2a-reunion-interuniversitaria-en-el-marco-de-los-proyectos-bonaerenses-de-federalizacion-de-la-ciencia-y-tecnologia\/","name":"La UNSL particip\u00f3 en la 2\u00aa Reuni\u00f3n Interuniversitaria en el marco de los Proyectos Bonaerenses de Federalizaci\u00f3n de la Ciencia y Tecnolog\u00eda - Facultad de Ciencias Econ\u00f3micas, Jur\u00ed\u00addicas y Sociales","isPartOf":{"@id":"https:\/\/www.fcejs.unsl.edu.ar\/#website"},"primaryImageOfPage":{"@id":"https:\/\/www.fcejs.unsl.edu.ar\/index.php\/la-unsl-participo-en-la-2a-reunion-interuniversitaria-en-el-marco-de-los-proyectos-bonaerenses-de-federalizacion-de-la-ciencia-y-tecnologia\/#primaryimage"},"image":{"@id":"https:\/\/www.fcejs.unsl.edu.ar\/index.php\/la-unsl-participo-en-la-2a-reunion-interuniversitaria-en-el-marco-de-los-proyectos-bonaerenses-de-federalizacion-de-la-ciencia-y-tecnologia\/#primaryimage"},"thumbnailUrl":"https:\/\/www.fcejs.unsl.edu.ar\/wp-content\/uploads\/2025\/09\/proyectos-bonaerenses-front.jpg","datePublished":"2025-09-25T14:44:43+00:00","dateModified":"2025-09-25T15:42:51+00:00","breadcrumb":{"@id":"https:\/\/www.fcejs.unsl.edu.ar\/index.php\/la-unsl-participo-en-la-2a-reunion-interuniversitaria-en-el-marco-de-los-proyectos-bonaerenses-de-federalizacion-de-la-ciencia-y-tecnologia\/#breadcrumb"},"inLanguage":"es-AR","potentialAction":[{"@type":"ReadAction","target":["https:\/\/www.fcejs.unsl.edu.ar\/index.php\/la-unsl-participo-en-la-2a-reunion-interuniversitaria-en-el-marco-de-los-proyectos-bonaerenses-de-federalizacion-de-la-ciencia-y-tecnologia\/"]}]},{"@type":"ImageObject","inLanguage":"es-AR","@id":"https:\/\/www.fcejs.unsl.edu.ar\/index.php\/la-unsl-participo-en-la-2a-reunion-interuniversitaria-en-el-marco-de-los-proyectos-bonaerenses-de-federalizacion-de-la-ciencia-y-tecnologia\/#primaryimage","url":"https:\/\/www.fcejs.unsl.edu.ar\/wp-content\/uploads\/2025\/09\/proyectos-bonaerenses-front.jpg","contentUrl":"https:\/\/www.fcejs.unsl.edu.ar\/wp-content\/uploads\/2025\/09\/proyectos-bonaerenses-front.jpg","width":1152,"height":647},{"@type":"BreadcrumbList","@id":"https:\/\/www.fcejs.unsl.edu.ar\/index.php\/la-unsl-participo-en-la-2a-reunion-interuniversitaria-en-el-marco-de-los-proyectos-bonaerenses-de-federalizacion-de-la-ciencia-y-tecnologia\/#breadcrumb","itemListElement":[{"@type":"ListItem","position":1,"name":"Inicio","item":"https:\/\/www.fcejs.unsl.edu.ar\/"},{"@type":"ListItem","position":2,"name":"La UNSL particip\u00f3 en la 2\u00aa Reuni\u00f3n Interuniversitaria en el marco de los Proyectos Bonaerenses de Federalizaci\u00f3n de la Ciencia y Tecnolog\u00eda"}]},{"@type":"WebSite","@id":"https:\/\/www.fcejs.unsl.edu.ar\/#website","url":"https:\/\/www.fcejs.unsl.edu.ar\/","name":"Facultad de Ciencias Econ\u00f3micas, Jur\u00ed\u00addicas y Sociales","description":"","publisher":{"@id":"https:\/\/www.fcejs.unsl.edu.ar\/#organization"},"potentialAction":[{"@type":"SearchAction","target":{"@type":"EntryPoint","urlTemplate":"https:\/\/www.fcejs.unsl.edu.ar\/?s={search_term_string}"},"query-input":{"@type":"PropertyValueSpecification","valueRequired":true,"valueName":"search_term_string"}}],"inLanguage":"es-AR"},{"@type":"Organization","@id":"https:\/\/www.fcejs.unsl.edu.ar\/#organization","name":"Facultad de Ciencias Econ\u00f3micas, Jur\u00eddicas y Sociales","url":"https:\/\/www.fcejs.unsl.edu.ar\/","logo":{"@type":"ImageObject","inLanguage":"es-AR","@id":"https:\/\/www.fcejs.unsl.edu.ar\/#\/schema\/logo\/image\/","url":"https:\/\/www.fcejs.unsl.edu.ar\/wp-content\/uploads\/2021\/03\/logo-1.jpg","contentUrl":"https:\/\/www.fcejs.unsl.edu.ar\/wp-content\/uploads\/2021\/03\/logo-1.jpg","width":471,"height":146,"caption":"Facultad de Ciencias Econ\u00f3micas, Jur\u00eddicas y Sociales"},"image":{"@id":"https:\/\/www.fcejs.unsl.edu.ar\/#\/schema\/logo\/image\/"},"sameAs":["https:\/\/www.facebook.com\/FCEJS.UNSL\/","https:\/\/x.com\/FCEJSUNSL","https:\/\/www.instagram.com\/fcejs.unsl\/","https:\/\/www.youtube.com\/channel\/UCH-Ut6EaN_X5ogjIQMPe46g\/"]},{"@type":"Person","@id":"https:\/\/www.fcejs.unsl.edu.ar\/#\/schema\/person\/352ee6ed90c3f394c7cb5945f8956d34","name":"DATI"}]}},"jetpack_featured_media_url":"https:\/\/www.fcejs.unsl.edu.ar\/wp-content\/uploads\/2025\/09\/proyectos-bonaerenses-front.jpg","_links":{"self":[{"href":"https:\/\/www.fcejs.unsl.edu.ar\/index.php\/wp-json\/wp\/v2\/posts\/21770","targetHints":{"allow":["GET"]}}],"collection":[{"href":"https:\/\/www.fcejs.unsl.edu.ar\/index.php\/wp-json\/wp\/v2\/posts"}],"about":[{"href":"https:\/\/www.fcejs.unsl.edu.ar\/index.php\/wp-json\/wp\/v2\/types\/post"}],"author":[{"embeddable":true,"href":"https:\/\/www.fcejs.unsl.edu.ar\/index.php\/wp-json\/wp\/v2\/users\/9"}],"replies":[{"embeddable":true,"href":"https:\/\/www.fcejs.unsl.edu.ar\/index.php\/wp-json\/wp\/v2\/comments?post=21770"}],"version-history":[{"count":1,"href":"https:\/\/www.fcejs.unsl.edu.ar\/index.php\/wp-json\/wp\/v2\/posts\/21770\/revisions"}],"predecessor-version":[{"id":21773,"href":"https:\/\/www.fcejs.unsl.edu.ar\/index.php\/wp-json\/wp\/v2\/posts\/21770\/revisions\/21773"}],"wp:featuredmedia":[{"embeddable":true,"href":"https:\/\/www.fcejs.unsl.edu.ar\/index.php\/wp-json\/wp\/v2\/media\/21771"}],"wp:attachment":[{"href":"https:\/\/www.fcejs.unsl.edu.ar\/index.php\/wp-json\/wp\/v2\/media?parent=21770"}],"wp:term":[{"taxonomy":"category","embeddable":true,"href":"https:\/\/www.fcejs.unsl.edu.ar\/index.php\/wp-json\/wp\/v2\/categories?post=21770"},{"taxonomy":"post_tag","embeddable":true,"href":"https:\/\/www.fcejs.unsl.edu.ar\/index.php\/wp-json\/wp\/v2\/tags?post=21770"}],"curies":[{"name":"wp","href":"https:\/\/api.w.org\/{rel}","templated":true}]}}