{"id":2171,"date":"2021-03-29T12:54:45","date_gmt":"2021-03-29T15:54:45","guid":{"rendered":"http:\/\/10.101.10.197\/www\/?p=2171"},"modified":"2021-09-15T08:57:35","modified_gmt":"2021-09-15T11:57:35","slug":"programa-universidad-y-discapacidad-de-la-unsl-nuevo-formulario-de-contacto-con-estudiantes","status":"publish","type":"post","link":"https:\/\/www.fcejs.unsl.edu.ar\/index.php\/programa-universidad-y-discapacidad-de-la-unsl-nuevo-formulario-de-contacto-con-estudiantes\/","title":{"rendered":"Programa Universidad y Discapacidad de la UNSL: nuevo formulario de contacto con estudiantes"},"content":{"rendered":"<p align=\"justify\"><span style=\"font-family: Arial;\">El Programa Universidad y Discapacidad de la UNSL, informa que en su sitio web se encuentra disponible un nuevo formulario de Contacto con Estudiantes de la UNSL. El mismo tiene como fin propiciar la construcci\u00f3n de una universidad inclusiva, promoviendo acciones que garanticen la accesibilidad f\u00edsica, comunicacional y acad\u00e9mica de las personas con discapacidad en el \u00e1mbito de la UNSL. Ya sea que el estudiante se encuentre en situaci\u00f3n de discapacidad y\/o quiera colaborar en las tareas del programa (respetando su derecho de auto declaraci\u00f3n y voluntad de querer ser contactado por el programa), se solicita que sea completado formulario para que integrantes del programa puedan contactarse.<\/span><\/p>\n<p>Por otra parte, el Programa Universidad y Discapacidad de la UNSL comparte a toda la comunidad el documento elaborado por la Red Universitaria de Educaci\u00f3n a Distancia de la Argentina (RUEDA) y la Red Interuniversitaria de Discapacidad (RID) del CIN.<\/p>\n<p>El mismo fue construido por el conjunto de Universidades P\u00fablicas que participan de ambas redes para poner a disposici\u00f3n del sistema y de la comunidad educativa en general, recursos y estrategias de accesibilidad y ajustes razonables en los entornos virtuales y educaci\u00f3n a distancia.<\/p>\n<p style=\"text-align: left;\" align=\"center\"><a href=\"http:\/\/universidadydiscapacidad.unsl.edu.ar\/contactate.html\"><span style=\"font-family: Arial;\">Formulario de Contacto<\/span><\/a><\/p>\n<p style=\"text-align: left;\" align=\"center\"><a href=\"https:\/\/www.cin.edu.ar\/estrategias-de-accesibilidad-y-ajustes-razonables-en-los-sistemas-de-educacion-a-distancia\/\"><span style=\"font-family: Arial;\">Documento elaborado por la RUEDA y la RID del CIN.<\/span><\/a><\/p>\n","protected":false},"excerpt":{"rendered":"<p>El Programa Universidad y Discapacidad de la UNSL, informa que en su sitio web se encuentra disponible un nuevo formulario de Contacto con Estudiantes de&hellip;<\/p>\n","protected":false},"author":9,"featured_media":2175,"comment_status":"closed","ping_status":"closed","sticky":false,"template":"","format":"standard","meta":{"om_disable_all_campaigns":false,"_monsterinsights_skip_tracking":false,"_monsterinsights_sitenote_active":false,"_monsterinsights_sitenote_note":"","_monsterinsights_sitenote_category":0,"footnotes":""},"categories":[21],"tags":[],"class_list":["post-2171","post","type-post","status-publish","format-standard","has-post-thumbnail","hentry","category-archivadas"],"yoast_head":"<!-- This site is optimized with the Yoast SEO plugin v27.4 - https:\/\/yoast.com\/product\/yoast-seo-wordpress\/ -->\n<title>Programa Universidad y Discapacidad de la UNSL: nuevo formulario de contacto con estudiantes - Facultad de Ciencias Econ\u00f3micas, Jur\u00ed\u00addicas y Sociales<\/title>\n<meta name=\"robots\" content=\"index, follow, max-snippet:-1, max-image-preview:large, max-video-preview:-1\" \/>\n<link rel=\"canonical\" href=\"https:\/\/www.fcejs.unsl.edu.ar\/index.php\/programa-universidad-y-discapacidad-de-la-unsl-nuevo-formulario-de-contacto-con-estudiantes\/\" \/>\n<meta property=\"og:locale\" content=\"es_ES\" \/>\n<meta property=\"og:type\" content=\"article\" \/>\n<meta property=\"og:title\" content=\"Programa Universidad y Discapacidad de la UNSL: nuevo formulario de contacto con estudiantes - Facultad de Ciencias Econ\u00f3micas, Jur\u00ed\u00addicas y Sociales\" \/>\n<meta property=\"og:description\" content=\"El Programa Universidad y Discapacidad de la UNSL, informa que en su sitio web se encuentra disponible un nuevo formulario de Contacto con Estudiantes de&hellip;\" \/>\n<meta property=\"og:url\" content=\"https:\/\/www.fcejs.unsl.edu.ar\/index.php\/programa-universidad-y-discapacidad-de-la-unsl-nuevo-formulario-de-contacto-con-estudiantes\/\" \/>\n<meta property=\"og:site_name\" content=\"Facultad de Ciencias Econ\u00f3micas, Jur\u00ed\u00addicas y Sociales\" \/>\n<meta property=\"article:publisher\" content=\"https:\/\/www.facebook.com\/FCEJS.UNSL\/\" \/>\n<meta property=\"article:published_time\" content=\"2021-03-29T15:54:45+00:00\" \/>\n<meta property=\"article:modified_time\" content=\"2021-09-15T11:57:35+00:00\" \/>\n<meta property=\"og:image\" content=\"https:\/\/www.fcejs.unsl.edu.ar\/wp-content\/uploads\/2021\/03\/programa-discapacidad-unsl-logo-02.jpg\" \/>\n\t<meta property=\"og:image:width\" content=\"1200\" \/>\n\t<meta property=\"og:image:height\" content=\"720\" \/>\n\t<meta property=\"og:image:type\" content=\"image\/jpeg\" \/>\n<meta name=\"author\" content=\"DATI\" \/>\n<meta name=\"twitter:card\" content=\"summary_large_image\" \/>\n<meta name=\"twitter:creator\" content=\"@FCEJSUNSL\" \/>\n<meta name=\"twitter:site\" content=\"@FCEJSUNSL\" \/>\n<meta name=\"twitter:label1\" content=\"Escrito por\" \/>\n\t<meta name=\"twitter:data1\" content=\"DATI\" \/>\n\t<meta name=\"twitter:label2\" content=\"Tiempo de lectura\" \/>\n\t<meta name=\"twitter:data2\" content=\"1 minuto\" \/>\n<script type=\"application\/ld+json\" class=\"yoast-schema-graph\">{\"@context\":\"https:\\\/\\\/schema.org\",\"@graph\":[{\"@type\":\"Article\",\"@id\":\"https:\\\/\\\/www.fcejs.unsl.edu.ar\\\/index.php\\\/programa-universidad-y-discapacidad-de-la-unsl-nuevo-formulario-de-contacto-con-estudiantes\\\/#article\",\"isPartOf\":{\"@id\":\"https:\\\/\\\/www.fcejs.unsl.edu.ar\\\/index.php\\\/programa-universidad-y-discapacidad-de-la-unsl-nuevo-formulario-de-contacto-con-estudiantes\\\/\"},\"author\":{\"name\":\"DATI\",\"@id\":\"https:\\\/\\\/www.fcejs.unsl.edu.ar\\\/#\\\/schema\\\/person\\\/352ee6ed90c3f394c7cb5945f8956d34\"},\"headline\":\"Programa Universidad y Discapacidad de la UNSL: nuevo formulario de contacto con estudiantes\",\"datePublished\":\"2021-03-29T15:54:45+00:00\",\"dateModified\":\"2021-09-15T11:57:35+00:00\",\"mainEntityOfPage\":{\"@id\":\"https:\\\/\\\/www.fcejs.unsl.edu.ar\\\/index.php\\\/programa-universidad-y-discapacidad-de-la-unsl-nuevo-formulario-de-contacto-con-estudiantes\\\/\"},\"wordCount\":227,\"publisher\":{\"@id\":\"https:\\\/\\\/www.fcejs.unsl.edu.ar\\\/#organization\"},\"image\":{\"@id\":\"https:\\\/\\\/www.fcejs.unsl.edu.ar\\\/index.php\\\/programa-universidad-y-discapacidad-de-la-unsl-nuevo-formulario-de-contacto-con-estudiantes\\\/#primaryimage\"},\"thumbnailUrl\":\"https:\\\/\\\/www.fcejs.unsl.edu.ar\\\/wp-content\\\/uploads\\\/2021\\\/03\\\/programa-discapacidad-unsl-logo-02.jpg\",\"articleSection\":[\"Archivadas\"],\"inLanguage\":\"es-AR\"},{\"@type\":\"WebPage\",\"@id\":\"https:\\\/\\\/www.fcejs.unsl.edu.ar\\\/index.php\\\/programa-universidad-y-discapacidad-de-la-unsl-nuevo-formulario-de-contacto-con-estudiantes\\\/\",\"url\":\"https:\\\/\\\/www.fcejs.unsl.edu.ar\\\/index.php\\\/programa-universidad-y-discapacidad-de-la-unsl-nuevo-formulario-de-contacto-con-estudiantes\\\/\",\"name\":\"Programa Universidad y Discapacidad de la UNSL: nuevo formulario de contacto con estudiantes - Facultad de Ciencias Econ\u00f3micas, Jur\u00ed\u00addicas y Sociales\",\"isPartOf\":{\"@id\":\"https:\\\/\\\/www.fcejs.unsl.edu.ar\\\/#website\"},\"primaryImageOfPage\":{\"@id\":\"https:\\\/\\\/www.fcejs.unsl.edu.ar\\\/index.php\\\/programa-universidad-y-discapacidad-de-la-unsl-nuevo-formulario-de-contacto-con-estudiantes\\\/#primaryimage\"},\"image\":{\"@id\":\"https:\\\/\\\/www.fcejs.unsl.edu.ar\\\/index.php\\\/programa-universidad-y-discapacidad-de-la-unsl-nuevo-formulario-de-contacto-con-estudiantes\\\/#primaryimage\"},\"thumbnailUrl\":\"https:\\\/\\\/www.fcejs.unsl.edu.ar\\\/wp-content\\\/uploads\\\/2021\\\/03\\\/programa-discapacidad-unsl-logo-02.jpg\",\"datePublished\":\"2021-03-29T15:54:45+00:00\",\"dateModified\":\"2021-09-15T11:57:35+00:00\",\"breadcrumb\":{\"@id\":\"https:\\\/\\\/www.fcejs.unsl.edu.ar\\\/index.php\\\/programa-universidad-y-discapacidad-de-la-unsl-nuevo-formulario-de-contacto-con-estudiantes\\\/#breadcrumb\"},\"inLanguage\":\"es-AR\",\"potentialAction\":[{\"@type\":\"ReadAction\",\"target\":[\"https:\\\/\\\/www.fcejs.unsl.edu.ar\\\/index.php\\\/programa-universidad-y-discapacidad-de-la-unsl-nuevo-formulario-de-contacto-con-estudiantes\\\/\"]}]},{\"@type\":\"ImageObject\",\"inLanguage\":\"es-AR\",\"@id\":\"https:\\\/\\\/www.fcejs.unsl.edu.ar\\\/index.php\\\/programa-universidad-y-discapacidad-de-la-unsl-nuevo-formulario-de-contacto-con-estudiantes\\\/#primaryimage\",\"url\":\"https:\\\/\\\/www.fcejs.unsl.edu.ar\\\/wp-content\\\/uploads\\\/2021\\\/03\\\/programa-discapacidad-unsl-logo-02.jpg\",\"contentUrl\":\"https:\\\/\\\/www.fcejs.unsl.edu.ar\\\/wp-content\\\/uploads\\\/2021\\\/03\\\/programa-discapacidad-unsl-logo-02.jpg\",\"width\":1200,\"height\":720},{\"@type\":\"BreadcrumbList\",\"@id\":\"https:\\\/\\\/www.fcejs.unsl.edu.ar\\\/index.php\\\/programa-universidad-y-discapacidad-de-la-unsl-nuevo-formulario-de-contacto-con-estudiantes\\\/#breadcrumb\",\"itemListElement\":[{\"@type\":\"ListItem\",\"position\":1,\"name\":\"Inicio\",\"item\":\"https:\\\/\\\/www.fcejs.unsl.edu.ar\\\/\"},{\"@type\":\"ListItem\",\"position\":2,\"name\":\"Programa Universidad y Discapacidad de la UNSL: nuevo formulario de contacto con estudiantes\"}]},{\"@type\":\"WebSite\",\"@id\":\"https:\\\/\\\/www.fcejs.unsl.edu.ar\\\/#website\",\"url\":\"https:\\\/\\\/www.fcejs.unsl.edu.ar\\\/\",\"name\":\"Facultad de Ciencias Econ\u00f3micas, Jur\u00ed\u00addicas y Sociales\",\"description\":\"\",\"publisher\":{\"@id\":\"https:\\\/\\\/www.fcejs.unsl.edu.ar\\\/#organization\"},\"potentialAction\":[{\"@type\":\"SearchAction\",\"target\":{\"@type\":\"EntryPoint\",\"urlTemplate\":\"https:\\\/\\\/www.fcejs.unsl.edu.ar\\\/?s={search_term_string}\"},\"query-input\":{\"@type\":\"PropertyValueSpecification\",\"valueRequired\":true,\"valueName\":\"search_term_string\"}}],\"inLanguage\":\"es-AR\"},{\"@type\":\"Organization\",\"@id\":\"https:\\\/\\\/www.fcejs.unsl.edu.ar\\\/#organization\",\"name\":\"Facultad de Ciencias Econ\u00f3micas, Jur\u00eddicas y Sociales\",\"url\":\"https:\\\/\\\/www.fcejs.unsl.edu.ar\\\/\",\"logo\":{\"@type\":\"ImageObject\",\"inLanguage\":\"es-AR\",\"@id\":\"https:\\\/\\\/www.fcejs.unsl.edu.ar\\\/#\\\/schema\\\/logo\\\/image\\\/\",\"url\":\"https:\\\/\\\/www.fcejs.unsl.edu.ar\\\/wp-content\\\/uploads\\\/2021\\\/03\\\/logo-1.jpg\",\"contentUrl\":\"https:\\\/\\\/www.fcejs.unsl.edu.ar\\\/wp-content\\\/uploads\\\/2021\\\/03\\\/logo-1.jpg\",\"width\":471,\"height\":146,\"caption\":\"Facultad de Ciencias Econ\u00f3micas, Jur\u00eddicas y Sociales\"},\"image\":{\"@id\":\"https:\\\/\\\/www.fcejs.unsl.edu.ar\\\/#\\\/schema\\\/logo\\\/image\\\/\"},\"sameAs\":[\"https:\\\/\\\/www.facebook.com\\\/FCEJS.UNSL\\\/\",\"https:\\\/\\\/x.com\\\/FCEJSUNSL\",\"https:\\\/\\\/www.instagram.com\\\/fcejs.unsl\\\/\",\"https:\\\/\\\/www.youtube.com\\\/channel\\\/UCH-Ut6EaN_X5ogjIQMPe46g\\\/\"]},{\"@type\":\"Person\",\"@id\":\"https:\\\/\\\/www.fcejs.unsl.edu.ar\\\/#\\\/schema\\\/person\\\/352ee6ed90c3f394c7cb5945f8956d34\",\"name\":\"DATI\"}]}<\/script>\n<!-- \/ Yoast SEO plugin. -->","yoast_head_json":{"title":"Programa Universidad y Discapacidad de la UNSL: nuevo formulario de contacto con estudiantes - Facultad de Ciencias Econ\u00f3micas, Jur\u00ed\u00addicas y Sociales","robots":{"index":"index","follow":"follow","max-snippet":"max-snippet:-1","max-image-preview":"max-image-preview:large","max-video-preview":"max-video-preview:-1"},"canonical":"https:\/\/www.fcejs.unsl.edu.ar\/index.php\/programa-universidad-y-discapacidad-de-la-unsl-nuevo-formulario-de-contacto-con-estudiantes\/","og_locale":"es_ES","og_type":"article","og_title":"Programa Universidad y Discapacidad de la UNSL: nuevo formulario de contacto con estudiantes - Facultad de Ciencias Econ\u00f3micas, Jur\u00ed\u00addicas y Sociales","og_description":"El Programa Universidad y Discapacidad de la UNSL, informa que en su sitio web se encuentra disponible un nuevo formulario de Contacto con Estudiantes de&hellip;","og_url":"https:\/\/www.fcejs.unsl.edu.ar\/index.php\/programa-universidad-y-discapacidad-de-la-unsl-nuevo-formulario-de-contacto-con-estudiantes\/","og_site_name":"Facultad de Ciencias Econ\u00f3micas, Jur\u00ed\u00addicas y Sociales","article_publisher":"https:\/\/www.facebook.com\/FCEJS.UNSL\/","article_published_time":"2021-03-29T15:54:45+00:00","article_modified_time":"2021-09-15T11:57:35+00:00","og_image":[{"width":1200,"height":720,"url":"https:\/\/www.fcejs.unsl.edu.ar\/wp-content\/uploads\/2021\/03\/programa-discapacidad-unsl-logo-02.jpg","type":"image\/jpeg"}],"author":"DATI","twitter_card":"summary_large_image","twitter_creator":"@FCEJSUNSL","twitter_site":"@FCEJSUNSL","twitter_misc":{"Escrito por":"DATI","Tiempo de lectura":"1 minuto"},"schema":{"@context":"https:\/\/schema.org","@graph":[{"@type":"Article","@id":"https:\/\/www.fcejs.unsl.edu.ar\/index.php\/programa-universidad-y-discapacidad-de-la-unsl-nuevo-formulario-de-contacto-con-estudiantes\/#article","isPartOf":{"@id":"https:\/\/www.fcejs.unsl.edu.ar\/index.php\/programa-universidad-y-discapacidad-de-la-unsl-nuevo-formulario-de-contacto-con-estudiantes\/"},"author":{"name":"DATI","@id":"https:\/\/www.fcejs.unsl.edu.ar\/#\/schema\/person\/352ee6ed90c3f394c7cb5945f8956d34"},"headline":"Programa Universidad y Discapacidad de la UNSL: nuevo formulario de contacto con estudiantes","datePublished":"2021-03-29T15:54:45+00:00","dateModified":"2021-09-15T11:57:35+00:00","mainEntityOfPage":{"@id":"https:\/\/www.fcejs.unsl.edu.ar\/index.php\/programa-universidad-y-discapacidad-de-la-unsl-nuevo-formulario-de-contacto-con-estudiantes\/"},"wordCount":227,"publisher":{"@id":"https:\/\/www.fcejs.unsl.edu.ar\/#organization"},"image":{"@id":"https:\/\/www.fcejs.unsl.edu.ar\/index.php\/programa-universidad-y-discapacidad-de-la-unsl-nuevo-formulario-de-contacto-con-estudiantes\/#primaryimage"},"thumbnailUrl":"https:\/\/www.fcejs.unsl.edu.ar\/wp-content\/uploads\/2021\/03\/programa-discapacidad-unsl-logo-02.jpg","articleSection":["Archivadas"],"inLanguage":"es-AR"},{"@type":"WebPage","@id":"https:\/\/www.fcejs.unsl.edu.ar\/index.php\/programa-universidad-y-discapacidad-de-la-unsl-nuevo-formulario-de-contacto-con-estudiantes\/","url":"https:\/\/www.fcejs.unsl.edu.ar\/index.php\/programa-universidad-y-discapacidad-de-la-unsl-nuevo-formulario-de-contacto-con-estudiantes\/","name":"Programa Universidad y Discapacidad de la UNSL: nuevo formulario de contacto con estudiantes - Facultad de Ciencias Econ\u00f3micas, Jur\u00ed\u00addicas y Sociales","isPartOf":{"@id":"https:\/\/www.fcejs.unsl.edu.ar\/#website"},"primaryImageOfPage":{"@id":"https:\/\/www.fcejs.unsl.edu.ar\/index.php\/programa-universidad-y-discapacidad-de-la-unsl-nuevo-formulario-de-contacto-con-estudiantes\/#primaryimage"},"image":{"@id":"https:\/\/www.fcejs.unsl.edu.ar\/index.php\/programa-universidad-y-discapacidad-de-la-unsl-nuevo-formulario-de-contacto-con-estudiantes\/#primaryimage"},"thumbnailUrl":"https:\/\/www.fcejs.unsl.edu.ar\/wp-content\/uploads\/2021\/03\/programa-discapacidad-unsl-logo-02.jpg","datePublished":"2021-03-29T15:54:45+00:00","dateModified":"2021-09-15T11:57:35+00:00","breadcrumb":{"@id":"https:\/\/www.fcejs.unsl.edu.ar\/index.php\/programa-universidad-y-discapacidad-de-la-unsl-nuevo-formulario-de-contacto-con-estudiantes\/#breadcrumb"},"inLanguage":"es-AR","potentialAction":[{"@type":"ReadAction","target":["https:\/\/www.fcejs.unsl.edu.ar\/index.php\/programa-universidad-y-discapacidad-de-la-unsl-nuevo-formulario-de-contacto-con-estudiantes\/"]}]},{"@type":"ImageObject","inLanguage":"es-AR","@id":"https:\/\/www.fcejs.unsl.edu.ar\/index.php\/programa-universidad-y-discapacidad-de-la-unsl-nuevo-formulario-de-contacto-con-estudiantes\/#primaryimage","url":"https:\/\/www.fcejs.unsl.edu.ar\/wp-content\/uploads\/2021\/03\/programa-discapacidad-unsl-logo-02.jpg","contentUrl":"https:\/\/www.fcejs.unsl.edu.ar\/wp-content\/uploads\/2021\/03\/programa-discapacidad-unsl-logo-02.jpg","width":1200,"height":720},{"@type":"BreadcrumbList","@id":"https:\/\/www.fcejs.unsl.edu.ar\/index.php\/programa-universidad-y-discapacidad-de-la-unsl-nuevo-formulario-de-contacto-con-estudiantes\/#breadcrumb","itemListElement":[{"@type":"ListItem","position":1,"name":"Inicio","item":"https:\/\/www.fcejs.unsl.edu.ar\/"},{"@type":"ListItem","position":2,"name":"Programa Universidad y Discapacidad de la UNSL: nuevo formulario de contacto con estudiantes"}]},{"@type":"WebSite","@id":"https:\/\/www.fcejs.unsl.edu.ar\/#website","url":"https:\/\/www.fcejs.unsl.edu.ar\/","name":"Facultad de Ciencias Econ\u00f3micas, Jur\u00ed\u00addicas y Sociales","description":"","publisher":{"@id":"https:\/\/www.fcejs.unsl.edu.ar\/#organization"},"potentialAction":[{"@type":"SearchAction","target":{"@type":"EntryPoint","urlTemplate":"https:\/\/www.fcejs.unsl.edu.ar\/?s={search_term_string}"},"query-input":{"@type":"PropertyValueSpecification","valueRequired":true,"valueName":"search_term_string"}}],"inLanguage":"es-AR"},{"@type":"Organization","@id":"https:\/\/www.fcejs.unsl.edu.ar\/#organization","name":"Facultad de Ciencias Econ\u00f3micas, Jur\u00eddicas y Sociales","url":"https:\/\/www.fcejs.unsl.edu.ar\/","logo":{"@type":"ImageObject","inLanguage":"es-AR","@id":"https:\/\/www.fcejs.unsl.edu.ar\/#\/schema\/logo\/image\/","url":"https:\/\/www.fcejs.unsl.edu.ar\/wp-content\/uploads\/2021\/03\/logo-1.jpg","contentUrl":"https:\/\/www.fcejs.unsl.edu.ar\/wp-content\/uploads\/2021\/03\/logo-1.jpg","width":471,"height":146,"caption":"Facultad de Ciencias Econ\u00f3micas, Jur\u00eddicas y Sociales"},"image":{"@id":"https:\/\/www.fcejs.unsl.edu.ar\/#\/schema\/logo\/image\/"},"sameAs":["https:\/\/www.facebook.com\/FCEJS.UNSL\/","https:\/\/x.com\/FCEJSUNSL","https:\/\/www.instagram.com\/fcejs.unsl\/","https:\/\/www.youtube.com\/channel\/UCH-Ut6EaN_X5ogjIQMPe46g\/"]},{"@type":"Person","@id":"https:\/\/www.fcejs.unsl.edu.ar\/#\/schema\/person\/352ee6ed90c3f394c7cb5945f8956d34","name":"DATI"}]}},"jetpack_featured_media_url":"https:\/\/www.fcejs.unsl.edu.ar\/wp-content\/uploads\/2021\/03\/programa-discapacidad-unsl-logo-02.jpg","_links":{"self":[{"href":"https:\/\/www.fcejs.unsl.edu.ar\/index.php\/wp-json\/wp\/v2\/posts\/2171","targetHints":{"allow":["GET"]}}],"collection":[{"href":"https:\/\/www.fcejs.unsl.edu.ar\/index.php\/wp-json\/wp\/v2\/posts"}],"about":[{"href":"https:\/\/www.fcejs.unsl.edu.ar\/index.php\/wp-json\/wp\/v2\/types\/post"}],"author":[{"embeddable":true,"href":"https:\/\/www.fcejs.unsl.edu.ar\/index.php\/wp-json\/wp\/v2\/users\/9"}],"replies":[{"embeddable":true,"href":"https:\/\/www.fcejs.unsl.edu.ar\/index.php\/wp-json\/wp\/v2\/comments?post=2171"}],"version-history":[{"count":3,"href":"https:\/\/www.fcejs.unsl.edu.ar\/index.php\/wp-json\/wp\/v2\/posts\/2171\/revisions"}],"predecessor-version":[{"id":2176,"href":"https:\/\/www.fcejs.unsl.edu.ar\/index.php\/wp-json\/wp\/v2\/posts\/2171\/revisions\/2176"}],"wp:featuredmedia":[{"embeddable":true,"href":"https:\/\/www.fcejs.unsl.edu.ar\/index.php\/wp-json\/wp\/v2\/media\/2175"}],"wp:attachment":[{"href":"https:\/\/www.fcejs.unsl.edu.ar\/index.php\/wp-json\/wp\/v2\/media?parent=2171"}],"wp:term":[{"taxonomy":"category","embeddable":true,"href":"https:\/\/www.fcejs.unsl.edu.ar\/index.php\/wp-json\/wp\/v2\/categories?post=2171"},{"taxonomy":"post_tag","embeddable":true,"href":"https:\/\/www.fcejs.unsl.edu.ar\/index.php\/wp-json\/wp\/v2\/tags?post=2171"}],"curies":[{"name":"wp","href":"https:\/\/api.w.org\/{rel}","templated":true}]}}