{"id":21637,"date":"2025-09-18T11:00:41","date_gmt":"2025-09-18T14:00:41","guid":{"rendered":"http:\/\/10.101.10.197\/www\/?p=21637"},"modified":"2025-09-26T08:39:49","modified_gmt":"2025-09-26T11:39:49","slug":"capacitacion-en-la-fcejs-autogestion-y-bienestar-emocional-para-estudiantes-egresables","status":"publish","type":"post","link":"https:\/\/www.fcejs.unsl.edu.ar\/index.php\/capacitacion-en-la-fcejs-autogestion-y-bienestar-emocional-para-estudiantes-egresables\/","title":{"rendered":"Capacitaci\u00f3n en la FCEJS: \u201cAutogesti\u00f3n y Bienestar Emocional\u201d para estudiantes egresables"},"content":{"rendered":"<p data-start=\"170\" data-end=\"491\">En el marco del <strong data-start=\"186\" data-end=\"206\">Programa Egresar<\/strong>, se desarroll\u00f3 en la FCEJS la capacitaci\u00f3n virtual <strong data-start=\"314\" data-end=\"404\">\u201cAutogesti\u00f3n y Bienestar Emocional: herramientas clave para la terminalidad acad\u00e9mica\u201d<\/strong>, que cont\u00f3 con la participaci\u00f3n de m\u00e1s de 30 estudiantes en condici\u00f3n de egresables.<\/p>\n<p data-start=\"493\" data-end=\"731\">La propuesta fue impulsada por el director de la carrera de la TUGF, <strong data-start=\"562\" data-end=\"583\">Lic. Facundo Demo<\/strong>, con la colaboraci\u00f3n de la <strong data-start=\"611\" data-end=\"637\">Lic. Florencia Meineri<\/strong>, y el trabajo acad\u00e9mico de las docentes <strong data-start=\"678\" data-end=\"702\">Lic. Zulema Prediger<\/strong> y <strong data-start=\"705\" data-end=\"728\">Esp. Soledad Gaiani<\/strong>.<\/p>\n<p>La primera intervenci\u00f3n estuvo a cargo de la Lic. Zulema Prediger, quien abord\u00f3 herramientas pr\u00e1cticas de meditaci\u00f3n, inteligencia emocional y manejo del estr\u00e9s. Se trabajaron aspectos como la procrastinaci\u00f3n, la gesti\u00f3n de emociones en contextos de presi\u00f3n acad\u00e9mica y la importancia del equilibrio personal en el camino hacia la graduaci\u00f3n. A trav\u00e9s de ejercicios de respiraci\u00f3n consciente, t\u00e9cnicas de mindfulness y din\u00e1micas de identificaci\u00f3n emocional, los y las estudiantes pudieron reflexionar sobre sus propios procesos internos y fortalecer su autoconfianza.<\/p>\n<p data-start=\"1340\" data-end=\"1460\">Posteriormente, la Esp. Soledad Gaiani present\u00f3 la propuesta <strong data-start=\"1401\" data-end=\"1430\">\u201cPlanificar para Avanzar\u201d<\/strong>, organizada en cuatro ejes:<\/p>\n<ol>\n<li data-start=\"1464\" data-end=\"1536\"><strong data-start=\"1464\" data-end=\"1489\">D\u00f3nde estoy parado\/a:<\/strong> diagn\u00f3stico personal y proyecci\u00f3n acad\u00e9mica.<\/li>\n<li data-start=\"1540\" data-end=\"1621\"><strong data-start=\"1540\" data-end=\"1567\">El tiempo como recurso:<\/strong> gesti\u00f3n de prioridades y planificaci\u00f3n estrat\u00e9gica.<\/li>\n<li data-start=\"1625\" data-end=\"1697\"><strong data-start=\"1625\" data-end=\"1650\">Sostenerse con otros:<\/strong> redes de apoyo y acompa\u00f1amiento entre pares.<\/li>\n<li data-start=\"1701\" data-end=\"1772\"><strong data-start=\"1701\" data-end=\"1725\">Evaluar para seguir:<\/strong> autoevaluaci\u00f3n y definici\u00f3n de nuevas metas.<\/li>\n<\/ol>\n<p data-start=\"1774\" data-end=\"1938\">Su enfoque combin\u00f3 lo individual y lo colectivo, lo reflexivo y lo pr\u00e1ctico, con una mirada pedag\u00f3gica innovadora que integr\u00f3 herramientas tecnol\u00f3gicas y humanas.<\/p>\n<p>Un aspecto central fue la creaci\u00f3n de un <strong data-start=\"2027\" data-end=\"2050\">aula virtual Moodle<\/strong> (disponible <a href=\"https:\/\/moodle4vz.unsl.edu.ar\/moodle\/course\/view.php?id=1566\" data-start=\"2063\" data-end=\"2131\">aqu\u00ed<\/a>), que permanecer\u00e1 abierta de manera permanente para estudiantes egresables actuales y futuras cohortes. El espacio incluye clases grabadas, recursos y foros de intercambio, consolid\u00e1ndose como una pol\u00edtica acad\u00e9mica de acompa\u00f1amiento institucional a largo plazo.<\/p>\n<p data-start=\"2398\" data-end=\"2875\">Asimismo, el Lic. Facundo Demo implement\u00f3 la utilizaci\u00f3n de <strong data-start=\"2458\" data-end=\"2511\">agentes de inteligencia artificial personalizados<\/strong>, desarrollados con la autorizaci\u00f3n y aportes de la Esp. Gaiani. Cada estudiante complet\u00f3 un formulario de autodiagn\u00f3stico y recibi\u00f3 un informe con un plan de motivaci\u00f3n y gesti\u00f3n del tiempo, que luego fue trabajado en grupos para fomentar la identificaci\u00f3n de problem\u00e1ticas comunes, el intercambio de estrategias y el fortalecimiento de la motivaci\u00f3n colectiva.<\/p>\n<p>La FCEJS reconoce especialmente a las docentes <strong data-start=\"2959\" data-end=\"2983\">Lic. Zulema Prediger<\/strong> y <strong data-start=\"2986\" data-end=\"3009\">Esp. Soledad Gaiani<\/strong> por su compromiso, dedicaci\u00f3n y vocaci\u00f3n, que hicieron posible esta experiencia formativa.<\/p>\n<p data-start=\"3104\" data-end=\"3454\">La capacitaci\u00f3n <strong data-start=\"3120\" data-end=\"3159\">\u201cAutogesti\u00f3n y Bienestar Emocional\u201d<\/strong> se consolida como una iniciativa acad\u00e9mica innovadora que articula saberes pedag\u00f3gicos, tecnol\u00f3gicos y humanos, orientada a fortalecer la terminalidad acad\u00e9mica, promover el bienestar integral de los y las estudiantes y aportar a la construcci\u00f3n de una universidad inclusiva y transformadora.<\/p>\n<p data-start=\"3104\" data-end=\"3454\">\n<p data-start=\"3104\" data-end=\"3454\"><div class=\"gmedia_gallery phantom_module is_bot\" id=\"GmediaGallery_290\" data-gmid=\"290\" data-module=\"phantom\"><style type='text\/css' class='gmedia_module_style_import'>@import url('https:\/\/www.fcejs.unsl.edu.ar\/wp-content\/plugins\/grand-media\/module\/phantom\/css\/style.css') all;<\/style>    <div class=\"gmPhantom_Container noLightbox\" >\r\n                <div class=\"gmPhantom_thumbsWrapper gmPhantom_ThumbScale gmPhantom_LabelHover\">\r\n                        <div class=\"gmPhantom_ThumbContainer gmPhantom_ThumbLoader\" data-id=\"5188\" data-post_id=\"21646\" data-ratio=\"1.8933333333333\" data-type=\"image\" data-ext=\"jpeg\" data-views=\"11\" data-likes=\"0\" data-cc=\"0\" data-post_link=\"https:\/\/www.fcejs.unsl.edu.ar\/index.php\/gmedia\/whatsapp_image_2025-09-18_at_09-27-14-jpeg\/\">\r\n                <a href=\"https:\/\/www.fcejs.unsl.edu.ar\/wp-content\/grand-media\/image\/WhatsApp_Image_2025-09-18_at_09.27.14.jpeg\" class=\"gmPhantom_Thumb\"><img decoding=\"async\" src=\"https:\/\/www.fcejs.unsl.edu.ar\/wp-content\/grand-media\/image\/thumb\/WhatsApp_Image_2025-09-18_at_09.27.14.jpeg\" data-src=\"https:\/\/www.fcejs.unsl.edu.ar\/wp-content\/grand-media\/image\/WhatsApp_Image_2025-09-18_at_09.27.14.jpeg\" alt=\"WhatsApp Image 2025-09-18 At 09.27.14\"\/><\/a>\r\n                                    <div class=\"gmPhantom_ThumbLabel\"><span class=\"gmPhantom_ThumbLabel_title\">WhatsApp Image 2025-09-18 At 09.27.14<\/span><\/div>\r\n                                    <div style=\"display:none;\" class=\"gmPhantom_Details\">\r\n                                            <div class=\"gmPhantom_description\">\r\n                            <div class=\"gmPhantom_title\">WhatsApp Image 2025-09-18 At 09.27.14<\/div>\r\n                            <div class=\"gmPhantom_text\"><\/div>\r\n                        <\/div>\r\n                                                            <div class=\"gmPhantom_terms\">\r\n                                                    <div class=\"gmPhantom_other_terms\">\r\n                                <table class=\"gmPhantom_other_terms_table\">\r\n                                                                            <tr class=\"gmPhantom_term_row_album\">\r\n                                            <td class=\"gmPhantom_term_key\">Album<\/td>\r\n                                            <td class=\"gmPhantom_term_value\"><a href=\"\/index.php\/wp-json\/wp\/v2\/posts\/21637?gm290[album__in]=290\" class=\"gmPhantom_alb\">Autogesti\u00f3n y Bienestar Emocional-2025<\/a><\/td>\r\n                                        <\/tr>\r\n                                                                    <\/table>\r\n                            <\/div>\r\n                                                <\/div>\r\n                <\/div>\r\n                <\/div>            <div class=\"gmPhantom_ThumbContainer gmPhantom_ThumbLoader\" data-id=\"5187\" data-post_id=\"21645\" data-ratio=\"1.2666666666667\" data-type=\"image\" data-ext=\"jpeg\" data-views=\"11\" data-likes=\"0\" data-cc=\"0\" data-post_link=\"https:\/\/www.fcejs.unsl.edu.ar\/index.php\/gmedia\/whatsapp_image_2025-09-18_at_09-24-06-jpeg\/\">\r\n                <a href=\"https:\/\/www.fcejs.unsl.edu.ar\/wp-content\/grand-media\/image\/WhatsApp_Image_2025-09-18_at_09.24.06.jpeg\" class=\"gmPhantom_Thumb\"><img decoding=\"async\" src=\"https:\/\/www.fcejs.unsl.edu.ar\/wp-content\/grand-media\/image\/thumb\/WhatsApp_Image_2025-09-18_at_09.24.06.jpeg\" data-src=\"https:\/\/www.fcejs.unsl.edu.ar\/wp-content\/grand-media\/image\/WhatsApp_Image_2025-09-18_at_09.24.06.jpeg\" alt=\"WhatsApp Image 2025-09-18 At 09.24.06\"\/><\/a>\r\n                                    <div class=\"gmPhantom_ThumbLabel\"><span class=\"gmPhantom_ThumbLabel_title\">WhatsApp Image 2025-09-18 At 09.24.06<\/span><\/div>\r\n                                    <div style=\"display:none;\" class=\"gmPhantom_Details\">\r\n                                            <div class=\"gmPhantom_description\">\r\n                            <div class=\"gmPhantom_title\">WhatsApp Image 2025-09-18 At 09.24.06<\/div>\r\n                            <div class=\"gmPhantom_text\"><\/div>\r\n                        <\/div>\r\n                                                            <div class=\"gmPhantom_terms\">\r\n                                                    <div class=\"gmPhantom_other_terms\">\r\n                                <table class=\"gmPhantom_other_terms_table\">\r\n                                                                            <tr class=\"gmPhantom_term_row_album\">\r\n                                            <td class=\"gmPhantom_term_key\">Album<\/td>\r\n                                            <td class=\"gmPhantom_term_value\"><a href=\"\/index.php\/wp-json\/wp\/v2\/posts\/21637?gm290[album__in]=290\" class=\"gmPhantom_alb\">Autogesti\u00f3n y Bienestar Emocional-2025<\/a><\/td>\r\n                                        <\/tr>\r\n                                                                    <\/table>\r\n                            <\/div>\r\n                                                <\/div>\r\n                <\/div>\r\n                <\/div>            <div class=\"gmPhantom_ThumbContainer gmPhantom_ThumbLoader\" data-id=\"5186\" data-post_id=\"21644\" data-ratio=\"1.3333333333333\" data-type=\"image\" data-ext=\"jpeg\" data-views=\"10\" data-likes=\"0\" data-cc=\"0\" data-post_link=\"https:\/\/www.fcejs.unsl.edu.ar\/index.php\/gmedia\/whatsapp_image_2025-09-18_at_09-13-43-jpeg\/\">\r\n                <a href=\"https:\/\/www.fcejs.unsl.edu.ar\/wp-content\/grand-media\/image\/WhatsApp_Image_2025-09-18_at_09.13.43.jpeg\" class=\"gmPhantom_Thumb\"><img decoding=\"async\" src=\"https:\/\/www.fcejs.unsl.edu.ar\/wp-content\/grand-media\/image\/thumb\/WhatsApp_Image_2025-09-18_at_09.13.43.jpeg\" data-src=\"https:\/\/www.fcejs.unsl.edu.ar\/wp-content\/grand-media\/image\/WhatsApp_Image_2025-09-18_at_09.13.43.jpeg\" alt=\"WhatsApp Image 2025-09-18 At 09.13.43\"\/><\/a>\r\n                                    <div class=\"gmPhantom_ThumbLabel\"><span class=\"gmPhantom_ThumbLabel_title\">WhatsApp Image 2025-09-18 At 09.13.43<\/span><\/div>\r\n                                    <div style=\"display:none;\" class=\"gmPhantom_Details\">\r\n                                            <div class=\"gmPhantom_description\">\r\n                            <div class=\"gmPhantom_title\">WhatsApp Image 2025-09-18 At 09.13.43<\/div>\r\n                            <div class=\"gmPhantom_text\"><\/div>\r\n                        <\/div>\r\n                                                            <div class=\"gmPhantom_terms\">\r\n                                                    <div class=\"gmPhantom_other_terms\">\r\n                                <table class=\"gmPhantom_other_terms_table\">\r\n                                                                            <tr class=\"gmPhantom_term_row_album\">\r\n                                            <td class=\"gmPhantom_term_key\">Album<\/td>\r\n                                            <td class=\"gmPhantom_term_value\"><a href=\"\/index.php\/wp-json\/wp\/v2\/posts\/21637?gm290[album__in]=290\" class=\"gmPhantom_alb\">Autogesti\u00f3n y Bienestar Emocional-2025<\/a><\/td>\r\n                                        <\/tr>\r\n                                                                    <\/table>\r\n                            <\/div>\r\n                                                <\/div>\r\n                <\/div>\r\n                <\/div>            <div class=\"gmPhantom_ThumbContainer gmPhantom_ThumbLoader\" data-id=\"5185\" data-post_id=\"21643\" data-ratio=\"0.61594202898551\" data-type=\"image\" data-ext=\"jpeg\" data-views=\"10\" data-likes=\"0\" data-cc=\"0\" data-post_link=\"https:\/\/www.fcejs.unsl.edu.ar\/index.php\/gmedia\/whatsapp_image_2025-09-18_at_09-13-41-jpeg\/\">\r\n                <a href=\"https:\/\/www.fcejs.unsl.edu.ar\/wp-content\/grand-media\/image\/WhatsApp_Image_2025-09-18_at_09.13.41.jpeg\" class=\"gmPhantom_Thumb\"><img decoding=\"async\" src=\"https:\/\/www.fcejs.unsl.edu.ar\/wp-content\/grand-media\/image\/thumb\/WhatsApp_Image_2025-09-18_at_09.13.41.jpeg\" data-src=\"https:\/\/www.fcejs.unsl.edu.ar\/wp-content\/grand-media\/image\/WhatsApp_Image_2025-09-18_at_09.13.41.jpeg\" alt=\"WhatsApp Image 2025-09-18 At 09.13.41\"\/><\/a>\r\n                                    <div class=\"gmPhantom_ThumbLabel\"><span class=\"gmPhantom_ThumbLabel_title\">WhatsApp Image 2025-09-18 At 09.13.41<\/span><\/div>\r\n                                    <div style=\"display:none;\" class=\"gmPhantom_Details\">\r\n                                            <div class=\"gmPhantom_description\">\r\n                            <div class=\"gmPhantom_title\">WhatsApp Image 2025-09-18 At 09.13.41<\/div>\r\n                            <div class=\"gmPhantom_text\"><\/div>\r\n                        <\/div>\r\n                                                            <div class=\"gmPhantom_terms\">\r\n                                                    <div class=\"gmPhantom_other_terms\">\r\n                                <table class=\"gmPhantom_other_terms_table\">\r\n                                                                            <tr class=\"gmPhantom_term_row_album\">\r\n                                            <td class=\"gmPhantom_term_key\">Album<\/td>\r\n                                            <td class=\"gmPhantom_term_value\"><a href=\"\/index.php\/wp-json\/wp\/v2\/posts\/21637?gm290[album__in]=290\" class=\"gmPhantom_alb\">Autogesti\u00f3n y Bienestar Emocional-2025<\/a><\/td>\r\n                                        <\/tr>\r\n                                                                    <\/table>\r\n                            <\/div>\r\n                                                <\/div>\r\n                <\/div>\r\n                <\/div>            <div class=\"gmPhantom_ThumbContainer gmPhantom_ThumbLoader\" data-id=\"5184\" data-post_id=\"21642\" data-ratio=\"2.3133333333333\" data-type=\"image\" data-ext=\"jpeg\" data-views=\"10\" data-likes=\"0\" data-cc=\"0\" data-post_link=\"https:\/\/www.fcejs.unsl.edu.ar\/index.php\/gmedia\/whatsapp_image_2025-09-18_at_09-13-39-jpeg\/\">\r\n                <a href=\"https:\/\/www.fcejs.unsl.edu.ar\/wp-content\/grand-media\/image\/WhatsApp_Image_2025-09-18_at_09.13.39.jpeg\" class=\"gmPhantom_Thumb\"><img decoding=\"async\" src=\"https:\/\/www.fcejs.unsl.edu.ar\/wp-content\/grand-media\/image\/thumb\/WhatsApp_Image_2025-09-18_at_09.13.39.jpeg\" data-src=\"https:\/\/www.fcejs.unsl.edu.ar\/wp-content\/grand-media\/image\/WhatsApp_Image_2025-09-18_at_09.13.39.jpeg\" alt=\"WhatsApp Image 2025-09-18 At 09.13.39\"\/><\/a>\r\n                                    <div class=\"gmPhantom_ThumbLabel\"><span class=\"gmPhantom_ThumbLabel_title\">WhatsApp Image 2025-09-18 At 09.13.39<\/span><\/div>\r\n                                    <div style=\"display:none;\" class=\"gmPhantom_Details\">\r\n                                            <div class=\"gmPhantom_description\">\r\n                            <div class=\"gmPhantom_title\">WhatsApp Image 2025-09-18 At 09.13.39<\/div>\r\n                            <div class=\"gmPhantom_text\"><\/div>\r\n                        <\/div>\r\n                                                            <div class=\"gmPhantom_terms\">\r\n                                                    <div class=\"gmPhantom_other_terms\">\r\n                                <table class=\"gmPhantom_other_terms_table\">\r\n                                                                            <tr class=\"gmPhantom_term_row_album\">\r\n                                            <td class=\"gmPhantom_term_key\">Album<\/td>\r\n                                            <td class=\"gmPhantom_term_value\"><a href=\"\/index.php\/wp-json\/wp\/v2\/posts\/21637?gm290[album__in]=290\" class=\"gmPhantom_alb\">Autogesti\u00f3n y Bienestar Emocional-2025<\/a><\/td>\r\n                                        <\/tr>\r\n                                                                    <\/table>\r\n                            <\/div>\r\n                                                <\/div>\r\n                <\/div>\r\n                <\/div>        <\/div>\r\n    <\/div>\r\n<\/div><\/p>\n<p data-start=\"3104\" data-end=\"3454\">\n<p data-start=\"3104\" data-end=\"3454\">\n<p>&nbsp;<\/p>\n<p>&nbsp;<\/p>\n","protected":false},"excerpt":{"rendered":"<p>En el marco del Programa Egresar, se desarroll\u00f3 en la FCEJS la capacitaci\u00f3n virtual \u201cAutogesti\u00f3n y Bienestar Emocional: herramientas clave para la terminalidad acad\u00e9mica\u201d, que&hellip;<\/p>\n","protected":false},"author":9,"featured_media":21639,"comment_status":"closed","ping_status":"closed","sticky":false,"template":"","format":"standard","meta":{"om_disable_all_campaigns":false,"_monsterinsights_skip_tracking":false,"_monsterinsights_sitenote_active":false,"_monsterinsights_sitenote_note":"","_monsterinsights_sitenote_category":0,"footnotes":""},"categories":[1],"tags":[],"class_list":["post-21637","post","type-post","status-publish","format-standard","has-post-thumbnail","hentry","category-noticias"],"yoast_head":"<!-- This site is optimized with the Yoast SEO plugin v27.5 - https:\/\/yoast.com\/product\/yoast-seo-wordpress\/ -->\n<title>Capacitaci\u00f3n en la FCEJS: \u201cAutogesti\u00f3n y Bienestar Emocional\u201d para estudiantes egresables - Facultad de Ciencias Econ\u00f3micas, Jur\u00ed\u00addicas y Sociales<\/title>\n<meta name=\"robots\" content=\"index, follow, max-snippet:-1, max-image-preview:large, max-video-preview:-1\" \/>\n<link rel=\"canonical\" href=\"https:\/\/www.fcejs.unsl.edu.ar\/index.php\/capacitacion-en-la-fcejs-autogestion-y-bienestar-emocional-para-estudiantes-egresables\/\" \/>\n<meta property=\"og:locale\" content=\"es_ES\" \/>\n<meta property=\"og:type\" content=\"article\" \/>\n<meta property=\"og:title\" content=\"Capacitaci\u00f3n en la FCEJS: \u201cAutogesti\u00f3n y Bienestar Emocional\u201d para estudiantes egresables - Facultad de Ciencias Econ\u00f3micas, Jur\u00ed\u00addicas y Sociales\" \/>\n<meta property=\"og:description\" content=\"En el marco del Programa Egresar, se desarroll\u00f3 en la FCEJS la capacitaci\u00f3n virtual \u201cAutogesti\u00f3n y Bienestar Emocional: herramientas clave para la terminalidad acad\u00e9mica\u201d, que&hellip;\" \/>\n<meta property=\"og:url\" content=\"https:\/\/www.fcejs.unsl.edu.ar\/index.php\/capacitacion-en-la-fcejs-autogestion-y-bienestar-emocional-para-estudiantes-egresables\/\" \/>\n<meta property=\"og:site_name\" content=\"Facultad de Ciencias Econ\u00f3micas, Jur\u00ed\u00addicas y Sociales\" \/>\n<meta property=\"article:publisher\" content=\"https:\/\/www.facebook.com\/FCEJS.UNSL\/\" \/>\n<meta property=\"article:published_time\" content=\"2025-09-18T14:00:41+00:00\" \/>\n<meta property=\"article:modified_time\" content=\"2025-09-26T11:39:49+00:00\" \/>\n<meta property=\"og:image\" content=\"https:\/\/www.fcejs.unsl.edu.ar\/wp-content\/uploads\/2025\/09\/Autogestion-y-Bienestar-Emocional-front.jpg\" \/>\n\t<meta property=\"og:image:width\" content=\"1152\" \/>\n\t<meta property=\"og:image:height\" content=\"647\" \/>\n\t<meta property=\"og:image:type\" content=\"image\/jpeg\" \/>\n<meta name=\"author\" content=\"DATI\" \/>\n<meta name=\"twitter:card\" content=\"summary_large_image\" \/>\n<meta name=\"twitter:creator\" content=\"@FCEJSUNSL\" \/>\n<meta name=\"twitter:site\" content=\"@FCEJSUNSL\" \/>\n<meta name=\"twitter:label1\" content=\"Escrito por\" \/>\n\t<meta name=\"twitter:data1\" content=\"DATI\" \/>\n\t<meta name=\"twitter:label2\" content=\"Tiempo de lectura\" \/>\n\t<meta name=\"twitter:data2\" content=\"3 minutos\" \/>\n<script type=\"application\/ld+json\" class=\"yoast-schema-graph\">{\"@context\":\"https:\\\/\\\/schema.org\",\"@graph\":[{\"@type\":\"Article\",\"@id\":\"https:\\\/\\\/www.fcejs.unsl.edu.ar\\\/index.php\\\/capacitacion-en-la-fcejs-autogestion-y-bienestar-emocional-para-estudiantes-egresables\\\/#article\",\"isPartOf\":{\"@id\":\"https:\\\/\\\/www.fcejs.unsl.edu.ar\\\/index.php\\\/capacitacion-en-la-fcejs-autogestion-y-bienestar-emocional-para-estudiantes-egresables\\\/\"},\"author\":{\"name\":\"DATI\",\"@id\":\"https:\\\/\\\/www.fcejs.unsl.edu.ar\\\/#\\\/schema\\\/person\\\/352ee6ed90c3f394c7cb5945f8956d34\"},\"headline\":\"Capacitaci\u00f3n en la FCEJS: \u201cAutogesti\u00f3n y Bienestar Emocional\u201d para estudiantes egresables\",\"datePublished\":\"2025-09-18T14:00:41+00:00\",\"dateModified\":\"2025-09-26T11:39:49+00:00\",\"mainEntityOfPage\":{\"@id\":\"https:\\\/\\\/www.fcejs.unsl.edu.ar\\\/index.php\\\/capacitacion-en-la-fcejs-autogestion-y-bienestar-emocional-para-estudiantes-egresables\\\/\"},\"wordCount\":493,\"publisher\":{\"@id\":\"https:\\\/\\\/www.fcejs.unsl.edu.ar\\\/#organization\"},\"image\":{\"@id\":\"https:\\\/\\\/www.fcejs.unsl.edu.ar\\\/index.php\\\/capacitacion-en-la-fcejs-autogestion-y-bienestar-emocional-para-estudiantes-egresables\\\/#primaryimage\"},\"thumbnailUrl\":\"https:\\\/\\\/www.fcejs.unsl.edu.ar\\\/wp-content\\\/uploads\\\/2025\\\/09\\\/Autogestion-y-Bienestar-Emocional-front.jpg\",\"articleSection\":[\"Noticias\"],\"inLanguage\":\"es-AR\"},{\"@type\":\"WebPage\",\"@id\":\"https:\\\/\\\/www.fcejs.unsl.edu.ar\\\/index.php\\\/capacitacion-en-la-fcejs-autogestion-y-bienestar-emocional-para-estudiantes-egresables\\\/\",\"url\":\"https:\\\/\\\/www.fcejs.unsl.edu.ar\\\/index.php\\\/capacitacion-en-la-fcejs-autogestion-y-bienestar-emocional-para-estudiantes-egresables\\\/\",\"name\":\"Capacitaci\u00f3n en la FCEJS: \u201cAutogesti\u00f3n y Bienestar Emocional\u201d para estudiantes egresables - Facultad de Ciencias Econ\u00f3micas, Jur\u00ed\u00addicas y Sociales\",\"isPartOf\":{\"@id\":\"https:\\\/\\\/www.fcejs.unsl.edu.ar\\\/#website\"},\"primaryImageOfPage\":{\"@id\":\"https:\\\/\\\/www.fcejs.unsl.edu.ar\\\/index.php\\\/capacitacion-en-la-fcejs-autogestion-y-bienestar-emocional-para-estudiantes-egresables\\\/#primaryimage\"},\"image\":{\"@id\":\"https:\\\/\\\/www.fcejs.unsl.edu.ar\\\/index.php\\\/capacitacion-en-la-fcejs-autogestion-y-bienestar-emocional-para-estudiantes-egresables\\\/#primaryimage\"},\"thumbnailUrl\":\"https:\\\/\\\/www.fcejs.unsl.edu.ar\\\/wp-content\\\/uploads\\\/2025\\\/09\\\/Autogestion-y-Bienestar-Emocional-front.jpg\",\"datePublished\":\"2025-09-18T14:00:41+00:00\",\"dateModified\":\"2025-09-26T11:39:49+00:00\",\"breadcrumb\":{\"@id\":\"https:\\\/\\\/www.fcejs.unsl.edu.ar\\\/index.php\\\/capacitacion-en-la-fcejs-autogestion-y-bienestar-emocional-para-estudiantes-egresables\\\/#breadcrumb\"},\"inLanguage\":\"es-AR\",\"potentialAction\":[{\"@type\":\"ReadAction\",\"target\":[\"https:\\\/\\\/www.fcejs.unsl.edu.ar\\\/index.php\\\/capacitacion-en-la-fcejs-autogestion-y-bienestar-emocional-para-estudiantes-egresables\\\/\"]}]},{\"@type\":\"ImageObject\",\"inLanguage\":\"es-AR\",\"@id\":\"https:\\\/\\\/www.fcejs.unsl.edu.ar\\\/index.php\\\/capacitacion-en-la-fcejs-autogestion-y-bienestar-emocional-para-estudiantes-egresables\\\/#primaryimage\",\"url\":\"https:\\\/\\\/www.fcejs.unsl.edu.ar\\\/wp-content\\\/uploads\\\/2025\\\/09\\\/Autogestion-y-Bienestar-Emocional-front.jpg\",\"contentUrl\":\"https:\\\/\\\/www.fcejs.unsl.edu.ar\\\/wp-content\\\/uploads\\\/2025\\\/09\\\/Autogestion-y-Bienestar-Emocional-front.jpg\",\"width\":1152,\"height\":647},{\"@type\":\"BreadcrumbList\",\"@id\":\"https:\\\/\\\/www.fcejs.unsl.edu.ar\\\/index.php\\\/capacitacion-en-la-fcejs-autogestion-y-bienestar-emocional-para-estudiantes-egresables\\\/#breadcrumb\",\"itemListElement\":[{\"@type\":\"ListItem\",\"position\":1,\"name\":\"Inicio\",\"item\":\"https:\\\/\\\/www.fcejs.unsl.edu.ar\\\/\"},{\"@type\":\"ListItem\",\"position\":2,\"name\":\"Capacitaci\u00f3n en la FCEJS: \u201cAutogesti\u00f3n y Bienestar Emocional\u201d para estudiantes egresables\"}]},{\"@type\":\"WebSite\",\"@id\":\"https:\\\/\\\/www.fcejs.unsl.edu.ar\\\/#website\",\"url\":\"https:\\\/\\\/www.fcejs.unsl.edu.ar\\\/\",\"name\":\"Facultad de Ciencias Econ\u00f3micas, Jur\u00ed\u00addicas y Sociales\",\"description\":\"\",\"publisher\":{\"@id\":\"https:\\\/\\\/www.fcejs.unsl.edu.ar\\\/#organization\"},\"potentialAction\":[{\"@type\":\"SearchAction\",\"target\":{\"@type\":\"EntryPoint\",\"urlTemplate\":\"https:\\\/\\\/www.fcejs.unsl.edu.ar\\\/?s={search_term_string}\"},\"query-input\":{\"@type\":\"PropertyValueSpecification\",\"valueRequired\":true,\"valueName\":\"search_term_string\"}}],\"inLanguage\":\"es-AR\"},{\"@type\":\"Organization\",\"@id\":\"https:\\\/\\\/www.fcejs.unsl.edu.ar\\\/#organization\",\"name\":\"Facultad de Ciencias Econ\u00f3micas, Jur\u00eddicas y Sociales\",\"url\":\"https:\\\/\\\/www.fcejs.unsl.edu.ar\\\/\",\"logo\":{\"@type\":\"ImageObject\",\"inLanguage\":\"es-AR\",\"@id\":\"https:\\\/\\\/www.fcejs.unsl.edu.ar\\\/#\\\/schema\\\/logo\\\/image\\\/\",\"url\":\"https:\\\/\\\/www.fcejs.unsl.edu.ar\\\/wp-content\\\/uploads\\\/2021\\\/03\\\/logo-1.jpg\",\"contentUrl\":\"https:\\\/\\\/www.fcejs.unsl.edu.ar\\\/wp-content\\\/uploads\\\/2021\\\/03\\\/logo-1.jpg\",\"width\":471,\"height\":146,\"caption\":\"Facultad de Ciencias Econ\u00f3micas, Jur\u00eddicas y Sociales\"},\"image\":{\"@id\":\"https:\\\/\\\/www.fcejs.unsl.edu.ar\\\/#\\\/schema\\\/logo\\\/image\\\/\"},\"sameAs\":[\"https:\\\/\\\/www.facebook.com\\\/FCEJS.UNSL\\\/\",\"https:\\\/\\\/x.com\\\/FCEJSUNSL\",\"https:\\\/\\\/www.instagram.com\\\/fcejs.unsl\\\/\",\"https:\\\/\\\/www.youtube.com\\\/channel\\\/UCH-Ut6EaN_X5ogjIQMPe46g\\\/\"]},{\"@type\":\"Person\",\"@id\":\"https:\\\/\\\/www.fcejs.unsl.edu.ar\\\/#\\\/schema\\\/person\\\/352ee6ed90c3f394c7cb5945f8956d34\",\"name\":\"DATI\"}]}<\/script>\n<!-- \/ Yoast SEO plugin. -->","yoast_head_json":{"title":"Capacitaci\u00f3n en la FCEJS: \u201cAutogesti\u00f3n y Bienestar Emocional\u201d para estudiantes egresables - Facultad de Ciencias Econ\u00f3micas, Jur\u00ed\u00addicas y Sociales","robots":{"index":"index","follow":"follow","max-snippet":"max-snippet:-1","max-image-preview":"max-image-preview:large","max-video-preview":"max-video-preview:-1"},"canonical":"https:\/\/www.fcejs.unsl.edu.ar\/index.php\/capacitacion-en-la-fcejs-autogestion-y-bienestar-emocional-para-estudiantes-egresables\/","og_locale":"es_ES","og_type":"article","og_title":"Capacitaci\u00f3n en la FCEJS: \u201cAutogesti\u00f3n y Bienestar Emocional\u201d para estudiantes egresables - Facultad de Ciencias Econ\u00f3micas, Jur\u00ed\u00addicas y Sociales","og_description":"En el marco del Programa Egresar, se desarroll\u00f3 en la FCEJS la capacitaci\u00f3n virtual \u201cAutogesti\u00f3n y Bienestar Emocional: herramientas clave para la terminalidad acad\u00e9mica\u201d, que&hellip;","og_url":"https:\/\/www.fcejs.unsl.edu.ar\/index.php\/capacitacion-en-la-fcejs-autogestion-y-bienestar-emocional-para-estudiantes-egresables\/","og_site_name":"Facultad de Ciencias Econ\u00f3micas, Jur\u00ed\u00addicas y Sociales","article_publisher":"https:\/\/www.facebook.com\/FCEJS.UNSL\/","article_published_time":"2025-09-18T14:00:41+00:00","article_modified_time":"2025-09-26T11:39:49+00:00","og_image":[{"width":1152,"height":647,"url":"https:\/\/www.fcejs.unsl.edu.ar\/wp-content\/uploads\/2025\/09\/Autogestion-y-Bienestar-Emocional-front.jpg","type":"image\/jpeg"}],"author":"DATI","twitter_card":"summary_large_image","twitter_creator":"@FCEJSUNSL","twitter_site":"@FCEJSUNSL","twitter_misc":{"Escrito por":"DATI","Tiempo de lectura":"3 minutos"},"schema":{"@context":"https:\/\/schema.org","@graph":[{"@type":"Article","@id":"https:\/\/www.fcejs.unsl.edu.ar\/index.php\/capacitacion-en-la-fcejs-autogestion-y-bienestar-emocional-para-estudiantes-egresables\/#article","isPartOf":{"@id":"https:\/\/www.fcejs.unsl.edu.ar\/index.php\/capacitacion-en-la-fcejs-autogestion-y-bienestar-emocional-para-estudiantes-egresables\/"},"author":{"name":"DATI","@id":"https:\/\/www.fcejs.unsl.edu.ar\/#\/schema\/person\/352ee6ed90c3f394c7cb5945f8956d34"},"headline":"Capacitaci\u00f3n en la FCEJS: \u201cAutogesti\u00f3n y Bienestar Emocional\u201d para estudiantes egresables","datePublished":"2025-09-18T14:00:41+00:00","dateModified":"2025-09-26T11:39:49+00:00","mainEntityOfPage":{"@id":"https:\/\/www.fcejs.unsl.edu.ar\/index.php\/capacitacion-en-la-fcejs-autogestion-y-bienestar-emocional-para-estudiantes-egresables\/"},"wordCount":493,"publisher":{"@id":"https:\/\/www.fcejs.unsl.edu.ar\/#organization"},"image":{"@id":"https:\/\/www.fcejs.unsl.edu.ar\/index.php\/capacitacion-en-la-fcejs-autogestion-y-bienestar-emocional-para-estudiantes-egresables\/#primaryimage"},"thumbnailUrl":"https:\/\/www.fcejs.unsl.edu.ar\/wp-content\/uploads\/2025\/09\/Autogestion-y-Bienestar-Emocional-front.jpg","articleSection":["Noticias"],"inLanguage":"es-AR"},{"@type":"WebPage","@id":"https:\/\/www.fcejs.unsl.edu.ar\/index.php\/capacitacion-en-la-fcejs-autogestion-y-bienestar-emocional-para-estudiantes-egresables\/","url":"https:\/\/www.fcejs.unsl.edu.ar\/index.php\/capacitacion-en-la-fcejs-autogestion-y-bienestar-emocional-para-estudiantes-egresables\/","name":"Capacitaci\u00f3n en la FCEJS: \u201cAutogesti\u00f3n y Bienestar Emocional\u201d para estudiantes egresables - Facultad de Ciencias Econ\u00f3micas, Jur\u00ed\u00addicas y Sociales","isPartOf":{"@id":"https:\/\/www.fcejs.unsl.edu.ar\/#website"},"primaryImageOfPage":{"@id":"https:\/\/www.fcejs.unsl.edu.ar\/index.php\/capacitacion-en-la-fcejs-autogestion-y-bienestar-emocional-para-estudiantes-egresables\/#primaryimage"},"image":{"@id":"https:\/\/www.fcejs.unsl.edu.ar\/index.php\/capacitacion-en-la-fcejs-autogestion-y-bienestar-emocional-para-estudiantes-egresables\/#primaryimage"},"thumbnailUrl":"https:\/\/www.fcejs.unsl.edu.ar\/wp-content\/uploads\/2025\/09\/Autogestion-y-Bienestar-Emocional-front.jpg","datePublished":"2025-09-18T14:00:41+00:00","dateModified":"2025-09-26T11:39:49+00:00","breadcrumb":{"@id":"https:\/\/www.fcejs.unsl.edu.ar\/index.php\/capacitacion-en-la-fcejs-autogestion-y-bienestar-emocional-para-estudiantes-egresables\/#breadcrumb"},"inLanguage":"es-AR","potentialAction":[{"@type":"ReadAction","target":["https:\/\/www.fcejs.unsl.edu.ar\/index.php\/capacitacion-en-la-fcejs-autogestion-y-bienestar-emocional-para-estudiantes-egresables\/"]}]},{"@type":"ImageObject","inLanguage":"es-AR","@id":"https:\/\/www.fcejs.unsl.edu.ar\/index.php\/capacitacion-en-la-fcejs-autogestion-y-bienestar-emocional-para-estudiantes-egresables\/#primaryimage","url":"https:\/\/www.fcejs.unsl.edu.ar\/wp-content\/uploads\/2025\/09\/Autogestion-y-Bienestar-Emocional-front.jpg","contentUrl":"https:\/\/www.fcejs.unsl.edu.ar\/wp-content\/uploads\/2025\/09\/Autogestion-y-Bienestar-Emocional-front.jpg","width":1152,"height":647},{"@type":"BreadcrumbList","@id":"https:\/\/www.fcejs.unsl.edu.ar\/index.php\/capacitacion-en-la-fcejs-autogestion-y-bienestar-emocional-para-estudiantes-egresables\/#breadcrumb","itemListElement":[{"@type":"ListItem","position":1,"name":"Inicio","item":"https:\/\/www.fcejs.unsl.edu.ar\/"},{"@type":"ListItem","position":2,"name":"Capacitaci\u00f3n en la FCEJS: \u201cAutogesti\u00f3n y Bienestar Emocional\u201d para estudiantes egresables"}]},{"@type":"WebSite","@id":"https:\/\/www.fcejs.unsl.edu.ar\/#website","url":"https:\/\/www.fcejs.unsl.edu.ar\/","name":"Facultad de Ciencias Econ\u00f3micas, Jur\u00ed\u00addicas y Sociales","description":"","publisher":{"@id":"https:\/\/www.fcejs.unsl.edu.ar\/#organization"},"potentialAction":[{"@type":"SearchAction","target":{"@type":"EntryPoint","urlTemplate":"https:\/\/www.fcejs.unsl.edu.ar\/?s={search_term_string}"},"query-input":{"@type":"PropertyValueSpecification","valueRequired":true,"valueName":"search_term_string"}}],"inLanguage":"es-AR"},{"@type":"Organization","@id":"https:\/\/www.fcejs.unsl.edu.ar\/#organization","name":"Facultad de Ciencias Econ\u00f3micas, Jur\u00eddicas y Sociales","url":"https:\/\/www.fcejs.unsl.edu.ar\/","logo":{"@type":"ImageObject","inLanguage":"es-AR","@id":"https:\/\/www.fcejs.unsl.edu.ar\/#\/schema\/logo\/image\/","url":"https:\/\/www.fcejs.unsl.edu.ar\/wp-content\/uploads\/2021\/03\/logo-1.jpg","contentUrl":"https:\/\/www.fcejs.unsl.edu.ar\/wp-content\/uploads\/2021\/03\/logo-1.jpg","width":471,"height":146,"caption":"Facultad de Ciencias Econ\u00f3micas, Jur\u00eddicas y Sociales"},"image":{"@id":"https:\/\/www.fcejs.unsl.edu.ar\/#\/schema\/logo\/image\/"},"sameAs":["https:\/\/www.facebook.com\/FCEJS.UNSL\/","https:\/\/x.com\/FCEJSUNSL","https:\/\/www.instagram.com\/fcejs.unsl\/","https:\/\/www.youtube.com\/channel\/UCH-Ut6EaN_X5ogjIQMPe46g\/"]},{"@type":"Person","@id":"https:\/\/www.fcejs.unsl.edu.ar\/#\/schema\/person\/352ee6ed90c3f394c7cb5945f8956d34","name":"DATI"}]}},"jetpack_featured_media_url":"https:\/\/www.fcejs.unsl.edu.ar\/wp-content\/uploads\/2025\/09\/Autogestion-y-Bienestar-Emocional-front.jpg","_links":{"self":[{"href":"https:\/\/www.fcejs.unsl.edu.ar\/index.php\/wp-json\/wp\/v2\/posts\/21637","targetHints":{"allow":["GET"]}}],"collection":[{"href":"https:\/\/www.fcejs.unsl.edu.ar\/index.php\/wp-json\/wp\/v2\/posts"}],"about":[{"href":"https:\/\/www.fcejs.unsl.edu.ar\/index.php\/wp-json\/wp\/v2\/types\/post"}],"author":[{"embeddable":true,"href":"https:\/\/www.fcejs.unsl.edu.ar\/index.php\/wp-json\/wp\/v2\/users\/9"}],"replies":[{"embeddable":true,"href":"https:\/\/www.fcejs.unsl.edu.ar\/index.php\/wp-json\/wp\/v2\/comments?post=21637"}],"version-history":[{"count":3,"href":"https:\/\/www.fcejs.unsl.edu.ar\/index.php\/wp-json\/wp\/v2\/posts\/21637\/revisions"}],"predecessor-version":[{"id":21640,"href":"https:\/\/www.fcejs.unsl.edu.ar\/index.php\/wp-json\/wp\/v2\/posts\/21637\/revisions\/21640"}],"wp:featuredmedia":[{"embeddable":true,"href":"https:\/\/www.fcejs.unsl.edu.ar\/index.php\/wp-json\/wp\/v2\/media\/21639"}],"wp:attachment":[{"href":"https:\/\/www.fcejs.unsl.edu.ar\/index.php\/wp-json\/wp\/v2\/media?parent=21637"}],"wp:term":[{"taxonomy":"category","embeddable":true,"href":"https:\/\/www.fcejs.unsl.edu.ar\/index.php\/wp-json\/wp\/v2\/categories?post=21637"},{"taxonomy":"post_tag","embeddable":true,"href":"https:\/\/www.fcejs.unsl.edu.ar\/index.php\/wp-json\/wp\/v2\/tags?post=21637"}],"curies":[{"name":"wp","href":"https:\/\/api.w.org\/{rel}","templated":true}]}}